{"id":56316,"date":"2021-06-29T11:55:44","date_gmt":"2021-06-29T14:55:44","guid":{"rendered":"https:\/\/rioonwatch.org.br\/?p=56316"},"modified":"2022-01-21T14:17:56","modified_gmt":"2022-01-21T17:17:56","slug":"pesquisa-revela-percepcao-dos-moradores-sobre-servico-de-energia-e-eficiencia-energetica-na-mare","status":"publish","type":"post","link":"https:\/\/rioonwatch.org.br\/?p=56316","title":{"rendered":"Pesquisa Revela Percep\u00e7\u00e3o dos Moradores sobre Servi\u00e7o de Energia e Efici\u00eancia Energ\u00e9tica, na Mar\u00e9"},"content":{"rendered":"<p style=\"text-align: right;\"><em><strong><a href=\"https:\/\/bit.ly\/3xwhdFL\" target=\"_blank\" rel=\"noopener noreferrer\">Click Here for English<\/a><a href=\"https:\/\/bit.ly\/3xwhdFL\" target=\"_blank\" rel=\"noopener noreferrer\"><img decoding=\"async\" class=\"alignright wp-image-15790\" src=\"http:\/\/rioonwatch.org.br\/wp-content\/uploads\/2012\/08\/EN-standard-e1439583104716.jpg\" alt=\"\" width=\"20\" height=\"20\" \/><\/a><\/strong><\/em><\/p>\n<p><em>Esta pesquisa\u00a0<\/em><em>faz parte de uma\u00a0<a href=\"http:\/\/bit.ly\/JusticaEnergeticaNasFavelas\" target=\"_blank\" rel=\"noopener\">s\u00e9rie sobre justi\u00e7a e efici\u00eancia energ\u00e9tica nas favelas<\/a> do Rio.\u00a0<\/em><\/p>\n<p><span style=\"font-weight: 400;\">Qual a percep\u00e7\u00e3o do morador da <a href=\"http:\/\/bit.ly\/2K1s59x\" target=\"_blank\" rel=\"noopener\">Mar\u00e9<\/a> sobre o servi\u00e7o de energia prestado no territ\u00f3rio? Este questionamento norteou uma pesquisa realizada nas 16 comunidades que integram o Complexo da Mar\u00e9, <a href=\"http:\/\/bit.ly\/2ETpYR1\" target=\"_blank\" rel=\"noopener\">Zona Norte<\/a>, que ouviu cerca de 400 moradores. O objetivo do estudo \u00e9 compreender como as atuais instala\u00e7\u00f5es e servi\u00e7os prestados pela companhia de energia, <a href=\"https:\/\/rioonwatch.org.br\/?p=55819\" target=\"_blank\" rel=\"noopener\">Light<\/a>, afetam o cotidiano dos moradores. Al\u00e9m disso, tamb\u00e9m foi pesquisado se os mareenses possuem acesso a informa\u00e7\u00f5es que lhe permitam estar atento ao car\u00e1ter finito dos recursos energ\u00e9ticos que levam a eletricidade at\u00e9 sua casa.\u00a0<\/span><\/p>\n<p><span style=\"font-weight: 400;\">Desde os anos 1990, a Mar\u00e9 se configura como um dos territ\u00f3rios mais populosos da cidade do Rio. Os dados do <a href=\"http:\/\/bit.ly\/2F3kfbq\" target=\"_blank\" rel=\"noopener\">IBGE<\/a>, captados em 2010, mostram que <a href=\"https:\/\/glo.bo\/3hj4z6r\" target=\"_blank\" rel=\"noopener\">cerca de 129.700<\/a> pessoas viviam nas 16 comunidades que integram o conjunto de favelas. Tr\u00eas anos mais tarde, entre 2012 e 2013, outro levantamento produzido pela ONG <a href=\"http:\/\/bit.ly\/2XBdKrx\" target=\"_blank\" rel=\"noopener\">Redes da Mar\u00e9<\/a> <\/span><span style=\"font-weight: 400;\">registrou <\/span><a href=\"https:\/\/bit.ly\/3fm7FXz\"><span style=\"font-weight: 400;\">139.073 habitantes no territ\u00f3rio<\/span><\/a><span style=\"font-weight: 400;\">, em 47.758 casas. Segundo o <a href=\"https:\/\/bit.ly\/3fm7FXz\" target=\"_blank\" rel=\"noopener\">Censo Populacional da Mar\u00e9<\/a>, realizado 2019, a taxa de ocupa\u00e7\u00e3o por resid\u00eancia nas favelas da Mar\u00e9 era de 2,91, ou seja, quase tr\u00eas pessoas por moradia.\u00a0<\/span><\/p>\n<p><a href=\"https:\/\/rioonwatch.org.br\/wp-content\/uploads\/2021\/06\/Complexo-da-Mare-Foto.jpg\"><img fetchpriority=\"high\" decoding=\"async\" class=\"aligncenter wp-image-56433 size-medium\" title=\"Complexo da Mar\u00e9. Foto: hypeness.com.br\" src=\"https:\/\/rioonwatch.org.br\/wp-content\/uploads\/2021\/06\/Complexo-da-Mare-Foto-620x402.jpg\" alt=\"\" width=\"620\" height=\"402\" srcset=\"https:\/\/rioonwatch.org.br\/wp-content\/uploads\/2021\/06\/Complexo-da-Mare-Foto-620x402.jpg 620w, https:\/\/rioonwatch.org.br\/wp-content\/uploads\/2021\/06\/Complexo-da-Mare-Foto-407x264.jpg 407w, https:\/\/rioonwatch.org.br\/wp-content\/uploads\/2021\/06\/Complexo-da-Mare-Foto.jpg 628w\" sizes=\"(max-width: 620px) 100vw, 620px\" \/><\/a><\/p>\n<p><span style=\"font-weight: 400;\">A partir disso, um levantamento realizado de fevereiro a abril deste ano, considerou a proporcionalidade populacional de cada um dos 16 territ\u00f3rios compreendidos na Mar\u00e9. Os moradores foram convidados a responder um question\u00e1rio virtual, com perguntas direcionadas ao perfil de seu consumo e \u00e0 avalia\u00e7\u00e3o do servi\u00e7o de energia prestado, al\u00e9m das informa\u00e7\u00f5es de identifica\u00e7\u00e3o dos respondentes. Nesta etapa virtual, 2000 moradores receberam o formul\u00e1rio por WhatsApp, dos quais apenas 289 responderam a todas as onze quest\u00f5es. Com esse resultado, uma nova estrat\u00e9gia de levantamento das informa\u00e7\u00f5es foi colocada em pr\u00e1tica: a abordagem presencial aos moradores no pr\u00f3prio territ\u00f3rio.\u00a0<\/span><\/p>\n<p><span style=\"font-weight: 400;\">A fase presencial deste levantamento foi realizada de acordo com os protocolos sanit\u00e1rios de seguran\u00e7a da pandemia de <a href=\"https:\/\/bit.ly\/2QZjDJI\" target=\"_blank\" rel=\"noopener\">Covid-19<\/a>. Os question\u00e1rios aplicados foram preenchidos de forma virtual pelo pr\u00f3prio pesquisador, evitando a troca de objeto entre os envolvidos. Contudo, a abordagem de um estranho somado ao uso de m\u00e1scara foram fatores que dificultaram a ader\u00eancia dos moradores que, por vezes, demonstraram desconfian\u00e7a em fornecer as informa\u00e7\u00f5es, especialmente os dados pessoais que validam as entrevistas. Somados os question\u00e1rios, aplicados por meio virtual e presencial, o levantamento obteve 426 respostas, das quais 400 foram validadas de acordo com a proporcionalidade populacional de cada uma das 16 comunidades, como demonstra o gr\u00e1fico abaixo. O percurso metodol\u00f3gico adotado neste levantamento pode ser acessado <\/span><span style=\"font-weight: 400;\"><a href=\"https:\/\/bit.ly\/3desKSh\" target=\"_blank\" rel=\"noopener\">aqui<\/a>.<\/span><\/p>\n<p><a href=\"https:\/\/rioonwatch.org.br\/wp-content\/uploads\/2021\/06\/Complexo-da-Mare-tabela.png\"><img decoding=\"async\" class=\"aligncenter wp-image-56406 size-medium\" src=\"https:\/\/rioonwatch.org.br\/wp-content\/uploads\/2021\/06\/Complexo-da-Mare-tabela-620x360.png\" alt=\"\" width=\"620\" height=\"360\" srcset=\"https:\/\/rioonwatch.org.br\/wp-content\/uploads\/2021\/06\/Complexo-da-Mare-tabela-620x360.png 620w, https:\/\/rioonwatch.org.br\/wp-content\/uploads\/2021\/06\/Complexo-da-Mare-tabela-454x264.png 454w, https:\/\/rioonwatch.org.br\/wp-content\/uploads\/2021\/06\/Complexo-da-Mare-tabela-768x446.png 768w, https:\/\/rioonwatch.org.br\/wp-content\/uploads\/2021\/06\/Complexo-da-Mare-tabela.png 819w\" sizes=\"(max-width: 620px) 100vw, 620px\" \/><\/a><\/p>\n<h3><b>Percep\u00e7\u00e3o dos Moradores Sobre a Seguran\u00e7a da Rede\u00a0<\/b><\/h3>\n<p><span style=\"font-weight: 400;\">Historicamente, <\/span><span style=\"font-weight: 400;\">as favelas enfrentam uma s\u00e9rie de problemas com o <a href=\"https:\/\/bit.ly\/2WYihBC\" target=\"_blank\" rel=\"noopener\">fornecimento de energia el\u00e9trica<\/a><\/span><span style=\"font-weight: 400;\">. A qualidade do servi\u00e7o prestado afeta a vida de milhares de pessoas que residem nesses territ\u00f3rios e que precisam conviver, de forma rotineira, <a href=\"https:\/\/bit.ly\/3u08FFn\" target=\"_blank\" rel=\"noopener\">com quedas de energia<\/a><\/span><span style=\"font-weight: 400;\">\u00a0e com a <a href=\"https:\/\/bit.ly\/2MB78VD\" target=\"_blank\" rel=\"noopener\">falta de seguran\u00e7a<\/a> na rede de distribui\u00e7\u00e3o. Para pouco mais de 69% dos moradores da Mar\u00e9 entrevistados nesta pesquisa, as instala\u00e7\u00f5es el\u00e9tricas da rua onde moram n\u00e3o s\u00e3o seguras. A percep\u00e7\u00e3o sobre a rede s\u00f3 \u00e9 positiva para pouco mais de 21% dos entrevistados. Isto significa que a cada dez moradores ouvidos, apenas dois se sentem seguros com a rede de distribui\u00e7\u00e3o que atende sua resid\u00eancia. Postes ca\u00eddos sobre casas, fios de eletricidade pendurados e at\u00e9 quarteir\u00f5es inteiros sem energia foram algumas das observa\u00e7\u00f5es compartilhadas pelos entrevistados.<\/span><\/p>\n<p><span style=\"font-weight: 400;\">Os acidentes causados por falhas no sistema de energia el\u00e9trica tamb\u00e9m geram preocupa\u00e7\u00e3o para quem vive nas favelas. Pouco mais da metade dos moradores ouvidos\u201452,6%\u2014afirma conhecer, ao menos, um caso de inc\u00eandio provocado por problemas na rede el\u00e9trica no Complexo da Mar\u00e9 nos \u00faltimos dez anos. Um dos epis\u00f3dios mencionados pelos entrevistados ocorreu em novembro de 2020 na <a href=\"http:\/\/bit.ly\/2FMTjwP\" target=\"_blank\" rel=\"noopener\">Vila do Jo\u00e3o<\/a>, <\/span><a href=\"https:\/\/bit.ly\/3feFOIu\" target=\"_blank\" rel=\"noopener\"><span style=\"font-weight: 400;\">quando uma casa pegou fogo<\/span><\/a><span style=\"font-weight: 400;\">. Incidentes como esse tornam-se mais comuns no ver\u00e3o, com a chegada das altas temperaturas e o aumento no uso de ventiladores e ar condicionados, o que sobrecarrega as instala\u00e7\u00f5es el\u00e9tricas dentro e fora das resid\u00eancias.\u00a0<\/span><\/p>\n<p><a href=\"https:\/\/rioonwatch.org.br\/wp-content\/uploads\/2021\/06\/Infografico-1-Energia-na-Mare.png\"><img loading=\"lazy\" decoding=\"async\" class=\"aligncenter wp-image-56407 size-medium\" src=\"https:\/\/rioonwatch.org.br\/wp-content\/uploads\/2021\/06\/Infografico-1-Energia-na-Mare-620x397.png\" alt=\"\" width=\"620\" height=\"397\" srcset=\"https:\/\/rioonwatch.org.br\/wp-content\/uploads\/2021\/06\/Infografico-1-Energia-na-Mare-620x397.png 620w, https:\/\/rioonwatch.org.br\/wp-content\/uploads\/2021\/06\/Infografico-1-Energia-na-Mare-412x264.png 412w, https:\/\/rioonwatch.org.br\/wp-content\/uploads\/2021\/06\/Infografico-1-Energia-na-Mare-768x492.png 768w, https:\/\/rioonwatch.org.br\/wp-content\/uploads\/2021\/06\/Infografico-1-Energia-na-Mare.png 1024w\" sizes=\"(max-width: 620px) 100vw, 620px\" \/><\/a><\/p>\n<p><span style=\"font-weight: 400;\">Outro problema frequente relatado pelos moradores da Mar\u00e9 s\u00e3o <a href=\"https:\/\/bit.ly\/3pi6c79\" target=\"_blank\" rel=\"noopener\">as quedas de energia<\/a>, apontadas por eles como a causa principal da queima de eletrodom\u00e9sticos e aparelhos eletr\u00f4nicos. As falhas no fornecimento podem causar a falta de luz permanente por um determinado per\u00edodo ou oscila\u00e7\u00f5es frequentes, provocando o pisca-pisca de l\u00e2mpadas e aparelhos dom\u00e9sticos. Entre os entrevistados neste levantamento, quase metade\u2014ou 48,5%\u2014relatou j\u00e1 ter perdido algum eletrodom\u00e9stico em decorr\u00eancia de problemas el\u00e9tricos. Um percentual semelhante de moradores\u201448%\u2014no entanto, contou nunca ter tido preju\u00edzos com a perda de aparelhos por conta das quedas de energia.\u00a0<\/span><\/p>\n<p><a href=\"https:\/\/rioonwatch.org.br\/wp-content\/uploads\/2021\/06\/Infografico-2-Energia-na-Mare.png\"><img loading=\"lazy\" decoding=\"async\" class=\"aligncenter wp-image-56408 size-medium\" src=\"https:\/\/rioonwatch.org.br\/wp-content\/uploads\/2021\/06\/Infografico-2-Energia-na-Mare-620x203.png\" alt=\"\" width=\"620\" height=\"203\" srcset=\"https:\/\/rioonwatch.org.br\/wp-content\/uploads\/2021\/06\/Infografico-2-Energia-na-Mare-620x203.png 620w, https:\/\/rioonwatch.org.br\/wp-content\/uploads\/2021\/06\/Infografico-2-Energia-na-Mare-768x251.png 768w, https:\/\/rioonwatch.org.br\/wp-content\/uploads\/2021\/06\/Infografico-2-Energia-na-Mare.png 1024w\" sizes=\"(max-width: 620px) 100vw, 620px\" \/><\/a><\/p>\n<h3><b>Consumo Consciente: O que Pensa o Morador?\u00a0<\/b><\/h3>\n<p><span style=\"font-weight: 400;\">Para a maior parte dos moradores da Mar\u00e9 ouvidos neste levantamento, economizar energia \u00e9 algo fundamental. Apenas 4% dos entrevistados disseram n\u00e3o considerar importante ou n\u00e3o ter uma opini\u00e3o formada sobre o tema. A percep\u00e7\u00e3o sobre a necessidade de reduzir o consumo de energia est\u00e1 ligada \u00e0 necessidade de economizar com a conta de luz, que historicamente <a href=\"https:\/\/bit.ly\/3dC1xrK\" target=\"_blank\" rel=\"noopener\">impacta o or\u00e7amento das fam\u00edlias perif\u00e9ricas<\/a>. O Brasil tem tarifas de energia muito caras, em compara\u00e7\u00e3o a <\/span><a href=\"https:\/\/bit.ly\/3bUkh5P\" target=\"_blank\" rel=\"noopener\"><span style=\"font-weight: 400;\">outros pa\u00edses<\/span><\/a><span style=\"font-weight: 400;\">,<\/span><span style=\"font-weight: 400;\"> e quem vive na Mar\u00e9, e n\u00e3o est\u00e1 inclu\u00eddo no <\/span><a href=\"https:\/\/bit.ly\/3o3msIi\" target=\"_blank\" rel=\"noopener\"><span style=\"font-weight: 400;\">programa Tarifa Social<\/span><\/a><span style=\"font-weight: 400;\">, paga o <a href=\"https:\/\/bit.ly\/3aZrHou\" target=\"_blank\" rel=\"noopener\">mesmo pre\u00e7o cobrado no asfalto<\/a>, entre fam\u00edlias de classe m\u00e9dia e alta.\u00a0<\/span><\/p>\n<p><span style=\"font-weight: 400;\">A redu\u00e7\u00e3o no valor da conta n\u00e3o \u00e9, por\u00e9m, o \u00fanico motivo por tr\u00e1s da percep\u00e7\u00e3o consciente sobre a necessidade de economizar energia. Atenuar os preju\u00edzos ambientais tamb\u00e9m aparece entre as motiva\u00e7\u00f5es dos entrevistados. Seis a cada dez moradores\u2014<\/span><span style=\"font-weight: 400;\">ou 59,4%\u2014afirmaram que <a href=\"https:\/\/bit.ly\/2P6Xuf7\" target=\"_blank\" rel=\"noopener\">gostariam de aprender pr\u00e1ticas e t\u00e9cnicas<\/a> que lhes ensinassem a reduzir o consumo de luz. Outros 12% disseram que talvez poderiam ter interesse. Isto significa que pouco mais de 70% dos entrevistados t\u00eam, em algum grau, vontade de aprender mais sobre o tema.\u00a0<\/span><\/p>\n<p><a href=\"https:\/\/rioonwatch.org.br\/wp-content\/uploads\/2021\/06\/Infografico-3-Enegia-na-Mare.png\"><img loading=\"lazy\" decoding=\"async\" class=\"aligncenter size-medium wp-image-56409\" src=\"https:\/\/rioonwatch.org.br\/wp-content\/uploads\/2021\/06\/Infografico-3-Enegia-na-Mare-620x384.png\" alt=\"\" width=\"620\" height=\"384\" srcset=\"https:\/\/rioonwatch.org.br\/wp-content\/uploads\/2021\/06\/Infografico-3-Enegia-na-Mare-620x384.png 620w, https:\/\/rioonwatch.org.br\/wp-content\/uploads\/2021\/06\/Infografico-3-Enegia-na-Mare-426x264.png 426w, https:\/\/rioonwatch.org.br\/wp-content\/uploads\/2021\/06\/Infografico-3-Enegia-na-Mare-768x476.png 768w, https:\/\/rioonwatch.org.br\/wp-content\/uploads\/2021\/06\/Infografico-3-Enegia-na-Mare.png 1024w\" sizes=\"(max-width: 620px) 100vw, 620px\" \/><\/a><\/p>\n<p><span style=\"font-weight: 400;\">Informa\u00e7\u00f5es educativas sobre como economizar energia ou sobre os impactos do gasto energ\u00e9tico no meio ambiente <a href=\"https:\/\/bit.ly\/3bHe3qq\" target=\"_blank\" rel=\"noopener\">n\u00e3o est\u00e3o acess\u00edveis<\/a> para 43,2% dos entrevistados no levantamento. Dentre aqueles que responderam j\u00e1 ter tido acesso a esse tipo de conte\u00fado, a maioria, isto \u00e9 20,9%, indicaram a TV como fonte dessas informa\u00e7\u00f5es. Esse apontamento sugere que campanhas publicit\u00e1rias e reportagens exibidas em telejornais possam ser respons\u00e1veis por boa parte das informa\u00e7\u00f5es sobre economia de energia acessadas pelos moradores da Mar\u00e9. No entanto, n\u00e3o foi poss\u00edvel verificar o grau de efici\u00eancia dessas campanhas no comportamento dos consumidores.\u00a0<\/span><\/p>\n<p><span style=\"font-weight: 400;\">A escola aparece como a segunda fonte de informa\u00e7\u00e3o sobre consumo consciente de energia, com 15,4%, seguido da internet, com 10,9%, e de ONGs, indicadas por 5,2% dos entrevistados. A Mar\u00e9 possui <\/span><a href=\"https:\/\/bit.ly\/2Xy6eLx\" target=\"_blank\" rel=\"noopener\"><span style=\"font-weight: 400;\">diversas institui\u00e7\u00f5es<\/span><\/a><span style=\"font-weight: 400;\"> que desenvolvem projetos socioambientais<\/span><span style=\"font-weight: 400;\"> e que atuam com campanhas educativas e informativas sobre o tema. A partir do nosso levantamento, n\u00e3o localizamos nenhuma que tenha atua\u00e7\u00e3o centrada na pauta de <a href=\"https:\/\/bit.ly\/3bHe3qq\" target=\"_blank\" rel=\"noopener\">efici\u00eancia energ\u00e9tica e consumo consciente<\/a>, por\u00e9m o tema acaba sendo abordado, de forma indireta, <\/span><span style=\"font-weight: 400;\">por meio do <\/span><a href=\"http:\/\/bit.ly\/2WG60ko\" target=\"_blank\" rel=\"noopener\"><span style=\"font-weight: 400;\">trabalho desenvolvido por esses projetos<\/span><\/a><span style=\"font-weight: 400;\">.\u00a0<\/span><\/p>\n<p><a href=\"https:\/\/rioonwatch.org.br\/wp-content\/uploads\/2021\/06\/Infografico-4-Energia-na-Mare.png\"><img loading=\"lazy\" decoding=\"async\" class=\"aligncenter size-medium wp-image-56410\" src=\"https:\/\/rioonwatch.org.br\/wp-content\/uploads\/2021\/06\/Infografico-4-Energia-na-Mare-620x386.png\" alt=\"\" width=\"620\" height=\"386\" srcset=\"https:\/\/rioonwatch.org.br\/wp-content\/uploads\/2021\/06\/Infografico-4-Energia-na-Mare-620x386.png 620w, https:\/\/rioonwatch.org.br\/wp-content\/uploads\/2021\/06\/Infografico-4-Energia-na-Mare-424x264.png 424w, https:\/\/rioonwatch.org.br\/wp-content\/uploads\/2021\/06\/Infografico-4-Energia-na-Mare-768x479.png 768w, https:\/\/rioonwatch.org.br\/wp-content\/uploads\/2021\/06\/Infografico-4-Energia-na-Mare.png 1024w\" sizes=\"(max-width: 620px) 100vw, 620px\" \/><\/a><\/p>\n<p><span style=\"font-weight: 400;\">A partir de uma perspectiva explorat\u00f3ria (isto \u00e9, ir a campo a fim de descobrir coisas novas), perguntamos, tamb\u00e9m, aos nossos entrevistados se eles conheciam alguma institui\u00e7\u00e3o que fazia uso de aparelhos ou t\u00e9cnicas para tentar economizar energia el\u00e9trica. Cerca de 90% dos respondentes afirmaram n\u00e3o conhecer, enquanto outros 6,4% disseram talvez conhecer, mas n\u00e3o tinham certeza. Apenas 3,1% contaram conhecer iniciativas com esse objetivo.\u00a0<\/span><\/p>\n<p><a href=\"https:\/\/rioonwatch.org.br\/wp-content\/uploads\/2021\/06\/Infografico-5-Energia-na-Mare.png\"><img loading=\"lazy\" decoding=\"async\" class=\"aligncenter size-medium wp-image-56411\" src=\"https:\/\/rioonwatch.org.br\/wp-content\/uploads\/2021\/06\/Infografico-5-Energia-na-Mare-620x240.png\" alt=\"\" width=\"620\" height=\"240\" srcset=\"https:\/\/rioonwatch.org.br\/wp-content\/uploads\/2021\/06\/Infografico-5-Energia-na-Mare-620x240.png 620w, https:\/\/rioonwatch.org.br\/wp-content\/uploads\/2021\/06\/Infografico-5-Energia-na-Mare-768x297.png 768w, https:\/\/rioonwatch.org.br\/wp-content\/uploads\/2021\/06\/Infografico-5-Energia-na-Mare.png 1024w\" sizes=\"(max-width: 620px) 100vw, 620px\" \/><\/a><\/p>\n<h3><b>As Vozes Ouvidas Nessa Pesquisa<\/b><\/h3>\n<p><span style=\"font-weight: 400;\">Neste levantamento foram ouvidos moradores de todas as 16 comunidades que integram o Complexo da Mar\u00e9. As localidades com o maior n\u00famero de entrevistados s\u00e3o, tamb\u00e9m, os territ\u00f3rios mais populosos. Dessa forma, as comunidades <a href=\"http:\/\/bit.ly\/329sBby\" target=\"_blank\" rel=\"noopener\">Parque Uni\u00e3o<\/a>, <a href=\"http:\/\/bit.ly\/2XkWQsj\" target=\"_blank\" rel=\"noopener\">Vila do Pinheiro<\/a> e <a href=\"http:\/\/bit.ly\/2LMcg6I\" target=\"_blank\" rel=\"noopener\">Nova Holanda<\/a>, que s\u00e3o as mais populosas, foram as que tiveram, consequentemente, a maior participa\u00e7\u00e3o na pesquisa com o preenchimento de 60, 45 e 40 question\u00e1rios, respectivamente. J\u00e1 os territ\u00f3rios conhecidos como Conjunto Bento Ribeiro Dantas, <a href=\"https:\/\/bit.ly\/3xWzPOW\" target=\"_blank\" rel=\"noopener\">Praia de Ramos<\/a> e Nova Mar\u00e9, que possuem um n\u00famero menor de moradores, tamb\u00e9m tiveram um n\u00famero menor de respostas, apresentando 10, 10 e 9 entrevistados, respectivamente.\u00a0\u00a0\u00a0<\/span><\/p>\n<p><span style=\"font-weight: 400;\">A maior parte dos moradores ouvidos, isto \u00e9 59,2%, s\u00e3o mulheres, enquanto homens representam 40,8% dos respondentes. Os participantes t\u00eam entre 16 e 69 anos. A participa\u00e7\u00e3o de menores de idade se d\u00e1 em raz\u00e3o da configura\u00e7\u00e3o socioecon\u00f4mica das fam\u00edlias na Mar\u00e9, os menores respondentes se apresentam como chefes de fam\u00edlia. Os participantes entre 16 e 29 anos representam 28,9% do total. Outros 26,3% t\u00eam entre 30 e 39 anos; 25,4% entre 40 e 49 anos; 14,9% entre 50 e 59 anos; E, por fim, 4,2% entre 60 e 69 anos.\u00a0<\/span><\/p>\n<p><em>Sobre o autor: <span style=\"font-weight: 400;\"><a href=\"https:\/\/bit.ly\/3qnGWxy\" target=\"_blank\" rel=\"noopener\">Louren\u00e7o Cezar da Silva<\/a>, morador da Mar\u00e9, \u00e9 formado em Geografia e Meio Ambiente pela <a href=\"http:\/\/bit.ly\/2kb6iAY\" target=\"_blank\" rel=\"noopener\">PUC<\/a>-Rio e Mestre em Educa\u00e7\u00e3o pela <a href=\"http:\/\/bit.ly\/2XQ3Rma\" target=\"_blank\" rel=\"noopener\">UFRJ<\/a>.<\/span><\/em><\/p>\n<p><em>Sobre o artista: <a href=\"https:\/\/bit.ly\/35RVM5T\" target=\"_blank\" rel=\"noopener\">Rodrigo C\u00e2ndido<\/a> \u00e9 ilustrador e quadrinista, cujo foco \u00e9 colocar gente preta em todas as narrativas imagin\u00e1veis. Seu trabalho tem influ\u00eancias de afrofuturismo, games, m\u00fasica, e a hist\u00f3ria de grandes negros e negras que moldaram a humanidade.<\/em><\/p>\n<p><em>Esta pesquisa\u00a0<\/em><em>faz parte de uma\u00a0<a href=\"http:\/\/bit.ly\/JusticaEnergeticaNasFavelas\" target=\"_blank\" rel=\"noopener\">s\u00e9rie sobre justi\u00e7a e efici\u00eancia energ\u00e9tica nas favelas<\/a> do Rio.<\/em><\/p>\n<hr \/>\n<h4><b data-stringify-type=\"bold\">Apoie nossos esfor\u00e7os para fornecer apoio estrat\u00e9gico \u00e0s favelas do Rio, incluindo o jornalismo hiperlocal, cr\u00edtico, inovador e incans\u00e1vel do\u00a0<\/b><b data-stringify-type=\"bold\"><i data-stringify-type=\"italic\">RioOnWatch<\/i><\/b>\u2014<a class=\"c-link\" href=\"http:\/\/www.bit.ly\/ApoieROW\" target=\"_blank\" rel=\"noopener noreferrer\" data-stringify-link=\"http:\/\/www.bit.ly\/ApoieROW\" data-sk=\"tooltip_parent\">doe aqui<\/a>.<\/h4>\n<!-- AddThis Advanced Settings generic via filter on the_content --><!-- AddThis Share Buttons generic via filter on the_content -->","protected":false},"excerpt":{"rendered":"<div class=\"mh-excerpt\"><p>Click Here for English Esta pesquisa\u00a0faz parte de uma\u00a0s\u00e9rie sobre justi\u00e7a e efici\u00eancia energ\u00e9tica nas favelas do Rio.\u00a0 Qual a percep\u00e7\u00e3o do morador da Mar\u00e9 sobre o servi\u00e7o de energia prestado no territ\u00f3rio? Este questionamento <a class=\"mh-excerpt-more\" href=\"https:\/\/rioonwatch.org.br\/?p=56316\" title=\"Pesquisa Revela Percep\u00e7\u00e3o dos Moradores sobre Servi\u00e7o de Energia e Efici\u00eancia Energ\u00e9tica, na Mar\u00e9\">[&#8230;]<\/a><!-- AddThis Advanced Settings generic via filter on get_the_excerpt --><!-- AddThis Share Buttons generic via filter on get_the_excerpt --><\/p>\n<\/div>","protected":false},"author":129,"featured_media":56402,"comment_status":"closed","ping_status":"closed","sticky":false,"template":"","format":"standard","meta":{"_acf_changed":false,"_monsterinsights_skip_tracking":false,"_monsterinsights_sitenote_active":false,"_monsterinsights_sitenote_note":"","_monsterinsights_sitenote_category":0,"footnotes":""},"categories":[2753,1621,1632,1631,1625],"tags":[1006,894,2071,332,2748,2214,3021,561,2344,635,350,1077,349,588,1079,1107,2289,2970,1081,1311,218],"writer":[2242],"translator":[],"source":[],"ilustrador":[],"fotografo":[],"class_list":{"0":"post-56316","1":"post","2":"type-post","3":"status-publish","4":"format-standard","5":"has-post-thumbnail","7":"category-covid19nasfavelas","8":"category-destaque","9":"category-pesquisa-e-analise","10":"category-entendendo-o-rio","11":"category-por-correspondentes-comunitarios","12":"tag-asfalto-x-favela","13":"tag-baixa-qualidade-dos-servicos","14":"tag-censo","15":"tag-complexo-da-mare","16":"tag-coronavirus","17":"tag-dados","18":"tag-eficiencia-energetica","19":"tag-eletricidade","20":"tag-ibge","21":"tag-light","22":"tag-nova-holanda","23":"tag-parque-roquette-pinto","24":"tag-parque-uniao","25":"tag-pesquisa","26":"tag-praia-de-ramos","27":"tag-redes-da-mare","28":"tag-serie","29":"tag-serie-justica-energetica","30":"tag-vila-do-joao","31":"tag-vila-do-pinheiro","32":"tag-zona-norte","33":"writer-lourenco-cezar"},"acf":[],"yoast_head":"<!-- This site is optimized with the Yoast SEO plugin v25.6 - https:\/\/yoast.com\/wordpress\/plugins\/seo\/ -->\n<title>Pesquisa Revela Percep\u00e7\u00e3o dos Moradores sobre Servi\u00e7o de Energia e Efici\u00eancia Energ\u00e9tica, na Mar\u00e9 - RioOnWatch<\/title>\n<meta name=\"robots\" content=\"index, follow, max-snippet:-1, max-image-preview:large, max-video-preview:-1\" \/>\n<link rel=\"canonical\" href=\"https:\/\/rioonwatch.org.br\/?p=56316\" \/>\n<meta property=\"og:locale\" content=\"pt_BR\" \/>\n<meta property=\"og:type\" content=\"article\" \/>\n<meta property=\"og:title\" content=\"Pesquisa Revela Percep\u00e7\u00e3o dos Moradores sobre Servi\u00e7o de Energia e Efici\u00eancia Energ\u00e9tica, na Mar\u00e9 - RioOnWatch\" \/>\n<meta property=\"og:description\" content=\"Click Here for English Esta pesquisa\u00a0faz parte de uma\u00a0s\u00e9rie sobre justi\u00e7a e efici\u00eancia energ\u00e9tica nas favelas do Rio.\u00a0 Qual a percep\u00e7\u00e3o do morador da Mar\u00e9 sobre o servi\u00e7o de energia prestado no territ\u00f3rio? Este questionamento [...]\" \/>\n<meta property=\"og:url\" content=\"https:\/\/rioonwatch.org.br\/?p=56316\" \/>\n<meta property=\"og:site_name\" content=\"RioOnWatch\" \/>\n<meta property=\"article:published_time\" content=\"2021-06-29T14:55:44+00:00\" \/>\n<meta property=\"article:modified_time\" content=\"2022-01-21T17:17:56+00:00\" \/>\n<meta property=\"og:image\" content=\"https:\/\/rioonwatch.org.br\/wp-content\/uploads\/2021\/06\/Arte-original-por-Rodrigo-Candido-1477x629.png\" \/>\n\t<meta property=\"og:image:width\" content=\"1477\" \/>\n\t<meta property=\"og:image:height\" content=\"629\" \/>\n\t<meta property=\"og:image:type\" content=\"image\/png\" \/>\n<meta name=\"author\" content=\"Admin\" \/>\n<meta name=\"twitter:card\" content=\"summary_large_image\" \/>\n<meta name=\"twitter:label1\" content=\"Escrito por\" \/>\n\t<meta name=\"twitter:data1\" content=\"Admin\" \/>\n\t<meta name=\"twitter:label2\" content=\"Est. tempo de leitura\" \/>\n\t<meta name=\"twitter:data2\" content=\"9 minutos\" \/>\n<script type=\"application\/ld+json\" class=\"yoast-schema-graph\">{\"@context\":\"https:\/\/schema.org\",\"@graph\":[{\"@type\":\"Article\",\"@id\":\"https:\/\/rioonwatch.org.br\/?p=56316#article\",\"isPartOf\":{\"@id\":\"https:\/\/rioonwatch.org.br\/?p=56316\"},\"author\":{\"name\":\"Admin\",\"@id\":\"https:\/\/rioonwatch.org.br\/#\/schema\/person\/11d64c290506f9df50c71b850c473f68\"},\"headline\":\"Pesquisa Revela Percep\u00e7\u00e3o dos Moradores sobre Servi\u00e7o de Energia e Efici\u00eancia Energ\u00e9tica, na Mar\u00e9\",\"datePublished\":\"2021-06-29T14:55:44+00:00\",\"dateModified\":\"2022-01-21T17:17:56+00:00\",\"mainEntityOfPage\":{\"@id\":\"https:\/\/rioonwatch.org.br\/?p=56316\"},\"wordCount\":1623,\"publisher\":{\"@id\":\"https:\/\/rioonwatch.org.br\/#organization\"},\"image\":{\"@id\":\"https:\/\/rioonwatch.org.br\/?p=56316#primaryimage\"},\"thumbnailUrl\":\"https:\/\/rioonwatch.org.br\/wp-content\/uploads\/2021\/06\/Arte-original-por-Rodrigo-Candido.png\",\"keywords\":[\"asfalto x favela\",\"baixa qualidade dos servi\u00e7os\",\"censo\",\"Complexo da Mar\u00e9\",\"coronav\u00edrus\",\"dados\",\"efici\u00eancia energ\u00e9tica\",\"eletricidade\",\"IBGE\",\"Light\",\"Nova Holanda\",\"Parque Roquette Pinto\",\"Parque Uni\u00e3o\",\"pesquisa\",\"Praia de Ramos\",\"Redes da Mar\u00e9\",\"S\u00e9rie\",\"S\u00e9rie: Justi\u00e7a Energ\u00e9tica\",\"Vila do Jo\u00e3o\",\"Vila do Pinheiro\",\"Zona Norte\"],\"articleSection\":[\"#Covid19NasFavelas\",\"*Destaque\",\"Dados e Pesquisa\",\"Entendendo o Rio\",\"Escrito por Comunicadores Populares\"],\"inLanguage\":\"pt-BR\"},{\"@type\":\"WebPage\",\"@id\":\"https:\/\/rioonwatch.org.br\/?p=56316\",\"url\":\"https:\/\/rioonwatch.org.br\/?p=56316\",\"name\":\"Pesquisa Revela Percep\u00e7\u00e3o dos Moradores sobre Servi\u00e7o de Energia e Efici\u00eancia Energ\u00e9tica, na Mar\u00e9 - RioOnWatch\",\"isPartOf\":{\"@id\":\"https:\/\/rioonwatch.org.br\/#website\"},\"primaryImageOfPage\":{\"@id\":\"https:\/\/rioonwatch.org.br\/?p=56316#primaryimage\"},\"image\":{\"@id\":\"https:\/\/rioonwatch.org.br\/?p=56316#primaryimage\"},\"thumbnailUrl\":\"https:\/\/rioonwatch.org.br\/wp-content\/uploads\/2021\/06\/Arte-original-por-Rodrigo-Candido.png\",\"datePublished\":\"2021-06-29T14:55:44+00:00\",\"dateModified\":\"2022-01-21T17:17:56+00:00\",\"breadcrumb\":{\"@id\":\"https:\/\/rioonwatch.org.br\/?p=56316#breadcrumb\"},\"inLanguage\":\"pt-BR\",\"potentialAction\":[{\"@type\":\"ReadAction\",\"target\":[\"https:\/\/rioonwatch.org.br\/?p=56316\"]}]},{\"@type\":\"ImageObject\",\"inLanguage\":\"pt-BR\",\"@id\":\"https:\/\/rioonwatch.org.br\/?p=56316#primaryimage\",\"url\":\"https:\/\/rioonwatch.org.br\/wp-content\/uploads\/2021\/06\/Arte-original-por-Rodrigo-Candido.png\",\"contentUrl\":\"https:\/\/rioonwatch.org.br\/wp-content\/uploads\/2021\/06\/Arte-original-por-Rodrigo-Candido.png\",\"width\":2480,\"height\":1056,\"caption\":\"Arte original por Rodrigo C\u00e2ndido\"},{\"@type\":\"BreadcrumbList\",\"@id\":\"https:\/\/rioonwatch.org.br\/?p=56316#breadcrumb\",\"itemListElement\":[{\"@type\":\"ListItem\",\"position\":1,\"name\":\"In\u00edcio\",\"item\":\"https:\/\/rioonwatch.org.br\/\"},{\"@type\":\"ListItem\",\"position\":2,\"name\":\"Pesquisa Revela Percep\u00e7\u00e3o dos Moradores sobre Servi\u00e7o de Energia e Efici\u00eancia Energ\u00e9tica, na Mar\u00e9\"}]},{\"@type\":\"WebSite\",\"@id\":\"https:\/\/rioonwatch.org.br\/#website\",\"url\":\"https:\/\/rioonwatch.org.br\/\",\"name\":\"RioOnWatch\",\"description\":\"relatos das favelas cariocas\",\"publisher\":{\"@id\":\"https:\/\/rioonwatch.org.br\/#organization\"},\"potentialAction\":[{\"@type\":\"SearchAction\",\"target\":{\"@type\":\"EntryPoint\",\"urlTemplate\":\"https:\/\/rioonwatch.org.br\/?s={search_term_string}\"},\"query-input\":{\"@type\":\"PropertyValueSpecification\",\"valueRequired\":true,\"valueName\":\"search_term_string\"}}],\"inLanguage\":\"pt-BR\"},{\"@type\":\"Organization\",\"@id\":\"https:\/\/rioonwatch.org.br\/#organization\",\"name\":\"RioOnWatch\",\"url\":\"https:\/\/rioonwatch.org.br\/\",\"logo\":{\"@type\":\"ImageObject\",\"inLanguage\":\"pt-BR\",\"@id\":\"https:\/\/rioonwatch.org.br\/#\/schema\/logo\/image\/\",\"url\":\"https:\/\/rioonwatch.org.br\/wp-content\/uploads\/2021\/06\/RioOnWatchcabecalhoPT11anos-2.png\",\"contentUrl\":\"https:\/\/rioonwatch.org.br\/wp-content\/uploads\/2021\/06\/RioOnWatchcabecalhoPT11anos-2.png\",\"width\":779,\"height\":277,\"caption\":\"RioOnWatch\"},\"image\":{\"@id\":\"https:\/\/rioonwatch.org.br\/#\/schema\/logo\/image\/\"}},{\"@type\":\"Person\",\"@id\":\"https:\/\/rioonwatch.org.br\/#\/schema\/person\/11d64c290506f9df50c71b850c473f68\",\"name\":\"Admin\",\"image\":{\"@type\":\"ImageObject\",\"inLanguage\":\"pt-BR\",\"@id\":\"https:\/\/rioonwatch.org.br\/#\/schema\/person\/image\/\",\"url\":\"https:\/\/secure.gravatar.com\/avatar\/56211ac74568383903349a1485e3c325?s=96&d=blank&r=g\",\"contentUrl\":\"https:\/\/secure.gravatar.com\/avatar\/56211ac74568383903349a1485e3c325?s=96&d=blank&r=g\",\"caption\":\"Admin\"},\"url\":\"https:\/\/rioonwatch.org.br\/?author=129\"}]}<\/script>\n<!-- \/ Yoast SEO plugin. -->","yoast_head_json":{"title":"Pesquisa Revela Percep\u00e7\u00e3o dos Moradores sobre Servi\u00e7o de Energia e Efici\u00eancia Energ\u00e9tica, na Mar\u00e9 - RioOnWatch","robots":{"index":"index","follow":"follow","max-snippet":"max-snippet:-1","max-image-preview":"max-image-preview:large","max-video-preview":"max-video-preview:-1"},"canonical":"https:\/\/rioonwatch.org.br\/?p=56316","og_locale":"pt_BR","og_type":"article","og_title":"Pesquisa Revela Percep\u00e7\u00e3o dos Moradores sobre Servi\u00e7o de Energia e Efici\u00eancia Energ\u00e9tica, na Mar\u00e9 - RioOnWatch","og_description":"Click Here for English Esta pesquisa\u00a0faz parte de uma\u00a0s\u00e9rie sobre justi\u00e7a e efici\u00eancia energ\u00e9tica nas favelas do Rio.\u00a0 Qual a percep\u00e7\u00e3o do morador da Mar\u00e9 sobre o servi\u00e7o de energia prestado no territ\u00f3rio? Este questionamento [...]","og_url":"https:\/\/rioonwatch.org.br\/?p=56316","og_site_name":"RioOnWatch","article_published_time":"2021-06-29T14:55:44+00:00","article_modified_time":"2022-01-21T17:17:56+00:00","og_image":[{"width":1477,"height":629,"url":"https:\/\/rioonwatch.org.br\/wp-content\/uploads\/2021\/06\/Arte-original-por-Rodrigo-Candido-1477x629.png","type":"image\/png"}],"author":"Admin","twitter_card":"summary_large_image","twitter_misc":{"Escrito por":"Admin","Est. tempo de leitura":"9 minutos"},"schema":{"@context":"https:\/\/schema.org","@graph":[{"@type":"Article","@id":"https:\/\/rioonwatch.org.br\/?p=56316#article","isPartOf":{"@id":"https:\/\/rioonwatch.org.br\/?p=56316"},"author":{"name":"Admin","@id":"https:\/\/rioonwatch.org.br\/#\/schema\/person\/11d64c290506f9df50c71b850c473f68"},"headline":"Pesquisa Revela Percep\u00e7\u00e3o dos Moradores sobre Servi\u00e7o de Energia e Efici\u00eancia Energ\u00e9tica, na Mar\u00e9","datePublished":"2021-06-29T14:55:44+00:00","dateModified":"2022-01-21T17:17:56+00:00","mainEntityOfPage":{"@id":"https:\/\/rioonwatch.org.br\/?p=56316"},"wordCount":1623,"publisher":{"@id":"https:\/\/rioonwatch.org.br\/#organization"},"image":{"@id":"https:\/\/rioonwatch.org.br\/?p=56316#primaryimage"},"thumbnailUrl":"https:\/\/rioonwatch.org.br\/wp-content\/uploads\/2021\/06\/Arte-original-por-Rodrigo-Candido.png","keywords":["asfalto x favela","baixa qualidade dos servi\u00e7os","censo","Complexo da Mar\u00e9","coronav\u00edrus","dados","efici\u00eancia energ\u00e9tica","eletricidade","IBGE","Light","Nova Holanda","Parque Roquette Pinto","Parque Uni\u00e3o","pesquisa","Praia de Ramos","Redes da Mar\u00e9","S\u00e9rie","S\u00e9rie: Justi\u00e7a Energ\u00e9tica","Vila do Jo\u00e3o","Vila do Pinheiro","Zona Norte"],"articleSection":["#Covid19NasFavelas","*Destaque","Dados e Pesquisa","Entendendo o Rio","Escrito por Comunicadores Populares"],"inLanguage":"pt-BR"},{"@type":"WebPage","@id":"https:\/\/rioonwatch.org.br\/?p=56316","url":"https:\/\/rioonwatch.org.br\/?p=56316","name":"Pesquisa Revela Percep\u00e7\u00e3o dos Moradores sobre Servi\u00e7o de Energia e Efici\u00eancia Energ\u00e9tica, na Mar\u00e9 - RioOnWatch","isPartOf":{"@id":"https:\/\/rioonwatch.org.br\/#website"},"primaryImageOfPage":{"@id":"https:\/\/rioonwatch.org.br\/?p=56316#primaryimage"},"image":{"@id":"https:\/\/rioonwatch.org.br\/?p=56316#primaryimage"},"thumbnailUrl":"https:\/\/rioonwatch.org.br\/wp-content\/uploads\/2021\/06\/Arte-original-por-Rodrigo-Candido.png","datePublished":"2021-06-29T14:55:44+00:00","dateModified":"2022-01-21T17:17:56+00:00","breadcrumb":{"@id":"https:\/\/rioonwatch.org.br\/?p=56316#breadcrumb"},"inLanguage":"pt-BR","potentialAction":[{"@type":"ReadAction","target":["https:\/\/rioonwatch.org.br\/?p=56316"]}]},{"@type":"ImageObject","inLanguage":"pt-BR","@id":"https:\/\/rioonwatch.org.br\/?p=56316#primaryimage","url":"https:\/\/rioonwatch.org.br\/wp-content\/uploads\/2021\/06\/Arte-original-por-Rodrigo-Candido.png","contentUrl":"https:\/\/rioonwatch.org.br\/wp-content\/uploads\/2021\/06\/Arte-original-por-Rodrigo-Candido.png","width":2480,"height":1056,"caption":"Arte original por Rodrigo C\u00e2ndido"},{"@type":"BreadcrumbList","@id":"https:\/\/rioonwatch.org.br\/?p=56316#breadcrumb","itemListElement":[{"@type":"ListItem","position":1,"name":"In\u00edcio","item":"https:\/\/rioonwatch.org.br\/"},{"@type":"ListItem","position":2,"name":"Pesquisa Revela Percep\u00e7\u00e3o dos Moradores sobre Servi\u00e7o de Energia e Efici\u00eancia Energ\u00e9tica, na Mar\u00e9"}]},{"@type":"WebSite","@id":"https:\/\/rioonwatch.org.br\/#website","url":"https:\/\/rioonwatch.org.br\/","name":"RioOnWatch","description":"relatos das favelas cariocas","publisher":{"@id":"https:\/\/rioonwatch.org.br\/#organization"},"potentialAction":[{"@type":"SearchAction","target":{"@type":"EntryPoint","urlTemplate":"https:\/\/rioonwatch.org.br\/?s={search_term_string}"},"query-input":{"@type":"PropertyValueSpecification","valueRequired":true,"valueName":"search_term_string"}}],"inLanguage":"pt-BR"},{"@type":"Organization","@id":"https:\/\/rioonwatch.org.br\/#organization","name":"RioOnWatch","url":"https:\/\/rioonwatch.org.br\/","logo":{"@type":"ImageObject","inLanguage":"pt-BR","@id":"https:\/\/rioonwatch.org.br\/#\/schema\/logo\/image\/","url":"https:\/\/rioonwatch.org.br\/wp-content\/uploads\/2021\/06\/RioOnWatchcabecalhoPT11anos-2.png","contentUrl":"https:\/\/rioonwatch.org.br\/wp-content\/uploads\/2021\/06\/RioOnWatchcabecalhoPT11anos-2.png","width":779,"height":277,"caption":"RioOnWatch"},"image":{"@id":"https:\/\/rioonwatch.org.br\/#\/schema\/logo\/image\/"}},{"@type":"Person","@id":"https:\/\/rioonwatch.org.br\/#\/schema\/person\/11d64c290506f9df50c71b850c473f68","name":"Admin","image":{"@type":"ImageObject","inLanguage":"pt-BR","@id":"https:\/\/rioonwatch.org.br\/#\/schema\/person\/image\/","url":"https:\/\/secure.gravatar.com\/avatar\/56211ac74568383903349a1485e3c325?s=96&d=blank&r=g","contentUrl":"https:\/\/secure.gravatar.com\/avatar\/56211ac74568383903349a1485e3c325?s=96&d=blank&r=g","caption":"Admin"},"url":"https:\/\/rioonwatch.org.br\/?author=129"}]}},"_links":{"self":[{"href":"https:\/\/rioonwatch.org.br\/index.php?rest_route=\/wp\/v2\/posts\/56316"}],"collection":[{"href":"https:\/\/rioonwatch.org.br\/index.php?rest_route=\/wp\/v2\/posts"}],"about":[{"href":"https:\/\/rioonwatch.org.br\/index.php?rest_route=\/wp\/v2\/types\/post"}],"author":[{"embeddable":true,"href":"https:\/\/rioonwatch.org.br\/index.php?rest_route=\/wp\/v2\/users\/129"}],"replies":[{"embeddable":true,"href":"https:\/\/rioonwatch.org.br\/index.php?rest_route=%2Fwp%2Fv2%2Fcomments&post=56316"}],"version-history":[{"count":36,"href":"https:\/\/rioonwatch.org.br\/index.php?rest_route=\/wp\/v2\/posts\/56316\/revisions"}],"predecessor-version":[{"id":60301,"href":"https:\/\/rioonwatch.org.br\/index.php?rest_route=\/wp\/v2\/posts\/56316\/revisions\/60301"}],"wp:featuredmedia":[{"embeddable":true,"href":"https:\/\/rioonwatch.org.br\/index.php?rest_route=\/wp\/v2\/media\/56402"}],"wp:attachment":[{"href":"https:\/\/rioonwatch.org.br\/index.php?rest_route=%2Fwp%2Fv2%2Fmedia&parent=56316"}],"wp:term":[{"taxonomy":"category","embeddable":true,"href":"https:\/\/rioonwatch.org.br\/index.php?rest_route=%2Fwp%2Fv2%2Fcategories&post=56316"},{"taxonomy":"post_tag","embeddable":true,"href":"https:\/\/rioonwatch.org.br\/index.php?rest_route=%2Fwp%2Fv2%2Ftags&post=56316"},{"taxonomy":"writer","embeddable":true,"href":"https:\/\/rioonwatch.org.br\/index.php?rest_route=%2Fwp%2Fv2%2Fwriter&post=56316"},{"taxonomy":"translator","embeddable":true,"href":"https:\/\/rioonwatch.org.br\/index.php?rest_route=%2Fwp%2Fv2%2Ftranslator&post=56316"},{"taxonomy":"source","embeddable":true,"href":"https:\/\/rioonwatch.org.br\/index.php?rest_route=%2Fwp%2Fv2%2Fsource&post=56316"},{"taxonomy":"ilustrador","embeddable":true,"href":"https:\/\/rioonwatch.org.br\/index.php?rest_route=%2Fwp%2Fv2%2Filustrador&post=56316"},{"taxonomy":"fotografo","embeddable":true,"href":"https:\/\/rioonwatch.org.br\/index.php?rest_route=%2Fwp%2Fv2%2Ffotografo&post=56316"}],"curies":[{"name":"wp","href":"https:\/\/api.w.org\/{rel}","templated":true}]}}