{"id":56613,"date":"2021-06-30T20:19:58","date_gmt":"2021-06-30T23:19:58","guid":{"rendered":"https:\/\/rioonwatch.org.br\/?p=56613"},"modified":"2021-07-23T14:43:31","modified_gmt":"2021-07-23T17:43:31","slug":"luz-em-dados-um-mergulho-profundo-no-acesso-iluminacao-publica-e-seguranca-no-morro-do-sereno","status":"publish","type":"post","link":"https:\/\/rioonwatch.org.br\/?p=56613","title":{"rendered":"Luz em Dados: Um Mergulho Profundo no Acesso, Ilumina\u00e7\u00e3o e Seguran\u00e7a no Morro do Sereno"},"content":{"rendered":"<p style=\"text-align: right;\"><em><strong><a href=\"https:\/\/bit.ly\/3BybQbI\" target=\"_blank\" rel=\"noopener noreferrer\">Click Here for English<\/a><a href=\"https:\/\/bit.ly\/3BybQbI\" target=\"_blank\" rel=\"noopener noreferrer\"><img decoding=\"async\" class=\"alignright wp-image-15790\" src=\"http:\/\/rioonwatch.org.br\/wp-content\/uploads\/2012\/08\/EN-standard-e1439583104716.jpg\" alt=\"\" width=\"20\" height=\"20\" \/><\/a><\/strong><\/em><\/p>\n<p><em>Esta pesquisa\u00a0<\/em><em>faz parte de uma\u00a0<a href=\"http:\/\/bit.ly\/JusticaEnergeticaNasFavelas\" target=\"_blank\" rel=\"noopener\">s\u00e9rie sobre justi\u00e7a e efici\u00eancia energ\u00e9tica nas favelas<\/a>\u00a0do Rio.\u00a0<\/em><\/p>\n<p>Essa mat\u00e9ria traz os resultados de uma pesquisa, realizada em campo, sobre a estrutura de energia el\u00e9trica e o acesso \u00e0 luz no <a href=\"https:\/\/bit.ly\/3y8xWPm\" target=\"_blank\" rel=\"noopener\">Morro do Sereno<\/a>, no <strong><span style=\"font-weight: 400;\"><a href=\"http:\/\/bit.ly\/371i9p1\" target=\"_blank\" rel=\"noopener\">Complexo da Penha<\/a><\/span><\/strong>, <span style=\"font-weight: 400;\"> <a href=\"http:\/\/bit.ly\/2ETpYR1\" target=\"_blank\" rel=\"noopener\">Zona Norte<\/a><\/span>. Para introduzir os temas trabalhados na pesquisa ser\u00e3o apresentadas informa\u00e7\u00f5es relevantes sobre o fornecimento de energia el\u00e9trica, em vias p\u00fablicas e em resid\u00eancias, e alguns dos seus efeitos em favelas e periferias da cidade.<\/p>\n<h3>A Conta de Luz e a Ilumina\u00e7\u00e3o P\u00fablica no Rio de Janeiro<\/h3>\n<p><span style=\"font-weight: 400;\">A Companhia Municipal de Energia e Ilumina\u00e7\u00e3o, <\/span><a href=\"https:\/\/bit.ly\/3dEWDM7\" target=\"_blank\" rel=\"noopener\"><span style=\"font-weight: 400;\">RioLuz<\/span><\/a><span style=\"font-weight: 400;\">,<\/span><span style=\"font-weight: 400;\">\u00a0\u00e9 uma empresa p\u00fablica da <\/span><span style=\"font-weight: 400;\"><a href=\"https:\/\/bit.ly\/3yP0GOl\" target=\"_blank\" rel=\"noopener\">Secretaria Municipal de Conserva\u00e7\u00e3o e Meio Ambiente<\/a> da Prefeitura do Rio de Janeiro<\/span><span style=\"font-weight: 400;\"> que tem o dever de planejar, expandir, manter e modernizar o sistema el\u00e9trico p\u00fablico da cidade. O Custeio da Ilumina\u00e7\u00e3o P\u00fablica dos Munic\u00edpios (<\/span><a href=\"https:\/\/bit.ly\/3i55Z6e\" target=\"_blank\" rel=\"noopener\"><span style=\"font-weight: 400;\">COSIP<\/span><\/a><span style=\"font-weight: 400;\">) contribui para melhorias na ilumina\u00e7\u00e3o de vias p\u00fablicas como pra\u00e7as, viadutos e estradas, sendo isentos da taxa apenas os templos religiosos e resid\u00eancias com consumo mensal de at\u00e9 100kWh (quilowatt-hora)<\/span><span style=\"font-weight: 400;\">. O repasse das concession\u00e1rias de energia el\u00e9trica, como a <\/span><a href=\"http:\/\/bit.ly\/1lqbsRD\" target=\"_blank\" rel=\"noopener\"><span style=\"font-weight: 400;\">Light<\/span><\/a>,<span style=\"font-weight: 400;\"> no caso da cidade do Rio de Janeiro, para as prefeituras, \u00e9 efetuado mensalmente para a opera\u00e7\u00e3o, manuten\u00e7\u00e3o e expans\u00e3o das redes de ilumina\u00e7\u00e3o p\u00fablica, tais como a troca de l\u00e2mpadas, instala\u00e7\u00e3o e manuten\u00e7\u00e3o de postes, e etc.<\/span><\/p>\n<p><span style=\"font-weight: 400;\"><a href=\"https:\/\/rioonwatch.org.br\/wp-content\/uploads\/2021\/06\/Relogios-de-energia-eletrica-os-medidores-de-consumo.-Foto-por-Orlando-Gomes.jpg\"><img fetchpriority=\"high\" decoding=\"async\" class=\"alignright wp-image-56544\" title=\"Rel\u00f3gios de energia el\u00e9trica, os medidores de consumo. Foto por Orlando Gomes\" src=\"https:\/\/rioonwatch.org.br\/wp-content\/uploads\/2021\/06\/Relogios-de-energia-eletrica-os-medidores-de-consumo.-Foto-por-Orlando-Gomes-352x264.jpg\" alt=\"Rel\u00f3gios de energia el\u00e9trica, os medidores de consumo. Foto por Orlando Gomes\" width=\"300\" height=\"225\" srcset=\"https:\/\/rioonwatch.org.br\/wp-content\/uploads\/2021\/06\/Relogios-de-energia-eletrica-os-medidores-de-consumo.-Foto-por-Orlando-Gomes-352x264.jpg 352w, https:\/\/rioonwatch.org.br\/wp-content\/uploads\/2021\/06\/Relogios-de-energia-eletrica-os-medidores-de-consumo.-Foto-por-Orlando-Gomes-174x131.jpg 174w, https:\/\/rioonwatch.org.br\/wp-content\/uploads\/2021\/06\/Relogios-de-energia-eletrica-os-medidores-de-consumo.-Foto-por-Orlando-Gomes-300x225.jpg 300w, https:\/\/rioonwatch.org.br\/wp-content\/uploads\/2021\/06\/Relogios-de-energia-eletrica-os-medidores-de-consumo.-Foto-por-Orlando-Gomes-70x53.jpg 70w, https:\/\/rioonwatch.org.br\/wp-content\/uploads\/2021\/06\/Relogios-de-energia-eletrica-os-medidores-de-consumo.-Foto-por-Orlando-Gomes.jpg 448w\" sizes=\"(max-width: 300px) 100vw, 300px\" \/><\/a>O consumo mensal das resid\u00eancias \u00e9 calculado uma vez ao m\u00eas atrav\u00e9s da leitura do medidor de energia, para saber quantos kWh foram consumidos. O valor final a ser cobrado na <\/span><a href=\"https:\/\/glo.bo\/3wKWsFA\" target=\"_blank\" rel=\"noopener\"><span style=\"font-weight: 400;\">conta \u00e9 calculado<\/span><\/a><span style=\"font-weight: 400;\"> ao multiplicar o consumo do m\u00eas em quilowatt-hora pela tarifa por pre\u00e7o unit\u00e1rio<\/span><span style=\"font-weight: 400;\"> (que j\u00e1 inclui impostos), e s<\/span><span style=\"font-weight: 400;\">omado a esse pre\u00e7o tamb\u00e9m est\u00e1 o custeio da ilumina\u00e7\u00e3o p\u00fablica, chamada<\/span> <a href=\"https:\/\/bit.ly\/3uEVTMh\" target=\"_blank\" rel=\"noopener\"><span style=\"font-weight: 400;\">taxa de ilumina\u00e7\u00e3o p\u00fablica<\/span><\/a><span style=\"font-weight: 400;\">. A Ag\u00eancia Nacional de Energia El\u00e9trica (<\/span><a href=\"https:\/\/bit.ly\/3m8iL2b\" target=\"_blank\" rel=\"noopener\"><span style=\"font-weight: 400;\">ANEEL<\/span><\/a><span style=\"font-weight: 400;\">) define a tarifa base e o pre\u00e7o unit\u00e1rio. J\u00e1 os impostos (ICMS, PIS\/PASEP, COFINS) s\u00e3o adicionados ao pre\u00e7o final e <\/span><a href=\"https:\/\/bit.ly\/3x71PzD\" target=\"_blank\" rel=\"noopener\"><span style=\"font-weight: 400;\">variam para cada regi\u00e3o<\/span><\/a><span style=\"font-weight: 400;\">. De acordo com a <\/span><a href=\"https:\/\/bit.ly\/3vzKSwS\" target=\"_blank\" rel=\"noopener\"><span style=\"font-weight: 400;\">Lei do Artigo 149-A do Sistema Tribut\u00e1rio Nacional<\/span><\/a><span style=\"font-weight: 400;\">, cada munic\u00edpio tem autoriza\u00e7\u00e3o para arrecadar a tarifa, que \u00e9 obrigat\u00f3ria.<\/span><\/p>\n<blockquote><p><strong>C\u00e1lculo de uma conta de luz de uma resid\u00eancia no Morro do Sereno, no Complexo da Penha:<\/strong><\/p>\n<p><span style=\"font-weight: 400;\">Consumo do M\u00eas: 259 kWh\u00a0<\/span><br \/>\n<span style=\"font-weight: 400;\">Pre\u00e7o Unit\u00e1rio: R$0,921\u00a0<\/span><br \/>\n<span style=\"font-weight: 400;\">Valor Consumido: 259 kWh X 0,921 = R$238,53<\/span><br \/>\n<span style=\"font-weight: 400;\">Custeio de Ilumina\u00e7\u00e3o P\u00fablica: R$12,42<\/span><\/p>\n<p><span style=\"font-weight: 400;\">Total a Pagar: R$238,53 + R$12,42 = 250,95<\/span><\/p><\/blockquote>\n<p><span style=\"font-weight: 400;\">&#8220;O cen\u00e1rio econ\u00f4mico do pa\u00eds n\u00e3o ajuda as fam\u00edlias a assumirem os custos de <\/span><a href=\"https:\/\/bit.ly\/3dC1xrK\" target=\"_blank\" rel=\"noopener\">aumentos no valor das contas de luz<\/a>, sobretudo na pandemia&#8221;, diz <strong><span style=\"font-weight: 400;\">Tatiana de Souza, 30, moradora do Morro do Sereno.<\/span><\/strong>\u00a0Na <a href=\"https:\/\/bit.ly\/3wS8Qnn\" target=\"_blank\" rel=\"noopener\">Penha Circular<\/a>, bairro onde fica o Morro do Sereno, por exemplo, grande parte das ruas s\u00e3o urbanizadas com pr\u00e9dios, com\u00e9rcios, e igrejas, e grande circula\u00e7\u00e3o de pessoas e autom\u00f3veis, o que demanda muita energia el\u00e9trica e ilumina\u00e7\u00e3o p\u00fablica e manuten\u00e7\u00f5es frequentes. Na rua a preocupa\u00e7\u00e3o \u00e9 com a manuten\u00e7\u00e3o e troca das l\u00e2mpadas. Nas casas, a preocupa\u00e7\u00e3o \u00e9 com o acesso, a seguran\u00e7a da rede e os pre\u00e7os crescentes.<\/p>\n<p><a href=\"https:\/\/rioonwatch.org.br\/wp-content\/uploads\/2021\/06\/Zona-Norte-do-Rio-vista-do-alto-do-Morro-do-Sereno-a-noite-com-algumas-casas-de-moradores-em-primeiro-plano.-Foto-por-Karina-Figueiredo-scaled.jpg\"><img decoding=\"async\" class=\"aligncenter wp-image-56439 size-content\" title=\"Zona Norte do Rio vista do alto do Morro do Sereno \u00e0 noite, com algumas casas de moradores em primeiro plano. Foto por Karina Figueiredo\" src=\"https:\/\/rioonwatch.org.br\/wp-content\/uploads\/2021\/06\/Zona-Norte-do-Rio-vista-do-alto-do-Morro-do-Sereno-a-noite-com-algumas-casas-de-moradores-em-primeiro-plano.-Foto-por-Karina-Figueiredo-620x264.jpg\" alt=\"Zona Norte do Rio vista do alto do Morro do Sereno \u00e0 noite, com algumas casas de moradores em primeiro plano. Foto por Karina Figueiredo\" width=\"620\" height=\"264\" srcset=\"https:\/\/rioonwatch.org.br\/wp-content\/uploads\/2021\/06\/Zona-Norte-do-Rio-vista-do-alto-do-Morro-do-Sereno-a-noite-com-algumas-casas-de-moradores-em-primeiro-plano.-Foto-por-Karina-Figueiredo-620x264.jpg 620w, https:\/\/rioonwatch.org.br\/wp-content\/uploads\/2021\/06\/Zona-Norte-do-Rio-vista-do-alto-do-Morro-do-Sereno-a-noite-com-algumas-casas-de-moradores-em-primeiro-plano.-Foto-por-Karina-Figueiredo-940x400.jpg 940w\" sizes=\"(max-width: 620px) 100vw, 620px\" \/><\/a><\/p>\n<p>Outra preocupa\u00e7\u00e3o constante das fam\u00edlias \u00e9 a de evitar o desperd\u00edcio de energia<span style=\"font-weight: 400;\"> e o gasto desnecess\u00e1rio decorrente dele. Na esfera p\u00fablica, a RioLuz \u00e9 a respons\u00e1vel por manter as l\u00e2mpadas acesas e evitar o desperd\u00edcio. <\/span><span style=\"font-weight: 400;\">Em 2021 completa dez anos que a prefeitura do Rio de Janeiro, a Light e o Banco do Brasil assinaram um acordo para o financiamento do <\/span><a href=\"https:\/\/bit.ly\/2RcGyF0\" target=\"_blank\" rel=\"noopener\"><span style=\"font-weight: 400;\">programa Reluz<\/span><\/a><span style=\"font-weight: 400;\">, que visa promover e estimular o desenvolvimento de sistemas energ\u00e9ticos eficientes, j\u00e1 que na comunidade ainda temos muitos postes antigos, com l\u00e2mpadas de merc\u00fario.<\/span><\/p>\n<p><span style=\"font-weight: 400;\">Ap\u00f3s uma d\u00e9cada de <a href=\"http:\/\/bit.ly\/1Rq1j7H\" target=\"_blank\" rel=\"noopener\">parceria p\u00fablico-privada<\/a> firmada pela Prefeitura do Rio, o Reluz recebe novos impulsos com o objetivo de modernizar todo o sistema de luz da cidade at\u00e9 2022, instalando <\/span><a href=\"https:\/\/bit.ly\/3bRXcR9\" target=\"_blank\" rel=\"noopener\"><span style=\"font-weight: 400;\">450.000 pontos de luz<\/span><\/a><span style=\"font-weight: 400;\"> com LED distribu\u00eddos por toda a cidade. \u201cEst\u00e1 prevista a substitui\u00e7\u00e3o de 35.000 postes de metal ou concreto pelos de fibra. Entre os benef\u00edcios trazidos pelas substitui\u00e7\u00f5es pelos novos materiais, est\u00e3o a gest\u00e3o inteligente da rede de ilumina\u00e7\u00e3o p\u00fablica, menor impacto ecol\u00f3gico e redu\u00e7\u00e3o de 60% do consumo de energia. Os postes [hist\u00f3ricos] met\u00e1licos e coloniais que n\u00e3o forem substitu\u00eddos ser\u00e3o pintados com tinta isolante el\u00e9trica\u201d, afirma a RioLuz <a href=\"https:\/\/bit.ly\/3bRXcR9\" target=\"_blank\" rel=\"noopener\">em seu site<\/a>. A a\u00e7\u00e3o visa a <\/span><a href=\"https:\/\/bit.ly\/3hmK2xO\" target=\"_blank\" rel=\"noopener\"><span style=\"font-weight: 400;\">efici\u00eancia energ\u00e9tica<\/span><\/a><span style=\"font-weight: 400;\">, colocando em pr\u00e1tica a conserva\u00e7\u00e3o dos recursos n\u00e3o-renov\u00e1veis, o consumo consciente de energia e medidas contra o desperd\u00edcio. At\u00e9 o pr\u00f3ximo ano, o <\/span><a href=\"https:\/\/bit.ly\/3wJwvq2\" target=\"_blank\" rel=\"noopener\"><span style=\"font-weight: 400;\">programa Luz Maravilha<\/span><\/a><span style=\"font-weight: 400;\"> quer atender os moradores de toda a cidade, e j\u00e1 est\u00e1 <\/span><a href=\"https:\/\/bit.ly\/3vB6lWN\" target=\"_blank\" rel=\"noopener\"><span style=\"font-weight: 400;\">come\u00e7ando nas favelas<\/span><\/a><span style=\"font-weight: 400;\">.<\/span><\/p>\n<p><span style=\"font-weight: 400;\"><a href=\"https:\/\/rioonwatch.org.br\/wp-content\/uploads\/2021\/06\/Beco-iluminado-com-luz-de-LED.-Foto-por-Caroline-LED-1.jpg\"><img loading=\"lazy\" decoding=\"async\" class=\"aligncenter wp-image-56501 size-content\" title=\"Beco iluminado com luz de LED. Foto por Caroline Mara Vieira\" src=\"https:\/\/rioonwatch.org.br\/wp-content\/uploads\/2021\/06\/Beco-iluminado-com-luz-de-LED.-Foto-por-Caroline-LED-1-620x264.jpg\" alt=\"Beco iluminado com luz de LED. Foto por Caroline LED\" width=\"620\" height=\"264\" \/><\/a><\/span><\/p>\n<p><span style=\"font-weight: 400;\">\u201cEu acredito que pode melhorar bastante, inclusive est\u00e3o colocando luz de LED no <a href=\"http:\/\/bit.ly\/2wIyn5a\" target=\"_blank\" rel=\"noopener\">Complexo do Alem\u00e3o<\/a>\u201d, diz Caroline Mara Vieira, 27, recepcionista em um condom\u00ednio residencial, moradora da chamada \u00c1rea Cinco, no Complexo do Alem\u00e3o, Zona Norte.\u00a0<\/span><\/p>\n<p><span style=\"font-weight: 400;\">No aplicativo <\/span><a href=\"https:\/\/bit.ly\/34E3XlI\" target=\"_blank\" rel=\"noopener\"><span style=\"font-weight: 400;\">1746<\/span><\/a><span style=\"font-weight: 400;\">, a Central de Atendimento da Prefeitura do Rio, \u00e9 poss\u00edvel requisitar a implanta\u00e7\u00e3o de ilumina\u00e7\u00e3o p\u00fablica, assim como a instala\u00e7\u00e3o de pontos de luz, reloca\u00e7\u00e3o de postes, e pedidos de manuten\u00e7\u00e3o. A avalia\u00e7\u00e3o dos usu\u00e1rios, no entanto, n\u00e3o estimula outros clientes a fazer o <\/span><i><span style=\"font-weight: 400;\">download <\/span><\/i><span style=\"font-weight: 400;\">do aplicativo. \u201cExperi\u00eancia p\u00e9ssima, estou solicitando a troca de lumin\u00e1ria e l\u00e2mpada em frente a minha resid\u00eancia h\u00e1 15 dias e at\u00e9 hoje ningu\u00e9m apareceu para realizar o reparo e voc\u00eas me mandam uma mensagem informando que o reparo j\u00e1 foi realizado\u201d, escreve o internauta Edson Ferreira.<\/span><\/p>\n<h3>Altas Tarifas como Barreira de Acesso \u00e0 Luz para Moradores de Baixa Renda<\/h3>\n<p><img loading=\"lazy\" decoding=\"async\" class=\"alignright wp-image-56443\" title=\"Beco escuro sem nenhum tipo de ilumina\u00e7\u00e3o p\u00fablica no Morro do Sereno. Foto por Karina Figueiredo\" src=\"https:\/\/rioonwatch.org.br\/wp-content\/uploads\/2021\/06\/Beco-escuro-sem-nenhum-tipo-de-iluminacao-publica-no-Morro-do-Sereno.-Foto-por-Karina-Figueiredo-465x620.jpg\" alt=\"Beco escuro sem nenhum tipo de ilumina\u00e7\u00e3o p\u00fablica no Morro do Sereno. Foto por Karina Figueiredo\" width=\"300\" height=\"400\" srcset=\"https:\/\/rioonwatch.org.br\/wp-content\/uploads\/2021\/06\/Beco-escuro-sem-nenhum-tipo-de-iluminacao-publica-no-Morro-do-Sereno.-Foto-por-Karina-Figueiredo-465x620.jpg 465w, https:\/\/rioonwatch.org.br\/wp-content\/uploads\/2021\/06\/Beco-escuro-sem-nenhum-tipo-de-iluminacao-publica-no-Morro-do-Sereno.-Foto-por-Karina-Figueiredo-768x1024.jpg 768w, https:\/\/rioonwatch.org.br\/wp-content\/uploads\/2021\/06\/Beco-escuro-sem-nenhum-tipo-de-iluminacao-publica-no-Morro-do-Sereno.-Foto-por-Karina-Figueiredo-198x264.jpg 198w, https:\/\/rioonwatch.org.br\/wp-content\/uploads\/2021\/06\/Beco-escuro-sem-nenhum-tipo-de-iluminacao-publica-no-Morro-do-Sereno.-Foto-por-Karina-Figueiredo-1152x1536.jpg 1152w, https:\/\/rioonwatch.org.br\/wp-content\/uploads\/2021\/06\/Beco-escuro-sem-nenhum-tipo-de-iluminacao-publica-no-Morro-do-Sereno.-Foto-por-Karina-Figueiredo-1536x2048.jpg 1536w, https:\/\/rioonwatch.org.br\/wp-content\/uploads\/2021\/06\/Beco-escuro-sem-nenhum-tipo-de-iluminacao-publica-no-Morro-do-Sereno.-Foto-por-Karina-Figueiredo-scaled.jpg 1920w\" sizes=\"(max-width: 300px) 100vw, 300px\" \/><\/p>\n<p><a href=\"http:\/\/bit.ly\/2ZYJept\" target=\"_blank\" rel=\"noopener\"><span style=\"font-weight: 400;\">Favelas e periferias reclamam de cobran\u00e7as abusivas<\/span><\/a><span style=\"font-weight: 400;\"> apesar dos servi\u00e7os de m\u00e1 qualidade prestados<\/span><span style=\"font-weight: 400;\">, como \u00e9 o caso da universit\u00e1ria Natalha Sant&#8217;Anna Gomes, 23, estudante de biologia na <\/span><a href=\"http:\/\/bit.ly\/2KQx9xm\" target=\"_blank\" rel=\"noopener\"><span style=\"font-weight: 400;\">UERJ<\/span><\/a><span style=\"font-weight: 400;\">, moradora do bairro de <\/span><a href=\"https:\/\/bit.ly\/2SVqTaE\" target=\"_blank\" rel=\"noopener\"><span style=\"font-weight: 400;\">Bonsucesso<\/span><\/a><span style=\"font-weight: 400;\">, \u00e0 beira da <\/span><a href=\"http:\/\/bit.ly\/2VF1UGY\" target=\"_blank\" rel=\"noopener\"><span style=\"font-weight: 400;\">Avenida Brasil<\/span><\/a><span style=\"font-weight: 400;\">. \u201cA conta vem subindo, isso interfere na renda da minha fam\u00edlia porque com a varia\u00e7\u00e3o do pre\u00e7o, deixamos de comprar algumas coisas e temos uma renda de um sal\u00e1rio m\u00ednimo e meio\u201d.\u00a0<\/span><\/p>\n<p><span style=\"font-weight: 400;\">A <a href=\"https:\/\/bit.ly\/3pi6c79\" target=\"_blank\" rel=\"noopener\">ilumina\u00e7\u00e3o p\u00fablica prec\u00e1ria e o servi\u00e7o de eletricidade ruim<\/a> para os domic\u00edlios determinam a vida das pessoas de maneiras inimagin\u00e1veis. Natalha, por exemplo, escolheu assistir aula de manh\u00e3 ao inv\u00e9s de \u00e0 noite, escolha feita por quem quer se proteger do perigo que as ruas escuras imp\u00f5em, principalmente \u00e0s mulheres. N\u00e3o que os homens n\u00e3o se sintam inseguros com a escurid\u00e3o, mas eles t\u00eam medo de serem roubados, enquanto <a href=\"https:\/\/bit.ly\/2UHZ21w\" target=\"_blank\" rel=\"noopener\">elas ainda temem o ass\u00e9dio e o estupro<\/a>.<\/span><\/p>\n<p><span style=\"font-weight: 400;\"><a href=\"https:\/\/rioonwatch.org.br\/wp-content\/uploads\/2021\/06\/Emaranhado-de-fios-em-um-tronco-de-arvore-usado-como-poste-bem-proximo-a-casa-de-moradores-no-Morro-do-Sereno-representa-risco-de-incendios-e-choques.-Foto-por-Karina-Figueiredo-scaled.jpg\"><img loading=\"lazy\" decoding=\"async\" class=\"alignright wp-image-56496\" title=\"Emaranhado de fios em um tronco de \u00e1rvore usado como poste bem pr\u00f3ximo \u00e0 casa de moradores, no Morro do Sereno, representa risco de inc\u00eandios e choques. Foto por Karina Figueiredo\" src=\"https:\/\/rioonwatch.org.br\/wp-content\/uploads\/2021\/06\/Emaranhado-de-fios-em-um-tronco-de-arvore-usado-como-poste-bem-proximo-a-casa-de-moradores-no-Morro-do-Sereno-representa-risco-de-incendios-e-choques.-Foto-por-Karina-Figueiredo-198x264.jpg\" alt=\"Emaranhado de fios em um tronco de \u00e1rvore usado como poste bem pr\u00f3ximo \u00e0 casa de moradores, no Morro do Sereno, representa risco de inc\u00eandios e choques. Foto por Karina Figueiredo\" width=\"300\" height=\"400\" srcset=\"https:\/\/rioonwatch.org.br\/wp-content\/uploads\/2021\/06\/Emaranhado-de-fios-em-um-tronco-de-arvore-usado-como-poste-bem-proximo-a-casa-de-moradores-no-Morro-do-Sereno-representa-risco-de-incendios-e-choques.-Foto-por-Karina-Figueiredo-198x264.jpg 198w, https:\/\/rioonwatch.org.br\/wp-content\/uploads\/2021\/06\/Emaranhado-de-fios-em-um-tronco-de-arvore-usado-como-poste-bem-proximo-a-casa-de-moradores-no-Morro-do-Sereno-representa-risco-de-incendios-e-choques.-Foto-por-Karina-Figueiredo-465x620.jpg 465w, https:\/\/rioonwatch.org.br\/wp-content\/uploads\/2021\/06\/Emaranhado-de-fios-em-um-tronco-de-arvore-usado-como-poste-bem-proximo-a-casa-de-moradores-no-Morro-do-Sereno-representa-risco-de-incendios-e-choques.-Foto-por-Karina-Figueiredo-768x1024.jpg 768w, https:\/\/rioonwatch.org.br\/wp-content\/uploads\/2021\/06\/Emaranhado-de-fios-em-um-tronco-de-arvore-usado-como-poste-bem-proximo-a-casa-de-moradores-no-Morro-do-Sereno-representa-risco-de-incendios-e-choques.-Foto-por-Karina-Figueiredo-1152x1536.jpg 1152w, https:\/\/rioonwatch.org.br\/wp-content\/uploads\/2021\/06\/Emaranhado-de-fios-em-um-tronco-de-arvore-usado-como-poste-bem-proximo-a-casa-de-moradores-no-Morro-do-Sereno-representa-risco-de-incendios-e-choques.-Foto-por-Karina-Figueiredo-1536x2048.jpg 1536w, https:\/\/rioonwatch.org.br\/wp-content\/uploads\/2021\/06\/Emaranhado-de-fios-em-um-tronco-de-arvore-usado-como-poste-bem-proximo-a-casa-de-moradores-no-Morro-do-Sereno-representa-risco-de-incendios-e-choques.-Foto-por-Karina-Figueiredo-scaled.jpg 1920w\" sizes=\"(max-width: 300px) 100vw, 300px\" \/><\/a>Por quase n\u00e3o receberem a visita da Light para resolver as quest\u00f5es de seu territ\u00f3rio, Natalha e seus vizinhos veem seus problemas se acumularem. Ainda segundo Natalha, \u201cs\u00f3 quando um caminh\u00e3o [sendo a fia\u00e7\u00e3o baixa, bate e] leva os fios \u00e9 que ocorre manuten\u00e7\u00e3o, mas agora isso quase nunca acontece porque colocamos um poste aqui em casa\u201d. Autoconstru\u00e7\u00e3o e auto-organiza\u00e7\u00e3o s\u00e3o sa\u00eddas imediatas encontradas por muitos moradores para assegurar seu acesso \u00e0 luz com um m\u00ednimo de qualidade, seguran\u00e7a e dignidade.<\/span><\/p>\n<p><span style=\"font-weight: 400;\">\u201cA ilumina\u00e7\u00e3o na nossa cidade \u00e9 p\u00e9ssima de noite. Aquela luz coral que n\u00e3o d\u00e1 para enxergar nada me deixa com medo de andar na rua, ainda mais uma mulher sozinha! Eu acho que uma l\u00e2mpada mais clara seria o principal ponto de melhoria na ilumina\u00e7\u00e3o p\u00fablica\u201d, desabafa Natalha.<\/span><\/p>\n<p><span style=\"font-weight: 400;\">Nas favelas, reparos inconstantes fragilizam o sistema, contribuem para escassez de luz e t\u00eam, como consequ\u00eancia esperada, os \u201c<a href=\"https:\/\/bit.ly\/2WYihBC\" target=\"_blank\" rel=\"noopener\">gatos<\/a>\u201d, liga\u00e7\u00f5es el\u00e9tricas clandestinas que est\u00e3o associadas \u00e0s caracter\u00edsticas socioecon\u00f4micas e <a href=\"https:\/\/bit.ly\/QueEJusticaEnergetica\" target=\"_blank\" rel=\"noopener\">\u00e0 injusti\u00e7a energ\u00e9tica distributiva<\/a>. As concession\u00e1rias el\u00e9tricas or\u00e7am o valor que deixam de arrecadar com os gatos de energia e distribuem nas contas de todos os consumidores pagantes. Distribuem-se os custos, mas n\u00e3o a rede.<\/span><\/p>\n<h3>Rede El\u00e9trica em Dados: Estrutura e Acesso \u00e0 Luz no Morro do Sereno, no Complexo da Penha<\/h3>\n<p><a href=\"https:\/\/rioonwatch.org.br\/wp-content\/uploads\/2021\/06\/Um-dos-acessos-ao-Morro-do-Sereno.-Foto-da-pagina-Baile-do-Sereno-no-Facebook.jpg\"><img loading=\"lazy\" decoding=\"async\" class=\"aligncenter wp-image-56494 size-medium\" title=\"Um dos acessos ao Morro do Sereno. Foto da p\u00e1gina Baile do Sereno no Facebook\" src=\"https:\/\/rioonwatch.org.br\/wp-content\/uploads\/2021\/06\/Um-dos-acessos-ao-Morro-do-Sereno.-Foto-da-pagina-Baile-do-Sereno-no-Facebook-620x375.jpg\" alt=\"Um dos acessos ao Morro do Sereno. Foto da p\u00e1gina Baile do Sereno no Facebook\" width=\"620\" height=\"375\" srcset=\"https:\/\/rioonwatch.org.br\/wp-content\/uploads\/2021\/06\/Um-dos-acessos-ao-Morro-do-Sereno.-Foto-da-pagina-Baile-do-Sereno-no-Facebook-620x375.jpg 620w, https:\/\/rioonwatch.org.br\/wp-content\/uploads\/2021\/06\/Um-dos-acessos-ao-Morro-do-Sereno.-Foto-da-pagina-Baile-do-Sereno-no-Facebook-437x264.jpg 437w, https:\/\/rioonwatch.org.br\/wp-content\/uploads\/2021\/06\/Um-dos-acessos-ao-Morro-do-Sereno.-Foto-da-pagina-Baile-do-Sereno-no-Facebook-768x464.jpg 768w, https:\/\/rioonwatch.org.br\/wp-content\/uploads\/2021\/06\/Um-dos-acessos-ao-Morro-do-Sereno.-Foto-da-pagina-Baile-do-Sereno-no-Facebook.jpg 960w\" sizes=\"(max-width: 620px) 100vw, 620px\" \/><\/a><\/p>\n<p><span style=\"font-weight: 400;\">No Morro do Sereno, n\u00e3o \u00e9 diferente: moradores reclamam de pre\u00e7os exorbitantes, da <a href=\"https:\/\/bit.ly\/3hfuwnj\" target=\"_blank\" rel=\"noopener\">falta de estrutura de distribui\u00e7\u00e3o de energia el\u00e9trica<\/a> e da ilumina\u00e7\u00e3o p\u00fablica. A comunidade tem cerca de 3.500 moradores, segundo a Associa\u00e7\u00e3o de Moradores do Morro do Sereno, e cerca 1.500 moradias em 16 ruas e 20 becos. Para atender a esse n\u00famero de moradores na \u00e1rea, h\u00e1 200 postes de ilumina\u00e7\u00e3o, dos quais cinco n\u00e3o est\u00e3o funcionando. Na parte alta da favela, algumas fam\u00edlias vivem em condi\u00e7\u00f5es prec\u00e1rias devido \u00e0 falta de expans\u00e3o da rede el\u00e9trica. Nesta regi\u00e3o, algumas casas vivem na \u201cfase um\u201d e sofrem com constantes apag\u00f5es e com a luz intermitente, a &#8220;<a href=\"https:\/\/bit.ly\/3dC1xrK\" target=\"_blank\" rel=\"noopener\">luz piscando<\/a>&#8220;, j\u00e1 que a tens\u00e3o chega bem fraca, com a rede funcionando \u00e0s vezes \u00e0 meia fase.<\/span><\/p>\n<p><a href=\"https:\/\/rioonwatch.org.br\/wp-content\/uploads\/2021\/06\/Visao-de-satelite-sobre-o-Morro-do-Sereno-na-Penha-Circular.png\"><img loading=\"lazy\" decoding=\"async\" class=\"aligncenter wp-image-56445 size-medium\" title=\"Vis\u00e3o de sat\u00e9lite do Morro do Sereno, na Penha Circular.\" src=\"https:\/\/rioonwatch.org.br\/wp-content\/uploads\/2021\/06\/Visao-de-satelite-sobre-o-Morro-do-Sereno-na-Penha-Circular-620x407.png\" alt=\"Vis\u00e3o de sat\u00e9lite sobre o Morro do Sereno, na Penha Circular\" width=\"620\" height=\"407\" srcset=\"https:\/\/rioonwatch.org.br\/wp-content\/uploads\/2021\/06\/Visao-de-satelite-sobre-o-Morro-do-Sereno-na-Penha-Circular-620x407.png 620w, https:\/\/rioonwatch.org.br\/wp-content\/uploads\/2021\/06\/Visao-de-satelite-sobre-o-Morro-do-Sereno-na-Penha-Circular-402x264.png 402w, https:\/\/rioonwatch.org.br\/wp-content\/uploads\/2021\/06\/Visao-de-satelite-sobre-o-Morro-do-Sereno-na-Penha-Circular-768x505.png 768w, https:\/\/rioonwatch.org.br\/wp-content\/uploads\/2021\/06\/Visao-de-satelite-sobre-o-Morro-do-Sereno-na-Penha-Circular.png 846w\" sizes=\"(max-width: 620px) 100vw, 620px\" \/><\/a><\/p>\n<p><span style=\"font-weight: 400;\">Visando tra\u00e7ar um panorama da urbaniza\u00e7\u00e3o energ\u00e9tica do Morro do Sereno, foi realizada a presente pesquisa quantitativa, in\u00e9dita, junto aos moradores do morro. Como na maior parte das favelas do Rio, h\u00e1 um apag\u00e3o de dados sobre o Sereno. Isso invisibiliza muito da realidade social dos territ\u00f3rios e dificulta que pol\u00edticas p\u00fablicas eficientes sejam desenvolvidas e implementadas. \u00c9 contra essa pol\u00edtica de desconhecimento ativo que esta pesquisa se fez necess\u00e1ria.<\/span><\/p>\n<p><span style=\"font-weight: 400;\">Este trabalho estat\u00edstico foi realizado por uma moradora, com moradores, sobre moradores e para os moradores, mas tamb\u00e9m para a sociedade em geral e o poder p\u00fablico. A pesquisa recebeu logo de in\u00edcio o aux\u00edlio e as indica\u00e7\u00f5es estruturantes de Concei\u00e7\u00e3o Barbosa, presidenta da Associa\u00e7\u00e3o de Moradores do Morro do Sereno. J\u00e1 que n\u00e3o h\u00e1 dados oficiais, os dados produzidos de estimativas populacionais e de domic\u00edlios pela Associa\u00e7\u00e3o de Moradores s\u00e3o os mais confi\u00e1veis. A pesquisa tamb\u00e9m teve a especial ajuda de<\/span><span style=\"font-weight: 400;\"> Cristine Germano, 50, conhecida como \u201cTiti\u201d, que realiza um trabalho incans\u00e1vel como Agente de Transforma\u00e7\u00e3o Social e Cultural no Morro do Sereno<\/span><span style=\"font-weight: 400;\">. Al\u00e9m delas, todo o processo contou com ativistas e lideran\u00e7as locais, agentes de sa\u00fade da fam\u00edlia e rede de amigos e familiares para entender mais sobre o pr\u00f3prio territ\u00f3rio. Todos ajudaram a construir essa pesquisa, inclusive do ponto de vista metodol\u00f3gico e de suas fases.<\/span><\/p>\n<p><span style=\"font-weight: 400;\">Depois de conversas e articula\u00e7\u00f5es com os atores citados acima, foram coletados, no m\u00eas de junho de 2021, de forma presencial e remota, a base de dados que se analisa adiante. Seguindo todos os protocolos de prote\u00e7\u00e3o contra o <a href=\"https:\/\/bit.ly\/2xOpNGB\" target=\"_blank\" rel=\"noopener\">coronav\u00edrus<\/a>, foram conduzidas entrevistas presenciais e foram aplicados question\u00e1rios, tanto f\u00edsicamente quanto <a href=\"https:\/\/bit.ly\/3xM0zSr\" target=\"_blank\" rel=\"noopener\">virtualmente<\/a><\/span><span style=\"font-weight: 400;\">. Atrav\u00e9s dos question\u00e1rios, foi poss\u00edvel tra\u00e7ar um quadro com informa\u00e7\u00f5es populacionais, de perfil socioecon\u00f4mico, de acesso \u00e0 infraestrutura, \u00e0 rede el\u00e9trica e \u00e0 <a href=\"https:\/\/bit.ly\/3hdAPrq\" target=\"_blank\" rel=\"noopener\">tarifa social<\/a>. Foi poss\u00edvel detectar a percep\u00e7\u00e3o local sobre os servi\u00e7os da concession\u00e1ria de luz e o n\u00edvel de auto-organiza\u00e7\u00e3o comunit\u00e1ria necess\u00e1ria para se garantir o acesso \u00e0 eletricidade, al\u00e9m da sensa\u00e7\u00e3o da comunidade com rela\u00e7\u00e3o \u00e0 ilumina\u00e7\u00e3o p\u00fablica de suas ruas e becos. A pesquisa visa perceber tamb\u00e9m se h\u00e1 uma rela\u00e7\u00e3o entre ilumina\u00e7\u00e3o p\u00fablica prec\u00e1ria e seguran\u00e7a p\u00fablica na vis\u00e3o dos moradores e de agentes p\u00fablicos de seguran\u00e7a que atuam na regi\u00e3o. As estat\u00edsticas do Morro do Sereno falam por si s\u00f3.<\/span><\/p>\n<p><span style=\"font-weight: 400;\">Levando em considera\u00e7\u00e3o que h\u00e1 3.500 moradores, esta pesquisa traz dados baseados nas respostas de 96 moradores do Morro do Sereno, um n\u00famero que representa um grau de 95% de confian\u00e7a estat\u00edstica. Ouvindo moradores das mais diversas localidades do morro<\/span><span style=\"font-weight: 400;\">\u2014<\/span><span style=\"font-weight: 400;\">Laj\u00e3o, Largo do Po\u00e7o, Gon\u00e7alves dos Santos, Travessa 1\u00ba de Maio, Travessa Capit\u00e3o, Travessa do Pacheco, Travessa 6, Vi\u00e7osa, Wenceslau Bello e Parte Alta<\/span><span style=\"font-weight: 400;\">\u2014<\/span><span style=\"font-weight: 400;\">os dados apontam que h\u00e1, em m\u00e9dia, 3,2 moradores por casa, cujo tamanho m\u00e9dio \u00e9 de 4,6 c\u00f4modos. Pode-se dizer que, contando com um banheiro e uma cozinha, a maior parte das casas do Sereno tem uma sala e um ou dois quartos. Em 28,1% das casas h\u00e1 5 c\u00f4modos; 16,7% tem 3 c\u00f4modos; e 9,4% 6 c\u00f4modos. Em sua maioria absoluta, a comunidade \u00e9 feita de casas de alvenaria, ligadas \u00e0 rede de \u00e1gua e de eletricidade<\/span><span style=\"font-weight: 400;\">\u2014formal ou informalmente\u2014mas que<\/span><span style=\"font-weight: 400;\"> retratam a vida humilde das fam\u00edlias. Na parte mais alta, onde a comunidade termina \u00e0 beira da <a href=\"https:\/\/bit.ly\/3h5TGpv\" target=\"_blank\" rel=\"noopener\">Mata Atl\u00e2ntica<\/a>, \u00e9 poss\u00edvel encontrar algumas casas de madeira e pau a pique, ora ligadas \u00e0 fase 1 de eletricidade, ora sem eletricidade.<\/span><\/p>\n<p><a href=\"https:\/\/rioonwatch.org.br\/wp-content\/uploads\/2021\/06\/Infografico-Perfil-do-Morro-do-Sereno-Parte-1-de-Julio-Santos-Filho-baseado-nos-dados-da-pesquisa-de-Karina-Figueiredo.-2.jpg\"><img loading=\"lazy\" decoding=\"async\" class=\"aligncenter wp-image-56562 size-medium\" title=\"Infogr\u00e1fico 'Perfil do Morro do Sereno - Parte 1', de Julio Santos Filho baseado nos dados da pesquisa de Karina Figueiredo.\" src=\"https:\/\/rioonwatch.org.br\/wp-content\/uploads\/2021\/06\/Infografico-Perfil-do-Morro-do-Sereno-Parte-1-de-Julio-Santos-Filho-baseado-nos-dados-da-pesquisa-de-Karina-Figueiredo.-2-620x423.jpg\" alt=\"Infogr\u00e1fico 'Perfil do Morro do Sereno - Parte 1', de Julio Santos Filho baseado nos dados da pesquisa de Karina Figueiredo.\" width=\"620\" height=\"423\" srcset=\"https:\/\/rioonwatch.org.br\/wp-content\/uploads\/2021\/06\/Infografico-Perfil-do-Morro-do-Sereno-Parte-1-de-Julio-Santos-Filho-baseado-nos-dados-da-pesquisa-de-Karina-Figueiredo.-2-620x423.jpg 620w, https:\/\/rioonwatch.org.br\/wp-content\/uploads\/2021\/06\/Infografico-Perfil-do-Morro-do-Sereno-Parte-1-de-Julio-Santos-Filho-baseado-nos-dados-da-pesquisa-de-Karina-Figueiredo.-2-1024x698.jpg 1024w, https:\/\/rioonwatch.org.br\/wp-content\/uploads\/2021\/06\/Infografico-Perfil-do-Morro-do-Sereno-Parte-1-de-Julio-Santos-Filho-baseado-nos-dados-da-pesquisa-de-Karina-Figueiredo.-2-387x264.jpg 387w, https:\/\/rioonwatch.org.br\/wp-content\/uploads\/2021\/06\/Infografico-Perfil-do-Morro-do-Sereno-Parte-1-de-Julio-Santos-Filho-baseado-nos-dados-da-pesquisa-de-Karina-Figueiredo.-2-768x524.jpg 768w, https:\/\/rioonwatch.org.br\/wp-content\/uploads\/2021\/06\/Infografico-Perfil-do-Morro-do-Sereno-Parte-1-de-Julio-Santos-Filho-baseado-nos-dados-da-pesquisa-de-Karina-Figueiredo.-2-1536x1047.jpg 1536w, https:\/\/rioonwatch.org.br\/wp-content\/uploads\/2021\/06\/Infografico-Perfil-do-Morro-do-Sereno-Parte-1-de-Julio-Santos-Filho-baseado-nos-dados-da-pesquisa-de-Karina-Figueiredo.-2.jpg 1600w\" sizes=\"(max-width: 620px) 100vw, 620px\" \/><\/a><\/p>\n<p><span style=\"font-weight: 400;\">O Morro do Sereno \u00e9 uma favela relativamente pequena e n\u00e3o muito populosa. Ocupa aproximadamente 4,5km\u00b2 de uma das faces da serra onde fica o Complexo da Penha, voltada para os bairros da Penha Circular e de <a href=\"https:\/\/bit.ly\/3ghTuQg\" target=\"_blank\" rel=\"noopener\">Br\u00e1s de Pina<\/a>. N\u00e3o \u00e9 uma favela densamente povoada, tendo por volta de 780 habitantes por km\u00b2.<\/span><\/p>\n<p><img loading=\"lazy\" decoding=\"async\" class=\"aligncenter wp-image-56563 size-medium\" title=\"Infogr\u00e1fico 'Perfil do Morro do Sereno - Parte 2', de Julio Santos Filho baseado nos dados da pesquisa de Karina Figueiredo.\" src=\"https:\/\/rioonwatch.org.br\/wp-content\/uploads\/2021\/06\/Infografico-Perfil-do-Morro-do-Sereno-Parte-2-de-Julio-Santos-Filho-baseado-nos-dados-da-pesquisa-de-Karina-Figueiredo.-1-620x405.jpg\" alt=\"Infogr\u00e1fico 'Perfil do Morro do Sereno - Parte 2', de Julio Santos Filho baseado nos dados da pesquisa de Karina Figueiredo.\" width=\"620\" height=\"405\" srcset=\"https:\/\/rioonwatch.org.br\/wp-content\/uploads\/2021\/06\/Infografico-Perfil-do-Morro-do-Sereno-Parte-2-de-Julio-Santos-Filho-baseado-nos-dados-da-pesquisa-de-Karina-Figueiredo.-1-620x405.jpg 620w, https:\/\/rioonwatch.org.br\/wp-content\/uploads\/2021\/06\/Infografico-Perfil-do-Morro-do-Sereno-Parte-2-de-Julio-Santos-Filho-baseado-nos-dados-da-pesquisa-de-Karina-Figueiredo.-1-1024x668.jpg 1024w, https:\/\/rioonwatch.org.br\/wp-content\/uploads\/2021\/06\/Infografico-Perfil-do-Morro-do-Sereno-Parte-2-de-Julio-Santos-Filho-baseado-nos-dados-da-pesquisa-de-Karina-Figueiredo.-1-405x264.jpg 405w, https:\/\/rioonwatch.org.br\/wp-content\/uploads\/2021\/06\/Infografico-Perfil-do-Morro-do-Sereno-Parte-2-de-Julio-Santos-Filho-baseado-nos-dados-da-pesquisa-de-Karina-Figueiredo.-1-768x501.jpg 768w, https:\/\/rioonwatch.org.br\/wp-content\/uploads\/2021\/06\/Infografico-Perfil-do-Morro-do-Sereno-Parte-2-de-Julio-Santos-Filho-baseado-nos-dados-da-pesquisa-de-Karina-Figueiredo.-1-1536x1002.jpg 1536w, https:\/\/rioonwatch.org.br\/wp-content\/uploads\/2021\/06\/Infografico-Perfil-do-Morro-do-Sereno-Parte-2-de-Julio-Santos-Filho-baseado-nos-dados-da-pesquisa-de-Karina-Figueiredo.-1.jpg 1600w\" sizes=\"(max-width: 620px) 100vw, 620px\" \/><\/p>\n<p><span style=\"font-weight: 400;\">Predominantemente negros, 89% da popula\u00e7\u00e3o do Sereno se autodeclara negra, parda ou morena (s\u00f3 <\/span><span style=\"font-weight: 400;\">10% de brancos e 1% \u201cn\u00e3o informado\u201d), e<\/span><span style=\"font-weight: 400;\"> n\u00e3o t\u00eam um perfil jovem: a idade m\u00e9dia dos entrevistados \u00e9 de 38 anos, quase dez anos a mais que a <\/span><a href=\"https:\/\/bit.ly\/3gUWZyD\" target=\"_blank\" rel=\"noopener\"><span style=\"font-weight: 400;\">m\u00e9dia de 29,5 anos dos moradores de favela no Brasil<\/span><\/a><span style=\"font-weight: 400;\">. Al\u00e9m disso, a grande maioria dos entrevistados declararam estar empregados ou ocupados de alguma maneira (95%). As profiss\u00f5es mais comuns citadas foram dona de casa (14,7%), aut\u00f4nomo (9,5%), faxineiro, dom\u00e9stica ou diarista (8,4%) e auxiliar de servi\u00e7os gerais (5,3%).<\/span><\/p>\n<p><a href=\"https:\/\/rioonwatch.org.br\/wp-content\/uploads\/2021\/06\/Grafico-Qual-seu-emprego-ou-ocupacao-de-Julio-Santos-Filho-baseado-nos-dados-da-pesquisa-de-Karina-Figueiredo.png\"><img loading=\"lazy\" decoding=\"async\" class=\"aligncenter wp-image-56607\" title=\"Gr\u00e1fico 'Qual seu emprego ou ocupa\u00e7\u00e3o', de Julio Santos Filho baseado nos dados da pesquisa de Karina Figueiredo\" src=\"https:\/\/rioonwatch.org.br\/wp-content\/uploads\/2021\/06\/Grafico-Qual-seu-emprego-ou-ocupacao-de-Julio-Santos-Filho-baseado-nos-dados-da-pesquisa-de-Karina-Figueiredo.png\" alt=\"Gr\u00e1fico 'Qual seu emprego ou ocupa\u00e7\u00e3o', de Julio Santos Filho baseado nos dados da pesquisa de Karina Figueiredo\" width=\"620\" height=\"383\" srcset=\"https:\/\/rioonwatch.org.br\/wp-content\/uploads\/2021\/06\/Grafico-Qual-seu-emprego-ou-ocupacao-de-Julio-Santos-Filho-baseado-nos-dados-da-pesquisa-de-Karina-Figueiredo.png 600w, https:\/\/rioonwatch.org.br\/wp-content\/uploads\/2021\/06\/Grafico-Qual-seu-emprego-ou-ocupacao-de-Julio-Santos-Filho-baseado-nos-dados-da-pesquisa-de-Karina-Figueiredo-427x264.png 427w\" sizes=\"(max-width: 620px) 100vw, 620px\" \/><\/a><\/p>\n<p><a href=\"https:\/\/rioonwatch.org.br\/wp-content\/uploads\/2021\/06\/Infografico-Perfil-Racial-do-Morro-do-Sereno-de-Julio-Santos-Filho-baseado-nos-dados-da-pesquisa-de-Karina-Figueiredo.-1.jpg\"><img loading=\"lazy\" decoding=\"async\" class=\"aligncenter wp-image-56568 size-medium\" title=\"Infogr\u00e1fico 'Perfil Racial do Morro do Sereno', de Julio Santos Filho baseado nos dados da pesquisa de Karina Figueiredo.\" src=\"https:\/\/rioonwatch.org.br\/wp-content\/uploads\/2021\/06\/Infografico-Perfil-Racial-do-Morro-do-Sereno-de-Julio-Santos-Filho-baseado-nos-dados-da-pesquisa-de-Karina-Figueiredo.-1-620x387.jpg\" alt=\"Infogr\u00e1fico 'Perfil Racial do Morro do Sereno', de Julio Santos Filho baseado nos dados da pesquisa de Karina Figueiredo.\" width=\"620\" height=\"387\" srcset=\"https:\/\/rioonwatch.org.br\/wp-content\/uploads\/2021\/06\/Infografico-Perfil-Racial-do-Morro-do-Sereno-de-Julio-Santos-Filho-baseado-nos-dados-da-pesquisa-de-Karina-Figueiredo.-1-620x387.jpg 620w, https:\/\/rioonwatch.org.br\/wp-content\/uploads\/2021\/06\/Infografico-Perfil-Racial-do-Morro-do-Sereno-de-Julio-Santos-Filho-baseado-nos-dados-da-pesquisa-de-Karina-Figueiredo.-1-1024x639.jpg 1024w, https:\/\/rioonwatch.org.br\/wp-content\/uploads\/2021\/06\/Infografico-Perfil-Racial-do-Morro-do-Sereno-de-Julio-Santos-Filho-baseado-nos-dados-da-pesquisa-de-Karina-Figueiredo.-1-423x264.jpg 423w, https:\/\/rioonwatch.org.br\/wp-content\/uploads\/2021\/06\/Infografico-Perfil-Racial-do-Morro-do-Sereno-de-Julio-Santos-Filho-baseado-nos-dados-da-pesquisa-de-Karina-Figueiredo.-1-768x479.jpg 768w, https:\/\/rioonwatch.org.br\/wp-content\/uploads\/2021\/06\/Infografico-Perfil-Racial-do-Morro-do-Sereno-de-Julio-Santos-Filho-baseado-nos-dados-da-pesquisa-de-Karina-Figueiredo.-1-1536x958.jpg 1536w, https:\/\/rioonwatch.org.br\/wp-content\/uploads\/2021\/06\/Infografico-Perfil-Racial-do-Morro-do-Sereno-de-Julio-Santos-Filho-baseado-nos-dados-da-pesquisa-de-Karina-Figueiredo.-1.jpg 1600w\" sizes=\"(max-width: 620px) 100vw, 620px\" \/><\/a><\/p>\n<p><span style=\"font-weight: 400;\">Outro dado que se soma a esta an\u00e1lise \u00e9 o da renda domiciliar m\u00e9dia que, no Sereno, est\u00e1 em torno de R$1.360 por domic\u00edlio, um pouco mais de um sal\u00e1rio m\u00ednimo para sustentar, em m\u00e9dia, 3,2 pessoas por m\u00eas, o que perfaz R$425 por morador por m\u00eas. Para a pesquisa, somente 5% da popula\u00e7\u00e3o ouvida declarou estar desocupada. Ocupados ou n\u00e3o, \u00e9 ineg\u00e1vel a inseguran\u00e7a econ\u00f4mica, social e alimentar, com or\u00e7amentos familiares j\u00e1 impactados pela crescente infla\u00e7\u00e3o.<\/span><\/p>\n<p><a href=\"https:\/\/rioonwatch.org.br\/wp-content\/uploads\/2021\/06\/Grafico-Qual-sua-renda-familiar-mensal-de-Julio-Santos-Filho-baseado-nos-dados-da-pesquisa-de-Karina-Figueiredo..png\"><img loading=\"lazy\" decoding=\"async\" class=\"wp-image-56502 aligncenter\" title=\"Gr\u00e1fico 'Qual sua renda familiar mensal', de Julio Santos Filho baseado nos dados da pesquisa de Karina Figueiredo.\" src=\"https:\/\/rioonwatch.org.br\/wp-content\/uploads\/2021\/06\/Grafico-Qual-sua-renda-familiar-mensal-de-Julio-Santos-Filho-baseado-nos-dados-da-pesquisa-de-Karina-Figueiredo..png\" alt=\"Gr\u00e1fico 'Qual sua renda familiar mensal', de Julio Santos Filho baseado nos dados da pesquisa de Karina Figueiredo.\" width=\"620\" height=\"383\" srcset=\"https:\/\/rioonwatch.org.br\/wp-content\/uploads\/2021\/06\/Grafico-Qual-sua-renda-familiar-mensal-de-Julio-Santos-Filho-baseado-nos-dados-da-pesquisa-de-Karina-Figueiredo..png 600w, https:\/\/rioonwatch.org.br\/wp-content\/uploads\/2021\/06\/Grafico-Qual-sua-renda-familiar-mensal-de-Julio-Santos-Filho-baseado-nos-dados-da-pesquisa-de-Karina-Figueiredo.-427x264.png 427w\" sizes=\"(max-width: 620px) 100vw, 620px\" \/><\/a><\/p>\n<p><span style=\"font-weight: 400;\">A press\u00e3o econ\u00f4mica que os custos da energia el\u00e9trica exercem sobre o or\u00e7amento dos moradores do morro \u00e9 percept\u00edvel nos dados: a renda m\u00e9dia local por casa \u00e9 de R$1.358,55 enquanto a conta de luz paga pelos moradores que t\u00eam acesso legal ao servi\u00e7o da Light \u00e9, em m\u00e9dia, de R$154,50, ou seja, mais de 10% da renda familiar m\u00e9dia neste territ\u00f3rio. Apesar da <\/span><a href=\"https:\/\/bit.ly\/34H7Rui\" target=\"_blank\" rel=\"noopener\"><span style=\"font-weight: 400;\">energia el\u00e9trica ainda n\u00e3o ser um direito social na Constitui\u00e7\u00e3o brasileira<\/span><\/a><span style=\"font-weight: 400;\">, \u00e9 um direito ser benefici\u00e1rio do <a href=\"https:\/\/bit.ly\/3hdAPrq\" target=\"_blank\" rel=\"noopener\">Programa Tarifa Social<\/a>. Contudo, somente 4,2% dos moradores declararam ser benefici\u00e1rios do programa.<\/span><a href=\"https:\/\/rioonwatch.org.br\/wp-content\/uploads\/2021\/06\/Grafico-Qual-sua-renda-familiar-mensal-de-Julio-Santos-Filho-baseado-nos-dados-da-pesquisa-de-Karina-Figueiredo..png\"><img loading=\"lazy\" decoding=\"async\" class=\"aligncenter wp-image-56478\" title=\"Gr\u00e1fico 'Quanto custa sua conta de luz', de Julio Santos Filho baseado nos dados da pesquisa de Karina Figueiredo.\" src=\"https:\/\/rioonwatch.org.br\/wp-content\/uploads\/2021\/06\/Grafico-Quanto-custa-sua-conta-de-luz-de-Julio-Santos-Filho-baseado-nos-dados-da-pesquisa-de-Karina-Figueiredo.-1.png\" alt=\"Gr\u00e1fico 'Quanto custa sua conta de luz', de Julio Santos Filho baseado nos dados da pesquisa de Karina Figueiredo.\" width=\"620\" height=\"383\" srcset=\"https:\/\/rioonwatch.org.br\/wp-content\/uploads\/2021\/06\/Grafico-Quanto-custa-sua-conta-de-luz-de-Julio-Santos-Filho-baseado-nos-dados-da-pesquisa-de-Karina-Figueiredo.-1.png 600w, https:\/\/rioonwatch.org.br\/wp-content\/uploads\/2021\/06\/Grafico-Quanto-custa-sua-conta-de-luz-de-Julio-Santos-Filho-baseado-nos-dados-da-pesquisa-de-Karina-Figueiredo.-1-427x264.png 427w\" sizes=\"(max-width: 620px) 100vw, 620px\" \/><\/a><span style=\"font-weight: 400;\">Cerca de 34,7% t\u00eam rel\u00f3gios em casa atrav\u00e9s dos quais t\u00eam seu consumo de eletricidade auferido pela Light, pagando \u00e0 companhia pelo consumo. Por\u00e9m o dado que mais evidencia o quadro de <\/span><a href=\"https:\/\/bit.ly\/QueEJusticaEnergetica\" target=\"_blank\" rel=\"noopener\"><span style=\"font-weight: 400;\">injusti\u00e7a energ\u00e9tica distributiva<\/span><\/a><span style=\"font-weight: 400;\"> e do <\/span><a href=\"http:\/\/bit.ly\/31mfzWw\" target=\"_blank\" rel=\"noopener\"><span style=\"font-weight: 400;\">fardo dos pre\u00e7os crescentes<\/span><\/a><span style=\"font-weight: 400;\"> \u00e9 que, para mais de 60% da comunidade, <\/span><span style=\"font-weight: 400;\">o que sobra \u00e9 a auto-organiza\u00e7\u00e3o e a <\/span><a href=\"https:\/\/bit.ly\/2WYihBC\" target=\"_blank\" rel=\"noopener\"><span style=\"font-weight: 400;\">auto-instala\u00e7\u00e3o para garantir o acesso \u00e0 luz<\/span><\/a><span style=\"font-weight: 400;\">, \u00e0s vezes atrav\u00e9s do compartilhamento irregular de rel\u00f3gios legalmente instalados pela concession\u00e1ria, outras atrav\u00e9s de liga\u00e7\u00f5es informais nos postes das ruas. \u00c0 pesquisa s\u00f3 22,1% dos moradores afirmaram ser o poder p\u00fablico o \u00fanico respons\u00e1vel por garantir a instala\u00e7\u00e3o, a manuten\u00e7\u00e3o e por cobrir os gastos com a ilumina\u00e7\u00e3o p\u00fablica em sua rua. Enquanto isso, 50,5% disseram que s\u00e3o exclusivamente os moradores e 27,4% disseram que ambos, Estado e moradores, s\u00e3o respons\u00e1veis e mant\u00eam os pontos p\u00fablicos de luz.<\/span><\/p>\n<p><img loading=\"lazy\" decoding=\"async\" class=\"wp-image-56480 aligncenter\" title=\"Gr\u00e1fico 'Na sua rua, quem garante a instala\u00e7\u00e3o, manuten\u00e7\u00e3o, cobre os gastos e etc da ilumina\u00e7\u00e3o p\u00fablica', de Julio Santos Filho baseado nos dados da pesquisa de Karina Figueiredo.\" src=\"https:\/\/rioonwatch.org.br\/wp-content\/uploads\/2021\/06\/Grafico-Na-sua-rua-quem-garante-a-instalacao-manutencao-cobre-os-gastos-e-etc-da-iluminacao-publica-de-Julio-Santos-Filho-baseado-nos-dados-da-pesquisa-de-Karina-Figueiredo..png\" alt=\"Gr\u00e1fico 'Na sua rua, quem garante a instala\u00e7\u00e3o, manuten\u00e7\u00e3o, cobre os gastos e etc da ilumina\u00e7\u00e3o p\u00fablica', de Julio Santos Filho baseado nos dados da pesquisa de Karina Figueiredo.\" width=\"620\" height=\"383\" srcset=\"https:\/\/rioonwatch.org.br\/wp-content\/uploads\/2021\/06\/Grafico-Na-sua-rua-quem-garante-a-instalacao-manutencao-cobre-os-gastos-e-etc-da-iluminacao-publica-de-Julio-Santos-Filho-baseado-nos-dados-da-pesquisa-de-Karina-Figueiredo..png 600w, https:\/\/rioonwatch.org.br\/wp-content\/uploads\/2021\/06\/Grafico-Na-sua-rua-quem-garante-a-instalacao-manutencao-cobre-os-gastos-e-etc-da-iluminacao-publica-de-Julio-Santos-Filho-baseado-nos-dados-da-pesquisa-de-Karina-Figueiredo.-427x264.png 427w\" sizes=\"(max-width: 620px) 100vw, 620px\" \/><\/p>\n<p><span style=\"font-weight: 400;\">A rela\u00e7\u00e3o da comunidade com a eletricidade \u00e9 bastante controversa. Apesar de 56,3% do Sereno declarar um impacto positivo fruto do fornecimento de luz no dia a dia, 28,1% avaliam negativamente o impacto que a eletricidade tem em suas rotinas. A eletricidade, mesmo que de qualidade duvidosa, sem d\u00favida causa melhora nas condi\u00e7\u00f5es de vida e deveria ser garantido quanto <a href=\"https:\/\/bit.ly\/34H7Rui\" target=\"_blank\" rel=\"noopener\">direito social<\/a>.<\/span><\/p>\n<p><a href=\"https:\/\/rioonwatch.org.br\/wp-content\/uploads\/2021\/06\/Grafico-Como-o-acesso-a-energia-eletrica-impacta-seu-dia-a-dia-de-Julio-Santos-Filho-baseado-nos-dados-da-pesquisa-de-Karina-Figueiredo..png\"><img loading=\"lazy\" decoding=\"async\" class=\"aligncenter wp-image-56482\" title=\"Gr\u00e1fico 'Como o acesso \u00e0 energia el\u00e9trica impacta seu dia a dia', de Julio Santos Filho baseado nos dados da pesquisa de Karina Figueiredo.\" src=\"https:\/\/rioonwatch.org.br\/wp-content\/uploads\/2021\/06\/Grafico-Como-o-acesso-a-energia-eletrica-impacta-seu-dia-a-dia-de-Julio-Santos-Filho-baseado-nos-dados-da-pesquisa-de-Karina-Figueiredo..png\" alt=\"Gr\u00e1fico 'Como o acesso \u00e0 energia el\u00e9trica impacta seu dia a dia', de Julio Santos Filho baseado nos dados da pesquisa de Karina Figueiredo.\" width=\"620\" height=\"383\" srcset=\"https:\/\/rioonwatch.org.br\/wp-content\/uploads\/2021\/06\/Grafico-Como-o-acesso-a-energia-eletrica-impacta-seu-dia-a-dia-de-Julio-Santos-Filho-baseado-nos-dados-da-pesquisa-de-Karina-Figueiredo..png 600w, https:\/\/rioonwatch.org.br\/wp-content\/uploads\/2021\/06\/Grafico-Como-o-acesso-a-energia-eletrica-impacta-seu-dia-a-dia-de-Julio-Santos-Filho-baseado-nos-dados-da-pesquisa-de-Karina-Figueiredo.-427x264.png 427w\" sizes=\"(max-width: 620px) 100vw, 620px\" \/><\/a><\/p>\n<p><span style=\"font-weight: 400;\">A pesquisa tamb\u00e9m apontou que mais de 50% dos entrevistados sofre com os <a href=\"https:\/\/bit.ly\/3j94W3c\" target=\"_blank\" rel=\"noopener\">impactos da pandemia na renda<\/a> e deixaram de comprar algum item para se alimentar ou pagar outras despesas essenciais para evitar o corte de energia el\u00e9trica, que, como vimos, corresponde a mais de 10% da renda destas fam\u00edlias. \u201c[A energia el\u00e9trica] impacta negativamente no trabalho em casa. Perdi muita mercadoria. Precisei jogar fora o trabalho de uma semana\u201d, declara M\u00e1rcia Pereira, 42, moradora do Morro do Sereno, que al\u00e9m de comerciante, trabalha como dom\u00e9stica para ampliar a renda da fam\u00edlia.<\/span><\/p>\n<p><span style=\"font-weight: 400;\">No Sereno, 43% dos moradores relataram <a href=\"https:\/\/bit.ly\/2MB78VD\" target=\"_blank\" rel=\"noopener\">j\u00e1 ter perdido eletrodom\u00e9sticos<\/a> gra\u00e7as ao servi\u00e7o prec\u00e1rio de luz, e 57% afirmaram n\u00e3o poder usar seus eletrodom\u00e9sticos sempre do jeito que gostariam, pois a rede n\u00e3o suporta a demanda energ\u00e9tica das casas, sobretudo no ver\u00e3o.\u00a0<\/span><\/p>\n<p><a href=\"https:\/\/rioonwatch.org.br\/wp-content\/uploads\/2021\/06\/Infografico-Perfil-de-Acesso-Eletrico-do-Morro-do-Sereno-Parte-1-de-Julio-Santos-Filho-baseado-nos-dados-da-pesquisa-de-Karina-Figueiredo.-2.jpg\"><img loading=\"lazy\" decoding=\"async\" class=\"aligncenter wp-image-56569 size-medium\" title=\"Infogr\u00e1fico 'Perfil de Acesso El\u00e9trico do Morro do Sereno, Parte 1', de Julio Santos Filho baseado nos dados da pesquisa de Karina Figueiredo.\" src=\"https:\/\/rioonwatch.org.br\/wp-content\/uploads\/2021\/06\/Infografico-Perfil-de-Acesso-Eletrico-do-Morro-do-Sereno-Parte-1-de-Julio-Santos-Filho-baseado-nos-dados-da-pesquisa-de-Karina-Figueiredo.-2-620x406.jpg\" alt=\"Infogr\u00e1fico 'Perfil de Acesso El\u00e9trico do Morro do Sereno, Parte 1', de Julio Santos Filho baseado nos dados da pesquisa de Karina Figueiredo.\" width=\"620\" height=\"406\" srcset=\"https:\/\/rioonwatch.org.br\/wp-content\/uploads\/2021\/06\/Infografico-Perfil-de-Acesso-Eletrico-do-Morro-do-Sereno-Parte-1-de-Julio-Santos-Filho-baseado-nos-dados-da-pesquisa-de-Karina-Figueiredo.-2-620x406.jpg 620w, https:\/\/rioonwatch.org.br\/wp-content\/uploads\/2021\/06\/Infografico-Perfil-de-Acesso-Eletrico-do-Morro-do-Sereno-Parte-1-de-Julio-Santos-Filho-baseado-nos-dados-da-pesquisa-de-Karina-Figueiredo.-2-1024x670.jpg 1024w, https:\/\/rioonwatch.org.br\/wp-content\/uploads\/2021\/06\/Infografico-Perfil-de-Acesso-Eletrico-do-Morro-do-Sereno-Parte-1-de-Julio-Santos-Filho-baseado-nos-dados-da-pesquisa-de-Karina-Figueiredo.-2-403x264.jpg 403w, https:\/\/rioonwatch.org.br\/wp-content\/uploads\/2021\/06\/Infografico-Perfil-de-Acesso-Eletrico-do-Morro-do-Sereno-Parte-1-de-Julio-Santos-Filho-baseado-nos-dados-da-pesquisa-de-Karina-Figueiredo.-2-768x503.jpg 768w, https:\/\/rioonwatch.org.br\/wp-content\/uploads\/2021\/06\/Infografico-Perfil-de-Acesso-Eletrico-do-Morro-do-Sereno-Parte-1-de-Julio-Santos-Filho-baseado-nos-dados-da-pesquisa-de-Karina-Figueiredo.-2-1536x1005.jpg 1536w, https:\/\/rioonwatch.org.br\/wp-content\/uploads\/2021\/06\/Infografico-Perfil-de-Acesso-Eletrico-do-Morro-do-Sereno-Parte-1-de-Julio-Santos-Filho-baseado-nos-dados-da-pesquisa-de-Karina-Figueiredo.-2.jpg 1600w\" sizes=\"(max-width: 620px) 100vw, 620px\" \/><\/a><\/p>\n<p><span style=\"font-weight: 400;\">Devido \u00e0 falta de pol\u00edticas p\u00fablicas para a expans\u00e3o de infraestrutura, como mais postes, transformadores e rel\u00f3gios nas casas com tarifa social, para uma rede el\u00e9trica segura e legal, as \u00e1reas mais altas da comunidade ainda s\u00f3 t\u00eam acesso \u00e0 fase um e enfrentam diariamente apag\u00f5es ou varia\u00e7\u00f5es na rede que impedem o uso dos eletrodom\u00e9sticos como eles necessitam. <\/span><span style=\"font-weight: 400;\">Na parte alta do morro, al\u00e9m da luz ser ruim para os que t\u00eam, h\u00e1 fam\u00edlias cujas <\/span><span style=\"font-weight: 400;\">casas n\u00e3o t\u00eam eletricidade, <\/span><a href=\"https:\/\/bit.ly\/3ozvqy5\" target=\"_blank\" rel=\"noopener\"><span style=\"font-weight: 400;\">vivendo \u00e0 luz de velas, realidade cont\u00ednua no Rio de Janeiro<\/span><\/a><span style=\"font-weight: 400;\">.<\/span><\/p>\n<p><a href=\"https:\/\/rioonwatch.org.br\/wp-content\/uploads\/2021\/06\/Infografico-Perfil-de-Acesso-Eletrico-do-Morro-do-Sereno-Parte-2-de-Julio-Santos-Filho-baseado-nos-dados-da-pesquisa-de-Karina-Figueiredo.-2.jpg\"><img loading=\"lazy\" decoding=\"async\" class=\"aligncenter wp-image-56570 size-medium\" title=\"Infogr\u00e1fico 'Perfil de Acesso El\u00e9trico do Morro do Sereno, Parte 2', de Julio Santos Filho baseado nos dados da pesquisa de Karina Figueiredo.\" src=\"https:\/\/rioonwatch.org.br\/wp-content\/uploads\/2021\/06\/Infografico-Perfil-de-Acesso-Eletrico-do-Morro-do-Sereno-Parte-2-de-Julio-Santos-Filho-baseado-nos-dados-da-pesquisa-de-Karina-Figueiredo.-2-620x451.jpg\" alt=\"Infogr\u00e1fico 'Perfil de Acesso El\u00e9trico do Morro do Sereno, Parte 2', de Julio Santos Filho baseado nos dados da pesquisa de Karina Figueiredo.\" width=\"620\" height=\"451\" srcset=\"https:\/\/rioonwatch.org.br\/wp-content\/uploads\/2021\/06\/Infografico-Perfil-de-Acesso-Eletrico-do-Morro-do-Sereno-Parte-2-de-Julio-Santos-Filho-baseado-nos-dados-da-pesquisa-de-Karina-Figueiredo.-2-620x451.jpg 620w, https:\/\/rioonwatch.org.br\/wp-content\/uploads\/2021\/06\/Infografico-Perfil-de-Acesso-Eletrico-do-Morro-do-Sereno-Parte-2-de-Julio-Santos-Filho-baseado-nos-dados-da-pesquisa-de-Karina-Figueiredo.-2-1024x745.jpg 1024w, https:\/\/rioonwatch.org.br\/wp-content\/uploads\/2021\/06\/Infografico-Perfil-de-Acesso-Eletrico-do-Morro-do-Sereno-Parte-2-de-Julio-Santos-Filho-baseado-nos-dados-da-pesquisa-de-Karina-Figueiredo.-2-363x264.jpg 363w, https:\/\/rioonwatch.org.br\/wp-content\/uploads\/2021\/06\/Infografico-Perfil-de-Acesso-Eletrico-do-Morro-do-Sereno-Parte-2-de-Julio-Santos-Filho-baseado-nos-dados-da-pesquisa-de-Karina-Figueiredo.-2-768x559.jpg 768w, https:\/\/rioonwatch.org.br\/wp-content\/uploads\/2021\/06\/Infografico-Perfil-de-Acesso-Eletrico-do-Morro-do-Sereno-Parte-2-de-Julio-Santos-Filho-baseado-nos-dados-da-pesquisa-de-Karina-Figueiredo.-2-1536x1117.jpg 1536w, https:\/\/rioonwatch.org.br\/wp-content\/uploads\/2021\/06\/Infografico-Perfil-de-Acesso-Eletrico-do-Morro-do-Sereno-Parte-2-de-Julio-Santos-Filho-baseado-nos-dados-da-pesquisa-de-Karina-Figueiredo.-2.jpg 1600w\" sizes=\"(max-width: 620px) 100vw, 620px\" \/><\/a><\/p>\n<p><span style=\"font-weight: 400;\">At\u00e9 mesmo o direito de saber qual a pot\u00eancia el\u00e9trica que chega \u00e0s suas casas no Sereno \u00e9 negado: 75% dos entrevistados n\u00e3o soube informar se a pot\u00eancia el\u00e9trica que chega \u00e0 sua casa \u00e9 monof\u00e1sica, bif\u00e1sica ou trif\u00e1sica. No caso dos moradores que conheciam a pot\u00eancia que chega \u00e0s suas casas, a rede monof\u00e1sica \u00e9 a que serve a maioria das casas. No entanto, ela s\u00f3 permite que sejam ligados aparelhos de at\u00e9 127V, dificultando o uso de bombas de \u00e1gua, ar condicionado e qualquer aparelho que funcione a 220V, estando mais suscept\u00edvel a <\/span><a href=\"https:\/\/bit.ly\/36fggGw\" target=\"_blank\" rel=\"noopener\"><span style=\"font-weight: 400;\">quedas de luz e sobrecargas<\/span><\/a><span style=\"font-weight: 400;\">, que podem at\u00e9 causar inc\u00eandios nos fios e transformadores, recorrentes no ver\u00e3o. <\/span><\/p>\n<p><span style=\"font-weight: 400;\">Dados da pesquisa mostram que 58% dos moradores afirmam ficar sem luz \u00e0s vezes ou frequentemente e 35% dos moradores afirmam ficar mais de 48h sem luz quando h\u00e1 apag\u00f5es, tendo sido esta a resposta mais frequente entre os moradores. A grande maioria, que n\u00e3o tem acesso \u00e0 luz de maneira formal, se v\u00ea sozinha quando esses problemas na rede acontecem: \u201cdependemos de vizinhos com acesso legalizado \u00e0 luz para solicitar reparos\u201d, disse uma moradora.<\/span><\/p>\n<p><a href=\"https:\/\/rioonwatch.org.br\/wp-content\/uploads\/2021\/06\/Infografico-Perfil-de-Acesso-Eletrico-do-Morro-do-Sereno-Parte-3-de-Julio-Santos-Filho-baseado-nos-dados-da-pesquisa-de-Karina-Figueiredo.-2.jpg\"><img loading=\"lazy\" decoding=\"async\" class=\"aligncenter wp-image-56571 size-medium\" title=\"Infogr\u00e1fico 'Perfil de Acesso El\u00e9trico do Morro do Sereno, Parte 3', de Julio Santos Filho baseado nos dados da pesquisa de Karina Figueiredo.\" src=\"https:\/\/rioonwatch.org.br\/wp-content\/uploads\/2021\/06\/Infografico-Perfil-de-Acesso-Eletrico-do-Morro-do-Sereno-Parte-3-de-Julio-Santos-Filho-baseado-nos-dados-da-pesquisa-de-Karina-Figueiredo.-2-620x420.jpg\" alt=\"Infogr\u00e1fico 'Perfil de Acesso El\u00e9trico do Morro do Sereno, Parte 3', de Julio Santos Filho baseado nos dados da pesquisa de Karina Figueiredo.\" width=\"620\" height=\"420\" srcset=\"https:\/\/rioonwatch.org.br\/wp-content\/uploads\/2021\/06\/Infografico-Perfil-de-Acesso-Eletrico-do-Morro-do-Sereno-Parte-3-de-Julio-Santos-Filho-baseado-nos-dados-da-pesquisa-de-Karina-Figueiredo.-2-620x420.jpg 620w, https:\/\/rioonwatch.org.br\/wp-content\/uploads\/2021\/06\/Infografico-Perfil-de-Acesso-Eletrico-do-Morro-do-Sereno-Parte-3-de-Julio-Santos-Filho-baseado-nos-dados-da-pesquisa-de-Karina-Figueiredo.-2-1024x694.jpg 1024w, https:\/\/rioonwatch.org.br\/wp-content\/uploads\/2021\/06\/Infografico-Perfil-de-Acesso-Eletrico-do-Morro-do-Sereno-Parte-3-de-Julio-Santos-Filho-baseado-nos-dados-da-pesquisa-de-Karina-Figueiredo.-2-389x264.jpg 389w, https:\/\/rioonwatch.org.br\/wp-content\/uploads\/2021\/06\/Infografico-Perfil-de-Acesso-Eletrico-do-Morro-do-Sereno-Parte-3-de-Julio-Santos-Filho-baseado-nos-dados-da-pesquisa-de-Karina-Figueiredo.-2-768x521.jpg 768w, https:\/\/rioonwatch.org.br\/wp-content\/uploads\/2021\/06\/Infografico-Perfil-de-Acesso-Eletrico-do-Morro-do-Sereno-Parte-3-de-Julio-Santos-Filho-baseado-nos-dados-da-pesquisa-de-Karina-Figueiredo.-2-1536x1042.jpg 1536w, https:\/\/rioonwatch.org.br\/wp-content\/uploads\/2021\/06\/Infografico-Perfil-de-Acesso-Eletrico-do-Morro-do-Sereno-Parte-3-de-Julio-Santos-Filho-baseado-nos-dados-da-pesquisa-de-Karina-Figueiredo.-2.jpg 1600w\" sizes=\"(max-width: 620px) 100vw, 620px\" \/><\/a><\/p>\n<p><span style=\"font-weight: 400;\">A situa\u00e7\u00e3o dos moradores se torna ainda mais dif\u00edcil devido \u00e0 falta de cadastro na empresa de energia que os impede de solicitar apoio para uma emerg\u00eancia ou quando necess\u00e1rio. Muitas casas j\u00e1 passaram uma semana ou mais sem luz. A moradora Sabrina Pereira, 23, pondera que quando a casa funciona\u00a0 \u201c\u00e0 meia fase\u201d, que \u201c[eletricidade prec\u00e1ria] prejudica muito e pode queimar ou estragar as coisas do meu filho\u201d.<\/span><\/p>\n<p><span style=\"font-weight: 400;\">Apesar de 56% avaliarem a eletricidade em suas rotinas positivamente, 62% declararam o servi\u00e7o da Light como p\u00e9ssimo ou regular no Morro do Sereno. Isso se deve a n\u00e3o terem acesso a um servi\u00e7o de qualidade, legalizado e a pre\u00e7o acess\u00edvel. Os 35% que t\u00eam o servi\u00e7o legal pagam por servi\u00e7os com insuficiente manuten\u00e7\u00e3o, mas dizem n\u00e3o terem sentido <a href=\"https:\/\/bit.ly\/3drXdwc\" target=\"_blank\" rel=\"noopener\">os recentes aumentos na conta de luz<\/a> em seu or\u00e7amento familiar (73%).<\/span><\/p>\n<p><a href=\"https:\/\/rioonwatch.org.br\/wp-content\/uploads\/2021\/06\/Infografico-Perfil-de-Acesso-Eletrico-do-Morro-do-Sereno-Parte-4-de-Julio-Santos-Filho-baseado-nos-dados-da-pesquisa-de-Karina-Figueiredo.-2.jpg\"><img loading=\"lazy\" decoding=\"async\" class=\"aligncenter wp-image-56572 size-medium\" title=\"Infogr\u00e1fico 'Perfil de Acesso El\u00e9trico do Morro do Sereno, Parte 4', de Julio Santos Filho baseado nos dados da pesquisa de Karina Figueiredo.\" src=\"https:\/\/rioonwatch.org.br\/wp-content\/uploads\/2021\/06\/Infografico-Perfil-de-Acesso-Eletrico-do-Morro-do-Sereno-Parte-4-de-Julio-Santos-Filho-baseado-nos-dados-da-pesquisa-de-Karina-Figueiredo.-2-620x424.jpg\" alt=\"Infogr\u00e1fico 'Perfil de Acesso El\u00e9trico do Morro do Sereno, Parte 4', de Julio Santos Filho baseado nos dados da pesquisa de Karina Figueiredo.\" width=\"620\" height=\"424\" srcset=\"https:\/\/rioonwatch.org.br\/wp-content\/uploads\/2021\/06\/Infografico-Perfil-de-Acesso-Eletrico-do-Morro-do-Sereno-Parte-4-de-Julio-Santos-Filho-baseado-nos-dados-da-pesquisa-de-Karina-Figueiredo.-2-620x424.jpg 620w, https:\/\/rioonwatch.org.br\/wp-content\/uploads\/2021\/06\/Infografico-Perfil-de-Acesso-Eletrico-do-Morro-do-Sereno-Parte-4-de-Julio-Santos-Filho-baseado-nos-dados-da-pesquisa-de-Karina-Figueiredo.-2-1024x700.jpg 1024w, https:\/\/rioonwatch.org.br\/wp-content\/uploads\/2021\/06\/Infografico-Perfil-de-Acesso-Eletrico-do-Morro-do-Sereno-Parte-4-de-Julio-Santos-Filho-baseado-nos-dados-da-pesquisa-de-Karina-Figueiredo.-2-386x264.jpg 386w, https:\/\/rioonwatch.org.br\/wp-content\/uploads\/2021\/06\/Infografico-Perfil-de-Acesso-Eletrico-do-Morro-do-Sereno-Parte-4-de-Julio-Santos-Filho-baseado-nos-dados-da-pesquisa-de-Karina-Figueiredo.-2-768x525.jpg 768w, https:\/\/rioonwatch.org.br\/wp-content\/uploads\/2021\/06\/Infografico-Perfil-de-Acesso-Eletrico-do-Morro-do-Sereno-Parte-4-de-Julio-Santos-Filho-baseado-nos-dados-da-pesquisa-de-Karina-Figueiredo.-2-1536x1050.jpg 1536w, https:\/\/rioonwatch.org.br\/wp-content\/uploads\/2021\/06\/Infografico-Perfil-de-Acesso-Eletrico-do-Morro-do-Sereno-Parte-4-de-Julio-Santos-Filho-baseado-nos-dados-da-pesquisa-de-Karina-Figueiredo.-2.jpg 1600w\" sizes=\"(max-width: 620px) 100vw, 620px\" \/><\/a><\/p>\n<h3>Ilumina\u00e7\u00e3o P\u00fablica Prec\u00e1ria e Neglig\u00eancia: Moradores do Sereno Falam sobre o Sentimento de Medo<\/h3>\n<p><span style=\"font-weight: 400;\"><a href=\"https:\/\/rioonwatch.org.br\/wp-content\/uploads\/2021\/06\/Moradores-colocam-lampadas-em-suas-casas-para-iluminar-becos-escuros-e-sem-poste-no-Morro-do-Sereno.-Foto-por-Karina-Figueiredo-scaled.jpg\"><img loading=\"lazy\" decoding=\"async\" class=\"wp-image-56525 alignright\" title=\"Moradores colocam l\u00e2mpadas em suas casas para iluminar becos escuros e sem poste no Morro do Sereno. Foto por Karina Figueiredo\" src=\"https:\/\/rioonwatch.org.br\/wp-content\/uploads\/2021\/06\/Moradores-colocam-lampadas-em-suas-casas-para-iluminar-becos-escuros-e-sem-poste-no-Morro-do-Sereno.-Foto-por-Karina-Figueiredo-scaled.jpg\" alt=\"Moradores colocam l\u00e2mpadas em suas casas para iluminar becos escuros e sem poste no Morro do Sereno. Foto por Karina Figueiredo\" width=\"300\" height=\"400\" srcset=\"https:\/\/rioonwatch.org.br\/wp-content\/uploads\/2021\/06\/Moradores-colocam-lampadas-em-suas-casas-para-iluminar-becos-escuros-e-sem-poste-no-Morro-do-Sereno.-Foto-por-Karina-Figueiredo-scaled.jpg 1920w, https:\/\/rioonwatch.org.br\/wp-content\/uploads\/2021\/06\/Moradores-colocam-lampadas-em-suas-casas-para-iluminar-becos-escuros-e-sem-poste-no-Morro-do-Sereno.-Foto-por-Karina-Figueiredo-465x620.jpg 465w, https:\/\/rioonwatch.org.br\/wp-content\/uploads\/2021\/06\/Moradores-colocam-lampadas-em-suas-casas-para-iluminar-becos-escuros-e-sem-poste-no-Morro-do-Sereno.-Foto-por-Karina-Figueiredo-768x1024.jpg 768w, https:\/\/rioonwatch.org.br\/wp-content\/uploads\/2021\/06\/Moradores-colocam-lampadas-em-suas-casas-para-iluminar-becos-escuros-e-sem-poste-no-Morro-do-Sereno.-Foto-por-Karina-Figueiredo-198x264.jpg 198w, https:\/\/rioonwatch.org.br\/wp-content\/uploads\/2021\/06\/Moradores-colocam-lampadas-em-suas-casas-para-iluminar-becos-escuros-e-sem-poste-no-Morro-do-Sereno.-Foto-por-Karina-Figueiredo-1152x1536.jpg 1152w, https:\/\/rioonwatch.org.br\/wp-content\/uploads\/2021\/06\/Moradores-colocam-lampadas-em-suas-casas-para-iluminar-becos-escuros-e-sem-poste-no-Morro-do-Sereno.-Foto-por-Karina-Figueiredo-1536x2048.jpg 1536w\" sizes=\"(max-width: 300px) 100vw, 300px\" \/><\/a><\/span><\/p>\n<p><span style=\"font-weight: 400;\">Esse quadro de acesso deficit\u00e1rio e de <a href=\"https:\/\/bit.ly\/2Rku5Mf\" target=\"_blank\" rel=\"noopener\">neglig\u00eancia sistem\u00e1tica<\/a> no setor el\u00e9trico tamb\u00e9m se reflete na seguran\u00e7a p\u00fablica e no sentimento generalizado de inseguran\u00e7a e medo. Durante a pesquisa relatos se amontoaram de pessoas que evitam sair de casa \u00e0 noite. Apesar de s\u00f3 cinco dos 200 postes do Sereno estarem sem funcionar durante a pesquisa, o equivalente a 2,5% dos postes da comunidade, 78% acham a ilumina\u00e7\u00e3o do morro p\u00e9ssima ou regular e 76% n\u00e3o acham que o n\u00famero de postes e l\u00e2mpadas em suas ruas e becos \u00e9 suficiente.<\/span><\/p>\n<p><span style=\"font-weight: 400;\">Ao percorrer as travessas da comunidade \u00e0 noite \u00e9 f\u00e1cil perceber a dificuldade de subir as escadas em meio \u00e0 escurid\u00e3o, exceto a ilumina\u00e7\u00e3o do lado de fora das casas, que \u00e9 realizada por moradores. Eles instalam l\u00e2mpadas para iluminar a passagem. Essa observa\u00e7\u00e3o de campo tamb\u00e9m ajuda a explicar o porqu\u00ea 78% dos moradores se consideram os \u00fanicos ou um dos principais respons\u00e1veis pela ilumina\u00e7\u00e3o de suas ruas e becos. As considera\u00e7\u00f5es sobre a ilumina\u00e7\u00e3o p\u00fablica s\u00e3o mais ou menos consensuais em avali\u00e1-la como regular ou p\u00e9ssima: cerca de 5,3% consideram a ilumina\u00e7\u00e3o \u00f3tima, 16,8% boa, 34,7% regular e 43,2% p\u00e9ssima. Consequentemente, 70% dos moradores consideram a comunidade escura, 72% n\u00e3o se sentem seguros a noite, e 75% n\u00e3o se sentem seguros nas suas pr\u00f3prias ruas e becos a noite.<\/span><\/p>\n<p><span style=\"font-weight: 400;\"><a href=\"https:\/\/rioonwatch.org.br\/wp-content\/uploads\/2021\/06\/Grafico-Como-voce-considera-a-iluminacao-publica-na-sua-comunidade-de-Julio-Santos-Filho-baseado-nos-dados-da-pesquisa-de-Karina-Figueiredo..png\"><img loading=\"lazy\" decoding=\"async\" class=\"wp-image-56491 aligncenter\" title=\"Gr\u00e1fico 'Como voc\u00ea considera a ilumina\u00e7\u00e3o p\u00fablica na sua comunidade', de Julio Santos Filho baseado nos dados da pesquisa de Karina Figueiredo.\" src=\"https:\/\/rioonwatch.org.br\/wp-content\/uploads\/2021\/06\/Grafico-Como-voce-considera-a-iluminacao-publica-na-sua-comunidade-de-Julio-Santos-Filho-baseado-nos-dados-da-pesquisa-de-Karina-Figueiredo..png\" alt=\"Gr\u00e1fico 'Como voc\u00ea considera a ilumina\u00e7\u00e3o p\u00fablica na sua comunidade', de Julio Santos Filho baseado nos dados da pesquisa de Karina Figueiredo.\" width=\"620\" height=\"383\" srcset=\"https:\/\/rioonwatch.org.br\/wp-content\/uploads\/2021\/06\/Grafico-Como-voce-considera-a-iluminacao-publica-na-sua-comunidade-de-Julio-Santos-Filho-baseado-nos-dados-da-pesquisa-de-Karina-Figueiredo..png 600w, https:\/\/rioonwatch.org.br\/wp-content\/uploads\/2021\/06\/Grafico-Como-voce-considera-a-iluminacao-publica-na-sua-comunidade-de-Julio-Santos-Filho-baseado-nos-dados-da-pesquisa-de-Karina-Figueiredo.-427x264.png 427w\" sizes=\"(max-width: 620px) 100vw, 620px\" \/><\/a><\/span><\/p>\n<p><span style=\"font-weight: 400;\">Sem ilumina\u00e7\u00e3o p\u00fablica suficiente, o morador se sente inseguro at\u00e9 mesmo em sua pr\u00f3pria rua. Apesar de estarem em seus pr\u00f3prios territ\u00f3rios, onde os caminhos s\u00e3o conhecidos e navegar pode n\u00e3o parecer um problema, h\u00e1 dificuldades de locomo\u00e7\u00e3o nas ruas e becos do Sereno e de milhares de outras favelas \u00e0 noite.\u00a0<\/span><span style=\"font-weight: 400;\">Medo compartilhado pela maioria dos entrevistados, j\u00e1 que 62,1% consideram a pr\u00f3pria rua ou beco escuros, <\/span><span style=\"font-weight: 400;\">41,1% dos entrevistados consideraram a ilumina\u00e7\u00e3o p\u00fablica de sua rua ou beco regular e 34,7% p\u00e9ssima.\u00a0<\/span><\/p>\n<p><span style=\"font-weight: 400;\">Pedro Henrique Machado, 24, morador da <\/span>Avenida Br\u00e1s de Pina, uma das vias de acesso ao Morro do Sereno, foi roubado em uma rua escura e acredita que o roubo tenha sido facilitado pela escurid\u00e3o da rua \u00e0 noite. Ele registrou um boletim de ocorr\u00eancia.<\/p>\n<p><a href=\"https:\/\/rioonwatch.org.br\/wp-content\/uploads\/2021\/06\/Infografico-Pecepcao-dos-Moradores-do-Morro-do-Sereno-Sobre-Seguranca-e-Iluminacao-Publicas-Parte-1-de-Julio-Santos-Filho-baseado-nos-dados-da-pesquisa-de-Karina-Figueiredo.-1.jpg\"><img loading=\"lazy\" decoding=\"async\" class=\"aligncenter wp-image-56573 size-medium\" title=\"Infogr\u00e1fico 'Pecep\u00e7\u00e3o dos Moradores do Morro do Sereno Sobre Seguran\u00e7a e Ilumina\u00e7\u00e3o P\u00fablicas, Parte 1', de Julio Santos Filho baseado nos dados da pesquisa de Karina Figueiredo.\" src=\"https:\/\/rioonwatch.org.br\/wp-content\/uploads\/2021\/06\/Infografico-Pecepcao-dos-Moradores-do-Morro-do-Sereno-Sobre-Seguranca-e-Iluminacao-Publicas-Parte-1-de-Julio-Santos-Filho-baseado-nos-dados-da-pesquisa-de-Karina-Figueiredo.-1-620x432.jpg\" alt=\"Infogr\u00e1fico 'Pecep\u00e7\u00e3o dos Moradores do Morro do Sereno Sobre Seguran\u00e7a e Ilumina\u00e7\u00e3o P\u00fablicas, Parte 1', de Julio Santos Filho baseado nos dados da pesquisa de Karina Figueiredo.\" width=\"620\" height=\"432\" srcset=\"https:\/\/rioonwatch.org.br\/wp-content\/uploads\/2021\/06\/Infografico-Pecepcao-dos-Moradores-do-Morro-do-Sereno-Sobre-Seguranca-e-Iluminacao-Publicas-Parte-1-de-Julio-Santos-Filho-baseado-nos-dados-da-pesquisa-de-Karina-Figueiredo.-1-620x432.jpg 620w, https:\/\/rioonwatch.org.br\/wp-content\/uploads\/2021\/06\/Infografico-Pecepcao-dos-Moradores-do-Morro-do-Sereno-Sobre-Seguranca-e-Iluminacao-Publicas-Parte-1-de-Julio-Santos-Filho-baseado-nos-dados-da-pesquisa-de-Karina-Figueiredo.-1-1024x714.jpg 1024w, https:\/\/rioonwatch.org.br\/wp-content\/uploads\/2021\/06\/Infografico-Pecepcao-dos-Moradores-do-Morro-do-Sereno-Sobre-Seguranca-e-Iluminacao-Publicas-Parte-1-de-Julio-Santos-Filho-baseado-nos-dados-da-pesquisa-de-Karina-Figueiredo.-1-379x264.jpg 379w, https:\/\/rioonwatch.org.br\/wp-content\/uploads\/2021\/06\/Infografico-Pecepcao-dos-Moradores-do-Morro-do-Sereno-Sobre-Seguranca-e-Iluminacao-Publicas-Parte-1-de-Julio-Santos-Filho-baseado-nos-dados-da-pesquisa-de-Karina-Figueiredo.-1-768x535.jpg 768w, https:\/\/rioonwatch.org.br\/wp-content\/uploads\/2021\/06\/Infografico-Pecepcao-dos-Moradores-do-Morro-do-Sereno-Sobre-Seguranca-e-Iluminacao-Publicas-Parte-1-de-Julio-Santos-Filho-baseado-nos-dados-da-pesquisa-de-Karina-Figueiredo.-1-1536x1070.jpg 1536w, https:\/\/rioonwatch.org.br\/wp-content\/uploads\/2021\/06\/Infografico-Pecepcao-dos-Moradores-do-Morro-do-Sereno-Sobre-Seguranca-e-Iluminacao-Publicas-Parte-1-de-Julio-Santos-Filho-baseado-nos-dados-da-pesquisa-de-Karina-Figueiredo.-1.jpg 1600w\" sizes=\"(max-width: 620px) 100vw, 620px\" \/><\/a><\/p>\n<p><span style=\"font-weight: 400;\">Lucas Fernandes Gomes, 19, morador do <a href=\"https:\/\/bit.ly\/2UQWyOq\" target=\"_blank\" rel=\"noopener\">Morro da F\u00e9<\/a>, vizinho ao Sereno, ambos no Complexo da Penha, conta que, h\u00e1 dez anos, \u201cestava indo para casa quando chegaram dois homens para me assaltar. Mas eu n\u00e3o registrei o boletim de ocorr\u00eancia\u201d. Abalado e com medo, ele conclui: \u201ch\u00e1 alguns postes que est\u00e3o desligados, que precisam ser trocados ou melhor distribu\u00eddos para melhorar a luminosidade local.\u201d<\/span><\/p>\n<p><a href=\"https:\/\/rioonwatch.org.br\/wp-content\/uploads\/2021\/06\/Infografico-Pecepcao-dos-Moradores-do-Morro-do-Sereno-Sobre-Seguranca-e-Iluminacao-Publicas-Parte-2-de-Julio-Santos-Filho-baseado-nos-dados-da-pesquisa-de-Karina-Figueiredo.-1.jpg\"><img loading=\"lazy\" decoding=\"async\" class=\"aligncenter wp-image-56574 size-medium\" title=\"Infogr\u00e1fico 'Pecep\u00e7\u00e3o dos Moradores do Morro do Sereno Sobre Seguran\u00e7a e Ilumina\u00e7\u00e3o P\u00fablicas, Parte 2', de Julio Santos Filho baseado nos dados da pesquisa de Karina Figueiredo.\" src=\"https:\/\/rioonwatch.org.br\/wp-content\/uploads\/2021\/06\/Infografico-Pecepcao-dos-Moradores-do-Morro-do-Sereno-Sobre-Seguranca-e-Iluminacao-Publicas-Parte-2-de-Julio-Santos-Filho-baseado-nos-dados-da-pesquisa-de-Karina-Figueiredo.-1-620x440.jpg\" alt=\"Infogr\u00e1fico 'Pecep\u00e7\u00e3o dos Moradores do Morro do Sereno Sobre Seguran\u00e7a e Ilumina\u00e7\u00e3o P\u00fablicas, Parte 2', de Julio Santos Filho baseado nos dados da pesquisa de Karina Figueiredo.\" width=\"620\" height=\"440\" srcset=\"https:\/\/rioonwatch.org.br\/wp-content\/uploads\/2021\/06\/Infografico-Pecepcao-dos-Moradores-do-Morro-do-Sereno-Sobre-Seguranca-e-Iluminacao-Publicas-Parte-2-de-Julio-Santos-Filho-baseado-nos-dados-da-pesquisa-de-Karina-Figueiredo.-1-620x440.jpg 620w, https:\/\/rioonwatch.org.br\/wp-content\/uploads\/2021\/06\/Infografico-Pecepcao-dos-Moradores-do-Morro-do-Sereno-Sobre-Seguranca-e-Iluminacao-Publicas-Parte-2-de-Julio-Santos-Filho-baseado-nos-dados-da-pesquisa-de-Karina-Figueiredo.-1-1024x727.jpg 1024w, https:\/\/rioonwatch.org.br\/wp-content\/uploads\/2021\/06\/Infografico-Pecepcao-dos-Moradores-do-Morro-do-Sereno-Sobre-Seguranca-e-Iluminacao-Publicas-Parte-2-de-Julio-Santos-Filho-baseado-nos-dados-da-pesquisa-de-Karina-Figueiredo.-1-372x264.jpg 372w, https:\/\/rioonwatch.org.br\/wp-content\/uploads\/2021\/06\/Infografico-Pecepcao-dos-Moradores-do-Morro-do-Sereno-Sobre-Seguranca-e-Iluminacao-Publicas-Parte-2-de-Julio-Santos-Filho-baseado-nos-dados-da-pesquisa-de-Karina-Figueiredo.-1-768x545.jpg 768w, https:\/\/rioonwatch.org.br\/wp-content\/uploads\/2021\/06\/Infografico-Pecepcao-dos-Moradores-do-Morro-do-Sereno-Sobre-Seguranca-e-Iluminacao-Publicas-Parte-2-de-Julio-Santos-Filho-baseado-nos-dados-da-pesquisa-de-Karina-Figueiredo.-1-1536x1091.jpg 1536w, https:\/\/rioonwatch.org.br\/wp-content\/uploads\/2021\/06\/Infografico-Pecepcao-dos-Moradores-do-Morro-do-Sereno-Sobre-Seguranca-e-Iluminacao-Publicas-Parte-2-de-Julio-Santos-Filho-baseado-nos-dados-da-pesquisa-de-Karina-Figueiredo.-1.jpg 1600w\" sizes=\"(max-width: 620px) 100vw, 620px\" \/><\/a><\/p>\n<p><span style=\"font-weight: 400;\">Esse cen\u00e1rio de inseguran\u00e7a e injusti\u00e7a energ\u00e9tica chama a aten\u00e7\u00e3o dos moradores que lutam diariamente por um futuro melhor e mais justo, enfrentando as dificuldades estruturais. Mas a complexidade do tema demanda o envolvimento de moradores de favela, concession\u00e1rias de energia, prefeitura e \u00f3rg\u00e3os de seguran\u00e7a p\u00fablica na busca por respostas acess\u00edveis \u00e0s neglig\u00eancias impostas \u00e0 popula\u00e7\u00e3o das favelas por d\u00e9cadas. Diante disso, \u00e9 necess\u00e1rio pensar em alternativas eficientes para garantir o fornecimento de energia e a ilumina\u00e7\u00e3o p\u00fablica das favelas.<\/span><\/p>\n<p><span style=\"font-weight: 400;\">O trabalhador que acorda \u00e0s cinco da manh\u00e3 ou retorna para casa \u00e0 meia-noite depende que os \u00f3rg\u00e3os trabalhem em conjunto para promover mudan\u00e7as eficientes no territ\u00f3rio. <\/span><span style=\"font-weight: 400;\">Melhorias na ilumina\u00e7\u00e3o p\u00fablica contribuem para a seguran\u00e7a e para a preserva\u00e7\u00e3o da vida. Ao contr\u00e1rio da atual &#8220;escurid\u00e3o p\u00fablica&#8221;, o Morro do Sereno precisa de ilumina\u00e7\u00e3o p\u00fablica. A favela precisa de luz!<\/span><\/p>\n<p><em>Sobre a autora: <a href=\"https:\/\/bit.ly\/3qzj3Dq\" target=\"_blank\" rel=\"noopener\">Karina Figueiredo<\/a>, moradora do Morro do Sereno, \u00e9 j<span data-sheets-value=\"{&quot;1&quot;:2,&quot;2&quot;:&quot;Jornalista rec\u00e9m-formada com experi\u00eancias em cobertura de eventos, ag\u00eancia de not\u00edcias, TV e comunica\u00e7\u00e3o corporativa&quot;}\" data-sheets-userformat=\"{&quot;2&quot;:897,&quot;3&quot;:{&quot;1&quot;:0},&quot;10&quot;:1,&quot;11&quot;:4,&quot;12&quot;:0}\">ornalista com experi\u00eancias em cobertura de eventos, ag\u00eancia de not\u00edcias, TV e comunica\u00e7\u00e3o corporativa.<\/span><\/em><\/p>\n<p><em>Sobre o artista: <a href=\"https:\/\/bit.ly\/2U7H5cu\" target=\"_blank\" rel=\"noopener\">Rafael Doria<\/a> \u00e9 formado em design. Com licenciatura em artes, \u00e9 designer, professor de artes, ilustrador, artista pl\u00e1stico, cen\u00f3grafo, grafiteiro, diretor de arte, curador e orientador de projeto.<\/em><\/p>\n<p><em>Pesquisa sob orienta\u00e7\u00e3o e supervis\u00e3o do soci\u00f3logo <a href=\"https:\/\/bit.ly\/3y56SAO\" target=\"_blank\" rel=\"noopener\">Julio Santos Filho<\/a>. <\/em><em>Infogr\u00e1ficos por Julio Santos Filho e Luiza Almeida.<\/em><\/p>\n<p><em>Esta pesquisa\u00a0<\/em><em>faz parte de uma\u00a0<a href=\"http:\/\/bit.ly\/JusticaEnergeticaNasFavelas\" target=\"_blank\" rel=\"noopener\">s\u00e9rie sobre justi\u00e7a e efici\u00eancia energ\u00e9tica nas favelas<\/a> do Rio.<\/em><\/p>\n<hr \/>\n<h4><b data-stringify-type=\"bold\">Apoie nossos esfor\u00e7os para fornecer apoio estrat\u00e9gico \u00e0s favelas do Rio, incluindo o jornalismo hiperlocal, cr\u00edtico, inovador e incans\u00e1vel do\u00a0<\/b><b data-stringify-type=\"bold\"><i data-stringify-type=\"italic\">RioOnWatch<\/i><\/b>\u2014<strong><a class=\"c-link\" href=\"http:\/\/www.bit.ly\/ApoieROW\" target=\"_blank\" rel=\"noopener noreferrer\" data-stringify-link=\"http:\/\/www.bit.ly\/ApoieROW\" data-sk=\"tooltip_parent\">doe aqui<\/a>.<\/strong><\/h4>\n<!-- AddThis Advanced Settings generic via filter on the_content --><!-- AddThis Share Buttons generic via filter on the_content -->","protected":false},"excerpt":{"rendered":"<div class=\"mh-excerpt\"><p>Click Here for English Esta pesquisa\u00a0faz parte de uma\u00a0s\u00e9rie sobre justi\u00e7a e efici\u00eancia energ\u00e9tica nas favelas\u00a0do Rio.\u00a0 Essa mat\u00e9ria traz os resultados de uma pesquisa, realizada em campo, sobre a estrutura de energia el\u00e9trica e <a class=\"mh-excerpt-more\" href=\"https:\/\/rioonwatch.org.br\/?p=56613\" title=\"Luz em Dados: Um Mergulho Profundo no Acesso, Ilumina\u00e7\u00e3o e Seguran\u00e7a no Morro do Sereno\">[&#8230;]<\/a><!-- AddThis Advanced Settings generic via filter on get_the_excerpt --><!-- AddThis Share Buttons generic via filter on get_the_excerpt --><\/p>\n<\/div>","protected":false},"author":129,"featured_media":56451,"comment_status":"closed","ping_status":"closed","sticky":false,"template":"","format":"standard","meta":{"_acf_changed":false,"_monsterinsights_skip_tracking":false,"_monsterinsights_sitenote_active":false,"_monsterinsights_sitenote_note":"","_monsterinsights_sitenote_category":0,"footnotes":""},"categories":[1621,1632,1625,344,1620],"tags":[1157,2733,2988,3064,655,837,1910,1854,2061,1855,2717,217,2748,2214,831,937,3021,561,324,1795,635,296,1465,1468,417,505,588,2451,657,2588,672,2970,767,578,2037,218],"writer":[3065],"translator":[],"source":[],"ilustrador":[],"fotografo":[],"class_list":{"0":"post-56613","1":"post","2":"type-post","3":"status-publish","4":"format-standard","5":"has-post-thumbnail","7":"category-destaque","8":"category-pesquisa-e-analise","9":"category-por-correspondentes-comunitarios","10":"category-politicas","11":"category-olhonaupp","12":"tag-analise","13":"tag-aneel","14":"tag-apagao","15":"tag-apagao-de-dados","16":"tag-associacao-de-moradores","17":"tag-auto-planejamento","18":"tag-auto-construcao","19":"tag-avenida-brasil","20":"tag-bonsucesso","21":"tag-bras-de-pina","22":"tag-complexo-da-penha","23":"tag-complexo-do-alemao","24":"tag-coronavirus","25":"tag-dados","26":"tag-direito-a-cidade","27":"tag-direito-de-ir-e-vir","28":"tag-eficiencia-energetica","29":"tag-eletricidade","30":"tag-infraestrutura","31":"tag-lideranca-comunitaria","32":"tag-light","33":"tag-mata-atlantica","34":"tag-morro-da-fe","35":"tag-morro-do-sereno","36":"tag-negligencia-do-estado","37":"tag-parceria-publico-privado","38":"tag-pesquisa","39":"tag-politicas-publicas","40":"tag-relato-de-morador","41":"tag-resultados-da-pesquisa","42":"tag-seguranca-publica","43":"tag-serie-justica-energetica","44":"tag-tarifas-de-onibus","45":"tag-trabalho-e-renda","46":"tag-uerj","47":"tag-zona-norte","48":"writer-karina-figueiredo"},"acf":[],"yoast_head":"<!-- This site is optimized with the Yoast SEO plugin v25.6 - https:\/\/yoast.com\/wordpress\/plugins\/seo\/ -->\n<title>Luz em Dados: Um Mergulho Profundo no Acesso, Ilumina\u00e7\u00e3o e Seguran\u00e7a no Morro do Sereno - RioOnWatch<\/title>\n<meta name=\"robots\" content=\"index, follow, max-snippet:-1, max-image-preview:large, max-video-preview:-1\" \/>\n<link rel=\"canonical\" href=\"https:\/\/rioonwatch.org.br\/?p=56613\" \/>\n<meta property=\"og:locale\" content=\"pt_BR\" \/>\n<meta property=\"og:type\" content=\"article\" \/>\n<meta property=\"og:title\" content=\"Luz em Dados: Um Mergulho Profundo no Acesso, Ilumina\u00e7\u00e3o e Seguran\u00e7a no Morro do Sereno - RioOnWatch\" \/>\n<meta property=\"og:description\" content=\"Click Here for English Esta pesquisa\u00a0faz parte de uma\u00a0s\u00e9rie sobre justi\u00e7a e efici\u00eancia energ\u00e9tica nas favelas\u00a0do Rio.\u00a0 Essa mat\u00e9ria traz os resultados de uma pesquisa, realizada em campo, sobre a estrutura de energia el\u00e9trica e [...]\" \/>\n<meta property=\"og:url\" content=\"https:\/\/rioonwatch.org.br\/?p=56613\" \/>\n<meta property=\"og:site_name\" content=\"RioOnWatch\" \/>\n<meta property=\"article:published_time\" content=\"2021-06-30T23:19:58+00:00\" \/>\n<meta property=\"article:modified_time\" content=\"2021-07-23T17:43:31+00:00\" \/>\n<meta property=\"og:image\" content=\"https:\/\/rioonwatch.org.br\/wp-content\/uploads\/2021\/06\/Arte-original-por-Rafael-Doria-1434x629.jpg\" \/>\n\t<meta property=\"og:image:width\" content=\"1434\" \/>\n\t<meta property=\"og:image:height\" content=\"629\" \/>\n\t<meta property=\"og:image:type\" content=\"image\/jpeg\" \/>\n<meta name=\"author\" content=\"Admin\" \/>\n<meta name=\"twitter:card\" content=\"summary_large_image\" \/>\n<meta name=\"twitter:label1\" content=\"Escrito por\" \/>\n\t<meta name=\"twitter:data1\" content=\"Admin\" \/>\n\t<meta name=\"twitter:label2\" content=\"Est. tempo de leitura\" \/>\n\t<meta name=\"twitter:data2\" content=\"22 minutos\" \/>\n<script type=\"application\/ld+json\" class=\"yoast-schema-graph\">{\"@context\":\"https:\/\/schema.org\",\"@graph\":[{\"@type\":\"Article\",\"@id\":\"https:\/\/rioonwatch.org.br\/?p=56613#article\",\"isPartOf\":{\"@id\":\"https:\/\/rioonwatch.org.br\/?p=56613\"},\"author\":{\"name\":\"Admin\",\"@id\":\"https:\/\/rioonwatch.org.br\/#\/schema\/person\/11d64c290506f9df50c71b850c473f68\"},\"headline\":\"Luz em Dados: Um Mergulho Profundo no Acesso, Ilumina\u00e7\u00e3o e Seguran\u00e7a no Morro do Sereno\",\"datePublished\":\"2021-06-30T23:19:58+00:00\",\"dateModified\":\"2021-07-23T17:43:31+00:00\",\"mainEntityOfPage\":{\"@id\":\"https:\/\/rioonwatch.org.br\/?p=56613\"},\"wordCount\":4095,\"publisher\":{\"@id\":\"https:\/\/rioonwatch.org.br\/#organization\"},\"image\":{\"@id\":\"https:\/\/rioonwatch.org.br\/?p=56613#primaryimage\"},\"thumbnailUrl\":\"https:\/\/rioonwatch.org.br\/wp-content\/uploads\/2021\/06\/Arte-original-por-Rafael-Doria.jpg\",\"keywords\":[\"an\u00e1lise\",\"ANEEL\",\"apag\u00e3o\",\"apag\u00e3o de dados\",\"Associa\u00e7\u00e3o de Moradores\",\"auto-planejamento\",\"autoconstru\u00e7\u00e3o\",\"Avenida Brasil\",\"Bonsucesso\",\"Br\u00e1s de Pina\",\"Complexo da Penha\",\"Complexo do Alem\u00e3o\",\"coronav\u00edrus\",\"dados\",\"Direito \u00e0 Cidade\",\"direito de ir e vir\",\"efici\u00eancia energ\u00e9tica\",\"eletricidade\",\"infraestrutura\",\"lideran\u00e7a comunit\u00e1ria\",\"Light\",\"Mata Atl\u00e2ntica\",\"Morro da F\u00e9\",\"Morro do Sereno\",\"Neglig\u00eancia do Estado\",\"Parceria P\u00fablico-Privada\",\"pesquisa\",\"pol\u00edticas p\u00fablicas\",\"relato de morador\",\"resultados da pesquisa\",\"seguran\u00e7a p\u00fablica\",\"S\u00e9rie: Justi\u00e7a Energ\u00e9tica\",\"tarifas de \u00f4nibus\",\"Trabalho e renda\",\"UERJ\",\"Zona Norte\"],\"articleSection\":[\"*Destaque\",\"Dados e Pesquisa\",\"Escrito por Comunicadores Populares\",\"Pol\u00edticas\",\"Seguran\u00e7a P\u00fablica\"],\"inLanguage\":\"pt-BR\"},{\"@type\":\"WebPage\",\"@id\":\"https:\/\/rioonwatch.org.br\/?p=56613\",\"url\":\"https:\/\/rioonwatch.org.br\/?p=56613\",\"name\":\"Luz em Dados: Um Mergulho Profundo no Acesso, Ilumina\u00e7\u00e3o e Seguran\u00e7a no Morro do Sereno - RioOnWatch\",\"isPartOf\":{\"@id\":\"https:\/\/rioonwatch.org.br\/#website\"},\"primaryImageOfPage\":{\"@id\":\"https:\/\/rioonwatch.org.br\/?p=56613#primaryimage\"},\"image\":{\"@id\":\"https:\/\/rioonwatch.org.br\/?p=56613#primaryimage\"},\"thumbnailUrl\":\"https:\/\/rioonwatch.org.br\/wp-content\/uploads\/2021\/06\/Arte-original-por-Rafael-Doria.jpg\",\"datePublished\":\"2021-06-30T23:19:58+00:00\",\"dateModified\":\"2021-07-23T17:43:31+00:00\",\"breadcrumb\":{\"@id\":\"https:\/\/rioonwatch.org.br\/?p=56613#breadcrumb\"},\"inLanguage\":\"pt-BR\",\"potentialAction\":[{\"@type\":\"ReadAction\",\"target\":[\"https:\/\/rioonwatch.org.br\/?p=56613\"]}]},{\"@type\":\"ImageObject\",\"inLanguage\":\"pt-BR\",\"@id\":\"https:\/\/rioonwatch.org.br\/?p=56613#primaryimage\",\"url\":\"https:\/\/rioonwatch.org.br\/wp-content\/uploads\/2021\/06\/Arte-original-por-Rafael-Doria.jpg\",\"contentUrl\":\"https:\/\/rioonwatch.org.br\/wp-content\/uploads\/2021\/06\/Arte-original-por-Rafael-Doria.jpg\",\"width\":2408,\"height\":1056,\"caption\":\"Arte original por Rafael Doria\"},{\"@type\":\"BreadcrumbList\",\"@id\":\"https:\/\/rioonwatch.org.br\/?p=56613#breadcrumb\",\"itemListElement\":[{\"@type\":\"ListItem\",\"position\":1,\"name\":\"In\u00edcio\",\"item\":\"https:\/\/rioonwatch.org.br\/\"},{\"@type\":\"ListItem\",\"position\":2,\"name\":\"Luz em Dados: Um Mergulho Profundo no Acesso, Ilumina\u00e7\u00e3o e Seguran\u00e7a no Morro do Sereno\"}]},{\"@type\":\"WebSite\",\"@id\":\"https:\/\/rioonwatch.org.br\/#website\",\"url\":\"https:\/\/rioonwatch.org.br\/\",\"name\":\"RioOnWatch\",\"description\":\"relatos das favelas cariocas\",\"publisher\":{\"@id\":\"https:\/\/rioonwatch.org.br\/#organization\"},\"potentialAction\":[{\"@type\":\"SearchAction\",\"target\":{\"@type\":\"EntryPoint\",\"urlTemplate\":\"https:\/\/rioonwatch.org.br\/?s={search_term_string}\"},\"query-input\":{\"@type\":\"PropertyValueSpecification\",\"valueRequired\":true,\"valueName\":\"search_term_string\"}}],\"inLanguage\":\"pt-BR\"},{\"@type\":\"Organization\",\"@id\":\"https:\/\/rioonwatch.org.br\/#organization\",\"name\":\"RioOnWatch\",\"url\":\"https:\/\/rioonwatch.org.br\/\",\"logo\":{\"@type\":\"ImageObject\",\"inLanguage\":\"pt-BR\",\"@id\":\"https:\/\/rioonwatch.org.br\/#\/schema\/logo\/image\/\",\"url\":\"https:\/\/rioonwatch.org.br\/wp-content\/uploads\/2021\/06\/RioOnWatchcabecalhoPT11anos-2.png\",\"contentUrl\":\"https:\/\/rioonwatch.org.br\/wp-content\/uploads\/2021\/06\/RioOnWatchcabecalhoPT11anos-2.png\",\"width\":779,\"height\":277,\"caption\":\"RioOnWatch\"},\"image\":{\"@id\":\"https:\/\/rioonwatch.org.br\/#\/schema\/logo\/image\/\"}},{\"@type\":\"Person\",\"@id\":\"https:\/\/rioonwatch.org.br\/#\/schema\/person\/11d64c290506f9df50c71b850c473f68\",\"name\":\"Admin\",\"image\":{\"@type\":\"ImageObject\",\"inLanguage\":\"pt-BR\",\"@id\":\"https:\/\/rioonwatch.org.br\/#\/schema\/person\/image\/\",\"url\":\"https:\/\/secure.gravatar.com\/avatar\/56211ac74568383903349a1485e3c325?s=96&d=blank&r=g\",\"contentUrl\":\"https:\/\/secure.gravatar.com\/avatar\/56211ac74568383903349a1485e3c325?s=96&d=blank&r=g\",\"caption\":\"Admin\"},\"url\":\"https:\/\/rioonwatch.org.br\/?author=129\"}]}<\/script>\n<!-- \/ Yoast SEO plugin. -->","yoast_head_json":{"title":"Luz em Dados: Um Mergulho Profundo no Acesso, Ilumina\u00e7\u00e3o e Seguran\u00e7a no Morro do Sereno - RioOnWatch","robots":{"index":"index","follow":"follow","max-snippet":"max-snippet:-1","max-image-preview":"max-image-preview:large","max-video-preview":"max-video-preview:-1"},"canonical":"https:\/\/rioonwatch.org.br\/?p=56613","og_locale":"pt_BR","og_type":"article","og_title":"Luz em Dados: Um Mergulho Profundo no Acesso, Ilumina\u00e7\u00e3o e Seguran\u00e7a no Morro do Sereno - RioOnWatch","og_description":"Click Here for English Esta pesquisa\u00a0faz parte de uma\u00a0s\u00e9rie sobre justi\u00e7a e efici\u00eancia energ\u00e9tica nas favelas\u00a0do Rio.\u00a0 Essa mat\u00e9ria traz os resultados de uma pesquisa, realizada em campo, sobre a estrutura de energia el\u00e9trica e [...]","og_url":"https:\/\/rioonwatch.org.br\/?p=56613","og_site_name":"RioOnWatch","article_published_time":"2021-06-30T23:19:58+00:00","article_modified_time":"2021-07-23T17:43:31+00:00","og_image":[{"width":1434,"height":629,"url":"https:\/\/rioonwatch.org.br\/wp-content\/uploads\/2021\/06\/Arte-original-por-Rafael-Doria-1434x629.jpg","type":"image\/jpeg"}],"author":"Admin","twitter_card":"summary_large_image","twitter_misc":{"Escrito por":"Admin","Est. tempo de leitura":"22 minutos"},"schema":{"@context":"https:\/\/schema.org","@graph":[{"@type":"Article","@id":"https:\/\/rioonwatch.org.br\/?p=56613#article","isPartOf":{"@id":"https:\/\/rioonwatch.org.br\/?p=56613"},"author":{"name":"Admin","@id":"https:\/\/rioonwatch.org.br\/#\/schema\/person\/11d64c290506f9df50c71b850c473f68"},"headline":"Luz em Dados: Um Mergulho Profundo no Acesso, Ilumina\u00e7\u00e3o e Seguran\u00e7a no Morro do Sereno","datePublished":"2021-06-30T23:19:58+00:00","dateModified":"2021-07-23T17:43:31+00:00","mainEntityOfPage":{"@id":"https:\/\/rioonwatch.org.br\/?p=56613"},"wordCount":4095,"publisher":{"@id":"https:\/\/rioonwatch.org.br\/#organization"},"image":{"@id":"https:\/\/rioonwatch.org.br\/?p=56613#primaryimage"},"thumbnailUrl":"https:\/\/rioonwatch.org.br\/wp-content\/uploads\/2021\/06\/Arte-original-por-Rafael-Doria.jpg","keywords":["an\u00e1lise","ANEEL","apag\u00e3o","apag\u00e3o de dados","Associa\u00e7\u00e3o de Moradores","auto-planejamento","autoconstru\u00e7\u00e3o","Avenida Brasil","Bonsucesso","Br\u00e1s de Pina","Complexo da Penha","Complexo do Alem\u00e3o","coronav\u00edrus","dados","Direito \u00e0 Cidade","direito de ir e vir","efici\u00eancia energ\u00e9tica","eletricidade","infraestrutura","lideran\u00e7a comunit\u00e1ria","Light","Mata Atl\u00e2ntica","Morro da F\u00e9","Morro do Sereno","Neglig\u00eancia do Estado","Parceria P\u00fablico-Privada","pesquisa","pol\u00edticas p\u00fablicas","relato de morador","resultados da pesquisa","seguran\u00e7a p\u00fablica","S\u00e9rie: Justi\u00e7a Energ\u00e9tica","tarifas de \u00f4nibus","Trabalho e renda","UERJ","Zona Norte"],"articleSection":["*Destaque","Dados e Pesquisa","Escrito por Comunicadores Populares","Pol\u00edticas","Seguran\u00e7a P\u00fablica"],"inLanguage":"pt-BR"},{"@type":"WebPage","@id":"https:\/\/rioonwatch.org.br\/?p=56613","url":"https:\/\/rioonwatch.org.br\/?p=56613","name":"Luz em Dados: Um Mergulho Profundo no Acesso, Ilumina\u00e7\u00e3o e Seguran\u00e7a no Morro do Sereno - RioOnWatch","isPartOf":{"@id":"https:\/\/rioonwatch.org.br\/#website"},"primaryImageOfPage":{"@id":"https:\/\/rioonwatch.org.br\/?p=56613#primaryimage"},"image":{"@id":"https:\/\/rioonwatch.org.br\/?p=56613#primaryimage"},"thumbnailUrl":"https:\/\/rioonwatch.org.br\/wp-content\/uploads\/2021\/06\/Arte-original-por-Rafael-Doria.jpg","datePublished":"2021-06-30T23:19:58+00:00","dateModified":"2021-07-23T17:43:31+00:00","breadcrumb":{"@id":"https:\/\/rioonwatch.org.br\/?p=56613#breadcrumb"},"inLanguage":"pt-BR","potentialAction":[{"@type":"ReadAction","target":["https:\/\/rioonwatch.org.br\/?p=56613"]}]},{"@type":"ImageObject","inLanguage":"pt-BR","@id":"https:\/\/rioonwatch.org.br\/?p=56613#primaryimage","url":"https:\/\/rioonwatch.org.br\/wp-content\/uploads\/2021\/06\/Arte-original-por-Rafael-Doria.jpg","contentUrl":"https:\/\/rioonwatch.org.br\/wp-content\/uploads\/2021\/06\/Arte-original-por-Rafael-Doria.jpg","width":2408,"height":1056,"caption":"Arte original por Rafael Doria"},{"@type":"BreadcrumbList","@id":"https:\/\/rioonwatch.org.br\/?p=56613#breadcrumb","itemListElement":[{"@type":"ListItem","position":1,"name":"In\u00edcio","item":"https:\/\/rioonwatch.org.br\/"},{"@type":"ListItem","position":2,"name":"Luz em Dados: Um Mergulho Profundo no Acesso, Ilumina\u00e7\u00e3o e Seguran\u00e7a no Morro do Sereno"}]},{"@type":"WebSite","@id":"https:\/\/rioonwatch.org.br\/#website","url":"https:\/\/rioonwatch.org.br\/","name":"RioOnWatch","description":"relatos das favelas cariocas","publisher":{"@id":"https:\/\/rioonwatch.org.br\/#organization"},"potentialAction":[{"@type":"SearchAction","target":{"@type":"EntryPoint","urlTemplate":"https:\/\/rioonwatch.org.br\/?s={search_term_string}"},"query-input":{"@type":"PropertyValueSpecification","valueRequired":true,"valueName":"search_term_string"}}],"inLanguage":"pt-BR"},{"@type":"Organization","@id":"https:\/\/rioonwatch.org.br\/#organization","name":"RioOnWatch","url":"https:\/\/rioonwatch.org.br\/","logo":{"@type":"ImageObject","inLanguage":"pt-BR","@id":"https:\/\/rioonwatch.org.br\/#\/schema\/logo\/image\/","url":"https:\/\/rioonwatch.org.br\/wp-content\/uploads\/2021\/06\/RioOnWatchcabecalhoPT11anos-2.png","contentUrl":"https:\/\/rioonwatch.org.br\/wp-content\/uploads\/2021\/06\/RioOnWatchcabecalhoPT11anos-2.png","width":779,"height":277,"caption":"RioOnWatch"},"image":{"@id":"https:\/\/rioonwatch.org.br\/#\/schema\/logo\/image\/"}},{"@type":"Person","@id":"https:\/\/rioonwatch.org.br\/#\/schema\/person\/11d64c290506f9df50c71b850c473f68","name":"Admin","image":{"@type":"ImageObject","inLanguage":"pt-BR","@id":"https:\/\/rioonwatch.org.br\/#\/schema\/person\/image\/","url":"https:\/\/secure.gravatar.com\/avatar\/56211ac74568383903349a1485e3c325?s=96&d=blank&r=g","contentUrl":"https:\/\/secure.gravatar.com\/avatar\/56211ac74568383903349a1485e3c325?s=96&d=blank&r=g","caption":"Admin"},"url":"https:\/\/rioonwatch.org.br\/?author=129"}]}},"_links":{"self":[{"href":"https:\/\/rioonwatch.org.br\/index.php?rest_route=\/wp\/v2\/posts\/56613"}],"collection":[{"href":"https:\/\/rioonwatch.org.br\/index.php?rest_route=\/wp\/v2\/posts"}],"about":[{"href":"https:\/\/rioonwatch.org.br\/index.php?rest_route=\/wp\/v2\/types\/post"}],"author":[{"embeddable":true,"href":"https:\/\/rioonwatch.org.br\/index.php?rest_route=\/wp\/v2\/users\/129"}],"replies":[{"embeddable":true,"href":"https:\/\/rioonwatch.org.br\/index.php?rest_route=%2Fwp%2Fv2%2Fcomments&post=56613"}],"version-history":[{"count":24,"href":"https:\/\/rioonwatch.org.br\/index.php?rest_route=\/wp\/v2\/posts\/56613\/revisions"}],"predecessor-version":[{"id":57333,"href":"https:\/\/rioonwatch.org.br\/index.php?rest_route=\/wp\/v2\/posts\/56613\/revisions\/57333"}],"wp:featuredmedia":[{"embeddable":true,"href":"https:\/\/rioonwatch.org.br\/index.php?rest_route=\/wp\/v2\/media\/56451"}],"wp:attachment":[{"href":"https:\/\/rioonwatch.org.br\/index.php?rest_route=%2Fwp%2Fv2%2Fmedia&parent=56613"}],"wp:term":[{"taxonomy":"category","embeddable":true,"href":"https:\/\/rioonwatch.org.br\/index.php?rest_route=%2Fwp%2Fv2%2Fcategories&post=56613"},{"taxonomy":"post_tag","embeddable":true,"href":"https:\/\/rioonwatch.org.br\/index.php?rest_route=%2Fwp%2Fv2%2Ftags&post=56613"},{"taxonomy":"writer","embeddable":true,"href":"https:\/\/rioonwatch.org.br\/index.php?rest_route=%2Fwp%2Fv2%2Fwriter&post=56613"},{"taxonomy":"translator","embeddable":true,"href":"https:\/\/rioonwatch.org.br\/index.php?rest_route=%2Fwp%2Fv2%2Ftranslator&post=56613"},{"taxonomy":"source","embeddable":true,"href":"https:\/\/rioonwatch.org.br\/index.php?rest_route=%2Fwp%2Fv2%2Fsource&post=56613"},{"taxonomy":"ilustrador","embeddable":true,"href":"https:\/\/rioonwatch.org.br\/index.php?rest_route=%2Fwp%2Fv2%2Filustrador&post=56613"},{"taxonomy":"fotografo","embeddable":true,"href":"https:\/\/rioonwatch.org.br\/index.php?rest_route=%2Fwp%2Fv2%2Ffotografo&post=56613"}],"curies":[{"name":"wp","href":"https:\/\/api.w.org\/{rel}","templated":true}]}}