{"id":57038,"date":"2021-07-22T11:07:27","date_gmt":"2021-07-22T14:07:27","guid":{"rendered":"https:\/\/rioonwatch.org.br\/?p=57038"},"modified":"2024-05-24T12:31:07","modified_gmt":"2024-05-24T15:31:07","slug":"uma-sala-de-aula-chamada-morro-do-palacio-a-representatividade-negra-na-educacao","status":"publish","type":"post","link":"https:\/\/rioonwatch.org.br\/?p=57038","title":{"rendered":"Uma Sala de Aula Chamada Morro do Pal\u00e1cio: A Representatividade Negra na Educa\u00e7\u00e3o"},"content":{"rendered":"<p style=\"text-align: right;\"><em><strong><a href=\"https:\/\/bit.ly\/2XEgQfj\" target=\"_blank\" rel=\"noopener noreferrer\">Click Here for English<\/a><a href=\"https:\/\/bit.ly\/2XEgQfj\" target=\"_blank\" rel=\"noopener noreferrer\"><img decoding=\"async\" class=\"alignright wp-image-15790\" src=\"http:\/\/rioonwatch.org.br\/wp-content\/uploads\/2012\/08\/EN-standard-e1439583104716.jpg\" alt=\"\" width=\"20\" height=\"20\" \/><\/a><\/strong><\/em><\/p>\n<p><em>Esta mat\u00e9ria faz parte da\u00a0<a href=\"http:\/\/bit.ly\/DesenraizandoRacismo\" target=\"_blank\" rel=\"noopener\">s\u00e9rie de mat\u00e9rias do projeto antirracista do RioOnWatch<\/a> e tamb\u00e9m<i data-stringify-type=\"italic\">\u00a0de <a href=\"https:\/\/bit.ly\/ROWeNECLES\" target=\"_blank\" rel=\"noopener noreferrer\">uma parceria<\/a>\u00a0com o\u00a0<a href=\"https:\/\/bit.ly\/33EFNGY\" target=\"_blank\" rel=\"noopener noreferrer\">N\u00facleo de Estudos Cr\u00edticos em Linguagem, Educa\u00e7\u00e3o e Sociedade (NECLES)<\/a>, da UFF, para que seja utilizada como um recurso pedag\u00f3gico em escolas p\u00fablicas de Niter\u00f3i. <\/i><\/em><em>Conhe\u00e7a o nosso projeto que traz conte\u00fados midi\u00e1ticos semanais ao longo de 2021:\u00a0<i><a href=\"http:\/\/bit.ly\/EnraizandoIntro\" target=\"_blank\" rel=\"noopener\">Enraizando o Antirracismo nas Favelas<\/a>.<\/i><i>\u00a0P<\/i><i>ara contribuir com essa pauta,\u00a0<a href=\"https:\/\/bit.ly\/PautasAntirracismo\">clique aqui<\/a>.<\/i><\/em><\/p>\n<blockquote><p>&#8220;Os alunos sempre me perguntam: professora, voc\u00ea vai embora? Eu digo que n\u00e3o. Aqui \u00e9 meu lugar.&#8221;<\/p><\/blockquote>\n<p>\u00c9 com essa afirma\u00e7\u00e3o que a professora Jacqueline Lucia Guimar\u00e3es, 42 anos, explica a rela\u00e7\u00e3o dela com o Morro do Pal\u00e1cio. A comunidade \u00e9 localizada no bairro do Ing\u00e1, em uma regi\u00e3o valorizada do centro de <a href=\"https:\/\/rioonwatch.org.br\/?tag=niteroi\" target=\"_blank\" rel=\"noopener\">Niter\u00f3i<\/a>, vizinha dos campi da <a href=\"http:\/\/bit.ly\/2tPZTig\" target=\"_blank\" rel=\"noopener\">Universidade Federal Fluminense (UFF)<\/a> e do Col\u00e9gio Estadual Aurelino Leal, onde Jacqueline trabalha h\u00e1 seis anos.<\/p>\n<p>Nascida e criada na <a href=\"http:\/\/bit.ly\/32JVvht\" target=\"_blank\" rel=\"noopener\">Baixada Fluminense<\/a>, a educadora se mudou para a cidade de Niter\u00f3i quando ingressou no curso de matem\u00e1tica da UFF em 1998, em uma \u00e9poca que n\u00e3o existiam pol\u00edticas p\u00fablicas afirmativas para a popula\u00e7\u00e3o negra. Educadora popular, professora concursada da <a href=\"https:\/\/bit.ly\/3i8hNTO\" target=\"_blank\" rel=\"noopener\">Secretaria de Educa\u00e7\u00e3o de Estado do Rio de Janeiro (SEEDUC)<\/a> e moradora do Morro do Pal\u00e1cio, a trajet\u00f3ria de Jacqueline revela os percal\u00e7os que jovens negros perif\u00e9ricos enfrentam para ingressar e concluir a gradua\u00e7\u00e3o, mas tamb\u00e9m revela como <a href=\"https:\/\/bit.ly\/2Oa1ACd\" target=\"_blank\" rel=\"noopener\">o acesso \u00e0 universidade<\/a> pode transformar rotas e resultar em <a href=\"https:\/\/bit.ly\/3vxEIxP\" target=\"_blank\" rel=\"noopener\">representatividade dentro de sala de aula<\/a>.<\/p>\n<p>&#8220;Eu sinto que os alunos se surpreendem muito com a minha chegada em sala de aula, porque ao eu entrar \u00e0 sala de aula, eles j\u00e1 ficam sabendo que eu moro na comunidade do Morro do Pal\u00e1cio. Quando entro na sala, eu noto essa surpresa deles&#8230; eu n\u00e3o sei se \u00e9 pelo fato de eu ser negra ou se \u00e9 porque moro na comunidade&#8221;, conta Jacqueline.<\/p>\n<p><a href=\"https:\/\/rioonwatch.org.br\/wp-content\/uploads\/2021\/07\/Professora-Jacqueline-Guimaraes.-Arquivo-Pessoal.jpeg\"><img fetchpriority=\"high\" decoding=\"async\" class=\"aligncenter wp-image-57042 size-content\" title=\"Professora Jacqueline Guimar\u00e3es, lecionando matem\u00e1tica no Col\u00e9gio Estadual Aurelino Leal.\" src=\"https:\/\/rioonwatch.org.br\/wp-content\/uploads\/2021\/07\/Professora-Jacqueline-Guimaraes.-Arquivo-Pessoal-620x264.jpeg\" alt=\"\" width=\"620\" height=\"264\" srcset=\"https:\/\/rioonwatch.org.br\/wp-content\/uploads\/2021\/07\/Professora-Jacqueline-Guimaraes.-Arquivo-Pessoal-620x264.jpeg 620w, https:\/\/rioonwatch.org.br\/wp-content\/uploads\/2021\/07\/Professora-Jacqueline-Guimaraes.-Arquivo-Pessoal-940x400.jpeg 940w\" sizes=\"(max-width: 620px) 100vw, 620px\" \/><\/a><\/p>\n<p>Primeira universit\u00e1ria da fam\u00edlia, a educadora precisou morar na <a href=\"https:\/\/bit.ly\/3ekO352\" target=\"_blank\" rel=\"noopener\">Casa do Estudante Fluminense<\/a><em>\u2014<\/em>que atualmente est\u00e1 fechada<em>\u2014<\/em>para conseguir concluir o curso. Ela teve participa\u00e7\u00e3o ativa no movimento estudantil da universidade e foi bolsista da Escola de Engenharia. Jacqueline levou oito anos para concluir o curso de matem\u00e1tica, n\u00e3o apenas pela dificuldade da disciplinas da gradua\u00e7\u00e3o, mas porque se revezava entre aulas na faculdade, est\u00e1gio doc\u00eancia, e ainda, contribu\u00eda com o <a href=\"https:\/\/bit.ly\/3id1WTT\" target=\"_blank\" rel=\"noopener\">Pr\u00e9-Vestibular Social\u00a0da UFF<\/a>, sob a coordena\u00e7\u00e3o do Professor Jairo Selles.<\/p>\n<p>Ao se formar em 2006, como ainda dava aulas no Pr\u00e9-Vestibular Social, ela n\u00e3o quis voltar para a Baixada Fluminense, onde foi criada. Alugou um quitinete no centro de Niter\u00f3i para morar. Por\u00e9m, com a chegada de dois irm\u00e3os que vieram viver com ela para estudar, a falta de espa\u00e7o deixou ela &#8220;inconformada&#8221;.<\/p>\n<p>Procurando uma casa para acomodar melhor a fam\u00edlia, ela entrou em uma rua \u00edngreme e perguntou a uma senhora se havia alguma casa para alugar. &#8220;Ela nunca tinha me visto, mas me indicou que subindo, no final da rua, tinha um senhor que alugava casas. Eu fui. Na verdade, demorou um m\u00eas para eu entender que estava dentro da comunidade do Morro do Pal\u00e1cio&#8221;, conta rindo.<\/p>\n<p><a href=\"https:\/\/rioonwatch.org.br\/wp-content\/uploads\/2021\/07\/Mapa-Aero-do-Morro-do-Palacio_Imagem-NEPHU-UFF.jpg\"><img decoding=\"async\" class=\"aligncenter wp-image-57041 size-medium\" title=\"Mapa A\u00e9reo do Morro do Pal\u00e1cio. Imagem NEPHU UFF\" src=\"https:\/\/rioonwatch.org.br\/wp-content\/uploads\/2021\/07\/Mapa-Aero-do-Morro-do-Palacio_Imagem-NEPHU-UFF-620x310.jpg\" alt=\"\" width=\"620\" height=\"310\" srcset=\"https:\/\/rioonwatch.org.br\/wp-content\/uploads\/2021\/07\/Mapa-Aero-do-Morro-do-Palacio_Imagem-NEPHU-UFF-620x310.jpg 620w, https:\/\/rioonwatch.org.br\/wp-content\/uploads\/2021\/07\/Mapa-Aero-do-Morro-do-Palacio_Imagem-NEPHU-UFF-528x264.jpg 528w, https:\/\/rioonwatch.org.br\/wp-content\/uploads\/2021\/07\/Mapa-Aero-do-Morro-do-Palacio_Imagem-NEPHU-UFF-768x384.jpg 768w, https:\/\/rioonwatch.org.br\/wp-content\/uploads\/2021\/07\/Mapa-Aero-do-Morro-do-Palacio_Imagem-NEPHU-UFF.jpg 1024w\" sizes=\"(max-width: 620px) 100vw, 620px\" \/><\/a><\/p>\n<p>Foi l\u00e1 que ela conheceu Seu Ant\u00f4nio. Ele mostrou uma casa, e Jacqueline pediu um prazo: sete dias para ela juntar o dinheiro do aluguel. Para surpresa dela, ele concordou. &#8220;Foi assim, a palavra dele e a minha, sem papel, sem nada. Eu pensei que ele n\u00e3o fosse dar cr\u00e9dito a minha palavra, mas ele deu. Voltei sete dias depois, fechei neg\u00f3cio, n\u00e3o teve recibo, mas eu confiei&#8221;, lembra.<\/p>\n<p>Dez dias depois, ela mudou para o Morro do Pal\u00e1cio. O ano era 2008. E nunca mais saiu. Em 2014, saiu do aluguel e comprou uma casa na comunidade.<\/p>\n<p>&#8220;\u00c9 incr\u00edvel como a gente se socializa e se acostuma com um lugar. Eu passei a entender melhor a rotina das pessoas, o ser humano&#8230;. tamb\u00e9m os esquemas il\u00edcitos. Fiz uma compara\u00e7\u00e3o com rela\u00e7\u00e3o a viol\u00eancia, principalmente em rela\u00e7\u00e3o a drogas. A [minha] conclus\u00e3o [\u00e9] que essas quest\u00f5es n\u00e3o est\u00e3o especificamente dentro da comunidade. Pode at\u00e9 se concentrar aqui, mas fora dela \u00e9 a mesma coisa. A viol\u00eancia n\u00e3o escolhe endere\u00e7o ou classe social&#8221;.<\/p>\n<p>Jacqueline completa: &#8220;Tamb\u00e9m analisei o carinho das pessoas. Aqui \u00e9 diferente. O respeito, a valoriza\u00e7\u00e3o, o acolhimento entre as pessoas \u00e9 outro. \u00c0s vezes, quando acontece alguma situa\u00e7\u00e3o de viol\u00eancia aqui, os alunos sempre me perguntam: professora, voc\u00ea vai embora? Eu digo que n\u00e3o, que aqui \u00e9 meu lugar. O Morro do Pal\u00e1cio \u00e9 meu lugar. Me sinto acolhida aqui&#8221;.<\/p>\n<h3>Sala de Aula: Um Espa\u00e7o de Representatividade<\/h3>\n<blockquote><p>&#8220;Pensei que aqui \u00e9 meu lugar. Dentro do Morro do Pal\u00e1cio e na sala de aula dessa escola, na qual sou professora dos meus vizinhos.&#8221;<\/p><\/blockquote>\n<p>Desde 2003, atrav\u00e9s da <a href=\"http:\/\/bit.ly\/2X53c2R\" target=\"_blank\" rel=\"noopener\">Lei 10.639\/03<\/a>, tornou-se obrigat\u00f3rio no Brasil o ensino de hist\u00f3ria e cultura afro-brasileira e africana nas escolas p\u00fablicas e privadas dos ensinos fundamental e m\u00e9dio. A lei fez com que figuras hist\u00f3ricas como <a href=\"https:\/\/bit.ly\/3xNCNGc\" target=\"_blank\" rel=\"noopener\">Tereza de Benguela<\/a>\u2014que liderou um quilombo no Mato Grosso, no s\u00e9culo XVIII\u2014passassem a ser mencionadas em sala de aula. Foi uma reivindica\u00e7\u00e3o e conquista do <a href=\"https:\/\/bit.ly\/36Ab0Ng\" target=\"_blank\" rel=\"noopener\">Movimento Negro<\/a>.<\/p>\n<p>Por\u00e9m, os reflexos das desigualdades causadas pelo <a href=\"https:\/\/bit.ly\/3dJXUz0\" target=\"_blank\" rel=\"noopener\">racismo estrutural<\/a> na constru\u00e7\u00e3o de espa\u00e7os est\u00e3o longe de acabar. O desenvolvimento do ensino da hist\u00f3ria e cultura afro-brasileira no plano pedag\u00f3gico, na pr\u00e1tica, acaba dependendo da atua\u00e7\u00e3o da comunidade escolar.<\/p>\n<p>Professora do Estado desde 2012, a experi\u00eancia em sala de aula da educadora, revela como a forma da inser\u00e7\u00e3o do debate sobre a identidade negra dentro da escola, pode influenciar escolhas est\u00e9ticas de alunos e professores, al\u00e9m do empoderamento.<\/p>\n<p>\u201cA coisa que eu mais gostei na escola [Arelino Leal] foi a identidade dos alunos. Sabe por qu\u00ea? Na \u00e9poca, eu alisava meu cabelo. Mas l\u00e1, eu via as meninas adolescentes com o <a href=\"https:\/\/bit.ly\/3idQdo8\" target=\"_blank\" rel=\"noopener\">cabelo cheio, natural, encaracolado<\/a>. Achava lindo ver essa identidade negra e afro. Isso chamava minha aten\u00e7\u00e3o, porque na outra escola que eu dei aula, eu n\u00e3o encontrava essa identidade&#8230; nem fora e nem dentro de mim&#8221;, afirma.<\/p>\n<p><a href=\"https:\/\/rioonwatch.org.br\/wp-content\/uploads\/2021\/07\/Jacqueline-Guimaraes.-Arquivo-Pessoal.jpeg\"><img loading=\"lazy\" decoding=\"async\" class=\"aligncenter wp-image-57043 size-content\" title=\"Jacqueline na \u00e9poca que alisava o cabelo.\" src=\"https:\/\/rioonwatch.org.br\/wp-content\/uploads\/2021\/07\/Jacqueline-Guimaraes.-Arquivo-Pessoal-620x264.jpeg\" alt=\"\" width=\"620\" height=\"264\" srcset=\"https:\/\/rioonwatch.org.br\/wp-content\/uploads\/2021\/07\/Jacqueline-Guimaraes.-Arquivo-Pessoal-620x264.jpeg 620w, https:\/\/rioonwatch.org.br\/wp-content\/uploads\/2021\/07\/Jacqueline-Guimaraes.-Arquivo-Pessoal-940x400.jpeg 940w\" sizes=\"(max-width: 620px) 100vw, 620px\" \/><\/a><\/p>\n<p>O depoimento da professora revela a import\u00e2ncia de um ambiente educacional que gera pertencimento e representatividade. &#8220;Na primeira escola que trabalhei, eu tinha cabelo natural, mas eu alisei ao ir para l\u00e1. Percebo hoje que se minha entrada na sala de aula fosse pelo meu atual local de trabalho, eu jamais teria alisado meu cabelo. Eu me recordo muito bem desse choque de pensamento interno. \u00c9 claro que a gente n\u00e3o pode generalizar. Cada mulher negra deve usar o cabelo como quiser: liso, natural&#8230; mas eu fiquei chocada com a identidade dos alunos na escola que trabalho agora, e como l\u00e1 me ensinou&#8221;. Jacqueline conclui: &#8220;Eu aprendi e tive esse resgate de identidade atrav\u00e9s e com meus alunos. Isso me encantou. Pensei que aqui \u00e9 meu lugar. Dentro do Morro do Pal\u00e1cio e na sala de aula dessa escola, na qual sou professora dos meus vizinhos&#8221;.<\/p>\n<h3>Censo Escolar: Fr\u00e1gil para An\u00e1lises Educacionais por Cor\/Ra\u00e7a<\/h3>\n<p>O estado do Rio de Janeiro est\u00e1 entre os lugares com o <a href=\"https:\/\/bit.ly\/2MO3k3w\">maior n\u00famero de escolas p\u00fablicas do mundo<\/a>, com um total de <a href=\"https:\/\/bit.ly\/2UknZzW\">1.230 escolas<\/a> estaduais distribu\u00eddas em 92 munic\u00edpios. De acordo com apura\u00e7\u00e3o junto \u00e0 SEEDUC, entre 729.000 estudantes de ensino fundamental e m\u00e9dio da rede estadual, 320.000 alunos matriculados se autodeclaram negros e pardos, representando 43,89% do p\u00fablico atendido pelo Estado.<\/p>\n<p>Apesar desta representatividade da popula\u00e7\u00e3o negra nas unidades, o Estado n\u00e3o tem informa\u00e7\u00f5es sobre o quantitativo de professores negros e pardos que trabalham nas escolas da rede. No \u00faltimo <a href=\"https:\/\/bit.ly\/3xgdpIA\">levantamento<\/a> do <a href=\"https:\/\/bit.ly\/3wRtq76\" target=\"_blank\" rel=\"noopener\">Instituto Nacional de Estudos e Pesquisas Educacionais An\u00edsio Teixeira (INEP)<\/a> realizado em 2020, tamb\u00e9m n\u00e3o h\u00e1 dados do n\u00famero de docentes por ra\u00e7a e cor que atuam na educa\u00e7\u00e3o b\u00e1sica, em escolas de nenhum dos estados ou munic\u00edpios do pa\u00eds. A pesquisa sobre a comunidade escolar \u00e9 realizada anualmente pelo INEP.<\/p>\n<p><a href=\"https:\/\/rioonwatch.org.br\/wp-content\/uploads\/2021\/07\/Jacqueline-Guimaraes-com-aluno-medalhista-da-Olimpiada-de-Matematica.-Arquivo-Pessoal.jpeg\"><img loading=\"lazy\" decoding=\"async\" class=\"alignright wp-image-57045\" title=\"Jacqueline com aluno medalhista da Olimp\u00edada de Matem\u00e1tica. \" src=\"https:\/\/rioonwatch.org.br\/wp-content\/uploads\/2021\/07\/Jacqueline-Guimaraes-com-aluno-medalhista-da-Olimpiada-de-Matematica.-Arquivo-Pessoal-198x264.jpeg\" alt=\"\" width=\"300\" height=\"400\" srcset=\"https:\/\/rioonwatch.org.br\/wp-content\/uploads\/2021\/07\/Jacqueline-Guimaraes-com-aluno-medalhista-da-Olimpiada-de-Matematica.-Arquivo-Pessoal-198x264.jpeg 198w, https:\/\/rioonwatch.org.br\/wp-content\/uploads\/2021\/07\/Jacqueline-Guimaraes-com-aluno-medalhista-da-Olimpiada-de-Matematica.-Arquivo-Pessoal-465x620.jpeg 465w, https:\/\/rioonwatch.org.br\/wp-content\/uploads\/2021\/07\/Jacqueline-Guimaraes-com-aluno-medalhista-da-Olimpiada-de-Matematica.-Arquivo-Pessoal-768x1024.jpeg 768w, https:\/\/rioonwatch.org.br\/wp-content\/uploads\/2021\/07\/Jacqueline-Guimaraes-com-aluno-medalhista-da-Olimpiada-de-Matematica.-Arquivo-Pessoal.jpeg 1080w\" sizes=\"(max-width: 300px) 100vw, 300px\" \/><\/a><\/p>\n<p>A aus\u00eancia desses dados chama aten\u00e7\u00e3o, porque o quesito ra\u00e7a e cor \u00e9 um dado de <a href=\"https:\/\/bit.ly\/2Uc78zw\" target=\"_blank\" rel=\"noopener\">coleta obrigat\u00f3rio do Censo Escolar<\/a>, desde 2005, conforme estabelece a <a href=\"https:\/\/bit.ly\/2VG66fp\" target=\"_blank\" rel=\"noopener\">Portaria n\u00ba156, de 2004<\/a>, por solicita\u00e7\u00e3o do Minist\u00e9rio da Educa\u00e7\u00e3o (MEC). A inclus\u00e3o do item &#8220;ra\u00e7a\/cor&#8221; por autodeclara\u00e7\u00e3o no Censo tinha o objetivo de permitir, atrav\u00e9s dos dados, a constru\u00e7\u00e3o de pol\u00edticas afirmativas por governos estaduais, municipais e federal. Essa modifica\u00e7\u00e3o no Censo Escolar atendeu uma demanda hist\u00f3rica, de representa\u00e7\u00e3o, dos movimentos sociais e defendida pela <a href=\"https:\/\/bit.ly\/2Tme9gQ\" target=\"_blank\" rel=\"noopener\">Secretaria de Educa\u00e7\u00e3o Continuada, Alfabetiza\u00e7\u00e3o e Diversidade (SEDACI)<\/a>.<\/p>\n<p>No entanto, nas estat\u00edsticas do Censo Escolar, existem apenas os dados de quesito ra\u00e7a\/cor referentes aos n\u00fameros de alunos matriculados. Docentes s\u00e3o segmentados apenas por sexo, faixa et\u00e1ria, n\u00edvel de escolaridade e forma\u00e7\u00e3o acad\u00eamica.<\/p>\n<p>No relat\u00f3rio &#8220;<a href=\"https:\/\/bit.ly\/3iggvq1\" target=\"_blank\" rel=\"noopener\">A Cor ou Ra\u00e7a nas Estat\u00edsticas Educacionais: Uma An\u00e1lise dos Instrumentos de Pesquisa do INEP<\/a>&#8220;, publicado em 2016, o instituto afirma que &#8220;dois anos depois [da portaria], as orienta\u00e7\u00f5es para a coleta do campo [cor\/ra\u00e7a] passaram a constar no <a href=\"https:\/\/bit.ly\/2Uc78zw\" target=\"_blank\" rel=\"noopener\">Caderno de Instru\u00e7\u00f5es<\/a> [do Censo Escolar]&#8221;. O \u00f3rg\u00e3o enfatizava, inclusive, a &#8220;necessidade de se obedecer aos crit\u00e9rios para o preenchimento do campo, considerado obrigat\u00f3rio desde o in\u00edcio de sua coleta&#8221;, tanto para docentes quanto para alunos.<\/p>\n<p>As categorias de resposta apresentadas para o quesito cor\/ra\u00e7a s\u00e3o similares \u00e0quelas disponibilizadas pelo <a href=\"http:\/\/bit.ly\/2VttR6f\" target=\"_blank\" rel=\"noopener\">IBGE<\/a> em seus levantamentos, com a adi\u00e7\u00e3o da op\u00e7\u00e3o &#8220;n\u00e3o declarada&#8221;.<\/p>\n<p><a href=\"https:\/\/rioonwatch.org.br\/wp-content\/uploads\/2021\/07\/GRAFICO-INEP.jpg\"><img loading=\"lazy\" decoding=\"async\" class=\"aligncenter wp-image-57044 size-medium\" title=\"GR\u00c1FICO - INEP\" src=\"https:\/\/rioonwatch.org.br\/wp-content\/uploads\/2021\/07\/GRAFICO-INEP-620x411.jpg\" alt=\"\" width=\"620\" height=\"411\" srcset=\"https:\/\/rioonwatch.org.br\/wp-content\/uploads\/2021\/07\/GRAFICO-INEP-620x411.jpg 620w, https:\/\/rioonwatch.org.br\/wp-content\/uploads\/2021\/07\/GRAFICO-INEP-398x264.jpg 398w, https:\/\/rioonwatch.org.br\/wp-content\/uploads\/2021\/07\/GRAFICO-INEP-768x509.jpg 768w, https:\/\/rioonwatch.org.br\/wp-content\/uploads\/2021\/07\/GRAFICO-INEP.jpg 802w\" sizes=\"(max-width: 620px) 100vw, 620px\" \/><\/a><\/p>\n<p>Por\u00e9m, o instituto constata que: &#8220;o di\u00e1logo com os parceiros estaduais e municipais, al\u00e9m de visitas in loco, permitiu constatar que v\u00e1rias escolas n\u00e3o dispunham do campo cor\/ra\u00e7a em suas fichas de matr\u00edcula de alunos ou em registros administrativos de profissionais escolares em sala de aula. Em decorr\u00eancia disso, parte do percentual de respostas n\u00e3o declaradas pode ser, em verdade, reflexo do fato de a escola n\u00e3o obter essa informa\u00e7\u00e3o&#8221;. O estudo conclui: &#8220;Apesar de ser um campo de preenchimento obrigat\u00f3rio, o \u00edndice relativamente elevado de respostas \u00e0 op\u00e7\u00e3o &#8216;n\u00e3o declarada&#8217; torna-o ainda fr\u00e1gil para an\u00e1lises educacionais por cor\/ra\u00e7a a partir do Censo Escolar&#8221;.<\/p>\n<p><a href=\"https:\/\/rioonwatch.org.br\/wp-content\/uploads\/2021\/07\/Grafico-SEEDUC-RJ.jpg\"><img loading=\"lazy\" decoding=\"async\" class=\"aligncenter wp-image-57049 size-medium\" title=\"Info gr\u00e1fico - SEEDUC-RJ\" src=\"https:\/\/rioonwatch.org.br\/wp-content\/uploads\/2021\/07\/Grafico-SEEDUC-RJ-620x316.jpg\" alt=\"\" width=\"620\" height=\"316\" srcset=\"https:\/\/rioonwatch.org.br\/wp-content\/uploads\/2021\/07\/Grafico-SEEDUC-RJ-620x316.jpg 620w, https:\/\/rioonwatch.org.br\/wp-content\/uploads\/2021\/07\/Grafico-SEEDUC-RJ-518x264.jpg 518w, https:\/\/rioonwatch.org.br\/wp-content\/uploads\/2021\/07\/Grafico-SEEDUC-RJ-768x392.jpg 768w, https:\/\/rioonwatch.org.br\/wp-content\/uploads\/2021\/07\/Grafico-SEEDUC-RJ.jpg 971w\" sizes=\"(max-width: 620px) 100vw, 620px\" \/><\/a><\/p>\n<p>A educa\u00e7\u00e3o no Brasil \u00e9 um direito constitucional, garantido a todos. Mas, para as crian\u00e7as negras e pardas do pa\u00eds, h\u00e1 desafios particulares que ainda precisam ser enfrentados e que v\u00e3o al\u00e9m do acesso \u00e0 educa\u00e7\u00e3o: n\u00e3o h\u00e1 representatividade suficiente em sala de aula para assegurar \u00e0 popula\u00e7\u00e3o negra\u2014e branca\u2014uma educa\u00e7\u00e3o que, tanto no discurso quanto na viv\u00eancia, combate o racismo estrutural.<\/p>\n<p>Em pequenas por\u00e7\u00f5es, educadoras populares e estudantes, em salas de aulas espalhadas pelo pa\u00eds, e experi\u00eancias como da professora Jacqueline Guimar\u00e3es e dos alunos do Col\u00e9gio Estadual Aurelino Leal, trazem esperan\u00e7as. No total, a escola tem 1.040 alunos, com 180 matriculados na Educa\u00e7\u00e3o de Jovens e Adultos.<\/p>\n<p><em>Sobre a autora:\u00a0<a href=\"https:\/\/bit.ly\/3o2YA7Q\" target=\"_blank\" rel=\"noopener\">Tatiana Lima<\/a>\u00a0\u00e9 jornalista e comunicadora popular de cora\u00e7\u00e3o. Feminista negra, integrante do\u00a0<a href=\"https:\/\/bit.ly\/3mZf3bS\" target=\"_blank\" rel=\"noopener\">Grupo de Pesquisa Pesquisadores em Movimento<\/a>\u00a0do Complexo do Alem\u00e3o, atua como rep\u00f3rter e gerenciadora de Redes do RioOnWatch. Cria de favela, negra de pele clara, mora no asfalto perif\u00e9rico do sub\u00farbio do Rio e \u00e9 doutoranda em comunica\u00e7\u00e3o pela\u00a0<a href=\"http:\/\/bit.ly\/3h2kC6O\">UFF<\/a>.<\/em><\/p>\n<p><i>Sobre a artista:\u00a0<\/i><a href=\"https:\/\/bit.ly\/2JzGE5K\" target=\"_blank\" rel=\"noopener\"><i>Raquel Batista<\/i><\/a><i>, 19, graduanda em educa\u00e7\u00e3o art\u00edstica pela <a href=\"http:\/\/bit.ly\/2XQ3Rma\" target=\"_blank\" rel=\"noopener\">UFRJ<\/a>, \u00e9 artista visual, cria de Campo Grande e atual moradora de Engenho de Dentro, na\u00a0<a href=\"http:\/\/bit.ly\/2ETpYR1\" target=\"_blank\" rel=\"noopener\">Zona Norte<\/a>. Trabalha como ilustradora, desenhista e fot\u00f3grafa. Ela define que seu objetivo \u00e9 atrav\u00e9s da arte, representar pessoas que, como ela, uma jovem negra e perif\u00e9rica, nem sempre s\u00e3o vistas.<\/i><\/p>\n<p><em>Esta mat\u00e9ria faz parte da\u00a0<a href=\"http:\/\/bit.ly\/DesenraizandoRacismo\" target=\"_blank\" rel=\"noopener\">s\u00e9rie de mat\u00e9rias do projeto antirracista do RioOnWatch<\/a>. Conhe\u00e7a o nosso projeto que traz conte\u00fados midi\u00e1ticos semanais ao longo de 2021:\u00a0<i><a href=\"http:\/\/bit.ly\/EnraizandoIntro\" target=\"_blank\" rel=\"noopener\">Enraizando o Antirracismo nas Favelas<\/a>.<\/i><i>\u00a0P<\/i><i>ara contribuir com essa pauta,\u00a0<a href=\"https:\/\/bit.ly\/PautasAntirracismo\" target=\"_blank\" rel=\"noopener\">clique aqui<\/a>.<\/i><\/em><\/p>\n<h4><b data-stringify-type=\"bold\">Compartilhe com a gente a sua opini\u00e3o sobre essa mat\u00e9ria\u00a0<\/b><b data-stringify-type=\"bold\"><a class=\"c-link\" href=\"https:\/\/bit.ly\/OpineAntirracismo\" target=\"_blank\" rel=\"noopener noreferrer\" data-stringify-link=\"https:\/\/docs.google.com\/forms\/d\/e\/1FAIpQLSc6PJwxQ0eapYlfSfsr8fyibg8ODzXKpGhJjXe2-8Bbxrtp1g\/viewform\" data-sk=\"tooltip_parent\">clicando aqui<\/a>.<\/b><\/h4>\n<hr \/>\n<h4><b data-stringify-type=\"bold\">Apoie nossos esfor\u00e7os para fornecer apoio estrat\u00e9gico \u00e0s favelas do Rio, incluindo o jornalismo hiperlocal, cr\u00edtico, inovador e incans\u00e1vel do\u00a0<\/b><b data-stringify-type=\"bold\"><i data-stringify-type=\"italic\">RioOnWatch<\/i><\/b>\u2014<a class=\"c-link\" href=\"http:\/\/www.bit.ly\/ApoieROW\" target=\"_blank\" rel=\"noopener noreferrer\" data-stringify-link=\"http:\/\/www.bit.ly\/ApoieROW\" data-sk=\"tooltip_parent\">doe aqui<\/a>.<\/h4>\n<!-- AddThis Advanced Settings generic via filter on the_content --><!-- AddThis Share Buttons generic via filter on the_content -->","protected":false},"excerpt":{"rendered":"<div class=\"mh-excerpt\"><p>Click Here for English Esta mat\u00e9ria faz parte da\u00a0s\u00e9rie de mat\u00e9rias do projeto antirracista do RioOnWatch e tamb\u00e9m\u00a0de uma parceria\u00a0com o\u00a0N\u00facleo de Estudos Cr\u00edticos em Linguagem, Educa\u00e7\u00e3o e Sociedade (NECLES), da UFF, para que seja <a class=\"mh-excerpt-more\" href=\"https:\/\/rioonwatch.org.br\/?p=57038\" title=\"Uma Sala de Aula Chamada Morro do Pal\u00e1cio: A Representatividade Negra na Educa\u00e7\u00e3o\">[&#8230;]<\/a><!-- AddThis Advanced Settings generic via filter on get_the_excerpt --><!-- AddThis Share Buttons generic via filter on get_the_excerpt --><\/p>\n<\/div>","protected":false},"author":165,"featured_media":57039,"comment_status":"closed","ping_status":"closed","sticky":false,"template":"","format":"standard","meta":{"_acf_changed":false,"_monsterinsights_skip_tracking":false,"_monsterinsights_sitenote_active":false,"_monsterinsights_sitenote_note":"","_monsterinsights_sitenote_category":0,"footnotes":""},"categories":[1621,1615,1629,1625,1616,342],"tags":[386,2402,3253,959,1917,2070,316,755,1403,10,700,104,2432,2539,2289,2974,2959,2153],"writer":[2800],"translator":[],"source":[],"ilustrador":[3101],"fotografo":[],"class_list":{"0":"post-57038","1":"post","2":"type-post","3":"status-publish","4":"format-standard","5":"has-post-thumbnail","7":"category-destaque","8":"category-cultura-da-favela","9":"category-entrevistas-e-perfis","10":"category-por-correspondentes-comunitarios","11":"category-qualidades-da-favela","12":"category-solucoes","13":"tag-estigma","14":"tag-acesso-a-universidade","15":"tag-antirracismo","16":"tag-baixada-fluminense","17":"tag-comunidade-x-academia","18":"tag-direito-a-educacao","19":"tag-educacao","20":"tag-lei","21":"tag-movimento-negro","22":"tag-niteroi","23":"tag-perfil","24":"tag-pvnc","25":"tag-representatividade","26":"tag-sentimento-de-pertencimento","27":"tag-serie","28":"tag-serie-antirracismo","29":"tag-serie-parceria-com-necles-uff","30":"tag-uff","31":"writer-tatiana-lima","32":"ilustrador-raquel-batista"},"acf":[],"yoast_head":"<!-- This site is optimized with the Yoast SEO plugin v25.6 - https:\/\/yoast.com\/wordpress\/plugins\/seo\/ -->\n<title>Uma Sala de Aula Chamada Morro do Pal\u00e1cio: A Representatividade Negra na Educa\u00e7\u00e3o - RioOnWatch<\/title>\n<meta name=\"robots\" content=\"index, follow, max-snippet:-1, max-image-preview:large, max-video-preview:-1\" \/>\n<link rel=\"canonical\" href=\"https:\/\/rioonwatch.org.br\/?p=57038\" \/>\n<meta property=\"og:locale\" content=\"pt_BR\" \/>\n<meta property=\"og:type\" content=\"article\" \/>\n<meta property=\"og:title\" content=\"Uma Sala de Aula Chamada Morro do Pal\u00e1cio: A Representatividade Negra na Educa\u00e7\u00e3o - RioOnWatch\" \/>\n<meta property=\"og:description\" content=\"Click Here for English Esta mat\u00e9ria faz parte da\u00a0s\u00e9rie de mat\u00e9rias do projeto antirracista do RioOnWatch e tamb\u00e9m\u00a0de uma parceria\u00a0com o\u00a0N\u00facleo de Estudos Cr\u00edticos em Linguagem, Educa\u00e7\u00e3o e Sociedade (NECLES), da UFF, para que seja [...]\" \/>\n<meta property=\"og:url\" content=\"https:\/\/rioonwatch.org.br\/?p=57038\" \/>\n<meta property=\"og:site_name\" content=\"RioOnWatch\" \/>\n<meta property=\"article:published_time\" content=\"2021-07-22T14:07:27+00:00\" \/>\n<meta property=\"article:modified_time\" content=\"2024-05-24T15:31:07+00:00\" \/>\n<meta property=\"og:image\" content=\"https:\/\/rioonwatch.org.br\/wp-content\/uploads\/2021\/07\/racismoxeducacao1-1030x439.png\" \/>\n\t<meta property=\"og:image:width\" content=\"1030\" \/>\n\t<meta property=\"og:image:height\" content=\"439\" \/>\n\t<meta property=\"og:image:type\" content=\"image\/png\" \/>\n<meta name=\"author\" content=\"Tatiana Lima\" \/>\n<meta name=\"twitter:card\" content=\"summary_large_image\" \/>\n<meta name=\"twitter:label1\" content=\"Escrito por\" \/>\n\t<meta name=\"twitter:data1\" content=\"Tatiana Lima\" \/>\n\t<meta name=\"twitter:label2\" content=\"Est. tempo de leitura\" \/>\n\t<meta name=\"twitter:data2\" content=\"10 minutos\" \/>\n<script type=\"application\/ld+json\" class=\"yoast-schema-graph\">{\"@context\":\"https:\/\/schema.org\",\"@graph\":[{\"@type\":\"Article\",\"@id\":\"https:\/\/rioonwatch.org.br\/?p=57038#article\",\"isPartOf\":{\"@id\":\"https:\/\/rioonwatch.org.br\/?p=57038\"},\"author\":{\"name\":\"Tatiana Lima\",\"@id\":\"https:\/\/rioonwatch.org.br\/#\/schema\/person\/8fde974ee24e219acc413d63393ec551\"},\"headline\":\"Uma Sala de Aula Chamada Morro do Pal\u00e1cio: A Representatividade Negra na Educa\u00e7\u00e3o\",\"datePublished\":\"2021-07-22T14:07:27+00:00\",\"dateModified\":\"2024-05-24T15:31:07+00:00\",\"mainEntityOfPage\":{\"@id\":\"https:\/\/rioonwatch.org.br\/?p=57038\"},\"wordCount\":2123,\"publisher\":{\"@id\":\"https:\/\/rioonwatch.org.br\/#organization\"},\"image\":{\"@id\":\"https:\/\/rioonwatch.org.br\/?p=57038#primaryimage\"},\"thumbnailUrl\":\"https:\/\/rioonwatch.org.br\/wp-content\/uploads\/2021\/07\/racismoxeducacao1.png\",\"keywords\":[\"#StopFavelaStigma\",\"acesso \u00e0 universidade\",\"Antirracismo\",\"Baixada Fluminense\",\"comunidade x academia\",\"direito \u00e0 educa\u00e7\u00e3o\",\"educa\u00e7\u00e3o\",\"lei\",\"Movimento negro\",\"Niter\u00f3i\",\"perfil\",\"Pr\u00e9-Vestibular\",\"representatividade\",\"sentimento de pertencimento\",\"S\u00e9rie\",\"S\u00e9rie: Antirracismo\",\"S\u00e9rie: Parceria com NECLES\/UFF\",\"UFF\"],\"articleSection\":[\"*Destaque\",\"Cultura da Favela\",\"Entrevistas e Perfis\",\"Escrito por Comunicadores Populares\",\"Qualidades da Favela\",\"Solu\u00e7\u00f5es\"],\"inLanguage\":\"pt-BR\"},{\"@type\":\"WebPage\",\"@id\":\"https:\/\/rioonwatch.org.br\/?p=57038\",\"url\":\"https:\/\/rioonwatch.org.br\/?p=57038\",\"name\":\"Uma Sala de Aula Chamada Morro do Pal\u00e1cio: A Representatividade Negra na Educa\u00e7\u00e3o - RioOnWatch\",\"isPartOf\":{\"@id\":\"https:\/\/rioonwatch.org.br\/#website\"},\"primaryImageOfPage\":{\"@id\":\"https:\/\/rioonwatch.org.br\/?p=57038#primaryimage\"},\"image\":{\"@id\":\"https:\/\/rioonwatch.org.br\/?p=57038#primaryimage\"},\"thumbnailUrl\":\"https:\/\/rioonwatch.org.br\/wp-content\/uploads\/2021\/07\/racismoxeducacao1.png\",\"datePublished\":\"2021-07-22T14:07:27+00:00\",\"dateModified\":\"2024-05-24T15:31:07+00:00\",\"breadcrumb\":{\"@id\":\"https:\/\/rioonwatch.org.br\/?p=57038#breadcrumb\"},\"inLanguage\":\"pt-BR\",\"potentialAction\":[{\"@type\":\"ReadAction\",\"target\":[\"https:\/\/rioonwatch.org.br\/?p=57038\"]}]},{\"@type\":\"ImageObject\",\"inLanguage\":\"pt-BR\",\"@id\":\"https:\/\/rioonwatch.org.br\/?p=57038#primaryimage\",\"url\":\"https:\/\/rioonwatch.org.br\/wp-content\/uploads\/2021\/07\/racismoxeducacao1.png\",\"contentUrl\":\"https:\/\/rioonwatch.org.br\/wp-content\/uploads\/2021\/07\/racismoxeducacao1.png\",\"width\":4960,\"height\":2112,\"caption\":\"Arte original por Raquel Bastista\"},{\"@type\":\"BreadcrumbList\",\"@id\":\"https:\/\/rioonwatch.org.br\/?p=57038#breadcrumb\",\"itemListElement\":[{\"@type\":\"ListItem\",\"position\":1,\"name\":\"In\u00edcio\",\"item\":\"https:\/\/rioonwatch.org.br\/\"},{\"@type\":\"ListItem\",\"position\":2,\"name\":\"Uma Sala de Aula Chamada Morro do Pal\u00e1cio: A Representatividade Negra na Educa\u00e7\u00e3o\"}]},{\"@type\":\"WebSite\",\"@id\":\"https:\/\/rioonwatch.org.br\/#website\",\"url\":\"https:\/\/rioonwatch.org.br\/\",\"name\":\"RioOnWatch\",\"description\":\"relatos das favelas cariocas\",\"publisher\":{\"@id\":\"https:\/\/rioonwatch.org.br\/#organization\"},\"potentialAction\":[{\"@type\":\"SearchAction\",\"target\":{\"@type\":\"EntryPoint\",\"urlTemplate\":\"https:\/\/rioonwatch.org.br\/?s={search_term_string}\"},\"query-input\":{\"@type\":\"PropertyValueSpecification\",\"valueRequired\":true,\"valueName\":\"search_term_string\"}}],\"inLanguage\":\"pt-BR\"},{\"@type\":\"Organization\",\"@id\":\"https:\/\/rioonwatch.org.br\/#organization\",\"name\":\"RioOnWatch\",\"url\":\"https:\/\/rioonwatch.org.br\/\",\"logo\":{\"@type\":\"ImageObject\",\"inLanguage\":\"pt-BR\",\"@id\":\"https:\/\/rioonwatch.org.br\/#\/schema\/logo\/image\/\",\"url\":\"https:\/\/rioonwatch.org.br\/wp-content\/uploads\/2021\/06\/RioOnWatchcabecalhoPT11anos-2.png\",\"contentUrl\":\"https:\/\/rioonwatch.org.br\/wp-content\/uploads\/2021\/06\/RioOnWatchcabecalhoPT11anos-2.png\",\"width\":779,\"height\":277,\"caption\":\"RioOnWatch\"},\"image\":{\"@id\":\"https:\/\/rioonwatch.org.br\/#\/schema\/logo\/image\/\"}},{\"@type\":\"Person\",\"@id\":\"https:\/\/rioonwatch.org.br\/#\/schema\/person\/8fde974ee24e219acc413d63393ec551\",\"name\":\"Tatiana Lima\",\"image\":{\"@type\":\"ImageObject\",\"inLanguage\":\"pt-BR\",\"@id\":\"https:\/\/rioonwatch.org.br\/#\/schema\/person\/image\/\",\"url\":\"https:\/\/secure.gravatar.com\/avatar\/5fb587d000e124a9d6aae50aec42d39e?s=96&d=blank&r=g\",\"contentUrl\":\"https:\/\/secure.gravatar.com\/avatar\/5fb587d000e124a9d6aae50aec42d39e?s=96&d=blank&r=g\",\"caption\":\"Tatiana Lima\"},\"url\":\"https:\/\/rioonwatch.org.br\/?author=165\"}]}<\/script>\n<!-- \/ Yoast SEO plugin. -->","yoast_head_json":{"title":"Uma Sala de Aula Chamada Morro do Pal\u00e1cio: A Representatividade Negra na Educa\u00e7\u00e3o - RioOnWatch","robots":{"index":"index","follow":"follow","max-snippet":"max-snippet:-1","max-image-preview":"max-image-preview:large","max-video-preview":"max-video-preview:-1"},"canonical":"https:\/\/rioonwatch.org.br\/?p=57038","og_locale":"pt_BR","og_type":"article","og_title":"Uma Sala de Aula Chamada Morro do Pal\u00e1cio: A Representatividade Negra na Educa\u00e7\u00e3o - RioOnWatch","og_description":"Click Here for English Esta mat\u00e9ria faz parte da\u00a0s\u00e9rie de mat\u00e9rias do projeto antirracista do RioOnWatch e tamb\u00e9m\u00a0de uma parceria\u00a0com o\u00a0N\u00facleo de Estudos Cr\u00edticos em Linguagem, Educa\u00e7\u00e3o e Sociedade (NECLES), da UFF, para que seja [...]","og_url":"https:\/\/rioonwatch.org.br\/?p=57038","og_site_name":"RioOnWatch","article_published_time":"2021-07-22T14:07:27+00:00","article_modified_time":"2024-05-24T15:31:07+00:00","og_image":[{"width":1030,"height":439,"url":"https:\/\/rioonwatch.org.br\/wp-content\/uploads\/2021\/07\/racismoxeducacao1-1030x439.png","type":"image\/png"}],"author":"Tatiana Lima","twitter_card":"summary_large_image","twitter_misc":{"Escrito por":"Tatiana Lima","Est. tempo de leitura":"10 minutos"},"schema":{"@context":"https:\/\/schema.org","@graph":[{"@type":"Article","@id":"https:\/\/rioonwatch.org.br\/?p=57038#article","isPartOf":{"@id":"https:\/\/rioonwatch.org.br\/?p=57038"},"author":{"name":"Tatiana Lima","@id":"https:\/\/rioonwatch.org.br\/#\/schema\/person\/8fde974ee24e219acc413d63393ec551"},"headline":"Uma Sala de Aula Chamada Morro do Pal\u00e1cio: A Representatividade Negra na Educa\u00e7\u00e3o","datePublished":"2021-07-22T14:07:27+00:00","dateModified":"2024-05-24T15:31:07+00:00","mainEntityOfPage":{"@id":"https:\/\/rioonwatch.org.br\/?p=57038"},"wordCount":2123,"publisher":{"@id":"https:\/\/rioonwatch.org.br\/#organization"},"image":{"@id":"https:\/\/rioonwatch.org.br\/?p=57038#primaryimage"},"thumbnailUrl":"https:\/\/rioonwatch.org.br\/wp-content\/uploads\/2021\/07\/racismoxeducacao1.png","keywords":["#StopFavelaStigma","acesso \u00e0 universidade","Antirracismo","Baixada Fluminense","comunidade x academia","direito \u00e0 educa\u00e7\u00e3o","educa\u00e7\u00e3o","lei","Movimento negro","Niter\u00f3i","perfil","Pr\u00e9-Vestibular","representatividade","sentimento de pertencimento","S\u00e9rie","S\u00e9rie: Antirracismo","S\u00e9rie: Parceria com NECLES\/UFF","UFF"],"articleSection":["*Destaque","Cultura da Favela","Entrevistas e Perfis","Escrito por Comunicadores Populares","Qualidades da Favela","Solu\u00e7\u00f5es"],"inLanguage":"pt-BR"},{"@type":"WebPage","@id":"https:\/\/rioonwatch.org.br\/?p=57038","url":"https:\/\/rioonwatch.org.br\/?p=57038","name":"Uma Sala de Aula Chamada Morro do Pal\u00e1cio: A Representatividade Negra na Educa\u00e7\u00e3o - RioOnWatch","isPartOf":{"@id":"https:\/\/rioonwatch.org.br\/#website"},"primaryImageOfPage":{"@id":"https:\/\/rioonwatch.org.br\/?p=57038#primaryimage"},"image":{"@id":"https:\/\/rioonwatch.org.br\/?p=57038#primaryimage"},"thumbnailUrl":"https:\/\/rioonwatch.org.br\/wp-content\/uploads\/2021\/07\/racismoxeducacao1.png","datePublished":"2021-07-22T14:07:27+00:00","dateModified":"2024-05-24T15:31:07+00:00","breadcrumb":{"@id":"https:\/\/rioonwatch.org.br\/?p=57038#breadcrumb"},"inLanguage":"pt-BR","potentialAction":[{"@type":"ReadAction","target":["https:\/\/rioonwatch.org.br\/?p=57038"]}]},{"@type":"ImageObject","inLanguage":"pt-BR","@id":"https:\/\/rioonwatch.org.br\/?p=57038#primaryimage","url":"https:\/\/rioonwatch.org.br\/wp-content\/uploads\/2021\/07\/racismoxeducacao1.png","contentUrl":"https:\/\/rioonwatch.org.br\/wp-content\/uploads\/2021\/07\/racismoxeducacao1.png","width":4960,"height":2112,"caption":"Arte original por Raquel Bastista"},{"@type":"BreadcrumbList","@id":"https:\/\/rioonwatch.org.br\/?p=57038#breadcrumb","itemListElement":[{"@type":"ListItem","position":1,"name":"In\u00edcio","item":"https:\/\/rioonwatch.org.br\/"},{"@type":"ListItem","position":2,"name":"Uma Sala de Aula Chamada Morro do Pal\u00e1cio: A Representatividade Negra na Educa\u00e7\u00e3o"}]},{"@type":"WebSite","@id":"https:\/\/rioonwatch.org.br\/#website","url":"https:\/\/rioonwatch.org.br\/","name":"RioOnWatch","description":"relatos das favelas cariocas","publisher":{"@id":"https:\/\/rioonwatch.org.br\/#organization"},"potentialAction":[{"@type":"SearchAction","target":{"@type":"EntryPoint","urlTemplate":"https:\/\/rioonwatch.org.br\/?s={search_term_string}"},"query-input":{"@type":"PropertyValueSpecification","valueRequired":true,"valueName":"search_term_string"}}],"inLanguage":"pt-BR"},{"@type":"Organization","@id":"https:\/\/rioonwatch.org.br\/#organization","name":"RioOnWatch","url":"https:\/\/rioonwatch.org.br\/","logo":{"@type":"ImageObject","inLanguage":"pt-BR","@id":"https:\/\/rioonwatch.org.br\/#\/schema\/logo\/image\/","url":"https:\/\/rioonwatch.org.br\/wp-content\/uploads\/2021\/06\/RioOnWatchcabecalhoPT11anos-2.png","contentUrl":"https:\/\/rioonwatch.org.br\/wp-content\/uploads\/2021\/06\/RioOnWatchcabecalhoPT11anos-2.png","width":779,"height":277,"caption":"RioOnWatch"},"image":{"@id":"https:\/\/rioonwatch.org.br\/#\/schema\/logo\/image\/"}},{"@type":"Person","@id":"https:\/\/rioonwatch.org.br\/#\/schema\/person\/8fde974ee24e219acc413d63393ec551","name":"Tatiana Lima","image":{"@type":"ImageObject","inLanguage":"pt-BR","@id":"https:\/\/rioonwatch.org.br\/#\/schema\/person\/image\/","url":"https:\/\/secure.gravatar.com\/avatar\/5fb587d000e124a9d6aae50aec42d39e?s=96&d=blank&r=g","contentUrl":"https:\/\/secure.gravatar.com\/avatar\/5fb587d000e124a9d6aae50aec42d39e?s=96&d=blank&r=g","caption":"Tatiana Lima"},"url":"https:\/\/rioonwatch.org.br\/?author=165"}]}},"_links":{"self":[{"href":"https:\/\/rioonwatch.org.br\/index.php?rest_route=\/wp\/v2\/posts\/57038"}],"collection":[{"href":"https:\/\/rioonwatch.org.br\/index.php?rest_route=\/wp\/v2\/posts"}],"about":[{"href":"https:\/\/rioonwatch.org.br\/index.php?rest_route=\/wp\/v2\/types\/post"}],"author":[{"embeddable":true,"href":"https:\/\/rioonwatch.org.br\/index.php?rest_route=\/wp\/v2\/users\/165"}],"replies":[{"embeddable":true,"href":"https:\/\/rioonwatch.org.br\/index.php?rest_route=%2Fwp%2Fv2%2Fcomments&post=57038"}],"version-history":[{"count":22,"href":"https:\/\/rioonwatch.org.br\/index.php?rest_route=\/wp\/v2\/posts\/57038\/revisions"}],"predecessor-version":[{"id":58096,"href":"https:\/\/rioonwatch.org.br\/index.php?rest_route=\/wp\/v2\/posts\/57038\/revisions\/58096"}],"wp:featuredmedia":[{"embeddable":true,"href":"https:\/\/rioonwatch.org.br\/index.php?rest_route=\/wp\/v2\/media\/57039"}],"wp:attachment":[{"href":"https:\/\/rioonwatch.org.br\/index.php?rest_route=%2Fwp%2Fv2%2Fmedia&parent=57038"}],"wp:term":[{"taxonomy":"category","embeddable":true,"href":"https:\/\/rioonwatch.org.br\/index.php?rest_route=%2Fwp%2Fv2%2Fcategories&post=57038"},{"taxonomy":"post_tag","embeddable":true,"href":"https:\/\/rioonwatch.org.br\/index.php?rest_route=%2Fwp%2Fv2%2Ftags&post=57038"},{"taxonomy":"writer","embeddable":true,"href":"https:\/\/rioonwatch.org.br\/index.php?rest_route=%2Fwp%2Fv2%2Fwriter&post=57038"},{"taxonomy":"translator","embeddable":true,"href":"https:\/\/rioonwatch.org.br\/index.php?rest_route=%2Fwp%2Fv2%2Ftranslator&post=57038"},{"taxonomy":"source","embeddable":true,"href":"https:\/\/rioonwatch.org.br\/index.php?rest_route=%2Fwp%2Fv2%2Fsource&post=57038"},{"taxonomy":"ilustrador","embeddable":true,"href":"https:\/\/rioonwatch.org.br\/index.php?rest_route=%2Fwp%2Fv2%2Filustrador&post=57038"},{"taxonomy":"fotografo","embeddable":true,"href":"https:\/\/rioonwatch.org.br\/index.php?rest_route=%2Fwp%2Fv2%2Ffotografo&post=57038"}],"curies":[{"name":"wp","href":"https:\/\/api.w.org\/{rel}","templated":true}]}}