{"id":57088,"date":"2021-07-16T14:59:03","date_gmt":"2021-07-16T17:59:03","guid":{"rendered":"https:\/\/rioonwatch.org.br\/?p=57088"},"modified":"2021-09-17T15:46:49","modified_gmt":"2021-09-17T18:46:49","slug":"um-ano-do-painel-unificador-covid-19-nas-favelas-conheca-sua-historia","status":"publish","type":"post","link":"https:\/\/rioonwatch.org.br\/?p=57088","title":{"rendered":"Um Ano do Painel Unificador Covid-19 nas Favelas: Conhe\u00e7a Sua Hist\u00f3ria"},"content":{"rendered":"<p style=\"text-align: right;\"><em><strong><a href=\"https:\/\/bit.ly\/2Tri7EU\" target=\"_blank\" rel=\"noopener noreferrer\">Click Here for English<\/a><a href=\"https:\/\/bit.ly\/2Tri7EU\" target=\"_blank\" rel=\"noopener noreferrer\"><img decoding=\"async\" class=\"alignright wp-image-15790\" src=\"http:\/\/rioonwatch.org.br\/wp-content\/uploads\/2012\/08\/EN-standard-e1439583104716.jpg\" alt=\"\" width=\"20\" height=\"20\" \/><\/a><\/strong><\/em><\/p>\n<p><em>Esta \u00e9 nossa mat\u00e9ria mais recente sobre\u00a0<a class=\"c-link\" href=\"http:\/\/bit.ly\/Covid19NasFavelas\" target=\"_blank\" rel=\"noopener noreferrer\" data-stringify-link=\"http:\/\/bit.ly\/Covid19NasFavelas\" data-sk=\"tooltip_parent\">o novo coronav\u00edrus e seus impactos sobre as favelas<\/a>, publicada originalmente no <a href=\"https:\/\/bit.ly\/PUFnoRadar\" target=\"_blank\" rel=\"noopener\">Radar Covid-19 Favela da Fiocruz<\/a>.<\/em><\/p>\n<p><span style=\"font-weight: 400;\">Este m\u00eas o <a href=\"http:\/\/www.favela.info\" target=\"_blank\" rel=\"noopener\">Painel Unificador Covid-19 nas Favelas<\/a>, desenvolvido atrav\u00e9s de 24 coletivos de favela e aliados, inclusive com apoio de t\u00e9cnicos da <a href=\"http:\/\/bit.ly\/2WDhuUk\" target=\"_blank\" rel=\"noopener\">Fiocruz<\/a>, marca um ano desde <a href=\"https:\/\/bit.ly\/2W0fKa2\" target=\"_blank\" rel=\"noopener\">seu lan\u00e7amento<\/a>. A \u00faltima atualiza\u00e7\u00e3o do painel, realizada no dia 16 de julho, documenta quase 80.000 casos e mais de 6.000 mortes nas favelas fluminenses desde o in\u00edcio da pandemia, sem contar com as <a href=\"https:\/\/bit.ly\/2H6k6rI\" target=\"_blank\" rel=\"noopener\">subnotifica\u00e7\u00f5es<\/a> e baixa testagem e cobrindo somente 70% dos domic\u00edlios em favelas da capital. Quer dizer: os dados reais s\u00e3o ainda mais altos. Assim mesmo, o n\u00famero de mortes s\u00f3 em nossas favelas chega a ser <a href=\"https:\/\/bit.ly\/3jZpMFm\" target=\"_blank\" rel=\"noopener\">maior do que em 166 pa\u00edses<\/a> inteiros desde o in\u00edcio da pandemia.<\/span><\/p>\n<p><a href=\"https:\/\/rioonwatch.org.br\/wp-content\/uploads\/2021\/07\/Painel-18-de-julho.png\"><img decoding=\"async\" class=\"aligncenter wp-image-57202\" src=\"https:\/\/rioonwatch.org.br\/wp-content\/uploads\/2021\/07\/Painel-18-de-julho.png\" alt=\"\" width=\"620\" height=\"80\" srcset=\"https:\/\/rioonwatch.org.br\/wp-content\/uploads\/2021\/07\/Painel-18-de-julho.png 1828w, https:\/\/rioonwatch.org.br\/wp-content\/uploads\/2021\/07\/Painel-18-de-julho-620x80.png 620w, https:\/\/rioonwatch.org.br\/wp-content\/uploads\/2021\/07\/Painel-18-de-julho-1024x133.png 1024w, https:\/\/rioonwatch.org.br\/wp-content\/uploads\/2021\/07\/Painel-18-de-julho-768x100.png 768w, https:\/\/rioonwatch.org.br\/wp-content\/uploads\/2021\/07\/Painel-18-de-julho-1536x199.png 1536w\" sizes=\"(max-width: 620px) 100vw, 620px\" \/><\/a><\/p>\n<p><span style=\"font-weight: 400;\">A proposta do Painel Unificador surgiu j\u00e1 no in\u00edcio da pandemia, em abril de 2020, quando organiza\u00e7\u00f5es comunit\u00e1rias integrantes de projetos organizados pela ONG <a href=\"https:\/\/comcat.org\/\" target=\"_blank\" rel=\"noopener\">Comunidades Catalisadoras (ComCat)<\/a>* relatavam, semanalmente, casos e mortes durante reuni\u00f5es virtuais, principalmente da <a href=\"https:\/\/favelasustentavel.org\/\" target=\"_blank\" rel=\"noopener noreferrer\">Rede Favela Sustent\u00e1vel (RFS)<\/a>. Ao ouvir destes casos, e por estar <a href=\"https:\/\/bit.ly\/2vRUTfc\" target=\"_blank\" rel=\"noopener\">notificando a pandemia pelo pr\u00f3prio\u00a0<em>RioOnWatch<\/em><\/a><\/span><span style=\"font-weight: 400;\">, a ComCat montou uma planilha para acompanhar os casos noticiados pelas suas redes comunit\u00e1rias. Juntou-se a estes casos as fontes do <\/span><a href=\"https:\/\/bit.ly\/3dsQQX3\" target=\"_blank\" rel=\"noopener\"><i><span style=\"font-weight: 400;\">Voz das Comunidades<\/span><\/i><\/a><span style=\"font-weight: 400;\"> e <\/span><a href=\"https:\/\/bit.ly\/2XTsoJE\" target=\"_blank\" rel=\"noopener\"><i><span style=\"font-weight: 400;\">Fala Ro\u00e7a<\/span><\/i><\/a><span style=\"font-weight: 400;\">, jornais comunit\u00e1rios que estavam fazendo acompanhamento de casos em v\u00e1rias favelas, al\u00e9m de casos noticiados em jornais. Por\u00e9m, em nenhum lugar, a prefeitura estava fazendo um levantamento por favelas. Isso apesar de termos sabido, desde o in\u00edcio da pandemia, <a href=\"http:\/\/bit.ly\/3dcI8N2\" target=\"_blank\" rel=\"noopener\">que as favelas seriam as regi\u00f5es mais vulner\u00e1veis<\/a> da nossa cidade.<\/span><\/p>\n<p><a href=\"https:\/\/rioonwatch.org.br\/wp-content\/uploads\/2021\/07\/Conexo\u0303es-RDP.png\"><img fetchpriority=\"high\" decoding=\"async\" class=\"aligncenter size-content wp-image-57124\" src=\"https:\/\/rioonwatch.org.br\/wp-content\/uploads\/2021\/07\/Conexo\u0303es-RDP-620x264.png\" alt=\"A\u00e7\u00e3o organizada por Conexo\u0303es Perif\u00e9ricas - RDP. Foto: Conexo\u0303es Perif\u00e9ricas - RDP\" width=\"620\" height=\"264\" srcset=\"https:\/\/rioonwatch.org.br\/wp-content\/uploads\/2021\/07\/Conexo\u0303es-RDP-620x264.png 620w, https:\/\/rioonwatch.org.br\/wp-content\/uploads\/2021\/07\/Conexo\u0303es-RDP-940x400.png 940w\" sizes=\"(max-width: 620px) 100vw, 620px\" \/><\/a><\/p>\n<p><span style=\"font-weight: 400;\">Para atender essa demanda por dados nas favelas, para que pudessem ser realizadas a\u00e7\u00f5es preventivas e de apoio estrat\u00e9gico, e pela <a href=\"http:\/\/bit.ly\/2SQgjC0\" target=\"_blank\" rel=\"noopener\">falta de a\u00e7\u00e3o do poder p\u00fablico<\/a>, a ComCat come\u00e7ou a se reunir junto com os coletivos e grupos comunit\u00e1rios que estavam na linha de frente da resposta \u00e0 <a href=\"https:\/\/bit.ly\/2QZjDJI\" target=\"_blank\" rel=\"noopener\">Covid-19<\/a> em seus territ\u00f3rios. Isso em maio de 2020, quando simultaneamente conseguiu, atrav\u00e9s de parceiros internacionais, conectar com a empresa de mapeamento global, Esri, que cedeu o trabalho de um engenheiro durante um m\u00eas para a montagem do Painel Unificador Covid-19 nas Favelas.<\/span><\/p>\n<p><span style=\"font-weight: 400;\"><a href=\"https:\/\/rioonwatch.org.br\/wp-content\/uploads\/2021\/07\/Fazendo-Ma\u0301gica-Com-Tecidos.jpeg\"><img loading=\"lazy\" decoding=\"async\" class=\"alignright wp-image-57123\" src=\"https:\/\/rioonwatch.org.br\/wp-content\/uploads\/2021\/07\/Fazendo-Ma\u0301gica-Com-Tecidos.jpeg\" alt=\"A\u00e7\u00e3o de m\u00e1scaras por Fazendo Ma\u0301gica Com Tecidos.\" width=\"300\" height=\"376\" srcset=\"https:\/\/rioonwatch.org.br\/wp-content\/uploads\/2021\/07\/Fazendo-Ma\u0301gica-Com-Tecidos.jpeg 1080w, https:\/\/rioonwatch.org.br\/wp-content\/uploads\/2021\/07\/Fazendo-Ma\u0301gica-Com-Tecidos-495x620.jpeg 495w, https:\/\/rioonwatch.org.br\/wp-content\/uploads\/2021\/07\/Fazendo-Ma\u0301gica-Com-Tecidos-818x1024.jpeg 818w, https:\/\/rioonwatch.org.br\/wp-content\/uploads\/2021\/07\/Fazendo-Ma\u0301gica-Com-Tecidos-211x264.jpeg 211w, https:\/\/rioonwatch.org.br\/wp-content\/uploads\/2021\/07\/Fazendo-Ma\u0301gica-Com-Tecidos-768x961.jpeg 768w\" sizes=\"(max-width: 300px) 100vw, 300px\" \/><\/a>Durante reuni\u00f5es semanais destes coletivos em junho de 2020 o Painel foi sendo desenvolvido, a parte t\u00e9cnica por este engenheiro e os dados pelos coletivos, utilizando fontes principalmente compostas de relatores locais. Estes variavam de grupos captando dados por formul\u00e1rios virtuais, a grupos indo de porta em porta, ou analisando dentro do poss\u00edvel os dados da prefeitura. Ainda outros recebiam familiares de doentes em suas sedes e contabilizavam assim, ou levantavam dados em cl\u00ednicas da sa\u00fade locais ou por WhatsApp.<\/span><\/p>\n<p><span style=\"font-weight: 400;\">Isso at\u00e9 que finalmente, em 9 de julho de 2020, o Painel foi lan\u00e7ado <a href=\"http:\/\/bit.ly\/PUFColetivas\" target=\"_blank\" rel=\"noopener\">em coletiva de imprensa virtual<\/a>, refletindo dados por 123 favelas, com falas dos coletivos integrantes destacando a sua import\u00e2ncia. De l\u00e1 para c\u00e1, <a href=\"https:\/\/bit.ly\/2F8Hfso\" target=\"_blank\" rel=\"noopener\">foram realizadas<\/a> mais <a href=\"https:\/\/bit.ly\/3qHl686\" target=\"_blank\" rel=\"noopener\">tr\u00eas coletivas de imprensa<\/a>, cada vez alertando para novos dados e situa\u00e7\u00f5es de <a href=\"https:\/\/bit.ly\/3o7HBC1\" target=\"_blank\" rel=\"noopener\">vulnerabilidade preocupantes<\/a>. Realizar as coletivas \u00e9 sempre uma decis\u00e3o coletiva, durante as reuni\u00f5es semanais (em 2020) e quinzenais (em 2021) dos integrantes. Nestas reuni\u00f5es, que servem tamb\u00e9m como espa\u00e7os de troca de afetos onde a situa\u00e7\u00e3o pesada da pandemia \u00e9 relatada atrav\u00e9s das pr\u00f3prias lideran\u00e7as locais, momentos cr\u00edticos ao longo da pandemia foram sendo percebidos antes mesmo de serem relatados na imprensa. Assim foi percebida a import\u00e2ncia de se realizar as coletivas.<\/span><\/p>\n<p><a href=\"https:\/\/rioonwatch.org.br\/wp-content\/uploads\/2021\/07\/LabJaca.jpg\"><img loading=\"lazy\" decoding=\"async\" class=\"aligncenter wp-image-57161 size-content\" title=\"A\u00e7\u00e3o organizada pelo LabJaca do Jacarezinho. Foto: LabJaca\" src=\"https:\/\/rioonwatch.org.br\/wp-content\/uploads\/2021\/07\/LabJaca-620x264.jpg\" alt=\"A\u00e7\u00e3o organizada pelo LabJaca do Jacarezinho. Foto: LabJaca\" width=\"620\" height=\"264\" srcset=\"https:\/\/rioonwatch.org.br\/wp-content\/uploads\/2021\/07\/LabJaca-620x264.jpg 620w, https:\/\/rioonwatch.org.br\/wp-content\/uploads\/2021\/07\/LabJaca-940x400.jpg 940w\" sizes=\"(max-width: 620px) 100vw, 620px\" \/><\/a><\/p>\n<p><span style=\"font-weight: 400;\">Foram tamb\u00e9m realizadas tr\u00eas campanhas. A primeira <a href=\"https:\/\/bit.ly\/3kBDz2s\" target=\"_blank\" rel=\"noopener\">#DadosSalvamVidas<\/a> foi lan\u00e7ada nas redes sociais e \u00e9 realizada <a href=\"http:\/\/video.favela.info\" target=\"_blank\" rel=\"noopener\">atrav\u00e9s de um v\u00eddeo<\/a> desenvolvido pelo <a href=\"https:\/\/bit.ly\/33zPM1U\" target=\"_blank\" rel=\"noopener\">LabJaca<\/a> do <a href=\"http:\/\/bit.ly\/2MMIK37\" target=\"_blank\" rel=\"noopener\">Jacarezinho<\/a>. O objetivo: comunicar a import\u00e2ncia de coletar dados nas favelas e realizar a\u00e7\u00f5es com base nestes dados, que garantam a sobreviv\u00eancia da popula\u00e7\u00e3o. A campanha tamb\u00e9m utilizou a hashtag <a href=\"https:\/\/bit.ly\/3B3SzP0\" target=\"_blank\" rel=\"noopener\">#DadosS\u00e3oPoder<\/a>, pois sem dados, n\u00e3o h\u00e1 pol\u00edtica p\u00fablica.<\/span><\/p>\n<p><span style=\"font-weight: 400;\">A segunda campanha <a href=\"http:\/\/vacinaja.favela.info\" target=\"_blank\" rel=\"noopener\">#VacinaPraFavelaJ\u00e1<\/a> chegou junto das vacinas no Brasil, chamando aten\u00e7\u00e3o para os numerosos motivos pelos quais a vacina deveria ser <a href=\"https:\/\/bit.ly\/3tP3loX\" target=\"_blank\" rel=\"noopener\">priorizada em territ\u00f3rios de favela<\/a>. O artista Carlos Latuff realizou a charge solid\u00e1ria da campanha, que foi enviada para todos os vereadores do Rio de Janeiro e assinada por 48 institui\u00e7\u00f5es.<\/span><\/p>\n<p><span style=\"font-weight: 400;\">Finalmente, foi realizada <a href=\"https:\/\/bit.ly\/3u5vyHw\" target=\"_blank\" rel=\"noopener\">uma campanha internacional contra a fome<\/a> e por cestas b\u00e1sicas para os coletivos envolvidos no Painel, trazendo R$10.000 em doa\u00e7\u00f5es para cestas b\u00e1sicas, muitas das quais foram realizadas em parceria com pequenos produtores agroecol\u00f3gicos da <a href=\"http:\/\/bit.ly\/2kFp5ol\" target=\"_blank\" rel=\"noopener\">Regi\u00e3o Metropolitana do Rio<\/a>, apoiando &#8220;dos dois lados&#8221;.<\/span><\/p>\n<p><a href=\"https:\/\/rioonwatch.org.br\/wp-content\/uploads\/2021\/07\/AMIGAS.jpeg\"><img loading=\"lazy\" decoding=\"async\" class=\"alignright wp-image-57158\" title=\"Anna Paula do A.M.I.G.A.S. de Itagua\u00ed realizando a\u00e7\u00e3o de coleta de dados e educa\u00e7\u00e3o. Foto: A.M.I.G.A.S.\" src=\"https:\/\/rioonwatch.org.br\/wp-content\/uploads\/2021\/07\/AMIGAS.jpeg\" alt=\"Anna Paula do A.M.I.G.A.S. de Itagua\u00ed realizando a\u00e7\u00e3o de coleta de dados e educa\u00e7\u00e3o. Foto: A.M.I.G.A.S.\" width=\"300\" height=\"300\" srcset=\"https:\/\/rioonwatch.org.br\/wp-content\/uploads\/2021\/07\/AMIGAS.jpeg 492w, https:\/\/rioonwatch.org.br\/wp-content\/uploads\/2021\/07\/AMIGAS-264x264.jpeg 264w\" sizes=\"(max-width: 300px) 100vw, 300px\" \/><\/a><\/p>\n<p><span style=\"font-weight: 400;\">Aos poucos os integrantes do Painel foram identificando novas fontes de dados. Foi inclusive desenvolvida <a href=\"http:\/\/metodologia.favela.info\" target=\"_blank\" rel=\"noopener\">uma nota t\u00e9cnica<\/a> pelos volunt\u00e1rios do projeto, e os dados foram liberados para an\u00e1lise por pesquisadores e jornalistas. Grupos novos chegaram para participar das reuni\u00f5es, como o coletivo de mulheres, <a href=\"https:\/\/bit.ly\/3fgbwCW\">A.M.I.G.A.S<\/a> de <a href=\"https:\/\/bit.ly\/2X1gPhx\" target=\"_blank\" rel=\"noopener\">Itagua\u00ed<\/a>, que havia feito o trabalho de coleta de dados em domic\u00edlio em cinco favelas, sem lugar para divulgar estes dados, chegando no Painel dando um triste susto ao incluir seus dados, que ficaram em segundo lugar no Painel. Com o tempo, ainda o Painel contou com a expertise de Renata Gracie, pesquisadora do <a href=\"https:\/\/bit.ly\/2ZEAIw6\" target=\"_blank\" rel=\"noopener\">Instituto de Comunica\u00e7\u00e3o e Informa\u00e7\u00e3o Cient\u00edfica e Tecnol\u00f3gica em Sa\u00fade (ICICT)<\/a>, que desenvolveu uma t\u00e9cnica de identificar &#8220;\u00c1reas de Influ\u00eancia de CEP&#8221; para qualquer favela, utilizando mapas para realizar uma profunda an\u00e1lise. Atrav\u00e9s deste levantamento, identificando os CEPs aproximados de serem utilizados, favela por favela pela cidade, e pela parceria com o <a href=\"https:\/\/bit.ly\/3BdhPTa\" target=\"_blank\" rel=\"noopener\">Covid por CEP<\/a>\u00a0que repassa os dados destes CEPs para inclus\u00e3o, hoje o Painel consegue refletir dados de 330 favelas, 324 delas no munic\u00edpio do Rio.<\/span><\/p>\n<p><span style=\"font-weight: 400;\"><a href=\"https:\/\/rioonwatch.org.br\/wp-content\/uploads\/2021\/07\/AMAC.jpeg\"><img loading=\"lazy\" decoding=\"async\" class=\"alignright wp-image-57121\" src=\"https:\/\/rioonwatch.org.br\/wp-content\/uploads\/2021\/07\/AMAC.jpeg\" alt=\"A\u00e7\u00e3o organizada pela Associa\u00e7\u00e3o Mulheres de Atitude e Compromisso Social (AMAC). Foto: AMAC\" width=\"300\" height=\"400\" srcset=\"https:\/\/rioonwatch.org.br\/wp-content\/uploads\/2021\/07\/AMAC.jpeg 720w, https:\/\/rioonwatch.org.br\/wp-content\/uploads\/2021\/07\/AMAC-465x620.jpeg 465w, https:\/\/rioonwatch.org.br\/wp-content\/uploads\/2021\/07\/AMAC-198x264.jpeg 198w\" sizes=\"(max-width: 300px) 100vw, 300px\" \/><\/a>Atuar pr\u00f3ximo aos dados e \u00e0s pessoas mais respons\u00e1veis pela preven\u00e7\u00e3o nos territ\u00f3rios mais vulner\u00e1veis da nossa cidade, tem possibilitado uma compreens\u00e3o maior da pandemia pelos integrantes. Durante as reuni\u00f5es regulares, a troca de informa\u00e7\u00f5es \u00e9 muito rica, esclarecimentos s\u00e3o prestados e o apoio m\u00fatuo \u00e9 garantido.\u00a0<\/span><\/p>\n<p><span style=\"font-weight: 400;\">\u00c9 comum a imprensa, que tem chegado em peso para cobrir o impacto da pandemia nas favelas e com isso utilizado bastante os dados do Painel Unificador, chegar em conclus\u00f5es equivocadas: por exemplo, olhando para o Painel e vendo a <a href=\"http:\/\/bit.ly\/2K1s59x\" target=\"_blank\" rel=\"noopener\">Mar\u00e9<\/a> em primeiro lugar e presumindo que isso \u00e9 fruto de um maior cont\u00e1gio na Mar\u00e9 do que em outras comunidades. A verdade \u00e9 outra: a Mar\u00e9 consta em primeiro lugar por conta da <em>qualidade<\/em> do levantamento sendo feito l\u00e1, onde os dados representados no Painel Unificador s\u00e3o aqueles da ONG <a href=\"http:\/\/bit.ly\/2ZuAJEX\" target=\"_blank\" rel=\"noopener\">Redes da Mar\u00e9<\/a>, uma organiza\u00e7\u00e3o grande com presen\u00e7a importante em todas as favelas da Mar\u00e9, que inclusive conseguiu apoio para realizar a testagem em massa. O fato \u00e9 que a Mar\u00e9 \u00e9 talvez a \u00fanica favela onde os dados se aproximam da realidade.<\/span><\/p>\n<p><a href=\"https:\/\/rioonwatch.org.br\/wp-content\/uploads\/2021\/07\/Centro-Comunita\u0301rio-Raiz-Vida.jpeg\"><img loading=\"lazy\" decoding=\"async\" class=\"aligncenter size-content wp-image-57119\" src=\"https:\/\/rioonwatch.org.br\/wp-content\/uploads\/2021\/07\/Centro-Comunita\u0301rio-Raiz-Vida-620x264.jpeg\" alt=\"A\u00e7\u00e3o do Centro Comunita\u0301rio Raiz Vida. Foto: Centro Comunita\u0301rio Raiz Vida\" width=\"620\" height=\"264\" srcset=\"https:\/\/rioonwatch.org.br\/wp-content\/uploads\/2021\/07\/Centro-Comunita\u0301rio-Raiz-Vida-620x264.jpeg 620w, https:\/\/rioonwatch.org.br\/wp-content\/uploads\/2021\/07\/Centro-Comunita\u0301rio-Raiz-Vida-940x400.jpeg 940w\" sizes=\"(max-width: 620px) 100vw, 620px\" \/><\/a><\/p>\n<p><span style=\"font-weight: 400;\">Havendo completado um ano de exist\u00eancia do Painel Unificador, os coletivos <a href=\"https:\/\/bit.ly\/LIVEPainel1Ano\" target=\"_blank\" rel=\"noopener\">abriram inscri\u00e7\u00f5es para o p\u00fablico<\/a> para uma <a href=\"https:\/\/bit.ly\/2UlsVF1\" target=\"_blank\" rel=\"noopener\">nova live, no dia 22 de julho, \u00e0s 14h<\/a>, para realizar uma retrospectiva sobre o impacto da pandemia em seus territ\u00f3rios neste ano, e falar do agora. Tamb\u00e9m ser\u00e1 apresentada pela primeira vez uma an\u00e1lise de dados hist\u00f3rica, cobrindo as 330+ favelas hoje contempladas no Painel, desde o in\u00edcio da pandemia. O que essa an\u00e1lise\u2014e toda a proposta e realiza\u00e7\u00e3o do Painel\u2014demonstra \u00e9 simples: o levantamento por favelas n\u00e3o \u00e9 nenhum bicho de sete cabe\u00e7as. Est\u00e1 sendo realizado h\u00e1 um ano por um grupo de volunt\u00e1rios e novatos da sociedade civil. Imagina-se ent\u00e3o o que poderia ter sido feito, caso a prefeitura tivesse cumprido com sua fun\u00e7\u00e3o desde o in\u00edcio da pandemia, e levantado dados para dar resposta imediata \u00e0 situa\u00e7\u00e3o?<\/span><\/p>\n<h3><span style=\"font-weight: 400;\"><a href=\"https:\/\/bit.ly\/LIVEPainel1Ano\" target=\"_blank\" rel=\"noopener\">Saiba mais e se inscreva para a live imperd\u00edvel marcando um ano do Painel, este 22 de julho, \u00e0s 14h<\/a>.<\/span><\/h3>\n<p><span style=\"font-weight: 400;\">Conhe\u00e7a os 24 coletivos e aliados que comp\u00f5em o Painel Unificador Covid-19 nas Favelas: <a href=\"https:\/\/bit.ly\/3fgbwCW\">A.M.I.G.A.S.<\/a>\u00a0| <a href=\"https:\/\/bit.ly\/3enb7QA\" target=\"_blank\" rel=\"noopener\">Associa\u00e7\u00e3o V\u00f3 Cleusa<\/a> | <a href=\"https:\/\/bit.ly\/3dMhFZ7\" target=\"_blank\" rel=\"noopener\">Centro Comunit\u00e1rio Raiz Vida<\/a> | <a href=\"https:\/\/bit.ly\/2ZwXbN1\">Centro Social Fus\u00e3o<\/a> | <a href=\"https:\/\/bit.ly\/3enbwCA\" target=\"_blank\" rel=\"noopener\">Coletivo CDD<\/a> | <a href=\"https:\/\/bit.ly\/2C05Iid\">Coletivo Conex\u00f5es Perif\u00e9ricas-RP<\/a> | <a href=\"https:\/\/comcat.org\/\" target=\"_blank\" rel=\"noopener\">Comunidades Catalisadoras<\/a> | <a href=\"https:\/\/covidporcep.rio.br\/\">Covid por CEP<\/a>\u00a0|\u00a0<a href=\"http:\/\/bit.ly\/2lbFqNb\">Data_Labe<\/a> | <a href=\"http:\/\/bit.ly\/2WAV3Uo\" target=\"_blank\" rel=\"noopener\">Dicion\u00e1rio de Favelas Marielle Franco<\/a> | <a href=\"https:\/\/bit.ly\/3dcAaDa\">Fala Ro\u00e7a<\/a>\u00a0|\u00a0<a href=\"https:\/\/www.facebook.com\/coletivofavelavertical\/\">Favela Vertical<\/a>\u00a0|\u00a0<a href=\"https:\/\/bit.ly\/2ZEAIw6\">Fiocruz<\/a>\u00a0|\u00a0<a href=\"https:\/\/bit.ly\/3cZ2CZe\">F\u00f3rum Grita Baixada<\/a>\u00a0|\u00a0<a href=\"https:\/\/bit.ly\/30zcFAO\">Frente de Mobiliza\u00e7\u00e3o da Mar\u00e9<\/a>\u00a0|\u00a0<a href=\"https:\/\/www.iearaujodutra.com\/\">Instituto Educacional Araujo Dutra<\/a>\u00a0|\u00a0<a href=\"https:\/\/www.facebook.com\/LabJaca\/\">LabJaca<\/a>\u00a0|\u00a0<a href=\"https:\/\/mareonline.com.br\/\">Mar\u00e9 de Not\u00edcias<\/a> | <a href=\"https:\/\/bit.ly\/3etdwcF\" target=\"_blank\" rel=\"noopener\">Marias em A\u00e7\u00e3o<\/a> | <a href=\"http:\/\/bit.ly\/2xQ8oJQ\">Mulheres de Frente<\/a>\u00a0|\u00a0<a href=\"https:\/\/www.observatoriodefavelas.org.br\/\">Observat\u00f3rio de Favelas<\/a>\u00a0|\u00a0<a href=\"https:\/\/bit.ly\/3glWkF6\">PerifaConnection<\/a>\u00a0|\u00a0<a href=\"http:\/\/www.redesdamare.org.br\/?fbclid=IwAR2CewNeSRL_uEPbRpD65lk-okyp8TUWgUjmaAaolliNciWG_KMGIUhf_k0\">Redes da Mar\u00e9<\/a>\u00a0|\u00a0<a href=\"https:\/\/bit.ly\/2ZWsgZB\">SOS Provid\u00eancia<\/a>\u00a0|\u00a0<a href=\"http:\/\/bit.ly\/30l5RrX\">TETO<\/a>.<\/span><\/p>\n<p><em>*O<\/em><em> RioOnWatch, a Rede Favela Sustent\u00e1vel e o Painel Unificador Covid-19 nas Favelas s\u00e3o iniciativas da <a href=\"http:\/\/www.comcat.org\/\" target=\"_blank\" rel=\"noopener noreferrer\">Comunidades Catalisadoras<\/a>.\u00a0<\/em><\/p>\n<hr \/>\n<h4><b data-stringify-type=\"bold\">Apoie nossos esfor\u00e7os para fornecer apoio estrat\u00e9gico \u00e0s favelas do Rio, incluindo o jornalismo hiperlocal, cr\u00edtico, inovador e incans\u00e1vel do\u00a0<\/b><b data-stringify-type=\"bold\"><i data-stringify-type=\"italic\">RioOnWatch<\/i><\/b>\u2014<a class=\"c-link\" href=\"http:\/\/www.bit.ly\/ApoieROW\" target=\"_blank\" rel=\"noopener noreferrer\" data-stringify-link=\"http:\/\/www.bit.ly\/ApoieROW\" data-sk=\"tooltip_parent\">doe aqui<\/a>.<\/h4>\n<!-- AddThis Advanced Settings generic via filter on the_content --><!-- AddThis Share Buttons generic via filter on the_content -->","protected":false},"excerpt":{"rendered":"<div class=\"mh-excerpt\"><p>Click Here for English Esta \u00e9 nossa mat\u00e9ria mais recente sobre\u00a0o novo coronav\u00edrus e seus impactos sobre as favelas, publicada originalmente no Radar Covid-19 Favela da Fiocruz. Este m\u00eas o Painel Unificador Covid-19 nas Favelas, <a class=\"mh-excerpt-more\" href=\"https:\/\/rioonwatch.org.br\/?p=57088\" title=\"Um Ano do Painel Unificador Covid-19 nas Favelas: Conhe\u00e7a Sua Hist\u00f3ria\">[&#8230;]<\/a><!-- AddThis Advanced Settings generic via filter on get_the_excerpt --><!-- AddThis Share Buttons generic via filter on get_the_excerpt --><\/p>\n<\/div>","protected":false},"author":129,"featured_media":57163,"comment_status":"closed","ping_status":"closed","sticky":false,"template":"","format":"standard","meta":{"_acf_changed":false,"_monsterinsights_skip_tracking":false,"_monsterinsights_sitenote_active":false,"_monsterinsights_sitenote_note":"","_monsterinsights_sitenote_category":0,"footnotes":""},"categories":[2753,1621,1612,342],"tags":[332,2748,1874,2146,1372,1583,599,417,3043,1107,2289,2754,2816,2003],"writer":[3028],"translator":[],"source":[3066],"ilustrador":[],"fotografo":[],"class_list":{"0":"post-57088","1":"post","2":"type-post","3":"status-publish","4":"format-standard","5":"has-post-thumbnail","7":"category-covid19nasfavelas","8":"category-destaque","9":"category-sociedade-civil","10":"category-solucoes","11":"tag-complexo-da-mare","12":"tag-coronavirus","13":"tag-fala-roca","14":"tag-fiocruz","15":"tag-grande-rio","16":"tag-itaguai","17":"tag-jacarezinho","18":"tag-negligencia-do-estado","19":"tag-painel-unificador","20":"tag-redes-da-mare","21":"tag-serie","22":"tag-serie-covid-19-nas-favelas","23":"tag-subnotificacao","24":"tag-voz-das-comunidades","25":"writer-painel-unificador-das-favelas","26":"source-radar-covid-19-favelas"},"acf":[],"yoast_head":"<!-- This site is optimized with the Yoast SEO plugin v25.6 - https:\/\/yoast.com\/wordpress\/plugins\/seo\/ -->\n<title>Um Ano do Painel Unificador Covid-19 nas Favelas: Conhe\u00e7a Sua Hist\u00f3ria - RioOnWatch<\/title>\n<meta name=\"robots\" content=\"index, follow, max-snippet:-1, max-image-preview:large, max-video-preview:-1\" \/>\n<link rel=\"canonical\" href=\"https:\/\/rioonwatch.org.br\/?p=57088\" \/>\n<meta property=\"og:locale\" content=\"pt_BR\" \/>\n<meta property=\"og:type\" content=\"article\" \/>\n<meta property=\"og:title\" content=\"Um Ano do Painel Unificador Covid-19 nas Favelas: Conhe\u00e7a Sua Hist\u00f3ria - RioOnWatch\" \/>\n<meta property=\"og:description\" content=\"Click Here for English Esta \u00e9 nossa mat\u00e9ria mais recente sobre\u00a0o novo coronav\u00edrus e seus impactos sobre as favelas, publicada originalmente no Radar Covid-19 Favela da Fiocruz. Este m\u00eas o Painel Unificador Covid-19 nas Favelas, [...]\" \/>\n<meta property=\"og:url\" content=\"https:\/\/rioonwatch.org.br\/?p=57088\" \/>\n<meta property=\"og:site_name\" content=\"RioOnWatch\" \/>\n<meta property=\"article:published_time\" content=\"2021-07-16T17:59:03+00:00\" \/>\n<meta property=\"article:modified_time\" content=\"2021-09-17T18:46:49+00:00\" \/>\n<meta property=\"og:image\" content=\"https:\/\/rioonwatch.org.br\/wp-content\/uploads\/2021\/07\/Video-do-Painel-1330x629.png\" \/>\n\t<meta property=\"og:image:width\" content=\"1330\" \/>\n\t<meta property=\"og:image:height\" content=\"629\" \/>\n\t<meta property=\"og:image:type\" content=\"image\/png\" \/>\n<meta name=\"author\" content=\"Admin\" \/>\n<meta name=\"twitter:card\" content=\"summary_large_image\" \/>\n<meta name=\"twitter:label1\" content=\"Escrito por\" \/>\n\t<meta name=\"twitter:data1\" content=\"Admin\" \/>\n\t<meta name=\"twitter:label2\" content=\"Est. tempo de leitura\" \/>\n\t<meta name=\"twitter:data2\" content=\"8 minutos\" \/>\n<script type=\"application\/ld+json\" class=\"yoast-schema-graph\">{\"@context\":\"https:\/\/schema.org\",\"@graph\":[{\"@type\":\"Article\",\"@id\":\"https:\/\/rioonwatch.org.br\/?p=57088#article\",\"isPartOf\":{\"@id\":\"https:\/\/rioonwatch.org.br\/?p=57088\"},\"author\":{\"name\":\"Admin\",\"@id\":\"https:\/\/rioonwatch.org.br\/#\/schema\/person\/11d64c290506f9df50c71b850c473f68\"},\"headline\":\"Um Ano do Painel Unificador Covid-19 nas Favelas: Conhe\u00e7a Sua Hist\u00f3ria\",\"datePublished\":\"2021-07-16T17:59:03+00:00\",\"dateModified\":\"2021-09-17T18:46:49+00:00\",\"mainEntityOfPage\":{\"@id\":\"https:\/\/rioonwatch.org.br\/?p=57088\"},\"wordCount\":1507,\"publisher\":{\"@id\":\"https:\/\/rioonwatch.org.br\/#organization\"},\"image\":{\"@id\":\"https:\/\/rioonwatch.org.br\/?p=57088#primaryimage\"},\"thumbnailUrl\":\"https:\/\/rioonwatch.org.br\/wp-content\/uploads\/2021\/07\/Video-do-Painel.png\",\"keywords\":[\"Complexo da Mar\u00e9\",\"coronav\u00edrus\",\"Fala Ro\u00e7a\",\"Fiocruz\",\"Grande Rio\",\"Itagua\u00ed\",\"Jacarezinho\",\"Neglig\u00eancia do Estado\",\"Painel Unificador\",\"Redes da Mar\u00e9\",\"S\u00e9rie\",\"S\u00e9rie: Covid-19 Nas Favelas\",\"subnotifica\u00e7\u00e3o\",\"Voz das Comunidades\"],\"articleSection\":[\"#Covid19NasFavelas\",\"*Destaque\",\"Sociedade Civil\",\"Solu\u00e7\u00f5es\"],\"inLanguage\":\"pt-BR\"},{\"@type\":\"WebPage\",\"@id\":\"https:\/\/rioonwatch.org.br\/?p=57088\",\"url\":\"https:\/\/rioonwatch.org.br\/?p=57088\",\"name\":\"Um Ano do Painel Unificador Covid-19 nas Favelas: Conhe\u00e7a Sua Hist\u00f3ria - RioOnWatch\",\"isPartOf\":{\"@id\":\"https:\/\/rioonwatch.org.br\/#website\"},\"primaryImageOfPage\":{\"@id\":\"https:\/\/rioonwatch.org.br\/?p=57088#primaryimage\"},\"image\":{\"@id\":\"https:\/\/rioonwatch.org.br\/?p=57088#primaryimage\"},\"thumbnailUrl\":\"https:\/\/rioonwatch.org.br\/wp-content\/uploads\/2021\/07\/Video-do-Painel.png\",\"datePublished\":\"2021-07-16T17:59:03+00:00\",\"dateModified\":\"2021-09-17T18:46:49+00:00\",\"breadcrumb\":{\"@id\":\"https:\/\/rioonwatch.org.br\/?p=57088#breadcrumb\"},\"inLanguage\":\"pt-BR\",\"potentialAction\":[{\"@type\":\"ReadAction\",\"target\":[\"https:\/\/rioonwatch.org.br\/?p=57088\"]}]},{\"@type\":\"ImageObject\",\"inLanguage\":\"pt-BR\",\"@id\":\"https:\/\/rioonwatch.org.br\/?p=57088#primaryimage\",\"url\":\"https:\/\/rioonwatch.org.br\/wp-content\/uploads\/2021\/07\/Video-do-Painel.png\",\"contentUrl\":\"https:\/\/rioonwatch.org.br\/wp-content\/uploads\/2021\/07\/Video-do-Painel.png\",\"width\":1778,\"height\":841,\"caption\":\"Imagem de entrada do v\u00eddeo #DadosSalvamVidas: video.favela.info.\"},{\"@type\":\"BreadcrumbList\",\"@id\":\"https:\/\/rioonwatch.org.br\/?p=57088#breadcrumb\",\"itemListElement\":[{\"@type\":\"ListItem\",\"position\":1,\"name\":\"In\u00edcio\",\"item\":\"https:\/\/rioonwatch.org.br\/\"},{\"@type\":\"ListItem\",\"position\":2,\"name\":\"Um Ano do Painel Unificador Covid-19 nas Favelas: Conhe\u00e7a Sua Hist\u00f3ria\"}]},{\"@type\":\"WebSite\",\"@id\":\"https:\/\/rioonwatch.org.br\/#website\",\"url\":\"https:\/\/rioonwatch.org.br\/\",\"name\":\"RioOnWatch\",\"description\":\"relatos das favelas cariocas\",\"publisher\":{\"@id\":\"https:\/\/rioonwatch.org.br\/#organization\"},\"potentialAction\":[{\"@type\":\"SearchAction\",\"target\":{\"@type\":\"EntryPoint\",\"urlTemplate\":\"https:\/\/rioonwatch.org.br\/?s={search_term_string}\"},\"query-input\":{\"@type\":\"PropertyValueSpecification\",\"valueRequired\":true,\"valueName\":\"search_term_string\"}}],\"inLanguage\":\"pt-BR\"},{\"@type\":\"Organization\",\"@id\":\"https:\/\/rioonwatch.org.br\/#organization\",\"name\":\"RioOnWatch\",\"url\":\"https:\/\/rioonwatch.org.br\/\",\"logo\":{\"@type\":\"ImageObject\",\"inLanguage\":\"pt-BR\",\"@id\":\"https:\/\/rioonwatch.org.br\/#\/schema\/logo\/image\/\",\"url\":\"https:\/\/rioonwatch.org.br\/wp-content\/uploads\/2021\/06\/RioOnWatchcabecalhoPT11anos-2.png\",\"contentUrl\":\"https:\/\/rioonwatch.org.br\/wp-content\/uploads\/2021\/06\/RioOnWatchcabecalhoPT11anos-2.png\",\"width\":779,\"height\":277,\"caption\":\"RioOnWatch\"},\"image\":{\"@id\":\"https:\/\/rioonwatch.org.br\/#\/schema\/logo\/image\/\"}},{\"@type\":\"Person\",\"@id\":\"https:\/\/rioonwatch.org.br\/#\/schema\/person\/11d64c290506f9df50c71b850c473f68\",\"name\":\"Admin\",\"image\":{\"@type\":\"ImageObject\",\"inLanguage\":\"pt-BR\",\"@id\":\"https:\/\/rioonwatch.org.br\/#\/schema\/person\/image\/\",\"url\":\"https:\/\/secure.gravatar.com\/avatar\/56211ac74568383903349a1485e3c325?s=96&d=blank&r=g\",\"contentUrl\":\"https:\/\/secure.gravatar.com\/avatar\/56211ac74568383903349a1485e3c325?s=96&d=blank&r=g\",\"caption\":\"Admin\"},\"url\":\"https:\/\/rioonwatch.org.br\/?author=129\"}]}<\/script>\n<!-- \/ Yoast SEO plugin. -->","yoast_head_json":{"title":"Um Ano do Painel Unificador Covid-19 nas Favelas: Conhe\u00e7a Sua Hist\u00f3ria - RioOnWatch","robots":{"index":"index","follow":"follow","max-snippet":"max-snippet:-1","max-image-preview":"max-image-preview:large","max-video-preview":"max-video-preview:-1"},"canonical":"https:\/\/rioonwatch.org.br\/?p=57088","og_locale":"pt_BR","og_type":"article","og_title":"Um Ano do Painel Unificador Covid-19 nas Favelas: Conhe\u00e7a Sua Hist\u00f3ria - RioOnWatch","og_description":"Click Here for English Esta \u00e9 nossa mat\u00e9ria mais recente sobre\u00a0o novo coronav\u00edrus e seus impactos sobre as favelas, publicada originalmente no Radar Covid-19 Favela da Fiocruz. Este m\u00eas o Painel Unificador Covid-19 nas Favelas, [...]","og_url":"https:\/\/rioonwatch.org.br\/?p=57088","og_site_name":"RioOnWatch","article_published_time":"2021-07-16T17:59:03+00:00","article_modified_time":"2021-09-17T18:46:49+00:00","og_image":[{"width":1330,"height":629,"url":"https:\/\/rioonwatch.org.br\/wp-content\/uploads\/2021\/07\/Video-do-Painel-1330x629.png","type":"image\/png"}],"author":"Admin","twitter_card":"summary_large_image","twitter_misc":{"Escrito por":"Admin","Est. tempo de leitura":"8 minutos"},"schema":{"@context":"https:\/\/schema.org","@graph":[{"@type":"Article","@id":"https:\/\/rioonwatch.org.br\/?p=57088#article","isPartOf":{"@id":"https:\/\/rioonwatch.org.br\/?p=57088"},"author":{"name":"Admin","@id":"https:\/\/rioonwatch.org.br\/#\/schema\/person\/11d64c290506f9df50c71b850c473f68"},"headline":"Um Ano do Painel Unificador Covid-19 nas Favelas: Conhe\u00e7a Sua Hist\u00f3ria","datePublished":"2021-07-16T17:59:03+00:00","dateModified":"2021-09-17T18:46:49+00:00","mainEntityOfPage":{"@id":"https:\/\/rioonwatch.org.br\/?p=57088"},"wordCount":1507,"publisher":{"@id":"https:\/\/rioonwatch.org.br\/#organization"},"image":{"@id":"https:\/\/rioonwatch.org.br\/?p=57088#primaryimage"},"thumbnailUrl":"https:\/\/rioonwatch.org.br\/wp-content\/uploads\/2021\/07\/Video-do-Painel.png","keywords":["Complexo da Mar\u00e9","coronav\u00edrus","Fala Ro\u00e7a","Fiocruz","Grande Rio","Itagua\u00ed","Jacarezinho","Neglig\u00eancia do Estado","Painel Unificador","Redes da Mar\u00e9","S\u00e9rie","S\u00e9rie: Covid-19 Nas Favelas","subnotifica\u00e7\u00e3o","Voz das Comunidades"],"articleSection":["#Covid19NasFavelas","*Destaque","Sociedade Civil","Solu\u00e7\u00f5es"],"inLanguage":"pt-BR"},{"@type":"WebPage","@id":"https:\/\/rioonwatch.org.br\/?p=57088","url":"https:\/\/rioonwatch.org.br\/?p=57088","name":"Um Ano do Painel Unificador Covid-19 nas Favelas: Conhe\u00e7a Sua Hist\u00f3ria - RioOnWatch","isPartOf":{"@id":"https:\/\/rioonwatch.org.br\/#website"},"primaryImageOfPage":{"@id":"https:\/\/rioonwatch.org.br\/?p=57088#primaryimage"},"image":{"@id":"https:\/\/rioonwatch.org.br\/?p=57088#primaryimage"},"thumbnailUrl":"https:\/\/rioonwatch.org.br\/wp-content\/uploads\/2021\/07\/Video-do-Painel.png","datePublished":"2021-07-16T17:59:03+00:00","dateModified":"2021-09-17T18:46:49+00:00","breadcrumb":{"@id":"https:\/\/rioonwatch.org.br\/?p=57088#breadcrumb"},"inLanguage":"pt-BR","potentialAction":[{"@type":"ReadAction","target":["https:\/\/rioonwatch.org.br\/?p=57088"]}]},{"@type":"ImageObject","inLanguage":"pt-BR","@id":"https:\/\/rioonwatch.org.br\/?p=57088#primaryimage","url":"https:\/\/rioonwatch.org.br\/wp-content\/uploads\/2021\/07\/Video-do-Painel.png","contentUrl":"https:\/\/rioonwatch.org.br\/wp-content\/uploads\/2021\/07\/Video-do-Painel.png","width":1778,"height":841,"caption":"Imagem de entrada do v\u00eddeo #DadosSalvamVidas: video.favela.info."},{"@type":"BreadcrumbList","@id":"https:\/\/rioonwatch.org.br\/?p=57088#breadcrumb","itemListElement":[{"@type":"ListItem","position":1,"name":"In\u00edcio","item":"https:\/\/rioonwatch.org.br\/"},{"@type":"ListItem","position":2,"name":"Um Ano do Painel Unificador Covid-19 nas Favelas: Conhe\u00e7a Sua Hist\u00f3ria"}]},{"@type":"WebSite","@id":"https:\/\/rioonwatch.org.br\/#website","url":"https:\/\/rioonwatch.org.br\/","name":"RioOnWatch","description":"relatos das favelas cariocas","publisher":{"@id":"https:\/\/rioonwatch.org.br\/#organization"},"potentialAction":[{"@type":"SearchAction","target":{"@type":"EntryPoint","urlTemplate":"https:\/\/rioonwatch.org.br\/?s={search_term_string}"},"query-input":{"@type":"PropertyValueSpecification","valueRequired":true,"valueName":"search_term_string"}}],"inLanguage":"pt-BR"},{"@type":"Organization","@id":"https:\/\/rioonwatch.org.br\/#organization","name":"RioOnWatch","url":"https:\/\/rioonwatch.org.br\/","logo":{"@type":"ImageObject","inLanguage":"pt-BR","@id":"https:\/\/rioonwatch.org.br\/#\/schema\/logo\/image\/","url":"https:\/\/rioonwatch.org.br\/wp-content\/uploads\/2021\/06\/RioOnWatchcabecalhoPT11anos-2.png","contentUrl":"https:\/\/rioonwatch.org.br\/wp-content\/uploads\/2021\/06\/RioOnWatchcabecalhoPT11anos-2.png","width":779,"height":277,"caption":"RioOnWatch"},"image":{"@id":"https:\/\/rioonwatch.org.br\/#\/schema\/logo\/image\/"}},{"@type":"Person","@id":"https:\/\/rioonwatch.org.br\/#\/schema\/person\/11d64c290506f9df50c71b850c473f68","name":"Admin","image":{"@type":"ImageObject","inLanguage":"pt-BR","@id":"https:\/\/rioonwatch.org.br\/#\/schema\/person\/image\/","url":"https:\/\/secure.gravatar.com\/avatar\/56211ac74568383903349a1485e3c325?s=96&d=blank&r=g","contentUrl":"https:\/\/secure.gravatar.com\/avatar\/56211ac74568383903349a1485e3c325?s=96&d=blank&r=g","caption":"Admin"},"url":"https:\/\/rioonwatch.org.br\/?author=129"}]}},"_links":{"self":[{"href":"https:\/\/rioonwatch.org.br\/index.php?rest_route=\/wp\/v2\/posts\/57088"}],"collection":[{"href":"https:\/\/rioonwatch.org.br\/index.php?rest_route=\/wp\/v2\/posts"}],"about":[{"href":"https:\/\/rioonwatch.org.br\/index.php?rest_route=\/wp\/v2\/types\/post"}],"author":[{"embeddable":true,"href":"https:\/\/rioonwatch.org.br\/index.php?rest_route=\/wp\/v2\/users\/129"}],"replies":[{"embeddable":true,"href":"https:\/\/rioonwatch.org.br\/index.php?rest_route=%2Fwp%2Fv2%2Fcomments&post=57088"}],"version-history":[{"count":23,"href":"https:\/\/rioonwatch.org.br\/index.php?rest_route=\/wp\/v2\/posts\/57088\/revisions"}],"predecessor-version":[{"id":57277,"href":"https:\/\/rioonwatch.org.br\/index.php?rest_route=\/wp\/v2\/posts\/57088\/revisions\/57277"}],"wp:featuredmedia":[{"embeddable":true,"href":"https:\/\/rioonwatch.org.br\/index.php?rest_route=\/wp\/v2\/media\/57163"}],"wp:attachment":[{"href":"https:\/\/rioonwatch.org.br\/index.php?rest_route=%2Fwp%2Fv2%2Fmedia&parent=57088"}],"wp:term":[{"taxonomy":"category","embeddable":true,"href":"https:\/\/rioonwatch.org.br\/index.php?rest_route=%2Fwp%2Fv2%2Fcategories&post=57088"},{"taxonomy":"post_tag","embeddable":true,"href":"https:\/\/rioonwatch.org.br\/index.php?rest_route=%2Fwp%2Fv2%2Ftags&post=57088"},{"taxonomy":"writer","embeddable":true,"href":"https:\/\/rioonwatch.org.br\/index.php?rest_route=%2Fwp%2Fv2%2Fwriter&post=57088"},{"taxonomy":"translator","embeddable":true,"href":"https:\/\/rioonwatch.org.br\/index.php?rest_route=%2Fwp%2Fv2%2Ftranslator&post=57088"},{"taxonomy":"source","embeddable":true,"href":"https:\/\/rioonwatch.org.br\/index.php?rest_route=%2Fwp%2Fv2%2Fsource&post=57088"},{"taxonomy":"ilustrador","embeddable":true,"href":"https:\/\/rioonwatch.org.br\/index.php?rest_route=%2Fwp%2Fv2%2Filustrador&post=57088"},{"taxonomy":"fotografo","embeddable":true,"href":"https:\/\/rioonwatch.org.br\/index.php?rest_route=%2Fwp%2Fv2%2Ffotografo&post=57088"}],"curies":[{"name":"wp","href":"https:\/\/api.w.org\/{rel}","templated":true}]}}