{"id":57332,"date":"2021-07-26T12:17:41","date_gmt":"2021-07-26T15:17:41","guid":{"rendered":"https:\/\/rioonwatch.org.br\/?p=57332"},"modified":"2024-05-24T12:31:07","modified_gmt":"2024-05-24T15:31:07","slug":"julho-negro-contra-o-racismo-a-militarizacao-e-o-apartheid-video","status":"publish","type":"post","link":"https:\/\/rioonwatch.org.br\/?p=57332","title":{"rendered":"Julho Negro: Contra o Racismo, a Militariza\u00e7\u00e3o e o Apartheid [V\u00cdDEO]"},"content":{"rendered":"<p><iframe title=\"YouTube video player\" src=\"https:\/\/www.youtube.com\/embed\/0ItOD5agDT0\" width=\"620\" height=\"349\" frameborder=\"0\" allowfullscreen=\"allowfullscreen\"><span data-mce-type=\"bookmark\" style=\"display: inline-block; width: 0px; overflow: hidden; line-height: 0;\" class=\"mce_SELRES_start\">\ufeff<\/span><span data-mce-type=\"bookmark\" style=\"display: inline-block; width: 0px; overflow: hidden; line-height: 0;\" class=\"mce_SELRES_start\">\ufeff<\/span><\/iframe><\/p>\n<p style=\"text-align: right;\"><em><strong><a href=\"https:\/\/bit.ly\/3yfWarx\" target=\"_blank\" rel=\"noopener noreferrer\">Click Here for English<\/a><a href=\"https:\/\/bit.ly\/3yfWarx\" target=\"_blank\" rel=\"noopener noreferrer\"><img decoding=\"async\" class=\"alignright wp-image-15790\" src=\"http:\/\/rioonwatch.org.br\/wp-content\/uploads\/2012\/08\/EN-standard-e1439583104716.jpg\" alt=\"\" width=\"20\" height=\"20\" \/><\/a><\/strong><\/em><\/p>\n<p><em>Este <a href=\"https:\/\/bit.ly\/6oJulhoNegro\" target=\"_blank\" rel=\"noopener\">minidocument\u00e1rio<\/a> faz parte da <a href=\"http:\/\/bit.ly\/DesenraizandoRacismo\" target=\"_blank\" rel=\"noopener\">s\u00e9rie de mat\u00e9rias do projeto antirracista do RioOnWatch<\/a>. Conhe\u00e7a o nosso projeto que traz conte\u00fados midi\u00e1ticos semanais ao longo de 2021: <i><a href=\"http:\/\/bit.ly\/EnraizandoIntro\" target=\"_blank\" rel=\"noopener\">Enraizando o Antirracismo nas Favelas<\/a>.<\/i><\/em><\/p>\n<p><span style=\"font-weight: 400;\">Fazer uma produ\u00e7\u00e3o audiovisual que tenha o <a href=\"http:\/\/bit.ly\/JulhoNegro\" target=\"_blank\" rel=\"noopener\">Julho Negro<\/a> como protagonista da hist\u00f3ria \u00e9, sem d\u00favida alguma, uma iniciativa necess\u00e1ria, do ponto de vista da mem\u00f3ria do <a href=\"https:\/\/bit.ly\/2ED4jQ1\" target=\"_blank\" rel=\"noopener\">movimento negro<\/a> e de favelas no Rio de Janeiro. <a href=\"https:\/\/bit.ly\/3wrGTma\" target=\"_blank\" rel=\"noopener\">Negras(os) e Faveladas(os) t\u00eam historicamente sobrevivido<\/a> ao <a href=\"https:\/\/bit.ly\/DesenraizandoRacismo\" target=\"_blank\" rel=\"noopener\">racismo e a outras tantas viola\u00e7\u00f5es de direitos<\/a> sociais. Este ano o evento comemora seis anos e realizar\u00e1 sua 6\u00aa edi\u00e7\u00e3o entre os dias 26 e 30 de julho. Organizado por movimentos de favelas do Rio de Janeiro e <a href=\"https:\/\/bit.ly\/2FBdRez\" target=\"_blank\" rel=\"noopener\">m\u00e3es de v\u00edtimas da viol\u00eancia policial<\/a>, o Julho Negro \u00e9 fruto da mobiliza\u00e7\u00e3o coletiva em favor da vida da popula\u00e7\u00e3o negra favelada.<\/span><\/p>\n<blockquote class=\"instagram-media\" style=\"background: #FFF; border: 0; border-radius: 3px; box-shadow: 0 0 1px 0 rgba(0,0,0,0.5),0 1px 10px 0 rgba(0,0,0,0.15); margin: 1px; max-width: 540px; min-width: 326px; padding: 0; width: calc(100% - 2px);\" data-instgrm-captioned=\"\" data-instgrm-permalink=\"https:\/\/www.instagram.com\/p\/CRoe_l4pA8i\/?utm_source=ig_embed&amp;utm_campaign=loading\" data-instgrm-version=\"13\">\n<div style=\"padding: 16px;\">\n<p>&nbsp;<\/p>\n<div style=\"display: flex; flex-direction: row; align-items: center;\">\n<div style=\"background-color: #f4f4f4; border-radius: 50%; flex-grow: 0; height: 40px; margin-right: 14px; width: 40px;\"><\/div>\n<div style=\"display: flex; flex-direction: column; flex-grow: 1; justify-content: center;\">\n<div style=\"background-color: #f4f4f4; border-radius: 4px; flex-grow: 0; height: 14px; margin-bottom: 6px; width: 100px;\"><\/div>\n<div style=\"background-color: #f4f4f4; border-radius: 4px; flex-grow: 0; height: 14px; width: 60px;\"><\/div>\n<\/div>\n<\/div>\n<div style=\"padding: 19% 0;\"><\/div>\n<div style=\"display: block; height: 50px; margin: 0 auto 12px; width: 50px;\"><\/div>\n<div style=\"padding-top: 8px;\">\n<div style=\"color: #3897f0; font-family: Arial,sans-serif; font-size: 14px; font-style: normal; font-weight: 550; line-height: 18px;\">Ver essa foto no Instagram<\/div>\n<\/div>\n<div style=\"padding: 12.5% 0;\"><\/div>\n<div style=\"display: flex; flex-direction: row; margin-bottom: 14px; align-items: center;\">\n<div>\n<div style=\"background-color: #f4f4f4; border-radius: 50%; height: 12.5px; width: 12.5px; transform: translateX(0px) translateY(7px);\"><\/div>\n<div style=\"background-color: #f4f4f4; height: 12.5px; transform: rotate(-45deg) translateX(3px) translateY(1px); width: 12.5px; flex-grow: 0; margin-right: 14px; margin-left: 2px;\"><\/div>\n<div style=\"background-color: #f4f4f4; border-radius: 50%; height: 12.5px; width: 12.5px; transform: translateX(9px) translateY(-18px);\"><\/div>\n<\/div>\n<div style=\"margin-left: 8px;\">\n<div style=\"background-color: #f4f4f4; border-radius: 50%; flex-grow: 0; height: 20px; width: 20px;\"><\/div>\n<div style=\"width: 0; height: 0; border-top: 2px solid transparent; border-left: 6px solid #F4F4F4; border-bottom: 2px solid transparent; transform: translateX(16px) translateY(-4px) rotate(30deg);\"><\/div>\n<\/div>\n<div style=\"margin-left: auto;\">\n<div style=\"width: 0px; border-top: 8px solid #F4F4F4; border-right: 8px solid transparent; transform: translateY(16px);\"><\/div>\n<div style=\"background-color: #f4f4f4; flex-grow: 0; height: 12px; width: 16px; transform: translateY(-4px);\"><\/div>\n<div style=\"width: 0; height: 0; border-top: 8px solid #F4F4F4; border-left: 8px solid transparent; transform: translateY(-4px) translateX(8px);\"><\/div>\n<\/div>\n<\/div>\n<div style=\"display: flex; flex-direction: column; flex-grow: 1; justify-content: center; margin-bottom: 24px;\">\n<div style=\"background-color: #f4f4f4; border-radius: 4px; flex-grow: 0; height: 14px; margin-bottom: 6px; width: 224px;\"><\/div>\n<div style=\"background-color: #f4f4f4; border-radius: 4px; flex-grow: 0; height: 14px; width: 144px;\"><\/div>\n<\/div>\n<p>&nbsp;<\/p>\n<p style=\"color: #c9c8cd; font-family: Arial,sans-serif; font-size: 14px; line-height: 17px; margin-bottom: 0; margin-top: 8px; overflow: hidden; padding: 8px 0 7px; text-align: center; text-overflow: ellipsis; white-space: nowrap;\"><a style=\"color: #c9c8cd; font-family: Arial,sans-serif; font-size: 14px; font-style: normal; font-weight: normal; line-height: 17px; text-decoration: none;\" href=\"https:\/\/www.instagram.com\/p\/CRoe_l4pA8i\/?utm_source=ig_embed&amp;utm_campaign=loading\" target=\"_blank\" rel=\"noopener\">Uma publica\u00e7\u00e3o compartilhada por Julho Negro (@julhonegro)<\/a><\/p>\n<\/div>\n<\/blockquote>\n<p><script async src=\"\/\/www.instagram.com\/embed.js\"><\/script><\/p>\n<p><span style=\"font-weight: 400;\">A marca da for\u00e7a das mulheres \u00e9 bem presente na organiza\u00e7\u00e3o do Julho Negro e, por isso, este \u00e9 um recorte objetivo neste minidocument\u00e1rio. A fala das mulheres ecoa como um manifesto neste material, sobretudo pelo fato destas ativistas estarem na linha de frente dos problemas e das viola\u00e7\u00f5es que pretas(os) vivem nas favelas e periferias.<\/span><\/p>\n<p><span style=\"font-weight: 400;\">Al\u00e9m de organicamente negro e feminista, o Julho Negro \u00e9 um evento de articula\u00e7\u00e3o internacional contra a <a href=\"http:\/\/bit.ly\/2x1wErZ\" target=\"_blank\" rel=\"noopener\">militariza\u00e7\u00e3o, o racismo<\/a> e o <a href=\"http:\/\/bit.ly\/2AG7KiD\" target=\"_blank\" rel=\"noopener\">apartheid<\/a> no mundo. Centraliza em um s\u00f3 evento debates sobre v\u00e1rios territ\u00f3rios, mas sempre sobre a mesma luta: contra viola\u00e7\u00f5es sofridas por popula\u00e7\u00f5es marginalizadas, empobrecidas e <a href=\"http:\/\/bit.ly\/1mZ17i5\" target=\"_blank\" rel=\"noopener\">criminalizadas<\/a>, principalmente do <a href=\"https:\/\/bit.ly\/3y6uRQk\" target=\"_blank\" rel=\"noopener\">Sul Global<\/a>. Este v\u00eddeo \u00e9 mais uma forma de contribuir com os movimentos que denunciam sistematicamente a viol\u00eancia e o <a href=\"http:\/\/bit.ly\/36i6BMT\" target=\"_blank\" rel=\"noopener\">terrorismo de Estado<\/a>.<\/span><\/p>\n<p><span style=\"font-weight: 400;\">Avante, Julho Negro!<\/span><\/p>\n<p><em>Este minidocument\u00e1rio foi feito durante a pandemia do coronav\u00edrus, de forma remota e coletiva, sem contato presencial entre o diretor e os participantes. Todos os depoimentos foram gravados voluntariamente pelos pr\u00f3prios participantes em suas casas ou locais de trabalho, com seus pr\u00f3prios meios tecnol\u00f3gicos\u2014celulares, computadores e c\u00e2meras.<\/em><\/p>\n<h3>Assista o Minidoc por David Amen Acima ou <a href=\"https:\/\/bit.ly\/6oJulhoNegro\" target=\"_blank\" rel=\"noopener\">Aqui<\/a>.<\/h3>\n<p><em>Sobre o diretor e roteirista: <a href=\"https:\/\/bit.ly\/3aaDQGG\" target=\"_blank\" rel=\"noopener\">David Amen<\/a> \u00e9 cria do <a href=\"http:\/\/bit.ly\/2wIyn5a\" target=\"_blank\" rel=\"noopener\">Complexo do Alem\u00e3o<\/a>, co-fundador e produtor de comunica\u00e7\u00e3o do <a href=\"http:\/\/bit.ly\/2F45IMx\" target=\"_blank\" rel=\"noopener\">Instituto Ra\u00edzes em Movimento,<\/a> jornalista, grafiteiro e ilustrador.<\/em><\/p>\n<p><em>Essa mat\u00e9ria \u00e9 parte de uma\u00a0<a href=\"http:\/\/bit.ly\/DesenraizandoRacismo\" target=\"_blank\" rel=\"noopener\">s\u00e9rie de mat\u00e9rias do projeto antirracista do RioOnWatch<\/a>. Conhe\u00e7a o nosso projeto que traz conte\u00fados midi\u00e1ticos semanais ao longo de 2021:\u00a0<i><a href=\"http:\/\/bit.ly\/EnraizandoIntro\" target=\"_blank\" rel=\"noopener\">Enraizando o Antirracismo nas Favelas<\/a>. P<\/i><i>ara contribuir com essa pauta,\u00a0<a href=\"https:\/\/bit.ly\/PautasAntirracismo\">clique aqui<\/a>.<\/i><\/em><\/p>\n<h4><b data-stringify-type=\"bold\">Compartilhe com a gente a sua opini\u00e3o sobre essa mat\u00e9ria\u00a0<\/b><b data-stringify-type=\"bold\"><a class=\"c-link\" href=\"https:\/\/bit.ly\/OpineAntirracismo\" target=\"_blank\" rel=\"noopener noreferrer\" data-stringify-link=\"https:\/\/docs.google.com\/forms\/d\/e\/1FAIpQLSc6PJwxQ0eapYlfSfsr8fyibg8ODzXKpGhJjXe2-8Bbxrtp1g\/viewform\" data-sk=\"tooltip_parent\">clicando aqui<\/a>.<\/b><\/h4>\n<hr \/>\n<h4><strong>Apoie nossos esfor\u00e7os para fornecer assist\u00eancia estrat\u00e9gica \u00e0s favelas do Rio, incluindo o jornalismo hiperlocal, cr\u00edtico, inovador e incans\u00e1vel do\u00a0<em>RioOnWatch<\/em><\/strong>\u2014<a href=\"http:\/\/bit.ly\/CatalisandoComunidades\">doe aqui<\/a>.<\/h4>\n<!-- AddThis Advanced Settings generic via filter on the_content --><!-- AddThis Share Buttons generic via filter on the_content -->","protected":false},"excerpt":{"rendered":"<div class=\"mh-excerpt\"><p>\ufeff\ufeff Click Here for English Este minidocument\u00e1rio faz parte da s\u00e9rie de mat\u00e9rias do projeto antirracista do RioOnWatch. Conhe\u00e7a o nosso projeto que traz conte\u00fados midi\u00e1ticos semanais ao longo de 2021: Enraizando o Antirracismo nas <a class=\"mh-excerpt-more\" href=\"https:\/\/rioonwatch.org.br\/?p=57332\" title=\"Julho Negro: Contra o Racismo, a Militariza\u00e7\u00e3o e o Apartheid [V\u00cdDEO]\">[&#8230;]<\/a><!-- AddThis Advanced Settings generic via filter on get_the_excerpt --><!-- AddThis Share Buttons generic via filter on get_the_excerpt --><\/p>\n<\/div>","protected":false},"author":167,"featured_media":57357,"comment_status":"closed","ping_status":"closed","sticky":false,"template":"","format":"standard","meta":{"_acf_changed":false,"_monsterinsights_skip_tracking":false,"_monsterinsights_sitenote_active":false,"_monsterinsights_sitenote_note":"","_monsterinsights_sitenote_category":0,"footnotes":""},"categories":[1621,1625,1620,1612,1638],"tags":[3253,2450,2159,217,1239,922,2699,2253,2449,1936,1151,1108,2168,283,2974,2600,1810,920],"writer":[3069],"translator":[],"source":[],"ilustrador":[3088],"fotografo":[],"class_list":{"0":"post-57332","1":"post","2":"type-post","3":"status-publish","4":"format-standard","5":"has-post-thumbnail","7":"category-destaque","8":"category-por-correspondentes-comunitarios","9":"category-olhonaupp","10":"category-sociedade-civil","11":"category-video","12":"tag-antirracismo","13":"tag-apartheid","14":"tag-black-lives-matter","15":"tag-complexo-do-alemao","16":"tag-criminalizacao-da-pobreza","17":"tag-evento","18":"tag-genocidio","19":"tag-guerra-as-drogas","20":"tag-israel","21":"tag-julho-negro","22":"tag-organizacao","23":"tag-ocupacao-militar","24":"tag-palestina","25":"tag-rede-contra-violencia","26":"tag-serie-antirracismo","27":"tag-solidariedade-internacional","28":"tag-video","29":"tag-violencia-de-estado","30":"writer-david-amen","31":"ilustrador-david-amen"},"acf":[],"yoast_head":"<!-- This site is optimized with the Yoast SEO plugin v25.6 - https:\/\/yoast.com\/wordpress\/plugins\/seo\/ -->\n<title>Julho Negro: Contra o Racismo, a Militariza\u00e7\u00e3o e o Apartheid [V\u00cdDEO] - RioOnWatch<\/title>\n<meta name=\"robots\" content=\"index, follow, max-snippet:-1, max-image-preview:large, max-video-preview:-1\" \/>\n<link rel=\"canonical\" href=\"https:\/\/rioonwatch.org.br\/?p=57332\" \/>\n<meta property=\"og:locale\" content=\"pt_BR\" \/>\n<meta property=\"og:type\" content=\"article\" \/>\n<meta property=\"og:title\" content=\"Julho Negro: Contra o Racismo, a Militariza\u00e7\u00e3o e o Apartheid [V\u00cdDEO] - RioOnWatch\" \/>\n<meta property=\"og:description\" content=\"\ufeff\ufeff Click Here for English Este minidocument\u00e1rio faz parte da s\u00e9rie de mat\u00e9rias do projeto antirracista do RioOnWatch. Conhe\u00e7a o nosso projeto que traz conte\u00fados midi\u00e1ticos semanais ao longo de 2021: Enraizando o Antirracismo nas [...]\" \/>\n<meta property=\"og:url\" content=\"https:\/\/rioonwatch.org.br\/?p=57332\" \/>\n<meta property=\"og:site_name\" content=\"RioOnWatch\" \/>\n<meta property=\"article:published_time\" content=\"2021-07-26T15:17:41+00:00\" \/>\n<meta property=\"article:modified_time\" content=\"2024-05-24T15:31:07+00:00\" \/>\n<meta property=\"og:image\" content=\"https:\/\/rioonwatch.org.br\/wp-content\/uploads\/2021\/07\/Julho-Negro.png\" \/>\n\t<meta property=\"og:image:width\" content=\"1899\" \/>\n\t<meta property=\"og:image:height\" content=\"803\" \/>\n\t<meta property=\"og:image:type\" content=\"image\/png\" \/>\n<meta name=\"author\" content=\"Julio Santos Filho\" \/>\n<meta name=\"twitter:card\" content=\"summary_large_image\" \/>\n<meta name=\"twitter:label1\" content=\"Escrito por\" \/>\n\t<meta name=\"twitter:data1\" content=\"Julio Santos Filho\" \/>\n\t<meta name=\"twitter:label2\" content=\"Est. tempo de leitura\" \/>\n\t<meta name=\"twitter:data2\" content=\"3 minutos\" \/>\n<script type=\"application\/ld+json\" class=\"yoast-schema-graph\">{\"@context\":\"https:\/\/schema.org\",\"@graph\":[{\"@type\":\"Article\",\"@id\":\"https:\/\/rioonwatch.org.br\/?p=57332#article\",\"isPartOf\":{\"@id\":\"https:\/\/rioonwatch.org.br\/?p=57332\"},\"author\":{\"name\":\"Julio Santos Filho\",\"@id\":\"https:\/\/rioonwatch.org.br\/#\/schema\/person\/476bc75767957d3535b65b796667cd36\"},\"headline\":\"Julho Negro: Contra o Racismo, a Militariza\u00e7\u00e3o e o Apartheid [V\u00cdDEO]\",\"datePublished\":\"2021-07-26T15:17:41+00:00\",\"dateModified\":\"2024-05-24T15:31:07+00:00\",\"mainEntityOfPage\":{\"@id\":\"https:\/\/rioonwatch.org.br\/?p=57332\"},\"wordCount\":503,\"publisher\":{\"@id\":\"https:\/\/rioonwatch.org.br\/#organization\"},\"image\":{\"@id\":\"https:\/\/rioonwatch.org.br\/?p=57332#primaryimage\"},\"thumbnailUrl\":\"https:\/\/rioonwatch.org.br\/wp-content\/uploads\/2021\/07\/Julho-Negro.png\",\"keywords\":[\"Antirracismo\",\"apartheid\",\"Black Lives Matter\",\"Complexo do Alem\u00e3o\",\"criminaliza\u00e7\u00e3o da pobreza\",\"evento\",\"genoc\u00eddio\",\"guerra \u00e0s drogas\",\"Israel\",\"Julho Negro\",\"mobiliza\u00e7\u00e3o\",\"ocupa\u00e7\u00e3o militar\",\"Palestina\",\"Rede Contra Viol\u00eancia\",\"S\u00e9rie: Antirracismo\",\"solidariedade internacional\",\"v\u00eddeo\",\"viol\u00eancia de Estado\"],\"articleSection\":[\"*Destaque\",\"Escrito por Comunicadores Populares\",\"Seguran\u00e7a P\u00fablica\",\"Sociedade Civil\",\"V\u00eddeo\"],\"inLanguage\":\"pt-BR\"},{\"@type\":\"WebPage\",\"@id\":\"https:\/\/rioonwatch.org.br\/?p=57332\",\"url\":\"https:\/\/rioonwatch.org.br\/?p=57332\",\"name\":\"Julho Negro: Contra o Racismo, a Militariza\u00e7\u00e3o e o Apartheid [V\u00cdDEO] - RioOnWatch\",\"isPartOf\":{\"@id\":\"https:\/\/rioonwatch.org.br\/#website\"},\"primaryImageOfPage\":{\"@id\":\"https:\/\/rioonwatch.org.br\/?p=57332#primaryimage\"},\"image\":{\"@id\":\"https:\/\/rioonwatch.org.br\/?p=57332#primaryimage\"},\"thumbnailUrl\":\"https:\/\/rioonwatch.org.br\/wp-content\/uploads\/2021\/07\/Julho-Negro.png\",\"datePublished\":\"2021-07-26T15:17:41+00:00\",\"dateModified\":\"2024-05-24T15:31:07+00:00\",\"breadcrumb\":{\"@id\":\"https:\/\/rioonwatch.org.br\/?p=57332#breadcrumb\"},\"inLanguage\":\"pt-BR\",\"potentialAction\":[{\"@type\":\"ReadAction\",\"target\":[\"https:\/\/rioonwatch.org.br\/?p=57332\"]}]},{\"@type\":\"ImageObject\",\"inLanguage\":\"pt-BR\",\"@id\":\"https:\/\/rioonwatch.org.br\/?p=57332#primaryimage\",\"url\":\"https:\/\/rioonwatch.org.br\/wp-content\/uploads\/2021\/07\/Julho-Negro.png\",\"contentUrl\":\"https:\/\/rioonwatch.org.br\/wp-content\/uploads\/2021\/07\/Julho-Negro.png\",\"width\":1899,\"height\":803},{\"@type\":\"BreadcrumbList\",\"@id\":\"https:\/\/rioonwatch.org.br\/?p=57332#breadcrumb\",\"itemListElement\":[{\"@type\":\"ListItem\",\"position\":1,\"name\":\"In\u00edcio\",\"item\":\"https:\/\/rioonwatch.org.br\/\"},{\"@type\":\"ListItem\",\"position\":2,\"name\":\"Julho Negro: Contra o Racismo, a Militariza\u00e7\u00e3o e o Apartheid [V\u00cdDEO]\"}]},{\"@type\":\"WebSite\",\"@id\":\"https:\/\/rioonwatch.org.br\/#website\",\"url\":\"https:\/\/rioonwatch.org.br\/\",\"name\":\"RioOnWatch\",\"description\":\"relatos das favelas cariocas\",\"publisher\":{\"@id\":\"https:\/\/rioonwatch.org.br\/#organization\"},\"potentialAction\":[{\"@type\":\"SearchAction\",\"target\":{\"@type\":\"EntryPoint\",\"urlTemplate\":\"https:\/\/rioonwatch.org.br\/?s={search_term_string}\"},\"query-input\":{\"@type\":\"PropertyValueSpecification\",\"valueRequired\":true,\"valueName\":\"search_term_string\"}}],\"inLanguage\":\"pt-BR\"},{\"@type\":\"Organization\",\"@id\":\"https:\/\/rioonwatch.org.br\/#organization\",\"name\":\"RioOnWatch\",\"url\":\"https:\/\/rioonwatch.org.br\/\",\"logo\":{\"@type\":\"ImageObject\",\"inLanguage\":\"pt-BR\",\"@id\":\"https:\/\/rioonwatch.org.br\/#\/schema\/logo\/image\/\",\"url\":\"https:\/\/rioonwatch.org.br\/wp-content\/uploads\/2021\/06\/RioOnWatchcabecalhoPT11anos-2.png\",\"contentUrl\":\"https:\/\/rioonwatch.org.br\/wp-content\/uploads\/2021\/06\/RioOnWatchcabecalhoPT11anos-2.png\",\"width\":779,\"height\":277,\"caption\":\"RioOnWatch\"},\"image\":{\"@id\":\"https:\/\/rioonwatch.org.br\/#\/schema\/logo\/image\/\"}},{\"@type\":\"Person\",\"@id\":\"https:\/\/rioonwatch.org.br\/#\/schema\/person\/476bc75767957d3535b65b796667cd36\",\"name\":\"Julio Santos Filho\",\"image\":{\"@type\":\"ImageObject\",\"inLanguage\":\"pt-BR\",\"@id\":\"https:\/\/rioonwatch.org.br\/#\/schema\/person\/image\/\",\"url\":\"https:\/\/secure.gravatar.com\/avatar\/ca138f7666182a292a8ce4ca14fb81f8?s=96&d=blank&r=g\",\"contentUrl\":\"https:\/\/secure.gravatar.com\/avatar\/ca138f7666182a292a8ce4ca14fb81f8?s=96&d=blank&r=g\",\"caption\":\"Julio Santos Filho\"},\"url\":\"https:\/\/rioonwatch.org.br\/?author=167\"}]}<\/script>\n<!-- \/ Yoast SEO plugin. -->","yoast_head_json":{"title":"Julho Negro: Contra o Racismo, a Militariza\u00e7\u00e3o e o Apartheid [V\u00cdDEO] - RioOnWatch","robots":{"index":"index","follow":"follow","max-snippet":"max-snippet:-1","max-image-preview":"max-image-preview:large","max-video-preview":"max-video-preview:-1"},"canonical":"https:\/\/rioonwatch.org.br\/?p=57332","og_locale":"pt_BR","og_type":"article","og_title":"Julho Negro: Contra o Racismo, a Militariza\u00e7\u00e3o e o Apartheid [V\u00cdDEO] - RioOnWatch","og_description":"\ufeff\ufeff Click Here for English Este minidocument\u00e1rio faz parte da s\u00e9rie de mat\u00e9rias do projeto antirracista do RioOnWatch. Conhe\u00e7a o nosso projeto que traz conte\u00fados midi\u00e1ticos semanais ao longo de 2021: Enraizando o Antirracismo nas [...]","og_url":"https:\/\/rioonwatch.org.br\/?p=57332","og_site_name":"RioOnWatch","article_published_time":"2021-07-26T15:17:41+00:00","article_modified_time":"2024-05-24T15:31:07+00:00","og_image":[{"width":1899,"height":803,"url":"https:\/\/rioonwatch.org.br\/wp-content\/uploads\/2021\/07\/Julho-Negro.png","type":"image\/png"}],"author":"Julio Santos Filho","twitter_card":"summary_large_image","twitter_misc":{"Escrito por":"Julio Santos Filho","Est. tempo de leitura":"3 minutos"},"schema":{"@context":"https:\/\/schema.org","@graph":[{"@type":"Article","@id":"https:\/\/rioonwatch.org.br\/?p=57332#article","isPartOf":{"@id":"https:\/\/rioonwatch.org.br\/?p=57332"},"author":{"name":"Julio Santos Filho","@id":"https:\/\/rioonwatch.org.br\/#\/schema\/person\/476bc75767957d3535b65b796667cd36"},"headline":"Julho Negro: Contra o Racismo, a Militariza\u00e7\u00e3o e o Apartheid [V\u00cdDEO]","datePublished":"2021-07-26T15:17:41+00:00","dateModified":"2024-05-24T15:31:07+00:00","mainEntityOfPage":{"@id":"https:\/\/rioonwatch.org.br\/?p=57332"},"wordCount":503,"publisher":{"@id":"https:\/\/rioonwatch.org.br\/#organization"},"image":{"@id":"https:\/\/rioonwatch.org.br\/?p=57332#primaryimage"},"thumbnailUrl":"https:\/\/rioonwatch.org.br\/wp-content\/uploads\/2021\/07\/Julho-Negro.png","keywords":["Antirracismo","apartheid","Black Lives Matter","Complexo do Alem\u00e3o","criminaliza\u00e7\u00e3o da pobreza","evento","genoc\u00eddio","guerra \u00e0s drogas","Israel","Julho Negro","mobiliza\u00e7\u00e3o","ocupa\u00e7\u00e3o militar","Palestina","Rede Contra Viol\u00eancia","S\u00e9rie: Antirracismo","solidariedade internacional","v\u00eddeo","viol\u00eancia de Estado"],"articleSection":["*Destaque","Escrito por Comunicadores Populares","Seguran\u00e7a P\u00fablica","Sociedade Civil","V\u00eddeo"],"inLanguage":"pt-BR"},{"@type":"WebPage","@id":"https:\/\/rioonwatch.org.br\/?p=57332","url":"https:\/\/rioonwatch.org.br\/?p=57332","name":"Julho Negro: Contra o Racismo, a Militariza\u00e7\u00e3o e o Apartheid [V\u00cdDEO] - RioOnWatch","isPartOf":{"@id":"https:\/\/rioonwatch.org.br\/#website"},"primaryImageOfPage":{"@id":"https:\/\/rioonwatch.org.br\/?p=57332#primaryimage"},"image":{"@id":"https:\/\/rioonwatch.org.br\/?p=57332#primaryimage"},"thumbnailUrl":"https:\/\/rioonwatch.org.br\/wp-content\/uploads\/2021\/07\/Julho-Negro.png","datePublished":"2021-07-26T15:17:41+00:00","dateModified":"2024-05-24T15:31:07+00:00","breadcrumb":{"@id":"https:\/\/rioonwatch.org.br\/?p=57332#breadcrumb"},"inLanguage":"pt-BR","potentialAction":[{"@type":"ReadAction","target":["https:\/\/rioonwatch.org.br\/?p=57332"]}]},{"@type":"ImageObject","inLanguage":"pt-BR","@id":"https:\/\/rioonwatch.org.br\/?p=57332#primaryimage","url":"https:\/\/rioonwatch.org.br\/wp-content\/uploads\/2021\/07\/Julho-Negro.png","contentUrl":"https:\/\/rioonwatch.org.br\/wp-content\/uploads\/2021\/07\/Julho-Negro.png","width":1899,"height":803},{"@type":"BreadcrumbList","@id":"https:\/\/rioonwatch.org.br\/?p=57332#breadcrumb","itemListElement":[{"@type":"ListItem","position":1,"name":"In\u00edcio","item":"https:\/\/rioonwatch.org.br\/"},{"@type":"ListItem","position":2,"name":"Julho Negro: Contra o Racismo, a Militariza\u00e7\u00e3o e o Apartheid [V\u00cdDEO]"}]},{"@type":"WebSite","@id":"https:\/\/rioonwatch.org.br\/#website","url":"https:\/\/rioonwatch.org.br\/","name":"RioOnWatch","description":"relatos das favelas cariocas","publisher":{"@id":"https:\/\/rioonwatch.org.br\/#organization"},"potentialAction":[{"@type":"SearchAction","target":{"@type":"EntryPoint","urlTemplate":"https:\/\/rioonwatch.org.br\/?s={search_term_string}"},"query-input":{"@type":"PropertyValueSpecification","valueRequired":true,"valueName":"search_term_string"}}],"inLanguage":"pt-BR"},{"@type":"Organization","@id":"https:\/\/rioonwatch.org.br\/#organization","name":"RioOnWatch","url":"https:\/\/rioonwatch.org.br\/","logo":{"@type":"ImageObject","inLanguage":"pt-BR","@id":"https:\/\/rioonwatch.org.br\/#\/schema\/logo\/image\/","url":"https:\/\/rioonwatch.org.br\/wp-content\/uploads\/2021\/06\/RioOnWatchcabecalhoPT11anos-2.png","contentUrl":"https:\/\/rioonwatch.org.br\/wp-content\/uploads\/2021\/06\/RioOnWatchcabecalhoPT11anos-2.png","width":779,"height":277,"caption":"RioOnWatch"},"image":{"@id":"https:\/\/rioonwatch.org.br\/#\/schema\/logo\/image\/"}},{"@type":"Person","@id":"https:\/\/rioonwatch.org.br\/#\/schema\/person\/476bc75767957d3535b65b796667cd36","name":"Julio Santos Filho","image":{"@type":"ImageObject","inLanguage":"pt-BR","@id":"https:\/\/rioonwatch.org.br\/#\/schema\/person\/image\/","url":"https:\/\/secure.gravatar.com\/avatar\/ca138f7666182a292a8ce4ca14fb81f8?s=96&d=blank&r=g","contentUrl":"https:\/\/secure.gravatar.com\/avatar\/ca138f7666182a292a8ce4ca14fb81f8?s=96&d=blank&r=g","caption":"Julio Santos Filho"},"url":"https:\/\/rioonwatch.org.br\/?author=167"}]}},"_links":{"self":[{"href":"https:\/\/rioonwatch.org.br\/index.php?rest_route=\/wp\/v2\/posts\/57332"}],"collection":[{"href":"https:\/\/rioonwatch.org.br\/index.php?rest_route=\/wp\/v2\/posts"}],"about":[{"href":"https:\/\/rioonwatch.org.br\/index.php?rest_route=\/wp\/v2\/types\/post"}],"author":[{"embeddable":true,"href":"https:\/\/rioonwatch.org.br\/index.php?rest_route=\/wp\/v2\/users\/167"}],"replies":[{"embeddable":true,"href":"https:\/\/rioonwatch.org.br\/index.php?rest_route=%2Fwp%2Fv2%2Fcomments&post=57332"}],"version-history":[{"count":17,"href":"https:\/\/rioonwatch.org.br\/index.php?rest_route=\/wp\/v2\/posts\/57332\/revisions"}],"predecessor-version":[{"id":57545,"href":"https:\/\/rioonwatch.org.br\/index.php?rest_route=\/wp\/v2\/posts\/57332\/revisions\/57545"}],"wp:featuredmedia":[{"embeddable":true,"href":"https:\/\/rioonwatch.org.br\/index.php?rest_route=\/wp\/v2\/media\/57357"}],"wp:attachment":[{"href":"https:\/\/rioonwatch.org.br\/index.php?rest_route=%2Fwp%2Fv2%2Fmedia&parent=57332"}],"wp:term":[{"taxonomy":"category","embeddable":true,"href":"https:\/\/rioonwatch.org.br\/index.php?rest_route=%2Fwp%2Fv2%2Fcategories&post=57332"},{"taxonomy":"post_tag","embeddable":true,"href":"https:\/\/rioonwatch.org.br\/index.php?rest_route=%2Fwp%2Fv2%2Ftags&post=57332"},{"taxonomy":"writer","embeddable":true,"href":"https:\/\/rioonwatch.org.br\/index.php?rest_route=%2Fwp%2Fv2%2Fwriter&post=57332"},{"taxonomy":"translator","embeddable":true,"href":"https:\/\/rioonwatch.org.br\/index.php?rest_route=%2Fwp%2Fv2%2Ftranslator&post=57332"},{"taxonomy":"source","embeddable":true,"href":"https:\/\/rioonwatch.org.br\/index.php?rest_route=%2Fwp%2Fv2%2Fsource&post=57332"},{"taxonomy":"ilustrador","embeddable":true,"href":"https:\/\/rioonwatch.org.br\/index.php?rest_route=%2Fwp%2Fv2%2Filustrador&post=57332"},{"taxonomy":"fotografo","embeddable":true,"href":"https:\/\/rioonwatch.org.br\/index.php?rest_route=%2Fwp%2Fv2%2Ffotografo&post=57332"}],"curies":[{"name":"wp","href":"https:\/\/api.w.org\/{rel}","templated":true}]}}