{"id":5751,"date":"2013-04-30T15:26:35","date_gmt":"2013-04-30T18:26:35","guid":{"rendered":"http:\/\/rioonwatch.org.br\/?p=5751"},"modified":"2015-08-14T18:24:58","modified_gmt":"2015-08-14T21:24:58","slug":"rocinha-gramacho-e-planejadores-do-porto-dizem-participacao-e-vital","status":"publish","type":"post","link":"https:\/\/rioonwatch.org.br\/?p=5751","title":{"rendered":"Rocinha, Gramacho e Planejadores do Porto Dizem: Participa\u00e7\u00e3o \u00e9 Vital"},"content":{"rendered":"<p><a href=\"http:\/\/rioonwatch.org.br\/?attachment_id=8244\" rel=\"attachment wp-att-8244\"><img fetchpriority=\"high\" decoding=\"async\" class=\"size-medium wp-image-8244 alignright\" title=\"PAC reuni\u00e3o dos planos para Rocinha\" src=\"http:\/\/rioonwatch.org\/wp-content\/uploads\/2013\/04\/1-Meetings-300x211.jpg\" alt=\"In preparation for the PAC 1 upgrades in Rocinha, planners scheduled meetings for each neighborhood within the community.\" width=\"300\" height=\"211\" \/><\/a><\/p>\n<p dir=\"ltr\">No dia 22 de mar\u00e7o, urbaniza\u00e7\u00e3o nas favelas e indeniza\u00e7\u00f5es para catadores de lixo estavam na agenda do painel de debates sobre &#8220;urbanismo inclusivo&#8221; no <a href=\"http:\/\/bit.ly\/Zemn4Z\" target=\"_blank\">Studio X Rio<\/a>, um projeto sat\u00e9lite da Escola de P\u00f3s-Gradua\u00e7\u00e3o em Arquitetura, Planejamento e Preserva\u00e7\u00e3o (GSAPP) da Universidade de Columbia. Localizado em um pr\u00e9dio hist\u00f3rico restaurado na Pra\u00e7a Tiradentes no centro do Rio de Janeiro, o Est\u00fadio X teve uma programa\u00e7\u00e3o completa especialmente durante as f\u00e9rias de primavera norte-americanas, quando os estudantes de Columbia vieram para mostrar suas pesquisas e dialogar com os cidad\u00e3os e atores locais em arquitetura e urbanismo.<\/p>\n<p><span style=\"font-size: 13px;\"><a href=\"http:\/\/bit.ly\/WClMpp\" target=\"_blank\">Planejamento participativo<\/a> \u00e9 certamente a exce\u00e7\u00e3o e n\u00e3o a regra quando se trata de desenvolvimento urbano no Rio, e os palestrantes foram sinceros sobre seus obst\u00e1culos. Entre os palestrantes estavam um planejador do Programa de Acelera\u00e7\u00e3o do Crescimento do governo federal (<a href=\"http:\/\/bit.ly\/NnSmIP\">PAC<\/a>) comprometido com projetos de infraestrutura na Rocinha, uma moradora da <a href=\"http:\/\/bit.ly\/16w2zz1\" target=\"_blank\">Rocinha<\/a>, um aluno de Columbia que est\u00e1 estudando o encerramento do <a href=\"http:\/\/bit.ly\/M9aFTQ\">aterro do Jardim Gramacho<\/a>, e um pesquisador do Rio que ajudou a facilitar a coleta de dados e negocia\u00e7\u00e3o entre os v\u00e1rios grupos trabalhando no assunto.<\/span><\/p>\n<p><span style=\"font-size: 13px;\">Jonathas Magalh\u00e3es, professor de Arquitetura e Urbanismo da Universidade Cat\u00f3lica de Campinas, come\u00e7ou descrevendo seu papel na cria\u00e7\u00e3o do &#8220;Plano S\u00f3cio-Espacial&#8221; da Rocinha, em 2007, em prepara\u00e7\u00e3o para a comunidade receber as melhorias financiadas pelo PAC: &#8220;N\u00f3s identificamos os diferentes bairros que comp\u00f5em a comunidade, e agendamos reuni\u00f5es diferentes para os moradores de cada um deles.&#8221;<\/span><\/p>\n<p><span style=\"font-size: 13px;\">Cleonice Santos, moradora da Rocinha que ajudou a organizar estas reuni\u00f5es, disse que a parte mais dif\u00edcil para trazer outros moradores a participar era o ceticismo baseado em promessas n\u00e3o cumpridas do passado de ambos, os \u00f3rg\u00e3os governamentais e organiza\u00e7\u00f5es n\u00e3o governamentais. Al\u00e9m disso, quando se trata de obras p\u00fablicas, \u201cos moradores pensam, por causa de experi\u00eancias passadas, que o governo vai ver um or\u00e7amento em um projeto de uma empresa de constru\u00e7\u00e3o e vai mostrar o pre\u00e7o muito mais elevado para o p\u00fablico. Dessa forma, eles podem manter os lucros para si mesmos.&#8221;<\/span><\/p>\n<p><span style=\"font-size: 13px;\">Os planejadores do PAC criaram um est\u00fadio de arquitetura dentro da Rocinha para o projeto, assim como completaram os grupos focais, e instalaram melhorias na habita\u00e7\u00e3o popular e infra-estrutura que s\u00e3o, <a href=\"http:\/\/bit.ly\/17YDHxR\">na maior parte<\/a>, visto como um <a href=\"http:\/\/bit.ly\/13h4Rf4\">exemplo positivo<\/a> do desenvolvimento da favela.<\/span><\/p>\n<p><span style=\"font-size: 13px;\">O caso de Jardim Gramacho \u00e9 centrado em torno da obriga\u00e7\u00e3o do governo com os catadores de lixo locais depois de terem eliminado seus empregos. Um evento altamente divulgado nas v\u00e9speras da confer\u00eancia ambiental Rio +20 foi o <a href=\"http:\/\/bit.ly\/13unDTi\">fechamento de Gramacho<\/a>, o maior aterro sanit\u00e1rio da Am\u00e9rica Latina, melhor conhecido como o tema do filme indicado ao Oscar de Vik Muniz, \u201c<a href=\"http:\/\/bit.ly\/10v4xax\">Lixo Extraordin\u00e1rio<\/a>\u201d. Gramacho sustentava 5.000 empregos para catadores que vasculhavam parte das 3.150 toneladas de lixo por dia que passavam pelo aterro sanit\u00e1rio. A coleta municipal do Rio de Janeiro, Comlurb, selecionava 2% do lixo, os catadores 45%.<\/span><\/p>\n<p><a href=\"http:\/\/rioonwatch.org.br\/?attachment_id=8245\" rel=\"attachment wp-att-8245\"><img decoding=\"async\" class=\"size-medium wp-image-8245 alignright\" title=\"Cleonice Santos\" src=\"http:\/\/rioonwatch.org\/wp-content\/uploads\/2013\/04\/2-Resident-300x224.jpg\" alt=\"Moradora da Rocinha Cleonice Santos que tem um mestrado em gest\u00e3o de projetos, falou sobre a organiza\u00e7\u00e3o dos moradores da Rocinha para reuni\u00f5es de planejamento do PAC.\" width=\"300\" height=\"224\" \/><\/a><\/p>\n<p><span style=\"font-size: 13px;\">May Yu, que est\u00e1 escrevendo sua tese de mestrado sobre Gramacho, iniciou a fala dizendo: &#8220;Quando estamos falando de urbanismo inclusivo, eu realmente quero desafiar a ideia de inclusivo para quem? E o que uma &#8216;cidade sustent\u00e1vel&#8217; abrange, na sua totalidade?\u201d Yu estuda a rela\u00e7\u00e3o entre o emprego e sustentabilidade urbana na Universidade de Columbia. Ela continuou a discutir a import\u00e2ncia de facilitar rendas alternativas quando as prefeituras tomam medidas radicais para eliminar empregos, observando que metade dos Estados membros das Na\u00e7\u00f5es Unidas adotaram planos inclusivos na cria\u00e7\u00e3o de empregos urbanos.<\/span><\/p>\n<p><span style=\"font-size: 13px;\">A palestrante Fabr\u00edcia Ramos do instituto de pesquisa\u00a0<a href=\"http:\/\/bit.ly\/HhamOY\">IETS<\/a> trabalhou com v\u00e1rias organiza\u00e7\u00f5es comunit\u00e1rias, igrejas, entidades sem fins lucrativos e \u00f3rg\u00e3os governamentais ativos na \u00e1rea de Gramacho para mapear e agregar ao trabalho que eles estavam fazendo em torno <a href=\"http:\/\/bit.ly\/127wKGI\">deste problema<\/a>. A coliga\u00e7\u00e3o ainda est\u00e1 em processo de demonstra\u00e7\u00e3o para a Prefeitura da import\u00e2ncia de uma compensa\u00e7\u00e3o adequada e servi\u00e7os de recoloca\u00e7\u00e3o profissional para os trabalhadores de lixo. At\u00e9 agora, os 1.700 catadores cadastrados receberam R$14.000,00 cada.<\/span><\/p>\n<p><span style=\"font-size: 13px;\">Ramos disse que uma parte importante do seu trabalho foi simplesmente fazer os diferentes atores da quest\u00e3o Gramacho dialogarem pela primeira vez. &#8220;Em alguns casos, verificou-se que as secretarias de governo n\u00e3o estavam se comunicando. Eu ouvia coment\u00e1rios do tipo, &#8216;Nossa, como \u00e9 bom ver obras p\u00fablicas aqui!\u201d O IETS conectou informa\u00e7\u00f5es de mais de vinte iniciativas p\u00fablicas, privadas e de movimentos populares.<\/span><\/p>\n<p><span style=\"font-size: 13px;\">O moderador do painel de debates salientou que cabe aos cidad\u00e3os do Rio de Janeiro manter o ritmo desses projetos andando, um coment\u00e1rio que ecoou da noite anterior de um outro painel sobre a revitaliza\u00e7\u00e3o do Porto, tamb\u00e9m no Studio X. Shawn Amsler, um aluno recentemente graduado da Escola de P\u00f3s-Gradua\u00e7\u00e3o em Arquitetura, Planejamento e Preserva\u00e7\u00e3o (GSAPP) da Columbia, acabara de apresentar um estudo para saber se o mercado imobili\u00e1rio no centro do Rio de Janeiro seria forte o suficiente para suportar todos os investidores privados que a cidade estaria esperando atrair para a \u00e1rea do Porto. Ele disse que provavelmente seria. Amsler, em seguida, recebeu diversas perguntas da plat\u00e9ia sobre a aus\u00eancia de zoneamento ou incentivos para a habita\u00e7\u00e3o social na \u00e1rea do porto, apesar do seu pr\u00f3prio slide na apresenta\u00e7\u00e3o mostrar que recomenda\u00e7\u00f5es iniciais eram de que parte da \u00e1rea fosse posta de lado como &#8220;habita\u00e7\u00e3o de interesse social&#8221; e, apesar do <a href=\"http:\/\/bit.ly\/1264c2E\">estudo de 2012<\/a> produzido por Columbia e pelo Studio X, para as autoridades de habita\u00e7\u00e3o do Rio de Janeiro, recomendar habita\u00e7\u00e3o de uso misto na remodela\u00e7\u00e3o do porto.<\/span><\/p>\n<p><a href=\"http:\/\/rioonwatch.org.br\/?attachment_id=8247\" rel=\"attachment wp-att-8247\"><img decoding=\"async\" class=\"size-medium wp-image-8247 alignright\" title=\"Palestrantes - Urbanismo Inclusivo\" src=\"http:\/\/rioonwatch.org\/wp-content\/uploads\/2013\/04\/3-All-Panelists1-300x207.jpg\" alt=\"Anna Rubbo of Columbia University and the Global Studio, May Yu of Columbia University, Fabricia Ramos of IETS, and Cleonice Santos of the Rocinha PAC Social Construction Team.\" width=\"300\" height=\"207\" \/><\/a>A mesma quest\u00e3o tamb\u00e9m foi colocada para Rodrigo Gomes Coelho, o representante da Caixa Econ\u00f4mica Federal, que est\u00e1 encarregada de financiar todo investimento imobili\u00e1rio novo na zona do Porto. Coelho disse que a responsabilidade da Caixa exclusivamente foi o de garantir que todos os investidores vindos para o novo porto alcancassem um ponto de equil\u00edbrio financeiro, n\u00e3o para garantir qualquer tipo de norma social para a \u00e1rea.<\/p>\n<p><span style=\"font-size: 13px;\">Um grande n\u00famero de participantes do evento n\u00e3o estavam satisfeitos com esta resposta e continuaram questionando, dizendo que as favelas do Rio de Janeiro se desenvolveram a esta extens\u00e3o devido \u00e0 aus\u00eancia de uma pol\u00edtica adequada de habita\u00e7\u00e3o popular. Um participante citou a fun\u00e7\u00e3o social da terra, que \u00e9 definida na Constitui\u00e7\u00e3o Brasileira, com a habita\u00e7\u00e3o popular sendo explicitamente parte dessa fun\u00e7\u00e3o.<\/span><\/p>\n<p>Amsler respondeu: &#8220;De fato, h\u00e1 situa\u00e7\u00f5es em que uma \u00e1rea urbana pode ser bem sucedida financeiramente, mas que pode n\u00e3o ser o melhor resultado social. \u00c9 por isso que algumas cidades colocam regulamenta\u00e7\u00f5es locais incentivando algo diferente&#8230; Seu papel como cidad\u00e3o \u00e9 dizer, &#8216;voc\u00ea nos deve uma cidade que \u00e9 melhor do que est\u00e1 agora'&#8221;.<\/p>\n<p>No painel de urbanismo inclusivo na noite seguinte, Anna Rubbo, do Instituto Terra da Universidade Columbia e <a href=\"http:\/\/bit.ly\/12YZMcw\">Est\u00fadio Global<\/a>, fechou a discuss\u00e3o com um coment\u00e1rio similar: &#8220;N\u00f3s todos temos que ser sujeitos neste debate. Voc\u00ea n\u00e3o pode sentar-se do lado de fora como observador deste processo para sempre, dizendo: &#8216;Eu sou apenas um estudante&#8217;, ou&#8230; &#8216;somente quando eu aprender o suficiente sobre isso poderei fazer alguma coisa'&#8221;.<\/p>\n<!-- AddThis Advanced Settings generic via filter on the_content --><!-- AddThis Share Buttons generic via filter on the_content -->","protected":false},"excerpt":{"rendered":"<div class=\"mh-excerpt\"><p>No dia 22 de mar\u00e7o, urbaniza\u00e7\u00e3o nas favelas e indeniza\u00e7\u00f5es para catadores de lixo estavam na agenda do painel de debates sobre &#8220;urbanismo inclusivo&#8221; no Studio X Rio, um projeto sat\u00e9lite da Escola de P\u00f3s-Gradua\u00e7\u00e3o <a class=\"mh-excerpt-more\" href=\"https:\/\/rioonwatch.org.br\/?p=5751\" title=\"Rocinha, Gramacho e Planejadores do Porto Dizem: Participa\u00e7\u00e3o \u00e9 Vital\">[&#8230;]<\/a><!-- AddThis Advanced Settings generic via filter on get_the_excerpt --><!-- AddThis Share Buttons generic via filter on get_the_excerpt --><\/p>\n<\/div>","protected":false},"author":129,"featured_media":5763,"comment_status":"closed","ping_status":"closed","sticky":false,"template":"","format":"standard","meta":{"_acf_changed":false,"_monsterinsights_skip_tracking":false,"_monsterinsights_sitenote_active":false,"_monsterinsights_sitenote_note":"","_monsterinsights_sitenote_category":0,"footnotes":""},"categories":[1618,1635,344],"tags":[709,710,304,433,494,16,530],"writer":[489],"translator":[272],"source":[],"ilustrador":[],"fotografo":[],"class_list":{"0":"post-5751","1":"post","2":"type-post","3":"status-publish","4":"format-standard","5":"has-post-thumbnail","7":"category-olhonaparticipacao","8":"category-1635","9":"category-politicas","10":"tag-debate","11":"tag-jardim-gramacho","12":"tag-participacao","13":"tag-porto-maravilha","14":"tag-regiao-do-porto","15":"tag-rocinha","16":"tag-studio-x","17":"writer-catherine-osborn","18":"translator-alexandra-leister"},"acf":[],"yoast_head":"<!-- This site is optimized with the Yoast SEO plugin v25.6 - https:\/\/yoast.com\/wordpress\/plugins\/seo\/ -->\n<title>Rocinha, Gramacho e Planejadores do Porto Dizem: Participa\u00e7\u00e3o \u00e9 Vital - RioOnWatch<\/title>\n<meta name=\"robots\" content=\"index, follow, max-snippet:-1, max-image-preview:large, max-video-preview:-1\" \/>\n<link rel=\"canonical\" href=\"https:\/\/rioonwatch.org.br\/?p=5751\" \/>\n<meta property=\"og:locale\" content=\"pt_BR\" \/>\n<meta property=\"og:type\" content=\"article\" \/>\n<meta property=\"og:title\" content=\"Rocinha, Gramacho e Planejadores do Porto Dizem: Participa\u00e7\u00e3o \u00e9 Vital - RioOnWatch\" \/>\n<meta property=\"og:description\" content=\"No dia 22 de mar\u00e7o, urbaniza\u00e7\u00e3o nas favelas e indeniza\u00e7\u00f5es para catadores de lixo estavam na agenda do painel de debates sobre &#8220;urbanismo inclusivo&#8221; no Studio X Rio, um projeto sat\u00e9lite da Escola de P\u00f3s-Gradua\u00e7\u00e3o [...]\" \/>\n<meta property=\"og:url\" content=\"https:\/\/rioonwatch.org.br\/?p=5751\" \/>\n<meta property=\"og:site_name\" content=\"RioOnWatch\" \/>\n<meta property=\"article:published_time\" content=\"2013-04-30T18:26:35+00:00\" \/>\n<meta property=\"article:modified_time\" content=\"2015-08-14T21:24:58+00:00\" \/>\n<meta property=\"og:image\" content=\"https:\/\/rioonwatch.org.br\/wp-content\/uploads\/2013\/05\/Palestrantes.jpg\" \/>\n\t<meta property=\"og:image:width\" content=\"300\" \/>\n\t<meta property=\"og:image:height\" content=\"225\" \/>\n\t<meta property=\"og:image:type\" content=\"image\/jpeg\" \/>\n<meta name=\"author\" content=\"Admin\" \/>\n<meta name=\"twitter:card\" content=\"summary_large_image\" \/>\n<meta name=\"twitter:label1\" content=\"Escrito por\" \/>\n\t<meta name=\"twitter:data1\" content=\"Admin\" \/>\n\t<meta name=\"twitter:label2\" content=\"Est. tempo de leitura\" \/>\n\t<meta name=\"twitter:data2\" content=\"6 minutos\" \/>\n<script type=\"application\/ld+json\" class=\"yoast-schema-graph\">{\"@context\":\"https:\/\/schema.org\",\"@graph\":[{\"@type\":\"Article\",\"@id\":\"https:\/\/rioonwatch.org.br\/?p=5751#article\",\"isPartOf\":{\"@id\":\"https:\/\/rioonwatch.org.br\/?p=5751\"},\"author\":{\"name\":\"Admin\",\"@id\":\"https:\/\/rioonwatch.org.br\/#\/schema\/person\/11d64c290506f9df50c71b850c473f68\"},\"headline\":\"Rocinha, Gramacho e Planejadores do Porto Dizem: Participa\u00e7\u00e3o \u00e9 Vital\",\"datePublished\":\"2013-04-30T18:26:35+00:00\",\"dateModified\":\"2015-08-14T21:24:58+00:00\",\"mainEntityOfPage\":{\"@id\":\"https:\/\/rioonwatch.org.br\/?p=5751\"},\"wordCount\":1251,\"publisher\":{\"@id\":\"https:\/\/rioonwatch.org.br\/#organization\"},\"image\":{\"@id\":\"https:\/\/rioonwatch.org.br\/?p=5751#primaryimage\"},\"thumbnailUrl\":\"https:\/\/rioonwatch.org.br\/wp-content\/uploads\/2013\/05\/Palestrantes.jpg\",\"keywords\":[\"debate\",\"Jardim Gramacho\",\"participa\u00e7\u00e3o\",\"Porto Maravilha\",\"Regi\u00e3o do Porto\",\"Rocinha\",\"Studio X\"],\"articleSection\":[\"#OlhoNaParticipa\u00e7\u00e3o\",\"#Rio2016\",\"Pol\u00edticas\"],\"inLanguage\":\"pt-BR\"},{\"@type\":\"WebPage\",\"@id\":\"https:\/\/rioonwatch.org.br\/?p=5751\",\"url\":\"https:\/\/rioonwatch.org.br\/?p=5751\",\"name\":\"Rocinha, Gramacho e Planejadores do Porto Dizem: Participa\u00e7\u00e3o \u00e9 Vital - RioOnWatch\",\"isPartOf\":{\"@id\":\"https:\/\/rioonwatch.org.br\/#website\"},\"primaryImageOfPage\":{\"@id\":\"https:\/\/rioonwatch.org.br\/?p=5751#primaryimage\"},\"image\":{\"@id\":\"https:\/\/rioonwatch.org.br\/?p=5751#primaryimage\"},\"thumbnailUrl\":\"https:\/\/rioonwatch.org.br\/wp-content\/uploads\/2013\/05\/Palestrantes.jpg\",\"datePublished\":\"2013-04-30T18:26:35+00:00\",\"dateModified\":\"2015-08-14T21:24:58+00:00\",\"breadcrumb\":{\"@id\":\"https:\/\/rioonwatch.org.br\/?p=5751#breadcrumb\"},\"inLanguage\":\"pt-BR\",\"potentialAction\":[{\"@type\":\"ReadAction\",\"target\":[\"https:\/\/rioonwatch.org.br\/?p=5751\"]}]},{\"@type\":\"ImageObject\",\"inLanguage\":\"pt-BR\",\"@id\":\"https:\/\/rioonwatch.org.br\/?p=5751#primaryimage\",\"url\":\"https:\/\/rioonwatch.org.br\/wp-content\/uploads\/2013\/05\/Palestrantes.jpg\",\"contentUrl\":\"https:\/\/rioonwatch.org.br\/wp-content\/uploads\/2013\/05\/Palestrantes.jpg\",\"width\":300,\"height\":225},{\"@type\":\"BreadcrumbList\",\"@id\":\"https:\/\/rioonwatch.org.br\/?p=5751#breadcrumb\",\"itemListElement\":[{\"@type\":\"ListItem\",\"position\":1,\"name\":\"In\u00edcio\",\"item\":\"https:\/\/rioonwatch.org.br\/\"},{\"@type\":\"ListItem\",\"position\":2,\"name\":\"Rocinha, Gramacho e Planejadores do Porto Dizem: Participa\u00e7\u00e3o \u00e9 Vital\"}]},{\"@type\":\"WebSite\",\"@id\":\"https:\/\/rioonwatch.org.br\/#website\",\"url\":\"https:\/\/rioonwatch.org.br\/\",\"name\":\"RioOnWatch\",\"description\":\"relatos das favelas cariocas\",\"publisher\":{\"@id\":\"https:\/\/rioonwatch.org.br\/#organization\"},\"potentialAction\":[{\"@type\":\"SearchAction\",\"target\":{\"@type\":\"EntryPoint\",\"urlTemplate\":\"https:\/\/rioonwatch.org.br\/?s={search_term_string}\"},\"query-input\":{\"@type\":\"PropertyValueSpecification\",\"valueRequired\":true,\"valueName\":\"search_term_string\"}}],\"inLanguage\":\"pt-BR\"},{\"@type\":\"Organization\",\"@id\":\"https:\/\/rioonwatch.org.br\/#organization\",\"name\":\"RioOnWatch\",\"url\":\"https:\/\/rioonwatch.org.br\/\",\"logo\":{\"@type\":\"ImageObject\",\"inLanguage\":\"pt-BR\",\"@id\":\"https:\/\/rioonwatch.org.br\/#\/schema\/logo\/image\/\",\"url\":\"https:\/\/rioonwatch.org.br\/wp-content\/uploads\/2021\/06\/RioOnWatchcabecalhoPT11anos-2.png\",\"contentUrl\":\"https:\/\/rioonwatch.org.br\/wp-content\/uploads\/2021\/06\/RioOnWatchcabecalhoPT11anos-2.png\",\"width\":779,\"height\":277,\"caption\":\"RioOnWatch\"},\"image\":{\"@id\":\"https:\/\/rioonwatch.org.br\/#\/schema\/logo\/image\/\"}},{\"@type\":\"Person\",\"@id\":\"https:\/\/rioonwatch.org.br\/#\/schema\/person\/11d64c290506f9df50c71b850c473f68\",\"name\":\"Admin\",\"image\":{\"@type\":\"ImageObject\",\"inLanguage\":\"pt-BR\",\"@id\":\"https:\/\/rioonwatch.org.br\/#\/schema\/person\/image\/\",\"url\":\"https:\/\/secure.gravatar.com\/avatar\/56211ac74568383903349a1485e3c325?s=96&d=blank&r=g\",\"contentUrl\":\"https:\/\/secure.gravatar.com\/avatar\/56211ac74568383903349a1485e3c325?s=96&d=blank&r=g\",\"caption\":\"Admin\"},\"url\":\"https:\/\/rioonwatch.org.br\/?author=129\"}]}<\/script>\n<!-- \/ Yoast SEO plugin. -->","yoast_head_json":{"title":"Rocinha, Gramacho e Planejadores do Porto Dizem: Participa\u00e7\u00e3o \u00e9 Vital - RioOnWatch","robots":{"index":"index","follow":"follow","max-snippet":"max-snippet:-1","max-image-preview":"max-image-preview:large","max-video-preview":"max-video-preview:-1"},"canonical":"https:\/\/rioonwatch.org.br\/?p=5751","og_locale":"pt_BR","og_type":"article","og_title":"Rocinha, Gramacho e Planejadores do Porto Dizem: Participa\u00e7\u00e3o \u00e9 Vital - RioOnWatch","og_description":"No dia 22 de mar\u00e7o, urbaniza\u00e7\u00e3o nas favelas e indeniza\u00e7\u00f5es para catadores de lixo estavam na agenda do painel de debates sobre &#8220;urbanismo inclusivo&#8221; no Studio X Rio, um projeto sat\u00e9lite da Escola de P\u00f3s-Gradua\u00e7\u00e3o [...]","og_url":"https:\/\/rioonwatch.org.br\/?p=5751","og_site_name":"RioOnWatch","article_published_time":"2013-04-30T18:26:35+00:00","article_modified_time":"2015-08-14T21:24:58+00:00","og_image":[{"width":300,"height":225,"url":"https:\/\/rioonwatch.org.br\/wp-content\/uploads\/2013\/05\/Palestrantes.jpg","type":"image\/jpeg"}],"author":"Admin","twitter_card":"summary_large_image","twitter_misc":{"Escrito por":"Admin","Est. tempo de leitura":"6 minutos"},"schema":{"@context":"https:\/\/schema.org","@graph":[{"@type":"Article","@id":"https:\/\/rioonwatch.org.br\/?p=5751#article","isPartOf":{"@id":"https:\/\/rioonwatch.org.br\/?p=5751"},"author":{"name":"Admin","@id":"https:\/\/rioonwatch.org.br\/#\/schema\/person\/11d64c290506f9df50c71b850c473f68"},"headline":"Rocinha, Gramacho e Planejadores do Porto Dizem: Participa\u00e7\u00e3o \u00e9 Vital","datePublished":"2013-04-30T18:26:35+00:00","dateModified":"2015-08-14T21:24:58+00:00","mainEntityOfPage":{"@id":"https:\/\/rioonwatch.org.br\/?p=5751"},"wordCount":1251,"publisher":{"@id":"https:\/\/rioonwatch.org.br\/#organization"},"image":{"@id":"https:\/\/rioonwatch.org.br\/?p=5751#primaryimage"},"thumbnailUrl":"https:\/\/rioonwatch.org.br\/wp-content\/uploads\/2013\/05\/Palestrantes.jpg","keywords":["debate","Jardim Gramacho","participa\u00e7\u00e3o","Porto Maravilha","Regi\u00e3o do Porto","Rocinha","Studio X"],"articleSection":["#OlhoNaParticipa\u00e7\u00e3o","#Rio2016","Pol\u00edticas"],"inLanguage":"pt-BR"},{"@type":"WebPage","@id":"https:\/\/rioonwatch.org.br\/?p=5751","url":"https:\/\/rioonwatch.org.br\/?p=5751","name":"Rocinha, Gramacho e Planejadores do Porto Dizem: Participa\u00e7\u00e3o \u00e9 Vital - RioOnWatch","isPartOf":{"@id":"https:\/\/rioonwatch.org.br\/#website"},"primaryImageOfPage":{"@id":"https:\/\/rioonwatch.org.br\/?p=5751#primaryimage"},"image":{"@id":"https:\/\/rioonwatch.org.br\/?p=5751#primaryimage"},"thumbnailUrl":"https:\/\/rioonwatch.org.br\/wp-content\/uploads\/2013\/05\/Palestrantes.jpg","datePublished":"2013-04-30T18:26:35+00:00","dateModified":"2015-08-14T21:24:58+00:00","breadcrumb":{"@id":"https:\/\/rioonwatch.org.br\/?p=5751#breadcrumb"},"inLanguage":"pt-BR","potentialAction":[{"@type":"ReadAction","target":["https:\/\/rioonwatch.org.br\/?p=5751"]}]},{"@type":"ImageObject","inLanguage":"pt-BR","@id":"https:\/\/rioonwatch.org.br\/?p=5751#primaryimage","url":"https:\/\/rioonwatch.org.br\/wp-content\/uploads\/2013\/05\/Palestrantes.jpg","contentUrl":"https:\/\/rioonwatch.org.br\/wp-content\/uploads\/2013\/05\/Palestrantes.jpg","width":300,"height":225},{"@type":"BreadcrumbList","@id":"https:\/\/rioonwatch.org.br\/?p=5751#breadcrumb","itemListElement":[{"@type":"ListItem","position":1,"name":"In\u00edcio","item":"https:\/\/rioonwatch.org.br\/"},{"@type":"ListItem","position":2,"name":"Rocinha, Gramacho e Planejadores do Porto Dizem: Participa\u00e7\u00e3o \u00e9 Vital"}]},{"@type":"WebSite","@id":"https:\/\/rioonwatch.org.br\/#website","url":"https:\/\/rioonwatch.org.br\/","name":"RioOnWatch","description":"relatos das favelas cariocas","publisher":{"@id":"https:\/\/rioonwatch.org.br\/#organization"},"potentialAction":[{"@type":"SearchAction","target":{"@type":"EntryPoint","urlTemplate":"https:\/\/rioonwatch.org.br\/?s={search_term_string}"},"query-input":{"@type":"PropertyValueSpecification","valueRequired":true,"valueName":"search_term_string"}}],"inLanguage":"pt-BR"},{"@type":"Organization","@id":"https:\/\/rioonwatch.org.br\/#organization","name":"RioOnWatch","url":"https:\/\/rioonwatch.org.br\/","logo":{"@type":"ImageObject","inLanguage":"pt-BR","@id":"https:\/\/rioonwatch.org.br\/#\/schema\/logo\/image\/","url":"https:\/\/rioonwatch.org.br\/wp-content\/uploads\/2021\/06\/RioOnWatchcabecalhoPT11anos-2.png","contentUrl":"https:\/\/rioonwatch.org.br\/wp-content\/uploads\/2021\/06\/RioOnWatchcabecalhoPT11anos-2.png","width":779,"height":277,"caption":"RioOnWatch"},"image":{"@id":"https:\/\/rioonwatch.org.br\/#\/schema\/logo\/image\/"}},{"@type":"Person","@id":"https:\/\/rioonwatch.org.br\/#\/schema\/person\/11d64c290506f9df50c71b850c473f68","name":"Admin","image":{"@type":"ImageObject","inLanguage":"pt-BR","@id":"https:\/\/rioonwatch.org.br\/#\/schema\/person\/image\/","url":"https:\/\/secure.gravatar.com\/avatar\/56211ac74568383903349a1485e3c325?s=96&d=blank&r=g","contentUrl":"https:\/\/secure.gravatar.com\/avatar\/56211ac74568383903349a1485e3c325?s=96&d=blank&r=g","caption":"Admin"},"url":"https:\/\/rioonwatch.org.br\/?author=129"}]}},"_links":{"self":[{"href":"https:\/\/rioonwatch.org.br\/index.php?rest_route=\/wp\/v2\/posts\/5751"}],"collection":[{"href":"https:\/\/rioonwatch.org.br\/index.php?rest_route=\/wp\/v2\/posts"}],"about":[{"href":"https:\/\/rioonwatch.org.br\/index.php?rest_route=\/wp\/v2\/types\/post"}],"author":[{"embeddable":true,"href":"https:\/\/rioonwatch.org.br\/index.php?rest_route=\/wp\/v2\/users\/129"}],"replies":[{"embeddable":true,"href":"https:\/\/rioonwatch.org.br\/index.php?rest_route=%2Fwp%2Fv2%2Fcomments&post=5751"}],"version-history":[{"count":18,"href":"https:\/\/rioonwatch.org.br\/index.php?rest_route=\/wp\/v2\/posts\/5751\/revisions"}],"predecessor-version":[{"id":5773,"href":"https:\/\/rioonwatch.org.br\/index.php?rest_route=\/wp\/v2\/posts\/5751\/revisions\/5773"}],"wp:featuredmedia":[{"embeddable":true,"href":"https:\/\/rioonwatch.org.br\/index.php?rest_route=\/wp\/v2\/media\/5763"}],"wp:attachment":[{"href":"https:\/\/rioonwatch.org.br\/index.php?rest_route=%2Fwp%2Fv2%2Fmedia&parent=5751"}],"wp:term":[{"taxonomy":"category","embeddable":true,"href":"https:\/\/rioonwatch.org.br\/index.php?rest_route=%2Fwp%2Fv2%2Fcategories&post=5751"},{"taxonomy":"post_tag","embeddable":true,"href":"https:\/\/rioonwatch.org.br\/index.php?rest_route=%2Fwp%2Fv2%2Ftags&post=5751"},{"taxonomy":"writer","embeddable":true,"href":"https:\/\/rioonwatch.org.br\/index.php?rest_route=%2Fwp%2Fv2%2Fwriter&post=5751"},{"taxonomy":"translator","embeddable":true,"href":"https:\/\/rioonwatch.org.br\/index.php?rest_route=%2Fwp%2Fv2%2Ftranslator&post=5751"},{"taxonomy":"source","embeddable":true,"href":"https:\/\/rioonwatch.org.br\/index.php?rest_route=%2Fwp%2Fv2%2Fsource&post=5751"},{"taxonomy":"ilustrador","embeddable":true,"href":"https:\/\/rioonwatch.org.br\/index.php?rest_route=%2Fwp%2Fv2%2Filustrador&post=5751"},{"taxonomy":"fotografo","embeddable":true,"href":"https:\/\/rioonwatch.org.br\/index.php?rest_route=%2Fwp%2Fv2%2Ffotografo&post=5751"}],"curies":[{"name":"wp","href":"https:\/\/api.w.org\/{rel}","templated":true}]}}