{"id":57586,"date":"2021-09-10T10:45:59","date_gmt":"2021-09-10T13:45:59","guid":{"rendered":"https:\/\/rioonwatch.org.br\/?p=57586"},"modified":"2024-06-20T13:45:48","modified_gmt":"2024-06-20T16:45:48","slug":"exu-matou-um-passaro-ontem-com-uma-pedra-que-so-jogou-hoje-um-mundo-antirracista-e-possivel-podcast","status":"publish","type":"post","link":"https:\/\/rioonwatch.org.br\/?p=57586","title":{"rendered":"&#8216;Exu Matou um P\u00e1ssaro Ontem, com uma Pedra que S\u00f3 Jogou Hoje&#8217;: Um Mundo Antirracista \u00c9 Poss\u00edvel? [PODCAST]"},"content":{"rendered":"<p style=\"text-align: right;\"><em><strong><a href=\"https:\/\/bit.ly\/3FIYmL6\" target=\"_blank\" rel=\"noopener noreferrer\">Click Here for English<\/a><a href=\"https:\/\/bit.ly\/3FIYmL6\" target=\"_blank\" rel=\"noopener noreferrer\"><img decoding=\"async\" class=\"alignright wp-image-15790\" src=\"http:\/\/rioonwatch.org.br\/wp-content\/uploads\/2012\/08\/EN-standard-e1439583104716.jpg\" alt=\"\" width=\"20\" height=\"20\" \/><\/a><\/strong><\/em><\/p>\n<p><em>Esta mat\u00e9ria faz parte da\u00a0<a href=\"https:\/\/bit.ly\/SerieAntirracista\" rel=\"noopener\">s\u00e9rie do projeto antirracista do RioOnWatch<\/a>.<i data-stringify-type=\"italic\">\u00a0<\/i><\/em><em>Conhe\u00e7a o nosso projeto que trouxe conte\u00fados midi\u00e1ticos semanais ao longo de 2021:\u00a0<i><a href=\"http:\/\/bit.ly\/EnraizandoIntro\" rel=\"noopener\">Enraizando o Antirracismo nas Favelas<\/a>.<\/i><\/em><\/p>\n<p><iframe src=\"https:\/\/w.soundcloud.com\/player\/?url=https%3A\/\/api.soundcloud.com\/tracks\/1121625943&amp;color=%23ff5500&amp;auto_play=false&amp;hide_related=false&amp;show_comments=true&amp;show_user=true&amp;show_reposts=false&amp;show_teaser=true\" width=\"100%\" height=\"166\" frameborder=\"no\" scrolling=\"no\"><\/iframe><\/p>\n<div style=\"font-size: 10px; color: #cccccc; line-break: anywhere; word-break: normal; overflow: hidden; white-space: nowrap; text-overflow: ellipsis; font-family: Interstate,Lucida Grande,Lucida Sans Unicode,Lucida Sans,Garuda,Verdana,Tahoma,sans-serif; font-weight: 100;\"><span style=\"color: #000000;\">Ou\u00e7a o podcast desta mat\u00e9ria no\u00a0<\/span><a class=\"c-link\" href=\"https:\/\/bit.ly\/3hjiIkO\" target=\"_blank\" rel=\"noopener noreferrer\" data-sk=\"tooltip_parent\">SoundCloud<\/a><span style=\"color: #000000;\">,\u00a0<\/span><a class=\"c-link\" href=\"https:\/\/spoti.fi\/3ni4YdG\" target=\"_blank\" rel=\"noopener noreferrer\" data-sk=\"tooltip_parent\">Spotify<\/a><span style=\"color: #000000;\">,\u00a0<\/span><a class=\"c-link\" href=\"https:\/\/bit.ly\/3DTXxiK\" target=\"_blank\" rel=\"noopener noreferrer\" data-sk=\"tooltip_parent\">YouTube<\/a>\u00a0<span style=\"color: #000000;\">e\u00a0<\/span><a class=\"c-link\" href=\"https:\/\/bit.ly\/3ngf92s\" target=\"_blank\" rel=\"noopener noreferrer\" data-sk=\"tooltip_parent\">outros<\/a><span style=\"color: #000000;\">.<\/span><\/div>\n<hr \/>\n<p><span style=\"font-weight: 400;\">Diversas frentes s\u00e3o necess\u00e1rias para que um mundo antirracista seja poss\u00edvel. Agir apenas em uma \u00e1rea, de maneira isolada, n\u00e3o \u00e9 suficiente para fazer com que <\/span><span style=\"font-weight: 400;\">o abismo deixado <\/span><a href=\"https:\/\/bit.ly\/3wrGTma\" target=\"_blank\" rel=\"noopener\"><span style=\"font-weight: 400;\">por anos de desigualdade racial<\/span><\/a><span style=\"font-weight: 400;\"> no Brasil seja sanado. \u00c9 preciso atuar em conjunto, com ampla participa\u00e7\u00e3o da sociedade civil, do setor privado e do poder p\u00fablico para desconstruir o <\/span><a href=\"http:\/\/bit.ly\/1Ngp80L\" target=\"_blank\" rel=\"noopener\"><span style=\"font-weight: 400;\">racismo estrutural e institucionalizado<\/span><\/a><span style=\"font-weight: 400;\">. N\u00e3o existe f\u00f3rmula m\u00e1gica. A solu\u00e7\u00e3o \u00e9 um caminho que vem sendo constru\u00eddo arduamente e com muita vontade. Os passos v\u00eam de longe e geralmente s\u00e3o dados por n\u00f3s, pessoas negras, mas sobretudo por n\u00f3s, mulheres negras.<\/span><\/p>\n<h3><b>N\u00f3s Por N\u00f3s<\/b><span style=\"font-weight: 400;\">\u00a0<\/span><\/h3>\n<p><a href=\"https:\/\/rioonwatch.org.br\/wp-content\/uploads\/2021\/08\/Acao-\u2018Mare-diz-nao-ao-coronavirus-realizada-durante-a-pandemia.-Foto-por-Douglas-Lopes.jpg\"><img fetchpriority=\"high\" decoding=\"async\" class=\"wp-image-57637 size-content alignright\" title=\"A\u00e7\u00e3o \u2018Mar\u00e9 diz n\u00e3o ao coronav\u00edrus', realizada durante a pandemia. Foto por: Douglas Lopes\" src=\"https:\/\/rioonwatch.org.br\/wp-content\/uploads\/2021\/08\/Acao-\u2018Mare-diz-nao-ao-coronavirus-realizada-durante-a-pandemia.-Foto-por-Douglas-Lopes-620x264.jpg\" alt=\"A\u00e7\u00e3o \u2018Mar\u00e9 diz n\u00e3o ao coronav\u00edrus', realizada durante a pandemia. Foto por: Douglas Lopes\" width=\"620\" height=\"264\" \/><\/a><\/p>\n<p><span style=\"font-weight: 400;\">Exemplos n\u00e3o faltam. \u00c9 o caso da <\/span><a href=\"http:\/\/bit.ly\/2IjQeoE\" target=\"_blank\" rel=\"noopener\"><span style=\"font-weight: 400;\">Redes da Mar\u00e9<\/span><\/a><span style=\"font-weight: 400;\">, uma organiza\u00e7\u00e3o da sociedade civil que se tornou refer\u00eancia em ativismo dentro de uma das maiores comunidades da cidade do Rio de Janeiro. Criada h\u00e1 mais de duas d\u00e9cadas, a institui\u00e7\u00e3o faz jus ao nome em sua estrutura. <\/span><span style=\"font-weight: 400;\">Produz conhecimento<\/span><span style=\"font-weight: 400;\">, desenvolve projetos e <\/span><a href=\"https:\/\/bit.ly\/3ATrqy5\" target=\"_blank\" rel=\"noopener\"><span style=\"font-weight: 400;\">promove a\u00e7\u00f5es abrangentes<\/span><\/a><span style=\"font-weight: 400;\"> para garantir pol\u00edticas p\u00fablicas efetivas<\/span><span style=\"font-weight: 400;\"> que melhorem a vida dos <\/span><a href=\"https:\/\/glo.bo\/3hzpYcQ\" target=\"_blank\" rel=\"noopener\"><span style=\"font-weight: 400;\">140.000 moradores<\/span><\/a><span style=\"font-weight: 400;\"> das 16 favelas do <\/span><a href=\"http:\/\/bit.ly\/2K1s59x\" target=\"_blank\" rel=\"noopener\"><span style=\"font-weight: 400;\">Complexo da Mar\u00e9<\/span><\/a><span style=\"font-weight: 400;\">, na <\/span><a href=\"http:\/\/bit.ly\/2ETpYR1\" target=\"_blank\" rel=\"noopener\"><span style=\"font-weight: 400;\">Zona Norte<\/span><\/a><span style=\"font-weight: 400;\">.\u00a0<\/span><\/p>\n<p><span style=\"font-weight: 400;\">Trabalhando com quatro eixos\u2014<\/span><a href=\"https:\/\/bit.ly\/2U0nGdH\" target=\"_blank\" rel=\"noopener\"><span style=\"font-weight: 400;\">arte, cultura, mem\u00f3rias e identidades<\/span><\/a><span style=\"font-weight: 400;\">; <\/span><a href=\"https:\/\/bit.ly\/3wAzKzJ\" target=\"_blank\" rel=\"noopener\"><span style=\"font-weight: 400;\">desenvolvimento territorial<\/span><\/a><span style=\"font-weight: 400;\">; <\/span><a href=\"https:\/\/bit.ly\/36v51cD\" target=\"_blank\" rel=\"noopener\"><span style=\"font-weight: 400;\">direito \u00e0 seguran\u00e7a p\u00fablica e acesso \u00e0 justi\u00e7a<\/span><\/a><span style=\"font-weight: 400;\">; e <\/span><a href=\"https:\/\/bit.ly\/2TUqPMg\" target=\"_blank\" rel=\"noopener\"><span style=\"font-weight: 400;\">educa\u00e7\u00e3o<\/span><\/a><span style=\"font-weight: 400;\">\u2014a Redes da Mar\u00e9 tem conseguido garantir avan\u00e7os significativos, enquanto promove debates importantes na comunidade sobre conscientiza\u00e7\u00e3o e o exerc\u00edcio da cidadania.\u00a0<\/span><\/p>\n<p><a href=\"https:\/\/bit.ly\/2W2j1IM\" target=\"_blank\" rel=\"noopener\"><span style=\"font-weight: 400;\">Fruto de uma iniciativa de moradores e ex-moradores<\/span><\/a><span style=\"font-weight: 400;\"> da regi\u00e3o<\/span><span style=\"font-weight: 400;\">, a Redes da Mar\u00e9 se mant\u00e9m constantemente atenta \u00e0s necessidades do entorno. Essa disposi\u00e7\u00e3o contribuiu para que a institui\u00e7\u00e3o chegasse \u00e0 amplitude que tem hoje e assumisse o compromisso de levantar temas de forma mais aprofundada. Assim como fizeram outras organiza\u00e7\u00f5es dos <\/span><a href=\"https:\/\/bit.ly\/2ED4jQ1\" target=\"_blank\" rel=\"noopener\"><span style=\"font-weight: 400;\">movimentos negros<\/span><\/a><span style=\"font-weight: 400;\"> que lutavam\u2014e lutam\u2014para garantir uma vida melhor \u00e0s atuais e futuras gera\u00e7\u00f5es.<\/span><\/p>\n<h3><b>Identifica\u00e7\u00e3o e Garantia de Direitos: Pretagogia e Filosofia Iorub\u00e1 como Caminhos<\/b><\/h3>\n<p><span style=\"font-weight: 400;\">\u201c<a href=\"https:\/\/bit.ly\/3E1O2hD\" target=\"_blank\" rel=\"noopener\">Exu<\/a> matou um p\u00e1ssaro ontem, com uma pedra que s\u00f3 jogou hoje\u201d \u00e9 um ditado <\/span><a href=\"https:\/\/bit.ly\/3wW5LSN\" target=\"_blank\" rel=\"noopener\"><span style=\"font-weight: 400;\">iorub\u00e1<\/span><\/a><span style=\"font-weight: 400;\"> que chegou ao p\u00fablico em geral ap\u00f3s ser citado pelo rapper Emicida, no document\u00e1rio <\/span><a href=\"https:\/\/bit.ly\/2V5NzJc\" target=\"_blank\" rel=\"noopener\"><i><span style=\"font-weight: 400;\">Amarelo &#8211; \u00c9 Tudo para Ontem<\/span><\/i><\/a><span style=\"font-weight: 400;\">, sobre a obra do artista e a <\/span><a href=\"https:\/\/bit.ly\/3wYlMrv\" target=\"_blank\" rel=\"noopener\"><span style=\"font-weight: 400;\">negritude no Brasil<\/span><\/a><span style=\"font-weight: 400;\">.\u00a0<\/span><\/p>\n<p><span style=\"font-weight: 400;\">A <\/span><a href=\"https:\/\/bit.ly\/3knAJ3G\" target=\"_blank\" rel=\"noopener\"><span style=\"font-weight: 400;\">cultura iorub\u00e1<\/span><\/a><span style=\"font-weight: 400;\"> vem de um dos maiores reinos da hist\u00f3ria do oeste da <a href=\"https:\/\/bit.ly\/2CDzDNX\" target=\"_blank\" rel=\"noopener\">\u00c1frica<\/a>: o <\/span><a href=\"https:\/\/bit.ly\/2TzN3mw\" target=\"_blank\" rel=\"noopener\"><span style=\"font-weight: 400;\">Imp\u00e9rio de Oi\u00f3<\/span><\/a><span style=\"font-weight: 400;\">. Nesta cultura, a oralidade tem um peso sagrado. \u00c9 o tecido que envolve a viv\u00eancia dos povos, <a href=\"http:\/\/bit.ly\/30u5kzd\" target=\"_blank\" rel=\"noopener\">transmite a heran\u00e7a ancestral<\/a> aos mais novos, preservando os saberes originais. A ret\u00f3rica e a <a href=\"http:\/\/bit.ly\/2KpzIaj\" target=\"_blank\" rel=\"noopener\">conta\u00e7\u00e3o de hist\u00f3ria<\/a> s\u00e3o documentos hist\u00f3ricos e escola.<\/span><\/p>\n<p><a href=\"https:\/\/rioonwatch.org.br\/wp-content\/uploads\/2021\/08\/Pamella-Carvalho-no-centro-em-frente-ao-predio-onde-vai-funcionar-a-Casa-Preta-da-Mare-com-Treyce-Ellen-Luma-Mota-Rodrigo-Almeida-Luana-Alves-e-Milena-Ventura.-Foto-Matheus-Affonso.jpg\"><img decoding=\"async\" class=\"wp-image-57638 size-content alignright\" title=\"P\u00e2mella Carvalho (no centro) em frente ao pr\u00e9dio onde vai funcionar a Casa Preta da Mar\u00e9, com Treyce Ellen, Luma Mota, Rodrigo Almeida, Luana Alves e Milena Ventura. Foto por: Matheus Affonso\" src=\"https:\/\/rioonwatch.org.br\/wp-content\/uploads\/2021\/08\/Pamella-Carvalho-no-centro-em-frente-ao-predio-onde-vai-funcionar-a-Casa-Preta-da-Mare-com-Treyce-Ellen-Luma-Mota-Rodrigo-Almeida-Luana-Alves-e-Milena-Ventura.-Foto-Matheus-Affonso-620x264.jpg\" alt=\"P\u00e2mella Carvalho (no centro) em frente ao pr\u00e9dio onde vai funcionar a Casa Preta da Mar\u00e9, com Treyce Ellen, Luma Mota, Rodrigo Almeida, Luana Alves e Milena Ventura. Foto por: Matheus Affonso\" width=\"620\" height=\"264\" srcset=\"https:\/\/rioonwatch.org.br\/wp-content\/uploads\/2021\/08\/Pamella-Carvalho-no-centro-em-frente-ao-predio-onde-vai-funcionar-a-Casa-Preta-da-Mare-com-Treyce-Ellen-Luma-Mota-Rodrigo-Almeida-Luana-Alves-e-Milena-Ventura.-Foto-Matheus-Affonso-620x264.jpg 620w, https:\/\/rioonwatch.org.br\/wp-content\/uploads\/2021\/08\/Pamella-Carvalho-no-centro-em-frente-ao-predio-onde-vai-funcionar-a-Casa-Preta-da-Mare-com-Treyce-Ellen-Luma-Mota-Rodrigo-Almeida-Luana-Alves-e-Milena-Ventura.-Foto-Matheus-Affonso-940x400.jpg 940w\" sizes=\"(max-width: 620px) 100vw, 620px\" \/><\/a>Na di\u00e1spora, para se entender enquanto pessoa negra, em meio a uma realidade <a href=\"https:\/\/bit.ly\/3kVA3Tg\" target=\"_blank\" rel=\"noopener\">hierarquizada<\/a>, <a href=\"https:\/\/bit.ly\/2SCGJcT\" target=\"_blank\" rel=\"noopener\">colorista<\/a> e <a href=\"https:\/\/bit.ly\/3rcjm66\" target=\"_blank\" rel=\"noopener\">racialmente desigual<\/a>, \u00e9 preciso refletir coletivamente sobre o assunto. Reverenciar os antepassados, se educar neste fazer coletivo da <a href=\"https:\/\/bit.ly\/3iSW1nz\" target=\"_blank\" rel=\"noopener\">pretagogia ou pedagogia preta<\/a> e se fortalecer nos nossos.<\/p>\n<p><span style=\"font-weight: 400;\">O <\/span><a href=\"https:\/\/bit.ly\/2OjOSRP\" target=\"_blank\" rel=\"noopener\"><span style=\"font-weight: 400;\">Censo Populacional da Mar\u00e9<\/span><\/a><span style=\"font-weight: 400;\"> revelou que 62,1% dos moradores da regi\u00e3o se autodeclaram pretos ou pardos. A partir desta an\u00e1lise, algumas pol\u00edticas come\u00e7aram a ser pensadas para fortalecer as rela\u00e7\u00f5es raciais do conjunto de favelas e, desta forma, combater o racismo cotidiano. Com esse prop\u00f3sito, surgiu a <\/span><a href=\"https:\/\/bit.ly\/2VyTyXj\" target=\"_blank\" rel=\"noopener\"><span style=\"font-weight: 400;\">Casa Preta da Mar\u00e9<\/span><\/a><span style=\"font-weight: 400;\">, como conta P\u00e2mela Carvalho, coordenadora do eixo Arte, Cultura, Mem\u00f3rias e Identidades da Redes da Mar\u00e9: <\/span>\u201cCome\u00e7amos com rodas de conversa formativas no sentido de reeduca\u00e7\u00e3o das rela\u00e7\u00f5es raciais. Sobre masculinidades negras, mulheres negras av\u00f3s\u2026 As diferen\u00e7as entre o varejo e o tr\u00e1fico de drogas, entendendo o quanto \u00e9 importante a gente racializar essa quest\u00e3o da seguran\u00e7a p\u00fablica, porque infelizmente a gente tem um <a href=\"https:\/\/bit.ly\/3hrhdlb\" target=\"_blank\" rel=\"noopener\">projeto de seguran\u00e7a p\u00fablica muito racista aqui no Rio de Janeiro<\/a>\u201d.<\/p>\n<p><span style=\"font-weight: 400;\">O espa\u00e7o tem o objetivo de promover forma\u00e7\u00e3o te\u00f3rica-metodol\u00f3gica e pol\u00edtica para trabalhar quest\u00f5es \u00e9tnico raciais, fornecendo ferramentas de enfrentamento ao <\/span><a href=\"http:\/\/bit.ly\/2lYYNgW\" target=\"_blank\" rel=\"noopener\"><span style=\"font-weight: 400;\">racismo estrutural<\/span><\/a><span style=\"font-weight: 400;\"> da sociedade brasileira. A Casa Preta ganhou ainda a Escola de Letramento Racial da Mar\u00e9, uma forma\u00e7\u00e3o <\/span><span style=\"font-weight: 400;\">continuada para jovens negros, de julho a dezembro deste ano, com previs\u00e3o de novas turmas em 2022, 2023 e anos subsequentes.<\/span><span style=\"font-weight: 400;\"><a href=\"https:\/\/rioonwatch.org.br\/wp-content\/uploads\/2021\/08\/Foto-de-uma-aula-da-Escola-de-Letramento-Racial-da-Mare.-Foto-por-Douglas-Lopes.jpg\"><img loading=\"lazy\" decoding=\"async\" class=\"aligncenter wp-image-57639\" title=\"Uma aula da Escola de Letramento Racial da Mar\u00e9. Foto por: Douglas Lopes\" src=\"https:\/\/rioonwatch.org.br\/wp-content\/uploads\/2021\/08\/Foto-de-uma-aula-da-Escola-de-Letramento-Racial-da-Mare.-Foto-por-Douglas-Lopes.jpg\" alt=\"Uma aula da Escola de Letramento Racial da Mar\u00e9. Foto por: Douglas Lopes\" width=\"1030\" height=\"687\" srcset=\"https:\/\/rioonwatch.org.br\/wp-content\/uploads\/2021\/08\/Foto-de-uma-aula-da-Escola-de-Letramento-Racial-da-Mare.-Foto-por-Douglas-Lopes.jpg 1920w, https:\/\/rioonwatch.org.br\/wp-content\/uploads\/2021\/08\/Foto-de-uma-aula-da-Escola-de-Letramento-Racial-da-Mare.-Foto-por-Douglas-Lopes-620x413.jpg 620w, https:\/\/rioonwatch.org.br\/wp-content\/uploads\/2021\/08\/Foto-de-uma-aula-da-Escola-de-Letramento-Racial-da-Mare.-Foto-por-Douglas-Lopes-1024x683.jpg 1024w, https:\/\/rioonwatch.org.br\/wp-content\/uploads\/2021\/08\/Foto-de-uma-aula-da-Escola-de-Letramento-Racial-da-Mare.-Foto-por-Douglas-Lopes-396x264.jpg 396w, https:\/\/rioonwatch.org.br\/wp-content\/uploads\/2021\/08\/Foto-de-uma-aula-da-Escola-de-Letramento-Racial-da-Mare.-Foto-por-Douglas-Lopes-768x512.jpg 768w, https:\/\/rioonwatch.org.br\/wp-content\/uploads\/2021\/08\/Foto-de-uma-aula-da-Escola-de-Letramento-Racial-da-Mare.-Foto-por-Douglas-Lopes-1536x1024.jpg 1536w\" sizes=\"(max-width: 1030px) 100vw, 1030px\" \/><\/a><\/span><\/p>\n<p><span style=\"font-weight: 400;\">Por conta da pandemia, as aulas semanais s\u00e3o remotas, com uma aula presencial por m\u00eas. A forma\u00e7\u00e3o foi dividida em m\u00f3dulos. O primeiro com aulas te\u00f3ricas para entender o contexto do Brasil com rela\u00e7\u00e3o \u00e0 racializa\u00e7\u00e3o; o segundo focado em analisar as m\u00eddias audiovisuais sob uma \u00f3tica racializada acompanhada de conhecimentos pr\u00e1ticos da \u00e1rea; e o \u00faltimo voltado para as artes de modo geral.<\/span><\/p>\n<p><a href=\"https:\/\/rioonwatch.org.br\/wp-content\/uploads\/2021\/08\/Artistas-Jugraft-e-Yaya.-Foto-por-Arthur-Vianna.jpg\"><img loading=\"lazy\" decoding=\"async\" class=\"wp-image-57641 alignleft\" title=\"Artistas Jugraft e Yaya. Foto por: Arthur Vianna\" src=\"https:\/\/rioonwatch.org.br\/wp-content\/uploads\/2021\/08\/Artistas-Jugraft-e-Yaya.-Foto-por-Arthur-Vianna.jpg\" alt=\"Artistas Jugraft e Yaya. Foto por: Arthur Vianna\" width=\"300\" height=\"200\" srcset=\"https:\/\/rioonwatch.org.br\/wp-content\/uploads\/2021\/08\/Artistas-Jugraft-e-Yaya.-Foto-por-Arthur-Vianna.jpg 1200w, https:\/\/rioonwatch.org.br\/wp-content\/uploads\/2021\/08\/Artistas-Jugraft-e-Yaya.-Foto-por-Arthur-Vianna-620x413.jpg 620w, https:\/\/rioonwatch.org.br\/wp-content\/uploads\/2021\/08\/Artistas-Jugraft-e-Yaya.-Foto-por-Arthur-Vianna-1024x683.jpg 1024w, https:\/\/rioonwatch.org.br\/wp-content\/uploads\/2021\/08\/Artistas-Jugraft-e-Yaya.-Foto-por-Arthur-Vianna-396x264.jpg 396w, https:\/\/rioonwatch.org.br\/wp-content\/uploads\/2021\/08\/Artistas-Jugraft-e-Yaya.-Foto-por-Arthur-Vianna-768x512.jpg 768w\" sizes=\"(max-width: 300px) 100vw, 300px\" \/><\/a><\/p>\n<p><span style=\"font-weight: 400;\">\u201cVamos trabalhar bastante <\/span><span style=\"font-weight: 400;\">rap<\/span><span style=\"font-weight: 400;\">, <\/span><span style=\"font-weight: 400;\">grafite<\/span><span style=\"font-weight: 400;\">, <\/span><span style=\"font-weight: 400;\">funk<\/span><span style=\"font-weight: 400;\">, artes urbanas entendendo tamb\u00e9m o contexto desses jovens, no que eles sinalizaram que t\u00eam interesse. A ideia \u00e9 que seja um ciclo de forma\u00e7\u00e3o, com cerca de 30 por turma. E todos eles v\u00e3o receber uma bolsa, pois identificamos que v\u00e1rios j\u00e1 est\u00e3o no mercado de trabalho informal\u201d, detalha Pamela.<\/span><\/p>\n<p><a href=\"https:\/\/rioonwatch.org.br\/wp-content\/uploads\/2021\/08\/Abdias-de-Nascimento-na-peca-Otelo-1946.-Arquivo-Nacional..jpg\"><img loading=\"lazy\" decoding=\"async\" class=\"alignright wp-image-57602\" title=\"Abdias de Nascimento na pe\u00e7a \u201cOtelo\u201d, 1946. Arquivo Nacional.\" src=\"https:\/\/rioonwatch.org.br\/wp-content\/uploads\/2021\/08\/Abdias-de-Nascimento-na-peca-Otelo-1946.-Arquivo-Nacional.-210x264.jpg\" alt=\"Abdias de Nascimento na pe\u00e7a \u201cOtelo\u201d, 1946. Arquivo Nacional.\" width=\"300\" height=\"378\" srcset=\"https:\/\/rioonwatch.org.br\/wp-content\/uploads\/2021\/08\/Abdias-de-Nascimento-na-peca-Otelo-1946.-Arquivo-Nacional.-210x264.jpg 210w, https:\/\/rioonwatch.org.br\/wp-content\/uploads\/2021\/08\/Abdias-de-Nascimento-na-peca-Otelo-1946.-Arquivo-Nacional.-493x620.jpg 493w, https:\/\/rioonwatch.org.br\/wp-content\/uploads\/2021\/08\/Abdias-de-Nascimento-na-peca-Otelo-1946.-Arquivo-Nacional.-768x967.jpg 768w, https:\/\/rioonwatch.org.br\/wp-content\/uploads\/2021\/08\/Abdias-de-Nascimento-na-peca-Otelo-1946.-Arquivo-Nacional..jpg 800w\" sizes=\"(max-width: 300px) 100vw, 300px\" \/><\/a><\/p>\n<p><span style=\"font-weight: 400;\">A Casa Preta ainda oferece cursos abertos de menor dura\u00e7\u00e3o, al\u00e9m de a\u00e7\u00f5es art\u00edsticas culturais, voltadas para o p\u00fablico, com foco na popula\u00e7\u00e3o negra, a exemplo do curso baseado no conceito de <\/span><a href=\"https:\/\/bit.ly\/3i0Q9YL\" target=\"_blank\" rel=\"noopener\"><span style=\"font-weight: 400;\">Quilombismo<\/span><\/a><span style=\"font-weight: 400;\">, cunhado pelo ator e ativista <\/span><a href=\"http:\/\/bit.ly\/2F4ztwc\" target=\"_blank\" rel=\"noopener\"><span style=\"font-weight: 400;\">Abdias Nascimento<\/span><\/a><span style=\"font-weight: 400;\">. Hoje em dia tamb\u00e9m conhecido por aquilombamento, s\u00e3o termos cuja origem s\u00e3o os <a href=\"https:\/\/bit.ly\/3ysLwxG\" target=\"_blank\" rel=\"noopener\">quilombos<\/a>: as primeiras experi\u00eancias de liberdade na Am\u00e9rica colonizada, com modelos social e econ\u00f4mico opostos \u00e0queles das \u00e1reas de ocupa\u00e7\u00e3o portuguesa no Brasil. Baseados na heran\u00e7a cultural e nos valores africanos, os quilombos podiam ser rurais ou urbanos e eram autossuficientes, produzindo suas comidas, leis, armamentos e etc., apesar de estabelecerem rela\u00e7\u00f5es comerciais com as comunidades circundantes sob o julgo portugu\u00eas. Alguns quilombos chegaram a ter popula\u00e7\u00f5es maiores que as grandes cidades brasileiras controladas por Portugal na mesma \u00e9poca. O quilombismo prop\u00f5e esse legado como refer\u00eancia b\u00e1sica de uma proposta de mobiliza\u00e7\u00e3o pol\u00edtica da popula\u00e7\u00e3o afrodescendente nas Am\u00e9ricas com base na sua pr\u00f3pria experi\u00eancia hist\u00f3rica e cultural. Vai mais longe ainda e articula uma proposta afro-brasileira para o Estado nacional contempor\u00e2neo, um Brasil multi\u00e9tnico e pluricultural.<\/span><\/p>\n<p><iframe title=\"YouTube video player\" src=\"https:\/\/www.youtube.com\/embed\/rLgHjTMG1As\" width=\"1030\" height=\"563\" frameborder=\"0\" allowfullscreen=\"allowfullscreen\"><span data-mce-type=\"bookmark\" style=\"display: inline-block; width: 0px; overflow: hidden; line-height: 0;\" class=\"mce_SELRES_start\">\ufeff<\/span><\/iframe><\/p>\n<p><span style=\"font-weight: 400;\">\u201cTamb\u00e9m estamos come\u00e7ando um processo de pesquisa, mas a gente s\u00f3 deve conseguir engatar ano que vem. \u00c9 uma pesquisa justamente para entender as condi\u00e7\u00f5es de vida da popula\u00e7\u00e3o negra da Mar\u00e9, al\u00e9m de produzir material com a <\/span><a href=\"https:\/\/bit.ly\/3xEpeJ4\" target=\"_blank\" rel=\"noopener\"><span style=\"font-weight: 400;\">popula\u00e7\u00e3o angolana da regi\u00e3o da Vila do Pinheiro<\/span><\/a>.<span style=\"font-weight: 400;\">.. Queremos dedicar uma parte espec\u00edfica para isso&#8221;, descreve P\u00e2mela Carvalho.<\/span><\/p>\n<p><a href=\"https:\/\/rioonwatch.org.br\/wp-content\/uploads\/2021\/08\/Lica-angolana-moradora-da-Mare.-Foto-por-Eloi-Leones_DataLab.gif\"><img loading=\"lazy\" decoding=\"async\" class=\"wp-image-57601 size-content alignright\" title=\"Lica, angolana moradora da Mar\u00e9. Foto por Eloi Leones\/DataLab\" src=\"https:\/\/rioonwatch.org.br\/wp-content\/uploads\/2021\/08\/Lica-angolana-moradora-da-Mare.-Foto-por-Eloi-Leones_DataLab-620x264.gif\" alt=\"Lica, angolana moradora da Mar\u00e9. Foto por Eloi Leones\/DataLab\" width=\"620\" height=\"264\" srcset=\"https:\/\/rioonwatch.org.br\/wp-content\/uploads\/2021\/08\/Lica-angolana-moradora-da-Mare.-Foto-por-Eloi-Leones_DataLab-620x264.gif 620w, https:\/\/rioonwatch.org.br\/wp-content\/uploads\/2021\/08\/Lica-angolana-moradora-da-Mare.-Foto-por-Eloi-Leones_DataLab-940x400.gif 940w\" sizes=\"(max-width: 620px) 100vw, 620px\" \/><\/a><\/p>\n<p><span style=\"font-weight: 400;\">Para ajudar no fomento de iniciativas do tipo, a <\/span><a href=\"http:\/\/bit.ly\/2NHhfqX\" target=\"_blank\" rel=\"noopener\"><span style=\"font-weight: 400;\">Casa Fluminense<\/span><\/a><span style=\"font-weight: 400;\"> publicou um guia com agendas locais que ajudam os moradores a formularem diagn\u00f3sticos sobre os problemas de suas comunidades e levantarem propostas de mudan\u00e7a. A ideia \u00e9 que eles levem essas propostas para discutir com outros moradores e com pol\u00edticos locais e que marquem reuni\u00f5es com o subprefeito e\/ou o chefe da regi\u00e3o administrativa, por exemplo.\u00a0<\/span><\/p>\n<p><span style=\"font-weight: 400;\">Assim como a Redes da Mar\u00e9, a Casa Fluminense tamb\u00e9m \u00e9 uma organiza\u00e7\u00e3o da sociedade civil. Ela atua como polo de pessoas e de organiza\u00e7\u00f5es parceiras e territoriais para constru\u00e7\u00e3o e monitoramento de pol\u00edticas p\u00fablicas na <a href=\"http:\/\/bit.ly\/2kFp5ol\" target=\"_blank\" rel=\"noopener\">Regi\u00e3o Metropolitana do Rio de Janeiro<\/a>. <\/span>\u201cA gente tem como estrat\u00e9gia principal conseguir promover o desenvolvimento justo, democr\u00e1tico e sustent\u00e1vel dessa regi\u00e3o\u201d, afirma Claudia Cruz, Coordenadora de Informa\u00e7\u00e3o da Casa Fluminense.<\/p>\n<p><span style=\"font-weight: 400;\">Segundo Cl\u00e1udia, o recorte racial \u00e9 levado em considera\u00e7\u00e3o em tudo o que a Casa produz, assim como a interseccionalidade. Dentro do <\/span><a href=\"https:\/\/bit.ly\/3gOwJnV\" target=\"_blank\" rel=\"noopener\"><span style=\"font-weight: 400;\">Mapa da Desigualdade<\/span><\/a><span style=\"font-weight: 400;\">\u00a0produzido pela organiza\u00e7\u00e3o, existem evid\u00eancias que comprovam as hierarquias sociais e raciais que norteiam as a\u00e7\u00f5es da Casa. Os dados levantados falam por si s\u00f3 e escancaram nossa configura\u00e7\u00e3o social racista.<\/span><\/p>\n<p><span style=\"font-weight: 400;\">\u201cEm 2018, quando conseguimos compilar <a href=\"https:\/\/bit.ly\/30YhbHN\" target=\"_blank\" rel=\"noopener\">dados para o Mapa da Desigualdade<\/a>, vimos que 82,4% das v\u00edtimas de acidentes ferrovi\u00e1rios s\u00e3o negras e lan\u00e7amos o livro &#8216;N\u00e3o foi em v\u00e3o&#8217; para falar sobre essa quest\u00e3o. \u00c9 notoriamente um caso de racismo porque n\u00f3s sabemos que as <\/span><a href=\"https:\/\/bit.ly\/3tqGG1J\" target=\"_blank\" rel=\"noopener\"><span style=\"font-weight: 400;\">popula\u00e7\u00f5es que mais se deslocam no transporte ferrovi\u00e1rio<\/span><\/a><span style=\"font-weight: 400;\"> s\u00e3o pessoas da Baixada Fluminense, pessoas de baixa renda, em sua maioria pretas e pardas&#8221;, detalha Cl\u00e1udia Cruz<\/span><\/p>\n<p><a href=\"https:\/\/rioonwatch.org.br\/wp-content\/uploads\/2021\/01\/Mapa-das-Desigualdades-Mortes-de-pessoas-negras-no-transporte.png\"><img loading=\"lazy\" decoding=\"async\" class=\"wp-image-53357 size-medium alignright\" title=\"Mapa das Desigualdades - Mortes de pessoas negras no transporte. Casa Fluminense\" src=\"https:\/\/rioonwatch.org.br\/wp-content\/uploads\/2021\/01\/Mapa-das-Desigualdades-Mortes-de-pessoas-negras-no-transporte-620x349.png\" alt=\"Mapa das Desigualdades - Mortes de pessoas negras no transporte. Casa Fluminense\" width=\"620\" height=\"349\" srcset=\"https:\/\/rioonwatch.org.br\/wp-content\/uploads\/2021\/01\/Mapa-das-Desigualdades-Mortes-de-pessoas-negras-no-transporte-620x349.png 620w, https:\/\/rioonwatch.org.br\/wp-content\/uploads\/2021\/01\/Mapa-das-Desigualdades-Mortes-de-pessoas-negras-no-transporte-1024x576.png 1024w, https:\/\/rioonwatch.org.br\/wp-content\/uploads\/2021\/01\/Mapa-das-Desigualdades-Mortes-de-pessoas-negras-no-transporte-470x264.png 470w, https:\/\/rioonwatch.org.br\/wp-content\/uploads\/2021\/01\/Mapa-das-Desigualdades-Mortes-de-pessoas-negras-no-transporte-768x432.png 768w, https:\/\/rioonwatch.org.br\/wp-content\/uploads\/2021\/01\/Mapa-das-Desigualdades-Mortes-de-pessoas-negras-no-transporte-580x326.png 580w, https:\/\/rioonwatch.org.br\/wp-content\/uploads\/2021\/01\/Mapa-das-Desigualdades-Mortes-de-pessoas-negras-no-transporte-174x98.png 174w, https:\/\/rioonwatch.org.br\/wp-content\/uploads\/2021\/01\/Mapa-das-Desigualdades-Mortes-de-pessoas-negras-no-transporte.png 1366w\" sizes=\"(max-width: 620px) 100vw, 620px\" \/><\/a><\/p>\n<p><span style=\"font-weight: 400;\">A Casa tamb\u00e9m avalia a <\/span><a href=\"https:\/\/bit.ly\/2Nl100N\" target=\"_blank\" rel=\"noopener\"><span style=\"font-weight: 400;\">letalidade<\/span><\/a><span style=\"font-weight: 400;\"> e a <\/span><a href=\"https:\/\/bit.ly\/2TYdFNN\" target=\"_blank\" rel=\"noopener\"><span style=\"font-weight: 400;\">viol\u00eancia policial<\/span><\/a><span style=\"font-weight: 400;\"> que atingem majoritariamente a popula\u00e7\u00e3o negra, al\u00e9m do <\/span><a href=\"http:\/\/bit.ly\/2Gl3KZB\" target=\"_blank\" rel=\"noopener\"><span style=\"font-weight: 400;\">racismo ambiental<\/span><\/a><span style=\"font-weight: 400;\">, visando estipular metas e a\u00e7\u00f5es espec\u00edficas para solucionar esses problemas. No caso do racismo ambiental, tema ainda pouco explorado, o trabalho busca incluir favelas e periferias na atualiza\u00e7\u00e3o dos <\/span><a href=\"https:\/\/bit.ly\/3koUsQH\" target=\"_blank\" rel=\"noopener\"><span style=\"font-weight: 400;\">planos municipais de saneamento b\u00e1sico<\/span><\/a><span style=\"font-weight: 400;\">. \u201cQuando voc\u00ea consegue construir propostas e diagn\u00f3sticos e chegar para o seu vereador, seu pol\u00edtico local e apresentar que [as neglig\u00eancias com rela\u00e7\u00e3o ao saneamento b\u00e1sico] est\u00e3o trazendo doen\u00e7as, dificuldades, alagando casa, fazendo pessoas perderem suas moradias, \u00e9 para que essa situa\u00e7\u00e3o melhore. O di\u00e1logo \u00e9 o melhor dos mundos&#8221;, explica Cl\u00e1udia.<\/span><\/p>\n<p><a href=\"https:\/\/rioonwatch.org.br\/wp-content\/uploads\/2021\/01\/Pessoas-negras-assassinadas-pelo-Estado.-Fonte-Mapa-das-Desigualdades-Casa-Fluminense.png\"><img loading=\"lazy\" decoding=\"async\" class=\"wp-image-53116 size-medium alignright\" title=\"Pessoas negras assassinadas pelo Estado. Fonte: Mapa das Desigualdades\/Casa Fluminense\" src=\"https:\/\/rioonwatch.org.br\/wp-content\/uploads\/2021\/01\/Pessoas-negras-assassinadas-pelo-Estado.-Fonte-Mapa-das-Desigualdades-Casa-Fluminense-620x349.png\" alt=\"Pessoas negras assassinadas pelo Estado. Fonte: Mapa das Desigualdades\/Casa Fluminense\" width=\"620\" height=\"349\" srcset=\"https:\/\/rioonwatch.org.br\/wp-content\/uploads\/2021\/01\/Pessoas-negras-assassinadas-pelo-Estado.-Fonte-Mapa-das-Desigualdades-Casa-Fluminense-620x349.png 620w, https:\/\/rioonwatch.org.br\/wp-content\/uploads\/2021\/01\/Pessoas-negras-assassinadas-pelo-Estado.-Fonte-Mapa-das-Desigualdades-Casa-Fluminense-1024x576.png 1024w, https:\/\/rioonwatch.org.br\/wp-content\/uploads\/2021\/01\/Pessoas-negras-assassinadas-pelo-Estado.-Fonte-Mapa-das-Desigualdades-Casa-Fluminense-470x264.png 470w, https:\/\/rioonwatch.org.br\/wp-content\/uploads\/2021\/01\/Pessoas-negras-assassinadas-pelo-Estado.-Fonte-Mapa-das-Desigualdades-Casa-Fluminense-768x432.png 768w, https:\/\/rioonwatch.org.br\/wp-content\/uploads\/2021\/01\/Pessoas-negras-assassinadas-pelo-Estado.-Fonte-Mapa-das-Desigualdades-Casa-Fluminense-580x326.png 580w, https:\/\/rioonwatch.org.br\/wp-content\/uploads\/2021\/01\/Pessoas-negras-assassinadas-pelo-Estado.-Fonte-Mapa-das-Desigualdades-Casa-Fluminense-174x98.png 174w, https:\/\/rioonwatch.org.br\/wp-content\/uploads\/2021\/01\/Pessoas-negras-assassinadas-pelo-Estado.-Fonte-Mapa-das-Desigualdades-Casa-Fluminense.png 1366w\" sizes=\"(max-width: 620px) 100vw, 620px\" \/><\/a><\/p>\n<p><span style=\"font-weight: 400;\">Ela destaca o papel da Casa como uma esp\u00e9cie de mediadora. Atrav\u00e9s de <\/span><a href=\"https:\/\/bit.ly\/3ebHem2\" target=\"_blank\" rel=\"noopener\"><span style=\"font-weight: 400;\">orienta\u00e7\u00f5es<\/span><\/a><span style=\"font-weight: 400;\">, <\/span><a href=\"https:\/\/bit.ly\/3ebW24i\" target=\"_blank\" rel=\"noopener\"><span style=\"font-weight: 400;\">cursos<\/span><\/a><span style=\"font-weight: 400;\">, <\/span><a href=\"https:\/\/bit.ly\/3wL9bbb\" target=\"_blank\" rel=\"noopener\"><span style=\"font-weight: 400;\">mapas<\/span><\/a><span style=\"font-weight: 400;\">, <\/span><a href=\"https:\/\/bit.ly\/3k9Usnc\" target=\"_blank\" rel=\"noopener\"><span style=\"font-weight: 400;\">pain\u00e9is<\/span><\/a><span style=\"font-weight: 400;\"> e <\/span><a href=\"https:\/\/bit.ly\/3rdpSe8\" target=\"_blank\" rel=\"noopener\"><span style=\"font-weight: 400;\">f\u00f3runs<\/span><\/a><span style=\"font-weight: 400;\">, a organiza\u00e7\u00e3o disponibiliza informa\u00e7\u00f5es que ajudam a popula\u00e7\u00e3o a tra\u00e7ar suas pr\u00f3prias <\/span><a href=\"https:\/\/bit.ly\/3k9Usnc\" target=\"_blank\" rel=\"noopener\"><span style=\"font-weight: 400;\">propostas de melhorias para a cidade<\/span><\/a><span style=\"font-weight: 400;\">, encurtando a dist\u00e2ncia entre o que \u00e9 planejado pelo poder p\u00fablico e o que \u00e9 mais urgente para a popula\u00e7\u00e3o.<\/span><\/p>\n<blockquote><p><span style=\"font-weight: 400;\">\u201cPrecisamos construir redes que nos levem do morador at\u00e9 o prefeito, o governador ou o presidente porque ningu\u00e9m consegue fazer nada sozinho. \u00c9 por isso que a Casa Fluminense se preocupa tanto com essa constru\u00e7\u00e3o de redes e com o fomento desses atores locais. Para que eles possam trabalhar em cima das desigualdades que eles identificam.\u201d \u2014 Claudia Cruz<\/span><\/p><\/blockquote>\n<h3><b>Aonde Ainda \u00c9 Preciso Chegar?<\/b><\/h3>\n<p><span style=\"font-weight: 400;\">A Casa Fluminense tem cerca de 70 parceiros. S\u00e3o organiza\u00e7\u00f5es e coletivos comprometidos com justi\u00e7a social, empenhados em garantir equidade e atuantes no combate ao racismo. Ainda assim, mesmo com tanto trabalho sendo realizado, o Rio de Janeiro segue em profunda desigualdade, <\/span><a href=\"https:\/\/bit.ly\/2VWGvyS\" target=\"_blank\" rel=\"noopener\"><span style=\"font-weight: 400;\">agravada pela pandemia<\/span><\/a><span style=\"font-weight: 400;\">.\u00a0<\/span><\/p>\n<p><span style=\"font-weight: 400;\"><a href=\"https:\/\/rioonwatch.org.br\/wp-content\/uploads\/2021\/08\/Oficina-do-Projeto-Juventude-Popular-na-Universidade-da-Casa-Fluminense.-Foto-de-Casa-Fluminense-Divulgacao--scaled.jpg\"><img loading=\"lazy\" decoding=\"async\" class=\"wp-image-57642 size-content alignright\" title=\"Oficina do Projeto Juventude Popular na Universidade da Casa Fluminense. Foto de Casa Fluminense Divulga\u00e7\u00e3o\u00a0\" src=\"https:\/\/rioonwatch.org.br\/wp-content\/uploads\/2021\/08\/Oficina-do-Projeto-Juventude-Popular-na-Universidade-da-Casa-Fluminense.-Foto-de-Casa-Fluminense-Divulgacao--620x264.jpg\" alt=\"Oficina do Projeto Juventude Popular na Universidade da Casa Fluminense. Foto de Casa Fluminense Divulga\u00e7\u00e3o\u00a0\" width=\"620\" height=\"264\" srcset=\"https:\/\/rioonwatch.org.br\/wp-content\/uploads\/2021\/08\/Oficina-do-Projeto-Juventude-Popular-na-Universidade-da-Casa-Fluminense.-Foto-de-Casa-Fluminense-Divulgacao--620x264.jpg 620w, https:\/\/rioonwatch.org.br\/wp-content\/uploads\/2021\/08\/Oficina-do-Projeto-Juventude-Popular-na-Universidade-da-Casa-Fluminense.-Foto-de-Casa-Fluminense-Divulgacao--940x400.jpg 940w\" sizes=\"(max-width: 620px) 100vw, 620px\" \/><\/a><\/span><\/p>\n<p><span style=\"font-weight: 400;\">Essas entidades foram respons\u00e1veis por <\/span><a href=\"https:\/\/bit.ly\/3wCHTUf\"><span style=\"font-weight: 400;\">promover cuidados b\u00e1sicos<\/span><\/a><span style=\"font-weight: 400;\">, levar informa\u00e7\u00f5es sobre <\/span><a href=\"https:\/\/bit.ly\/3ATrqy5\"><span style=\"font-weight: 400;\">preven\u00e7\u00e3o ao coronav\u00edrus<\/span><\/a><span style=\"font-weight: 400;\"> e arrecadar <\/span><a href=\"https:\/\/bit.ly\/2WslitN\"><span style=\"font-weight: 400;\">alimentos para quem perdeu renda por conta da pandemia<\/span><\/a><span style=\"font-weight: 400;\">, em mais um epis\u00f3dio de abandono da popula\u00e7\u00e3o negra e pobre. <\/span><\/p>\n<p><span style=\"font-weight: 400;\">Dados do <\/span><a href=\"https:\/\/bit.ly\/3i01I2A\" target=\"_blank\" rel=\"noopener\"><span style=\"font-weight: 400;\">N\u00facleo de Opera\u00e7\u00f5es e Intelig\u00eancia em Sa\u00fade<\/span><\/a><span style=\"font-weight: 400;\">, da <\/span><a href=\"http:\/\/bit.ly\/2kb6iAY\" target=\"_blank\" rel=\"noopener\"><span style=\"font-weight: 400;\">PUC-Rio<\/span><\/a><span style=\"font-weight: 400;\">, divulgados em julho de 2020, mostram que <\/span><span style=\"font-weight: 400;\">pretos e pardos morreram mais do que brancos por causa do coronav\u00edrus no Brasil: &#8220;<\/span><a href=\"https:\/\/bit.ly\/3ChyWUl\" target=\"_blank\" rel=\"noopener\">quase 55% dos pretos e pardos faleceram enquanto que, entre os brancos, esse valor ficou em 38%<\/a>&#8220;. <span style=\"font-weight: 400;\">At\u00e9 o per\u00edodo analisado, a porcentagem foi maior entre pessoas negras do que entre brancas em todas as faixas et\u00e1rias e tamb\u00e9m comparando todos os n\u00edveis de escolaridade. No Rio de Janeiro, se tornou emblem\u00e1tico que <\/span><span style=\"font-weight: 400;\">a primeira v\u00edtima fatal da doen\u00e7a <\/span><a href=\"https:\/\/bit.ly\/3eC9FIy\" target=\"_blank\" rel=\"noopener\"><span style=\"font-weight: 400;\">tenha sido uma empregada dom\u00e9stica<\/span><\/a><span style=\"font-weight: 400;\">.\u00a0<\/span><\/p>\n<p><span style=\"font-weight: 400;\">Cl\u00e1udia ressalta que os levantamentos feitos pela Casa Fluminense chegam ao Legislativo e ao Executivo. Mas \u00e9 preciso sensibilizar mais as pessoas para olharem para as causas da vulnerabilidade. <\/span><span style=\"font-weight: 400;\">\u201cO que a Casa tem procurado fazer \u00e9 estimular os seus parceiros nos territ\u00f3rios a fazerem a\u00e7\u00f5es de incid\u00eancia, a participarem dos conselhos gestores, das unidades de sa\u00fade, dos equipamentos de cultura, participarem dos conselhos das prefeituras e levarem para esses conselhos as propostas que t\u00eam a ver com as suas comunidades e, de alguma forma, tocam a quest\u00e3o racial\u201d.<\/span><\/p>\n<h3><b>Pelo Amor ou pela Dor<\/b><\/h3>\n<p><span style=\"font-weight: 400;\">O <a href=\"https:\/\/bit.ly\/PUF1Ano\" target=\"_blank\" rel=\"noopener\">levantamento de dados \u00e9 fundamental<\/a> para a amostragem de evid\u00eancias do racismo estrutural. E contribui para a responsabiliza\u00e7\u00e3o do Estado nesse cen\u00e1rio. Tamb\u00e9m \u00e9 importante para compreender a dimens\u00e3o da <\/span><a href=\"https:\/\/bit.ly\/3x3zaKJ\" target=\"_blank\" rel=\"noopener\"><span style=\"font-weight: 400;\">subrepresenta\u00e7\u00e3o do negro<\/span><\/a><span style=\"font-weight: 400;\"> em diferentes setores da nossa sociedade.\u00a0<\/span><\/p>\n<p><span style=\"font-weight: 400;\">Nas \u00faltimas <\/span><span style=\"font-weight: 400;\">elei\u00e7\u00f5es gerais, em 2018, <\/span><a href=\"https:\/\/bit.ly\/36udkFJ\" target=\"_blank\" rel=\"noopener\"><span style=\"font-weight: 400;\">menos de um quarto dos deputados federais se declararam negros<\/span><\/a><span style=\"font-weight: 400;\">. Nos <\/span><span style=\"font-weight: 400;\">cargos de lideran\u00e7a das 500 maiores empresas do pa\u00eds, <\/span><a href=\"https:\/\/bit.ly\/2VzmMoL\" target=\"_blank\" rel=\"noopener\"><span style=\"font-weight: 400;\">apenas 4,7% eram ocupadas por negros<\/span><\/a><span style=\"font-weight: 400;\">, segundo pesquisa do <\/span><a href=\"https:\/\/bit.ly\/3txRTgj\" target=\"_blank\" rel=\"noopener\"><span style=\"font-weight: 400;\">Instituto Ethos<\/span><\/a><span style=\"font-weight: 400;\"> de 2020. Segundo o <a href=\"http:\/\/bit.ly\/2F3kfbq\" target=\"_blank\" rel=\"noopener\">IBGE<\/a>, cerca de <\/span><a href=\"https:\/\/glo.bo\/3BZ6hCj\" target=\"_blank\" rel=\"noopener\"><span style=\"font-weight: 400;\">55% do Brasil \u00e9 negro<\/span><\/a><span style=\"font-weight: 400;\"> e, mesmo sendo maioria da popula\u00e7\u00e3o brasileira, essas pessoas s\u00e3o sistematicamente exclu\u00eddas de diversas posi\u00e7\u00f5es de tomada de decis\u00e3o nos setores p\u00fablico e privado.\u00a0<\/span><\/p>\n<p><span style=\"font-weight: 400;\">Visando promover a inclus\u00e3o no setor corporativo, dentro de grandes empresas, o<\/span><span style=\"font-weight: 400;\">\u00a0<\/span><a href=\"https:\/\/bit.ly\/2VrXUPO\" target=\"_blank\" rel=\"noopener\"><span style=\"font-weight: 400;\">Instituto Identidades do Brasil<\/span><\/a><span style=\"font-weight: 400;\"> promove planos voltados a organiza\u00e7\u00f5es que precisam evoluir nessa dire\u00e7\u00e3o.<\/span><span style=\"font-weight: 400;\"> Tendo como lema \u201c<\/span><a href=\"https:\/\/bit.ly\/3yNYSV2\" target=\"_blank\" rel=\"noopener\"><i><span style=\"font-weight: 400;\">Sim \u00e0 Igualdade Racial<\/span><\/i><\/a><i><span style=\"font-weight: 400;\">\u201d,<\/span><\/i> <span style=\"font-weight: 400;\">a institui\u00e7\u00e3o sem fins lucrativos, criada pela empres\u00e1ria, jornalista e ativista Luana G\u00e9not, tornou-se refer\u00eancia.<\/span><\/p>\n<p><span style=\"font-weight: 400;\">O <\/span><span style=\"font-weight: 400;\">diretor administrativo e financeiro do grupo, Tom Mendes, afirma que muitas empresas t\u00eam chegado \u00e0 escolha pela diversidade, tanto por sensibiliza\u00e7\u00e3o, quanto por press\u00e3o do mercado. Ele ressalta que i<\/span><span style=\"font-weight: 400;\">nternacionalmente h\u00e1 uma press\u00e3o para que investidores no Brasil olhem para as pautas sociais, de sustentabilidade e para a pauta racial.\u00a0<\/span><\/p>\n<blockquote><p><span style=\"font-weight: 400;\">\u201c<\/span><span style=\"font-weight: 400;\">N\u00f3s criamos uma jornada de aprendizado nessas empresas, de treinamento, sensibiliza\u00e7\u00f5es, governan\u00e7a\u2026 e atrav\u00e9s disso constru\u00edmos um plano de a\u00e7\u00e3o para que essa empresa fa\u00e7a na pr\u00e1tica a\u00e7\u00f5es relevantes pela igualdade racial no Brasil.<\/span> <span style=\"font-weight: 400;\">Seja contrata\u00e7\u00e3o ou conscientiza\u00e7\u00e3o para ter mais pessoas negras e ind\u00edgenas nos cargos de lideran\u00e7a.\u201d \u2014 Tom Mendes<\/span><\/p><\/blockquote>\n<p><span style=\"font-weight: 400;\">Mas para que esse movimento chegue \u00e0 base, nas favelas e periferias, e cause impacto em quem mais precisa, falta muito. Tom lembra que boa parte do <\/span><span style=\"font-weight: 400;\">empreendedorismo no Brasil <\/span><a href=\"https:\/\/glo.bo\/3z3Rx3M\" target=\"_blank\" rel=\"noopener\"><span style=\"font-weight: 400;\">\u00e9 protagonizado pelos negros<\/span><\/a><span style=\"font-weight: 400;\">. No entanto, esse empreender se d\u00e1 por <\/span><a href=\"https:\/\/bit.ly\/3CeoXz4\" target=\"_blank\" rel=\"noopener\"><span style=\"font-weight: 400;\">necessidade<\/span><\/a><span style=\"font-weight: 400;\"> e n\u00e3o devido ao interesse e \u00e0 aplica\u00e7\u00e3o de recursos por parte de quem domina os processos ou para que essas pessoas ascendam socialmente. <\/span>\u201cHoje as empresas t\u00eam condi\u00e7\u00f5es sim de ajudar localmente, mas \u00e9 muito irris\u00f3rio. Fica s\u00f3 nessa quest\u00e3o assistencialista. \u2018Eu vou ajudar porque isso conforta o cora\u00e7\u00e3o\u2019. Mas a gente sabe que se quiser fazer de verdade coloca cultura nesses espa\u00e7os, leva educa\u00e7\u00e3o\u201d, fecha Tom Mendes. <b>\u00a0<\/b><\/p>\n<h3><b>Afinal, um Mundo Antirracista \u00c9 Poss\u00edvel?\u00a0<\/b><\/h3>\n<p><span style=\"font-weight: 400;\">Para quem \u00e9 diretamente impactado por esse sistema de opress\u00e3o n\u00e3o h\u00e1 outra alternativa sen\u00e3o acreditar que \u00e9 poss\u00edvel. Mas \u00e9 preciso compromisso e participa\u00e7\u00e3o para cobrar proporcionalidade e possibilidade de mobiliza\u00e7\u00e3o social ou a mesma espiral de marginaliza\u00e7\u00e3o de corpos pretos vai seguir praticamente intacta ano ap\u00f3s ano, no presente, no passado e no futuro.<\/span><\/p>\n<p>\u201cO Instituto Ethos lan\u00e7ou um <a href=\"https:\/\/bit.ly\/3imDXD9\" target=\"_blank\" rel=\"noopener\">estudo mostrando que precisar\u00edamos de 150 anos<\/a> para igualar os profissionais negros e brancos no mercado de trabalho em cargos de lideran\u00e7a e a gente n\u00e3o quer esperar isso. A gente tem pressa\u201d, afirma Tom Mendes.<\/p>\n<p><span style=\"font-weight: 400;\">Claudia defende o controle social democr\u00e1tico como a maior ferramenta garantida pela <a href=\"https:\/\/bit.ly\/34k8fxI\" target=\"_blank\" rel=\"noopener\">Constitui\u00e7\u00e3o de 1988<\/a>, que nos permite, enquanto cidad\u00e3os, exercer nossos direitos e cobrar as mudan\u00e7as daqueles que s\u00e3o respons\u00e1veis pela execu\u00e7\u00e3o das pol\u00edticas p\u00fablicas.<\/span><\/p>\n<p>&#8220;\u00c9 ocupar esses espa\u00e7os, dar opini\u00f5es, apontar dados. Qualquer tipo de informa\u00e7\u00e3o que possa embasar argumentos para que essas pessoas n\u00e3o sejam atropeladas pelo processo\u201d, aponta P\u00e2mela, que <span style=\"font-weight: 400;\">destaca a <a href=\"https:\/\/bit.ly\/3eKE9K6\" target=\"_blank\" rel=\"noopener\">quest\u00e3o da branquitude<\/a><\/span><span style=\"font-weight: 400;\">\u00a0e do envolvimento das pessoas brancas na luta antirracista, refor\u00e7ando a press\u00e3o sobre o poder p\u00fablico por medidas efetivas de m\u00e9dio e longo prazo.<\/span><\/p>\n<blockquote><p><span style=\"font-weight: 400;\">&#8220;O racismo n\u00e3o foi inventado pelas pessoas pretas. A gente precisa que as pessoas brancas se engajem realmente no combate ao racismo porque quando chega o m\u00eas de novembro fica muito pesado para pessoas pretas. Parece que essas quest\u00f5es s\u00f3 aparecem nesse per\u00edodo do ano e que somos apenas n\u00f3s que temos que nos responsabilizar por essa discuss\u00e3o.&#8221; \u2014 P\u00e2mela Carvalho<\/span><\/p><\/blockquote>\n<p><a href=\"https:\/\/rioonwatch.org.br\/wp-content\/uploads\/2021\/08\/Equipe-da-Casa-Preta-no-caminho-para-uma-sociedade-antirracista.-Foto-por-Matheus-Affonso.jpg\"><img loading=\"lazy\" decoding=\"async\" class=\"wp-image-57644 aligncenter\" title=\"Equipe da Casa Preta no caminho para uma sociedade antirracista. Foto por Matheus Affonso\" src=\"https:\/\/rioonwatch.org.br\/wp-content\/uploads\/2021\/08\/Equipe-da-Casa-Preta-no-caminho-para-uma-sociedade-antirracista.-Foto-por-Matheus-Affonso.jpg\" alt=\"Equipe da Casa Preta no caminho para uma sociedade antirracista. Foto por Matheus Affonso\" width=\"1030\" height=\"686\" srcset=\"https:\/\/rioonwatch.org.br\/wp-content\/uploads\/2021\/08\/Equipe-da-Casa-Preta-no-caminho-para-uma-sociedade-antirracista.-Foto-por-Matheus-Affonso.jpg 2048w, https:\/\/rioonwatch.org.br\/wp-content\/uploads\/2021\/08\/Equipe-da-Casa-Preta-no-caminho-para-uma-sociedade-antirracista.-Foto-por-Matheus-Affonso-620x413.jpg 620w, https:\/\/rioonwatch.org.br\/wp-content\/uploads\/2021\/08\/Equipe-da-Casa-Preta-no-caminho-para-uma-sociedade-antirracista.-Foto-por-Matheus-Affonso-1024x683.jpg 1024w, https:\/\/rioonwatch.org.br\/wp-content\/uploads\/2021\/08\/Equipe-da-Casa-Preta-no-caminho-para-uma-sociedade-antirracista.-Foto-por-Matheus-Affonso-396x264.jpg 396w, https:\/\/rioonwatch.org.br\/wp-content\/uploads\/2021\/08\/Equipe-da-Casa-Preta-no-caminho-para-uma-sociedade-antirracista.-Foto-por-Matheus-Affonso-768x512.jpg 768w, https:\/\/rioonwatch.org.br\/wp-content\/uploads\/2021\/08\/Equipe-da-Casa-Preta-no-caminho-para-uma-sociedade-antirracista.-Foto-por-Matheus-Affonso-1536x1024.jpg 1536w\" sizes=\"(max-width: 1030px) 100vw, 1030px\" \/><\/a><\/p>\n<p><span style=\"font-weight: 400;\">O <\/span><a href=\"https:\/\/glo.bo\/3ycX7Rz\" target=\"_blank\" rel=\"noopener\"><span style=\"font-weight: 400;\">or\u00edk\u00ec<\/span><\/a><span style=\"font-weight: 400;\"> (sauda\u00e7\u00e3o, texto de louva\u00e7\u00e3o) de Exu citado no t\u00edtulo desta mat\u00e9ria lembra que a luta por direitos igualit\u00e1rios vem de longe. <\/span><span style=\"font-weight: 400;\">Pretos e pardos seguem consertando injusti\u00e7as do passado, ao mesmo tempo em que tentam sobreviver com dignidade no presente. O antirracismo precisa ser um projeto pol\u00edtico, luta pautada pelo movimento negro, constru\u00edda atrav\u00e9s do di\u00e1logo com aliados e que visa promover uma revis\u00e3o radical da divis\u00e3o social. O antirracismo \u00e9 urgente para que vidas negras realmente importem, para que <a href=\"http:\/\/bit.ly\/2PALm3Q\" target=\"_blank\" rel=\"noopener\">deixemos de ser mortos como pol\u00edtica p\u00fablica<\/a>.<\/span><\/p>\n<p><em>Sobre a autora: <span style=\"font-weight: 400;\"><a href=\"https:\/\/bit.ly\/2WWeAQl\" target=\"_blank\" rel=\"noopener\">Kelly Ribeiro<\/a> \u00e9 jornalista, radialista e produtora formada pela Universidade Veiga de Almeida. Moradora da <a href=\"https:\/\/bit.ly\/3cQ7UpS\" target=\"_blank\" rel=\"noopener\">Vila Vint\u00e9m<\/a>, \u00e9 jornalista na R\u00e1dio Rel\u00f3gio 580 AM e jornalista freelancer, com trabalhos publicados no site Reverb, na Revista 451 (Folha de S\u00e3o Paulo) e atualmente colaborando com o portal UOL \/ SPLASH.<\/span><\/em><\/p>\n<p><em>Sobre a artista: <a href=\"https:\/\/bit.ly\/2WNDxgC\" target=\"_blank\" rel=\"noopener\">Guilhermina Augusti<\/a> \u00e9 artista pl\u00e1stica, estudante de filosofia e audiovisual. Moradora do <a href=\"https:\/\/bit.ly\/3epn48K\" target=\"_blank\" rel=\"noopener\">Fallet<\/a>&#8211;<a href=\"http:\/\/bit.ly\/1vySfhI\" target=\"_blank\" rel=\"noopener\">Fogueteiro<\/a>, trabalha com design. Ela tem como processo de pesquisa, cria\u00e7\u00e3o, execu\u00e7\u00e3o e registro problem\u00e1ticas que envolvem: cidade, corpo, natureza e cosmologia, traduzidos em diferentes tipos de m\u00eddias.<\/em><\/p>\n<p><em>Esta mat\u00e9ria faz parte da\u00a0<a href=\"https:\/\/bit.ly\/SerieAntirracista\" rel=\"noopener\">s\u00e9rie do projeto antirracista do RioOnWatch<\/a>.<i data-stringify-type=\"italic\">\u00a0<\/i><\/em><em>Conhe\u00e7a o nosso projeto que trouxe conte\u00fados midi\u00e1ticos semanais ao longo de 2021:\u00a0<i><a href=\"http:\/\/bit.ly\/EnraizandoIntro\" rel=\"noopener\">Enraizando o Antirracismo nas Favelas<\/a>.<\/i><\/em><\/p>\n<h4><b data-stringify-type=\"bold\">Compartilhe com a gente a sua opini\u00e3o sobre essa mat\u00e9ria\u00a0<\/b><b data-stringify-type=\"bold\"><a class=\"c-link\" href=\"https:\/\/bit.ly\/OpineAntirracismo\" target=\"_blank\" rel=\"noopener noreferrer\" data-stringify-link=\"https:\/\/docs.google.com\/forms\/d\/e\/1FAIpQLSc6PJwxQ0eapYlfSfsr8fyibg8ODzXKpGhJjXe2-8Bbxrtp1g\/viewform\" data-sk=\"tooltip_parent\">clicando aqui<\/a>.<\/b><\/h4>\n<hr \/>\n<div class=\"entry clearfix\">\n<h4><b data-stringify-type=\"bold\">Apoie nossos esfor\u00e7os para fornecer apoio estrat\u00e9gico \u00e0s favelas do Rio, incluindo o jornalismo hiperlocal, cr\u00edtico, inovador e incans\u00e1vel do\u00a0<\/b><b data-stringify-type=\"bold\"><i data-stringify-type=\"italic\">RioOnWatch<\/i><\/b>\u2014<b data-stringify-type=\"bold\"><a class=\"c-link\" href=\"http:\/\/www.bit.ly\/ApoieROW\" target=\"_blank\" rel=\"noopener noreferrer\" data-stringify-link=\"http:\/\/www.bit.ly\/ApoieROW\" data-sk=\"tooltip_parent\">doe aqui<\/a><\/b><b data-stringify-type=\"bold\">.<\/b><\/h4>\n<\/div>\n<!-- AddThis Advanced Settings generic via filter on the_content --><!-- AddThis Share Buttons generic via filter on the_content -->","protected":false},"excerpt":{"rendered":"<div class=\"mh-excerpt\"><p>Click Here for English Esta mat\u00e9ria faz parte da\u00a0s\u00e9rie do projeto antirracista do RioOnWatch.\u00a0Conhe\u00e7a o nosso projeto que trouxe conte\u00fados midi\u00e1ticos semanais ao longo de 2021:\u00a0Enraizando o Antirracismo nas Favelas. Ou\u00e7a o podcast desta mat\u00e9ria <a class=\"mh-excerpt-more\" href=\"https:\/\/rioonwatch.org.br\/?p=57586\" title=\"&#8216;Exu Matou um P\u00e1ssaro Ontem, com uma Pedra que S\u00f3 Jogou Hoje&#8217;: Um Mundo Antirracista \u00c9 Poss\u00edvel? [PODCAST]\">[&#8230;]<\/a><!-- AddThis Advanced Settings generic via filter on get_the_excerpt --><!-- AddThis Share Buttons generic via filter on get_the_excerpt --><\/p>\n<\/div>","protected":false},"author":167,"featured_media":58040,"comment_status":"closed","ping_status":"closed","sticky":false,"template":"template-full.php","format":"standard","meta":{"_acf_changed":false,"_monsterinsights_skip_tracking":false,"_monsterinsights_sitenote_active":false,"_monsterinsights_sitenote_note":"","_monsterinsights_sitenote_category":0,"footnotes":""},"categories":[1621,2985,1625,1388,1612,342],"tags":[386,329,328,3253,334,309,2980,1541,1597,332,1226,2748,81,513,2214,413,333,316,1372,841,2344,330,109,469,1304,1403,797,1970,2953,1830,2451,1545,567,1107,125,2289,2974,578,1311,52,218],"writer":[3083],"translator":[],"source":[],"ilustrador":[],"fotografo":[],"class_list":{"0":"post-57586","1":"post","2":"type-post","3":"status-publish","4":"format-standard","5":"has-post-thumbnail","7":"category-destaque","8":"category-podcast","9":"category-por-correspondentes-comunitarios","10":"category-formas-de-apoiar","11":"category-sociedade-civil","12":"category-solucoes","13":"tag-estigma","14":"tag-africa","15":"tag-angola","16":"tag-antirracismo","17":"tag-arte","18":"tag-ativismo","19":"tag-branquitude","20":"tag-candomble","21":"tag-casa-fluminense","22":"tag-complexo-da-mare","23":"tag-constituicao","24":"tag-coronavirus","25":"tag-cultura","26":"tag-cultura-afro-brasileira","27":"tag-dados","28":"tag-desigualdade","29":"tag-diaspora","30":"tag-educacao","31":"tag-grande-rio","32":"tag-historia-oral","33":"tag-ibge","34":"tag-imigracao","35":"tag-intolerancia-religiosa","36":"tag-memoria","37":"tag-organizacao-criativa","38":"tag-movimento-negro","39":"tag-movimentos-sociais","40":"tag-negritude","41":"tag-nigeria","42":"tag-nos-por-nos","43":"tag-politicas-publicas","44":"tag-puc","45":"tag-quilombo","46":"tag-redes-da-mare","47":"tag-religiao","48":"tag-serie","49":"tag-serie-antirracismo","50":"tag-trabalho-e-renda","51":"tag-vila-do-pinheiro","52":"tag-violencia-policial","53":"tag-zona-norte","54":"writer-kelly-ribeiro"},"acf":[],"yoast_head":"<!-- This site is optimized with the Yoast SEO plugin v25.6 - https:\/\/yoast.com\/wordpress\/plugins\/seo\/ -->\n<title>&#039;Exu Matou um P\u00e1ssaro Ontem, com uma Pedra que S\u00f3 Jogou Hoje&#039;: Um Mundo Antirracista \u00c9 Poss\u00edvel? [PODCAST] - RioOnWatch<\/title>\n<meta name=\"robots\" content=\"index, follow, max-snippet:-1, max-image-preview:large, max-video-preview:-1\" \/>\n<link rel=\"canonical\" href=\"https:\/\/rioonwatch.org.br\/?p=57586\" \/>\n<meta property=\"og:locale\" content=\"pt_BR\" \/>\n<meta property=\"og:type\" content=\"article\" \/>\n<meta property=\"og:title\" content=\"&#039;Exu Matou um P\u00e1ssaro Ontem, com uma Pedra que S\u00f3 Jogou Hoje&#039;: Um Mundo Antirracista \u00c9 Poss\u00edvel? [PODCAST] - RioOnWatch\" \/>\n<meta property=\"og:description\" content=\"Click Here for English Esta mat\u00e9ria faz parte da\u00a0s\u00e9rie do projeto antirracista do RioOnWatch.\u00a0Conhe\u00e7a o nosso projeto que trouxe conte\u00fados midi\u00e1ticos semanais ao longo de 2021:\u00a0Enraizando o Antirracismo nas Favelas. Ou\u00e7a o podcast desta mat\u00e9ria [...]\" \/>\n<meta property=\"og:url\" content=\"https:\/\/rioonwatch.org.br\/?p=57586\" \/>\n<meta property=\"og:site_name\" content=\"RioOnWatch\" \/>\n<meta property=\"article:published_time\" content=\"2021-09-10T13:45:59+00:00\" \/>\n<meta property=\"article:modified_time\" content=\"2024-06-20T16:45:48+00:00\" \/>\n<meta property=\"og:image\" content=\"https:\/\/rioonwatch.org.br\/wp-content\/uploads\/2021\/08\/Arte-original-por-Guilhermina-Augusti-1-scaled.jpg\" \/>\n\t<meta property=\"og:image:width\" content=\"2560\" \/>\n\t<meta property=\"og:image:height\" content=\"1048\" \/>\n\t<meta property=\"og:image:type\" content=\"image\/jpeg\" \/>\n<meta name=\"author\" content=\"Julio Santos Filho\" \/>\n<meta name=\"twitter:card\" content=\"summary_large_image\" \/>\n<meta name=\"twitter:label1\" content=\"Escrito por\" \/>\n\t<meta name=\"twitter:data1\" content=\"Julio Santos Filho\" \/>\n\t<meta name=\"twitter:label2\" content=\"Est. tempo de leitura\" \/>\n\t<meta name=\"twitter:data2\" content=\"15 minutos\" \/>\n<script type=\"application\/ld+json\" class=\"yoast-schema-graph\">{\"@context\":\"https:\/\/schema.org\",\"@graph\":[{\"@type\":\"Article\",\"@id\":\"https:\/\/rioonwatch.org.br\/?p=57586#article\",\"isPartOf\":{\"@id\":\"https:\/\/rioonwatch.org.br\/?p=57586\"},\"author\":{\"name\":\"Julio Santos Filho\",\"@id\":\"https:\/\/rioonwatch.org.br\/#\/schema\/person\/476bc75767957d3535b65b796667cd36\"},\"headline\":\"&#8216;Exu Matou um P\u00e1ssaro Ontem, com uma Pedra que S\u00f3 Jogou Hoje&#8217;: Um Mundo Antirracista \u00c9 Poss\u00edvel? [PODCAST]\",\"datePublished\":\"2021-09-10T13:45:59+00:00\",\"dateModified\":\"2024-06-20T16:45:48+00:00\",\"mainEntityOfPage\":{\"@id\":\"https:\/\/rioonwatch.org.br\/?p=57586\"},\"wordCount\":2987,\"publisher\":{\"@id\":\"https:\/\/rioonwatch.org.br\/#organization\"},\"image\":{\"@id\":\"https:\/\/rioonwatch.org.br\/?p=57586#primaryimage\"},\"thumbnailUrl\":\"https:\/\/rioonwatch.org.br\/wp-content\/uploads\/2021\/08\/Arte-original-por-Guilhermina-Augusti-1-scaled.jpg\",\"keywords\":[\"#StopFavelaStigma\",\"\u00c1frica\",\"Angola\",\"Antirracismo\",\"arte\",\"ativismo\",\"branquitude\",\"Candombl\u00e9\",\"Casa Fluminense\",\"Complexo da Mar\u00e9\",\"constitui\u00e7\u00e3o\",\"coronav\u00edrus\",\"cultura\",\"Cultura Afro-brasileira\",\"dados\",\"desigualdade\",\"Di\u00e1spora Africana\",\"educa\u00e7\u00e3o\",\"Grande Rio\",\"hist\u00f3ria oral\",\"IBGE\",\"imigra\u00e7\u00e3o\",\"intoler\u00e2ncia religiosa\",\"Mem\u00f3rias Faveladas\",\"mobiliza\u00e7\u00e3o criativa\",\"Movimento negro\",\"movimentos sociais\",\"negritude\",\"Nig\u00e9ria\",\"N\u00f3s por N\u00f3s\",\"pol\u00edticas p\u00fablicas\",\"PUC\",\"Quilombo\",\"Redes da Mar\u00e9\",\"religi\u00e3o\",\"S\u00e9rie\",\"S\u00e9rie: Antirracismo\",\"Trabalho e renda\",\"Vila do Pinheiro\",\"viol\u00eancia policial\",\"Zona Norte\"],\"articleSection\":[\"*Destaque\",\"Epis\u00f3dios de Podcast\",\"Escrito por Comunicadores Populares\",\"Formas de Apoiar\",\"Sociedade Civil\",\"Solu\u00e7\u00f5es\"],\"inLanguage\":\"pt-BR\"},{\"@type\":\"WebPage\",\"@id\":\"https:\/\/rioonwatch.org.br\/?p=57586\",\"url\":\"https:\/\/rioonwatch.org.br\/?p=57586\",\"name\":\"'Exu Matou um P\u00e1ssaro Ontem, com uma Pedra que S\u00f3 Jogou Hoje': Um Mundo Antirracista \u00c9 Poss\u00edvel? [PODCAST] - RioOnWatch\",\"isPartOf\":{\"@id\":\"https:\/\/rioonwatch.org.br\/#website\"},\"primaryImageOfPage\":{\"@id\":\"https:\/\/rioonwatch.org.br\/?p=57586#primaryimage\"},\"image\":{\"@id\":\"https:\/\/rioonwatch.org.br\/?p=57586#primaryimage\"},\"thumbnailUrl\":\"https:\/\/rioonwatch.org.br\/wp-content\/uploads\/2021\/08\/Arte-original-por-Guilhermina-Augusti-1-scaled.jpg\",\"datePublished\":\"2021-09-10T13:45:59+00:00\",\"dateModified\":\"2024-06-20T16:45:48+00:00\",\"breadcrumb\":{\"@id\":\"https:\/\/rioonwatch.org.br\/?p=57586#breadcrumb\"},\"inLanguage\":\"pt-BR\",\"potentialAction\":[{\"@type\":\"ReadAction\",\"target\":[\"https:\/\/rioonwatch.org.br\/?p=57586\"]}]},{\"@type\":\"ImageObject\",\"inLanguage\":\"pt-BR\",\"@id\":\"https:\/\/rioonwatch.org.br\/?p=57586#primaryimage\",\"url\":\"https:\/\/rioonwatch.org.br\/wp-content\/uploads\/2021\/08\/Arte-original-por-Guilhermina-Augusti-1-scaled.jpg\",\"contentUrl\":\"https:\/\/rioonwatch.org.br\/wp-content\/uploads\/2021\/08\/Arte-original-por-Guilhermina-Augusti-1-scaled.jpg\",\"width\":2560,\"height\":1048,\"caption\":\"Arte original por Guilhermina Augusti\"},{\"@type\":\"BreadcrumbList\",\"@id\":\"https:\/\/rioonwatch.org.br\/?p=57586#breadcrumb\",\"itemListElement\":[{\"@type\":\"ListItem\",\"position\":1,\"name\":\"In\u00edcio\",\"item\":\"https:\/\/rioonwatch.org.br\/\"},{\"@type\":\"ListItem\",\"position\":2,\"name\":\"&#8216;Exu Matou um P\u00e1ssaro Ontem, com uma Pedra que S\u00f3 Jogou Hoje&#8217;: Um Mundo Antirracista \u00c9 Poss\u00edvel? [PODCAST]\"}]},{\"@type\":\"WebSite\",\"@id\":\"https:\/\/rioonwatch.org.br\/#website\",\"url\":\"https:\/\/rioonwatch.org.br\/\",\"name\":\"RioOnWatch\",\"description\":\"relatos das favelas cariocas\",\"publisher\":{\"@id\":\"https:\/\/rioonwatch.org.br\/#organization\"},\"potentialAction\":[{\"@type\":\"SearchAction\",\"target\":{\"@type\":\"EntryPoint\",\"urlTemplate\":\"https:\/\/rioonwatch.org.br\/?s={search_term_string}\"},\"query-input\":{\"@type\":\"PropertyValueSpecification\",\"valueRequired\":true,\"valueName\":\"search_term_string\"}}],\"inLanguage\":\"pt-BR\"},{\"@type\":\"Organization\",\"@id\":\"https:\/\/rioonwatch.org.br\/#organization\",\"name\":\"RioOnWatch\",\"url\":\"https:\/\/rioonwatch.org.br\/\",\"logo\":{\"@type\":\"ImageObject\",\"inLanguage\":\"pt-BR\",\"@id\":\"https:\/\/rioonwatch.org.br\/#\/schema\/logo\/image\/\",\"url\":\"https:\/\/rioonwatch.org.br\/wp-content\/uploads\/2021\/06\/RioOnWatchcabecalhoPT11anos-2.png\",\"contentUrl\":\"https:\/\/rioonwatch.org.br\/wp-content\/uploads\/2021\/06\/RioOnWatchcabecalhoPT11anos-2.png\",\"width\":779,\"height\":277,\"caption\":\"RioOnWatch\"},\"image\":{\"@id\":\"https:\/\/rioonwatch.org.br\/#\/schema\/logo\/image\/\"}},{\"@type\":\"Person\",\"@id\":\"https:\/\/rioonwatch.org.br\/#\/schema\/person\/476bc75767957d3535b65b796667cd36\",\"name\":\"Julio Santos Filho\",\"image\":{\"@type\":\"ImageObject\",\"inLanguage\":\"pt-BR\",\"@id\":\"https:\/\/rioonwatch.org.br\/#\/schema\/person\/image\/\",\"url\":\"https:\/\/secure.gravatar.com\/avatar\/ca138f7666182a292a8ce4ca14fb81f8?s=96&d=blank&r=g\",\"contentUrl\":\"https:\/\/secure.gravatar.com\/avatar\/ca138f7666182a292a8ce4ca14fb81f8?s=96&d=blank&r=g\",\"caption\":\"Julio Santos Filho\"},\"url\":\"https:\/\/rioonwatch.org.br\/?author=167\"}]}<\/script>\n<!-- \/ Yoast SEO plugin. -->","yoast_head_json":{"title":"'Exu Matou um P\u00e1ssaro Ontem, com uma Pedra que S\u00f3 Jogou Hoje': Um Mundo Antirracista \u00c9 Poss\u00edvel? [PODCAST] - RioOnWatch","robots":{"index":"index","follow":"follow","max-snippet":"max-snippet:-1","max-image-preview":"max-image-preview:large","max-video-preview":"max-video-preview:-1"},"canonical":"https:\/\/rioonwatch.org.br\/?p=57586","og_locale":"pt_BR","og_type":"article","og_title":"'Exu Matou um P\u00e1ssaro Ontem, com uma Pedra que S\u00f3 Jogou Hoje': Um Mundo Antirracista \u00c9 Poss\u00edvel? [PODCAST] - RioOnWatch","og_description":"Click Here for English Esta mat\u00e9ria faz parte da\u00a0s\u00e9rie do projeto antirracista do RioOnWatch.\u00a0Conhe\u00e7a o nosso projeto que trouxe conte\u00fados midi\u00e1ticos semanais ao longo de 2021:\u00a0Enraizando o Antirracismo nas Favelas. Ou\u00e7a o podcast desta mat\u00e9ria [...]","og_url":"https:\/\/rioonwatch.org.br\/?p=57586","og_site_name":"RioOnWatch","article_published_time":"2021-09-10T13:45:59+00:00","article_modified_time":"2024-06-20T16:45:48+00:00","og_image":[{"width":2560,"height":1048,"url":"https:\/\/rioonwatch.org.br\/wp-content\/uploads\/2021\/08\/Arte-original-por-Guilhermina-Augusti-1-scaled.jpg","type":"image\/jpeg"}],"author":"Julio Santos Filho","twitter_card":"summary_large_image","twitter_misc":{"Escrito por":"Julio Santos Filho","Est. tempo de leitura":"15 minutos"},"schema":{"@context":"https:\/\/schema.org","@graph":[{"@type":"Article","@id":"https:\/\/rioonwatch.org.br\/?p=57586#article","isPartOf":{"@id":"https:\/\/rioonwatch.org.br\/?p=57586"},"author":{"name":"Julio Santos Filho","@id":"https:\/\/rioonwatch.org.br\/#\/schema\/person\/476bc75767957d3535b65b796667cd36"},"headline":"&#8216;Exu Matou um P\u00e1ssaro Ontem, com uma Pedra que S\u00f3 Jogou Hoje&#8217;: Um Mundo Antirracista \u00c9 Poss\u00edvel? [PODCAST]","datePublished":"2021-09-10T13:45:59+00:00","dateModified":"2024-06-20T16:45:48+00:00","mainEntityOfPage":{"@id":"https:\/\/rioonwatch.org.br\/?p=57586"},"wordCount":2987,"publisher":{"@id":"https:\/\/rioonwatch.org.br\/#organization"},"image":{"@id":"https:\/\/rioonwatch.org.br\/?p=57586#primaryimage"},"thumbnailUrl":"https:\/\/rioonwatch.org.br\/wp-content\/uploads\/2021\/08\/Arte-original-por-Guilhermina-Augusti-1-scaled.jpg","keywords":["#StopFavelaStigma","\u00c1frica","Angola","Antirracismo","arte","ativismo","branquitude","Candombl\u00e9","Casa Fluminense","Complexo da Mar\u00e9","constitui\u00e7\u00e3o","coronav\u00edrus","cultura","Cultura Afro-brasileira","dados","desigualdade","Di\u00e1spora Africana","educa\u00e7\u00e3o","Grande Rio","hist\u00f3ria oral","IBGE","imigra\u00e7\u00e3o","intoler\u00e2ncia religiosa","Mem\u00f3rias Faveladas","mobiliza\u00e7\u00e3o criativa","Movimento negro","movimentos sociais","negritude","Nig\u00e9ria","N\u00f3s por N\u00f3s","pol\u00edticas p\u00fablicas","PUC","Quilombo","Redes da Mar\u00e9","religi\u00e3o","S\u00e9rie","S\u00e9rie: Antirracismo","Trabalho e renda","Vila do Pinheiro","viol\u00eancia policial","Zona Norte"],"articleSection":["*Destaque","Epis\u00f3dios de Podcast","Escrito por Comunicadores Populares","Formas de Apoiar","Sociedade Civil","Solu\u00e7\u00f5es"],"inLanguage":"pt-BR"},{"@type":"WebPage","@id":"https:\/\/rioonwatch.org.br\/?p=57586","url":"https:\/\/rioonwatch.org.br\/?p=57586","name":"'Exu Matou um P\u00e1ssaro Ontem, com uma Pedra que S\u00f3 Jogou Hoje': Um Mundo Antirracista \u00c9 Poss\u00edvel? [PODCAST] - RioOnWatch","isPartOf":{"@id":"https:\/\/rioonwatch.org.br\/#website"},"primaryImageOfPage":{"@id":"https:\/\/rioonwatch.org.br\/?p=57586#primaryimage"},"image":{"@id":"https:\/\/rioonwatch.org.br\/?p=57586#primaryimage"},"thumbnailUrl":"https:\/\/rioonwatch.org.br\/wp-content\/uploads\/2021\/08\/Arte-original-por-Guilhermina-Augusti-1-scaled.jpg","datePublished":"2021-09-10T13:45:59+00:00","dateModified":"2024-06-20T16:45:48+00:00","breadcrumb":{"@id":"https:\/\/rioonwatch.org.br\/?p=57586#breadcrumb"},"inLanguage":"pt-BR","potentialAction":[{"@type":"ReadAction","target":["https:\/\/rioonwatch.org.br\/?p=57586"]}]},{"@type":"ImageObject","inLanguage":"pt-BR","@id":"https:\/\/rioonwatch.org.br\/?p=57586#primaryimage","url":"https:\/\/rioonwatch.org.br\/wp-content\/uploads\/2021\/08\/Arte-original-por-Guilhermina-Augusti-1-scaled.jpg","contentUrl":"https:\/\/rioonwatch.org.br\/wp-content\/uploads\/2021\/08\/Arte-original-por-Guilhermina-Augusti-1-scaled.jpg","width":2560,"height":1048,"caption":"Arte original por Guilhermina Augusti"},{"@type":"BreadcrumbList","@id":"https:\/\/rioonwatch.org.br\/?p=57586#breadcrumb","itemListElement":[{"@type":"ListItem","position":1,"name":"In\u00edcio","item":"https:\/\/rioonwatch.org.br\/"},{"@type":"ListItem","position":2,"name":"&#8216;Exu Matou um P\u00e1ssaro Ontem, com uma Pedra que S\u00f3 Jogou Hoje&#8217;: Um Mundo Antirracista \u00c9 Poss\u00edvel? [PODCAST]"}]},{"@type":"WebSite","@id":"https:\/\/rioonwatch.org.br\/#website","url":"https:\/\/rioonwatch.org.br\/","name":"RioOnWatch","description":"relatos das favelas cariocas","publisher":{"@id":"https:\/\/rioonwatch.org.br\/#organization"},"potentialAction":[{"@type":"SearchAction","target":{"@type":"EntryPoint","urlTemplate":"https:\/\/rioonwatch.org.br\/?s={search_term_string}"},"query-input":{"@type":"PropertyValueSpecification","valueRequired":true,"valueName":"search_term_string"}}],"inLanguage":"pt-BR"},{"@type":"Organization","@id":"https:\/\/rioonwatch.org.br\/#organization","name":"RioOnWatch","url":"https:\/\/rioonwatch.org.br\/","logo":{"@type":"ImageObject","inLanguage":"pt-BR","@id":"https:\/\/rioonwatch.org.br\/#\/schema\/logo\/image\/","url":"https:\/\/rioonwatch.org.br\/wp-content\/uploads\/2021\/06\/RioOnWatchcabecalhoPT11anos-2.png","contentUrl":"https:\/\/rioonwatch.org.br\/wp-content\/uploads\/2021\/06\/RioOnWatchcabecalhoPT11anos-2.png","width":779,"height":277,"caption":"RioOnWatch"},"image":{"@id":"https:\/\/rioonwatch.org.br\/#\/schema\/logo\/image\/"}},{"@type":"Person","@id":"https:\/\/rioonwatch.org.br\/#\/schema\/person\/476bc75767957d3535b65b796667cd36","name":"Julio Santos Filho","image":{"@type":"ImageObject","inLanguage":"pt-BR","@id":"https:\/\/rioonwatch.org.br\/#\/schema\/person\/image\/","url":"https:\/\/secure.gravatar.com\/avatar\/ca138f7666182a292a8ce4ca14fb81f8?s=96&d=blank&r=g","contentUrl":"https:\/\/secure.gravatar.com\/avatar\/ca138f7666182a292a8ce4ca14fb81f8?s=96&d=blank&r=g","caption":"Julio Santos Filho"},"url":"https:\/\/rioonwatch.org.br\/?author=167"}]}},"_links":{"self":[{"href":"https:\/\/rioonwatch.org.br\/index.php?rest_route=\/wp\/v2\/posts\/57586"}],"collection":[{"href":"https:\/\/rioonwatch.org.br\/index.php?rest_route=\/wp\/v2\/posts"}],"about":[{"href":"https:\/\/rioonwatch.org.br\/index.php?rest_route=\/wp\/v2\/types\/post"}],"author":[{"embeddable":true,"href":"https:\/\/rioonwatch.org.br\/index.php?rest_route=\/wp\/v2\/users\/167"}],"replies":[{"embeddable":true,"href":"https:\/\/rioonwatch.org.br\/index.php?rest_route=%2Fwp%2Fv2%2Fcomments&post=57586"}],"version-history":[{"count":36,"href":"https:\/\/rioonwatch.org.br\/index.php?rest_route=\/wp\/v2\/posts\/57586\/revisions"}],"predecessor-version":[{"id":58257,"href":"https:\/\/rioonwatch.org.br\/index.php?rest_route=\/wp\/v2\/posts\/57586\/revisions\/58257"}],"wp:featuredmedia":[{"embeddable":true,"href":"https:\/\/rioonwatch.org.br\/index.php?rest_route=\/wp\/v2\/media\/58040"}],"wp:attachment":[{"href":"https:\/\/rioonwatch.org.br\/index.php?rest_route=%2Fwp%2Fv2%2Fmedia&parent=57586"}],"wp:term":[{"taxonomy":"category","embeddable":true,"href":"https:\/\/rioonwatch.org.br\/index.php?rest_route=%2Fwp%2Fv2%2Fcategories&post=57586"},{"taxonomy":"post_tag","embeddable":true,"href":"https:\/\/rioonwatch.org.br\/index.php?rest_route=%2Fwp%2Fv2%2Ftags&post=57586"},{"taxonomy":"writer","embeddable":true,"href":"https:\/\/rioonwatch.org.br\/index.php?rest_route=%2Fwp%2Fv2%2Fwriter&post=57586"},{"taxonomy":"translator","embeddable":true,"href":"https:\/\/rioonwatch.org.br\/index.php?rest_route=%2Fwp%2Fv2%2Ftranslator&post=57586"},{"taxonomy":"source","embeddable":true,"href":"https:\/\/rioonwatch.org.br\/index.php?rest_route=%2Fwp%2Fv2%2Fsource&post=57586"},{"taxonomy":"ilustrador","embeddable":true,"href":"https:\/\/rioonwatch.org.br\/index.php?rest_route=%2Fwp%2Fv2%2Filustrador&post=57586"},{"taxonomy":"fotografo","embeddable":true,"href":"https:\/\/rioonwatch.org.br\/index.php?rest_route=%2Fwp%2Fv2%2Ffotografo&post=57586"}],"curies":[{"name":"wp","href":"https:\/\/api.w.org\/{rel}","templated":true}]}}