{"id":57669,"date":"2021-08-15T19:42:19","date_gmt":"2021-08-15T22:42:19","guid":{"rendered":"https:\/\/rioonwatch.org.br\/?p=57669"},"modified":"2021-09-08T10:15:27","modified_gmt":"2021-09-08T13:15:27","slug":"vi-julho-negro-realiza-debate-sobre-a-luta-contra-a-fome-e-a-valorizacao-da-vida-na-pandemia","status":"publish","type":"post","link":"https:\/\/rioonwatch.org.br\/?p=57669","title":{"rendered":"VI Julho Negro Realiza Debate sobre a Luta Contra a Fome e a Valoriza\u00e7\u00e3o da Vida na Pandemia"},"content":{"rendered":"<p style=\"text-align: right;\"><em><strong><a href=\"https:\/\/bit.ly\/3yTRln6\" target=\"_blank\" rel=\"noopener noreferrer\">Click Here for English<\/a><a href=\"https:\/\/bit.ly\/3yTRln6\" target=\"_blank\" rel=\"noopener noreferrer\"><img decoding=\"async\" class=\"alignright wp-image-15790\" src=\"http:\/\/rioonwatch.org.br\/wp-content\/uploads\/2012\/08\/EN-standard-e1439583104716.jpg\" alt=\"\" width=\"20\" height=\"20\" \/><\/a><\/strong><\/em><\/p>\n<p><em>Esta \u00e9 a nossa mais recente mat\u00e9ria sobre\u00a0<a href=\"http:\/\/bit.ly\/Covid19NasFavelas\" target=\"_blank\" rel=\"noopener noreferrer\">o coronav\u00edrus e seus impactos sobre as favelas<\/a>, e parte da nossa\u00a0<a href=\"https:\/\/bit.ly\/JulhoNegro\" target=\"_blank\" rel=\"noopener noreferrer\">cobertura cont\u00ednua dos eventos do Julho Negro<\/a>.<\/em><\/p>\n<p><span style=\"font-weight: 400;\">No dia 30 de julho<\/span>, na <a href=\"https:\/\/bit.ly\/3hxyAh5\" target=\"_blank\" rel=\"noopener noreferrer\">6\u00aa edi\u00e7\u00e3o do Julho Negro<\/a>\u2014evento com base no Rio de Janeiro que se tornou um marco na organiza\u00e7\u00e3o internacionalista contra o racismo e as viol\u00eancias de Estado ao redor do mundo\u2014<span style=\"font-weight: 400;\">foi realizada a live \u201c<\/span><span style=\"font-weight: 400;\"><a href=\"https:\/\/bit.ly\/3yp9av6\" target=\"_blank\" rel=\"noopener\">A Pandemia N\u00e3o Acabou: Movimento de Familiares na Luta contra a Fome e a Favor da Vida<\/a>\u201d. <\/span><span style=\"font-weight: 400;\">O evento tinha como objetivo trocar experi\u00eancias entre as organiza\u00e7\u00f5es participantes e contar sobre quais foram suas a\u00e7\u00f5es <a href=\"https:\/\/bit.ly\/3f8q75N\" target=\"_blank\" rel=\"noopener\">no combate \u00e0 fome<\/a> e outros <a href=\"https:\/\/bit.ly\/2PqdkBt\" target=\"_blank\" rel=\"noopener\">aux\u00edlios a moradores<\/a> neste momento t\u00e3o delicado da pandemia da <a href=\"https:\/\/bit.ly\/2QZjDJI\" target=\"_blank\" rel=\"noopener\">Covid-19<\/a>.<\/span><\/p>\n<p><span style=\"font-weight: 400;\"><a href=\"https:\/\/rioonwatch.org.br\/wp-content\/uploads\/2021\/08\/Divulgacao-Live-6o-Julho-Negro.png\"><img fetchpriority=\"high\" decoding=\"async\" class=\"wp-image-57679 alignright\" src=\"https:\/\/rioonwatch.org.br\/wp-content\/uploads\/2021\/08\/Divulgacao-Live-6o-Julho-Negro.png\" alt=\"\" width=\"300\" height=\"300\" srcset=\"https:\/\/rioonwatch.org.br\/wp-content\/uploads\/2021\/08\/Divulgacao-Live-6o-Julho-Negro.png 661w, https:\/\/rioonwatch.org.br\/wp-content\/uploads\/2021\/08\/Divulgacao-Live-6o-Julho-Negro-620x620.png 620w, https:\/\/rioonwatch.org.br\/wp-content\/uploads\/2021\/08\/Divulgacao-Live-6o-Julho-Negro-264x264.png 264w\" sizes=\"(max-width: 300px) 100vw, 300px\" \/><\/a>A live contou com a presen\u00e7a da moderadora <\/span><span style=\"font-weight: 400;\">Patr\u00edcia de Oliveira, integrante da <a href=\"http:\/\/bit.ly\/2YFAmCR\" target=\"_blank\" rel=\"noopener\">Rede de Comunidades e Movimentos Contra a Viol\u00eancia<\/a>, e quatro palestrantes: N\u00edvia Raposo, que faz parte da <a href=\"http:\/\/bit.ly\/2KutsxD\" target=\"_blank\" rel=\"noopener\">Rede de M\u00e3es e Familiares da Baixada V\u00edtimas de Viol\u00eancia do Estado<\/a>, da <a href=\"http:\/\/bit.ly\/2EvQfpl\" target=\"_blank\" rel=\"noopener\">Iniciativa Direito \u00e0 Mem\u00f3ria e Justi\u00e7a Racial<\/a> e do <a href=\"https:\/\/bit.ly\/2TVJibb\" target=\"_blank\" rel=\"noopener\">Movimento Parem de nos Matar<\/a>; Luciano Noberto, tamb\u00e9m conhecido como Cuca, integrante da Rede de Comunidades e Movimentos contra a Viol\u00eancia; Fernanda Oliveira, da <a href=\"https:\/\/bit.ly\/3lwcSzj\" target=\"_blank\" rel=\"noopener\">Frente Estadual pelo Desencarceramento de Minas Gerais<\/a>; e Priscila Flores, do <a href=\"https:\/\/bit.ly\/3fxk3DL\" target=\"_blank\" rel=\"noopener\">Coletivo Familiares e Amigos de Presos e Presas do Amazonas<\/a>. Os participantes se apresentaram a cerca de 75 pessoas via YouTube.<\/span><\/p>\n<p><span style=\"font-weight: 400;\">Ap\u00f3s as apresenta\u00e7\u00f5es iniciais, N\u00edvia iniciou as falas contando sobre como a pandemia impactou no aumento do desemprego na <a href=\"http:\/\/bit.ly\/2XXECxy\" target=\"_blank\" rel=\"noopener\">Baixada Fluminense<\/a>. \u201cCome\u00e7ou um desespero, porque n\u00e3o era s\u00f3 o v\u00edrus. A fome tamb\u00e9m <a href=\"https:\/\/bit.ly\/3o7HBC1\" target=\"_blank\" rel=\"noopener\">estava batendo na porta<\/a>\u201d, disse ela. Ela afirma que foi dif\u00edcil conseguir doa\u00e7\u00f5es no in\u00edcio, mas que a Rede de Comunidades e Movimentos contra a Viol\u00eancia a ajudou e, assim, p\u00f4de come\u00e7ar a distribuir cestas b\u00e1sicas para as m\u00e3es. Com o tempo, tamb\u00e9m conseguiram doa\u00e7\u00f5es de cart\u00f5es alimenta\u00e7\u00e3o para as m\u00e3es. Na avalia\u00e7\u00e3o de N\u00edvea, as cestas n\u00e3o carregam apenas alimentos: \u201cQuando voc\u00ea chega com aquela cesta, n\u00e3o \u00e9 s\u00f3 a comida, \u00e9 levar dignidade para aquela fam\u00edlia. Ajudamos tamb\u00e9m com agasalhos, absorventes\u2026 Vemos a necessidade de cada um. N\u00e3o atendemos todos, mas atendemos a maioria&#8221;.<\/span><\/p>\n<p><a href=\"https:\/\/rioonwatch.org.br\/wp-content\/uploads\/2021\/08\/188268636_2649572665352128_6847253969312645127_n-e1628280052851.jpg\"><img decoding=\"async\" class=\"aligncenter wp-image-57785 size-content\" src=\"https:\/\/rioonwatch.org.br\/wp-content\/uploads\/2021\/08\/188268636_2649572665352128_6847253969312645127_n-e1628280052851-620x264.jpg\" alt=\"\" width=\"620\" height=\"264\" srcset=\"https:\/\/rioonwatch.org.br\/wp-content\/uploads\/2021\/08\/188268636_2649572665352128_6847253969312645127_n-e1628280052851-620x264.jpg 620w, https:\/\/rioonwatch.org.br\/wp-content\/uploads\/2021\/08\/188268636_2649572665352128_6847253969312645127_n-e1628280052851-940x400.jpg 940w\" sizes=\"(max-width: 620px) 100vw, 620px\" \/><\/a><\/p>\n<p><span style=\"font-weight: 400;\">Em seguida, Fernanda Oliveira, que atua na Frente Estadual pelo Desencarceramento em Minas Gerais, trouxe \u00e0 conversa o desafio de precisar escolher para quem doar os aux\u00edlios. \u201cQuanto mais fam\u00edlias vamos acessando, mais fam\u00edlias aparecem e isso faz com que tenhamos que estabelecer crit\u00e9rios, o que \u00e9 muito cruel e perverso. A gente fica estabelecendo crit\u00e9rios de quem est\u00e1 &#8216;com mais fome&#8217;, quem est\u00e1 passando mais fome dentre todos os que est\u00e3o nos procurando\u201d, disse. <\/span><\/p>\n<p><span style=\"font-weight: 400;\">Al\u00e9m das cestas b\u00e1sicas, a demanda por produtos de higiene pessoal <a href=\"https:\/\/bit.ly\/2Vw4buf\">para as pessoas em priva\u00e7\u00e3o de liberdade<\/a> tamb\u00e9m cresceu bastante com a chegada da pandemia, como explica Fernanda: &#8220;Historicamente, a gente sempre fez uma arrecada\u00e7\u00e3o destinada \u00e0s mulheres, mas a pandemia nos colocou a necessidade de arrecadar produtos de higiene pessoal tamb\u00e9m para os homens, porque as fam\u00edlias, empobrecidas com a pandemia, n\u00e3o tinham mais condi\u00e7\u00f5es de enviar esses kits&#8221;. <\/span>Durante o per\u00edodo pand\u00eamico a organiza\u00e7\u00e3o tem atendido, ainda, pessoas em situa\u00e7\u00e3o de rua com doa\u00e7\u00f5es de quentinhas, itens de higiene e agasalhos.<\/p>\n<p><img loading=\"lazy\" decoding=\"async\" class=\"aligncenter wp-image-57781 size-content\" title=\"Frente Estadual pelo Desencarceramento tamb\u00e9m arrecadou produtos de higiene pessoal para pessoas em priva\u00e7\u00e3o de liberdade\" src=\"https:\/\/rioonwatch.org.br\/wp-content\/uploads\/2021\/08\/121833265_2492872277688835_7974040088231504356_n-e1628279342688-620x264.jpg\" alt=\"\" width=\"620\" height=\"264\" srcset=\"https:\/\/rioonwatch.org.br\/wp-content\/uploads\/2021\/08\/121833265_2492872277688835_7974040088231504356_n-e1628279342688-620x264.jpg 620w, https:\/\/rioonwatch.org.br\/wp-content\/uploads\/2021\/08\/121833265_2492872277688835_7974040088231504356_n-e1628279342688-940x400.jpg 940w\" sizes=\"(max-width: 620px) 100vw, 620px\" \/><\/p>\n<p>Para as organiza\u00e7\u00f5es e movimentos que atuam no apoio \u00e0 pessoas em priva\u00e7\u00e3o de liberdade e seus familiares, <a href=\"http:\/\/bit.ly\/2x48dKG\">o preconceito \u00e9 mais um entrave<\/a> na arrecada\u00e7\u00e3o de doa\u00e7\u00f5es, como explica <span style=\"font-weight: 400;\">Priscila Flores, do Coletivo Familiares e Amigos de Presos e Presas do Amazonas: <\/span><span style=\"font-weight: 400;\">\u201cUma coisa muito triste \u00e9 ver como esses familiares s\u00e3o tratados. \u00c9 como se a puni\u00e7\u00e3o ultrapassasse os muros [dos pres\u00eddios]. Nosso movimento ter sido exclu\u00eddo das a\u00e7\u00f5es [de doa\u00e7\u00e3o de alimentos] mostra isso, e ainda est\u00e1 sendo [exclu\u00eddo]. Quando a gente lan\u00e7a uma campanha, conseguimos muito pouca ajuda\u201d. O n\u00famero reduzido de doa\u00e7\u00f5es exige que o coletivo tamb\u00e9m precise selecionar aqueles que receber\u00e3o a pouca ajuda que podem ofertar. Para Priscila, a pandemia agravou e, sobretudo, exp\u00f4s as dificuldades <a href=\"https:\/\/bit.ly\/3aX7fmv\">enfrentadas cotidianamente pelas pessoas mais pobres<\/a>: <\/span><span style=\"font-weight: 400;\">\u201cA pandemia jogou na cara de todas as pessoas uma realidade que a gente j\u00e1 sabia que existia, mas que as pessoas insistiam em baixar os olhos: <a href=\"https:\/\/bit.ly\/3f8q75N\" target=\"_blank\" rel=\"noopener\">o povo passa fome<\/a> e precisa de ajuda. Infelizmente, a gente s\u00f3 tem a gente para contar\u201d.<\/span><\/p>\n<p><span style=\"font-weight: 400;\">Na sequ\u00eancia, foi a vez de Cuca contar como a Rede de Comunidades e Movimentos Contra a Viol\u00eancia tem atuado durante a pandemia no Rio de Janeiro. O movimento foi<\/span><span style=\"font-weight: 400;\"> <a href=\"http:\/\/bit.ly\/CampanhasCovidFavelas\">um dos primeiros a distribuir cestas b\u00e1sicas<\/a>, mas enfrentou dificuldades que extrapolam os desafios da mobiliza\u00e7\u00e3o. <\/span><span style=\"font-weight: 400;\">\u201cNa <a href=\"http:\/\/bit.ly\/2rF8MuX\" target=\"_blank\" rel=\"noopener\">Cidade Deus<\/a>, est\u00e1vamos entregando as cestas e <a href=\"https:\/\/bit.ly\/3e3O6PW\" target=\"_blank\" rel=\"noopener\">entrou o caveir\u00e3o dando tiro<\/a> para todo lado. Ent\u00e3o, al\u00e9m de n\u00e3o ajudarem com alimento, produtos, ou rem\u00e9dio, ainda entram com caveir\u00e3o, <a href=\"https:\/\/bit.ly\/2Mcl7hj\" target=\"_blank\" rel=\"noopener\">botando a vida da gente em risco tamb\u00e9m<\/a>\u201d, disse ele. O epis\u00f3dio mencionado por Cuca aconteceu em maio do ano passado. O tiroteio que interrompeu a entrega de cestas b\u00e1sicas e deixou os volunt\u00e1rios no meio do fogo cruzado <a href=\"https:\/\/bit.ly\/2WYaG9v\">terminou com a morte de Jo\u00e3o Victor<\/a>, um jovem negro de 18 anos. Cuca lembra, ainda, que para a popula\u00e7\u00e3o mais pobre <a href=\"https:\/\/bit.ly\/3j94W3c\" target=\"_blank\" rel=\"noopener\">n\u00e3o \u00e9 f\u00e1cil permanecer em casa<\/a> durante a pandemia: <\/span><span style=\"font-weight: 400;\">\u201c\u00c9 muito dif\u00edcil porque dizemos: fique em casa, mas a pessoa abre a geladeira e n\u00e3o tem nada para comer\u201d.<\/span><\/p>\n<p><img loading=\"lazy\" decoding=\"async\" class=\"aligncenter wp-image-57777 size-medium\" title=\"Cestas b\u00e1sicas doadas pela Rede de Comunidades e Movimentos contra a Viol\u00eancia. Foto: Arquivo \" src=\"https:\/\/rioonwatch.org.br\/wp-content\/uploads\/2021\/08\/104315383_3983469915028911_5924532477630095061_n-e1628278397676-620x360.jpg\" alt=\"\" width=\"620\" height=\"360\" srcset=\"https:\/\/rioonwatch.org.br\/wp-content\/uploads\/2021\/08\/104315383_3983469915028911_5924532477630095061_n-e1628278397676-620x360.jpg 620w, https:\/\/rioonwatch.org.br\/wp-content\/uploads\/2021\/08\/104315383_3983469915028911_5924532477630095061_n-e1628278397676-1024x594.jpg 1024w, https:\/\/rioonwatch.org.br\/wp-content\/uploads\/2021\/08\/104315383_3983469915028911_5924532477630095061_n-e1628278397676-455x264.jpg 455w, https:\/\/rioonwatch.org.br\/wp-content\/uploads\/2021\/08\/104315383_3983469915028911_5924532477630095061_n-e1628278397676-768x445.jpg 768w, https:\/\/rioonwatch.org.br\/wp-content\/uploads\/2021\/08\/104315383_3983469915028911_5924532477630095061_n-e1628278397676.jpg 1200w\" sizes=\"(max-width: 620px) 100vw, 620px\" \/><\/p>\n<p><span style=\"font-weight: 400;\">A import\u00e2ncia de <a href=\"http:\/\/www.favela.info\/\" target=\"_blank\" rel=\"noopener\">lembrar as vidas perdidas para a Covid-19<\/a> e a indiferen\u00e7a de governantes frente ao crescimento de casos e \u00f3bitos tamb\u00e9m foi tema da conversa. \u201cTodos faz\u00edamos a campanha do fique em casa, enquanto o governo n\u00e3o ligava. <a href=\"https:\/\/bit.ly\/3rWyyFS\">O governador fez festa<\/a>, aglomerou, <a href=\"https:\/\/glo.bo\/3rZ936P\">o prefeito [do Rio] fez roda de samba<\/a>\u2026 Ent\u00e3o, v\u00e1rias autoridades aglomeraram e n\u00e3o deram aquele exemplo que deveriam. A economia prevalece mais do que a vida\u201d, avaliou Patr\u00edcia, que participa\u00a0da Rede de Comunidades e Movimentos Contra a Viol\u00eancia.\u00a0\u00a0<\/span><\/p>\n<p><span style=\"font-weight: 400;\">Depois desta primeira troca, os palestrantes responderam perguntas enviadas pelo p\u00fablico, inclusive sobre como ajudar com doa\u00e7\u00f5es. A indica\u00e7\u00e3o foi seguir os movimentos nas redes sociais, que s\u00e3o frequentemente atualizadas e trazem todas informa\u00e7\u00f5es sobre as campanhas que est\u00e3o ocorrendo. \u201cN\u00e3o podemos ficar amarrados no governo, nem no municipal e nem no estadual, muito menos no federal. Tem que ser <a href=\"https:\/\/bit.ly\/2VN4Ft6\" target=\"_blank\" rel=\"noopener\">n\u00f3s por n\u00f3s<\/a>, um movimento ajudando o outro, um estado ajudando o outro e at\u00e9 hoje estamos sobrevivendo&#8221;, disse Cuca. <\/span><span style=\"font-weight: 400;\">A express\u00e3o \u201c<a href=\"https:\/\/bit.ly\/3fgaIjl\" target=\"_blank\" rel=\"noopener\">n\u00f3s por n\u00f3s<\/a>\u201d foi a mais utilizada na noite para representar a falta de apoio externo \u00e0s organiza\u00e7\u00f5es e movimentos que t\u00eam atuado no apoio \u00e0s fam\u00edlias em situa\u00e7\u00e3o de vulnerabilidade. O encontro virtual foi finalizado com a certeza de que o suporte m\u00fatuo \u00e9 a \u00fanica solu\u00e7\u00e3o para o momento, pensamento visibilizado pela fala de Priscila, do Coletivo Familiares e Amigos de Presos e Presas do Amazonas:<\/span><\/p>\n<blockquote><p><span style=\"font-weight: 400;\">\u201cTemos que nos unir, arrega\u00e7ar as mangas e ajudar essas pessoas. Tratam o negro, o pobre como um ser invis\u00edvel. Para eles [autoridades], \u00e9 como se o favelado n\u00e3o existisse. Ainda bem que a gente tem a gente.\u201d \u2014 Priscila Flores<\/span><\/p><\/blockquote>\n<h3><strong>Assista \u00e0 Live \u201cA Pandemia N\u00e3o Acabou\u201d <a href=\"https:\/\/www.youtube.com\/watch?v=otLmfHgd8LY&amp;ab_channel=JulhoNegro\">Aqui<\/a>:\u00a0<\/strong><\/h3>\n<p><iframe title=\"YouTube video player\" src=\"https:\/\/www.youtube.com\/embed\/otLmfHgd8LY\" width=\"620\" height=\"349\" frameborder=\"0\" allowfullscreen=\"allowfullscreen\"><span data-mce-type=\"bookmark\" style=\"display: inline-block; width: 0px; overflow: hidden; line-height: 0;\" class=\"mce_SELRES_start\">\ufeff<\/span><\/iframe><\/p>\n<hr \/>\n<h4><b data-stringify-type=\"bold\">Apoie nossos esfor\u00e7os para fornecer apoio estrat\u00e9gico \u00e0s favelas do Rio, incluindo o jornalismo hiperlocal, cr\u00edtico, inovador e incans\u00e1vel do\u00a0<\/b><b data-stringify-type=\"bold\"><i data-stringify-type=\"italic\">RioOnWatch<\/i><\/b>\u2014<a class=\"c-link\" href=\"http:\/\/www.bit.ly\/ApoieROW\" target=\"_blank\" rel=\"noopener noreferrer\" data-stringify-link=\"http:\/\/www.bit.ly\/ApoieROW\" data-sk=\"tooltip_parent\">doe aqui<\/a>.<\/h4>\n<!-- AddThis Advanced Settings generic via filter on the_content --><!-- AddThis Share Buttons generic via filter on the_content -->","protected":false},"excerpt":{"rendered":"<div class=\"mh-excerpt\"><p>Click Here for English Esta \u00e9 a nossa mais recente mat\u00e9ria sobre\u00a0o coronav\u00edrus e seus impactos sobre as favelas, e parte da nossa\u00a0cobertura cont\u00ednua dos eventos do Julho Negro. No dia 30 de julho, na <a class=\"mh-excerpt-more\" href=\"https:\/\/rioonwatch.org.br\/?p=57669\" title=\"VI Julho Negro Realiza Debate sobre a Luta Contra a Fome e a Valoriza\u00e7\u00e3o da Vida na Pandemia\">[&#8230;]<\/a><!-- AddThis Advanced Settings generic via filter on get_the_excerpt --><!-- AddThis Share Buttons generic via filter on get_the_excerpt --><\/p>\n<\/div>","protected":false},"author":173,"featured_media":57680,"comment_status":"closed","ping_status":"closed","sticky":false,"template":"","format":"standard","meta":{"_acf_changed":false,"_monsterinsights_skip_tracking":false,"_monsterinsights_sitenote_active":false,"_monsterinsights_sitenote_note":"","_monsterinsights_sitenote_category":0,"footnotes":""},"categories":[2753,1388,1612,1638],"tags":[386,299,959,2379,554,2748,2230,1936,1151,1830,358,126,283,2754,380,920],"writer":[3034],"translator":[],"source":[],"ilustrador":[],"fotografo":[],"class_list":{"0":"post-57669","1":"post","2":"type-post","3":"status-publish","4":"format-standard","5":"has-post-thumbnail","7":"category-covid19nasfavelas","8":"category-formas-de-apoiar","9":"category-sociedade-civil","10":"category-video","11":"tag-estigma","12":"tag-alimentacao","13":"tag-baixada-fluminense","14":"tag-caveirao","15":"tag-cidade-de-deus","16":"tag-coronavirus","17":"tag-fome","18":"tag-julho-negro","19":"tag-organizacao","20":"tag-nos-por-nos","21":"tag-organizacao-comunitaria","22":"tag-preconceito","23":"tag-rede-contra-violencia","24":"tag-serie-covid-19-nas-favelas","25":"tag-solidariedade","26":"tag-violencia-de-estado","27":"writer-gabriela-buffon-vargas"},"acf":[],"yoast_head":"<!-- This site is optimized with the Yoast SEO plugin v25.6 - https:\/\/yoast.com\/wordpress\/plugins\/seo\/ -->\n<title>VI Julho Negro Realiza Debate sobre a Luta Contra a Fome e a Valoriza\u00e7\u00e3o da Vida na Pandemia - RioOnWatch<\/title>\n<meta name=\"robots\" content=\"index, follow, max-snippet:-1, max-image-preview:large, max-video-preview:-1\" \/>\n<link rel=\"canonical\" href=\"https:\/\/rioonwatch.org.br\/?p=57669\" \/>\n<meta property=\"og:locale\" content=\"pt_BR\" \/>\n<meta property=\"og:type\" content=\"article\" \/>\n<meta property=\"og:title\" content=\"VI Julho Negro Realiza Debate sobre a Luta Contra a Fome e a Valoriza\u00e7\u00e3o da Vida na Pandemia - RioOnWatch\" \/>\n<meta property=\"og:description\" content=\"Click Here for English Esta \u00e9 a nossa mais recente mat\u00e9ria sobre\u00a0o coronav\u00edrus e seus impactos sobre as favelas, e parte da nossa\u00a0cobertura cont\u00ednua dos eventos do Julho Negro. No dia 30 de julho, na [...]\" \/>\n<meta property=\"og:url\" content=\"https:\/\/rioonwatch.org.br\/?p=57669\" \/>\n<meta property=\"og:site_name\" content=\"RioOnWatch\" \/>\n<meta property=\"article:published_time\" content=\"2021-08-15T22:42:19+00:00\" \/>\n<meta property=\"article:modified_time\" content=\"2021-09-08T13:15:27+00:00\" \/>\n<meta property=\"og:image\" content=\"https:\/\/rioonwatch.org.br\/wp-content\/uploads\/2021\/08\/Palestrantes-Live-6o-Julho-Negro.png\" \/>\n\t<meta property=\"og:image:width\" content=\"1600\" \/>\n\t<meta property=\"og:image:height\" content=\"897\" \/>\n\t<meta property=\"og:image:type\" content=\"image\/png\" \/>\n<meta name=\"author\" content=\"Jaqueline Suarez\" \/>\n<meta name=\"twitter:card\" content=\"summary_large_image\" \/>\n<meta name=\"twitter:label1\" content=\"Escrito por\" \/>\n\t<meta name=\"twitter:data1\" content=\"Jaqueline Suarez\" \/>\n\t<meta name=\"twitter:label2\" content=\"Est. tempo de leitura\" \/>\n\t<meta name=\"twitter:data2\" content=\"7 minutos\" \/>\n<script type=\"application\/ld+json\" class=\"yoast-schema-graph\">{\"@context\":\"https:\/\/schema.org\",\"@graph\":[{\"@type\":\"Article\",\"@id\":\"https:\/\/rioonwatch.org.br\/?p=57669#article\",\"isPartOf\":{\"@id\":\"https:\/\/rioonwatch.org.br\/?p=57669\"},\"author\":{\"name\":\"Jaqueline Suarez\",\"@id\":\"https:\/\/rioonwatch.org.br\/#\/schema\/person\/27a3e25cbd933699e83d02c984584792\"},\"headline\":\"VI Julho Negro Realiza Debate sobre a Luta Contra a Fome e a Valoriza\u00e7\u00e3o da Vida na Pandemia\",\"datePublished\":\"2021-08-15T22:42:19+00:00\",\"dateModified\":\"2021-09-08T13:15:27+00:00\",\"mainEntityOfPage\":{\"@id\":\"https:\/\/rioonwatch.org.br\/?p=57669\"},\"wordCount\":1319,\"publisher\":{\"@id\":\"https:\/\/rioonwatch.org.br\/#organization\"},\"image\":{\"@id\":\"https:\/\/rioonwatch.org.br\/?p=57669#primaryimage\"},\"thumbnailUrl\":\"https:\/\/rioonwatch.org.br\/wp-content\/uploads\/2021\/08\/Palestrantes-Live-6o-Julho-Negro.png\",\"keywords\":[\"#StopFavelaStigma\",\"alimenta\u00e7\u00e3o\",\"Baixada Fluminense\",\"caveir\u00e3o\",\"Cidade de Deus\",\"coronav\u00edrus\",\"Inseguran\u00e7a alimentar\",\"Julho Negro\",\"mobiliza\u00e7\u00e3o\",\"N\u00f3s por N\u00f3s\",\"organiza\u00e7\u00e3o comunit\u00e1ria\",\"preconceito\",\"Rede Contra Viol\u00eancia\",\"S\u00e9rie: Covid-19 Nas Favelas\",\"solidariedade\",\"viol\u00eancia de Estado\"],\"articleSection\":[\"#Covid19NasFavelas\",\"Formas de Apoiar\",\"Sociedade Civil\",\"V\u00eddeo\"],\"inLanguage\":\"pt-BR\"},{\"@type\":\"WebPage\",\"@id\":\"https:\/\/rioonwatch.org.br\/?p=57669\",\"url\":\"https:\/\/rioonwatch.org.br\/?p=57669\",\"name\":\"VI Julho Negro Realiza Debate sobre a Luta Contra a Fome e a Valoriza\u00e7\u00e3o da Vida na Pandemia - RioOnWatch\",\"isPartOf\":{\"@id\":\"https:\/\/rioonwatch.org.br\/#website\"},\"primaryImageOfPage\":{\"@id\":\"https:\/\/rioonwatch.org.br\/?p=57669#primaryimage\"},\"image\":{\"@id\":\"https:\/\/rioonwatch.org.br\/?p=57669#primaryimage\"},\"thumbnailUrl\":\"https:\/\/rioonwatch.org.br\/wp-content\/uploads\/2021\/08\/Palestrantes-Live-6o-Julho-Negro.png\",\"datePublished\":\"2021-08-15T22:42:19+00:00\",\"dateModified\":\"2021-09-08T13:15:27+00:00\",\"breadcrumb\":{\"@id\":\"https:\/\/rioonwatch.org.br\/?p=57669#breadcrumb\"},\"inLanguage\":\"pt-BR\",\"potentialAction\":[{\"@type\":\"ReadAction\",\"target\":[\"https:\/\/rioonwatch.org.br\/?p=57669\"]}]},{\"@type\":\"ImageObject\",\"inLanguage\":\"pt-BR\",\"@id\":\"https:\/\/rioonwatch.org.br\/?p=57669#primaryimage\",\"url\":\"https:\/\/rioonwatch.org.br\/wp-content\/uploads\/2021\/08\/Palestrantes-Live-6o-Julho-Negro.png\",\"contentUrl\":\"https:\/\/rioonwatch.org.br\/wp-content\/uploads\/2021\/08\/Palestrantes-Live-6o-Julho-Negro.png\",\"width\":1600,\"height\":897},{\"@type\":\"BreadcrumbList\",\"@id\":\"https:\/\/rioonwatch.org.br\/?p=57669#breadcrumb\",\"itemListElement\":[{\"@type\":\"ListItem\",\"position\":1,\"name\":\"In\u00edcio\",\"item\":\"https:\/\/rioonwatch.org.br\/\"},{\"@type\":\"ListItem\",\"position\":2,\"name\":\"VI Julho Negro Realiza Debate sobre a Luta Contra a Fome e a Valoriza\u00e7\u00e3o da Vida na Pandemia\"}]},{\"@type\":\"WebSite\",\"@id\":\"https:\/\/rioonwatch.org.br\/#website\",\"url\":\"https:\/\/rioonwatch.org.br\/\",\"name\":\"RioOnWatch\",\"description\":\"relatos das favelas cariocas\",\"publisher\":{\"@id\":\"https:\/\/rioonwatch.org.br\/#organization\"},\"potentialAction\":[{\"@type\":\"SearchAction\",\"target\":{\"@type\":\"EntryPoint\",\"urlTemplate\":\"https:\/\/rioonwatch.org.br\/?s={search_term_string}\"},\"query-input\":{\"@type\":\"PropertyValueSpecification\",\"valueRequired\":true,\"valueName\":\"search_term_string\"}}],\"inLanguage\":\"pt-BR\"},{\"@type\":\"Organization\",\"@id\":\"https:\/\/rioonwatch.org.br\/#organization\",\"name\":\"RioOnWatch\",\"url\":\"https:\/\/rioonwatch.org.br\/\",\"logo\":{\"@type\":\"ImageObject\",\"inLanguage\":\"pt-BR\",\"@id\":\"https:\/\/rioonwatch.org.br\/#\/schema\/logo\/image\/\",\"url\":\"https:\/\/rioonwatch.org.br\/wp-content\/uploads\/2021\/06\/RioOnWatchcabecalhoPT11anos-2.png\",\"contentUrl\":\"https:\/\/rioonwatch.org.br\/wp-content\/uploads\/2021\/06\/RioOnWatchcabecalhoPT11anos-2.png\",\"width\":779,\"height\":277,\"caption\":\"RioOnWatch\"},\"image\":{\"@id\":\"https:\/\/rioonwatch.org.br\/#\/schema\/logo\/image\/\"}},{\"@type\":\"Person\",\"@id\":\"https:\/\/rioonwatch.org.br\/#\/schema\/person\/27a3e25cbd933699e83d02c984584792\",\"name\":\"Jaqueline Suarez\",\"image\":{\"@type\":\"ImageObject\",\"inLanguage\":\"pt-BR\",\"@id\":\"https:\/\/rioonwatch.org.br\/#\/schema\/person\/image\/\",\"url\":\"https:\/\/secure.gravatar.com\/avatar\/7ea8c4643047d9478a10b734302473c0?s=96&d=blank&r=g\",\"contentUrl\":\"https:\/\/secure.gravatar.com\/avatar\/7ea8c4643047d9478a10b734302473c0?s=96&d=blank&r=g\",\"caption\":\"Jaqueline Suarez\"},\"url\":\"https:\/\/rioonwatch.org.br\/?author=173\"}]}<\/script>\n<!-- \/ Yoast SEO plugin. -->","yoast_head_json":{"title":"VI Julho Negro Realiza Debate sobre a Luta Contra a Fome e a Valoriza\u00e7\u00e3o da Vida na Pandemia - RioOnWatch","robots":{"index":"index","follow":"follow","max-snippet":"max-snippet:-1","max-image-preview":"max-image-preview:large","max-video-preview":"max-video-preview:-1"},"canonical":"https:\/\/rioonwatch.org.br\/?p=57669","og_locale":"pt_BR","og_type":"article","og_title":"VI Julho Negro Realiza Debate sobre a Luta Contra a Fome e a Valoriza\u00e7\u00e3o da Vida na Pandemia - RioOnWatch","og_description":"Click Here for English Esta \u00e9 a nossa mais recente mat\u00e9ria sobre\u00a0o coronav\u00edrus e seus impactos sobre as favelas, e parte da nossa\u00a0cobertura cont\u00ednua dos eventos do Julho Negro. No dia 30 de julho, na [...]","og_url":"https:\/\/rioonwatch.org.br\/?p=57669","og_site_name":"RioOnWatch","article_published_time":"2021-08-15T22:42:19+00:00","article_modified_time":"2021-09-08T13:15:27+00:00","og_image":[{"width":1600,"height":897,"url":"https:\/\/rioonwatch.org.br\/wp-content\/uploads\/2021\/08\/Palestrantes-Live-6o-Julho-Negro.png","type":"image\/png"}],"author":"Jaqueline Suarez","twitter_card":"summary_large_image","twitter_misc":{"Escrito por":"Jaqueline Suarez","Est. tempo de leitura":"7 minutos"},"schema":{"@context":"https:\/\/schema.org","@graph":[{"@type":"Article","@id":"https:\/\/rioonwatch.org.br\/?p=57669#article","isPartOf":{"@id":"https:\/\/rioonwatch.org.br\/?p=57669"},"author":{"name":"Jaqueline Suarez","@id":"https:\/\/rioonwatch.org.br\/#\/schema\/person\/27a3e25cbd933699e83d02c984584792"},"headline":"VI Julho Negro Realiza Debate sobre a Luta Contra a Fome e a Valoriza\u00e7\u00e3o da Vida na Pandemia","datePublished":"2021-08-15T22:42:19+00:00","dateModified":"2021-09-08T13:15:27+00:00","mainEntityOfPage":{"@id":"https:\/\/rioonwatch.org.br\/?p=57669"},"wordCount":1319,"publisher":{"@id":"https:\/\/rioonwatch.org.br\/#organization"},"image":{"@id":"https:\/\/rioonwatch.org.br\/?p=57669#primaryimage"},"thumbnailUrl":"https:\/\/rioonwatch.org.br\/wp-content\/uploads\/2021\/08\/Palestrantes-Live-6o-Julho-Negro.png","keywords":["#StopFavelaStigma","alimenta\u00e7\u00e3o","Baixada Fluminense","caveir\u00e3o","Cidade de Deus","coronav\u00edrus","Inseguran\u00e7a alimentar","Julho Negro","mobiliza\u00e7\u00e3o","N\u00f3s por N\u00f3s","organiza\u00e7\u00e3o comunit\u00e1ria","preconceito","Rede Contra Viol\u00eancia","S\u00e9rie: Covid-19 Nas Favelas","solidariedade","viol\u00eancia de Estado"],"articleSection":["#Covid19NasFavelas","Formas de Apoiar","Sociedade Civil","V\u00eddeo"],"inLanguage":"pt-BR"},{"@type":"WebPage","@id":"https:\/\/rioonwatch.org.br\/?p=57669","url":"https:\/\/rioonwatch.org.br\/?p=57669","name":"VI Julho Negro Realiza Debate sobre a Luta Contra a Fome e a Valoriza\u00e7\u00e3o da Vida na Pandemia - RioOnWatch","isPartOf":{"@id":"https:\/\/rioonwatch.org.br\/#website"},"primaryImageOfPage":{"@id":"https:\/\/rioonwatch.org.br\/?p=57669#primaryimage"},"image":{"@id":"https:\/\/rioonwatch.org.br\/?p=57669#primaryimage"},"thumbnailUrl":"https:\/\/rioonwatch.org.br\/wp-content\/uploads\/2021\/08\/Palestrantes-Live-6o-Julho-Negro.png","datePublished":"2021-08-15T22:42:19+00:00","dateModified":"2021-09-08T13:15:27+00:00","breadcrumb":{"@id":"https:\/\/rioonwatch.org.br\/?p=57669#breadcrumb"},"inLanguage":"pt-BR","potentialAction":[{"@type":"ReadAction","target":["https:\/\/rioonwatch.org.br\/?p=57669"]}]},{"@type":"ImageObject","inLanguage":"pt-BR","@id":"https:\/\/rioonwatch.org.br\/?p=57669#primaryimage","url":"https:\/\/rioonwatch.org.br\/wp-content\/uploads\/2021\/08\/Palestrantes-Live-6o-Julho-Negro.png","contentUrl":"https:\/\/rioonwatch.org.br\/wp-content\/uploads\/2021\/08\/Palestrantes-Live-6o-Julho-Negro.png","width":1600,"height":897},{"@type":"BreadcrumbList","@id":"https:\/\/rioonwatch.org.br\/?p=57669#breadcrumb","itemListElement":[{"@type":"ListItem","position":1,"name":"In\u00edcio","item":"https:\/\/rioonwatch.org.br\/"},{"@type":"ListItem","position":2,"name":"VI Julho Negro Realiza Debate sobre a Luta Contra a Fome e a Valoriza\u00e7\u00e3o da Vida na Pandemia"}]},{"@type":"WebSite","@id":"https:\/\/rioonwatch.org.br\/#website","url":"https:\/\/rioonwatch.org.br\/","name":"RioOnWatch","description":"relatos das favelas cariocas","publisher":{"@id":"https:\/\/rioonwatch.org.br\/#organization"},"potentialAction":[{"@type":"SearchAction","target":{"@type":"EntryPoint","urlTemplate":"https:\/\/rioonwatch.org.br\/?s={search_term_string}"},"query-input":{"@type":"PropertyValueSpecification","valueRequired":true,"valueName":"search_term_string"}}],"inLanguage":"pt-BR"},{"@type":"Organization","@id":"https:\/\/rioonwatch.org.br\/#organization","name":"RioOnWatch","url":"https:\/\/rioonwatch.org.br\/","logo":{"@type":"ImageObject","inLanguage":"pt-BR","@id":"https:\/\/rioonwatch.org.br\/#\/schema\/logo\/image\/","url":"https:\/\/rioonwatch.org.br\/wp-content\/uploads\/2021\/06\/RioOnWatchcabecalhoPT11anos-2.png","contentUrl":"https:\/\/rioonwatch.org.br\/wp-content\/uploads\/2021\/06\/RioOnWatchcabecalhoPT11anos-2.png","width":779,"height":277,"caption":"RioOnWatch"},"image":{"@id":"https:\/\/rioonwatch.org.br\/#\/schema\/logo\/image\/"}},{"@type":"Person","@id":"https:\/\/rioonwatch.org.br\/#\/schema\/person\/27a3e25cbd933699e83d02c984584792","name":"Jaqueline Suarez","image":{"@type":"ImageObject","inLanguage":"pt-BR","@id":"https:\/\/rioonwatch.org.br\/#\/schema\/person\/image\/","url":"https:\/\/secure.gravatar.com\/avatar\/7ea8c4643047d9478a10b734302473c0?s=96&d=blank&r=g","contentUrl":"https:\/\/secure.gravatar.com\/avatar\/7ea8c4643047d9478a10b734302473c0?s=96&d=blank&r=g","caption":"Jaqueline Suarez"},"url":"https:\/\/rioonwatch.org.br\/?author=173"}]}},"_links":{"self":[{"href":"https:\/\/rioonwatch.org.br\/index.php?rest_route=\/wp\/v2\/posts\/57669"}],"collection":[{"href":"https:\/\/rioonwatch.org.br\/index.php?rest_route=\/wp\/v2\/posts"}],"about":[{"href":"https:\/\/rioonwatch.org.br\/index.php?rest_route=\/wp\/v2\/types\/post"}],"author":[{"embeddable":true,"href":"https:\/\/rioonwatch.org.br\/index.php?rest_route=\/wp\/v2\/users\/173"}],"replies":[{"embeddable":true,"href":"https:\/\/rioonwatch.org.br\/index.php?rest_route=%2Fwp%2Fv2%2Fcomments&post=57669"}],"version-history":[{"count":37,"href":"https:\/\/rioonwatch.org.br\/index.php?rest_route=\/wp\/v2\/posts\/57669\/revisions"}],"predecessor-version":[{"id":58184,"href":"https:\/\/rioonwatch.org.br\/index.php?rest_route=\/wp\/v2\/posts\/57669\/revisions\/58184"}],"wp:featuredmedia":[{"embeddable":true,"href":"https:\/\/rioonwatch.org.br\/index.php?rest_route=\/wp\/v2\/media\/57680"}],"wp:attachment":[{"href":"https:\/\/rioonwatch.org.br\/index.php?rest_route=%2Fwp%2Fv2%2Fmedia&parent=57669"}],"wp:term":[{"taxonomy":"category","embeddable":true,"href":"https:\/\/rioonwatch.org.br\/index.php?rest_route=%2Fwp%2Fv2%2Fcategories&post=57669"},{"taxonomy":"post_tag","embeddable":true,"href":"https:\/\/rioonwatch.org.br\/index.php?rest_route=%2Fwp%2Fv2%2Ftags&post=57669"},{"taxonomy":"writer","embeddable":true,"href":"https:\/\/rioonwatch.org.br\/index.php?rest_route=%2Fwp%2Fv2%2Fwriter&post=57669"},{"taxonomy":"translator","embeddable":true,"href":"https:\/\/rioonwatch.org.br\/index.php?rest_route=%2Fwp%2Fv2%2Ftranslator&post=57669"},{"taxonomy":"source","embeddable":true,"href":"https:\/\/rioonwatch.org.br\/index.php?rest_route=%2Fwp%2Fv2%2Fsource&post=57669"},{"taxonomy":"ilustrador","embeddable":true,"href":"https:\/\/rioonwatch.org.br\/index.php?rest_route=%2Fwp%2Fv2%2Filustrador&post=57669"},{"taxonomy":"fotografo","embeddable":true,"href":"https:\/\/rioonwatch.org.br\/index.php?rest_route=%2Fwp%2Fv2%2Ffotografo&post=57669"}],"curies":[{"name":"wp","href":"https:\/\/api.w.org\/{rel}","templated":true}]}}