{"id":57701,"date":"2021-08-07T12:27:47","date_gmt":"2021-08-07T15:27:47","guid":{"rendered":"https:\/\/rioonwatch.org.br\/?p=57701"},"modified":"2024-07-10T09:32:58","modified_gmt":"2024-07-10T12:32:58","slug":"a-vitoriosa-presenca-negra-de-atletas-do-brasil-nas-olimpiadas-de-toquio-oquedizemasredes","status":"publish","type":"post","link":"https:\/\/rioonwatch.org.br\/?p=57701","title":{"rendered":"A Vitoriosa Presen\u00e7a Negra de Atletas do Brasil nas Olimp\u00edadas de T\u00f3quio #OQueDizemAsRedes"},"content":{"rendered":"<p style=\"text-align: right;\"><em><strong><a href=\"https:\/\/bit.ly\/3zetLmd\" target=\"_blank\" rel=\"noopener noreferrer\">Click Here for English<\/a><a href=\"https:\/\/bit.ly\/3zetLmd\" target=\"_blank\" rel=\"noopener noreferrer\"><img decoding=\"async\" class=\"alignright wp-image-15790\" src=\"http:\/\/rioonwatch.org.br\/wp-content\/uploads\/2012\/08\/EN-standard-e1439583104716.jpg\" alt=\"\" width=\"20\" height=\"20\" \/><\/a><\/strong><\/em><\/p>\n<p><em>Esta mat\u00e9ria faz parte da s\u00e9rie\u00a0<a href=\"http:\/\/bit.ly\/2mWUr7d\" target=\"_blank\" rel=\"noopener noreferrer\">#OQueDizemAsRedes<\/a> que traz pontos de vista publicados nas redes sociais, de moradores e ativistas de favela, sobre eventos e temas urgentes, e faz parte da <a href=\"http:\/\/bit.ly\/DesenraizandoRacismo\" target=\"_blank\" rel=\"noopener\">s\u00e9rie de mat\u00e9rias do projeto antirracista do RioOnWatch<\/a>. Conhe\u00e7a o nosso projeto que traz conte\u00fados midi\u00e1ticos semanais ao longo de 2021:\u00a0<i><a href=\"http:\/\/bit.ly\/EnraizandoIntro\" target=\"_blank\" rel=\"noopener\">Enraizando o Antirracismo nas Favelas<\/a>.<\/i><i>\u00a0P<\/i><i>ara contribuir com essa pauta,\u00a0<a href=\"https:\/\/bit.ly\/PautasAntirracismo\" target=\"_blank\" rel=\"noopener\">clique aqui<\/a>.<\/i><\/em><\/p>\n<p><span style=\"font-weight: 400;\">Quando um atleta negro do Brasil marca seu nome na hist\u00f3ria de qualquer edi\u00e7\u00e3o dos <a href=\"http:\/\/bit.ly\/2x1r6O2\" target=\"_blank\" rel=\"noopener\">Jogos Ol\u00edmpicos<\/a>, ali tem uma conquista que foi constru\u00edda a partir de muita supera\u00e7\u00e3o, de enfretamento as muitas barreiras que ficam como obst\u00e1culo ao longo do caminho.<\/span><\/p>\n<p><span style=\"font-weight: 400;\">1964 foi a primeira vez que <a href=\"https:\/\/bit.ly\/3juhDqm\" target=\"_blank\" rel=\"noopener\">T\u00f3quio<\/a>, no<a href=\"https:\/\/bit.ly\/3yuKAJ7\" target=\"_blank\" rel=\"noopener\"> Jap\u00e3o<\/a>, foi sede dos Jogos Ol\u00edmpicos. Naquele momento, a delega\u00e7\u00e3o brasileira contava com 68 atletas. <a href=\"https:\/\/bit.ly\/3fzR6Xy\" target=\"_blank\" rel=\"noopener\">A\u00edda dos Santos<\/a>, ent\u00e3o com 27 anos, era a \u00fanica mulher do grupo. Negra, A\u00edda nunca teve o devido apoio. Em casa, sofria com o descr\u00e9dito dos pais que perguntavam se o atletismo enchia barriga.\u00a0<\/span><\/p>\n<p><span style=\"font-weight: 400;\">Nas pistas, o t\u00e9cnico ainda lhe dava certo apoio. Mas os dirigentes a tratavam de maneira diferente. Chegou ao pa\u00eds asi\u00e1tico sem roupas adequadas, sem apoio t\u00e9cnico, sem int\u00e9rprete e sem ver seu nome inscrito nas provas. Teve que contar com o apoio de atletas de Cuba e do <a href=\"https:\/\/bit.ly\/3fBQDUR\" target=\"_blank\" rel=\"noopener\">Peru<\/a> at\u00e9 para conseguir um t\u00eanis para competir.\u00a0<\/span><span style=\"font-weight: 400;\">Quando precisou de um m\u00e9dico, foi a empatia dos atletas da ilha latina que mediaram a situa\u00e7\u00e3o. Mesmo assim, A\u00edda saltou acima de toda estrutura racista e <a href=\"https:\/\/bit.ly\/3xoZXRV\" target=\"_blank\" rel=\"noopener\">conquistou o quarto lugar<\/a> no salto em altura, o melhor resultado de uma brasileira at\u00e9 a edi\u00e7\u00e3o ol\u00edmpica, de 1996, em <a href=\"https:\/\/bit.ly\/3rXcUBr\" target=\"_blank\" rel=\"noopener\">Atlanta<\/a>, nos <a href=\"http:\/\/bit.ly\/2IkrFrI\" target=\"_blank\" rel=\"noopener\">EUA<\/a>.<\/span><\/p>\n<p><span style=\"font-weight: 400;\">A atleta que fez hist\u00f3ria em T\u00f3quio, quando o Brasil entrava nos anos sombrios da <a href=\"https:\/\/bit.ly\/3s3mMcX\" target=\"_blank\" rel=\"noopener\">ditadura militar<\/a>, revela muito mais do que o legado de um recorde Ol\u00edmpico. Deixa \u00e0 vista o descaso, fruto do racismo, de quem dirige os investimentos nas mais diversas modalidades ol\u00edmpicas praticadas no Brasil. <\/span><span style=\"font-weight: 400;\">Em recente entrevista ao <\/span><a href=\"https:\/\/bit.ly\/3xuDu62\" target=\"_blank\" rel=\"noopener\"><span style=\"font-weight: 400;\">portal <em>UOL<\/em><\/span><\/a><span style=\"font-weight: 400;\">, A\u00edda desabafou: \u201cO atletismo ainda \u00e9 o primo pobre do esporte nacional, imagine ent\u00e3o como foi naqueles tempos. Eu, uma mulher, pobre e negra\u201d.<\/span><\/p>\n<p><span style=\"font-weight: 400;\">Infelizmente, a hist\u00f3ria de A\u00edda ainda ecoa nas vidas de negras e negros que decidem seguir esse caminho. Mas \u00e9 essa capacidade de resist\u00eancia e resili\u00eancia que faz essa luta di\u00e1ria nem sempre terminar de modo previs\u00edvel.<\/span><\/p>\n<p><a href=\"https:\/\/rioonwatch.org.br\/wp-content\/uploads\/2021\/08\/Aida_dos_Santos.jpg\"><img fetchpriority=\"high\" decoding=\"async\" class=\"aligncenter wp-image-57714 size-medium\" title=\"Aida dos Santos competindo nos Jogos Ol\u00edmpicos de T\u00f3quio, em 1964 \u2014 Foto: Reprodu\u00e7\u00e3o\/COB\" src=\"https:\/\/rioonwatch.org.br\/wp-content\/uploads\/2021\/08\/Aida_dos_Santos-620x463.jpg\" alt=\"\" width=\"620\" height=\"463\" srcset=\"https:\/\/rioonwatch.org.br\/wp-content\/uploads\/2021\/08\/Aida_dos_Santos-620x463.jpg 620w, https:\/\/rioonwatch.org.br\/wp-content\/uploads\/2021\/08\/Aida_dos_Santos-1024x764.jpg 1024w, https:\/\/rioonwatch.org.br\/wp-content\/uploads\/2021\/08\/Aida_dos_Santos-354x264.jpg 354w, https:\/\/rioonwatch.org.br\/wp-content\/uploads\/2021\/08\/Aida_dos_Santos-768x573.jpg 768w, https:\/\/rioonwatch.org.br\/wp-content\/uploads\/2021\/08\/Aida_dos_Santos-174x131.jpg 174w, https:\/\/rioonwatch.org.br\/wp-content\/uploads\/2021\/08\/Aida_dos_Santos-300x225.jpg 300w, https:\/\/rioonwatch.org.br\/wp-content\/uploads\/2021\/08\/Aida_dos_Santos-70x53.jpg 70w, https:\/\/rioonwatch.org.br\/wp-content\/uploads\/2021\/08\/Aida_dos_Santos.jpg 1280w\" sizes=\"(max-width: 620px) 100vw, 620px\" \/><\/a><\/p>\n<p><span style=\"font-weight: 400;\">Quase 60 anos separam A\u00edda e Rebeca Andrade. Mas a falta de recurso, o pensamento de desist\u00eancia e a exclus\u00e3o sentida pela popula\u00e7\u00e3o perif\u00e9rica ainda permanecem as mesmas. No entanto, desta vez a favela chegou ao ponto mais alto do p\u00f3dio. Rebeca escreveu mais um cap\u00edtulo dessa hist\u00f3ria, no mesmo pa\u00eds que consagrou A\u00edda, Rebeca sendo a primeira mulher negra do Brasil a conquistar uma medalha na modalidade individual da gin\u00e1stica ol\u00edmpica.<\/span><\/p>\n<p><a href=\"https:\/\/rioonwatch.org.br\/wp-content\/uploads\/2021\/08\/Rebeca-Andrade.png\"><img decoding=\"async\" class=\"aligncenter wp-image-57860 size-content\" title=\"Rebeca Andrade. Foto: Lindsey Wasson \/ Reuters\" src=\"https:\/\/rioonwatch.org.br\/wp-content\/uploads\/2021\/08\/Rebeca-Andrade-620x264.png\" alt=\"Rebeca Andrade. Foto: Lindsey Wasson \/ Reuters\" width=\"620\" height=\"264\" srcset=\"https:\/\/rioonwatch.org.br\/wp-content\/uploads\/2021\/08\/Rebeca-Andrade-620x264.png 620w, https:\/\/rioonwatch.org.br\/wp-content\/uploads\/2021\/08\/Rebeca-Andrade-940x400.png 940w\" sizes=\"(max-width: 620px) 100vw, 620px\" \/><\/a><\/p>\n<p><span style=\"font-weight: 400;\">Toda vez que vemos a conquista de uma pessoa preta, devemos ter a certeza que esse resultado foi a soma de esfor\u00e7os coletivos e de muitos enfrentamentos a um sistema racista. Rebeca \u00e9 cria da periferia de Guarulhos, em <a href=\"http:\/\/bit.ly\/2RR28KT\" target=\"_blank\" rel=\"noopener\">S\u00e3o Paulo<\/a>. Desde crian\u00e7a viu sua m\u00e3e, trabalhadora dom\u00e9stica, dar duro para sustentar oito filhos em uma casa com um c\u00f4modo. Tamb\u00e9m enfrentou muitas vezes a falta de dinheiro para passagem para ir aos treinos. E isso tudo antes de completar dez anos de idade.<\/span><\/p>\n<p><span style=\"font-weight: 400;\">Para dar mais peso a essa conquista, a apresenta\u00e7\u00e3o que garantiu a medalha de prata levou o <a href=\"http:\/\/bit.ly\/2xohFbP\" target=\"_blank\" rel=\"noopener\">funk<\/a>, com a m\u00fasica <a href=\"https:\/\/bit.ly\/3xpyVKs\" target=\"_blank\" rel=\"noopener\">Baile de Favela<\/a>, do <a href=\"https:\/\/bit.ly\/3fF9vlN\" target=\"_blank\" rel=\"noopener\">MC Jo\u00e3o<\/a>, para dentro de uma modalidade marcada pelo dom\u00ednio branco. O ouro de Rebeca veio durante a apresenta\u00e7\u00e3o no salto. O MC agradeceu em <a href=\"https:\/\/bit.ly\/37q2O2C\" target=\"_blank\" rel=\"noopener\">sua p\u00e1gina no Instagram<\/a>.<\/span><\/p>\n<blockquote class=\"instagram-media\" style=\"background: #FFF; border: 0; border-radius: 3px; box-shadow: 0 0 1px 0 rgba(0,0,0,0.5),0 1px 10px 0 rgba(0,0,0,0.15); margin: 1px; max-width: 540px; min-width: 326px; padding: 0; width: calc(100% - 2px);\" data-instgrm-captioned=\"\" data-instgrm-permalink=\"https:\/\/www.instagram.com\/p\/CR6uAt9LXrt\/?utm_source=ig_embed&amp;utm_campaign=loading\" data-instgrm-version=\"13\">\n<div style=\"padding: 16px;\">\n<p>&nbsp;<\/p>\n<div style=\"display: flex; flex-direction: row; align-items: center;\">\n<div style=\"background-color: #f4f4f4; border-radius: 50%; flex-grow: 0; height: 40px; margin-right: 14px; width: 40px;\"><\/div>\n<div style=\"display: flex; flex-direction: column; flex-grow: 1; justify-content: center;\">\n<div style=\"background-color: #f4f4f4; border-radius: 4px; flex-grow: 0; height: 14px; margin-bottom: 6px; width: 100px;\"><\/div>\n<div style=\"background-color: #f4f4f4; border-radius: 4px; flex-grow: 0; height: 14px; width: 60px;\"><\/div>\n<\/div>\n<\/div>\n<div style=\"padding: 19% 0;\"><\/div>\n<div style=\"display: block; height: 50px; margin: 0 auto 12px; width: 50px;\"><\/div>\n<div style=\"padding-top: 8px;\">\n<div style=\"color: #3897f0; font-family: Arial,sans-serif; font-size: 14px; font-style: normal; font-weight: 550; line-height: 18px;\">Ver essa foto no Instagram<\/div>\n<\/div>\n<div style=\"padding: 12.5% 0;\"><\/div>\n<div style=\"display: flex; flex-direction: row; margin-bottom: 14px; align-items: center;\">\n<div>\n<div style=\"background-color: #f4f4f4; border-radius: 50%; height: 12.5px; width: 12.5px; transform: translateX(0px) translateY(7px);\"><\/div>\n<div style=\"background-color: #f4f4f4; height: 12.5px; transform: rotate(-45deg) translateX(3px) translateY(1px); width: 12.5px; flex-grow: 0; margin-right: 14px; margin-left: 2px;\"><\/div>\n<div style=\"background-color: #f4f4f4; border-radius: 50%; height: 12.5px; width: 12.5px; transform: translateX(9px) translateY(-18px);\"><\/div>\n<\/div>\n<div style=\"margin-left: 8px;\">\n<div style=\"background-color: #f4f4f4; border-radius: 50%; flex-grow: 0; height: 20px; width: 20px;\"><\/div>\n<div style=\"width: 0; height: 0; border-top: 2px solid transparent; border-left: 6px solid #f4f4f4; border-bottom: 2px solid transparent; transform: translateX(16px) translateY(-4px) rotate(30deg);\"><\/div>\n<\/div>\n<div style=\"margin-left: auto;\">\n<div style=\"width: 0px; border-top: 8px solid #F4F4F4; border-right: 8px solid transparent; transform: translateY(16px);\"><\/div>\n<div style=\"background-color: #f4f4f4; flex-grow: 0; height: 12px; width: 16px; transform: translateY(-4px);\"><\/div>\n<div style=\"width: 0; height: 0; border-top: 8px solid #F4F4F4; border-left: 8px solid transparent; transform: translateY(-4px) translateX(8px);\"><\/div>\n<\/div>\n<\/div>\n<div style=\"display: flex; flex-direction: column; flex-grow: 1; justify-content: center; margin-bottom: 24px;\">\n<div style=\"background-color: #f4f4f4; border-radius: 4px; flex-grow: 0; height: 14px; margin-bottom: 6px; width: 224px;\"><\/div>\n<div style=\"background-color: #f4f4f4; border-radius: 4px; flex-grow: 0; height: 14px; width: 144px;\"><\/div>\n<\/div>\n<p>&nbsp;<\/p>\n<p style=\"color: #c9c8cd; font-family: Arial,sans-serif; font-size: 14px; line-height: 17px; margin-bottom: 0; margin-top: 8px; overflow: hidden; padding: 8px 0 7px; text-align: center; text-overflow: ellipsis; white-space: nowrap;\"><a style=\"color: #c9c8cd; font-family: Arial,sans-serif; font-size: 14px; font-style: normal; font-weight: normal; line-height: 17px; text-decoration: none;\" href=\"https:\/\/www.instagram.com\/p\/CR6uAt9LXrt\/?utm_source=ig_embed&amp;utm_campaign=loading\" target=\"_blank\" rel=\"noopener\">Uma publica\u00e7\u00e3o compartilhada por MC Joa\u0303o (@mcjoaooriginal)<\/a><\/p>\n<\/div>\n<\/blockquote>\n<p><script async src=\"\/\/www.instagram.com\/embed.js\"><\/script><\/p>\n<p><span style=\"font-weight: 400;\">Marcelle Decothe, cria do <a href=\"https:\/\/bit.ly\/3dM4GnU\" target=\"_blank\" rel=\"noopener\">Favelas nas Lutas<\/a> e coordenadora do <a href=\"https:\/\/bit.ly\/34LUo5s\" target=\"_blank\" rel=\"noopener\">Instituto Marielle Franco<\/a>, usou as redes <a href=\"https:\/\/bit.ly\/3joe3hq\" target=\"_blank\" rel=\"noopener\">para mostrar<\/a> a import\u00e2ncia do feito.<\/span><\/p>\n<blockquote class=\"twitter-tweet\">\n<p dir=\"ltr\" lang=\"pt\">Invistam no esporte.<br \/>\nInvistam na educa\u00e7\u00e3o.<br \/>\nAcreditem na pr\u00f3xima gera\u00e7\u00e3o de Rebecca\u2019s.<br \/>\nAcreditem nas crian\u00e7as negras.<\/p>\n<p>Vai ser pelo funk, vai ser pelo esporte, vai ser pela educa\u00e7\u00e3o.<\/p>\n<p>Vai ser por noiz!<\/p>\n<p>\u2014 Marcelle #TemGenteComFome (@marcelledecothe) <a href=\"https:\/\/twitter.com\/marcelledecothe\/status\/1420732326972170246?ref_src=twsrc%5Etfw\">July 29, 2021<\/a><\/p><\/blockquote>\n<p><script async src=\"https:\/\/platform.twitter.com\/widgets.js\" charset=\"utf-8\"><\/script><\/p>\n<p><span style=\"font-weight: 400;\">E essa conquista, que vai muito al\u00e9m da representatividade, teve no depoimento da precursora da gin\u00e1stica art\u00edstica no Brasil, <a href=\"https:\/\/bit.ly\/3xttNVB\" target=\"_blank\" rel=\"noopener\">Daiane dos Santos<\/a>, um dos momentos mais emocionantes dos Jogos Ol\u00edmpicos de 2020. Durante a transmiss\u00e3o ao vivo, a ex-ginasta destacou o fato de ser uma mulher preta a primeira a chegar a esse lugar. A p\u00e1gina, no Instagram, <a href=\"https:\/\/bit.ly\/3ysCmkX\" target=\"_blank\" rel=\"noopener\">Influ\u00eancia Negra<\/a>, postou o v\u00eddeo com a fala de Daiane no <em>SporTV.<\/em><\/span><\/p>\n<blockquote class=\"instagram-media\" style=\"background: #FFF; border: 0; border-radius: 3px; box-shadow: 0 0 1px 0 rgba(0,0,0,0.5),0 1px 10px 0 rgba(0,0,0,0.15); margin: 1px; max-width: 540px; min-width: 326px; padding: 0; width: calc(100% - 2px);\" data-instgrm-captioned=\"\" data-instgrm-permalink=\"https:\/\/www.instagram.com\/reel\/CR6eoLIp1UX\/?utm_source=ig_embed&amp;utm_campaign=loading\" data-instgrm-version=\"13\">\n<div style=\"padding: 16px;\">\n<p>&nbsp;<\/p>\n<div style=\"display: flex; flex-direction: row; align-items: center;\">\n<div style=\"background-color: #f4f4f4; border-radius: 50%; flex-grow: 0; height: 40px; margin-right: 14px; width: 40px;\"><\/div>\n<div style=\"display: flex; flex-direction: column; flex-grow: 1; justify-content: center;\">\n<div style=\"background-color: #f4f4f4; border-radius: 4px; flex-grow: 0; height: 14px; margin-bottom: 6px; width: 100px;\"><\/div>\n<div style=\"background-color: #f4f4f4; border-radius: 4px; flex-grow: 0; height: 14px; width: 60px;\"><\/div>\n<\/div>\n<\/div>\n<div style=\"padding: 19% 0;\"><\/div>\n<div style=\"display: block; height: 50px; margin: 0 auto 12px; width: 50px;\"><\/div>\n<div style=\"padding-top: 8px;\">\n<div style=\"color: #3897f0; font-family: Arial,sans-serif; font-size: 14px; font-style: normal; font-weight: 550; line-height: 18px;\">Ver essa foto no Instagram<\/div>\n<\/div>\n<div style=\"padding: 12.5% 0;\"><\/div>\n<div style=\"display: flex; flex-direction: row; margin-bottom: 14px; align-items: center;\">\n<div>\n<div style=\"background-color: #f4f4f4; border-radius: 50%; height: 12.5px; width: 12.5px; transform: translateX(0px) translateY(7px);\"><\/div>\n<div style=\"background-color: #f4f4f4; height: 12.5px; transform: rotate(-45deg) translateX(3px) translateY(1px); width: 12.5px; flex-grow: 0; margin-right: 14px; margin-left: 2px;\"><\/div>\n<div style=\"background-color: #f4f4f4; border-radius: 50%; height: 12.5px; width: 12.5px; transform: translateX(9px) translateY(-18px);\"><\/div>\n<\/div>\n<div style=\"margin-left: 8px;\">\n<div style=\"background-color: #f4f4f4; border-radius: 50%; flex-grow: 0; height: 20px; width: 20px;\"><\/div>\n<div style=\"width: 0; height: 0; border-top: 2px solid transparent; border-left: 6px solid #f4f4f4; border-bottom: 2px solid transparent; transform: translateX(16px) translateY(-4px) rotate(30deg);\"><\/div>\n<\/div>\n<div style=\"margin-left: auto;\">\n<div style=\"width: 0px; border-top: 8px solid #F4F4F4; border-right: 8px solid transparent; transform: translateY(16px);\"><\/div>\n<div style=\"background-color: #f4f4f4; flex-grow: 0; height: 12px; width: 16px; transform: translateY(-4px);\"><\/div>\n<div style=\"width: 0; height: 0; border-top: 8px solid #F4F4F4; border-left: 8px solid transparent; transform: translateY(-4px) translateX(8px);\"><\/div>\n<\/div>\n<\/div>\n<div style=\"display: flex; flex-direction: column; flex-grow: 1; justify-content: center; margin-bottom: 24px;\">\n<div style=\"background-color: #f4f4f4; border-radius: 4px; flex-grow: 0; height: 14px; margin-bottom: 6px; width: 224px;\"><\/div>\n<div style=\"background-color: #f4f4f4; border-radius: 4px; flex-grow: 0; height: 14px; width: 144px;\"><\/div>\n<\/div>\n<p>&nbsp;<\/p>\n<p style=\"color: #c9c8cd; font-family: Arial,sans-serif; font-size: 14px; line-height: 17px; margin-bottom: 0; margin-top: 8px; overflow: hidden; padding: 8px 0 7px; text-align: center; text-overflow: ellipsis; white-space: nowrap;\"><a style=\"color: #c9c8cd; font-family: Arial,sans-serif; font-size: 14px; font-style: normal; font-weight: normal; line-height: 17px; text-decoration: none;\" href=\"https:\/\/www.instagram.com\/reel\/CR6eoLIp1UX\/?utm_source=ig_embed&amp;utm_campaign=loading\" target=\"_blank\" rel=\"noopener\">Uma publica\u00e7\u00e3o compartilhada por Influe\u0302ncia Negra (@influencianegra)<\/a><\/p>\n<\/div>\n<\/blockquote>\n<p><script async src=\"\/\/www.instagram.com\/embed.js\"><\/script><\/p>\n<p><span style=\"font-weight: 400;\">O que fica cada vez mais evidente no mundo \u00e9 a ruptura do silenciamento dos atletas em rela\u00e7\u00e3o ao racismo enfrentado em cada passo. Em <a href=\"https:\/\/glo.bo\/3yAF9IU\" target=\"_blank\" rel=\"noopener\">entrevista \u00e0 revista <em>Marie Claire<\/em><\/a><em>,<\/em> Daiane revelou que sofria com ataques racistas nos clubes e na sele\u00e7\u00e3o brasileira ao ponto de n\u00e3o usarem o mesmo banheiro que ela, por conta de sua cor e da origem perif\u00e9rica.<\/span><\/p>\n<p><a href=\"https:\/\/rioonwatch.org.br\/wp-content\/uploads\/2021\/08\/Rayssa-Leal.jpg\"><img loading=\"lazy\" decoding=\"async\" class=\"aligncenter wp-image-57805 size-medium\" title=\"Rayssa Leal foi a \u00fanica brasileira a chegar \u00e0 final na categoria street do skate.\" src=\"https:\/\/rioonwatch.org.br\/wp-content\/uploads\/2021\/08\/Rayssa-Leal-620x349.jpg\" alt=\"\" width=\"620\" height=\"349\" srcset=\"https:\/\/rioonwatch.org.br\/wp-content\/uploads\/2021\/08\/Rayssa-Leal-620x349.jpg 620w, https:\/\/rioonwatch.org.br\/wp-content\/uploads\/2021\/08\/Rayssa-Leal-469x264.jpg 469w, https:\/\/rioonwatch.org.br\/wp-content\/uploads\/2021\/08\/Rayssa-Leal-580x326.jpg 580w, https:\/\/rioonwatch.org.br\/wp-content\/uploads\/2021\/08\/Rayssa-Leal-174x98.jpg 174w, https:\/\/rioonwatch.org.br\/wp-content\/uploads\/2021\/08\/Rayssa-Leal.jpg 700w\" sizes=\"(max-width: 620px) 100vw, 620px\" \/><\/a><\/p>\n<p><span style=\"font-weight: 400;\">Mesmo quando rolou o embranquecimento <a href=\"https:\/\/bit.ly\/3zOM55a\" target=\"_blank\" rel=\"noopener\">atrav\u00e9s de uma ilustra\u00e7\u00e3o da skatista Rayssa Leal<\/a>, as redes sociais n\u00e3o ficaram em sil\u00eancio e logo aconteceu uma enxurrada de cr\u00edticas. Ap\u00f3s a atleta acertar uma manobra que a maioria das competidoras erraram, ser a integrante mais nova do Brasil a subir no p\u00f3dio ol\u00edmpico, aos 13 anos, e ser tamb\u00e9m a primeira medalhista no ano em que a competi\u00e7\u00e3o passou a fazer parte dos Jogos, desenhos pol\u00eamicos come\u00e7aram a circular. <\/span><span style=\"font-weight: 400;\">O <a href=\"https:\/\/bit.ly\/3istXZ2\" target=\"_blank\" rel=\"noopener\">perfil de Twitter @dapenha<\/a>, fez um fio preciso para questionar a pr\u00e1tica racista.<\/span><\/p>\n<blockquote class=\"twitter-tweet\">\n<p dir=\"ltr\" lang=\"pt\">Aconteceu o imaginado: acabei de ver uma arte de um branco que botou tanta *LUZ* na ilustra\u00e7\u00e3o que fez que a menina Rayssa Leal nem parece negra nela.<\/p>\n<p>\u2014 DAPENHA (@dapenhaaqui) <a href=\"https:\/\/twitter.com\/dapenhaaqui\/status\/1419777402981568515?ref_src=twsrc%5Etfw\">July 26, 2021<\/a><\/p><\/blockquote>\n<p><script async src=\"https:\/\/platform.twitter.com\/widgets.js\" charset=\"utf-8\"><\/script><\/p>\n<blockquote class=\"twitter-tweet\">\n<p dir=\"ltr\" lang=\"pt\">Embranquecimento \u00e9 coisa s\u00e9ria e apagar uma parte t\u00e3o importante da identidade algu\u00e9m numa ilustra\u00e7\u00e3o por likes n\u00e3o \u00e9 uma coisa aceit\u00e1vel.<\/p>\n<p>\u2014 DAPENHA (@dapenhaaqui) <a href=\"https:\/\/twitter.com\/dapenhaaqui\/status\/1419779128207814659?ref_src=twsrc%5Etfw\">July 26, 2021<\/a><\/p><\/blockquote>\n<p><script async src=\"https:\/\/platform.twitter.com\/widgets.js\" charset=\"utf-8\"><\/script><\/p>\n<p>O perfil da Turma da M\u00f4nica no Twitter, publicou uma imagem da personagem, branca e ruiva, Denise, para representar a skatista Rayssa Leal, e n\u00e3o passou despercebido.<\/p>\n<blockquote class=\"twitter-tweet\">\n<p dir=\"ltr\" lang=\"pt\">Branca? Esse \u201cDenise como\u201d a\u00ed quase ileg\u00edvel para transparecer uma menina branca e ruiva pra representar uma adolescente negra \u00e9 brincadeira n\u00e9?<\/p>\n<p>\u2014 Rhangel Carvalho (@RhangelCarvalho) <a href=\"https:\/\/twitter.com\/RhangelCarvalho\/status\/1419676715727601666?ref_src=twsrc%5Etfw\">July 26, 2021<\/a><\/p><\/blockquote>\n<p><script async src=\"https:\/\/platform.twitter.com\/widgets.js\" charset=\"utf-8\"><\/script><\/p>\n<h3><b>Comit\u00ea Ol\u00edmpico Permite Express\u00f5es Pol\u00edticas<\/b><\/h3>\n<p><span style=\"font-weight: 400;\">Em meio aos impactos gerados pela pandemia da <a href=\"https:\/\/bit.ly\/2QZjDJI\" target=\"_blank\" rel=\"noopener\">Covid-19<\/a>, quase 60 anos depois, T\u00f3quio volta a ser palco do maior evento esportivo do mundo. E desta vez, o pr\u00f3prio pa\u00eds teve que encarar o debate racial durante os jogos por causa de uma de suas principais atletas. A tenista <a href=\"https:\/\/bit.ly\/3lDL63T\" target=\"_blank\" rel=\"noopener\">Naomi Osaka<\/a>, de 23 anos, filha de pai hatiano e m\u00e3e nip\u00f4nica, foi a primeira japonesa a conquistar um torneio internacional da modalidade. E isso abriu o caminho para ela usar a visibilidade mundial para tocar num assunto invis\u00edvel ao mundo: existem afrodescentes japoneses. Ela foi a atleta escolhida pela delega\u00e7\u00e3o japonesa para acender a pira ol\u00edmpica.<\/span><\/p>\n<p><span style=\"font-weight: 400;\">Em 2020, <a href=\"https:\/\/bit.ly\/3iqSEFh\" target=\"_blank\" rel=\"noopener\">Naomi boicotou<\/a> uma partida de t\u00eanis que aconteceria em <a href=\"https:\/\/bit.ly\/2DPSfup\" target=\"_blank\" rel=\"noopener\">Nova Iorque,<\/a> em protesto pela morte de <a href=\"https:\/\/bit.ly\/3fGOFT4\" target=\"_blank\" rel=\"noopener\">Jacob Blake<\/a>, 29. O jovem negro foi brutalmente assassinado por policial branco. Isso aconteceu meses depois da tamb\u00e9m violenta morte de George Floyd, ap\u00f3s ter tido o pesco\u00e7o pressionado pelo joelho numa abordagem policial.\u00a0<\/span><\/p>\n<p><span style=\"font-weight: 400;\">Vale destacar que esta \u00e9 a primeira edi\u00e7\u00e3o ol\u00edmpica p\u00f3s <a href=\"https:\/\/bit.ly\/2V6r3Nu\" target=\"_blank\" rel=\"noopener\">a morte de George Floyd<\/a>.\u00a0<\/span><span style=\"font-weight: 400;\">A\u00edda, Rebeca, Daiane e tantas outras atletas negras Brasil afora fazem parte de uma luta que ultrapassa qualquer modalidade ol\u00edmpica. Talvez as Olimp\u00edadas de T\u00f3quio sejam um marco na posi\u00e7\u00e3o pol\u00edtica do esporte. Certamente, n\u00e3o \u00e9 a primeira vez que os embates pol\u00edticos ganham terreno no esporte. Mas essa press\u00e3o fez com que, pela primeira vez, o Comit\u00ea Ol\u00edmpico Internacional <a href=\"https:\/\/bit.ly\/3CsxZc2\" target=\"_blank\" rel=\"noopener\">permitiu oficialmente que atletas se expressem<\/a> antes e depois das provas.<\/span><\/p>\n<h3><b>Muitos Outros Tamb\u00e9m Ganharam Espa\u00e7o<\/b><\/h3>\n<p><span style=\"font-weight: 400;\">A quest\u00e3o racial n\u00e3o foi a \u00fanica pauta que entrou com for\u00e7a na agenda pol\u00edtica dos Jogos. A edi\u00e7\u00e3o ol\u00edmpica do Jap\u00e3o tamb\u00e9m marca a maior participa\u00e7\u00e3o de atletas que se autodeclararam da comunidade LGBTQIA+. E a quarta medalha de ouro conquistada pelo Brasil foi da maratonista aqu\u00e1tica negra <a href=\"https:\/\/bit.ly\/2WUOUn0\" target=\"_blank\" rel=\"noopener\">Ana Marcela<\/a>, que dedicou o lugar mais alto do p\u00f3dio \u00e0 namorada dela.<\/span><\/p>\n<p><span style=\"font-weight: 400;\">A vereadora e cria da favela da <a href=\"http:\/\/bit.ly\/2K1s59x\" target=\"_blank\" rel=\"noopener\">Mar\u00e9<\/a>, M\u00f4nica Ben\u00edcio, <a href=\"https:\/\/bit.ly\/3lEvkpx\" target=\"_blank\" rel=\"noopener\">correu para as redes<\/a> celebrar que o amor entre mulheres \u00e9 revolucion\u00e1rio.<\/span><\/p>\n<blockquote class=\"twitter-tweet\">\n<p dir=\"ltr\" lang=\"pt\">Ana Marcela Cunha: uma mulher que ama outras mulheres e que ainda traz ouro pro Brasil. \u00c9 ol\u00edmpica demais!!! &#x1f947;<\/p>\n<p>&#x1f438;&#x1f49c;&#x1f1e7;&#x1f1f7;&#x1f3f3;&#xfe0f;&#x200d;&#x1f308; <a href=\"https:\/\/t.co\/pqZ9R3rJae\">pic.twitter.com\/pqZ9R3rJae<\/a><\/p>\n<p>\u2014 Monica Benicio (@monica_benicio) <a href=\"https:\/\/twitter.com\/monica_benicio\/status\/1422733590639620102?ref_src=twsrc%5Etfw\">August 4, 2021<\/a><\/p><\/blockquote>\n<p><script async src=\"https:\/\/platform.twitter.com\/widgets.js\" charset=\"utf-8\"><\/script><\/p>\n<p><span style=\"font-weight: 400;\">Mas a primeira manifesta\u00e7\u00e3o pol\u00edtica nos jogos do Jap\u00e3o aconteceu no futebol feminino, quando <a href=\"https:\/\/glo.bo\/2VtZIIo\" target=\"_blank\" rel=\"noopener\">atletas se ajoelharam em protesto<\/a> contra o racismo antes das partidas. No dia 25, Luciana Alvarado, atleta da Costa Rica, terminou uma prova <a href=\"https:\/\/glo.bo\/2VDhIjb\" target=\"_blank\" rel=\"noopener\">com o punho cerrado e ajoelhada<\/a> em refer\u00eancia \u00e0 pauta antirracista. O gol do atacante da sele\u00e7\u00e3o brasileira de futebol, Paulinho, foi <a href=\"https:\/\/glo.bo\/3CpQGNh\" target=\"_blank\" rel=\"noopener\">dedicado ao Orix\u00e1 Ox\u00f3ssi<\/a>, e foi certeiro no racismo religioso que impera no esporte. Habituados a sempre vermos manifesta\u00e7\u00f5es de tradi\u00e7\u00e3o crist\u00e3 ao final das partidas, o jovem jogador deu o primeiro passo para que esse tema possa ganhar repercuss\u00e3o dentro da modalidade, o que foi <a href=\"https:\/\/bit.ly\/3lEvkpx\" target=\"_blank\" rel=\"noopener\">notado nas redes<\/a>.<\/span><\/p>\n<blockquote class=\"twitter-tweet\">\n<p dir=\"ltr\" lang=\"pt\">Paulinho metendo gol e lan\u00e7ando a energia de Ox\u00f3ssi, Richarlisson pedindo musica do Xande de Pilares, Santos no Gol&#8230;<br \/>\nSamba, Curimba e Sincretismo, imposs\u00edvel de dar errado. Estou do lado da sele\u00e7\u00e3o ol\u00edmpica.<\/p>\n<p>\u2014 big poppa (@edfalso1) <a href=\"https:\/\/twitter.com\/edfalso1\/status\/1418204097950339077?ref_src=twsrc%5Etfw\">July 22, 2021<\/a><\/p><\/blockquote>\n<p><a href=\"https:\/\/rioonwatch.org.br\/wp-content\/uploads\/2021\/08\/22jul2021-o-jogador-paulinho-da-selecao-brasileira-comemora-apos-marcar-seu-gol-durante-a-partida-contra-a-alemanha-1626979297570_v2_1170x540.jpg.webp\"><img loading=\"lazy\" decoding=\"async\" class=\"aligncenter wp-image-57810 size-medium\" title=\"O jogador Paulinho comemora gol contra Alemanha fazendo a flecha de Ox\u00f3ssi. Foto: Yuri Hiroshi \/ Estad\u00e3o\" src=\"https:\/\/rioonwatch.org.br\/wp-content\/uploads\/2021\/08\/22jul2021-o-jogador-paulinho-da-selecao-brasileira-comemora-apos-marcar-seu-gol-durante-a-partida-contra-a-alemanha-1626979297570_v2_1170x540.jpg-620x286.webp\" alt=\"\" width=\"620\" height=\"286\" srcset=\"https:\/\/rioonwatch.org.br\/wp-content\/uploads\/2021\/08\/22jul2021-o-jogador-paulinho-da-selecao-brasileira-comemora-apos-marcar-seu-gol-durante-a-partida-contra-a-alemanha-1626979297570_v2_1170x540.jpg-620x286.webp 620w, https:\/\/rioonwatch.org.br\/wp-content\/uploads\/2021\/08\/22jul2021-o-jogador-paulinho-da-selecao-brasileira-comemora-apos-marcar-seu-gol-durante-a-partida-contra-a-alemanha-1626979297570_v2_1170x540.jpg-1024x473.webp 1024w, https:\/\/rioonwatch.org.br\/wp-content\/uploads\/2021\/08\/22jul2021-o-jogador-paulinho-da-selecao-brasileira-comemora-apos-marcar-seu-gol-durante-a-partida-contra-a-alemanha-1626979297570_v2_1170x540.jpg-572x264.webp 572w, https:\/\/rioonwatch.org.br\/wp-content\/uploads\/2021\/08\/22jul2021-o-jogador-paulinho-da-selecao-brasileira-comemora-apos-marcar-seu-gol-durante-a-partida-contra-a-alemanha-1626979297570_v2_1170x540.jpg-768x354.webp 768w, https:\/\/rioonwatch.org.br\/wp-content\/uploads\/2021\/08\/22jul2021-o-jogador-paulinho-da-selecao-brasileira-comemora-apos-marcar-seu-gol-durante-a-partida-contra-a-alemanha-1626979297570_v2_1170x540.jpg.webp 1170w\" sizes=\"(max-width: 620px) 100vw, 620px\" \/><\/a><\/p>\n<p>E sacramentou a quinta medalha de ouro brasileira nas Olimp\u00edadas de T\u00f3quio, o cano\u00edsta negro, Isaquias Queiros, de Ubaitaba, na Bahia (Ubaitaba em Tupi significa Terra das Canoas). Isaquias se torna o <a href=\"https:\/\/glo.bo\/3fHQ5Nd\">3\u00ba maior medalhista do Brasil<\/a> na hist\u00f3ria dos Jogos Ol\u00edmpicos. Minutos ap\u00f3s a vit\u00f3ria de Isaquias, a primeira advogada travesti preta do Norte-Nordeste e Codeputada Estadual em Pernambuco pela Juntas, Robeyonce Lima <a href=\"https:\/\/bit.ly\/3lKWPOp\">postou<\/a>:<\/p>\n<blockquote class=\"twitter-tweet\">\n<p dir=\"ltr\" lang=\"pt\">Isaquias Queiroz, nordestino e negro, traz a quinta medalha de ouro nas olimp\u00edadas para o Brasil!!!<\/p>\n<p>At\u00e9 agora a maioria de medalhas de ouro do Brasil foram de nordestinos, negros e mulheres!!<\/p>\n<p>Podem tentar no parar, mas a gente que move esse pa\u00eds!<\/p>\n<p>\u2014 Robeyonc\u00e9 Lima (@RobeyonceLima) <a href=\"https:\/\/twitter.com\/RobeyonceLima\/status\/1423840855920680966?ref_src=twsrc%5Etfw\">August 7, 2021<\/a><\/p><\/blockquote>\n<p><script async src=\"https:\/\/platform.twitter.com\/widgets.js\" charset=\"utf-8\"><\/script><\/p>\n<p>Ainda na madrugada de s\u00e1bado (7\/8), a sexta medalha de ouro do Brasil foi conquistada pelo Baiano, <span class=\"css-901oao css-16my406 r-poiln3 r-b88u0q r-bcqeeo r-qvutc0\">Hebert<\/span><span class=\"css-901oao css-16my406 r-poiln3 r-bcqeeo r-qvutc0\"> Concei\u00e7\u00e3o, que comemorou dizendo: &#8220;Nobre Guerreiro&#8221;. A express\u00e3o \u00e9 parte da m\u00fasica <a href=\"https:\/\/bit.ly\/3Cp3mnw\" target=\"_blank\" rel=\"noopener\">Madiba<\/a>, que o Oludum cantou pela liberta\u00e7\u00e3o de Mandela. Hebert j\u00e1 havia cantado um trecho da m\u00fasica <a href=\"https:\/\/bit.ly\/3lNlCky\" target=\"_blank\" rel=\"noopener\">ap\u00f3s a luta anterior que o levou a final<\/a> da Olimp\u00edada de T\u00f3quio: &#8220;Nobre guerreiro negro de alma leve, nobre guerreiro negro lutador, que os bons ventos calmo assim te leve aonde voc\u00ea for&#8230;&#8221;<\/span><\/p>\n<p><span class=\"css-901oao css-16my406 r-poiln3 r-bcqeeo r-qvutc0\">Seu canto repercutiu nas redes. O correspondente comunit\u00e1rio da <a href=\"https:\/\/bit.ly\/2SlTRA7\">Ag\u00eancia Mural de Jornalismo das Periferias<\/a>, Kaique Dalapola, <a href=\"https:\/\/bit.ly\/3lGaaaE\" target=\"_blank\" rel=\"noopener\">postou quando ele cantou<\/a> a m\u00fasica no dia 01 de agosto.<\/span><\/p>\n<blockquote class=\"twitter-tweet\">\n<p dir=\"ltr\" lang=\"pt\">&#8220;Nobre guerreiro negro se alma leve<br \/>\nnobre guerreiro negro lutador<br \/>\nque os bons ventos calmo assim te leve<br \/>\naonde voc\u00ea&#8221;<\/p>\n<p>De Salvador a milh\u00e3o em T\u00f3quio.<\/p>\n<p>Hebert Concei\u00e7\u00e3o est\u00e1 na semifinal do boxe e j\u00e1 garantiu, no m\u00ednimo, a medalha de bronze para o Brasil!!! Vamo!! <a href=\"https:\/\/t.co\/fqiemlNcID\">pic.twitter.com\/fqiemlNcID<\/a><\/p>\n<p>\u2014 Kaique Dalapola (@KaiqueDalapola) <a href=\"https:\/\/twitter.com\/KaiqueDalapola\/status\/1421778184740249600?ref_src=twsrc%5Etfw\">August 1, 2021<\/a><\/p><\/blockquote>\n<p><script async src=\"https:\/\/platform.twitter.com\/widgets.js\" charset=\"utf-8\"><\/script><br \/>\nNo dia 07 de agosto os ventos levaram o &#8220;nobre guerreiro negro lutador&#8221;, Hebert, <a href=\"https:\/\/bit.ly\/3yxt5I6\" target=\"_blank\" rel=\"noopener\">ao lugar mais alto do p\u00f3dio Ol\u00edmpico<\/a>. A doutoranda em Pol\u00edtica Social-UnB, Luiza Carvalho, <a href=\"https:\/\/bit.ly\/3jzWtqS\" target=\"_blank\" rel=\"noopener\">comemorou no Twitter<\/a>:<\/p>\n<blockquote class=\"twitter-tweet\">\n<p dir=\"ltr\" lang=\"pt\">Jovem Negro Vivo e Campe\u00e3o Ol\u00edmpico, medalha de Ouro em T\u00f3kio!!! Hebert \u00e9 o nome!!!!<\/p>\n<p>\u2014 luiza (@carvalholuizaa) <a href=\"https:\/\/twitter.com\/carvalholuizaa\/status\/1423892503795732483?ref_src=twsrc%5Etfw\">August 7, 2021<\/a><\/p><\/blockquote>\n<p><script async src=\"https:\/\/platform.twitter.com\/widgets.js\" charset=\"utf-8\"><\/script><\/p>\n<p><em><span style=\"font-weight: 400;\">Sobre o autor: <a href=\"https:\/\/bit.ly\/3s06uS5\" target=\"_blank\" rel=\"noopener\">Rafael Lopes<\/a> \u00e9 um jornalista negro e mestre em Comunica\u00e7\u00e3o Social pela UFRJ. \u00c9 pesquisador da obra do jornalista e escritor Lima Barreto.<\/span><\/em><\/p>\n<p><em>Esta mat\u00e9ria faz parte da\u00a0<a href=\"http:\/\/bit.ly\/DesenraizandoRacismo\" target=\"_blank\" rel=\"noopener\">s\u00e9rie de mat\u00e9rias do projeto antirracista do RioOnWatch<\/a>. Conhe\u00e7a o nosso projeto que traz conte\u00fados midi\u00e1ticos semanais ao longo de 2021:\u00a0<i><a href=\"http:\/\/bit.ly\/EnraizandoIntro\" target=\"_blank\" rel=\"noopener\">Enraizando o Antirracismo nas Favelas<\/a>.<\/i><i>\u00a0P<\/i><i>ara contribuir com essa pauta,\u00a0<a href=\"https:\/\/bit.ly\/PautasAntirracismo\" target=\"_blank\" rel=\"noopener\">clique aqui<\/a>.<\/i><\/em><\/p>\n<h4><b data-stringify-type=\"bold\">Compartilhe com a gente a sua opini\u00e3o sobre essa mat\u00e9ria\u00a0<\/b><b data-stringify-type=\"bold\"><a class=\"c-link\" href=\"https:\/\/bit.ly\/OpineAntirracismo\" target=\"_blank\" rel=\"noopener noreferrer\" data-stringify-link=\"https:\/\/docs.google.com\/forms\/d\/e\/1FAIpQLSc6PJwxQ0eapYlfSfsr8fyibg8ODzXKpGhJjXe2-8Bbxrtp1g\/viewform\" data-sk=\"tooltip_parent\">clicando aqui<\/a>.<\/b><\/h4>\n<hr \/>\n<h4><b data-stringify-type=\"bold\">Apoie nossos esfor\u00e7os para fornecer apoio estrat\u00e9gico \u00e0s favelas do Rio, incluindo o jornalismo hiperlocal, cr\u00edtico, inovador e incans\u00e1vel do\u00a0<\/b><b data-stringify-type=\"bold\"><i data-stringify-type=\"italic\">RioOnWatch<\/i><\/b>\u2014<a class=\"c-link\" href=\"http:\/\/www.bit.ly\/ApoieROW\" target=\"_blank\" rel=\"noopener noreferrer\" data-stringify-link=\"http:\/\/www.bit.ly\/ApoieROW\" data-sk=\"tooltip_parent\">doe aqui<\/a>.<\/h4>\n<!-- AddThis Advanced Settings generic via filter on the_content --><!-- AddThis Share Buttons generic via filter on the_content -->","protected":false},"excerpt":{"rendered":"<div class=\"mh-excerpt\"><p>Click Here for English Esta mat\u00e9ria faz parte da s\u00e9rie\u00a0#OQueDizemAsRedes que traz pontos de vista publicados nas redes sociais, de moradores e ativistas de favela, sobre eventos e temas urgentes, e faz parte da s\u00e9rie <a class=\"mh-excerpt-more\" href=\"https:\/\/rioonwatch.org.br\/?p=57701\" title=\"A Vitoriosa Presen\u00e7a Negra de Atletas do Brasil nas Olimp\u00edadas de T\u00f3quio #OQueDizemAsRedes\">[&#8230;]<\/a><!-- AddThis Advanced Settings generic via filter on get_the_excerpt --><!-- AddThis Share Buttons generic via filter on get_the_excerpt --><\/p>\n<\/div>","protected":false},"author":129,"featured_media":58037,"comment_status":"closed","ping_status":"closed","sticky":false,"template":"","format":"standard","meta":{"_acf_changed":false,"_monsterinsights_skip_tracking":false,"_monsterinsights_sitenote_active":false,"_monsterinsights_sitenote_note":"","_monsterinsights_sitenote_category":0,"footnotes":""},"categories":[2051,1635,1621,1625,342],"tags":[943,3253,597,759,332,2748,1023,292,818,502,1120,2140,1398,1240,379,78,2066,998,2289,2974,2141],"writer":[3077],"translator":[],"source":[],"ilustrador":[],"fotografo":[],"class_list":{"0":"post-57701","1":"post","2":"type-post","3":"status-publish","4":"format-standard","5":"has-post-thumbnail","7":"category-olhonolegado","8":"category-1635","9":"category-destaque","10":"category-por-correspondentes-comunitarios","11":"category-solucoes","12":"tag-oquedizemasredes","13":"tag-antirracismo","14":"tag-atlanta","15":"tag-comparacao-internacional","16":"tag-complexo-da-mare","17":"tag-coronavirus","18":"tag-ditadura-militar","19":"tag-esporte","20":"tag-eua","21":"tag-funk","22":"tag-futebol","23":"tag-japao","24":"tag-lgbt","25":"tag-megaeventos","26":"tag-midia-social","27":"tag-olimpiadas","28":"tag-peru","29":"tag-sao-paulo","30":"tag-serie","31":"tag-serie-antirracismo","32":"tag-toquio","33":"writer-rafael-lopes"},"acf":[],"yoast_head":"<!-- This site is optimized with the Yoast SEO plugin v25.6 - https:\/\/yoast.com\/wordpress\/plugins\/seo\/ -->\n<title>A Vitoriosa Presen\u00e7a Negra de Atletas do Brasil nas Olimp\u00edadas de T\u00f3quio #OQueDizemAsRedes - RioOnWatch<\/title>\n<meta name=\"robots\" content=\"index, follow, max-snippet:-1, max-image-preview:large, max-video-preview:-1\" \/>\n<link rel=\"canonical\" href=\"https:\/\/rioonwatch.org.br\/?p=57701\" \/>\n<meta property=\"og:locale\" content=\"pt_BR\" \/>\n<meta property=\"og:type\" content=\"article\" \/>\n<meta property=\"og:title\" content=\"A Vitoriosa Presen\u00e7a Negra de Atletas do Brasil nas Olimp\u00edadas de T\u00f3quio #OQueDizemAsRedes - RioOnWatch\" \/>\n<meta property=\"og:description\" content=\"Click Here for English Esta mat\u00e9ria faz parte da s\u00e9rie\u00a0#OQueDizemAsRedes que traz pontos de vista publicados nas redes sociais, de moradores e ativistas de favela, sobre eventos e temas urgentes, e faz parte da s\u00e9rie [...]\" \/>\n<meta property=\"og:url\" content=\"https:\/\/rioonwatch.org.br\/?p=57701\" \/>\n<meta property=\"og:site_name\" content=\"RioOnWatch\" \/>\n<meta property=\"article:published_time\" content=\"2021-08-07T15:27:47+00:00\" \/>\n<meta property=\"article:modified_time\" content=\"2024-07-10T12:32:58+00:00\" \/>\n<meta property=\"og:image\" content=\"https:\/\/rioonwatch.org.br\/wp-content\/uploads\/2021\/08\/Arte-original-por-Raquel-Batista-1030x439.png\" \/>\n\t<meta property=\"og:image:width\" content=\"1030\" \/>\n\t<meta property=\"og:image:height\" content=\"439\" \/>\n\t<meta property=\"og:image:type\" content=\"image\/png\" \/>\n<meta name=\"author\" content=\"Admin\" \/>\n<meta name=\"twitter:card\" content=\"summary_large_image\" \/>\n<meta name=\"twitter:label1\" content=\"Escrito por\" \/>\n\t<meta name=\"twitter:data1\" content=\"Admin\" \/>\n\t<meta name=\"twitter:label2\" content=\"Est. tempo de leitura\" \/>\n\t<meta name=\"twitter:data2\" content=\"10 minutos\" \/>\n<script type=\"application\/ld+json\" class=\"yoast-schema-graph\">{\"@context\":\"https:\/\/schema.org\",\"@graph\":[{\"@type\":\"Article\",\"@id\":\"https:\/\/rioonwatch.org.br\/?p=57701#article\",\"isPartOf\":{\"@id\":\"https:\/\/rioonwatch.org.br\/?p=57701\"},\"author\":{\"name\":\"Admin\",\"@id\":\"https:\/\/rioonwatch.org.br\/#\/schema\/person\/11d64c290506f9df50c71b850c473f68\"},\"headline\":\"A Vitoriosa Presen\u00e7a Negra de Atletas do Brasil nas Olimp\u00edadas de T\u00f3quio #OQueDizemAsRedes\",\"datePublished\":\"2021-08-07T15:27:47+00:00\",\"dateModified\":\"2024-07-10T12:32:58+00:00\",\"mainEntityOfPage\":{\"@id\":\"https:\/\/rioonwatch.org.br\/?p=57701\"},\"wordCount\":2177,\"publisher\":{\"@id\":\"https:\/\/rioonwatch.org.br\/#organization\"},\"image\":{\"@id\":\"https:\/\/rioonwatch.org.br\/?p=57701#primaryimage\"},\"thumbnailUrl\":\"https:\/\/rioonwatch.org.br\/wp-content\/uploads\/2021\/08\/Arte-original-por-Raquel-Batista.png\",\"keywords\":[\"#OQueDizemAsRedes\",\"Antirracismo\",\"Atlanta\",\"compara\u00e7\u00e3o internacional\",\"Complexo da Mar\u00e9\",\"coronav\u00edrus\",\"Ditadura Militar\",\"esporte\",\"EUA\",\"funk\",\"futebol\",\"Jap\u00e3o\",\"LGBTQIAPN+\",\"Megaeventos\",\"m\u00eddia social\",\"Olimp\u00edadas\",\"Peru\",\"S\u00e3o Paulo\",\"S\u00e9rie\",\"S\u00e9rie: Antirracismo\",\"T\u00f3quio\"],\"articleSection\":[\"#OlhoNoLegado\",\"#Rio2016\",\"*Destaque\",\"Escrito por Comunicadores Populares\",\"Solu\u00e7\u00f5es\"],\"inLanguage\":\"pt-BR\"},{\"@type\":\"WebPage\",\"@id\":\"https:\/\/rioonwatch.org.br\/?p=57701\",\"url\":\"https:\/\/rioonwatch.org.br\/?p=57701\",\"name\":\"A Vitoriosa Presen\u00e7a Negra de Atletas do Brasil nas Olimp\u00edadas de T\u00f3quio #OQueDizemAsRedes - RioOnWatch\",\"isPartOf\":{\"@id\":\"https:\/\/rioonwatch.org.br\/#website\"},\"primaryImageOfPage\":{\"@id\":\"https:\/\/rioonwatch.org.br\/?p=57701#primaryimage\"},\"image\":{\"@id\":\"https:\/\/rioonwatch.org.br\/?p=57701#primaryimage\"},\"thumbnailUrl\":\"https:\/\/rioonwatch.org.br\/wp-content\/uploads\/2021\/08\/Arte-original-por-Raquel-Batista.png\",\"datePublished\":\"2021-08-07T15:27:47+00:00\",\"dateModified\":\"2024-07-10T12:32:58+00:00\",\"breadcrumb\":{\"@id\":\"https:\/\/rioonwatch.org.br\/?p=57701#breadcrumb\"},\"inLanguage\":\"pt-BR\",\"potentialAction\":[{\"@type\":\"ReadAction\",\"target\":[\"https:\/\/rioonwatch.org.br\/?p=57701\"]}]},{\"@type\":\"ImageObject\",\"inLanguage\":\"pt-BR\",\"@id\":\"https:\/\/rioonwatch.org.br\/?p=57701#primaryimage\",\"url\":\"https:\/\/rioonwatch.org.br\/wp-content\/uploads\/2021\/08\/Arte-original-por-Raquel-Batista.png\",\"contentUrl\":\"https:\/\/rioonwatch.org.br\/wp-content\/uploads\/2021\/08\/Arte-original-por-Raquel-Batista.png\",\"width\":4960,\"height\":2112,\"caption\":\"Arte original por Raquel Batista\"},{\"@type\":\"BreadcrumbList\",\"@id\":\"https:\/\/rioonwatch.org.br\/?p=57701#breadcrumb\",\"itemListElement\":[{\"@type\":\"ListItem\",\"position\":1,\"name\":\"In\u00edcio\",\"item\":\"https:\/\/rioonwatch.org.br\/\"},{\"@type\":\"ListItem\",\"position\":2,\"name\":\"A Vitoriosa Presen\u00e7a Negra de Atletas do Brasil nas Olimp\u00edadas de T\u00f3quio #OQueDizemAsRedes\"}]},{\"@type\":\"WebSite\",\"@id\":\"https:\/\/rioonwatch.org.br\/#website\",\"url\":\"https:\/\/rioonwatch.org.br\/\",\"name\":\"RioOnWatch\",\"description\":\"relatos das favelas cariocas\",\"publisher\":{\"@id\":\"https:\/\/rioonwatch.org.br\/#organization\"},\"potentialAction\":[{\"@type\":\"SearchAction\",\"target\":{\"@type\":\"EntryPoint\",\"urlTemplate\":\"https:\/\/rioonwatch.org.br\/?s={search_term_string}\"},\"query-input\":{\"@type\":\"PropertyValueSpecification\",\"valueRequired\":true,\"valueName\":\"search_term_string\"}}],\"inLanguage\":\"pt-BR\"},{\"@type\":\"Organization\",\"@id\":\"https:\/\/rioonwatch.org.br\/#organization\",\"name\":\"RioOnWatch\",\"url\":\"https:\/\/rioonwatch.org.br\/\",\"logo\":{\"@type\":\"ImageObject\",\"inLanguage\":\"pt-BR\",\"@id\":\"https:\/\/rioonwatch.org.br\/#\/schema\/logo\/image\/\",\"url\":\"https:\/\/rioonwatch.org.br\/wp-content\/uploads\/2021\/06\/RioOnWatchcabecalhoPT11anos-2.png\",\"contentUrl\":\"https:\/\/rioonwatch.org.br\/wp-content\/uploads\/2021\/06\/RioOnWatchcabecalhoPT11anos-2.png\",\"width\":779,\"height\":277,\"caption\":\"RioOnWatch\"},\"image\":{\"@id\":\"https:\/\/rioonwatch.org.br\/#\/schema\/logo\/image\/\"}},{\"@type\":\"Person\",\"@id\":\"https:\/\/rioonwatch.org.br\/#\/schema\/person\/11d64c290506f9df50c71b850c473f68\",\"name\":\"Admin\",\"image\":{\"@type\":\"ImageObject\",\"inLanguage\":\"pt-BR\",\"@id\":\"https:\/\/rioonwatch.org.br\/#\/schema\/person\/image\/\",\"url\":\"https:\/\/secure.gravatar.com\/avatar\/56211ac74568383903349a1485e3c325?s=96&d=blank&r=g\",\"contentUrl\":\"https:\/\/secure.gravatar.com\/avatar\/56211ac74568383903349a1485e3c325?s=96&d=blank&r=g\",\"caption\":\"Admin\"},\"url\":\"https:\/\/rioonwatch.org.br\/?author=129\"}]}<\/script>\n<!-- \/ Yoast SEO plugin. -->","yoast_head_json":{"title":"A Vitoriosa Presen\u00e7a Negra de Atletas do Brasil nas Olimp\u00edadas de T\u00f3quio #OQueDizemAsRedes - RioOnWatch","robots":{"index":"index","follow":"follow","max-snippet":"max-snippet:-1","max-image-preview":"max-image-preview:large","max-video-preview":"max-video-preview:-1"},"canonical":"https:\/\/rioonwatch.org.br\/?p=57701","og_locale":"pt_BR","og_type":"article","og_title":"A Vitoriosa Presen\u00e7a Negra de Atletas do Brasil nas Olimp\u00edadas de T\u00f3quio #OQueDizemAsRedes - RioOnWatch","og_description":"Click Here for English Esta mat\u00e9ria faz parte da s\u00e9rie\u00a0#OQueDizemAsRedes que traz pontos de vista publicados nas redes sociais, de moradores e ativistas de favela, sobre eventos e temas urgentes, e faz parte da s\u00e9rie [...]","og_url":"https:\/\/rioonwatch.org.br\/?p=57701","og_site_name":"RioOnWatch","article_published_time":"2021-08-07T15:27:47+00:00","article_modified_time":"2024-07-10T12:32:58+00:00","og_image":[{"width":1030,"height":439,"url":"https:\/\/rioonwatch.org.br\/wp-content\/uploads\/2021\/08\/Arte-original-por-Raquel-Batista-1030x439.png","type":"image\/png"}],"author":"Admin","twitter_card":"summary_large_image","twitter_misc":{"Escrito por":"Admin","Est. tempo de leitura":"10 minutos"},"schema":{"@context":"https:\/\/schema.org","@graph":[{"@type":"Article","@id":"https:\/\/rioonwatch.org.br\/?p=57701#article","isPartOf":{"@id":"https:\/\/rioonwatch.org.br\/?p=57701"},"author":{"name":"Admin","@id":"https:\/\/rioonwatch.org.br\/#\/schema\/person\/11d64c290506f9df50c71b850c473f68"},"headline":"A Vitoriosa Presen\u00e7a Negra de Atletas do Brasil nas Olimp\u00edadas de T\u00f3quio #OQueDizemAsRedes","datePublished":"2021-08-07T15:27:47+00:00","dateModified":"2024-07-10T12:32:58+00:00","mainEntityOfPage":{"@id":"https:\/\/rioonwatch.org.br\/?p=57701"},"wordCount":2177,"publisher":{"@id":"https:\/\/rioonwatch.org.br\/#organization"},"image":{"@id":"https:\/\/rioonwatch.org.br\/?p=57701#primaryimage"},"thumbnailUrl":"https:\/\/rioonwatch.org.br\/wp-content\/uploads\/2021\/08\/Arte-original-por-Raquel-Batista.png","keywords":["#OQueDizemAsRedes","Antirracismo","Atlanta","compara\u00e7\u00e3o internacional","Complexo da Mar\u00e9","coronav\u00edrus","Ditadura Militar","esporte","EUA","funk","futebol","Jap\u00e3o","LGBTQIAPN+","Megaeventos","m\u00eddia social","Olimp\u00edadas","Peru","S\u00e3o Paulo","S\u00e9rie","S\u00e9rie: Antirracismo","T\u00f3quio"],"articleSection":["#OlhoNoLegado","#Rio2016","*Destaque","Escrito por Comunicadores Populares","Solu\u00e7\u00f5es"],"inLanguage":"pt-BR"},{"@type":"WebPage","@id":"https:\/\/rioonwatch.org.br\/?p=57701","url":"https:\/\/rioonwatch.org.br\/?p=57701","name":"A Vitoriosa Presen\u00e7a Negra de Atletas do Brasil nas Olimp\u00edadas de T\u00f3quio #OQueDizemAsRedes - RioOnWatch","isPartOf":{"@id":"https:\/\/rioonwatch.org.br\/#website"},"primaryImageOfPage":{"@id":"https:\/\/rioonwatch.org.br\/?p=57701#primaryimage"},"image":{"@id":"https:\/\/rioonwatch.org.br\/?p=57701#primaryimage"},"thumbnailUrl":"https:\/\/rioonwatch.org.br\/wp-content\/uploads\/2021\/08\/Arte-original-por-Raquel-Batista.png","datePublished":"2021-08-07T15:27:47+00:00","dateModified":"2024-07-10T12:32:58+00:00","breadcrumb":{"@id":"https:\/\/rioonwatch.org.br\/?p=57701#breadcrumb"},"inLanguage":"pt-BR","potentialAction":[{"@type":"ReadAction","target":["https:\/\/rioonwatch.org.br\/?p=57701"]}]},{"@type":"ImageObject","inLanguage":"pt-BR","@id":"https:\/\/rioonwatch.org.br\/?p=57701#primaryimage","url":"https:\/\/rioonwatch.org.br\/wp-content\/uploads\/2021\/08\/Arte-original-por-Raquel-Batista.png","contentUrl":"https:\/\/rioonwatch.org.br\/wp-content\/uploads\/2021\/08\/Arte-original-por-Raquel-Batista.png","width":4960,"height":2112,"caption":"Arte original por Raquel Batista"},{"@type":"BreadcrumbList","@id":"https:\/\/rioonwatch.org.br\/?p=57701#breadcrumb","itemListElement":[{"@type":"ListItem","position":1,"name":"In\u00edcio","item":"https:\/\/rioonwatch.org.br\/"},{"@type":"ListItem","position":2,"name":"A Vitoriosa Presen\u00e7a Negra de Atletas do Brasil nas Olimp\u00edadas de T\u00f3quio #OQueDizemAsRedes"}]},{"@type":"WebSite","@id":"https:\/\/rioonwatch.org.br\/#website","url":"https:\/\/rioonwatch.org.br\/","name":"RioOnWatch","description":"relatos das favelas cariocas","publisher":{"@id":"https:\/\/rioonwatch.org.br\/#organization"},"potentialAction":[{"@type":"SearchAction","target":{"@type":"EntryPoint","urlTemplate":"https:\/\/rioonwatch.org.br\/?s={search_term_string}"},"query-input":{"@type":"PropertyValueSpecification","valueRequired":true,"valueName":"search_term_string"}}],"inLanguage":"pt-BR"},{"@type":"Organization","@id":"https:\/\/rioonwatch.org.br\/#organization","name":"RioOnWatch","url":"https:\/\/rioonwatch.org.br\/","logo":{"@type":"ImageObject","inLanguage":"pt-BR","@id":"https:\/\/rioonwatch.org.br\/#\/schema\/logo\/image\/","url":"https:\/\/rioonwatch.org.br\/wp-content\/uploads\/2021\/06\/RioOnWatchcabecalhoPT11anos-2.png","contentUrl":"https:\/\/rioonwatch.org.br\/wp-content\/uploads\/2021\/06\/RioOnWatchcabecalhoPT11anos-2.png","width":779,"height":277,"caption":"RioOnWatch"},"image":{"@id":"https:\/\/rioonwatch.org.br\/#\/schema\/logo\/image\/"}},{"@type":"Person","@id":"https:\/\/rioonwatch.org.br\/#\/schema\/person\/11d64c290506f9df50c71b850c473f68","name":"Admin","image":{"@type":"ImageObject","inLanguage":"pt-BR","@id":"https:\/\/rioonwatch.org.br\/#\/schema\/person\/image\/","url":"https:\/\/secure.gravatar.com\/avatar\/56211ac74568383903349a1485e3c325?s=96&d=blank&r=g","contentUrl":"https:\/\/secure.gravatar.com\/avatar\/56211ac74568383903349a1485e3c325?s=96&d=blank&r=g","caption":"Admin"},"url":"https:\/\/rioonwatch.org.br\/?author=129"}]}},"_links":{"self":[{"href":"https:\/\/rioonwatch.org.br\/index.php?rest_route=\/wp\/v2\/posts\/57701"}],"collection":[{"href":"https:\/\/rioonwatch.org.br\/index.php?rest_route=\/wp\/v2\/posts"}],"about":[{"href":"https:\/\/rioonwatch.org.br\/index.php?rest_route=\/wp\/v2\/types\/post"}],"author":[{"embeddable":true,"href":"https:\/\/rioonwatch.org.br\/index.php?rest_route=\/wp\/v2\/users\/129"}],"replies":[{"embeddable":true,"href":"https:\/\/rioonwatch.org.br\/index.php?rest_route=%2Fwp%2Fv2%2Fcomments&post=57701"}],"version-history":[{"count":58,"href":"https:\/\/rioonwatch.org.br\/index.php?rest_route=\/wp\/v2\/posts\/57701\/revisions"}],"predecessor-version":[{"id":60647,"href":"https:\/\/rioonwatch.org.br\/index.php?rest_route=\/wp\/v2\/posts\/57701\/revisions\/60647"}],"wp:featuredmedia":[{"embeddable":true,"href":"https:\/\/rioonwatch.org.br\/index.php?rest_route=\/wp\/v2\/media\/58037"}],"wp:attachment":[{"href":"https:\/\/rioonwatch.org.br\/index.php?rest_route=%2Fwp%2Fv2%2Fmedia&parent=57701"}],"wp:term":[{"taxonomy":"category","embeddable":true,"href":"https:\/\/rioonwatch.org.br\/index.php?rest_route=%2Fwp%2Fv2%2Fcategories&post=57701"},{"taxonomy":"post_tag","embeddable":true,"href":"https:\/\/rioonwatch.org.br\/index.php?rest_route=%2Fwp%2Fv2%2Ftags&post=57701"},{"taxonomy":"writer","embeddable":true,"href":"https:\/\/rioonwatch.org.br\/index.php?rest_route=%2Fwp%2Fv2%2Fwriter&post=57701"},{"taxonomy":"translator","embeddable":true,"href":"https:\/\/rioonwatch.org.br\/index.php?rest_route=%2Fwp%2Fv2%2Ftranslator&post=57701"},{"taxonomy":"source","embeddable":true,"href":"https:\/\/rioonwatch.org.br\/index.php?rest_route=%2Fwp%2Fv2%2Fsource&post=57701"},{"taxonomy":"ilustrador","embeddable":true,"href":"https:\/\/rioonwatch.org.br\/index.php?rest_route=%2Fwp%2Fv2%2Filustrador&post=57701"},{"taxonomy":"fotografo","embeddable":true,"href":"https:\/\/rioonwatch.org.br\/index.php?rest_route=%2Fwp%2Fv2%2Ffotografo&post=57701"}],"curies":[{"name":"wp","href":"https:\/\/api.w.org\/{rel}","templated":true}]}}