{"id":57908,"date":"2021-08-18T12:44:56","date_gmt":"2021-08-18T15:44:56","guid":{"rendered":"https:\/\/rioonwatch.org.br\/?p=57908"},"modified":"2024-06-20T16:23:10","modified_gmt":"2024-06-20T19:23:10","slug":"atletas-olimpicos-negros-costumam-ter-o-peso-do-mundo-sobre-os-ombros-discute-o-racismo-nas-olimpiadas-resenha","status":"publish","type":"post","link":"https:\/\/rioonwatch.org.br\/?p=57908","title":{"rendered":"&#8216;Atletas Ol\u00edmpicos Negros Costumam Ter o Peso do Mundo Sobre os Ombros&#8217; [RESENHA]"},"content":{"rendered":"<p>&#8220;Eu realmente sinto como se tivesse o peso do mundo sobre os meus ombros.&#8221; O epis\u00f3dio &#8220;<a href=\"https:\/\/n.pr\/3zUV05f\" target=\"_blank\" rel=\"noopener\"><em>Black Olympians Often Have &#8216;The Weight Of The World&#8217; On Their Shoulders<\/em><\/a>&#8220;, ou &#8220;Atletas Negros Costumam Ter o Peso do Mundo Sobre os Ombros&#8221;, do programa de podcast\u00a0<em><a href=\"https:\/\/n.pr\/3mbn6pd\" target=\"_blank\" rel=\"noopener\">Consider This<\/a><\/em> da r\u00e1dio p\u00fablica norte-americana\u00a0<em><a href=\"https:\/\/n.pr\/3AqESJ1\" target=\"_blank\" rel=\"noopener\">NPR<\/a><\/em>, denuncia o racismo nas olimp\u00edadas, explorando o impacto na sa\u00fade mental dos atletas negros e trazendo o debate sobre a norma da Carta Ol\u00edmpica, que pro\u00edbe manifesta\u00e7\u00f5es pol\u00edticas e de cunho racial de acontecerem durante eventos ol\u00edmpicos, o que, segundo os entrevistados, pune injusta e desigualmente atletas negros.<\/p>\n<p><span style=\"font-weight: 400;\"><a href=\"https:\/\/rioonwatch.org.br\/wp-content\/uploads\/2021\/08\/Simone-Biles-melhor-ginasta-do-mundo-favoritissima-dos-Jogos-Olimpicos-Tokyo-2020-desistiu-da-maior-parte-das-competicoes-olimpicas-para-preservar-sua-saude-mental.-scaled.jpg\"><img fetchpriority=\"high\" decoding=\"async\" class=\"wp-image-57956 alignright\" title=\"Simone Biles, melhor ginasta do mundo, favorit\u00edssima dos Jogos Ol\u00edmpicos Tokyo 2020, desistiu da maior parte das competi\u00e7\u00f5es ol\u00edmpicas para preservar sua sa\u00fade mental.\" src=\"https:\/\/rioonwatch.org.br\/wp-content\/uploads\/2021\/08\/Simone-Biles-melhor-ginasta-do-mundo-favoritissima-dos-Jogos-Olimpicos-Tokyo-2020-desistiu-da-maior-parte-das-competicoes-olimpicas-para-preservar-sua-saude-mental.-scaled.jpg\" alt=\"Simone Biles, melhor ginasta do mundo, favorit\u00edssima dos Jogos Ol\u00edmpicos Tokyo 2020, desistiu da maior parte das competi\u00e7\u00f5es ol\u00edmpicas para preservar sua sa\u00fade mental.\" width=\"300\" height=\"200\" srcset=\"https:\/\/rioonwatch.org.br\/wp-content\/uploads\/2021\/08\/Simone-Biles-melhor-ginasta-do-mundo-favoritissima-dos-Jogos-Olimpicos-Tokyo-2020-desistiu-da-maior-parte-das-competicoes-olimpicas-para-preservar-sua-saude-mental.-scaled.jpg 2560w, https:\/\/rioonwatch.org.br\/wp-content\/uploads\/2021\/08\/Simone-Biles-melhor-ginasta-do-mundo-favoritissima-dos-Jogos-Olimpicos-Tokyo-2020-desistiu-da-maior-parte-das-competicoes-olimpicas-para-preservar-sua-saude-mental.-620x413.jpg 620w, https:\/\/rioonwatch.org.br\/wp-content\/uploads\/2021\/08\/Simone-Biles-melhor-ginasta-do-mundo-favoritissima-dos-Jogos-Olimpicos-Tokyo-2020-desistiu-da-maior-parte-das-competicoes-olimpicas-para-preservar-sua-saude-mental.-1024x683.jpg 1024w, https:\/\/rioonwatch.org.br\/wp-content\/uploads\/2021\/08\/Simone-Biles-melhor-ginasta-do-mundo-favoritissima-dos-Jogos-Olimpicos-Tokyo-2020-desistiu-da-maior-parte-das-competicoes-olimpicas-para-preservar-sua-saude-mental.-396x264.jpg 396w, https:\/\/rioonwatch.org.br\/wp-content\/uploads\/2021\/08\/Simone-Biles-melhor-ginasta-do-mundo-favoritissima-dos-Jogos-Olimpicos-Tokyo-2020-desistiu-da-maior-parte-das-competicoes-olimpicas-para-preservar-sua-saude-mental.-768x512.jpg 768w, https:\/\/rioonwatch.org.br\/wp-content\/uploads\/2021\/08\/Simone-Biles-melhor-ginasta-do-mundo-favoritissima-dos-Jogos-Olimpicos-Tokyo-2020-desistiu-da-maior-parte-das-competicoes-olimpicas-para-preservar-sua-saude-mental.-1536x1024.jpg 1536w, https:\/\/rioonwatch.org.br\/wp-content\/uploads\/2021\/08\/Simone-Biles-melhor-ginasta-do-mundo-favoritissima-dos-Jogos-Olimpicos-Tokyo-2020-desistiu-da-maior-parte-das-competicoes-olimpicas-para-preservar-sua-saude-mental.-2048x1366.jpg 2048w\" sizes=\"(max-width: 300px) 100vw, 300px\" \/><\/a><a href=\"https:\/\/bit.ly\/3AvOa6x\" target=\"_blank\" rel=\"noopener\">Simone Biles<\/a> \u00e9 a ginasta mais reconhecida a n\u00edvel mundial. Com s\u00f3 <a href=\"https:\/\/bit.ly\/2U8SysC\" target=\"_blank\" rel=\"noopener\">24 anos, ela j\u00e1 ganhou 36 medalhas nas Olimp\u00edadas, das quais 27 foram de ouro<\/a>. Por\u00e9m, algo mudou este ano: na metade da primeira semana, a supercampe\u00e3 anunciou que n\u00e3o iria participar das competi\u00e7\u00f5es em T\u00f3quio por tempo indefinido, nem pelo time dos <a href=\"https:\/\/bit.ly\/2y11XaE\" target=\"_blank\" rel=\"noopener\">Estados Unidos<\/a>, nem nas disputas individuais. Isso geralmente acontece em Jogos Ol\u00edmpicos nos casos de les\u00f5es f\u00edsicas\u2014como tor\u00e7\u00f5es, fraturas, contraturas musculares, rompimento de ligamentos e outros. Mas Simone Biles deixou n\u00edtido que a situa\u00e7\u00e3o dela era diferente: era sobre <a href=\"http:\/\/bit.ly\/2BySNze\" target=\"_blank\" rel=\"noopener\">sa\u00fade mental<\/a>, sobre a press\u00e3o pela perfei\u00e7\u00e3o. <\/span><span style=\"font-weight: 400;\">Todos os atletas sempre est\u00e3o sob press\u00e3o, algo que afeta severamente o psicol\u00f3gico das pessoas. Mas para Simone e para outros atletas negros de alto n\u00edvel, essa press\u00e3o fica ainda maior. Segundo as palavras da supercampe\u00e3, postadas <a href=\"https:\/\/bit.ly\/3xZ5TSa\" target=\"_blank\" rel=\"noopener\">em suas redes sociais<\/a>, ela se sente carregando &#8220;o peso do mundo\u201d sobre os ombros.<\/span><\/p>\n<blockquote class=\"instagram-media\" style=\"background: #FFF; border: 0; border-radius: 3px; box-shadow: 0 0 1px 0 rgba(0,0,0,0.5),0 1px 10px 0 rgba(0,0,0,0.15); margin: 1px; max-width: 540px; min-width: 326px; padding: 0; width: calc(100% - 2px);\" data-instgrm-captioned=\"\" data-instgrm-permalink=\"https:\/\/www.instagram.com\/p\/CRxsq_kBZrP\/?utm_source=ig_embed&amp;utm_campaign=loading\" data-instgrm-version=\"13\">\n<div style=\"padding: 16px;\">\n<p>&nbsp;<\/p>\n<div style=\"display: flex; flex-direction: row; align-items: center;\">\n<div style=\"background-color: #f4f4f4; border-radius: 50%; flex-grow: 0; height: 40px; margin-right: 14px; width: 40px;\"><\/div>\n<div style=\"display: flex; flex-direction: column; flex-grow: 1; justify-content: center;\">\n<div style=\"background-color: #f4f4f4; border-radius: 4px; flex-grow: 0; height: 14px; margin-bottom: 6px; width: 100px;\"><\/div>\n<div style=\"background-color: #f4f4f4; border-radius: 4px; flex-grow: 0; height: 14px; width: 60px;\"><\/div>\n<\/div>\n<\/div>\n<div style=\"padding: 19% 0;\"><\/div>\n<div style=\"display: block; height: 50px; margin: 0 auto 12px; width: 50px;\"><\/div>\n<div style=\"padding-top: 8px;\">\n<div style=\"color: #3897f0; font-family: Arial,sans-serif; font-size: 14px; font-style: normal; font-weight: 550; line-height: 18px;\">Ver essa foto no Instagram<\/div>\n<\/div>\n<div style=\"padding: 12.5% 0;\"><\/div>\n<div style=\"display: flex; flex-direction: row; margin-bottom: 14px; align-items: center;\">\n<div>\n<div style=\"background-color: #f4f4f4; border-radius: 50%; height: 12.5px; width: 12.5px; transform: translateX(0px) translateY(7px);\"><\/div>\n<div style=\"background-color: #f4f4f4; height: 12.5px; transform: rotate(-45deg) translateX(3px) translateY(1px); width: 12.5px; flex-grow: 0; margin-right: 14px; margin-left: 2px;\"><\/div>\n<div style=\"background-color: #f4f4f4; border-radius: 50%; height: 12.5px; width: 12.5px; transform: translateX(9px) translateY(-18px);\"><\/div>\n<\/div>\n<div style=\"margin-left: 8px;\">\n<div style=\"background-color: #f4f4f4; border-radius: 50%; flex-grow: 0; height: 20px; width: 20px;\"><\/div>\n<div style=\"width: 0; height: 0; border-top: 2px solid transparent; border-left: 6px solid #F4F4F4; border-bottom: 2px solid transparent; transform: translateX(16px) translateY(-4px) rotate(30deg);\"><\/div>\n<\/div>\n<div style=\"margin-left: auto;\">\n<div style=\"width: 0px; border-top: 8px solid #F4F4F4; border-right: 8px solid transparent; transform: translateY(16px);\"><\/div>\n<div style=\"background-color: #f4f4f4; flex-grow: 0; height: 12px; width: 16px; transform: translateY(-4px);\"><\/div>\n<div style=\"width: 0; height: 0; border-top: 8px solid #F4F4F4; border-left: 8px solid transparent; transform: translateY(-4px) translateX(8px);\"><\/div>\n<\/div>\n<\/div>\n<div style=\"display: flex; flex-direction: column; flex-grow: 1; justify-content: center; margin-bottom: 24px;\">\n<div style=\"background-color: #f4f4f4; border-radius: 4px; flex-grow: 0; height: 14px; margin-bottom: 6px; width: 224px;\"><\/div>\n<div style=\"background-color: #f4f4f4; border-radius: 4px; flex-grow: 0; height: 14px; width: 144px;\"><\/div>\n<\/div>\n<p>&nbsp;<\/p>\n<p style=\"color: #c9c8cd; font-family: Arial,sans-serif; font-size: 14px; line-height: 17px; margin-bottom: 0; margin-top: 8px; overflow: hidden; padding: 8px 0 7px; text-align: center; text-overflow: ellipsis; white-space: nowrap;\"><a style=\"color: #c9c8cd; font-family: Arial,sans-serif; font-size: 14px; font-style: normal; font-weight: normal; line-height: 17px; text-decoration: none;\" href=\"https:\/\/www.instagram.com\/p\/CRxsq_kBZrP\/?utm_source=ig_embed&amp;utm_campaign=loading\" target=\"_blank\" rel=\"noopener\">Uma publica\u00e7\u00e3o compartilhada por Simone Biles (@simonebiles)<\/a><\/p>\n<\/div>\n<\/blockquote>\n<p><script async src=\"\/\/www.instagram.com\/embed.js\"><\/script><\/p>\n<blockquote><p><em>&#8220;preliminares &#x2611;&#xfe0f; agora \u00e9 se preparar para a final.<\/em><\/p>\n<p><em>n\u00e3o foi um dia f\u00e1cil ou o meu melhor, mas eu consegui. Eu realmente sinto como se tivesse o peso do mundo sobre os meus ombros \u00e0s vezes. Eu sei que eu disfar\u00e7o bem e fa\u00e7o parecer que a press\u00e3o n\u00e3o me afeta, mas caramba, \u00e0s vezes, isso \u00e9 duro hahaha! A olimp\u00edada n\u00e3o \u00e9 piada! MAS estou feliz que minha fam\u00edlia p\u00f4de estar comigo virtualmente &#x1f90d; eles significam o mundo para mim!&#8221;<\/em><\/p><\/blockquote>\n<p><span style=\"font-weight: 400;\"><a href=\"https:\/\/rioonwatch.org.br\/wp-content\/uploads\/2021\/08\/Naomi-Osaka-japonesa-negra-e-uma-das-maiores-tenistas-da-historia-do-esporte-acende-a-Pira-Olimpica-durante-a-cerimonia-de-abertura-Tokyo-2020..jpg\"><img decoding=\"async\" class=\"wp-image-57934 alignright\" title=\"Naomi Osaka, japonesa, negra e uma das maiores tenistas da hist\u00f3ria do esporte, acende a Pira Ol\u00edmpica durante a cerim\u00f4nia de abertura Tokyo 2020.\" src=\"https:\/\/rioonwatch.org.br\/wp-content\/uploads\/2021\/08\/Naomi-Osaka-japonesa-negra-e-uma-das-maiores-tenistas-da-historia-do-esporte-acende-a-Pira-Olimpica-durante-a-cerimonia-de-abertura-Tokyo-2020..jpg\" alt=\"Naomi Osaka, japonesa, negra e uma das maiores tenistas da hist\u00f3ria do esporte, acende a Pira Ol\u00edmpica durante a cerim\u00f4nia de abertura Tokyo 2020.\" width=\"300\" height=\"300\" srcset=\"https:\/\/rioonwatch.org.br\/wp-content\/uploads\/2021\/08\/Naomi-Osaka-japonesa-negra-e-uma-das-maiores-tenistas-da-historia-do-esporte-acende-a-Pira-Olimpica-durante-a-cerimonia-de-abertura-Tokyo-2020..jpg 1080w, https:\/\/rioonwatch.org.br\/wp-content\/uploads\/2021\/08\/Naomi-Osaka-japonesa-negra-e-uma-das-maiores-tenistas-da-historia-do-esporte-acende-a-Pira-Olimpica-durante-a-cerimonia-de-abertura-Tokyo-2020.-620x620.jpg 620w, https:\/\/rioonwatch.org.br\/wp-content\/uploads\/2021\/08\/Naomi-Osaka-japonesa-negra-e-uma-das-maiores-tenistas-da-historia-do-esporte-acende-a-Pira-Olimpica-durante-a-cerimonia-de-abertura-Tokyo-2020.-1024x1024.jpg 1024w, https:\/\/rioonwatch.org.br\/wp-content\/uploads\/2021\/08\/Naomi-Osaka-japonesa-negra-e-uma-das-maiores-tenistas-da-historia-do-esporte-acende-a-Pira-Olimpica-durante-a-cerimonia-de-abertura-Tokyo-2020.-264x264.jpg 264w, https:\/\/rioonwatch.org.br\/wp-content\/uploads\/2021\/08\/Naomi-Osaka-japonesa-negra-e-uma-das-maiores-tenistas-da-historia-do-esporte-acende-a-Pira-Olimpica-durante-a-cerimonia-de-abertura-Tokyo-2020.-768x768.jpg 768w\" sizes=\"(max-width: 300px) 100vw, 300px\" \/><\/a>Nos \u00faltimos anos, v\u00e1rios atletas ol\u00edmpicos t\u00eam falado mais abertamente sobre sa\u00fade mental como um obst\u00e1culo, alguns lidam com depress\u00e3o ou t\u00eam mencionado que t\u00eam come\u00e7ado a tomar tratamentos anti-depressivos, inclusive a tenista Naomi Osaka decidiu retirar-se este ano do <a href=\"https:\/\/bit.ly\/3xyqvAk\" target=\"_blank\" rel=\"noopener\">French Open, tamb\u00e9m conhecido como Roland Garos<\/a>, e de <a href=\"https:\/\/bit.ly\/3CvY3Tk\" target=\"_blank\" rel=\"noopener\">Wimbledon<\/a>, dizendo querer focar na sua sa\u00fade mental. Apesar de se retirar s\u00f3 em 2021, a tenista disse j\u00e1 vir sofrendo mentalmente durante suas participa\u00e7\u00f5es em competi\u00e7\u00f5es esportivas anteriores, pelo menos desde o <a href=\"https:\/\/bit.ly\/3s3SDKw\" target=\"_blank\" rel=\"noopener\">US Open<\/a> 2018.<\/span><\/p>\n<p><span style=\"font-weight: 400;\">O professor da Universidade de Denver, Mark Aoyagi, explica que, de muitas maneiras, as competi\u00e7\u00f5es de elite s\u00e3o inerentemente prejudiciais \u00e0 sa\u00fade: &#8220;\u00e0s vezes a sa\u00fade mental nesse contexto \u00e9 sobre gerenciar a capacidade de funcionar\u201d. Simone Biles e Naomi Osaka t\u00eam capacidade f\u00edsica perfeita, corpos moldados por anos para seus respectivos esportes, mas que n\u00e3o s\u00e3o m\u00e1quina. O corpo pressup\u00f5e a mente para funcionar e, quando h\u00e1 problemas de sa\u00fade mental, quando a cabe\u00e7a n\u00e3o est\u00e1 saud\u00e1vel, deve-se reconhecer o momento de parar.<\/span><\/p>\n<blockquote class=\"instagram-media\" style=\"background: #FFF; border: 0; border-radius: 3px; box-shadow: 0 0 1px 0 rgba(0,0,0,0.5),0 1px 10px 0 rgba(0,0,0,0.15); margin: 1px; max-width: 540px; min-width: 326px; padding: 0; width: calc(100% - 2px);\" data-instgrm-captioned=\"\" data-instgrm-permalink=\"https:\/\/www.instagram.com\/p\/CPi9kJHJfxO\/?utm_source=ig_embed&amp;utm_campaign=loading\" data-instgrm-version=\"13\">\n<div style=\"padding: 16px;\">\n<p>&nbsp;<\/p>\n<div style=\"display: flex; flex-direction: row; align-items: center;\">\n<div style=\"background-color: #f4f4f4; border-radius: 50%; flex-grow: 0; height: 40px; margin-right: 14px; width: 40px;\"><\/div>\n<div style=\"display: flex; flex-direction: column; flex-grow: 1; justify-content: center;\">\n<div style=\"background-color: #f4f4f4; border-radius: 4px; flex-grow: 0; height: 14px; margin-bottom: 6px; width: 100px;\"><\/div>\n<div style=\"background-color: #f4f4f4; border-radius: 4px; flex-grow: 0; height: 14px; width: 60px;\"><\/div>\n<\/div>\n<\/div>\n<div style=\"padding: 19% 0;\"><\/div>\n<div style=\"display: block; height: 50px; margin: 0 auto 12px; width: 50px;\"><\/div>\n<div style=\"padding-top: 8px;\">\n<div style=\"color: #3897f0; font-family: Arial,sans-serif; font-size: 14px; font-style: normal; font-weight: 550; line-height: 18px;\">Ver essa foto no Instagram<\/div>\n<\/div>\n<div style=\"padding: 12.5% 0;\"><\/div>\n<div style=\"display: flex; flex-direction: row; margin-bottom: 14px; align-items: center;\">\n<div>\n<div style=\"background-color: #f4f4f4; border-radius: 50%; height: 12.5px; width: 12.5px; transform: translateX(0px) translateY(7px);\"><\/div>\n<div style=\"background-color: #f4f4f4; height: 12.5px; transform: rotate(-45deg) translateX(3px) translateY(1px); width: 12.5px; flex-grow: 0; margin-right: 14px; margin-left: 2px;\"><\/div>\n<div style=\"background-color: #f4f4f4; border-radius: 50%; height: 12.5px; width: 12.5px; transform: translateX(9px) translateY(-18px);\"><\/div>\n<\/div>\n<div style=\"margin-left: 8px;\">\n<div style=\"background-color: #f4f4f4; border-radius: 50%; flex-grow: 0; height: 20px; width: 20px;\"><\/div>\n<div style=\"width: 0; height: 0; border-top: 2px solid transparent; border-left: 6px solid #F4F4F4; border-bottom: 2px solid transparent; transform: translateX(16px) translateY(-4px) rotate(30deg);\"><\/div>\n<\/div>\n<div style=\"margin-left: auto;\">\n<div style=\"width: 0px; border-top: 8px solid #F4F4F4; border-right: 8px solid transparent; transform: translateY(16px);\"><\/div>\n<div style=\"background-color: #f4f4f4; flex-grow: 0; height: 12px; width: 16px; transform: translateY(-4px);\"><\/div>\n<div style=\"width: 0; height: 0; border-top: 8px solid #F4F4F4; border-left: 8px solid transparent; transform: translateY(-4px) translateX(8px);\"><\/div>\n<\/div>\n<\/div>\n<div style=\"display: flex; flex-direction: column; flex-grow: 1; justify-content: center; margin-bottom: 24px;\">\n<div style=\"background-color: #f4f4f4; border-radius: 4px; flex-grow: 0; height: 14px; margin-bottom: 6px; width: 224px;\"><\/div>\n<div style=\"background-color: #f4f4f4; border-radius: 4px; flex-grow: 0; height: 14px; width: 144px;\"><\/div>\n<\/div>\n<p>&nbsp;<\/p>\n<p style=\"color: #c9c8cd; font-family: Arial,sans-serif; font-size: 14px; line-height: 17px; margin-bottom: 0; margin-top: 8px; overflow: hidden; padding: 8px 0 7px; text-align: center; text-overflow: ellipsis; white-space: nowrap;\"><a style=\"color: #c9c8cd; font-family: Arial,sans-serif; font-size: 14px; font-style: normal; font-weight: normal; line-height: 17px; text-decoration: none;\" href=\"https:\/\/www.instagram.com\/p\/CPi9kJHJfxO\/?utm_source=ig_embed&amp;utm_campaign=loading\" target=\"_blank\" rel=\"noopener\">Uma publica\u00e7\u00e3o compartilhada por \u5927\u5742\u306a\u304a\u307f (@naomiosaka)<\/a><\/p>\n<\/div>\n<\/blockquote>\n<p><script async src=\"\/\/www.instagram.com\/embed.js\"><\/script><\/p>\n<blockquote><p>&#8220;Ol\u00e1, pessoal, essa n\u00e3o \u00e9 a situa\u00e7\u00e3o que eu imaginei ou esperei quando postei h\u00e1 alguns dias. Acho que agora a melhor coisa para os outros jogadores e para o meu bem estar \u00e9 me retirar [do torneio] para que todos possam voltar a dar aten\u00e7\u00e3o ao t\u00eanis que est\u00e1 acontecendo em Paris. Eu nunca quis ser uma distra\u00e7\u00e3o e eu aceito que o tempo n\u00e3o foi o ideal e que minha mensagem poderia ter sido mais clara. Mas o mais importante \u00e9 que nunca menosprezaria a sa\u00fade mental ou usaria o termo de forma irrespons\u00e1vel. A verdade \u00e9 que eu tenho sofrido com crises depressivas desde o US Open em 2018 e n\u00e3o tem sido f\u00e1cil lidar com isso. Todos que me conhecem sabem que eu sou introvertida e qualquer um que me veja durante os torneios vai perceber que eu quase sempre estou usando fones de ouvido, j\u00e1 que ajudam a minimizar minha ansiedade social. Apesar da m\u00eddia que cobre o t\u00eanis ter sempre sido gentil comigo (e eu quero me desculpar especialmente com aqueles jornalistas legais que eu possa ter ferido), eu n\u00e3o sou uma comunicadora natural e tenho ondas gigantescas de ansiedade antes de falar com a imprensa internacional. Eu fico muito nervosa e acho estressante sempre tentar me engajar e dar para voc\u00eas as melhores respostas que eu posso. Ent\u00e3o, aqui em Paris, eu j\u00e1 estava me sentindo vulner\u00e1vel e ansiosa ent\u00e3o eu pensei que seria melhor praticar o autocuidado e pular algumas coletivas de imprensa. Eu anunciei preemptivamente porque eu realmente sinto como se as regras fossem muito ultrapassadas em partes e queria apontar isso. Eu escrevi privadamente para o torneio pedindo desculpas e dizendo que seria um prazer falar com eles depois do torneio, j\u00e1 que os Slams\u2014torneiros de t\u00eanis\u2014s\u00e3o intensos. Eu passarei um tempo longe das quadras agora, mas quando a hora certa chegar, eu quero muito trabalhar com o torneio para discutir maneiras de tornar as coisas melhores para os jogadores, para a imprensa e para os f\u00e3s. De qualquer maneira, espero que voc\u00eas estejam bem e ficando seguros, amo voc\u00eas pessoal. At\u00e9 logo, quando for a hora certa.&#8221;<\/p><\/blockquote>\n<p><a href=\"https:\/\/rioonwatch.org.br\/wp-content\/uploads\/2021\/08\/Adolf-Hitler-assista-as-competicoes-no-Estadio-Olimpico-de-Berlim-em-1936-na-Alemanha-Nazista-ao-lado-do-principe-da-coroa-italiana..jpg\"><img decoding=\"async\" class=\"alignright wp-image-57925\" title=\"Adolf Hitler assista as competi\u00e7\u00f5es no Est\u00e1dio Ol\u00edmpico de Berlim, em 1936, na Alemanha Nazista, ao lado do pr\u00edncipe da coroa italiana.\" src=\"https:\/\/rioonwatch.org.br\/wp-content\/uploads\/2021\/08\/Adolf-Hitler-assista-as-competicoes-no-Estadio-Olimpico-de-Berlim-em-1936-na-Alemanha-Nazista-ao-lado-do-principe-da-coroa-italiana..jpg\" alt=\"Adolf Hitler assista as competi\u00e7\u00f5es no Est\u00e1dio Ol\u00edmpico de Berlim, em 1936, na Alemanha Nazista, ao lado do pr\u00edncipe da coroa italiana.\" width=\"300\" height=\"169\" srcset=\"https:\/\/rioonwatch.org.br\/wp-content\/uploads\/2021\/08\/Adolf-Hitler-assista-as-competicoes-no-Estadio-Olimpico-de-Berlim-em-1936-na-Alemanha-Nazista-ao-lado-do-principe-da-coroa-italiana..jpg 940w, https:\/\/rioonwatch.org.br\/wp-content\/uploads\/2021\/08\/Adolf-Hitler-assista-as-competicoes-no-Estadio-Olimpico-de-Berlim-em-1936-na-Alemanha-Nazista-ao-lado-do-principe-da-coroa-italiana.-620x349.jpg 620w, https:\/\/rioonwatch.org.br\/wp-content\/uploads\/2021\/08\/Adolf-Hitler-assista-as-competicoes-no-Estadio-Olimpico-de-Berlim-em-1936-na-Alemanha-Nazista-ao-lado-do-principe-da-coroa-italiana.-469x264.jpg 469w, https:\/\/rioonwatch.org.br\/wp-content\/uploads\/2021\/08\/Adolf-Hitler-assista-as-competicoes-no-Estadio-Olimpico-de-Berlim-em-1936-na-Alemanha-Nazista-ao-lado-do-principe-da-coroa-italiana.-768x432.jpg 768w, https:\/\/rioonwatch.org.br\/wp-content\/uploads\/2021\/08\/Adolf-Hitler-assista-as-competicoes-no-Estadio-Olimpico-de-Berlim-em-1936-na-Alemanha-Nazista-ao-lado-do-principe-da-coroa-italiana.-580x326.jpg 580w, https:\/\/rioonwatch.org.br\/wp-content\/uploads\/2021\/08\/Adolf-Hitler-assista-as-competicoes-no-Estadio-Olimpico-de-Berlim-em-1936-na-Alemanha-Nazista-ao-lado-do-principe-da-coroa-italiana.-174x98.jpg 174w\" sizes=\"(max-width: 300px) 100vw, 300px\" \/><\/a>Para atletas negros, h\u00e1 ainda mais uma camada de press\u00e3o psicol\u00f3gica. Por quase um s\u00e9culo, a pr\u00f3pria institui\u00e7\u00e3o dos <a href=\"https:\/\/bit.ly\/3AmMR9N\" target=\"_blank\" rel=\"noopener\">Jogos Ol\u00edmpicos tem sido formada por uma hist\u00f3ria racista<\/a>, sobretudo com os atletas negros. A hist\u00f3ria racista ol\u00edmpica \u00e9 feita de atletas como o <a href=\"https:\/\/bit.ly\/3xxH5k0\" target=\"_blank\" rel=\"noopener\">Jesse Owens<\/a>, que competiu durante os <a href=\"https:\/\/bit.ly\/3iphcyl\" target=\"_blank\" rel=\"noopener\">Jogos Olimp\u00edcos na Alemanha nazista em 1936<\/a>, e ganhou quatro medalhas de ouro. Hitler, que assistia as competi\u00e7\u00f5es de atletismo no Est\u00e1dio Ol\u00edmpico de Berlim, se retirou do local para n\u00e3o testemunhar a coroa\u00e7\u00e3o de um campe\u00e3o ol\u00edmpico negro. Ainda mais porque Owens ganhou de um ariano alem\u00e3o, <a href=\"https:\/\/bit.ly\/3s5h6iI\" target=\"_blank\" rel=\"noopener\">Luz Long<\/a>, que ficou em segundo lugar. Jesse Owens e Luz Long tornaram-se grandes amigos, apesar das barreiras raciais e pol\u00edticas entre seus dois pa\u00edses.<\/p>\n<p><a href=\"https:\/\/rioonwatch.org.br\/wp-content\/uploads\/2021\/08\/Jesse-Owens-ganhando-o-primeiro-lugar-na-Olimpiada-de-Berlim-ao-lado-do-alemao-Luz-Long.jpg\"><img loading=\"lazy\" decoding=\"async\" class=\"aligncenter wp-image-57924 size-medium\" title=\"Naoto Tajima, medalhista de bronze (\u00e0 esquerda), Jesse Owens, medalhista de ouro (no centro), e Luz Long, alem\u00e3o medalhista de prata (\u00e0 direita), fazendo a sauda\u00e7\u00e3o nazista, durante a Olimp\u00edada de Berlim de 1936, na Alemanha nazista. Hitler assistiu a competi\u00e7\u00e3o no Est\u00e1dio Ol\u00edmpico, mas deixou o local para n\u00e3o testemunhar a cerim\u00f4nia da premia\u00e7\u00e3o da vit\u00f3ria negra sobre os arianos em Berlim\" src=\"https:\/\/rioonwatch.org.br\/wp-content\/uploads\/2021\/08\/Jesse-Owens-ganhando-o-primeiro-lugar-na-Olimpiada-de-Berlim-ao-lado-do-alemao-Luz-Long-620x349.jpg\" alt=\"Naoto Tajima, medalhista de bronze (\u00e0 esquerda), Jesse Owens, medalhista de ouro (no centro), e Luz Long, alem\u00e3o medalhista de prata (\u00e0 direita), fazendo a sauda\u00e7\u00e3o nazista, durante a Olimp\u00edada de Berlim de 1936, na Alemanha nazista. Hitler assistiu a competi\u00e7\u00e3o no Est\u00e1dio Ol\u00edmpico, mas deixou o local para n\u00e3o testemunhar a cerim\u00f4nia da premia\u00e7\u00e3o da vit\u00f3ria negra sobre os arianos em Berlim\" width=\"620\" height=\"349\" srcset=\"https:\/\/rioonwatch.org.br\/wp-content\/uploads\/2021\/08\/Jesse-Owens-ganhando-o-primeiro-lugar-na-Olimpiada-de-Berlim-ao-lado-do-alemao-Luz-Long-620x349.jpg 620w, https:\/\/rioonwatch.org.br\/wp-content\/uploads\/2021\/08\/Jesse-Owens-ganhando-o-primeiro-lugar-na-Olimpiada-de-Berlim-ao-lado-do-alemao-Luz-Long-1024x576.jpg 1024w, https:\/\/rioonwatch.org.br\/wp-content\/uploads\/2021\/08\/Jesse-Owens-ganhando-o-primeiro-lugar-na-Olimpiada-de-Berlim-ao-lado-do-alemao-Luz-Long-469x264.jpg 469w, https:\/\/rioonwatch.org.br\/wp-content\/uploads\/2021\/08\/Jesse-Owens-ganhando-o-primeiro-lugar-na-Olimpiada-de-Berlim-ao-lado-do-alemao-Luz-Long-768x432.jpg 768w, https:\/\/rioonwatch.org.br\/wp-content\/uploads\/2021\/08\/Jesse-Owens-ganhando-o-primeiro-lugar-na-Olimpiada-de-Berlim-ao-lado-do-alemao-Luz-Long-580x326.jpg 580w, https:\/\/rioonwatch.org.br\/wp-content\/uploads\/2021\/08\/Jesse-Owens-ganhando-o-primeiro-lugar-na-Olimpiada-de-Berlim-ao-lado-do-alemao-Luz-Long-174x98.jpg 174w, https:\/\/rioonwatch.org.br\/wp-content\/uploads\/2021\/08\/Jesse-Owens-ganhando-o-primeiro-lugar-na-Olimpiada-de-Berlim-ao-lado-do-alemao-Luz-Long.jpg 1200w\" sizes=\"(max-width: 620px) 100vw, 620px\" \/><\/a><\/p>\n<p>Outro epis\u00f3dio cl\u00e1ssico do racismo que estrutura a Olimp\u00edada moderna foi o dos velocistas estadunidenses <a href=\"https:\/\/bit.ly\/3AzYLgy\" target=\"_blank\" rel=\"noopener\">John Carlos<\/a> e <a href=\"https:\/\/bit.ly\/3iDxDqZ\" target=\"_blank\" rel=\"noopener\">Tommie Smith<\/a>, que levantaram seus punhos cerrados no p\u00f3dio, em uma sauda\u00e7\u00e3o <a href=\"https:\/\/bit.ly\/3fOeocq\" target=\"_blank\" rel=\"noopener\"><em>Black Power<\/em><\/a>, ap\u00f3s terem ganhado as medalhas de ouro e prata nos jogos de 1968 no <a href=\"https:\/\/bit.ly\/32Pqo7S\" target=\"_blank\" rel=\"noopener\">M\u00e9xico<\/a>. Avery Brundage, l\u00edder da Associa\u00e7\u00e3o Ol\u00edmpica Americana e presidente do Comit\u00ea Ol\u00edmpico Internacional, fez que John Carlos e Tommie Smith fossem retirados da vila ol\u00edmpica e do time ol\u00edmpico americano de 1968.<\/p>\n<p><a href=\"https:\/\/rioonwatch.org.br\/wp-content\/uploads\/2021\/08\/John-Carlos-e-Tommie-Smith-levantaram-seus-punhos-no-podio-fazendo-uma-saudacao-do-poder-negro-dos-Pantera-Negra-apos-terem-ganhado..jpg\"><img loading=\"lazy\" decoding=\"async\" class=\"aligncenter wp-image-57926 size-medium\" title=\"John Carlos e Tommie Smith levantaram seus punhos no p\u00f3dio fazendo uma sauda\u00e7\u00e3o do poder negro, dos Pantera Negra, ap\u00f3s terem ganhado.\" src=\"https:\/\/rioonwatch.org.br\/wp-content\/uploads\/2021\/08\/John-Carlos-e-Tommie-Smith-levantaram-seus-punhos-no-podio-fazendo-uma-saudacao-do-poder-negro-dos-Pantera-Negra-apos-terem-ganhado.-620x496.jpg\" alt=\"John Carlos e Tommie Smith levantaram seus punhos no p\u00f3dio fazendo uma sauda\u00e7\u00e3o do poder negro, dos Pantera Negra, ap\u00f3s terem ganhado.\" width=\"620\" height=\"496\" srcset=\"https:\/\/rioonwatch.org.br\/wp-content\/uploads\/2021\/08\/John-Carlos-e-Tommie-Smith-levantaram-seus-punhos-no-podio-fazendo-uma-saudacao-do-poder-negro-dos-Pantera-Negra-apos-terem-ganhado.-620x496.jpg 620w, https:\/\/rioonwatch.org.br\/wp-content\/uploads\/2021\/08\/John-Carlos-e-Tommie-Smith-levantaram-seus-punhos-no-podio-fazendo-uma-saudacao-do-poder-negro-dos-Pantera-Negra-apos-terem-ganhado.-1024x819.jpg 1024w, https:\/\/rioonwatch.org.br\/wp-content\/uploads\/2021\/08\/John-Carlos-e-Tommie-Smith-levantaram-seus-punhos-no-podio-fazendo-uma-saudacao-do-poder-negro-dos-Pantera-Negra-apos-terem-ganhado.-330x264.jpg 330w, https:\/\/rioonwatch.org.br\/wp-content\/uploads\/2021\/08\/John-Carlos-e-Tommie-Smith-levantaram-seus-punhos-no-podio-fazendo-uma-saudacao-do-poder-negro-dos-Pantera-Negra-apos-terem-ganhado.-768x614.jpg 768w, https:\/\/rioonwatch.org.br\/wp-content\/uploads\/2021\/08\/John-Carlos-e-Tommie-Smith-levantaram-seus-punhos-no-podio-fazendo-uma-saudacao-do-poder-negro-dos-Pantera-Negra-apos-terem-ganhado..jpg 1280w\" sizes=\"(max-width: 620px) 100vw, 620px\" \/><\/a><\/p>\n<p><span style=\"font-weight: 400;\">O soci\u00f3logo Harry Edwards, da Universidade de Calif\u00f3rnia em Berkeley, escreve sobre isso h\u00e1 mais de 50 anos e diz que esses jovens ol\u00edmpicos s\u00e3o for\u00e7ados a lidar com a aspira\u00e7\u00e3o e o medo da \u201cexcel\u00eancia negra\u201d. As seguintes falas citadas s\u00e3o de Harry Edwards, em entrevista para\u00a0<em>Consider This<\/em>:<\/span><\/p>\n<blockquote><p><span style=\"font-weight: 400;\">\u201c<\/span><span style=\"font-weight: 400;\">Nunca houve inten\u00e7\u00e3o de que negros participassem dos Jogos. Em 1904, inclusive, houve umas olimp\u00edadas da ra\u00e7a, em Saint Louis, EUA, na que trouxeram tribos africanas e colocaram eles na pista junto com atletas brancos para demonstrar a inferioridade preta e justificar que eles n\u00e3o pudessem participar dos Jogos Ol\u00edmpicos.<\/span><span style=\"font-weight: 400;\">\u201d<\/span><\/p><\/blockquote>\n<p>Quando voc\u00ea combina a press\u00e3o de competir com a expectativa gerada sobre os atletas negros, s\u00e3o criadas camadas de press\u00e3o sobre esportistas ol\u00edmpicos negros, que, \u00e0s vezes, se tornam insuport\u00e1veis, como nos casos de Simone Biles e Naomi Osaka. E o pior \u00e9 que o sistema ensina que negros deveriam se sentir felizes porque v\u00e3o participar. E que ainda deveriam agradecer pela inclus\u00e3o.<\/p>\n<blockquote><p><span style=\"font-weight: 400;\">\u201c<\/span><span style=\"font-weight: 400;\">Eles se tornaram o foco n\u00e3o s\u00f3 de performance atl\u00e9tica e excel\u00eancia, mas tamb\u00e9m de todas as aspira\u00e7\u00f5es de pessoas pretas no pa\u00eds, junto com muitos dos medos da sociedade branca dominante sobre a excel\u00eancia negra. Isso \u00e9 um peso enorme nos ombros de pessoas que em muitas situa\u00e7\u00f5es s\u00e3o simplesmente jovens adultos, e que t\u00eam que lidar com esse medo branco sobre a performance preta, expectativas negras sobre alto desempenho preto, tudo isso focando ao mesmo tempo no objetivo principal, que \u00e9 conquista atl\u00e9tica.<\/span><span style=\"font-weight: 400;\">\u201d<\/span><\/p><\/blockquote>\n<p><span style=\"font-weight: 400;\">As lutas dos atletas negros nas Olimp\u00edadas se comparam a situa\u00e7\u00e3o geral da comunidade negra nos EUA: <\/span><\/p>\n<blockquote><p><span style=\"font-weight: 400;\">\u201c<\/span><span style=\"font-weight: 400;\">Todos os esfor\u00e7os envolvendo atletas negros sempre estiveram ligados \u00e0s lutas da sociedade. Aconteceu durante a Segunda Guerra Mundial, com a segrega\u00e7\u00e3o e a onda de atletas ativistas. Tamb\u00e9m durante o Movimento dos Direitos Civis e o Black Power movement, ou quando os atletas se preocuparam com o <a href=\"https:\/\/bit.ly\/32zrvHd\" target=\"_blank\" rel=\"noopener\">apartheid<\/a> da <a href=\"https:\/\/bit.ly\/2BrxX9p\" target=\"_blank\" rel=\"noopener\">\u00c1frica do Sul<\/a>. Existe uma conex\u00e3o direta entre a legitimidade percebida de ativismo atl\u00e9tico e o grau no que isso se interpreta e se inclui nas lutas na sociedade americana em geral.<\/span><span style=\"font-weight: 400;\">\u201d<\/span><\/p><\/blockquote>\n<p><span style=\"font-weight: 400;\">\u00c9 essencial que atletas negros possam protestar durante as Olimp\u00edadas. Inclusive a <a href=\"https:\/\/bit.ly\/3g10vaT\" target=\"_blank\" rel=\"noopener\">regra 50 da Carta Ol\u00edmpica foi relaxada esse ano<\/a>, mas o Comit\u00ea Ol\u00edmpico Internacional ainda\u00a0 diz que n\u00e3o pode ter nenhum tipo de propaganda pol\u00edtica, religiosa ou racial em territ\u00f3rio ol\u00edmpico. Para Harry Edwards, essa regra seria hip\u00f3crita, pois em v\u00e1rios momentos da <a href=\"https:\/\/bit.ly\/3AmMR9N\" target=\"_blank\" rel=\"noopener\">hist\u00f3ria ol\u00edmpica se perpetuaram situa\u00e7\u00f5es de racismo<\/a> ou supremacia branca. A pr\u00f3pria organiza\u00e7\u00e3o n\u00e3o teve uma pessoa negra no comit\u00ea por d\u00e9cadas. Ent\u00e3o, porque a manifesta\u00e7\u00e3o do negro \u00e9 vista como pol\u00edtica?<\/span><\/p>\n<blockquote><p>\u201c<span style=\"font-weight: 400;\">O Comit\u00ea Ol\u00edmpico Internacional tem uma longa hist\u00f3ria n\u00e3o s\u00f3 tolerando sen\u00e3o tamb\u00e9m promovendo discrimina\u00e7\u00e3o e desrespeito a atletas negros. E ainda n\u00e3o evolu\u00edmos nessa etapa<\/span><span style=\"font-weight: 400;\">. <\/span><span style=\"font-weight: 400;\">A organiza\u00e7\u00e3o veio com esses problemas do s\u00e9culo 20 e trouxe eles para o s\u00e9culo 21, com v\u00e1rias das mesmas perspectivas, preconceitos e faltas de entendimento das circunst\u00e2ncias da diversidade, da popula\u00e7\u00e3o ao redor do mundo.\u201d<\/span><\/p><\/blockquote>\n<p><span style=\"font-weight: 400;\">Pa\u00edses como os EUA colocam atletas negros num pedestal em eventos como as Olimp\u00edadas, por\u00e9m esses mesmos atletas s\u00e3o tratados como cidad\u00e3os de segunda classe quando voltam para casa. <\/span><\/p>\n<blockquote><p><span style=\"font-weight: 400;\">\u201c<\/span><span style=\"font-weight: 400;\">A no\u00e7\u00e3o de que a performance atl\u00e9tica gera legitimidade inclusive para os atletas negros \u00e9 um mito. N\u00e3o \u00e9 um problema de mostrar que voc\u00ea \u00e9 um atleta bom, todas essas atrocidades em conta da popula\u00e7\u00e3o negra s\u00e3o c\u00edclicas. Por isso as demonstra\u00e7\u00f5es s\u00e3o em suporte dessas comunidades. Enquanto a gente continue focando em formas de tratar a dor, e n\u00e3o nas origens dela em termos dos problemas, como a supremacia branca, a gente vai continuar reciclando os movimentos e demonstra\u00e7\u00f5es.<\/span><span style=\"font-weight: 400;\">\u201d<\/span><\/p><\/blockquote>\n<h4><strong>Escute, abaixo, em ingl\u00eas, o podcast &#8220;<em><a href=\"https:\/\/n.pr\/3zUV05f\" target=\"_blank\" rel=\"noopener\">Black Olympians Often Have &#8216;The Weight Of The World&#8217; On Their Shoulders<\/a><\/em>&#8220;, do programa de podcast <em><a href=\"https:\/\/n.pr\/3mbn6pd\" target=\"_blank\" rel=\"noopener\">Consider This<\/a><\/em>\u00a0da <em><a href=\"https:\/\/n.pr\/3AqESJ1\" target=\"_blank\" rel=\"noopener\">NPR<\/a><\/em>:<\/strong><\/h4>\n<p><iframe title=\"NPR embedded audio player\" src=\"https:\/\/www.npr.org\/player\/embed\/1021710540\/1022431206\" width=\"100%\" height=\"290\" frameborder=\"0\" scrolling=\"no\"><\/iframe><\/p>\n<hr \/>\n<h4><b data-stringify-type=\"bold\">Apoie nossos esfor\u00e7os para fornecer apoio estrat\u00e9gico \u00e0s favelas do Rio, incluindo o jornalismo hiperlocal, cr\u00edtico, inovador e incans\u00e1vel do\u00a0<\/b><b data-stringify-type=\"bold\"><i data-stringify-type=\"italic\">RioOnWatch<\/i><\/b>\u2014<a class=\"c-link\" href=\"http:\/\/www.bit.ly\/ApoieROW\" target=\"_blank\" rel=\"noopener noreferrer\" data-stringify-link=\"http:\/\/www.bit.ly\/ApoieROW\" data-sk=\"tooltip_parent\">doe aqui<\/a>.<\/h4>\n<!-- AddThis Advanced Settings generic via filter on the_content --><!-- AddThis Share Buttons generic via filter on the_content -->","protected":false},"excerpt":{"rendered":"<div class=\"mh-excerpt\"><p>&#8220;Eu realmente sinto como se tivesse o peso do mundo sobre os meus ombros.&#8221; O epis\u00f3dio &#8220;Black Olympians Often Have &#8216;The Weight Of The World&#8217; On Their Shoulders&#8220;, ou &#8220;Atletas Negros Costumam Ter o Peso <a class=\"mh-excerpt-more\" href=\"https:\/\/rioonwatch.org.br\/?p=57908\" title=\"&#8216;Atletas Ol\u00edmpicos Negros Costumam Ter o Peso do Mundo Sobre os Ombros&#8217; [RESENHA]\">[&#8230;]<\/a><!-- AddThis Advanced Settings generic via filter on get_the_excerpt --><!-- AddThis Share Buttons generic via filter on get_the_excerpt --><\/p>\n<\/div>","protected":false},"author":167,"featured_media":57940,"comment_status":"closed","ping_status":"closed","sticky":false,"template":"","format":"standard","meta":{"_acf_changed":false,"_monsterinsights_skip_tracking":false,"_monsterinsights_sitenote_active":false,"_monsterinsights_sitenote_note":"","_monsterinsights_sitenote_category":0,"footnotes":""},"categories":[1635,1621,1632,1612],"tags":[386,928,2607,3253,2450,1361,292,818,722,1240,1560,1021,1403,797,78,2432,432,294,2069,814],"writer":[3046],"translator":[],"source":[],"ilustrador":[],"fotografo":[],"class_list":{"0":"post-57908","1":"post","2":"type-post","3":"status-publish","4":"format-standard","5":"has-post-thumbnail","7":"category-1635","8":"category-destaque","9":"category-pesquisa-e-analise","10":"category-sociedade-civil","11":"tag-estigma","12":"tag-africa-do-sul","13":"tag-alemanha","14":"tag-antirracismo","15":"tag-apartheid","16":"tag-autoestima","17":"tag-esporte","18":"tag-eua","19":"tag-legado","20":"tag-megaeventos","21":"tag-mexico","22":"tag-mito-do-legado","23":"tag-movimento-negro","24":"tag-movimentos-sociais","25":"tag-olimpiadas","26":"tag-representatividade","27":"tag-resistencia","28":"tag-saude","29":"tag-saude-mental","30":"tag-segregacao","31":"writer-eduardo-antunez-rolle"},"acf":[],"yoast_head":"<!-- This site is optimized with the Yoast SEO plugin v25.6 - https:\/\/yoast.com\/wordpress\/plugins\/seo\/ -->\n<title>&#039;Atletas Ol\u00edmpicos Negros Costumam Ter o Peso do Mundo Sobre os Ombros&#039; [RESENHA] - RioOnWatch<\/title>\n<meta name=\"robots\" content=\"index, follow, max-snippet:-1, max-image-preview:large, max-video-preview:-1\" \/>\n<link rel=\"canonical\" href=\"https:\/\/rioonwatch.org.br\/?p=57908\" \/>\n<meta property=\"og:locale\" content=\"pt_BR\" \/>\n<meta property=\"og:type\" content=\"article\" \/>\n<meta property=\"og:title\" content=\"&#039;Atletas Ol\u00edmpicos Negros Costumam Ter o Peso do Mundo Sobre os Ombros&#039; [RESENHA] - RioOnWatch\" \/>\n<meta property=\"og:description\" content=\"&#8220;Eu realmente sinto como se tivesse o peso do mundo sobre os meus ombros.&#8221; O epis\u00f3dio &#8220;Black Olympians Often Have &#8216;The Weight Of The World&#8217; On Their Shoulders&#8220;, ou &#8220;Atletas Negros Costumam Ter o Peso [...]\" \/>\n<meta property=\"og:url\" content=\"https:\/\/rioonwatch.org.br\/?p=57908\" \/>\n<meta property=\"og:site_name\" content=\"RioOnWatch\" \/>\n<meta property=\"article:published_time\" content=\"2021-08-18T15:44:56+00:00\" \/>\n<meta property=\"article:modified_time\" content=\"2024-06-20T19:23:10+00:00\" \/>\n<meta property=\"og:image\" content=\"https:\/\/rioonwatch.org.br\/wp-content\/uploads\/2021\/08\/Simone-Biles-nao-aguentou-a-pressao-e-a-ansiedade-e-se-retirou-da-maioria-das-competicoes-de-Tokyo-2020-2250x1500.jpg\" \/>\n\t<meta property=\"og:image:width\" content=\"2250\" \/>\n\t<meta property=\"og:image:height\" content=\"1500\" \/>\n\t<meta property=\"og:image:type\" content=\"image\/jpeg\" \/>\n<meta name=\"author\" content=\"Julio Santos Filho\" \/>\n<meta name=\"twitter:card\" content=\"summary_large_image\" \/>\n<meta name=\"twitter:label1\" content=\"Escrito por\" \/>\n\t<meta name=\"twitter:data1\" content=\"Julio Santos Filho\" \/>\n\t<meta name=\"twitter:label2\" content=\"Est. tempo de leitura\" \/>\n\t<meta name=\"twitter:data2\" content=\"9 minutos\" \/>\n<script type=\"application\/ld+json\" class=\"yoast-schema-graph\">{\"@context\":\"https:\/\/schema.org\",\"@graph\":[{\"@type\":\"Article\",\"@id\":\"https:\/\/rioonwatch.org.br\/?p=57908#article\",\"isPartOf\":{\"@id\":\"https:\/\/rioonwatch.org.br\/?p=57908\"},\"author\":{\"name\":\"Julio Santos Filho\",\"@id\":\"https:\/\/rioonwatch.org.br\/#\/schema\/person\/476bc75767957d3535b65b796667cd36\"},\"headline\":\"&#8216;Atletas Ol\u00edmpicos Negros Costumam Ter o Peso do Mundo Sobre os Ombros&#8217; [RESENHA]\",\"datePublished\":\"2021-08-18T15:44:56+00:00\",\"dateModified\":\"2024-06-20T19:23:10+00:00\",\"mainEntityOfPage\":{\"@id\":\"https:\/\/rioonwatch.org.br\/?p=57908\"},\"wordCount\":1946,\"publisher\":{\"@id\":\"https:\/\/rioonwatch.org.br\/#organization\"},\"image\":{\"@id\":\"https:\/\/rioonwatch.org.br\/?p=57908#primaryimage\"},\"thumbnailUrl\":\"https:\/\/rioonwatch.org.br\/wp-content\/uploads\/2021\/08\/Simone-Biles-nao-aguentou-a-pressao-e-a-ansiedade-e-se-retirou-da-maioria-das-competicoes-de-Tokyo-2020.jpg\",\"keywords\":[\"#StopFavelaStigma\",\"\u00c1frica do Sul\",\"Alemanha\",\"Antirracismo\",\"apartheid\",\"autoestima\",\"esporte\",\"EUA\",\"Legado Ol\u00edmpico\",\"Megaeventos\",\"M\u00e9xico\",\"mito do legado\",\"Movimento negro\",\"movimentos sociais\",\"Olimp\u00edadas\",\"representatividade\",\"resist\u00eancia\",\"sa\u00fade\",\"sa\u00fade mental\",\"segrega\u00e7\u00e3o\"],\"articleSection\":[\"#Rio2016\",\"*Destaque\",\"Dados e Pesquisa\",\"Sociedade Civil\"],\"inLanguage\":\"pt-BR\"},{\"@type\":\"WebPage\",\"@id\":\"https:\/\/rioonwatch.org.br\/?p=57908\",\"url\":\"https:\/\/rioonwatch.org.br\/?p=57908\",\"name\":\"'Atletas Ol\u00edmpicos Negros Costumam Ter o Peso do Mundo Sobre os Ombros' [RESENHA] - RioOnWatch\",\"isPartOf\":{\"@id\":\"https:\/\/rioonwatch.org.br\/#website\"},\"primaryImageOfPage\":{\"@id\":\"https:\/\/rioonwatch.org.br\/?p=57908#primaryimage\"},\"image\":{\"@id\":\"https:\/\/rioonwatch.org.br\/?p=57908#primaryimage\"},\"thumbnailUrl\":\"https:\/\/rioonwatch.org.br\/wp-content\/uploads\/2021\/08\/Simone-Biles-nao-aguentou-a-pressao-e-a-ansiedade-e-se-retirou-da-maioria-das-competicoes-de-Tokyo-2020.jpg\",\"datePublished\":\"2021-08-18T15:44:56+00:00\",\"dateModified\":\"2024-06-20T19:23:10+00:00\",\"breadcrumb\":{\"@id\":\"https:\/\/rioonwatch.org.br\/?p=57908#breadcrumb\"},\"inLanguage\":\"pt-BR\",\"potentialAction\":[{\"@type\":\"ReadAction\",\"target\":[\"https:\/\/rioonwatch.org.br\/?p=57908\"]}]},{\"@type\":\"ImageObject\",\"inLanguage\":\"pt-BR\",\"@id\":\"https:\/\/rioonwatch.org.br\/?p=57908#primaryimage\",\"url\":\"https:\/\/rioonwatch.org.br\/wp-content\/uploads\/2021\/08\/Simone-Biles-nao-aguentou-a-pressao-e-a-ansiedade-e-se-retirou-da-maioria-das-competicoes-de-Tokyo-2020.jpg\",\"contentUrl\":\"https:\/\/rioonwatch.org.br\/wp-content\/uploads\/2021\/08\/Simone-Biles-nao-aguentou-a-pressao-e-a-ansiedade-e-se-retirou-da-maioria-das-competicoes-de-Tokyo-2020.jpg\",\"width\":2500,\"height\":1667,\"caption\":\"Simone Biles n\u00e3o aguentou a press\u00e3o e a ansiedade e se retirou da maioria das competi\u00e7\u00f5es de Tokyo 2020. Foto por Loic Venance\/AFP\"},{\"@type\":\"BreadcrumbList\",\"@id\":\"https:\/\/rioonwatch.org.br\/?p=57908#breadcrumb\",\"itemListElement\":[{\"@type\":\"ListItem\",\"position\":1,\"name\":\"In\u00edcio\",\"item\":\"https:\/\/rioonwatch.org.br\/\"},{\"@type\":\"ListItem\",\"position\":2,\"name\":\"&#8216;Atletas Ol\u00edmpicos Negros Costumam Ter o Peso do Mundo Sobre os Ombros&#8217; [RESENHA]\"}]},{\"@type\":\"WebSite\",\"@id\":\"https:\/\/rioonwatch.org.br\/#website\",\"url\":\"https:\/\/rioonwatch.org.br\/\",\"name\":\"RioOnWatch\",\"description\":\"relatos das favelas cariocas\",\"publisher\":{\"@id\":\"https:\/\/rioonwatch.org.br\/#organization\"},\"potentialAction\":[{\"@type\":\"SearchAction\",\"target\":{\"@type\":\"EntryPoint\",\"urlTemplate\":\"https:\/\/rioonwatch.org.br\/?s={search_term_string}\"},\"query-input\":{\"@type\":\"PropertyValueSpecification\",\"valueRequired\":true,\"valueName\":\"search_term_string\"}}],\"inLanguage\":\"pt-BR\"},{\"@type\":\"Organization\",\"@id\":\"https:\/\/rioonwatch.org.br\/#organization\",\"name\":\"RioOnWatch\",\"url\":\"https:\/\/rioonwatch.org.br\/\",\"logo\":{\"@type\":\"ImageObject\",\"inLanguage\":\"pt-BR\",\"@id\":\"https:\/\/rioonwatch.org.br\/#\/schema\/logo\/image\/\",\"url\":\"https:\/\/rioonwatch.org.br\/wp-content\/uploads\/2021\/06\/RioOnWatchcabecalhoPT11anos-2.png\",\"contentUrl\":\"https:\/\/rioonwatch.org.br\/wp-content\/uploads\/2021\/06\/RioOnWatchcabecalhoPT11anos-2.png\",\"width\":779,\"height\":277,\"caption\":\"RioOnWatch\"},\"image\":{\"@id\":\"https:\/\/rioonwatch.org.br\/#\/schema\/logo\/image\/\"}},{\"@type\":\"Person\",\"@id\":\"https:\/\/rioonwatch.org.br\/#\/schema\/person\/476bc75767957d3535b65b796667cd36\",\"name\":\"Julio Santos Filho\",\"image\":{\"@type\":\"ImageObject\",\"inLanguage\":\"pt-BR\",\"@id\":\"https:\/\/rioonwatch.org.br\/#\/schema\/person\/image\/\",\"url\":\"https:\/\/secure.gravatar.com\/avatar\/ca138f7666182a292a8ce4ca14fb81f8?s=96&d=blank&r=g\",\"contentUrl\":\"https:\/\/secure.gravatar.com\/avatar\/ca138f7666182a292a8ce4ca14fb81f8?s=96&d=blank&r=g\",\"caption\":\"Julio Santos Filho\"},\"url\":\"https:\/\/rioonwatch.org.br\/?author=167\"}]}<\/script>\n<!-- \/ Yoast SEO plugin. -->","yoast_head_json":{"title":"'Atletas Ol\u00edmpicos Negros Costumam Ter o Peso do Mundo Sobre os Ombros' [RESENHA] - RioOnWatch","robots":{"index":"index","follow":"follow","max-snippet":"max-snippet:-1","max-image-preview":"max-image-preview:large","max-video-preview":"max-video-preview:-1"},"canonical":"https:\/\/rioonwatch.org.br\/?p=57908","og_locale":"pt_BR","og_type":"article","og_title":"'Atletas Ol\u00edmpicos Negros Costumam Ter o Peso do Mundo Sobre os Ombros' [RESENHA] - RioOnWatch","og_description":"&#8220;Eu realmente sinto como se tivesse o peso do mundo sobre os meus ombros.&#8221; O epis\u00f3dio &#8220;Black Olympians Often Have &#8216;The Weight Of The World&#8217; On Their Shoulders&#8220;, ou &#8220;Atletas Negros Costumam Ter o Peso [...]","og_url":"https:\/\/rioonwatch.org.br\/?p=57908","og_site_name":"RioOnWatch","article_published_time":"2021-08-18T15:44:56+00:00","article_modified_time":"2024-06-20T19:23:10+00:00","og_image":[{"width":2250,"height":1500,"url":"https:\/\/rioonwatch.org.br\/wp-content\/uploads\/2021\/08\/Simone-Biles-nao-aguentou-a-pressao-e-a-ansiedade-e-se-retirou-da-maioria-das-competicoes-de-Tokyo-2020-2250x1500.jpg","type":"image\/jpeg"}],"author":"Julio Santos Filho","twitter_card":"summary_large_image","twitter_misc":{"Escrito por":"Julio Santos Filho","Est. tempo de leitura":"9 minutos"},"schema":{"@context":"https:\/\/schema.org","@graph":[{"@type":"Article","@id":"https:\/\/rioonwatch.org.br\/?p=57908#article","isPartOf":{"@id":"https:\/\/rioonwatch.org.br\/?p=57908"},"author":{"name":"Julio Santos Filho","@id":"https:\/\/rioonwatch.org.br\/#\/schema\/person\/476bc75767957d3535b65b796667cd36"},"headline":"&#8216;Atletas Ol\u00edmpicos Negros Costumam Ter o Peso do Mundo Sobre os Ombros&#8217; [RESENHA]","datePublished":"2021-08-18T15:44:56+00:00","dateModified":"2024-06-20T19:23:10+00:00","mainEntityOfPage":{"@id":"https:\/\/rioonwatch.org.br\/?p=57908"},"wordCount":1946,"publisher":{"@id":"https:\/\/rioonwatch.org.br\/#organization"},"image":{"@id":"https:\/\/rioonwatch.org.br\/?p=57908#primaryimage"},"thumbnailUrl":"https:\/\/rioonwatch.org.br\/wp-content\/uploads\/2021\/08\/Simone-Biles-nao-aguentou-a-pressao-e-a-ansiedade-e-se-retirou-da-maioria-das-competicoes-de-Tokyo-2020.jpg","keywords":["#StopFavelaStigma","\u00c1frica do Sul","Alemanha","Antirracismo","apartheid","autoestima","esporte","EUA","Legado Ol\u00edmpico","Megaeventos","M\u00e9xico","mito do legado","Movimento negro","movimentos sociais","Olimp\u00edadas","representatividade","resist\u00eancia","sa\u00fade","sa\u00fade mental","segrega\u00e7\u00e3o"],"articleSection":["#Rio2016","*Destaque","Dados e Pesquisa","Sociedade Civil"],"inLanguage":"pt-BR"},{"@type":"WebPage","@id":"https:\/\/rioonwatch.org.br\/?p=57908","url":"https:\/\/rioonwatch.org.br\/?p=57908","name":"'Atletas Ol\u00edmpicos Negros Costumam Ter o Peso do Mundo Sobre os Ombros' [RESENHA] - RioOnWatch","isPartOf":{"@id":"https:\/\/rioonwatch.org.br\/#website"},"primaryImageOfPage":{"@id":"https:\/\/rioonwatch.org.br\/?p=57908#primaryimage"},"image":{"@id":"https:\/\/rioonwatch.org.br\/?p=57908#primaryimage"},"thumbnailUrl":"https:\/\/rioonwatch.org.br\/wp-content\/uploads\/2021\/08\/Simone-Biles-nao-aguentou-a-pressao-e-a-ansiedade-e-se-retirou-da-maioria-das-competicoes-de-Tokyo-2020.jpg","datePublished":"2021-08-18T15:44:56+00:00","dateModified":"2024-06-20T19:23:10+00:00","breadcrumb":{"@id":"https:\/\/rioonwatch.org.br\/?p=57908#breadcrumb"},"inLanguage":"pt-BR","potentialAction":[{"@type":"ReadAction","target":["https:\/\/rioonwatch.org.br\/?p=57908"]}]},{"@type":"ImageObject","inLanguage":"pt-BR","@id":"https:\/\/rioonwatch.org.br\/?p=57908#primaryimage","url":"https:\/\/rioonwatch.org.br\/wp-content\/uploads\/2021\/08\/Simone-Biles-nao-aguentou-a-pressao-e-a-ansiedade-e-se-retirou-da-maioria-das-competicoes-de-Tokyo-2020.jpg","contentUrl":"https:\/\/rioonwatch.org.br\/wp-content\/uploads\/2021\/08\/Simone-Biles-nao-aguentou-a-pressao-e-a-ansiedade-e-se-retirou-da-maioria-das-competicoes-de-Tokyo-2020.jpg","width":2500,"height":1667,"caption":"Simone Biles n\u00e3o aguentou a press\u00e3o e a ansiedade e se retirou da maioria das competi\u00e7\u00f5es de Tokyo 2020. Foto por Loic Venance\/AFP"},{"@type":"BreadcrumbList","@id":"https:\/\/rioonwatch.org.br\/?p=57908#breadcrumb","itemListElement":[{"@type":"ListItem","position":1,"name":"In\u00edcio","item":"https:\/\/rioonwatch.org.br\/"},{"@type":"ListItem","position":2,"name":"&#8216;Atletas Ol\u00edmpicos Negros Costumam Ter o Peso do Mundo Sobre os Ombros&#8217; [RESENHA]"}]},{"@type":"WebSite","@id":"https:\/\/rioonwatch.org.br\/#website","url":"https:\/\/rioonwatch.org.br\/","name":"RioOnWatch","description":"relatos das favelas cariocas","publisher":{"@id":"https:\/\/rioonwatch.org.br\/#organization"},"potentialAction":[{"@type":"SearchAction","target":{"@type":"EntryPoint","urlTemplate":"https:\/\/rioonwatch.org.br\/?s={search_term_string}"},"query-input":{"@type":"PropertyValueSpecification","valueRequired":true,"valueName":"search_term_string"}}],"inLanguage":"pt-BR"},{"@type":"Organization","@id":"https:\/\/rioonwatch.org.br\/#organization","name":"RioOnWatch","url":"https:\/\/rioonwatch.org.br\/","logo":{"@type":"ImageObject","inLanguage":"pt-BR","@id":"https:\/\/rioonwatch.org.br\/#\/schema\/logo\/image\/","url":"https:\/\/rioonwatch.org.br\/wp-content\/uploads\/2021\/06\/RioOnWatchcabecalhoPT11anos-2.png","contentUrl":"https:\/\/rioonwatch.org.br\/wp-content\/uploads\/2021\/06\/RioOnWatchcabecalhoPT11anos-2.png","width":779,"height":277,"caption":"RioOnWatch"},"image":{"@id":"https:\/\/rioonwatch.org.br\/#\/schema\/logo\/image\/"}},{"@type":"Person","@id":"https:\/\/rioonwatch.org.br\/#\/schema\/person\/476bc75767957d3535b65b796667cd36","name":"Julio Santos Filho","image":{"@type":"ImageObject","inLanguage":"pt-BR","@id":"https:\/\/rioonwatch.org.br\/#\/schema\/person\/image\/","url":"https:\/\/secure.gravatar.com\/avatar\/ca138f7666182a292a8ce4ca14fb81f8?s=96&d=blank&r=g","contentUrl":"https:\/\/secure.gravatar.com\/avatar\/ca138f7666182a292a8ce4ca14fb81f8?s=96&d=blank&r=g","caption":"Julio Santos Filho"},"url":"https:\/\/rioonwatch.org.br\/?author=167"}]}},"_links":{"self":[{"href":"https:\/\/rioonwatch.org.br\/index.php?rest_route=\/wp\/v2\/posts\/57908"}],"collection":[{"href":"https:\/\/rioonwatch.org.br\/index.php?rest_route=\/wp\/v2\/posts"}],"about":[{"href":"https:\/\/rioonwatch.org.br\/index.php?rest_route=\/wp\/v2\/types\/post"}],"author":[{"embeddable":true,"href":"https:\/\/rioonwatch.org.br\/index.php?rest_route=\/wp\/v2\/users\/167"}],"replies":[{"embeddable":true,"href":"https:\/\/rioonwatch.org.br\/index.php?rest_route=%2Fwp%2Fv2%2Fcomments&post=57908"}],"version-history":[{"count":35,"href":"https:\/\/rioonwatch.org.br\/index.php?rest_route=\/wp\/v2\/posts\/57908\/revisions"}],"predecessor-version":[{"id":58035,"href":"https:\/\/rioonwatch.org.br\/index.php?rest_route=\/wp\/v2\/posts\/57908\/revisions\/58035"}],"wp:featuredmedia":[{"embeddable":true,"href":"https:\/\/rioonwatch.org.br\/index.php?rest_route=\/wp\/v2\/media\/57940"}],"wp:attachment":[{"href":"https:\/\/rioonwatch.org.br\/index.php?rest_route=%2Fwp%2Fv2%2Fmedia&parent=57908"}],"wp:term":[{"taxonomy":"category","embeddable":true,"href":"https:\/\/rioonwatch.org.br\/index.php?rest_route=%2Fwp%2Fv2%2Fcategories&post=57908"},{"taxonomy":"post_tag","embeddable":true,"href":"https:\/\/rioonwatch.org.br\/index.php?rest_route=%2Fwp%2Fv2%2Ftags&post=57908"},{"taxonomy":"writer","embeddable":true,"href":"https:\/\/rioonwatch.org.br\/index.php?rest_route=%2Fwp%2Fv2%2Fwriter&post=57908"},{"taxonomy":"translator","embeddable":true,"href":"https:\/\/rioonwatch.org.br\/index.php?rest_route=%2Fwp%2Fv2%2Ftranslator&post=57908"},{"taxonomy":"source","embeddable":true,"href":"https:\/\/rioonwatch.org.br\/index.php?rest_route=%2Fwp%2Fv2%2Fsource&post=57908"},{"taxonomy":"ilustrador","embeddable":true,"href":"https:\/\/rioonwatch.org.br\/index.php?rest_route=%2Fwp%2Fv2%2Filustrador&post=57908"},{"taxonomy":"fotografo","embeddable":true,"href":"https:\/\/rioonwatch.org.br\/index.php?rest_route=%2Fwp%2Fv2%2Ffotografo&post=57908"}],"curies":[{"name":"wp","href":"https:\/\/api.w.org\/{rel}","templated":true}]}}