{"id":5799,"date":"2013-05-27T09:00:33","date_gmt":"2013-05-27T12:00:33","guid":{"rendered":"http:\/\/rioonwatch.org.br\/?p=5799"},"modified":"2018-05-22T09:44:07","modified_gmt":"2018-05-22T12:44:07","slug":"morar-carioca-estagnado-em-89-favelas-o-caso-do-pica-pau","status":"publish","type":"post","link":"https:\/\/rioonwatch.org.br\/?p=5799","title":{"rendered":"Morar Carioca Estagnado em 89 Favelas: O Caso do Pica-Pau"},"content":{"rendered":"<p style=\"text-align: right;\"><em><strong><a href=\"http:\/\/bit.ly\/1qJ4bBE\" target=\"_blank\">Click Here for English<img decoding=\"async\" width=\"20\" height=\"20\" class=\"alignright wp-image-15790\" src=\"http:\/\/rioonwatch.org.br\/wp-content\/uploads\/2012\/08\/EN-standard-e1439583104716.jpg\" alt=\"\" \/><\/a><\/strong><\/em><\/p>\n<figure id=\"attachment_8692\" aria-describedby=\"caption-attachment-8692\" style=\"width: 300px\" class=\"wp-caption alignright\"><a href=\"http:\/\/rioonwatch.org.br\/?attachment_id=8692\" rel=\"attachment wp-att-8692\"><img fetchpriority=\"high\" decoding=\"async\" class=\"size-medium wp-image-8692\" title=\"A rua principal de Pica-Pau\" src=\"http:\/\/rioonwatch.org\/wp-content\/uploads\/2013\/05\/Front-View-of-Pica-Pau1-300x204.jpg\" alt=\"\" width=\"300\" height=\"204\" \/><\/a><figcaption id=\"caption-attachment-8692\" class=\"wp-caption-text\">Irenaldo, presidente da Associa\u00e7\u00e3o de Moradores Pica-Pau, caminha atr\u00e1s de um ciclista em uma das principais ruas do Pica-Pau<\/figcaption><\/figure>\n<p>Irenaldo Hon\u00f3rio da Silva, presidente da Associa\u00e7\u00e3o de Moradores de <a href=\"http:\/\/bit.ly\/Z0e2US\" target=\"_blank\">Pica-Pau<\/a> n\u00e3o sabe o que fazer. A pequena favela que ele lidera ha vinte anos, um pouco ao norte da Mar\u00e9 na Avenida Brasil, tem presenciado grandes compromissos nos \u00faltimos 18 meses em rela\u00e7\u00e3o ao que ser\u00e1 a primeira obra de urbaniza\u00e7\u00e3o em sua hist\u00f3ria ligada ao programa municipal <a href=\"http:\/\/bit.ly\/104CmUd\" target=\"_blank\">Morar Carioca<\/a>. Equipes de arquitetos, consultores t\u00e9cnicos e cientistas sociais visitaram a favela, observando as localiza\u00e7\u00f5es de pr\u00e9dios abandonados que poderiam ser convertidos em escolas e postos de sa\u00fade e perguntando aos moradores o que acham necess\u00e1rio para que a comunidade seja bem servida. O prazo determinado para a finaliza\u00e7\u00e3o dos planos de constru\u00e7\u00f5es no Pica-Pau e em outras 88 favelas na cidade era meados de 2012. Em maio de 2013, nenhuma dessas favelas tem os seus desenhos finalizados e a inspe\u00e7\u00e3o das <a href=\"http:\/\/bit.ly\/12bXmIq\">outras 129 favelas<\/a> que deveriam ter seus planos terminados no fim de 2013 ainda n\u00e3o come\u00e7ou.<\/p>\n<figure id=\"attachment_8695\" aria-describedby=\"caption-attachment-8695\" style=\"width: 300px\" class=\"wp-caption alignright\"><a href=\"http:\/\/rioonwatch.org.br\/?attachment_id=8695\" rel=\"attachment wp-att-8695\"><img decoding=\"async\" class=\"size-medium wp-image-8695\" title=\"Melhorias comunit\u00e1rias ribeirinhas\" src=\"http:\/\/rioonwatch.org\/wp-content\/uploads\/2013\/05\/Streamside-Community-Improvements-300x224.jpg\" alt=\"\" width=\"300\" height=\"224\" \/><\/a><figcaption id=\"caption-attachment-8695\" class=\"wp-caption-text\">Sem investimento p\u00fablico por anos, Pica-Pau realiza \u00a0melhorias comunit\u00e1rias para os seus espa\u00e7os p\u00fablicos, como esses canteiros de \u00e1rvores de pneus.<\/figcaption><\/figure>\n<p dir=\"ltr\">Quando Pica-Pau foi escolhido para o programa Morar Carioca em 2011, a comunidade da Zona Norte, imprensada entre a Cidade Alta e uma parte muito suja do rio Iraj\u00e1, foi avisada que era por\u00a0estar h\u00e1 muito tempo <a href=\"http:\/\/bit.ly\/NJCCjW\">fora do alcance dos servi\u00e7os p\u00fablicos<\/a>. (Este fato n\u00e3o impediu melhorias de base popular na comunidade; um exemplo seriam os pneus de carro utilizados como\u00a0canteiros<strong>\u00a0<\/strong>de \u00e1rvores ao longo do rio.) Apesar disso, Irenaldo tem tido dificuldade em obter informa\u00e7\u00f5es confi\u00e1veis da prefeitura sobre quando e se a comunidade vai receber as melhorias.<\/p>\n<figure id=\"attachment_8696\" aria-describedby=\"caption-attachment-8696\" style=\"width: 300px\" class=\"wp-caption alignright\"><a href=\"http:\/\/rioonwatch.org.br\/?attachment_id=8696\" rel=\"attachment wp-att-8696\"><img loading=\"lazy\" decoding=\"async\" class=\"size-medium wp-image-8696\" title=\"Forma\u00e7\u00e3o em Sustentabilidade trasmitida para lideran\u00e7a de Pica-Pau\" src=\"http:\/\/rioonwatch.org\/wp-content\/uploads\/2013\/05\/Environmental-Community-Planning-300x226.jpg\" alt=\"\" width=\"300\" height=\"226\" \/><\/a><figcaption id=\"caption-attachment-8696\" class=\"wp-caption-text\">Irenaldo tem participado de treinamentos para pol\u00edticas de desenvolvimento sustent\u00e1vel, em prepara\u00e7\u00e3o para trabalhar com os investimentos do governo sobre esta quest\u00e3o, desde a C\u00fapula da Terra das Na\u00e7\u00f5es Unidas em 1992. Esta \u00e9 parte da literatura que ele coleciona.<\/figcaption><\/figure>\n<p dir=\"ltr\"><strong>O cronograma de Pica-Pau dentro da Fase II do Morar Carioca<\/strong><\/p>\n<p dir=\"ltr\">Em julho de 2011 o Prefeito Eduardo Paes anunciou o plano da prefeitura de \u201curbanizar todas as favelas no Rio at\u00e9 2020\u201d\u00a0atrav\u00e9s do Morar Carioca e como parte do legado Ol\u00edmpico do Rio. Em outubro de 2012,\u00a0as <a href=\"http:\/\/bit.ly\/13r45fb\">diretrizes do programa Morar Carioca<\/a> foram assinadas em um Decreto Municipal com a garantia da \u201cparticipa\u00e7\u00e3o da sociedade organizada em todas as etapas de execu\u00e7\u00e3o do Morar Carioca atrav\u00e9s de assembleias e reuni\u00f5es nas comunidades e de apresenta\u00e7\u00f5es e debates abertos \u00e0 participa\u00e7\u00e3o da sociedade civil organizada e aos cidad\u00e3os\u201d.<\/p>\n<p dir=\"ltr\">A fim de cumprir a sua obriga\u00e7\u00e3o de garantir participa\u00e7\u00e3o comunit\u00e1ria (o que n\u00e3o foi feito nas dezenas de comunidades que receberam interven\u00e7\u00f5es n\u00e3o participativas, <a href=\"http:\/\/bit.ly\/104CmUd\">retroativamente denominadas<\/a> \u2018Morar Carioca Fase I\u2019) a prefeitura contratou a ONG iBase, que promove cidadania participativa conduzindo pesquisas e grupos de discuss\u00e3o em comunidades para incorporar as perspectivas e desejos dos moradores nos projetos.<\/p>\n<p dir=\"ltr\">Urbaniza\u00e7\u00f5es participativas foram planejadas para 218 favelas como parte do aut\u00eantico programa <a href=\"http:\/\/bit.ly\/104CmUd\" target=\"_blank\">Morar Carioca<\/a>, tamb\u00e9m conhecido como \u2018Fase II\u2019 do Morar Carioca. O grupo do Pica-Pau, Agrupamento 16, que inclui o resto de Cordovil e Br\u00e1s de Pina, foi um dos primeiros onze grupos escolhidos para a primeira rodada de financiamento, pesquisa e constru\u00e7\u00e3o. O iBase foi contratado para conduzir um estudo participativo no Pica-Pau no dia 27 de abril de 2011. Letreiros do Morar Carioca foram erguidos pela cidade. De meados ao final de 2012, a firma de arquitetura Arquos do Agrupamento 16, que tinha conduzido urbaniza\u00e7\u00f5es na Penha, pesquisou a \u00e1rea com a ajuda de um time de engenheiros. O iBase conduziu semin\u00e1rios participativos.<\/p>\n<p dir=\"ltr\">De repente, em janeiro de 2013, funcion\u00e1rios do iBase deixaram de fazer este trabalho. No m\u00eas seguinte, os letreiros do Morar Carioca foram removidos da comunidade Pica-Pau.<\/p>\n<figure id=\"attachment_8697\" aria-describedby=\"caption-attachment-8697\" style=\"width: 300px\" class=\"wp-caption alignright\"><a href=\"http:\/\/rioonwatch.org.br\/?attachment_id=8697\" rel=\"attachment wp-att-8697\"><img loading=\"lazy\" decoding=\"async\" class=\"size-medium wp-image-8697\" title=\"Placas do Morar Carioca em Cordovil\" src=\"http:\/\/rioonwatch.org\/wp-content\/uploads\/2013\/05\/MC-Cordovil-Signs-300x201.jpg\" alt=\"\" width=\"300\" height=\"201\" \/><\/a><figcaption id=\"caption-attachment-8697\" class=\"wp-caption-text\">Placas como esta anunciaram a chegada do Morar Carioca nas favelas do Agrupamento 16: Bom Jardim de Cordovil, Br\u00e1s de Pina, Cordovil (do qual Pica-Pau faz parte), Parque CHP, Parque Prolet\u00e1rio de Cordovil, Ponto Chique, e Serra Pelada.<\/figcaption><\/figure>\n<figure id=\"attachment_8698\" aria-describedby=\"caption-attachment-8698\" style=\"width: 300px\" class=\"wp-caption alignright\"><a href=\"http:\/\/rioonwatch.org.br\/?attachment_id=8698\" rel=\"attachment wp-att-8698\"><img loading=\"lazy\" decoding=\"async\" class=\"size-medium wp-image-8698\" title=\"Reuni\u00e3o com a Prefeitura\" src=\"http:\/\/rioonwatch.org\/wp-content\/uploads\/2013\/05\/Prefeiture-Planning-300x224.jpg\" alt=\"\" width=\"300\" height=\"224\" \/><\/a><figcaption id=\"caption-attachment-8698\" class=\"wp-caption-text\">Maria Eugenia Carmo, representando o Morar Carioca, em nome da Prefeitura, reuniu-se com l\u00edderes do grupo de 16 favelas em 9 de mar\u00e7o.<\/figcaption><\/figure>\n<p dir=\"ltr\">No come\u00e7o de mar\u00e7o, confusos com o que estava acontecendo, representantes da Associa\u00e7\u00e3o de Br\u00e1s de Pina, Adivinea\/Parque Prolet\u00e1rio de Cordovil e Pica-Pau exigiram uma reuni\u00e3o com a prefeitura. Em 09 de mar\u00e7o, Maria Eugenia Carmo, que tinha sido respons\u00e1vel pelo levantamento na comunidade dos lares e posse das constru\u00e7\u00f5es, reuniu-se com eles como representante do Morar Carioca.<\/p>\n<p dir=\"ltr\">Carmo trouxe dois mapas produzidos pelo grupo de arquitetos respons\u00e1vel pela \u00e1rea. Um mostrava as sete favelas inclu\u00eddas no Agrupamento 16. O outro mostrava, al\u00e9m disso, localidades abandonadas ou pouco utilizadas nas \u00e1reas que seriam boas candidatas para instala\u00e7\u00e3o de escolas, postos de sa\u00fade e creches. &#8220;Meu trabalho \u00e9 dif\u00edcil, porque o prefeito \u00e9 um louco vision\u00e1rio&#8221;, disse Eugenia, &#8220;H\u00e1 tantas coisas que ele quer fazer. Mas ele realmente quer fazer alguma coisa aqui em Cordovil&#8221;.<\/p>\n<figure id=\"attachment_8699\" aria-describedby=\"caption-attachment-8699\" style=\"width: 300px\" class=\"wp-caption alignright\"><a href=\"http:\/\/rioonwatch.org.br\/?attachment_id=8699\" rel=\"attachment wp-att-8699\"><img loading=\"lazy\" decoding=\"async\" class=\"size-medium wp-image-8699\" title=\"Grupo 16 Favelas\" src=\"http:\/\/rioonwatch.org\/wp-content\/uploads\/2013\/05\/Group-16-Favelas-300x210.jpg\" alt=\"\" width=\"300\" height=\"210\" \/><\/a><figcaption id=\"caption-attachment-8699\" class=\"wp-caption-text\">Carmo trouxe com ela este mapa do escrit\u00f3rio de arquitetura contratado, mostrando as favelas do Agrupamento 16 entre a Avenida Brasil, ao norte (verde), o Rio Iraj\u00e1 para o sudeste (azul), e os trilhos do trem para o sudoeste (vermelho).<\/figcaption><\/figure>\n<p dir=\"ltr\">Os quatro l\u00edderes comunit\u00e1rios presentes, Irenaldo, Eduardo Oliveira de Matos, Shirlei Felix Santiago e Janete Faria de Oliveira, disseram que suas comunidades eram dedicadas e que dariam bom uso \u00e0s obras p\u00fablicas propostas. Mais de 4000 moradores j\u00e1 estavam inscritos em alfabetiza\u00e7\u00e3o digital apesar dos baixos investimentos p\u00fablicos na \u00e1rea: os moradores tinham que se descolar at\u00e9 Penha para ter acesso a uma biblioteca p\u00fablica.<\/p>\n<p dir=\"ltr\">\u201cHaver\u00e1 obras do Morar Carioca aqui em dois anos no m\u00e1ximo\u201d, disse Eugenia.<\/p>\n<p dir=\"ltr\"><strong>Passos positivos para a participa\u00e7\u00e3o<\/strong><\/p>\n<p dir=\"ltr\">No escrit\u00f3rio no centro do Rio, \u00e0 uma hora e meia de Cordovil, pesquisadores do iBase que trabalharam no projeto dizem que o processo participativo que eles come\u00e7aram a facilitar na comunidade de Cordovil \u00e9 o que realmente diferenciava o Morar Carioca de programas de <a href=\"http:\/\/bit.ly\/XVcGa0\" target=\"_blank\">urbaniza\u00e7\u00e3o anteriores<\/a>.<\/p>\n<p dir=\"ltr\">&#8220;A id\u00e9ia atr\u00e1s do Morar Carioca foi muito emocionante para n\u00f3s. Era para construir a partir das li\u00e7\u00f5es aprendidas de programas no passado, como o programa\u00a0<a href=\"http:\/\/bit.ly\/XVcGa0\">Favela Bairro<\/a>\u00a0e o\u00a0<a href=\"http:\/\/bit.ly\/NnSmIP\">PAC<\/a>&#8220;, disse Sergio Azevedo, o coordenador de diagn\u00f3stico social do iBase respons\u00e1vel pelo aspecto participativo do Morar Carioca. &#8220;Nesses programas, \u00e0s vezes, os moradores tiveram a oportunidade de dizer as suas opini\u00f5es sobre o que estava acontecendo, mas essas opini\u00f5es foram raramente incorporadas nos planos&#8221;.<\/p>\n<figure id=\"attachment_8700\" aria-describedby=\"caption-attachment-8700\" style=\"width: 300px\" class=\"wp-caption alignright\"><a href=\"http:\/\/rioonwatch.org.br\/?attachment_id=8700\" rel=\"attachment wp-att-8700\"><img loading=\"lazy\" decoding=\"async\" class=\"size-medium wp-image-8700\" title=\"iBase Morar Carioca Oficina de Mem\u00f3ria\" src=\"http:\/\/rioonwatch.org\/wp-content\/uploads\/2013\/05\/iBase-Morar-Carioca-Oficina-de-Mem\u00f3ria-300x219.jpg\" alt=\"\" width=\"300\" height=\"219\" \/><\/a><figcaption id=\"caption-attachment-8700\" class=\"wp-caption-text\">Oficina de Mem\u00f3ria do iBase em outra favela do Morar Carioca, Asa Branca.<\/figcaption><\/figure>\n<p>Robson Rezende, coordenador de campo do iBase para o Agrupamento 16 do Morar Carioca, disse que o iBase facilitou tr\u00eas diferentes atividades em Cordovil. A primeira foi o \u2018semin\u00e1rio de mem\u00f3ria\u2019, no qual hist\u00f3rias orais de moradores mais velhos sobre as origens da comunidade eram reunidas. Alguns deles descrevem a funda\u00e7\u00e3o da comunidade em 1965 e o fato de que pessoas mudavam para l\u00e1 do Nordeste e da Praia do Pinto na Zona Sul, que incendiou em 1969 depois que a comunidade resistiu sua remo\u00e7\u00e3o tr\u00eas vezes sob o governo Lacerda.<\/p>\n<p dir=\"ltr\">Em segundo lugar, o iBase organizou grupos de discuss\u00e3o com diferentes tipos de moradores, como jovens, idosos e empres\u00e1rios. Al\u00e9m de moradores das favelas, nesses grupos tamb\u00e9m participaram moradores de \u00e1reas em torno. Rezende disse, &#8220;Morar Carioca acreditava ideologicamente em algo que o iBase vem dizendo h\u00e1 anos: n\u00e3o h\u00e1 uma diferen\u00e7a entre as favelas e a cidade. Favelas s\u00e3o parte da cidade. A fim de entender como elas funcionam dentro da cidade inteira, \u00e9 preciso conversar com os vizinhos do lado de fora e entender quais espa\u00e7os da cidade os moradores usam, porque isso vai ser muito maior do que a \u00e1rea da pr\u00f3pria favela. Por exemplo, \u00e9 importante para muitos moradores de Cordovil ter acesso ao mercado de Madureira para fazer compras, e muitos trabalham no Cemit\u00e9rio do Caju&#8221;, na Avenida Brasil.<\/p>\n<figure id=\"attachment_8701\" aria-describedby=\"caption-attachment-8701\" style=\"width: 300px\" class=\"wp-caption alignright\"><a href=\"http:\/\/rioonwatch.org.br\/?attachment_id=8701\" rel=\"attachment wp-att-8701\"><img loading=\"lazy\" decoding=\"async\" class=\"size-medium wp-image-8701\" title=\"Moradores de Pica-Pau\" src=\"http:\/\/rioonwatch.org\/wp-content\/uploads\/2013\/05\/Access-to-Education-Health-300x209.jpg\" alt=\"\" width=\"300\" height=\"209\" \/><\/a><figcaption id=\"caption-attachment-8701\" class=\"wp-caption-text\">Grupos focais do iBase identificaram detalhes acerca das quest\u00f5es de acesso \u00e0 sa\u00fade e educa\u00e7\u00e3o na \u00e1rea de Cordovil.<\/figcaption><\/figure>\n<p dir=\"ltr\">&#8220;Outro elemento importante destes grupos focais foi permitir f\u00f3runs suficiente pequenos para que pessoas se sintiam \u00e0 vontade para dar opini\u00f5es honestas, ou seja, separar os moradores de l\u00edderes comunit\u00e1rios para que eles pudessem falar por si mesmos, em vez de ter algu\u00e9m para falar por eles&#8221;, disse Rezende . &#8220;Fazendo isso, voc\u00ea pode obter percep\u00e7\u00f5es adicionais. Por exemplo, faz tr\u00eas anos, no papel, que t\u00eam cursos t\u00e9cnicos gratuitos oferecidos para os moradores em um centro na \u00e1rea chamado Senac, mas veio-se nos grupos focais que ningu\u00e9m iria para estas sess\u00f5es, porque ningu\u00e9m tinha ouvido falar sobre eles &#8220;. Foi a\u00ed que o time do iBase notou que os canais de comunica\u00e7\u00e3o entre comunidades era um fator importante a ser visado.<\/p>\n<p dir=\"ltr\">De acordo com os grupos de discuss\u00e3o, disse Rezende, &#8220;O setor p\u00fablico realmente n\u00e3o era presente&#8221; nas \u00e1reas do Agrupamento 16, porque embora tenha havido obras para instalar uma rede de \u00e1gua e uma creche, &#8220;estes n\u00e3o foram preservados em boa qualidade. Eles estavam funcionando como algo feito para cidad\u00e3os de terceira classe&#8221;. Isso j\u00e1 veio al\u00e9m de quest\u00f5es que o iBase j\u00e1 esperava ouvir sobre, como: redes de esgoto abertas, pavimento quebrado, e ilumina\u00e7\u00e3o p\u00fablica inadequada.<\/p>\n<p>A atividade final que o iBase facilitou foi a \u2018oficina de sonhos\u2019 no qual moradores deram suas pr\u00f3prias sugest\u00f5es para obras p\u00fablicas. O iBase usou os resultados das tr\u00eas atividades para aconselhar o relat\u00f3rio Macro Diagn\u00f3stico<strong>\u00a0<\/strong>sobre a Agrupada 16, feito em conjunto com o escrit\u00f3rio de arquitetura. O pr\u00f3ximo passo seria o escrit\u00f3rio apresentar suas recomenda\u00e7\u00f5es para a comunidade ao qual a comunidade responderia com coment\u00e1rios durante uma atividade chamada \u2018Roda de Di\u00e1logo\u2019. Depois o \u2018Plano de Interven\u00e7\u00e3o\u2019 seria finalizado pelos arquitetos, junto com o \u2018Plano de Integra\u00e7\u00e3o\u2019 para conectar as favelas socialmente com as \u00e1reas circundantes.<\/p>\n<figure id=\"attachment_8702\" aria-describedby=\"caption-attachment-8702\" style=\"width: 300px\" class=\"wp-caption alignright\"><a href=\"http:\/\/rioonwatch.org.br\/?attachment_id=8702\" rel=\"attachment wp-att-8702\"><img loading=\"lazy\" decoding=\"async\" class=\"size-medium wp-image-8702\" title=\"Propostas de interven\u00e7\u00f5es\" src=\"http:\/\/rioonwatch.org\/wp-content\/uploads\/2013\/05\/Proposed-Interventions-300x209.jpg\" alt=\"\" width=\"300\" height=\"209\" \/><\/a><figcaption id=\"caption-attachment-8702\" class=\"wp-caption-text\">Os espa\u00e7os rosa sobre este mapa, criado pela Arquos arquitetura, s\u00e3o marca de edif\u00edcios abandonados, onde os arquitetos recomendam constru\u00e7\u00f5es de escolas e instala\u00e7\u00f5es de sa\u00fade. Este mapa foi mostrado aos l\u00edderes comunit\u00e1rios por Eugenia Carmo da Prefeitura.<\/figcaption><\/figure>\n<p>A Roda de Di\u00e1logo ocorreu em algumas comunidades dos onze primeiros agrupamentos de favelas a receber o Morar Carioca, como por exemplo, Jardim Am\u00e9rica e <a href=\"http:\/\/bit.ly\/14vgMIo\" target=\"_blank\">Barreira de Vasco<\/a>. Por\u00e9m n\u00e3o ocorreu em Pica-Pau: os arquitetos e o iBase esperam h\u00e1 meses pelo financiamento da prefeitura para que possam continuar.<\/p>\n<p>Os planos dos arquitetos para Pica-Pau est\u00e3o prontos para a Roda de Di\u00e1logo. Jonas Goudinho do escrit\u00f3rio Arquos est\u00e1 extremamente orgulhoso dos planos; ele incorporou as perspectivas dos estudos do iBase para visar as quest\u00f5es de acesso de transporte, sa\u00fade e recursos educacionais. Ele calculou o alcance de escolas e postos de sa\u00fade j\u00e1 existentes baseado n\u00e3o na capacidade, mas nos obst\u00e1culos f\u00edsicos (o rio, rodovias e projetos de moradia) que impedem os moradores de chegar l\u00e1 rapidamente. Com base neste c\u00e1lculo ele indicou os dois lugares onde uma nova creche deve ser constru\u00edda e lugares onde pontes e espa\u00e7o para pedestres devem ser constru\u00eddos. Est\u00e1 at\u00e9 inclu\u00eddo na prerrogativa dos arquitetos do programa Morar Carioca sugerir um re-encaminhamento de linhas de \u00f4nibus locais. Goudinho j\u00e1 tem sugest\u00f5es para isso tamb\u00e9m.<\/p>\n<figure id=\"attachment_8703\" aria-describedby=\"caption-attachment-8703\" style=\"width: 300px\" class=\"wp-caption alignright\"><a href=\"http:\/\/rioonwatch.org.br\/?attachment_id=8703\" rel=\"attachment wp-att-8703\"><img loading=\"lazy\" decoding=\"async\" class=\"size-medium wp-image-8703\" title=\"Edif\u00edcios abandonados\" src=\"http:\/\/rioonwatch.org\/wp-content\/uploads\/2013\/05\/Abandoned-Buildings-300x224.jpg\" alt=\"\" width=\"300\" height=\"224\" \/><\/a><figcaption id=\"caption-attachment-8703\" class=\"wp-caption-text\">Arquos arquitetos sugerem que pr\u00e9dios abandonados como este sejam convertidos em locais para oferta de servi\u00e7os p\u00fablicos no redesign do Morar Carioca de Cordovil.<\/figcaption><\/figure>\n<p dir=\"ltr\">Goudinho, assim como o time do iBase, estava empolgado para participar no programa Morar Carioca num esfor\u00e7o de inova\u00e7\u00e3o baseado em <a href=\"http:\/\/bit.ly\/VV4Ddn\" target=\"_blank\">li\u00e7\u00f5es passadas<\/a> de urbaniza\u00e7\u00f5es. Formado em um col\u00e9gio de Santa Teresa, ele fez trabalho volunt\u00e1rio na favela dos Prazeres e virou arquiteto com a esperan\u00e7a de trabalhar com quest\u00f5es de planejamento em favelas na qualidade de profissional. Goudinho disse dos planos de Arquos para o Grupo 16 o mesmo que Rezende disse dos estudos do iBase:\u00a0&#8220;Acreditamos muito fortemente no que fizemos l\u00e1&#8221;.<\/p>\n<p dir=\"ltr\"><strong>O jogo de espera<\/strong><\/p>\n<p dir=\"ltr\">Depois que o contrato do iBase com a prefeitura foi suspendido em 28 de novembro de 2012, eles continuaram suas atividades de pesquisa com o pr\u00f3prio or\u00e7amento. Por\u00e9m, no in\u00edcio de fevereiro, com a diminui\u00e7\u00e3o do or\u00e7amento e sem compromisso vis\u00edvel da prefeitura em continuar apoiando as atividades do Morar Carioca em Cordovil, suspenderam seu trabalho de campo e mandaram uma carta, apresentada \u00e0 direita, para todos os moradores que haviam participado.<\/p>\n<p><a href=\"http:\/\/rioonwatch.org.br\/?attachment_id=8704\" rel=\"attachment wp-att-8704\"><img loading=\"lazy\" decoding=\"async\" class=\"size-medium wp-image-8704 alignright\" title=\"Carta do iBase aos moradores de Cordovil\" src=\"http:\/\/rioonwatch.org\/wp-content\/uploads\/2013\/05\/iBase-Cordovil-letter-1-199x300.jpg\" alt=\"\" width=\"199\" height=\"300\" \/><\/a><\/p>\n<p dir=\"ltr\">A carta agradecia os participantes e explicava as circunst\u00e2ncias envolvidas no cancelamento prematuro do trabalho do iBase. A carta observava que &#8220;consideramos um avan\u00e7o na pol\u00edtica p\u00fablica um programa como o Morar Carioca II que reconhece as favelas como uma forma de cidade e acreditamos que somente um monitoramento ativo dos moradores das favelas possibilitar\u00e1 sua apropria\u00e7\u00e3o como algo que diz respeito ao direito de um Rio de Janeiro mais justo, democr\u00e1tico e sustent\u00e1vel para todos e todas, sem distin\u00e7\u00e3o. Esta \u00e9 uma prioridade para o iBase que vem acompanhando as interven\u00e7\u00f5es no espa\u00e7o urbano do Rio de Janeiro de longa data, sempre defendendo os direitos das popula\u00e7\u00f5es das favelas e de outros segmentos marginalizados, facilitando a sua participa\u00e7\u00e3o\u201d.<\/p>\n<p dir=\"ltr\">Rezende levantou mais uma vez numa entrevista a import\u00e2ncia de desenvolver um di\u00e1logo cidad\u00e3o em torno de interven\u00e7\u00f5es urbanas como um processo de longo prazo. Por isso, ele notou que cortar atividades de planejamento participativo sem data de reinicio \u00e9 &#8220;muito ruim. Os meses come\u00e7am a passar&#8221;, disse ele. &#8220;Os moradores n\u00e3o ouvem nada&#8221;, ele balan\u00e7a cabe\u00e7a.<\/p>\n<p dir=\"ltr\">Na sede da Associa\u00e7\u00e3o de Moradores de Pica-Pau, Irenaldo est\u00e1 tentando marcar outra reuni\u00e3o com um representante da prefeitura. N\u00f3s s\u00f3 queremos saber se devemos esperar obras p\u00fablicas &#8220;, diz ele. &#8220;Se assim for, quando devemos esperar por elas? Este ano? No ano que vem? Eu sei que os arquitetos t\u00eam um conjunto de planos que est\u00e3o prontos agora&#8221;.<\/p>\n<!-- AddThis Advanced Settings generic via filter on the_content --><!-- AddThis Share Buttons generic via filter on the_content -->","protected":false},"excerpt":{"rendered":"<div class=\"mh-excerpt\"><p>Click Here for English Irenaldo Hon\u00f3rio da Silva, presidente da Associa\u00e7\u00e3o de Moradores de Pica-Pau n\u00e3o sabe o que fazer. A pequena favela que ele lidera ha vinte anos, um pouco ao norte da Mar\u00e9 <a class=\"mh-excerpt-more\" href=\"https:\/\/rioonwatch.org.br\/?p=5799\" title=\"Morar Carioca Estagnado em 89 Favelas: O Caso do Pica-Pau\">[&#8230;]<\/a><!-- AddThis Advanced Settings generic via filter on get_the_excerpt --><!-- AddThis Share Buttons generic via filter on get_the_excerpt --><\/p>\n<\/div>","protected":false},"author":129,"featured_media":5811,"comment_status":"closed","ping_status":"closed","sticky":false,"template":"","format":"standard","meta":{"_acf_changed":false,"_monsterinsights_skip_tracking":false,"_monsterinsights_sitenote_active":false,"_monsterinsights_sitenote_note":"","_monsterinsights_sitenote_category":0,"footnotes":""},"categories":[1618,1635,346,344],"tags":[655,368,484,490,270,304,426,493,218],"writer":[489],"translator":[697],"source":[],"ilustrador":[],"fotografo":[],"class_list":{"0":"post-5799","1":"post","2":"type-post","3":"status-publish","4":"format-standard","5":"has-post-thumbnail","7":"category-olhonaparticipacao","8":"category-1635","9":"category-denuncias","10":"category-politicas","11":"tag-associacao-de-moradores","12":"tag-cordovil","13":"tag-prefeito-eduardo-paes","14":"tag-ibase","15":"tag-morar-carioca","16":"tag-participacao","17":"tag-pica-pau","18":"tag-urbanizacao","19":"tag-zona-norte","20":"writer-catherine-osborn","21":"translator-luana-gama-gato"},"acf":[],"yoast_head":"<!-- This site is optimized with the Yoast SEO plugin v25.6 - https:\/\/yoast.com\/wordpress\/plugins\/seo\/ -->\n<title>Morar Carioca Estagnado em 89 Favelas: O Caso do Pica-Pau - RioOnWatch<\/title>\n<meta name=\"robots\" content=\"index, follow, max-snippet:-1, max-image-preview:large, max-video-preview:-1\" \/>\n<link rel=\"canonical\" href=\"https:\/\/rioonwatch.org.br\/?p=5799\" \/>\n<meta property=\"og:locale\" content=\"pt_BR\" \/>\n<meta property=\"og:type\" content=\"article\" \/>\n<meta property=\"og:title\" content=\"Morar Carioca Estagnado em 89 Favelas: O Caso do Pica-Pau - RioOnWatch\" \/>\n<meta property=\"og:description\" content=\"Click Here for English Irenaldo Hon\u00f3rio da Silva, presidente da Associa\u00e7\u00e3o de Moradores de Pica-Pau n\u00e3o sabe o que fazer. A pequena favela que ele lidera ha vinte anos, um pouco ao norte da Mar\u00e9 [...]\" \/>\n<meta property=\"og:url\" content=\"https:\/\/rioonwatch.org.br\/?p=5799\" \/>\n<meta property=\"og:site_name\" content=\"RioOnWatch\" \/>\n<meta property=\"article:published_time\" content=\"2013-05-27T12:00:33+00:00\" \/>\n<meta property=\"article:modified_time\" content=\"2018-05-22T12:44:07+00:00\" \/>\n<meta property=\"og:image\" content=\"https:\/\/rioonwatch.org.br\/wp-content\/uploads\/2013\/05\/Planos-da-prefeitura.jpg\" \/>\n\t<meta property=\"og:image:width\" content=\"300\" \/>\n\t<meta property=\"og:image:height\" content=\"225\" \/>\n\t<meta property=\"og:image:type\" content=\"image\/jpeg\" \/>\n<meta name=\"author\" content=\"Admin\" \/>\n<meta name=\"twitter:card\" content=\"summary_large_image\" \/>\n<meta name=\"twitter:label1\" content=\"Escrito por\" \/>\n\t<meta name=\"twitter:data1\" content=\"Admin\" \/>\n\t<meta name=\"twitter:label2\" content=\"Est. tempo de leitura\" \/>\n\t<meta name=\"twitter:data2\" content=\"13 minutos\" \/>\n<script type=\"application\/ld+json\" class=\"yoast-schema-graph\">{\"@context\":\"https:\/\/schema.org\",\"@graph\":[{\"@type\":\"Article\",\"@id\":\"https:\/\/rioonwatch.org.br\/?p=5799#article\",\"isPartOf\":{\"@id\":\"https:\/\/rioonwatch.org.br\/?p=5799\"},\"author\":{\"name\":\"Admin\",\"@id\":\"https:\/\/rioonwatch.org.br\/#\/schema\/person\/11d64c290506f9df50c71b850c473f68\"},\"headline\":\"Morar Carioca Estagnado em 89 Favelas: O Caso do Pica-Pau\",\"datePublished\":\"2013-05-27T12:00:33+00:00\",\"dateModified\":\"2018-05-22T12:44:07+00:00\",\"mainEntityOfPage\":{\"@id\":\"https:\/\/rioonwatch.org.br\/?p=5799\"},\"wordCount\":2524,\"publisher\":{\"@id\":\"https:\/\/rioonwatch.org.br\/#organization\"},\"image\":{\"@id\":\"https:\/\/rioonwatch.org.br\/?p=5799#primaryimage\"},\"thumbnailUrl\":\"https:\/\/rioonwatch.org.br\/wp-content\/uploads\/2013\/05\/Planos-da-prefeitura.jpg\",\"keywords\":[\"Associa\u00e7\u00e3o de Moradores\",\"Cordovil\",\"Eduardo Paes\",\"iBase\",\"Morar Carioca\",\"participa\u00e7\u00e3o\",\"Pica-Pau\",\"urbaniza\u00e7\u00e3o\",\"Zona Norte\"],\"articleSection\":[\"#OlhoNaParticipa\u00e7\u00e3o\",\"#Rio2016\",\"Den\u00fancias\",\"Pol\u00edticas\"],\"inLanguage\":\"pt-BR\"},{\"@type\":\"WebPage\",\"@id\":\"https:\/\/rioonwatch.org.br\/?p=5799\",\"url\":\"https:\/\/rioonwatch.org.br\/?p=5799\",\"name\":\"Morar Carioca Estagnado em 89 Favelas: O Caso do Pica-Pau - RioOnWatch\",\"isPartOf\":{\"@id\":\"https:\/\/rioonwatch.org.br\/#website\"},\"primaryImageOfPage\":{\"@id\":\"https:\/\/rioonwatch.org.br\/?p=5799#primaryimage\"},\"image\":{\"@id\":\"https:\/\/rioonwatch.org.br\/?p=5799#primaryimage\"},\"thumbnailUrl\":\"https:\/\/rioonwatch.org.br\/wp-content\/uploads\/2013\/05\/Planos-da-prefeitura.jpg\",\"datePublished\":\"2013-05-27T12:00:33+00:00\",\"dateModified\":\"2018-05-22T12:44:07+00:00\",\"breadcrumb\":{\"@id\":\"https:\/\/rioonwatch.org.br\/?p=5799#breadcrumb\"},\"inLanguage\":\"pt-BR\",\"potentialAction\":[{\"@type\":\"ReadAction\",\"target\":[\"https:\/\/rioonwatch.org.br\/?p=5799\"]}]},{\"@type\":\"ImageObject\",\"inLanguage\":\"pt-BR\",\"@id\":\"https:\/\/rioonwatch.org.br\/?p=5799#primaryimage\",\"url\":\"https:\/\/rioonwatch.org.br\/wp-content\/uploads\/2013\/05\/Planos-da-prefeitura.jpg\",\"contentUrl\":\"https:\/\/rioonwatch.org.br\/wp-content\/uploads\/2013\/05\/Planos-da-prefeitura.jpg\",\"width\":300,\"height\":225},{\"@type\":\"BreadcrumbList\",\"@id\":\"https:\/\/rioonwatch.org.br\/?p=5799#breadcrumb\",\"itemListElement\":[{\"@type\":\"ListItem\",\"position\":1,\"name\":\"In\u00edcio\",\"item\":\"https:\/\/rioonwatch.org.br\/\"},{\"@type\":\"ListItem\",\"position\":2,\"name\":\"Morar Carioca Estagnado em 89 Favelas: O Caso do Pica-Pau\"}]},{\"@type\":\"WebSite\",\"@id\":\"https:\/\/rioonwatch.org.br\/#website\",\"url\":\"https:\/\/rioonwatch.org.br\/\",\"name\":\"RioOnWatch\",\"description\":\"relatos das favelas cariocas\",\"publisher\":{\"@id\":\"https:\/\/rioonwatch.org.br\/#organization\"},\"potentialAction\":[{\"@type\":\"SearchAction\",\"target\":{\"@type\":\"EntryPoint\",\"urlTemplate\":\"https:\/\/rioonwatch.org.br\/?s={search_term_string}\"},\"query-input\":{\"@type\":\"PropertyValueSpecification\",\"valueRequired\":true,\"valueName\":\"search_term_string\"}}],\"inLanguage\":\"pt-BR\"},{\"@type\":\"Organization\",\"@id\":\"https:\/\/rioonwatch.org.br\/#organization\",\"name\":\"RioOnWatch\",\"url\":\"https:\/\/rioonwatch.org.br\/\",\"logo\":{\"@type\":\"ImageObject\",\"inLanguage\":\"pt-BR\",\"@id\":\"https:\/\/rioonwatch.org.br\/#\/schema\/logo\/image\/\",\"url\":\"https:\/\/rioonwatch.org.br\/wp-content\/uploads\/2021\/06\/RioOnWatchcabecalhoPT11anos-2.png\",\"contentUrl\":\"https:\/\/rioonwatch.org.br\/wp-content\/uploads\/2021\/06\/RioOnWatchcabecalhoPT11anos-2.png\",\"width\":779,\"height\":277,\"caption\":\"RioOnWatch\"},\"image\":{\"@id\":\"https:\/\/rioonwatch.org.br\/#\/schema\/logo\/image\/\"}},{\"@type\":\"Person\",\"@id\":\"https:\/\/rioonwatch.org.br\/#\/schema\/person\/11d64c290506f9df50c71b850c473f68\",\"name\":\"Admin\",\"image\":{\"@type\":\"ImageObject\",\"inLanguage\":\"pt-BR\",\"@id\":\"https:\/\/rioonwatch.org.br\/#\/schema\/person\/image\/\",\"url\":\"https:\/\/secure.gravatar.com\/avatar\/56211ac74568383903349a1485e3c325?s=96&d=blank&r=g\",\"contentUrl\":\"https:\/\/secure.gravatar.com\/avatar\/56211ac74568383903349a1485e3c325?s=96&d=blank&r=g\",\"caption\":\"Admin\"},\"url\":\"https:\/\/rioonwatch.org.br\/?author=129\"}]}<\/script>\n<!-- \/ Yoast SEO plugin. -->","yoast_head_json":{"title":"Morar Carioca Estagnado em 89 Favelas: O Caso do Pica-Pau - RioOnWatch","robots":{"index":"index","follow":"follow","max-snippet":"max-snippet:-1","max-image-preview":"max-image-preview:large","max-video-preview":"max-video-preview:-1"},"canonical":"https:\/\/rioonwatch.org.br\/?p=5799","og_locale":"pt_BR","og_type":"article","og_title":"Morar Carioca Estagnado em 89 Favelas: O Caso do Pica-Pau - RioOnWatch","og_description":"Click Here for English Irenaldo Hon\u00f3rio da Silva, presidente da Associa\u00e7\u00e3o de Moradores de Pica-Pau n\u00e3o sabe o que fazer. A pequena favela que ele lidera ha vinte anos, um pouco ao norte da Mar\u00e9 [...]","og_url":"https:\/\/rioonwatch.org.br\/?p=5799","og_site_name":"RioOnWatch","article_published_time":"2013-05-27T12:00:33+00:00","article_modified_time":"2018-05-22T12:44:07+00:00","og_image":[{"width":300,"height":225,"url":"https:\/\/rioonwatch.org.br\/wp-content\/uploads\/2013\/05\/Planos-da-prefeitura.jpg","type":"image\/jpeg"}],"author":"Admin","twitter_card":"summary_large_image","twitter_misc":{"Escrito por":"Admin","Est. tempo de leitura":"13 minutos"},"schema":{"@context":"https:\/\/schema.org","@graph":[{"@type":"Article","@id":"https:\/\/rioonwatch.org.br\/?p=5799#article","isPartOf":{"@id":"https:\/\/rioonwatch.org.br\/?p=5799"},"author":{"name":"Admin","@id":"https:\/\/rioonwatch.org.br\/#\/schema\/person\/11d64c290506f9df50c71b850c473f68"},"headline":"Morar Carioca Estagnado em 89 Favelas: O Caso do Pica-Pau","datePublished":"2013-05-27T12:00:33+00:00","dateModified":"2018-05-22T12:44:07+00:00","mainEntityOfPage":{"@id":"https:\/\/rioonwatch.org.br\/?p=5799"},"wordCount":2524,"publisher":{"@id":"https:\/\/rioonwatch.org.br\/#organization"},"image":{"@id":"https:\/\/rioonwatch.org.br\/?p=5799#primaryimage"},"thumbnailUrl":"https:\/\/rioonwatch.org.br\/wp-content\/uploads\/2013\/05\/Planos-da-prefeitura.jpg","keywords":["Associa\u00e7\u00e3o de Moradores","Cordovil","Eduardo Paes","iBase","Morar Carioca","participa\u00e7\u00e3o","Pica-Pau","urbaniza\u00e7\u00e3o","Zona Norte"],"articleSection":["#OlhoNaParticipa\u00e7\u00e3o","#Rio2016","Den\u00fancias","Pol\u00edticas"],"inLanguage":"pt-BR"},{"@type":"WebPage","@id":"https:\/\/rioonwatch.org.br\/?p=5799","url":"https:\/\/rioonwatch.org.br\/?p=5799","name":"Morar Carioca Estagnado em 89 Favelas: O Caso do Pica-Pau - RioOnWatch","isPartOf":{"@id":"https:\/\/rioonwatch.org.br\/#website"},"primaryImageOfPage":{"@id":"https:\/\/rioonwatch.org.br\/?p=5799#primaryimage"},"image":{"@id":"https:\/\/rioonwatch.org.br\/?p=5799#primaryimage"},"thumbnailUrl":"https:\/\/rioonwatch.org.br\/wp-content\/uploads\/2013\/05\/Planos-da-prefeitura.jpg","datePublished":"2013-05-27T12:00:33+00:00","dateModified":"2018-05-22T12:44:07+00:00","breadcrumb":{"@id":"https:\/\/rioonwatch.org.br\/?p=5799#breadcrumb"},"inLanguage":"pt-BR","potentialAction":[{"@type":"ReadAction","target":["https:\/\/rioonwatch.org.br\/?p=5799"]}]},{"@type":"ImageObject","inLanguage":"pt-BR","@id":"https:\/\/rioonwatch.org.br\/?p=5799#primaryimage","url":"https:\/\/rioonwatch.org.br\/wp-content\/uploads\/2013\/05\/Planos-da-prefeitura.jpg","contentUrl":"https:\/\/rioonwatch.org.br\/wp-content\/uploads\/2013\/05\/Planos-da-prefeitura.jpg","width":300,"height":225},{"@type":"BreadcrumbList","@id":"https:\/\/rioonwatch.org.br\/?p=5799#breadcrumb","itemListElement":[{"@type":"ListItem","position":1,"name":"In\u00edcio","item":"https:\/\/rioonwatch.org.br\/"},{"@type":"ListItem","position":2,"name":"Morar Carioca Estagnado em 89 Favelas: O Caso do Pica-Pau"}]},{"@type":"WebSite","@id":"https:\/\/rioonwatch.org.br\/#website","url":"https:\/\/rioonwatch.org.br\/","name":"RioOnWatch","description":"relatos das favelas cariocas","publisher":{"@id":"https:\/\/rioonwatch.org.br\/#organization"},"potentialAction":[{"@type":"SearchAction","target":{"@type":"EntryPoint","urlTemplate":"https:\/\/rioonwatch.org.br\/?s={search_term_string}"},"query-input":{"@type":"PropertyValueSpecification","valueRequired":true,"valueName":"search_term_string"}}],"inLanguage":"pt-BR"},{"@type":"Organization","@id":"https:\/\/rioonwatch.org.br\/#organization","name":"RioOnWatch","url":"https:\/\/rioonwatch.org.br\/","logo":{"@type":"ImageObject","inLanguage":"pt-BR","@id":"https:\/\/rioonwatch.org.br\/#\/schema\/logo\/image\/","url":"https:\/\/rioonwatch.org.br\/wp-content\/uploads\/2021\/06\/RioOnWatchcabecalhoPT11anos-2.png","contentUrl":"https:\/\/rioonwatch.org.br\/wp-content\/uploads\/2021\/06\/RioOnWatchcabecalhoPT11anos-2.png","width":779,"height":277,"caption":"RioOnWatch"},"image":{"@id":"https:\/\/rioonwatch.org.br\/#\/schema\/logo\/image\/"}},{"@type":"Person","@id":"https:\/\/rioonwatch.org.br\/#\/schema\/person\/11d64c290506f9df50c71b850c473f68","name":"Admin","image":{"@type":"ImageObject","inLanguage":"pt-BR","@id":"https:\/\/rioonwatch.org.br\/#\/schema\/person\/image\/","url":"https:\/\/secure.gravatar.com\/avatar\/56211ac74568383903349a1485e3c325?s=96&d=blank&r=g","contentUrl":"https:\/\/secure.gravatar.com\/avatar\/56211ac74568383903349a1485e3c325?s=96&d=blank&r=g","caption":"Admin"},"url":"https:\/\/rioonwatch.org.br\/?author=129"}]}},"_links":{"self":[{"href":"https:\/\/rioonwatch.org.br\/index.php?rest_route=\/wp\/v2\/posts\/5799"}],"collection":[{"href":"https:\/\/rioonwatch.org.br\/index.php?rest_route=\/wp\/v2\/posts"}],"about":[{"href":"https:\/\/rioonwatch.org.br\/index.php?rest_route=\/wp\/v2\/types\/post"}],"author":[{"embeddable":true,"href":"https:\/\/rioonwatch.org.br\/index.php?rest_route=\/wp\/v2\/users\/129"}],"replies":[{"embeddable":true,"href":"https:\/\/rioonwatch.org.br\/index.php?rest_route=%2Fwp%2Fv2%2Fcomments&post=5799"}],"version-history":[{"count":73,"href":"https:\/\/rioonwatch.org.br\/index.php?rest_route=\/wp\/v2\/posts\/5799\/revisions"}],"predecessor-version":[{"id":19435,"href":"https:\/\/rioonwatch.org.br\/index.php?rest_route=\/wp\/v2\/posts\/5799\/revisions\/19435"}],"wp:featuredmedia":[{"embeddable":true,"href":"https:\/\/rioonwatch.org.br\/index.php?rest_route=\/wp\/v2\/media\/5811"}],"wp:attachment":[{"href":"https:\/\/rioonwatch.org.br\/index.php?rest_route=%2Fwp%2Fv2%2Fmedia&parent=5799"}],"wp:term":[{"taxonomy":"category","embeddable":true,"href":"https:\/\/rioonwatch.org.br\/index.php?rest_route=%2Fwp%2Fv2%2Fcategories&post=5799"},{"taxonomy":"post_tag","embeddable":true,"href":"https:\/\/rioonwatch.org.br\/index.php?rest_route=%2Fwp%2Fv2%2Ftags&post=5799"},{"taxonomy":"writer","embeddable":true,"href":"https:\/\/rioonwatch.org.br\/index.php?rest_route=%2Fwp%2Fv2%2Fwriter&post=5799"},{"taxonomy":"translator","embeddable":true,"href":"https:\/\/rioonwatch.org.br\/index.php?rest_route=%2Fwp%2Fv2%2Ftranslator&post=5799"},{"taxonomy":"source","embeddable":true,"href":"https:\/\/rioonwatch.org.br\/index.php?rest_route=%2Fwp%2Fv2%2Fsource&post=5799"},{"taxonomy":"ilustrador","embeddable":true,"href":"https:\/\/rioonwatch.org.br\/index.php?rest_route=%2Fwp%2Fv2%2Filustrador&post=5799"},{"taxonomy":"fotografo","embeddable":true,"href":"https:\/\/rioonwatch.org.br\/index.php?rest_route=%2Fwp%2Fv2%2Ffotografo&post=5799"}],"curies":[{"name":"wp","href":"https:\/\/api.w.org\/{rel}","templated":true}]}}