{"id":58710,"date":"2022-01-06T10:07:04","date_gmt":"2022-01-06T13:07:04","guid":{"rendered":"https:\/\/rioonwatch.org.br\/?p=58710"},"modified":"2022-01-10T12:42:19","modified_gmt":"2022-01-10T15:42:19","slug":"termo-territorial-coletivo-solucao-para-a-crise-habitacional-global","status":"publish","type":"post","link":"https:\/\/rioonwatch.org.br\/?p=58710","title":{"rendered":"Termo Territorial Coletivo: Solu\u00e7\u00e3o para a Crise Habitacional Global"},"content":{"rendered":"<p style=\"text-align: right;\"><em><strong><a href=\"https:\/\/bit.ly\/3izmis8\" target=\"_blank\" rel=\"noopener noreferrer\">Click Here for English<\/a><a href=\"https:\/\/bit.ly\/3izmis8\" target=\"_blank\" rel=\"noopener noreferrer\"><img decoding=\"async\" class=\"alignright wp-image-15790\" src=\"http:\/\/rioonwatch.org.br\/wp-content\/uploads\/2012\/08\/EN-standard-e1439583104716.jpg\" alt=\"\" width=\"20\" height=\"20\" \/><\/a><\/strong><\/em><\/p>\n<p><em>Leia a mat\u00e9ria original por <a class=\"article-author\" href=\"https:\/\/bit.ly\/3mndx4P\" target=\"_blank\" rel=\"noopener\" data-gtm-class=\"author\">Carrick Reddin<\/a>, em ingl\u00eas, no site do F\u00f3rum Econ\u00f4mico Mundial <a href=\"https:\/\/bit.ly\/3izmis8\" target=\"_blank\" rel=\"noopener\">aqui<\/a>. O RioOnWatch traduz mat\u00e9rias do ingl\u00eas para que brasileiros possam ter acesso e acompanhar temas ou an\u00e1lises cobertos fora do pa\u00eds que nem sempre s\u00e3o cobertos no Brasil.<\/em><\/p>\n<ul>\n<li><span style=\"font-weight: 400;\"> A pandemia reiterou a import\u00e2ncia de moradia adequada.<\/span><\/li>\n<li><span style=\"font-weight: 400;\"> O modelo comunit\u00e1rio <a href=\"http:\/\/bit.ly\/1mig1hx\" target=\"_blank\" rel=\"noopener\">Termo Territorial Coletivo<\/a> (TTC) amplia o acesso \u00e0 moradia, incentiva a participa\u00e7\u00e3o da comunidade e protege os recursos p\u00fablicos.<\/span><\/li>\n<li><span style=\"font-weight: 400;\"> De acordo com o modelo, a terra \u00e9 de propriedade comunal, enquanto que as casas s\u00e3o de propriedade individual.<\/span><\/li>\n<\/ul>\n<p><span style=\"font-weight: 400;\">Todos os 193 estados membros das <a href=\"http:\/\/bit.ly\/2Jo9VwI\" target=\"_blank\" rel=\"noopener\">Na\u00e7\u00f5es Unidas<\/a> reconhecem a <\/span><a href=\"https:\/\/bit.ly\/3CR7mx1\" target=\"_blank\" rel=\"noopener\"><span style=\"font-weight: 400;\">moradia adequada<\/span><\/a><span style=\"font-weight: 400;\"> como um direito humano inalien\u00e1vel, embora <\/span><a href=\"https:\/\/bit.ly\/3FKox4O\" target=\"_blank\" rel=\"noopener\"><span style=\"font-weight: 400;\">cerca de 1,6 bilh\u00e3o de pessoas<\/span><\/a><span style=\"font-weight: 400;\"> ainda vivem em habita\u00e7\u00f5es prec\u00e1rias. Al\u00e9m disso, uma <\/span><a href=\"https:\/\/bit.ly\/3bJTyIF\" target=\"_blank\" rel=\"noopener\"><span style=\"font-weight: 400;\">pesquisa do Prindex<\/span><\/a><span style=\"font-weight: 400;\"> mostra que quase 1 bilh\u00e3o de pessoas consideram \u201cprov\u00e1vel ou muito prov\u00e1vel que sejam removidas de suas terras ou propriedades nos pr\u00f3ximos cinco anos\u201d. A pesquisa sugere que isso se deve em grande parte \u00e0 especula\u00e7\u00e3o imobili\u00e1ria e \u00e0 falta de posse segura da terra.<\/span><\/p>\n<p><span style=\"font-weight: 400;\">A crise da <a href=\"https:\/\/bit.ly\/2xOpNGB\" target=\"_blank\" rel=\"noopener\">Covid-19<\/a> confirmou a import\u00e2ncia primordial da habita\u00e7\u00e3o para uma vida saud\u00e1vel \u200b\u200be pr\u00f3spera. Agora, mais do que nunca, devemos acelerar a implementa\u00e7\u00e3o comunit\u00e1ria da propriedade da terra e gest\u00e3o de recursos. A no\u00e7\u00e3o de terras que pertencem e s\u00e3o administradas pela comunidade n\u00e3o \u00e9 nova: tem ra\u00edzes hist\u00f3ricas em todo o mundo, de comunidades ind\u00edgenas americanas \u00e0 <a href=\"https:\/\/bit.ly\/2CDzDNX\" target=\"_blank\" rel=\"noopener\">\u00c1frica<\/a> pr\u00e9-colonial e ao Imp\u00e9rio Mongol. No contexto da mudan\u00e7a clim\u00e1tica e da crescente desigualdade, os profissionais devem ver o modelo Termo Territorial Coletivo<\/span><span style=\"font-weight: 400;\">\u00a0como uma solu\u00e7\u00e3o vi\u00e1vel para garantir o direito \u00e0 moradia e proteger os recursos p\u00fablicos.<\/span><\/p>\n<p><span style=\"font-weight: 400;\">O livro rec\u00e9m-publicado <\/span><a href=\"https:\/\/bit.ly\/2ZsJw8g\" target=\"_blank\" rel=\"noopener\"><i><span style=\"font-weight: 400;\">On Common Ground<\/span><\/i><\/a><span style=\"font-weight: 400;\"><em> (Em Terreno Comum)<\/em> <a href=\"http:\/\/bit.ly\/2KV93ST\" target=\"_blank\" rel=\"noopener\">tra\u00e7a a hist\u00f3ria dos TTCs<\/a>, desde o movimento pelos direitos civis nos <a href=\"https:\/\/bit.ly\/2y11XaE\" target=\"_blank\" rel=\"noopener\">Estados Unidos<\/a>, quando, em 1969, um grupo de ativistas afro-americanos da Ge\u00f3rgia obteve terras para sua comunidade como uma forma de garantir uma maior independ\u00eancia. Este grupo vision\u00e1rio, os fundadores do TTC <\/span><a href=\"http:\/\/bit.ly\/2mRNTdK\" target=\"_blank\" rel=\"noopener\"><span style=\"font-weight: 400;\">New Communities Inc.<\/span><\/a><span style=\"font-weight: 400;\">, determinaram que a propriedade coletiva da terra era a forma mais segura de posse, j\u00e1 que, quando combinada com a propriedade individual das casas, poderia oferecer \u00e0s pessoas de baixa renda uma oportunidades de seguran\u00e7a financeira e gest\u00e3o cooperativa, garantindo ao mesmo tempo acessibilidade econ\u00f4mica da habita\u00e7\u00e3o a longo prazo. Este conceito de terra de propriedade da comunidade em que os indiv\u00edduos possuem suas casas \u00e9 o cerne do <a href=\"https:\/\/bit.ly\/3AD0ZMW\" target=\"_blank\" rel=\"noopener\">TTC<\/a>.<\/span><\/p>\n<p><span style=\"font-weight: 400;\">Em um <\/span><a href=\"https:\/\/bit.ly\/VideoTTC\" target=\"_blank\" rel=\"noopener\"><span style=\"font-weight: 400;\">Termo Territorial Coletivo<\/span><\/a><span style=\"font-weight: 400;\">, como \u00e9 <a href=\"https:\/\/bit.ly\/3mPBNOg\" target=\"_blank\" rel=\"noopener\">descrito no livro<\/a>, a terra \u00e9 propriedade de uma organiza\u00e7\u00e3o privada sem fins lucrativos administrada coletivamente pelos moradores, partes interessadas da comunidade e t\u00e9cnicos. As casas individuais constru\u00eddas no terreno s\u00e3o de propriedade dos moradores, que geram capital durante a sua estadia e, quando optam por sair, vendem a sua casa a um pre\u00e7o acess\u00edvel para o pr\u00f3ximo comprador. [No caso cl\u00e1ssico do TTC norteamericano, onde os moradores origin\u00e1rios do TTC optam por entrar nele sob estas condi\u00e7\u00f5es,] esse pre\u00e7o \u00e9 determinado pelo TTC para manter a acessibilidade, ao mesmo tempo em que prov\u00ea ao morador atual uma parcela do aumento no valor de sua casa. Este modelo elimina efetivamente o risco de especula\u00e7\u00e3o e <a href=\"https:\/\/bit.ly\/3AdyYeq\" target=\"_blank\" rel=\"noopener\">remo\u00e7\u00f5es<\/a>. Al\u00e9m disso, os TTCs capacitam os moradores para tomar as r\u00e9deas do desenvolvimento de sua comunidade, agindo como administradores de espa\u00e7os e recursos comuns.<\/span><\/p>\n<figure id=\"attachment_60094\" aria-describedby=\"caption-attachment-60094\" style=\"width: 1070px\" class=\"wp-caption aligncenter\"><a href=\"https:\/\/rioonwatch.org.br\/wp-content\/uploads\/2022\/01\/TTC-classico.png\"><img fetchpriority=\"high\" decoding=\"async\" class=\"wp-image-60094\" title=\"TTCs geralmente combinam terras de propriedade coletiva com casas de propriedade individual.\" src=\"https:\/\/rioonwatch.org.br\/wp-content\/uploads\/2022\/01\/TTC-classico.png\" alt=\"TTCs geralmente combinam terras de propriedade coletiva com casas de propriedade individual.\" width=\"1070\" height=\"1219\" srcset=\"https:\/\/rioonwatch.org.br\/wp-content\/uploads\/2022\/01\/TTC-classico.png 1395w, https:\/\/rioonwatch.org.br\/wp-content\/uploads\/2022\/01\/TTC-classico-544x620.png 544w, https:\/\/rioonwatch.org.br\/wp-content\/uploads\/2022\/01\/TTC-classico-552x629.png 552w, https:\/\/rioonwatch.org.br\/wp-content\/uploads\/2022\/01\/TTC-classico-768x875.png 768w\" sizes=\"(max-width: 1070px) 100vw, 1070px\" \/><\/a><figcaption id=\"caption-attachment-60094\" class=\"wp-caption-text\">TTCs geralmente combinam terras de propriedade coletiva com casas de propriedade individual.<\/figcaption><\/figure>\n<p><span style=\"font-weight: 400;\">Hoje, existem mais de 250 TTCs nos Estados Unidos, 300 no <a href=\"http:\/\/bit.ly\/2VYsOeR\" target=\"_blank\" rel=\"noopener\">Reino Unido<\/a> e um n\u00famero crescente na <a href=\"https:\/\/bit.ly\/3JY5l6n\" target=\"_blank\" rel=\"noopener\">Europa<\/a>, <a href=\"https:\/\/bit.ly\/3IhUvau\" target=\"_blank\" rel=\"noopener\">Am\u00e9rica Latina<\/a>, <a href=\"http:\/\/bit.ly\/2CEtnVd\" target=\"_blank\" rel=\"noopener\">\u00c1frica<\/a> e <a href=\"https:\/\/bit.ly\/3G0b8FS\" target=\"_blank\" rel=\"noopener\">\u00c1sia<\/a>. Abaixo, est\u00e3o v\u00e1rios exemplos de como os TTCs e suas varia\u00e7\u00f5es locais est\u00e3o sendo usados \u200b\u200bpara criar moradias populares na <a href=\"http:\/\/bit.ly\/2PmeZpm\" target=\"_blank\" rel=\"noopener\">B\u00e9lgica<\/a>, garantir a posse da terra no Qu\u00eania e proteger os recursos naturais em Honduras.<\/span><\/p>\n<p><span style=\"font-weight: 400;\">O <\/span><em><a href=\"https:\/\/bit.ly\/31wAVGJ\" target=\"_blank\" rel=\"noopener\"><span style=\"font-weight: 400;\">Community Land Trust Brussels<\/span><\/a><\/em><span style=\"font-weight: 400;\"><em> (CLTB)<\/em> desenvolve moradias permanentemente acess\u00edveis em terrenos <a href=\"https:\/\/bit.ly\/TTCBruxelas\" target=\"_blank\" rel=\"noopener\">administrados coletivamente na capital da B\u00e9lgica<\/a>. Incorporado em 2012 em meio a uma crise de moradias populares (os pre\u00e7os das moradias em Bruxelas dobraram de 2000 a 2010), o CLTB trabalhou com representantes do governo para criar as estruturas jur\u00eddicas e financeiras necess\u00e1rias para a cria\u00e7\u00e3o de um TTC. Desde 2014, o CLTB construiu cerca de 50 casas, estando com mais de 100 atualmente em desenvolvimento. Arthur Cady, Gerente de Projeto do CLTB, enfatiza os benef\u00edcios sociais e econ\u00f4micos do modelo TTC: \u201cOs TTCs ajudam a refor\u00e7ar a coes\u00e3o social das cidades e comunidades ao incluir fam\u00edlias de baixa renda que podem ser exclu\u00eddas dos bairros pela <a href=\"http:\/\/bit.ly\/2wYNOXe\" target=\"_blank\" rel=\"noopener\">gentrifica\u00e7\u00e3o<\/a>, ao mesmo tempo que lhes d\u00e1 voz na gest\u00e3o imobili\u00e1ria da cidade e n\u00e3o os deixa nas m\u00e3os de especuladores financeiros<\/span><span style=\"font-weight: 400;\">\u201d. Ansioso por difundir o modelo TTC pela Europa, o CLTB est\u00e1 apoiando o projeto <\/span><a href=\"http:\/\/bit.ly\/2pGS79b\" target=\"_blank\" rel=\"noopener\"><span style=\"font-weight: 400;\">Habita\u00e7\u00e3o Sustent\u00e1vel para Cidades Inclusivas e Coesivas<\/span><span style=\"font-weight: 400;\"> (SHICC)<\/span><\/a><span style=\"font-weight: 400;\">, que oferece apoio financeiro e administrativo para criar Termos Territoriais Coletivos no noroeste da Europa.<\/span><\/p>\n<p><iframe title=\"YouTube video player\" src=\"https:\/\/www.youtube.com\/embed\/HIJ9uhduSBI\" width=\"1000\" height=\"563\" frameborder=\"0\" allowfullscreen=\"allowfullscreen\"><span data-mce-type=\"bookmark\" style=\"display: inline-block; width: 0px; overflow: hidden; line-height: 0;\" class=\"mce_SELRES_start\">\ufeff<\/span><\/iframe><\/p>\n<p><span style=\"font-weight: 400;\">No Qu\u00eania, o modelo TTC ganhou for\u00e7a como uma ferramenta eficaz para garantir a posse da terra e habita\u00e7\u00e3o de qualidade em <\/span><a href=\"https:\/\/bit.ly\/2XTaaae\" target=\"_blank\" rel=\"noopener\"><span style=\"font-weight: 400;\">assentamentos informais<\/span><\/a><span style=\"font-weight: 400;\">. O Projeto de Melhoria do Assentamento Informal do Qu\u00eania (KISIP) est\u00e1 usando a <\/span><a href=\"https:\/\/bit.ly\/3JDLwkr\" target=\"_blank\" rel=\"noopener\"><span style=\"font-weight: 400;\">titula\u00e7\u00e3o coletiva de terras<\/span><\/a><span style=\"font-weight: 400;\"> para garantir a posse da terra e dar direitos de propriedade aos moradores das comunidades informais de Nair\u00f3bi. Peris Mang\u2019ira, coordenador nacional do KISIP, afirma: \u201cO regime de posse comunit\u00e1ria da terra \u00e9 especialmente relevante para assentamentos informais no Qu\u00eania e em todo o mundo, principalmente onde as densidades n\u00e3o permitem a propriedade individual\u201d. Peris enfatiza a import\u00e2ncia das comunidades que trabalham com a sociedade civil e parceiros do governo para adaptar o modelo TTC \u00e0s pol\u00edticas locais e estruturas jur\u00eddicas. Em Nair\u00f3bi, os l\u00edderes do projeto integraram a participa\u00e7\u00e3o da comunidade em todo o processo, desde o planejamento at\u00e9 a implementa\u00e7\u00e3o. Os jovens participaram de todos os processos da regulariza\u00e7\u00e3o fundi\u00e1ria, constitu\u00edram a maior parte da m\u00e3o de obra contratada para constru\u00e7\u00e3o da infraestrutura e representam uma parcela significativa dos novos moradores. Os TTCs est\u00e3o sendo criados em outros assentamentos informais em todo o mundo, do <\/span><a href=\"https:\/\/www.termoterritorialcoletivo.org\" target=\"_blank\" rel=\"noopener\"><span style=\"font-weight: 400;\">Brasil<\/span><\/a><span style=\"font-weight: 400;\"> a <\/span><a href=\"http:\/\/bit.ly\/2pp7Zgp\" target=\"_blank\" rel=\"noopener\"><span style=\"font-weight: 400;\">Bangladesh<\/span><\/a><span style=\"font-weight: 400;\">.<\/span><\/p>\n<p><span style=\"font-weight: 400;\">Em Honduras, o modelo TTC est\u00e1 sendo usado para proteger recursos ambientais de import\u00e2ncia cultural, social e econ\u00f4mica para comunidades rurais de baixa renda. A <\/span><a href=\"https:\/\/bit.ly\/3qJgezR\" target=\"_blank\" rel=\"noopener\"><span style=\"font-weight: 400;\">Fundaci\u00f3n Eco Verde Sostenible (FECOVESO)<\/span><\/a><span style=\"font-weight: 400;\"> \u00e9 um fundo regional que compra, administra e protege permanentemente as bacias de \u00e1gua que abastecem 16 aldeias nas montanhas ao redor de Cortes. Esse modelo de propriedade coletiva garante que as terras n\u00e3o sejam adquiridas por empresas madeireiras ausentes, criadores de gado comerciais ou ind\u00fastrias que poluem os recursos h\u00eddricos dos quais essas comunidades dependem. A organiza\u00e7\u00e3o tamb\u00e9m atua como uma iniciativa de desenvolvimento comunit\u00e1rio, ajudando a desenvolver sistemas de \u00e1gua, a melhorar as escolas locais e a pressionar por prote\u00e7\u00f5es legais para essas popula\u00e7\u00f5es remotas.<\/span><\/p>\n<p><span style=\"font-weight: 400;\">Est\u00e3o ocorrendo conversas em todo o mundo sobre como &#8220;reconstruir melhor&#8221; ap\u00f3s a crise da Covid-19. A no\u00e7\u00e3o de propriedade coletiva da terra deve ocupar um destaque nas nossas discuss\u00f5es se quisermos cumprir a promessa de moradia adequada e conserva\u00e7\u00e3o ambiental, prevista na <a href=\"https:\/\/bit.ly\/3FRkOm7\" target=\"_blank\" rel=\"noopener\">Agenda de Desenvolvimento Sustent\u00e1vel de 2030<\/a>. Peris Mang&#8217;ira nos lembra o impacto positivo de garantir os direitos \u00e0 terra para comunidades: \u201c[A propriedade coletiva da terra] tem efeitos multiplicadores na melhoria da qualidade de vida (renda, moradia, investimentos, sa\u00fade, oportunidades de emprego e neg\u00f3cios) por conta da estabilidade que acompanha a seguran\u00e7a da posse\u201d. Com esfor\u00e7os coordenados entre os setores p\u00fablico e privado e uma forte participa\u00e7\u00e3o da comunidade, os TTCs podem ser uma ferramenta eficaz para garantir o direito \u00e0 moradia adequada, capacitar os moradores para moldar o futuro de suas comunidades e proteger os recursos naturais.<\/span><\/p>\n<hr \/>\n<h4><b data-stringify-type=\"bold\">Apoie nossos esfor\u00e7os para fornecer apoio estrat\u00e9gico \u00e0s favelas do Rio, incluindo o jornalismo hiperlocal, cr\u00edtico, inovador e incans\u00e1vel do\u00a0<\/b><b data-stringify-type=\"bold\"><i data-stringify-type=\"italic\">RioOnWatch<\/i><\/b>\u2014<a class=\"c-link\" href=\"http:\/\/www.bit.ly\/ApoieROW\" rel=\"noopener noreferrer\" data-stringify-link=\"http:\/\/www.bit.ly\/ApoieROW\" data-sk=\"tooltip_parent\">doe aqui<\/a>.<\/h4>\n<!-- AddThis Advanced Settings generic via filter on the_content --><!-- AddThis Share Buttons generic via filter on the_content -->","protected":false},"excerpt":{"rendered":"<div class=\"mh-excerpt\"><p>Click Here for English Leia a mat\u00e9ria original por Carrick Reddin, em ingl\u00eas, no site do F\u00f3rum Econ\u00f4mico Mundial aqui. O RioOnWatch traduz mat\u00e9rias do ingl\u00eas para que brasileiros possam ter acesso e acompanhar temas <a class=\"mh-excerpt-more\" href=\"https:\/\/rioonwatch.org.br\/?p=58710\" title=\"Termo Territorial Coletivo: Solu\u00e7\u00e3o para a Crise Habitacional Global\">[&#8230;]<\/a><!-- AddThis Advanced Settings generic via filter on get_the_excerpt --><!-- AddThis Share Buttons generic via filter on get_the_excerpt --><\/p>\n<\/div>","protected":false},"author":129,"featured_media":60093,"comment_status":"closed","ping_status":"closed","sticky":false,"template":"template-full.php","format":"standard","meta":{"_acf_changed":false,"_monsterinsights_skip_tracking":false,"_monsterinsights_sitenote_active":false,"_monsterinsights_sitenote_note":"","_monsterinsights_sitenote_category":0,"footnotes":""},"categories":[1617,1621,342,1639,1634],"tags":[329,1170,3122,3121,2711,2748,1220,424,550,818,1885,395,909,2448,1722,2104,82,1205,1347,711,1168],"writer":[3105],"translator":[1491],"source":[3106],"ilustrador":[],"fotografo":[],"class_list":{"0":"post-58710","1":"post","2":"type-post","3":"status-publish","4":"format-standard","5":"has-post-thumbnail","7":"category-olhonagentrificacao","8":"category-destaque","9":"category-solucoes","10":"category-sustentabilidade","11":"category-traducoes","12":"tag-africa","13":"tag-america-latina","14":"tag-asia","15":"tag-bangladesh","16":"tag-belgica","17":"tag-coronavirus","18":"tag-deficit-habitacional","19":"tag-direito-a-moradia","20":"tag-direito-a-terra","21":"tag-eua","22":"tag-europa","23":"tag-gentrificacao-remocao-branca","24":"tag-habitacao-acessivel","25":"tag-honduras","26":"tag-onu","27":"tag-quenia","28":"tag-regularizacao-fundiaria","29":"tag-reino-unido","30":"tag-solucao","31":"tag-clt","32":"tag-traducao","33":"writer-carrick-reddin","34":"translator-patricia-gomes","35":"source-world-economic-forum"},"acf":[],"yoast_head":"<!-- This site is optimized with the Yoast SEO plugin v25.6 - https:\/\/yoast.com\/wordpress\/plugins\/seo\/ -->\n<title>Termo Territorial Coletivo: Solu\u00e7\u00e3o para a Crise Habitacional Global - RioOnWatch<\/title>\n<meta name=\"robots\" content=\"index, follow, max-snippet:-1, max-image-preview:large, max-video-preview:-1\" \/>\n<link rel=\"canonical\" href=\"https:\/\/rioonwatch.org.br\/?p=58710\" \/>\n<meta property=\"og:locale\" content=\"pt_BR\" \/>\n<meta property=\"og:type\" content=\"article\" \/>\n<meta property=\"og:title\" content=\"Termo Territorial Coletivo: Solu\u00e7\u00e3o para a Crise Habitacional Global - RioOnWatch\" \/>\n<meta property=\"og:description\" content=\"Click Here for English Leia a mat\u00e9ria original por Carrick Reddin, em ingl\u00eas, no site do F\u00f3rum Econ\u00f4mico Mundial aqui. O RioOnWatch traduz mat\u00e9rias do ingl\u00eas para que brasileiros possam ter acesso e acompanhar temas [...]\" \/>\n<meta property=\"og:url\" content=\"https:\/\/rioonwatch.org.br\/?p=58710\" \/>\n<meta property=\"og:site_name\" content=\"RioOnWatch\" \/>\n<meta property=\"article:published_time\" content=\"2022-01-06T13:07:04+00:00\" \/>\n<meta property=\"article:modified_time\" content=\"2022-01-10T15:42:19+00:00\" \/>\n<meta property=\"og:image\" content=\"https:\/\/rioonwatch.org.br\/wp-content\/uploads\/2022\/01\/WEF-TTC-1472x629.png\" \/>\n\t<meta property=\"og:image:width\" content=\"1472\" \/>\n\t<meta property=\"og:image:height\" content=\"629\" \/>\n\t<meta property=\"og:image:type\" content=\"image\/png\" \/>\n<meta name=\"author\" content=\"Admin\" \/>\n<meta name=\"twitter:card\" content=\"summary_large_image\" \/>\n<meta name=\"twitter:label1\" content=\"Escrito por\" \/>\n\t<meta name=\"twitter:data1\" content=\"Admin\" \/>\n\t<meta name=\"twitter:label2\" content=\"Est. tempo de leitura\" \/>\n\t<meta name=\"twitter:data2\" content=\"6 minutos\" \/>\n<script type=\"application\/ld+json\" class=\"yoast-schema-graph\">{\"@context\":\"https:\/\/schema.org\",\"@graph\":[{\"@type\":\"Article\",\"@id\":\"https:\/\/rioonwatch.org.br\/?p=58710#article\",\"isPartOf\":{\"@id\":\"https:\/\/rioonwatch.org.br\/?p=58710\"},\"author\":{\"name\":\"Admin\",\"@id\":\"https:\/\/rioonwatch.org.br\/#\/schema\/person\/11d64c290506f9df50c71b850c473f68\"},\"headline\":\"Termo Territorial Coletivo: Solu\u00e7\u00e3o para a Crise Habitacional Global\",\"datePublished\":\"2022-01-06T13:07:04+00:00\",\"dateModified\":\"2022-01-10T15:42:19+00:00\",\"mainEntityOfPage\":{\"@id\":\"https:\/\/rioonwatch.org.br\/?p=58710\"},\"wordCount\":1408,\"publisher\":{\"@id\":\"https:\/\/rioonwatch.org.br\/#organization\"},\"image\":{\"@id\":\"https:\/\/rioonwatch.org.br\/?p=58710#primaryimage\"},\"thumbnailUrl\":\"https:\/\/rioonwatch.org.br\/wp-content\/uploads\/2022\/01\/WEF-TTC.png\",\"keywords\":[\"\u00c1frica\",\"Am\u00e9rica Latina\",\"\u00c1sia\",\"Bangladesh\",\"B\u00e9lgica\",\"coronav\u00edrus\",\"d\u00e9ficit habitacional\",\"Direito \u00e0 Moradia\",\"direito \u00e0 terra\",\"EUA\",\"Europa\",\"gentrifica\u00e7\u00e3o\",\"habita\u00e7\u00e3o acess\u00edvel\",\"Honduras\",\"ONU\",\"Qu\u00eania\",\"regulariza\u00e7\u00e3o fundi\u00e1ria\",\"Reino Unido\",\"solu\u00e7\u00e3o\",\"Termo Territorial Coletivo (TTC) \/ Community Land Trust (CLT)\",\"tradu\u00e7\u00e3o\"],\"articleSection\":[\"#OlhoNaGentrifica\u00e7\u00e3o\",\"*Destaque\",\"Solu\u00e7\u00f5es\",\"Sustentabilidade\",\"Traduzidas do Ingl\u00eas\"],\"inLanguage\":\"pt-BR\"},{\"@type\":\"WebPage\",\"@id\":\"https:\/\/rioonwatch.org.br\/?p=58710\",\"url\":\"https:\/\/rioonwatch.org.br\/?p=58710\",\"name\":\"Termo Territorial Coletivo: Solu\u00e7\u00e3o para a Crise Habitacional Global - RioOnWatch\",\"isPartOf\":{\"@id\":\"https:\/\/rioonwatch.org.br\/#website\"},\"primaryImageOfPage\":{\"@id\":\"https:\/\/rioonwatch.org.br\/?p=58710#primaryimage\"},\"image\":{\"@id\":\"https:\/\/rioonwatch.org.br\/?p=58710#primaryimage\"},\"thumbnailUrl\":\"https:\/\/rioonwatch.org.br\/wp-content\/uploads\/2022\/01\/WEF-TTC.png\",\"datePublished\":\"2022-01-06T13:07:04+00:00\",\"dateModified\":\"2022-01-10T15:42:19+00:00\",\"breadcrumb\":{\"@id\":\"https:\/\/rioonwatch.org.br\/?p=58710#breadcrumb\"},\"inLanguage\":\"pt-BR\",\"potentialAction\":[{\"@type\":\"ReadAction\",\"target\":[\"https:\/\/rioonwatch.org.br\/?p=58710\"]}]},{\"@type\":\"ImageObject\",\"inLanguage\":\"pt-BR\",\"@id\":\"https:\/\/rioonwatch.org.br\/?p=58710#primaryimage\",\"url\":\"https:\/\/rioonwatch.org.br\/wp-content\/uploads\/2022\/01\/WEF-TTC.png\",\"contentUrl\":\"https:\/\/rioonwatch.org.br\/wp-content\/uploads\/2022\/01\/WEF-TTC.png\",\"width\":1596,\"height\":682,\"caption\":\"TTCs podem garantir \u00e0 pessoas em favelas como esta em Nair\u00f3bi, Qu\u00eania, direitos e seguran\u00e7a \u00e0 terra. Imagem: Reuters \/ Thomas Mukoya\"},{\"@type\":\"BreadcrumbList\",\"@id\":\"https:\/\/rioonwatch.org.br\/?p=58710#breadcrumb\",\"itemListElement\":[{\"@type\":\"ListItem\",\"position\":1,\"name\":\"In\u00edcio\",\"item\":\"https:\/\/rioonwatch.org.br\/\"},{\"@type\":\"ListItem\",\"position\":2,\"name\":\"Termo Territorial Coletivo: Solu\u00e7\u00e3o para a Crise Habitacional Global\"}]},{\"@type\":\"WebSite\",\"@id\":\"https:\/\/rioonwatch.org.br\/#website\",\"url\":\"https:\/\/rioonwatch.org.br\/\",\"name\":\"RioOnWatch\",\"description\":\"relatos das favelas cariocas\",\"publisher\":{\"@id\":\"https:\/\/rioonwatch.org.br\/#organization\"},\"potentialAction\":[{\"@type\":\"SearchAction\",\"target\":{\"@type\":\"EntryPoint\",\"urlTemplate\":\"https:\/\/rioonwatch.org.br\/?s={search_term_string}\"},\"query-input\":{\"@type\":\"PropertyValueSpecification\",\"valueRequired\":true,\"valueName\":\"search_term_string\"}}],\"inLanguage\":\"pt-BR\"},{\"@type\":\"Organization\",\"@id\":\"https:\/\/rioonwatch.org.br\/#organization\",\"name\":\"RioOnWatch\",\"url\":\"https:\/\/rioonwatch.org.br\/\",\"logo\":{\"@type\":\"ImageObject\",\"inLanguage\":\"pt-BR\",\"@id\":\"https:\/\/rioonwatch.org.br\/#\/schema\/logo\/image\/\",\"url\":\"https:\/\/rioonwatch.org.br\/wp-content\/uploads\/2021\/06\/RioOnWatchcabecalhoPT11anos-2.png\",\"contentUrl\":\"https:\/\/rioonwatch.org.br\/wp-content\/uploads\/2021\/06\/RioOnWatchcabecalhoPT11anos-2.png\",\"width\":779,\"height\":277,\"caption\":\"RioOnWatch\"},\"image\":{\"@id\":\"https:\/\/rioonwatch.org.br\/#\/schema\/logo\/image\/\"}},{\"@type\":\"Person\",\"@id\":\"https:\/\/rioonwatch.org.br\/#\/schema\/person\/11d64c290506f9df50c71b850c473f68\",\"name\":\"Admin\",\"image\":{\"@type\":\"ImageObject\",\"inLanguage\":\"pt-BR\",\"@id\":\"https:\/\/rioonwatch.org.br\/#\/schema\/person\/image\/\",\"url\":\"https:\/\/secure.gravatar.com\/avatar\/56211ac74568383903349a1485e3c325?s=96&d=blank&r=g\",\"contentUrl\":\"https:\/\/secure.gravatar.com\/avatar\/56211ac74568383903349a1485e3c325?s=96&d=blank&r=g\",\"caption\":\"Admin\"},\"url\":\"https:\/\/rioonwatch.org.br\/?author=129\"}]}<\/script>\n<!-- \/ Yoast SEO plugin. -->","yoast_head_json":{"title":"Termo Territorial Coletivo: Solu\u00e7\u00e3o para a Crise Habitacional Global - RioOnWatch","robots":{"index":"index","follow":"follow","max-snippet":"max-snippet:-1","max-image-preview":"max-image-preview:large","max-video-preview":"max-video-preview:-1"},"canonical":"https:\/\/rioonwatch.org.br\/?p=58710","og_locale":"pt_BR","og_type":"article","og_title":"Termo Territorial Coletivo: Solu\u00e7\u00e3o para a Crise Habitacional Global - RioOnWatch","og_description":"Click Here for English Leia a mat\u00e9ria original por Carrick Reddin, em ingl\u00eas, no site do F\u00f3rum Econ\u00f4mico Mundial aqui. O RioOnWatch traduz mat\u00e9rias do ingl\u00eas para que brasileiros possam ter acesso e acompanhar temas [...]","og_url":"https:\/\/rioonwatch.org.br\/?p=58710","og_site_name":"RioOnWatch","article_published_time":"2022-01-06T13:07:04+00:00","article_modified_time":"2022-01-10T15:42:19+00:00","og_image":[{"width":1472,"height":629,"url":"https:\/\/rioonwatch.org.br\/wp-content\/uploads\/2022\/01\/WEF-TTC-1472x629.png","type":"image\/png"}],"author":"Admin","twitter_card":"summary_large_image","twitter_misc":{"Escrito por":"Admin","Est. tempo de leitura":"6 minutos"},"schema":{"@context":"https:\/\/schema.org","@graph":[{"@type":"Article","@id":"https:\/\/rioonwatch.org.br\/?p=58710#article","isPartOf":{"@id":"https:\/\/rioonwatch.org.br\/?p=58710"},"author":{"name":"Admin","@id":"https:\/\/rioonwatch.org.br\/#\/schema\/person\/11d64c290506f9df50c71b850c473f68"},"headline":"Termo Territorial Coletivo: Solu\u00e7\u00e3o para a Crise Habitacional Global","datePublished":"2022-01-06T13:07:04+00:00","dateModified":"2022-01-10T15:42:19+00:00","mainEntityOfPage":{"@id":"https:\/\/rioonwatch.org.br\/?p=58710"},"wordCount":1408,"publisher":{"@id":"https:\/\/rioonwatch.org.br\/#organization"},"image":{"@id":"https:\/\/rioonwatch.org.br\/?p=58710#primaryimage"},"thumbnailUrl":"https:\/\/rioonwatch.org.br\/wp-content\/uploads\/2022\/01\/WEF-TTC.png","keywords":["\u00c1frica","Am\u00e9rica Latina","\u00c1sia","Bangladesh","B\u00e9lgica","coronav\u00edrus","d\u00e9ficit habitacional","Direito \u00e0 Moradia","direito \u00e0 terra","EUA","Europa","gentrifica\u00e7\u00e3o","habita\u00e7\u00e3o acess\u00edvel","Honduras","ONU","Qu\u00eania","regulariza\u00e7\u00e3o fundi\u00e1ria","Reino Unido","solu\u00e7\u00e3o","Termo Territorial Coletivo (TTC) \/ Community Land Trust (CLT)","tradu\u00e7\u00e3o"],"articleSection":["#OlhoNaGentrifica\u00e7\u00e3o","*Destaque","Solu\u00e7\u00f5es","Sustentabilidade","Traduzidas do Ingl\u00eas"],"inLanguage":"pt-BR"},{"@type":"WebPage","@id":"https:\/\/rioonwatch.org.br\/?p=58710","url":"https:\/\/rioonwatch.org.br\/?p=58710","name":"Termo Territorial Coletivo: Solu\u00e7\u00e3o para a Crise Habitacional Global - RioOnWatch","isPartOf":{"@id":"https:\/\/rioonwatch.org.br\/#website"},"primaryImageOfPage":{"@id":"https:\/\/rioonwatch.org.br\/?p=58710#primaryimage"},"image":{"@id":"https:\/\/rioonwatch.org.br\/?p=58710#primaryimage"},"thumbnailUrl":"https:\/\/rioonwatch.org.br\/wp-content\/uploads\/2022\/01\/WEF-TTC.png","datePublished":"2022-01-06T13:07:04+00:00","dateModified":"2022-01-10T15:42:19+00:00","breadcrumb":{"@id":"https:\/\/rioonwatch.org.br\/?p=58710#breadcrumb"},"inLanguage":"pt-BR","potentialAction":[{"@type":"ReadAction","target":["https:\/\/rioonwatch.org.br\/?p=58710"]}]},{"@type":"ImageObject","inLanguage":"pt-BR","@id":"https:\/\/rioonwatch.org.br\/?p=58710#primaryimage","url":"https:\/\/rioonwatch.org.br\/wp-content\/uploads\/2022\/01\/WEF-TTC.png","contentUrl":"https:\/\/rioonwatch.org.br\/wp-content\/uploads\/2022\/01\/WEF-TTC.png","width":1596,"height":682,"caption":"TTCs podem garantir \u00e0 pessoas em favelas como esta em Nair\u00f3bi, Qu\u00eania, direitos e seguran\u00e7a \u00e0 terra. Imagem: Reuters \/ Thomas Mukoya"},{"@type":"BreadcrumbList","@id":"https:\/\/rioonwatch.org.br\/?p=58710#breadcrumb","itemListElement":[{"@type":"ListItem","position":1,"name":"In\u00edcio","item":"https:\/\/rioonwatch.org.br\/"},{"@type":"ListItem","position":2,"name":"Termo Territorial Coletivo: Solu\u00e7\u00e3o para a Crise Habitacional Global"}]},{"@type":"WebSite","@id":"https:\/\/rioonwatch.org.br\/#website","url":"https:\/\/rioonwatch.org.br\/","name":"RioOnWatch","description":"relatos das favelas cariocas","publisher":{"@id":"https:\/\/rioonwatch.org.br\/#organization"},"potentialAction":[{"@type":"SearchAction","target":{"@type":"EntryPoint","urlTemplate":"https:\/\/rioonwatch.org.br\/?s={search_term_string}"},"query-input":{"@type":"PropertyValueSpecification","valueRequired":true,"valueName":"search_term_string"}}],"inLanguage":"pt-BR"},{"@type":"Organization","@id":"https:\/\/rioonwatch.org.br\/#organization","name":"RioOnWatch","url":"https:\/\/rioonwatch.org.br\/","logo":{"@type":"ImageObject","inLanguage":"pt-BR","@id":"https:\/\/rioonwatch.org.br\/#\/schema\/logo\/image\/","url":"https:\/\/rioonwatch.org.br\/wp-content\/uploads\/2021\/06\/RioOnWatchcabecalhoPT11anos-2.png","contentUrl":"https:\/\/rioonwatch.org.br\/wp-content\/uploads\/2021\/06\/RioOnWatchcabecalhoPT11anos-2.png","width":779,"height":277,"caption":"RioOnWatch"},"image":{"@id":"https:\/\/rioonwatch.org.br\/#\/schema\/logo\/image\/"}},{"@type":"Person","@id":"https:\/\/rioonwatch.org.br\/#\/schema\/person\/11d64c290506f9df50c71b850c473f68","name":"Admin","image":{"@type":"ImageObject","inLanguage":"pt-BR","@id":"https:\/\/rioonwatch.org.br\/#\/schema\/person\/image\/","url":"https:\/\/secure.gravatar.com\/avatar\/56211ac74568383903349a1485e3c325?s=96&d=blank&r=g","contentUrl":"https:\/\/secure.gravatar.com\/avatar\/56211ac74568383903349a1485e3c325?s=96&d=blank&r=g","caption":"Admin"},"url":"https:\/\/rioonwatch.org.br\/?author=129"}]}},"_links":{"self":[{"href":"https:\/\/rioonwatch.org.br\/index.php?rest_route=\/wp\/v2\/posts\/58710"}],"collection":[{"href":"https:\/\/rioonwatch.org.br\/index.php?rest_route=\/wp\/v2\/posts"}],"about":[{"href":"https:\/\/rioonwatch.org.br\/index.php?rest_route=\/wp\/v2\/types\/post"}],"author":[{"embeddable":true,"href":"https:\/\/rioonwatch.org.br\/index.php?rest_route=\/wp\/v2\/users\/129"}],"replies":[{"embeddable":true,"href":"https:\/\/rioonwatch.org.br\/index.php?rest_route=%2Fwp%2Fv2%2Fcomments&post=58710"}],"version-history":[{"count":25,"href":"https:\/\/rioonwatch.org.br\/index.php?rest_route=\/wp\/v2\/posts\/58710\/revisions"}],"predecessor-version":[{"id":60096,"href":"https:\/\/rioonwatch.org.br\/index.php?rest_route=\/wp\/v2\/posts\/58710\/revisions\/60096"}],"wp:featuredmedia":[{"embeddable":true,"href":"https:\/\/rioonwatch.org.br\/index.php?rest_route=\/wp\/v2\/media\/60093"}],"wp:attachment":[{"href":"https:\/\/rioonwatch.org.br\/index.php?rest_route=%2Fwp%2Fv2%2Fmedia&parent=58710"}],"wp:term":[{"taxonomy":"category","embeddable":true,"href":"https:\/\/rioonwatch.org.br\/index.php?rest_route=%2Fwp%2Fv2%2Fcategories&post=58710"},{"taxonomy":"post_tag","embeddable":true,"href":"https:\/\/rioonwatch.org.br\/index.php?rest_route=%2Fwp%2Fv2%2Ftags&post=58710"},{"taxonomy":"writer","embeddable":true,"href":"https:\/\/rioonwatch.org.br\/index.php?rest_route=%2Fwp%2Fv2%2Fwriter&post=58710"},{"taxonomy":"translator","embeddable":true,"href":"https:\/\/rioonwatch.org.br\/index.php?rest_route=%2Fwp%2Fv2%2Ftranslator&post=58710"},{"taxonomy":"source","embeddable":true,"href":"https:\/\/rioonwatch.org.br\/index.php?rest_route=%2Fwp%2Fv2%2Fsource&post=58710"},{"taxonomy":"ilustrador","embeddable":true,"href":"https:\/\/rioonwatch.org.br\/index.php?rest_route=%2Fwp%2Fv2%2Filustrador&post=58710"},{"taxonomy":"fotografo","embeddable":true,"href":"https:\/\/rioonwatch.org.br\/index.php?rest_route=%2Fwp%2Fv2%2Ffotografo&post=58710"}],"curies":[{"name":"wp","href":"https:\/\/api.w.org\/{rel}","templated":true}]}}