{"id":58722,"date":"2021-10-07T09:45:24","date_gmt":"2021-10-07T12:45:24","guid":{"rendered":"https:\/\/rioonwatch.org.br\/?p=58722"},"modified":"2024-05-24T12:30:41","modified_gmt":"2024-05-24T15:30:41","slug":"dversos-videocast-arte-de-rua-uma-cultura-antirracista-video-desenraizandoracismo","status":"publish","type":"post","link":"https:\/\/rioonwatch.org.br\/?p=58722","title":{"rendered":"D&#8217;Versos Videocast: Arte de Rua, uma Cultura Antirracista [V\u00cdDEO]"},"content":{"rendered":"<p><iframe title=\"YouTube video player\" src=\"https:\/\/www.youtube.com\/embed\/idnDKsJlvH0\" width=\"1030\" height=\"563\" frameborder=\"0\" allowfullscreen=\"allowfullscreen\"><span data-mce-type=\"bookmark\" style=\"display: inline-block; width: 0px; overflow: hidden; line-height: 0;\" class=\"mce_SELRES_start\">\ufeff<\/span><span data-mce-type=\"bookmark\" style=\"display: inline-block; width: 0px; overflow: hidden; line-height: 0;\" class=\"mce_SELRES_start\">\ufeff<\/span><span data-mce-type=\"bookmark\" style=\"display: inline-block; width: 0px; overflow: hidden; line-height: 0;\" class=\"mce_SELRES_start\">\ufeff<\/span><\/iframe><\/p>\n<p style=\"text-align: right;\"><em><strong><a href=\"https:\/\/bit.ly\/3HRL80l\" target=\"_blank\" rel=\"noopener noreferrer\">Click Here for English<\/a><a href=\"https:\/\/bit.ly\/3HRL80l\" target=\"_blank\" rel=\"noopener noreferrer\"><img decoding=\"async\" class=\"alignright wp-image-15790\" src=\"http:\/\/rioonwatch.org.br\/wp-content\/uploads\/2012\/08\/EN-standard-e1439583104716.jpg\" alt=\"\" width=\"20\" height=\"20\" \/><\/a><\/strong><\/em><\/p>\n<p><em><a href=\"https:\/\/bit.ly\/DVersosVideocast\" target=\"_blank\" rel=\"noopener\">Este videocast<\/a>\u00a0faz parte da s\u00e9rie antirracista do RioOnWatch.<\/em>\u00a0<em>Conhe\u00e7a o nosso projeto que traz conte\u00fados midi\u00e1ticos semanais ao longo de 2021\u2014<a href=\"https:\/\/bit.ly\/SerieAntirracista\" rel=\"noopener\">Enraizando o Antirracismo nas Favelas: Desconstruindo Narrativas Sociais sobre Racismo no Rio de Janeiro<\/a>.<\/em><\/p>\n<p style=\"font-weight: 400;\">\u00c9 fundamental promover o debate sobre o racismo com <a href=\"https:\/\/bit.ly\/3trKUpK\" target=\"_blank\" rel=\"noopener\">produtores culturais<\/a> que se utilizam das ruas como palcos de suas manifesta\u00e7\u00f5es art\u00edsticas e culturais de forma aglutinadora. O D\u2019Versos Videocast \u00e9 uma pequena amostra de como, atrav\u00e9s da poesia, da arte de rua e das rodas culturais, podemos resgatar valores antirracistas nesses espa\u00e7os perif\u00e9ricos e, consequentemente, persuadir o p\u00fablico majoritariamente jovem e negro a uma reflex\u00e3o mais ampla e profunda sobre seus territ\u00f3rios, ra\u00e7a e sociedade.<\/p>\n<p style=\"font-weight: 400;\">A ideia \u00e9 trazer convidados que conversem sobre temas ligados \u00e0 arte como sobreviv\u00eancia, atravessados pelo <a href=\"http:\/\/bit.ly\/2lYYNgW\" target=\"_blank\" rel=\"noopener\">racismo estrutural<\/a>, principalmente pelo movimento que usa o espa\u00e7o p\u00fablico como <a href=\"http:\/\/bit.ly\/2LI4NWa\" target=\"_blank\" rel=\"noopener\">ambiente de trabalho e resist\u00eancia cultural<\/a>. S\u00e3o grupos que se reinventam por meio da organiza\u00e7\u00e3o coletiva independente, que torna tudo ainda mais org\u00e2nico, sobretudo no contexto urbano.<\/p>\n<p style=\"font-weight: 400;\">Nesse videocast, reunimos os MCs, poetas e agitadores culturais <a href=\"https:\/\/bit.ly\/3aeDvBO\" target=\"_blank\" rel=\"noopener\">Rico Neur\u00f3tico<\/a> e <a href=\"https:\/\/bit.ly\/2ZOA4Qr\" target=\"_blank\" rel=\"noopener\">Jump Freestyle<\/a>, conhecidos principalmente pelos versos improvisados nas batalhas de rimas e letras cheias de mensagens nas m\u00fasicas e poesias que compartilham com seus seguidores. Rico Neur\u00f3tico \u00e9 co-fundador do <a href=\"https:\/\/bit.ly\/3A9l8sB\" target=\"_blank\" rel=\"noopener\">C.C.R.P. &#8211; Circuito Carioca de Ritmo e Poesia<\/a>\u00a0e apresentador da <a href=\"https:\/\/bit.ly\/2Yjyju2\" target=\"_blank\" rel=\"noopener\">Roda Cultural de Olaria<\/a> e Jump Freestyle \u00e9 cantor, poeta, militante e tamb\u00e9m parte da assessoria <a href=\"https:\/\/bit.ly\/3oELy3o\" target=\"_blank\" rel=\"noopener\">Containert<\/a>. Al\u00e9m de tudo isso, ambos s\u00e3o produtores que narram seu dia a dia e de outros que enfrentam o racismo para garantirem seus direitos \u00e0 liberdade de express\u00e3o e ao lazer nos sub\u00farbios e favelas do Rio de Janeiro.<\/p>\n<h3>Assista o Minidoc por David Amen Acima ou\u00a0<a href=\"https:\/\/bit.ly\/DVersosVideocast\" target=\"_blank\" rel=\"noopener\">Aqui<\/a>.<\/h3>\n<p><em>Sobre o diretor e roteirista:\u00a0<a href=\"https:\/\/bit.ly\/3jeTYKC\" target=\"_blank\" rel=\"noopener\">David Amen<\/a>\u00a0\u00e9 cria do\u00a0<a href=\"http:\/\/bit.ly\/2wIyn5a\" rel=\"noopener\">Complexo do Alem\u00e3o<\/a>, co-fundador e produtor de comunica\u00e7\u00e3o do\u00a0<a href=\"http:\/\/bit.ly\/2F45IMx\" rel=\"noopener\">Instituto Ra\u00edzes em Movimento,<\/a>\u00a0jornalista, grafiteiro e ilustrador.<\/em><\/p>\n<p><em>Esta mat\u00e9ria faz parte da\u00a0s\u00e9rie antirracista do RioOnWatch.<\/em>\u00a0<em>Conhe\u00e7a o nosso projeto que traz conte\u00fados midi\u00e1ticos semanais ao longo de 2021\u2014<a href=\"https:\/\/bit.ly\/SerieAntirracista\" rel=\"noopener\">Enraizando o Antirracismo nas Favelas: Desconstruindo Narrativas Sociais sobre Racismo no Rio de Janeiro<\/a>.<\/em><\/p>\n<h4><b data-stringify-type=\"bold\">Compartilhe com a gente a sua opini\u00e3o sobre essa mat\u00e9ria\u00a0<\/b><b data-stringify-type=\"bold\"><a class=\"c-link\" href=\"https:\/\/bit.ly\/OpineAntirracismo\" rel=\"noopener noreferrer\" data-stringify-link=\"https:\/\/docs.google.com\/forms\/d\/e\/1FAIpQLSc6PJwxQ0eapYlfSfsr8fyibg8ODzXKpGhJjXe2-8Bbxrtp1g\/viewform\" data-sk=\"tooltip_parent\">clicando aqui<\/a>.<\/b><\/h4>\n<hr \/>\n<h4><strong>Apoie nossos esfor\u00e7os para fornecer assist\u00eancia estrat\u00e9gica \u00e0s favelas do Rio, incluindo o jornalismo hiperlocal, cr\u00edtico, inovador e incans\u00e1vel do\u00a0<em>RioOnWatch<\/em><\/strong>\u2014<a href=\"http:\/\/bit.ly\/CatalisandoComunidades\">doe aqui<\/a>.<\/h4>\n<!-- AddThis Advanced Settings generic via filter on the_content --><!-- AddThis Share Buttons generic via filter on the_content -->","protected":false},"excerpt":{"rendered":"<div class=\"mh-excerpt\"><p>\ufeff\ufeff\ufeff Click Here for English Este videocast\u00a0faz parte da s\u00e9rie antirracista do RioOnWatch.\u00a0Conhe\u00e7a o nosso projeto que traz conte\u00fados midi\u00e1ticos semanais ao longo de 2021\u2014Enraizando o Antirracismo nas Favelas: Desconstruindo Narrativas Sociais sobre Racismo no <a class=\"mh-excerpt-more\" href=\"https:\/\/rioonwatch.org.br\/?p=58722\" title=\"D&#8217;Versos Videocast: Arte de Rua, uma Cultura Antirracista [V\u00cdDEO]\">[&#8230;]<\/a><!-- AddThis Advanced Settings generic via filter on get_the_excerpt --><!-- AddThis Share Buttons generic via filter on get_the_excerpt --><\/p>\n<\/div>","protected":false},"author":173,"featured_media":58756,"comment_status":"closed","ping_status":"closed","sticky":false,"template":"template-full.php","format":"standard","meta":{"_acf_changed":false,"_monsterinsights_skip_tracking":false,"_monsterinsights_sitenote_active":false,"_monsterinsights_sitenote_note":"","_monsterinsights_sitenote_category":0,"footnotes":""},"categories":[1621,1615,1625,342,1638],"tags":[3253,334,217,422,1304,20,2060,102,1412,1718,432,2974,1810],"writer":[3069],"translator":[],"source":[],"ilustrador":[3088],"fotografo":[],"class_list":{"0":"post-58722","1":"post","2":"type-post","3":"status-publish","4":"format-standard","5":"has-post-thumbnail","7":"category-destaque","8":"category-cultura-da-favela","9":"category-por-correspondentes-comunitarios","10":"category-solucoes","11":"category-video","12":"tag-antirracismo","13":"tag-arte","14":"tag-complexo-do-alemao","15":"tag-cultura-de-rua","16":"tag-organizacao-criativa","17":"tag-musica","18":"tag-olaria","19":"tag-poesia","20":"tag-producao-cultural","21":"tag-rap","22":"tag-resistencia","23":"tag-serie-antirracismo","24":"tag-video","25":"writer-david-amen","26":"ilustrador-david-amen"},"acf":[],"yoast_head":"<!-- This site is optimized with the Yoast SEO plugin v25.6 - https:\/\/yoast.com\/wordpress\/plugins\/seo\/ -->\n<title>D&#039;Versos Videocast: Arte de Rua, uma Cultura Antirracista [V\u00cdDEO] - RioOnWatch<\/title>\n<meta name=\"robots\" content=\"index, follow, max-snippet:-1, max-image-preview:large, max-video-preview:-1\" \/>\n<link rel=\"canonical\" href=\"https:\/\/rioonwatch.org.br\/?p=58722\" \/>\n<meta property=\"og:locale\" content=\"pt_BR\" \/>\n<meta property=\"og:type\" content=\"article\" \/>\n<meta property=\"og:title\" content=\"D&#039;Versos Videocast: Arte de Rua, uma Cultura Antirracista [V\u00cdDEO] - RioOnWatch\" \/>\n<meta property=\"og:description\" content=\"\ufeff\ufeff\ufeff Click Here for English Este videocast\u00a0faz parte da s\u00e9rie antirracista do RioOnWatch.\u00a0Conhe\u00e7a o nosso projeto que traz conte\u00fados midi\u00e1ticos semanais ao longo de 2021\u2014Enraizando o Antirracismo nas Favelas: Desconstruindo Narrativas Sociais sobre Racismo no [...]\" \/>\n<meta property=\"og:url\" content=\"https:\/\/rioonwatch.org.br\/?p=58722\" \/>\n<meta property=\"og:site_name\" content=\"RioOnWatch\" \/>\n<meta property=\"article:published_time\" content=\"2021-10-07T12:45:24+00:00\" \/>\n<meta property=\"article:modified_time\" content=\"2024-05-24T15:30:41+00:00\" \/>\n<meta property=\"og:image\" content=\"https:\/\/rioonwatch.org.br\/wp-content\/uploads\/2021\/10\/Dversos.png\" \/>\n\t<meta property=\"og:image:width\" content=\"1683\" \/>\n\t<meta property=\"og:image:height\" content=\"955\" \/>\n\t<meta property=\"og:image:type\" content=\"image\/png\" \/>\n<meta name=\"author\" content=\"Jaqueline Suarez\" \/>\n<meta name=\"twitter:card\" content=\"summary_large_image\" \/>\n<meta name=\"twitter:label1\" content=\"Escrito por\" \/>\n\t<meta name=\"twitter:data1\" content=\"Jaqueline Suarez\" \/>\n\t<meta name=\"twitter:label2\" content=\"Est. tempo de leitura\" \/>\n\t<meta name=\"twitter:data2\" content=\"2 minutos\" \/>\n<script type=\"application\/ld+json\" class=\"yoast-schema-graph\">{\"@context\":\"https:\/\/schema.org\",\"@graph\":[{\"@type\":\"Article\",\"@id\":\"https:\/\/rioonwatch.org.br\/?p=58722#article\",\"isPartOf\":{\"@id\":\"https:\/\/rioonwatch.org.br\/?p=58722\"},\"author\":{\"name\":\"Jaqueline Suarez\",\"@id\":\"https:\/\/rioonwatch.org.br\/#\/schema\/person\/27a3e25cbd933699e83d02c984584792\"},\"headline\":\"D&#8217;Versos Videocast: Arte de Rua, uma Cultura Antirracista [V\u00cdDEO]\",\"datePublished\":\"2021-10-07T12:45:24+00:00\",\"dateModified\":\"2024-05-24T15:30:41+00:00\",\"mainEntityOfPage\":{\"@id\":\"https:\/\/rioonwatch.org.br\/?p=58722\"},\"wordCount\":433,\"publisher\":{\"@id\":\"https:\/\/rioonwatch.org.br\/#organization\"},\"image\":{\"@id\":\"https:\/\/rioonwatch.org.br\/?p=58722#primaryimage\"},\"thumbnailUrl\":\"https:\/\/rioonwatch.org.br\/wp-content\/uploads\/2021\/10\/Dversos.png\",\"keywords\":[\"Antirracismo\",\"arte\",\"Complexo do Alem\u00e3o\",\"cultura de rua\",\"mobiliza\u00e7\u00e3o criativa\",\"m\u00fasica\",\"Olaria\",\"poesia\",\"produ\u00e7\u00e3o cultural\",\"rap\",\"resist\u00eancia\",\"S\u00e9rie: Antirracismo\",\"v\u00eddeo\"],\"articleSection\":[\"*Destaque\",\"Cultura da Favela\",\"Escrito por Comunicadores Populares\",\"Solu\u00e7\u00f5es\",\"V\u00eddeo\"],\"inLanguage\":\"pt-BR\"},{\"@type\":\"WebPage\",\"@id\":\"https:\/\/rioonwatch.org.br\/?p=58722\",\"url\":\"https:\/\/rioonwatch.org.br\/?p=58722\",\"name\":\"D'Versos Videocast: Arte de Rua, uma Cultura Antirracista [V\u00cdDEO] - RioOnWatch\",\"isPartOf\":{\"@id\":\"https:\/\/rioonwatch.org.br\/#website\"},\"primaryImageOfPage\":{\"@id\":\"https:\/\/rioonwatch.org.br\/?p=58722#primaryimage\"},\"image\":{\"@id\":\"https:\/\/rioonwatch.org.br\/?p=58722#primaryimage\"},\"thumbnailUrl\":\"https:\/\/rioonwatch.org.br\/wp-content\/uploads\/2021\/10\/Dversos.png\",\"datePublished\":\"2021-10-07T12:45:24+00:00\",\"dateModified\":\"2024-05-24T15:30:41+00:00\",\"breadcrumb\":{\"@id\":\"https:\/\/rioonwatch.org.br\/?p=58722#breadcrumb\"},\"inLanguage\":\"pt-BR\",\"potentialAction\":[{\"@type\":\"ReadAction\",\"target\":[\"https:\/\/rioonwatch.org.br\/?p=58722\"]}]},{\"@type\":\"ImageObject\",\"inLanguage\":\"pt-BR\",\"@id\":\"https:\/\/rioonwatch.org.br\/?p=58722#primaryimage\",\"url\":\"https:\/\/rioonwatch.org.br\/wp-content\/uploads\/2021\/10\/Dversos.png\",\"contentUrl\":\"https:\/\/rioonwatch.org.br\/wp-content\/uploads\/2021\/10\/Dversos.png\",\"width\":1683,\"height\":955},{\"@type\":\"BreadcrumbList\",\"@id\":\"https:\/\/rioonwatch.org.br\/?p=58722#breadcrumb\",\"itemListElement\":[{\"@type\":\"ListItem\",\"position\":1,\"name\":\"In\u00edcio\",\"item\":\"https:\/\/rioonwatch.org.br\/\"},{\"@type\":\"ListItem\",\"position\":2,\"name\":\"D&#8217;Versos Videocast: Arte de Rua, uma Cultura Antirracista [V\u00cdDEO]\"}]},{\"@type\":\"WebSite\",\"@id\":\"https:\/\/rioonwatch.org.br\/#website\",\"url\":\"https:\/\/rioonwatch.org.br\/\",\"name\":\"RioOnWatch\",\"description\":\"relatos das favelas cariocas\",\"publisher\":{\"@id\":\"https:\/\/rioonwatch.org.br\/#organization\"},\"potentialAction\":[{\"@type\":\"SearchAction\",\"target\":{\"@type\":\"EntryPoint\",\"urlTemplate\":\"https:\/\/rioonwatch.org.br\/?s={search_term_string}\"},\"query-input\":{\"@type\":\"PropertyValueSpecification\",\"valueRequired\":true,\"valueName\":\"search_term_string\"}}],\"inLanguage\":\"pt-BR\"},{\"@type\":\"Organization\",\"@id\":\"https:\/\/rioonwatch.org.br\/#organization\",\"name\":\"RioOnWatch\",\"url\":\"https:\/\/rioonwatch.org.br\/\",\"logo\":{\"@type\":\"ImageObject\",\"inLanguage\":\"pt-BR\",\"@id\":\"https:\/\/rioonwatch.org.br\/#\/schema\/logo\/image\/\",\"url\":\"https:\/\/rioonwatch.org.br\/wp-content\/uploads\/2021\/06\/RioOnWatchcabecalhoPT11anos-2.png\",\"contentUrl\":\"https:\/\/rioonwatch.org.br\/wp-content\/uploads\/2021\/06\/RioOnWatchcabecalhoPT11anos-2.png\",\"width\":779,\"height\":277,\"caption\":\"RioOnWatch\"},\"image\":{\"@id\":\"https:\/\/rioonwatch.org.br\/#\/schema\/logo\/image\/\"}},{\"@type\":\"Person\",\"@id\":\"https:\/\/rioonwatch.org.br\/#\/schema\/person\/27a3e25cbd933699e83d02c984584792\",\"name\":\"Jaqueline Suarez\",\"image\":{\"@type\":\"ImageObject\",\"inLanguage\":\"pt-BR\",\"@id\":\"https:\/\/rioonwatch.org.br\/#\/schema\/person\/image\/\",\"url\":\"https:\/\/secure.gravatar.com\/avatar\/7ea8c4643047d9478a10b734302473c0?s=96&d=blank&r=g\",\"contentUrl\":\"https:\/\/secure.gravatar.com\/avatar\/7ea8c4643047d9478a10b734302473c0?s=96&d=blank&r=g\",\"caption\":\"Jaqueline Suarez\"},\"url\":\"https:\/\/rioonwatch.org.br\/?author=173\"}]}<\/script>\n<!-- \/ Yoast SEO plugin. -->","yoast_head_json":{"title":"D'Versos Videocast: Arte de Rua, uma Cultura Antirracista [V\u00cdDEO] - RioOnWatch","robots":{"index":"index","follow":"follow","max-snippet":"max-snippet:-1","max-image-preview":"max-image-preview:large","max-video-preview":"max-video-preview:-1"},"canonical":"https:\/\/rioonwatch.org.br\/?p=58722","og_locale":"pt_BR","og_type":"article","og_title":"D'Versos Videocast: Arte de Rua, uma Cultura Antirracista [V\u00cdDEO] - RioOnWatch","og_description":"\ufeff\ufeff\ufeff Click Here for English Este videocast\u00a0faz parte da s\u00e9rie antirracista do RioOnWatch.\u00a0Conhe\u00e7a o nosso projeto que traz conte\u00fados midi\u00e1ticos semanais ao longo de 2021\u2014Enraizando o Antirracismo nas Favelas: Desconstruindo Narrativas Sociais sobre Racismo no [...]","og_url":"https:\/\/rioonwatch.org.br\/?p=58722","og_site_name":"RioOnWatch","article_published_time":"2021-10-07T12:45:24+00:00","article_modified_time":"2024-05-24T15:30:41+00:00","og_image":[{"width":1683,"height":955,"url":"https:\/\/rioonwatch.org.br\/wp-content\/uploads\/2021\/10\/Dversos.png","type":"image\/png"}],"author":"Jaqueline Suarez","twitter_card":"summary_large_image","twitter_misc":{"Escrito por":"Jaqueline Suarez","Est. tempo de leitura":"2 minutos"},"schema":{"@context":"https:\/\/schema.org","@graph":[{"@type":"Article","@id":"https:\/\/rioonwatch.org.br\/?p=58722#article","isPartOf":{"@id":"https:\/\/rioonwatch.org.br\/?p=58722"},"author":{"name":"Jaqueline Suarez","@id":"https:\/\/rioonwatch.org.br\/#\/schema\/person\/27a3e25cbd933699e83d02c984584792"},"headline":"D&#8217;Versos Videocast: Arte de Rua, uma Cultura Antirracista [V\u00cdDEO]","datePublished":"2021-10-07T12:45:24+00:00","dateModified":"2024-05-24T15:30:41+00:00","mainEntityOfPage":{"@id":"https:\/\/rioonwatch.org.br\/?p=58722"},"wordCount":433,"publisher":{"@id":"https:\/\/rioonwatch.org.br\/#organization"},"image":{"@id":"https:\/\/rioonwatch.org.br\/?p=58722#primaryimage"},"thumbnailUrl":"https:\/\/rioonwatch.org.br\/wp-content\/uploads\/2021\/10\/Dversos.png","keywords":["Antirracismo","arte","Complexo do Alem\u00e3o","cultura de rua","mobiliza\u00e7\u00e3o criativa","m\u00fasica","Olaria","poesia","produ\u00e7\u00e3o cultural","rap","resist\u00eancia","S\u00e9rie: Antirracismo","v\u00eddeo"],"articleSection":["*Destaque","Cultura da Favela","Escrito por Comunicadores Populares","Solu\u00e7\u00f5es","V\u00eddeo"],"inLanguage":"pt-BR"},{"@type":"WebPage","@id":"https:\/\/rioonwatch.org.br\/?p=58722","url":"https:\/\/rioonwatch.org.br\/?p=58722","name":"D'Versos Videocast: Arte de Rua, uma Cultura Antirracista [V\u00cdDEO] - RioOnWatch","isPartOf":{"@id":"https:\/\/rioonwatch.org.br\/#website"},"primaryImageOfPage":{"@id":"https:\/\/rioonwatch.org.br\/?p=58722#primaryimage"},"image":{"@id":"https:\/\/rioonwatch.org.br\/?p=58722#primaryimage"},"thumbnailUrl":"https:\/\/rioonwatch.org.br\/wp-content\/uploads\/2021\/10\/Dversos.png","datePublished":"2021-10-07T12:45:24+00:00","dateModified":"2024-05-24T15:30:41+00:00","breadcrumb":{"@id":"https:\/\/rioonwatch.org.br\/?p=58722#breadcrumb"},"inLanguage":"pt-BR","potentialAction":[{"@type":"ReadAction","target":["https:\/\/rioonwatch.org.br\/?p=58722"]}]},{"@type":"ImageObject","inLanguage":"pt-BR","@id":"https:\/\/rioonwatch.org.br\/?p=58722#primaryimage","url":"https:\/\/rioonwatch.org.br\/wp-content\/uploads\/2021\/10\/Dversos.png","contentUrl":"https:\/\/rioonwatch.org.br\/wp-content\/uploads\/2021\/10\/Dversos.png","width":1683,"height":955},{"@type":"BreadcrumbList","@id":"https:\/\/rioonwatch.org.br\/?p=58722#breadcrumb","itemListElement":[{"@type":"ListItem","position":1,"name":"In\u00edcio","item":"https:\/\/rioonwatch.org.br\/"},{"@type":"ListItem","position":2,"name":"D&#8217;Versos Videocast: Arte de Rua, uma Cultura Antirracista [V\u00cdDEO]"}]},{"@type":"WebSite","@id":"https:\/\/rioonwatch.org.br\/#website","url":"https:\/\/rioonwatch.org.br\/","name":"RioOnWatch","description":"relatos das favelas cariocas","publisher":{"@id":"https:\/\/rioonwatch.org.br\/#organization"},"potentialAction":[{"@type":"SearchAction","target":{"@type":"EntryPoint","urlTemplate":"https:\/\/rioonwatch.org.br\/?s={search_term_string}"},"query-input":{"@type":"PropertyValueSpecification","valueRequired":true,"valueName":"search_term_string"}}],"inLanguage":"pt-BR"},{"@type":"Organization","@id":"https:\/\/rioonwatch.org.br\/#organization","name":"RioOnWatch","url":"https:\/\/rioonwatch.org.br\/","logo":{"@type":"ImageObject","inLanguage":"pt-BR","@id":"https:\/\/rioonwatch.org.br\/#\/schema\/logo\/image\/","url":"https:\/\/rioonwatch.org.br\/wp-content\/uploads\/2021\/06\/RioOnWatchcabecalhoPT11anos-2.png","contentUrl":"https:\/\/rioonwatch.org.br\/wp-content\/uploads\/2021\/06\/RioOnWatchcabecalhoPT11anos-2.png","width":779,"height":277,"caption":"RioOnWatch"},"image":{"@id":"https:\/\/rioonwatch.org.br\/#\/schema\/logo\/image\/"}},{"@type":"Person","@id":"https:\/\/rioonwatch.org.br\/#\/schema\/person\/27a3e25cbd933699e83d02c984584792","name":"Jaqueline Suarez","image":{"@type":"ImageObject","inLanguage":"pt-BR","@id":"https:\/\/rioonwatch.org.br\/#\/schema\/person\/image\/","url":"https:\/\/secure.gravatar.com\/avatar\/7ea8c4643047d9478a10b734302473c0?s=96&d=blank&r=g","contentUrl":"https:\/\/secure.gravatar.com\/avatar\/7ea8c4643047d9478a10b734302473c0?s=96&d=blank&r=g","caption":"Jaqueline Suarez"},"url":"https:\/\/rioonwatch.org.br\/?author=173"}]}},"_links":{"self":[{"href":"https:\/\/rioonwatch.org.br\/index.php?rest_route=\/wp\/v2\/posts\/58722"}],"collection":[{"href":"https:\/\/rioonwatch.org.br\/index.php?rest_route=\/wp\/v2\/posts"}],"about":[{"href":"https:\/\/rioonwatch.org.br\/index.php?rest_route=\/wp\/v2\/types\/post"}],"author":[{"embeddable":true,"href":"https:\/\/rioonwatch.org.br\/index.php?rest_route=\/wp\/v2\/users\/173"}],"replies":[{"embeddable":true,"href":"https:\/\/rioonwatch.org.br\/index.php?rest_route=%2Fwp%2Fv2%2Fcomments&post=58722"}],"version-history":[{"count":16,"href":"https:\/\/rioonwatch.org.br\/index.php?rest_route=\/wp\/v2\/posts\/58722\/revisions"}],"predecessor-version":[{"id":60603,"href":"https:\/\/rioonwatch.org.br\/index.php?rest_route=\/wp\/v2\/posts\/58722\/revisions\/60603"}],"wp:featuredmedia":[{"embeddable":true,"href":"https:\/\/rioonwatch.org.br\/index.php?rest_route=\/wp\/v2\/media\/58756"}],"wp:attachment":[{"href":"https:\/\/rioonwatch.org.br\/index.php?rest_route=%2Fwp%2Fv2%2Fmedia&parent=58722"}],"wp:term":[{"taxonomy":"category","embeddable":true,"href":"https:\/\/rioonwatch.org.br\/index.php?rest_route=%2Fwp%2Fv2%2Fcategories&post=58722"},{"taxonomy":"post_tag","embeddable":true,"href":"https:\/\/rioonwatch.org.br\/index.php?rest_route=%2Fwp%2Fv2%2Ftags&post=58722"},{"taxonomy":"writer","embeddable":true,"href":"https:\/\/rioonwatch.org.br\/index.php?rest_route=%2Fwp%2Fv2%2Fwriter&post=58722"},{"taxonomy":"translator","embeddable":true,"href":"https:\/\/rioonwatch.org.br\/index.php?rest_route=%2Fwp%2Fv2%2Ftranslator&post=58722"},{"taxonomy":"source","embeddable":true,"href":"https:\/\/rioonwatch.org.br\/index.php?rest_route=%2Fwp%2Fv2%2Fsource&post=58722"},{"taxonomy":"ilustrador","embeddable":true,"href":"https:\/\/rioonwatch.org.br\/index.php?rest_route=%2Fwp%2Fv2%2Filustrador&post=58722"},{"taxonomy":"fotografo","embeddable":true,"href":"https:\/\/rioonwatch.org.br\/index.php?rest_route=%2Fwp%2Fv2%2Ffotografo&post=58722"}],"curies":[{"name":"wp","href":"https:\/\/api.w.org\/{rel}","templated":true}]}}