{"id":58816,"date":"2021-11-11T11:59:29","date_gmt":"2021-11-11T14:59:29","guid":{"rendered":"https:\/\/rioonwatch.org.br\/?p=58816"},"modified":"2024-07-10T09:32:58","modified_gmt":"2024-07-10T12:32:58","slug":"boneca-pretta-representatividade-nos-brinquedos-empodera-e-aumenta-autoestima-de-criancas-negras-desenraizandoracismo","status":"publish","type":"post","link":"https:\/\/rioonwatch.org.br\/?p=58816","title":{"rendered":"Boneca Pretta: Representatividade nos Brinquedos Empodera e Aumenta Autoestima de Crian\u00e7as Negras #DesenraizandoRacismo"},"content":{"rendered":"<p style=\"text-align: right;\"><em><strong><a href=\"https:\/\/bit.ly\/3uCrFx0\" target=\"_blank\" rel=\"noopener noreferrer\">Click Here for English<\/a><a href=\"https:\/\/bit.ly\/3uCrFx0\" target=\"_blank\" rel=\"noopener noreferrer\"><img decoding=\"async\" class=\"alignright wp-image-15790\" src=\"http:\/\/rioonwatch.org.br\/wp-content\/uploads\/2012\/08\/EN-standard-e1439583104716.jpg\" alt=\"\" width=\"20\" height=\"20\" \/><\/a><\/strong><\/em><\/p>\n<p><i><span style=\"font-weight: 400;\">Esta mat\u00e9ria faz parte da <a href=\"https:\/\/bit.ly\/SerieAntirracista\" target=\"_blank\" rel=\"noopener\">s\u00e9rie antirracista<\/a> do RioOnWatch e tamb\u00e9m de <\/span><\/i><a href=\"https:\/\/bit.ly\/ROWeNECLES\"><i><span style=\"font-weight: 400;\">uma parceria<\/span><\/i><\/a><i><span style=\"font-weight: 400;\"> com o <\/span><\/i><a href=\"https:\/\/bit.ly\/33EFNGY\"><i><span style=\"font-weight: 400;\">N\u00facleo de Estudos Cr\u00edticos em Linguagem, Educa\u00e7\u00e3o e Sociedade (NECLES)<\/span><\/i><\/a><i><span style=\"font-weight: 400;\">, da UFF, para que seja utilizada como um recurso pedag\u00f3gico em escolas p\u00fablicas de Niter\u00f3i. Especialmente neste m\u00eas, que celebramos a <em><a href=\"http:\/\/bit.ly\/2XCc5is\" target=\"_blank\" rel=\"noopener noreferrer\">Consci\u00eancia Negra<\/a><\/em>, convidamos voc\u00ea a conhecer o nosso projeto que traz conte\u00fados midi\u00e1ticos semanais ao longo de 2021\u2014<\/span><\/i><a href=\"https:\/\/bit.ly\/SerieAntirracista\"><i><span style=\"font-weight: 400;\">Enraizando o Antirracismo nas Favelas: Desconstruindo Narrativas Sociais sobre Racismo no Rio de Janeiro<\/span><\/i><\/a><span style=\"font-weight: 400;\">. <\/span><\/p>\n<p><em>Nesta mat\u00e9ria o estudante universit\u00e1rio, <a href=\"https:\/\/bit.ly\/3aHcHdH\" target=\"_blank\" rel=\"noopener\">Luan Nascimento<\/a>, reflete sobre como a falta de representatividade nos brinquedos afeta as crian\u00e7as negras e traz seu relato pessoal sobre como essa viol\u00eancia simb\u00f3lica gerou nele um desejo de mudan\u00e7a, que se materializou no projeto <a href=\"https:\/\/bit.ly\/3vaW3Ni\" target=\"_blank\" rel=\"noopener\">Boneca Pretta<\/a>\u2014fundado a partir das inquieta\u00e7\u00f5es de sua m\u00e3e, Adriana da Silva Bezerra.<\/em><\/p>\n<p><span style=\"font-weight: 400;\"><a href=\"https:\/\/rioonwatch.org.br\/wp-content\/uploads\/2021\/10\/Mulher-Maravilha-por-Boneca-Pretta.jpg\"><img fetchpriority=\"high\" decoding=\"async\" class=\"alignright wp-image-58883\" title=\"Mulher Maravilha por Boneca Pretta\" src=\"https:\/\/rioonwatch.org.br\/wp-content\/uploads\/2021\/10\/Mulher-Maravilha-por-Boneca-Pretta.jpg\" alt=\"Mulher Maravilha por Boneca Pretta\" width=\"300\" height=\"300\" srcset=\"https:\/\/rioonwatch.org.br\/wp-content\/uploads\/2021\/10\/Mulher-Maravilha-por-Boneca-Pretta.jpg 657w, https:\/\/rioonwatch.org.br\/wp-content\/uploads\/2021\/10\/Mulher-Maravilha-por-Boneca-Pretta-620x620.jpg 620w, https:\/\/rioonwatch.org.br\/wp-content\/uploads\/2021\/10\/Mulher-Maravilha-por-Boneca-Pretta-629x629.jpg 629w\" sizes=\"(max-width: 300px) 100vw, 300px\" \/><\/a><\/span><\/p>\n<p>Voc\u00ea ainda se lembra quais eram seus brinquedos favoritos na inf\u00e2ncia? Sendo preto, como eu, quantas daquelas bonecas e bonecos se pareciam com voc\u00ea? <a href=\"https:\/\/bit.ly\/3lYgMy8\" target=\"_blank\" rel=\"noopener\">No Brasil, mais da metade da popula\u00e7\u00e3o \u00e9 negra, 54%<\/a>, mas para encontrar refer\u00eancias de pessoas pretas na TV ou em lojas de brinquedos, \u00e9 preciso muito esfor\u00e7o.<\/p>\n<p>H\u00e1 dez ou quinze anos, desenvolver bonecas pretas<em>\u2014<\/em>como um instrumento capaz de fortalecer a autoestima das crian\u00e7as e ensin\u00e1-las sobre a diversidade existente no mundo<em>\u2014<\/em>n\u00e3o era relevante para o mercado nacional de brinquedos. Mas o tempo passou e, apesar de haver um caminho muito longo pela frente, as coisas est\u00e3o mudando. Hoje mais do que nunca, bonecas e brinquedos pretos importam e fazem toda a diferen\u00e7a na vida de pessoas pretas, sobretudo durante a primeira fase da vida.<\/p>\n<p><span style=\"font-weight: 400;\">Muito se fala sobre <a href=\"https:\/\/bit.ly\/3kSeliW\" target=\"_blank\" rel=\"noopener\">representatividade negra<\/a>, mas poucos conhecem o real significado e efeito que ela tem no processo de constru\u00e7\u00e3o da subjetividade de uma pessoa preta. Representatividade \u00e9 indiscutivelmente muito importante na forma\u00e7\u00e3o de identidade dos indiv\u00edduos, no entanto, quando se \u00e9 mulher, pessoa com defici\u00eancia, LGBTQIA+ e\/ou negro, esse direito de se ver representado no mundo \u00e9 constantemente negado. A representatividade n\u00e3o \u00e9 importante apenas para a organiza\u00e7\u00e3o de grupos que lutam por direitos, mas tamb\u00e9m faz parte da forma\u00e7\u00e3o social e intelectual do indiv\u00edduo que, desde cedo, \u00e9 apresentado \u00e0s normas, pap\u00e9is e espa\u00e7os sociais reproduzidos em brinquedos e brincadeiras.<\/span><\/p>\n<p><span style=\"font-weight: 400;\"><a href=\"https:\/\/rioonwatch.org.br\/wp-content\/uploads\/2021\/10\/Branca-de-Neve-por-Boneca-Pretta.jpg\"><img decoding=\"async\" class=\"alignright wp-image-58882\" title=\"Branca de Neve por Boneca Pretta\" src=\"https:\/\/rioonwatch.org.br\/wp-content\/uploads\/2021\/10\/Branca-de-Neve-por-Boneca-Pretta.jpg\" alt=\"Branca de Neve por Boneca Pretta\" width=\"300\" height=\"300\" srcset=\"https:\/\/rioonwatch.org.br\/wp-content\/uploads\/2021\/10\/Branca-de-Neve-por-Boneca-Pretta.jpg 657w, https:\/\/rioonwatch.org.br\/wp-content\/uploads\/2021\/10\/Branca-de-Neve-por-Boneca-Pretta-620x620.jpg 620w, https:\/\/rioonwatch.org.br\/wp-content\/uploads\/2021\/10\/Branca-de-Neve-por-Boneca-Pretta-629x629.jpg 629w\" sizes=\"(max-width: 300px) 100vw, 300px\" \/><\/a><\/span>Logo, ver-se a si pr\u00f3prio ou n\u00e3o representado em cada um desses campos constr\u00f3i subjetividades, personalidades e futuro. Por exemplo, quando uma <a href=\"https:\/\/bit.ly\/2YEwIyZ\" target=\"_blank\" rel=\"noopener\"><span style=\"font-weight: 400;\">mulher branca \u00e9 uma grande empres\u00e1ria<\/span><\/a><span style=\"font-weight: 400;\"> ou quando uma <\/span><span style=\"font-weight: 400;\"><a href=\"https:\/\/bit.ly\/3mPIKxT\" target=\"_blank\" rel=\"noopener\">mulher negra alcan\u00e7a o cargo mais alto<\/a> da empresa onde trabalha<\/span>, <span style=\"font-weight: 400;\">isso cria a subjetividade na identidade feminina de que outras mulheres tamb\u00e9m podem chegar a esse cargo, al\u00e9m de mudar a cultura da empresa. Por outro lado, <\/span><span style=\"font-weight: 400;\">quando programas televisivos <a href=\"https:\/\/bit.ly\/3DCeD3J\" target=\"_blank\" rel=\"noopener\">escalam atrizes e atores negros<\/a>\u00a0(o que ainda \u00e9 exce\u00e7\u00e3o) <\/span><span style=\"font-weight: 400;\">recorrentemente, \u00e9 em pap\u00e9is que servem pessoas brancas<\/span><span style=\"font-weight: 400;\">, como empregadas dom\u00e9sticas, motoristas e outros. Isso tamb\u00e9m cria o imagin\u00e1rio de que aquele \u00e9 o local e a fun\u00e7\u00e3o do povo negro na sociedade branca. Esses processos sociais (des)educam a popula\u00e7\u00e3o em geral sobre os lugares e pap\u00e9is sociais reservados ao negro nessa sociedade: com pouco prest\u00edgio social e a servi\u00e7o de pessoas brancas. E com os brinquedos n\u00e3o \u00e9 diferente.<\/span><\/p>\n<p><span style=\"font-weight: 400;\">\u00c9 <\/span><a href=\"https:\/\/bit.ly\/3BxQ1IJ\" target=\"_blank\" rel=\"noopener\"><span style=\"font-weight: 400;\">durante a inf\u00e2ncia que vivemos o auge do aprendizado<\/span><\/a><span style=\"font-weight: 400;\">, especialmente na primeira inf\u00e2ncia<\/span><span style=\"font-weight: 400;\">, per\u00edodo que vai desde o nascimento at\u00e9 os seis anos de idade. Tudo \u00e9 uma descoberta e \u00e9 nesse per\u00edodo onde o reconhecimento come\u00e7a a surgir. Tudo aquilo com o que os pequenos convivem e tudo aquilo a que t\u00eam acesso torna-se referencial na constru\u00e7\u00e3o de suas vis\u00f5es de mundo, sonhos, desejos, modelos de fam\u00edlia, de sociedade, de rela\u00e7\u00f5es com os outros e com si mesmo. <\/span><a href=\"https:\/\/bit.ly\/3iRPbiR\" target=\"_blank\" rel=\"noopener\"><span style=\"font-weight: 400;\">Brincar \u00e9 uma atividade fundamental<\/span><\/a><span style=\"font-weight: 400;\">\u00a0para o desenvolvimento f\u00edsico e mental saud\u00e1vel das crian\u00e7as<\/span><span style=\"font-weight: 400;\">. \u00c9 uma fonte prim\u00e1ria da descoberta e aprendizado da fase em que o c\u00e9rebro mais cresce em toda a vida.<\/span><\/p>\n<p>Atrav\u00e9s da brincadeira, as crian\u00e7as criam hist\u00f3rias, aprendem sobre cultura, projetam seu futuro e encenam situa\u00e7\u00f5es vividas por elas. Os brinquedos, como parte desse processo de aprendizagem, t\u00eam efeitos duradouros na educa\u00e7\u00e3o e na forma\u00e7\u00e3o da crian\u00e7a. Infelizmente, brinquedos que representam a diversidade \u00e9tnica e de tipos de fam\u00edlias <a href=\"https:\/\/bit.ly\/3mTIzBH\" target=\"_blank\" rel=\"noopener\">s\u00e3o escassos<\/a>. Uma boneca negra para uma crian\u00e7a negra pode ser uma ferramenta para a constru\u00e7\u00e3o de sua identidade e de fortalecimento de sua autoestima, podendo lev\u00e1-la a entrar em um mundo onde ela \u00e9 a protagonista. Uma boneca negra para uma crian\u00e7a branca pode ser uma ferramenta de constru\u00e7\u00e3o de afeto e intimidade com pessoas de raizes diferentes dela.<\/p>\n<p><a href=\"https:\/\/rioonwatch.org.br\/wp-content\/uploads\/2021\/10\/Nas-prateleiras-das-lojas-de-brinquedo-bonecas-brancas-ainda-sao-a-norma..jpg\"><img loading=\"lazy\" decoding=\"async\" class=\"alignright wp-image-58852\" title=\"Nas prateleiras das lojas de brinquedo, bonecas brancas ainda s\u00e3o a norma.\" src=\"https:\/\/rioonwatch.org.br\/wp-content\/uploads\/2021\/10\/Nas-prateleiras-das-lojas-de-brinquedo-bonecas-brancas-ainda-sao-a-norma..jpg\" alt=\"Nas prateleiras das lojas de brinquedo, bonecas brancas ainda s\u00e3o a norma.\" width=\"300\" height=\"225\" srcset=\"https:\/\/rioonwatch.org.br\/wp-content\/uploads\/2021\/10\/Nas-prateleiras-das-lojas-de-brinquedo-bonecas-brancas-ainda-sao-a-norma..jpg 657w, https:\/\/rioonwatch.org.br\/wp-content\/uploads\/2021\/10\/Nas-prateleiras-das-lojas-de-brinquedo-bonecas-brancas-ainda-sao-a-norma.-620x465.jpg 620w, https:\/\/rioonwatch.org.br\/wp-content\/uploads\/2021\/10\/Nas-prateleiras-das-lojas-de-brinquedo-bonecas-brancas-ainda-sao-a-norma.-326x245.jpg 326w, https:\/\/rioonwatch.org.br\/wp-content\/uploads\/2021\/10\/Nas-prateleiras-das-lojas-de-brinquedo-bonecas-brancas-ainda-sao-a-norma.-80x60.jpg 80w\" sizes=\"(max-width: 300px) 100vw, 300px\" \/><\/a>Por muito tempo o <a href=\"https:\/\/bit.ly\/3lBXEs4\" target=\"_blank\" rel=\"noopener\">referencial de beleza foi o ideal branco<\/a>, o que resultou em uma tentativa de <a href=\"https:\/\/bit.ly\/3BDN2yt\" target=\"_blank\" rel=\"noopener\">branqueamento<\/a> para se encaixar nesse modelo \u201cideal\u201d. E l\u00e1 se v\u00e3o gera\u00e7\u00f5es e mais gera\u00e7\u00f5es de pessoas pretas que a todo custo tentaram se encaixar nesse modelo. Os <a href=\"https:\/\/bit.ly\/3iYaU8R\" target=\"_blank\" rel=\"noopener\">alisamentos de cabelos<\/a> crespos e cacheados, <a href=\"https:\/\/glo.bo\/3FC7ja6\" target=\"_blank\" rel=\"noopener\">afinamento de nariz<\/a>, e at\u00e9 <a href=\"https:\/\/bit.ly\/3FGDjdf\" target=\"_blank\" rel=\"noopener\">clareamento de pele<\/a>, entre outras, s\u00e3o formas de tentar se inserir no mundo branco.<\/p>\n<p><span style=\"font-weight: 400;\">Com a aus\u00eancia da representatividade negra, existem muitos indiv\u00edduos que n\u00e3o se reconhecem como negros, embranquecendo a leitura de si mesmo e reproduzindo comportamentos aceitos pela <a href=\"https:\/\/bit.ly\/3eKE9K6\" target=\"_blank\" rel=\"noopener\">branquitude<\/a> com o objetivo de ascender socialmente.<\/span><\/p>\n<h3><strong>Cad\u00ea Nossa Boneca?<\/strong><\/h3>\n<p><span style=\"font-weight: 400;\"><a href=\"https:\/\/rioonwatch.org.br\/wp-content\/uploads\/2021\/10\/Logo-da-iniciativa-de-empoderamento-de-criancas-negras-Cade-Nossa-Boneca.jpg\"><img loading=\"lazy\" decoding=\"async\" class=\"alignright wp-image-58860\" title=\"Logo da iniciativa de empoderamento de crian\u00e7as negras 'Cad\u00ea Nossa Boneca'\" src=\"https:\/\/rioonwatch.org.br\/wp-content\/uploads\/2021\/10\/Logo-da-iniciativa-de-empoderamento-de-criancas-negras-Cade-Nossa-Boneca.jpg\" alt=\"Logo da iniciativa de empoderamento de crian\u00e7as negras 'Cad\u00ea Nossa Boneca'\" width=\"300\" height=\"98\" \/><\/a>Se vivemos em um mundo t\u00e3o diverso e rico por suas diferen\u00e7as, n\u00e3o faz sentido encontrarmos brinquedos representando apenas uma parcela da sociedade. Frente a isso, h\u00e1 seis anos em Salvador foi criada a <\/span><span style=\"font-weight: 400;\">campanha <\/span><a href=\"https:\/\/bit.ly\/30Tb9vL\" target=\"_blank\" rel=\"noopener\"><em><span style=\"font-weight: 400;\">Cad\u00ea Nossa Boneca?<\/span><\/em><\/a><em><span style=\"font-weight: 400;\">.<\/span><\/em><span style=\"font-weight: 400;\"> A iniciativa <\/span><span style=\"font-weight: 400;\">das amigas <\/span><span style=\"font-weight: 400;\">Ana Marcilio, Mylene Alves e Raquel Rocha, se originou durante uma arrecada\u00e7\u00e3o de brinquedos para a creche do pres\u00eddio da capital baiana, quando perceberam que a grande maioria das bonecas recebidas era branca. A sensa\u00e7\u00e3o de que tinham que fazer algo persistiu e elas correram atr\u00e1s de apoio institucional, que se deu atrav\u00e9s da <a href=\"https:\/\/bit.ly\/3DFgFQG\" target=\"_blank\" rel=\"noopener\">ONG Avante &#8211; Educa\u00e7\u00e3o e Mobiliza\u00e7\u00e3o Social<\/a>. A Avante abra\u00e7ou o projeto e fomentou uma pesquisa em 2020 tamb\u00e9m intitulada <em><a href=\"https:\/\/bit.ly\/303CHhs\" target=\"_blank\" rel=\"noopener\">Cad\u00ea Nossa Boneca?<\/a> <\/em>O estudo mostrou que o total de bonecos negros fabricados pelas ind\u00fastrias <a href=\"https:\/\/bit.ly\/3mXwnji\" target=\"_blank\" rel=\"noopener\">diminuiu entre 2016 e 2020<\/a>. De acordo com a pesquisa, em 2016, os modelos de bonecos negros no mercado eram apenas 7% dos fabricados pela ind\u00fastria. <a href=\"https:\/\/bit.ly\/3mTIzBH\" target=\"_blank\" rel=\"noopener\">Em 2020, esse n\u00famero caiu para 6%<\/a>, mesmo diante da ascens\u00e3o de debates sobre discuss\u00f5es raciais e representatividade negra.\u00a0<\/span><\/p>\n<p><span style=\"font-weight: 400;\">\u201cOs bonecos s\u00e3o representa\u00e7\u00f5es do humano. Existe um modelo e um padr\u00e3o de beleza que \u00e9 constru\u00eddo e vendido desde a inf\u00e2ncia para todo mundo, ent\u00e3o obviamente para a crian\u00e7a preta, desde pequena, quando ela entra em uma loja e n\u00e3o se enxerga na vitrine, com certeza ela est\u00e1 sendo violentada\u201d, afirmou a psic\u00f3loga Ana Oliva Marc\u00edlio, que tamb\u00e9m participou da pesquisa. Ela pontuou ainda que a cor de pele e o cabelo s\u00e3o dois elementos muito fortes do <\/span><span style=\"font-weight: 400;\">racismo<\/span><span style=\"font-weight: 400;\"> brasileiro e das bonecas. <\/span><span style=\"font-weight: 400;\">Outro ponto de importante discuss\u00e3o, segundo Ana Marc\u00edlio, \u00e9 o acesso a essas bonecas pretas que, geralmente, <a href=\"https:\/\/bit.ly\/3lJ0hsq\" target=\"_blank\" rel=\"noopener\">s\u00e3o mais caras<\/a> que as bonecas brancas. Isso dificulta o acesso da popula\u00e7\u00e3o de renda mais baixa: &#8220;Bonecos de beb\u00eas, geralmente, t\u00eam o mesmo valor. Mas, quando s\u00e3o bonecas com corpo de mulher, h\u00e1 um diferencial: as bonecas pretas s\u00e3o, em regra, itens de colecionador&#8221;, explicou Ana.<\/span><\/p>\n<h3><span style=\"font-weight: 400;\"><strong>Boneca Pretta\u00a0<\/strong><\/span><\/h3>\n<p><span style=\"font-weight: 400;\"><a href=\"https:\/\/rioonwatch.org.br\/wp-content\/uploads\/2021\/10\/Adriana-da-Silva-Bezerra-mae-de-Luan-Nascimento-finalmente-com-uma-boneca-preta-algo-inexistente-em-sua-infancia.-Arquivo-pessoal-de-Luan-Nascimento.jpg\"><img loading=\"lazy\" decoding=\"async\" class=\"alignright wp-image-58849\" title=\"Adriana da Silva Bezerra, m\u00e3e de Luan Nascimento, finalmente com uma boneca preta, algo inexistente em sua inf\u00e2ncia. Arquivo pessoal de Luan Nascimento\" src=\"https:\/\/rioonwatch.org.br\/wp-content\/uploads\/2021\/10\/Adriana-da-Silva-Bezerra-mae-de-Luan-Nascimento-finalmente-com-uma-boneca-preta-algo-inexistente-em-sua-infancia.-Arquivo-pessoal-de-Luan-Nascimento.jpg\" alt=\"Adriana da Silva Bezerra, m\u00e3e de Luan Nascimento, finalmente com uma boneca preta, algo inexistente em sua inf\u00e2ncia. Arquivo pessoal de Luan Nascimento\" width=\"300\" height=\"203\" srcset=\"https:\/\/rioonwatch.org.br\/wp-content\/uploads\/2021\/10\/Adriana-da-Silva-Bezerra-mae-de-Luan-Nascimento-finalmente-com-uma-boneca-preta-algo-inexistente-em-sua-infancia.-Arquivo-pessoal-de-Luan-Nascimento.jpg 657w, https:\/\/rioonwatch.org.br\/wp-content\/uploads\/2021\/10\/Adriana-da-Silva-Bezerra-mae-de-Luan-Nascimento-finalmente-com-uma-boneca-preta-algo-inexistente-em-sua-infancia.-Arquivo-pessoal-de-Luan-Nascimento-620x419.jpg 620w\" sizes=\"(max-width: 300px) 100vw, 300px\" \/><\/a>Toda reflex\u00e3o acima reflete as minhas inquieta\u00e7\u00f5es e da minha m\u00e3e, Adriana da Silva Bezerra<em>.<\/em> Aos 48 anos, minha m\u00e3e ganhou sua primeira boneca negra e, mesmo assim, a boneca era bem mais clara do que ela e tinha os cabelos lisos.\u00a0<\/span><\/p>\n<p>\u201cQuando eu era crian\u00e7a, eu nem sabia que existiam bonecas da minha cor. Eu tinha cabelo preto, o que era diferente das bonecas, que tinham cabelo loiro\u201d. Essas foram as palavras da minha m\u00e3e quando a perguntei se ela, na inf\u00e2ncia, j\u00e1 tinha visto alguma boneca negra. Quando perguntei sobre o efeito que essa falta de representatividade tinha causado em sua vida ela respondeu: \u201c\u00c9 chato porque todas eram loiras, n\u00e9? N\u00e3o tinha uma pretinha como eu. S\u00f3 descobri que existe depois de velha\u201d.<\/p>\n<p><img loading=\"lazy\" decoding=\"async\" class=\"alignright wp-image-58872\" title=\"Adriana da Silva Bezerra e Luan Nascimento com um acervo bem diverso de @bonecapretta. Arquivo pessoal de Luan Nascimento\" src=\"https:\/\/rioonwatch.org.br\/wp-content\/uploads\/2021\/10\/Adriana-da-Silva-Bezerra-e-Luan-Nascimento-com-um-acervo-bem-diverso-de-@bonecapretta.-Arquivo-pessoal-de-Luan-Nascimento.jpg\" alt=\"Adriana da Silva Bezerra e Luan Nascimento com um acervo bem diverso de @bonecapretta. Arquivo pessoal de Luan Nascimento\" width=\"300\" height=\"400\" srcset=\"https:\/\/rioonwatch.org.br\/wp-content\/uploads\/2021\/10\/Adriana-da-Silva-Bezerra-e-Luan-Nascimento-com-um-acervo-bem-diverso-de-@bonecapretta.-Arquivo-pessoal-de-Luan-Nascimento.jpg 493w, https:\/\/rioonwatch.org.br\/wp-content\/uploads\/2021\/10\/Adriana-da-Silva-Bezerra-e-Luan-Nascimento-com-um-acervo-bem-diverso-de-@bonecapretta.-Arquivo-pessoal-de-Luan-Nascimento-465x620.jpg 465w, https:\/\/rioonwatch.org.br\/wp-content\/uploads\/2021\/10\/Adriana-da-Silva-Bezerra-e-Luan-Nascimento-com-um-acervo-bem-diverso-de-@bonecapretta.-Arquivo-pessoal-de-Luan-Nascimento-471x629.jpg 471w\" sizes=\"(max-width: 300px) 100vw, 300px\" \/><\/p>\n<p>E, ent\u00e3o, comecei a me perguntar quantos adultos cresceram sem ter ao menos visto uma boneca semelhante a eles. Essa falta, ao meu ver, contribuiu para que milhares de crian\u00e7as, que hoje s\u00e3o adultos, crescessem com problemas de autoimagem e baixa autoestima. As bonecas servem como uma refer\u00eancia para quem brinca. Infelizmente, existe a domin\u00e2ncia de um padr\u00e3o europeu com o qual a maioria das crian\u00e7as brasileiras n\u00e3o se identifica. A sensa\u00e7\u00e3o de n\u00e3o-pertencimento atinge a autoestima e pode, tamb\u00e9m, se manifestar em diversas \u00e1reas da vida de uma pessoa preta.<\/p>\n<p>A partir do depoimento da minha m\u00e3e, da falta de representatividade e da import\u00e2ncia que esse assunto tem para n\u00f3s, negros e negras, criei em 2017 o perfil no Instagram <a href=\"https:\/\/bit.ly\/3vaW3Ni\" target=\"_blank\" rel=\"noopener\">Boneca Pretta<\/a>, onde, atualmente, fa\u00e7o postagens com as fotos de cen\u00e1rios com bonecas pretas, que trazem conte\u00fados de educa\u00e7\u00e3o, ativismo e <a href=\"https:\/\/bit.ly\/3BN1jc8\">sa\u00fade mental<\/a>.<\/p>\n<p>Comecei, em 2017, customizando bonecas pretas sem a inten\u00e7\u00e3o de criar algo al\u00e9m de roupinhas para postar. Em 2018, me deu um estalo de usar as bonecas para abordar alguns assuntos sobre ra\u00e7a e, tamb\u00e9m, inverter os pap\u00e9is de desenhos, filmes, elementos da cultura pop, fazendo a vers\u00e3o preta de tudo aquilo que s\u00f3 tem a vers\u00e3o branca.<\/p>\n<blockquote class=\"instagram-media\" style=\"background: #FFF; border: 0; border-radius: 3px; box-shadow: 0 0 1px 0 rgba(0,0,0,0.5),0 1px 10px 0 rgba(0,0,0,0.15); margin: 1px; max-width: 540px; min-width: 326px; padding: 0; width: calc(100% - 2px);\" data-instgrm-captioned=\"\" data-instgrm-permalink=\"https:\/\/www.instagram.com\/p\/CHA3r2BpX7T\/?utm_source=ig_embed&amp;utm_campaign=loading\" data-instgrm-version=\"14\">\n<div style=\"padding: 16px;\">\n<p>&nbsp;<\/p>\n<div style=\"display: flex; flex-direction: row; align-items: center;\">\n<div style=\"background-color: #f4f4f4; border-radius: 50%; flex-grow: 0; height: 40px; margin-right: 14px; width: 40px;\"><\/div>\n<div style=\"display: flex; flex-direction: column; flex-grow: 1; justify-content: center;\">\n<div style=\"background-color: #f4f4f4; border-radius: 4px; flex-grow: 0; height: 14px; margin-bottom: 6px; width: 100px;\"><\/div>\n<div style=\"background-color: #f4f4f4; border-radius: 4px; flex-grow: 0; height: 14px; width: 60px;\"><\/div>\n<\/div>\n<\/div>\n<div style=\"padding: 19% 0;\"><\/div>\n<div style=\"display: block; height: 50px; margin: 0 auto 12px; width: 50px;\"><\/div>\n<div style=\"padding-top: 8px;\">\n<div style=\"color: #3897f0; font-family: Arial,sans-serif; font-size: 14px; font-style: normal; font-weight: 550; line-height: 18px;\">Ver essa foto no Instagram<\/div>\n<\/div>\n<div style=\"padding: 12.5% 0;\"><\/div>\n<div style=\"display: flex; flex-direction: row; margin-bottom: 14px; align-items: center;\">\n<div>\n<div style=\"background-color: #f4f4f4; border-radius: 50%; height: 12.5px; width: 12.5px; transform: translateX(0px) translateY(7px);\"><\/div>\n<div style=\"background-color: #f4f4f4; height: 12.5px; transform: rotate(-45deg) translateX(3px) translateY(1px); width: 12.5px; flex-grow: 0; margin-right: 14px; margin-left: 2px;\"><\/div>\n<div style=\"background-color: #f4f4f4; border-radius: 50%; height: 12.5px; width: 12.5px; transform: translateX(9px) translateY(-18px);\"><\/div>\n<\/div>\n<div style=\"margin-left: 8px;\">\n<div style=\"background-color: #f4f4f4; border-radius: 50%; flex-grow: 0; height: 20px; width: 20px;\"><\/div>\n<div style=\"width: 0; height: 0; border-top: 2px solid transparent; border-left: 6px solid #f4f4f4; border-bottom: 2px solid transparent; transform: translateX(16px) translateY(-4px) rotate(30deg);\"><\/div>\n<\/div>\n<div style=\"margin-left: auto;\">\n<div style=\"width: 0px; border-top: 8px solid #F4F4F4; border-right: 8px solid transparent; transform: translateY(16px);\"><\/div>\n<div style=\"background-color: #f4f4f4; flex-grow: 0; height: 12px; width: 16px; transform: translateY(-4px);\"><\/div>\n<div style=\"width: 0; height: 0; border-top: 8px solid #F4F4F4; border-left: 8px solid transparent; transform: translateY(-4px) translateX(8px);\"><\/div>\n<\/div>\n<\/div>\n<div style=\"display: flex; flex-direction: column; flex-grow: 1; justify-content: center; margin-bottom: 24px;\">\n<div style=\"background-color: #f4f4f4; border-radius: 4px; flex-grow: 0; height: 14px; margin-bottom: 6px; width: 224px;\"><\/div>\n<div style=\"background-color: #f4f4f4; border-radius: 4px; flex-grow: 0; height: 14px; width: 144px;\"><\/div>\n<\/div>\n<p>&nbsp;<\/p>\n<p style=\"color: #c9c8cd; font-family: Arial,sans-serif; font-size: 14px; line-height: 17px; margin-bottom: 0; margin-top: 8px; overflow: hidden; padding: 8px 0 7px; text-align: center; text-overflow: ellipsis; white-space: nowrap;\"><a style=\"color: #c9c8cd; font-family: Arial,sans-serif; font-size: 14px; font-style: normal; font-weight: normal; line-height: 17px; text-decoration: none;\" href=\"https:\/\/www.instagram.com\/p\/CHA3r2BpX7T\/?utm_source=ig_embed&amp;utm_campaign=loading\" target=\"_blank\" rel=\"noopener\">Uma publica\u00e7\u00e3o compartilhada por Boneca Pretta (@bonecapretta)<\/a><\/p>\n<\/div>\n<\/blockquote>\n<p><script async src=\"\/\/www.instagram.com\/embed.js\"><\/script><\/p>\n<p>A participa\u00e7\u00e3o da minha m\u00e3e no in\u00edcio era financiando e incentivando o projeto, mas com o tempo e a demanda de produ\u00e7\u00e3o ela passou a me ajudar tamb\u00e9m na parte de fotografia e filmagem das coisas que fa\u00e7o e, em alguns casos, me ajuda na produ\u00e7\u00e3o do cen\u00e1rio. Eu fa\u00e7o tudo com rela\u00e7\u00e3o \u00e0s bonecas: tenho a ideia, pesquiso sobre o assunto que vou postar, produzo as bonecas, suas roupas, acess\u00f3rios, os cen\u00e1rios e a fotografia dos ensaios fotogr\u00e1ficos, edito as fotos e v\u00eddeos e fa\u00e7o as postagens.<\/p>\n<p>O meu intuito inicial era postar fotos de bonecas com mensagens e os signos do ativismo antirracista, por\u00e9m em 2019 entraram em contato comigo, atrav\u00e9s do perfil no Instagram, e assim veio a minha primeira venda de uma boneca. Foi a\u00ed que percebi que podia vender se algu\u00e9m me procurasse interessado em comprar. At\u00e9 ent\u00e3o, eu s\u00f3 postava fotos de coisas que eu j\u00e1 queria falar e n\u00e3o sabia como.<\/p>\n<p><span style=\"font-weight: 400;\">Para al\u00e9m do brinquedo, Boneca Pretta existe para falar sobre ra\u00e7a, racismo, negritude, branquitude e outros temas t\u00e3o caros ao povo preto. De forma l\u00fadica para crian\u00e7as, mas tamb\u00e9m para o povo adulto, atrav\u00e9s de posts e textos escritos por mim e por parceiros no perfil do projeto no Instagram.<\/span><\/p>\n<blockquote class=\"instagram-media\" style=\"background: #FFF; border: 0; border-radius: 3px; box-shadow: 0 0 1px 0 rgba(0,0,0,0.5),0 1px 10px 0 rgba(0,0,0,0.15); margin: 1px; max-width: 540px; min-width: 326px; padding: 0; width: calc(100% - 2px);\" data-instgrm-captioned=\"\" data-instgrm-permalink=\"https:\/\/www.instagram.com\/p\/CBQgCHYJ20s\/?utm_source=ig_embed&amp;utm_campaign=loading\" data-instgrm-version=\"14\">\n<div style=\"padding: 16px;\">\n<p>&nbsp;<\/p>\n<div style=\"display: flex; flex-direction: row; align-items: center;\">\n<div style=\"background-color: #f4f4f4; border-radius: 50%; flex-grow: 0; height: 40px; margin-right: 14px; width: 40px;\"><\/div>\n<div style=\"display: flex; flex-direction: column; flex-grow: 1; justify-content: center;\">\n<div style=\"background-color: #f4f4f4; border-radius: 4px; flex-grow: 0; height: 14px; margin-bottom: 6px; width: 100px;\"><\/div>\n<div style=\"background-color: #f4f4f4; border-radius: 4px; flex-grow: 0; height: 14px; width: 60px;\"><\/div>\n<\/div>\n<\/div>\n<div style=\"padding: 19% 0;\"><\/div>\n<div style=\"display: block; height: 50px; margin: 0 auto 12px; width: 50px;\"><\/div>\n<div style=\"padding-top: 8px;\">\n<div style=\"color: #3897f0; font-family: Arial,sans-serif; font-size: 14px; font-style: normal; font-weight: 550; line-height: 18px;\">View this post on Instagram<\/div>\n<\/div>\n<div style=\"padding: 12.5% 0;\"><\/div>\n<div style=\"display: flex; flex-direction: row; margin-bottom: 14px; align-items: center;\">\n<div>\n<div style=\"background-color: #f4f4f4; border-radius: 50%; height: 12.5px; width: 12.5px; transform: translateX(0px) translateY(7px);\"><\/div>\n<div style=\"background-color: #f4f4f4; height: 12.5px; transform: rotate(-45deg) translateX(3px) translateY(1px); width: 12.5px; flex-grow: 0; margin-right: 14px; margin-left: 2px;\"><\/div>\n<div style=\"background-color: #f4f4f4; border-radius: 50%; height: 12.5px; width: 12.5px; transform: translateX(9px) translateY(-18px);\"><\/div>\n<\/div>\n<div style=\"margin-left: 8px;\">\n<div style=\"background-color: #f4f4f4; border-radius: 50%; flex-grow: 0; height: 20px; width: 20px;\"><\/div>\n<div style=\"width: 0; height: 0; border-top: 2px solid transparent; border-left: 6px solid #F4F4F4; border-bottom: 2px solid transparent; transform: translateX(16px) translateY(-4px) rotate(30deg);\"><\/div>\n<\/div>\n<div style=\"margin-left: auto;\">\n<div style=\"width: 0px; border-top: 8px solid #F4F4F4; border-right: 8px solid transparent; transform: translateY(16px);\"><\/div>\n<div style=\"background-color: #f4f4f4; flex-grow: 0; height: 12px; width: 16px; transform: translateY(-4px);\"><\/div>\n<div style=\"width: 0; height: 0; border-top: 8px solid #F4F4F4; border-left: 8px solid transparent; transform: translateY(-4px) translateX(8px);\"><\/div>\n<\/div>\n<\/div>\n<div style=\"display: flex; flex-direction: column; flex-grow: 1; justify-content: center; margin-bottom: 24px;\">\n<div style=\"background-color: #f4f4f4; border-radius: 4px; flex-grow: 0; height: 14px; margin-bottom: 6px; width: 224px;\"><\/div>\n<div style=\"background-color: #f4f4f4; border-radius: 4px; flex-grow: 0; height: 14px; width: 144px;\"><\/div>\n<\/div>\n<p>&nbsp;<\/p>\n<p style=\"color: #c9c8cd; font-family: Arial,sans-serif; font-size: 14px; line-height: 17px; margin-bottom: 0; margin-top: 8px; overflow: hidden; padding: 8px 0 7px; text-align: center; text-overflow: ellipsis; white-space: nowrap;\"><a style=\"color: #c9c8cd; font-family: Arial,sans-serif; font-size: 14px; font-style: normal; font-weight: normal; line-height: 17px; text-decoration: none;\" href=\"https:\/\/www.instagram.com\/p\/CBQgCHYJ20s\/?utm_source=ig_embed&amp;utm_campaign=loading\" target=\"_blank\" rel=\"noopener\">Uma publica\u00e7\u00e3o compartilhada por Boneca Pretta (@bonecapretta)<\/a><\/p>\n<\/div>\n<\/blockquote>\n<p><script async src=\"\/\/www.instagram.com\/embed.js\"><\/script><\/p>\n<p><span style=\"font-weight: 400;\"><a href=\"https:\/\/rioonwatch.org.br\/wp-content\/uploads\/2021\/10\/Liara-Andrade-muito-feliz-ao-receber-uma-boneca-pretta-da-Mulher-Maravilha.-Foto-por-Luara-Andrade.jpg\"><img loading=\"lazy\" decoding=\"async\" class=\"alignright wp-image-58861\" title=\"Liara Andrade muito feliz ao receber uma boneca pretta da Mulher Maravilha. Foto por Luara Andrade\" src=\"https:\/\/rioonwatch.org.br\/wp-content\/uploads\/2021\/10\/Liara-Andrade-muito-feliz-ao-receber-uma-boneca-pretta-da-Mulher-Maravilha.-Foto-por-Luara-Andrade.jpg\" alt=\"Liara Andrade muito feliz ao receber uma boneca pretta da Mulher Maravilha. Foto por Luara Andrade\" width=\"300\" height=\"493\" srcset=\"https:\/\/rioonwatch.org.br\/wp-content\/uploads\/2021\/10\/Liara-Andrade-muito-feliz-ao-receber-uma-boneca-pretta-da-Mulher-Maravilha.-Foto-por-Luara-Andrade.jpg 657w, https:\/\/rioonwatch.org.br\/wp-content\/uploads\/2021\/10\/Liara-Andrade-muito-feliz-ao-receber-uma-boneca-pretta-da-Mulher-Maravilha.-Foto-por-Luara-Andrade-378x620.jpg 378w, https:\/\/rioonwatch.org.br\/wp-content\/uploads\/2021\/10\/Liara-Andrade-muito-feliz-ao-receber-uma-boneca-pretta-da-Mulher-Maravilha.-Foto-por-Luara-Andrade-383x629.jpg 383w\" sizes=\"(max-width: 300px) 100vw, 300px\" \/><\/a>Cultura, <a href=\"https:\/\/bit.ly\/3wrGTma\" target=\"_blank\" rel=\"noopener\">hist\u00f3ria<\/a>, <a href=\"https:\/\/bit.ly\/3AdhIWw\" target=\"_blank\" rel=\"noopener\">ancestralidade<\/a>, <a href=\"https:\/\/bit.ly\/2Nk9Sab\" target=\"_blank\" rel=\"noopener\">m\u00fasica<\/a>, cotidiano de uma pessoa preta s\u00e3o alguns dos assuntos abordados no perfil do Boneca Pretta no Instagram. <\/span><span style=\"font-weight: 400;\">A representatividade negra \u00e9 uma das formas de combate ao racismo, porque quando <\/span><span style=\"font-weight: 400;\">uma crian\u00e7a preta se reconhece em lugar de protagonismo isso fortalece sua autoestima, fazendo-a acreditar que sonhar \u00e9 poss\u00edvel. Por outro lado, uma crian\u00e7a branca percebe desde sempre que o mundo \u00e9 um lugar diverso, o que apresenta a ela a ideia de pertencimento ao todo e que <a href=\"https:\/\/bit.ly\/3gq2YeD\" target=\"_blank\" rel=\"noopener\">outros fen\u00f3tipos s\u00e3o t\u00e3o valorosos quanto o dela<\/a>. A discuss\u00e3o sobre o racismo precisa fazer parte da <\/span><a href=\"https:\/\/bit.ly\/3p8AoEx\" target=\"_blank\" rel=\"noopener\"><span style=\"font-weight: 400;\">agenda da inf\u00e2ncia<\/span><\/a><span style=\"font-weight: 400;\"> \u00e0 medida que impacta profundamente o processo de constru\u00e7\u00e3o de identidade e subjetividades, informando a maneira pela qual as crian\u00e7as ir\u00e3o navegar o mundo, <a href=\"https:\/\/bit.ly\/3x0X1uH\" target=\"_blank\" rel=\"noopener\">sua vida escolar<\/a> e construir as rela\u00e7\u00f5es umas com as outras.<\/span><\/p>\n<p>A boneca preta cria um mundo ideal n\u00e3o s\u00f3 para crian\u00e7as e adultos pretos, mas para os n\u00e3o-pretos tamb\u00e9m. Desde as princesas que moldaram milhares de meninas por anos at\u00e9 os super-her\u00f3is que desde sempre foram brancos e idolatrados, o debate acerca dos impactos do racismo precisa mais que nunca ser feito por todos, pois afeta todas as crian\u00e7as. H\u00e1 uma tend\u00eancia em se pensar que a quest\u00e3o racial se refere apenas \u00e0 vida das pessoas negras, uma constru\u00e7\u00e3o social a ser problematizada. Crescer e ser educado sem receber informa\u00e7\u00f5es hist\u00f3ricas, geogr\u00e1ficas, sociol\u00f3gicas <a href=\"https:\/\/bit.ly\/3mGKZVT\" target=\"_blank\" rel=\"noopener\">completas acerca da popula\u00e7\u00e3o negra<\/a> impacta todas as crian\u00e7as, negras e brancas, porque naturaliza uma ideia sobre quem tem ou n\u00e3o valor, quem construiu ou n\u00e3o a hist\u00f3ria, quem deve ou n\u00e3o ter respeito.<\/p>\n<p>Com essa atua\u00e7\u00e3o em v\u00e1rios <i>fronts<\/i>, tenho tido um retorno muito positivo e encorajador, que me motiva a continuar produzindo bonecas e postando os conte\u00fados antirracistas no perfil. Recebo muitas mensagens de m\u00e3es agradecendo pelas coisas que foram ensinadas a seus filhos atrav\u00e9s da nossa p\u00e1gina no Instagram, muitos v\u00eddeos de rea\u00e7\u00f5es de crian\u00e7as ao receberem suas bonecas pretas. A identifica\u00e7\u00e3o imediata. A alegria de poder se reconhecer em sua boneca \u00e9 o melhor <em>feedback<\/em> que eu poderia receber. Muita gente preta agradecendo por estar finalmente aprendendo, \u00e0s vezes junto de seus filhos, sobre a pr\u00f3pria cultura.<\/p>\n<p>Fui motivado pela falta de bonecas parecidas com minha m\u00e3e na inf\u00e2ncia dela e, a partir disso, tive o desejo de trazer essa experi\u00eancia para a vida de crian\u00e7as e adultos. Quero satisfazer a crian\u00e7a interior de todos que agora podem ter uma boneca de sua cor ou com o cabelo parecido com o seu. Ver uma crian\u00e7a se reconhecendo no brinquedo, reconhecendo seu cabelo, crian\u00e7as brancas enxergando beleza em bonecas negras e crian\u00e7as negras finalmente se achando lindas e orgulhosas n\u00e3o tem pre\u00e7o. Nada no mundo paga.<\/p>\n<p>Abaixo, a menina Elis recebe, do Boneca Pretta, sua boneca preta vestida de mulher maravilha:<\/p>\n<div style=\"width: 464px;\" class=\"wp-video\"><!--[if lt IE 9]><script>document.createElement('video');<\/script><![endif]-->\n<video class=\"wp-video-shortcode\" id=\"video-58816-1\" width=\"464\" height=\"848\" preload=\"metadata\" controls=\"controls\"><source type=\"video\/mp4\" src=\"https:\/\/rioonwatch.org.br\/wp-content\/uploads\/2021\/11\/VID-Boneca-pretta.mp4?_=1\" \/><a href=\"https:\/\/rioonwatch.org.br\/wp-content\/uploads\/2021\/11\/VID-Boneca-pretta.mp4\">https:\/\/rioonwatch.org.br\/wp-content\/uploads\/2021\/11\/VID-Boneca-pretta.mp4<\/a><\/video><\/div>\n<p>&nbsp;<\/p>\n<h3><strong>Representatividade Negra na Inf\u00e2ncia e a Constru\u00e7\u00e3o de uma Sociedade Antirracista\u00a0<\/strong><\/h3>\n<p><img loading=\"lazy\" decoding=\"async\" class=\"wp-image-59188 alignright\" src=\"https:\/\/rioonwatch.org.br\/wp-content\/uploads\/2021\/11\/Depoimento-Boneca-pretta.jpg\" alt=\"\" width=\"300\" height=\"534\" srcset=\"https:\/\/rioonwatch.org.br\/wp-content\/uploads\/2021\/11\/Depoimento-Boneca-pretta.jpg 750w, https:\/\/rioonwatch.org.br\/wp-content\/uploads\/2021\/11\/Depoimento-Boneca-pretta-349x620.jpg 349w, https:\/\/rioonwatch.org.br\/wp-content\/uploads\/2021\/11\/Depoimento-Boneca-pretta-354x629.jpg 354w\" sizes=\"(max-width: 300px) 100vw, 300px\" \/><\/p>\n<p><span style=\"font-weight: 400;\">Podemos ajudar a transformar a sociedade racista, machista e discriminat\u00f3ria na qual vivemos, ao promover uma conscientiza\u00e7\u00e3o na dire\u00e7\u00e3o de um ambiente social mais igualit\u00e1rio. Nesse sentido, os brinquedos podem funcionar como ve\u00edculo de transforma\u00e7\u00e3o, quando despertamos para suas representa\u00e7\u00f5es visuais e apontamos para al\u00e9m de seus significados enquanto meros objetos de entretenimento. Ao perceber o mundo dos brinquedos como um microcosmo do mundo adulto, como defendia o fil\u00f3sofo e soci\u00f3logo franc\u00eas <\/span><a href=\"https:\/\/bit.ly\/3p0f8R4\" target=\"_blank\" rel=\"noopener\"><span style=\"font-weight: 400;\">Roland Barthes<\/span><\/a><span style=\"font-weight: 400;\">, compreendemos que esse mundo em miniatura tende a refletir o que realmente existe na sociedade real.<\/span><\/p>\n<p><span style=\"font-weight: 400;\">Bonecas pretas constroem categorias e possibilidades de exist\u00eancia para crian\u00e7as negras que, ao se verem como super-her\u00f3is e super-hero\u00ednas, pr\u00edncipes e princesas, profissionais e etc., entendem os locais que podem ocupar nessa sociedade, entendem como s\u00e3o vistos socialmente e at\u00e9 mesmo a hist\u00f3ria de nosso povo na <a href=\"https:\/\/bit.ly\/3o2XsAE\" target=\"_blank\" rel=\"noopener\">di\u00e1spora<\/a>.\u00a0<\/span><\/p>\n<p><span style=\"font-weight: 400;\">Embora aparentemente inofensivos, os brinquedos reproduzem muito bem as opress\u00f5es que forjam uma sociedade. Os brinquedos e brincadeiras ensinam independentemente da escola. Portanto, se nas prateleiras das lojas s\u00f3 h\u00e1 brinquedos de uma cor, de um s\u00f3 biotipo e cabelo<em>\u2014<\/em>que incitam caracter\u00edsticas estereotipadas a respeito de certa <a href=\"https:\/\/bit.ly\/3vHcS2F\" target=\"_blank\" rel=\"noopener\">estrutura familiar cisheteronormativa<\/a>, do papel social dos negros e das mulheres<em>\u2014<\/em>esses ser\u00e3o os modelos que as crian\u00e7as internalizar\u00e3o e ter\u00e3o em suas mentes enquanto crescem. \u00c9 isso que ser\u00e1 reproduzido socialmente por essas crian\u00e7as no caminho para a vida adulta.<\/span><\/p>\n<blockquote class=\"instagram-media\" style=\"background: #FFF; border: 0; border-radius: 3px; box-shadow: 0 0 1px 0 rgba(0,0,0,0.5),0 1px 10px 0 rgba(0,0,0,0.15); margin: 1px; max-width: 540px; min-width: 326px; padding: 0; width: calc(100% - 2px);\" data-instgrm-captioned=\"\" data-instgrm-permalink=\"https:\/\/www.instagram.com\/p\/CH0TgMPpwL8\/?utm_source=ig_embed&amp;utm_campaign=loading\" data-instgrm-version=\"14\">\n<div style=\"padding: 16px;\">\n<p>&nbsp;<\/p>\n<div style=\"display: flex; flex-direction: row; align-items: center;\">\n<div style=\"background-color: #f4f4f4; border-radius: 50%; flex-grow: 0; height: 40px; margin-right: 14px; width: 40px;\"><\/div>\n<div style=\"display: flex; flex-direction: column; flex-grow: 1; justify-content: center;\">\n<div style=\"background-color: #f4f4f4; border-radius: 4px; flex-grow: 0; height: 14px; margin-bottom: 6px; width: 100px;\"><\/div>\n<div style=\"background-color: #f4f4f4; border-radius: 4px; flex-grow: 0; height: 14px; width: 60px;\"><\/div>\n<\/div>\n<\/div>\n<div style=\"padding: 19% 0;\"><\/div>\n<div style=\"display: block; height: 50px; margin: 0 auto 12px; width: 50px;\"><\/div>\n<div style=\"padding-top: 8px;\">\n<div style=\"color: #3897f0; font-family: Arial,sans-serif; font-size: 14px; font-style: normal; font-weight: 550; line-height: 18px;\">View this post on Instagram<\/div>\n<\/div>\n<div style=\"padding: 12.5% 0;\"><\/div>\n<div style=\"display: flex; flex-direction: row; margin-bottom: 14px; align-items: center;\">\n<div>\n<div style=\"background-color: #f4f4f4; border-radius: 50%; height: 12.5px; width: 12.5px; transform: translateX(0px) translateY(7px);\"><\/div>\n<div style=\"background-color: #f4f4f4; height: 12.5px; transform: rotate(-45deg) translateX(3px) translateY(1px); width: 12.5px; flex-grow: 0; margin-right: 14px; margin-left: 2px;\"><\/div>\n<div style=\"background-color: #f4f4f4; border-radius: 50%; height: 12.5px; width: 12.5px; transform: translateX(9px) translateY(-18px);\"><\/div>\n<\/div>\n<div style=\"margin-left: 8px;\">\n<div style=\"background-color: #f4f4f4; border-radius: 50%; flex-grow: 0; height: 20px; width: 20px;\"><\/div>\n<div style=\"width: 0; height: 0; border-top: 2px solid transparent; border-left: 6px solid #F4F4F4; border-bottom: 2px solid transparent; transform: translateX(16px) translateY(-4px) rotate(30deg);\"><\/div>\n<\/div>\n<div style=\"margin-left: auto;\">\n<div style=\"width: 0px; border-top: 8px solid #F4F4F4; border-right: 8px solid transparent; transform: translateY(16px);\"><\/div>\n<div style=\"background-color: #f4f4f4; flex-grow: 0; height: 12px; width: 16px; transform: translateY(-4px);\"><\/div>\n<div style=\"width: 0; height: 0; border-top: 8px solid #F4F4F4; border-left: 8px solid transparent; transform: translateY(-4px) translateX(8px);\"><\/div>\n<\/div>\n<\/div>\n<div style=\"display: flex; flex-direction: column; flex-grow: 1; justify-content: center; margin-bottom: 24px;\">\n<div style=\"background-color: #f4f4f4; border-radius: 4px; flex-grow: 0; height: 14px; margin-bottom: 6px; width: 224px;\"><\/div>\n<div style=\"background-color: #f4f4f4; border-radius: 4px; flex-grow: 0; height: 14px; width: 144px;\"><\/div>\n<\/div>\n<p>&nbsp;<\/p>\n<p style=\"color: #c9c8cd; font-family: Arial,sans-serif; font-size: 14px; line-height: 17px; margin-bottom: 0; margin-top: 8px; overflow: hidden; padding: 8px 0 7px; text-align: center; text-overflow: ellipsis; white-space: nowrap;\"><a style=\"color: #c9c8cd; font-family: Arial,sans-serif; font-size: 14px; font-style: normal; font-weight: normal; line-height: 17px; text-decoration: none;\" href=\"https:\/\/www.instagram.com\/p\/CH0TgMPpwL8\/?utm_source=ig_embed&amp;utm_campaign=loading\" target=\"_blank\" rel=\"noopener\">Uma publica\u00e7\u00e3o compartilhada por Boneca Pretta (@bonecapretta)<\/a><\/p>\n<\/div>\n<\/blockquote>\n<p><script src=\"\/\/www.instagram.com\/embed.js\" async=\"\"><\/script><\/p>\n<p><span style=\"font-weight: 400;\">Boneca Pretta, Cad\u00ea Nossa Boneca e tantas outras iniciativas como<\/span><span style=\"font-weight: 400;\">\u00a0<\/span><a href=\"https:\/\/bit.ly\/2YG4GDL\" target=\"_blank\" rel=\"noopener\"><span style=\"font-weight: 400;\">M\u00e3e de Cria<\/span><\/a><span style=\"font-weight: 400;\"> e <\/span><a href=\"https:\/\/bit.ly\/2LcBRIl\" target=\"_blank\" rel=\"noopener\"><span style=\"font-weight: 400;\">Clube do Livro do Alem\u00e3o<\/span><\/a><span style=\"font-weight: 400;\"> agem para transformar esse caminho, para tornar esse microcosmo do mundo adulto, ao qual s\u00e3o expostas as crian\u00e7as, em um campo mais diverso de possibilidades e exist\u00eancias. A mudan\u00e7a em dire\u00e7\u00e3o a uma sociedade antirracista come\u00e7a pela inf\u00e2ncia e pelo empoderamento do povo negro na sua vis\u00e3o de si e do que lhe \u00e9 poss\u00edvel atingir nesse pa\u00eds. Ao fazer bonecas retintas, com dreads, black powers, her\u00f3is negros da cultura nacional, orix\u00e1s, pessoas com defici\u00eancia e etc., a boneca preta deixa evidente que entende como brincar constr\u00f3i o presente enquanto muda o amanh\u00e3.\u00a0<\/span><\/p>\n<p><a href=\"https:\/\/rioonwatch.org.br\/wp-content\/uploads\/2021\/10\/Bonecas-que-representam-a-mulher-negra-em-sua-diversidade.-Foto-por-@bonecapretta-scaled.jpeg\"><img loading=\"lazy\" decoding=\"async\" class=\"wp-image-58820 aligncenter\" title=\"Bonecas que representam a mulher negra em sua diversidade. Foto por @bonecapretta\" src=\"https:\/\/rioonwatch.org.br\/wp-content\/uploads\/2021\/10\/Bonecas-que-representam-a-mulher-negra-em-sua-diversidade.-Foto-por-@bonecapretta-scaled.jpeg\" alt=\"Bonecas que representam a mulher negra em sua diversidade. Foto por @bonecapretta\" width=\"1030\" height=\"1030\" srcset=\"https:\/\/rioonwatch.org.br\/wp-content\/uploads\/2021\/10\/Bonecas-que-representam-a-mulher-negra-em-sua-diversidade.-Foto-por-@bonecapretta-scaled.jpeg 2560w, https:\/\/rioonwatch.org.br\/wp-content\/uploads\/2021\/10\/Bonecas-que-representam-a-mulher-negra-em-sua-diversidade.-Foto-por-@bonecapretta-620x620.jpeg 620w, https:\/\/rioonwatch.org.br\/wp-content\/uploads\/2021\/10\/Bonecas-que-representam-a-mulher-negra-em-sua-diversidade.-Foto-por-@bonecapretta-629x629.jpeg 629w, https:\/\/rioonwatch.org.br\/wp-content\/uploads\/2021\/10\/Bonecas-que-representam-a-mulher-negra-em-sua-diversidade.-Foto-por-@bonecapretta-768x768.jpeg 768w, https:\/\/rioonwatch.org.br\/wp-content\/uploads\/2021\/10\/Bonecas-que-representam-a-mulher-negra-em-sua-diversidade.-Foto-por-@bonecapretta-1536x1536.jpeg 1536w, https:\/\/rioonwatch.org.br\/wp-content\/uploads\/2021\/10\/Bonecas-que-representam-a-mulher-negra-em-sua-diversidade.-Foto-por-@bonecapretta-2048x2048.jpeg 2048w\" sizes=\"(max-width: 1030px) 100vw, 1030px\" \/><\/a><\/p>\n<p><em>Sobre o autor: <a href=\"https:\/\/bit.ly\/3aHcHdH\" target=\"_blank\" rel=\"noopener\">Luan Nascimento<\/a>, morador do Morro do INPS, localizado na <a href=\"https:\/\/bit.ly\/303L5v0\" target=\"_blank\" rel=\"noopener\">Ilha do Governador<\/a>, \u00e9 estudante de Biblioteconomia na <a href=\"http:\/\/bit.ly\/2KgADIe\" target=\"_blank\" rel=\"noopener\">UFRJ<\/a>. Desde crian\u00e7a, envolveu-se com o carnaval desfilando pela <a href=\"https:\/\/bit.ly\/2YKvBhP\" target=\"_blank\" rel=\"noopener\">GRES Uni\u00e3o da Ilha do Governador<\/a>. Em 2018 estagiou no barrac\u00e3o da <a href=\"https:\/\/bit.ly\/3AFUWGc\" target=\"_blank\" rel=\"noopener\">GRES Mocidade Independente de Padre Miguel<\/a>, e depois dessa experi\u00eancia, criou a conta de Instagram Boneca Pretta em que semanalmente faz postagens enaltecendo aspectos da cultura afro-brasileira.<\/em><\/p>\n<p><em>Colabora\u00e7\u00e3o: Adriana da Silva Bezerra, moradora do Morro do INPS, localizado na Ilha do Governador, \u00e9 formada em Enfermagem e Radiologia. Al\u00e9m de integrar a equipe da Boneca Pretta, ela tem um projeto, ainda sem nome, onde entrega semanalmente comida para moradores de rua pelos bairros da Ilha do Governador.<\/em><\/p>\n<p><em>Sobre a artista:\u00a0<a href=\"https:\/\/bit.ly\/3hw17Vu\" target=\"_blank\" rel=\"noopener\">Raquel Batista<\/a>\u00a0\u00e9 artista visual e\u00a0<a href=\"https:\/\/bit.ly\/2WWA8Jd\" target=\"_blank\" rel=\"noopener\">trabalha como fot\u00f3grafa<\/a>\u00a0e\u00a0<a href=\"https:\/\/bit.ly\/2JzGE5K\" target=\"_blank\" rel=\"noopener\">ilustradora<\/a>. \u00c9 estudante na Escola de Belas Artes da\u00a0UFRJ, mulher negra e moradora da\u00a0<a href=\"http:\/\/bit.ly\/2x3k8bw\" target=\"_blank\" rel=\"noopener\">Zona Oeste<\/a> do Rio.<\/em><\/p>\n<p><em>Esta mat\u00e9ria faz parte da\u00a0<a href=\"https:\/\/bit.ly\/SerieAntirracista\" rel=\"noopener\">s\u00e9rie antirracista do RioOnWatch<\/a>.<i data-stringify-type=\"italic\">\u00a0<\/i>Conhe\u00e7a o nosso projeto que trouxe conte\u00fados midi\u00e1ticos semanais ao longo de 2021:\u00a0<i><a href=\"http:\/\/bit.ly\/EnraizandoIntro\" rel=\"noopener\">Enraizando o Antirracismo nas Favelas<\/a>.<\/i><\/em><\/p>\n<h4><b data-stringify-type=\"bold\">Compartilhe com a gente a sua opini\u00e3o sobre essa mat\u00e9ria\u00a0<\/b><b data-stringify-type=\"bold\"><a class=\"c-link\" href=\"https:\/\/bit.ly\/OpineAntirracismo\" target=\"_blank\" rel=\"noopener noreferrer\" data-stringify-link=\"https:\/\/docs.google.com\/forms\/d\/e\/1FAIpQLSc6PJwxQ0eapYlfSfsr8fyibg8ODzXKpGhJjXe2-8Bbxrtp1g\/viewform\" data-sk=\"tooltip_parent\">clicando aqui<\/a>.<\/b><\/h4>\n<hr \/>\n<h4><b data-stringify-type=\"bold\">Apoie nossos esfor\u00e7os para fornecer apoio estrat\u00e9gico \u00e0s favelas do Rio, incluindo o jornalismo hiperlocal, cr\u00edtico, inovador e incans\u00e1vel do\u00a0<\/b><b data-stringify-type=\"bold\"><i data-stringify-type=\"italic\">RioOnWatch<\/i><\/b>\u2014<a class=\"c-link\" href=\"http:\/\/www.bit.ly\/ApoieROW\" target=\"_blank\" rel=\"noopener noreferrer\" data-stringify-link=\"http:\/\/www.bit.ly\/ApoieROW\" data-sk=\"tooltip_parent\">doe aqui<\/a>.<\/h4>\n<!-- AddThis Advanced Settings generic via filter on the_content --><!-- AddThis Share Buttons generic via filter on the_content -->","protected":false},"excerpt":{"rendered":"<div class=\"mh-excerpt\"><p>Click Here for English Esta mat\u00e9ria faz parte da s\u00e9rie antirracista do RioOnWatch e tamb\u00e9m de uma parceria com o N\u00facleo de Estudos Cr\u00edticos em Linguagem, Educa\u00e7\u00e3o e Sociedade (NECLES), da UFF, para que seja <a class=\"mh-excerpt-more\" href=\"https:\/\/rioonwatch.org.br\/?p=58816\" title=\"Boneca Pretta: Representatividade nos Brinquedos Empodera e Aumenta Autoestima de Crian\u00e7as Negras #DesenraizandoRacismo\">[&#8230;]<\/a><!-- AddThis Advanced Settings generic via filter on get_the_excerpt --><!-- AddThis Share Buttons generic via filter on get_the_excerpt --><\/p>\n<\/div>","protected":false},"author":173,"featured_media":59009,"comment_status":"closed","ping_status":"closed","sticky":false,"template":"template-full.php","format":"standard","meta":{"_acf_changed":false,"_monsterinsights_skip_tracking":false,"_monsterinsights_sitenote_active":false,"_monsterinsights_sitenote_note":"","_monsterinsights_sitenote_category":0,"footnotes":""},"categories":[1621,1615,1625,342],"tags":[386,3253,1361,2980,81,513,333,876,1643,316,688,2689,42,2219,1398,915,1970,2432,2974,2959,218],"writer":[3102],"translator":[],"source":[],"ilustrador":[3101],"fotografo":[],"class_list":{"0":"post-58816","1":"post","2":"type-post","3":"status-publish","4":"format-standard","5":"has-post-thumbnail","7":"category-destaque","8":"category-cultura-da-favela","9":"category-por-correspondentes-comunitarios","10":"category-solucoes","11":"tag-estigma","12":"tag-antirracismo","13":"tag-autoestima","14":"tag-branquitude","15":"tag-cultura","16":"tag-cultura-afro-brasileira","17":"tag-diaspora","18":"tag-direitos-da-crianca","19":"tag-diversidade","20":"tag-educacao","21":"tag-empoderamento","22":"tag-estatuto-da-crianca-e-do-adolescente","23":"tag-genero","24":"tag-ilha-do-governador","25":"tag-lgbt","26":"tag-mes-da-consciencia-negra","27":"tag-negritude","28":"tag-representatividade","29":"tag-serie-antirracismo","30":"tag-serie-parceria-com-necles-uff","31":"tag-zona-norte","32":"writer-luan-nascimento","33":"ilustrador-raquel-batista"},"acf":[],"yoast_head":"<!-- This site is optimized with the Yoast SEO plugin v25.6 - https:\/\/yoast.com\/wordpress\/plugins\/seo\/ -->\n<title>Boneca Pretta: Representatividade nos Brinquedos Empodera e Aumenta Autoestima de Crian\u00e7as Negras #DesenraizandoRacismo - RioOnWatch<\/title>\n<meta name=\"robots\" content=\"index, follow, max-snippet:-1, max-image-preview:large, max-video-preview:-1\" \/>\n<link rel=\"canonical\" href=\"https:\/\/rioonwatch.org.br\/?p=58816\" \/>\n<meta property=\"og:locale\" content=\"pt_BR\" \/>\n<meta property=\"og:type\" content=\"article\" \/>\n<meta property=\"og:title\" content=\"Boneca Pretta: Representatividade nos Brinquedos Empodera e Aumenta Autoestima de Crian\u00e7as Negras #DesenraizandoRacismo - RioOnWatch\" \/>\n<meta property=\"og:description\" content=\"Click Here for English Esta mat\u00e9ria faz parte da s\u00e9rie antirracista do RioOnWatch e tamb\u00e9m de uma parceria com o N\u00facleo de Estudos Cr\u00edticos em Linguagem, Educa\u00e7\u00e3o e Sociedade (NECLES), da UFF, para que seja [...]\" \/>\n<meta property=\"og:url\" content=\"https:\/\/rioonwatch.org.br\/?p=58816\" \/>\n<meta property=\"og:site_name\" content=\"RioOnWatch\" \/>\n<meta property=\"article:published_time\" content=\"2021-11-11T14:59:29+00:00\" \/>\n<meta property=\"article:modified_time\" content=\"2024-07-10T12:32:58+00:00\" \/>\n<meta property=\"og:image\" content=\"https:\/\/rioonwatch.org.br\/wp-content\/uploads\/2021\/10\/Arte-original-por-Rachel-Batista-1030x439.png\" \/>\n\t<meta property=\"og:image:width\" content=\"1030\" \/>\n\t<meta property=\"og:image:height\" content=\"439\" \/>\n\t<meta property=\"og:image:type\" content=\"image\/png\" \/>\n<meta name=\"author\" content=\"Jaqueline Suarez\" \/>\n<meta name=\"twitter:card\" content=\"summary_large_image\" \/>\n<meta name=\"twitter:label1\" content=\"Escrito por\" \/>\n\t<meta name=\"twitter:data1\" content=\"Jaqueline Suarez\" \/>\n\t<meta name=\"twitter:label2\" content=\"Est. tempo de leitura\" \/>\n\t<meta name=\"twitter:data2\" content=\"15 minutos\" \/>\n<script type=\"application\/ld+json\" class=\"yoast-schema-graph\">{\"@context\":\"https:\/\/schema.org\",\"@graph\":[{\"@type\":\"Article\",\"@id\":\"https:\/\/rioonwatch.org.br\/?p=58816#article\",\"isPartOf\":{\"@id\":\"https:\/\/rioonwatch.org.br\/?p=58816\"},\"author\":{\"name\":\"Jaqueline Suarez\",\"@id\":\"https:\/\/rioonwatch.org.br\/#\/schema\/person\/27a3e25cbd933699e83d02c984584792\"},\"headline\":\"Boneca Pretta: Representatividade nos Brinquedos Empodera e Aumenta Autoestima de Crian\u00e7as Negras #DesenraizandoRacismo\",\"datePublished\":\"2021-11-11T14:59:29+00:00\",\"dateModified\":\"2024-07-10T12:32:58+00:00\",\"mainEntityOfPage\":{\"@id\":\"https:\/\/rioonwatch.org.br\/?p=58816\"},\"wordCount\":3080,\"publisher\":{\"@id\":\"https:\/\/rioonwatch.org.br\/#organization\"},\"image\":{\"@id\":\"https:\/\/rioonwatch.org.br\/?p=58816#primaryimage\"},\"thumbnailUrl\":\"https:\/\/rioonwatch.org.br\/wp-content\/uploads\/2021\/10\/Arte-original-por-Rachel-Batista.png\",\"keywords\":[\"#StopFavelaStigma\",\"Antirracismo\",\"autoestima\",\"branquitude\",\"cultura\",\"Cultura Afro-brasileira\",\"Di\u00e1spora Africana\",\"direitos da crian\u00e7a\",\"diversidade\",\"educa\u00e7\u00e3o\",\"empoderamento\",\"Estatuto da Crian\u00e7a e do Adolescente\",\"g\u00eanero\",\"Ilha do Governador\",\"LGBTQIAPN+\",\"M\u00eas da Consci\u00eancia Negra\",\"negritude\",\"representatividade\",\"S\u00e9rie: Antirracismo\",\"S\u00e9rie: Parceria com NECLES\/UFF\",\"Zona Norte\"],\"articleSection\":[\"*Destaque\",\"Cultura da Favela\",\"Escrito por Comunicadores Populares\",\"Solu\u00e7\u00f5es\"],\"inLanguage\":\"pt-BR\"},{\"@type\":\"WebPage\",\"@id\":\"https:\/\/rioonwatch.org.br\/?p=58816\",\"url\":\"https:\/\/rioonwatch.org.br\/?p=58816\",\"name\":\"Boneca Pretta: Representatividade nos Brinquedos Empodera e Aumenta Autoestima de Crian\u00e7as Negras #DesenraizandoRacismo - RioOnWatch\",\"isPartOf\":{\"@id\":\"https:\/\/rioonwatch.org.br\/#website\"},\"primaryImageOfPage\":{\"@id\":\"https:\/\/rioonwatch.org.br\/?p=58816#primaryimage\"},\"image\":{\"@id\":\"https:\/\/rioonwatch.org.br\/?p=58816#primaryimage\"},\"thumbnailUrl\":\"https:\/\/rioonwatch.org.br\/wp-content\/uploads\/2021\/10\/Arte-original-por-Rachel-Batista.png\",\"datePublished\":\"2021-11-11T14:59:29+00:00\",\"dateModified\":\"2024-07-10T12:32:58+00:00\",\"breadcrumb\":{\"@id\":\"https:\/\/rioonwatch.org.br\/?p=58816#breadcrumb\"},\"inLanguage\":\"pt-BR\",\"potentialAction\":[{\"@type\":\"ReadAction\",\"target\":[\"https:\/\/rioonwatch.org.br\/?p=58816\"]}]},{\"@type\":\"ImageObject\",\"inLanguage\":\"pt-BR\",\"@id\":\"https:\/\/rioonwatch.org.br\/?p=58816#primaryimage\",\"url\":\"https:\/\/rioonwatch.org.br\/wp-content\/uploads\/2021\/10\/Arte-original-por-Rachel-Batista.png\",\"contentUrl\":\"https:\/\/rioonwatch.org.br\/wp-content\/uploads\/2021\/10\/Arte-original-por-Rachel-Batista.png\",\"width\":4960,\"height\":2112,\"caption\":\"Arte original por Raquel Batista\"},{\"@type\":\"BreadcrumbList\",\"@id\":\"https:\/\/rioonwatch.org.br\/?p=58816#breadcrumb\",\"itemListElement\":[{\"@type\":\"ListItem\",\"position\":1,\"name\":\"In\u00edcio\",\"item\":\"https:\/\/rioonwatch.org.br\/\"},{\"@type\":\"ListItem\",\"position\":2,\"name\":\"Boneca Pretta: Representatividade nos Brinquedos Empodera e Aumenta Autoestima de Crian\u00e7as Negras #DesenraizandoRacismo\"}]},{\"@type\":\"WebSite\",\"@id\":\"https:\/\/rioonwatch.org.br\/#website\",\"url\":\"https:\/\/rioonwatch.org.br\/\",\"name\":\"RioOnWatch\",\"description\":\"relatos das favelas cariocas\",\"publisher\":{\"@id\":\"https:\/\/rioonwatch.org.br\/#organization\"},\"potentialAction\":[{\"@type\":\"SearchAction\",\"target\":{\"@type\":\"EntryPoint\",\"urlTemplate\":\"https:\/\/rioonwatch.org.br\/?s={search_term_string}\"},\"query-input\":{\"@type\":\"PropertyValueSpecification\",\"valueRequired\":true,\"valueName\":\"search_term_string\"}}],\"inLanguage\":\"pt-BR\"},{\"@type\":\"Organization\",\"@id\":\"https:\/\/rioonwatch.org.br\/#organization\",\"name\":\"RioOnWatch\",\"url\":\"https:\/\/rioonwatch.org.br\/\",\"logo\":{\"@type\":\"ImageObject\",\"inLanguage\":\"pt-BR\",\"@id\":\"https:\/\/rioonwatch.org.br\/#\/schema\/logo\/image\/\",\"url\":\"https:\/\/rioonwatch.org.br\/wp-content\/uploads\/2021\/06\/RioOnWatchcabecalhoPT11anos-2.png\",\"contentUrl\":\"https:\/\/rioonwatch.org.br\/wp-content\/uploads\/2021\/06\/RioOnWatchcabecalhoPT11anos-2.png\",\"width\":779,\"height\":277,\"caption\":\"RioOnWatch\"},\"image\":{\"@id\":\"https:\/\/rioonwatch.org.br\/#\/schema\/logo\/image\/\"}},{\"@type\":\"Person\",\"@id\":\"https:\/\/rioonwatch.org.br\/#\/schema\/person\/27a3e25cbd933699e83d02c984584792\",\"name\":\"Jaqueline Suarez\",\"image\":{\"@type\":\"ImageObject\",\"inLanguage\":\"pt-BR\",\"@id\":\"https:\/\/rioonwatch.org.br\/#\/schema\/person\/image\/\",\"url\":\"https:\/\/secure.gravatar.com\/avatar\/7ea8c4643047d9478a10b734302473c0?s=96&d=blank&r=g\",\"contentUrl\":\"https:\/\/secure.gravatar.com\/avatar\/7ea8c4643047d9478a10b734302473c0?s=96&d=blank&r=g\",\"caption\":\"Jaqueline Suarez\"},\"url\":\"https:\/\/rioonwatch.org.br\/?author=173\"}]}<\/script>\n<!-- \/ Yoast SEO plugin. -->","yoast_head_json":{"title":"Boneca Pretta: Representatividade nos Brinquedos Empodera e Aumenta Autoestima de Crian\u00e7as Negras #DesenraizandoRacismo - RioOnWatch","robots":{"index":"index","follow":"follow","max-snippet":"max-snippet:-1","max-image-preview":"max-image-preview:large","max-video-preview":"max-video-preview:-1"},"canonical":"https:\/\/rioonwatch.org.br\/?p=58816","og_locale":"pt_BR","og_type":"article","og_title":"Boneca Pretta: Representatividade nos Brinquedos Empodera e Aumenta Autoestima de Crian\u00e7as Negras #DesenraizandoRacismo - RioOnWatch","og_description":"Click Here for English Esta mat\u00e9ria faz parte da s\u00e9rie antirracista do RioOnWatch e tamb\u00e9m de uma parceria com o N\u00facleo de Estudos Cr\u00edticos em Linguagem, Educa\u00e7\u00e3o e Sociedade (NECLES), da UFF, para que seja [...]","og_url":"https:\/\/rioonwatch.org.br\/?p=58816","og_site_name":"RioOnWatch","article_published_time":"2021-11-11T14:59:29+00:00","article_modified_time":"2024-07-10T12:32:58+00:00","og_image":[{"width":1030,"height":439,"url":"https:\/\/rioonwatch.org.br\/wp-content\/uploads\/2021\/10\/Arte-original-por-Rachel-Batista-1030x439.png","type":"image\/png"}],"author":"Jaqueline Suarez","twitter_card":"summary_large_image","twitter_misc":{"Escrito por":"Jaqueline Suarez","Est. tempo de leitura":"15 minutos"},"schema":{"@context":"https:\/\/schema.org","@graph":[{"@type":"Article","@id":"https:\/\/rioonwatch.org.br\/?p=58816#article","isPartOf":{"@id":"https:\/\/rioonwatch.org.br\/?p=58816"},"author":{"name":"Jaqueline Suarez","@id":"https:\/\/rioonwatch.org.br\/#\/schema\/person\/27a3e25cbd933699e83d02c984584792"},"headline":"Boneca Pretta: Representatividade nos Brinquedos Empodera e Aumenta Autoestima de Crian\u00e7as Negras #DesenraizandoRacismo","datePublished":"2021-11-11T14:59:29+00:00","dateModified":"2024-07-10T12:32:58+00:00","mainEntityOfPage":{"@id":"https:\/\/rioonwatch.org.br\/?p=58816"},"wordCount":3080,"publisher":{"@id":"https:\/\/rioonwatch.org.br\/#organization"},"image":{"@id":"https:\/\/rioonwatch.org.br\/?p=58816#primaryimage"},"thumbnailUrl":"https:\/\/rioonwatch.org.br\/wp-content\/uploads\/2021\/10\/Arte-original-por-Rachel-Batista.png","keywords":["#StopFavelaStigma","Antirracismo","autoestima","branquitude","cultura","Cultura Afro-brasileira","Di\u00e1spora Africana","direitos da crian\u00e7a","diversidade","educa\u00e7\u00e3o","empoderamento","Estatuto da Crian\u00e7a e do Adolescente","g\u00eanero","Ilha do Governador","LGBTQIAPN+","M\u00eas da Consci\u00eancia Negra","negritude","representatividade","S\u00e9rie: Antirracismo","S\u00e9rie: Parceria com NECLES\/UFF","Zona Norte"],"articleSection":["*Destaque","Cultura da Favela","Escrito por Comunicadores Populares","Solu\u00e7\u00f5es"],"inLanguage":"pt-BR"},{"@type":"WebPage","@id":"https:\/\/rioonwatch.org.br\/?p=58816","url":"https:\/\/rioonwatch.org.br\/?p=58816","name":"Boneca Pretta: Representatividade nos Brinquedos Empodera e Aumenta Autoestima de Crian\u00e7as Negras #DesenraizandoRacismo - RioOnWatch","isPartOf":{"@id":"https:\/\/rioonwatch.org.br\/#website"},"primaryImageOfPage":{"@id":"https:\/\/rioonwatch.org.br\/?p=58816#primaryimage"},"image":{"@id":"https:\/\/rioonwatch.org.br\/?p=58816#primaryimage"},"thumbnailUrl":"https:\/\/rioonwatch.org.br\/wp-content\/uploads\/2021\/10\/Arte-original-por-Rachel-Batista.png","datePublished":"2021-11-11T14:59:29+00:00","dateModified":"2024-07-10T12:32:58+00:00","breadcrumb":{"@id":"https:\/\/rioonwatch.org.br\/?p=58816#breadcrumb"},"inLanguage":"pt-BR","potentialAction":[{"@type":"ReadAction","target":["https:\/\/rioonwatch.org.br\/?p=58816"]}]},{"@type":"ImageObject","inLanguage":"pt-BR","@id":"https:\/\/rioonwatch.org.br\/?p=58816#primaryimage","url":"https:\/\/rioonwatch.org.br\/wp-content\/uploads\/2021\/10\/Arte-original-por-Rachel-Batista.png","contentUrl":"https:\/\/rioonwatch.org.br\/wp-content\/uploads\/2021\/10\/Arte-original-por-Rachel-Batista.png","width":4960,"height":2112,"caption":"Arte original por Raquel Batista"},{"@type":"BreadcrumbList","@id":"https:\/\/rioonwatch.org.br\/?p=58816#breadcrumb","itemListElement":[{"@type":"ListItem","position":1,"name":"In\u00edcio","item":"https:\/\/rioonwatch.org.br\/"},{"@type":"ListItem","position":2,"name":"Boneca Pretta: Representatividade nos Brinquedos Empodera e Aumenta Autoestima de Crian\u00e7as Negras #DesenraizandoRacismo"}]},{"@type":"WebSite","@id":"https:\/\/rioonwatch.org.br\/#website","url":"https:\/\/rioonwatch.org.br\/","name":"RioOnWatch","description":"relatos das favelas cariocas","publisher":{"@id":"https:\/\/rioonwatch.org.br\/#organization"},"potentialAction":[{"@type":"SearchAction","target":{"@type":"EntryPoint","urlTemplate":"https:\/\/rioonwatch.org.br\/?s={search_term_string}"},"query-input":{"@type":"PropertyValueSpecification","valueRequired":true,"valueName":"search_term_string"}}],"inLanguage":"pt-BR"},{"@type":"Organization","@id":"https:\/\/rioonwatch.org.br\/#organization","name":"RioOnWatch","url":"https:\/\/rioonwatch.org.br\/","logo":{"@type":"ImageObject","inLanguage":"pt-BR","@id":"https:\/\/rioonwatch.org.br\/#\/schema\/logo\/image\/","url":"https:\/\/rioonwatch.org.br\/wp-content\/uploads\/2021\/06\/RioOnWatchcabecalhoPT11anos-2.png","contentUrl":"https:\/\/rioonwatch.org.br\/wp-content\/uploads\/2021\/06\/RioOnWatchcabecalhoPT11anos-2.png","width":779,"height":277,"caption":"RioOnWatch"},"image":{"@id":"https:\/\/rioonwatch.org.br\/#\/schema\/logo\/image\/"}},{"@type":"Person","@id":"https:\/\/rioonwatch.org.br\/#\/schema\/person\/27a3e25cbd933699e83d02c984584792","name":"Jaqueline Suarez","image":{"@type":"ImageObject","inLanguage":"pt-BR","@id":"https:\/\/rioonwatch.org.br\/#\/schema\/person\/image\/","url":"https:\/\/secure.gravatar.com\/avatar\/7ea8c4643047d9478a10b734302473c0?s=96&d=blank&r=g","contentUrl":"https:\/\/secure.gravatar.com\/avatar\/7ea8c4643047d9478a10b734302473c0?s=96&d=blank&r=g","caption":"Jaqueline Suarez"},"url":"https:\/\/rioonwatch.org.br\/?author=173"}]}},"_links":{"self":[{"href":"https:\/\/rioonwatch.org.br\/index.php?rest_route=\/wp\/v2\/posts\/58816"}],"collection":[{"href":"https:\/\/rioonwatch.org.br\/index.php?rest_route=\/wp\/v2\/posts"}],"about":[{"href":"https:\/\/rioonwatch.org.br\/index.php?rest_route=\/wp\/v2\/types\/post"}],"author":[{"embeddable":true,"href":"https:\/\/rioonwatch.org.br\/index.php?rest_route=\/wp\/v2\/users\/173"}],"replies":[{"embeddable":true,"href":"https:\/\/rioonwatch.org.br\/index.php?rest_route=%2Fwp%2Fv2%2Fcomments&post=58816"}],"version-history":[{"count":89,"href":"https:\/\/rioonwatch.org.br\/index.php?rest_route=\/wp\/v2\/posts\/58816\/revisions"}],"predecessor-version":[{"id":60646,"href":"https:\/\/rioonwatch.org.br\/index.php?rest_route=\/wp\/v2\/posts\/58816\/revisions\/60646"}],"wp:featuredmedia":[{"embeddable":true,"href":"https:\/\/rioonwatch.org.br\/index.php?rest_route=\/wp\/v2\/media\/59009"}],"wp:attachment":[{"href":"https:\/\/rioonwatch.org.br\/index.php?rest_route=%2Fwp%2Fv2%2Fmedia&parent=58816"}],"wp:term":[{"taxonomy":"category","embeddable":true,"href":"https:\/\/rioonwatch.org.br\/index.php?rest_route=%2Fwp%2Fv2%2Fcategories&post=58816"},{"taxonomy":"post_tag","embeddable":true,"href":"https:\/\/rioonwatch.org.br\/index.php?rest_route=%2Fwp%2Fv2%2Ftags&post=58816"},{"taxonomy":"writer","embeddable":true,"href":"https:\/\/rioonwatch.org.br\/index.php?rest_route=%2Fwp%2Fv2%2Fwriter&post=58816"},{"taxonomy":"translator","embeddable":true,"href":"https:\/\/rioonwatch.org.br\/index.php?rest_route=%2Fwp%2Fv2%2Ftranslator&post=58816"},{"taxonomy":"source","embeddable":true,"href":"https:\/\/rioonwatch.org.br\/index.php?rest_route=%2Fwp%2Fv2%2Fsource&post=58816"},{"taxonomy":"ilustrador","embeddable":true,"href":"https:\/\/rioonwatch.org.br\/index.php?rest_route=%2Fwp%2Fv2%2Filustrador&post=58816"},{"taxonomy":"fotografo","embeddable":true,"href":"https:\/\/rioonwatch.org.br\/index.php?rest_route=%2Fwp%2Fv2%2Ffotografo&post=58816"}],"curies":[{"name":"wp","href":"https:\/\/api.w.org\/{rel}","templated":true}]}}