{"id":59064,"date":"2021-11-20T15:06:41","date_gmt":"2021-11-20T18:06:41","guid":{"rendered":"https:\/\/rioonwatch.org.br\/?p=59064"},"modified":"2026-01-24T15:39:00","modified_gmt":"2026-01-24T18:39:00","slug":"racismo-e-o-oficio-de-empregada-domestica-podcast-desenraizandoracismo","status":"publish","type":"post","link":"https:\/\/rioonwatch.org.br\/?p=59064","title":{"rendered":"Racismo e o Of\u00edcio de Empregada Dom\u00e9stica [PODCAST]"},"content":{"rendered":"<figure id=\"attachment_59076\" aria-describedby=\"caption-attachment-59076\" style=\"width: 1280px\" class=\"wp-caption aligncenter\"><a href=\"https:\/\/rioonwatch.org.br\/wp-content\/uploads\/2021\/10\/Arte-original-por-Raquel-Batista.jpeg\"><img fetchpriority=\"high\" decoding=\"async\" class=\"size-full wp-image-59076\" src=\"https:\/\/rioonwatch.org.br\/wp-content\/uploads\/2021\/10\/Arte-original-por-Raquel-Batista.jpeg\" alt=\"Arte original por Raquel Batista\" width=\"1280\" height=\"545\" srcset=\"https:\/\/rioonwatch.org.br\/wp-content\/uploads\/2021\/10\/Arte-original-por-Raquel-Batista.jpeg 1280w, https:\/\/rioonwatch.org.br\/wp-content\/uploads\/2021\/10\/Arte-original-por-Raquel-Batista-620x264.jpeg 620w, https:\/\/rioonwatch.org.br\/wp-content\/uploads\/2021\/10\/Arte-original-por-Raquel-Batista-1030x438.jpeg 1030w, https:\/\/rioonwatch.org.br\/wp-content\/uploads\/2021\/10\/Arte-original-por-Raquel-Batista-768x327.jpeg 768w\" sizes=\"(max-width: 1280px) 100vw, 1280px\" \/><\/a><figcaption id=\"caption-attachment-59076\" class=\"wp-caption-text\">Arte original por Raquel Batista<\/figcaption><\/figure>\n<p style=\"text-align: right;\"><em><strong><a href=\"https:\/\/bit.ly\/3JVQb0g\" target=\"_blank\" rel=\"noopener noreferrer\">Click Here for English<\/a><a href=\"https:\/\/bit.ly\/3JVQb0g\" target=\"_blank\" rel=\"noopener noreferrer\"><img decoding=\"async\" class=\"alignright wp-image-15790\" src=\"http:\/\/rioonwatch.org.br\/wp-content\/uploads\/2012\/08\/EN-standard-e1439583104716.jpg\" alt=\"\" width=\"20\" height=\"20\" \/><\/a><\/strong><\/em><\/p>\n<p><i>Este mat\u00e9ria<em>\u00a0<\/em>faz parte da s\u00e9rie antirracista do RioOnWatch.<\/i><i>\u00a0Especialmente neste m\u00eas, que celebramos a\u00a0<em><a href=\"http:\/\/bit.ly\/2XCc5is\" rel=\"noopener noreferrer\">Consci\u00eancia Negra<\/a><\/em>, convidamos voc\u00ea a conhecer o nosso projeto que trouxe conte\u00fados midi\u00e1ticos semanais ao longo de 2021\u2014<\/i><a href=\"https:\/\/bit.ly\/SerieAntirracista\" rel=\"noopener\"><i>Enraizando o Antirracismo nas Favelas: Desconstruindo Narrativas Sociais sobre Racismo no Rio de Janeiro<\/i><\/a>.<\/p>\n<p><iframe src=\"https:\/\/w.soundcloud.com\/player\/?url=https%3A\/\/api.soundcloud.com\/tracks\/1163385757&amp;color=%23ff5500&amp;auto_play=false&amp;hide_related=false&amp;show_comments=true&amp;show_user=true&amp;show_reposts=false&amp;show_teaser=true\" width=\"100%\" height=\"166\" frameborder=\"no\" scrolling=\"no\"><\/iframe><\/p>\n<div style=\"font-size: 10px; color: #cccccc; line-break: anywhere; word-break: normal; overflow: hidden; white-space: nowrap; text-overflow: ellipsis; font-family: Interstate,Lucida Grande,Lucida Sans Unicode,Lucida Sans,Garuda,Verdana,Tahoma,sans-serif; font-weight: 100;\"><span style=\"color: #333333;\"><a style=\"text-decoration: none; color: #333333;\" title=\"Racismo e o Of\u00edcio de Empregada Dom\u00e9stica [PODCAST]\" href=\"https:\/\/soundcloud.com\/user-378739040\/racismo-e-o-oficio-de-empregada-domestica-podcast\" target=\"_blank\" rel=\"noopener\">Ou\u00e7a o podcast desta mat\u00e9ria no <\/a><\/span><a class=\"c-link\" href=\"https:\/\/bit.ly\/328h2FQ\" target=\"_blank\" rel=\"noopener noreferrer\" data-stringify-link=\"https:\/\/bit.ly\/328h2FQ\" data-sk=\"tooltip_parent\">SoundCloud<\/a><span style=\"color: #333333;\"><a style=\"color: #333333; text-decoration: none;\" title=\"Racismo e o Of\u00edcio de Empregada Dom\u00e9stica [PODCAST]\" href=\"https:\/\/soundcloud.com\/user-378739040\/racismo-e-o-oficio-de-empregada-domestica-podcast\" target=\"_blank\" rel=\"noopener\">,\u00a0<\/a><\/span><a class=\"c-link\" href=\"https:\/\/spoti.fi\/3FvZrWJ\" target=\"_blank\" rel=\"noopener noreferrer\" data-stringify-link=\"https:\/\/spoti.fi\/3FvZrWJ\" data-sk=\"tooltip_parent\">Spotify<\/a><a style=\"color: #cccccc; text-decoration: none;\" title=\"Racismo e o Of\u00edcio de Empregada Dom\u00e9stica [PODCAST]\" href=\"https:\/\/soundcloud.com\/user-378739040\/racismo-e-o-oficio-de-empregada-domestica-podcast\" target=\"_blank\" rel=\"noopener\"><span style=\"color: #333333;\">,<\/span>\u00a0<\/a><a class=\"c-link\" href=\"https:\/\/bit.ly\/3r9fBSj\" target=\"_blank\" rel=\"noopener noreferrer\" data-stringify-link=\"https:\/\/bit.ly\/3r9fBSj\" data-sk=\"tooltip_parent\">YouTube<\/a><a style=\"color: #cccccc; text-decoration: none;\" title=\"Racismo e o Of\u00edcio de Empregada Dom\u00e9stica [PODCAST]\" href=\"https:\/\/soundcloud.com\/user-378739040\/racismo-e-o-oficio-de-empregada-domestica-podcast\" target=\"_blank\" rel=\"noopener\">\u00a0<span style=\"color: #333333;\">e<\/span>\u00a0<\/a><a class=\"c-link\" href=\"https:\/\/bit.ly\/3FrZcMq\" target=\"_blank\" rel=\"noopener noreferrer\" data-stringify-link=\"https:\/\/bit.ly\/3FrZcMq\" data-sk=\"tooltip_parent\">outros<\/a><span style=\"color: #333333;\"><a style=\"color: #333333; text-decoration: none;\" title=\"Racismo e o Of\u00edcio de Empregada Dom\u00e9stica [PODCAST]\" href=\"https:\/\/soundcloud.com\/user-378739040\/racismo-e-o-oficio-de-empregada-domestica-podcast\" target=\"_blank\" rel=\"noopener\">.<\/a><\/span><\/div>\n<div>\n<hr \/>\n<\/div>\n<p><em>Esta hist\u00f3ria, contada pela escritora e ex-empregada dom\u00e9stica <span style=\"font-weight: 400;\"><a href=\"http:\/\/bit.ly\/OW6muu\" target=\"_blank\" rel=\"noopener\">Neuza Nascimento<\/a>,<\/span>\u00a0come\u00e7a n<\/em><em>o bairro de Jo\u00e3o Gomes Velho, cidade de Santos Dumont, interior do estado de Minas Gerais, na d\u00e9cada de <\/em><em>1960.<\/em><\/p>\n<p><span style=\"font-weight: 400;\">A primeira vez que senti o racismo na minha dire\u00e7\u00e3o ainda n\u00e3o sabia o que era isso. Eu devia estar com sete para oito anos de idade. A escassez era enorme, mal t\u00ednhamos o que comer, era engrossado de fub\u00e1 (sopa) e couve. Com\u00edamos muito caqui, pois tinha um p\u00e9 no quintal. N\u00e3o havia energia el\u00e9trica, \u00e1gua encanada ou esgoto. Nem mesmo lixo produz\u00edamos. Apesar de toda essa situa\u00e7\u00e3o, eu n\u00e3o sabia que era pobre, pois n\u00e3o conhecia uma situa\u00e7\u00e3o diferente para comparar. At\u00e9 que fui trabalhar numa casa de fam\u00edlia pela primeira vez, ent\u00e3o com oito anos.<\/span><\/p>\n<figure id=\"attachment_59086\" aria-describedby=\"caption-attachment-59086\" style=\"width: 1030px\" class=\"wp-caption aligncenter\"><a href=\"https:\/\/rioonwatch.org.br\/wp-content\/uploads\/2021\/10\/Da-esquerda-para-a-direita-Neuza-Nascimento-sua-irma-cacula-e-sua-outra-irma-Ana-do-Nascimento-Araujo.-Arquivo-pessoal-de-Neuza-Nascimento.jpeg\"><img decoding=\"async\" class=\"wp-image-59086\" title=\"Da esquerda para a direita, Veronice, a irm\u00e3 ca\u00e7ula de Neuza, uma crian\u00e7a vizinha e Ana, tamb\u00e9m irm\u00e3 de Neuza. Arquivo pessoal de Neuza Nascimento\" src=\"https:\/\/rioonwatch.org.br\/wp-content\/uploads\/2021\/10\/Da-esquerda-para-a-direita-Neuza-Nascimento-sua-irma-cacula-e-sua-outra-irma-Ana-do-Nascimento-Araujo.-Arquivo-pessoal-de-Neuza-Nascimento.jpeg\" alt=\"Da esquerda para a direita, Neuza Nascimento, sua irm\u00e3 ca\u00e7ula e sua outra irm\u00e3 Ana do Nascimento Ara\u00fajo. Arquivo pessoal de Neuza Nascimento\" width=\"1030\" height=\"773\" srcset=\"https:\/\/rioonwatch.org.br\/wp-content\/uploads\/2021\/10\/Da-esquerda-para-a-direita-Neuza-Nascimento-sua-irma-cacula-e-sua-outra-irma-Ana-do-Nascimento-Araujo.-Arquivo-pessoal-de-Neuza-Nascimento.jpeg 1280w, https:\/\/rioonwatch.org.br\/wp-content\/uploads\/2021\/10\/Da-esquerda-para-a-direita-Neuza-Nascimento-sua-irma-cacula-e-sua-outra-irma-Ana-do-Nascimento-Araujo.-Arquivo-pessoal-de-Neuza-Nascimento-620x465.jpeg 620w, https:\/\/rioonwatch.org.br\/wp-content\/uploads\/2021\/10\/Da-esquerda-para-a-direita-Neuza-Nascimento-sua-irma-cacula-e-sua-outra-irma-Ana-do-Nascimento-Araujo.-Arquivo-pessoal-de-Neuza-Nascimento-839x629.jpeg 839w, https:\/\/rioonwatch.org.br\/wp-content\/uploads\/2021\/10\/Da-esquerda-para-a-direita-Neuza-Nascimento-sua-irma-cacula-e-sua-outra-irma-Ana-do-Nascimento-Araujo.-Arquivo-pessoal-de-Neuza-Nascimento-768x576.jpeg 768w, https:\/\/rioonwatch.org.br\/wp-content\/uploads\/2021\/10\/Da-esquerda-para-a-direita-Neuza-Nascimento-sua-irma-cacula-e-sua-outra-irma-Ana-do-Nascimento-Araujo.-Arquivo-pessoal-de-Neuza-Nascimento-678x509.jpeg 678w, https:\/\/rioonwatch.org.br\/wp-content\/uploads\/2021\/10\/Da-esquerda-para-a-direita-Neuza-Nascimento-sua-irma-cacula-e-sua-outra-irma-Ana-do-Nascimento-Araujo.-Arquivo-pessoal-de-Neuza-Nascimento-326x245.jpeg 326w, https:\/\/rioonwatch.org.br\/wp-content\/uploads\/2021\/10\/Da-esquerda-para-a-direita-Neuza-Nascimento-sua-irma-cacula-e-sua-outra-irma-Ana-do-Nascimento-Araujo.-Arquivo-pessoal-de-Neuza-Nascimento-80x60.jpeg 80w\" sizes=\"(max-width: 1030px) 100vw, 1030px\" \/><\/a><figcaption id=\"caption-attachment-59086\" class=\"wp-caption-text\">Da esquerda para a direita, Veronice, a irm\u00e3 ca\u00e7ula de Neuza, uma crian\u00e7a vizinha e Ana, tamb\u00e9m irm\u00e3 de Neuza. Arquivo pessoal de Neuza Nascimento<\/figcaption><\/figure>\n<p><span style=\"font-weight: 400;\">Minha miss\u00e3o era cuidar de um garoto maior do que eu enquanto os pais dele trabalhavam fora. O patr\u00e3o fazia balas de coco, que eu s\u00f3 conhecia o gosto porque raspava os farelos sobre a pedra m\u00e1rmore que eu tinha que limpar. Eu achava estranho cuidar daquele garoto t\u00e3o grande, mas hoje sei que ele s\u00f3 era maior do que eu e mais nutrido, n\u00e3o mais velho. O combinado com minha m\u00e3e foi que eu n\u00e3o faria nada al\u00e9m de companhia para o garoto, mas n\u00e3o, eu limpava a casa tamb\u00e9m. Foi l\u00e1 que conheci cama de verdade, vaso sanit\u00e1rio, torneira e outras coisas comuns dentro de uma casa qualquer. Apesar de limpar a casa eu n\u00e3o podia transitar por ela, muito menos usar o vaso sanit\u00e1rio e, depois que terminava a limpeza eu s\u00f3 podia ficar na cozinha ou no quintal que era coberto e tinha uma \u201ccasinha\u201d em anexo, que era usada por mim. Eu fazia companhia ao garoto, mas n\u00e3o podia tocar nele. Ele dizia que se eu encostasse nele, \u201cele ia pegar preto\u201d, como se fosse doen\u00e7a contagiosa. A cor da pele dessa fam\u00edlia? Branca, claro.\u00a0<\/span><\/p>\n<p><span style=\"font-weight: 400;\">E eu, pensando que eu era s\u00f3 uma crian\u00e7a, naquela casa descobri que eu era uma crian\u00e7a pobre e imaginei que eu tinha um tratamento diferenciado por esse motivo. <\/span><span style=\"font-weight: 400;\">Mas n\u00e3o demorou muito para eu ter consci\u00eancia da cor da minha pele e tamb\u00e9m descobrir que isso trazia a inferioridade junto.<\/span><\/p>\n<p><span style=\"font-weight: 400;\">Era \u00e9poca da Primeira Comunh\u00e3o e nessa ocasi\u00e3o recebemos a visita de uma senhora para a qual minha m\u00e3e lavava e passava roupas. Chegou sua filha, que devia ter uns 13 anos, e trazia um grande embrulho nos bra\u00e7os. Nossa sala era quase desprovida de m\u00f3veis, nela t\u00ednhamos uma arma\u00e7\u00e3o de madeira, chamada \u201ccatre\u201d e em cima descansava um colch\u00e3o de capim, feito \u00e0 m\u00e3o, coberto por um tecido simples que fazia as vezes de colcha. Al\u00e9m da cama t\u00ednhamos uma cristaleira e um banco para costura.<\/span><\/p>\n<p><span style=\"font-weight: 400;\">Assim que entraram, minha m\u00e3e ofereceu a elas um caf\u00e9 e as convidou a se sentarem. A menina fez um movimento em dire\u00e7\u00e3o \u00e0 cama, mas a m\u00e3e olhou em sua dire\u00e7\u00e3o e ela parou. Ent\u00e3o, dona Rosinha<\/span><span style=\"font-weight: 400;\">\u2014<\/span><span style=\"font-weight: 400;\">esse era o nome dela<\/span><span style=\"font-weight: 400;\">\u2014<\/span><span style=\"font-weight: 400;\">desembrulhou o pacote que trazia e de l\u00e1 saiu um lindo vestido branco que ela deu para minha m\u00e3e segurar. Era um lindo vestido branco, nunca tinha visto uma roupa t\u00e3o linda; mas em seguida, vendo o pr\u00f3ximo gesto da visita senti uma coisa ruim dentro de mim, que levei anos para interpretar e acho que nunca superei. Ela pegou o papel de embrulho, alisou bem e forrou a cama para se sentarem. N\u00e3o entendi porque fizeram aquilo, mas perdi minha inoc\u00eancia ali; tomei consci\u00eancia da cor da minha pele, da textura do meu cabelo, da minha pobreza e da minha insignific\u00e2ncia. Me senti suja. S\u00f3 porque tinha a cor diferente, era de outra ra\u00e7a.\u00a0<\/span><\/p>\n<p><span style=\"font-weight: 400;\">Minha m\u00e3e lavava e passava roupas para algumas brancas do nosso bairro e, sempre que eu ou minhas irm\u00e3s \u00edamos entregar roupas, pegar sobra de comida ou fazer qualquer tipo de contato com elas, minha m\u00e3e sempre falava:<\/span><\/p>\n<blockquote><p><em><span style=\"font-weight: 400;\">\u201cChega l\u00e1, como \u00e9 que se faz?\u201d<\/span><\/em><\/p><\/blockquote>\n<p><em><span style=\"font-weight: 400;\">E ela mesma respondia:<\/span><\/em><\/p>\n<blockquote><p><em><span style=\"font-weight: 400;\">\u2014\u201cSinsinh\u00f4\u201d, \u201cSinsinhora\u201d, &#8220;n\u00e3o Sinh\u00f4\u201d, &#8220;n\u00e3o Sinhora\u201d&#8230;<\/span><\/em><\/p><\/blockquote>\n<p><span style=\"font-weight: 400;\">E assim falou durante todo o tempo que viveu.<\/span><\/p>\n<p><span style=\"font-weight: 400;\">Essas ordens me seguiram por d\u00e9cadas, muito depois de minha m\u00e3e falecer, e prejudicou muito meu desenvolvimento em todas as \u00e1reas da minha vida. E pior, minhas irm\u00e3s mais velhas tinham o mesmo discurso, claro. Mas n\u00e3o era culpa dela, depois eu vi. Acho que nossa m\u00e3e queria nos proteger.<\/span><\/p>\n<p>Todas as casas que eu e minha fam\u00edlia moramos em Minas, n\u00e3o eram pr\u00f3prias nem alugadas, eram troca de servi\u00e7os por moradia, ou seja, meu pai trabalhava para o fazendeiro, na lavoura, e minha m\u00e3e fazia o servi\u00e7o dom\u00e9stico da fazenda. Nenhum dos dois recebia sal\u00e1rio por isso. E, quando era pago, era em forma de mantimentos. O patr\u00e3o tinha um com\u00e9rcio, uma venda onde \u00edamos pegando o necess\u00e1rio no decorrer do m\u00eas. No dia do pagamento, ele n\u00e3o tinha nada para receber. \u00c9 necess\u00e1rio dizer que esses fazendeiros eram brancos?<\/p>\n<p><span style=\"font-weight: 400;\">Um certo dia chegou um casal na rua procurando meninas para trabalhar e, claro, os vizinhos os levaram at\u00e9 minha casa, j\u00e1 que minha m\u00e3e tinha muitas filhas. Falaram das vantagens de deixar uma de n\u00f3s ir com eles, pois ter\u00edamos uma vida melhor, estudar\u00edamos e minha m\u00e3e receberia um pagamento todo m\u00eas. Minha m\u00e3e, muito boa de cora\u00e7\u00e3o, acreditou. Com essa pr\u00e1tica, eu vim para <\/span><a href=\"http:\/\/bit.ly\/2L0wOZ3\" target=\"_blank\" rel=\"noopener\"><span style=\"font-weight: 400;\">Nova Igua\u00e7u<\/span><\/a><span style=\"font-weight: 400;\">, Rio de Janeiro e uma outra irm\u00e3, cujo relato trarei ainda aqui neste texto, foi para o Paran\u00e1. Hoje vejo esses epis\u00f3dios como pr\u00e1tica de tr\u00e1fico de meninas negras, mas quem ia imaginar uma coisa dessas? Minha m\u00e3e s\u00f3 pensou no melhor para n\u00f3s.\u00a0<\/span><\/p>\n<p><span style=\"font-weight: 400;\">A casa em Nova Igua\u00e7u era composta de quatro c\u00f4modos. Eu dormia num pano forrado no ch\u00e3o, num canto da sala. Fazia todos o servi\u00e7o da casa, menos a comida, e cuidava de um beb\u00ea. Durante o tempo que estive l\u00e1 n\u00e3o conheci ningu\u00e9m, s\u00f3 saia na rua bem cedo para comprar p\u00e3o e voltava. O resto do dia era trabalhando at\u00e9 a noite. N\u00e3o sofri maus tratos f\u00edsicos, que eu me lembre, mas era uma prisioneira. N\u00e3o me lembro quanto tempo fui mantida assim. At\u00e9 que um dia apareceu uma das irm\u00e3s mais velhas para me buscar.<\/span><\/p>\n<p><span style=\"font-weight: 400;\">Quando eu tinha 11 anos, minhas irm\u00e3s mais velhas compraram um barraco na favela de <\/span><a href=\"https:\/\/bit.ly\/2WpCMHW\" target=\"_blank\" rel=\"noopener\"><span style=\"font-weight: 400;\">Cordovil<\/span><\/a><span style=\"font-weight: 400;\"> e nos mudamos para o Rio. Era um barraco de ch\u00e3o batido, com paredes de t\u00e1buas e telhado de zinco. Foi a primeira favela que morei e nela sofri um racismo profundo e cruel, eu era uma crian\u00e7a. Na segunda, <\/span><a href=\"https:\/\/bit.ly\/2LsPrDD\" target=\"_blank\" rel=\"noopener\"><span style=\"font-weight: 400;\">Parada de Lucas<\/span><\/a><span style=\"font-weight: 400;\">, a mesma coisa, mas j\u00e1 podia me defender melhor. Os tempos s\u00e3o outros.<\/span><\/p>\n<p><span style=\"font-weight: 400;\">A favela de Cordovil era composta em sua maioria por nordestinos e paraibanos. <a href=\"https:\/\/bit.ly\/3Cu9b2M\" target=\"_blank\" rel=\"noopener\">Os que eram negros n\u00e3o se auto declaravam, se diziam \u201cmorenos\u201d<\/a>. Riam das minhas tran\u00e7as, <\/span><a href=\"https:\/\/bit.ly\/3gq2YeD\" target=\"_blank\" rel=\"noopener\"><span style=\"font-weight: 400;\">me chamavam de \u201cnigrinha\u201d das canelas finas, macaca e outros adjetivos<\/span><\/a><span style=\"font-weight: 400;\">. Mas isso \u00e9 racismo na favela e n\u00e3o vem ao caso aqui.<\/span><\/p>\n<p><span style=\"font-weight: 400;\">Moramos em Cordovil por mais ou menos dois anos, logo depois a favela foi <a href=\"http:\/\/bit.ly\/2x3chdW\" target=\"_blank\" rel=\"noopener\">removida<\/a> para o bairro de Del Castilho. Talvez um ano ou dois depois minha m\u00e3e veio a falecer e uma das irm\u00e3s mais velhas me levou para morar na casa onde ela trabalhava, na rua Joaquim Nabuco, <\/span><a href=\"https:\/\/bit.ly\/3aYr10N\" target=\"_blank\" rel=\"noopener\"><span style=\"font-weight: 400;\">Copacabana<\/span><\/a><span style=\"font-weight: 400;\">.<\/span><\/p>\n<figure id=\"attachment_59386\" aria-describedby=\"caption-attachment-59386\" style=\"width: 1030px\" class=\"wp-caption aligncenter\"><a href=\"https:\/\/rioonwatch.org.br\/wp-content\/uploads\/2021\/11\/Ma\u0303e-de-Neuza-Nascimento-no-Rio.png\"><img loading=\"lazy\" decoding=\"async\" class=\"wp-image-59386\" title=\"M\u00e3e de Neuza no Rio de Janeiro, depois da remo\u00e7\u00e3o de Cordovil, j\u00e1 no apartamento em Del Castilho. Arquivo pessoal de Neuza Nascimento\" src=\"https:\/\/rioonwatch.org.br\/wp-content\/uploads\/2021\/11\/Ma\u0303e-de-Neuza-Nascimento-no-Rio.png\" alt=\"M\u00e3e de Neuza no Rio de Janeiro, depois da remo\u00e7\u00e3o de Cordovil, j\u00e1 no apartamento em Del Castilho. Arquivo pessoal de Neuza Nascimento\" width=\"1030\" height=\"1618\" srcset=\"https:\/\/rioonwatch.org.br\/wp-content\/uploads\/2021\/11\/Ma\u0303e-de-Neuza-Nascimento-no-Rio.png 1233w, https:\/\/rioonwatch.org.br\/wp-content\/uploads\/2021\/11\/Ma\u0303e-de-Neuza-Nascimento-no-Rio-395x620.png 395w, https:\/\/rioonwatch.org.br\/wp-content\/uploads\/2021\/11\/Ma\u0303e-de-Neuza-Nascimento-no-Rio-400x629.png 400w, https:\/\/rioonwatch.org.br\/wp-content\/uploads\/2021\/11\/Ma\u0303e-de-Neuza-Nascimento-no-Rio-768x1207.png 768w\" sizes=\"(max-width: 1030px) 100vw, 1030px\" \/><\/a><figcaption id=\"caption-attachment-59386\" class=\"wp-caption-text\">M\u00e3e de Neuza no Rio de Janeiro, depois da remo\u00e7\u00e3o de Cordovil, j\u00e1 no apartamento em Del Castilho. Arquivo pessoal de Neuza Nascimento<\/figcaption><\/figure>\n<p><span style=\"font-weight: 400;\">Quando cheguei, fui abra\u00e7ada pela patroa dela, Dona Luiza. Ela disse que eu era bonitinha e ia ser sua filha de cria\u00e7\u00e3o. Fui matriculada na Escola Municipal Castelnuovo, na Rua Francisco Otaviano, hoje col\u00e9gio estadual. Ela comprou material escolar e uniforme. Eu estava muito feliz. <\/span><\/p>\n<p><span style=\"font-weight: 400;\">No primeiro dia de aula, coloquei meu uniforme e, me sentindo linda, me dirigi \u00e0 porta da sala para sair. Dona Luiza me chamou e disse que eu tinha que sair pela porta de servi\u00e7o.<\/span><\/p>\n<p><span style=\"font-weight: 400;\">Ok. Esquece filha de cria\u00e7\u00e3o.\u00a0<\/span><\/p>\n<p><span style=\"font-weight: 400;\">Quando eu voltei da escola fui informada que eu seria arrumadeira e copeira e que trabalharia no contraturno da escola. E assim foi. Levava o cachorro para passear, limpava a casa e colocava e servia a mesa. S\u00f3 podia comer depois de servir o jantar, a sobremesa, o cafezinho e tirar a mesa. O que sobrasse. Era obrigada a usar len\u00e7o na cabe\u00e7a para que meu cabelo \u201cduro\u201d n\u00e3o aparecesse. Mas ainda continuava na d\u00favida se o motivo era a cor da minha pele. Minha, agora patroa, tinha um casal de filhos adolescentes que claro, tinha um tratamento totalmente diferente do meu. Um dia n\u00e3o sei o que fiz de errado e o rapaz disse: \u201csua \u2018nigrinha\u2019, macaca preta, tem que voltar pro tronco!\u201d E da\u00ed para frente resolveram que iam me colocar no \u201cmeu lugar\u201d. <\/span><span style=\"font-weight: 400;\">Sa\u00ed dessa casa e da escola com 14 anos.<\/span><\/p>\n<figure id=\"attachment_59089\" aria-describedby=\"caption-attachment-59089\" style=\"width: 1030px\" class=\"wp-caption aligncenter\"><a href=\"https:\/\/rioonwatch.org.br\/wp-content\/uploads\/2021\/10\/Neuza-com-14-anos-cuidando-do-cachorro-da-patroa-que-disse-que-a-trataria-como-filha-o-que-nunca-aconteceu.-Arquivo-pessoal-de-Neuza-Nascimento.jpg\"><img loading=\"lazy\" decoding=\"async\" class=\"wp-image-59089\" title=\"Neuza com 14 anos, cuidando do cachorro da patroa que disse que a trataria como filha, o que nunca aconteceu. Arquivo pessoal de Neuza Nascimento\" src=\"https:\/\/rioonwatch.org.br\/wp-content\/uploads\/2021\/10\/Neuza-com-14-anos-cuidando-do-cachorro-da-patroa-que-disse-que-a-trataria-como-filha-o-que-nunca-aconteceu.-Arquivo-pessoal-de-Neuza-Nascimento.jpg\" alt=\"Neuza com 14 anos, cuidando do cachorro da patroa que disse que a trataria como filha, o que nunca aconteceu. Arquivo pessoal de Neuza Nascimento\" width=\"1030\" height=\"1046\" srcset=\"https:\/\/rioonwatch.org.br\/wp-content\/uploads\/2021\/10\/Neuza-com-14-anos-cuidando-do-cachorro-da-patroa-que-disse-que-a-trataria-como-filha-o-que-nunca-aconteceu.-Arquivo-pessoal-de-Neuza-Nascimento.jpg 1832w, https:\/\/rioonwatch.org.br\/wp-content\/uploads\/2021\/10\/Neuza-com-14-anos-cuidando-do-cachorro-da-patroa-que-disse-que-a-trataria-como-filha-o-que-nunca-aconteceu.-Arquivo-pessoal-de-Neuza-Nascimento-611x620.jpg 611w, https:\/\/rioonwatch.org.br\/wp-content\/uploads\/2021\/10\/Neuza-com-14-anos-cuidando-do-cachorro-da-patroa-que-disse-que-a-trataria-como-filha-o-que-nunca-aconteceu.-Arquivo-pessoal-de-Neuza-Nascimento-620x629.jpg 620w, https:\/\/rioonwatch.org.br\/wp-content\/uploads\/2021\/10\/Neuza-com-14-anos-cuidando-do-cachorro-da-patroa-que-disse-que-a-trataria-como-filha-o-que-nunca-aconteceu.-Arquivo-pessoal-de-Neuza-Nascimento-768x780.jpg 768w\" sizes=\"(max-width: 1030px) 100vw, 1030px\" \/><\/a><figcaption id=\"caption-attachment-59089\" class=\"wp-caption-text\">Neuza com 14 anos, cuidando do cachorro da patroa que disse que a trataria como filha, o que nunca aconteceu. Arquivo pessoal de Neuza Nascimento<\/figcaption><\/figure>\n<p><span style=\"font-weight: 400;\">Como n\u00e3o tinha refer\u00eancias de outro tipo de trabalho, fui para outro emprego dom\u00e9stico.<\/span><\/p>\n<p><span style=\"font-weight: 400;\">Era um casal de libaneses, tamb\u00e9m em Copacabana. Fazia todo o servi\u00e7o e tomava conta de dois garotos, um de seis meses e outro de quatro anos. Dona Jeorgete e seu Aniz. Todas as noite desciam para jogar com amigos no andar de baixo e eu ficava com as crian\u00e7as. Era um apartamento de quatro c\u00f4modos e eu dormia num sof\u00e1 na sala. Uma noite acordei com o patr\u00e3o me tocando. Levantei num salto e ele me segurou pelo bra\u00e7o, dizendo para eu ficar quieta, que eu ia gostar de ser dele porque preta do jeito que eu era, ningu\u00e9m ia me querer e que eu devia agradecer. Falei que ia contar para a patroa e ele respondeu que ela n\u00e3o ia acreditar. Consegui me livrar dele naquela e em outras noites, queria sair, mas n\u00e3o tinha para onde ir. Minhas irm\u00e3s n\u00e3o sabiam onde eu estava, eu n\u00e3o tinha folga. Um dia disse a Dona Jeorgete que eu precisava sair, ir at\u00e9 a escola pegar um documento, ela permitiu. Chegando na escola fui at\u00e9 a secretaria, a diretora ficou feliz ao me ver e perguntou o que eu estava fazendo da vida. Contei a ela o que tinha acontecido e ela me convidou para trabalhar na casa dela. N\u00e3o voltei ao apartamento em Copacabana.\u00a0<\/span><\/p>\n<p><span style=\"font-weight: 400;\">Comecei nova vida, dessa vez em <\/span><a href=\"http:\/\/bit.ly\/1QJnyVP\" target=\"_blank\" rel=\"noopener\"><span style=\"font-weight: 400;\">Botafogo<\/span><\/a><span style=\"font-weight: 400;\">. Mas o tratamento n\u00e3o mudou, eu continuava a empregadinha preta. Eu n\u00e3o podia circular pela casa livremente, s\u00f3 para limpar. Uma vez n\u00e3o limpei as paredes do banheiro direito e ela me pegou pela orelha e, depois de me mostrar o que estava mal limpo, esfregou meu rosto no local e falou: \u201cLimpa isso direito, sua nigrinha!\u201d Por conta desse epis\u00f3dio n\u00e3o tive comemora\u00e7\u00e3o dos meus 15 anos. Quando tinha visita, eu n\u00e3o podia aparecer, n\u00e3o sei porque. Nessa casa voltei para a escola e ela organizava meu servi\u00e7o no contraturno da escola. Um dia falei para ela que queria fazer um curso de datilografia, eu queria ser secret\u00e1ria. Ela e o marido riram muito e me ofereceram um curso de costureira! Outro diferencial nessa casa \u00e9 que eu era paga em torno de meio sal\u00e1rio mensal. Sa\u00ed dessa casa com 16 para 17 anos.<\/span><\/p>\n<p><span style=\"font-weight: 400;\">Se eu fosse escrever aqui todo o racismo, humilha\u00e7\u00e3o, constrangimento, ass\u00e9dio sexual, preconceito e perversidades que sofri como empregada dom\u00e9stica, e fora desse of\u00edcio, esta n\u00e3o ia ser uma mat\u00e9ria e sim um livro, ia ficar demasiado extenso. N\u00e3o me considero v\u00edtima, mas sim uma sobrevivente. E s\u00f3 foi poss\u00edvel sobreviver porque em todas as casas que trabalhei, e foram muitas, meu corpo estava l\u00e1, mas meu esp\u00edrito, n\u00e3o.\u00a0<\/span><\/p>\n<p><span style=\"font-weight: 400;\">N\u00e3o achem, no entanto, que minhas experi\u00eancias com o racismo, enquanto empregada dom\u00e9stica, param por aqui, h\u00e1 mais casos. Trabalhei para um homem sozinho e, quando fiquei gr\u00e1vida, ele perguntou se meu filho ia ser King Kong ou clarinho. Uma outra patroa riu de mim quando perguntei se podia pegar um livro emprestado na estante dela. Tamb\u00e9m trabalhei para uma jornalista, como diarista, e um dia escrevi um texto e pedi que ela desse uma olhada. Na semana seguinte perguntei o que ela tinha achado e a resposta foi: \u201cAi Neuza, deixa isso pra l\u00e1, nem me dei ao trabalho de passar da segunda linha, est\u00e1 horr\u00edvel. Isso n\u00e3o \u00e9 para voc\u00ea, melhor continuar com suas faxinas, cria seu filho e deixa essa hist\u00f3ria de escrever pra l\u00e1. Isso n\u00e3o \u00e9 para voc\u00ea, onde j\u00e1 se viu&#8230;\u201d Guardei o texto num canto de um arm\u00e1rio no quarto de empregada e n\u00e3o me atrevi mais a escrever. Tr\u00eas anos depois encontrei esse texto para ent\u00e3o descobrir que era um artigo sobre a defesa dos direitos humanos na favela. N\u00e3o senti raiva, mas uma tristeza profunda pela perversidade do ser humano.<\/span><\/p>\n<figure id=\"attachment_59082\" aria-describedby=\"caption-attachment-59082\" style=\"width: 1030px\" class=\"wp-caption aligncenter\"><a href=\"https:\/\/rioonwatch.org.br\/wp-content\/uploads\/2021\/10\/Neuza-23-anos-ja-morando-em-Parada-de-Lucas-durante-um-fim-de-semana-de-folga-do-trabalho.-Na-epoca-em-que-trabalhava-na-casa-da-familia-de-judeus-em-Sao-Conrado.-Arquivo-pessoal-de-Neuza-Nascimento.jpg\"><img loading=\"lazy\" decoding=\"async\" class=\"wp-image-59082\" title=\"Neuza, 23 anos, j\u00e1 morando em Parada de Lucas, durante um fim de semana de folga do trabalho. Na \u00e9poca em que trabalhava na casa da fam\u00edlia de judeus em S\u00e3o Conrado. Arquivo pessoal de Neuza Nascimento\" src=\"https:\/\/rioonwatch.org.br\/wp-content\/uploads\/2021\/10\/Neuza-23-anos-ja-morando-em-Parada-de-Lucas-durante-um-fim-de-semana-de-folga-do-trabalho.-Na-epoca-em-que-trabalhava-na-casa-da-familia-de-judeus-em-Sao-Conrado.-Arquivo-pessoal-de-Neuza-Nascimento.jpg\" alt=\"Neuza, 23 anos, j\u00e1 morando em Parada de Lucas, durante um fim de semana de folga do trabalho. Na \u00e9poca em que trabalhava na casa da fam\u00edlia de judeus em S\u00e3o Conrado. Arquivo pessoal de Neuza Nascimento\" width=\"1030\" height=\"1073\" srcset=\"https:\/\/rioonwatch.org.br\/wp-content\/uploads\/2021\/10\/Neuza-23-anos-ja-morando-em-Parada-de-Lucas-durante-um-fim-de-semana-de-folga-do-trabalho.-Na-epoca-em-que-trabalhava-na-casa-da-familia-de-judeus-em-Sao-Conrado.-Arquivo-pessoal-de-Neuza-Nascimento.jpg 2000w, https:\/\/rioonwatch.org.br\/wp-content\/uploads\/2021\/10\/Neuza-23-anos-ja-morando-em-Parada-de-Lucas-durante-um-fim-de-semana-de-folga-do-trabalho.-Na-epoca-em-que-trabalhava-na-casa-da-familia-de-judeus-em-Sao-Conrado.-Arquivo-pessoal-de-Neuza-Nascimento-595x620.jpg 595w, https:\/\/rioonwatch.org.br\/wp-content\/uploads\/2021\/10\/Neuza-23-anos-ja-morando-em-Parada-de-Lucas-durante-um-fim-de-semana-de-folga-do-trabalho.-Na-epoca-em-que-trabalhava-na-casa-da-familia-de-judeus-em-Sao-Conrado.-Arquivo-pessoal-de-Neuza-Nascimento-604x629.jpg 604w, https:\/\/rioonwatch.org.br\/wp-content\/uploads\/2021\/10\/Neuza-23-anos-ja-morando-em-Parada-de-Lucas-durante-um-fim-de-semana-de-folga-do-trabalho.-Na-epoca-em-que-trabalhava-na-casa-da-familia-de-judeus-em-Sao-Conrado.-Arquivo-pessoal-de-Neuza-Nascimento-768x800.jpg 768w\" sizes=\"(max-width: 1030px) 100vw, 1030px\" \/><\/a><figcaption id=\"caption-attachment-59082\" class=\"wp-caption-text\">Neuza, 23 anos, j\u00e1 morando em Parada de Lucas, durante um fim de semana de folga do trabalho, na \u00e9poca em que trabalhava na casa da fam\u00edlia de judeus em S\u00e3o Conrado. Arquivo pessoal de Neuza Nascimento<\/figcaption><\/figure>\n<p><span style=\"font-weight: 400;\">Houve tamb\u00e9m uma ocasi\u00e3o em que trabalhei para uma fam\u00edlia judia em <\/span><a href=\"http:\/\/bit.ly\/2GvSHwY\" target=\"_blank\" rel=\"noopener\"><span style=\"font-weight: 400;\">S\u00e3o Conrado<\/span><\/a><span style=\"font-weight: 400;\">, onde eu n\u00e3o podia nem chegar na janela \u00e0 noite, tinha que ficar no meu quarto min\u00fasculo, com uma cama e um pequeno arm\u00e1rio. Minha comida era arroz, feij\u00e3o, ovo e uma banana d\u2019\u00e1gua. Muitas vezes o ovo estava estragado. Eu fazia milhares de alm\u00f4ndegas e, no final, ela contava e separava para cada refei\u00e7\u00e3o. Eu n\u00e3o podia comer.<\/span><\/p>\n<figure id=\"attachment_59092\" aria-describedby=\"caption-attachment-59092\" style=\"width: 1030px\" class=\"wp-caption aligncenter\"><a href=\"https:\/\/rioonwatch.org.br\/wp-content\/uploads\/2021\/10\/Neuza-Nascimento-pensativa.-Foto-por-@sandradelgado-scaled.jpg\"><img loading=\"lazy\" decoding=\"async\" class=\"wp-image-59092\" title=\"Neuza Nascimento pensativa. Foto por @sandradelgado\" src=\"https:\/\/rioonwatch.org.br\/wp-content\/uploads\/2021\/10\/Neuza-Nascimento-pensativa.-Foto-por-@sandradelgado-scaled.jpg\" alt=\"Neuza Nascimento pensativa. Foto por @sandradelgado\" width=\"1030\" height=\"1512\" srcset=\"https:\/\/rioonwatch.org.br\/wp-content\/uploads\/2021\/10\/Neuza-Nascimento-pensativa.-Foto-por-@sandradelgado-scaled.jpg 1744w, https:\/\/rioonwatch.org.br\/wp-content\/uploads\/2021\/10\/Neuza-Nascimento-pensativa.-Foto-por-@sandradelgado-422x620.jpg 422w, https:\/\/rioonwatch.org.br\/wp-content\/uploads\/2021\/10\/Neuza-Nascimento-pensativa.-Foto-por-@sandradelgado-428x629.jpg 428w, https:\/\/rioonwatch.org.br\/wp-content\/uploads\/2021\/10\/Neuza-Nascimento-pensativa.-Foto-por-@sandradelgado-768x1128.jpg 768w\" sizes=\"(max-width: 1030px) 100vw, 1030px\" \/><\/a><figcaption id=\"caption-attachment-59092\" class=\"wp-caption-text\">Neuza Nascimento pensativa. Foto por @sandradelgado<\/figcaption><\/figure>\n<p><span style=\"font-weight: 400;\">O triste \u00e9 que esses n\u00e3o s\u00e3o fatos isolados, n\u00e3o aconteceram s\u00f3 comigo. Com uma de minhas irm\u00e3s, Ana do Nascimento Ara\u00fajo, tudo se passou de forma bem parecida por\u00e9m pior, pois sofreu mais e por mais tempo que eu. N\u00e3o tenho informa\u00e7\u00f5es sobre se essas experi\u00eancias de racismo no trabalho atingiram a todas, afinal somos oito mulheres. A maioria n\u00e3o consegue falar sobre suas inf\u00e2ncias e adolesc\u00eancias e afirma que nunca sofreu racismo enquanto empregada dom\u00e9stica ou em suas vidas no geral. Pesado demais para lembrar, pesado demais para falar. Elas t\u00eam acima de 70 anos.<\/span><\/p>\n<figure id=\"attachment_59081\" aria-describedby=\"caption-attachment-59081\" style=\"width: 1030px\" class=\"wp-caption aligncenter\"><a href=\"https:\/\/rioonwatch.org.br\/wp-content\/uploads\/2021\/10\/Ana-do-Nascimento-Araujo-irma-de-Neuza-que-tambem-relata-suas-experiencias-com-o-racismo-no-oficio-de-empregada-domestica.-Arquivo-pessoal-de-Neuza-Nascimento-scaled.jpg\"><img loading=\"lazy\" decoding=\"async\" class=\"wp-image-59081\" src=\"https:\/\/rioonwatch.org.br\/wp-content\/uploads\/2021\/10\/Ana-do-Nascimento-Araujo-irma-de-Neuza-que-tambem-relata-suas-experiencias-com-o-racismo-no-oficio-de-empregada-domestica.-Arquivo-pessoal-de-Neuza-Nascimento-scaled.jpg\" alt=\"Ana do Nascimento Ara\u00fajo, irm\u00e3 de Neuza que tamb\u00e9m relata suas experi\u00eancias com o racismo no of\u00edcio de empregada dom\u00e9stica. Arquivo pessoal de Neuza Nascimento\" width=\"1030\" height=\"1373\" srcset=\"https:\/\/rioonwatch.org.br\/wp-content\/uploads\/2021\/10\/Ana-do-Nascimento-Araujo-irma-de-Neuza-que-tambem-relata-suas-experiencias-com-o-racismo-no-oficio-de-empregada-domestica.-Arquivo-pessoal-de-Neuza-Nascimento-scaled.jpg 1920w, https:\/\/rioonwatch.org.br\/wp-content\/uploads\/2021\/10\/Ana-do-Nascimento-Araujo-irma-de-Neuza-que-tambem-relata-suas-experiencias-com-o-racismo-no-oficio-de-empregada-domestica.-Arquivo-pessoal-de-Neuza-Nascimento-465x620.jpg 465w, https:\/\/rioonwatch.org.br\/wp-content\/uploads\/2021\/10\/Ana-do-Nascimento-Araujo-irma-de-Neuza-que-tambem-relata-suas-experiencias-com-o-racismo-no-oficio-de-empregada-domestica.-Arquivo-pessoal-de-Neuza-Nascimento-472x629.jpg 472w, https:\/\/rioonwatch.org.br\/wp-content\/uploads\/2021\/10\/Ana-do-Nascimento-Araujo-irma-de-Neuza-que-tambem-relata-suas-experiencias-com-o-racismo-no-oficio-de-empregada-domestica.-Arquivo-pessoal-de-Neuza-Nascimento-768x1024.jpg 768w\" sizes=\"(max-width: 1030px) 100vw, 1030px\" \/><\/a><figcaption id=\"caption-attachment-59081\" class=\"wp-caption-text\">Ana do Nascimento Ara\u00fajo, irm\u00e3 de Neuza que tamb\u00e9m relata suas experi\u00eancias com o racismo no of\u00edcio de empregada dom\u00e9stica. Arquivo pessoal de Neuza Nascimento<\/figcaption><\/figure>\n<p><span style=\"font-weight: 400;\">Ao conversar com Ana, 66 anos, ela fala de sua trajet\u00f3ria e diz que hoje, na maioria das vezes, o racismo \u00e9 velado, e que temos defesa contra ele <\/span>judicialmente<span style=\"font-weight: 400;\">. Mas nem sempre foi assim. Ana conta:<\/span><\/p>\n<blockquote><p><span style=\"font-weight: 400;\">\u201cTive consci\u00eancia do racismo aos oito anos de idade, quando, <\/span><span style=\"font-weight: 400;\">na escola, as meninas n\u00e3o queriam me dar a m\u00e3o nas brincadeiras de roda na hora do recreio<\/span><span style=\"font-weight: 400;\">. Um garoto me chamava de <\/span><span style=\"font-weight: 400;\">Tiziu<\/span><span style=\"font-weight: 400;\"> (um p\u00e1ssaro muito preto).<\/span><\/p>\n<p><span style=\"font-weight: 400;\">Nossa professora fazia passeios com a turma nos arredores da escola. Durante o trajeto t\u00ednhamos que atravessar um rio atrav\u00e9s de uma pinguela, uma ponte com mais ou menos dois palmos de largura. Eu tenho medo de altura e essa professora, ao inv\u00e9s de dar a m\u00e3o para ajudar, como fazia com os outros alunos que eram brancos, me oferecia a ponta do casaco para eu segurar. Me sentia humilhada, n\u00e3o era normal.<\/span><\/p>\n<p><span style=\"font-weight: 400;\">Aos 11 anos, apareceu um casal perguntando \u00e0s vizinhas se algu\u00e9m sabia de meninas para trabalhar em casa de fam\u00edlia. Apontaram para a minha casa e disseram; \u201caquela dona ali tem muitas filhas\u201d. Chamaram na porta, conversaram com minha m\u00e3e, que permitiu que eu fosse, numa atitude de \u201cn\u00e3o podemos passar a m\u00e3o na cabe\u00e7a, tem que trabalhar\u201d. O casal era do Paran\u00e1 e ningu\u00e9m tinha no\u00e7\u00e3o de onde o Paran\u00e1 ficava. Minha m\u00e3e, por ser uma pessoa boa, achava que todo mundo era. A mulher foi muito simp\u00e1tica, disse que cuidaria de mim como se fosse filha dela e minha m\u00e3e acreditou.<\/span><\/p>\n<p><span style=\"font-weight: 400;\">E l\u00e1 fui eu para o Paran\u00e1. Eles tinham tr\u00eas filhos. Eu fazia todo o servi\u00e7o. Encerava toda a casa de joelhos, tinha enceradeira, mas ela n\u00e3o me deixava usar, eu tinha que usar escov\u00e3o. Eu lavava as frutas e os meninos contavam, eu lavava, mas n\u00e3o podia comer. Minha comida era servida por ela. No caf\u00e9 da manh\u00e3 eu n\u00e3o lembro o que eu bebia, mas no meu p\u00e3o, ao inv\u00e9s de margarina ela passava uma banha amarela. Eu era obrigada a comer, mas quando dava eu jogava fora. Quando ela fazia arroz de forno o meu era comum, acompanhado de pesco\u00e7o e p\u00e9 de galinha. Eu n\u00e3o entendia, ela tinha dito para minha m\u00e3e que eu ia ser tratada como filha dela, mas eu estava sendo tratada como uma escrava. Meu cabelo era crespo, grande e cheio. Quando eu sa\u00ed de casa, minha m\u00e3e fez tran\u00e7as e eu fiquei mais de um m\u00eas com elas, pois n\u00e3o conseguia me pentear. O patr\u00e3o me levou no sal\u00e3o para passar pasta. Fomos \u00e0 noite porque durante o dia tinha que trabalhar e ela n\u00e3o me liberava. Meu cabelo ficou muito bonito, mas a mo\u00e7a do sal\u00e3o falou que, para que n\u00e3o desse ferida, que eu passasse vinagre. Peguei vinagre e passei. A patroa sentiu o cheiro e brigou comigo porque eu tinha mexido no vinagre dela. Meu cabelo n\u00e3o durou dois dias, ela me levou num outro sal\u00e3o e mandou cortar, s\u00f3 porque eu tinha usado o vinagre dela. Imagino que a raiva era porque meu patr\u00e3o me tratava com humanidade. Eu s\u00f3 tinha 11 anos.<\/span><\/p>\n<p><span style=\"font-weight: 400;\">Certo dia, eu derramei \u00f3leo no ch\u00e3o da cozinha. Como era noite, deixei para limpar no dia seguinte, pois estava muito cansada. Logo em seguida, no entanto, ela me perguntou se eu havia limpado, ao que respondi que n\u00e3o, que ia limpar no dia seguinte. Ela come\u00e7ou a gritar: \u201c\u00c9 por isso que eu detesto negro, eu tenho alergia a negro!\u201d Ela veio at\u00e9 a cozinha e, enquanto eu estava abaixada limpando, me pegou pelos cabelos. O marido dela percebeu o que estava acontecendo e veio atr\u00e1s. Ele a segurou forte pelos bra\u00e7os dizendo: \u201cVoc\u00ea n\u00e3o vai bater nela, vamos levar ela do jeito que a gente trouxe.\u201d<\/span><\/p>\n<p><span style=\"font-weight: 400;\">Ela ficou furiosa e disse para o marido, apontando para mim: \u201cEnquanto meus bra\u00e7os estiverem doendo [os bra\u00e7os que ele pegou ao brigar com a esposa], eu espanco essa negra!\u201d<\/span><\/p>\n<p><span style=\"font-weight: 400;\">Com o tempo, ela engravidou e contrataram uma mo\u00e7a para trabalhar junto comigo, ela ia para casa todos os dias. Vendo que ela me tratava como escrava, essa mulher ficou indignada e me pediu para escrever uma carta para minha fam\u00edlia, contando tudo o que estava me acontecendo, que ela ia colocar no correio. Tive medo, estava longe de casa, n\u00e3o conhecia ningu\u00e9m, n\u00e3o sa\u00eda de casa a n\u00e3o ser com eles, para ajudar com as crian\u00e7as. Com o tempo, essa mo\u00e7a foi embora da casa e, sem eu saber, escreveu uma carta para minha fam\u00edlia.<\/span><\/p>\n<p><span style=\"font-weight: 400;\">Quando eu n\u00e3o tinha mais esperan\u00e7a de sair daquele sofrimento, uma de minhas irm\u00e3s chegou para me resgatar. Ela chegou numa manh\u00e3 e que felicidade eu senti! Um ano sem ver ningu\u00e9m. A patroa tratou ela muito bem, ofereceu caf\u00e9 da manh\u00e3, passou manteiga no p\u00e3o&#8230;<\/span><\/p>\n<p><span style=\"font-weight: 400;\">Minha irm\u00e3 pegou minhas roupas, colocou em cima da mesa para ela ver o que eu estava levando, porque at\u00e9 de ladra ela me acusou, dizendo que eu tinha roubado uma caneta.<\/span><\/p>\n<p><span style=\"font-weight: 400;\">Foi um dia maravilhoso aquele em que minha irm\u00e3 logo pela manh\u00e3 apareceu de surpresa. Antigamente era assim, as empregadas negras eram tratadas como escravas, como uma ningu\u00e9m. Mas j\u00e1 passou, hoje sou uma pessoa feliz. Marcas ficaram, mas j\u00e1 cicatrizaram e hoje eu estou aqui. N\u00e3o lembro do rosto da mo\u00e7a que me ajudou, mas serei sempre grata a ela, onde quer que eu v\u00e1.&#8221;<\/span><\/p><\/blockquote>\n<figure id=\"attachment_59080\" aria-describedby=\"caption-attachment-59080\" style=\"width: 1030px\" class=\"wp-caption aligncenter\"><a href=\"https:\/\/rioonwatch.org.br\/wp-content\/uploads\/2021\/10\/Ana-do-Nascimento-Araujo-nesta-foto-ja-havia-deixado-a-casa-dos-patroes-no-Parana-e-voltado-para-a-casa-dos-pais-em-Minas-Gerais.-Arquivo-pessoal-de-Neuza-Nascimento.jpg\"><img loading=\"lazy\" decoding=\"async\" class=\"wp-image-59080\" title=\"Ana do Nascimento Ara\u00fajo nesta foto j\u00e1 havia deixado a casa dos patr\u00f5es no Paran\u00e1 e voltado para a casa dos pais em Minas Gerais. Arquivo pessoal de Neuza Nascimento\" src=\"https:\/\/rioonwatch.org.br\/wp-content\/uploads\/2021\/10\/Ana-do-Nascimento-Araujo-nesta-foto-ja-havia-deixado-a-casa-dos-patroes-no-Parana-e-voltado-para-a-casa-dos-pais-em-Minas-Gerais.-Arquivo-pessoal-de-Neuza-Nascimento.jpg\" alt=\"Ana do Nascimento Ara\u00fajo nesta foto j\u00e1 havia deixado a casa dos patr\u00f5es no Paran\u00e1 e voltado para a casa dos pais em Minas Gerais. Arquivo pessoal de Neuza Nascimento\" width=\"1030\" height=\"1373\" srcset=\"https:\/\/rioonwatch.org.br\/wp-content\/uploads\/2021\/10\/Ana-do-Nascimento-Araujo-nesta-foto-ja-havia-deixado-a-casa-dos-patroes-no-Parana-e-voltado-para-a-casa-dos-pais-em-Minas-Gerais.-Arquivo-pessoal-de-Neuza-Nascimento.jpg 1200w, https:\/\/rioonwatch.org.br\/wp-content\/uploads\/2021\/10\/Ana-do-Nascimento-Araujo-nesta-foto-ja-havia-deixado-a-casa-dos-patroes-no-Parana-e-voltado-para-a-casa-dos-pais-em-Minas-Gerais.-Arquivo-pessoal-de-Neuza-Nascimento-465x620.jpg 465w, https:\/\/rioonwatch.org.br\/wp-content\/uploads\/2021\/10\/Ana-do-Nascimento-Araujo-nesta-foto-ja-havia-deixado-a-casa-dos-patroes-no-Parana-e-voltado-para-a-casa-dos-pais-em-Minas-Gerais.-Arquivo-pessoal-de-Neuza-Nascimento-472x629.jpg 472w, https:\/\/rioonwatch.org.br\/wp-content\/uploads\/2021\/10\/Ana-do-Nascimento-Araujo-nesta-foto-ja-havia-deixado-a-casa-dos-patroes-no-Parana-e-voltado-para-a-casa-dos-pais-em-Minas-Gerais.-Arquivo-pessoal-de-Neuza-Nascimento-768x1024.jpg 768w\" sizes=\"(max-width: 1030px) 100vw, 1030px\" \/><\/a><figcaption id=\"caption-attachment-59080\" class=\"wp-caption-text\">Ana do Nascimento Ara\u00fajo nesta foto j\u00e1 havia deixado a casa dos patr\u00f5es no Paran\u00e1 e voltado para a casa dos pais em Minas Gerais. Arquivo pessoal de Neuza Nascimento<\/figcaption><\/figure>\n<p><span style=\"font-weight: 400;\">Algu\u00e9m pode perguntar, mas por que aguentar tudo isso? Todo esse &#8220;<\/span><em>Sim senhor, sim senhora, n\u00e3o senhor, n\u00e3o senhora\u201d. <\/em><span style=\"font-weight: 400;\">Eu, Neuza, n\u00e3o tinha outras informa\u00e7\u00f5es e estava sozinha. Pensava que aquilo era normal, assim como minha irm\u00e3 Ana.<\/span><\/p>\n<figure id=\"attachment_59077\" aria-describedby=\"caption-attachment-59077\" style=\"width: 1030px\" class=\"wp-caption aligncenter\"><a href=\"https:\/\/rioonwatch.org.br\/wp-content\/uploads\/2021\/10\/Neuza-Nascimento.-Foto-por-@sandradelgado.jpg\"><img loading=\"lazy\" decoding=\"async\" class=\"wp-image-59077\" title=\"Neuza Nascimento. Foto por @sandradelgado\" src=\"https:\/\/rioonwatch.org.br\/wp-content\/uploads\/2021\/10\/Neuza-Nascimento.-Foto-por-@sandradelgado.jpg\" alt=\"Neuza Nascimento. Foto por @sandradelgado\" width=\"1030\" height=\"664\" \/><\/a><figcaption id=\"caption-attachment-59077\" class=\"wp-caption-text\">Neuza Nascimento. Foto por @sandradelgado<\/figcaption><\/figure>\n<p><span style=\"font-weight: 400;\">Mas quero terminar essa escrita com uma coisa positiva, pois nem tudo est\u00e1 perdido. Trabalhei em uma casa como diarista por volta de 2003\/2004, onde fui tratada pelo patr\u00e3o, <a href=\"https:\/\/bit.ly\/3DH8V1a\" target=\"_blank\" rel=\"noopener\">Wagner Moura<\/a>, como um ser humano e n\u00e3o como um m\u00f3vel ou um utens\u00edlio da casa. Ele me chamava de irm\u00e3 e me tratava como tal. Eu sabia que era sincero e sou eternamente grata a ele por isso.<\/span><\/p>\n<p><span style=\"font-weight: 400;\">Estou muito grata por poder relatar um pouco da minha trajet\u00f3ria de vida.\u00a0<\/span><span style=\"font-weight: 400;\">Foi uma catarse. Libertador!<\/span><\/p>\n<figure id=\"attachment_59079\" aria-describedby=\"caption-attachment-59079\" style=\"width: 1030px\" class=\"wp-caption aligncenter\"><a href=\"https:\/\/rioonwatch.org.br\/wp-content\/uploads\/2021\/10\/Neuza-Nascimento-atualmente.-Arquivo-pessoal-de-Neuza-Nascimento.jpg\"><img loading=\"lazy\" decoding=\"async\" class=\"wp-image-59079\" title=\"Neuza Nascimento atualmente. Arquivo pessoal de Neuza Nascimento\" src=\"https:\/\/rioonwatch.org.br\/wp-content\/uploads\/2021\/10\/Neuza-Nascimento-atualmente.-Arquivo-pessoal-de-Neuza-Nascimento.jpg\" alt=\"Neuza Nascimento atualmente. Arquivo pessoal de Neuza Nascimento\" width=\"1030\" height=\"1131\" srcset=\"https:\/\/rioonwatch.org.br\/wp-content\/uploads\/2021\/10\/Neuza-Nascimento-atualmente.-Arquivo-pessoal-de-Neuza-Nascimento.jpg 1440w, https:\/\/rioonwatch.org.br\/wp-content\/uploads\/2021\/10\/Neuza-Nascimento-atualmente.-Arquivo-pessoal-de-Neuza-Nascimento-565x620.jpg 565w, https:\/\/rioonwatch.org.br\/wp-content\/uploads\/2021\/10\/Neuza-Nascimento-atualmente.-Arquivo-pessoal-de-Neuza-Nascimento-573x629.jpg 573w, https:\/\/rioonwatch.org.br\/wp-content\/uploads\/2021\/10\/Neuza-Nascimento-atualmente.-Arquivo-pessoal-de-Neuza-Nascimento-768x843.jpg 768w\" sizes=\"(max-width: 1030px) 100vw, 1030px\" \/><\/a><figcaption id=\"caption-attachment-59079\" class=\"wp-caption-text\">Neuza Nascimento atualmente. Arquivo pessoal de Neuza Nascimento<\/figcaption><\/figure>\n<p><em><span style=\"font-weight: 400;\">Sobre o autora: <a href=\"http:\/\/bit.ly\/OW6muu\" target=\"_blank\" rel=\"noopener\">Neuza Nascimento<\/a>, natural de Santos Dumont, Minas Gerais, 62 anos, <\/span><span style=\"font-weight: 400;\">foi empregada dom\u00e9stica por 48 anos e criou e dirigiu o <a href=\"https:\/\/bit.ly\/3GwRYrN\" target=\"_blank\" rel=\"noopener\">CIACAC<\/a>, ONG comunit\u00e1ria em Parada de Lucas durante 15 anos.<\/span><span style=\"font-weight: 400;\"> \u00c9 escritora, com <a href=\"https:\/\/bit.ly\/3FyXd9i\" target=\"_blank\" rel=\"noopener\">um dos seus contos<\/a> j\u00e1 <a href=\"https:\/\/bit.ly\/32kBIL5\" target=\"_blank\" rel=\"noopener\">publicado<\/a>. Tem como profiss\u00e3o a escrita, a pesquisa de campo, as entrevistas e o artesanato nas horas vagas. Trabalha como criadora de conte\u00fado jornal\u00edstico para o site <\/span><a href=\"https:\/\/bit.ly\/3DMeYkm\" target=\"_blank\" rel=\"noopener\"><span style=\"font-weight: 400;\">Lupa do Bem<\/span><\/a><span style=\"font-weight: 400;\">. Neuza atualmente \u00e9 estudante de Jornalismo <\/span><span style=\"font-weight: 400;\">na Universidade Est\u00e1cio de S\u00e1<\/span><span style=\"font-weight: 400;\">.<\/span><\/em><\/p>\n<p><em>Sobre a artista: <a href=\"https:\/\/bit.ly\/3hw17Vu\" target=\"_blank\" rel=\"noopener\">Raquel Batista<\/a>\u00a0\u00e9 artista visual e\u00a0<a href=\"https:\/\/bit.ly\/2WWA8Jd\" target=\"_blank\" rel=\"noopener\">trabalha como fot\u00f3grafa<\/a>\u00a0e\u00a0<a href=\"https:\/\/bit.ly\/2JzGE5K\" target=\"_blank\" rel=\"noopener\">ilustradora<\/a>. \u00c9 estudante na Escola de Belas Artes da\u00a0<a href=\"http:\/\/bit.ly\/2KgADIe\" target=\"_blank\" rel=\"noopener\">UFRJ<\/a>, mulher negra e moradora da\u00a0<a href=\"http:\/\/bit.ly\/2x3k8bw\" target=\"_blank\" rel=\"noopener\">Zona Oeste<\/a>\u00a0do Rio.<\/em><\/p>\n<p><em>Esta mat\u00e9ria faz parte da\u00a0s\u00e9rie antirracista do RioOnWatch.<\/em>\u00a0<em>Conhe\u00e7a o nosso projeto que trouxe conte\u00fados midi\u00e1ticos semanais ao longo de 2021\u2014<a href=\"https:\/\/bit.ly\/SerieAntirracista\" target=\"_blank\" rel=\"noopener\">Enraizando o Antirracismo nas Favelas: Desconstruindo Narrativas Sociais sobre Racismo no Rio de Janeiro<\/a>.<\/em><\/p>\n<h4><b data-stringify-type=\"bold\">Compartilhe com a gente a sua opini\u00e3o sobre essa mat\u00e9ria\u00a0<\/b><b data-stringify-type=\"bold\"><a class=\"c-link\" href=\"https:\/\/bit.ly\/OpineAntirracismo\" target=\"_blank\" rel=\"noopener noreferrer\" data-stringify-link=\"https:\/\/docs.google.com\/forms\/d\/e\/1FAIpQLSc6PJwxQ0eapYlfSfsr8fyibg8ODzXKpGhJjXe2-8Bbxrtp1g\/viewform\" data-sk=\"tooltip_parent\">clicando aqui<\/a>.<\/b><\/h4>\n<hr \/>\n<h4><strong>Apoie nossos esfor\u00e7os para fornecer assist\u00eancia estrat\u00e9gica \u00e0s favelas do Rio, incluindo o jornalismo hiperlocal, cr\u00edtico, inovador e incans\u00e1vel do\u00a0<em>RioOnWatch<\/em><\/strong>\u2014<a href=\"http:\/\/bit.ly\/CatalisandoComunidades\" target=\"_blank\" rel=\"noopener\">doe aqui<\/a>.<\/h4>\n<!-- AddThis Advanced Settings generic via filter on the_content --><!-- AddThis Share Buttons generic via filter on the_content -->","protected":false},"excerpt":{"rendered":"<div class=\"mh-excerpt\"><p>Click Here for English Este mat\u00e9ria\u00a0faz parte da s\u00e9rie antirracista do RioOnWatch.\u00a0Especialmente neste m\u00eas, que celebramos a\u00a0Consci\u00eancia Negra, convidamos voc\u00ea a conhecer o nosso projeto que trouxe conte\u00fados midi\u00e1ticos semanais ao longo de 2021\u2014Enraizando o <a class=\"mh-excerpt-more\" href=\"https:\/\/rioonwatch.org.br\/?p=59064\" title=\"Racismo e o Of\u00edcio de Empregada Dom\u00e9stica [PODCAST]\">[&#8230;]<\/a><!-- AddThis Advanced Settings generic via filter on get_the_excerpt --><!-- AddThis Share Buttons generic via filter on get_the_excerpt --><\/p>\n<\/div>","protected":false},"author":167,"featured_media":59076,"comment_status":"closed","ping_status":"closed","sticky":false,"template":"template-full.php","format":"standard","meta":{"_acf_changed":false,"_monsterinsights_skip_tracking":false,"_monsterinsights_sitenote_active":false,"_monsterinsights_sitenote_note":"","_monsterinsights_sitenote_category":0,"footnotes":""},"categories":[1621,1631,1629,2985,1625,1633],"tags":[386,3253,959,1696,2980,931,368,2070,876,316,511,915,3109,961,285,3110,2369,2974,578,1364,30,2387,218,383],"writer":[2676],"translator":[],"source":[],"ilustrador":[3101],"fotografo":[],"class_list":{"0":"post-59064","1":"post","2":"type-post","3":"status-publish","4":"format-standard","5":"has-post-thumbnail","7":"category-destaque","8":"category-entendendo-o-rio","9":"category-entrevistas-e-perfis","10":"category-podcast","11":"category-por-correspondentes-comunitarios","12":"category-foto-reportagens","13":"tag-estigma","14":"tag-antirracismo","15":"tag-baixada-fluminense","16":"tag-botafogo","17":"tag-branquitude","18":"tag-copacabana","19":"tag-cordovil","20":"tag-direito-a-educacao","21":"tag-direitos-da-crianca","22":"tag-educacao","23":"tag-literatura","24":"tag-mes-da-consciencia-negra","25":"tag-minas-gerais","26":"tag-nova-iguacu","27":"tag-parada-de-lucas","28":"tag-parana","29":"tag-sao-conrado","30":"tag-serie-antirracismo","31":"tag-trabalho-e-renda","32":"tag-violacoes","33":"tag-violencia","34":"tag-violencia-contra-a-mulher","35":"tag-zona-norte","36":"tag-zona-sul","37":"writer-neuza-nascimento","38":"ilustrador-raquel-batista"},"acf":[],"yoast_head":"<!-- This site is optimized with the Yoast SEO plugin v25.6 - https:\/\/yoast.com\/wordpress\/plugins\/seo\/ -->\n<title>Racismo e o Of\u00edcio de Empregada Dom\u00e9stica [PODCAST] - RioOnWatch<\/title>\n<meta name=\"robots\" content=\"index, follow, max-snippet:-1, max-image-preview:large, max-video-preview:-1\" \/>\n<link rel=\"canonical\" href=\"https:\/\/rioonwatch.org.br\/?p=59064\" \/>\n<meta property=\"og:locale\" content=\"pt_BR\" \/>\n<meta property=\"og:type\" content=\"article\" \/>\n<meta property=\"og:title\" content=\"Racismo e o Of\u00edcio de Empregada Dom\u00e9stica [PODCAST] - RioOnWatch\" \/>\n<meta property=\"og:description\" content=\"Click Here for English Este mat\u00e9ria\u00a0faz parte da s\u00e9rie antirracista do RioOnWatch.\u00a0Especialmente neste m\u00eas, que celebramos a\u00a0Consci\u00eancia Negra, convidamos voc\u00ea a conhecer o nosso projeto que trouxe conte\u00fados midi\u00e1ticos semanais ao longo de 2021\u2014Enraizando o [...]\" \/>\n<meta property=\"og:url\" content=\"https:\/\/rioonwatch.org.br\/?p=59064\" \/>\n<meta property=\"og:site_name\" content=\"RioOnWatch\" \/>\n<meta property=\"article:published_time\" content=\"2021-11-20T18:06:41+00:00\" \/>\n<meta property=\"article:modified_time\" content=\"2026-01-24T18:39:00+00:00\" \/>\n<meta property=\"og:image\" content=\"https:\/\/rioonwatch.org.br\/wp-content\/uploads\/2021\/10\/Arte-original-por-Raquel-Batista.jpeg\" \/>\n\t<meta property=\"og:image:width\" content=\"1280\" \/>\n\t<meta property=\"og:image:height\" content=\"545\" \/>\n\t<meta property=\"og:image:type\" content=\"image\/jpeg\" \/>\n<meta name=\"author\" content=\"Julio Santos Filho\" \/>\n<meta name=\"twitter:card\" content=\"summary_large_image\" \/>\n<meta name=\"twitter:label1\" content=\"Escrito por\" \/>\n\t<meta name=\"twitter:data1\" content=\"Julio Santos Filho\" \/>\n\t<meta name=\"twitter:label2\" content=\"Est. tempo de leitura\" \/>\n\t<meta name=\"twitter:data2\" content=\"19 minutos\" \/>\n<script type=\"application\/ld+json\" class=\"yoast-schema-graph\">{\"@context\":\"https:\/\/schema.org\",\"@graph\":[{\"@type\":\"Article\",\"@id\":\"https:\/\/rioonwatch.org.br\/?p=59064#article\",\"isPartOf\":{\"@id\":\"https:\/\/rioonwatch.org.br\/?p=59064\"},\"author\":{\"name\":\"Julio Santos Filho\",\"@id\":\"https:\/\/rioonwatch.org.br\/#\/schema\/person\/476bc75767957d3535b65b796667cd36\"},\"headline\":\"Racismo e o Of\u00edcio de Empregada Dom\u00e9stica [PODCAST]\",\"datePublished\":\"2021-11-20T18:06:41+00:00\",\"dateModified\":\"2026-01-24T18:39:00+00:00\",\"mainEntityOfPage\":{\"@id\":\"https:\/\/rioonwatch.org.br\/?p=59064\"},\"wordCount\":4076,\"publisher\":{\"@id\":\"https:\/\/rioonwatch.org.br\/#organization\"},\"image\":{\"@id\":\"https:\/\/rioonwatch.org.br\/?p=59064#primaryimage\"},\"thumbnailUrl\":\"https:\/\/rioonwatch.org.br\/wp-content\/uploads\/2021\/10\/Arte-original-por-Raquel-Batista.jpeg\",\"keywords\":[\"#StopFavelaStigma\",\"Antirracismo\",\"Baixada Fluminense\",\"Botafogo\",\"branquitude\",\"Copacabana\",\"Cordovil\",\"direito \u00e0 educa\u00e7\u00e3o\",\"direitos da crian\u00e7a\",\"educa\u00e7\u00e3o\",\"literatura\",\"M\u00eas da Consci\u00eancia Negra\",\"Minas Gerais\",\"Nova Igua\u00e7u\",\"Parada de Lucas\",\"Paran\u00e1\",\"S\u00e3o Conrado\",\"S\u00e9rie: Antirracismo\",\"Trabalho e renda\",\"viola\u00e7\u00f5es\",\"viol\u00eancia\",\"viol\u00eancia contra a mulher\",\"Zona Norte\",\"Zona Sul\"],\"articleSection\":[\"*Destaque\",\"Entendendo o Rio\",\"Entrevistas e Perfis\",\"Epis\u00f3dios de Podcast\",\"Escrito por Comunicadores Populares\",\"Fotorreportagens\"],\"inLanguage\":\"pt-BR\"},{\"@type\":\"WebPage\",\"@id\":\"https:\/\/rioonwatch.org.br\/?p=59064\",\"url\":\"https:\/\/rioonwatch.org.br\/?p=59064\",\"name\":\"Racismo e o Of\u00edcio de Empregada Dom\u00e9stica [PODCAST] - RioOnWatch\",\"isPartOf\":{\"@id\":\"https:\/\/rioonwatch.org.br\/#website\"},\"primaryImageOfPage\":{\"@id\":\"https:\/\/rioonwatch.org.br\/?p=59064#primaryimage\"},\"image\":{\"@id\":\"https:\/\/rioonwatch.org.br\/?p=59064#primaryimage\"},\"thumbnailUrl\":\"https:\/\/rioonwatch.org.br\/wp-content\/uploads\/2021\/10\/Arte-original-por-Raquel-Batista.jpeg\",\"datePublished\":\"2021-11-20T18:06:41+00:00\",\"dateModified\":\"2026-01-24T18:39:00+00:00\",\"breadcrumb\":{\"@id\":\"https:\/\/rioonwatch.org.br\/?p=59064#breadcrumb\"},\"inLanguage\":\"pt-BR\",\"potentialAction\":[{\"@type\":\"ReadAction\",\"target\":[\"https:\/\/rioonwatch.org.br\/?p=59064\"]}]},{\"@type\":\"ImageObject\",\"inLanguage\":\"pt-BR\",\"@id\":\"https:\/\/rioonwatch.org.br\/?p=59064#primaryimage\",\"url\":\"https:\/\/rioonwatch.org.br\/wp-content\/uploads\/2021\/10\/Arte-original-por-Raquel-Batista.jpeg\",\"contentUrl\":\"https:\/\/rioonwatch.org.br\/wp-content\/uploads\/2021\/10\/Arte-original-por-Raquel-Batista.jpeg\",\"width\":1280,\"height\":545,\"caption\":\"Arte original por Raquel Batista\"},{\"@type\":\"BreadcrumbList\",\"@id\":\"https:\/\/rioonwatch.org.br\/?p=59064#breadcrumb\",\"itemListElement\":[{\"@type\":\"ListItem\",\"position\":1,\"name\":\"In\u00edcio\",\"item\":\"https:\/\/rioonwatch.org.br\/\"},{\"@type\":\"ListItem\",\"position\":2,\"name\":\"Racismo e o Of\u00edcio de Empregada Dom\u00e9stica [PODCAST]\"}]},{\"@type\":\"WebSite\",\"@id\":\"https:\/\/rioonwatch.org.br\/#website\",\"url\":\"https:\/\/rioonwatch.org.br\/\",\"name\":\"RioOnWatch\",\"description\":\"relatos das favelas cariocas\",\"publisher\":{\"@id\":\"https:\/\/rioonwatch.org.br\/#organization\"},\"potentialAction\":[{\"@type\":\"SearchAction\",\"target\":{\"@type\":\"EntryPoint\",\"urlTemplate\":\"https:\/\/rioonwatch.org.br\/?s={search_term_string}\"},\"query-input\":{\"@type\":\"PropertyValueSpecification\",\"valueRequired\":true,\"valueName\":\"search_term_string\"}}],\"inLanguage\":\"pt-BR\"},{\"@type\":\"Organization\",\"@id\":\"https:\/\/rioonwatch.org.br\/#organization\",\"name\":\"RioOnWatch\",\"url\":\"https:\/\/rioonwatch.org.br\/\",\"logo\":{\"@type\":\"ImageObject\",\"inLanguage\":\"pt-BR\",\"@id\":\"https:\/\/rioonwatch.org.br\/#\/schema\/logo\/image\/\",\"url\":\"https:\/\/rioonwatch.org.br\/wp-content\/uploads\/2021\/06\/RioOnWatchcabecalhoPT11anos-2.png\",\"contentUrl\":\"https:\/\/rioonwatch.org.br\/wp-content\/uploads\/2021\/06\/RioOnWatchcabecalhoPT11anos-2.png\",\"width\":779,\"height\":277,\"caption\":\"RioOnWatch\"},\"image\":{\"@id\":\"https:\/\/rioonwatch.org.br\/#\/schema\/logo\/image\/\"}},{\"@type\":\"Person\",\"@id\":\"https:\/\/rioonwatch.org.br\/#\/schema\/person\/476bc75767957d3535b65b796667cd36\",\"name\":\"Julio Santos Filho\",\"image\":{\"@type\":\"ImageObject\",\"inLanguage\":\"pt-BR\",\"@id\":\"https:\/\/rioonwatch.org.br\/#\/schema\/person\/image\/\",\"url\":\"https:\/\/secure.gravatar.com\/avatar\/ca138f7666182a292a8ce4ca14fb81f8?s=96&d=blank&r=g\",\"contentUrl\":\"https:\/\/secure.gravatar.com\/avatar\/ca138f7666182a292a8ce4ca14fb81f8?s=96&d=blank&r=g\",\"caption\":\"Julio Santos Filho\"},\"url\":\"https:\/\/rioonwatch.org.br\/?author=167\"}]}<\/script>\n<!-- \/ Yoast SEO plugin. -->","yoast_head_json":{"title":"Racismo e o Of\u00edcio de Empregada Dom\u00e9stica [PODCAST] - RioOnWatch","robots":{"index":"index","follow":"follow","max-snippet":"max-snippet:-1","max-image-preview":"max-image-preview:large","max-video-preview":"max-video-preview:-1"},"canonical":"https:\/\/rioonwatch.org.br\/?p=59064","og_locale":"pt_BR","og_type":"article","og_title":"Racismo e o Of\u00edcio de Empregada Dom\u00e9stica [PODCAST] - RioOnWatch","og_description":"Click Here for English Este mat\u00e9ria\u00a0faz parte da s\u00e9rie antirracista do RioOnWatch.\u00a0Especialmente neste m\u00eas, que celebramos a\u00a0Consci\u00eancia Negra, convidamos voc\u00ea a conhecer o nosso projeto que trouxe conte\u00fados midi\u00e1ticos semanais ao longo de 2021\u2014Enraizando o [...]","og_url":"https:\/\/rioonwatch.org.br\/?p=59064","og_site_name":"RioOnWatch","article_published_time":"2021-11-20T18:06:41+00:00","article_modified_time":"2026-01-24T18:39:00+00:00","og_image":[{"width":1280,"height":545,"url":"https:\/\/rioonwatch.org.br\/wp-content\/uploads\/2021\/10\/Arte-original-por-Raquel-Batista.jpeg","type":"image\/jpeg"}],"author":"Julio Santos Filho","twitter_card":"summary_large_image","twitter_misc":{"Escrito por":"Julio Santos Filho","Est. tempo de leitura":"19 minutos"},"schema":{"@context":"https:\/\/schema.org","@graph":[{"@type":"Article","@id":"https:\/\/rioonwatch.org.br\/?p=59064#article","isPartOf":{"@id":"https:\/\/rioonwatch.org.br\/?p=59064"},"author":{"name":"Julio Santos Filho","@id":"https:\/\/rioonwatch.org.br\/#\/schema\/person\/476bc75767957d3535b65b796667cd36"},"headline":"Racismo e o Of\u00edcio de Empregada Dom\u00e9stica [PODCAST]","datePublished":"2021-11-20T18:06:41+00:00","dateModified":"2026-01-24T18:39:00+00:00","mainEntityOfPage":{"@id":"https:\/\/rioonwatch.org.br\/?p=59064"},"wordCount":4076,"publisher":{"@id":"https:\/\/rioonwatch.org.br\/#organization"},"image":{"@id":"https:\/\/rioonwatch.org.br\/?p=59064#primaryimage"},"thumbnailUrl":"https:\/\/rioonwatch.org.br\/wp-content\/uploads\/2021\/10\/Arte-original-por-Raquel-Batista.jpeg","keywords":["#StopFavelaStigma","Antirracismo","Baixada Fluminense","Botafogo","branquitude","Copacabana","Cordovil","direito \u00e0 educa\u00e7\u00e3o","direitos da crian\u00e7a","educa\u00e7\u00e3o","literatura","M\u00eas da Consci\u00eancia Negra","Minas Gerais","Nova Igua\u00e7u","Parada de Lucas","Paran\u00e1","S\u00e3o Conrado","S\u00e9rie: Antirracismo","Trabalho e renda","viola\u00e7\u00f5es","viol\u00eancia","viol\u00eancia contra a mulher","Zona Norte","Zona Sul"],"articleSection":["*Destaque","Entendendo o Rio","Entrevistas e Perfis","Epis\u00f3dios de Podcast","Escrito por Comunicadores Populares","Fotorreportagens"],"inLanguage":"pt-BR"},{"@type":"WebPage","@id":"https:\/\/rioonwatch.org.br\/?p=59064","url":"https:\/\/rioonwatch.org.br\/?p=59064","name":"Racismo e o Of\u00edcio de Empregada Dom\u00e9stica [PODCAST] - RioOnWatch","isPartOf":{"@id":"https:\/\/rioonwatch.org.br\/#website"},"primaryImageOfPage":{"@id":"https:\/\/rioonwatch.org.br\/?p=59064#primaryimage"},"image":{"@id":"https:\/\/rioonwatch.org.br\/?p=59064#primaryimage"},"thumbnailUrl":"https:\/\/rioonwatch.org.br\/wp-content\/uploads\/2021\/10\/Arte-original-por-Raquel-Batista.jpeg","datePublished":"2021-11-20T18:06:41+00:00","dateModified":"2026-01-24T18:39:00+00:00","breadcrumb":{"@id":"https:\/\/rioonwatch.org.br\/?p=59064#breadcrumb"},"inLanguage":"pt-BR","potentialAction":[{"@type":"ReadAction","target":["https:\/\/rioonwatch.org.br\/?p=59064"]}]},{"@type":"ImageObject","inLanguage":"pt-BR","@id":"https:\/\/rioonwatch.org.br\/?p=59064#primaryimage","url":"https:\/\/rioonwatch.org.br\/wp-content\/uploads\/2021\/10\/Arte-original-por-Raquel-Batista.jpeg","contentUrl":"https:\/\/rioonwatch.org.br\/wp-content\/uploads\/2021\/10\/Arte-original-por-Raquel-Batista.jpeg","width":1280,"height":545,"caption":"Arte original por Raquel Batista"},{"@type":"BreadcrumbList","@id":"https:\/\/rioonwatch.org.br\/?p=59064#breadcrumb","itemListElement":[{"@type":"ListItem","position":1,"name":"In\u00edcio","item":"https:\/\/rioonwatch.org.br\/"},{"@type":"ListItem","position":2,"name":"Racismo e o Of\u00edcio de Empregada Dom\u00e9stica [PODCAST]"}]},{"@type":"WebSite","@id":"https:\/\/rioonwatch.org.br\/#website","url":"https:\/\/rioonwatch.org.br\/","name":"RioOnWatch","description":"relatos das favelas cariocas","publisher":{"@id":"https:\/\/rioonwatch.org.br\/#organization"},"potentialAction":[{"@type":"SearchAction","target":{"@type":"EntryPoint","urlTemplate":"https:\/\/rioonwatch.org.br\/?s={search_term_string}"},"query-input":{"@type":"PropertyValueSpecification","valueRequired":true,"valueName":"search_term_string"}}],"inLanguage":"pt-BR"},{"@type":"Organization","@id":"https:\/\/rioonwatch.org.br\/#organization","name":"RioOnWatch","url":"https:\/\/rioonwatch.org.br\/","logo":{"@type":"ImageObject","inLanguage":"pt-BR","@id":"https:\/\/rioonwatch.org.br\/#\/schema\/logo\/image\/","url":"https:\/\/rioonwatch.org.br\/wp-content\/uploads\/2021\/06\/RioOnWatchcabecalhoPT11anos-2.png","contentUrl":"https:\/\/rioonwatch.org.br\/wp-content\/uploads\/2021\/06\/RioOnWatchcabecalhoPT11anos-2.png","width":779,"height":277,"caption":"RioOnWatch"},"image":{"@id":"https:\/\/rioonwatch.org.br\/#\/schema\/logo\/image\/"}},{"@type":"Person","@id":"https:\/\/rioonwatch.org.br\/#\/schema\/person\/476bc75767957d3535b65b796667cd36","name":"Julio Santos Filho","image":{"@type":"ImageObject","inLanguage":"pt-BR","@id":"https:\/\/rioonwatch.org.br\/#\/schema\/person\/image\/","url":"https:\/\/secure.gravatar.com\/avatar\/ca138f7666182a292a8ce4ca14fb81f8?s=96&d=blank&r=g","contentUrl":"https:\/\/secure.gravatar.com\/avatar\/ca138f7666182a292a8ce4ca14fb81f8?s=96&d=blank&r=g","caption":"Julio Santos Filho"},"url":"https:\/\/rioonwatch.org.br\/?author=167"}]}},"_links":{"self":[{"href":"https:\/\/rioonwatch.org.br\/index.php?rest_route=\/wp\/v2\/posts\/59064"}],"collection":[{"href":"https:\/\/rioonwatch.org.br\/index.php?rest_route=\/wp\/v2\/posts"}],"about":[{"href":"https:\/\/rioonwatch.org.br\/index.php?rest_route=\/wp\/v2\/types\/post"}],"author":[{"embeddable":true,"href":"https:\/\/rioonwatch.org.br\/index.php?rest_route=\/wp\/v2\/users\/167"}],"replies":[{"embeddable":true,"href":"https:\/\/rioonwatch.org.br\/index.php?rest_route=%2Fwp%2Fv2%2Fcomments&post=59064"}],"version-history":[{"count":21,"href":"https:\/\/rioonwatch.org.br\/index.php?rest_route=\/wp\/v2\/posts\/59064\/revisions"}],"predecessor-version":[{"id":80982,"href":"https:\/\/rioonwatch.org.br\/index.php?rest_route=\/wp\/v2\/posts\/59064\/revisions\/80982"}],"wp:featuredmedia":[{"embeddable":true,"href":"https:\/\/rioonwatch.org.br\/index.php?rest_route=\/wp\/v2\/media\/59076"}],"wp:attachment":[{"href":"https:\/\/rioonwatch.org.br\/index.php?rest_route=%2Fwp%2Fv2%2Fmedia&parent=59064"}],"wp:term":[{"taxonomy":"category","embeddable":true,"href":"https:\/\/rioonwatch.org.br\/index.php?rest_route=%2Fwp%2Fv2%2Fcategories&post=59064"},{"taxonomy":"post_tag","embeddable":true,"href":"https:\/\/rioonwatch.org.br\/index.php?rest_route=%2Fwp%2Fv2%2Ftags&post=59064"},{"taxonomy":"writer","embeddable":true,"href":"https:\/\/rioonwatch.org.br\/index.php?rest_route=%2Fwp%2Fv2%2Fwriter&post=59064"},{"taxonomy":"translator","embeddable":true,"href":"https:\/\/rioonwatch.org.br\/index.php?rest_route=%2Fwp%2Fv2%2Ftranslator&post=59064"},{"taxonomy":"source","embeddable":true,"href":"https:\/\/rioonwatch.org.br\/index.php?rest_route=%2Fwp%2Fv2%2Fsource&post=59064"},{"taxonomy":"ilustrador","embeddable":true,"href":"https:\/\/rioonwatch.org.br\/index.php?rest_route=%2Fwp%2Fv2%2Filustrador&post=59064"},{"taxonomy":"fotografo","embeddable":true,"href":"https:\/\/rioonwatch.org.br\/index.php?rest_route=%2Fwp%2Fv2%2Ffotografo&post=59064"}],"curies":[{"name":"wp","href":"https:\/\/api.w.org\/{rel}","templated":true}]}}