{"id":59405,"date":"2021-11-29T10:47:12","date_gmt":"2021-11-29T13:47:12","guid":{"rendered":"https:\/\/rioonwatch.org.br\/?p=59405"},"modified":"2022-07-28T13:37:08","modified_gmt":"2022-07-28T16:37:08","slug":"mobilizadores-buscam-solucoes-criativas-para-combater-a-evasao-escolar-na-pandemia","status":"publish","type":"post","link":"https:\/\/rioonwatch.org.br\/?p=59405","title":{"rendered":"Mobilizadores da Cidade de Deus \u00e0 Baixada Fluminense Buscam Solu\u00e7\u00f5es para Combater a Evas\u00e3o Escolar na Pandemia"},"content":{"rendered":"<p style=\"text-align: right;\"><em><strong><a href=\"https:\/\/bit.ly\/3z7aFPS\" target=\"_blank\" rel=\"noopener noreferrer\">Click Here for English<\/a><a href=\"https:\/\/bit.ly\/3z7aFPS\" target=\"_blank\" rel=\"noopener noreferrer\"><img decoding=\"async\" class=\"alignright wp-image-15790\" src=\"https:\/\/rioonwatch.org.br\/wp-content\/uploads\/2012\/08\/EN-standard-e1439583104716.jpg\" alt=\"\" width=\"20\" height=\"20\" \/><\/a><\/strong><\/em><\/p>\n<p><em>Esta mat\u00e9ria\u00a0<i data-stringify-type=\"italic\">faz parte de\u00a0<a href=\"https:\/\/bit.ly\/ROWeNECLES\" target=\"_blank\" rel=\"noopener noreferrer\">uma s\u00e9rie<\/a>\u00a0gerada por uma parceria do RioOnWatch com o\u00a0<a href=\"https:\/\/bit.ly\/33EFNGY\" target=\"_blank\" rel=\"noopener noreferrer\">N\u00facleo de Estudos Cr\u00edticos em Linguagem, Educa\u00e7\u00e3o e Sociedade (NECLES)<\/a>, da UFF, para produzir mat\u00e9rias que ser\u00e3o utilizadas como\u00a0recursos pedag\u00f3gicos em escolas p\u00fablicas de Niter\u00f3i.<\/i><\/em><\/p>\n<p><span style=\"font-weight: 400;\">A pandemia da Covid-19 <a href=\"https:\/\/bit.ly\/3G0qo5t\" target=\"_blank\" rel=\"noopener\">amplificou as desigualdades sociais<\/a>. A \u00e1rea da educa\u00e7\u00e3o foi uma das mais afetadas. Com as aulas temporariamente paralisadas e, posteriormente, realizadas de modo <\/span><i><span style=\"font-weight: 400;\">online<\/span><\/i><span style=\"font-weight: 400;\">, a <a href=\"https:\/\/bit.ly\/3p3ErQS\" target=\"_blank\" rel=\"noopener\">evas\u00e3o escolar aumentou<\/a>, especialmente <a href=\"https:\/\/bit.ly\/32wJTnC\" target=\"_blank\" rel=\"noopener\">entre os que moram em regi\u00f5es perif\u00e9ricas<\/a>. Para evitar que mais estudantes deixem os estudos, iniciativas criativas t\u00eam sido criadas ou expandidas, como o <a href=\"https:\/\/bit.ly\/32pyvd3\" target=\"_blank\" rel=\"noopener\">Caixote do Saber<\/a> e o <a href=\"https:\/\/bit.ly\/3xk1Lxb\" target=\"_blank\" rel=\"noopener\">Projeto Inclus\u00e3o<\/a>.<\/span><\/p>\n<p><span style=\"font-weight: 400;\">De forma virtual, crian\u00e7as e adolescentes moradores de favelas e periferias do Brasil tiveram o conte\u00fado escolar afetado pela <a href=\"https:\/\/bit.ly\/30mm3ar\" target=\"_blank\" rel=\"noopener\">falta de acesso \u00e0 internet<\/a>.\u00a0<\/span><span style=\"font-weight: 400;\">De acordo com o estudo <\/span><span style=\"font-weight: 400;\">\u201c<\/span><a href=\"https:\/\/uni.cf\/3xiNUaD\" target=\"_blank\" rel=\"noopener\"><span style=\"font-weight: 400;\">Enfrentamento da cultura do fracasso escolar<\/span><\/a><span style=\"font-weight: 400;\">\u201d<\/span><span style=\"font-weight: 400;\">, <\/span><span style=\"font-weight: 400;\">cerca de 5,5 milh\u00f5es de estudantes ficaram sem acesso \u00e0 educa\u00e7\u00e3o no Brasil, quase o dobro do percentual de 2019. O levantamento realizado pela Unicef, no ano passado, revelou tamb\u00e9m que cerca de 1,4 milh\u00f5es de estudantes com idades entre 6 e 17 anos abandonaram os estudos. <\/span><span style=\"font-weight: 400;\">A aus\u00eancia de atividades tamb\u00e9m foi avaliada pela pesquisa. Embora matriculados e estando fora do per\u00edodo de f\u00e9rias, 4,1 milh\u00f5es de alunos n\u00e3o receberam atividade escolar em 2020.\u00a0<\/span><\/p>\n<p><span style=\"font-weight: 400;\">Diante desse cen\u00e1rio, a ONG <\/span><a href=\"https:\/\/bit.ly\/3xlLk3m\" target=\"_blank\" rel=\"noopener\"><span style=\"font-weight: 400;\">N\u00f3iz<\/span><\/a><span style=\"font-weight: 400;\">\u00a0est\u00e1 buscando formas criativas de ensino e cultura para apoiar moradores da <\/span><a href=\"http:\/\/bit.ly\/2rF8MuX\" target=\"_blank\" rel=\"noopener\"><span style=\"font-weight: 400;\">Cidade de Deus<\/span><\/a><span style=\"font-weight: 400;\">, na <a href=\"https:\/\/bit.ly\/2VcmBwc\" target=\"_blank\" rel=\"noopener\">Zona Oeste<\/a>. Em 2018, o projeto contava com a ajuda de m\u00e9dicos dermatologistas, para consultas em crian\u00e7as que sofriam problemas de pele, provocados muitas vezes pelo esgoto a c\u00e9u aberto, na \u00e1rea do Brejo, <\/span><span style=\"font-weight: 400;\">uma localidade da comunidade com barracos sem acesso \u00e0 \u00e1gua e \u00e0 luz.\u00a0<\/span><\/p>\n<p><span style=\"font-weight: 400;\">O presidente da organiza\u00e7\u00e3o, Andr\u00e9 Melo, com a ajuda de tr\u00eas amigos, pensou em uma proposta que fosse al\u00e9m do <a href=\"https:\/\/bit.ly\/3p6PHff\" target=\"_blank\" rel=\"noopener\">assistencialismo<\/a>. \u201cEncaramos a doa\u00e7\u00e3o de forma muito consciente. A doa\u00e7\u00e3o \u00e9 muito paliativa. Voc\u00ea d\u00e1 um prato de comida para algu\u00e9m e ela vai sentir fome de novo. O assistencialismo \u00e9 importante, mas nunca foi o nosso foco. Sempre acreditamos na capacita\u00e7\u00e3o das pessoas, seja atrav\u00e9s do esporte ou da cultura. Acreditamos em uma proposta mais ampla.\u201d<\/span><\/p>\n<p><a href=\"https:\/\/rioonwatch.org.br\/wp-content\/uploads\/2021\/11\/Reforco-Noiz-Projeto-foto-1.jpeg\"><img fetchpriority=\"high\" decoding=\"async\" class=\"aligncenter wp-image-59418\" title=\"O refor\u00e7o escolar por volunt\u00e1rios da ONG N\u00f3iz. Foto: Andr\u00e9 Melo\/divulga\u00e7\u00e3o \" src=\"https:\/\/rioonwatch.org.br\/wp-content\/uploads\/2021\/11\/Reforco-Noiz-Projeto-foto-1.jpeg\" alt=\"\" width=\"1030\" height=\"771\" srcset=\"https:\/\/rioonwatch.org.br\/wp-content\/uploads\/2021\/11\/Reforco-Noiz-Projeto-foto-1.jpeg 1280w, https:\/\/rioonwatch.org.br\/wp-content\/uploads\/2021\/11\/Reforco-Noiz-Projeto-foto-1-620x464.jpeg 620w, https:\/\/rioonwatch.org.br\/wp-content\/uploads\/2021\/11\/Reforco-Noiz-Projeto-foto-1-840x629.jpeg 840w, https:\/\/rioonwatch.org.br\/wp-content\/uploads\/2021\/11\/Reforco-Noiz-Projeto-foto-1-768x575.jpeg 768w, https:\/\/rioonwatch.org.br\/wp-content\/uploads\/2021\/11\/Reforco-Noiz-Projeto-foto-1-678x509.jpeg 678w, https:\/\/rioonwatch.org.br\/wp-content\/uploads\/2021\/11\/Reforco-Noiz-Projeto-foto-1-326x245.jpeg 326w, https:\/\/rioonwatch.org.br\/wp-content\/uploads\/2021\/11\/Reforco-Noiz-Projeto-foto-1-80x60.jpeg 80w\" sizes=\"(max-width: 1030px) 100vw, 1030px\" \/><\/a><\/p>\n<p><span style=\"font-weight: 400;\">O Brejo foi o local da primeira sede da N\u00f3iz, um barraco de madeira com pouca infraestrutura. Em seguida, em 2019, contando com parceiros, a equipe recebeu um pr\u00e9dio sem vida, com hist\u00f3rico de abandono do poder p\u00fablico, situado na \u00e1rea do Karat\u00ea. A solu\u00e7\u00e3o encontrada foi a realiza\u00e7\u00e3o de um evento de grafite para colorir as paredes da nova casa. Independente da estrutura, o grupo buscou preservar a identidade baseada na educa\u00e7\u00e3o e no desenvolvimento, oferecendo atividades diversas como artes marciais, cursos de tecnologia, pr\u00e9-vestibular, entre outras. Atualmente, com a chegada da pandemia, a iniciativa precisou distribuir m\u00e1scaras, \u00e1lcool em gel e cestas b\u00e1sicas. At\u00e9 agora foram distribu\u00eddas 20 toneladas de alimento.<\/span><\/p>\n<p><a href=\"https:\/\/rioonwatch.org.br\/wp-content\/uploads\/2021\/11\/Nova-sede-do-Noiz-foto-3.jpeg\"><img decoding=\"async\" class=\"aligncenter wp-image-59415\" title=\"A sede da organiza\u00e7\u00e3o \u00e9 fruto de doa\u00e7\u00e3o e dedica\u00e7\u00e3o. Foto: Andr\u00e9 Melo\/divulga\u00e7\u00e3o\" src=\"https:\/\/rioonwatch.org.br\/wp-content\/uploads\/2021\/11\/Nova-sede-do-Noiz-foto-3.jpeg\" alt=\"\" width=\"1030\" height=\"686\" srcset=\"https:\/\/rioonwatch.org.br\/wp-content\/uploads\/2021\/11\/Nova-sede-do-Noiz-foto-3.jpeg 1280w, https:\/\/rioonwatch.org.br\/wp-content\/uploads\/2021\/11\/Nova-sede-do-Noiz-foto-3-620x413.jpeg 620w, https:\/\/rioonwatch.org.br\/wp-content\/uploads\/2021\/11\/Nova-sede-do-Noiz-foto-3-945x629.jpeg 945w, https:\/\/rioonwatch.org.br\/wp-content\/uploads\/2021\/11\/Nova-sede-do-Noiz-foto-3-768x511.jpeg 768w\" sizes=\"(max-width: 1030px) 100vw, 1030px\" \/><\/a><\/p>\n<p><span style=\"font-weight: 400;\">Neste per\u00edodo pand\u00eamico, a N\u00f3iz decidiu manter as a\u00e7\u00f5es educacionais, diante do forte apelo dos pais das mais de 60 crian\u00e7as atendidas pela iniciativa. Uma dessas a\u00e7\u00f5es \u00e9 o <\/span><a href=\"https:\/\/bit.ly\/3l7Wfcd\" target=\"_blank\" rel=\"noopener\"><span style=\"font-weight: 400;\">Caixote do Saber<\/span><\/a><span style=\"font-weight: 400;\">. A ideia de criar minibibliotecas surgiu em julho de 2020, quando volunt\u00e1rios da Noiz uniram esfor\u00e7os para diminuir o tempo vago dos estudantes na Cidade de Deus. No total s\u00e3o quatro pontos fixos nas localidades do Brejo, Pantanal, Tangar\u00e1 e Ap\u00eas. As minibibliotecas receberam doa\u00e7\u00f5es de mais de 1.500 livros, por meio de campanhas em redes sociais e de pessoas que se interessam em ajudar. Os moradores podem pegar emprestado os exemplares, ou l\u00ea-los no pr\u00f3prio local.<\/span><\/p>\n<p><span style=\"font-weight: 400;\">Hoje, o Caixote do Saber est\u00e1 na Escola Municipal Frederico Eyer, com rodas de leituras para aumentar a intera\u00e7\u00e3o entre os alunos e os professores. Andr\u00e9 Melo, observa que a iniciativa tem cumprido um papel de est\u00edmulo \u00e0 leitura na comunidade. \u201cQuando a gente coloca o caixote, o brilho nos olhos das crian\u00e7as \u00e9 contagiante. Tudo \u00e9 uma quest\u00e3o de oportunidade e est\u00edmulo\u201d, afirma.<\/span><\/p>\n<p><span style=\"font-weight: 400;\"><a href=\"https:\/\/rioonwatch.org.br\/wp-content\/uploads\/2021\/11\/Duda-e-irmao-foto-5-1.jpeg\"><img loading=\"lazy\" decoding=\"async\" class=\"alignright wp-image-59417\" title=\"Maria Eduarda e seu irm\u00e3o g\u00eameo, Isaque, lendo juntos no Caixote do Saber. Foto: Andr\u00e9 Melo\/divulga\u00e7\u00e3o \" src=\"https:\/\/rioonwatch.org.br\/wp-content\/uploads\/2021\/11\/Duda-e-irmao-foto-5-1.jpeg\" alt=\"\" width=\"300\" height=\"300\" srcset=\"https:\/\/rioonwatch.org.br\/wp-content\/uploads\/2021\/11\/Duda-e-irmao-foto-5-1.jpeg 720w, https:\/\/rioonwatch.org.br\/wp-content\/uploads\/2021\/11\/Duda-e-irmao-foto-5-1-620x620.jpeg 620w, https:\/\/rioonwatch.org.br\/wp-content\/uploads\/2021\/11\/Duda-e-irmao-foto-5-1-629x629.jpeg 629w\" sizes=\"(max-width: 300px) 100vw, 300px\" \/><\/a>A iniciativa ajudou muitos pais. Este \u00e9 o caso de Giovanna Ferreira, catadora de recicl\u00e1veis, que tem seus dois filhos participando da N\u00f3iz: &#8220;Eu tinha medo de deixar minha filha andar sozinha por causa da epilepsia, agora eu deixo porque confio na equipe. A Duda tem 8 anos e est\u00e1 aprendendo a escrever o nome dela. A ONG est\u00e1 ajudando muito ela&#8221;, conta Giovanna.<\/span><\/p>\n<p><span style=\"font-weight: 400;\">Se por um lado o Caixote do Saber tem ajudado a manter o aprendizado entre os estudantes na pandemia, por outro a escola continua apresentando uma s\u00e9rie de obst\u00e1culos para quem mora na periferia. \u201cA professora do col\u00e9gio criou um grupo no <\/span><i><span style=\"font-weight: 400;\">WhatsApp<\/span><\/i><span style=\"font-weight: 400;\"> e passava deveres para copiar no caderno. Precisamos \u2018ca\u00e7ar\u2019 um<\/span><i><span style=\"font-weight: 400;\"> wifi <\/span><\/i><span style=\"font-weight: 400;\">para n\u00e3o deixar as crian\u00e7as sem cumprir as tarefas. Antes a escola dava o cart\u00e3o vale-alimenta\u00e7\u00e3o, agora s\u00f3 para quem tem comorbidade\u201d, conta Giovanna.<\/span><\/p>\n<h3><b>Impactos da Evas\u00e3o Escolar<\/b><\/h3>\n<p>Em linhas gerais, a <a class=\"c-link\" tabindex=\"-1\" href=\"https:\/\/bit.ly\/3x0X1uH\" target=\"_blank\" rel=\"noopener noreferrer\" data-stringify-link=\"https:\/\/bit.ly\/3x0X1uH\" data-sk=\"tooltip_parent\" data-remove-tab-index=\"true\">evas\u00e3o escolar<\/a> acontece quando o estudante n\u00e3o efetua a matr\u00edcula para dar continuidade aos estudos no ano seguinte, diferente do abandono escolar, que ocorre quando o aluno deixa de frequentar as aulas durante o ano letivo. Embora a educa\u00e7\u00e3o fa\u00e7a parte do Artigo 26\u00b0, da <a class=\"c-link\" tabindex=\"-1\" href=\"https:\/\/bit.ly\/3l8Czoz\" target=\"_blank\" rel=\"noopener noreferrer\" data-stringify-link=\"https:\/\/bit.ly\/3l8Czoz\" data-sk=\"tooltip_parent\" data-remove-tab-index=\"true\">Declara\u00e7\u00e3o Universal dos Direitos Humanos (DUDH)<\/a>, a evas\u00e3o e o abandono escolar s\u00e3o realidades ainda n\u00e3o superadas no Brasil.<\/p>\n<p><span style=\"font-weight: 400;\">Rute Andrade, especialista em neuropsicopedagogia, alerta que a evas\u00e3o escolar, se n\u00e3o for levada a s\u00e9rio pelos governantes, ter\u00e1 consequ\u00eancias que s\u00f3 tendem a se multiplicarem. \u201cA falta de educa\u00e7\u00e3o continuada \u00e9 um problema que o poder p\u00fablico deveria intervir. A sala de aula eleva a autoestima, traz seguran\u00e7a e ensina na pr\u00e1tica a ter consci\u00eancia social. Estar fora do col\u00e9gio pode ser um processo doloroso que na vida adulta dificilmente ser\u00e1 superado sem ajuda profissional adequada. A evas\u00e3o escolar e o preconceito podem ser complicadores para uma carreira de sucesso\u201d, avalia.<\/span><\/p>\n<p><span style=\"font-weight: 400;\"><a href=\"https:\/\/rioonwatch.org.br\/wp-content\/uploads\/2021\/11\/Jogo-de-xadrez-foto-8.jpg\"><img loading=\"lazy\" decoding=\"async\" class=\"wp-image-59419 alignright\" title=\"Atrav\u00e9s do jogo de xadrez os pequenos participantes iniciam treino habilidades cognitivas. Foto: Inclus\u00e3o\/divulga\u00e7\u00e3o \" src=\"https:\/\/rioonwatch.org.br\/wp-content\/uploads\/2021\/11\/Jogo-de-xadrez-foto-8.jpg\" alt=\"\" width=\"300\" height=\"169\" srcset=\"https:\/\/rioonwatch.org.br\/wp-content\/uploads\/2021\/11\/Jogo-de-xadrez-foto-8.jpg 960w, https:\/\/rioonwatch.org.br\/wp-content\/uploads\/2021\/11\/Jogo-de-xadrez-foto-8-620x349.jpg 620w, https:\/\/rioonwatch.org.br\/wp-content\/uploads\/2021\/11\/Jogo-de-xadrez-foto-8-768x432.jpg 768w\" sizes=\"(max-width: 300px) 100vw, 300px\" \/><\/a>Com o lema: \u201cO que n\u00f3s n\u00e3o sabemos, a gente aprende\u201d, o casal \u00c9lida Nascimento e Marcos J\u00fanior fundaram o <a href=\"https:\/\/bit.ly\/3cQYFHv\" target=\"_blank\" rel=\"noopener\">Projeto Inclus\u00e3o<\/a> <\/span><span style=\"font-weight: 400;\">no<\/span><span style=\"font-weight: 400;\"> alto do Morro da Aparecida, em <a href=\"http:\/\/bit.ly\/32hi3Hn\" target=\"_blank\" rel=\"noopener\">S\u00e3o Jo\u00e3o de Meriti<\/a>, na Baixada Fluminense. A ideia de promover o aprendizado infanto-juvenil surgiu em 2014. Utilizando a <\/span><a href=\"https:\/\/bit.ly\/3COd7e7\" target=\"_blank\" rel=\"noopener\"><span style=\"font-weight: 400;\">abordagem das m\u00faltiplas intelig\u00eancias<\/span><\/a><span style=\"font-weight: 400;\"> e o atendimento individualizado, o Inclus\u00e3o realiza atividades constantes de refor\u00e7o escolar, atendimento psicol\u00f3gico, esporte e cursos profissionalizantes.\u00a0<\/span><\/p>\n<p><span style=\"font-weight: 400;\">Ap\u00f3s identificar a defasagem escolar que atingia os moradores da comunidade, \u00c9lida, que \u00e9 professora da rede municipal do Rio, decidiu intervir na realidade ao seu entorno: \u201cEu escutava muito nos corredores das escolas as pessoas falando que uma crian\u00e7a n\u00e3o tinha jeito para aprender. Isso me incomodava muito. Ent\u00e3o eu pensei em levar a pedagogia das salas para a minha comunidade\u201d, conta.\u00a0<\/span><\/p>\n<p><span style=\"font-weight: 400;\"><a href=\"https:\/\/rioonwatch.org.br\/wp-content\/uploads\/2021\/11\/Marcos-Junior-foto-7.jpg\"><img loading=\"lazy\" decoding=\"async\" class=\"wp-image-59420 alignright\" src=\"https:\/\/rioonwatch.org.br\/wp-content\/uploads\/2021\/11\/Marcos-Junior-foto-7.jpg\" alt=\"\" width=\"300\" height=\"225\" srcset=\"https:\/\/rioonwatch.org.br\/wp-content\/uploads\/2021\/11\/Marcos-Junior-foto-7.jpg 960w, https:\/\/rioonwatch.org.br\/wp-content\/uploads\/2021\/11\/Marcos-Junior-foto-7-620x465.jpg 620w, https:\/\/rioonwatch.org.br\/wp-content\/uploads\/2021\/11\/Marcos-Junior-foto-7-839x629.jpg 839w, https:\/\/rioonwatch.org.br\/wp-content\/uploads\/2021\/11\/Marcos-Junior-foto-7-768x576.jpg 768w, https:\/\/rioonwatch.org.br\/wp-content\/uploads\/2021\/11\/Marcos-Junior-foto-7-678x509.jpg 678w, https:\/\/rioonwatch.org.br\/wp-content\/uploads\/2021\/11\/Marcos-Junior-foto-7-326x245.jpg 326w, https:\/\/rioonwatch.org.br\/wp-content\/uploads\/2021\/11\/Marcos-Junior-foto-7-80x60.jpg 80w\" sizes=\"(max-width: 300px) 100vw, 300px\" \/><\/a>No ano passado, os organizadores precisaram reinventar as a\u00e7\u00f5es do Inclus\u00e3o. Com a ajuda de volunt\u00e1rios, uma<\/span> <a href=\"https:\/\/bit.ly\/2y9EtzL\" target=\"_blank\" rel=\"noopener\"><span style=\"font-weight: 400;\">vaquinha virtual<\/span><\/a> <span style=\"font-weight: 400;\">voltada para doa\u00e7\u00f5es de <a href=\"https:\/\/bit.ly\/32AtFaV\" target=\"_blank\" rel=\"noopener\">cestas b\u00e1sicas sustent\u00e1veis<\/a> foi criada. A ideia gerou a Feira Solid\u00e1ria. Ap\u00f3s muitas pesquisas, a solu\u00e7\u00e3o encontrada para aumentar a imunidade dos beneficiados, do projeto, foi o incentivo \u00e0 alimenta\u00e7\u00e3o saud\u00e1vel com frutas e legumes. Ao todo foram 500 cestas entregues.\u00a0<\/span><\/p>\n<p><span style=\"font-weight: 400;\">\u00c9lida ressalta que a iniciativa tem suprido necessidades que v\u00e3o muito al\u00e9m das educacionais: \u201cPercebemos que muitos jovens haviam abandonado os estudos. Quando come\u00e7ou a flexibiliza\u00e7\u00e3o decidimos voltar com as aulas na nossa sede. Muitas crian\u00e7as v\u00eam aqui [no Inclus\u00e3o] n\u00e3o s\u00f3 para aprender, mas tamb\u00e9m para se alimentar. Muitas crian\u00e7as no projeto n\u00e3o se alimentam direito, comem de forma r\u00e1pida [alimentos] industrializados&#8230; Acaba que a falta de uma alimenta\u00e7\u00e3o saud\u00e1vel acarreta na precariedade do desenvolvimento escolar. As vitaminas, as prote\u00ednas e os nutrientes s\u00e3o essenciais para a forma\u00e7\u00e3o f\u00edsica e pedag\u00f3gica&#8221;.<\/span><\/p>\n<h3><b>Volta \u00e0s Aulas com Incertezas\u00a0<\/b><\/h3>\n<p><span style=\"font-weight: 400;\">Localizado na <a href=\"http:\/\/bit.ly\/2XXECxy\" target=\"_blank\" rel=\"noopener\">Baixada Fluminense<\/a>, <a href=\"http:\/\/bit.ly\/2KMwrB3\" target=\"_blank\" rel=\"noopener\">Duque de Caxias<\/a> \u00e9 o terceiro munic\u00edpio mais populoso do Estado e possui aproximadamente <\/span><a href=\"https:\/\/bit.ly\/3HP5wQ5\" target=\"_blank\" rel=\"noopener\"><span style=\"font-weight: 400;\">809 ind\u00fastrias<\/span><\/a><span style=\"font-weight: 400;\">. <\/span><\/p>\n<p><span style=\"font-weight: 400;\">Um dos marcos no passado educacional de Caxias foi a funda\u00e7\u00e3o da <a href=\"https:\/\/bit.ly\/3cQwQiw\" target=\"_blank\" rel=\"noopener\">Escola Prolet\u00e1ria de Merity<\/a>, a qual atendia a comunidade rural da regi\u00e3o.\u00a0<\/span><span style=\"font-weight: 400;\">Em 1921, a educadora<\/span> <a href=\"https:\/\/bit.ly\/32y7gNF\" target=\"_blank\" rel=\"noopener\"><span style=\"font-weight: 400;\">Armanda \u00c1lvaro Alberto<\/span><\/a><span style=\"font-weight: 400;\">, inspirada pelo <\/span><a href=\"https:\/\/bit.ly\/3cN3YI4\" target=\"_blank\" rel=\"noopener\"><span style=\"font-weight: 400;\">M\u00e9todo Montessori<\/span><\/a><span style=\"font-weight: 400;\">, inovou nos m\u00e9todos pedag\u00f3gicos da \u00e9poca,<\/span><span style=\"font-weight: 400;\"> buscando transformar a institui\u00e7\u00e3o em um centro de desenvolvimento do ensino infantil.\u00a0<\/span><\/p>\n<p><span style=\"font-weight: 400;\">Outra particularidade, era o fato da escola ser uma das primeiras da <\/span><span style=\"font-weight: 400;\">Am\u00e9rica Latina<\/span><span style=\"font-weight: 400;\"> a servir merenda escolar. Por este motivo se tornou conhecida como <\/span><a href=\"https:\/\/bit.ly\/3HRn0vq\" target=\"_blank\" rel=\"noopener\"><span style=\"font-weight: 400;\">Escola Mate com Angu<\/span><\/a><span style=\"font-weight: 400;\">. Armanda sempre atenta com a sa\u00fade das crian\u00e7as, prop\u00f4s o ensino integral e tamb\u00e9m que os alunos auxiliassem no cultivo de hortas e cria\u00e7\u00e3o de animais.<\/span><\/p>\n<p><span style=\"font-weight: 400;\">Nos dias atuais, muitos col\u00e9gios p\u00fablicos est\u00e3o vivenciando o <\/span><a href=\"https:\/\/bit.ly\/3FQZUmR\" target=\"_blank\" rel=\"noopener\"><span style=\"font-weight: 400;\">ensino h\u00edbrido<\/span><\/a><span style=\"font-weight: 400;\">\u2014<\/span><span style=\"font-weight: 400;\">parte realizado presencialmente e parte virtualmente\u2014<\/span><span style=\"font-weight: 400;\">que agora \u00e9 a nova realidade de estudantes e professores. O <\/span><a href=\"https:\/\/bit.ly\/3wRtq76\" target=\"_blank\" rel=\"noopener\"><span style=\"font-weight: 400;\">Instituto Nacional de Pesquisas Educacionais An\u00edsio Teixeira (Inep)<\/span><\/a><span style=\"font-weight: 400;\">, divulgou um <\/span><a href=\"https:\/\/bit.ly\/3rc3p2X\" target=\"_blank\" rel=\"noopener\"><span style=\"font-weight: 400;\">levantamento<\/span><\/a><span style=\"font-weight: 400;\"> sobre o censo escolar aplicado entre fevereiro e maio de 2021, que revela que 90% das escolas n\u00e3o voltaram ao ano letivo em 2020. Na rede federal o percentual \u00e9 de 98%, seguido das escolas municipais (97%) e depois as estaduais (85%).<\/span><\/p>\n<p><span style=\"font-weight: 400;\">Rose Cipriano, professora h\u00e1 24 anos na rede municipal de Duque de Caxias,<\/span> <span style=\"font-weight: 400;\">opina frente \u00e0s novas formas de ensino adotadas na pandemia: \u201cCom o fechamento das escolas a precariedade de recursos se aprofunda. Se a rede privada foi para seus computadores, isso n\u00e3o aconteceu com nossos alunos, [por conta da falta de] acesso \u00e0 computadores. Quando [o aluno] tem um aparelho celular serve para toda fam\u00edlia. O que passamos no trabalho remoto for\u00e7ado, sem prepara\u00e7\u00e3o, \u00e9 totalmente improvisado. \u00c9 muito complexa essa experi\u00eancia. Nossa comunica\u00e7\u00e3o com os alunos foi atrav\u00e9s de redes sociais. Nos questionamos se uma curtida no <\/span><span style=\"font-weight: 400;\">Facebook <\/span><span style=\"font-weight: 400;\">poderia ser considerada como presen\u00e7a em aula\u201d.<\/span><\/p>\n<p><span style=\"font-weight: 400;\">Na <\/span><a href=\"https:\/\/bit.ly\/32m4yKS\" target=\"_blank\" rel=\"noopener\"><span style=\"font-weight: 400;\">rede municipal de ensino do Rio de Janeiro,<\/span><\/a><span style=\"font-weight: 400;\"> as aulas presenciais voltaram a ser obrigat\u00f3rias em novembro deste ano. Em um <a href=\"https:\/\/bit.ly\/3cI76oK\" target=\"_blank\" rel=\"noopener\">an\u00fancio<\/a>\u00a0feito em 26 de outubro, o atual secret\u00e1rio de educa\u00e7\u00e3o, Renan Ferreirinha afirmou: \u201c\u00c9 <\/span><span style=\"font-weight: 400;\">muito importante que a gente garanta que todos os nossos alunos tenham acesso \u00e0 educa\u00e7\u00e3o e para isso a volta da obrigatoriedade das aulas presenciais \u00e9 um importante passo nessa dire\u00e7\u00e3o&#8221;.<\/span><\/p>\n<p><span style=\"font-weight: 400;\">Rose Cipriano, dirigente do <\/span><a href=\"https:\/\/bit.ly\/30SJxXA\" target=\"_blank\" rel=\"noopener\"><span style=\"font-weight: 400;\">Sindicato Estadual dos Profissionais de Educa\u00e7\u00e3o do Rio de Janeiro &#8211; N\u00facleo Caxias<\/span><\/a><span style=\"font-weight: 400;\">, opina sobre as aulas presenciais: &#8220;Os alunos foram pegos no susto com o m\u00e9todo remoto e voltar pode ser impactante. Precisamos de a\u00e7\u00f5es institucionais, propagandas ou carros de som para conscientizar sobre a import\u00e2ncia do ensino. A busca ativa nas casas precisa ser feita respeitando a realidade de cada pessoa\u201d.<\/span><\/p>\n<p><a href=\"https:\/\/rioonwatch.org.br\/wp-content\/uploads\/2021\/11\/SEPE.jpg\"><img loading=\"lazy\" decoding=\"async\" class=\"aligncenter wp-image-59424\" title=\"Ato de manifesta\u00e7\u00e3o pac\u00edfica em pra\u00e7a p\u00fablica de Duque de Caxias, Rose Cipriano e outros representantes do Sepe. Foto: Rose Cipriano\/divulga\u00e7\u00e3o\" src=\"https:\/\/rioonwatch.org.br\/wp-content\/uploads\/2021\/11\/SEPE.jpg\" alt=\"\" width=\"1030\" height=\"1030\" srcset=\"https:\/\/rioonwatch.org.br\/wp-content\/uploads\/2021\/11\/SEPE.jpg 1080w, https:\/\/rioonwatch.org.br\/wp-content\/uploads\/2021\/11\/SEPE-620x620.jpg 620w, https:\/\/rioonwatch.org.br\/wp-content\/uploads\/2021\/11\/SEPE-629x629.jpg 629w, https:\/\/rioonwatch.org.br\/wp-content\/uploads\/2021\/11\/SEPE-768x768.jpg 768w\" sizes=\"(max-width: 1030px) 100vw, 1030px\" \/><\/a><\/p>\n<p><span style=\"font-weight: 400;\">Os motivos para a evas\u00e3o escolar podem ser variados de acordo com cada regi\u00e3o do pa\u00eds. Alguns estudantes deixam os estudos por falta de apoio, precariedade no transporte p\u00fablico ou at\u00e9 mesmo por causa de <\/span><i><span style=\"font-weight: 400;\">bullying<\/span><\/i><span style=\"font-weight: 400;\">. Iniciativas comunit\u00e1rias continuam amorosamente fazendo o seu trabalho de formiguinha, mais uma vez no formato &#8220;<a href=\"https:\/\/bit.ly\/3HQpdHo\" target=\"_blank\" rel=\"noopener\">N\u00f3s por N\u00f3s<\/a><em>&#8220;<\/em><em>. <\/em>Mas \u00e9 n\u00edtido que, n<\/span><span style=\"font-weight: 400;\">este momento, \u00e9 fundamental construir pol\u00edticas p\u00fablicas eficazes para frear o abandono estudantil, que fatalmente se<\/span> transformar\u00e1 em<span style=\"font-weight: 400;\"> um problema maior depois.<\/span><\/p>\n<p><em><i>Sobre a autora:\u00a0<a href=\"https:\/\/bit.ly\/2SVKpXZ\" rel=\"noopener\">Beatriz Carvalho<\/a>, cria de\u00a0<\/i><a href=\"http:\/\/bit.ly\/2GsjdJU\" rel=\"noopener\"><i>Vilar dos Teles<\/i><\/a><i>\u00a0em\u00a0<\/i><a href=\"http:\/\/bit.ly\/32hi3Hn\" rel=\"noopener\"><i>S\u00e3o Jo\u00e3o de Meriti<\/i><\/a><i>, \u00e9 jornalista, m\u00eddia-ativista, feminista e toca o\u00a0<\/i><a href=\"http:\/\/bit.ly\/2HB9Zv0\" rel=\"noopener\"><i>Mulheres de Frente<\/i><\/a><i>.<\/i><\/em><\/p>\n<hr \/>\n<h4><strong>Apoie nossos esfor\u00e7os para fornecer assist\u00eancia estrat\u00e9gica \u00e0s favelas do Rio, incluindo o jornalismo hiperlocal, cr\u00edtico, inovador e incans\u00e1vel do\u00a0<em>RioOnWatch<\/em><\/strong>\u2014<a href=\"http:\/\/bit.ly\/CatalisandoComunidades\" target=\"_blank\" rel=\"noopener\">doe aqui<\/a>.<\/h4>\n<!-- AddThis Advanced Settings generic via filter on the_content --><!-- AddThis Share Buttons generic via filter on the_content -->","protected":false},"excerpt":{"rendered":"<div class=\"mh-excerpt\"><p>Click Here for English Esta mat\u00e9ria\u00a0faz parte de\u00a0uma s\u00e9rie\u00a0gerada por uma parceria do RioOnWatch com o\u00a0N\u00facleo de Estudos Cr\u00edticos em Linguagem, Educa\u00e7\u00e3o e Sociedade (NECLES), da UFF, para produzir mat\u00e9rias que ser\u00e3o utilizadas como\u00a0recursos pedag\u00f3gicos <a class=\"mh-excerpt-more\" href=\"https:\/\/rioonwatch.org.br\/?p=59405\" title=\"Mobilizadores da Cidade de Deus \u00e0 Baixada Fluminense Buscam Solu\u00e7\u00f5es para Combater a Evas\u00e3o Escolar na Pandemia\">[&#8230;]<\/a><!-- AddThis Advanced Settings generic via filter on get_the_excerpt --><!-- AddThis Share Buttons generic via filter on get_the_excerpt --><\/p>\n<\/div>","protected":false},"author":129,"featured_media":59414,"comment_status":"closed","ping_status":"closed","sticky":false,"template":"template-full.php","format":"standard","meta":{"_acf_changed":false,"_monsterinsights_skip_tracking":false,"_monsterinsights_sitenote_active":false,"_monsterinsights_sitenote_note":"","_monsterinsights_sitenote_category":0,"footnotes":""},"categories":[2753,3086,1621,1625,344,1612],"tags":[1170,959,554,2070,88,1091,316,1455,417,1830,112,2959,2153,184],"writer":[2466],"translator":[],"source":[],"ilustrador":[],"fotografo":[],"class_list":{"0":"post-59405","1":"post","2":"type-post","3":"status-publish","4":"format-standard","5":"has-post-thumbnail","7":"category-covid19nasfavelas","8":"category-covid19nasfavelas-home","9":"category-destaque","10":"category-por-correspondentes-comunitarios","11":"category-politicas","12":"category-sociedade-civil","13":"tag-america-latina","14":"tag-baixada-fluminense","15":"tag-cidade-de-deus","16":"tag-direito-a-educacao","17":"tag-direitos-humanos","18":"tag-duque-de-caxias","19":"tag-educacao","20":"tag-internet","21":"tag-negligencia-do-estado","22":"tag-nos-por-nos","23":"tag-sao-joao-de-meriti","24":"tag-serie-parceria-com-necles-uff","25":"tag-uff","26":"tag-zona-oeste","27":"writer-beatriz-carvalho"},"acf":[],"yoast_head":"<!-- This site is optimized with the Yoast SEO plugin v25.6 - https:\/\/yoast.com\/wordpress\/plugins\/seo\/ -->\n<title>Mobilizadores da Cidade de Deus \u00e0 Baixada Fluminense Buscam Solu\u00e7\u00f5es para Combater a Evas\u00e3o Escolar na Pandemia - RioOnWatch<\/title>\n<meta name=\"robots\" content=\"index, follow, max-snippet:-1, max-image-preview:large, max-video-preview:-1\" \/>\n<link rel=\"canonical\" href=\"https:\/\/rioonwatch.org.br\/?p=59405\" \/>\n<meta property=\"og:locale\" content=\"pt_BR\" \/>\n<meta property=\"og:type\" content=\"article\" \/>\n<meta property=\"og:title\" content=\"Mobilizadores da Cidade de Deus \u00e0 Baixada Fluminense Buscam Solu\u00e7\u00f5es para Combater a Evas\u00e3o Escolar na Pandemia - RioOnWatch\" \/>\n<meta property=\"og:description\" content=\"Click Here for English Esta mat\u00e9ria\u00a0faz parte de\u00a0uma s\u00e9rie\u00a0gerada por uma parceria do RioOnWatch com o\u00a0N\u00facleo de Estudos Cr\u00edticos em Linguagem, Educa\u00e7\u00e3o e Sociedade (NECLES), da UFF, para produzir mat\u00e9rias que ser\u00e3o utilizadas como\u00a0recursos pedag\u00f3gicos [...]\" \/>\n<meta property=\"og:url\" content=\"https:\/\/rioonwatch.org.br\/?p=59405\" \/>\n<meta property=\"og:site_name\" content=\"RioOnWatch\" \/>\n<meta property=\"article:published_time\" content=\"2021-11-29T13:47:12+00:00\" \/>\n<meta property=\"article:modified_time\" content=\"2022-07-28T16:37:08+00:00\" \/>\n<meta property=\"og:image\" content=\"https:\/\/rioonwatch.org.br\/wp-content\/uploads\/2021\/11\/Noiz-projeto-foto-2.jpeg\" \/>\n\t<meta property=\"og:image:width\" content=\"1280\" \/>\n\t<meta property=\"og:image:height\" content=\"852\" \/>\n\t<meta property=\"og:image:type\" content=\"image\/jpeg\" \/>\n<meta name=\"author\" content=\"Admin\" \/>\n<meta name=\"twitter:card\" content=\"summary_large_image\" \/>\n<meta name=\"twitter:label1\" content=\"Escrito por\" \/>\n\t<meta name=\"twitter:data1\" content=\"Admin\" \/>\n\t<meta name=\"twitter:label2\" content=\"Est. tempo de leitura\" \/>\n\t<meta name=\"twitter:data2\" content=\"12 minutos\" \/>\n<script type=\"application\/ld+json\" class=\"yoast-schema-graph\">{\"@context\":\"https:\/\/schema.org\",\"@graph\":[{\"@type\":\"Article\",\"@id\":\"https:\/\/rioonwatch.org.br\/?p=59405#article\",\"isPartOf\":{\"@id\":\"https:\/\/rioonwatch.org.br\/?p=59405\"},\"author\":{\"name\":\"Admin\",\"@id\":\"https:\/\/rioonwatch.org.br\/#\/schema\/person\/11d64c290506f9df50c71b850c473f68\"},\"headline\":\"Mobilizadores da Cidade de Deus \u00e0 Baixada Fluminense Buscam Solu\u00e7\u00f5es para Combater a Evas\u00e3o Escolar na Pandemia\",\"datePublished\":\"2021-11-29T13:47:12+00:00\",\"dateModified\":\"2022-07-28T16:37:08+00:00\",\"mainEntityOfPage\":{\"@id\":\"https:\/\/rioonwatch.org.br\/?p=59405\"},\"wordCount\":2001,\"publisher\":{\"@id\":\"https:\/\/rioonwatch.org.br\/#organization\"},\"image\":{\"@id\":\"https:\/\/rioonwatch.org.br\/?p=59405#primaryimage\"},\"thumbnailUrl\":\"https:\/\/rioonwatch.org.br\/wp-content\/uploads\/2021\/11\/Noiz-projeto-foto-2.jpeg\",\"keywords\":[\"Am\u00e9rica Latina\",\"Baixada Fluminense\",\"Cidade de Deus\",\"direito \u00e0 educa\u00e7\u00e3o\",\"Direitos Humanos\",\"Duque de Caxias\",\"educa\u00e7\u00e3o\",\"internet\",\"Neglig\u00eancia do Estado\",\"N\u00f3s por N\u00f3s\",\"S\u00e3o Jo\u00e3o de Meriti\",\"S\u00e9rie: Parceria com NECLES\/UFF\",\"UFF\",\"Zona Oeste\"],\"articleSection\":[\"#Covid19NasFavelas\",\"#Covid19NasFavelas Home\",\"*Destaque\",\"Escrito por Comunicadores Populares\",\"Pol\u00edticas\",\"Sociedade Civil\"],\"inLanguage\":\"pt-BR\"},{\"@type\":\"WebPage\",\"@id\":\"https:\/\/rioonwatch.org.br\/?p=59405\",\"url\":\"https:\/\/rioonwatch.org.br\/?p=59405\",\"name\":\"Mobilizadores da Cidade de Deus \u00e0 Baixada Fluminense Buscam Solu\u00e7\u00f5es para Combater a Evas\u00e3o Escolar na Pandemia - RioOnWatch\",\"isPartOf\":{\"@id\":\"https:\/\/rioonwatch.org.br\/#website\"},\"primaryImageOfPage\":{\"@id\":\"https:\/\/rioonwatch.org.br\/?p=59405#primaryimage\"},\"image\":{\"@id\":\"https:\/\/rioonwatch.org.br\/?p=59405#primaryimage\"},\"thumbnailUrl\":\"https:\/\/rioonwatch.org.br\/wp-content\/uploads\/2021\/11\/Noiz-projeto-foto-2.jpeg\",\"datePublished\":\"2021-11-29T13:47:12+00:00\",\"dateModified\":\"2022-07-28T16:37:08+00:00\",\"breadcrumb\":{\"@id\":\"https:\/\/rioonwatch.org.br\/?p=59405#breadcrumb\"},\"inLanguage\":\"pt-BR\",\"potentialAction\":[{\"@type\":\"ReadAction\",\"target\":[\"https:\/\/rioonwatch.org.br\/?p=59405\"]}]},{\"@type\":\"ImageObject\",\"inLanguage\":\"pt-BR\",\"@id\":\"https:\/\/rioonwatch.org.br\/?p=59405#primaryimage\",\"url\":\"https:\/\/rioonwatch.org.br\/wp-content\/uploads\/2021\/11\/Noiz-projeto-foto-2.jpeg\",\"contentUrl\":\"https:\/\/rioonwatch.org.br\/wp-content\/uploads\/2021\/11\/Noiz-projeto-foto-2.jpeg\",\"width\":1280,\"height\":852},{\"@type\":\"BreadcrumbList\",\"@id\":\"https:\/\/rioonwatch.org.br\/?p=59405#breadcrumb\",\"itemListElement\":[{\"@type\":\"ListItem\",\"position\":1,\"name\":\"In\u00edcio\",\"item\":\"https:\/\/rioonwatch.org.br\/\"},{\"@type\":\"ListItem\",\"position\":2,\"name\":\"Mobilizadores da Cidade de Deus \u00e0 Baixada Fluminense Buscam Solu\u00e7\u00f5es para Combater a Evas\u00e3o Escolar na Pandemia\"}]},{\"@type\":\"WebSite\",\"@id\":\"https:\/\/rioonwatch.org.br\/#website\",\"url\":\"https:\/\/rioonwatch.org.br\/\",\"name\":\"RioOnWatch\",\"description\":\"relatos das favelas cariocas\",\"publisher\":{\"@id\":\"https:\/\/rioonwatch.org.br\/#organization\"},\"potentialAction\":[{\"@type\":\"SearchAction\",\"target\":{\"@type\":\"EntryPoint\",\"urlTemplate\":\"https:\/\/rioonwatch.org.br\/?s={search_term_string}\"},\"query-input\":{\"@type\":\"PropertyValueSpecification\",\"valueRequired\":true,\"valueName\":\"search_term_string\"}}],\"inLanguage\":\"pt-BR\"},{\"@type\":\"Organization\",\"@id\":\"https:\/\/rioonwatch.org.br\/#organization\",\"name\":\"RioOnWatch\",\"url\":\"https:\/\/rioonwatch.org.br\/\",\"logo\":{\"@type\":\"ImageObject\",\"inLanguage\":\"pt-BR\",\"@id\":\"https:\/\/rioonwatch.org.br\/#\/schema\/logo\/image\/\",\"url\":\"https:\/\/rioonwatch.org.br\/wp-content\/uploads\/2021\/06\/RioOnWatchcabecalhoPT11anos-2.png\",\"contentUrl\":\"https:\/\/rioonwatch.org.br\/wp-content\/uploads\/2021\/06\/RioOnWatchcabecalhoPT11anos-2.png\",\"width\":779,\"height\":277,\"caption\":\"RioOnWatch\"},\"image\":{\"@id\":\"https:\/\/rioonwatch.org.br\/#\/schema\/logo\/image\/\"}},{\"@type\":\"Person\",\"@id\":\"https:\/\/rioonwatch.org.br\/#\/schema\/person\/11d64c290506f9df50c71b850c473f68\",\"name\":\"Admin\",\"image\":{\"@type\":\"ImageObject\",\"inLanguage\":\"pt-BR\",\"@id\":\"https:\/\/rioonwatch.org.br\/#\/schema\/person\/image\/\",\"url\":\"https:\/\/secure.gravatar.com\/avatar\/56211ac74568383903349a1485e3c325?s=96&d=blank&r=g\",\"contentUrl\":\"https:\/\/secure.gravatar.com\/avatar\/56211ac74568383903349a1485e3c325?s=96&d=blank&r=g\",\"caption\":\"Admin\"},\"url\":\"https:\/\/rioonwatch.org.br\/?author=129\"}]}<\/script>\n<!-- \/ Yoast SEO plugin. -->","yoast_head_json":{"title":"Mobilizadores da Cidade de Deus \u00e0 Baixada Fluminense Buscam Solu\u00e7\u00f5es para Combater a Evas\u00e3o Escolar na Pandemia - RioOnWatch","robots":{"index":"index","follow":"follow","max-snippet":"max-snippet:-1","max-image-preview":"max-image-preview:large","max-video-preview":"max-video-preview:-1"},"canonical":"https:\/\/rioonwatch.org.br\/?p=59405","og_locale":"pt_BR","og_type":"article","og_title":"Mobilizadores da Cidade de Deus \u00e0 Baixada Fluminense Buscam Solu\u00e7\u00f5es para Combater a Evas\u00e3o Escolar na Pandemia - RioOnWatch","og_description":"Click Here for English Esta mat\u00e9ria\u00a0faz parte de\u00a0uma s\u00e9rie\u00a0gerada por uma parceria do RioOnWatch com o\u00a0N\u00facleo de Estudos Cr\u00edticos em Linguagem, Educa\u00e7\u00e3o e Sociedade (NECLES), da UFF, para produzir mat\u00e9rias que ser\u00e3o utilizadas como\u00a0recursos pedag\u00f3gicos [...]","og_url":"https:\/\/rioonwatch.org.br\/?p=59405","og_site_name":"RioOnWatch","article_published_time":"2021-11-29T13:47:12+00:00","article_modified_time":"2022-07-28T16:37:08+00:00","og_image":[{"width":1280,"height":852,"url":"https:\/\/rioonwatch.org.br\/wp-content\/uploads\/2021\/11\/Noiz-projeto-foto-2.jpeg","type":"image\/jpeg"}],"author":"Admin","twitter_card":"summary_large_image","twitter_misc":{"Escrito por":"Admin","Est. tempo de leitura":"12 minutos"},"schema":{"@context":"https:\/\/schema.org","@graph":[{"@type":"Article","@id":"https:\/\/rioonwatch.org.br\/?p=59405#article","isPartOf":{"@id":"https:\/\/rioonwatch.org.br\/?p=59405"},"author":{"name":"Admin","@id":"https:\/\/rioonwatch.org.br\/#\/schema\/person\/11d64c290506f9df50c71b850c473f68"},"headline":"Mobilizadores da Cidade de Deus \u00e0 Baixada Fluminense Buscam Solu\u00e7\u00f5es para Combater a Evas\u00e3o Escolar na Pandemia","datePublished":"2021-11-29T13:47:12+00:00","dateModified":"2022-07-28T16:37:08+00:00","mainEntityOfPage":{"@id":"https:\/\/rioonwatch.org.br\/?p=59405"},"wordCount":2001,"publisher":{"@id":"https:\/\/rioonwatch.org.br\/#organization"},"image":{"@id":"https:\/\/rioonwatch.org.br\/?p=59405#primaryimage"},"thumbnailUrl":"https:\/\/rioonwatch.org.br\/wp-content\/uploads\/2021\/11\/Noiz-projeto-foto-2.jpeg","keywords":["Am\u00e9rica Latina","Baixada Fluminense","Cidade de Deus","direito \u00e0 educa\u00e7\u00e3o","Direitos Humanos","Duque de Caxias","educa\u00e7\u00e3o","internet","Neglig\u00eancia do Estado","N\u00f3s por N\u00f3s","S\u00e3o Jo\u00e3o de Meriti","S\u00e9rie: Parceria com NECLES\/UFF","UFF","Zona Oeste"],"articleSection":["#Covid19NasFavelas","#Covid19NasFavelas Home","*Destaque","Escrito por Comunicadores Populares","Pol\u00edticas","Sociedade Civil"],"inLanguage":"pt-BR"},{"@type":"WebPage","@id":"https:\/\/rioonwatch.org.br\/?p=59405","url":"https:\/\/rioonwatch.org.br\/?p=59405","name":"Mobilizadores da Cidade de Deus \u00e0 Baixada Fluminense Buscam Solu\u00e7\u00f5es para Combater a Evas\u00e3o Escolar na Pandemia - RioOnWatch","isPartOf":{"@id":"https:\/\/rioonwatch.org.br\/#website"},"primaryImageOfPage":{"@id":"https:\/\/rioonwatch.org.br\/?p=59405#primaryimage"},"image":{"@id":"https:\/\/rioonwatch.org.br\/?p=59405#primaryimage"},"thumbnailUrl":"https:\/\/rioonwatch.org.br\/wp-content\/uploads\/2021\/11\/Noiz-projeto-foto-2.jpeg","datePublished":"2021-11-29T13:47:12+00:00","dateModified":"2022-07-28T16:37:08+00:00","breadcrumb":{"@id":"https:\/\/rioonwatch.org.br\/?p=59405#breadcrumb"},"inLanguage":"pt-BR","potentialAction":[{"@type":"ReadAction","target":["https:\/\/rioonwatch.org.br\/?p=59405"]}]},{"@type":"ImageObject","inLanguage":"pt-BR","@id":"https:\/\/rioonwatch.org.br\/?p=59405#primaryimage","url":"https:\/\/rioonwatch.org.br\/wp-content\/uploads\/2021\/11\/Noiz-projeto-foto-2.jpeg","contentUrl":"https:\/\/rioonwatch.org.br\/wp-content\/uploads\/2021\/11\/Noiz-projeto-foto-2.jpeg","width":1280,"height":852},{"@type":"BreadcrumbList","@id":"https:\/\/rioonwatch.org.br\/?p=59405#breadcrumb","itemListElement":[{"@type":"ListItem","position":1,"name":"In\u00edcio","item":"https:\/\/rioonwatch.org.br\/"},{"@type":"ListItem","position":2,"name":"Mobilizadores da Cidade de Deus \u00e0 Baixada Fluminense Buscam Solu\u00e7\u00f5es para Combater a Evas\u00e3o Escolar na Pandemia"}]},{"@type":"WebSite","@id":"https:\/\/rioonwatch.org.br\/#website","url":"https:\/\/rioonwatch.org.br\/","name":"RioOnWatch","description":"relatos das favelas cariocas","publisher":{"@id":"https:\/\/rioonwatch.org.br\/#organization"},"potentialAction":[{"@type":"SearchAction","target":{"@type":"EntryPoint","urlTemplate":"https:\/\/rioonwatch.org.br\/?s={search_term_string}"},"query-input":{"@type":"PropertyValueSpecification","valueRequired":true,"valueName":"search_term_string"}}],"inLanguage":"pt-BR"},{"@type":"Organization","@id":"https:\/\/rioonwatch.org.br\/#organization","name":"RioOnWatch","url":"https:\/\/rioonwatch.org.br\/","logo":{"@type":"ImageObject","inLanguage":"pt-BR","@id":"https:\/\/rioonwatch.org.br\/#\/schema\/logo\/image\/","url":"https:\/\/rioonwatch.org.br\/wp-content\/uploads\/2021\/06\/RioOnWatchcabecalhoPT11anos-2.png","contentUrl":"https:\/\/rioonwatch.org.br\/wp-content\/uploads\/2021\/06\/RioOnWatchcabecalhoPT11anos-2.png","width":779,"height":277,"caption":"RioOnWatch"},"image":{"@id":"https:\/\/rioonwatch.org.br\/#\/schema\/logo\/image\/"}},{"@type":"Person","@id":"https:\/\/rioonwatch.org.br\/#\/schema\/person\/11d64c290506f9df50c71b850c473f68","name":"Admin","image":{"@type":"ImageObject","inLanguage":"pt-BR","@id":"https:\/\/rioonwatch.org.br\/#\/schema\/person\/image\/","url":"https:\/\/secure.gravatar.com\/avatar\/56211ac74568383903349a1485e3c325?s=96&d=blank&r=g","contentUrl":"https:\/\/secure.gravatar.com\/avatar\/56211ac74568383903349a1485e3c325?s=96&d=blank&r=g","caption":"Admin"},"url":"https:\/\/rioonwatch.org.br\/?author=129"}]}},"_links":{"self":[{"href":"https:\/\/rioonwatch.org.br\/index.php?rest_route=\/wp\/v2\/posts\/59405"}],"collection":[{"href":"https:\/\/rioonwatch.org.br\/index.php?rest_route=\/wp\/v2\/posts"}],"about":[{"href":"https:\/\/rioonwatch.org.br\/index.php?rest_route=\/wp\/v2\/types\/post"}],"author":[{"embeddable":true,"href":"https:\/\/rioonwatch.org.br\/index.php?rest_route=\/wp\/v2\/users\/129"}],"replies":[{"embeddable":true,"href":"https:\/\/rioonwatch.org.br\/index.php?rest_route=%2Fwp%2Fv2%2Fcomments&post=59405"}],"version-history":[{"count":39,"href":"https:\/\/rioonwatch.org.br\/index.php?rest_route=\/wp\/v2\/posts\/59405\/revisions"}],"predecessor-version":[{"id":62248,"href":"https:\/\/rioonwatch.org.br\/index.php?rest_route=\/wp\/v2\/posts\/59405\/revisions\/62248"}],"wp:featuredmedia":[{"embeddable":true,"href":"https:\/\/rioonwatch.org.br\/index.php?rest_route=\/wp\/v2\/media\/59414"}],"wp:attachment":[{"href":"https:\/\/rioonwatch.org.br\/index.php?rest_route=%2Fwp%2Fv2%2Fmedia&parent=59405"}],"wp:term":[{"taxonomy":"category","embeddable":true,"href":"https:\/\/rioonwatch.org.br\/index.php?rest_route=%2Fwp%2Fv2%2Fcategories&post=59405"},{"taxonomy":"post_tag","embeddable":true,"href":"https:\/\/rioonwatch.org.br\/index.php?rest_route=%2Fwp%2Fv2%2Ftags&post=59405"},{"taxonomy":"writer","embeddable":true,"href":"https:\/\/rioonwatch.org.br\/index.php?rest_route=%2Fwp%2Fv2%2Fwriter&post=59405"},{"taxonomy":"translator","embeddable":true,"href":"https:\/\/rioonwatch.org.br\/index.php?rest_route=%2Fwp%2Fv2%2Ftranslator&post=59405"},{"taxonomy":"source","embeddable":true,"href":"https:\/\/rioonwatch.org.br\/index.php?rest_route=%2Fwp%2Fv2%2Fsource&post=59405"},{"taxonomy":"ilustrador","embeddable":true,"href":"https:\/\/rioonwatch.org.br\/index.php?rest_route=%2Fwp%2Fv2%2Filustrador&post=59405"},{"taxonomy":"fotografo","embeddable":true,"href":"https:\/\/rioonwatch.org.br\/index.php?rest_route=%2Fwp%2Fv2%2Ffotografo&post=59405"}],"curies":[{"name":"wp","href":"https:\/\/api.w.org\/{rel}","templated":true}]}}