{"id":59621,"date":"2022-01-05T11:43:32","date_gmt":"2022-01-05T14:43:32","guid":{"rendered":"https:\/\/rioonwatch.org.br\/?p=59621"},"modified":"2024-06-20T13:45:47","modified_gmt":"2024-06-20T16:45:47","slug":"olhar-para-o-passado-e-tecnologia-ancestral-como-a-memoria-fortalece-o-futuro-de-mulheres-pretas-podcast","status":"publish","type":"post","link":"https:\/\/rioonwatch.org.br\/?p=59621","title":{"rendered":"Olhar para o Passado \u00c9 Tecnologia Ancestral: Como a Mem\u00f3ria Fortalece o Futuro de Mulheres Pretas? [PODCAST]"},"content":{"rendered":"<p style=\"text-align: right;\"><em><strong><a href=\"https:\/\/bit.ly\/3rpCQWx\" target=\"_blank\" rel=\"noopener noreferrer\">Click Here for English<\/a><a href=\"https:\/\/bit.ly\/3rpCQWx\" target=\"_blank\" rel=\"noopener noreferrer\"><img decoding=\"async\" class=\"alignright wp-image-15790\" src=\"http:\/\/rioonwatch.org.br\/wp-content\/uploads\/2012\/08\/EN-standard-e1439583104716.jpg\" alt=\"\" width=\"20\" height=\"20\" \/><\/a><\/strong><\/em><\/p>\n<p><em>Esta mat\u00e9ria faz parte da\u00a0<a href=\"https:\/\/bit.ly\/SerieAntirracista\" target=\"_blank\" rel=\"noopener\">s\u00e9rie do projeto antirracista do RioOnWatch<\/a>.<i data-stringify-type=\"italic\">\u00a0<\/i><\/em><em>Conhe\u00e7a o nosso projeto que trouxe conte\u00fados midi\u00e1ticos semanais ao longo de 2021: <i><a href=\"http:\/\/bit.ly\/EnraizandoIntro\" target=\"_blank\" rel=\"noopener\">Enraizando o Antirracismo nas Favelas<\/a>.<\/i><\/em><\/p>\n<p><iframe src=\"https:\/\/w.soundcloud.com\/player\/?url=https%3A\/\/api.soundcloud.com\/tracks\/1190432128&amp;color=%23ff5500&amp;auto_play=false&amp;hide_related=false&amp;show_comments=true&amp;show_user=true&amp;show_reposts=false&amp;show_teaser=true\" width=\"100%\" height=\"166\" frameborder=\"no\" scrolling=\"no\"><\/iframe><\/p>\n<div style=\"font-size: 10px; color: #cccccc; line-break: anywhere; word-break: normal; overflow: hidden; white-space: nowrap; text-overflow: ellipsis; font-family: Interstate,Lucida Grande,Lucida Sans Unicode,Lucida Sans,Garuda,Verdana,Tahoma,sans-serif; font-weight: 100;\"><a style=\"color: #cccccc; text-decoration: none;\" title=\"Olhar para o Passado \u00c9 Tecnologia Ancestral: Como a Mem\u00f3ria Fortalece o Futuro de Mulheres Pretas?\" href=\"https:\/\/soundcloud.com\/user-378739040\/olhar-para-o-passado-e-tecnologia-ancestral-como-a-memoria-fortalece-o-futuro-de-mulheres-pretas\" target=\"_blank\" rel=\"noopener\"><span style=\"color: #333333;\">Ou\u00e7a o podcast desta mat\u00e9ria no<\/span> <\/a><a class=\"c-link\" tabindex=\"-1\" href=\"https:\/\/bit.ly\/31plwb9\" target=\"_blank\" rel=\"noopener noreferrer\" data-stringify-link=\"https:\/\/bit.ly\/31plwb9\" data-sk=\"tooltip_parent\" data-remove-tab-index=\"true\">SoundCloud<\/a><span style=\"color: #333333;\"><a style=\"color: #333333; text-decoration: none;\" title=\"Olhar para o Passado \u00c9 Tecnologia Ancestral: Como a Mem\u00f3ria Fortalece o Futuro de Mulheres Pretas?\" href=\"https:\/\/soundcloud.com\/user-378739040\/olhar-para-o-passado-e-tecnologia-ancestral-como-a-memoria-fortalece-o-futuro-de-mulheres-pretas\" target=\"_blank\" rel=\"noopener\">,\u00a0<\/a><\/span><a class=\"c-link\" tabindex=\"-1\" href=\"https:\/\/spoti.fi\/3zoKIv8\" target=\"_blank\" rel=\"noopener noreferrer\" data-stringify-link=\"https:\/\/spoti.fi\/3zoKIv8\" data-sk=\"tooltip_parent\" data-remove-tab-index=\"true\">Spotify<\/a><a style=\"color: #cccccc; text-decoration: none;\" title=\"Olhar para o Passado \u00c9 Tecnologia Ancestral: Como a Mem\u00f3ria Fortalece o Futuro de Mulheres Pretas?\" href=\"https:\/\/soundcloud.com\/user-378739040\/olhar-para-o-passado-e-tecnologia-ancestral-como-a-memoria-fortalece-o-futuro-de-mulheres-pretas\" target=\"_blank\" rel=\"noopener\"><span style=\"color: #333333;\">,<\/span>\u00a0<\/a><a class=\"c-link\" tabindex=\"-1\" href=\"https:\/\/bit.ly\/3qIX8tM\" target=\"_blank\" rel=\"noopener noreferrer\" data-stringify-link=\"https:\/\/bit.ly\/3qIX8tM\" data-sk=\"tooltip_parent\" data-remove-tab-index=\"true\">YouTube<\/a><a style=\"color: #cccccc; text-decoration: none;\" title=\"Olhar para o Passado \u00c9 Tecnologia Ancestral: Como a Mem\u00f3ria Fortalece o Futuro de Mulheres Pretas?\" href=\"https:\/\/soundcloud.com\/user-378739040\/olhar-para-o-passado-e-tecnologia-ancestral-como-a-memoria-fortalece-o-futuro-de-mulheres-pretas\" target=\"_blank\" rel=\"noopener\">\u00a0<span style=\"color: #333333;\">e<\/span>\u00a0<\/a><a class=\"c-link\" tabindex=\"-1\" href=\"https:\/\/bit.ly\/3EUvIGq\" target=\"_blank\" rel=\"noopener noreferrer\" data-stringify-link=\"https:\/\/bit.ly\/3EUvIGq\" data-sk=\"tooltip_parent\" data-remove-tab-index=\"true\">outros<\/a><span style=\"color: #333333;\"><a style=\"color: #333333; text-decoration: none;\" title=\"Olhar para o Passado \u00c9 Tecnologia Ancestral: Como a Mem\u00f3ria Fortalece o Futuro de Mulheres Pretas?\" href=\"https:\/\/soundcloud.com\/user-378739040\/olhar-para-o-passado-e-tecnologia-ancestral-como-a-memoria-fortalece-o-futuro-de-mulheres-pretas\" target=\"_blank\" rel=\"noopener\">.<\/a><\/span><\/div>\n<hr \/>\n<h3><\/h3>\n<h3><span style=\"font-weight: 400;\">Em alguns casos, \u00e9 olhando para tr\u00e1s que se avan\u00e7a.<\/span><\/h3>\n<p><a href=\"https:\/\/rioonwatch.org.br\/wp-content\/uploads\/2021\/12\/Sankofa-adinkra-Akan.png\"><img fetchpriority=\"high\" decoding=\"async\" class=\"alignright wp-image-59624\" title=\"Sankofa, adinkra Akan\" src=\"https:\/\/rioonwatch.org.br\/wp-content\/uploads\/2021\/12\/Sankofa-adinkra-Akan.png\" alt=\"Sankofa, adinkra Akan\" width=\"300\" height=\"300\" srcset=\"https:\/\/rioonwatch.org.br\/wp-content\/uploads\/2021\/12\/Sankofa-adinkra-Akan.png 1289w, https:\/\/rioonwatch.org.br\/wp-content\/uploads\/2021\/12\/Sankofa-adinkra-Akan-620x620.png 620w, https:\/\/rioonwatch.org.br\/wp-content\/uploads\/2021\/12\/Sankofa-adinkra-Akan-629x629.png 629w, https:\/\/rioonwatch.org.br\/wp-content\/uploads\/2021\/12\/Sankofa-adinkra-Akan-768x768.png 768w\" sizes=\"(max-width: 300px) 100vw, 300px\" \/><\/a><\/p>\n<p><span style=\"font-weight: 400;\">\u00c0 primeira vista, pode parecer raro entender ancestralidade como tecnologia, mas essa sempre foi a realidade do povo preto. Desde antes do <\/span><a href=\"https:\/\/bit.ly\/31ef7PF\" target=\"_blank\" rel=\"noopener\"><span style=\"font-weight: 400;\">sequestro em \u00c1frica<\/span><\/a><span style=\"font-weight: 400;\">, da <\/span><span style=\"font-weight: 400;\">escraviza\u00e7\u00e3o<\/span><span style=\"font-weight: 400;\"> e da <\/span><a href=\"https:\/\/bit.ly\/3o2XsAE\" target=\"_blank\" rel=\"noopener\"><span style=\"font-weight: 400;\">di\u00e1spora<\/span><\/a><span style=\"font-weight: 400;\">, conhecimento, hist\u00f3ria e ci\u00eancia s\u00e3o produzidos, vivenciados e ensinados <\/span><a href=\"https:\/\/bit.ly\/31iC6Jf\" target=\"_blank\" rel=\"noopener\"><span style=\"font-weight: 400;\">em comunidade<\/span><\/a><span style=\"font-weight: 400;\">. Fam\u00edlia preta ensina, atrav\u00e9s do passado, a instrumentalizar o presente, garantindo que haja um futuro. Fam\u00edlia preta \u00e9 <\/span><a href=\"http:\/\/bit.ly\/2bAEKv9\" target=\"_blank\" rel=\"noopener\"><span style=\"font-weight: 400;\">sankofa<\/span><\/a><span style=\"font-weight: 400;\">. <\/span><span style=\"font-weight: 400;\">Sankofa \u00e9 um <\/span><a href=\"https:\/\/bit.ly\/3EapRwV\" target=\"_blank\" rel=\"noopener\"><span style=\"font-weight: 400;\">adinkra<\/span><\/a><span style=\"font-weight: 400;\"> africano, ou seja, faz parte de um <\/span><span style=\"font-weight: 400;\">conjunto de <\/span><a href=\"https:\/\/bit.ly\/3EapRwV\" target=\"_blank\" rel=\"noopener\"><span style=\"font-weight: 400;\">s\u00edmbolos ideogr\u00e1ficos dos povos Akan<\/span><\/a><span style=\"font-weight: 400;\">, usados na arquitetura, nas roupas e nos objetos<\/span><span style=\"font-weight: 400;\">, representando conceitos ou aforismos. <\/span><span style=\"font-weight: 400;\">Sankofa \u00e9 um posicionamento estrat\u00e9gico e filos\u00f3fico para que n\u00f3s n\u00e3o percamos nossas ra\u00edzes. \u00c9 representado por um p\u00e1ssaro africano que voa para frente, tendo ao mesmo tempo a cabe\u00e7a voltada para tr\u00e1s e carregando no seu bico um ovo: o futuro. Segundo a filosofia Akan,<\/span>\u00a0podemos ler <span style=\"font-weight: 400;\">esse adinkra <\/span>como o retorno ao passado, para ressignificar o presente. Uma verdadeira tecnologia ancestral do povo negro.<\/p>\n<h3><span style=\"font-weight: 400;\">Nunca \u00e9 tarde para voltar e apanhar aquilo que ficou atr\u00e1s.<em><a href=\"https:\/\/rioonwatch.org.br\/wp-content\/uploads\/2021\/12\/Adinkras-sao-impressos-em-tecido-atraves-de-carimbos-tradicionais-feitos-de-madeira.-Foto-de-Afreaka.jpg\"><img decoding=\"async\" class=\"alignright wp-image-59623\" title=\"Adinkras s\u00e3o impressos em tecido atrav\u00e9s de carimbos tradicionais feitos de madeira. Foto de Afreaka\" src=\"https:\/\/rioonwatch.org.br\/wp-content\/uploads\/2021\/12\/Adinkras-sao-impressos-em-tecido-atraves-de-carimbos-tradicionais-feitos-de-madeira.-Foto-de-Afreaka.jpg\" alt=\"Adinkras s\u00e3o impressos em tecido atrav\u00e9s de carimbos tradicionais feitos de madeira. Foto de Afreaka\" width=\"300\" height=\"227\" srcset=\"https:\/\/rioonwatch.org.br\/wp-content\/uploads\/2021\/12\/Adinkras-sao-impressos-em-tecido-atraves-de-carimbos-tradicionais-feitos-de-madeira.-Foto-de-Afreaka.jpg 579w, https:\/\/rioonwatch.org.br\/wp-content\/uploads\/2021\/12\/Adinkras-sao-impressos-em-tecido-atraves-de-carimbos-tradicionais-feitos-de-madeira.-Foto-de-Afreaka-80x60.jpg 80w\" sizes=\"(max-width: 300px) 100vw, 300px\" \/><\/a><\/em><\/span><\/h3>\n<p><span style=\"font-weight: 400;\">Todos os valores e modos de produzir a vida que os nossos ancestrais nos deixaram como legado, desde a <\/span><a href=\"https:\/\/bit.ly\/32Bx8rN\" target=\"_blank\" rel=\"noopener\"><span style=\"font-weight: 400;\">escrita<\/span><\/a><span style=\"font-weight: 400;\">, a <\/span><a href=\"https:\/\/bit.ly\/3royb95\" target=\"_blank\" rel=\"noopener\"><span style=\"font-weight: 400;\">oralidade<\/span><\/a><span style=\"font-weight: 400;\"> e os <\/span><span style=\"font-weight: 400;\">rituais<\/span><span style=\"font-weight: 400;\">, at\u00e9 o <\/span><a href=\"https:\/\/bit.ly\/3mX02sO\" target=\"_blank\" rel=\"noopener\"><span style=\"font-weight: 400;\">manuseio das ervas<\/span><\/a><span style=\"font-weight: 400;\"> e os <\/span><span style=\"font-weight: 400;\">processos de cura<\/span><span style=\"font-weight: 400;\">, s\u00e3o considerados tecnologia ancestral, m\u00e9todos de vida e de subsist\u00eancia. Relembrando as tecnologias que recebi de minha av\u00f3 sobre a gest\u00e3o do tempo e sobre sa\u00fade f\u00edsica e mental, no podcast, <em>Olhar para o Passado \u00c9 Tecnologia Ancestral: Como a Mem\u00f3ria Fortalece o Futuro de Mulheres Pretas?,<\/em>\u00a0entrevisto <\/span><a href=\"https:\/\/bit.ly\/3G0I8NL\" target=\"_blank\" rel=\"noopener\"><span style=\"font-weight: 400;\">Ludmyla Oliveira<\/span><\/a><span style=\"font-weight: 400;\">, cria da <\/span><a href=\"http:\/\/bit.ly\/2x3k8bw\" target=\"_blank\" rel=\"noopener\"><span style=\"font-weight: 400;\">Zona Oeste<\/span><\/a><span style=\"font-weight: 400;\">, educadora financeira e ativista, fundadora do <\/span><a href=\"https:\/\/bit.ly\/3FWXxi4\" target=\"_blank\" rel=\"noopener\"><span style=\"font-weight: 400;\">Crioula Criativa<\/span><\/a><span style=\"font-weight: 400;\">, que <\/span><a href=\"https:\/\/bit.ly\/31h2K5F\" target=\"_blank\" rel=\"noopener\"><span style=\"font-weight: 400;\">se reinventou como empreendedora<\/span><\/a><span style=\"font-weight: 400;\"> e hoje trabalha disseminando o conceito de <\/span><span style=\"font-weight: 400;\">bordado ancestral<\/span><span style=\"font-weight: 400;\">, para <\/span><span style=\"font-weight: 400;\">fortalecer<\/span> <span style=\"font-weight: 400;\">o futuro de outras mulheres pretas.<\/span><\/p>\n<blockquote>\n<p style=\"text-align: left;\"><a href=\"https:\/\/rioonwatch.org.br\/wp-content\/uploads\/2021\/12\/De-uso-popular-reservado-para-eventos-tradicionais-mulheres-e-homens-se-vestem-elegantemente-enrolados-em-seus-belos-tecidos-cheios-de-significado-e-ensinamentos.-Foto-de-Afreaka.jpg\"><img loading=\"lazy\" decoding=\"async\" class=\"wp-image-59622 alignright\" title=\"De uso popular reservado para eventos tradicionais, mulheres e homens se vestem elegantemente enrolados em seus belos tecidos cheios de significado e ensinamentos. Foto de Afreaka\" src=\"https:\/\/rioonwatch.org.br\/wp-content\/uploads\/2021\/12\/De-uso-popular-reservado-para-eventos-tradicionais-mulheres-e-homens-se-vestem-elegantemente-enrolados-em-seus-belos-tecidos-cheios-de-significado-e-ensinamentos.-Foto-de-Afreaka.jpg\" alt=\"De uso popular reservado para eventos tradicionais, mulheres e homens se vestem elegantemente enrolados em seus belos tecidos cheios de significado e ensinamentos. Foto de Afreaka\" width=\"300\" height=\"200\" \/><\/a><span style=\"font-weight: 400;\">&#8220;Saberes ancestrais n\u00e3o s\u00e3o somente escrituras. N\u00f3s como popula\u00e7\u00e3o afro diasp\u00f3rica, na verdade, n\u00e3o ficamos muito com as escrituras, mas o que a gente consegue trabalhar de forma comunit\u00e1ria \u00e9 o que a gente recebe das nossas m\u00e3es e das nossas av\u00f3s. \u00c9 construir uma sociedade com valores que a gente acredita, com valores que s\u00e3o poss\u00edveis e com valores que s\u00e3o inegoci\u00e1veis para que a gente possa construir um futuro melhor n\u00e3o s\u00f3 para n\u00f3s, mas para toda uma comunidade.<\/span>&#8221; \u2014 Ludmyla Oliveira<\/p>\n<\/blockquote>\n<p style=\"text-align: left;\"><em>Sobre a autora: <span data-sheets-value=\"{&quot;1&quot;:2,&quot;2&quot;:&quot;Gabriela Anastacia, jornalista, m\u00e3e e empreendedora (n\u00e3o necessariamente nessa ordem).&quot;}\" data-sheets-userformat=\"{&quot;2&quot;:17281,&quot;3&quot;:{&quot;1&quot;:0},&quot;10&quot;:1,&quot;11&quot;:4,&quot;12&quot;:0,&quot;17&quot;:1}\"><a href=\"https:\/\/bit.ly\/2ZN5dEf\" target=\"_blank\" rel=\"noopener\">Gabriela Anastacia<\/a> \u00e9 jornalista, m\u00e3e e empreendedora, n\u00e3o necessariamente nessa ordem.<\/span><\/em><\/p>\n<p><em>Sobre a artista: <a href=\"https:\/\/bit.ly\/2Umam3o\" target=\"_blank\" rel=\"noopener\"><span class=\"il\">Natalia<\/span> de Souza Flores<\/a>\u00a0<span class=\"il\">\u00e9<\/span>\u00a0cria da Zona Norte e integrante das\u00a0<a href=\"https:\/\/bit.ly\/3xbZnrY\" target=\"_blank\" rel=\"noopener\">Brabas Crew<\/a>. Formada em Design Gr\u00e1fico pela Unigranrio em 2017, trabalha como designer desde 2015. Lan\u00e7ou a revista em quadrinhos coletiva \u2018T\u00e1 no Gibi\u2019, em 2017 na Bienal do Livro. Sua tem\u00e1tica principal \u00e9 afro usando elementos cyberpunk, wica e ind\u00edgena.<\/em><\/p>\n<p><em>Esta mat\u00e9ria faz parte da\u00a0<a href=\"https:\/\/bit.ly\/SerieAntirracista\" target=\"_blank\" rel=\"noopener\">s\u00e9rie de mat\u00e9rias do projeto antirracista do RioOnWatch<\/a>. Conhe\u00e7a o nosso projeto que trouxe conte\u00fados midi\u00e1ticos semanais ao longo de 2021: <i><a href=\"http:\/\/bit.ly\/EnraizandoIntro\" target=\"_blank\" rel=\"noopener\">Enraizando o Antirracismo nas Favelas<\/a>.<\/i><\/em><\/p>\n<h4><b data-stringify-type=\"bold\">Compartilhe com a gente a sua opini\u00e3o sobre essa mat\u00e9ria\u00a0<\/b><b data-stringify-type=\"bold\"><a class=\"c-link\" href=\"https:\/\/bit.ly\/OpineAntirracismo\" target=\"_blank\" rel=\"noopener noreferrer\" data-stringify-link=\"https:\/\/docs.google.com\/forms\/d\/e\/1FAIpQLSc6PJwxQ0eapYlfSfsr8fyibg8ODzXKpGhJjXe2-8Bbxrtp1g\/viewform\" data-sk=\"tooltip_parent\">clicando aqui<\/a>.<\/b><\/h4>\n<hr \/>\n<div class=\"entry clearfix\">\n<h4><b data-stringify-type=\"bold\">Apoie nossos esfor\u00e7os para fornecer apoio estrat\u00e9gico \u00e0s favelas do Rio, incluindo o jornalismo hiperlocal, cr\u00edtico, inovador e incans\u00e1vel do\u00a0<\/b><b data-stringify-type=\"bold\"><i data-stringify-type=\"italic\">RioOnWatch<\/i><\/b>\u2014<b data-stringify-type=\"bold\"><a class=\"c-link\" href=\"http:\/\/www.bit.ly\/ApoieROW\" target=\"_blank\" rel=\"noopener noreferrer\" data-stringify-link=\"http:\/\/www.bit.ly\/ApoieROW\" data-sk=\"tooltip_parent\">doe aqui<\/a><\/b><b data-stringify-type=\"bold\">.<\/b><\/h4>\n<\/div>\n<!-- AddThis Advanced Settings generic via filter on the_content --><!-- AddThis Share Buttons generic via filter on the_content -->","protected":false},"excerpt":{"rendered":"<div class=\"mh-excerpt\"><p>Click Here for English Esta mat\u00e9ria faz parte da\u00a0s\u00e9rie do projeto antirracista do RioOnWatch.\u00a0Conhe\u00e7a o nosso projeto que trouxe conte\u00fados midi\u00e1ticos semanais ao longo de 2021: Enraizando o Antirracismo nas Favelas. Ou\u00e7a o podcast desta <a class=\"mh-excerpt-more\" href=\"https:\/\/rioonwatch.org.br\/?p=59621\" title=\"Olhar para o Passado \u00c9 Tecnologia Ancestral: Como a Mem\u00f3ria Fortalece o Futuro de Mulheres Pretas? [PODCAST]\">[&#8230;]<\/a><!-- AddThis Advanced Settings generic via filter on get_the_excerpt --><!-- AddThis Share Buttons generic via filter on get_the_excerpt --><\/p>\n<\/div>","protected":false},"author":167,"featured_media":59635,"comment_status":"closed","ping_status":"closed","sticky":false,"template":"template-full.php","format":"standard","meta":{"_acf_changed":false,"_monsterinsights_skip_tracking":false,"_monsterinsights_sitenote_active":false,"_monsterinsights_sitenote_note":"","_monsterinsights_sitenote_category":0,"footnotes":""},"categories":[1621,1615,2985,1625,342],"tags":[329,3253,2418,333,316,514,2665,841,469,1970,758,294,2069,2539,2974,1457,184],"writer":[3119],"translator":[],"source":[],"ilustrador":[3120],"fotografo":[],"class_list":{"0":"post-59621","1":"post","2":"type-post","3":"status-publish","4":"format-standard","5":"has-post-thumbnail","7":"category-destaque","8":"category-cultura-da-favela","9":"category-podcast","10":"category-por-correspondentes-comunitarios","11":"category-solucoes","12":"tag-africa","13":"tag-antirracismo","14":"tag-comunidade","15":"tag-diaspora","16":"tag-educacao","17":"tag-escravidao","18":"tag-griot","19":"tag-historia-oral","20":"tag-memoria","21":"tag-negritude","22":"tag-orgulho-comunitario","23":"tag-saude","24":"tag-saude-mental","25":"tag-sentimento-de-pertencimento","26":"tag-serie-antirracismo","27":"tag-tecnologia","28":"tag-zona-oeste","29":"writer-gabriela-anastacia","30":"ilustrador-natalia-de-souza-flores"},"acf":[],"yoast_head":"<!-- This site is optimized with the Yoast SEO plugin v25.6 - https:\/\/yoast.com\/wordpress\/plugins\/seo\/ -->\n<title>Olhar para o Passado \u00c9 Tecnologia Ancestral: Como a Mem\u00f3ria Fortalece o Futuro de Mulheres Pretas? [PODCAST] - RioOnWatch<\/title>\n<meta name=\"robots\" content=\"index, follow, max-snippet:-1, max-image-preview:large, max-video-preview:-1\" \/>\n<link rel=\"canonical\" href=\"https:\/\/rioonwatch.org.br\/?p=59621\" \/>\n<meta property=\"og:locale\" content=\"pt_BR\" \/>\n<meta property=\"og:type\" content=\"article\" \/>\n<meta property=\"og:title\" content=\"Olhar para o Passado \u00c9 Tecnologia Ancestral: Como a Mem\u00f3ria Fortalece o Futuro de Mulheres Pretas? [PODCAST] - RioOnWatch\" \/>\n<meta property=\"og:description\" content=\"Click Here for English Esta mat\u00e9ria faz parte da\u00a0s\u00e9rie do projeto antirracista do RioOnWatch.\u00a0Conhe\u00e7a o nosso projeto que trouxe conte\u00fados midi\u00e1ticos semanais ao longo de 2021: Enraizando o Antirracismo nas Favelas. Ou\u00e7a o podcast desta [...]\" \/>\n<meta property=\"og:url\" content=\"https:\/\/rioonwatch.org.br\/?p=59621\" \/>\n<meta property=\"og:site_name\" content=\"RioOnWatch\" \/>\n<meta property=\"article:published_time\" content=\"2022-01-05T14:43:32+00:00\" \/>\n<meta property=\"article:modified_time\" content=\"2024-06-20T16:45:47+00:00\" \/>\n<meta property=\"og:image\" content=\"https:\/\/rioonwatch.org.br\/wp-content\/uploads\/2021\/12\/Arte-original-por-Natalia-S.-Flores.jpg\" \/>\n\t<meta property=\"og:image:width\" content=\"1280\" \/>\n\t<meta property=\"og:image:height\" content=\"544\" \/>\n\t<meta property=\"og:image:type\" content=\"image\/jpeg\" \/>\n<meta name=\"author\" content=\"Julio Santos Filho\" \/>\n<meta name=\"twitter:card\" content=\"summary_large_image\" \/>\n<meta name=\"twitter:image\" content=\"https:\/\/rioonwatch.org.br\/wp-content\/uploads\/2021\/12\/Arte-original-por-Natalia-S.-Flores.jpg\" \/>\n<meta name=\"twitter:label1\" content=\"Escrito por\" \/>\n\t<meta name=\"twitter:data1\" content=\"Julio Santos Filho\" \/>\n\t<meta name=\"twitter:label2\" content=\"Est. tempo de leitura\" \/>\n\t<meta name=\"twitter:data2\" content=\"4 minutos\" \/>\n<script type=\"application\/ld+json\" class=\"yoast-schema-graph\">{\"@context\":\"https:\/\/schema.org\",\"@graph\":[{\"@type\":\"Article\",\"@id\":\"https:\/\/rioonwatch.org.br\/?p=59621#article\",\"isPartOf\":{\"@id\":\"https:\/\/rioonwatch.org.br\/?p=59621\"},\"author\":{\"name\":\"Julio Santos Filho\",\"@id\":\"https:\/\/rioonwatch.org.br\/#\/schema\/person\/476bc75767957d3535b65b796667cd36\"},\"headline\":\"Olhar para o Passado \u00c9 Tecnologia Ancestral: Como a Mem\u00f3ria Fortalece o Futuro de Mulheres Pretas? [PODCAST]\",\"datePublished\":\"2022-01-05T14:43:32+00:00\",\"dateModified\":\"2024-06-20T16:45:47+00:00\",\"mainEntityOfPage\":{\"@id\":\"https:\/\/rioonwatch.org.br\/?p=59621\"},\"wordCount\":626,\"publisher\":{\"@id\":\"https:\/\/rioonwatch.org.br\/#organization\"},\"image\":{\"@id\":\"https:\/\/rioonwatch.org.br\/?p=59621#primaryimage\"},\"thumbnailUrl\":\"https:\/\/rioonwatch.org.br\/wp-content\/uploads\/2021\/12\/Arte-original-por-Natalia-S.-Flores.jpg\",\"keywords\":[\"\u00c1frica\",\"Antirracismo\",\"comunidade\",\"Di\u00e1spora Africana\",\"educa\u00e7\u00e3o\",\"escravid\u00e3o\",\"griot\",\"hist\u00f3ria oral\",\"Mem\u00f3rias Faveladas\",\"negritude\",\"orgulho comunit\u00e1rio\",\"sa\u00fade\",\"sa\u00fade mental\",\"sentimento de pertencimento\",\"S\u00e9rie: Antirracismo\",\"tecnologia\",\"Zona Oeste\"],\"articleSection\":[\"*Destaque\",\"Cultura da Favela\",\"Epis\u00f3dios de Podcast\",\"Escrito por Comunicadores Populares\",\"Solu\u00e7\u00f5es\"],\"inLanguage\":\"pt-BR\"},{\"@type\":\"WebPage\",\"@id\":\"https:\/\/rioonwatch.org.br\/?p=59621\",\"url\":\"https:\/\/rioonwatch.org.br\/?p=59621\",\"name\":\"Olhar para o Passado \u00c9 Tecnologia Ancestral: Como a Mem\u00f3ria Fortalece o Futuro de Mulheres Pretas? [PODCAST] - RioOnWatch\",\"isPartOf\":{\"@id\":\"https:\/\/rioonwatch.org.br\/#website\"},\"primaryImageOfPage\":{\"@id\":\"https:\/\/rioonwatch.org.br\/?p=59621#primaryimage\"},\"image\":{\"@id\":\"https:\/\/rioonwatch.org.br\/?p=59621#primaryimage\"},\"thumbnailUrl\":\"https:\/\/rioonwatch.org.br\/wp-content\/uploads\/2021\/12\/Arte-original-por-Natalia-S.-Flores.jpg\",\"datePublished\":\"2022-01-05T14:43:32+00:00\",\"dateModified\":\"2024-06-20T16:45:47+00:00\",\"breadcrumb\":{\"@id\":\"https:\/\/rioonwatch.org.br\/?p=59621#breadcrumb\"},\"inLanguage\":\"pt-BR\",\"potentialAction\":[{\"@type\":\"ReadAction\",\"target\":[\"https:\/\/rioonwatch.org.br\/?p=59621\"]}]},{\"@type\":\"ImageObject\",\"inLanguage\":\"pt-BR\",\"@id\":\"https:\/\/rioonwatch.org.br\/?p=59621#primaryimage\",\"url\":\"https:\/\/rioonwatch.org.br\/wp-content\/uploads\/2021\/12\/Arte-original-por-Natalia-S.-Flores.jpg\",\"contentUrl\":\"https:\/\/rioonwatch.org.br\/wp-content\/uploads\/2021\/12\/Arte-original-por-Natalia-S.-Flores.jpg\",\"width\":1280,\"height\":544,\"caption\":\"Arte original por Natalia de Souza Flores\"},{\"@type\":\"BreadcrumbList\",\"@id\":\"https:\/\/rioonwatch.org.br\/?p=59621#breadcrumb\",\"itemListElement\":[{\"@type\":\"ListItem\",\"position\":1,\"name\":\"In\u00edcio\",\"item\":\"https:\/\/rioonwatch.org.br\/\"},{\"@type\":\"ListItem\",\"position\":2,\"name\":\"Olhar para o Passado \u00c9 Tecnologia Ancestral: Como a Mem\u00f3ria Fortalece o Futuro de Mulheres Pretas? [PODCAST]\"}]},{\"@type\":\"WebSite\",\"@id\":\"https:\/\/rioonwatch.org.br\/#website\",\"url\":\"https:\/\/rioonwatch.org.br\/\",\"name\":\"RioOnWatch\",\"description\":\"relatos das favelas cariocas\",\"publisher\":{\"@id\":\"https:\/\/rioonwatch.org.br\/#organization\"},\"potentialAction\":[{\"@type\":\"SearchAction\",\"target\":{\"@type\":\"EntryPoint\",\"urlTemplate\":\"https:\/\/rioonwatch.org.br\/?s={search_term_string}\"},\"query-input\":{\"@type\":\"PropertyValueSpecification\",\"valueRequired\":true,\"valueName\":\"search_term_string\"}}],\"inLanguage\":\"pt-BR\"},{\"@type\":\"Organization\",\"@id\":\"https:\/\/rioonwatch.org.br\/#organization\",\"name\":\"RioOnWatch\",\"url\":\"https:\/\/rioonwatch.org.br\/\",\"logo\":{\"@type\":\"ImageObject\",\"inLanguage\":\"pt-BR\",\"@id\":\"https:\/\/rioonwatch.org.br\/#\/schema\/logo\/image\/\",\"url\":\"https:\/\/rioonwatch.org.br\/wp-content\/uploads\/2021\/06\/RioOnWatchcabecalhoPT11anos-2.png\",\"contentUrl\":\"https:\/\/rioonwatch.org.br\/wp-content\/uploads\/2021\/06\/RioOnWatchcabecalhoPT11anos-2.png\",\"width\":779,\"height\":277,\"caption\":\"RioOnWatch\"},\"image\":{\"@id\":\"https:\/\/rioonwatch.org.br\/#\/schema\/logo\/image\/\"}},{\"@type\":\"Person\",\"@id\":\"https:\/\/rioonwatch.org.br\/#\/schema\/person\/476bc75767957d3535b65b796667cd36\",\"name\":\"Julio Santos Filho\",\"image\":{\"@type\":\"ImageObject\",\"inLanguage\":\"pt-BR\",\"@id\":\"https:\/\/rioonwatch.org.br\/#\/schema\/person\/image\/\",\"url\":\"https:\/\/secure.gravatar.com\/avatar\/ca138f7666182a292a8ce4ca14fb81f8?s=96&d=blank&r=g\",\"contentUrl\":\"https:\/\/secure.gravatar.com\/avatar\/ca138f7666182a292a8ce4ca14fb81f8?s=96&d=blank&r=g\",\"caption\":\"Julio Santos Filho\"},\"url\":\"https:\/\/rioonwatch.org.br\/?author=167\"}]}<\/script>\n<!-- \/ Yoast SEO plugin. -->","yoast_head_json":{"title":"Olhar para o Passado \u00c9 Tecnologia Ancestral: Como a Mem\u00f3ria Fortalece o Futuro de Mulheres Pretas? [PODCAST] - RioOnWatch","robots":{"index":"index","follow":"follow","max-snippet":"max-snippet:-1","max-image-preview":"max-image-preview:large","max-video-preview":"max-video-preview:-1"},"canonical":"https:\/\/rioonwatch.org.br\/?p=59621","og_locale":"pt_BR","og_type":"article","og_title":"Olhar para o Passado \u00c9 Tecnologia Ancestral: Como a Mem\u00f3ria Fortalece o Futuro de Mulheres Pretas? [PODCAST] - RioOnWatch","og_description":"Click Here for English Esta mat\u00e9ria faz parte da\u00a0s\u00e9rie do projeto antirracista do RioOnWatch.\u00a0Conhe\u00e7a o nosso projeto que trouxe conte\u00fados midi\u00e1ticos semanais ao longo de 2021: Enraizando o Antirracismo nas Favelas. Ou\u00e7a o podcast desta [...]","og_url":"https:\/\/rioonwatch.org.br\/?p=59621","og_site_name":"RioOnWatch","article_published_time":"2022-01-05T14:43:32+00:00","article_modified_time":"2024-06-20T16:45:47+00:00","og_image":[{"width":1280,"height":544,"url":"https:\/\/rioonwatch.org.br\/wp-content\/uploads\/2021\/12\/Arte-original-por-Natalia-S.-Flores.jpg","type":"image\/jpeg"}],"author":"Julio Santos Filho","twitter_card":"summary_large_image","twitter_image":"https:\/\/rioonwatch.org.br\/wp-content\/uploads\/2021\/12\/Arte-original-por-Natalia-S.-Flores.jpg","twitter_misc":{"Escrito por":"Julio Santos Filho","Est. tempo de leitura":"4 minutos"},"schema":{"@context":"https:\/\/schema.org","@graph":[{"@type":"Article","@id":"https:\/\/rioonwatch.org.br\/?p=59621#article","isPartOf":{"@id":"https:\/\/rioonwatch.org.br\/?p=59621"},"author":{"name":"Julio Santos Filho","@id":"https:\/\/rioonwatch.org.br\/#\/schema\/person\/476bc75767957d3535b65b796667cd36"},"headline":"Olhar para o Passado \u00c9 Tecnologia Ancestral: Como a Mem\u00f3ria Fortalece o Futuro de Mulheres Pretas? [PODCAST]","datePublished":"2022-01-05T14:43:32+00:00","dateModified":"2024-06-20T16:45:47+00:00","mainEntityOfPage":{"@id":"https:\/\/rioonwatch.org.br\/?p=59621"},"wordCount":626,"publisher":{"@id":"https:\/\/rioonwatch.org.br\/#organization"},"image":{"@id":"https:\/\/rioonwatch.org.br\/?p=59621#primaryimage"},"thumbnailUrl":"https:\/\/rioonwatch.org.br\/wp-content\/uploads\/2021\/12\/Arte-original-por-Natalia-S.-Flores.jpg","keywords":["\u00c1frica","Antirracismo","comunidade","Di\u00e1spora Africana","educa\u00e7\u00e3o","escravid\u00e3o","griot","hist\u00f3ria oral","Mem\u00f3rias Faveladas","negritude","orgulho comunit\u00e1rio","sa\u00fade","sa\u00fade mental","sentimento de pertencimento","S\u00e9rie: Antirracismo","tecnologia","Zona Oeste"],"articleSection":["*Destaque","Cultura da Favela","Epis\u00f3dios de Podcast","Escrito por Comunicadores Populares","Solu\u00e7\u00f5es"],"inLanguage":"pt-BR"},{"@type":"WebPage","@id":"https:\/\/rioonwatch.org.br\/?p=59621","url":"https:\/\/rioonwatch.org.br\/?p=59621","name":"Olhar para o Passado \u00c9 Tecnologia Ancestral: Como a Mem\u00f3ria Fortalece o Futuro de Mulheres Pretas? [PODCAST] - RioOnWatch","isPartOf":{"@id":"https:\/\/rioonwatch.org.br\/#website"},"primaryImageOfPage":{"@id":"https:\/\/rioonwatch.org.br\/?p=59621#primaryimage"},"image":{"@id":"https:\/\/rioonwatch.org.br\/?p=59621#primaryimage"},"thumbnailUrl":"https:\/\/rioonwatch.org.br\/wp-content\/uploads\/2021\/12\/Arte-original-por-Natalia-S.-Flores.jpg","datePublished":"2022-01-05T14:43:32+00:00","dateModified":"2024-06-20T16:45:47+00:00","breadcrumb":{"@id":"https:\/\/rioonwatch.org.br\/?p=59621#breadcrumb"},"inLanguage":"pt-BR","potentialAction":[{"@type":"ReadAction","target":["https:\/\/rioonwatch.org.br\/?p=59621"]}]},{"@type":"ImageObject","inLanguage":"pt-BR","@id":"https:\/\/rioonwatch.org.br\/?p=59621#primaryimage","url":"https:\/\/rioonwatch.org.br\/wp-content\/uploads\/2021\/12\/Arte-original-por-Natalia-S.-Flores.jpg","contentUrl":"https:\/\/rioonwatch.org.br\/wp-content\/uploads\/2021\/12\/Arte-original-por-Natalia-S.-Flores.jpg","width":1280,"height":544,"caption":"Arte original por Natalia de Souza Flores"},{"@type":"BreadcrumbList","@id":"https:\/\/rioonwatch.org.br\/?p=59621#breadcrumb","itemListElement":[{"@type":"ListItem","position":1,"name":"In\u00edcio","item":"https:\/\/rioonwatch.org.br\/"},{"@type":"ListItem","position":2,"name":"Olhar para o Passado \u00c9 Tecnologia Ancestral: Como a Mem\u00f3ria Fortalece o Futuro de Mulheres Pretas? [PODCAST]"}]},{"@type":"WebSite","@id":"https:\/\/rioonwatch.org.br\/#website","url":"https:\/\/rioonwatch.org.br\/","name":"RioOnWatch","description":"relatos das favelas cariocas","publisher":{"@id":"https:\/\/rioonwatch.org.br\/#organization"},"potentialAction":[{"@type":"SearchAction","target":{"@type":"EntryPoint","urlTemplate":"https:\/\/rioonwatch.org.br\/?s={search_term_string}"},"query-input":{"@type":"PropertyValueSpecification","valueRequired":true,"valueName":"search_term_string"}}],"inLanguage":"pt-BR"},{"@type":"Organization","@id":"https:\/\/rioonwatch.org.br\/#organization","name":"RioOnWatch","url":"https:\/\/rioonwatch.org.br\/","logo":{"@type":"ImageObject","inLanguage":"pt-BR","@id":"https:\/\/rioonwatch.org.br\/#\/schema\/logo\/image\/","url":"https:\/\/rioonwatch.org.br\/wp-content\/uploads\/2021\/06\/RioOnWatchcabecalhoPT11anos-2.png","contentUrl":"https:\/\/rioonwatch.org.br\/wp-content\/uploads\/2021\/06\/RioOnWatchcabecalhoPT11anos-2.png","width":779,"height":277,"caption":"RioOnWatch"},"image":{"@id":"https:\/\/rioonwatch.org.br\/#\/schema\/logo\/image\/"}},{"@type":"Person","@id":"https:\/\/rioonwatch.org.br\/#\/schema\/person\/476bc75767957d3535b65b796667cd36","name":"Julio Santos Filho","image":{"@type":"ImageObject","inLanguage":"pt-BR","@id":"https:\/\/rioonwatch.org.br\/#\/schema\/person\/image\/","url":"https:\/\/secure.gravatar.com\/avatar\/ca138f7666182a292a8ce4ca14fb81f8?s=96&d=blank&r=g","contentUrl":"https:\/\/secure.gravatar.com\/avatar\/ca138f7666182a292a8ce4ca14fb81f8?s=96&d=blank&r=g","caption":"Julio Santos Filho"},"url":"https:\/\/rioonwatch.org.br\/?author=167"}]}},"_links":{"self":[{"href":"https:\/\/rioonwatch.org.br\/index.php?rest_route=\/wp\/v2\/posts\/59621"}],"collection":[{"href":"https:\/\/rioonwatch.org.br\/index.php?rest_route=\/wp\/v2\/posts"}],"about":[{"href":"https:\/\/rioonwatch.org.br\/index.php?rest_route=\/wp\/v2\/types\/post"}],"author":[{"embeddable":true,"href":"https:\/\/rioonwatch.org.br\/index.php?rest_route=\/wp\/v2\/users\/167"}],"replies":[{"embeddable":true,"href":"https:\/\/rioonwatch.org.br\/index.php?rest_route=%2Fwp%2Fv2%2Fcomments&post=59621"}],"version-history":[{"count":17,"href":"https:\/\/rioonwatch.org.br\/index.php?rest_route=\/wp\/v2\/posts\/59621\/revisions"}],"predecessor-version":[{"id":60208,"href":"https:\/\/rioonwatch.org.br\/index.php?rest_route=\/wp\/v2\/posts\/59621\/revisions\/60208"}],"wp:featuredmedia":[{"embeddable":true,"href":"https:\/\/rioonwatch.org.br\/index.php?rest_route=\/wp\/v2\/media\/59635"}],"wp:attachment":[{"href":"https:\/\/rioonwatch.org.br\/index.php?rest_route=%2Fwp%2Fv2%2Fmedia&parent=59621"}],"wp:term":[{"taxonomy":"category","embeddable":true,"href":"https:\/\/rioonwatch.org.br\/index.php?rest_route=%2Fwp%2Fv2%2Fcategories&post=59621"},{"taxonomy":"post_tag","embeddable":true,"href":"https:\/\/rioonwatch.org.br\/index.php?rest_route=%2Fwp%2Fv2%2Ftags&post=59621"},{"taxonomy":"writer","embeddable":true,"href":"https:\/\/rioonwatch.org.br\/index.php?rest_route=%2Fwp%2Fv2%2Fwriter&post=59621"},{"taxonomy":"translator","embeddable":true,"href":"https:\/\/rioonwatch.org.br\/index.php?rest_route=%2Fwp%2Fv2%2Ftranslator&post=59621"},{"taxonomy":"source","embeddable":true,"href":"https:\/\/rioonwatch.org.br\/index.php?rest_route=%2Fwp%2Fv2%2Fsource&post=59621"},{"taxonomy":"ilustrador","embeddable":true,"href":"https:\/\/rioonwatch.org.br\/index.php?rest_route=%2Fwp%2Fv2%2Filustrador&post=59621"},{"taxonomy":"fotografo","embeddable":true,"href":"https:\/\/rioonwatch.org.br\/index.php?rest_route=%2Fwp%2Fv2%2Ffotografo&post=59621"}],"curies":[{"name":"wp","href":"https:\/\/api.w.org\/{rel}","templated":true}]}}