{"id":59868,"date":"2022-01-28T15:04:31","date_gmt":"2022-01-28T18:04:31","guid":{"rendered":"https:\/\/rioonwatch.org.br\/?p=59868"},"modified":"2024-05-24T12:29:36","modified_gmt":"2024-05-24T15:29:36","slug":"a-consequente-incidencia-politica-da-coalizao-negra-por-direitos","status":"publish","type":"post","link":"https:\/\/rioonwatch.org.br\/?p=59868","title":{"rendered":"A Consequente Incid\u00eancia Pol\u00edtica da Coaliz\u00e3o Negra por Direitos"},"content":{"rendered":"<p style=\"text-align: right;\"><em><strong><a href=\"https:\/\/bit.ly\/3HojlDB\" target=\"_blank\" rel=\"noopener noreferrer\">Click Here for English<\/a><a href=\"https:\/\/bit.ly\/3HojlDB\" target=\"_blank\" rel=\"noopener noreferrer\"><img decoding=\"async\" class=\"alignright wp-image-15790\" src=\"http:\/\/rioonwatch.org.br\/wp-content\/uploads\/2012\/08\/EN-standard-e1439583104716.jpg\" alt=\"\" width=\"20\" height=\"20\" \/><\/a><\/strong><\/em><\/p>\n<p><em>Esta \u00e9 a terceira mat\u00e9ria de uma <a href=\"https:\/\/bit.ly\/CoalizaoNegra\" target=\"_blank\" rel=\"noopener\">s\u00e9rie de quatro sobre a Coaliz\u00e3o Negra por Direitos<\/a> e faz parte da <a href=\"https:\/\/bit.ly\/SerieAntirracista\" rel=\"noopener\">s\u00e9rie do projeto antirracista do RioOnWatch<\/a>.<i data-stringify-type=\"italic\">\u00a0<\/i>Conhe\u00e7a o nosso projeto que trouxe conte\u00fados midi\u00e1ticos semanais ao longo de 2021:\u00a0<i><a href=\"http:\/\/bit.ly\/EnraizandoIntro\" target=\"_blank\" rel=\"noopener\">Enraizando o Antirracismo nas Favelas<\/a>.<\/i><\/em><\/p>\n<p>Voc\u00ea pode ainda n\u00e3o saber disso, mas se voc\u00ea \u00e9 brasileiro e, principalmente, se voc\u00ea faz parte da popula\u00e7\u00e3o negra de renda baixa no Brasil, nos \u00faltimos tr\u00eas anos, o movimento da <a href=\"https:\/\/bit.ly\/3pLjJ7J\" target=\"_blank\" rel=\"noopener\">Coaliz\u00e3o Negra Por Direitos,<\/a> atravessou as principais pautas pol\u00edticas com a inten\u00e7\u00e3o de influenciar o seu cotidiano, especialmente, durante a pandemia da <a href=\"https:\/\/bit.ly\/2xOpNGB\" target=\"_blank\" rel=\"noopener\">Covid-19<\/a>. Nos \u00faltimos tr\u00eas anos, a organiza\u00e7\u00e3o vem pautando o debate racial nas ruas e nas redes, por dentro da m\u00eddia e dos espa\u00e7os de poder, buscando tornar vis\u00edvel a <a href=\"https:\/\/bit.ly\/12EvidenciasNecropolitica\" target=\"_blank\" rel=\"noopener\">necropol\u00edtica<\/a> brasileira.<\/p>\n<p>Por isso, ao longo de um ano acompanhamos a <a href=\"https:\/\/bit.ly\/3nnQgkR\" target=\"_blank\" rel=\"noopener\">Coaliz\u00e3o Negra por Direitos<\/a>, que re\u00fane atualmente 250 organiza\u00e7\u00f5es do <a href=\"https:\/\/bit.ly\/2ED4jQ1\" target=\"_blank\" rel=\"noopener\">movimento negro<\/a>\u00a0e que, em 2021, consolidou-se como um dos maiores movimentos sociais do Brasil.<\/p>\n<p>Em um pa\u00eds politicamente polarizado entre a\u00a0<a href=\"https:\/\/bit.ly\/339fRqu\" target=\"_blank\" rel=\"noopener\">esquerda e a extrema-direita<\/a>\u2014onde a extrema-direita venceu as elei\u00e7\u00f5es de 2018 e alcan\u00e7ou a cadeira da Presid\u00eancia da Rep\u00fablica\u2014a Coaliz\u00e3o Negra Por Direitos, surge como uma a\u00e7\u00e3o de resist\u00eancia coletiva e antirracista em defesa da vida. Sobretudo, para disputar um projeto de pa\u00eds que tenha a cara e a cor do seu povo. Afinal, negras e negros somam-se <a href=\"https:\/\/bit.ly\/3hq0pYQ\" target=\"_blank\" rel=\"noopener\">56% da popula\u00e7\u00e3o<\/a>, de acordo com o IBGE.<\/p>\n<p>A pactua\u00e7\u00e3o de coletivos, grupos e organiza\u00e7\u00f5es integrantes do movimento negro brasileiro neste momento pol\u00edtico est\u00e1 diretamente ligada a uma resposta \u00e0 elei\u00e7\u00e3o de <a href=\"https:\/\/bit.ly\/2AyrWHv\" target=\"_blank\" rel=\"noopener\">Jair Bolsonaro<\/a>, em 2018. Desde a campanha eleitoral quando ainda era candidato, ele <a href=\"https:\/\/bit.ly\/3Kb7348\" target=\"_blank\" rel=\"noopener\">j\u00e1 afirmava<\/a> ser defensor da retirada de direitos sociais e pol\u00edticas afirmativas para as minorias, incluindo a popula\u00e7\u00e3o negra. Apesar de congregar a maior parte da popula\u00e7\u00e3o do pa\u00eds, negros e pardos s\u00e3o <a href=\"https:\/\/bit.ly\/3em5oKA\">sub-representados na pol\u00edtica<\/a>, em todos as inst\u00e2ncias dos Tr\u00eas Poderes: Executivo, Legislativo e Judici\u00e1rio.<\/p>\n<blockquote><p>&#8220;A Hist\u00f3ria exige da popula\u00e7\u00e3o negra brasileira e de toda a di\u00e1spora africana, a\u00e7\u00f5es articuladas para o enfrentamento ao racismo, ao <a href=\"http:\/\/bit.ly\/2PALm3Q\" target=\"_blank\" rel=\"noopener\">genoc\u00eddio<\/a> e \u00e0s desigualdades, injusti\u00e7as e viol\u00eancias derivadas desta realidade. Esta Coaliz\u00e3o se re\u00fane para fazer incid\u00eancia pol\u00edtica em nosso pr\u00f3prio nome, a partir dos valores da colabora\u00e7\u00e3o, ancestralidade, circularidade, partilha do ax\u00e9 (for\u00e7a de vida herdada e transmitida), oralidade, transpar\u00eancia, autocuidado, solidariedade, coletivismo, mem\u00f3ria, reconhecimento e respeito \u00e0s diferen\u00e7as, horizontalidade e amor. Em defesa da vida, do bem-viver e de direitos arduamente conquistados, irrenunci\u00e1veis e inegoci\u00e1veis, seguiremos honrando nossas e nossos ancestrais, unificando em luta toda a popula\u00e7\u00e3o afro-diasp\u00f3rica, por um futuro livre de racismo e de todas as opress\u00f5es.&#8221; \u2014 <a href=\"https:\/\/bit.ly\/30wtA6K\" target=\"_blank\" rel=\"noopener\">Carta Proposta da Coaliz\u00e3o Negra<\/a>.<\/p><\/blockquote>\n<p><a href=\"https:\/\/rioonwatch.org.br\/wp-content\/uploads\/2021\/12\/MidiaNINJA_Sao-Paulo_20N.jpg\"><img fetchpriority=\"high\" decoding=\"async\" class=\"aligncenter wp-image-59873\" title=\"Manifesta\u00e7\u00e3o pelos Dia da Consci\u00eancia Negra e pelo Fora Bolsonaro, S\u00e3o Paulo, 20 de novembro\" src=\"https:\/\/rioonwatch.org.br\/wp-content\/uploads\/2021\/12\/MidiaNINJA_Sao-Paulo_20N.jpg\" alt=\"\" width=\"1030\" height=\"686\" srcset=\"https:\/\/rioonwatch.org.br\/wp-content\/uploads\/2021\/12\/MidiaNINJA_Sao-Paulo_20N.jpg 1280w, https:\/\/rioonwatch.org.br\/wp-content\/uploads\/2021\/12\/MidiaNINJA_Sao-Paulo_20N-620x413.jpg 620w, https:\/\/rioonwatch.org.br\/wp-content\/uploads\/2021\/12\/MidiaNINJA_Sao-Paulo_20N-944x629.jpg 944w, https:\/\/rioonwatch.org.br\/wp-content\/uploads\/2021\/12\/MidiaNINJA_Sao-Paulo_20N-768x512.jpg 768w\" sizes=\"(max-width: 1030px) 100vw, 1030px\" \/><\/a><\/p>\n<p>A Coaliz\u00e3o Negra Por Direitos se autodefine como uma <a href=\"https:\/\/bit.ly\/3sGeCcT\" target=\"_blank\" rel=\"noopener\">alian\u00e7a de entidades do movimento negro<\/a> de todo o pa\u00eds para realizar incid\u00eancia pol\u00edtica no Congresso Nacional e em f\u00f3runs internacionais. Com 25 princ\u00edpios orientadores, j\u00e1 surgiu grande com a participa\u00e7\u00e3o de 100 organiza\u00e7\u00f5es do movimento negro, mas nos dois \u00faltimos anos cresceu em n\u00fameros\u2014de 100 passou a ter 250 organiza\u00e7\u00f5es pactuadas\u2014e avan\u00e7ou em representa\u00e7\u00e3o e legitimidade pol\u00edtica.<\/p>\n<p>Entre os dias 1-3 de dezembro, ap\u00f3s quase dois anos de pandemia da Covid-19, os grupos, coletivos e organiza\u00e7\u00f5es integrantes, reuniram-se para realizar um encontro nacional intitulado &#8220;<a href=\"https:\/\/bit.ly\/3A30JqP\" target=\"_blank\" rel=\"noopener\">Enquanto Houver Racismo, N\u00e3o Haver\u00e1 Democracia<\/a>&#8220;\u2014nome do <a href=\"https:\/\/bit.ly\/3lHel33\" target=\"_blank\" rel=\"noopener\">principal manifesto e campanha<\/a> da Coaliz\u00e3o Negra Por Direitos, lan\u00e7ado em 14 de junho de 2020, em meio a pandemia.<\/p>\n<p>Realizado em formato h\u00edbrido, na cidade de Olinda, Pernambuco, o encontro nacional recebeu lideran\u00e7as de organiza\u00e7\u00f5es de todo o pa\u00eds e parlamentares de diferentes partidos para fazer uma an\u00e1lise de conjuntura e discutir a agenda de demandas, proposi\u00e7\u00f5es e estrat\u00e9gias de incid\u00eancia rumo \u00e0s elei\u00e7\u00f5es de 2022. Teve participa\u00e7\u00e3o presencial de cerca de 100 pessoas e com transmiss\u00e3o online para membros das organiza\u00e7\u00f5es e convidados.<\/p>\n<p>Ingrid Farias, da <span class=\"css-901oao css-16my406 r-poiln3 r-bcqeeo r-qvutc0\">Rede Nacional de Feministas Antiproibicionistas<\/span> (<a href=\"https:\/\/bit.ly\/3yF21HK\" target=\"_blank\" rel=\"noopener\">RENFABR<\/a>), <span class=\"css-901oao css-16my406 r-poiln3 r-bcqeeo r-qvutc0\">refor\u00e7ou a import\u00e2ncia da constru\u00e7\u00e3o afetiva do processo pol\u00edtico: &#8220;Pol\u00edtica para n\u00f3s, \u00e9 o afeto. N\u00f3s temos um outro referencial de outro tipo de pol\u00edtica. N\u00f3s temos um projeto pol\u00edtico de pa\u00eds&#8221;. <\/span>Parte das estrat\u00e9gias da Coaliz\u00e3o a amplia\u00e7\u00e3o da presen\u00e7a do movimento negro nos espa\u00e7os da pol\u00edtica institucional, garantindo representa\u00e7\u00e3o e representatividade na agenda pol\u00edtica brasileira.<\/p>\n<p><a href=\"https:\/\/rioonwatch.org.br\/wp-content\/uploads\/2021\/12\/Marcha-Da-Consciencia-Negra_2021_Tatiana-Lima-3-e1640725947650.jpeg\"><img decoding=\"async\" class=\"alignright wp-image-60039\" src=\"https:\/\/rioonwatch.org.br\/wp-content\/uploads\/2021\/12\/Marcha-Da-Consciencia-Negra_2021_Tatiana-Lima-3-349x620.jpeg\" alt=\"\" width=\"300\" height=\"534\" \/><\/a>Dez dias antes do encontro nacional, em 20 de novembro, <a href=\"http:\/\/bit.ly\/2XCc5is\" target=\"_blank\" rel=\"noopener\">Dia da Consci\u00eancia Negra<\/a>, a Coaliz\u00e3o Negra Por Direitos <a href=\"https:\/\/bit.ly\/3nkFCLu\" target=\"_blank\" rel=\"noopener\">em conjunto<\/a> com a <a href=\"https:\/\/bit.ly\/30FIlHg\" target=\"_blank\" rel=\"noopener\">Campanha Nacional Fora Bolsonaro<\/a>, a Central de M\u00eddia das Frentes Brasil Popular, <a href=\"https:\/\/bit.ly\/3rasxWe\" target=\"_blank\" rel=\"noopener\">Converg\u00eancia Negra<\/a> e a <a href=\"https:\/\/bit.ly\/3I1V4Em\" target=\"_blank\" rel=\"noopener\">Frente Povo Sem Medo<\/a>, unificaram a tradicional Marcha da Consci\u00eancia Negra e tomaram as ruas do pa\u00eds com o mote <a href=\"https:\/\/bit.ly\/3qbCN00\" target=\"_blank\" rel=\"noopener\">#ForaBolsonaroRacista<\/a> pelos 50 anos do Dia da Consci\u00eancia Negro. <span class=\"\">A data marca desde 1971, a morte de <a href=\"https:\/\/bit.ly\/3GqqbZz\" target=\"_blank\" rel=\"noopener\">Zumbi dos Palmares<\/a>, que se tornou s\u00edmbolo da busca por justi\u00e7a e da celebra\u00e7\u00e3o da vida do povo negro brasileiro. <a href=\"https:\/\/bit.ly\/3fCP2hn\" target=\"_blank\" rel=\"noopener\">No total, foram realizados<\/a> 118 atos em 110 cidades e 10 pa\u00edses em todo o Brasil e no Exterior.<br \/>\n<\/span><\/p>\n<p class=\"content-text__container \" data-track-category=\"Link no Texto\" data-track-links=\"\">No Rio de Janeiro, a marcha aconteceu nas ruas de <a href=\"https:\/\/bit.ly\/34duS6Y\" target=\"_blank\" rel=\"noopener\">Madureira<\/a>, \u00e0s 13h, reunindo ativistas, centrais sindicais, partidos pol\u00edticos, organiza\u00e7\u00f5es sociais do movimento negro e de favelas, al\u00e9m de parlamentares. A marcha parou a principal rua do centro comercial, a Estrada do Portela.<\/p>\n<p class=\"content-text__container \" data-track-category=\"Link no Texto\" data-track-links=\"\">Ivanir dos Santos, 67 anos, babala\u00f4\u2014sacerdote no <a href=\"https:\/\/bit.ly\/366wpNu\" target=\"_blank\" rel=\"noopener\">Candombl\u00e9<\/a> dedicado ao <a href=\"https:\/\/bit.ly\/3nqOLlE\" target=\"_blank\" rel=\"noopener\">Culto de If\u00e1<\/a>\u2014conhecido por sua luta por direitos civis, com especial aten\u00e7\u00e3o \u00e0s religi\u00f5es de matriz africana, destacou que \u00e9 preciso combater o racismo para alterar a realidade econ\u00f4mica da popula\u00e7\u00e3o negra.<\/p>\n<p class=\"content-text__container \" data-track-category=\"Link no Texto\" data-track-links=\"\">&#8220;Aqui [Madureira] \u00e9 nosso lugar e das nossas resist\u00eancias culturais e da perpetua\u00e7\u00e3o das nossas identidades. \u00c9 o lugar da quadra do Imp\u00e9rio Serrado, da Serrinha, da Portela, mas, sobretudo, \u00e9 o lugar onde voc\u00ea tem, ao longo da via que estamos percorrendo, os negros trabalhando no mercado informal como camel\u00f4s. Dialogar com a nossa popula\u00e7\u00e3o \u00e9 essencial para combatermos o fascismo, o racismo e mudar essa situa\u00e7\u00e3o econ\u00f4mica, pois se n\u00e3o enfrentarmos o racismo, seguiremos como as principais v\u00edtimas dessa encruzilhada social e econ\u00f4mica, tirando das ruas nosso sustento sem direitos&#8221;.<\/p>\n<h3>Representa\u00e7\u00e3o Pol\u00edtica Dentro e Fora do Brasil<\/h3>\n<p>A Coaliz\u00e3o Negra tem como t\u00e1tica fazer <a href=\"https:\/\/bit.ly\/3J7HzV4\" target=\"_blank\" rel=\"noopener\">press\u00e3o pol\u00edtica<\/a> sobre o <a href=\"https:\/\/bit.ly\/3b5OteA\" target=\"_blank\" rel=\"noopener\">Congresso Nacional<\/a> e o Senado, al\u00e9m de mobilizar e denunciar o Estado Brasileiro em organismos internacionais na <a href=\"https:\/\/bit.ly\/2HNttNJ\" target=\"_blank\" rel=\"noopener\">Europa<\/a> e <a href=\"http:\/\/bit.ly\/2IkrFrI\" target=\"_blank\" rel=\"noopener\">Estados Unidos<\/a>. Em outubro de 2021, a Coaliz\u00e3o denunciou o racismo estrutural brasileiro e as a\u00e7\u00f5es contra a popula\u00e7\u00e3o negra do governo de Jair Bolsonaro na comiss\u00e3o do Senado dos Estados Unidos, contribuindo efetivamente para a <a href=\"https:\/\/bit.ly\/3flm9G3\" target=\"_blank\" rel=\"noopener\">comiss\u00e3o vetar o uso de verbas<\/a> do governo norte-americano para <a href=\"https:\/\/bit.ly\/3Fg4jj2\">retirar cerca de 800 fam\u00edlias quilombolas do territ\u00f3rio de Alc\u00e2ntara<\/a>, no Maranh\u00e3o. O Estado Brasileiro receberia dos EUA at\u00e9 R$10 bilh\u00f5es por ano para permitir que o territ\u00f3rio fosse acessado apenas por norte-americanos para realiza\u00e7\u00e3o de testes aeroespaciais.<\/p>\n<p><span class=\"css-901oao css-16my406 r-poiln3 r-bcqeeo r-qvutc0\">A partir dessa estrat\u00e9gia, a Coaliz\u00e3o tem uma frente ativa de incid\u00eancia internacional que participa de audi\u00eancias e reuni\u00f5es com representantes das Organiza\u00e7\u00e3o dos Estados Americanos (<a href=\"https:\/\/bit.ly\/3fkLJLg\" target=\"_blank\" rel=\"noopener\">OEA<\/a>), Organiza\u00e7\u00e3o das Na\u00e7\u00f5es Unidas (<a href=\"http:\/\/bit.ly\/2Jo9VwI\" target=\"_blank\" rel=\"noopener\">ONU<\/a>), e Comiss\u00e3o Interamericana de Direitos Humanos (<a href=\"http:\/\/bit.ly\/2rGKqO6\" target=\"_blank\" rel=\"noopener\">CIDH<\/a>). Tamb\u00e9m est\u00e1 articulada com o movimento negro norte-americano <a href=\"https:\/\/bit.ly\/2YPJc38\" target=\"_blank\" rel=\"noopener\">Black Lives Matter<\/a>, criado por <a href=\"https:\/\/glo.bo\/3yRRHfQ\" target=\"_blank\" rel=\"noopener\">tr\u00eas mulheres negras<\/a> que se tornou um um dos movimentos mais respeitados na luta contra o racismo no mundo.<\/span><\/p>\n<p><a href=\"https:\/\/rioonwatch.org.br\/wp-content\/uploads\/2021\/12\/Oeco2_Protesto-justica-climatica-.webp\"><img loading=\"lazy\" decoding=\"async\" class=\"aligncenter wp-image-59959\" title=\"Protesto em Glasgow refor\u00e7a import\u00e2ncia de endere\u00e7ar a pauta da justi\u00e7a clim\u00e1tica nas discuss\u00f5es sobre o Clima. Foto: Coaliz\u00e3o Negra Por Direitos (Portal O ECO).\" src=\"https:\/\/rioonwatch.org.br\/wp-content\/uploads\/2021\/12\/Oeco2_Protesto-justica-climatica--768x512.webp\" alt=\"\" width=\"1030\" height=\"687\" srcset=\"https:\/\/rioonwatch.org.br\/wp-content\/uploads\/2021\/12\/Oeco2_Protesto-justica-climatica--768x512.webp 768w, https:\/\/rioonwatch.org.br\/wp-content\/uploads\/2021\/12\/Oeco2_Protesto-justica-climatica--620x413.webp 620w, https:\/\/rioonwatch.org.br\/wp-content\/uploads\/2021\/12\/Oeco2_Protesto-justica-climatica--944x629.webp 944w, https:\/\/rioonwatch.org.br\/wp-content\/uploads\/2021\/12\/Oeco2_Protesto-justica-climatica-.webp 1920w\" sizes=\"(max-width: 1030px) 100vw, 1030px\" \/><\/a><\/p>\n<p>Na 26\u00aa Confer\u00eancia das Na\u00e7\u00f5es Unidas sobre Mudan\u00e7a do Clima (<a href=\"https:\/\/bit.ly\/3x06PXp\" target=\"_blank\" rel=\"noopener\">COP26<\/a>), a Coaliz\u00e3o Negra teve <a href=\"https:\/\/bit.ly\/3DCcBBg\" target=\"_blank\" rel=\"noopener\">participa\u00e7\u00e3o hist\u00f3rica<\/a> com 20 ativistas, sendo a organiza\u00e7\u00e3o brasileira que pautou o debate sobre o combate ao racismo ambiental, denunciando que &#8220;<a href=\"https:\/\/bit.ly\/3JelgNb\">debater justi\u00e7a clim\u00e1tica sem combater as desigualdades raciais \u00e9 colonialismo<\/a>&#8220;.<\/p>\n<h3>Necropol\u00edtica \u00e0 Moda Brasileira<\/h3>\n<p>Desde o in\u00edcio da pandemia, a Coaliz\u00e3o Negra Por Direitos trouxe \u00e0 tona o <a href=\"https:\/\/bit.ly\/3e1Vw60\" target=\"_blank\" rel=\"noopener\">debate racial<\/a> para discuss\u00f5es sobre pol\u00edticas p\u00fablicas emergenciais de enfrentamento \u00e0 crise sanit\u00e1ria denunciando a <a href=\"https:\/\/bit.ly\/12EvidenciasNecropolitica\" target=\"_blank\" rel=\"noopener\">a\u00e7\u00e3o genocida<\/a> do governo federal. No final de 2020, a press\u00e3o de movimentos sociais, dentre eles, a Coaliz\u00e3o, fez com que o Minist\u00e9rio da Sa\u00fade <a href=\"https:\/\/bit.ly\/33r94bD\" target=\"_blank\" rel=\"noopener\">inclu\u00edsse a informa\u00e7\u00e3o sobre ra\u00e7a e cor<\/a> nos boletins epidemiol\u00f3gicos. Tamb\u00e9m reivindicou o aux\u00edlio emergencial no valor de R$600.<\/p>\n<p>No Brasil, o ac\u00famulo de racismo, desigualdades sociais, acesso desigual a sistemas de sa\u00fade, moradia inadequada e a impossibilidade de se isolar, colocaram a popula\u00e7\u00e3o negra como a mais vulner\u00e1vel na pandemia. Al\u00e9m disso, \u00e9 majoritariamente a popula\u00e7\u00e3o negra que trabalha em ocupa\u00e7\u00f5es diretamente ligadas a cadeia de distribui\u00e7\u00e3o de alimentos e presta\u00e7\u00e3o de servi\u00e7os de entrega, entre outros.<\/p>\n<p><a href=\"https:\/\/rioonwatch.org.br\/wp-content\/uploads\/2021\/12\/Coalizao-Negra_Pedro-Stroposolas-Brasil-de-Fato.jpg\"><img loading=\"lazy\" decoding=\"async\" class=\"wp-image-59983 alignright\" title=\"Ato na Avenida Paulista, em S\u00e3o Paulo realizado em 18 de fevereiro, exigi aux\u00edlio emergencial de R$ 600 at\u00e9 o fim da pandemia. Foto: Pedro Stroposolas, Brasil de Fato\" src=\"https:\/\/rioonwatch.org.br\/wp-content\/uploads\/2021\/12\/Coalizao-Negra_Pedro-Stroposolas-Brasil-de-Fato-768x511.jpg\" alt=\"\" width=\"300\" height=\"200\" srcset=\"https:\/\/rioonwatch.org.br\/wp-content\/uploads\/2021\/12\/Coalizao-Negra_Pedro-Stroposolas-Brasil-de-Fato-768x511.jpg 768w, https:\/\/rioonwatch.org.br\/wp-content\/uploads\/2021\/12\/Coalizao-Negra_Pedro-Stroposolas-Brasil-de-Fato-620x412.jpg 620w, https:\/\/rioonwatch.org.br\/wp-content\/uploads\/2021\/12\/Coalizao-Negra_Pedro-Stroposolas-Brasil-de-Fato.jpg 800w\" sizes=\"(max-width: 300px) 100vw, 300px\" \/><\/a><a href=\"https:\/\/bit.ly\/3KnknTf\" target=\"_blank\" rel=\"noopener\">Em 18 de fevereiro de 2021<\/a>, integrantes da Coaliz\u00e3o percorreram os corredores das casas legislativas em todos os 27 estados brasileiros e no Congresso Nacional, reivindicando que o governo federal prorrogasse a pol\u00edtica do aux\u00edlio emergencial at\u00e9 o fim da pandemia da Covid-19, com parcelas de ao menos R$600. No mesmo per\u00edodo, tamb\u00e9m houve atos de protesto em todo o pa\u00eds exigindo que fossem garantidas vacinas de imuniza\u00e7\u00e3o da Covid-19 para todas e todos pelo Sistema \u00danico de Sa\u00fade (<a href=\"http:\/\/bit.ly\/2JEcfk5\" target=\"_blank\" rel=\"noopener\">SUS<\/a>).<\/p>\n<p>Enquanto a\u00e7\u00e3o pr\u00e1tica direta no enfrentamento a pandemia, a Coaliz\u00e3o Negra, lan\u00e7ou a <span class=\"ILfuVd\"><span class=\"hgKElc\">campanha &#8220;<a href=\"https:\/\/bit.ly\/3cJ7CCC\" target=\"_blank\" rel=\"noopener\">Se Tem Gente com Fome, D\u00e1 de Comer<\/a>&#8220;, mapeando em conjunto com outras organiza\u00e7\u00f5es mais de 200.000 fam\u00edlias em situa\u00e7\u00e3o de vulnerabilidade social<\/span><\/span><span data-key=\"583645\"> em bairros, favelas e quilombos nas 27 unidades federativas do pa\u00eds. <\/span><span data-key=\"583645\">A distribui\u00e7\u00e3o das doa\u00e7\u00f5es \u00e9 feita atrav\u00e9s da compra de insumos aliment\u00edcios (cesta b\u00e1sica) no valor de R$200. <\/span><\/p>\n<p>De acordo com a <a href=\"https:\/\/bit.ly\/3tEEBC4\" target=\"_blank\" rel=\"noopener\">FGV Social<\/a>, quase <a href=\"https:\/\/bit.ly\/3d8HuRV\" target=\"_blank\" rel=\"noopener\">28 milh\u00f5es de pessoas vivem abaixo da linha da pobreza<\/a> no Brasil. Em 2019, antes da pandemia da Covid-19, eram pouco mais de 23 milh\u00f5es.<\/p>\n<p><span data-key=\"583645\">A<\/span> campanha teve ades\u00e3o da artista norte-americana <a href=\"https:\/\/bit.ly\/3rr1tCl\" target=\"_blank\" rel=\"noopener\">Beyonc\u00e9<\/a> que, atrav\u00e9s do perfil do projeto social <a href=\"https:\/\/bit.ly\/3HevaNI\" target=\"_blank\" rel=\"noopener\">BeyGood no Instagram<\/a><em>, <\/em>divulgou a campanha com grito de luta: &#8220;<em>Brazilian Lives Matter<\/em>&#8221; (Vidas Brasileiras Importam).<\/p>\n<p>Em agosto de 2020, pela primeira vez na hist\u00f3ria brasileira, o movimento negro pediu o impeachment de um presidente da Rep\u00fablica. Assinado pela <a href=\"https:\/\/bit.ly\/3hrhdlb\" target=\"_blank\" rel=\"noopener\">Coaliz\u00e3o Negra Por Direitos<\/a>, com apoio de mais de 600 organiza\u00e7\u00f5es da sociedade civil, o 53\u00ba <a href=\"https:\/\/bit.ly\/3p9SNQR\" target=\"_blank\" rel=\"noopener\">pedido de impeachment<\/a> contra o Presidente da Rep\u00fablica Jair Bolsonaro, na C\u00e2mara Federal, foi protocolado na data em que o Brasil atingiu a <a href=\"https:\/\/glo.bo\/3kVZYb0\" target=\"_blank\" rel=\"noopener\">marca de 100.000 mortos<\/a> por Covid-19. Um ano ap\u00f3s o pedido de impeachment, o n\u00famero de mortos por Covid-19 se multiplicou seis vezes, chegando a mais de <a href=\"https:\/\/bit.ly\/3e6Ygmm\" target=\"_blank\" rel=\"noopener\">600.000 mortos<\/a>, em outubro de 2021.<\/p>\n<p>Ao todo, de acordo com o\u00a0<a href=\"https:\/\/bit.ly\/3E7XZc5\" target=\"_blank\" rel=\"noopener\">levantamento da Ag\u00eancia P\u00fablica<\/a>, mais de 1.550 pessoas e mais de 550 organiza\u00e7\u00f5es assinaram pedidos de impeachment contra o Presidente Jair Bolsonaro. Foram enviados 143 documentos ao presidente da C\u00e2mara dos Deputados, sendo 89 pedidos originais, 7 aditamentos e 47 pedidos duplicados. At\u00e9 agora, apenas sete pedidos foram arquivados ou desconsiderados. Os outros 136 aguardam an\u00e1lise. Entre eles est\u00e1 o pedido da Coaliz\u00e3o Negra.<\/p>\n<p><a href=\"https:\/\/rioonwatch.org.br\/wp-content\/uploads\/2021\/12\/Integrantes-da-Coalizao-Negra-por-Direitos-protestam-contra-Bolsonaro-apos-protocolar-pedido-de-impeachment-Foto_-Matheus-Alves-e-Pedro-Borges_Alma-Preta.webp\"><img loading=\"lazy\" decoding=\"async\" class=\"aligncenter wp-image-59982\" title=\"Integrantes da Coaliz\u00e3o Negra por Direitos protestam contra Bolsonaro ap\u00f3s protocolar pedido de impeachment. Foto: Matheus Alves e Pedro Borges, Site Alma Preta\" src=\"https:\/\/rioonwatch.org.br\/wp-content\/uploads\/2021\/12\/Integrantes-da-Coalizao-Negra-por-Direitos-protestam-contra-Bolsonaro-apos-protocolar-pedido-de-impeachment-Foto_-Matheus-Alves-e-Pedro-Borges_Alma-Preta-768x369.webp\" alt=\"\" width=\"1029\" height=\"494\" srcset=\"https:\/\/rioonwatch.org.br\/wp-content\/uploads\/2021\/12\/Integrantes-da-Coalizao-Negra-por-Direitos-protestam-contra-Bolsonaro-apos-protocolar-pedido-de-impeachment-Foto_-Matheus-Alves-e-Pedro-Borges_Alma-Preta-768x369.webp 768w, https:\/\/rioonwatch.org.br\/wp-content\/uploads\/2021\/12\/Integrantes-da-Coalizao-Negra-por-Direitos-protestam-contra-Bolsonaro-apos-protocolar-pedido-de-impeachment-Foto_-Matheus-Alves-e-Pedro-Borges_Alma-Preta-620x298.webp 620w, https:\/\/rioonwatch.org.br\/wp-content\/uploads\/2021\/12\/Integrantes-da-Coalizao-Negra-por-Direitos-protestam-contra-Bolsonaro-apos-protocolar-pedido-de-impeachment-Foto_-Matheus-Alves-e-Pedro-Borges_Alma-Preta.webp 1250w\" sizes=\"(max-width: 1029px) 100vw, 1029px\" \/><\/a><\/p>\n<p>A plataforma &#8220;Quilombolas contra Racistas&#8221; listou <a href=\"https:\/\/bit.ly\/3IimyFW\" target=\"_blank\" rel=\"noopener\">55 declara\u00e7\u00f5es racistas de autoridades p\u00fablicas entre 2019 e 2020<\/a>. A maioria da lista \u00e9 integrada por falas de Bolsonaro e de integrantes de seu governo. Conforme a <a href=\"https:\/\/bit.ly\/3nYVh0k\" target=\"_blank\" rel=\"noopener\">Lei n\u00ba 7716\/1989<\/a>, \u201cpraticar, induzir ou incitar a discrimina\u00e7\u00e3o ou preconceito de ra\u00e7a, cor, etnia, religi\u00e3o ou proced\u00eancia nacional\u201d \u00e9 crime inafian\u00e7\u00e1vel no Brasil, com pena de um a tr\u00eas anos de reclus\u00e3o.<\/p>\n<p>Em 14 de outubro, a Coaliz\u00e3o Negra entrou com pedido de <a href=\"https:\/\/bit.ly\/3Fq5ahk\" target=\"_blank\" rel=\"noopener\">indiciamento de Jair Bolsonaro<\/a> na <a href=\"https:\/\/bit.ly\/3tEnWyz\" target=\"_blank\" rel=\"noopener\">Comiss\u00e3o Parlamentar de Inqu\u00e9rito da Pandemia<\/a>, por genoc\u00eddio. O pedido n\u00e3o foi aceito e o termo <a href=\"https:\/\/bit.ly\/32fhQJo\" target=\"_blank\" rel=\"noopener\">ficou fora do relat\u00f3rio final<\/a> divulgado em outubro. Por\u00e9m, o <a href=\"https:\/\/bit.ly\/33yWh6W\" target=\"_blank\" rel=\"noopener\">dossi\u00ea Genoc\u00eddio Negro<\/a> entregue a CPI traz evid\u00eancias de como a gest\u00e3o da pandemia foi &#8220;negligente e criminosa&#8221;. Tamb\u00e9m denuncia que a pandemia foi um dos &#8220;instrumentos mais eficazes no processo de genoc\u00eddio negro em curso no pa\u00eds, ao qual est\u00e1 submetida a popula\u00e7\u00e3o negra brasileira&#8221;.<\/p>\n<p><a href=\"https:\/\/rioonwatch.org.br\/wp-content\/uploads\/2021\/12\/Reuniao-da-Coalizao-Negra-por-Direitos-com-o-senador-Renan-Calheiros-MDB-AL-relator-da-CPI-da-Covid-Divulgacao.jpg\"><img loading=\"lazy\" decoding=\"async\" class=\"aligncenter wp-image-59882 size-full\" title=\"Reuni\u00e3o da Coaliz\u00e3o Renan Calheiros, relator da CPI da Covid. Foto: Divulga\u00e7\u00e3o Coaliz\u00e3o Negra Por Direitos.\" src=\"https:\/\/rioonwatch.org.br\/wp-content\/uploads\/2021\/12\/Reuniao-da-Coalizao-Negra-por-Direitos-com-o-senador-Renan-Calheiros-MDB-AL-relator-da-CPI-da-Covid-Divulgacao.jpg\" alt=\"\" width=\"1024\" height=\"683\" srcset=\"https:\/\/rioonwatch.org.br\/wp-content\/uploads\/2021\/12\/Reuniao-da-Coalizao-Negra-por-Direitos-com-o-senador-Renan-Calheiros-MDB-AL-relator-da-CPI-da-Covid-Divulgacao.jpg 1024w, https:\/\/rioonwatch.org.br\/wp-content\/uploads\/2021\/12\/Reuniao-da-Coalizao-Negra-por-Direitos-com-o-senador-Renan-Calheiros-MDB-AL-relator-da-CPI-da-Covid-Divulgacao-620x414.jpg 620w, https:\/\/rioonwatch.org.br\/wp-content\/uploads\/2021\/12\/Reuniao-da-Coalizao-Negra-por-Direitos-com-o-senador-Renan-Calheiros-MDB-AL-relator-da-CPI-da-Covid-Divulgacao-943x629.jpg 943w, https:\/\/rioonwatch.org.br\/wp-content\/uploads\/2021\/12\/Reuniao-da-Coalizao-Negra-por-Direitos-com-o-senador-Renan-Calheiros-MDB-AL-relator-da-CPI-da-Covid-Divulgacao-768x512.jpg 768w\" sizes=\"(max-width: 1024px) 100vw, 1024px\" \/><\/a><\/p>\n<p><em>Sobre a autora:\u00a0<a href=\"https:\/\/bit.ly\/3o2YA7Q\" rel=\"noopener\">Tatiana Lima<\/a>\u00a0\u00e9 jornalista e comunicadora popular de cora\u00e7\u00e3o. Feminista negra, integrante do\u00a0<a href=\"https:\/\/bit.ly\/3mZf3bS\" rel=\"noopener\">Grupo de Pesquisa Pesquisadores Em Movimento<\/a>\u00a0do Complexo do Alem\u00e3o, atua como rep\u00f3rter e gerenciadora de Redes do RioOnWatch. Cria de favela, negra de pele clara, mora no asfalto perif\u00e9rico do sub\u00farbio do Rio e \u00e9 doutoranda em comunica\u00e7\u00e3o pela\u00a0<a href=\"http:\/\/bit.ly\/3h2kC6O\">UFF<\/a>.\u00a0<\/em><\/p>\n<p><em>Sobre a artista: <a href=\"https:\/\/bit.ly\/3hw17Vu\" rel=\"noopener\">Raquel Batista<\/a>\u00a0\u00e9 artista visual e\u00a0<a href=\"https:\/\/bit.ly\/2WWA8Jd\" rel=\"noopener\">trabalha como fot\u00f3grafa<\/a>\u00a0e\u00a0<a href=\"https:\/\/bit.ly\/2JzGE5K\" rel=\"noopener\">ilustradora<\/a>. \u00c9 estudante na Escola de Belas Artes da\u00a0<a href=\"http:\/\/bit.ly\/2KgADIe\" rel=\"noopener\">UFRJ<\/a>, mulher negra e moradora da\u00a0<a href=\"http:\/\/bit.ly\/2x3k8bw\" rel=\"noopener\">Zona Oeste<\/a>\u00a0do Rio.\u00a0<\/em><\/p>\n<p><em>Esta \u00e9 a terceira mat\u00e9ria de uma <a href=\"http:\/\/bit.ly\/38hB15y\" rel=\"noopener\">s\u00e9rie de quatro sobre a Coaliz\u00e3o Negra por Direitos<\/a> e faz parte da <a href=\"https:\/\/bit.ly\/SerieAntirracista\" rel=\"noopener\">s\u00e9rie do projeto antirracista do RioOnWatch<\/a>.<i data-stringify-type=\"italic\">\u00a0<\/i>Conhe\u00e7a o nosso projeto que trouxe conte\u00fados midi\u00e1ticos semanais ao longo de 2021:\u00a0<i><a href=\"http:\/\/bit.ly\/EnraizandoIntro\" rel=\"noopener\">Enraizando o Antirracismo nas Favelas<\/a>.<\/i><\/em><\/p>\n<h4><b data-stringify-type=\"bold\">Compartilhe com a gente a sua opini\u00e3o sobre essa mat\u00e9ria\u00a0<\/b><b data-stringify-type=\"bold\"><a class=\"c-link\" href=\"https:\/\/bit.ly\/OpineAntirracismo\" rel=\"noopener noreferrer\" data-stringify-link=\"https:\/\/docs.google.com\/forms\/d\/e\/1FAIpQLSc6PJwxQ0eapYlfSfsr8fyibg8ODzXKpGhJjXe2-8Bbxrtp1g\/viewform\" data-sk=\"tooltip_parent\">clicando aqui<\/a>.<\/b><\/h4>\n<hr \/>\n<div class=\"entry clearfix\">\n<h4><b data-stringify-type=\"bold\">Apoie nossos esfor\u00e7os para fornecer apoio estrat\u00e9gico \u00e0s favelas do Rio, incluindo o jornalismo hiperlocal, cr\u00edtico, inovador e incans\u00e1vel do\u00a0<\/b><b data-stringify-type=\"bold\"><i data-stringify-type=\"italic\">RioOnWatch<\/i><\/b>\u2014<b data-stringify-type=\"bold\"><a class=\"c-link\" href=\"http:\/\/www.bit.ly\/ApoieROW\" rel=\"noopener noreferrer\" data-stringify-link=\"http:\/\/www.bit.ly\/ApoieROW\" data-sk=\"tooltip_parent\">doe aqui<\/a><\/b><b data-stringify-type=\"bold\">.<\/b><\/h4>\n<\/div>\n<!-- AddThis Advanced Settings generic via filter on the_content --><!-- AddThis Share Buttons generic via filter on the_content -->","protected":false},"excerpt":{"rendered":"<div class=\"mh-excerpt\"><p>Click Here for English Esta \u00e9 a terceira mat\u00e9ria de uma s\u00e9rie de quatro sobre a Coaliz\u00e3o Negra por Direitos e faz parte da s\u00e9rie do projeto antirracista do RioOnWatch.\u00a0Conhe\u00e7a o nosso projeto que trouxe <a class=\"mh-excerpt-more\" href=\"https:\/\/rioonwatch.org.br\/?p=59868\" title=\"A Consequente Incid\u00eancia Pol\u00edtica da Coaliz\u00e3o Negra por Direitos\">[&#8230;]<\/a><!-- AddThis Advanced Settings generic via filter on get_the_excerpt --><!-- AddThis Share Buttons generic via filter on get_the_excerpt --><\/p>\n<\/div>","protected":false},"author":165,"featured_media":60182,"comment_status":"closed","ping_status":"closed","sticky":false,"template":"template-full.php","format":"standard","meta":{"_acf_changed":false,"_monsterinsights_skip_tracking":false,"_monsterinsights_sitenote_active":false,"_monsterinsights_sitenote_note":"","_monsterinsights_sitenote_category":0,"footnotes":""},"categories":[1621,1632,344,1612],"tags":[3253,2954,413,88,396,1151,1403,417,838,763,936,432,2974,2976,920,52],"writer":[2800],"translator":[],"source":[],"ilustrador":[3101],"fotografo":[],"class_list":{"0":"post-59868","1":"post","2":"type-post","3":"status-publish","4":"format-standard","5":"has-post-thumbnail","7":"category-destaque","8":"category-pesquisa-e-analise","9":"category-politicas","10":"category-sociedade-civil","11":"tag-antirracismo","12":"tag-coalizao-negra-por-direitos","13":"tag-desigualdade","14":"tag-direitos-humanos","15":"tag-especulacao-imobiliaria","16":"tag-organizacao","17":"tag-movimento-negro","18":"tag-negligencia-do-estado","19":"tag-politica-publica","20":"tag-protesto","21":"tag-raca","22":"tag-resistencia","23":"tag-serie-antirracismo","24":"tag-serie-coalizacao-negra","25":"tag-violencia-de-estado","26":"tag-violencia-policial","27":"writer-tatiana-lima","28":"ilustrador-raquel-batista"},"acf":[],"yoast_head":"<!-- This site is optimized with the Yoast SEO plugin v25.6 - https:\/\/yoast.com\/wordpress\/plugins\/seo\/ -->\n<title>A Consequente Incid\u00eancia Pol\u00edtica da Coaliz\u00e3o Negra por Direitos - RioOnWatch<\/title>\n<meta name=\"robots\" content=\"index, follow, max-snippet:-1, max-image-preview:large, max-video-preview:-1\" \/>\n<link rel=\"canonical\" href=\"https:\/\/rioonwatch.org.br\/?p=59868\" \/>\n<meta property=\"og:locale\" content=\"pt_BR\" \/>\n<meta property=\"og:type\" content=\"article\" \/>\n<meta property=\"og:title\" content=\"A Consequente Incid\u00eancia Pol\u00edtica da Coaliz\u00e3o Negra por Direitos - RioOnWatch\" \/>\n<meta property=\"og:description\" content=\"Click Here for English Esta \u00e9 a terceira mat\u00e9ria de uma s\u00e9rie de quatro sobre a Coaliz\u00e3o Negra por Direitos e faz parte da s\u00e9rie do projeto antirracista do RioOnWatch.\u00a0Conhe\u00e7a o nosso projeto que trouxe [...]\" \/>\n<meta property=\"og:url\" content=\"https:\/\/rioonwatch.org.br\/?p=59868\" \/>\n<meta property=\"og:site_name\" content=\"RioOnWatch\" \/>\n<meta property=\"article:published_time\" content=\"2022-01-28T18:04:31+00:00\" \/>\n<meta property=\"article:modified_time\" content=\"2024-05-24T15:29:36+00:00\" \/>\n<meta property=\"og:image\" content=\"https:\/\/rioonwatch.org.br\/wp-content\/uploads\/2021\/12\/Arte-original-por-Raquel-Batista-coalizao2.jpg\" \/>\n\t<meta property=\"og:image:width\" content=\"2480\" \/>\n\t<meta property=\"og:image:height\" content=\"1056\" \/>\n\t<meta property=\"og:image:type\" content=\"image\/jpeg\" \/>\n<meta name=\"author\" content=\"Tatiana Lima\" \/>\n<meta name=\"twitter:card\" content=\"summary_large_image\" \/>\n<meta name=\"twitter:label1\" content=\"Escrito por\" \/>\n\t<meta name=\"twitter:data1\" content=\"Tatiana Lima\" \/>\n\t<meta name=\"twitter:label2\" content=\"Est. tempo de leitura\" \/>\n\t<meta name=\"twitter:data2\" content=\"11 minutos\" \/>\n<script type=\"application\/ld+json\" class=\"yoast-schema-graph\">{\"@context\":\"https:\/\/schema.org\",\"@graph\":[{\"@type\":\"Article\",\"@id\":\"https:\/\/rioonwatch.org.br\/?p=59868#article\",\"isPartOf\":{\"@id\":\"https:\/\/rioonwatch.org.br\/?p=59868\"},\"author\":{\"name\":\"Tatiana Lima\",\"@id\":\"https:\/\/rioonwatch.org.br\/#\/schema\/person\/8fde974ee24e219acc413d63393ec551\"},\"headline\":\"A Consequente Incid\u00eancia Pol\u00edtica da Coaliz\u00e3o Negra por Direitos\",\"datePublished\":\"2022-01-28T18:04:31+00:00\",\"dateModified\":\"2024-05-24T15:29:36+00:00\",\"mainEntityOfPage\":{\"@id\":\"https:\/\/rioonwatch.org.br\/?p=59868\"},\"wordCount\":2296,\"publisher\":{\"@id\":\"https:\/\/rioonwatch.org.br\/#organization\"},\"image\":{\"@id\":\"https:\/\/rioonwatch.org.br\/?p=59868#primaryimage\"},\"thumbnailUrl\":\"https:\/\/rioonwatch.org.br\/wp-content\/uploads\/2021\/12\/Arte-original-por-Raquel-Batista-coalizao2.jpg\",\"keywords\":[\"Antirracismo\",\"Coaliz\u00e3o Negra por Direitos\",\"desigualdade\",\"Direitos Humanos\",\"especula\u00e7\u00e3o imobili\u00e1ria\",\"mobiliza\u00e7\u00e3o\",\"Movimento negro\",\"Neglig\u00eancia do Estado\",\"pol\u00edtica p\u00fablica\",\"protesto\",\"ra\u00e7a\",\"resist\u00eancia\",\"S\u00e9rie: Antirracismo\",\"S\u00e9rie: Coaliza\u00e7\u00e3o Negra\",\"viol\u00eancia de Estado\",\"viol\u00eancia policial\"],\"articleSection\":[\"*Destaque\",\"Dados e Pesquisa\",\"Pol\u00edticas\",\"Sociedade Civil\"],\"inLanguage\":\"pt-BR\"},{\"@type\":\"WebPage\",\"@id\":\"https:\/\/rioonwatch.org.br\/?p=59868\",\"url\":\"https:\/\/rioonwatch.org.br\/?p=59868\",\"name\":\"A Consequente Incid\u00eancia Pol\u00edtica da Coaliz\u00e3o Negra por Direitos - RioOnWatch\",\"isPartOf\":{\"@id\":\"https:\/\/rioonwatch.org.br\/#website\"},\"primaryImageOfPage\":{\"@id\":\"https:\/\/rioonwatch.org.br\/?p=59868#primaryimage\"},\"image\":{\"@id\":\"https:\/\/rioonwatch.org.br\/?p=59868#primaryimage\"},\"thumbnailUrl\":\"https:\/\/rioonwatch.org.br\/wp-content\/uploads\/2021\/12\/Arte-original-por-Raquel-Batista-coalizao2.jpg\",\"datePublished\":\"2022-01-28T18:04:31+00:00\",\"dateModified\":\"2024-05-24T15:29:36+00:00\",\"breadcrumb\":{\"@id\":\"https:\/\/rioonwatch.org.br\/?p=59868#breadcrumb\"},\"inLanguage\":\"pt-BR\",\"potentialAction\":[{\"@type\":\"ReadAction\",\"target\":[\"https:\/\/rioonwatch.org.br\/?p=59868\"]}]},{\"@type\":\"ImageObject\",\"inLanguage\":\"pt-BR\",\"@id\":\"https:\/\/rioonwatch.org.br\/?p=59868#primaryimage\",\"url\":\"https:\/\/rioonwatch.org.br\/wp-content\/uploads\/2021\/12\/Arte-original-por-Raquel-Batista-coalizao2.jpg\",\"contentUrl\":\"https:\/\/rioonwatch.org.br\/wp-content\/uploads\/2021\/12\/Arte-original-por-Raquel-Batista-coalizao2.jpg\",\"width\":2480,\"height\":1056,\"caption\":\"Arte original por Raquel Batista\"},{\"@type\":\"BreadcrumbList\",\"@id\":\"https:\/\/rioonwatch.org.br\/?p=59868#breadcrumb\",\"itemListElement\":[{\"@type\":\"ListItem\",\"position\":1,\"name\":\"In\u00edcio\",\"item\":\"https:\/\/rioonwatch.org.br\/\"},{\"@type\":\"ListItem\",\"position\":2,\"name\":\"A Consequente Incid\u00eancia Pol\u00edtica da Coaliz\u00e3o Negra por Direitos\"}]},{\"@type\":\"WebSite\",\"@id\":\"https:\/\/rioonwatch.org.br\/#website\",\"url\":\"https:\/\/rioonwatch.org.br\/\",\"name\":\"RioOnWatch\",\"description\":\"relatos das favelas cariocas\",\"publisher\":{\"@id\":\"https:\/\/rioonwatch.org.br\/#organization\"},\"potentialAction\":[{\"@type\":\"SearchAction\",\"target\":{\"@type\":\"EntryPoint\",\"urlTemplate\":\"https:\/\/rioonwatch.org.br\/?s={search_term_string}\"},\"query-input\":{\"@type\":\"PropertyValueSpecification\",\"valueRequired\":true,\"valueName\":\"search_term_string\"}}],\"inLanguage\":\"pt-BR\"},{\"@type\":\"Organization\",\"@id\":\"https:\/\/rioonwatch.org.br\/#organization\",\"name\":\"RioOnWatch\",\"url\":\"https:\/\/rioonwatch.org.br\/\",\"logo\":{\"@type\":\"ImageObject\",\"inLanguage\":\"pt-BR\",\"@id\":\"https:\/\/rioonwatch.org.br\/#\/schema\/logo\/image\/\",\"url\":\"https:\/\/rioonwatch.org.br\/wp-content\/uploads\/2021\/06\/RioOnWatchcabecalhoPT11anos-2.png\",\"contentUrl\":\"https:\/\/rioonwatch.org.br\/wp-content\/uploads\/2021\/06\/RioOnWatchcabecalhoPT11anos-2.png\",\"width\":779,\"height\":277,\"caption\":\"RioOnWatch\"},\"image\":{\"@id\":\"https:\/\/rioonwatch.org.br\/#\/schema\/logo\/image\/\"}},{\"@type\":\"Person\",\"@id\":\"https:\/\/rioonwatch.org.br\/#\/schema\/person\/8fde974ee24e219acc413d63393ec551\",\"name\":\"Tatiana Lima\",\"image\":{\"@type\":\"ImageObject\",\"inLanguage\":\"pt-BR\",\"@id\":\"https:\/\/rioonwatch.org.br\/#\/schema\/person\/image\/\",\"url\":\"https:\/\/secure.gravatar.com\/avatar\/5fb587d000e124a9d6aae50aec42d39e?s=96&d=blank&r=g\",\"contentUrl\":\"https:\/\/secure.gravatar.com\/avatar\/5fb587d000e124a9d6aae50aec42d39e?s=96&d=blank&r=g\",\"caption\":\"Tatiana Lima\"},\"url\":\"https:\/\/rioonwatch.org.br\/?author=165\"}]}<\/script>\n<!-- \/ Yoast SEO plugin. -->","yoast_head_json":{"title":"A Consequente Incid\u00eancia Pol\u00edtica da Coaliz\u00e3o Negra por Direitos - RioOnWatch","robots":{"index":"index","follow":"follow","max-snippet":"max-snippet:-1","max-image-preview":"max-image-preview:large","max-video-preview":"max-video-preview:-1"},"canonical":"https:\/\/rioonwatch.org.br\/?p=59868","og_locale":"pt_BR","og_type":"article","og_title":"A Consequente Incid\u00eancia Pol\u00edtica da Coaliz\u00e3o Negra por Direitos - RioOnWatch","og_description":"Click Here for English Esta \u00e9 a terceira mat\u00e9ria de uma s\u00e9rie de quatro sobre a Coaliz\u00e3o Negra por Direitos e faz parte da s\u00e9rie do projeto antirracista do RioOnWatch.\u00a0Conhe\u00e7a o nosso projeto que trouxe [...]","og_url":"https:\/\/rioonwatch.org.br\/?p=59868","og_site_name":"RioOnWatch","article_published_time":"2022-01-28T18:04:31+00:00","article_modified_time":"2024-05-24T15:29:36+00:00","og_image":[{"width":2480,"height":1056,"url":"https:\/\/rioonwatch.org.br\/wp-content\/uploads\/2021\/12\/Arte-original-por-Raquel-Batista-coalizao2.jpg","type":"image\/jpeg"}],"author":"Tatiana Lima","twitter_card":"summary_large_image","twitter_misc":{"Escrito por":"Tatiana Lima","Est. tempo de leitura":"11 minutos"},"schema":{"@context":"https:\/\/schema.org","@graph":[{"@type":"Article","@id":"https:\/\/rioonwatch.org.br\/?p=59868#article","isPartOf":{"@id":"https:\/\/rioonwatch.org.br\/?p=59868"},"author":{"name":"Tatiana Lima","@id":"https:\/\/rioonwatch.org.br\/#\/schema\/person\/8fde974ee24e219acc413d63393ec551"},"headline":"A Consequente Incid\u00eancia Pol\u00edtica da Coaliz\u00e3o Negra por Direitos","datePublished":"2022-01-28T18:04:31+00:00","dateModified":"2024-05-24T15:29:36+00:00","mainEntityOfPage":{"@id":"https:\/\/rioonwatch.org.br\/?p=59868"},"wordCount":2296,"publisher":{"@id":"https:\/\/rioonwatch.org.br\/#organization"},"image":{"@id":"https:\/\/rioonwatch.org.br\/?p=59868#primaryimage"},"thumbnailUrl":"https:\/\/rioonwatch.org.br\/wp-content\/uploads\/2021\/12\/Arte-original-por-Raquel-Batista-coalizao2.jpg","keywords":["Antirracismo","Coaliz\u00e3o Negra por Direitos","desigualdade","Direitos Humanos","especula\u00e7\u00e3o imobili\u00e1ria","mobiliza\u00e7\u00e3o","Movimento negro","Neglig\u00eancia do Estado","pol\u00edtica p\u00fablica","protesto","ra\u00e7a","resist\u00eancia","S\u00e9rie: Antirracismo","S\u00e9rie: Coaliza\u00e7\u00e3o Negra","viol\u00eancia de Estado","viol\u00eancia policial"],"articleSection":["*Destaque","Dados e Pesquisa","Pol\u00edticas","Sociedade Civil"],"inLanguage":"pt-BR"},{"@type":"WebPage","@id":"https:\/\/rioonwatch.org.br\/?p=59868","url":"https:\/\/rioonwatch.org.br\/?p=59868","name":"A Consequente Incid\u00eancia Pol\u00edtica da Coaliz\u00e3o Negra por Direitos - RioOnWatch","isPartOf":{"@id":"https:\/\/rioonwatch.org.br\/#website"},"primaryImageOfPage":{"@id":"https:\/\/rioonwatch.org.br\/?p=59868#primaryimage"},"image":{"@id":"https:\/\/rioonwatch.org.br\/?p=59868#primaryimage"},"thumbnailUrl":"https:\/\/rioonwatch.org.br\/wp-content\/uploads\/2021\/12\/Arte-original-por-Raquel-Batista-coalizao2.jpg","datePublished":"2022-01-28T18:04:31+00:00","dateModified":"2024-05-24T15:29:36+00:00","breadcrumb":{"@id":"https:\/\/rioonwatch.org.br\/?p=59868#breadcrumb"},"inLanguage":"pt-BR","potentialAction":[{"@type":"ReadAction","target":["https:\/\/rioonwatch.org.br\/?p=59868"]}]},{"@type":"ImageObject","inLanguage":"pt-BR","@id":"https:\/\/rioonwatch.org.br\/?p=59868#primaryimage","url":"https:\/\/rioonwatch.org.br\/wp-content\/uploads\/2021\/12\/Arte-original-por-Raquel-Batista-coalizao2.jpg","contentUrl":"https:\/\/rioonwatch.org.br\/wp-content\/uploads\/2021\/12\/Arte-original-por-Raquel-Batista-coalizao2.jpg","width":2480,"height":1056,"caption":"Arte original por Raquel Batista"},{"@type":"BreadcrumbList","@id":"https:\/\/rioonwatch.org.br\/?p=59868#breadcrumb","itemListElement":[{"@type":"ListItem","position":1,"name":"In\u00edcio","item":"https:\/\/rioonwatch.org.br\/"},{"@type":"ListItem","position":2,"name":"A Consequente Incid\u00eancia Pol\u00edtica da Coaliz\u00e3o Negra por Direitos"}]},{"@type":"WebSite","@id":"https:\/\/rioonwatch.org.br\/#website","url":"https:\/\/rioonwatch.org.br\/","name":"RioOnWatch","description":"relatos das favelas cariocas","publisher":{"@id":"https:\/\/rioonwatch.org.br\/#organization"},"potentialAction":[{"@type":"SearchAction","target":{"@type":"EntryPoint","urlTemplate":"https:\/\/rioonwatch.org.br\/?s={search_term_string}"},"query-input":{"@type":"PropertyValueSpecification","valueRequired":true,"valueName":"search_term_string"}}],"inLanguage":"pt-BR"},{"@type":"Organization","@id":"https:\/\/rioonwatch.org.br\/#organization","name":"RioOnWatch","url":"https:\/\/rioonwatch.org.br\/","logo":{"@type":"ImageObject","inLanguage":"pt-BR","@id":"https:\/\/rioonwatch.org.br\/#\/schema\/logo\/image\/","url":"https:\/\/rioonwatch.org.br\/wp-content\/uploads\/2021\/06\/RioOnWatchcabecalhoPT11anos-2.png","contentUrl":"https:\/\/rioonwatch.org.br\/wp-content\/uploads\/2021\/06\/RioOnWatchcabecalhoPT11anos-2.png","width":779,"height":277,"caption":"RioOnWatch"},"image":{"@id":"https:\/\/rioonwatch.org.br\/#\/schema\/logo\/image\/"}},{"@type":"Person","@id":"https:\/\/rioonwatch.org.br\/#\/schema\/person\/8fde974ee24e219acc413d63393ec551","name":"Tatiana Lima","image":{"@type":"ImageObject","inLanguage":"pt-BR","@id":"https:\/\/rioonwatch.org.br\/#\/schema\/person\/image\/","url":"https:\/\/secure.gravatar.com\/avatar\/5fb587d000e124a9d6aae50aec42d39e?s=96&d=blank&r=g","contentUrl":"https:\/\/secure.gravatar.com\/avatar\/5fb587d000e124a9d6aae50aec42d39e?s=96&d=blank&r=g","caption":"Tatiana Lima"},"url":"https:\/\/rioonwatch.org.br\/?author=165"}]}},"_links":{"self":[{"href":"https:\/\/rioonwatch.org.br\/index.php?rest_route=\/wp\/v2\/posts\/59868"}],"collection":[{"href":"https:\/\/rioonwatch.org.br\/index.php?rest_route=\/wp\/v2\/posts"}],"about":[{"href":"https:\/\/rioonwatch.org.br\/index.php?rest_route=\/wp\/v2\/types\/post"}],"author":[{"embeddable":true,"href":"https:\/\/rioonwatch.org.br\/index.php?rest_route=\/wp\/v2\/users\/165"}],"replies":[{"embeddable":true,"href":"https:\/\/rioonwatch.org.br\/index.php?rest_route=%2Fwp%2Fv2%2Fcomments&post=59868"}],"version-history":[{"count":45,"href":"https:\/\/rioonwatch.org.br\/index.php?rest_route=\/wp\/v2\/posts\/59868\/revisions"}],"predecessor-version":[{"id":60827,"href":"https:\/\/rioonwatch.org.br\/index.php?rest_route=\/wp\/v2\/posts\/59868\/revisions\/60827"}],"wp:featuredmedia":[{"embeddable":true,"href":"https:\/\/rioonwatch.org.br\/index.php?rest_route=\/wp\/v2\/media\/60182"}],"wp:attachment":[{"href":"https:\/\/rioonwatch.org.br\/index.php?rest_route=%2Fwp%2Fv2%2Fmedia&parent=59868"}],"wp:term":[{"taxonomy":"category","embeddable":true,"href":"https:\/\/rioonwatch.org.br\/index.php?rest_route=%2Fwp%2Fv2%2Fcategories&post=59868"},{"taxonomy":"post_tag","embeddable":true,"href":"https:\/\/rioonwatch.org.br\/index.php?rest_route=%2Fwp%2Fv2%2Ftags&post=59868"},{"taxonomy":"writer","embeddable":true,"href":"https:\/\/rioonwatch.org.br\/index.php?rest_route=%2Fwp%2Fv2%2Fwriter&post=59868"},{"taxonomy":"translator","embeddable":true,"href":"https:\/\/rioonwatch.org.br\/index.php?rest_route=%2Fwp%2Fv2%2Ftranslator&post=59868"},{"taxonomy":"source","embeddable":true,"href":"https:\/\/rioonwatch.org.br\/index.php?rest_route=%2Fwp%2Fv2%2Fsource&post=59868"},{"taxonomy":"ilustrador","embeddable":true,"href":"https:\/\/rioonwatch.org.br\/index.php?rest_route=%2Fwp%2Fv2%2Filustrador&post=59868"},{"taxonomy":"fotografo","embeddable":true,"href":"https:\/\/rioonwatch.org.br\/index.php?rest_route=%2Fwp%2Fv2%2Ffotografo&post=59868"}],"curies":[{"name":"wp","href":"https:\/\/api.w.org\/{rel}","templated":true}]}}