{"id":60250,"date":"2022-02-10T08:09:06","date_gmt":"2022-02-10T11:09:06","guid":{"rendered":"https:\/\/rioonwatch.org.br\/?p=60250"},"modified":"2024-06-20T13:45:47","modified_gmt":"2024-06-20T16:45:47","slug":"mulheres-negras-em-movimento-ancestralidade-e-democracia-em-coalizao-pelo-brasil","status":"publish","type":"post","link":"https:\/\/rioonwatch.org.br\/?p=60250","title":{"rendered":"Mulheres Negras em Movimento: Ancestralidade e Democracia em Coaliz\u00e3o pelo Brasil"},"content":{"rendered":"<p style=\"text-align: right;\"><em><strong><a href=\"https:\/\/bit.ly\/3Hsbnta\" target=\"_blank\" rel=\"noopener noreferrer\">Click Here for English<\/a><a href=\"XXXXXXXXX\" target=\"_blank\" rel=\"noopener noreferrer\"><img decoding=\"async\" class=\"alignright wp-image-15790\" src=\"http:\/\/rioonwatch.org.br\/wp-content\/uploads\/2012\/08\/EN-standard-e1439583104716.jpg\" alt=\"\" width=\"20\" height=\"20\" \/><\/a><\/strong><\/em><\/p>\n<p><em>Esta \u00e9 a quarta mat\u00e9ria de uma <a href=\"https:\/\/bit.ly\/CoalizaoNegra\" target=\"_blank\" rel=\"noopener\">s\u00e9rie de quatro sobre a Coaliz\u00e3o Negra por Direitos<\/a>. Esta mat\u00e9ria faz parte <a href=\"https:\/\/bit.ly\/SerieAntirracista\" target=\"_blank\" rel=\"noopener\">do projeto antirracista do RioOnWatch<\/a>.<i data-stringify-type=\"italic\">\u00a0<\/i>Conhe\u00e7a o nosso projeto que trouxe conte\u00fados midi\u00e1ticos semanais ao longo de 2021:\u00a0<i><a href=\"http:\/\/bit.ly\/EnraizandoIntro\" target=\"_blank\" rel=\"noopener\">Enraizando o Antirracismo nas Favelas<\/a>.<\/i><\/em><\/p>\n<h3>Pluralidade de Vozes e Trajet\u00f3rias<\/h3>\n<p>Na contram\u00e3o do p\u00e1trio poder e da representatividade pol\u00edtica, a maioria da popula\u00e7\u00e3o brasileira \u00e9 feminina: <a href=\"https:\/\/bit.ly\/3o151KB\" target=\"_blank\" rel=\"noopener\">52% da popula\u00e7\u00e3o<\/a>. Considerados ra\u00e7a e g\u00eanero, as <a href=\"https:\/\/bit.ly\/38tlIHF\" target=\"_blank\" rel=\"noopener\">mulheres negras comp\u00f5em cerca de 28% do Brasil<\/a>, o que faz com que as mulheres negras sejam o maior grupo demogr\u00e1fico do pa\u00eds. <a href=\"https:\/\/bit.ly\/3nYDwRF\" target=\"_blank\" rel=\"noopener\">Mulheres chefiam quase metade<\/a> dos lares brasileiros, no entanto, das fam\u00edlias com filhos chefiadas por mulheres negras, <a href=\"https:\/\/bit.ly\/3y0qmG9\" target=\"_blank\" rel=\"noopener\">63% est\u00e3o abaixo da linha da pobreza<\/a>, o que acontece a 39% das chefiadas por brancas. As negras s\u00e3o tamb\u00e9m as que mais sofrem com o desemprego. <a href=\"https:\/\/bit.ly\/3rTighF\" target=\"_blank\" rel=\"noopener\">Segundo dados do Data Labe<\/a>, mulheres negras tinham o dobro da taxa de desemprego de homens brancos no primeiro trimestre de 2021. Al\u00e9m disso, negras recebem sal\u00e1rios menores que homens e mulheres brancos e que homens negros. O quadro \u00e9 t\u00e3o dram\u00e1tico que uma <a href=\"https:\/\/bit.ly\/3r1JOCe\" target=\"_blank\" rel=\"noopener\">pesquisa do Instituto Insper apontou<\/a> que mulheres negras com o mesmo n\u00edvel de escolaridade e advindas das mesmas institui\u00e7\u00f5es de ensino que homens brancos chegam a receber 159% a menos que eles.<\/p>\n<p>Apesar delas formarem a maioria populacional, mulheres negras s\u00e3o as que mais sofrem <a href=\"https:\/\/bit.ly\/3AyyP6c\" target=\"_blank\" rel=\"noopener\">com a baixa representa\u00e7\u00e3o pol\u00edtica<\/a>. A massa, as favelas e as periferias t\u00eam cor e g\u00eanero, assim como o desemprego, a neglig\u00eancia p\u00fablica, <a href=\"https:\/\/bit.ly\/2ASLeXZ\" target=\"_blank\" rel=\"noopener\">o genoc\u00eddio e a fome<\/a>. O quadro pol\u00edtico das mulheres negras no Brasil \u00e9 de uma maioria sub-representada, mas apesar disso muitas delas est\u00e3o na linha de frente da luta por direitos, na vanguarda das transforma\u00e7\u00f5es.<\/p>\n<p>\u00c9 nesse cen\u00e1rio de luta de mulheres e homens negros pela vida que surge a <a href=\"https:\/\/bit.ly\/38hB15y\" target=\"_blank\" rel=\"noopener\">Coaliz\u00e3o Negra por Direitos<\/a>. Reunidos em coaliz\u00e3o, ativistas de centenas de organiza\u00e7\u00f5es do <a href=\"https:\/\/bit.ly\/2ED4jQ1\" target=\"_blank\" rel=\"noopener\">movimento negro<\/a> brasileiro, profissionais das mais diversas \u00e1reas da sa\u00fade, da educa\u00e7\u00e3o, <a href=\"https:\/\/bit.ly\/30IPplY\" target=\"_blank\" rel=\"noopener\">trabalhadoras dom\u00e9sticas<\/a>, da constru\u00e7\u00e3o civil, do samba, jovens de <a href=\"http:\/\/bit.ly\/2s8lGSA\" target=\"_blank\" rel=\"noopener\">slams<\/a> e de <a href=\"https:\/\/bit.ly\/2Nk9Sab\" target=\"_blank\" rel=\"noopener\">fluxos de funk<\/a>, trabalhadores informais e de aplicativos, ativistas de favelas, lideran\u00e7as religiosas como <a href=\"https:\/\/bit.ly\/34ch4xn\" target=\"_blank\" rel=\"noopener\">babalorix\u00e1s<\/a> e <a href=\"https:\/\/bit.ly\/3IIMDOj\" target=\"_blank\" rel=\"noopener\">ialorix\u00e1s<\/a>, padres e pastores, al\u00e9m das popula\u00e7\u00f5es quilombola, <a href=\"https:\/\/bit.ly\/3rXjBnB\" target=\"_blank\" rel=\"noopener\">ribeirinha<\/a>, camponesa, pescadora e LGBTQIA+ visam enraizar o antirracismo, <a href=\"https:\/\/bit.ly\/339fRqu\" target=\"_blank\" rel=\"noopener\">aquilombando a pol\u00edtica brasileira<\/a> na luta por direitos.<\/p>\n<p>Para retratar essa pluralidade, o <em>RioOnWatch<\/em> entrevistou nove vozes da Coaliz\u00e3o Negra com o objetivo de desenhar essa <a href=\"https:\/\/bit.ly\/30wtA6K\" target=\"_blank\" rel=\"noopener\">\u00e1rvore de representa\u00e7\u00e3o, representatividade e temporalidades<\/a> da hist\u00f3ria do movimento negro brasileiro organizado. O <em>RioOnWatch<\/em> publicou parte dessas vozes <a href=\"https:\/\/bit.ly\/CoalizaoNegra\" target=\"_blank\" rel=\"noopener\">em textos anteriores desta s\u00e9rie<\/a> e, nesta \u00faltima reportagem, trazemos mais tr\u00eas entrevistadas, a quem perguntamos: &#8220;Qual \u00e9 a sua voz dentro da Coaliz\u00e3o Negra por Direitos?&#8221;<\/p>\n<p>Nestes depoimentos, Monica Oliveira, Sandra Maria Andrade e Maria Jos\u00e9 Menezes trazem uma s\u00edntese sobre o <a href=\"https:\/\/bit.ly\/3xpPeIP\" target=\"_blank\" rel=\"noopener\">racismo estrutural<\/a> no pa\u00eds, que levou \u00e0 consolida\u00e7\u00e3o da Coaliz\u00e3o, e sobre como <a href=\"https:\/\/bit.ly\/3JGIGet\" target=\"_blank\" rel=\"noopener\">suas vozes unem passado e presente<\/a> na constru\u00e7\u00e3o de um futuro justo e democr\u00e1tico para o povo negro brasileiro.<\/p>\n<h3>&#8220;A Minha Voz \u00c9 a Voz de Mais de 6 Milh\u00f5es de Quilombolas&#8221;<\/h3>\n<p><a href=\"https:\/\/rioonwatch.org.br\/wp-content\/uploads\/2021\/12\/Sandra-Maria-Conaq.jpeg\"><img fetchpriority=\"high\" decoding=\"async\" class=\"alignright wp-image-59953\" title=\"Foto: Rithyele Dantas e Bernardo Guerreiro, Ag\u00eancia Chama\" src=\"https:\/\/rioonwatch.org.br\/wp-content\/uploads\/2021\/12\/Sandra-Maria-Conaq-620x264.jpeg\" alt=\"\" width=\"500\" height=\"486\" srcset=\"https:\/\/rioonwatch.org.br\/wp-content\/uploads\/2021\/12\/Sandra-Maria-Conaq-620x603.jpeg 620w, https:\/\/rioonwatch.org.br\/wp-content\/uploads\/2021\/12\/Sandra-Maria-Conaq-646x629.jpeg 646w, https:\/\/rioonwatch.org.br\/wp-content\/uploads\/2021\/12\/Sandra-Maria-Conaq-768x747.jpeg 768w, https:\/\/rioonwatch.org.br\/wp-content\/uploads\/2021\/12\/Sandra-Maria-Conaq.jpeg 1073w\" sizes=\"(max-width: 500px) 100vw, 500px\" \/><\/a>Mineira, quilombola da <a href=\"https:\/\/bit.ly\/3H8zxt3\" target=\"_blank\" rel=\"noopener\">Comunidade Carrapatos da Tabatinga<\/a>, Sandra Maria da Silva Andrade tem mais de 20 anos de ativismo na causa quilombola e \u00e9 uma das lideran\u00e7as mais ativas em <a href=\"https:\/\/bit.ly\/3otLToV\" target=\"_blank\" rel=\"noopener\">Minas Gerais<\/a>, sendo uma das fundadoras da Federa\u00e7\u00e3o das Comunidades Quilombolas de Minas Gerais &#8220;<a href=\"https:\/\/bit.ly\/3H7m5pd\" target=\"_blank\" rel=\"noopener\">N\u2019agolo<\/a>&#8220;. Atualmente, \u00e9 coordenadora executiva da Coordena\u00e7\u00e3o Nacional de Articula\u00e7\u00e3o das Comunidades Negras Rurais Quilombolas (<a href=\"https:\/\/bit.ly\/3mPh7pJ\" target=\"_blank\" rel=\"noopener\">CONAQ<\/a>). Sandra, filha de <a href=\"https:\/\/bit.ly\/332TvXV\" target=\"_blank\" rel=\"noopener\">Xang\u00f4<\/a>, \u00e9 filha de Dona Sebastiana Geralda, a reconhecida <a href=\"https:\/\/glo.bo\/3epWZ8F\" target=\"_blank\" rel=\"noopener\">M\u00e3e Tiana<\/a>, importante lideran\u00e7a pol\u00edtica e espiritual dos povos quilombolas.<\/p>\n<blockquote><p>&#8220;A minha voz dentro da Coaliz\u00e3o \u00e9 a voz de mais de 6 milh\u00f5es de quilombolas existentes nesse pa\u00eds, porque n\u00f3s vivemos o racismo h\u00e1 500 anos. Nesse momento a Coaliz\u00e3o vem para visibilizar essas vozes e, atrav\u00e9s dela, estamos divulgando para o mundo o racismo estrutural que sofremos dentro desse pa\u00eds. A necessidade de gritar e dar visibilidade \u00e0 condi\u00e7\u00e3o do racismo \u00e9 porque o Brasil sempre divulgou para fora do pa\u00eds que aqui n\u00e3o existe racismo. Mas n\u00f3s estamos provando hoje que <a href=\"https:\/\/bit.ly\/3mMNx3T\" target=\"_blank\" rel=\"noopener\">isso n\u00e3o \u00e9 verdade<\/a> atrav\u00e9s de den\u00fancias das viola\u00e7\u00f5es de direitos, dando visibilidade a esse racismo velado que sempre existiu aqui. N\u00f3s nos unimos para ecoar a voz do povo negro.<\/p>\n<p>O atual governo veio para retirar direitos duramente conquistados ao longo de anos. Em tr\u00eas meses, destruiu um trabalho de 24 anos desenvolvido pela CONAQ. Todos os \u00f3rg\u00e3os que tinham compet\u00eancia para trabalhar com a popula\u00e7\u00e3o quilombola foram destitu\u00eddos. O governo tamb\u00e9m vem incentivando a invas\u00e3o de nossos territ\u00f3rios. <a href=\"https:\/\/bit.ly\/3J5nY6U\" target=\"_blank\" rel=\"noopener\">Bolsonaro<\/a> foi bem claro antes de ser eleito. Ele disse que n\u00e3o ia titular nenhuma terra para quilombolas <a href=\"https:\/\/bit.ly\/3HA9TOr\" target=\"_blank\" rel=\"noopener\">e de fato vem cumprindo<\/a>. Fala de n\u00f3s quilombolas <a href=\"https:\/\/bit.ly\/3gvWGuh\" target=\"_blank\" rel=\"noopener\">como animais em palestra<\/a> e tem repetidas falas racistas. Sab\u00edamos que \u00edamos enfrentar uma luta dura, mas ach\u00e1vamos que atrav\u00e9s da Justi\u00e7a poder\u00edamos garantir a perman\u00eancia de alguns direitos. Por\u00e9m, com esse governo, nem a Justi\u00e7a est\u00e1 conseguindo frear essas viola\u00e7\u00f5es. A gente est\u00e1 por nossa conta&#8230; como a gente diz \u00e9 &#8216;<a href=\"https:\/\/bit.ly\/2VN4Ft6\" target=\"_blank\" rel=\"noopener\">n\u00f3s por n\u00f3s<\/a>&#8216;.<\/p>\n<p>A Coaliz\u00e3o Negra e a campanha &#8216;<span class=\"css-901oao css-16my406 r-poiln3 r-bcqeeo r-qvutc0\"><a href=\"https:\/\/bit.ly\/2BR5REr\" target=\"_blank\" rel=\"noopener\">Enquanto Houver Racismo, N\u00e3o Haver\u00e1 Democracia<\/a>&#8216;, lan\u00e7ada em junho de 2020, vieram na hora exata e crucial para denunciar tudo isso. Essa luta n\u00e3o pode ser s\u00f3 nossa. A luta antirracista \u00e9 da sociedade, que precisa abra\u00e7ar essa luta. O racismo n\u00e3o parte de n\u00f3s.&#8221;<\/span><\/p><\/blockquote>\n<h3>&#8220;As Mulheres Negras, Mesmo Quando N\u00e3o S\u00e3o Ativistas, Est\u00e3o em Movimento&#8221;<\/h3>\n<p><a href=\"https:\/\/rioonwatch.org.br\/wp-content\/uploads\/2021\/12\/Maria-Jose-Menezes-1.webp\"><img decoding=\"async\" class=\"alignright wp-image-59988\" title=\"Foto: Arquivo Pessoal\" src=\"https:\/\/rioonwatch.org.br\/wp-content\/uploads\/2021\/12\/Maria-Jose-Menezes-1-620x617.webp\" alt=\"\" width=\"500\" height=\"497\" srcset=\"https:\/\/rioonwatch.org.br\/wp-content\/uploads\/2021\/12\/Maria-Jose-Menezes-1-620x617.webp 620w, https:\/\/rioonwatch.org.br\/wp-content\/uploads\/2021\/12\/Maria-Jose-Menezes-1-632x629.webp 632w, https:\/\/rioonwatch.org.br\/wp-content\/uploads\/2021\/12\/Maria-Jose-Menezes-1-768x764.webp 768w, https:\/\/rioonwatch.org.br\/wp-content\/uploads\/2021\/12\/Maria-Jose-Menezes-1.webp 960w\" sizes=\"(max-width: 500px) 100vw, 500px\" \/><\/a>Conhecida dentro do movimento negro carinhosamente como Zez\u00e9, a baiana Maria Jos\u00e9 Menezes \u00e9 uma das grandes refer\u00eancias para as mulheres negras na luta por direitos e contra o racismo e o machismo. \u00c9 candomblecista e formada em biologia. Foi uma das lideran\u00e7as do <a href=\"http:\/\/bit.ly\/2u2YBOD\" target=\"_blank\" rel=\"noopener\">N\u00facleo de Consci\u00eancia Negra da USP<\/a>, que protagonizou a luta por pol\u00edticas p\u00fablicas afirmativas dentro da USP. Hoje, participa da <span class=\"color_35\"><a href=\"https:\/\/bit.ly\/3Eovl6K\" target=\"_blank\" rel=\"noopener\">Coletiva MAHIN<\/a>\u00a0e \u00e9 uma das organizadoras da <\/span><span class=\"color_35\"><a href=\"https:\/\/bit.ly\/3Jhfs5R\" target=\"_blank\" rel=\"noopener\">Marcha das Mulheres Negras de S\u00e3o Paulo<\/a><\/span><span class=\"color_35\">, representando a organiza\u00e7\u00e3o na operativa da Coaliz\u00e3o Negra Por Direitos.<\/span><span class=\"color_35\"><br \/>\n<\/span><\/p>\n<blockquote><p>&#8220;As mulheres negras, mesmo quando n\u00e3o s\u00e3o ativistas, est\u00e3o em movimento. N\u00e3o necessariamente voc\u00ea precisa estar em movimento organizado para lutar. Lendo a tese da <a href=\"http:\/\/bit.ly\/2gqo0Ou\" target=\"_blank\" rel=\"noopener\">Sueli Carneiro<\/a>, por exemplo, aprendi que a cria\u00e7\u00e3o do <a href=\"https:\/\/bit.ly\/2XTEz9c\" target=\"_blank\" rel=\"noopener\">SUS<\/a> teve participa\u00e7\u00e3o e n\u00e3o existiria sem a luta das mulheres das periferias. E quem s\u00e3o essas mulheres? Somos n\u00f3s, mulheres negras, que, sem nenhum tipo de assist\u00eancia, lutamos por uma sa\u00fade p\u00fablica universalizada. Portanto, valorizar as vozes das mulheres negras como sujeito \u00e9 fundamental. Minha voz na Coaliz\u00e3o Negra \u00e9 essa! \u00c9 uma <a href=\"https:\/\/bit.ly\/MCMartina\" target=\"_blank\" rel=\"noopener\">voz que pensa a periferia sob o olhar da mulher negra<\/a> e a <a href=\"https:\/\/bit.ly\/36fyTJN\" target=\"_blank\" rel=\"noopener\">juventude dos centros urbanos<\/a>, as principais v\u00edtimas de um pa\u00eds racista.<\/p>\n<p>Ser mulher negra \u00e9 ser uma pot\u00eancia e isso me orgulha muito. Estar na Coaliz\u00e3o Negra Por Direitos nesse lugar \u00e9 viver num espa\u00e7o de aprendizado e ter a minha voz ecoando a partir dessa ancestralidade do movimento das mulheres negras, que enfrentaram no passado e enfrentam ainda hoje a estrutura de um pa\u00eds comandado por segmentos da sociedade colonialista, que agem como se o pa\u00eds fosse um grande latif\u00fandio. A <a href=\"https:\/\/bit.ly\/3pKxrKh\" target=\"_blank\" rel=\"noopener\">branquitude<\/a> desse pa\u00eds usufrui do capital, da for\u00e7a de trabalho e de direitos p\u00fablicos que deveriam estar a servi\u00e7o e em benef\u00edcio de todos, sem desigualdade de acesso. \u00c9 por isso que, com a Coaliz\u00e3o, a gente disputa narrativa e pergunta: &#8216;Que democracia \u00e9 essa onde o racismo \u00e9 agente principal?&#8217; Essa pergunta&#8230;essa quest\u00e3o precisa ser enfrentada.<\/p>\n<p>\u00c9 um absurdo em um pa\u00eds como o nosso, onde o racismo gera desigualdades e assimetrias, ele n\u00e3o ser a pauta pol\u00edtica principal, [sobretudo] quando voc\u00ea olha a sociedade brasileira e v\u00ea que <a href=\"https:\/\/bit.ly\/3r6GvaZ\" target=\"_blank\" rel=\"noopener\">todos os marcadores t\u00eam cor e g\u00eanero<\/a>. A Coaliz\u00e3o vem no contexto dos ataques a direitos, do pacote de crimes do governo Bolsonaro e do fortalecimento do neofascismo, como uma resist\u00eancia a esse quadro, pois n\u00f3s sentimos que, com esse governo, nossas vidas, que j\u00e1 s\u00e3o vulnerabilizadas, estariam ainda mais em risco. A Coaliz\u00e3o \u00e9 mais uma resposta e enfrentamento que o movimento negro faz dentre tantas [outras].<\/p>\n<p>Importante dizer que o Movimento Negro Brasileiro sempre atua articulado e que existem muitas outras articula\u00e7\u00f5es de movimentos de mulheres negras e movimentos negros no pa\u00eds. A Coaliz\u00e3o Negra por Direitos \u00e9 uma contribui\u00e7\u00e3o, \u00e9 uma soma a todo um movimento negro que \u00e9 composto de outros grupos e coletivos.&#8221;<\/p><\/blockquote>\n<h3>&#8220;Falo Desse Lugar da Identidade Negra e Nordestina&#8221;<\/h3>\n<p><a href=\"https:\/\/rioonwatch.org.br\/wp-content\/uploads\/2021\/12\/monica-oliveira-scaled.jpg\"><img loading=\"lazy\" decoding=\"async\" class=\"alignright wp-image-59990\" src=\"https:\/\/rioonwatch.org.br\/wp-content\/uploads\/2021\/12\/monica-oliveira-465x620.jpg\" alt=\"\" width=\"500\" height=\"667\" srcset=\"https:\/\/rioonwatch.org.br\/wp-content\/uploads\/2021\/12\/monica-oliveira-465x620.jpg 465w, https:\/\/rioonwatch.org.br\/wp-content\/uploads\/2021\/12\/monica-oliveira-472x629.jpg 472w, https:\/\/rioonwatch.org.br\/wp-content\/uploads\/2021\/12\/monica-oliveira-768x1024.jpg 768w, https:\/\/rioonwatch.org.br\/wp-content\/uploads\/2021\/12\/monica-oliveira-scaled.jpg 1920w\" sizes=\"(max-width: 500px) 100vw, 500px\" \/><\/a>Nascida e criada em Recife, Monica Oliveira \u00e9 ativista desde os 15 anos e est\u00e1 no movimento negro h\u00e1 mais de 30. Fez parte de diferentes organiza\u00e7\u00f5es negras, do <a href=\"https:\/\/bit.ly\/32Fgyo7\" target=\"_blank\" rel=\"noopener\">Movimento Negro Unificado<\/a> ao <a href=\"https:\/\/bit.ly\/3FrXRFY\" target=\"_blank\" rel=\"noopener\">Observat\u00f3rio Negro<\/a>. \u00c9 formada em comunica\u00e7\u00e3o social e, atualmente, \u00e9 a coordenadora de finan\u00e7as da <a href=\"https:\/\/bit.ly\/32zxMpC\" target=\"_blank\" rel=\"noopener\">Rede de Mulheres Negras de Pernambuco<\/a> e membro da <a href=\"https:\/\/bit.ly\/3eqBzs0\" target=\"_blank\" rel=\"noopener\">Rede de Mulheres Negras do Nordeste<\/a>, representando esta rede na Coaliz\u00e3o Negra Por Direitos.<\/p>\n<blockquote><p>&#8220;Eu falo do lugar das mulheres negras nordestinas. Isso \u00e9 uma afirma\u00e7\u00e3o importante porque o Brasil \u00e9 esse pa\u00eds-continente e o racismo se reflete, inclusive, nas desigualdades regionais.<\/p>\n<p>O <a href=\"https:\/\/bit.ly\/2IVgycY\" target=\"_blank\" rel=\"noopener\">Nordeste<\/a> \u00e9 a regi\u00e3o mais negra do Brasil do ponto de vista da proporcionalidade. Eu falo do lugar das mulheres negras nordestinas, porque aquilo que se chama de interseccionalidade, que \u00e9 esse modo de an\u00e1lise das desigualdades, para n\u00f3s mulheres negras nordestinas, essa realidade \u00e9 sentida no cotidiano que intersecciona diferentes realidades de discrimina\u00e7\u00e3o: de ra\u00e7a, g\u00eanero e classe, mas tamb\u00e9m regional. Por isso, tantas vezes, tensionamos as rela\u00e7\u00f5es com o Sul e o Sudeste para afirmar nossas posi\u00e7\u00f5es pol\u00edticas. Ent\u00e3o, eu falo desse lugar de uma regi\u00e3o que \u00e9 muito empobrecida e explorada, mas tamb\u00e9m de uma regi\u00e3o muito linda e que tem uma trajet\u00f3ria hist\u00f3rica de luta, onde existiu o <a href=\"http:\/\/bit.ly\/1sNRxeq\" target=\"_blank\" rel=\"noopener\">Quilombo dos Palmares<\/a>, onde se teve luta travada em quase 100 anos. Falo de uma cidade onde a cabe\u00e7a de <a href=\"https:\/\/bit.ly\/3GqqbZz\" target=\"_blank\" rel=\"noopener\">Zumbi dos Palmares<\/a> foi fincada em frente a uma igreja. Falo desse lugar da identidade negra e nordestina.<\/p>\n<p>O manifesto da Coaliz\u00e3o Negra &#8216;<a href=\"https:\/\/bit.ly\/2BR5REr\" target=\"_blank\" rel=\"noopener\">Enquanto Houver Racismo, N\u00e3o Haver\u00e1 Democracia<\/a>&#8216; \u00e9 um marco hist\u00f3rico de grande magnitude, t\u00e3o importante quanto o <a href=\"https:\/\/bit.ly\/3spbD6G\" target=\"_blank\" rel=\"noopener\">manifesto do Movimento Negro Unificado, em 1978<\/a>, quando o movimento negro cria uma organiza\u00e7\u00e3o <a href=\"https:\/\/bit.ly\/3yRHqjO\" target=\"_blank\" rel=\"noopener\">em plena ditadura militar<\/a>, que proibia de se falar de racismo no Brasil e que retirou o quesito cor, por exemplo, dos textos p\u00fablicos. Apesar de mudan\u00e7as e avan\u00e7os que tivemos ao longo dos anos, a cruel desigualdade do racismo no Brasil, o abismo entre brancos e negros, n\u00e3o teve uma altera\u00e7\u00e3o significativa. Para al\u00e9m disso, o modelo de democracia que existe nesse pa\u00eds \u00e9 de uma democracia inacabada, que nunca foi uma democracia plena onde todos pudessem participar das decis\u00f5es do pa\u00eds. \u00c9 isso que o manifesto e, sobretudo, a <a href=\"https:\/\/bit.ly\/3G9oOxF\" target=\"_blank\" rel=\"noopener\">incid\u00eancia pol\u00edtica da Coaliz\u00e3o<\/a> coloca na mesa: o racismo presente na nossa sociedade.<\/p>\n<p>E <a href=\"https:\/\/bit.ly\/339fRqu\" target=\"_blank\" rel=\"noopener\">n\u00e3o s\u00f3 para as for\u00e7as pol\u00edticas conservadoras<\/a>, mas tamb\u00e9m para as for\u00e7as progressistas, interpretadas como de esquerda, que, ao longo de anos, afirmam e concordam com o movimento negro de que o racismo \u00e9 estruturante das desigualdades no Brasil, mas essa afirma\u00e7\u00e3o do antirracismo n\u00e3o se traduz como democracia, pois a popula\u00e7\u00e3o negra continua impedida de ocupar os espa\u00e7os de decis\u00e3o e poder. Ent\u00e3o, essa afirma\u00e7\u00e3o do antirracismo [das for\u00e7as progressistas] n\u00e3o tem se traduzido em atitudes, por exemplo, dentro dos partidos, programas e pol\u00edticas p\u00fablicas de governo com a esquerda no poder. E, enquanto a gente viver em uma sociedade extremamente racializada como \u00e9 a brasileira, n\u00e3o \u00e9 poss\u00edvel dizer que o Brasil \u00e9 democr\u00e1tico. Ou o racismo \u00e9 visto como estrutural de fato e, portanto, torna-se o pilar para o debate e constru\u00e7\u00e3o de pol\u00edticas para chegarmos a uma igualdade, ou ent\u00e3o precisamos avaliar: que pa\u00eds \u00e9 esse que estamos construindo? Essa democracia \u00e9 para quem?<\/p>\n<p>N\u00f3s do movimento negro n\u00e3o queremos e n\u00e3o vamos voltar para esse suposto normal do racismo, do patriarcado, do genoc\u00eddio, da fome e da pobreza que existia antes da pandemia e que segue existindo&#8230; Estamos em um momento pol\u00edtico que precisamos fazer rupturas justamente com a naturaliza\u00e7\u00e3o do racismo. E \u00e9 agora porque estamos em uma situa\u00e7\u00e3o limite e, para n\u00f3s, n\u00e3o \u00e9 poss\u00edvel mais que esse pa\u00eds siga vivendo com <a href=\"https:\/\/bit.ly\/35PmhMF\" target=\"_blank\" rel=\"noopener\">esse n\u00edvel de conflito racial continuamente<\/a>. A Coaliz\u00e3o n\u00e3o \u00e9 algo novo e sim a continuidade dos movimentos negros anteriores, articulados, que disputam h\u00e1 anos um projeto pol\u00edtico de pa\u00eds.&#8221;<\/p><\/blockquote>\n<p><em>Sobre a autora:\u00a0<a href=\"https:\/\/bit.ly\/3o2YA7Q\" target=\"_blank\" rel=\"noopener\">Tatiana Lima<\/a>\u00a0\u00e9 jornalista e comunicadora popular de cora\u00e7\u00e3o. Feminista negra, integrante do\u00a0<a href=\"https:\/\/bit.ly\/3mZf3bS\" target=\"_blank\" rel=\"noopener\">Grupo de Pesquisa Pesquisadores Em Movimento<\/a> do Complexo do Alem\u00e3o, atua como rep\u00f3rter no RioOnWatch. Cria de favela, negra de pele clara, mora no asfalto perif\u00e9rico do sub\u00farbio do Rio e \u00e9 doutoranda em comunica\u00e7\u00e3o pela <a href=\"http:\/\/bit.ly\/3h2kC6O\" target=\"_blank\" rel=\"noopener\">UFF<\/a>.\u00a0<\/em><\/p>\n<p><em>Sobre o artista: <a href=\"https:\/\/bit.ly\/3aaDQGG\" target=\"_blank\" rel=\"noopener\">David Amen<\/a> \u00e9 cria do <a href=\"http:\/\/bit.ly\/2wIyn5a\" target=\"_blank\" rel=\"noopener\">Complexo do Alem\u00e3o<\/a>, co-fundador e produtor de comunica\u00e7\u00e3o do <a href=\"http:\/\/bit.ly\/2F45IMx\" target=\"_blank\" rel=\"noopener\">Instituto Ra\u00edzes em Movimento<\/a>, jornalista, grafiteiro e ilustrador.<\/em><\/p>\n<p><em>Esta \u00e9 a quarta mat\u00e9ria de uma <a href=\"https:\/\/bit.ly\/CoalizaoNegra\" target=\"_blank\" rel=\"noopener\">s\u00e9rie de quatro sobre a Coaliz\u00e3o Negra por Direitos<\/a>. Esta mat\u00e9ria faz parte da\u00a0<a href=\"https:\/\/bit.ly\/SerieAntirracista\" target=\"_blank\" rel=\"noopener\">s\u00e9rie do projeto antirracista do RioOnWatch<\/a>.<i data-stringify-type=\"italic\">\u00a0<\/i>Conhe\u00e7a o nosso projeto que trouxe conte\u00fados midi\u00e1ticos semanais ao longo de 2021:\u00a0<i><a href=\"http:\/\/bit.ly\/EnraizandoIntro\" target=\"_blank\" rel=\"noopener\">Enraizando o Antirracismo nas Favelas<\/a>.<\/i><\/em><\/p>\n<h4><b data-stringify-type=\"bold\">Compartilhe com a gente a sua opini\u00e3o sobre essa mat\u00e9ria\u00a0<\/b><b data-stringify-type=\"bold\"><a class=\"c-link\" href=\"https:\/\/bit.ly\/OpineAntirracismo\" target=\"_blank\" rel=\"noopener noreferrer\" data-stringify-link=\"https:\/\/docs.google.com\/forms\/d\/e\/1FAIpQLSc6PJwxQ0eapYlfSfsr8fyibg8ODzXKpGhJjXe2-8Bbxrtp1g\/viewform\" data-sk=\"tooltip_parent\">clicando aqui<\/a>.<\/b><\/h4>\n<hr \/>\n<div class=\"entry clearfix\">\n<h4><b data-stringify-type=\"bold\">Apoie nossos esfor\u00e7os para fornecer apoio estrat\u00e9gico \u00e0s favelas do Rio, incluindo o jornalismo hiperlocal, cr\u00edtico, inovador e incans\u00e1vel do\u00a0<\/b><b data-stringify-type=\"bold\"><i data-stringify-type=\"italic\">RioOnWatch<\/i><\/b>\u2014<b data-stringify-type=\"bold\"><a class=\"c-link\" href=\"http:\/\/www.bit.ly\/ApoieROW\" target=\"_blank\" rel=\"noopener noreferrer\" data-stringify-link=\"http:\/\/www.bit.ly\/ApoieROW\" data-sk=\"tooltip_parent\">doe aqui<\/a><\/b><b data-stringify-type=\"bold\">.<\/b><\/h4>\n<\/div>\n<!-- AddThis Advanced Settings generic via filter on the_content --><!-- AddThis Share Buttons generic via filter on the_content -->","protected":false},"excerpt":{"rendered":"<div class=\"mh-excerpt\"><p>Click Here for English Esta \u00e9 a quarta mat\u00e9ria de uma s\u00e9rie de quatro sobre a Coaliz\u00e3o Negra por Direitos. Esta mat\u00e9ria faz parte do projeto antirracista do RioOnWatch.\u00a0Conhe\u00e7a o nosso projeto que trouxe conte\u00fados <a class=\"mh-excerpt-more\" href=\"https:\/\/rioonwatch.org.br\/?p=60250\" title=\"Mulheres Negras em Movimento: Ancestralidade e Democracia em Coaliz\u00e3o pelo Brasil\">[&#8230;]<\/a><!-- AddThis Advanced Settings generic via filter on get_the_excerpt --><!-- AddThis Share Buttons generic via filter on get_the_excerpt --><\/p>\n<\/div>","protected":false},"author":129,"featured_media":60415,"comment_status":"closed","ping_status":"closed","sticky":false,"template":"template-full.php","format":"standard","meta":{"_acf_changed":false,"_monsterinsights_skip_tracking":false,"_monsterinsights_sitenote_active":false,"_monsterinsights_sitenote_note":"","_monsterinsights_sitenote_category":0,"footnotes":""},"categories":[1621,1612,342],"tags":[3253,2980,2954,1386,479,413,502,42,2699,2269,113,469,3109,1151,1403,1970,265,1830,567,3114,2432,2974,2976,782,1330],"writer":[2800],"translator":[],"source":[],"ilustrador":[3088],"fotografo":[],"class_list":{"0":"post-60250","1":"post","2":"type-post","3":"status-publish","4":"format-standard","5":"has-post-thumbnail","7":"category-destaque","8":"category-sociedade-civil","9":"category-solucoes","10":"tag-antirracismo","11":"tag-branquitude","12":"tag-coalizao-negra-por-direitos","13":"tag-critica-a-politica","14":"tag-democracia","15":"tag-desigualdade","16":"tag-funk","17":"tag-genero","18":"tag-genocidio","19":"tag-jair-bolsonaro","20":"tag-juventude","21":"tag-memoria","22":"tag-minas-gerais","23":"tag-organizacao","24":"tag-movimento-negro","25":"tag-negritude","26":"tag-nordeste","27":"tag-nos-por-nos","28":"tag-quilombo","29":"tag-racismo-estrutural","30":"tag-representatividade","31":"tag-serie-antirracismo","32":"tag-serie-coalizacao-negra","33":"tag-sus","34":"tag-zumbi-dos-palmares","35":"writer-tatiana-lima","36":"ilustrador-david-amen"},"acf":[],"yoast_head":"<!-- This site is optimized with the Yoast SEO plugin v25.6 - https:\/\/yoast.com\/wordpress\/plugins\/seo\/ -->\n<title>Mulheres Negras em Movimento: Ancestralidade e Democracia em Coaliz\u00e3o pelo Brasil - RioOnWatch<\/title>\n<meta name=\"robots\" content=\"index, follow, max-snippet:-1, max-image-preview:large, max-video-preview:-1\" \/>\n<link rel=\"canonical\" href=\"https:\/\/rioonwatch.org.br\/?p=60250\" \/>\n<meta property=\"og:locale\" content=\"pt_BR\" \/>\n<meta property=\"og:type\" content=\"article\" \/>\n<meta property=\"og:title\" content=\"Mulheres Negras em Movimento: Ancestralidade e Democracia em Coaliz\u00e3o pelo Brasil - RioOnWatch\" \/>\n<meta property=\"og:description\" content=\"Click Here for English Esta \u00e9 a quarta mat\u00e9ria de uma s\u00e9rie de quatro sobre a Coaliz\u00e3o Negra por Direitos. Esta mat\u00e9ria faz parte do projeto antirracista do RioOnWatch.\u00a0Conhe\u00e7a o nosso projeto que trouxe conte\u00fados [...]\" \/>\n<meta property=\"og:url\" content=\"https:\/\/rioonwatch.org.br\/?p=60250\" \/>\n<meta property=\"og:site_name\" content=\"RioOnWatch\" \/>\n<meta property=\"article:published_time\" content=\"2022-02-10T11:09:06+00:00\" \/>\n<meta property=\"article:modified_time\" content=\"2024-06-20T16:45:47+00:00\" \/>\n<meta property=\"og:image\" content=\"https:\/\/rioonwatch.org.br\/wp-content\/uploads\/2022\/01\/EDIT_ILUSTRA_COALIZAO_REV.jpg\" \/>\n\t<meta property=\"og:image:width\" content=\"2480\" \/>\n\t<meta property=\"og:image:height\" content=\"1056\" \/>\n\t<meta property=\"og:image:type\" content=\"image\/jpeg\" \/>\n<meta name=\"author\" content=\"Admin\" \/>\n<meta name=\"twitter:card\" content=\"summary_large_image\" \/>\n<meta name=\"twitter:label1\" content=\"Escrito por\" \/>\n\t<meta name=\"twitter:data1\" content=\"Admin\" \/>\n\t<meta name=\"twitter:label2\" content=\"Est. tempo de leitura\" \/>\n\t<meta name=\"twitter:data2\" content=\"11 minutos\" \/>\n<script type=\"application\/ld+json\" class=\"yoast-schema-graph\">{\"@context\":\"https:\/\/schema.org\",\"@graph\":[{\"@type\":\"Article\",\"@id\":\"https:\/\/rioonwatch.org.br\/?p=60250#article\",\"isPartOf\":{\"@id\":\"https:\/\/rioonwatch.org.br\/?p=60250\"},\"author\":{\"name\":\"Admin\",\"@id\":\"https:\/\/rioonwatch.org.br\/#\/schema\/person\/11d64c290506f9df50c71b850c473f68\"},\"headline\":\"Mulheres Negras em Movimento: Ancestralidade e Democracia em Coaliz\u00e3o pelo Brasil\",\"datePublished\":\"2022-02-10T11:09:06+00:00\",\"dateModified\":\"2024-06-20T16:45:47+00:00\",\"mainEntityOfPage\":{\"@id\":\"https:\/\/rioonwatch.org.br\/?p=60250\"},\"wordCount\":2408,\"publisher\":{\"@id\":\"https:\/\/rioonwatch.org.br\/#organization\"},\"image\":{\"@id\":\"https:\/\/rioonwatch.org.br\/?p=60250#primaryimage\"},\"thumbnailUrl\":\"https:\/\/rioonwatch.org.br\/wp-content\/uploads\/2022\/01\/EDIT_ILUSTRA_COALIZAO_REV.jpg\",\"keywords\":[\"Antirracismo\",\"branquitude\",\"Coaliz\u00e3o Negra por Direitos\",\"cr\u00edtica \u00e0 pol\u00edtica\",\"Democracia\",\"desigualdade\",\"funk\",\"g\u00eanero\",\"genoc\u00eddio\",\"Jair Bolsonaro\",\"juventude\",\"Mem\u00f3rias Faveladas\",\"Minas Gerais\",\"mobiliza\u00e7\u00e3o\",\"Movimento negro\",\"negritude\",\"Nordeste\",\"N\u00f3s por N\u00f3s\",\"Quilombo\",\"Racismo estrutural\",\"representatividade\",\"S\u00e9rie: Antirracismo\",\"S\u00e9rie: Coaliza\u00e7\u00e3o Negra\",\"SUS\",\"Zumbi dos Palmares\"],\"articleSection\":[\"*Destaque\",\"Sociedade Civil\",\"Solu\u00e7\u00f5es\"],\"inLanguage\":\"pt-BR\"},{\"@type\":\"WebPage\",\"@id\":\"https:\/\/rioonwatch.org.br\/?p=60250\",\"url\":\"https:\/\/rioonwatch.org.br\/?p=60250\",\"name\":\"Mulheres Negras em Movimento: Ancestralidade e Democracia em Coaliz\u00e3o pelo Brasil - RioOnWatch\",\"isPartOf\":{\"@id\":\"https:\/\/rioonwatch.org.br\/#website\"},\"primaryImageOfPage\":{\"@id\":\"https:\/\/rioonwatch.org.br\/?p=60250#primaryimage\"},\"image\":{\"@id\":\"https:\/\/rioonwatch.org.br\/?p=60250#primaryimage\"},\"thumbnailUrl\":\"https:\/\/rioonwatch.org.br\/wp-content\/uploads\/2022\/01\/EDIT_ILUSTRA_COALIZAO_REV.jpg\",\"datePublished\":\"2022-02-10T11:09:06+00:00\",\"dateModified\":\"2024-06-20T16:45:47+00:00\",\"breadcrumb\":{\"@id\":\"https:\/\/rioonwatch.org.br\/?p=60250#breadcrumb\"},\"inLanguage\":\"pt-BR\",\"potentialAction\":[{\"@type\":\"ReadAction\",\"target\":[\"https:\/\/rioonwatch.org.br\/?p=60250\"]}]},{\"@type\":\"ImageObject\",\"inLanguage\":\"pt-BR\",\"@id\":\"https:\/\/rioonwatch.org.br\/?p=60250#primaryimage\",\"url\":\"https:\/\/rioonwatch.org.br\/wp-content\/uploads\/2022\/01\/EDIT_ILUSTRA_COALIZAO_REV.jpg\",\"contentUrl\":\"https:\/\/rioonwatch.org.br\/wp-content\/uploads\/2022\/01\/EDIT_ILUSTRA_COALIZAO_REV.jpg\",\"width\":2480,\"height\":1056,\"caption\":\"Arte original por David Amen\"},{\"@type\":\"BreadcrumbList\",\"@id\":\"https:\/\/rioonwatch.org.br\/?p=60250#breadcrumb\",\"itemListElement\":[{\"@type\":\"ListItem\",\"position\":1,\"name\":\"In\u00edcio\",\"item\":\"https:\/\/rioonwatch.org.br\/\"},{\"@type\":\"ListItem\",\"position\":2,\"name\":\"Mulheres Negras em Movimento: Ancestralidade e Democracia em Coaliz\u00e3o pelo Brasil\"}]},{\"@type\":\"WebSite\",\"@id\":\"https:\/\/rioonwatch.org.br\/#website\",\"url\":\"https:\/\/rioonwatch.org.br\/\",\"name\":\"RioOnWatch\",\"description\":\"relatos das favelas cariocas\",\"publisher\":{\"@id\":\"https:\/\/rioonwatch.org.br\/#organization\"},\"potentialAction\":[{\"@type\":\"SearchAction\",\"target\":{\"@type\":\"EntryPoint\",\"urlTemplate\":\"https:\/\/rioonwatch.org.br\/?s={search_term_string}\"},\"query-input\":{\"@type\":\"PropertyValueSpecification\",\"valueRequired\":true,\"valueName\":\"search_term_string\"}}],\"inLanguage\":\"pt-BR\"},{\"@type\":\"Organization\",\"@id\":\"https:\/\/rioonwatch.org.br\/#organization\",\"name\":\"RioOnWatch\",\"url\":\"https:\/\/rioonwatch.org.br\/\",\"logo\":{\"@type\":\"ImageObject\",\"inLanguage\":\"pt-BR\",\"@id\":\"https:\/\/rioonwatch.org.br\/#\/schema\/logo\/image\/\",\"url\":\"https:\/\/rioonwatch.org.br\/wp-content\/uploads\/2021\/06\/RioOnWatchcabecalhoPT11anos-2.png\",\"contentUrl\":\"https:\/\/rioonwatch.org.br\/wp-content\/uploads\/2021\/06\/RioOnWatchcabecalhoPT11anos-2.png\",\"width\":779,\"height\":277,\"caption\":\"RioOnWatch\"},\"image\":{\"@id\":\"https:\/\/rioonwatch.org.br\/#\/schema\/logo\/image\/\"}},{\"@type\":\"Person\",\"@id\":\"https:\/\/rioonwatch.org.br\/#\/schema\/person\/11d64c290506f9df50c71b850c473f68\",\"name\":\"Admin\",\"image\":{\"@type\":\"ImageObject\",\"inLanguage\":\"pt-BR\",\"@id\":\"https:\/\/rioonwatch.org.br\/#\/schema\/person\/image\/\",\"url\":\"https:\/\/secure.gravatar.com\/avatar\/56211ac74568383903349a1485e3c325?s=96&d=blank&r=g\",\"contentUrl\":\"https:\/\/secure.gravatar.com\/avatar\/56211ac74568383903349a1485e3c325?s=96&d=blank&r=g\",\"caption\":\"Admin\"},\"url\":\"https:\/\/rioonwatch.org.br\/?author=129\"}]}<\/script>\n<!-- \/ Yoast SEO plugin. -->","yoast_head_json":{"title":"Mulheres Negras em Movimento: Ancestralidade e Democracia em Coaliz\u00e3o pelo Brasil - RioOnWatch","robots":{"index":"index","follow":"follow","max-snippet":"max-snippet:-1","max-image-preview":"max-image-preview:large","max-video-preview":"max-video-preview:-1"},"canonical":"https:\/\/rioonwatch.org.br\/?p=60250","og_locale":"pt_BR","og_type":"article","og_title":"Mulheres Negras em Movimento: Ancestralidade e Democracia em Coaliz\u00e3o pelo Brasil - RioOnWatch","og_description":"Click Here for English Esta \u00e9 a quarta mat\u00e9ria de uma s\u00e9rie de quatro sobre a Coaliz\u00e3o Negra por Direitos. Esta mat\u00e9ria faz parte do projeto antirracista do RioOnWatch.\u00a0Conhe\u00e7a o nosso projeto que trouxe conte\u00fados [...]","og_url":"https:\/\/rioonwatch.org.br\/?p=60250","og_site_name":"RioOnWatch","article_published_time":"2022-02-10T11:09:06+00:00","article_modified_time":"2024-06-20T16:45:47+00:00","og_image":[{"width":2480,"height":1056,"url":"https:\/\/rioonwatch.org.br\/wp-content\/uploads\/2022\/01\/EDIT_ILUSTRA_COALIZAO_REV.jpg","type":"image\/jpeg"}],"author":"Admin","twitter_card":"summary_large_image","twitter_misc":{"Escrito por":"Admin","Est. tempo de leitura":"11 minutos"},"schema":{"@context":"https:\/\/schema.org","@graph":[{"@type":"Article","@id":"https:\/\/rioonwatch.org.br\/?p=60250#article","isPartOf":{"@id":"https:\/\/rioonwatch.org.br\/?p=60250"},"author":{"name":"Admin","@id":"https:\/\/rioonwatch.org.br\/#\/schema\/person\/11d64c290506f9df50c71b850c473f68"},"headline":"Mulheres Negras em Movimento: Ancestralidade e Democracia em Coaliz\u00e3o pelo Brasil","datePublished":"2022-02-10T11:09:06+00:00","dateModified":"2024-06-20T16:45:47+00:00","mainEntityOfPage":{"@id":"https:\/\/rioonwatch.org.br\/?p=60250"},"wordCount":2408,"publisher":{"@id":"https:\/\/rioonwatch.org.br\/#organization"},"image":{"@id":"https:\/\/rioonwatch.org.br\/?p=60250#primaryimage"},"thumbnailUrl":"https:\/\/rioonwatch.org.br\/wp-content\/uploads\/2022\/01\/EDIT_ILUSTRA_COALIZAO_REV.jpg","keywords":["Antirracismo","branquitude","Coaliz\u00e3o Negra por Direitos","cr\u00edtica \u00e0 pol\u00edtica","Democracia","desigualdade","funk","g\u00eanero","genoc\u00eddio","Jair Bolsonaro","juventude","Mem\u00f3rias Faveladas","Minas Gerais","mobiliza\u00e7\u00e3o","Movimento negro","negritude","Nordeste","N\u00f3s por N\u00f3s","Quilombo","Racismo estrutural","representatividade","S\u00e9rie: Antirracismo","S\u00e9rie: Coaliza\u00e7\u00e3o Negra","SUS","Zumbi dos Palmares"],"articleSection":["*Destaque","Sociedade Civil","Solu\u00e7\u00f5es"],"inLanguage":"pt-BR"},{"@type":"WebPage","@id":"https:\/\/rioonwatch.org.br\/?p=60250","url":"https:\/\/rioonwatch.org.br\/?p=60250","name":"Mulheres Negras em Movimento: Ancestralidade e Democracia em Coaliz\u00e3o pelo Brasil - RioOnWatch","isPartOf":{"@id":"https:\/\/rioonwatch.org.br\/#website"},"primaryImageOfPage":{"@id":"https:\/\/rioonwatch.org.br\/?p=60250#primaryimage"},"image":{"@id":"https:\/\/rioonwatch.org.br\/?p=60250#primaryimage"},"thumbnailUrl":"https:\/\/rioonwatch.org.br\/wp-content\/uploads\/2022\/01\/EDIT_ILUSTRA_COALIZAO_REV.jpg","datePublished":"2022-02-10T11:09:06+00:00","dateModified":"2024-06-20T16:45:47+00:00","breadcrumb":{"@id":"https:\/\/rioonwatch.org.br\/?p=60250#breadcrumb"},"inLanguage":"pt-BR","potentialAction":[{"@type":"ReadAction","target":["https:\/\/rioonwatch.org.br\/?p=60250"]}]},{"@type":"ImageObject","inLanguage":"pt-BR","@id":"https:\/\/rioonwatch.org.br\/?p=60250#primaryimage","url":"https:\/\/rioonwatch.org.br\/wp-content\/uploads\/2022\/01\/EDIT_ILUSTRA_COALIZAO_REV.jpg","contentUrl":"https:\/\/rioonwatch.org.br\/wp-content\/uploads\/2022\/01\/EDIT_ILUSTRA_COALIZAO_REV.jpg","width":2480,"height":1056,"caption":"Arte original por David Amen"},{"@type":"BreadcrumbList","@id":"https:\/\/rioonwatch.org.br\/?p=60250#breadcrumb","itemListElement":[{"@type":"ListItem","position":1,"name":"In\u00edcio","item":"https:\/\/rioonwatch.org.br\/"},{"@type":"ListItem","position":2,"name":"Mulheres Negras em Movimento: Ancestralidade e Democracia em Coaliz\u00e3o pelo Brasil"}]},{"@type":"WebSite","@id":"https:\/\/rioonwatch.org.br\/#website","url":"https:\/\/rioonwatch.org.br\/","name":"RioOnWatch","description":"relatos das favelas cariocas","publisher":{"@id":"https:\/\/rioonwatch.org.br\/#organization"},"potentialAction":[{"@type":"SearchAction","target":{"@type":"EntryPoint","urlTemplate":"https:\/\/rioonwatch.org.br\/?s={search_term_string}"},"query-input":{"@type":"PropertyValueSpecification","valueRequired":true,"valueName":"search_term_string"}}],"inLanguage":"pt-BR"},{"@type":"Organization","@id":"https:\/\/rioonwatch.org.br\/#organization","name":"RioOnWatch","url":"https:\/\/rioonwatch.org.br\/","logo":{"@type":"ImageObject","inLanguage":"pt-BR","@id":"https:\/\/rioonwatch.org.br\/#\/schema\/logo\/image\/","url":"https:\/\/rioonwatch.org.br\/wp-content\/uploads\/2021\/06\/RioOnWatchcabecalhoPT11anos-2.png","contentUrl":"https:\/\/rioonwatch.org.br\/wp-content\/uploads\/2021\/06\/RioOnWatchcabecalhoPT11anos-2.png","width":779,"height":277,"caption":"RioOnWatch"},"image":{"@id":"https:\/\/rioonwatch.org.br\/#\/schema\/logo\/image\/"}},{"@type":"Person","@id":"https:\/\/rioonwatch.org.br\/#\/schema\/person\/11d64c290506f9df50c71b850c473f68","name":"Admin","image":{"@type":"ImageObject","inLanguage":"pt-BR","@id":"https:\/\/rioonwatch.org.br\/#\/schema\/person\/image\/","url":"https:\/\/secure.gravatar.com\/avatar\/56211ac74568383903349a1485e3c325?s=96&d=blank&r=g","contentUrl":"https:\/\/secure.gravatar.com\/avatar\/56211ac74568383903349a1485e3c325?s=96&d=blank&r=g","caption":"Admin"},"url":"https:\/\/rioonwatch.org.br\/?author=129"}]}},"_links":{"self":[{"href":"https:\/\/rioonwatch.org.br\/index.php?rest_route=\/wp\/v2\/posts\/60250"}],"collection":[{"href":"https:\/\/rioonwatch.org.br\/index.php?rest_route=\/wp\/v2\/posts"}],"about":[{"href":"https:\/\/rioonwatch.org.br\/index.php?rest_route=\/wp\/v2\/types\/post"}],"author":[{"embeddable":true,"href":"https:\/\/rioonwatch.org.br\/index.php?rest_route=\/wp\/v2\/users\/129"}],"replies":[{"embeddable":true,"href":"https:\/\/rioonwatch.org.br\/index.php?rest_route=%2Fwp%2Fv2%2Fcomments&post=60250"}],"version-history":[{"count":27,"href":"https:\/\/rioonwatch.org.br\/index.php?rest_route=\/wp\/v2\/posts\/60250\/revisions"}],"predecessor-version":[{"id":60834,"href":"https:\/\/rioonwatch.org.br\/index.php?rest_route=\/wp\/v2\/posts\/60250\/revisions\/60834"}],"wp:featuredmedia":[{"embeddable":true,"href":"https:\/\/rioonwatch.org.br\/index.php?rest_route=\/wp\/v2\/media\/60415"}],"wp:attachment":[{"href":"https:\/\/rioonwatch.org.br\/index.php?rest_route=%2Fwp%2Fv2%2Fmedia&parent=60250"}],"wp:term":[{"taxonomy":"category","embeddable":true,"href":"https:\/\/rioonwatch.org.br\/index.php?rest_route=%2Fwp%2Fv2%2Fcategories&post=60250"},{"taxonomy":"post_tag","embeddable":true,"href":"https:\/\/rioonwatch.org.br\/index.php?rest_route=%2Fwp%2Fv2%2Ftags&post=60250"},{"taxonomy":"writer","embeddable":true,"href":"https:\/\/rioonwatch.org.br\/index.php?rest_route=%2Fwp%2Fv2%2Fwriter&post=60250"},{"taxonomy":"translator","embeddable":true,"href":"https:\/\/rioonwatch.org.br\/index.php?rest_route=%2Fwp%2Fv2%2Ftranslator&post=60250"},{"taxonomy":"source","embeddable":true,"href":"https:\/\/rioonwatch.org.br\/index.php?rest_route=%2Fwp%2Fv2%2Fsource&post=60250"},{"taxonomy":"ilustrador","embeddable":true,"href":"https:\/\/rioonwatch.org.br\/index.php?rest_route=%2Fwp%2Fv2%2Filustrador&post=60250"},{"taxonomy":"fotografo","embeddable":true,"href":"https:\/\/rioonwatch.org.br\/index.php?rest_route=%2Fwp%2Fv2%2Ffotografo&post=60250"}],"curies":[{"name":"wp","href":"https:\/\/api.w.org\/{rel}","templated":true}]}}