{"id":60435,"date":"2022-02-04T12:51:20","date_gmt":"2022-02-04T15:51:20","guid":{"rendered":"https:\/\/rioonwatch.org.br\/?p=60435"},"modified":"2024-05-24T12:29:35","modified_gmt":"2024-05-24T15:29:35","slug":"o-assassinato-brutal-do-jovem-moise-mugenyi-kabagambe-na-praia-da-barra-da-tijuca-justicaparamoise-e-oquedizemasredes","status":"publish","type":"post","link":"https:\/\/rioonwatch.org.br\/?p=60435","title":{"rendered":"O Assassinato Brutal do Jovem Mo\u00efse Mugenyi Kabagambe na Praia da Barra da Tijuca: #Justi\u00e7aParaMo\u00efse \u00e9 #OQueDizemAsRedes"},"content":{"rendered":"<p style=\"text-align: right;\"><em><strong><a href=\"https:\/\/bit.ly\/3LERO4q\" target=\"_blank\" rel=\"noopener noreferrer\">Click Here for English<\/a><a href=\"https:\/\/bit.ly\/3LERO4q\" target=\"_blank\" rel=\"noopener noreferrer\"><img decoding=\"async\" class=\"alignright wp-image-15790\" src=\"http:\/\/rioonwatch.org.br\/wp-content\/uploads\/2012\/08\/EN-standard-e1439583104716.jpg\" alt=\"\" width=\"20\" height=\"20\" \/><\/a><\/strong><\/em><\/p>\n<p><span style=\"font-weight: 400;\">Seja an\u00f4nimo, ativista, jogador de futebol ou artista, nas ruas e nas plataformas digitais, o sentimento reverberado \u00e9 um s\u00f3: <\/span><a href=\"https:\/\/bit.ly\/35YGgbQ\" target=\"_blank\" rel=\"noopener\"><span style=\"font-weight: 400;\">#Justi\u00e7aParaMo\u00efse<\/span><\/a><span style=\"font-weight: 400;\">. O <\/span><a href=\"https:\/\/bit.ly\/3ASvhvX\" target=\"_blank\" rel=\"noopener\"><span style=\"font-weight: 400;\">assassinato do jovem refugiado congol\u00eas<\/span><\/a><span style=\"font-weight: 400;\"> no seu local de trabalho, o Quiosque Tropic\u00e1lia, na Praia da <a href=\"http:\/\/bit.ly\/2x45kJL\" target=\"_blank\" rel=\"noopener\">Barra da Tijuca<\/a>, trouxe grande indigna\u00e7\u00e3o e como\u00e7\u00e3o. A hashtag foi um dos assuntos mais comentados nas redes sociais nos \u00faltimos dias.<\/span><\/p>\n<figure id=\"attachment_60438\" aria-describedby=\"caption-attachment-60438\" style=\"width: 1030px\" class=\"wp-caption aligncenter\"><a href=\"https:\/\/rioonwatch.org.br\/wp-content\/uploads\/2022\/02\/Faixa-Fogo-nos-Racistas-em-ato-em-memoria-de-Moise-Kabagambe-organizado-pelo-Levante-Popular-da-Juventude-na-madrugada-desta-quinta-dia-3-de-fevereiro.-Foto-de-Rede-Brasil-Atual.jpg\"><img fetchpriority=\"high\" decoding=\"async\" class=\"wp-image-60438 size-mh-magazine-slider\" title=\"Faixa 'Fogo nos Racistas' em ato em mem\u00f3ria de Mo\u00efse Kabagambe, organizado pelo Levante Popular da Juventude, na madrugada desta quinta, dia 3 de fevereiro. Foto de Rede Brasil Atual\" src=\"https:\/\/rioonwatch.org.br\/wp-content\/uploads\/2022\/02\/Faixa-Fogo-nos-Racistas-em-ato-em-memoria-de-Moise-Kabagambe-organizado-pelo-Levante-Popular-da-Juventude-na-madrugada-desta-quinta-dia-3-de-fevereiro.-Foto-de-Rede-Brasil-Atual-1030x438.jpg\" alt=\"Faixa 'Fogo nos Racistas' em ato em mem\u00f3ria de Mo\u00efse Kabagambe, organizado pelo Levante Popular da Juventude, na madrugada desta quinta, dia 3 de fevereiro. Foto de Rede Brasil Atual\" width=\"1030\" height=\"438\" srcset=\"https:\/\/rioonwatch.org.br\/wp-content\/uploads\/2022\/02\/Faixa-Fogo-nos-Racistas-em-ato-em-memoria-de-Moise-Kabagambe-organizado-pelo-Levante-Popular-da-Juventude-na-madrugada-desta-quinta-dia-3-de-fevereiro.-Foto-de-Rede-Brasil-Atual-1030x438.jpg 1030w, https:\/\/rioonwatch.org.br\/wp-content\/uploads\/2022\/02\/Faixa-Fogo-nos-Racistas-em-ato-em-memoria-de-Moise-Kabagambe-organizado-pelo-Levante-Popular-da-Juventude-na-madrugada-desta-quinta-dia-3-de-fevereiro.-Foto-de-Rede-Brasil-Atual-620x264.jpg 620w\" sizes=\"(max-width: 1030px) 100vw, 1030px\" \/><\/a><figcaption id=\"caption-attachment-60438\" class=\"wp-caption-text\">Faixa &#8216;Fogo nos Racistas&#8217; em ato em mem\u00f3ria de Mo\u00efse Kabagambe, organizado pelo Levante Popular da Juventude, na madrugada desta quinta, dia 3 de fevereiro. Foto: Rede Brasil Atual<\/figcaption><\/figure>\n<p><span style=\"font-weight: 400;\">No dia 24 de janeiro, Mo\u00efse Mugenyi Kabagambe, 24 anos, foi imobilizado e espancado at\u00e9 a morte no quiosque em que trabalhava, o Tropic\u00e1lia, no Posto 8 da <\/span><span style=\"font-weight: 400;\">Barra da Tijuca<\/span><span style=\"font-weight: 400;\">. Os <\/span><a href=\"https:\/\/glo.bo\/3AV5ino\" target=\"_blank\" rel=\"noopener\"><span style=\"font-weight: 400;\">assassinos de Mo\u00efse<\/span><\/a><span style=\"font-weight: 400;\"> s\u00e3o Alesson Cristiano de Oliveira Fonseca, o Dezenove; <\/span><a href=\"https:\/\/bit.ly\/3Hpyh5u\" target=\"_blank\" rel=\"noopener\"><span style=\"font-weight: 400;\">Brendon Alexander Luz da Silva, o Totta<\/span><\/a><span style=\"font-weight: 400;\">; e F\u00e1bio Pirineus da Silva, o Belo. Os tr\u00eas hom<\/span><span style=\"font-weight: 400;\">ens tamb\u00e9m trabalhavam nas redondezas: dois em barracas da praia da Barra e outro, o Totta, um lutador de Jiu-jitsu, como cozinheiro do quiosque ao lado do Tropic\u00e1lia, o Quiosque do Biruta.<\/span><\/p>\n<figure id=\"attachment_60443\" aria-describedby=\"caption-attachment-60443\" style=\"width: 1030px\" class=\"wp-caption aligncenter\"><a href=\"https:\/\/rioonwatch.org.br\/wp-content\/uploads\/2022\/02\/Os-tres-assassinos-de-Moise-Kabagambe-foram-transferidos-da-Delegacia-de-Homicidios-da-Capital-para-o-Presidio-Jose-Frederico-Marques.-Foto-por-Gabriel-de-Paiva-Agencia-O-Globo.jpg\"><img decoding=\"async\" class=\"wp-image-60443 size-mh-magazine-slider\" title=\"Os tr\u00eas suspeitos foram transferidos da Delegacia de Homic\u00eddios da Capital para o Pres\u00eddio Jos\u00e9 Frederico Marques. Primeiro Alesson Cristiano de Oliveira Fonseca, com F\u00e1bio Pirineus da Silva e o \u00faltimo o Brendom Alecssander Luz da Silva. Foto de Gabriel de Paiva Ag\u00eancia O Globo Foto Gabriel de Paiva\/Ag\u00eancia O Globo\" src=\"https:\/\/rioonwatch.org.br\/wp-content\/uploads\/2022\/02\/Os-tres-assassinos-de-Moise-Kabagambe-foram-transferidos-da-Delegacia-de-Homicidios-da-Capital-para-o-Presidio-Jose-Frederico-Marques.-Foto-por-Gabriel-de-Paiva-Agencia-O-Globo-1030x438.jpg\" alt=\"Os tr\u00eas suspeitos foram transferidos da Delegacia de Homic\u00eddios da Capital para o Pres\u00eddio Jos\u00e9 Frederico Marques. Primeiro Alesson Cristiano de Oliveira Fonseca, com F\u00e1bio Pirineus da Silva e o \u00faltimo o Brendom Alecssander Luz da Silva. Foto de Gabriel de Paiva Ag\u00eancia O Globo Foto Gabriel de Paiva\/Ag\u00eancia O Globo\" width=\"1030\" height=\"438\" srcset=\"https:\/\/rioonwatch.org.br\/wp-content\/uploads\/2022\/02\/Os-tres-assassinos-de-Moise-Kabagambe-foram-transferidos-da-Delegacia-de-Homicidios-da-Capital-para-o-Presidio-Jose-Frederico-Marques.-Foto-por-Gabriel-de-Paiva-Agencia-O-Globo-1030x438.jpg 1030w, https:\/\/rioonwatch.org.br\/wp-content\/uploads\/2022\/02\/Os-tres-assassinos-de-Moise-Kabagambe-foram-transferidos-da-Delegacia-de-Homicidios-da-Capital-para-o-Presidio-Jose-Frederico-Marques.-Foto-por-Gabriel-de-Paiva-Agencia-O-Globo-620x264.jpg 620w\" sizes=\"(max-width: 1030px) 100vw, 1030px\" \/><\/a><figcaption id=\"caption-attachment-60443\" class=\"wp-caption-text\">Os tr\u00eas suspeitos foram transferidos da Delegacia de Homic\u00eddios da Capital para o Pres\u00eddio Jos\u00e9 Frederico Marques. Primeiro Alesson Cristiano de Oliveira Fonseca, com F\u00e1bio Pirineus da Silva e o \u00faltimo o Brendom Alecssander Luz da Silva. Foto: Gabriel de Paiva\/Ag\u00eancia O Globo<\/figcaption><\/figure>\n<p><span style=\"font-weight: 400;\">Conforme relatou sua fam\u00edlia, Mo\u00efse foi assassinado ap\u00f3s <a href=\"https:\/\/glo.bo\/3okHQv2\" target=\"_blank\" rel=\"noopener\">ter ido cobrar o pagamento de seu sal\u00e1rio<\/a>, que estava atrasado. A cobran\u00e7a era referente a duas di\u00e1rias trabalhadas no Quiosque Tropic\u00e1lia, o equivalente a R$200. O propriet\u00e1rio do quiosque, Carlos F\u00e1bio da Silva, prestou depoimento \u00e0 Pol\u00edcia Civil em primeiro de fevereiro, onde negou dever dinheiro a Mo\u00efse, mas confirmou que o jovem \u00e0s vezes trabalhava como diarista no Tropic\u00e1lia.<\/span><\/p>\n<figure id=\"attachment_60442\" aria-describedby=\"caption-attachment-60442\" style=\"width: 1030px\" class=\"wp-caption aligncenter\"><a href=\"https:\/\/rioonwatch.org.br\/wp-content\/uploads\/2022\/02\/Comissoes-de-Direitos-Humanos-da-OAB-e-da-ALERJ-deputada-Dani-MonteiroPSOL-RJ-e-deputado-federal-Marcelo-Freixo-PSB-RJ-recebem-familia-Kabagambe.-Foto-de-Dani-Monteiro.jpg\"><img loading=\"lazy\" decoding=\"async\" class=\"wp-image-60442 size-mh-magazine-slider\" title=\"Comiss\u00f5es de Direitos Humanos da OAB, da ALERJ e da C\u00e2mara dos Deputados recebem fam\u00edlia Kabagambe. Foto de Dani Monteiro\" src=\"https:\/\/rioonwatch.org.br\/wp-content\/uploads\/2022\/02\/Comissoes-de-Direitos-Humanos-da-OAB-e-da-ALERJ-deputada-Dani-MonteiroPSOL-RJ-e-deputado-federal-Marcelo-Freixo-PSB-RJ-recebem-familia-Kabagambe.-Foto-de-Dani-Monteiro-1030x438.jpg\" alt=\"Comiss\u00f5es de Direitos Humanos da OAB, da ALERJ e da C\u00e2mara dos Deputados recebem fam\u00edlia Kabagambe. Foto de Dani Monteiro\" width=\"1030\" height=\"438\" srcset=\"https:\/\/rioonwatch.org.br\/wp-content\/uploads\/2022\/02\/Comissoes-de-Direitos-Humanos-da-OAB-e-da-ALERJ-deputada-Dani-MonteiroPSOL-RJ-e-deputado-federal-Marcelo-Freixo-PSB-RJ-recebem-familia-Kabagambe.-Foto-de-Dani-Monteiro-1030x438.jpg 1030w, https:\/\/rioonwatch.org.br\/wp-content\/uploads\/2022\/02\/Comissoes-de-Direitos-Humanos-da-OAB-e-da-ALERJ-deputada-Dani-MonteiroPSOL-RJ-e-deputado-federal-Marcelo-Freixo-PSB-RJ-recebem-familia-Kabagambe.-Foto-de-Dani-Monteiro-620x264.jpg 620w\" sizes=\"(max-width: 1030px) 100vw, 1030px\" \/><\/a><figcaption id=\"caption-attachment-60442\" class=\"wp-caption-text\">Comiss\u00f5es de Direitos Humanos da OAB, da ALERJ e da C\u00e2mara dos Deputados recebem fam\u00edlia Kabagambe. Foto: Dani Monteiro<\/figcaption><\/figure>\n<p><span style=\"font-weight: 400;\">O caso \u00e9 mais um que escancara o pacote de viol\u00eancias sobre o qual o Brasil foi constru\u00eddo e consolidado: <\/span><a href=\"https:\/\/bit.ly\/SerieAntirracista\" target=\"_blank\" rel=\"noopener\"><span style=\"font-weight: 400;\">racismo<\/span><\/a><span style=\"font-weight: 400;\">, <\/span><a href=\"https:\/\/bit.ly\/3scSIvP\" target=\"_blank\" rel=\"noopener\"><span style=\"font-weight: 400;\">xenofobia<\/span><\/a><span style=\"font-weight: 400;\">, <\/span><a href=\"https:\/\/bit.ly\/3onRKMi\" target=\"_blank\" rel=\"noopener\"><span style=\"font-weight: 400;\">explora\u00e7\u00e3o e precariza\u00e7\u00e3o do trabalho<\/span><\/a>, al\u00e9m d<span style=\"font-weight: 400;\">e viol\u00eancia contra o trabalhador. Os socos e pauladas que assassinaram Mo\u00efse eram a interse\u00e7\u00e3o disso tudo. Uma usu\u00e1ria an\u00f4nima do Twitter expressou sua revolta:<\/span><\/p>\n<blockquote class=\"twitter-tweet\">\n<p dir=\"ltr\" lang=\"pt\">Justi\u00e7a por Mo\u00efse Kabamgabe, mais um jovem preto morto brutalmente em um pa\u00eds que replica os mesmos comportamentos desumanos e escravistas do passado, o pa\u00eds onde o preto vai atr\u00e1s de seus direitos como trabalhador e n\u00e3o volta para casa. <a href=\"https:\/\/twitter.com\/hashtag\/justicaparaMoise?src=hash&amp;ref_src=twsrc%5Etfw\">#justicaparaMoise<\/a> <a href=\"https:\/\/twitter.com\/hashtag\/MoiseKabamgabe?src=hash&amp;ref_src=twsrc%5Etfw\">#MoiseKabamgabe<\/a> <a href=\"https:\/\/t.co\/z12RQ68Ud7\">pic.twitter.com\/z12RQ68Ud7<\/a><\/p>\n<p>\u2014 kah \u2022 &#x1f4d6;: the love hypothesis (@kah_gms_) <a href=\"https:\/\/twitter.com\/kah_gms_\/status\/1488605455307972608?ref_src=twsrc%5Etfw\">February 1, 2022<\/a><\/p><\/blockquote>\n<p><script async src=\"https:\/\/platform.twitter.com\/widgets.js\" charset=\"utf-8\"><\/script><\/p>\n<p><span style=\"font-weight: 400;\">O jornalista Jairo Gon\u00e7alves questionou o papel da ra\u00e7a no assassinato de Mo\u00efse. Ser\u00e1 que o mesmo aconteceria <a href=\"https:\/\/bit.ly\/3mMNx3T\" target=\"_blank\" rel=\"noopener\">a um homem branco<\/a>?<\/span><\/p>\n<blockquote class=\"twitter-tweet\">\n<p dir=\"ltr\" lang=\"pt\">Algu\u00e9m imagina isso acontecendo com uma pessoa branca? Teve as pernas e m\u00e3os amarradas e foi espancado at\u00e9 a morte. Racismo nunca deve ser relativizado. NUNCA! <a href=\"https:\/\/twitter.com\/hashtag\/JusticaparaMoise?src=hash&amp;ref_src=twsrc%5Etfw\">#JusticaparaMoise<\/a> <a href=\"https:\/\/t.co\/Fxrjgmqs0A\">https:\/\/t.co\/Fxrjgmqs0A<\/a><\/p>\n<p>\u2014 Jairo Gon\u00e7alves &#x1f31f; (@jairoo) <a href=\"https:\/\/twitter.com\/jairoo\/status\/1487810338611417090?ref_src=twsrc%5Etfw\">January 30, 2022<\/a><\/p><\/blockquote>\n<p><script async src=\"https:\/\/platform.twitter.com\/widgets.js\" charset=\"utf-8\"><\/script><\/p>\n<h3><b>Mo\u00efse, um Refugiado<\/b><\/h3>\n<figure id=\"attachment_60473\" aria-describedby=\"caption-attachment-60473\" style=\"width: 300px\" class=\"wp-caption alignright\"><a href=\"https:\/\/rioonwatch.org.br\/wp-content\/uploads\/2022\/02\/Moi\u0308se.png\"><img loading=\"lazy\" decoding=\"async\" class=\"wp-image-60473\" src=\"https:\/\/rioonwatch.org.br\/wp-content\/uploads\/2022\/02\/Moi\u0308se.png\" alt=\"Jovem congol\u00eas Mo\u00efse Mugenyi Kabagambe, 24 anos, foi torturado e assassinado em seu local de trabalho, o Quiosque Tropic\u00e1lia, na Praia da Barra da Tijuca, por cobrar sal\u00e1rio atrasado, equivalente a R$200.\" width=\"300\" height=\"335\" srcset=\"https:\/\/rioonwatch.org.br\/wp-content\/uploads\/2022\/02\/Moi\u0308se.png 612w, https:\/\/rioonwatch.org.br\/wp-content\/uploads\/2022\/02\/Moi\u0308se-555x620.png 555w, https:\/\/rioonwatch.org.br\/wp-content\/uploads\/2022\/02\/Moi\u0308se-563x629.png 563w\" sizes=\"(max-width: 300px) 100vw, 300px\" \/><\/a><figcaption id=\"caption-attachment-60473\" class=\"wp-caption-text\">Jovem congol\u00eas Mo\u00efse Mugenyi Kabagambe, 24 anos, foi torturado e assassinado em seu local de trabalho, o Quiosque Tropic\u00e1lia, na Praia da Barra da Tijuca, por cobrar sal\u00e1rio atrasado, equivalente a R$200.<\/figcaption><\/figure>\n<p><span style=\"font-weight: 400;\">A <\/span><a href=\"https:\/\/bit.ly\/35MHpTM\" target=\"_blank\" rel=\"noopener\"><span style=\"font-weight: 400;\">Rep\u00fablica Democr\u00e1tica do Congo<\/span><\/a><span style=\"font-weight: 400;\">, ou RDC, \u00e9 o <\/span><a href=\"https:\/\/bit.ly\/3rr7KPK\" target=\"_blank\" rel=\"noopener\"><span style=\"font-weight: 400;\">quarto maior pa\u00eds do continente africano<\/span><\/a><span style=\"font-weight: 400;\"> em termos demogr\u00e1ficos<\/span><span style=\"font-weight: 400;\"> e possui in\u00fameras <\/span><span style=\"font-weight: 400;\">riquezas naturais, <\/span><a href=\"https:\/\/bit.ly\/3ukApHX\" target=\"_blank\" rel=\"noopener\"><span style=\"font-weight: 400;\">sendo o min\u00e9rio uma das mais conhecidas<\/span><\/a><span style=\"font-weight: 400;\">. A diversidade de metais como ouro, ferro, ur\u00e2nio e cobalto atrai interesses de pot\u00eancias mundiais, desde a <\/span><a href=\"https:\/\/bit.ly\/3GtzIhM\" target=\"_blank\" rel=\"noopener\"><span style=\"font-weight: 400;\">coloniza\u00e7\u00e3o pelos belgas (1885-1960)<\/span><\/a><span style=\"font-weight: 400;\">. Estes interesses geraram, ao longo da hist\u00f3ria do pa\u00eds, uma s\u00e9rie de conflitos armados que marcaram o mundo.<\/span><\/p>\n<p><span style=\"font-weight: 400;\">O pa\u00eds foi palco dos maiores conflitos do continente, a <\/span><a href=\"https:\/\/bit.ly\/3Hmdj7o\" target=\"_blank\" rel=\"noopener\"><span style=\"font-weight: 400;\">Primeira Guerra do Congo (1996-1997)<\/span><\/a><span style=\"font-weight: 400;\"> e a <\/span><a href=\"https:\/\/bit.ly\/3shST99\" target=\"_blank\" rel=\"noopener\"><span style=\"font-weight: 400;\">Segunda Guerra do Congo (1998-2003)<\/span><\/a>.<span style=\"font-weight: 400;\"> Esta \u00faltima matou cerca de 3,8 milh\u00f5es de pessoas e foi a maior guerra na hist\u00f3ria moderna da \u00c1frica, o conflito armado com o maior n\u00famero de mortos desde a <\/span><a href=\"https:\/\/bit.ly\/3yL3exi\" target=\"_blank\" rel=\"noopener\"><span style=\"font-weight: 400;\">Segunda Guerra Mundial<\/span><\/a><span style=\"font-weight: 400;\">. Por isso, \u00e9 tamb\u00e9m chamada de <\/span><a href=\"https:\/\/bit.ly\/3HrKab0\" target=\"_blank\" rel=\"noopener\"><span style=\"font-weight: 400;\">Guerra Mundial Africana<\/span><\/a><span style=\"font-weight: 400;\">. Apesar de ter oficialmente acabado em 2003, a Rep\u00fablica Democr\u00e1tica do Congo<\/span> <a href=\"https:\/\/bit.ly\/3ISpA3U\" target=\"_blank\" rel=\"noopener\"><span style=\"font-weight: 400;\">segue tendo conflitos armados<\/span><\/a><span style=\"font-weight: 400;\"> em determinadas prov\u00edncias ao leste. Em 2020, <\/span><a href=\"https:\/\/bit.ly\/3AVsZfq\" target=\"_blank\" rel=\"noopener\"><span style=\"font-weight: 400;\">segundo a ONU<\/span><\/a><span style=\"font-weight: 400;\">, ocorreram mais de 600 viola\u00e7\u00f5es por m\u00eas, com pelo menos 200 execu\u00e7\u00f5es. Isso obriga milh<\/span><span style=\"font-weight: 400;\">\u00f5es de fam\u00edlias <\/span><a href=\"https:\/\/glo.bo\/35CwuvG\" target=\"_blank\" rel=\"noopener\"><span style=\"font-weight: 400;\">a buscarem ref\u00fagio em outras na\u00e7\u00f5es<\/span><\/a><span style=\"font-weight: 400;\">, como forma de escapar dos horrores <\/span><span style=\"font-weight: 400;\">da guerra.<\/span><\/p>\n<p><a href=\"https:\/\/rioonwatch.org.br\/wp-content\/uploads\/2022\/02\/Mapa-da-Republica-Democratica-do-Congo.png\"><img loading=\"lazy\" decoding=\"async\" class=\"alignright wp-image-60437\" title=\"Mapa da Rep\u00fablica Democr\u00e1tica do Congo\" src=\"https:\/\/rioonwatch.org.br\/wp-content\/uploads\/2022\/02\/Mapa-da-Republica-Democratica-do-Congo.png\" alt=\"Mapa da Rep\u00fablica Democr\u00e1tica do Congo\" width=\"300\" height=\"311\" srcset=\"https:\/\/rioonwatch.org.br\/wp-content\/uploads\/2022\/02\/Mapa-da-Republica-Democratica-do-Congo.png 1490w, https:\/\/rioonwatch.org.br\/wp-content\/uploads\/2022\/02\/Mapa-da-Republica-Democratica-do-Congo-597x620.png 597w, https:\/\/rioonwatch.org.br\/wp-content\/uploads\/2022\/02\/Mapa-da-Republica-Democratica-do-Congo-606x629.png 606w, https:\/\/rioonwatch.org.br\/wp-content\/uploads\/2022\/02\/Mapa-da-Republica-Democratica-do-Congo-768x797.png 768w\" sizes=\"(max-width: 300px) 100vw, 300px\" \/><\/a>Segundo dados<span style=\"font-weight: 400;\"> do Alto Comissariado das Na\u00e7\u00f5es Unidas para Refugiados (<a href=\"https:\/\/bit.ly\/3sbROA0\" target=\"_blank\" rel=\"noopener\">ACNUR<\/a>), existem mais de 918.000 refugiados e solicitantes de asilo oriundos da RDC nos demais pa\u00edses africanos. <\/span><span style=\"font-weight: 400;\">Em conjunto, o <\/span><span style=\"font-weight: 400;\">ACNUR<\/span><span style=\"font-weight: 400;\">, a Organiza\u00e7\u00e3o Internacional para Migra\u00e7\u00f5es (<\/span><a href=\"https:\/\/bit.ly\/348ppTu\" target=\"_blank\" rel=\"noopener\"><span style=\"font-weight: 400;\">OIM<\/span><\/a><span style=\"font-weight: 400;\">) e a <\/span><a href=\"http:\/\/bit.ly\/2iiXcRn\" target=\"_blank\" rel=\"noopener\"><span style=\"font-weight: 400;\">Pares C\u00e1ritas-RJ<\/span><\/a><span style=\"font-weight: 400;\"> divulgaram uma nota lamentando o assassinato de Mo\u00efse. <\/span><a href=\"https:\/\/bit.ly\/3up0R3h\" target=\"_blank\" rel=\"noopener\"><span style=\"font-weight: 400;\">No texto<\/span><\/a><span style=\"font-weight: 400;\">, as entidades afirmam que \u201c<\/span><span style=\"font-weight: 400;\">receberam, com enorme consterna\u00e7\u00e3o, a not\u00edcia da morte do refugiado congol\u00eas Mo\u00efse Kabagambe, de 24 anos, brutalmente espancado na Barra da Tijuca, <a href=\"https:\/\/bit.ly\/2VcmBwc\" target=\"_blank\" rel=\"noopener\">Zona Oeste<\/a> do Rio de Janeiro\u201d<\/span><span style=\"font-weight: 400;\">. Em outro trecho, as organiza\u00e7\u00f5es declaram que o congol\u00eas \u201cera uma pessoa muito querida por toda a equipe do Pares C\u00e1ritas RJ, que o viu crescer e se integrar\u201d.<\/span><\/p>\n<blockquote class=\"twitter-tweet\">\n<p dir=\"ltr\" lang=\"pt\">As equipes do ACNUR, <a href=\"https:\/\/twitter.com\/parescaritasrj?ref_src=twsrc%5Etfw\">@parescaritasrj<\/a> e da <a href=\"https:\/\/twitter.com\/OIMBrasil?ref_src=twsrc%5Etfw\">@OIMBrasil<\/a> receberam, com consterna\u00e7\u00e3o, a not\u00edcia da morte do refugiado congol\u00eas Mo\u00efse Kabagambe, de 24 anos, brutalmente espancado na Barra da Tijuca, zona oeste do Rio de Janeiro.<\/p>\n<p>Mais informa\u00e7\u00f5es: &#x1f449; <a href=\"https:\/\/t.co\/WAyWd4Fsqy\">https:\/\/t.co\/WAyWd4Fsqy<\/a> <a href=\"https:\/\/t.co\/i2NXT8ca7I\">pic.twitter.com\/i2NXT8ca7I<\/a><\/p>\n<p>\u2014 ACNUR, Ag\u00eancia da ONU para Refugiados (@ACNURBrasil) <a href=\"https:\/\/twitter.com\/ACNURBrasil\/status\/1488253469492457472?ref_src=twsrc%5Etfw\">January 31, 2022<\/a><\/p><\/blockquote>\n<p><script async src=\"https:\/\/platform.twitter.com\/widgets.js\" charset=\"utf-8\"><\/script><\/p>\n<p><span style=\"font-weight: 400;\">Mo\u00efse, c<\/span><span style=\"font-weight: 400;\">idad\u00e3o congol\u00eas, tentou fugir da dura realidade de seu pa\u00eds se refugiando no Brasil. O que ele e sua fam\u00edlia n\u00e3o esperavam \u00e9 que aqui a realidade tamb\u00e9m seria muito dura para eles. N\u00e3o imaginavam que ele poderia se tornar <\/span><span style=\"font-weight: 400;\">v\u00edtima da <\/span><a href=\"https:\/\/bit.ly\/3mMNx3T\" target=\"_blank\" rel=\"noopener\"><span style=\"font-weight: 400;\">viol\u00eancia colonial racista em solo brasileiro<\/span><\/a><span style=\"font-weight: 400;\">.<\/span><\/p>\n<blockquote class=\"twitter-tweet\">\n<p dir=\"ltr\" lang=\"pt\">Voc\u00ea vem para um pa\u00eds em busca de ref\u00fagio da guerra, mas acaba encontrando mais viol\u00eancia. Quatrocentos anos ap\u00f3s a escraviza\u00e7\u00e3o e as narrativas se repetem. A pergunta \u00e9: at\u00e9 quando? <a href=\"https:\/\/twitter.com\/hashtag\/justicaparaMoise?src=hash&amp;ref_src=twsrc%5Etfw\">#justicaparaMoise<\/a> <a href=\"https:\/\/t.co\/Ai8vWxn8F4\">pic.twitter.com\/Ai8vWxn8F4<\/a><\/p>\n<p>\u2014 Quilombo Geek (@QuilomboGeek) <a href=\"https:\/\/twitter.com\/QuilomboGeek\/status\/1488893424443002883?ref_src=twsrc%5Etfw\">February 2, 2022<\/a><\/p><\/blockquote>\n<p><script async src=\"https:\/\/platform.twitter.com\/widgets.js\" charset=\"utf-8\"><\/script><\/p>\n<p><span style=\"font-weight: 400;\">A organiza\u00e7\u00e3o humanit\u00e1ria <\/span><a href=\"http:\/\/bit.ly\/2jXWx6t\" target=\"_blank\" rel=\"noopener\"><span style=\"font-weight: 400;\">M\u00e9dicos Sem Fronteiras<\/span><\/a><span style=\"font-weight: 400;\"> atua na Rep\u00fablica Democr\u00e1tica do Congo desde 1981. No dia em que o caso de Mo\u00efse veio \u00e0 tona, a entidade fez uma sequ\u00eancia de posts no Instagram sobre a realidade do pa\u00eds e dos refugiados congoleses, com o objetivo de aumentar a conscientiza\u00e7\u00e3o sobre as condi\u00e7\u00f5es que geraram o ref\u00fagio de Mo\u00efse e de milh\u00f5es de congoleses pelo mundo.<\/span><\/p>\n<blockquote class=\"instagram-media\" style=\"background: #FFF; border: 0; border-radius: 3px; box-shadow: 0 0 1px 0 rgba(0,0,0,0.5),0 1px 10px 0 rgba(0,0,0,0.15); margin: 1px; max-width: 540px; min-width: 326px; padding: 0; width: calc(100% - 2px);\" data-instgrm-captioned=\"\" data-instgrm-permalink=\"https:\/\/www.instagram.com\/p\/CZdB4i6rB_W\/?utm_source=ig_embed&amp;utm_campaign=loading\" data-instgrm-version=\"14\">\n<div style=\"padding: 16px;\">\n<p>&nbsp;<\/p>\n<div style=\"display: flex; flex-direction: row; align-items: center;\">\n<div style=\"background-color: #f4f4f4; border-radius: 50%; flex-grow: 0; height: 40px; margin-right: 14px; width: 40px;\"><\/div>\n<div style=\"display: flex; flex-direction: column; flex-grow: 1; justify-content: center;\">\n<div style=\"background-color: #f4f4f4; border-radius: 4px; flex-grow: 0; height: 14px; margin-bottom: 6px; width: 100px;\"><\/div>\n<div style=\"background-color: #f4f4f4; border-radius: 4px; flex-grow: 0; height: 14px; width: 60px;\"><\/div>\n<\/div>\n<\/div>\n<div style=\"padding: 19% 0;\"><\/div>\n<div style=\"display: block; height: 50px; margin: 0 auto 12px; width: 50px;\"><\/div>\n<div style=\"padding-top: 8px;\">\n<div style=\"color: #3897f0; font-family: Arial,sans-serif; font-size: 14px; font-style: normal; font-weight: 550; line-height: 18px;\">Ver essa foto no Instagram<\/div>\n<\/div>\n<div style=\"padding: 12.5% 0;\"><\/div>\n<div style=\"display: flex; flex-direction: row; margin-bottom: 14px; align-items: center;\">\n<div>\n<div style=\"background-color: #f4f4f4; border-radius: 50%; height: 12.5px; width: 12.5px; transform: translateX(0px) translateY(7px);\"><\/div>\n<div style=\"background-color: #f4f4f4; height: 12.5px; transform: rotate(-45deg) translateX(3px) translateY(1px); width: 12.5px; flex-grow: 0; margin-right: 14px; margin-left: 2px;\"><\/div>\n<div style=\"background-color: #f4f4f4; border-radius: 50%; height: 12.5px; width: 12.5px; transform: translateX(9px) translateY(-18px);\"><\/div>\n<\/div>\n<div style=\"margin-left: 8px;\">\n<div style=\"background-color: #f4f4f4; border-radius: 50%; flex-grow: 0; height: 20px; width: 20px;\"><\/div>\n<div style=\"width: 0; height: 0; border-top: 2px solid transparent; border-left: 6px solid #f4f4f4; border-bottom: 2px solid transparent; transform: translateX(16px) translateY(-4px) rotate(30deg);\"><\/div>\n<\/div>\n<div style=\"margin-left: auto;\">\n<div style=\"width: 0px; border-top: 8px solid #F4F4F4; border-right: 8px solid transparent; transform: translateY(16px);\"><\/div>\n<div style=\"background-color: #f4f4f4; flex-grow: 0; height: 12px; width: 16px; transform: translateY(-4px);\"><\/div>\n<div style=\"width: 0; height: 0; border-top: 8px solid #F4F4F4; border-left: 8px solid transparent; transform: translateY(-4px) translateX(8px);\"><\/div>\n<\/div>\n<\/div>\n<div style=\"display: flex; flex-direction: column; flex-grow: 1; justify-content: center; margin-bottom: 24px;\">\n<div style=\"background-color: #f4f4f4; border-radius: 4px; flex-grow: 0; height: 14px; margin-bottom: 6px; width: 224px;\"><\/div>\n<div style=\"background-color: #f4f4f4; border-radius: 4px; flex-grow: 0; height: 14px; width: 144px;\"><\/div>\n<\/div>\n<p>&nbsp;<\/p>\n<p style=\"color: #c9c8cd; font-family: Arial,sans-serif; font-size: 14px; line-height: 17px; margin-bottom: 0; margin-top: 8px; overflow: hidden; padding: 8px 0 7px; text-align: center; text-overflow: ellipsis; white-space: nowrap;\"><a style=\"color: #c9c8cd; font-family: Arial,sans-serif; font-size: 14px; font-style: normal; font-weight: normal; line-height: 17px; text-decoration: none;\" href=\"https:\/\/www.instagram.com\/p\/CZdB4i6rB_W\/?utm_source=ig_embed&amp;utm_campaign=loading\" target=\"_blank\" rel=\"noopener\">Uma publica\u00e7\u00e3o compartilhada por Me\u0301dicos Sem Fronteiras (@msf_brasil)<\/a><\/p>\n<\/div>\n<\/blockquote>\n<p><script async src=\"\/\/www.instagram.com\/embed.js\"><\/script><\/p>\n<p><span style=\"font-weight: 400;\">No contexto do assassinato de Mo\u00efse, um <\/span><a href=\"https:\/\/bit.ly\/3HryoNH\" target=\"_blank\" rel=\"noopener\"><span style=\"font-weight: 400;\">relato que viralizou foi o do jornalista Caio Barreto<\/span><\/a><span style=\"font-weight: 400;\">, onde ele compartilhou que conheceu Mo\u00efse quando fez uma mat\u00e9ria sobre a vida dos congoleses no Rio. Isso fez ele se aproximar de um dos amigos de Mo\u00efse, Chadrac, e posteriormente dos outros que faziam parte do grupo de amigos. Caio revelou que, apesar de possu\u00edrem excelente forma\u00e7\u00e3o, eles s\u00f3 conseguiam subempregos.<\/span><\/p>\n<blockquote class=\"twitter-tweet\">\n<p dir=\"ltr\" lang=\"pt\">A coordenadora da C\u00e1ritas RJ, Aline Thuller, contou na \u00e9poca que empres\u00e1rios cariocas preferiam contratar imigrantes brancos, como os s\u00edrios. Congoleses, angolanos e haitianos s\u00f3 eram procurados p\/ trabalho bra\u00e7al &#8211; como carregar e descarregar caminh\u00e3o de pedra, caso do Chadrac.<\/p>\n<p>\u2014 Caio Barretto Briso (@caio_) <a href=\"https:\/\/twitter.com\/caio_\/status\/1488558903579271171?ref_src=twsrc%5Etfw\">February 1, 2022<\/a><\/p><\/blockquote>\n<p><script async src=\"https:\/\/platform.twitter.com\/widgets.js\" charset=\"utf-8\"><\/script><\/p>\n<p><span style=\"font-weight: 400;\">Em outro <\/span><i><span style=\"font-weight: 400;\">tweet <\/span><\/i><span style=\"font-weight: 400;\">desse fio, Caio aponta falhas dos \u00faltimos governos de centro-esquerda e extrema-direita em editar pol\u00edticas p\u00fablicas que auxiliem esses imigrantes e refugiados negros e n\u00e3o-brancos. Ele aponta o <a href=\"https:\/\/bit.ly\/3pKxrKh\" target=\"_blank\" rel=\"noopener\">racismo estrutural<\/a> como respons\u00e1vel por essa situa\u00e7\u00e3o.<\/span><\/p>\n<blockquote class=\"twitter-tweet\">\n<p dir=\"ltr\" lang=\"pt\">A situa\u00e7\u00e3o dos congoleses, angolanos e haitianos no Brasil \u00e9 terr\u00edvel e atravessa governos de centro-esquerda e extrema-direita de forma surpreendentemente parecida. O racismo estrutural bloqueia avan\u00e7os profundos. Eles t\u00eam as nossas l\u00e1grimas, mas s\u00f3 podem contar com eles mesmos.<\/p>\n<p>\u2014 Caio Barretto Briso (@caio_) <a href=\"https:\/\/twitter.com\/caio_\/status\/1488558909862330370?ref_src=twsrc%5Etfw\">February 1, 2022<\/a><\/p><\/blockquote>\n<p><script async src=\"https:\/\/platform.twitter.com\/widgets.js\" charset=\"utf-8\"><\/script><\/p>\n<p><span style=\"font-weight: 400;\">Lamentando o assassinato de Mo\u00efse, o historiador Luiz Ant\u00f4nio Simas constatou a significativa rela\u00e7\u00e3o hist\u00f3rica que o Rio de Janeiro e o Congo compartilham. Lembrou que um dos maiores patrim\u00f4nios culturais do Rio e do Brasil \u00e9 uma heran\u00e7a do Congo: o <\/span><a href=\"http:\/\/bit.ly\/1wD7WsD\" target=\"_blank\" rel=\"noopener\"><span style=\"font-weight: 400;\">samba<\/span><\/a><span style=\"font-weight: 400;\">.<\/span><\/p>\n<blockquote class=\"twitter-tweet\">\n<p dir=\"ltr\" lang=\"pt\">O Congo civilizou o Rio de Janeiro. O melhor que existe nessa cidade terr\u00edvel e bela, filha da morte e da chibata, veio do Congo: samba. Caguem no mito de merda do carioquismo. A chance do Rio \u00e9 se reconhecer como monumento do horror. E a\u00ed, quem sabe, o Congo nos redima.<\/p>\n<p>\u2014 LUIZ ANTONIO SIMAS (@simas_luiz) <a href=\"https:\/\/twitter.com\/simas_luiz\/status\/1488321487320801280?ref_src=twsrc%5Etfw\">February 1, 2022<\/a><\/p><\/blockquote>\n<p><script async src=\"https:\/\/platform.twitter.com\/widgets.js\" charset=\"utf-8\"><\/script><\/p>\n<h3><b>Ativistas e Artistas Se Manifestam<\/b><\/h3>\n<p><iframe title=\"YouTube video player\" src=\"https:\/\/www.youtube.com\/embed\/I8bL7sZ9juA\" width=\"620\" height=\"349\" frameborder=\"0\" allowfullscreen=\"allowfullscreen\"><span data-mce-type=\"bookmark\" style=\"display: inline-block; width: 0px; overflow: hidden; line-height: 0;\" class=\"mce_SELRES_start\">\ufeff<\/span><span data-mce-type=\"bookmark\" style=\"display: inline-block; width: 0px; overflow: hidden; line-height: 0;\" class=\"mce_SELRES_start\">\ufeff<\/span><span data-mce-type=\"bookmark\" style=\"display: inline-block; width: 0px; overflow: hidden; line-height: 0;\" class=\"mce_SELRES_start\">\ufeff<\/span><\/iframe><\/p>\n<p><span style=\"font-weight: 400;\">A rea\u00e7\u00e3o de ativistas e movimentos antirracistas tamb\u00e9m ecoou nas redes. <\/span><a href=\"http:\/\/bit.ly\/2F7s1Bl\" target=\"_blank\" rel=\"noopener\"><span style=\"font-weight: 400;\">Raull Santiago<\/span><\/a><span style=\"font-weight: 400;\">, articulador do <\/span><a href=\"https:\/\/bit.ly\/3gm70Vz\" target=\"_blank\" rel=\"noopener\"><span style=\"font-weight: 400;\">Perifa Connection<\/span><\/a><span style=\"font-weight: 400;\">, em suas redes sociais, pediu perd\u00e3o ao povo congol\u00eas.<\/span><\/p>\n<blockquote class=\"twitter-tweet\">\n<p dir=\"ltr\" lang=\"pt\">Eu pe\u00e7o perd\u00e3o e desejo os meus mais sinceros sentimentos ao povo da Rep\u00fablica Democr\u00e1tica do Congo, que teve um de seus filhos assassinados de forma covarde em meu pa\u00eds, onde veio em busca de dias melhores diante da guerra e da fome no Congo! &#x1f623;<a href=\"https:\/\/twitter.com\/hashtag\/JusticaPorMoiseMugenyi?src=hash&amp;ref_src=twsrc%5Etfw\">#JusticaPorMoiseMugenyi<\/a> (+)<\/p>\n<p>\u2014 #Justi\u00e7aParaMoise | Santiago, Raull. (@raullsantiago) <a href=\"https:\/\/twitter.com\/raullsantiago\/status\/1488343146182414338?ref_src=twsrc%5Etfw\">February 1, 2022<\/a><\/p><\/blockquote>\n<p><script async src=\"https:\/\/platform.twitter.com\/widgets.js\" charset=\"utf-8\"><\/script><\/p>\n<p><span style=\"font-weight: 400;\">A <\/span><a href=\"https:\/\/bit.ly\/3hFCwh2\" target=\"_blank\" rel=\"noopener\"><span style=\"font-weight: 400;\">Coaliz\u00e3o Negra por Direitos<\/span><\/a><span style=\"font-weight: 400;\"> apresentou, no dia 2 de fevereiro, den\u00fancia sobre o crime contra Mo\u00efse para o Comit\u00ea para a Elimina\u00e7\u00e3o da Discrimina\u00e7\u00e3o Racial da Organiza\u00e7\u00e3o das Na\u00e7\u00f5es Unidas (<\/span><a href=\"https:\/\/bit.ly\/33FuSyf\" target=\"_blank\" rel=\"noopener\"><span style=\"font-weight: 400;\">ONU<\/span><\/a><span style=\"font-weight: 400;\">), um documento que aponta os crimes de racismo e xenofobia contra Mo\u00efse.<\/span><\/p>\n<blockquote class=\"instagram-media\" style=\"background: #FFF; border: 0; border-radius: 3px; box-shadow: 0 0 1px 0 rgba(0,0,0,0.5),0 1px 10px 0 rgba(0,0,0,0.15); margin: 1px; max-width: 540px; min-width: 326px; padding: 0; width: calc(100% - 2px);\" data-instgrm-captioned=\"\" data-instgrm-permalink=\"https:\/\/www.instagram.com\/p\/CZeTJvcFOHq\/?utm_source=ig_embed&amp;utm_campaign=loading\" data-instgrm-version=\"14\">\n<div style=\"padding: 16px;\">\n<p>&nbsp;<\/p>\n<div style=\"display: flex; flex-direction: row; align-items: center;\">\n<div style=\"background-color: #f4f4f4; border-radius: 50%; flex-grow: 0; height: 40px; margin-right: 14px; width: 40px;\"><\/div>\n<div style=\"display: flex; flex-direction: column; flex-grow: 1; justify-content: center;\">\n<div style=\"background-color: #f4f4f4; border-radius: 4px; flex-grow: 0; height: 14px; margin-bottom: 6px; width: 100px;\"><\/div>\n<div style=\"background-color: #f4f4f4; border-radius: 4px; flex-grow: 0; height: 14px; width: 60px;\"><\/div>\n<\/div>\n<\/div>\n<div style=\"padding: 19% 0;\"><\/div>\n<div style=\"display: block; height: 50px; margin: 0 auto 12px; width: 50px;\"><\/div>\n<div style=\"padding-top: 8px;\">\n<div style=\"color: #3897f0; font-family: Arial,sans-serif; font-size: 14px; font-style: normal; font-weight: 550; line-height: 18px;\">Ver essa foto no Instagram<\/div>\n<\/div>\n<div style=\"padding: 12.5% 0;\"><\/div>\n<div style=\"display: flex; flex-direction: row; margin-bottom: 14px; align-items: center;\">\n<div>\n<div style=\"background-color: #f4f4f4; border-radius: 50%; height: 12.5px; width: 12.5px; transform: translateX(0px) translateY(7px);\"><\/div>\n<div style=\"background-color: #f4f4f4; height: 12.5px; transform: rotate(-45deg) translateX(3px) translateY(1px); width: 12.5px; flex-grow: 0; margin-right: 14px; margin-left: 2px;\"><\/div>\n<div style=\"background-color: #f4f4f4; border-radius: 50%; height: 12.5px; width: 12.5px; transform: translateX(9px) translateY(-18px);\"><\/div>\n<\/div>\n<div style=\"margin-left: 8px;\">\n<div style=\"background-color: #f4f4f4; border-radius: 50%; flex-grow: 0; height: 20px; width: 20px;\"><\/div>\n<div style=\"width: 0; height: 0; border-top: 2px solid transparent; border-left: 6px solid #f4f4f4; border-bottom: 2px solid transparent; transform: translateX(16px) translateY(-4px) rotate(30deg);\"><\/div>\n<\/div>\n<div style=\"margin-left: auto;\">\n<div style=\"width: 0px; border-top: 8px solid #F4F4F4; border-right: 8px solid transparent; transform: translateY(16px);\"><\/div>\n<div style=\"background-color: #f4f4f4; flex-grow: 0; height: 12px; width: 16px; transform: translateY(-4px);\"><\/div>\n<div style=\"width: 0; height: 0; border-top: 8px solid #F4F4F4; border-left: 8px solid transparent; transform: translateY(-4px) translateX(8px);\"><\/div>\n<\/div>\n<\/div>\n<div style=\"display: flex; flex-direction: column; flex-grow: 1; justify-content: center; margin-bottom: 24px;\">\n<div style=\"background-color: #f4f4f4; border-radius: 4px; flex-grow: 0; height: 14px; margin-bottom: 6px; width: 224px;\"><\/div>\n<div style=\"background-color: #f4f4f4; border-radius: 4px; flex-grow: 0; height: 14px; width: 144px;\"><\/div>\n<\/div>\n<p>&nbsp;<\/p>\n<p style=\"color: #c9c8cd; font-family: Arial,sans-serif; font-size: 14px; line-height: 17px; margin-bottom: 0; margin-top: 8px; overflow: hidden; padding: 8px 0 7px; text-align: center; text-overflow: ellipsis; white-space: nowrap;\"><a style=\"color: #c9c8cd; font-family: Arial,sans-serif; font-size: 14px; font-style: normal; font-weight: normal; line-height: 17px; text-decoration: none;\" href=\"https:\/\/www.instagram.com\/p\/CZeTJvcFOHq\/?utm_source=ig_embed&amp;utm_campaign=loading\" target=\"_blank\" rel=\"noopener\">Uma publica\u00e7\u00e3o compartilhada por Douglas Belchior (@negrobelchior)<\/a><\/p>\n<\/div>\n<\/blockquote>\n<p><script async src=\"\/\/www.instagram.com\/embed.js\"><\/script><\/p>\n<p><span style=\"font-weight: 400;\">A classe art\u00edstica tamb\u00e9m reagiu ao crime nas redes sociais. Cantores, atores, atletas e famosos se mostraram consternados com o ocorrido. A cantora <\/span><a href=\"https:\/\/bit.ly\/3J2XrHy\" target=\"_blank\" rel=\"noopener\"><span style=\"font-weight: 400;\">Ludmilla<\/span><\/a><span style=\"font-weight: 400;\"> se manifestou citando <\/span><a href=\"https:\/\/bit.ly\/3J5O61F\" target=\"_blank\" rel=\"noopener\"><span style=\"font-weight: 400;\">Elza Soares<\/span><\/a><span style=\"font-weight: 400;\"> em seu <em>tweet<\/em>\u00a0sobre Mo\u00efse.<\/span><\/p>\n<blockquote class=\"twitter-tweet\">\n<p dir=\"ltr\" lang=\"pt\">Mo\u00efse Kabamgabe, um imigrante congol\u00eas que veio ao Brasil buscando ref\u00fagio e para tentar uma vida digna, foi amarrado, espancado e morto em seu local de trabalho apenas por cobrar seu sal\u00e1rio atrasado. Mais uma vez a carne mais barata do mercado \u00e9 a carne negra.<a href=\"https:\/\/twitter.com\/hashtag\/justicaparaMoise?src=hash&amp;ref_src=twsrc%5Etfw\">#justicaparaMoise<\/a> <a href=\"https:\/\/t.co\/YXE99pO2S1\">pic.twitter.com\/YXE99pO2S1<\/a><\/p>\n<p>\u2014 LUDMILLA &#x1f919;&#x1f3fe; (@Ludmilla) <a href=\"https:\/\/twitter.com\/Ludmilla\/status\/1488618603532455945?ref_src=twsrc%5Etfw\">February 1, 2022<\/a><\/p><\/blockquote>\n<p><script async src=\"https:\/\/platform.twitter.com\/widgets.js\" charset=\"utf-8\"><\/script><\/p>\n<p><span style=\"font-weight: 400;\">A sambista <\/span><a href=\"https:\/\/bit.ly\/3opdffD\" target=\"_blank\" rel=\"noopener\"><span style=\"font-weight: 400;\">Teresa Cristina<\/span><\/a><span style=\"font-weight: 400;\"> questionou as autoridades sobre o que est\u00e1 sendo feito para solucionar o caso e perguntou \u201cQuem matou Mo\u00efse Kabagambe?\u201d.<\/span><\/p>\n<blockquote class=\"twitter-tweet\">\n<p dir=\"ltr\" lang=\"pt\">QUEM MATOU MOISE KABAGAMBE? QUAL O NOME DESSE ASSASSINO? O QUE OS GOVERNOS(MUNICIPAL, ESTADUAL E FEDERAL) EST\u00c3O FAZENDO PARA SOLUCIONAR ESSE CRIME E AMPARAR A ESSA FAM\u00cdLIA?<a href=\"https:\/\/twitter.com\/hashtag\/justicaparaMoise?src=hash&amp;ref_src=twsrc%5Etfw\">#justicaparaMoise<\/a> <a href=\"https:\/\/t.co\/M0H0CzSY3m\">pic.twitter.com\/M0H0CzSY3m<\/a><\/p>\n<p>\u2014 Teresa Cristina (@TeresaCristina) <a href=\"https:\/\/twitter.com\/TeresaCristina\/status\/1488513072096497664?ref_src=twsrc%5Etfw\">February 1, 2022<\/a><\/p><\/blockquote>\n<p><script async src=\"https:\/\/platform.twitter.com\/widgets.js\" charset=\"utf-8\"><\/script><\/p>\n<p><span style=\"font-weight: 400;\">Caetano Veloso, um dos \u00edcones do <\/span><a href=\"https:\/\/bit.ly\/3gjR5XN\" target=\"_blank\" rel=\"noopener\"><span style=\"font-weight: 400;\">movimento musical da Tropic\u00e1lia<\/span><\/a><span style=\"font-weight: 400;\">, na d\u00e9cada de 1960, usou suas redes para lamentar o assassinato. O cantor disse ter chorado pensando na viol\u00eancia feita contra o jovem refugiado e no fato do quiosque onde o crime ocorreu carregar o nome de seu hist\u00f3rico movimento.<\/span><\/p>\n<blockquote class=\"twitter-tweet\">\n<p dir=\"ltr\" lang=\"pt\">Chorei hoje lendo sobre o assassinato de Mo\u00efse Mujenyi Kabagambe num quiosque na Barra da Tijuca. Que o nome do Quiosque seja Tropic\u00e1lia aprofunda, para mim, a dor de constatar que um refugiado da viol\u00eancia encontra viol\u00eancia no Brasil. <a href=\"https:\/\/t.co\/eKIHmYM0xj\">pic.twitter.com\/eKIHmYM0xj<\/a><\/p>\n<p>\u2014 Caetano Veloso (@caetanoveloso) <a href=\"https:\/\/twitter.com\/caetanoveloso\/status\/1488597737939558406?ref_src=twsrc%5Etfw\">February 1, 2022<\/a><\/p><\/blockquote>\n<p><script async src=\"https:\/\/platform.twitter.com\/widgets.js\" charset=\"utf-8\"><\/script><\/p>\n<p><span style=\"font-weight: 400;\">Mo\u00efse amava futebol e era conhecido por ser torcedor do <\/span><a href=\"https:\/\/bit.ly\/3J0EZPM\" target=\"_blank\" rel=\"noopener\"><span style=\"font-weight: 400;\">Flamengo<\/span><\/a><span style=\"font-weight: 400;\">. Atrav\u00e9s de suas redes sociais, o clube prestou solidariedade \u00e0 fam\u00edlia e expressou consterna\u00e7\u00e3o.<\/span><\/p>\n<blockquote class=\"twitter-tweet\">\n<p dir=\"ltr\" lang=\"pt\">O Clube de Regatas do Flamengo lamenta imensamente a morte de Mo\u00efse Kabagambe e presta sua solidariedade \u00e0 fam\u00edlia do jovem congol\u00eas neste momento de total consterna\u00e7\u00e3o. <a href=\"https:\/\/twitter.com\/hashtag\/CRF?src=hash&amp;ref_src=twsrc%5Etfw\">#CRF<\/a><br \/>\n&#x1f5a4;&#x1f64f;&#x1f3ff;&#x270a;&#x1f3ff;<\/p>\n<p>\u2014 Flamengo (@Flamengo) <a href=\"https:\/\/twitter.com\/Flamengo\/status\/1488532335662444552?ref_src=twsrc%5Etfw\">February 1, 2022<\/a><\/p><\/blockquote>\n<p><script async src=\"https:\/\/platform.twitter.com\/widgets.js\" charset=\"utf-8\"><\/script><\/p>\n<p><span style=\"font-weight: 400;\">Um dos principais jogadores do elenco rubro-negro, o atleta <a href=\"https:\/\/bit.ly\/3GnkieZ\" target=\"_blank\" rel=\"noopener\">Gabigol<\/a> falou que o Brasil n\u00e3o pode encarar fatos como esses de maneira normal e exigiu justi\u00e7a.<\/span><\/p>\n<blockquote class=\"twitter-tweet\">\n<p dir=\"ltr\" lang=\"pt\">Esse n\u00e3o \u00e9 o Rio que aprendi a amar e que me recebeu de bra\u00e7os abertos!!! Queremos justi\u00e7a, n\u00e3o podemos normalizar crimes como esse!! Que seja feita justi\u00e7a a Mo\u00efse Mugenyi e toda sua fam\u00edlia!! Estamos juntos de voc\u00eas!!! &#x270a;&#x1f3fe;&#x270a;&#x1f3ff; <a href=\"https:\/\/twitter.com\/hashtag\/JusticaPorMoiseMugenyi?src=hash&amp;ref_src=twsrc%5Etfw\">#JusticaPorMoiseMugenyi<\/a> <a href=\"https:\/\/t.co\/nAiVTwepaE\">pic.twitter.com\/nAiVTwepaE<\/a><\/p>\n<p>\u2014 Gabi (@gabigol) <a href=\"https:\/\/twitter.com\/gabigol\/status\/1488559577075535875?ref_src=twsrc%5Etfw\">February 1, 2022<\/a><\/p><\/blockquote>\n<p><script async src=\"https:\/\/platform.twitter.com\/widgets.js\" charset=\"utf-8\"><\/script><\/p>\n<p><span style=\"font-weight: 400;\">A como\u00e7\u00e3o dos jogadores ultrapassou fronteiras e o atacante brasileiro Antony, jogador do <\/span><a href=\"https:\/\/bit.ly\/35Nnfci\" target=\"_blank\" rel=\"noopener\"><span style=\"font-weight: 400;\">Ajax<\/span><\/a><span style=\"font-weight: 400;\">, clube da Holanda, e da Sele\u00e7\u00e3o Brasileira, tamb\u00e9m se manifestou em suas redes sociais em mem\u00f3ria de Mo\u00efse. Ap\u00f3s a partida Brasil x Paraguai, em primeiro de fevereiro, pelas Eliminat\u00f3rias da Copa do Mundo, o jogador postou sua homenagem ao congol\u00eas.<\/span><\/p>\n<blockquote class=\"twitter-tweet\">\n<p dir=\"ltr\" lang=\"pt\">Pra voc\u00ea, Mo\u00efse!! Nossos pensamentos com vc e sua fam\u00edlia!! &#x270a;&#x1f3ff;&#x270a;&#x1f3fe; <a href=\"https:\/\/twitter.com\/hashtag\/JusticaPorMoiseMugenyi?src=hash&amp;ref_src=twsrc%5Etfw\">#JusticaPorMoiseMugenyi<\/a> <a href=\"https:\/\/t.co\/LHtEsI5Bb6\">pic.twitter.com\/LHtEsI5Bb6<\/a><\/p>\n<p>\u2014 Antony Santos (@antony00) <a href=\"https:\/\/twitter.com\/antony00\/status\/1488715428436320258?ref_src=twsrc%5Etfw\">February 2, 2022<\/a><\/p><\/blockquote>\n<p><script async src=\"https:\/\/platform.twitter.com\/widgets.js\" charset=\"utf-8\"><\/script><\/p>\n<h3><b>\u00daltimos Desdobramentos<\/b><\/h3>\n<p><span style=\"font-weight: 400;\">Em resposta ao caso ocorrido no Quiosque Tropic\u00e1lia, os vereadores <\/span><a href=\"http:\/\/bit.ly\/2MBWkpW\" target=\"_blank\" rel=\"noopener\"><span style=\"font-weight: 400;\">Tarc\u00edsio Motta<\/span><\/a><span style=\"font-weight: 400;\"> e <\/span><a href=\"https:\/\/bit.ly\/3uGvukX\" target=\"_blank\" rel=\"noopener\"><span style=\"font-weight: 400;\">Tain\u00e1 de Paula<\/span><\/a><span style=\"font-weight: 400;\"> anunciaram algumas medidas em suas redes. Tarc\u00edsio enviou um of\u00edcio \u00e0 prefeitura do Rio e \u00e0 concession\u00e1ria <\/span><a href=\"https:\/\/bit.ly\/3scdL1D\" target=\"_blank\" rel=\"noopener\"><span style=\"font-weight: 400;\">Orla Rio<\/span><\/a><span style=\"font-weight: 400;\">, abrindo um processo administrativo para cassar a concess\u00e3o do quiosque.<\/span><\/p>\n<blockquote class=\"twitter-tweet\">\n<p dir=\"ltr\" lang=\"pt\">Quiosque \u00e9 concess\u00e3o p\u00fablica! Enviamos of\u00edcios \u00e0 Prefeitura e Orla Rio demandando processo administrativo p\/ cassa\u00e7\u00e3o do funcionamento do Quiosque Tropic\u00e1lia. S\u00e3o graves os relatos de q a ger\u00eancia estaria envolvida no assassinato de Moise Kabagambe. Isso demanda apura\u00e7\u00e3o urgente! <a href=\"https:\/\/t.co\/Np12Zjy6GC\">pic.twitter.com\/Np12Zjy6GC<\/a><\/p>\n<p>\u2014 Tarc\u00edsio Motta (@MottaTarcisio) <a href=\"https:\/\/twitter.com\/MottaTarcisio\/status\/1488279299606163462?ref_src=twsrc%5Etfw\">January 31, 2022<\/a><\/p><\/blockquote>\n<p><script async src=\"https:\/\/platform.twitter.com\/widgets.js\" charset=\"utf-8\"><\/script><\/p>\n<p><span style=\"font-weight: 400;\">A vereadora Tain\u00e1\u00a0tamb\u00e9m enviou um of\u00edcio \u00e0 prefeitura, mas neste caso requisitando que a prefeitura solicite \u00e0 pol\u00edcia a quebra de sigilo da investiga\u00e7\u00e3o e que garanta assist\u00eancia \u00e0 fam\u00edlia.<\/span><\/p>\n<blockquote class=\"twitter-tweet\">\n<p dir=\"ltr\" lang=\"pt\">A Constitui\u00e7\u00e3o Federal e o C\u00f3digo de Processo Penal apresentam a possibilidade de sigilo em determinadas investiga\u00e7\u00f5es, mas a repercuss\u00e3o desse caso pede a apura\u00e7\u00e3o p\u00fablica: \u00e9 recorrente que casos de racismo, mesmo os que t\u00eam como resultado a morte, n\u00e3o tenham solu\u00e7\u00e3o.<\/p>\n<p>\u2014 Tain\u00e1 de Paula (@tainadepaularj) <a href=\"https:\/\/twitter.com\/tainadepaularj\/status\/1488613333091692547?ref_src=twsrc%5Etfw\">February 1, 2022<\/a><\/p><\/blockquote>\n<p><script async src=\"https:\/\/platform.twitter.com\/widgets.js\" charset=\"utf-8\"><\/script><\/p>\n<figure id=\"attachment_60440\" aria-describedby=\"caption-attachment-60440\" style=\"width: 300px\" class=\"wp-caption alignright\"><a href=\"https:\/\/rioonwatch.org.br\/wp-content\/uploads\/2022\/02\/Familiares-de-Moise-reunidos-com-a-Comissao-de-Direitos-Humanos-da-OAB.-Foto-por-Bruno-Mirandella-Divulgacao.jpeg\"><img loading=\"lazy\" decoding=\"async\" class=\"wp-image-60440\" title=\"Familiares de Mo\u00efse reunidos com a Comiss\u00e3o de Direitos Humanos da OAB. Foto por Bruno Mirandella Divulga\u00e7\u00e3o\" src=\"https:\/\/rioonwatch.org.br\/wp-content\/uploads\/2022\/02\/Familiares-de-Moise-reunidos-com-a-Comissao-de-Direitos-Humanos-da-OAB.-Foto-por-Bruno-Mirandella-Divulgacao.jpeg\" alt=\"Familiares de Mo\u00efse reunidos com a Comiss\u00e3o de Direitos Humanos da OAB. Foto por Bruno Mirandella Divulga\u00e7\u00e3o\" width=\"300\" height=\"168\" srcset=\"https:\/\/rioonwatch.org.br\/wp-content\/uploads\/2022\/02\/Familiares-de-Moise-reunidos-com-a-Comissao-de-Direitos-Humanos-da-OAB.-Foto-por-Bruno-Mirandella-Divulgacao.jpeg 764w, https:\/\/rioonwatch.org.br\/wp-content\/uploads\/2022\/02\/Familiares-de-Moise-reunidos-com-a-Comissao-de-Direitos-Humanos-da-OAB.-Foto-por-Bruno-Mirandella-Divulgacao-620x347.jpeg 620w\" sizes=\"(max-width: 300px) 100vw, 300px\" \/><\/a><figcaption id=\"caption-attachment-60440\" class=\"wp-caption-text\">Familiares de Mo\u00efse reunidos com a Comiss\u00e3o de Direitos Humanos da OAB. Foto: Bruno Mirandella Divulga\u00e7\u00e3o<\/figcaption><\/figure>\n<p><span style=\"font-weight: 400;\">O que mais tem mobilizado as redes sociais s\u00e3o os atos que j\u00e1 aconteceram ou que acontecer\u00e3o pedindo justi\u00e7a por Mo\u00efse, por todo o pa\u00eds.\u00a0O assassinato de Mo\u00efse foi t\u00e3o brutal que, fora do Rio, outras cidades tamb\u00e9m confirmaram atos em solidariedade.<\/span><\/p>\n<p><span style=\"font-weight: 400;\">Em <\/span><a href=\"https:\/\/bit.ly\/3AXiDLZ\" target=\"_blank\" rel=\"noopener\"><span style=\"font-weight: 400;\">S\u00e3o Paulo<\/span><\/a><span style=\"font-weight: 400;\">, a concentra\u00e7\u00e3o est\u00e1 marcada para s\u00e1bado, dia 5 de fevereiro, \u00e0s 10h, no V\u00e3o Livre do MASP, bem como em cidades do interior paulista como <\/span><a href=\"https:\/\/bit.ly\/3gkhZi7\" target=\"_blank\" rel=\"noopener\"><span style=\"font-weight: 400;\">Araraquara<\/span><\/a><span style=\"font-weight: 400;\">, <\/span><a href=\"https:\/\/bit.ly\/3J0IGoC\" target=\"_blank\" rel=\"noopener\"><span style=\"font-weight: 400;\">S\u00e3o Jos\u00e9 do Rio Preto<\/span><\/a><span style=\"font-weight: 400;\">\u00a0e <\/span><a href=\"https:\/\/bit.ly\/3scDZkQ\" target=\"_blank\" rel=\"noopener\"><span style=\"font-weight: 400;\">Pindamonhangaba<\/span><\/a>, onde <span style=\"font-weight: 400;\">manifesta\u00e7\u00f5es tamb\u00e9m est\u00e3o agendadas para o mesmo dia e hor\u00e1rio. No Rio Grande do Sul, o ato marcado \u00e9 na cidade de <\/span><a href=\"https:\/\/bit.ly\/3HteYZ0\" target=\"_blank\" rel=\"noopener\"><span style=\"font-weight: 400;\">Santa Maria<\/span><\/a>. J\u00e1 em <span style=\"font-weight: 400;\">Belo Horizonte, Minas Gerais, o ponto de encontro ser\u00e1 a <\/span><a href=\"https:\/\/bit.ly\/3GrEb4L\" target=\"_blank\" rel=\"noopener\"><span style=\"font-weight: 400;\">Pra\u00e7a Sete<\/span><\/a><span style=\"font-weight: 400;\">, tradicional reduto de protestos da capital mineira.<\/span><\/p>\n<p><span style=\"font-weight: 400;\">No Rio de Janeiro, cidade onde Mo\u00efse Mugenyi Kabagambe foi assassinado, o <\/span><a href=\"https:\/\/bit.ly\/3utPlU7\" target=\"_blank\" rel=\"noopener\"><span style=\"font-weight: 400;\">Ato Justi\u00e7a por Mo\u00efse<\/span><\/a><span style=\"font-weight: 400;\"> acontecer\u00e1 neste s\u00e1bado, 5 de fevereiro, \u00e0s 10h da manh\u00e3, em frente ao Quiosque Tropic\u00e1lia, no Posto 8 da Praia da Barra da Tijuca, onde o jovem perdeu sua vida. A a\u00e7\u00e3o foi convocada pela fam\u00edlia de Kabagambe e por <a href=\"https:\/\/bit.ly\/37OF2hc\" target=\"_blank\" rel=\"noopener\">movimentos negros<\/a>.<\/span><\/p>\n<p><a href=\"https:\/\/rioonwatch.org.br\/wp-content\/uploads\/2022\/02\/Convocacao-para-o-ato-Justica-por-Moise-no-Rio-de-Janeiro-Posto-8-da-Barra-da-Tijuda-sabado-5-de-fevereiro-as-10h..jpeg\"><img loading=\"lazy\" decoding=\"async\" class=\"aligncenter wp-image-60447\" title=\"Convoca\u00e7\u00e3o para o ato Justi\u00e7a por Mo\u00efse no Rio de Janeiro, Posto 8 da Barra da Tijuda, s\u00e1bado, 5 de fevereiro, \u00e0s 10h.\" src=\"https:\/\/rioonwatch.org.br\/wp-content\/uploads\/2022\/02\/Convocacao-para-o-ato-Justica-por-Moise-no-Rio-de-Janeiro-Posto-8-da-Barra-da-Tijuda-sabado-5-de-fevereiro-as-10h..jpeg\" alt=\"Convoca\u00e7\u00e3o para o ato Justi\u00e7a por Mo\u00efse no Rio de Janeiro, Posto 8 da Barra da Tijuda, s\u00e1bado, 5 de fevereiro, \u00e0s 10h.\" width=\"670\" height=\"377\" srcset=\"https:\/\/rioonwatch.org.br\/wp-content\/uploads\/2022\/02\/Convocacao-para-o-ato-Justica-por-Moise-no-Rio-de-Janeiro-Posto-8-da-Barra-da-Tijuda-sabado-5-de-fevereiro-as-10h..jpeg 1280w, https:\/\/rioonwatch.org.br\/wp-content\/uploads\/2022\/02\/Convocacao-para-o-ato-Justica-por-Moise-no-Rio-de-Janeiro-Posto-8-da-Barra-da-Tijuda-sabado-5-de-fevereiro-as-10h.-620x349.jpeg 620w, https:\/\/rioonwatch.org.br\/wp-content\/uploads\/2022\/02\/Convocacao-para-o-ato-Justica-por-Moise-no-Rio-de-Janeiro-Posto-8-da-Barra-da-Tijuda-sabado-5-de-fevereiro-as-10h.-1118x629.jpeg 1118w, https:\/\/rioonwatch.org.br\/wp-content\/uploads\/2022\/02\/Convocacao-para-o-ato-Justica-por-Moise-no-Rio-de-Janeiro-Posto-8-da-Barra-da-Tijuda-sabado-5-de-fevereiro-as-10h.-768x432.jpeg 768w\" sizes=\"(max-width: 670px) 100vw, 670px\" \/><\/a><\/p>\n<p><em>Sobre o autor:\u00a0<a href=\"https:\/\/bit.ly\/37hnLN2\" target=\"_blank\" rel=\"noopener\">Euro Mascarenhas Filho<\/a>, jornalista, \u00e9 colaborador do\u00a0<a href=\"http:\/\/bit.ly\/2bEKDZS\" target=\"_blank\" rel=\"noopener\">N\u00facleo Piratininga de Comunica\u00e7\u00e3o<\/a>, comunicador popular, e autor do programa de podcast\u00a0<a href=\"https:\/\/spoti.fi\/2WvGpyG\" target=\"_blank\" rel=\"noopener\">Antena Aberta<\/a>.<\/em><\/p>\n<hr \/>\n<div class=\"entry clearfix\">\n<h4><b data-stringify-type=\"bold\">Apoie nossos esfor\u00e7os para fornecer apoio estrat\u00e9gico \u00e0s favelas do Rio, incluindo o jornalismo hiperlocal, cr\u00edtico, inovador e incans\u00e1vel do\u00a0<\/b><b data-stringify-type=\"bold\"><i data-stringify-type=\"italic\">RioOnWatch<\/i><\/b>\u2014<b data-stringify-type=\"bold\"><a class=\"c-link\" href=\"http:\/\/www.bit.ly\/ApoieROW\" target=\"_blank\" rel=\"noopener noreferrer\" data-stringify-link=\"http:\/\/www.bit.ly\/ApoieROW\" data-sk=\"tooltip_parent\">doe aqui<\/a><\/b><b data-stringify-type=\"bold\">.<\/b><\/h4>\n<\/div>\n<!-- AddThis Advanced Settings generic via filter on the_content --><!-- AddThis Share Buttons generic via filter on the_content -->","protected":false},"excerpt":{"rendered":"<div class=\"mh-excerpt\"><p>Click Here for English Seja an\u00f4nimo, ativista, jogador de futebol ou artista, nas ruas e nas plataformas digitais, o sentimento reverberado \u00e9 um s\u00f3: #Justi\u00e7aParaMo\u00efse. O assassinato do jovem refugiado congol\u00eas no seu local de <a class=\"mh-excerpt-more\" href=\"https:\/\/rioonwatch.org.br\/?p=60435\" title=\"O Assassinato Brutal do Jovem Mo\u00efse Mugenyi Kabagambe na Praia da Barra da Tijuca: #Justi\u00e7aParaMo\u00efse \u00e9 #OQueDizemAsRedes\">[&#8230;]<\/a><!-- AddThis Advanced Settings generic via filter on get_the_excerpt --><!-- AddThis Share Buttons generic via filter on get_the_excerpt --><\/p>\n<\/div>","protected":false},"author":167,"featured_media":60466,"comment_status":"closed","ping_status":"closed","sticky":false,"template":"","format":"standard","meta":{"_acf_changed":false,"_monsterinsights_skip_tracking":false,"_monsterinsights_sitenote_active":false,"_monsterinsights_sitenote_note":"","_monsterinsights_sitenote_category":0,"footnotes":""},"categories":[1621,346,1625,1620,1612],"tags":[386,329,3253,1259,274,2229,88,2699,330,113,1403,2561,1722,126,763,3114,331,650,998,2492,2336,578,1364,30,184],"writer":[3080],"translator":[],"source":[],"ilustrador":[],"fotografo":[],"class_list":{"0":"post-60435","1":"post","2":"type-post","3":"status-publish","4":"format-standard","5":"has-post-thumbnail","7":"category-destaque","8":"category-denuncias","9":"category-por-correspondentes-comunitarios","10":"category-olhonaupp","11":"category-sociedade-civil","12":"tag-estigma","13":"tag-africa","14":"tag-antirracismo","15":"tag-assassinato","16":"tag-barra-da-tijuca","17":"tag-congo","18":"tag-direitos-humanos","19":"tag-genocidio","20":"tag-imigracao","21":"tag-juventude","22":"tag-movimento-negro","23":"tag-necropolitica","24":"tag-onu","25":"tag-preconceito","26":"tag-protesto","27":"tag-racismo-estrutural","28":"tag-refugiados","29":"tag-samba","30":"tag-sao-paulo","31":"tag-taina-de-paula","32":"tag-vereador-tarcisio-motta-psol","33":"tag-trabalho-e-renda","34":"tag-violacoes","35":"tag-violencia","36":"tag-zona-oeste","37":"writer-euro-mascarenhas-filho"},"acf":[],"yoast_head":"<!-- This site is optimized with the Yoast SEO plugin v25.6 - https:\/\/yoast.com\/wordpress\/plugins\/seo\/ -->\n<title>O Assassinato Brutal do Jovem Mo\u00efse Mugenyi Kabagambe na Praia da Barra da Tijuca: #Justi\u00e7aParaMo\u00efse \u00e9 #OQueDizemAsRedes - RioOnWatch<\/title>\n<meta name=\"robots\" content=\"index, follow, max-snippet:-1, max-image-preview:large, max-video-preview:-1\" \/>\n<link rel=\"canonical\" href=\"https:\/\/rioonwatch.org.br\/?p=60435\" \/>\n<meta property=\"og:locale\" content=\"pt_BR\" \/>\n<meta property=\"og:type\" content=\"article\" \/>\n<meta property=\"og:title\" content=\"O Assassinato Brutal do Jovem Mo\u00efse Mugenyi Kabagambe na Praia da Barra da Tijuca: #Justi\u00e7aParaMo\u00efse \u00e9 #OQueDizemAsRedes - RioOnWatch\" \/>\n<meta property=\"og:description\" content=\"Click Here for English Seja an\u00f4nimo, ativista, jogador de futebol ou artista, nas ruas e nas plataformas digitais, o sentimento reverberado \u00e9 um s\u00f3: #Justi\u00e7aParaMo\u00efse. O assassinato do jovem refugiado congol\u00eas no seu local de [...]\" \/>\n<meta property=\"og:url\" content=\"https:\/\/rioonwatch.org.br\/?p=60435\" \/>\n<meta property=\"og:site_name\" content=\"RioOnWatch\" \/>\n<meta property=\"article:published_time\" content=\"2022-02-04T15:51:20+00:00\" \/>\n<meta property=\"article:modified_time\" content=\"2024-05-24T15:29:35+00:00\" \/>\n<meta property=\"og:image\" content=\"https:\/\/rioonwatch.org.br\/wp-content\/uploads\/2022\/02\/moise4.jpg\" \/>\n\t<meta property=\"og:image:width\" content=\"1270\" \/>\n\t<meta property=\"og:image:height\" content=\"911\" \/>\n\t<meta property=\"og:image:type\" content=\"image\/jpeg\" \/>\n<meta name=\"author\" content=\"Julio Santos Filho\" \/>\n<meta name=\"twitter:card\" content=\"summary_large_image\" \/>\n<meta name=\"twitter:label1\" content=\"Escrito por\" \/>\n\t<meta name=\"twitter:data1\" content=\"Julio Santos Filho\" \/>\n\t<meta name=\"twitter:label2\" content=\"Est. tempo de leitura\" \/>\n\t<meta name=\"twitter:data2\" content=\"12 minutos\" \/>\n<script type=\"application\/ld+json\" class=\"yoast-schema-graph\">{\"@context\":\"https:\/\/schema.org\",\"@graph\":[{\"@type\":\"Article\",\"@id\":\"https:\/\/rioonwatch.org.br\/?p=60435#article\",\"isPartOf\":{\"@id\":\"https:\/\/rioonwatch.org.br\/?p=60435\"},\"author\":{\"name\":\"Julio Santos Filho\",\"@id\":\"https:\/\/rioonwatch.org.br\/#\/schema\/person\/476bc75767957d3535b65b796667cd36\"},\"headline\":\"O Assassinato Brutal do Jovem Mo\u00efse Mugenyi Kabagambe na Praia da Barra da Tijuca: #Justi\u00e7aParaMo\u00efse \u00e9 #OQueDizemAsRedes\",\"datePublished\":\"2022-02-04T15:51:20+00:00\",\"dateModified\":\"2024-05-24T15:29:35+00:00\",\"mainEntityOfPage\":{\"@id\":\"https:\/\/rioonwatch.org.br\/?p=60435\"},\"wordCount\":2722,\"publisher\":{\"@id\":\"https:\/\/rioonwatch.org.br\/#organization\"},\"image\":{\"@id\":\"https:\/\/rioonwatch.org.br\/?p=60435#primaryimage\"},\"thumbnailUrl\":\"https:\/\/rioonwatch.org.br\/wp-content\/uploads\/2022\/02\/moise4.jpg\",\"keywords\":[\"#StopFavelaStigma\",\"\u00c1frica\",\"Antirracismo\",\"assassinato\",\"Barra da Tijuca\",\"Congo\",\"Direitos Humanos\",\"genoc\u00eddio\",\"imigra\u00e7\u00e3o\",\"juventude\",\"Movimento negro\",\"necropol\u00edtica\",\"ONU\",\"preconceito\",\"protesto\",\"Racismo estrutural\",\"refugiado\",\"samba\",\"S\u00e3o Paulo\",\"Tain\u00e1 de Paula (PT)\",\"Tarc\u00edsio Motta (PSOL)\",\"Trabalho e renda\",\"viola\u00e7\u00f5es\",\"viol\u00eancia\",\"Zona Oeste\"],\"articleSection\":[\"*Destaque\",\"Den\u00fancias\",\"Escrito por Comunicadores Populares\",\"Seguran\u00e7a P\u00fablica\",\"Sociedade Civil\"],\"inLanguage\":\"pt-BR\"},{\"@type\":\"WebPage\",\"@id\":\"https:\/\/rioonwatch.org.br\/?p=60435\",\"url\":\"https:\/\/rioonwatch.org.br\/?p=60435\",\"name\":\"O Assassinato Brutal do Jovem Mo\u00efse Mugenyi Kabagambe na Praia da Barra da Tijuca: #Justi\u00e7aParaMo\u00efse \u00e9 #OQueDizemAsRedes - RioOnWatch\",\"isPartOf\":{\"@id\":\"https:\/\/rioonwatch.org.br\/#website\"},\"primaryImageOfPage\":{\"@id\":\"https:\/\/rioonwatch.org.br\/?p=60435#primaryimage\"},\"image\":{\"@id\":\"https:\/\/rioonwatch.org.br\/?p=60435#primaryimage\"},\"thumbnailUrl\":\"https:\/\/rioonwatch.org.br\/wp-content\/uploads\/2022\/02\/moise4.jpg\",\"datePublished\":\"2022-02-04T15:51:20+00:00\",\"dateModified\":\"2024-05-24T15:29:35+00:00\",\"breadcrumb\":{\"@id\":\"https:\/\/rioonwatch.org.br\/?p=60435#breadcrumb\"},\"inLanguage\":\"pt-BR\",\"potentialAction\":[{\"@type\":\"ReadAction\",\"target\":[\"https:\/\/rioonwatch.org.br\/?p=60435\"]}]},{\"@type\":\"ImageObject\",\"inLanguage\":\"pt-BR\",\"@id\":\"https:\/\/rioonwatch.org.br\/?p=60435#primaryimage\",\"url\":\"https:\/\/rioonwatch.org.br\/wp-content\/uploads\/2022\/02\/moise4.jpg\",\"contentUrl\":\"https:\/\/rioonwatch.org.br\/wp-content\/uploads\/2022\/02\/moise4.jpg\",\"width\":1270,\"height\":911},{\"@type\":\"BreadcrumbList\",\"@id\":\"https:\/\/rioonwatch.org.br\/?p=60435#breadcrumb\",\"itemListElement\":[{\"@type\":\"ListItem\",\"position\":1,\"name\":\"In\u00edcio\",\"item\":\"https:\/\/rioonwatch.org.br\/\"},{\"@type\":\"ListItem\",\"position\":2,\"name\":\"O Assassinato Brutal do Jovem Mo\u00efse Mugenyi Kabagambe na Praia da Barra da Tijuca: #Justi\u00e7aParaMo\u00efse \u00e9 #OQueDizemAsRedes\"}]},{\"@type\":\"WebSite\",\"@id\":\"https:\/\/rioonwatch.org.br\/#website\",\"url\":\"https:\/\/rioonwatch.org.br\/\",\"name\":\"RioOnWatch\",\"description\":\"relatos das favelas cariocas\",\"publisher\":{\"@id\":\"https:\/\/rioonwatch.org.br\/#organization\"},\"potentialAction\":[{\"@type\":\"SearchAction\",\"target\":{\"@type\":\"EntryPoint\",\"urlTemplate\":\"https:\/\/rioonwatch.org.br\/?s={search_term_string}\"},\"query-input\":{\"@type\":\"PropertyValueSpecification\",\"valueRequired\":true,\"valueName\":\"search_term_string\"}}],\"inLanguage\":\"pt-BR\"},{\"@type\":\"Organization\",\"@id\":\"https:\/\/rioonwatch.org.br\/#organization\",\"name\":\"RioOnWatch\",\"url\":\"https:\/\/rioonwatch.org.br\/\",\"logo\":{\"@type\":\"ImageObject\",\"inLanguage\":\"pt-BR\",\"@id\":\"https:\/\/rioonwatch.org.br\/#\/schema\/logo\/image\/\",\"url\":\"https:\/\/rioonwatch.org.br\/wp-content\/uploads\/2021\/06\/RioOnWatchcabecalhoPT11anos-2.png\",\"contentUrl\":\"https:\/\/rioonwatch.org.br\/wp-content\/uploads\/2021\/06\/RioOnWatchcabecalhoPT11anos-2.png\",\"width\":779,\"height\":277,\"caption\":\"RioOnWatch\"},\"image\":{\"@id\":\"https:\/\/rioonwatch.org.br\/#\/schema\/logo\/image\/\"}},{\"@type\":\"Person\",\"@id\":\"https:\/\/rioonwatch.org.br\/#\/schema\/person\/476bc75767957d3535b65b796667cd36\",\"name\":\"Julio Santos Filho\",\"image\":{\"@type\":\"ImageObject\",\"inLanguage\":\"pt-BR\",\"@id\":\"https:\/\/rioonwatch.org.br\/#\/schema\/person\/image\/\",\"url\":\"https:\/\/secure.gravatar.com\/avatar\/ca138f7666182a292a8ce4ca14fb81f8?s=96&d=blank&r=g\",\"contentUrl\":\"https:\/\/secure.gravatar.com\/avatar\/ca138f7666182a292a8ce4ca14fb81f8?s=96&d=blank&r=g\",\"caption\":\"Julio Santos Filho\"},\"url\":\"https:\/\/rioonwatch.org.br\/?author=167\"}]}<\/script>\n<!-- \/ Yoast SEO plugin. -->","yoast_head_json":{"title":"O Assassinato Brutal do Jovem Mo\u00efse Mugenyi Kabagambe na Praia da Barra da Tijuca: #Justi\u00e7aParaMo\u00efse \u00e9 #OQueDizemAsRedes - RioOnWatch","robots":{"index":"index","follow":"follow","max-snippet":"max-snippet:-1","max-image-preview":"max-image-preview:large","max-video-preview":"max-video-preview:-1"},"canonical":"https:\/\/rioonwatch.org.br\/?p=60435","og_locale":"pt_BR","og_type":"article","og_title":"O Assassinato Brutal do Jovem Mo\u00efse Mugenyi Kabagambe na Praia da Barra da Tijuca: #Justi\u00e7aParaMo\u00efse \u00e9 #OQueDizemAsRedes - RioOnWatch","og_description":"Click Here for English Seja an\u00f4nimo, ativista, jogador de futebol ou artista, nas ruas e nas plataformas digitais, o sentimento reverberado \u00e9 um s\u00f3: #Justi\u00e7aParaMo\u00efse. O assassinato do jovem refugiado congol\u00eas no seu local de [...]","og_url":"https:\/\/rioonwatch.org.br\/?p=60435","og_site_name":"RioOnWatch","article_published_time":"2022-02-04T15:51:20+00:00","article_modified_time":"2024-05-24T15:29:35+00:00","og_image":[{"width":1270,"height":911,"url":"https:\/\/rioonwatch.org.br\/wp-content\/uploads\/2022\/02\/moise4.jpg","type":"image\/jpeg"}],"author":"Julio Santos Filho","twitter_card":"summary_large_image","twitter_misc":{"Escrito por":"Julio Santos Filho","Est. tempo de leitura":"12 minutos"},"schema":{"@context":"https:\/\/schema.org","@graph":[{"@type":"Article","@id":"https:\/\/rioonwatch.org.br\/?p=60435#article","isPartOf":{"@id":"https:\/\/rioonwatch.org.br\/?p=60435"},"author":{"name":"Julio Santos Filho","@id":"https:\/\/rioonwatch.org.br\/#\/schema\/person\/476bc75767957d3535b65b796667cd36"},"headline":"O Assassinato Brutal do Jovem Mo\u00efse Mugenyi Kabagambe na Praia da Barra da Tijuca: #Justi\u00e7aParaMo\u00efse \u00e9 #OQueDizemAsRedes","datePublished":"2022-02-04T15:51:20+00:00","dateModified":"2024-05-24T15:29:35+00:00","mainEntityOfPage":{"@id":"https:\/\/rioonwatch.org.br\/?p=60435"},"wordCount":2722,"publisher":{"@id":"https:\/\/rioonwatch.org.br\/#organization"},"image":{"@id":"https:\/\/rioonwatch.org.br\/?p=60435#primaryimage"},"thumbnailUrl":"https:\/\/rioonwatch.org.br\/wp-content\/uploads\/2022\/02\/moise4.jpg","keywords":["#StopFavelaStigma","\u00c1frica","Antirracismo","assassinato","Barra da Tijuca","Congo","Direitos Humanos","genoc\u00eddio","imigra\u00e7\u00e3o","juventude","Movimento negro","necropol\u00edtica","ONU","preconceito","protesto","Racismo estrutural","refugiado","samba","S\u00e3o Paulo","Tain\u00e1 de Paula (PT)","Tarc\u00edsio Motta (PSOL)","Trabalho e renda","viola\u00e7\u00f5es","viol\u00eancia","Zona Oeste"],"articleSection":["*Destaque","Den\u00fancias","Escrito por Comunicadores Populares","Seguran\u00e7a P\u00fablica","Sociedade Civil"],"inLanguage":"pt-BR"},{"@type":"WebPage","@id":"https:\/\/rioonwatch.org.br\/?p=60435","url":"https:\/\/rioonwatch.org.br\/?p=60435","name":"O Assassinato Brutal do Jovem Mo\u00efse Mugenyi Kabagambe na Praia da Barra da Tijuca: #Justi\u00e7aParaMo\u00efse \u00e9 #OQueDizemAsRedes - RioOnWatch","isPartOf":{"@id":"https:\/\/rioonwatch.org.br\/#website"},"primaryImageOfPage":{"@id":"https:\/\/rioonwatch.org.br\/?p=60435#primaryimage"},"image":{"@id":"https:\/\/rioonwatch.org.br\/?p=60435#primaryimage"},"thumbnailUrl":"https:\/\/rioonwatch.org.br\/wp-content\/uploads\/2022\/02\/moise4.jpg","datePublished":"2022-02-04T15:51:20+00:00","dateModified":"2024-05-24T15:29:35+00:00","breadcrumb":{"@id":"https:\/\/rioonwatch.org.br\/?p=60435#breadcrumb"},"inLanguage":"pt-BR","potentialAction":[{"@type":"ReadAction","target":["https:\/\/rioonwatch.org.br\/?p=60435"]}]},{"@type":"ImageObject","inLanguage":"pt-BR","@id":"https:\/\/rioonwatch.org.br\/?p=60435#primaryimage","url":"https:\/\/rioonwatch.org.br\/wp-content\/uploads\/2022\/02\/moise4.jpg","contentUrl":"https:\/\/rioonwatch.org.br\/wp-content\/uploads\/2022\/02\/moise4.jpg","width":1270,"height":911},{"@type":"BreadcrumbList","@id":"https:\/\/rioonwatch.org.br\/?p=60435#breadcrumb","itemListElement":[{"@type":"ListItem","position":1,"name":"In\u00edcio","item":"https:\/\/rioonwatch.org.br\/"},{"@type":"ListItem","position":2,"name":"O Assassinato Brutal do Jovem Mo\u00efse Mugenyi Kabagambe na Praia da Barra da Tijuca: #Justi\u00e7aParaMo\u00efse \u00e9 #OQueDizemAsRedes"}]},{"@type":"WebSite","@id":"https:\/\/rioonwatch.org.br\/#website","url":"https:\/\/rioonwatch.org.br\/","name":"RioOnWatch","description":"relatos das favelas cariocas","publisher":{"@id":"https:\/\/rioonwatch.org.br\/#organization"},"potentialAction":[{"@type":"SearchAction","target":{"@type":"EntryPoint","urlTemplate":"https:\/\/rioonwatch.org.br\/?s={search_term_string}"},"query-input":{"@type":"PropertyValueSpecification","valueRequired":true,"valueName":"search_term_string"}}],"inLanguage":"pt-BR"},{"@type":"Organization","@id":"https:\/\/rioonwatch.org.br\/#organization","name":"RioOnWatch","url":"https:\/\/rioonwatch.org.br\/","logo":{"@type":"ImageObject","inLanguage":"pt-BR","@id":"https:\/\/rioonwatch.org.br\/#\/schema\/logo\/image\/","url":"https:\/\/rioonwatch.org.br\/wp-content\/uploads\/2021\/06\/RioOnWatchcabecalhoPT11anos-2.png","contentUrl":"https:\/\/rioonwatch.org.br\/wp-content\/uploads\/2021\/06\/RioOnWatchcabecalhoPT11anos-2.png","width":779,"height":277,"caption":"RioOnWatch"},"image":{"@id":"https:\/\/rioonwatch.org.br\/#\/schema\/logo\/image\/"}},{"@type":"Person","@id":"https:\/\/rioonwatch.org.br\/#\/schema\/person\/476bc75767957d3535b65b796667cd36","name":"Julio Santos Filho","image":{"@type":"ImageObject","inLanguage":"pt-BR","@id":"https:\/\/rioonwatch.org.br\/#\/schema\/person\/image\/","url":"https:\/\/secure.gravatar.com\/avatar\/ca138f7666182a292a8ce4ca14fb81f8?s=96&d=blank&r=g","contentUrl":"https:\/\/secure.gravatar.com\/avatar\/ca138f7666182a292a8ce4ca14fb81f8?s=96&d=blank&r=g","caption":"Julio Santos Filho"},"url":"https:\/\/rioonwatch.org.br\/?author=167"}]}},"_links":{"self":[{"href":"https:\/\/rioonwatch.org.br\/index.php?rest_route=\/wp\/v2\/posts\/60435"}],"collection":[{"href":"https:\/\/rioonwatch.org.br\/index.php?rest_route=\/wp\/v2\/posts"}],"about":[{"href":"https:\/\/rioonwatch.org.br\/index.php?rest_route=\/wp\/v2\/types\/post"}],"author":[{"embeddable":true,"href":"https:\/\/rioonwatch.org.br\/index.php?rest_route=\/wp\/v2\/users\/167"}],"replies":[{"embeddable":true,"href":"https:\/\/rioonwatch.org.br\/index.php?rest_route=%2Fwp%2Fv2%2Fcomments&post=60435"}],"version-history":[{"count":34,"href":"https:\/\/rioonwatch.org.br\/index.php?rest_route=\/wp\/v2\/posts\/60435\/revisions"}],"predecessor-version":[{"id":60591,"href":"https:\/\/rioonwatch.org.br\/index.php?rest_route=\/wp\/v2\/posts\/60435\/revisions\/60591"}],"wp:featuredmedia":[{"embeddable":true,"href":"https:\/\/rioonwatch.org.br\/index.php?rest_route=\/wp\/v2\/media\/60466"}],"wp:attachment":[{"href":"https:\/\/rioonwatch.org.br\/index.php?rest_route=%2Fwp%2Fv2%2Fmedia&parent=60435"}],"wp:term":[{"taxonomy":"category","embeddable":true,"href":"https:\/\/rioonwatch.org.br\/index.php?rest_route=%2Fwp%2Fv2%2Fcategories&post=60435"},{"taxonomy":"post_tag","embeddable":true,"href":"https:\/\/rioonwatch.org.br\/index.php?rest_route=%2Fwp%2Fv2%2Ftags&post=60435"},{"taxonomy":"writer","embeddable":true,"href":"https:\/\/rioonwatch.org.br\/index.php?rest_route=%2Fwp%2Fv2%2Fwriter&post=60435"},{"taxonomy":"translator","embeddable":true,"href":"https:\/\/rioonwatch.org.br\/index.php?rest_route=%2Fwp%2Fv2%2Ftranslator&post=60435"},{"taxonomy":"source","embeddable":true,"href":"https:\/\/rioonwatch.org.br\/index.php?rest_route=%2Fwp%2Fv2%2Fsource&post=60435"},{"taxonomy":"ilustrador","embeddable":true,"href":"https:\/\/rioonwatch.org.br\/index.php?rest_route=%2Fwp%2Fv2%2Filustrador&post=60435"},{"taxonomy":"fotografo","embeddable":true,"href":"https:\/\/rioonwatch.org.br\/index.php?rest_route=%2Fwp%2Fv2%2Ffotografo&post=60435"}],"curies":[{"name":"wp","href":"https:\/\/api.w.org\/{rel}","templated":true}]}}