{"id":6046,"date":"2013-05-24T19:00:08","date_gmt":"2013-05-24T22:00:08","guid":{"rendered":"http:\/\/rioonwatch.org.br\/?p=6046"},"modified":"2015-08-14T12:55:49","modified_gmt":"2015-08-14T15:55:49","slug":"bandeira-1-pede-ajuda-e-nao-demolicao-apos-incendio-deixa-centenas-desabrigados","status":"publish","type":"post","link":"https:\/\/rioonwatch.org.br\/?p=6046","title":{"rendered":"Bandeira 1 Pede Ajuda e Teme a Demoli\u00e7\u00e3o Ap\u00f3s Inc\u00eandio Deixar Centenas Desabrigados"},"content":{"rendered":"<p>Por volta das 11:00hs do dia 15 de maio, uma quarta-feira, Maria de Concei\u00e7\u00e3o, de 57 anos, estava tomando banho em sua casa de madeira na favela Bandeira 1 em Del Castilho, Zona Norte, quando ouviu seus netos gritarem &#8220;fogo!&#8221;<\/p>\n<p>\u201cEu achei que era brincadeira deles, mas quando vi minha neta cheia de pastas de documentos&#8230; pensei pronto. Me desesperei, coloquei a roupa e sai\u201d, lembra ela, de p\u00e9 em frente aos restos chamuscados das 180 casas afetadas. \u201cFoi muito r\u00e1pido o fogo, muito r\u00e1pido. A \u00fanica coisa que deu para tirar foram os documentos\u201d.<\/p>\n<p><a href=\"http:\/\/rioonwatch.org.br\/?attachment_id=9241\" rel=\"attachment wp-att-9241\"><img fetchpriority=\"high\" decoding=\"async\" class=\"alignright size-full wp-image-9241\" title=\"Maria da Concei\u00e7\u00e3o, moradora h\u00e1 13 anos, perdeu sua casa no inc\u00eandio do dia 15 de maio. Foto por L\u00e9o Lima\" src=\"http:\/\/rioonwatch.org\/wp-content\/uploads\/2013\/05\/Leo1.jpg\" alt=\"\" width=\"336\" height=\"224\" \/><\/a>Ningu\u00e9m sabe como o fogo come\u00e7ou, mas desde ent\u00e3o as chamas varreram a comunidade destruindo 180 de 250 casas da comunidade. Na aus\u00eancia de apoio do governo, os moradores se uniram em torno de todos aqueles que ficaram desabrigados e que tiveram que dormir no ch\u00e3o das casas dos vizinhos, dependendo de doa\u00e7\u00f5es de roupas e alimentos, depois de perderem tudo.<\/p>\n<p><a href=\"http:\/\/bit.ly\/123MhfX\" target=\"_blank\">Neste estado de emerg\u00eancia<\/a> em uma comunidade j\u00e1 muito pobre, nesta quinta-feira 24 de maio, agentes do escrit\u00f3rio do sub-prefeito da Zona Norte chegaram com a pol\u00edcia e autoridades da prefeitura com um caminh\u00e3o de lixo amea\u00e7ando demolir as estruturas remanescentes, deixando toda a comunidade sem-teto. A tensa manh\u00e3 com confus\u00e3o, desespero e protesto terminou com as autoridades prometendo que iriam verificar se alugueis sociais seriam pagos, e um tempo foi concedido para os moradores arranjarem alojamento antes que eles retornem para demolir as casas restantes. A pol\u00edcia e as autoridades locais foram embora na hora do almo\u00e7o, e logo ap\u00f3s a Defesa Civil distribuiu 50 colch\u00f5es como aux\u00edlio tempor\u00e1rio para a situa\u00e7\u00e3o urgente da comunidade.<\/p>\n<p><a href=\"http:\/\/rioonwatch.org.br\/?attachment_id=9246\" rel=\"attachment wp-att-9246\"><img decoding=\"async\" class=\"alignright size-full wp-image-9246\" title=\"Aqueles que ficaram sem casa est\u00e3o nas casas n\u00e3o afetadas de seus vizinhos. Photo por Rat\u00e3o Diniz\" src=\"http:\/\/rioonwatch.org\/wp-content\/uploads\/2013\/05\/ratao2.jpg\" alt=\"\" width=\"336\" height=\"224\" \/><\/a>Fundada em 2000, a favela Bandeira 1 est\u00e1 situada sob o viaduto Engenheiro Alvarino Jos\u00e9 da Fonseca que fica ao lado da Supervia, pr\u00f3ximo ao Norte Shopping, em Del Castilho. Diferente de comunidades mais consolidadas, as casas em Bandeira 1 s\u00e3o feitas dos materiais dispon\u00edveis e as condi\u00e7\u00f5es s\u00e3o prec\u00e1rias. Enquanto vizinhos n\u00e3o atingidos pelo inc\u00eandio acolhem os atingidos, compartilhando o pouco que eles t\u00eam, a comunidade est\u00e1 pedindo ajuda do governo neste momento de crise, em que muitas crian\u00e7as foram afetadas e moradores est\u00e3o incapacitados para trabalhar, agravando a situa\u00e7\u00e3o deles.<\/p>\n<p><a href=\"http:\/\/rioonwatch.org.br\/?attachment_id=9255\" rel=\"attachment wp-att-9255\"><img decoding=\"async\" class=\"alignright size-full wp-image-9255\" title=\" N\u00f3s queremos uma casa, n\u00e3o aluguel. Foto por Rat\u00e3o Diniz\" src=\"http:\/\/rioonwatch.org\/wp-content\/uploads\/2013\/05\/ratao3.jpg\" alt=\"\" width=\"336\" height=\"224\" \/><\/a><\/p>\n<p>Carlos Eduardo, um trabalhador e morador da Bandeira 1 ha dois anos, perdeu sua casa no inc\u00eandio e n\u00e3o pode ir trabalhar j\u00e1 que ele est\u00e1 em busca por um lugar para sua fam\u00edlia. \u201cEles querem derrubar de qualquer jeito e sem querer dar nada para a gente. E a gente vai morar onde, a gente vai viver onde?\u201d Ele continuou: Ningu\u00e9m quer viver assim. Ta dif\u00edcil. N\u00e3o tem mais l\u00e1grima para chorar, nem palavra para falar. Aqui \u00e9 fogo&#8221;.<\/p>\n<p>Maria da Concei\u00e7\u00e3o, uma das fundadoras da comunidade, ecoa as palavras de Carlos. Como a guardi\u00e3 de seus seis netos ap\u00f3s a morte de sua filha em novembro de 2011, ela tamb\u00e9m precisa urgentemente de alojamento. Ela diz: \u201cTodo mundo fica triste porque as pessoas moram aqui tanto tempo esperando uma coisa melhor, uma solu\u00e7\u00e3o para os problemas da gente e a gente n\u00e3o t\u00e1 vendo solu\u00e7\u00e3o nenhuma\u201d.<\/p>\n<p><a href=\"http:\/\/rioonwatch.org.br\/?attachment_id=9252\" rel=\"attachment wp-att-9252\"><img loading=\"lazy\" decoding=\"async\" class=\"alignright size-full wp-image-9252\" title=\"Moradores carregam colch\u00f5es distribu\u00eddos pela defesa civil. Foto de L\u00e9o Lima\" src=\"http:\/\/rioonwatch.org\/wp-content\/uploads\/2013\/05\/leo2.jpg\" alt=\"\" width=\"336\" height=\"224\" \/><\/a><\/p>\n<p>As \u00fanicas solu\u00e7\u00f5es oferecidas pelas autoridades at\u00e9 agora t\u00eam sido acomoda\u00e7\u00f5es em abrigos, o que os moradores recusaram por medo de n\u00e3o ser seguro para suas crian\u00e7as, e que eles ser\u00e3o esquecidos, assim como o aluguel social de R$400. Agentes e autoridades da prefeitura chegaram, na tarde do inc\u00eandio, para registrar os moradores para o aluguel social, no entanto, em vez de realizar o cadastro na comunidade, conforme solicitado pelos l\u00edderes da Associa\u00e7\u00e3o de Moradores, os agentes foram fazer os cadastros em cima do viaduto. O que levou a uma confus\u00e3o em rela\u00e7\u00e3o a quem era morador da comunidade, pois ali estavam misturadas com pessoas que desciam dos \u00f4nibus ou transeuntes, que conforme relatos, se inscreveram como moradores da Bandeira 1, deixando sem recursos moradores com a real necessidade.<\/p>\n<p>Desde ent\u00e3o, apenas 21 das 250 fam\u00edlias receberam a quantia de R$400. No entanto, como os moradores repetidamente exclamam, \u00e9 imposs\u00edvel alugar um lugar com essa quantia, j\u00e1 que os propriet\u00e1rios exigem dois ou tr\u00eas meses de alugueis como dep\u00f3sito. Para o vice-presidente da Associa\u00e7\u00e3o de Moradores, Marcos Rodrigues Gomes de Santos, esta \u00e9 uma grande preocupa\u00e7\u00e3o: \u201cEstou mais preocupado com a moradia para o povo. N\u00e3o adianta dar um cheque de R$400 que n\u00e3o d\u00e1 para morar\u201d.<\/p>\n<p><a href=\"http:\/\/rioonwatch.org.br\/?attachment_id=9262\" rel=\"attachment wp-att-9262\"><img loading=\"lazy\" decoding=\"async\" class=\"alignright size-full wp-image-9262\" title=\"Maria Claudia Alves e sua filha est\u00e3o ficando no ch\u00e3o da casa de um amigo. Foto por Jo\u00e3o Lima\" src=\"http:\/\/rioonwatch.org\/wp-content\/uploads\/2013\/05\/joao2.jpg\" alt=\"\" width=\"336\" height=\"223\" \/><\/a><\/p>\n<p>Habita\u00e7\u00e3o alternativa n\u00e3o est\u00e1 sendo oferecida, mesmo estando a prefeitura construindo milhares de unidades do programa Minha Casa Minha Vida. Na verdade, alguns moradores de Bandeira 1 j\u00e1 tentaram se inscrever no programa, que \u00e9 projetado para fornecer habita\u00e7\u00e3o acess\u00edvel para as fam\u00edlias mais pobres do Brasil.<\/p>\n<p>A cabeleireira Maria Claudia Alves, 27 anos, perdeu tudo, exceto seus documentos no inc\u00eandio da semana passada e est\u00e1 hospedada, junto com sua filha, no tapete do barraco de um amigo. Ela conta a hist\u00f3ria de quando ela foi se registrar no programa <a href=\"http:\/\/bit.ly\/Y4U9oJ\">Minha Casa Minha Vida<\/a>, quando chegou ao Rio de Janeiro vinda do estado do Cear\u00e1, h\u00e1 quatro anos, dizendo:\u00a0\u201cTem muitas pessoas que trabalham que querem fazer acordo com o projeto MCMV, mas como?\u00a0Cheguei \u00e0 Caixa faz um ano para saber como poderia entrar no projeto. Eles me pediram R$10.000 para entrar no projeto MCMV&#8230;\u00a0\u00c9 brincadeira. N\u00e3o faz sentido\u201d.<\/p>\n<p>Enquanto grupos da comunidade, a igreja, a creche local e o shopping center t\u00eam sido r\u00e1pidos para organizar doa\u00e7\u00f5es e apoio para a Bandeira 1, a resposta das autoridades tem sido, at\u00e9 agora, inconsistente e totalmente inadequada. A Secretaria Municipal de Habita\u00e7\u00e3o (SMH) n\u00e3o fez nenhuma apari\u00e7\u00e3o. Alguns moradores relatam que, em vez de prestar ajuda alguns agentes amea\u00e7aram a comunidade com a demoli\u00e7\u00e3o imediata. Maria Claudia tamb\u00e9m fala da presen\u00e7a da pol\u00edcia armada: \u201cTodo mundo cansado e estressado e eles vem ficar com essas armas ali. Para mim isso \u00e9 intimidar os moradores\u201d.<\/p>\n<p>Ap\u00f3s intensos esfor\u00e7os para aumentar a conscientiza\u00e7\u00e3o por parte dos jornalistas comunit\u00e1rios, incluindo os fot\u00f3grafos cujos trabalhos acompanham este artigo, na noite passada um representante da Secretaria de Assist\u00eancia Social do governo do Estado afirmou que os \u00f3rg\u00e3os do governo est\u00e3o cientes da situa\u00e7\u00e3o e estar\u00e3o visitando a comunidade. Enquanto isso, os moradores esperam com medo das autoridades que at\u00e9 agora mostraram pouco interesse em seu bem-estar. Com tristeza em seus olhos, Maria da Concei\u00e7\u00e3o diz: \u201cA gente fica com medo que eles v\u00e3o vir derrubar tudo.\u00a0A gente fica com medo de repente acontecer alguma coisa com a gente aqui, a gente n\u00e3o sabe\u201d.<\/p>\n<p><em>Fotos por\u00a0<a href=\"http:\/\/bit.ly\/133vULO\">L\u00e9o Lima<\/a>, <a href=\"http:\/\/bit.ly\/10RAD0a\">Rat\u00e3o Diniz<\/a>\u00a0e\u00a0<a href=\"http:\/\/bit.ly\/16eEwoY\">Jo\u00e3o Lima<\/a>.<\/em><\/p>\n<p><em>As doa\u00e7\u00f5es est\u00e3o sendo aceitas na Favela Bandeira 1 &#8211; Rua Domingos Magalh\u00e3es, 750, Del Castilho \/ Maria da Gra\u00e7a, sob o viaduto Nova Am\u00e9rica. Fale com Kelly, Isaac, Cristiane, ou Marcos (moradores). Ou ligue para L\u00e9o Lima (9247-5067) ou Ivana Baiana (9605-0937).<\/em><\/p>\n<!-- AddThis Advanced Settings generic via filter on the_content --><!-- AddThis Share Buttons generic via filter on the_content -->","protected":false},"excerpt":{"rendered":"<div class=\"mh-excerpt\"><p>Por volta das 11:00hs do dia 15 de maio, uma quarta-feira, Maria de Concei\u00e7\u00e3o, de 57 anos, estava tomando banho em sua casa de madeira na favela Bandeira 1 em Del Castilho, Zona Norte, quando <a class=\"mh-excerpt-more\" href=\"https:\/\/rioonwatch.org.br\/?p=6046\" title=\"Bandeira 1 Pede Ajuda e Teme a Demoli\u00e7\u00e3o Ap\u00f3s Inc\u00eandio Deixar Centenas Desabrigados\">[&#8230;]<\/a><!-- AddThis Advanced Settings generic via filter on get_the_excerpt --><!-- AddThis Share Buttons generic via filter on get_the_excerpt --><\/p>\n<\/div>","protected":false},"author":129,"featured_media":6071,"comment_status":"closed","ping_status":"closed","sticky":false,"template":"","format":"standard","meta":{"_acf_changed":false,"_monsterinsights_skip_tracking":false,"_monsterinsights_sitenote_active":false,"_monsterinsights_sitenote_note":"","_monsterinsights_sitenote_category":0,"footnotes":""},"categories":[1614,346,344],"tags":[17,655,724,88,725,246,728,417,727,14,258,380,218],"writer":[402],"translator":[273],"source":[],"ilustrador":[],"fotografo":[],"class_list":{"0":"post-6046","1":"post","2":"type-post","3":"status-publish","4":"format-standard","5":"has-post-thumbnail","7":"category-olhonasremocoes","8":"category-denuncias","9":"category-politicas","10":"tag-aluguel-social","11":"tag-associacao-de-moradores","12":"tag-bandeira-1","13":"tag-direitos-humanos","14":"tag-incendio","15":"tag-minha-casa-minha-vida","16":"tag-moradias-precarias","17":"tag-negligencia-do-estado","18":"tag-pobreza","19":"tag-remocao","20":"tag-smh","21":"tag-solidariedade","22":"tag-zona-norte","23":"writer-felicity-clarke","24":"translator-roseli-franco"},"acf":[],"yoast_head":"<!-- This site is optimized with the Yoast SEO plugin v25.6 - https:\/\/yoast.com\/wordpress\/plugins\/seo\/ -->\n<title>Bandeira 1 Pede Ajuda e Teme a Demoli\u00e7\u00e3o Ap\u00f3s Inc\u00eandio Deixar Centenas Desabrigados - RioOnWatch<\/title>\n<meta name=\"robots\" content=\"index, follow, max-snippet:-1, max-image-preview:large, max-video-preview:-1\" \/>\n<link rel=\"canonical\" href=\"https:\/\/rioonwatch.org.br\/?p=6046\" \/>\n<meta property=\"og:locale\" content=\"pt_BR\" \/>\n<meta property=\"og:type\" content=\"article\" \/>\n<meta property=\"og:title\" content=\"Bandeira 1 Pede Ajuda e Teme a Demoli\u00e7\u00e3o Ap\u00f3s Inc\u00eandio Deixar Centenas Desabrigados - RioOnWatch\" \/>\n<meta property=\"og:description\" content=\"Por volta das 11:00hs do dia 15 de maio, uma quarta-feira, Maria de Concei\u00e7\u00e3o, de 57 anos, estava tomando banho em sua casa de madeira na favela Bandeira 1 em Del Castilho, Zona Norte, quando [...]\" \/>\n<meta property=\"og:url\" content=\"https:\/\/rioonwatch.org.br\/?p=6046\" \/>\n<meta property=\"og:site_name\" content=\"RioOnWatch\" \/>\n<meta property=\"article:published_time\" content=\"2013-05-24T22:00:08+00:00\" \/>\n<meta property=\"article:modified_time\" content=\"2015-08-14T15:55:49+00:00\" \/>\n<meta property=\"og:image\" content=\"https:\/\/rioonwatch.org.br\/wp-content\/uploads\/2013\/05\/bandeira-capa.jpg\" \/>\n\t<meta property=\"og:image:width\" content=\"300\" \/>\n\t<meta property=\"og:image:height\" content=\"211\" \/>\n\t<meta property=\"og:image:type\" content=\"image\/jpeg\" \/>\n<meta name=\"author\" content=\"Admin\" \/>\n<meta name=\"twitter:card\" content=\"summary_large_image\" \/>\n<meta name=\"twitter:label1\" content=\"Escrito por\" \/>\n\t<meta name=\"twitter:data1\" content=\"Admin\" \/>\n\t<meta name=\"twitter:label2\" content=\"Est. tempo de leitura\" \/>\n\t<meta name=\"twitter:data2\" content=\"6 minutos\" \/>\n<script type=\"application\/ld+json\" class=\"yoast-schema-graph\">{\"@context\":\"https:\/\/schema.org\",\"@graph\":[{\"@type\":\"Article\",\"@id\":\"https:\/\/rioonwatch.org.br\/?p=6046#article\",\"isPartOf\":{\"@id\":\"https:\/\/rioonwatch.org.br\/?p=6046\"},\"author\":{\"name\":\"Admin\",\"@id\":\"https:\/\/rioonwatch.org.br\/#\/schema\/person\/11d64c290506f9df50c71b850c473f68\"},\"headline\":\"Bandeira 1 Pede Ajuda e Teme a Demoli\u00e7\u00e3o Ap\u00f3s Inc\u00eandio Deixar Centenas Desabrigados\",\"datePublished\":\"2013-05-24T22:00:08+00:00\",\"dateModified\":\"2015-08-14T15:55:49+00:00\",\"mainEntityOfPage\":{\"@id\":\"https:\/\/rioonwatch.org.br\/?p=6046\"},\"wordCount\":1216,\"publisher\":{\"@id\":\"https:\/\/rioonwatch.org.br\/#organization\"},\"image\":{\"@id\":\"https:\/\/rioonwatch.org.br\/?p=6046#primaryimage\"},\"thumbnailUrl\":\"https:\/\/rioonwatch.org.br\/wp-content\/uploads\/2013\/05\/bandeira-capa.jpg\",\"keywords\":[\"Aluguel social\",\"Associa\u00e7\u00e3o de Moradores\",\"Bandeira 1\",\"Direitos Humanos\",\"inc\u00eandio\",\"Minha Casa Minha Vida\",\"moradias prec\u00e1rias\",\"Neglig\u00eancia do Estado\",\"pobreza\",\"Remo\u00e7\u00e3o\",\"Secretaria Municipal de Habita\u00e7\u00e3o (SMH)\",\"solidariedade\",\"Zona Norte\"],\"articleSection\":[\"#OlhoNasRemo\u00e7\u00f5es\",\"Den\u00fancias\",\"Pol\u00edticas\"],\"inLanguage\":\"pt-BR\"},{\"@type\":\"WebPage\",\"@id\":\"https:\/\/rioonwatch.org.br\/?p=6046\",\"url\":\"https:\/\/rioonwatch.org.br\/?p=6046\",\"name\":\"Bandeira 1 Pede Ajuda e Teme a Demoli\u00e7\u00e3o Ap\u00f3s Inc\u00eandio Deixar Centenas Desabrigados - RioOnWatch\",\"isPartOf\":{\"@id\":\"https:\/\/rioonwatch.org.br\/#website\"},\"primaryImageOfPage\":{\"@id\":\"https:\/\/rioonwatch.org.br\/?p=6046#primaryimage\"},\"image\":{\"@id\":\"https:\/\/rioonwatch.org.br\/?p=6046#primaryimage\"},\"thumbnailUrl\":\"https:\/\/rioonwatch.org.br\/wp-content\/uploads\/2013\/05\/bandeira-capa.jpg\",\"datePublished\":\"2013-05-24T22:00:08+00:00\",\"dateModified\":\"2015-08-14T15:55:49+00:00\",\"breadcrumb\":{\"@id\":\"https:\/\/rioonwatch.org.br\/?p=6046#breadcrumb\"},\"inLanguage\":\"pt-BR\",\"potentialAction\":[{\"@type\":\"ReadAction\",\"target\":[\"https:\/\/rioonwatch.org.br\/?p=6046\"]}]},{\"@type\":\"ImageObject\",\"inLanguage\":\"pt-BR\",\"@id\":\"https:\/\/rioonwatch.org.br\/?p=6046#primaryimage\",\"url\":\"https:\/\/rioonwatch.org.br\/wp-content\/uploads\/2013\/05\/bandeira-capa.jpg\",\"contentUrl\":\"https:\/\/rioonwatch.org.br\/wp-content\/uploads\/2013\/05\/bandeira-capa.jpg\",\"width\":300,\"height\":211},{\"@type\":\"BreadcrumbList\",\"@id\":\"https:\/\/rioonwatch.org.br\/?p=6046#breadcrumb\",\"itemListElement\":[{\"@type\":\"ListItem\",\"position\":1,\"name\":\"In\u00edcio\",\"item\":\"https:\/\/rioonwatch.org.br\/\"},{\"@type\":\"ListItem\",\"position\":2,\"name\":\"Bandeira 1 Pede Ajuda e Teme a Demoli\u00e7\u00e3o Ap\u00f3s Inc\u00eandio Deixar Centenas Desabrigados\"}]},{\"@type\":\"WebSite\",\"@id\":\"https:\/\/rioonwatch.org.br\/#website\",\"url\":\"https:\/\/rioonwatch.org.br\/\",\"name\":\"RioOnWatch\",\"description\":\"relatos das favelas cariocas\",\"publisher\":{\"@id\":\"https:\/\/rioonwatch.org.br\/#organization\"},\"potentialAction\":[{\"@type\":\"SearchAction\",\"target\":{\"@type\":\"EntryPoint\",\"urlTemplate\":\"https:\/\/rioonwatch.org.br\/?s={search_term_string}\"},\"query-input\":{\"@type\":\"PropertyValueSpecification\",\"valueRequired\":true,\"valueName\":\"search_term_string\"}}],\"inLanguage\":\"pt-BR\"},{\"@type\":\"Organization\",\"@id\":\"https:\/\/rioonwatch.org.br\/#organization\",\"name\":\"RioOnWatch\",\"url\":\"https:\/\/rioonwatch.org.br\/\",\"logo\":{\"@type\":\"ImageObject\",\"inLanguage\":\"pt-BR\",\"@id\":\"https:\/\/rioonwatch.org.br\/#\/schema\/logo\/image\/\",\"url\":\"https:\/\/rioonwatch.org.br\/wp-content\/uploads\/2021\/06\/RioOnWatchcabecalhoPT11anos-2.png\",\"contentUrl\":\"https:\/\/rioonwatch.org.br\/wp-content\/uploads\/2021\/06\/RioOnWatchcabecalhoPT11anos-2.png\",\"width\":779,\"height\":277,\"caption\":\"RioOnWatch\"},\"image\":{\"@id\":\"https:\/\/rioonwatch.org.br\/#\/schema\/logo\/image\/\"}},{\"@type\":\"Person\",\"@id\":\"https:\/\/rioonwatch.org.br\/#\/schema\/person\/11d64c290506f9df50c71b850c473f68\",\"name\":\"Admin\",\"image\":{\"@type\":\"ImageObject\",\"inLanguage\":\"pt-BR\",\"@id\":\"https:\/\/rioonwatch.org.br\/#\/schema\/person\/image\/\",\"url\":\"https:\/\/secure.gravatar.com\/avatar\/56211ac74568383903349a1485e3c325?s=96&d=blank&r=g\",\"contentUrl\":\"https:\/\/secure.gravatar.com\/avatar\/56211ac74568383903349a1485e3c325?s=96&d=blank&r=g\",\"caption\":\"Admin\"},\"url\":\"https:\/\/rioonwatch.org.br\/?author=129\"}]}<\/script>\n<!-- \/ Yoast SEO plugin. -->","yoast_head_json":{"title":"Bandeira 1 Pede Ajuda e Teme a Demoli\u00e7\u00e3o Ap\u00f3s Inc\u00eandio Deixar Centenas Desabrigados - RioOnWatch","robots":{"index":"index","follow":"follow","max-snippet":"max-snippet:-1","max-image-preview":"max-image-preview:large","max-video-preview":"max-video-preview:-1"},"canonical":"https:\/\/rioonwatch.org.br\/?p=6046","og_locale":"pt_BR","og_type":"article","og_title":"Bandeira 1 Pede Ajuda e Teme a Demoli\u00e7\u00e3o Ap\u00f3s Inc\u00eandio Deixar Centenas Desabrigados - RioOnWatch","og_description":"Por volta das 11:00hs do dia 15 de maio, uma quarta-feira, Maria de Concei\u00e7\u00e3o, de 57 anos, estava tomando banho em sua casa de madeira na favela Bandeira 1 em Del Castilho, Zona Norte, quando [...]","og_url":"https:\/\/rioonwatch.org.br\/?p=6046","og_site_name":"RioOnWatch","article_published_time":"2013-05-24T22:00:08+00:00","article_modified_time":"2015-08-14T15:55:49+00:00","og_image":[{"width":300,"height":211,"url":"https:\/\/rioonwatch.org.br\/wp-content\/uploads\/2013\/05\/bandeira-capa.jpg","type":"image\/jpeg"}],"author":"Admin","twitter_card":"summary_large_image","twitter_misc":{"Escrito por":"Admin","Est. tempo de leitura":"6 minutos"},"schema":{"@context":"https:\/\/schema.org","@graph":[{"@type":"Article","@id":"https:\/\/rioonwatch.org.br\/?p=6046#article","isPartOf":{"@id":"https:\/\/rioonwatch.org.br\/?p=6046"},"author":{"name":"Admin","@id":"https:\/\/rioonwatch.org.br\/#\/schema\/person\/11d64c290506f9df50c71b850c473f68"},"headline":"Bandeira 1 Pede Ajuda e Teme a Demoli\u00e7\u00e3o Ap\u00f3s Inc\u00eandio Deixar Centenas Desabrigados","datePublished":"2013-05-24T22:00:08+00:00","dateModified":"2015-08-14T15:55:49+00:00","mainEntityOfPage":{"@id":"https:\/\/rioonwatch.org.br\/?p=6046"},"wordCount":1216,"publisher":{"@id":"https:\/\/rioonwatch.org.br\/#organization"},"image":{"@id":"https:\/\/rioonwatch.org.br\/?p=6046#primaryimage"},"thumbnailUrl":"https:\/\/rioonwatch.org.br\/wp-content\/uploads\/2013\/05\/bandeira-capa.jpg","keywords":["Aluguel social","Associa\u00e7\u00e3o de Moradores","Bandeira 1","Direitos Humanos","inc\u00eandio","Minha Casa Minha Vida","moradias prec\u00e1rias","Neglig\u00eancia do Estado","pobreza","Remo\u00e7\u00e3o","Secretaria Municipal de Habita\u00e7\u00e3o (SMH)","solidariedade","Zona Norte"],"articleSection":["#OlhoNasRemo\u00e7\u00f5es","Den\u00fancias","Pol\u00edticas"],"inLanguage":"pt-BR"},{"@type":"WebPage","@id":"https:\/\/rioonwatch.org.br\/?p=6046","url":"https:\/\/rioonwatch.org.br\/?p=6046","name":"Bandeira 1 Pede Ajuda e Teme a Demoli\u00e7\u00e3o Ap\u00f3s Inc\u00eandio Deixar Centenas Desabrigados - RioOnWatch","isPartOf":{"@id":"https:\/\/rioonwatch.org.br\/#website"},"primaryImageOfPage":{"@id":"https:\/\/rioonwatch.org.br\/?p=6046#primaryimage"},"image":{"@id":"https:\/\/rioonwatch.org.br\/?p=6046#primaryimage"},"thumbnailUrl":"https:\/\/rioonwatch.org.br\/wp-content\/uploads\/2013\/05\/bandeira-capa.jpg","datePublished":"2013-05-24T22:00:08+00:00","dateModified":"2015-08-14T15:55:49+00:00","breadcrumb":{"@id":"https:\/\/rioonwatch.org.br\/?p=6046#breadcrumb"},"inLanguage":"pt-BR","potentialAction":[{"@type":"ReadAction","target":["https:\/\/rioonwatch.org.br\/?p=6046"]}]},{"@type":"ImageObject","inLanguage":"pt-BR","@id":"https:\/\/rioonwatch.org.br\/?p=6046#primaryimage","url":"https:\/\/rioonwatch.org.br\/wp-content\/uploads\/2013\/05\/bandeira-capa.jpg","contentUrl":"https:\/\/rioonwatch.org.br\/wp-content\/uploads\/2013\/05\/bandeira-capa.jpg","width":300,"height":211},{"@type":"BreadcrumbList","@id":"https:\/\/rioonwatch.org.br\/?p=6046#breadcrumb","itemListElement":[{"@type":"ListItem","position":1,"name":"In\u00edcio","item":"https:\/\/rioonwatch.org.br\/"},{"@type":"ListItem","position":2,"name":"Bandeira 1 Pede Ajuda e Teme a Demoli\u00e7\u00e3o Ap\u00f3s Inc\u00eandio Deixar Centenas Desabrigados"}]},{"@type":"WebSite","@id":"https:\/\/rioonwatch.org.br\/#website","url":"https:\/\/rioonwatch.org.br\/","name":"RioOnWatch","description":"relatos das favelas cariocas","publisher":{"@id":"https:\/\/rioonwatch.org.br\/#organization"},"potentialAction":[{"@type":"SearchAction","target":{"@type":"EntryPoint","urlTemplate":"https:\/\/rioonwatch.org.br\/?s={search_term_string}"},"query-input":{"@type":"PropertyValueSpecification","valueRequired":true,"valueName":"search_term_string"}}],"inLanguage":"pt-BR"},{"@type":"Organization","@id":"https:\/\/rioonwatch.org.br\/#organization","name":"RioOnWatch","url":"https:\/\/rioonwatch.org.br\/","logo":{"@type":"ImageObject","inLanguage":"pt-BR","@id":"https:\/\/rioonwatch.org.br\/#\/schema\/logo\/image\/","url":"https:\/\/rioonwatch.org.br\/wp-content\/uploads\/2021\/06\/RioOnWatchcabecalhoPT11anos-2.png","contentUrl":"https:\/\/rioonwatch.org.br\/wp-content\/uploads\/2021\/06\/RioOnWatchcabecalhoPT11anos-2.png","width":779,"height":277,"caption":"RioOnWatch"},"image":{"@id":"https:\/\/rioonwatch.org.br\/#\/schema\/logo\/image\/"}},{"@type":"Person","@id":"https:\/\/rioonwatch.org.br\/#\/schema\/person\/11d64c290506f9df50c71b850c473f68","name":"Admin","image":{"@type":"ImageObject","inLanguage":"pt-BR","@id":"https:\/\/rioonwatch.org.br\/#\/schema\/person\/image\/","url":"https:\/\/secure.gravatar.com\/avatar\/56211ac74568383903349a1485e3c325?s=96&d=blank&r=g","contentUrl":"https:\/\/secure.gravatar.com\/avatar\/56211ac74568383903349a1485e3c325?s=96&d=blank&r=g","caption":"Admin"},"url":"https:\/\/rioonwatch.org.br\/?author=129"}]}},"_links":{"self":[{"href":"https:\/\/rioonwatch.org.br\/index.php?rest_route=\/wp\/v2\/posts\/6046"}],"collection":[{"href":"https:\/\/rioonwatch.org.br\/index.php?rest_route=\/wp\/v2\/posts"}],"about":[{"href":"https:\/\/rioonwatch.org.br\/index.php?rest_route=\/wp\/v2\/types\/post"}],"author":[{"embeddable":true,"href":"https:\/\/rioonwatch.org.br\/index.php?rest_route=\/wp\/v2\/users\/129"}],"replies":[{"embeddable":true,"href":"https:\/\/rioonwatch.org.br\/index.php?rest_route=%2Fwp%2Fv2%2Fcomments&post=6046"}],"version-history":[{"count":53,"href":"https:\/\/rioonwatch.org.br\/index.php?rest_route=\/wp\/v2\/posts\/6046\/revisions"}],"predecessor-version":[{"id":15615,"href":"https:\/\/rioonwatch.org.br\/index.php?rest_route=\/wp\/v2\/posts\/6046\/revisions\/15615"}],"wp:featuredmedia":[{"embeddable":true,"href":"https:\/\/rioonwatch.org.br\/index.php?rest_route=\/wp\/v2\/media\/6071"}],"wp:attachment":[{"href":"https:\/\/rioonwatch.org.br\/index.php?rest_route=%2Fwp%2Fv2%2Fmedia&parent=6046"}],"wp:term":[{"taxonomy":"category","embeddable":true,"href":"https:\/\/rioonwatch.org.br\/index.php?rest_route=%2Fwp%2Fv2%2Fcategories&post=6046"},{"taxonomy":"post_tag","embeddable":true,"href":"https:\/\/rioonwatch.org.br\/index.php?rest_route=%2Fwp%2Fv2%2Ftags&post=6046"},{"taxonomy":"writer","embeddable":true,"href":"https:\/\/rioonwatch.org.br\/index.php?rest_route=%2Fwp%2Fv2%2Fwriter&post=6046"},{"taxonomy":"translator","embeddable":true,"href":"https:\/\/rioonwatch.org.br\/index.php?rest_route=%2Fwp%2Fv2%2Ftranslator&post=6046"},{"taxonomy":"source","embeddable":true,"href":"https:\/\/rioonwatch.org.br\/index.php?rest_route=%2Fwp%2Fv2%2Fsource&post=6046"},{"taxonomy":"ilustrador","embeddable":true,"href":"https:\/\/rioonwatch.org.br\/index.php?rest_route=%2Fwp%2Fv2%2Filustrador&post=6046"},{"taxonomy":"fotografo","embeddable":true,"href":"https:\/\/rioonwatch.org.br\/index.php?rest_route=%2Fwp%2Fv2%2Ffotografo&post=6046"}],"curies":[{"name":"wp","href":"https:\/\/api.w.org\/{rel}","templated":true}]}}