{"id":60512,"date":"2022-03-04T08:33:35","date_gmt":"2022-03-04T11:33:35","guid":{"rendered":"https:\/\/rioonwatch.org.br\/?p=60512"},"modified":"2022-04-05T11:14:41","modified_gmt":"2022-04-05T14:14:41","slug":"a-importancia-da-mobilizacao-comunitaria-em-ttcs-pelo-mundo-live","status":"publish","type":"post","link":"https:\/\/rioonwatch.org.br\/?p=60512","title":{"rendered":"A Import\u00e2ncia da Mobiliza\u00e7\u00e3o Comunit\u00e1ria em TTCs pelo Mundo [LIVE]"},"content":{"rendered":"<figure id=\"attachment_60812\" aria-describedby=\"caption-attachment-60812\" style=\"width: 2550px\" class=\"wp-caption alignnone\"><a href=\"https:\/\/rioonwatch.org.br\/wp-content\/uploads\/2022\/03\/New-Communities.jpg\"><img fetchpriority=\"high\" decoding=\"async\" class=\"wp-image-60812 size-full\" src=\"https:\/\/rioonwatch.org.br\/wp-content\/uploads\/2022\/03\/New-Communities.jpg\" alt=\"O primeiro TTC, New Communities, foi realizado por agricultores negros norte-americanos atrav\u00e9s de um grande processo de mobiliza\u00e7\u00e3o social em 1969. Imagens: NewCommunities.com\" width=\"2550\" height=\"1700\" srcset=\"https:\/\/rioonwatch.org.br\/wp-content\/uploads\/2022\/03\/New-Communities.jpg 2550w, https:\/\/rioonwatch.org.br\/wp-content\/uploads\/2022\/03\/New-Communities-620x413.jpg 620w, https:\/\/rioonwatch.org.br\/wp-content\/uploads\/2022\/03\/New-Communities-944x629.jpg 944w, https:\/\/rioonwatch.org.br\/wp-content\/uploads\/2022\/03\/New-Communities-768x512.jpg 768w\" sizes=\"(max-width: 2550px) 100vw, 2550px\" \/><\/a><figcaption id=\"caption-attachment-60812\" class=\"wp-caption-text\">O primeiro TTC, New Communities, foi realizado por agricultores negros norte-americanos atrav\u00e9s de um grande processo de mobiliza\u00e7\u00e3o social em 1969. Imagens: NewCommunities.com<\/figcaption><\/figure>\n<p style=\"text-align: right;\"><em><strong><a href=\"https:\/\/bit.ly\/3v2ufLs\" target=\"_blank\" rel=\"noopener noreferrer\">Click Here for English<\/a><a href=\"XXXXXXXXX\" target=\"_blank\" rel=\"noopener noreferrer\"><img decoding=\"async\" class=\"alignright wp-image-15790\" src=\"http:\/\/rioonwatch.org.br\/wp-content\/uploads\/2012\/08\/EN-standard-e1439583104716.jpg\" alt=\"\" width=\"20\" height=\"20\" \/><\/a><\/strong><\/em><\/p>\n<p><em>O evento de encerramento do <a href=\"https:\/\/bit.ly\/CLTFestival2021\" target=\"_blank\" rel=\"noopener\">Festival Internacional do Termo Territorial Coletivo<\/a> inaugural de 2021 foi a live &#8220;<a href=\"https:\/\/bit.ly\/3fq7f1z\" target=\"_blank\" rel=\"noopener\">Os TTCs e a Mobiliza\u00e7\u00e3o Comunit\u00e1ria<\/a>&#8220;, que aconteceu no dia 07 de dezembro e teve a participa\u00e7\u00e3o de lideran\u00e7as de Termos Territoriais Coletivos (<a href=\"http:\/\/bit.ly\/TTCsNoRioOnWatch\" target=\"_blank\" rel=\"noopener\">TTCs<\/a>) dos <a href=\"https:\/\/bit.ly\/2y11XaE\" target=\"_blank\" rel=\"noopener\">Estados Unidos<\/a>, <a href=\"https:\/\/bit.ly\/35rzlba\" target=\"_blank\" rel=\"noopener\">Inglaterra<\/a>, <a href=\"https:\/\/bit.ly\/3KkLptL\" target=\"_blank\" rel=\"noopener\">B\u00e9lgica<\/a> e <a href=\"https:\/\/bit.ly\/3lh6v1J\" target=\"_blank\" rel=\"noopener\">Porto Rico<\/a>. O evento foi organizado pelo <a href=\"https:\/\/bit.ly\/3uPxbw9\" target=\"_blank\" rel=\"noopener\">Center for CLT Innovation<\/a>, e contou com tradu\u00e7\u00e3o simult\u00e2nea para espanhol, ingl\u00eas e portugu\u00eas. <\/em><\/p>\n<p>De setembro a dezembro de 2021, houve a primeira edi\u00e7\u00e3o do Festival Internacional do Termo Territorial Coletivo. O festival foi composto por uma s\u00e9rie de eventos que tiveram o objetivo de explorar e debater o <a href=\"https:\/\/www.termoterritorialcoletivo.org\/\" target=\"_blank\" rel=\"noopener\">TTC<\/a> e temas relacionados. Assim, foram reunidos representantes de TTCs que compartilharam suas experi\u00eancias a partir do trabalho com o modelo, dando um panorama sobre como se encontra atualmente o <a href=\"http:\/\/bit.ly\/TTCsPeloMundo\" target=\"_blank\" rel=\"noopener\">movimento mundial dos TTCs<\/a>. O ponto alto do festival foi o <a href=\"https:\/\/bit.ly\/3iXhJaM\" target=\"_blank\" rel=\"noopener\">Dia Mundial do TTC<\/a>\u201429 de outubro\u2014quando centenas de moradores e lideran\u00e7as pelo mundo compartilharam mensagens celebrando o Termo Territorial Coletivo.<\/p>\n<p>O evento que marcou o fim deste ciclo foi o webin\u00e1rio &#8220;Os TTCs e a Mobiliza\u00e7\u00e3o Comunit\u00e1ria&#8221;. O evento abordou a import\u00e2ncia da <a href=\"http:\/\/bit.ly\/366iW6V\" target=\"_blank\" rel=\"noopener\">mobiliza\u00e7\u00e3o comunit\u00e1ria<\/a> para a cria\u00e7\u00e3o e manuten\u00e7\u00e3o de um Termo Territorial Coletivo. Foram chamadas lideran\u00e7as de TTCs que come\u00e7aram atuando como mobilizadores locais e depois se envolveram no pr\u00f3prio TTC.<\/p>\n<p><a href=\"https:\/\/rioonwatch.org.br\/wp-content\/uploads\/2022\/02\/A-LIVE-Os-TTCs-e-a-Organizacao-Comunitaria.png\"><img decoding=\"async\" class=\"alignright wp-image-60611\" title=\"A live &quot;Os TTCs e a Organiza\u00e7\u00e3o Comunit\u00e1ria&quot;.\" src=\"https:\/\/rioonwatch.org.br\/wp-content\/uploads\/2022\/02\/A-LIVE-Os-TTCs-e-a-Organizacao-Comunitaria.png\" alt=\"A live &quot;Os TTCs e a Organiza\u00e7\u00e3o Comunit\u00e1ria&quot;.\" width=\"300\" height=\"169\" srcset=\"https:\/\/rioonwatch.org.br\/wp-content\/uploads\/2022\/02\/A-LIVE-Os-TTCs-e-a-Organizacao-Comunitaria.png 1439w, https:\/\/rioonwatch.org.br\/wp-content\/uploads\/2022\/02\/A-LIVE-Os-TTCs-e-a-Organizacao-Comunitaria-620x349.png 620w, https:\/\/rioonwatch.org.br\/wp-content\/uploads\/2022\/02\/A-LIVE-Os-TTCs-e-a-Organizacao-Comunitaria-1117x629.png 1117w, https:\/\/rioonwatch.org.br\/wp-content\/uploads\/2022\/02\/A-LIVE-Os-TTCs-e-a-Organizacao-Comunitaria-768x432.png 768w\" sizes=\"(max-width: 300px) 100vw, 300px\" \/><\/a><\/p>\n<p>A discuss\u00e3o online come\u00e7ou com uma breve reflex\u00e3o sobre como foi o processo de tornar-se um mobilizador comunit\u00e1rio, na qual todos os participantes compartilharam suas experi\u00eancias. Ashley Allen, diretora executiva do <a href=\"https:\/\/bit.ly\/367NB8V\" target=\"_blank\" rel=\"noopener\">Houston CLT<\/a>, conta que come\u00e7ou trabalhando com a popula\u00e7\u00e3o de rua da cidade e logo decidiu se dedicar \u00e0 luta por moradia economicamente acess\u00edvel, sempre a partir de um trabalho de base junto \u00e0s comunidades. Dentro desse movimento, o TTC apareceu como ferramenta capaz de responder a muitos de seus anseios:<\/p>\n<blockquote><p>&#8220;Eu sempre quis focar em como criar moradia acess\u00edvel e como manter um estoque de moradias acess\u00edveis em cidades que est\u00e3o passando por um r\u00e1pido processo de <a href=\"http:\/\/bit.ly\/2wYNOXe\" target=\"_blank\" rel=\"noopener\">gentrifica\u00e7\u00e3o<\/a>. Na cria\u00e7\u00e3o do Houston CLT, a pr\u00f3pria comunidade liderou esses esfor\u00e7os por muitos anos.&#8221;<\/p><\/blockquote>\n<figure id=\"attachment_60612\" aria-describedby=\"caption-attachment-60612\" style=\"width: 1030px\" class=\"wp-caption aligncenter\"><a href=\"https:\/\/rioonwatch.org.br\/wp-content\/uploads\/2022\/02\/CLT-Houston.webp\"><img loading=\"lazy\" decoding=\"async\" class=\"wp-image-60612\" title=\"CLT Houston\" src=\"https:\/\/rioonwatch.org.br\/wp-content\/uploads\/2022\/02\/CLT-Houston.webp\" alt=\"A live &quot;Os TTCs e a Organiza\u00e7\u00e3o Comunit\u00e1ria&quot;.\" width=\"1030\" height=\"496\" srcset=\"https:\/\/rioonwatch.org.br\/wp-content\/uploads\/2022\/02\/CLT-Houston.webp 1349w, https:\/\/rioonwatch.org.br\/wp-content\/uploads\/2022\/02\/CLT-Houston-620x299.webp 620w, https:\/\/rioonwatch.org.br\/wp-content\/uploads\/2022\/02\/CLT-Houston-1305x629.webp 1305w, https:\/\/rioonwatch.org.br\/wp-content\/uploads\/2022\/02\/CLT-Houston-768x370.webp 768w\" sizes=\"(max-width: 1030px) 100vw, 1030px\" \/><\/a><figcaption id=\"caption-attachment-60612\" class=\"wp-caption-text\">CLT de Houston<\/figcaption><\/figure>\n<p>Estimular o engajamento dos moradores, entretanto, nem sempre \u00e9 uma tarefa f\u00e1cil. Muitas vezes, a desconfian\u00e7a com algo novo acaba afastando pessoas das inst\u00e2ncias de organiza\u00e7\u00e3o, dificultando o trabalho de base. Segundo Ashley, uma das formas de alcan\u00e7ar as pessoas \u00e9 participar do dia-a-dia da comunidade, frequentando espa\u00e7os comuns como mercados e pra\u00e7as e falando com os moradores no seu ambiente:<\/p>\n<blockquote><p>&#8220;Voc\u00ea tem que construir la\u00e7os&#8230; Voc\u00ea tem que ir at\u00e9 onde as pessoas est\u00e3o. Foi assim que a mobiliza\u00e7\u00e3o come\u00e7ou: na pr\u00f3pria comunidade.&#8221;<\/p><\/blockquote>\n<p>Podemos ver um outro exemplo de como a organiza\u00e7\u00e3o comunit\u00e1ria \u00e9 essencial para o TTC na cidade de <a href=\"https:\/\/bit.ly\/35MPc3Q\" target=\"_blank\" rel=\"noopener\">Boston<\/a>. Nos anos 1980, o bairro de Dudley se encontrava em uma situa\u00e7\u00e3o tr\u00e1gica: lixo espalhado pelas ruas, casas em condi\u00e7\u00f5es prec\u00e1rias, terrenos vazios concentrando entulhos. Enfim, toda a paisagem revelava um abandono profundo. Juntos, os moradores se organizaram para lidar com os problemas que afligiam sua comunidade e buscar solu\u00e7\u00f5es para possibilitar uma transforma\u00e7\u00e3o completa do bairro.<\/p>\n<figure id=\"attachment_60529\" aria-describedby=\"caption-attachment-60529\" style=\"width: 300px\" class=\"wp-caption alignright\"><a href=\"https:\/\/rioonwatch.org.br\/wp-content\/uploads\/2022\/02\/Immagine3.jpg\"><img loading=\"lazy\" decoding=\"async\" class=\"wp-image-60529\" title=\"Bairro de Dudley, Boston. Antes e depois. Fonte: site do DNI\" src=\"https:\/\/rioonwatch.org.br\/wp-content\/uploads\/2022\/02\/Immagine3.jpg\" alt=\"Bairro de Dudley, Boston. Antes e depois. Fonte: site do DNI\" width=\"300\" height=\"101\" \/><\/a><figcaption id=\"caption-attachment-60529\" class=\"wp-caption-text\">Bairro de Dudley, Boston. Antes e depois. Fonte: site do DNI<\/figcaption><\/figure>\n<p>Essa hist\u00f3ria foi contada por <a href=\"http:\/\/bit.ly\/DudleyTTC\" target=\"_blank\" rel=\"noopener\">Tony Hernandez<\/a>, diretor do <a href=\"https:\/\/bit.ly\/DudleyNeighborsInc\" target=\"_blank\" rel=\"noopener\">Dudley Neighbors Inc.<\/a>, um dos TTCs mais conhecidos do mundo. O TTC teve um papel central no processo de renova\u00e7\u00e3o do bairro de Dudley, garantindo melhorias territoriais e ao mesmo tempo mantendo a moradia a pre\u00e7os acess\u00edveis. Ao mostrar como o bairro se transformou ao longo das d\u00e9cadas, Tony nos alerta que nada disso teria sido poss\u00edvel sem o protagonismo dos moradores:<\/p>\n<blockquote><p>&#8220;\u00c9 sempre a partir da comunidade, a partir das pessoas. O que voc\u00eas viram nas imagens \u00e9 o resultado de pessoas se unindo e se organizando para obter um impacto sobre a revitaliza\u00e7\u00e3o f\u00edsica de um bairro.&#8221;<\/p><\/blockquote>\n<figure id=\"attachment_60610\" aria-describedby=\"caption-attachment-60610\" style=\"width: 300px\" class=\"wp-caption alignright\"><a href=\"https:\/\/rioonwatch.org.br\/wp-content\/uploads\/2022\/02\/CLTB-LEcluse-o-primeiro-TTC-habitado-da-Belgica-e-da-Europa-Continental.jpg\"><img loading=\"lazy\" decoding=\"async\" class=\"wp-image-60610\" title=\"CLTB L'\u00c9cluse, o primeiro TTC habitado da B\u00e9lgica e da Europa Continental\" src=\"https:\/\/rioonwatch.org.br\/wp-content\/uploads\/2022\/02\/CLTB-LEcluse-o-primeiro-TTC-habitado-da-Belgica-e-da-Europa-Continental.jpg\" alt=\"CLTB L'\u00c9cluse, o primeiro TTC habitado da B\u00e9lgica e da Europa Continental\" width=\"300\" height=\"200\" \/><\/a><figcaption id=\"caption-attachment-60610\" class=\"wp-caption-text\">Moradias no CLTB L&#8217;\u00c9cluse, o primeiro TTC habitado da B\u00e9lgica e da Europa Continental.<\/figcaption><\/figure>\n<p>Saindo dos Estados Unidos e migrando para a Europa, Geert de Paul <a href=\"https:\/\/bit.ly\/TTCBruxelas\" target=\"_blank\" rel=\"noopener\">nos apresentou a hist\u00f3ria<\/a> do <a href=\"https:\/\/bit.ly\/3has5DI\" target=\"_blank\" rel=\"noopener\">Brussels CLT<\/a>, situado na capital da B\u00e9lgica, Bruxelas. Ele foi o <a href=\"http:\/\/bit.ly\/2PmeZpm\" target=\"_blank\" rel=\"noopener\">primeiro TTC institu\u00eddo na Europa continental<\/a>, em uma cidade que passava por uma verdadeira crise de moradia acess\u00edvel, onde boa parte da popula\u00e7\u00e3o n\u00e3o conseguia pagar o pre\u00e7o de mercado por moradia. O movimento em torno do TTC nasceu a partir de um reconhecimento da aus\u00eancia de pol\u00edticas existentes para promover o acesso \u00e0 moradia, e um desejo de procurar uma solu\u00e7\u00e3o que partisse da popula\u00e7\u00e3o. Segundo Geert, cada vez mais:<\/p>\n<blockquote><p>&#8220;Cresceu a ideia de que talvez n\u00f3s n\u00e3o dev\u00eassemos s\u00f3 exigir que pol\u00edticos construam moradias acess\u00edveis para os pobres, mas que tamb\u00e9m precisamos mobilizar pessoas com necessidades habitacionais para se tornarem parte da solu\u00e7\u00e3o&#8221;.<\/p><\/blockquote>\n<figure id=\"attachment_60530\" aria-describedby=\"caption-attachment-60530\" style=\"width: 300px\" class=\"wp-caption alignright\"><a href=\"https:\/\/rioonwatch.org.br\/wp-content\/uploads\/2022\/02\/Imagem-Brussels-CLT.jpg\"><img loading=\"lazy\" decoding=\"async\" class=\"wp-image-60530\" title=\"TTC de Porto Rico Fideicomiso de la Tierra Ca\u00f1o Mart\u00edn Pe\u00f1a\" src=\"https:\/\/rioonwatch.org.br\/wp-content\/uploads\/2022\/02\/Imagem-Brussels-CLT.jpg\" alt=\"TTC de Porto Rico Fideicomiso de la Tierra Ca\u00f1o Mart\u00edn Pe\u00f1a\" width=\"300\" height=\"177\" \/><\/a><figcaption id=\"caption-attachment-60530\" class=\"wp-caption-text\">TTC de Porto Rico: Fideicomiso de la Tierra Ca\u00f1o Mart\u00edn Pe\u00f1a<\/figcaption><\/figure>\n<p>A ado\u00e7\u00e3o do Termo Territorial Coletivo como solu\u00e7\u00e3o habitacional para as cidades n\u00e3o \u00e9 uma exclusividade de pa\u00edses do Norte Global. Aqui na Am\u00e9rica Latina temos uma experi\u00eancia inspiradora de um <a href=\"https:\/\/bit.ly\/376V1dj\" target=\"_blank\" rel=\"noopener\">TTC institu\u00eddo em um conjunto de favelas<\/a>, situadas no centro da capital de Porto Rico, a cidade de San Juan. O <a href=\"http:\/\/bit.ly\/2LjM5Wy\" target=\"_blank\" rel=\"noopener\">Fideicomiso de la Tierra Ca\u00f1o Mart\u00edn Pe\u00f1a<\/a> \u00e9 um dos raros casos em que um <a href=\"http:\/\/bit.ly\/2SDyqJT\" target=\"_blank\" rel=\"noopener\">TTC foi aplicado no contexto de favelas<\/a> e vem servindo de <a href=\"http:\/\/bit.ly\/2WttzQL\" target=\"_blank\" rel=\"noopener\">exemplo mundial<\/a>, tanto por conta das <a href=\"http:\/\/bit.ly\/TTCCano\" target=\"_blank\" rel=\"noopener\">melhorias obtidas<\/a> para a comunidade, quanto pelo grau de mobiliza\u00e7\u00e3o alcan\u00e7ado.<\/p>\n<figure id=\"attachment_60531\" aria-describedby=\"caption-attachment-60531\" style=\"width: 300px\" class=\"wp-caption alignright\"><a href=\"https:\/\/rioonwatch.org.br\/wp-content\/uploads\/2022\/02\/Immagine5.png\"><img loading=\"lazy\" decoding=\"async\" class=\"wp-image-60531\" title=\"TTC de Porto Rico Fideicomiso de la Tierra Ca\u00f1o Mart\u00edn Pe\u00f1a\" src=\"https:\/\/rioonwatch.org.br\/wp-content\/uploads\/2022\/02\/Immagine5.png\" alt=\"TTC de Porto Rico Fideicomiso de la Tierra Ca\u00f1o Mart\u00edn Pe\u00f1a\" width=\"300\" height=\"128\" \/><\/a><figcaption id=\"caption-attachment-60531\" class=\"wp-caption-text\">TTC de Porto Rico: Fideicomiso de la Tierra Ca\u00f1o Mart\u00edn Pe\u00f1a<\/figcaption><\/figure>\n<p>Quem narrou essa experi\u00eancia foi Alejandro Cotte Morales, uma das lideran\u00e7as envolvidas na cria\u00e7\u00e3o e manuten\u00e7\u00e3o do TTC de Porto Rico, hoje na sua dire\u00e7\u00e3o. Desde o in\u00edcio, o processo de constru\u00e7\u00e3o do TTC se deu em um contexto de amea\u00e7as de remo\u00e7\u00e3o das comunidades centen\u00e1rias do Ca\u00f1o: &#8220;As pessoas tinham medo de desaparecer enquanto comunidade, j\u00e1 que muitas comunidades do entorno haviam desaparecido, como parte de um processo de gentrifica\u00e7\u00e3o. Dessa forma, esse medo de desaparecer obriga \u00e0s lideran\u00e7as comunit\u00e1rias a identificar alternativas que nos protejam enquanto comunidade&#8221;. A alternativa foi encontrada no modelo do TTC. Ap\u00f3s muita luta, os moradores conseguiram institu\u00ed-lo oficialmente com a <a href=\"https:\/\/bit.ly\/3rNHKOs\" target=\"_blank\" rel=\"noopener\">Lei 489, de 2004<\/a>.<\/p>\n<p>Ao falar da sua experi\u00eancia no <a href=\"https:\/\/bit.ly\/35RyM6A\" target=\"_blank\" rel=\"noopener\">Ca\u00f1o Mart\u00edn Pe\u00f1a<\/a>, Alejandro n\u00e3o deixa de refor\u00e7ar o papel imprescind\u00edvel do trabalho coletivo para o TTC:<\/p>\n<blockquote><p>&#8220;A mobiliza\u00e7\u00e3o comunit\u00e1ria \u00e9 a coluna vertebral de todo TTC. N\u00e3o pode haver um TTC se n\u00e3o se trabalha com a mobiliza\u00e7\u00e3o comunit\u00e1ria. As pessoas s\u00e3o o centro: n\u00e3o podem ser objetos, mas sim sujeitos. Devem ser protagonistas de seus processos.&#8221;<\/p><\/blockquote>\n<p>Todas essas <a href=\"https:\/\/bit.ly\/ConhecendoTTCspelomundo\" target=\"_blank\" rel=\"noopener\">experi\u00eancias internacionais com o TTC<\/a>, apesar de existirem em contextos t\u00e3o diferentes, apontam para caminhos comuns. Sem um envolvimento dos moradores, sem um movimento que parta efetivamente de baixo para cima, n\u00e3o \u00e9 poss\u00edvel estabelecer verdadeiramente um Termo Territorial Coletivo. Trata-se de um trabalho de longo prazo, com in\u00fameros desafios pelo caminho, mas \u00e9 s\u00f3 a partir de um processo de mobiliza\u00e7\u00e3o maduro e permanente que se torna poss\u00edvel alcan\u00e7ar uma solu\u00e7\u00e3o duradoura.<\/p>\n<p>A partir dos depoimentos dos painelistas, podemos ver como a dimens\u00e3o da mobiliza\u00e7\u00e3o comunit\u00e1ria \u00e9 indissoci\u00e1vel do TTC, e iniciativas com um grau elevado de engajamento e participa\u00e7\u00e3o dos moradores t\u00eam muito mais potencial de alcan\u00e7ar seus objetivos. N\u00e3o se trata de um mero detalhe. <a href=\"http:\/\/bit.ly\/2KV93ST\" target=\"_blank\" rel=\"noopener\">A mobiliza\u00e7\u00e3o comunit\u00e1ria \u00e9 um dos pilares do TTC<\/a>, fundamental para, nas palavras de <a href=\"http:\/\/bit.ly\/2SsrsK9\" target=\"_blank\" rel=\"noopener\">John Davis<\/a> (presidente do Center for CLT Innovation): &#8220;garantir o <em>coletivo<\/em> em Termo Territorial Coletivo&#8221;.<\/p>\n<h3>Assista \u00e0 live em ingl\u00eas <a href=\"https:\/\/bit.ly\/3fq7f1z\" target=\"_blank\" rel=\"noopener\">aqui<\/a>:<\/h3>\n<div style=\"padding: 42.19% 0 0 0; position: relative;\"><iframe style=\"position: absolute; top: 0; left: 0; width: 100%; height: 100%;\" src=\"https:\/\/player.vimeo.com\/video\/654226030?h=8688cb3e03&amp;title=0&amp;byline=0&amp;portrait=0\" frameborder=\"0\" allowfullscreen=\"allowfullscreen\"><\/iframe><\/div>\n<p><script src=\"https:\/\/player.vimeo.com\/api\/player.js\"><\/script><\/p>\n<hr \/>\n<h4><b data-stringify-type=\"bold\">Apoie nossos esfor\u00e7os para fornecer apoio estrat\u00e9gico \u00e0s favelas do Rio, incluindo o jornalismo hiperlocal, cr\u00edtico, inovador e incans\u00e1vel do <\/b><b data-stringify-type=\"bold\"><i data-stringify-type=\"italic\">RioOnWatch<\/i><\/b>\u2014<b data-stringify-type=\"bold\"><a class=\"c-link\" href=\"http:\/\/www.bit.ly\/ApoieROW\" target=\"_blank\" rel=\"noopener noreferrer\" data-stringify-link=\"http:\/\/www.bit.ly\/ApoieROW\" data-sk=\"tooltip_parent\">doe aqui<\/a><\/b><b data-stringify-type=\"bold\">.<\/b><\/h4>\n<!-- AddThis Advanced Settings generic via filter on the_content --><!-- AddThis Share Buttons generic via filter on the_content -->","protected":false},"excerpt":{"rendered":"<div class=\"mh-excerpt\"><p>Click Here for English O evento de encerramento do Festival Internacional do Termo Territorial Coletivo inaugural de 2021 foi a live &#8220;Os TTCs e a Mobiliza\u00e7\u00e3o Comunit\u00e1ria&#8220;, que aconteceu no dia 07 de dezembro e <a class=\"mh-excerpt-more\" href=\"https:\/\/rioonwatch.org.br\/?p=60512\" title=\"A Import\u00e2ncia da Mobiliza\u00e7\u00e3o Comunit\u00e1ria em TTCs pelo Mundo [LIVE]\">[&#8230;]<\/a><!-- AddThis Advanced Settings generic via filter on get_the_excerpt --><!-- AddThis Share Buttons generic via filter on get_the_excerpt --><\/p>\n<\/div>","protected":false},"author":175,"featured_media":60812,"comment_status":"closed","ping_status":"closed","sticky":false,"template":"","format":"standard","meta":{"_acf_changed":false,"_monsterinsights_skip_tracking":false,"_monsterinsights_sitenote_active":false,"_monsterinsights_sitenote_note":"","_monsterinsights_sitenote_category":0,"footnotes":""},"categories":[1617,1621,1627,342,1638],"tags":[1170,2711,2522,2418,424,818,1885,922,395,909,1795,1151,2138,1347,476,711,2352],"writer":[2718],"translator":[],"source":[],"ilustrador":[],"fotografo":[],"class_list":{"0":"post-60512","1":"post","2":"type-post","3":"status-publish","4":"format-standard","5":"has-post-thumbnail","7":"category-olhonagentrificacao","8":"category-destaque","9":"category-relato-de-evento","10":"category-solucoes","11":"category-video","12":"tag-america-latina","13":"tag-belgica","14":"tag-cano-martin-pena","15":"tag-comunidade","16":"tag-direito-a-moradia","17":"tag-eua","18":"tag-europa","19":"tag-evento","20":"tag-gentrificacao-remocao-branca","21":"tag-habitacao-acessivel","22":"tag-lideranca-comunitaria","23":"tag-organizacao","24":"tag-porto-rico","25":"tag-solucao","26":"tag-solucao-comunitaria","27":"tag-clt","28":"tag-uk","29":"writer-felipe-litsek"},"acf":[],"yoast_head":"<!-- This site is optimized with the Yoast SEO plugin v25.6 - https:\/\/yoast.com\/wordpress\/plugins\/seo\/ -->\n<title>A Import\u00e2ncia da Mobiliza\u00e7\u00e3o Comunit\u00e1ria em TTCs pelo Mundo [LIVE] - RioOnWatch<\/title>\n<meta name=\"robots\" content=\"index, follow, max-snippet:-1, max-image-preview:large, max-video-preview:-1\" \/>\n<link rel=\"canonical\" href=\"https:\/\/rioonwatch.org.br\/?p=60512\" \/>\n<meta property=\"og:locale\" content=\"pt_BR\" \/>\n<meta property=\"og:type\" content=\"article\" \/>\n<meta property=\"og:title\" content=\"A Import\u00e2ncia da Mobiliza\u00e7\u00e3o Comunit\u00e1ria em TTCs pelo Mundo [LIVE] - RioOnWatch\" \/>\n<meta property=\"og:description\" content=\"Click Here for English O evento de encerramento do Festival Internacional do Termo Territorial Coletivo inaugural de 2021 foi a live &#8220;Os TTCs e a Mobiliza\u00e7\u00e3o Comunit\u00e1ria&#8220;, que aconteceu no dia 07 de dezembro e [...]\" \/>\n<meta property=\"og:url\" content=\"https:\/\/rioonwatch.org.br\/?p=60512\" \/>\n<meta property=\"og:site_name\" content=\"RioOnWatch\" \/>\n<meta property=\"article:published_time\" content=\"2022-03-04T11:33:35+00:00\" \/>\n<meta property=\"article:modified_time\" content=\"2022-04-05T14:14:41+00:00\" \/>\n<meta property=\"og:image\" content=\"https:\/\/rioonwatch.org.br\/wp-content\/uploads\/2022\/03\/New-Communities.jpg\" \/>\n\t<meta property=\"og:image:width\" content=\"2550\" \/>\n\t<meta property=\"og:image:height\" content=\"1700\" \/>\n\t<meta property=\"og:image:type\" content=\"image\/jpeg\" \/>\n<meta name=\"author\" content=\"Enrico Fedi\" \/>\n<meta name=\"twitter:card\" content=\"summary_large_image\" \/>\n<meta name=\"twitter:label1\" content=\"Escrito por\" \/>\n\t<meta name=\"twitter:data1\" content=\"Enrico Fedi\" \/>\n\t<meta name=\"twitter:label2\" content=\"Est. tempo de leitura\" \/>\n\t<meta name=\"twitter:data2\" content=\"8 minutos\" \/>\n<script type=\"application\/ld+json\" class=\"yoast-schema-graph\">{\"@context\":\"https:\/\/schema.org\",\"@graph\":[{\"@type\":\"Article\",\"@id\":\"https:\/\/rioonwatch.org.br\/?p=60512#article\",\"isPartOf\":{\"@id\":\"https:\/\/rioonwatch.org.br\/?p=60512\"},\"author\":{\"name\":\"Enrico Fedi\",\"@id\":\"https:\/\/rioonwatch.org.br\/#\/schema\/person\/a303e974b1bd619eecee3722a4dcdc9d\"},\"headline\":\"A Import\u00e2ncia da Mobiliza\u00e7\u00e3o Comunit\u00e1ria em TTCs pelo Mundo [LIVE]\",\"datePublished\":\"2022-03-04T11:33:35+00:00\",\"dateModified\":\"2022-04-05T14:14:41+00:00\",\"mainEntityOfPage\":{\"@id\":\"https:\/\/rioonwatch.org.br\/?p=60512\"},\"wordCount\":1466,\"publisher\":{\"@id\":\"https:\/\/rioonwatch.org.br\/#organization\"},\"image\":{\"@id\":\"https:\/\/rioonwatch.org.br\/?p=60512#primaryimage\"},\"thumbnailUrl\":\"https:\/\/rioonwatch.org.br\/wp-content\/uploads\/2022\/03\/New-Communities.jpg\",\"keywords\":[\"Am\u00e9rica Latina\",\"B\u00e9lgica\",\"Ca\u00f1o Mart\u00edn Pe\u00f1a\",\"comunidade\",\"Direito \u00e0 Moradia\",\"EUA\",\"Europa\",\"evento\",\"gentrifica\u00e7\u00e3o\",\"habita\u00e7\u00e3o acess\u00edvel\",\"lideran\u00e7a comunit\u00e1ria\",\"mobiliza\u00e7\u00e3o\",\"Porto Rico\",\"solu\u00e7\u00e3o\",\"solu\u00e7\u00e3o comunit\u00e1ria\",\"Termo Territorial Coletivo (TTC) \/ Community Land Trust (CLT)\",\"UK\"],\"articleSection\":[\"#OlhoNaGentrifica\u00e7\u00e3o\",\"*Destaque\",\"Cobertura de Eventos\",\"Solu\u00e7\u00f5es\",\"V\u00eddeo\"],\"inLanguage\":\"pt-BR\"},{\"@type\":\"WebPage\",\"@id\":\"https:\/\/rioonwatch.org.br\/?p=60512\",\"url\":\"https:\/\/rioonwatch.org.br\/?p=60512\",\"name\":\"A Import\u00e2ncia da Mobiliza\u00e7\u00e3o Comunit\u00e1ria em TTCs pelo Mundo [LIVE] - RioOnWatch\",\"isPartOf\":{\"@id\":\"https:\/\/rioonwatch.org.br\/#website\"},\"primaryImageOfPage\":{\"@id\":\"https:\/\/rioonwatch.org.br\/?p=60512#primaryimage\"},\"image\":{\"@id\":\"https:\/\/rioonwatch.org.br\/?p=60512#primaryimage\"},\"thumbnailUrl\":\"https:\/\/rioonwatch.org.br\/wp-content\/uploads\/2022\/03\/New-Communities.jpg\",\"datePublished\":\"2022-03-04T11:33:35+00:00\",\"dateModified\":\"2022-04-05T14:14:41+00:00\",\"breadcrumb\":{\"@id\":\"https:\/\/rioonwatch.org.br\/?p=60512#breadcrumb\"},\"inLanguage\":\"pt-BR\",\"potentialAction\":[{\"@type\":\"ReadAction\",\"target\":[\"https:\/\/rioonwatch.org.br\/?p=60512\"]}]},{\"@type\":\"ImageObject\",\"inLanguage\":\"pt-BR\",\"@id\":\"https:\/\/rioonwatch.org.br\/?p=60512#primaryimage\",\"url\":\"https:\/\/rioonwatch.org.br\/wp-content\/uploads\/2022\/03\/New-Communities.jpg\",\"contentUrl\":\"https:\/\/rioonwatch.org.br\/wp-content\/uploads\/2022\/03\/New-Communities.jpg\",\"width\":2550,\"height\":1700,\"caption\":\"O primeiro TTC, New Communities, foi realizado por agricultores negros norte-americanos atrav\u00e9s de um grande processo de mobiliza\u00e7\u00e3o social. Imagens: NewCommunities.com\"},{\"@type\":\"BreadcrumbList\",\"@id\":\"https:\/\/rioonwatch.org.br\/?p=60512#breadcrumb\",\"itemListElement\":[{\"@type\":\"ListItem\",\"position\":1,\"name\":\"In\u00edcio\",\"item\":\"https:\/\/rioonwatch.org.br\/\"},{\"@type\":\"ListItem\",\"position\":2,\"name\":\"A Import\u00e2ncia da Mobiliza\u00e7\u00e3o Comunit\u00e1ria em TTCs pelo Mundo [LIVE]\"}]},{\"@type\":\"WebSite\",\"@id\":\"https:\/\/rioonwatch.org.br\/#website\",\"url\":\"https:\/\/rioonwatch.org.br\/\",\"name\":\"RioOnWatch\",\"description\":\"relatos das favelas cariocas\",\"publisher\":{\"@id\":\"https:\/\/rioonwatch.org.br\/#organization\"},\"potentialAction\":[{\"@type\":\"SearchAction\",\"target\":{\"@type\":\"EntryPoint\",\"urlTemplate\":\"https:\/\/rioonwatch.org.br\/?s={search_term_string}\"},\"query-input\":{\"@type\":\"PropertyValueSpecification\",\"valueRequired\":true,\"valueName\":\"search_term_string\"}}],\"inLanguage\":\"pt-BR\"},{\"@type\":\"Organization\",\"@id\":\"https:\/\/rioonwatch.org.br\/#organization\",\"name\":\"RioOnWatch\",\"url\":\"https:\/\/rioonwatch.org.br\/\",\"logo\":{\"@type\":\"ImageObject\",\"inLanguage\":\"pt-BR\",\"@id\":\"https:\/\/rioonwatch.org.br\/#\/schema\/logo\/image\/\",\"url\":\"https:\/\/rioonwatch.org.br\/wp-content\/uploads\/2021\/06\/RioOnWatchcabecalhoPT11anos-2.png\",\"contentUrl\":\"https:\/\/rioonwatch.org.br\/wp-content\/uploads\/2021\/06\/RioOnWatchcabecalhoPT11anos-2.png\",\"width\":779,\"height\":277,\"caption\":\"RioOnWatch\"},\"image\":{\"@id\":\"https:\/\/rioonwatch.org.br\/#\/schema\/logo\/image\/\"}},{\"@type\":\"Person\",\"@id\":\"https:\/\/rioonwatch.org.br\/#\/schema\/person\/a303e974b1bd619eecee3722a4dcdc9d\",\"name\":\"Enrico Fedi\",\"image\":{\"@type\":\"ImageObject\",\"inLanguage\":\"pt-BR\",\"@id\":\"https:\/\/rioonwatch.org.br\/#\/schema\/person\/image\/\",\"url\":\"https:\/\/secure.gravatar.com\/avatar\/b295a642509c08670e742bc2070ac908?s=96&d=blank&r=g\",\"contentUrl\":\"https:\/\/secure.gravatar.com\/avatar\/b295a642509c08670e742bc2070ac908?s=96&d=blank&r=g\",\"caption\":\"Enrico Fedi\"},\"url\":\"https:\/\/rioonwatch.org.br\/?author=175\"}]}<\/script>\n<!-- \/ Yoast SEO plugin. -->","yoast_head_json":{"title":"A Import\u00e2ncia da Mobiliza\u00e7\u00e3o Comunit\u00e1ria em TTCs pelo Mundo [LIVE] - RioOnWatch","robots":{"index":"index","follow":"follow","max-snippet":"max-snippet:-1","max-image-preview":"max-image-preview:large","max-video-preview":"max-video-preview:-1"},"canonical":"https:\/\/rioonwatch.org.br\/?p=60512","og_locale":"pt_BR","og_type":"article","og_title":"A Import\u00e2ncia da Mobiliza\u00e7\u00e3o Comunit\u00e1ria em TTCs pelo Mundo [LIVE] - RioOnWatch","og_description":"Click Here for English O evento de encerramento do Festival Internacional do Termo Territorial Coletivo inaugural de 2021 foi a live &#8220;Os TTCs e a Mobiliza\u00e7\u00e3o Comunit\u00e1ria&#8220;, que aconteceu no dia 07 de dezembro e [...]","og_url":"https:\/\/rioonwatch.org.br\/?p=60512","og_site_name":"RioOnWatch","article_published_time":"2022-03-04T11:33:35+00:00","article_modified_time":"2022-04-05T14:14:41+00:00","og_image":[{"width":2550,"height":1700,"url":"https:\/\/rioonwatch.org.br\/wp-content\/uploads\/2022\/03\/New-Communities.jpg","type":"image\/jpeg"}],"author":"Enrico Fedi","twitter_card":"summary_large_image","twitter_misc":{"Escrito por":"Enrico Fedi","Est. tempo de leitura":"8 minutos"},"schema":{"@context":"https:\/\/schema.org","@graph":[{"@type":"Article","@id":"https:\/\/rioonwatch.org.br\/?p=60512#article","isPartOf":{"@id":"https:\/\/rioonwatch.org.br\/?p=60512"},"author":{"name":"Enrico Fedi","@id":"https:\/\/rioonwatch.org.br\/#\/schema\/person\/a303e974b1bd619eecee3722a4dcdc9d"},"headline":"A Import\u00e2ncia da Mobiliza\u00e7\u00e3o Comunit\u00e1ria em TTCs pelo Mundo [LIVE]","datePublished":"2022-03-04T11:33:35+00:00","dateModified":"2022-04-05T14:14:41+00:00","mainEntityOfPage":{"@id":"https:\/\/rioonwatch.org.br\/?p=60512"},"wordCount":1466,"publisher":{"@id":"https:\/\/rioonwatch.org.br\/#organization"},"image":{"@id":"https:\/\/rioonwatch.org.br\/?p=60512#primaryimage"},"thumbnailUrl":"https:\/\/rioonwatch.org.br\/wp-content\/uploads\/2022\/03\/New-Communities.jpg","keywords":["Am\u00e9rica Latina","B\u00e9lgica","Ca\u00f1o Mart\u00edn Pe\u00f1a","comunidade","Direito \u00e0 Moradia","EUA","Europa","evento","gentrifica\u00e7\u00e3o","habita\u00e7\u00e3o acess\u00edvel","lideran\u00e7a comunit\u00e1ria","mobiliza\u00e7\u00e3o","Porto Rico","solu\u00e7\u00e3o","solu\u00e7\u00e3o comunit\u00e1ria","Termo Territorial Coletivo (TTC) \/ Community Land Trust (CLT)","UK"],"articleSection":["#OlhoNaGentrifica\u00e7\u00e3o","*Destaque","Cobertura de Eventos","Solu\u00e7\u00f5es","V\u00eddeo"],"inLanguage":"pt-BR"},{"@type":"WebPage","@id":"https:\/\/rioonwatch.org.br\/?p=60512","url":"https:\/\/rioonwatch.org.br\/?p=60512","name":"A Import\u00e2ncia da Mobiliza\u00e7\u00e3o Comunit\u00e1ria em TTCs pelo Mundo [LIVE] - RioOnWatch","isPartOf":{"@id":"https:\/\/rioonwatch.org.br\/#website"},"primaryImageOfPage":{"@id":"https:\/\/rioonwatch.org.br\/?p=60512#primaryimage"},"image":{"@id":"https:\/\/rioonwatch.org.br\/?p=60512#primaryimage"},"thumbnailUrl":"https:\/\/rioonwatch.org.br\/wp-content\/uploads\/2022\/03\/New-Communities.jpg","datePublished":"2022-03-04T11:33:35+00:00","dateModified":"2022-04-05T14:14:41+00:00","breadcrumb":{"@id":"https:\/\/rioonwatch.org.br\/?p=60512#breadcrumb"},"inLanguage":"pt-BR","potentialAction":[{"@type":"ReadAction","target":["https:\/\/rioonwatch.org.br\/?p=60512"]}]},{"@type":"ImageObject","inLanguage":"pt-BR","@id":"https:\/\/rioonwatch.org.br\/?p=60512#primaryimage","url":"https:\/\/rioonwatch.org.br\/wp-content\/uploads\/2022\/03\/New-Communities.jpg","contentUrl":"https:\/\/rioonwatch.org.br\/wp-content\/uploads\/2022\/03\/New-Communities.jpg","width":2550,"height":1700,"caption":"O primeiro TTC, New Communities, foi realizado por agricultores negros norte-americanos atrav\u00e9s de um grande processo de mobiliza\u00e7\u00e3o social. Imagens: NewCommunities.com"},{"@type":"BreadcrumbList","@id":"https:\/\/rioonwatch.org.br\/?p=60512#breadcrumb","itemListElement":[{"@type":"ListItem","position":1,"name":"In\u00edcio","item":"https:\/\/rioonwatch.org.br\/"},{"@type":"ListItem","position":2,"name":"A Import\u00e2ncia da Mobiliza\u00e7\u00e3o Comunit\u00e1ria em TTCs pelo Mundo [LIVE]"}]},{"@type":"WebSite","@id":"https:\/\/rioonwatch.org.br\/#website","url":"https:\/\/rioonwatch.org.br\/","name":"RioOnWatch","description":"relatos das favelas cariocas","publisher":{"@id":"https:\/\/rioonwatch.org.br\/#organization"},"potentialAction":[{"@type":"SearchAction","target":{"@type":"EntryPoint","urlTemplate":"https:\/\/rioonwatch.org.br\/?s={search_term_string}"},"query-input":{"@type":"PropertyValueSpecification","valueRequired":true,"valueName":"search_term_string"}}],"inLanguage":"pt-BR"},{"@type":"Organization","@id":"https:\/\/rioonwatch.org.br\/#organization","name":"RioOnWatch","url":"https:\/\/rioonwatch.org.br\/","logo":{"@type":"ImageObject","inLanguage":"pt-BR","@id":"https:\/\/rioonwatch.org.br\/#\/schema\/logo\/image\/","url":"https:\/\/rioonwatch.org.br\/wp-content\/uploads\/2021\/06\/RioOnWatchcabecalhoPT11anos-2.png","contentUrl":"https:\/\/rioonwatch.org.br\/wp-content\/uploads\/2021\/06\/RioOnWatchcabecalhoPT11anos-2.png","width":779,"height":277,"caption":"RioOnWatch"},"image":{"@id":"https:\/\/rioonwatch.org.br\/#\/schema\/logo\/image\/"}},{"@type":"Person","@id":"https:\/\/rioonwatch.org.br\/#\/schema\/person\/a303e974b1bd619eecee3722a4dcdc9d","name":"Enrico Fedi","image":{"@type":"ImageObject","inLanguage":"pt-BR","@id":"https:\/\/rioonwatch.org.br\/#\/schema\/person\/image\/","url":"https:\/\/secure.gravatar.com\/avatar\/b295a642509c08670e742bc2070ac908?s=96&d=blank&r=g","contentUrl":"https:\/\/secure.gravatar.com\/avatar\/b295a642509c08670e742bc2070ac908?s=96&d=blank&r=g","caption":"Enrico Fedi"},"url":"https:\/\/rioonwatch.org.br\/?author=175"}]}},"_links":{"self":[{"href":"https:\/\/rioonwatch.org.br\/index.php?rest_route=\/wp\/v2\/posts\/60512"}],"collection":[{"href":"https:\/\/rioonwatch.org.br\/index.php?rest_route=\/wp\/v2\/posts"}],"about":[{"href":"https:\/\/rioonwatch.org.br\/index.php?rest_route=\/wp\/v2\/types\/post"}],"author":[{"embeddable":true,"href":"https:\/\/rioonwatch.org.br\/index.php?rest_route=\/wp\/v2\/users\/175"}],"replies":[{"embeddable":true,"href":"https:\/\/rioonwatch.org.br\/index.php?rest_route=%2Fwp%2Fv2%2Fcomments&post=60512"}],"version-history":[{"count":26,"href":"https:\/\/rioonwatch.org.br\/index.php?rest_route=\/wp\/v2\/posts\/60512\/revisions"}],"predecessor-version":[{"id":61236,"href":"https:\/\/rioonwatch.org.br\/index.php?rest_route=\/wp\/v2\/posts\/60512\/revisions\/61236"}],"wp:featuredmedia":[{"embeddable":true,"href":"https:\/\/rioonwatch.org.br\/index.php?rest_route=\/wp\/v2\/media\/60812"}],"wp:attachment":[{"href":"https:\/\/rioonwatch.org.br\/index.php?rest_route=%2Fwp%2Fv2%2Fmedia&parent=60512"}],"wp:term":[{"taxonomy":"category","embeddable":true,"href":"https:\/\/rioonwatch.org.br\/index.php?rest_route=%2Fwp%2Fv2%2Fcategories&post=60512"},{"taxonomy":"post_tag","embeddable":true,"href":"https:\/\/rioonwatch.org.br\/index.php?rest_route=%2Fwp%2Fv2%2Ftags&post=60512"},{"taxonomy":"writer","embeddable":true,"href":"https:\/\/rioonwatch.org.br\/index.php?rest_route=%2Fwp%2Fv2%2Fwriter&post=60512"},{"taxonomy":"translator","embeddable":true,"href":"https:\/\/rioonwatch.org.br\/index.php?rest_route=%2Fwp%2Fv2%2Ftranslator&post=60512"},{"taxonomy":"source","embeddable":true,"href":"https:\/\/rioonwatch.org.br\/index.php?rest_route=%2Fwp%2Fv2%2Fsource&post=60512"},{"taxonomy":"ilustrador","embeddable":true,"href":"https:\/\/rioonwatch.org.br\/index.php?rest_route=%2Fwp%2Fv2%2Filustrador&post=60512"},{"taxonomy":"fotografo","embeddable":true,"href":"https:\/\/rioonwatch.org.br\/index.php?rest_route=%2Fwp%2Fv2%2Ffotografo&post=60512"}],"curies":[{"name":"wp","href":"https:\/\/api.w.org\/{rel}","templated":true}]}}