{"id":60583,"date":"2022-02-28T12:24:30","date_gmt":"2022-02-28T15:24:30","guid":{"rendered":"https:\/\/rioonwatch.org.br\/?p=60583"},"modified":"2024-05-24T12:29:34","modified_gmt":"2024-05-24T15:29:34","slug":"sankofa-e-a-comunicacao-comunitaria-antirracista-video-completa-a-serie-enraizando-o-antirracismo-nas-favelas-trazendo-vozes-dos-comunicadores-que-compuseram-um-ano-de-materias-video","status":"publish","type":"post","link":"https:\/\/rioonwatch.org.br\/?p=60583","title":{"rendered":"Sankofa e a Comunica\u00e7\u00e3o Comunit\u00e1ria Antirracista: V\u00eddeo Completa a S\u00e9rie &#8216;Enraizando o Antirracismo nas Favelas&#8217;, Trazendo Vozes dos Comunicadores Que Compuseram Um Ano de Mat\u00e9rias [V\u00cdDEO]"},"content":{"rendered":"<p><iframe title=\"YouTube video player\" src=\"https:\/\/www.youtube.com\/embed\/FvwNs0aDyHg\" width=\"1030\" height=\"563\" frameborder=\"0\" allowfullscreen=\"allowfullscreen\"><span data-mce-type=\"bookmark\" style=\"display: inline-block; width: 0px; overflow: hidden; line-height: 0;\" class=\"mce_SELRES_start\">\ufeff<\/span><span data-mce-type=\"bookmark\" style=\"display: inline-block; width: 0px; overflow: hidden; line-height: 0;\" class=\"mce_SELRES_start\">\ufeff<\/span><\/iframe><\/p>\n<p style=\"text-align: right;\"><em><strong><a href=\"https:\/\/bit.ly\/AntiracistFinale\" target=\"_blank\" rel=\"noopener noreferrer\">Click Here for English<\/a><a href=\"XXXXXXXXX\" target=\"_blank\" rel=\"noopener noreferrer\"><img decoding=\"async\" class=\"alignright wp-image-15790\" src=\"http:\/\/rioonwatch.org.br\/wp-content\/uploads\/2012\/08\/EN-standard-e1439583104716.jpg\" alt=\"\" width=\"20\" height=\"20\" \/><\/a><\/strong><\/em><\/p>\n<p><em>Este <a href=\"https:\/\/bit.ly\/ROWAntirracistaVideo\" target=\"_blank\" rel=\"noopener\">minidocument\u00e1rio<\/a> encerra oficialmente nossa <a href=\"https:\/\/bit.ly\/ROWWinsAnthem\" target=\"_blank\" rel=\"noopener\">premiada<\/a> s\u00e9rie,<\/em><i><em> <a href=\"https:\/\/bit.ly\/SerieAntirracista\" target=\"_blank\" rel=\"noopener\">Enraizando o Antirracismo nas Favelas<\/a>, que publicou mais de 50 produtos midi\u00e1ticos ao longo de 2021-22 com o objetivo de desconstruir narrativas sociais sobre racismo no Rio de Janeiro.<\/em><\/i><\/p>\n<p><span style=\"font-weight: 400;\">O minidocument\u00e1rio <em>Sankofa e a Comunica\u00e7\u00e3o Comunit\u00e1ria Antirracista<\/em> traz um mosaico de vozes de comunicadores populares que participaram do projeto <a href=\"https:\/\/bit.ly\/SerieAntirracista\" target=\"_blank\" rel=\"noopener\">Enraizando o Antirracismo nas Favelas: Desconstruindo Narrativas Sociais sobre Racismo no Rio de Janeiro<\/a>, lan\u00e7ado pelo <em>RioOnWatch<\/em> <a href=\"http:\/\/bit.ly\/EnraizandoIntro\" target=\"_blank\" rel=\"noopener\">em 2021<\/a>. A partir de depoimentos \u00e9 apresentando como o projeto de comunica\u00e7\u00e3o desenvolveu uma a\u00e7\u00e3o antirracista nas favelas do Rio de Janeiro, tendo como plataforma narrativa o conceito do povo Akan, o Sankofa, significando &#8220;San&#8221; (voltar, retornar), &#8220;Ko&#8221; (ir), e &#8220;Fa&#8221; (olhar, buscar, pegar). Seja, n\u00e3o \u00e9 tabu voltar para tr\u00e1s e recuperar o que esqueceu.\u00a0<\/span><\/p>\n<p><span style=\"font-weight: 400;\">No minidocument\u00e1rio, que encerra oficialmente a s\u00e9rie antirracista, autores e ilustradores contam como foi construir e participar do projeto e produzir narrativas antirracistas, bem como ocupar esse lugar de comunicadores negros e de favelas, tratando a luta antirracista a partir de territ\u00f3rios e viv\u00eancias, intensamente marcados pelos efeitos estruturais e hist\u00f3ricos do tema.<\/span><\/p>\n<p>Na s\u00e9rie do projeto antirracista foram publicados semanalmente<i>\u2014<\/i>em portugu\u00eas e em <a href=\"https:\/\/bit.ly\/AntiracistFavelas\" target=\"_blank\" rel=\"noopener\">ingl\u00eas<\/a><i>\u2014<\/i><a href=\"https:\/\/bit.ly\/38eREPk\" target=\"_blank\" rel=\"noopener\">mat\u00e9rias<\/a>, <a href=\"https:\/\/bit.ly\/3EJTS7M\" target=\"_blank\" rel=\"noopener\">ilustra\u00e7\u00f5es<\/a>, <a href=\"https:\/\/bit.ly\/3kg7v4y\" target=\"_blank\" rel=\"noopener\">v\u00eddeos<\/a> e <a href=\"https:\/\/bit.ly\/364lYuD\" target=\"_blank\" rel=\"noopener\">podcasts<\/a> (tamb\u00e9m dispon\u00edvel no <a href=\"https:\/\/bit.ly\/PodcastAntirracista\" target=\"_blank\" rel=\"noopener\">Spotify<\/a>), debatendo quest\u00f5es raciais a partir da perspectiva de moradores de favelas do Rio de Janeiro. Ao todo, 51 comunicadores estiveram envolvidos na produ\u00e7\u00e3o de 45 ilustra\u00e7\u00f5es originais, 44 textos, 20 epis\u00f3dios de podcast e 10 v\u00eddeos. Dos participantes, 86% eram negras ou negros e 67% crias de favelas e periferias, de 24 favelas do <a href=\"http:\/\/bit.ly\/2kFp5ol\" target=\"_blank\" rel=\"noopener\">Grande Rio<\/a>, uma de <a href=\"http:\/\/bit.ly\/2RR28KT\" target=\"_blank\" rel=\"noopener\">S\u00e3o Paulo<\/a> e uma de <a href=\"https:\/\/bit.ly\/3uwG8YY\" target=\"_blank\" rel=\"noopener\">Salvador<\/a>. Mulheres assinaram 56% dos conte\u00fados publicados e 68% das ilustra\u00e7\u00f5es.<\/p>\n<p>Nesse minidocument\u00e1rio, s\u00e3o apresentados 20 autores e ilustradores dos 51 que constru\u00edram a s\u00e9rie antirracista. Devido \u00e0 pandemia esta produ\u00e7\u00e3o foi pensada, gravada e editada de maneira remota. Em sua maioria, os comunicadores aqui presentes se autofilmaram e enviaram o material para a edi\u00e7\u00e3o de v\u00eddeo pela equipe de produ\u00e7\u00e3o do v\u00eddeo. Outros, no entanto, preferiram filmar na laje do <a href=\"https:\/\/bit.ly\/3sYBcMs\" target=\"_blank\" rel=\"noopener\">Ra\u00edzes em Movimento<\/a>, no <a href=\"http:\/\/bit.ly\/2ykrUy9\" target=\"_blank\" rel=\"noopener\">Complexo do Alem\u00e3o<\/a>, seguindo todos os protocolos sanit\u00e1rios contra o coronav\u00edrus.<\/p>\n<p>Fevereiro de 2022 marca o encerramento do projeto, exatamente no mesmo m\u00eas em que ele \u00e9\u00a0<a href=\"https:\/\/bit.ly\/ROWWinsAnthem\" target=\"_blank\" rel=\"noopener\">premiado com a prata no 1\u00ba The Anthem Awards<\/a>, na categoria Diversidade, Equidade e Inclus\u00e3o, destinada a trabalhos de grande impacto social por todo o mundo. Isso significa que o <em>Enraizando o Antirracismo nas Favelas: Desconstruindo Narrativas Sociais sobre Racismo no Rio de Janeiro<\/em> est\u00e1 entre os melhores programas de conscientiza\u00e7\u00e3o local do mundo, ao lado de iniciativas de grandes organiza\u00e7\u00f5es internacionais.<\/p>\n<h3>Assista o Minidoc <a href=\"https:\/\/bit.ly\/ROWAntirracistaVideo\" target=\"_blank\" rel=\"noopener\">Aqui<\/a>.<\/h3>\n<p><i>Sobre o editor e roteirista: <a href=\"https:\/\/bit.ly\/3aaDQGG\" target=\"_blank\" rel=\"noopener\">David Amen<\/a> \u00e9 jornalista e cria do <a href=\"http:\/\/bit.ly\/2wIyn5a\" target=\"_blank\" rel=\"noopener\">Complexo do Alem\u00e3o<\/a>, co-fundador e produtor de comunica\u00e7\u00e3o do <a href=\"http:\/\/bit.ly\/2F45IMx\" target=\"_blank\" rel=\"noopener\">Instituto Ra\u00edzes em Movimento<\/a>, grafiteiro e ilustrador.<\/i><\/p>\n<p><i>Sobre a roteirista: <\/i><em><a href=\"https:\/\/bit.ly\/3o2YA7Q\" rel=\"noopener\">Tatiana Lima<\/a>\u00a0\u00e9 jornalista e comunicadora popular de cora\u00e7\u00e3o. Feminista negra, integrante do\u00a0<a href=\"https:\/\/bit.ly\/3mZf3bS\" rel=\"noopener\">Grupo de Pesquisa Pesquisadores Em Movimento<\/a>\u00a0do Complexo do Alem\u00e3o, atua como rep\u00f3rter no RioOnWatch. Cria de favela, negra de pele clara, mora no asfalto perif\u00e9rico do sub\u00farbio do Rio e \u00e9 doutoranda em comunica\u00e7\u00e3o pela\u00a0<a href=\"http:\/\/bit.ly\/3h2kC6O\" rel=\"noopener\">UFF<\/a>.\u00a0<\/em><\/p>\n<h4><b>Compartilhe com a gente a sua opini\u00e3o sobre essa mat\u00e9ria <\/b><a href=\"https:\/\/bit.ly\/OpineAntirracismo\" target=\"_blank\" rel=\"noopener\"><b>clicando aqui<\/b><\/a><b>.<\/b><\/h4>\n<hr \/>\n<p><b>Apoie nossos esfor\u00e7os para fornecer apoio estrat\u00e9gico \u00e0s favelas do Rio, incluindo o jornalismo hiperlocal, cr\u00edtico, inovador e incans\u00e1vel do <\/b><b><i>RioOnWatch<\/i><\/b><b>\u2014<\/b><a href=\"http:\/\/www.bit.ly\/ApoieROW\" target=\"_blank\" rel=\"noopener\"><b>doe aqui<\/b><\/a><b>.<\/b><\/p>\n<!-- AddThis Advanced Settings generic via filter on the_content --><!-- AddThis Share Buttons generic via filter on the_content -->","protected":false},"excerpt":{"rendered":"<div class=\"mh-excerpt\"><p>\ufeff\ufeff Click Here for English Este minidocument\u00e1rio encerra oficialmente nossa premiada s\u00e9rie, Enraizando o Antirracismo nas Favelas, que publicou mais de 50 produtos midi\u00e1ticos ao longo de 2021-22 com o objetivo de desconstruir narrativas sociais <a class=\"mh-excerpt-more\" href=\"https:\/\/rioonwatch.org.br\/?p=60583\" title=\"Sankofa e a Comunica\u00e7\u00e3o Comunit\u00e1ria Antirracista: V\u00eddeo Completa a S\u00e9rie &#8216;Enraizando o Antirracismo nas Favelas&#8217;, Trazendo Vozes dos Comunicadores Que Compuseram Um Ano de Mat\u00e9rias [V\u00cdDEO]\">[&#8230;]<\/a><!-- AddThis Advanced Settings generic via filter on get_the_excerpt --><!-- AddThis Share Buttons generic via filter on get_the_excerpt --><\/p>\n<\/div>","protected":false},"author":173,"featured_media":60786,"comment_status":"closed","ping_status":"closed","sticky":false,"template":"template-full.php","format":"standard","meta":{"_acf_changed":false,"_monsterinsights_skip_tracking":false,"_monsterinsights_sitenote_active":false,"_monsterinsights_sitenote_note":"","_monsterinsights_sitenote_category":0,"footnotes":""},"categories":[1621,1625,342,1638],"tags":[3253,217,2748,688,1372,1970,936,1517,1807,998,2974,1810],"writer":[3069,2800],"translator":[],"source":[],"ilustrador":[],"fotografo":[3138],"class_list":{"0":"post-60583","1":"post","2":"type-post","3":"status-publish","4":"format-standard","5":"has-post-thumbnail","7":"category-destaque","8":"category-por-correspondentes-comunitarios","9":"category-solucoes","10":"category-video","11":"tag-antirracismo","12":"tag-complexo-do-alemao","13":"tag-coronavirus","14":"tag-empoderamento","15":"tag-grande-rio","16":"tag-negritude","17":"tag-raca","18":"tag-raizes-em-movimento","19":"tag-salvador","20":"tag-sao-paulo","21":"tag-serie-antirracismo","22":"tag-video","23":"writer-david-amen","24":"writer-tatiana-lima","25":"fotografo-david-amen"},"acf":[],"yoast_head":"<!-- This site is optimized with the Yoast SEO plugin v25.6 - https:\/\/yoast.com\/wordpress\/plugins\/seo\/ -->\n<title>Sankofa e a Comunica\u00e7\u00e3o Comunit\u00e1ria Antirracista: V\u00eddeo Completa a S\u00e9rie &#039;Enraizando o Antirracismo nas Favelas&#039;, Trazendo Vozes dos Comunicadores Que Compuseram Um Ano de Mat\u00e9rias [V\u00cdDEO] - RioOnWatch<\/title>\n<meta name=\"robots\" content=\"index, follow, max-snippet:-1, max-image-preview:large, max-video-preview:-1\" \/>\n<link rel=\"canonical\" href=\"https:\/\/rioonwatch.org.br\/?p=60583\" \/>\n<meta property=\"og:locale\" content=\"pt_BR\" \/>\n<meta property=\"og:type\" content=\"article\" \/>\n<meta property=\"og:title\" content=\"Sankofa e a Comunica\u00e7\u00e3o Comunit\u00e1ria Antirracista: V\u00eddeo Completa a S\u00e9rie &#039;Enraizando o Antirracismo nas Favelas&#039;, Trazendo Vozes dos Comunicadores Que Compuseram Um Ano de Mat\u00e9rias [V\u00cdDEO] - RioOnWatch\" \/>\n<meta property=\"og:description\" content=\"\ufeff\ufeff Click Here for English Este minidocument\u00e1rio encerra oficialmente nossa premiada s\u00e9rie, Enraizando o Antirracismo nas Favelas, que publicou mais de 50 produtos midi\u00e1ticos ao longo de 2021-22 com o objetivo de desconstruir narrativas sociais [...]\" \/>\n<meta property=\"og:url\" content=\"https:\/\/rioonwatch.org.br\/?p=60583\" \/>\n<meta property=\"og:site_name\" content=\"RioOnWatch\" \/>\n<meta property=\"article:published_time\" content=\"2022-02-28T15:24:30+00:00\" \/>\n<meta property=\"article:modified_time\" content=\"2024-05-24T15:29:34+00:00\" \/>\n<meta property=\"og:image\" content=\"https:\/\/rioonwatch.org.br\/wp-content\/uploads\/2022\/02\/SE\u0301RIE-ANTIRRACISMO_ROW_FINAL.jpg\" \/>\n\t<meta property=\"og:image:width\" content=\"2400\" \/>\n\t<meta property=\"og:image:height\" content=\"1400\" \/>\n\t<meta property=\"og:image:type\" content=\"image\/jpeg\" \/>\n<meta name=\"author\" content=\"Jaqueline Suarez\" \/>\n<meta name=\"twitter:card\" content=\"summary_large_image\" \/>\n<meta name=\"twitter:label1\" content=\"Escrito por\" \/>\n\t<meta name=\"twitter:data1\" content=\"Jaqueline Suarez\" \/>\n\t<meta name=\"twitter:label2\" content=\"Est. tempo de leitura\" \/>\n\t<meta name=\"twitter:data2\" content=\"3 minutos\" \/>\n<script type=\"application\/ld+json\" class=\"yoast-schema-graph\">{\"@context\":\"https:\/\/schema.org\",\"@graph\":[{\"@type\":\"Article\",\"@id\":\"https:\/\/rioonwatch.org.br\/?p=60583#article\",\"isPartOf\":{\"@id\":\"https:\/\/rioonwatch.org.br\/?p=60583\"},\"author\":{\"name\":\"Jaqueline Suarez\",\"@id\":\"https:\/\/rioonwatch.org.br\/#\/schema\/person\/27a3e25cbd933699e83d02c984584792\"},\"headline\":\"Sankofa e a Comunica\u00e7\u00e3o Comunit\u00e1ria Antirracista: V\u00eddeo Completa a S\u00e9rie &#8216;Enraizando o Antirracismo nas Favelas&#8217;, Trazendo Vozes dos Comunicadores Que Compuseram Um Ano de Mat\u00e9rias [V\u00cdDEO]\",\"datePublished\":\"2022-02-28T15:24:30+00:00\",\"dateModified\":\"2024-05-24T15:29:34+00:00\",\"mainEntityOfPage\":{\"@id\":\"https:\/\/rioonwatch.org.br\/?p=60583\"},\"wordCount\":629,\"publisher\":{\"@id\":\"https:\/\/rioonwatch.org.br\/#organization\"},\"image\":{\"@id\":\"https:\/\/rioonwatch.org.br\/?p=60583#primaryimage\"},\"thumbnailUrl\":\"https:\/\/rioonwatch.org.br\/wp-content\/uploads\/2022\/02\/SE\u0301RIE-ANTIRRACISMO_ROW_FINAL.jpg\",\"keywords\":[\"Antirracismo\",\"Complexo do Alem\u00e3o\",\"coronav\u00edrus\",\"empoderamento\",\"Grande Rio\",\"negritude\",\"ra\u00e7a\",\"Ra\u00edzes em Movimento\",\"Salvador\",\"S\u00e3o Paulo\",\"S\u00e9rie: Antirracismo\",\"v\u00eddeo\"],\"articleSection\":[\"*Destaque\",\"Escrito por Comunicadores Populares\",\"Solu\u00e7\u00f5es\",\"V\u00eddeo\"],\"inLanguage\":\"pt-BR\"},{\"@type\":\"WebPage\",\"@id\":\"https:\/\/rioonwatch.org.br\/?p=60583\",\"url\":\"https:\/\/rioonwatch.org.br\/?p=60583\",\"name\":\"Sankofa e a Comunica\u00e7\u00e3o Comunit\u00e1ria Antirracista: V\u00eddeo Completa a S\u00e9rie 'Enraizando o Antirracismo nas Favelas', Trazendo Vozes dos Comunicadores Que Compuseram Um Ano de Mat\u00e9rias [V\u00cdDEO] - RioOnWatch\",\"isPartOf\":{\"@id\":\"https:\/\/rioonwatch.org.br\/#website\"},\"primaryImageOfPage\":{\"@id\":\"https:\/\/rioonwatch.org.br\/?p=60583#primaryimage\"},\"image\":{\"@id\":\"https:\/\/rioonwatch.org.br\/?p=60583#primaryimage\"},\"thumbnailUrl\":\"https:\/\/rioonwatch.org.br\/wp-content\/uploads\/2022\/02\/SE\u0301RIE-ANTIRRACISMO_ROW_FINAL.jpg\",\"datePublished\":\"2022-02-28T15:24:30+00:00\",\"dateModified\":\"2024-05-24T15:29:34+00:00\",\"breadcrumb\":{\"@id\":\"https:\/\/rioonwatch.org.br\/?p=60583#breadcrumb\"},\"inLanguage\":\"pt-BR\",\"potentialAction\":[{\"@type\":\"ReadAction\",\"target\":[\"https:\/\/rioonwatch.org.br\/?p=60583\"]}]},{\"@type\":\"ImageObject\",\"inLanguage\":\"pt-BR\",\"@id\":\"https:\/\/rioonwatch.org.br\/?p=60583#primaryimage\",\"url\":\"https:\/\/rioonwatch.org.br\/wp-content\/uploads\/2022\/02\/SE\u0301RIE-ANTIRRACISMO_ROW_FINAL.jpg\",\"contentUrl\":\"https:\/\/rioonwatch.org.br\/wp-content\/uploads\/2022\/02\/SE\u0301RIE-ANTIRRACISMO_ROW_FINAL.jpg\",\"width\":2400,\"height\":1400},{\"@type\":\"BreadcrumbList\",\"@id\":\"https:\/\/rioonwatch.org.br\/?p=60583#breadcrumb\",\"itemListElement\":[{\"@type\":\"ListItem\",\"position\":1,\"name\":\"In\u00edcio\",\"item\":\"https:\/\/rioonwatch.org.br\/\"},{\"@type\":\"ListItem\",\"position\":2,\"name\":\"Sankofa e a Comunica\u00e7\u00e3o Comunit\u00e1ria Antirracista: V\u00eddeo Completa a S\u00e9rie &#8216;Enraizando o Antirracismo nas Favelas&#8217;, Trazendo Vozes dos Comunicadores Que Compuseram Um Ano de Mat\u00e9rias [V\u00cdDEO]\"}]},{\"@type\":\"WebSite\",\"@id\":\"https:\/\/rioonwatch.org.br\/#website\",\"url\":\"https:\/\/rioonwatch.org.br\/\",\"name\":\"RioOnWatch\",\"description\":\"relatos das favelas cariocas\",\"publisher\":{\"@id\":\"https:\/\/rioonwatch.org.br\/#organization\"},\"potentialAction\":[{\"@type\":\"SearchAction\",\"target\":{\"@type\":\"EntryPoint\",\"urlTemplate\":\"https:\/\/rioonwatch.org.br\/?s={search_term_string}\"},\"query-input\":{\"@type\":\"PropertyValueSpecification\",\"valueRequired\":true,\"valueName\":\"search_term_string\"}}],\"inLanguage\":\"pt-BR\"},{\"@type\":\"Organization\",\"@id\":\"https:\/\/rioonwatch.org.br\/#organization\",\"name\":\"RioOnWatch\",\"url\":\"https:\/\/rioonwatch.org.br\/\",\"logo\":{\"@type\":\"ImageObject\",\"inLanguage\":\"pt-BR\",\"@id\":\"https:\/\/rioonwatch.org.br\/#\/schema\/logo\/image\/\",\"url\":\"https:\/\/rioonwatch.org.br\/wp-content\/uploads\/2021\/06\/RioOnWatchcabecalhoPT11anos-2.png\",\"contentUrl\":\"https:\/\/rioonwatch.org.br\/wp-content\/uploads\/2021\/06\/RioOnWatchcabecalhoPT11anos-2.png\",\"width\":779,\"height\":277,\"caption\":\"RioOnWatch\"},\"image\":{\"@id\":\"https:\/\/rioonwatch.org.br\/#\/schema\/logo\/image\/\"}},{\"@type\":\"Person\",\"@id\":\"https:\/\/rioonwatch.org.br\/#\/schema\/person\/27a3e25cbd933699e83d02c984584792\",\"name\":\"Jaqueline Suarez\",\"image\":{\"@type\":\"ImageObject\",\"inLanguage\":\"pt-BR\",\"@id\":\"https:\/\/rioonwatch.org.br\/#\/schema\/person\/image\/\",\"url\":\"https:\/\/secure.gravatar.com\/avatar\/7ea8c4643047d9478a10b734302473c0?s=96&d=blank&r=g\",\"contentUrl\":\"https:\/\/secure.gravatar.com\/avatar\/7ea8c4643047d9478a10b734302473c0?s=96&d=blank&r=g\",\"caption\":\"Jaqueline Suarez\"},\"url\":\"https:\/\/rioonwatch.org.br\/?author=173\"}]}<\/script>\n<!-- \/ Yoast SEO plugin. -->","yoast_head_json":{"title":"Sankofa e a Comunica\u00e7\u00e3o Comunit\u00e1ria Antirracista: V\u00eddeo Completa a S\u00e9rie 'Enraizando o Antirracismo nas Favelas', Trazendo Vozes dos Comunicadores Que Compuseram Um Ano de Mat\u00e9rias [V\u00cdDEO] - RioOnWatch","robots":{"index":"index","follow":"follow","max-snippet":"max-snippet:-1","max-image-preview":"max-image-preview:large","max-video-preview":"max-video-preview:-1"},"canonical":"https:\/\/rioonwatch.org.br\/?p=60583","og_locale":"pt_BR","og_type":"article","og_title":"Sankofa e a Comunica\u00e7\u00e3o Comunit\u00e1ria Antirracista: V\u00eddeo Completa a S\u00e9rie 'Enraizando o Antirracismo nas Favelas', Trazendo Vozes dos Comunicadores Que Compuseram Um Ano de Mat\u00e9rias [V\u00cdDEO] - RioOnWatch","og_description":"\ufeff\ufeff Click Here for English Este minidocument\u00e1rio encerra oficialmente nossa premiada s\u00e9rie, Enraizando o Antirracismo nas Favelas, que publicou mais de 50 produtos midi\u00e1ticos ao longo de 2021-22 com o objetivo de desconstruir narrativas sociais [...]","og_url":"https:\/\/rioonwatch.org.br\/?p=60583","og_site_name":"RioOnWatch","article_published_time":"2022-02-28T15:24:30+00:00","article_modified_time":"2024-05-24T15:29:34+00:00","og_image":[{"width":2400,"height":1400,"url":"https:\/\/rioonwatch.org.br\/wp-content\/uploads\/2022\/02\/SE\u0301RIE-ANTIRRACISMO_ROW_FINAL.jpg","type":"image\/jpeg"}],"author":"Jaqueline Suarez","twitter_card":"summary_large_image","twitter_misc":{"Escrito por":"Jaqueline Suarez","Est. tempo de leitura":"3 minutos"},"schema":{"@context":"https:\/\/schema.org","@graph":[{"@type":"Article","@id":"https:\/\/rioonwatch.org.br\/?p=60583#article","isPartOf":{"@id":"https:\/\/rioonwatch.org.br\/?p=60583"},"author":{"name":"Jaqueline Suarez","@id":"https:\/\/rioonwatch.org.br\/#\/schema\/person\/27a3e25cbd933699e83d02c984584792"},"headline":"Sankofa e a Comunica\u00e7\u00e3o Comunit\u00e1ria Antirracista: V\u00eddeo Completa a S\u00e9rie &#8216;Enraizando o Antirracismo nas Favelas&#8217;, Trazendo Vozes dos Comunicadores Que Compuseram Um Ano de Mat\u00e9rias [V\u00cdDEO]","datePublished":"2022-02-28T15:24:30+00:00","dateModified":"2024-05-24T15:29:34+00:00","mainEntityOfPage":{"@id":"https:\/\/rioonwatch.org.br\/?p=60583"},"wordCount":629,"publisher":{"@id":"https:\/\/rioonwatch.org.br\/#organization"},"image":{"@id":"https:\/\/rioonwatch.org.br\/?p=60583#primaryimage"},"thumbnailUrl":"https:\/\/rioonwatch.org.br\/wp-content\/uploads\/2022\/02\/SE\u0301RIE-ANTIRRACISMO_ROW_FINAL.jpg","keywords":["Antirracismo","Complexo do Alem\u00e3o","coronav\u00edrus","empoderamento","Grande Rio","negritude","ra\u00e7a","Ra\u00edzes em Movimento","Salvador","S\u00e3o Paulo","S\u00e9rie: Antirracismo","v\u00eddeo"],"articleSection":["*Destaque","Escrito por Comunicadores Populares","Solu\u00e7\u00f5es","V\u00eddeo"],"inLanguage":"pt-BR"},{"@type":"WebPage","@id":"https:\/\/rioonwatch.org.br\/?p=60583","url":"https:\/\/rioonwatch.org.br\/?p=60583","name":"Sankofa e a Comunica\u00e7\u00e3o Comunit\u00e1ria Antirracista: V\u00eddeo Completa a S\u00e9rie 'Enraizando o Antirracismo nas Favelas', Trazendo Vozes dos Comunicadores Que Compuseram Um Ano de Mat\u00e9rias [V\u00cdDEO] - RioOnWatch","isPartOf":{"@id":"https:\/\/rioonwatch.org.br\/#website"},"primaryImageOfPage":{"@id":"https:\/\/rioonwatch.org.br\/?p=60583#primaryimage"},"image":{"@id":"https:\/\/rioonwatch.org.br\/?p=60583#primaryimage"},"thumbnailUrl":"https:\/\/rioonwatch.org.br\/wp-content\/uploads\/2022\/02\/SE\u0301RIE-ANTIRRACISMO_ROW_FINAL.jpg","datePublished":"2022-02-28T15:24:30+00:00","dateModified":"2024-05-24T15:29:34+00:00","breadcrumb":{"@id":"https:\/\/rioonwatch.org.br\/?p=60583#breadcrumb"},"inLanguage":"pt-BR","potentialAction":[{"@type":"ReadAction","target":["https:\/\/rioonwatch.org.br\/?p=60583"]}]},{"@type":"ImageObject","inLanguage":"pt-BR","@id":"https:\/\/rioonwatch.org.br\/?p=60583#primaryimage","url":"https:\/\/rioonwatch.org.br\/wp-content\/uploads\/2022\/02\/SE\u0301RIE-ANTIRRACISMO_ROW_FINAL.jpg","contentUrl":"https:\/\/rioonwatch.org.br\/wp-content\/uploads\/2022\/02\/SE\u0301RIE-ANTIRRACISMO_ROW_FINAL.jpg","width":2400,"height":1400},{"@type":"BreadcrumbList","@id":"https:\/\/rioonwatch.org.br\/?p=60583#breadcrumb","itemListElement":[{"@type":"ListItem","position":1,"name":"In\u00edcio","item":"https:\/\/rioonwatch.org.br\/"},{"@type":"ListItem","position":2,"name":"Sankofa e a Comunica\u00e7\u00e3o Comunit\u00e1ria Antirracista: V\u00eddeo Completa a S\u00e9rie &#8216;Enraizando o Antirracismo nas Favelas&#8217;, Trazendo Vozes dos Comunicadores Que Compuseram Um Ano de Mat\u00e9rias [V\u00cdDEO]"}]},{"@type":"WebSite","@id":"https:\/\/rioonwatch.org.br\/#website","url":"https:\/\/rioonwatch.org.br\/","name":"RioOnWatch","description":"relatos das favelas cariocas","publisher":{"@id":"https:\/\/rioonwatch.org.br\/#organization"},"potentialAction":[{"@type":"SearchAction","target":{"@type":"EntryPoint","urlTemplate":"https:\/\/rioonwatch.org.br\/?s={search_term_string}"},"query-input":{"@type":"PropertyValueSpecification","valueRequired":true,"valueName":"search_term_string"}}],"inLanguage":"pt-BR"},{"@type":"Organization","@id":"https:\/\/rioonwatch.org.br\/#organization","name":"RioOnWatch","url":"https:\/\/rioonwatch.org.br\/","logo":{"@type":"ImageObject","inLanguage":"pt-BR","@id":"https:\/\/rioonwatch.org.br\/#\/schema\/logo\/image\/","url":"https:\/\/rioonwatch.org.br\/wp-content\/uploads\/2021\/06\/RioOnWatchcabecalhoPT11anos-2.png","contentUrl":"https:\/\/rioonwatch.org.br\/wp-content\/uploads\/2021\/06\/RioOnWatchcabecalhoPT11anos-2.png","width":779,"height":277,"caption":"RioOnWatch"},"image":{"@id":"https:\/\/rioonwatch.org.br\/#\/schema\/logo\/image\/"}},{"@type":"Person","@id":"https:\/\/rioonwatch.org.br\/#\/schema\/person\/27a3e25cbd933699e83d02c984584792","name":"Jaqueline Suarez","image":{"@type":"ImageObject","inLanguage":"pt-BR","@id":"https:\/\/rioonwatch.org.br\/#\/schema\/person\/image\/","url":"https:\/\/secure.gravatar.com\/avatar\/7ea8c4643047d9478a10b734302473c0?s=96&d=blank&r=g","contentUrl":"https:\/\/secure.gravatar.com\/avatar\/7ea8c4643047d9478a10b734302473c0?s=96&d=blank&r=g","caption":"Jaqueline Suarez"},"url":"https:\/\/rioonwatch.org.br\/?author=173"}]}},"_links":{"self":[{"href":"https:\/\/rioonwatch.org.br\/index.php?rest_route=\/wp\/v2\/posts\/60583"}],"collection":[{"href":"https:\/\/rioonwatch.org.br\/index.php?rest_route=\/wp\/v2\/posts"}],"about":[{"href":"https:\/\/rioonwatch.org.br\/index.php?rest_route=\/wp\/v2\/types\/post"}],"author":[{"embeddable":true,"href":"https:\/\/rioonwatch.org.br\/index.php?rest_route=\/wp\/v2\/users\/173"}],"replies":[{"embeddable":true,"href":"https:\/\/rioonwatch.org.br\/index.php?rest_route=%2Fwp%2Fv2%2Fcomments&post=60583"}],"version-history":[{"count":30,"href":"https:\/\/rioonwatch.org.br\/index.php?rest_route=\/wp\/v2\/posts\/60583\/revisions"}],"predecessor-version":[{"id":61183,"href":"https:\/\/rioonwatch.org.br\/index.php?rest_route=\/wp\/v2\/posts\/60583\/revisions\/61183"}],"wp:featuredmedia":[{"embeddable":true,"href":"https:\/\/rioonwatch.org.br\/index.php?rest_route=\/wp\/v2\/media\/60786"}],"wp:attachment":[{"href":"https:\/\/rioonwatch.org.br\/index.php?rest_route=%2Fwp%2Fv2%2Fmedia&parent=60583"}],"wp:term":[{"taxonomy":"category","embeddable":true,"href":"https:\/\/rioonwatch.org.br\/index.php?rest_route=%2Fwp%2Fv2%2Fcategories&post=60583"},{"taxonomy":"post_tag","embeddable":true,"href":"https:\/\/rioonwatch.org.br\/index.php?rest_route=%2Fwp%2Fv2%2Ftags&post=60583"},{"taxonomy":"writer","embeddable":true,"href":"https:\/\/rioonwatch.org.br\/index.php?rest_route=%2Fwp%2Fv2%2Fwriter&post=60583"},{"taxonomy":"translator","embeddable":true,"href":"https:\/\/rioonwatch.org.br\/index.php?rest_route=%2Fwp%2Fv2%2Ftranslator&post=60583"},{"taxonomy":"source","embeddable":true,"href":"https:\/\/rioonwatch.org.br\/index.php?rest_route=%2Fwp%2Fv2%2Fsource&post=60583"},{"taxonomy":"ilustrador","embeddable":true,"href":"https:\/\/rioonwatch.org.br\/index.php?rest_route=%2Fwp%2Fv2%2Filustrador&post=60583"},{"taxonomy":"fotografo","embeddable":true,"href":"https:\/\/rioonwatch.org.br\/index.php?rest_route=%2Fwp%2Fv2%2Ffotografo&post=60583"}],"curies":[{"name":"wp","href":"https:\/\/api.w.org\/{rel}","templated":true}]}}