{"id":61072,"date":"2022-05-27T07:00:33","date_gmt":"2022-05-27T10:00:33","guid":{"rendered":"https:\/\/rioonwatch.org.br\/?p=61072"},"modified":"2024-06-20T13:36:21","modified_gmt":"2024-06-20T16:36:21","slug":"a-sustentabilidade-da-comunicacao-impressa-comunitaria-e-popular-nas-favelas","status":"publish","type":"post","link":"https:\/\/rioonwatch.org.br\/?p=61072","title":{"rendered":"A Sustentabilidade da Comunica\u00e7\u00e3o Comunit\u00e1ria Impressa nas Favelas"},"content":{"rendered":"<h4 style=\"text-align: right;\"><em><strong><a href=\"https:\/\/bit.ly\/3s38FFt\" target=\"_blank\" rel=\"noopener noreferrer\">Click Here for English<\/a><a href=\"https:\/\/bit.ly\/3s38FFt\" target=\"_blank\" rel=\"noopener noreferrer\"><img decoding=\"async\" class=\"alignright wp-image-15790\" src=\"https:\/\/rioonwatch.org.br\/wp-content\/uploads\/2012\/08\/EN-standard-e1439583104716.jpg\" alt=\"\" width=\"20\" height=\"20\" \/><\/a><\/strong><\/em><\/h4>\n<h4>Do fechamento de gr\u00e1ficas at\u00e9 a falta de rentabilidade de m\u00eddias em favelas, comunicadores comunit\u00e1rios vivem o desafio de manter o jornalismo popular nas favelas cariocas vivo h\u00e1 40 anos.<\/h4>\n<p>O jornal <a href=\"https:\/\/bit.ly\/3LubMhb\" target=\"_blank\" rel=\"noopener\"><em>O Favel\u00e3o\u2014A Voz dos Favelados<\/em><\/a>, fundado pela <a href=\"https:\/\/bit.ly\/3lKk8rb\" rel=\"noopener\">Pastoral de Favelas<\/a> e lideran\u00e7as comunit\u00e1rias, em fun\u00e7\u00e3o da luta contra a remo\u00e7\u00e3o do <a href=\"http:\/\/bit.ly\/2xCoB59\" rel=\"noopener\">Morro do Vidigal<\/a>, em 1978<i>\u2014<\/i>de acordo com dados levantados pelo N\u00facleo Piratininga de Comunica\u00e7\u00e3o (<a href=\"https:\/\/bit.ly\/3i2GcdN\" target=\"_blank\" rel=\"noopener\">NPC<\/a>), segue em atividade. Mas, apesar de supostamente ainda circular de forma irregular, o <a href=\"https:\/\/bit.ly\/3LubMhb\" target=\"_blank\" rel=\"noopener\">projeto no formato original<\/a> no qual moradores de favelas s\u00e3o os protagonistas da voz pol\u00edtica da favela sucumbiu em 1986.<\/p>\n<p>O desafio do jornal de abarcar todas as favelas do Rio de Janeiro era ousado, principalmente, quando pensamos que o jornal almejava representar todos os moradores de favela, ser &#8220;a voz dos favelados&#8221;.\u00a0 No entanto, o fim do projeto de jornalismo no formato impresso do jornal est\u00e1 ligado diretamente ao t\u00e9rmino da viabilidade financeira, garantida \u00e0 \u00e9poca pela Funda\u00e7\u00e3o Ford. Produzir um jornal impresso \u00e9 caro. \u00c9 necess\u00e1rio, para al\u00e9m do trabalho e da remunera\u00e7\u00e3o justa dos comunicadores comunit\u00e1rios, arcar com os custos de diagrama\u00e7\u00e3o, fotografia, impress\u00e3o em gr\u00e1fica e distribui\u00e7\u00e3o.<\/p>\n<p>A sustentabilidade da comunica\u00e7\u00e3o comunit\u00e1ria e popular, especialmente em formato impresso, segue sendo uma miss\u00e3o travada por jornalistas e comunicadores comunit\u00e1rios at\u00e9 hoje nas favelas. O <a href=\"https:\/\/bit.ly\/3lrUwNx\" target=\"_blank\" rel=\"noopener\"><em>Fala Ro\u00e7a<\/em><\/a>, por exemplo,\u00a0\u00e9 um jornal comunit\u00e1rio que <span class=\"ILfuVd\"><span class=\"hgKElc\"><a href=\"https:\/\/bit.ly\/3MgOyvB\" target=\"_blank\" rel=\"noopener\">nasceu atrav\u00e9s de um grupo de jovens da Rocinha<\/a> que participaram de atividades criativas da <a href=\"http:\/\/bit.ly\/1FIZcn9\" target=\"_blank\" rel=\"noopener\">Ag\u00eancia de Redes Para Juventude<\/a>. Teve sua <a href=\"https:\/\/bit.ly\/3mIAv60\" target=\"_blank\" rel=\"noopener\">primeira<\/a><\/span><\/span><span class=\"ILfuVd\"><span class=\"hgKElc\"> vers\u00e3o impressa lan\u00e7ada em maio de 2013. <\/span><\/span><\/p>\n<p><a href=\"https:\/\/rioonwatch.org.br\/wp-content\/uploads\/2022\/03\/Foto_-Kita-Pedroza-2.jpeg\"><img fetchpriority=\"high\" decoding=\"async\" class=\"wp-image-61063 alignright\" title=\"Os irm\u00e3os Michel e Michele Silva entregando exemplares do Fala Ro\u00e7a na Rocinha. Foto: Kita Pedroza\" src=\"https:\/\/rioonwatch.org.br\/wp-content\/uploads\/2022\/03\/Foto_-Kita-Pedroza-2-620x413.jpeg\" alt=\"Os irm\u00e3os Michel e Michele Silva entregando exemplares do Fala Ro\u00e7a na Rocinha. Foto: Kita Pedroza\" width=\"400\" height=\"267\" srcset=\"https:\/\/rioonwatch.org.br\/wp-content\/uploads\/2022\/03\/Foto_-Kita-Pedroza-2-620x413.jpeg 620w, https:\/\/rioonwatch.org.br\/wp-content\/uploads\/2022\/03\/Foto_-Kita-Pedroza-2-944x629.jpeg 944w, https:\/\/rioonwatch.org.br\/wp-content\/uploads\/2022\/03\/Foto_-Kita-Pedroza-2-768x512.jpeg 768w, https:\/\/rioonwatch.org.br\/wp-content\/uploads\/2022\/03\/Foto_-Kita-Pedroza-2.jpeg 960w\" sizes=\"(max-width: 400px) 100vw, 400px\" \/><\/a><\/p>\n<p>O jornal impresso foi pensado como forma de penetrar offline na popula\u00e7\u00e3o da favela. O nome do jornal \u00e9 uma homenagem \u00e0 popula\u00e7\u00e3o de origem nordestina do morro. Com o avan\u00e7o da tecnologia, o <em>Fala Ro\u00e7a<\/em> foi se remodelando e <a href=\"https:\/\/bit.ly\/3dcAaDa\" target=\"_blank\" rel=\"noopener\">criou um site<\/a>. Passou a produzir reportagens tamb\u00e9m para a vers\u00e3o digital e v\u00eddeos, mas n\u00e3o abre m\u00e3o de circular em vers\u00e3o impressa. <span class=\"ILfuVd\"><span class=\"hgKElc\">No entanto, a produ\u00e7\u00e3o e distribui\u00e7\u00e3o do jornal impresso \u00e9 irregular devido \u00e0 dificuldade de sustentabilidade financeira. <\/span><\/span><\/p>\n<p>Com uma equipe fixa de cinco pessoas, o jornal conseguiu ter uma sede em 2021 e ministrou um curso de comunica\u00e7\u00e3o popular para forma\u00e7\u00e3o de novos comunicadores populares. Por\u00e9m, a vers\u00e3o impressa do jornal, com oito p\u00e1ginas coloridas, <a href=\"https:\/\/bit.ly\/3LhJy9B\" target=\"_blank\" rel=\"noopener\">n\u00e3o circula na favela desde outubro do ano passado<\/a>.<\/p>\n<p><a href=\"https:\/\/rioonwatch.org.br\/wp-content\/uploads\/2022\/03\/Foto_-Kita-Pedroza.jpeg\"><img decoding=\"async\" class=\"wp-image-61064 alignright\" title=\"Michele Silva distribuindo o jornal de beco em beco da favela da Rocinha. Foto: Kita Pedroza\" src=\"https:\/\/rioonwatch.org.br\/wp-content\/uploads\/2022\/03\/Foto_-Kita-Pedroza-620x413.jpeg\" alt=\"Michele Silva distribuindo o jornal de beco em beco da favela da Rocinha. Foto: Kita Pedroza\" width=\"400\" height=\"267\" srcset=\"https:\/\/rioonwatch.org.br\/wp-content\/uploads\/2022\/03\/Foto_-Kita-Pedroza-620x413.jpeg 620w, https:\/\/rioonwatch.org.br\/wp-content\/uploads\/2022\/03\/Foto_-Kita-Pedroza-944x629.jpeg 944w, https:\/\/rioonwatch.org.br\/wp-content\/uploads\/2022\/03\/Foto_-Kita-Pedroza-768x512.jpeg 768w, https:\/\/rioonwatch.org.br\/wp-content\/uploads\/2022\/03\/Foto_-Kita-Pedroza.jpeg 960w\" sizes=\"(max-width: 400px) 100vw, 400px\" \/><\/a>&#8220;Tivemos que cortar custos, mas estamos correndo atr\u00e1s para voltar. Acreditamos que em 2022, em pleno ano eleitoral, n\u00e3o podemos&#8230; [deixar de] ter mais um meio de informa\u00e7\u00e3o na pista. Vivemos uma onda de desinforma\u00e7\u00e3o. O impresso chega al\u00e9m da internet, dentro da casa das pessoas como uma fonte confi\u00e1vel e que mant\u00e9m credibilidade ao longo dos anos&#8221;, destacou <a href=\"https:\/\/bit.ly\/38IZ1l1\" target=\"_blank\" rel=\"noopener\">Michele Silva<\/a>, diretora do <em>Fala Ro\u00e7a<\/em>.<\/p>\n<p>Ela completa:<\/p>\n<blockquote><p>&#8220;\u00c9 imprescind\u00edvel que existam ve\u00edculos locais, com a vis\u00e3o de comunicadores criados ali para informar e contrapor o que a imprensa hegem\u00f4nica fala, e cobrir o que ela deixa de fora&#8221;.<\/p><\/blockquote>\n<p>A tiragem do <em>Fala Ro\u00e7a<\/em> era de 10.000 exemplares.<\/p>\n<p>O custo de impress\u00e3o de um jornal impresso varia de acordo com o valor cobrado pela gr\u00e1fica, mas sofreu aumento principalmente porque &#8220;o pre\u00e7o do papel \u00e9 atrelado ao d\u00f3lar&#8221;, explicou <a href=\"https:\/\/bit.ly\/3LwklZn\" target=\"_blank\" rel=\"noopener\">Michel Silva<\/a>, editor do <em>Fala Ro\u00e7a<\/em>. A alta do d\u00f3lar causou o fechamento de diversas gr\u00e1ficas no Rio de Janeiro, o que elevou ainda mais os custos de impress\u00e3o do jornal.<\/p>\n<p>Segundo Michel, &#8220;n\u00e3o \u00e9 f\u00e1cil rentabilizar um jornal feito na favela, do ponto de vista publicit\u00e1rio, porque as marcas e o com\u00e9rcio local n\u00e3o entendem o alcance que esse tipo de m\u00eddia tem na favela&#8221;, seja para sustentar os custos da produ\u00e7\u00e3o em formato online ou conseguir sustentabilidade financeira para arcar com os custos do formato impresso. No entanto, de acordo com ele, a circula\u00e7\u00e3o de jornais impressos nas favelas &#8220;ainda tem um poder de representatividade e di\u00e1logo com a favela muito importantes.&#8221;<\/p>\n<p><a href=\"https:\/\/rioonwatch.org.br\/wp-content\/uploads\/2016\/06\/13308197_1089031797801617_18552286736620676_o.jpg\"><img loading=\"lazy\" decoding=\"async\" class=\"aligncenter wp-image-20258 size-full\" title=\"Michel Silva do Fala Ro\u00e7a\" src=\"https:\/\/rioonwatch.org.br\/wp-content\/uploads\/2016\/06\/13308197_1089031797801617_18552286736620676_o.jpg\" alt=\"Michel Silva do Fala Ro\u00e7a\" width=\"1265\" height=\"550\" srcset=\"https:\/\/rioonwatch.org.br\/wp-content\/uploads\/2016\/06\/13308197_1089031797801617_18552286736620676_o.jpg 1265w, https:\/\/rioonwatch.org.br\/wp-content\/uploads\/2016\/06\/13308197_1089031797801617_18552286736620676_o-620x270.jpg 620w, https:\/\/rioonwatch.org.br\/wp-content\/uploads\/2016\/06\/13308197_1089031797801617_18552286736620676_o-768x334.jpg 768w, https:\/\/rioonwatch.org.br\/wp-content\/uploads\/2016\/06\/13308197_1089031797801617_18552286736620676_o-1024x445.jpg 1024w\" sizes=\"(max-width: 1265px) 100vw, 1265px\" \/><\/a><\/p>\n<p>O <em>Fala Ro\u00e7a<\/em> tem uma <a href=\"https:\/\/bit.ly\/3uRsxgU\" target=\"_blank\" rel=\"noopener\">campanha permanente de apoio ao jornal<\/a> com assinaturas no valor de R$10 at\u00e9 R$80, com recompensas exclusivas para cada valor de apoio\u2014um modelo de gest\u00e3o e sustentabilidade que vem crescendo entre iniciativas de m\u00eddia independente. Ainda, como estrat\u00e9gia de sustentabilidade, o ve\u00edculo \u00e9 inscrito para participar de projetos de financiamento por editais e vende espa\u00e7os publicit\u00e1rios.<\/p>\n<p>Entretanto, a renda gerada n\u00e3o suporta o custo para produ\u00e7\u00e3o do jornal impresso. E agora, toda a opera\u00e7\u00e3o da m\u00eddia comunit\u00e1ria, inclusive a vers\u00e3o online, corre o risco de ser paralisada no segundo semestre de 2022, por falta de recursos para pagar a equipe fixa com cinco pessoas.<\/p>\n<p>O <em>Fala Ro\u00e7a<\/em> \u00e9 atualmente uma das principais m\u00eddias comunit\u00e1rias da <a href=\"http:\/\/bit.ly\/2XuTtjt\" target=\"_blank\" rel=\"noopener\">Rocinha<\/a> e atuou para <a href=\"https:\/\/bit.ly\/31UvjCc\" target=\"_blank\" rel=\"noopener\">combater a fome<\/a> e salvar vidas de moradores da comunidade durante a pandemia do coronav\u00edrus, distribuindo kits de higiene e cestas b\u00e1sicas. O jornal tamb\u00e9m foi o respons\u00e1vel pelo furo de reportagem que <a href=\"https:\/\/bit.ly\/3KVCGi3\" target=\"_blank\" rel=\"noopener\">denunciou a instala\u00e7\u00e3o de um tom\u00f3grafo<\/a> no <a href=\"https:\/\/bit.ly\/3fSe8Yv\" target=\"_blank\" rel=\"noopener\">estacionamento<\/a> da Igreja Universal do Reino de Deus, congrega\u00e7\u00e3o religiosa do ex-prefeito do Rio de Janeiro, <a href=\"http:\/\/bit.ly\/31U6h54\" target=\"_blank\" rel=\"noopener\">Marcelo Crivella<\/a>, em 2020.<\/p>\n<p>Sendo uma associa\u00e7\u00e3o de comunica\u00e7\u00e3o comunit\u00e1ria, o <em>Fala Ro\u00e7a<\/em> ainda \u00e9 uma voz cultural da favela sendo o respons\u00e1vel pelo <a href=\"https:\/\/bit.ly\/3vADcwJ\" target=\"_blank\" rel=\"noopener\">Mapa Cultural da Rocinha<\/a>. &#8220;Se para o Google, Microsoft e os mapas oficiais da prefeitura somos meros borr\u00f5es verdes que sinalizam floresta, o mapeamento local mostra muitas hist\u00f3rias de vidas&#8221;, afirmou o <a href=\"https:\/\/bit.ly\/3MfMsvE\" target=\"_blank\" rel=\"noopener\">editorial do jornal<\/a>. At\u00e9 junho de 2022, ser\u00e1 lan\u00e7ada a vers\u00e3o atualizada do mapeamento cultural.<\/p>\n<h3>Jornais Impressos nas Favelas<\/h3>\n<p>De acordo com <a href=\"https:\/\/bit.ly\/3MPagXP\" target=\"_blank\" rel=\"noopener\">Dani Moura<\/a>, editora do jornal <em><a href=\"https:\/\/bit.ly\/34E7Ea4\" target=\"_blank\" rel=\"noopener\">Mar\u00e9 de Not\u00edcias<\/a><\/em>, o jornal impresso nas favelas &#8220;tem muita relev\u00e2ncia no territ\u00f3rio porque atende a um p\u00fablico que n\u00e3o tem acesso \u00e0 internet&#8221;. Ela contou que a <a href=\"https:\/\/bit.ly\/3xBLWnY\" target=\"_blank\" rel=\"noopener\">vers\u00e3o impressa do <em>Mar\u00e9 de Not\u00edcias<\/em><\/a>, por exemplo, \u00e9 a &#8220;\u00fanica fonte de informa\u00e7\u00e3o cr\u00edtica de qualidade para a popula\u00e7\u00e3o idosa no conjunto de favelas&#8221;. O <a href=\"https:\/\/bit.ly\/3Jujc3k\" target=\"_blank\" rel=\"noopener\"><em>Mar\u00e9 de Not\u00edcias<\/em> far\u00e1 13 anos em 2022<\/a>.<\/p>\n<p>O jornal teve o nome escolhido pelos mareenses e tem uma equipe mista, formada por moradores do <a href=\"http:\/\/bit.ly\/2K1s59x\" target=\"_blank\" rel=\"noopener\">Complexo da Mar\u00e9<\/a> e tamb\u00e9m tecedores da <span class=\"ILfuVd\"><span class=\"hgKElc\"> <a href=\"https:\/\/bit.ly\/2XSLrTF\" target=\"_blank\" rel=\"noopener\">Redes da Mar\u00e9<\/a><\/span><\/span>. O jornal \u00e9 uma <span class=\"ILfuVd\"><span class=\"hgKElc\">iniciativa da organiza\u00e7\u00e3o, que produz conhecimento, elabora projetos e a\u00e7\u00f5es para garantir pol\u00edticas p\u00fablicas efetivas que melhorem a vida dos moradores das 16 favelas do complexo h\u00e1 mais de 20 anos. <\/span><\/span><\/p>\n<p><span class=\"ILfuVd\"><span class=\"hgKElc\">Por<\/span><\/span> uma \u00fanica vez, durante sete meses, o <em>Mar\u00e9 de Not\u00edcias<\/em> n\u00e3o foi impresso por falta de verba. Na pandemia, a produ\u00e7\u00e3o e circula\u00e7\u00e3o do jornal impresso tamb\u00e9m foi suspensa por tr\u00eas meses em 2020 e por dois meses em 2021, por\u00e9m, foi uma decis\u00e3o editorial devido ao alto grau de cont\u00e1gio de coronav\u00edrus. O jornal tem uma tiragem de 50.000 exemplares, de acordo com a editora, e conta com uma <a href=\"https:\/\/bit.ly\/3xBLWnY\" target=\"_blank\" rel=\"noopener\">vers\u00e3o digital dispon\u00edvel para download<\/a>.<\/p>\n<p><a href=\"https:\/\/rioonwatch.org.br\/wp-content\/uploads\/2022\/03\/foto_faixa_1-Mare-de-Noticias.jpg\"><img loading=\"lazy\" decoding=\"async\" class=\"aligncenter wp-image-61068 size-full\" title=\"Dani Moura, editora do jornal, em apresenta\u00e7\u00e3o do projeto do Mar\u00e9 de Not\u00edcias.\" src=\"https:\/\/rioonwatch.org.br\/wp-content\/uploads\/2022\/03\/foto_faixa_1-Mare-de-Noticias.jpg\" alt=\"Dani Moura, editora do jornal, em apresenta\u00e7\u00e3o do projeto do Mar\u00e9 de Not\u00edcias.\" width=\"2200\" height=\"750\" srcset=\"https:\/\/rioonwatch.org.br\/wp-content\/uploads\/2022\/03\/foto_faixa_1-Mare-de-Noticias.jpg 2200w, https:\/\/rioonwatch.org.br\/wp-content\/uploads\/2022\/03\/foto_faixa_1-Mare-de-Noticias-620x211.jpg 620w, https:\/\/rioonwatch.org.br\/wp-content\/uploads\/2022\/03\/foto_faixa_1-Mare-de-Noticias-1536x524.jpg 1536w, https:\/\/rioonwatch.org.br\/wp-content\/uploads\/2022\/03\/foto_faixa_1-Mare-de-Noticias-768x262.jpg 768w\" sizes=\"(max-width: 2200px) 100vw, 2200px\" \/><\/a><\/p>\n<blockquote><p>&#8220;Hoje temos v\u00e1rios canais de sustentabilidade, entramos em diversos editais, temos campanhas ativas de doa\u00e7\u00f5es coletivas, al\u00e9m de parceiros diversos onde trocamos conte\u00fado, informa\u00e7\u00f5es e tamb\u00e9m fonte de investimento. Nosso desafio hoje \u00e9 cobrir as 16 favelas com apura\u00e7\u00e3o t\u00e9cnica e eficiente com o tamanho e a verba que temos. Mas temos certeza que chegaremos l\u00e1 por meio do n\u00facleo de forma\u00e7\u00e3o que estamos pensando em implementar ainda este ano.&#8221; \u2014 Dani Moura<\/p><\/blockquote>\n<p>A distribui\u00e7\u00e3o come\u00e7a todo primeiro dia \u00fatil do m\u00eas e conta com doze distribuidores. \u00c9 durante a distribui\u00e7\u00e3o que acontece um processo popular de constru\u00e7\u00e3o de pautas. \u00c9 entregando o jornal de beco em beco, de viela em viela e nas ruas principais das favelas que a equipe recebe diversas sugest\u00f5es de pautas. O jornal impresso nas favelas \u00e9 um processo vivo e em movimento.<\/p>\n<p><a href=\"https:\/\/rioonwatch.org.br\/wp-content\/uploads\/2022\/03\/Distribuidores-escutam-as-sugestoes-de-moradores-e-levam-para-as-reunioes-com-a-equipe-\u2013-Foto_-Douglas-Lopes.png\"><img loading=\"lazy\" decoding=\"async\" class=\"wp-image-61069 alignright\" title=\"Distribuidores escutam as sugest\u00f5es de moradores e levam para as reuni\u00f5es com a equipe no Mar\u00e9 de Not\u00edcias\" src=\"https:\/\/rioonwatch.org.br\/wp-content\/uploads\/2022\/03\/Distribuidores-escutam-as-sugestoes-de-moradores-e-levam-para-as-reunioes-com-a-equipe-\u2013-Foto_-Douglas-Lopes-620x413.png\" alt=\"Distribuidores escutam as sugest\u00f5es de moradores e levam para as reuni\u00f5es com a equipe no Mar\u00e9 de Not\u00edcias\" width=\"400\" height=\"267\" srcset=\"https:\/\/rioonwatch.org.br\/wp-content\/uploads\/2022\/03\/Distribuidores-escutam-as-sugestoes-de-moradores-e-levam-para-as-reunioes-com-a-equipe-\u2013-Foto_-Douglas-Lopes-620x413.png 620w, https:\/\/rioonwatch.org.br\/wp-content\/uploads\/2022\/03\/Distribuidores-escutam-as-sugestoes-de-moradores-e-levam-para-as-reunioes-com-a-equipe-\u2013-Foto_-Douglas-Lopes-678x454.png 678w, https:\/\/rioonwatch.org.br\/wp-content\/uploads\/2022\/03\/Distribuidores-escutam-as-sugestoes-de-moradores-e-levam-para-as-reunioes-com-a-equipe-\u2013-Foto_-Douglas-Lopes.png 681w\" sizes=\"(max-width: 400px) 100vw, 400px\" \/><\/a><\/p>\n<p><a href=\"https:\/\/bit.ly\/3JQlSaT\" target=\"_blank\" rel=\"noopener\">Ren\u00e9 Silva<\/a>, fundador do <a href=\"http:\/\/bit.ly\/18u3bEe\" target=\"_blank\" rel=\"noopener\">jornal impresso e online mais famoso das favelas<\/a> do Rio de Janeiro, o <em><a href=\"https:\/\/bit.ly\/36lj7N9\" target=\"_blank\" rel=\"noopener\">Voz das Comunidades<\/a><\/em>, destaca que o impresso cumpre um papel diferente do online e precisa seguir existindo. &#8220;Muitas pessoas dentro das favelas ainda se informam por ve\u00edculos da grande m\u00eddia que, infelizmente, s\u00e3o muito tendenciosos&#8221;. Para ele, a circula\u00e7\u00e3o do impresso dentro das favelas significa a democratiza\u00e7\u00e3o do acesso \u00e0 informa\u00e7\u00e3o, uma vez que &#8220;h\u00e1 muitos lugares hoje nas favelas que ainda n\u00e3o t\u00eam sinal de internet com Wi-Fi e de operadoras de telefonia&#8221;.<\/p>\n<p>O jornal come\u00e7ou em 2005 com uma tiragem de 100 exemplares que Ren\u00e9 entregava de porta em porta. Hoje, o jornal tem 15.000 exemplares de tiragem e \u00e9 distribu\u00eddo gratuitamente, nas localidades do <a href=\"http:\/\/bit.ly\/2wIyn5a\" target=\"_blank\" rel=\"noopener\">Complexo do Alem\u00e3o<\/a> e da <a href=\"https:\/\/bit.ly\/3f3adY2\" target=\"_blank\" rel=\"noopener\">Penha<\/a>, ambos na <a href=\"http:\/\/bit.ly\/2ETpYR1\" target=\"_blank\" rel=\"noopener\">Zona Norte<\/a> do Rio de Janeiro, al\u00e9m do Morro do <a href=\"http:\/\/bit.ly\/2xCoB59\" target=\"_blank\" rel=\"noopener\">Vidigal<\/a>\u2014localidade da segunda sede do jornal.<\/p>\n<p>A vers\u00e3o impressa do jornal deixou de circular diversas vezes seja por falta de verba ou por decis\u00e3o editorial, como ocorreu entre 2011 e 2014\u2014quando, com a ocupa\u00e7\u00e3o das favelas da regi\u00e3o, foi tomada a decis\u00e3o de apostar no site e redes sociais como canal de comunica\u00e7\u00e3o sobre a ocupa\u00e7\u00e3o. Essa decis\u00e3o em meio \u00e0 ocupa\u00e7\u00e3o foi tomada para aproveitar a visibilidade midi\u00e1tica gerada para o Complexo do Alem\u00e3o. Focou-se no online com o intuito de denunciar as viola\u00e7\u00f5es e as aus\u00eancias de pol\u00edticas p\u00fablicas nas favelas do Complexo de maneira mais efetiva, com maior repercuss\u00e3o.<\/p>\n<p><a href=\"https:\/\/rioonwatch.org.br\/wp-content\/uploads\/2022\/04\/Foto-Voz-da-Comunidade.-Reproducao-Twitter.jpg\"><img loading=\"lazy\" decoding=\"async\" class=\"aligncenter wp-image-61335 size-full\" title=\"Arte do Voz das Comunidades para as redes sociais, informando que o jornal impresso est\u00e1 mais uma vez em circula\u00e7\u00e3o. Redes sociais\" src=\"https:\/\/rioonwatch.org.br\/wp-content\/uploads\/2022\/04\/Foto-Voz-da-Comunidade.-Reproducao-Twitter.jpg\" alt=\"Arte do Voz das Comunidades para as redes sociais, informando que o jornal impresso est\u00e1 mais uma vez em circula\u00e7\u00e3o. Redes sociais\" width=\"1024\" height=\"512\" srcset=\"https:\/\/rioonwatch.org.br\/wp-content\/uploads\/2022\/04\/Foto-Voz-da-Comunidade.-Reproducao-Twitter.jpg 1024w, https:\/\/rioonwatch.org.br\/wp-content\/uploads\/2022\/04\/Foto-Voz-da-Comunidade.-Reproducao-Twitter-620x310.jpg 620w, https:\/\/rioonwatch.org.br\/wp-content\/uploads\/2022\/04\/Foto-Voz-da-Comunidade.-Reproducao-Twitter-768x384.jpg 768w\" sizes=\"(max-width: 1024px) 100vw, 1024px\" \/><\/a><\/p>\n<p>No dia a dia, publica\u00e7\u00f5es no <a href=\"https:\/\/bit.ly\/3vYfg5F\" target=\"_blank\" rel=\"noopener\">Twitter do <em>Voz das Comunidades<\/em><\/a> causavam mais efeito para as reivindica\u00e7\u00f5es de direitos, respondendo de forma mais r\u00e1pida aos problemas da comunidade pela capacidade das redes sociais em expor publicamente agentes p\u00fablicos como prefeitos, governadores e secret\u00e1rios.<\/p>\n<p>Em 2015, a vers\u00e3o impressa do jornal voltou a circular com suporte financeiro da venda de an\u00fancios locais para comerciantes e para grandes marcas como a Coca-Cola. Por\u00e9m, os recursos acabaram e o jornal impresso parou de circular novamente por falta de verba. Entre idas e vindas, o jornal impresso <a href=\"https:\/\/bit.ly\/3Ofu9ZH\" target=\"_blank\" rel=\"noopener\"><em>Voz das Comunidades<\/em> completou 16 anos<\/a> em agosto de 2021.<\/p>\n<p>Nesta nova vers\u00e3o do jornal, que possui 15 p\u00e1ginas, os jornalistas comunit\u00e1rios levantam informa\u00e7\u00f5es sobre os principais assuntos de relev\u00e2ncia para os moradores. Desde temas relacionados \u00e0 sa\u00fade, como a import\u00e2ncia da vacina\u00e7\u00e3o; \u00e0 educa\u00e7\u00e3o e seguran\u00e7a; \u00e0 falta de servi\u00e7os p\u00fablicos, como a falta de \u00e1gua; e pol\u00edtica, at\u00e9 entretenimento e esportes:<\/p>\n<blockquote><p>&#8220;Voltamos com o <em>Voz das Comunidades<\/em> impresso para que mais pessoas tenham acesso. \u00c9 preciso levar os debates de maneira geral, pol\u00edticos, de g\u00eanero e ra\u00e7a para dentro das favelas e para todos os locais das favelas. Trabalhamos esses assuntos dentro do <em>Voz das Comunidades<\/em> impresso, al\u00e9m dos problemas sociais do nosso cotidiano, do nosso dia a dia, dentro da favela.&#8221; \u2014 Ren\u00e9 Silva<\/p><\/blockquote>\n<p><a href=\"https:\/\/rioonwatch.org.br\/wp-content\/uploads\/2022\/04\/Melissa-Cannabrava-coordenadora-de-jornalismo-e-Rene-Silva-fundador-do-jornal.-Foto-Reproducao-Twitter-@melmmcs.jpg\"><img loading=\"lazy\" decoding=\"async\" class=\"aligncenter wp-image-61336 size-full\" title=\"Melissa Cannabrava, coordenadora de jornalismo, e Ren\u00e9 Silva, fundador do jornal. Reprodu\u00e7\u00e3o Twitter\" src=\"https:\/\/rioonwatch.org.br\/wp-content\/uploads\/2022\/04\/Melissa-Cannabrava-coordenadora-de-jornalismo-e-Rene-Silva-fundador-do-jornal.-Foto-Reproducao-Twitter-@melmmcs.jpg\" alt=\"Melissa Cannabrava, coordenadora de jornalismo, e Ren\u00e9 Silva, fundador do jornal. Reprodu\u00e7\u00e3o Twitter\" width=\"1224\" height=\"1224\" srcset=\"https:\/\/rioonwatch.org.br\/wp-content\/uploads\/2022\/04\/Melissa-Cannabrava-coordenadora-de-jornalismo-e-Rene-Silva-fundador-do-jornal.-Foto-Reproducao-Twitter-@melmmcs.jpg 1224w, https:\/\/rioonwatch.org.br\/wp-content\/uploads\/2022\/04\/Melissa-Cannabrava-coordenadora-de-jornalismo-e-Rene-Silva-fundador-do-jornal.-Foto-Reproducao-Twitter-@melmmcs-620x620.jpg 620w, https:\/\/rioonwatch.org.br\/wp-content\/uploads\/2022\/04\/Melissa-Cannabrava-coordenadora-de-jornalismo-e-Rene-Silva-fundador-do-jornal.-Foto-Reproducao-Twitter-@melmmcs-629x629.jpg 629w, https:\/\/rioonwatch.org.br\/wp-content\/uploads\/2022\/04\/Melissa-Cannabrava-coordenadora-de-jornalismo-e-Rene-Silva-fundador-do-jornal.-Foto-Reproducao-Twitter-@melmmcs-768x768.jpg 768w\" sizes=\"(max-width: 1224px) 100vw, 1224px\" \/><\/a><\/p>\n<p>O <em>Voz das Comunidades<\/em> segue sendo um dos principais canais de not\u00edcias sobre as favelas do Rio de Janeiro. Com vers\u00e3o impressa, site de not\u00edcias e agora tamb\u00e9m com um <a href=\"https:\/\/bit.ly\/3rAlPtx\" target=\"_blank\" rel=\"noopener\">aplicativo de not\u00edcias para smartphones<\/a>, publica todos os dias reportagens do cotidiano das favelas.<\/p>\n<p>Para <a href=\"https:\/\/bit.ly\/3ryuQ6D\" target=\"_blank\" rel=\"noopener\">Gizele Martins<\/a>, doutoranda em Comunica\u00e7\u00e3o e Cultura, da <a href=\"http:\/\/bit.ly\/2KgADIe\" target=\"_blank\" rel=\"noopener\">UFRJ<\/a>, comunicadora popular h\u00e1 20 anos na Mar\u00e9, falar de m\u00eddia comunit\u00e1ria \u00e9 pensar na forma\u00e7\u00e3o e na qualidade de informa\u00e7\u00e3o para moradores de favelas, e tamb\u00e9m de trabalho e sobreviv\u00eancia.<\/p>\n<blockquote><p>&#8220;Quando a gente fala de informa\u00e7\u00f5es a gente est\u00e1 falando de trabalho, que precisa ser cont\u00ednuo para al\u00e9m daquela verba que voc\u00ea recebe de um determinado projeto. Porque geralmente projeto social tem um in\u00edcio, meio, fim e a comunica\u00e7\u00e3o comunit\u00e1ria n\u00e3o. Ela precisa ser cont\u00ednua, e n\u00e3o irregular, como os grandes meios de comunica\u00e7\u00e3o e jornais que est\u00e3o a\u00ed h\u00e1 d\u00e9cadas.&#8221; \u2014 Gizele Martins<\/p><\/blockquote>\n<p><a href=\"https:\/\/rioonwatch.org.br\/wp-content\/uploads\/2022\/04\/GIZELE-Matins_-Arquivo-Pessoal.jpeg\"><img loading=\"lazy\" decoding=\"async\" class=\"alignright wp-image-61337\" title=\"Gizele Martins\" src=\"https:\/\/rioonwatch.org.br\/wp-content\/uploads\/2022\/04\/GIZELE-Matins_-Arquivo-Pessoal-620x620.jpeg\" alt=\"Gizele Martins\" width=\"300\" height=\"300\" srcset=\"https:\/\/rioonwatch.org.br\/wp-content\/uploads\/2022\/04\/GIZELE-Matins_-Arquivo-Pessoal-620x620.jpeg 620w, https:\/\/rioonwatch.org.br\/wp-content\/uploads\/2022\/04\/GIZELE-Matins_-Arquivo-Pessoal-629x629.jpeg 629w, https:\/\/rioonwatch.org.br\/wp-content\/uploads\/2022\/04\/GIZELE-Matins_-Arquivo-Pessoal-768x768.jpeg 768w, https:\/\/rioonwatch.org.br\/wp-content\/uploads\/2022\/04\/GIZELE-Matins_-Arquivo-Pessoal.jpeg 960w\" sizes=\"(max-width: 300px) 100vw, 300px\" \/><\/a>Gizele atuou por 15 anos no jornal <a href=\"https:\/\/bit.ly\/37aSE9E\" target=\"_blank\" rel=\"noopener\"><em>O Cidad\u00e3o\u2014M\u00eddia Comunit\u00e1ria<\/em><\/a>, respons\u00e1vel por <a href=\"https:\/\/bit.ly\/36r7gRU\" target=\"_blank\" rel=\"noopener\">construir o termo &#8220;mareense&#8221;<\/a> como identidade dos moradores do Conjunto de Favelas da Mar\u00e9. Para Gizele, a falta de recursos p\u00fablicos para as m\u00eddias comunit\u00e1rias \u00e9 uma principal causa da aus\u00eancia dessas m\u00eddias nos formatos de TV, r\u00e1dio e jornal impresso, para al\u00e9m do online. &#8220;A gente n\u00e3o tem verbas p\u00fablicas para o financiamento. A gente n\u00e3o tem equipamento, n\u00e3o tem apoio de verba para pagar uma passagem para o comunicador circular. Falta tudo&#8221;.<\/p>\n<p>Al\u00e9m disso, Gizele diz que &#8220;s\u00e3o anos e anos de elei\u00e7\u00f5es e nunca vejo da boca das pessoas que est\u00e3o a\u00ed se candidatando, um projeto de lei que traga a garantia de sustentabilidade da m\u00eddia comunit\u00e1ria das favelas para o direito \u00e0 voz de n\u00f3s, da favela&#8221;.<\/p>\n<p>De acordo com o<em> <a href=\"https:\/\/bit.ly\/37pHpu0\" target=\"_blank\" rel=\"noopener\">Mapa da Comunica\u00e7\u00e3o Comunit\u00e1ria<\/a><\/em>, plataforma de georeferenciamento produzida pelo <a href=\"http:\/\/bit.ly\/2Oc9sAT\" target=\"_blank\" rel=\"noopener\">DataLabe<\/a>\u2014primeiro laborat\u00f3rio de dados na favela\u2014que re\u00fane ve\u00edculos de comunica\u00e7\u00e3o comunit\u00e1ria do Brasil, no Rio de Janeiro existem 40 ve\u00edculos comunit\u00e1rios.<\/p>\n<p>A ferramenta \u00e9 colaborativa e qualquer iniciativa que se encaixe nos crit\u00e9rios estabelecidos pode se inscrever e participar, <a href=\"https:\/\/bit.ly\/3uRvsGt\" target=\"_blank\" rel=\"noopener\">listando a\u00e7\u00f5es voltadas para a comunica\u00e7\u00e3o popular<\/a> nos territ\u00f3rios da periferia. O levantamento original foi realizado em 2016.<\/p>\n<p>O\u00a0 ponto de partida para o mapeamento do DataLabe foi a base de dados publicada em 2014 pelo projeto <em><a href=\"https:\/\/bit.ly\/3LKgSGU\" target=\"_blank\" rel=\"noopener\">Direito \u00e0 Comunica\u00e7\u00e3o e Justi\u00e7a Racial<\/a><\/em>, realizado pelo <a href=\"https:\/\/bit.ly\/2EzJghi\" target=\"_blank\" rel=\"noopener\">Observat\u00f3rio de Favelas<\/a>, que mapeou 118 ve\u00edculos alternativos, comunit\u00e1rios e populares na regi\u00e3o metropolitana do Rio de Janeiro entre os anos de 2013 e 2014.<\/p>\n<p>Uma das iniciativas destacadas no mapa \u00e9 o jornal impresso <em><a href=\"https:\/\/bit.ly\/3xxqkJn\" target=\"_blank\" rel=\"noopener\">A Voz da Favela<\/a><\/em>, projeto realizado pela Ag\u00eancia de Not\u00edcias das Favelas (<a href=\"https:\/\/bit.ly\/2V0NTFm\" target=\"_blank\" rel=\"noopener\">ANF<\/a>) h\u00e1 mais de dez anos. Com tiragem de 100.000 exemplares por m\u00eas, a iniciativa busca a democratiza\u00e7\u00e3o da informa\u00e7\u00e3o a partir da liberdade de express\u00e3o e direitos humanos. Sua distribui\u00e7\u00e3o \u00e9 realizada por uma equipe que faz o trabalho de divulgar e entregar os jornais nos mais diversos espa\u00e7os das cidades.<\/p>\n<p><iframe title=\"YouTube video player\" src=\"https:\/\/www.youtube.com\/embed\/5aECmPtPadM\" width=\"1000\" height=\"563\" frameborder=\"0\" allowfullscreen=\"allowfullscreen\"><span data-mce-type=\"bookmark\" style=\"display: inline-block; width: 0px; overflow: hidden; line-height: 0;\" class=\"mce_SELRES_start\">\ufeff<\/span><\/iframe><\/p>\n<h3>Frente Parlamentar Pela Democratiza\u00e7\u00e3o da Comunica\u00e7\u00e3o<\/h3>\n<p>A Assembleia Legislativa do Rio de Janeiro (<a href=\"http:\/\/bit.ly\/2yL8t1X\" target=\"_blank\" rel=\"noopener\">ALERJ<\/a>) lan\u00e7ou oficialmente, no dia 22 de junho de 2021, a <a href=\"https:\/\/bit.ly\/3L9wS4Z\" target=\"_blank\" rel=\"noopener\">Frente Parlamentar Pela Democratiza\u00e7\u00e3o da Comunica\u00e7\u00e3o<\/a>. Criada por requerimento no dia 3 de mar\u00e7o, a Frente conta com oito deputados estaduais: <a href=\"https:\/\/bit.ly\/3KC0mqZ\" target=\"_blank\" rel=\"noopener\">Waldeck Carneiro<\/a>, <a href=\"https:\/\/bit.ly\/3OLhRsd\" target=\"_blank\" rel=\"noopener\">Carlos Minc<\/a>, <a href=\"https:\/\/bit.ly\/3OPPDwh\" target=\"_blank\" rel=\"noopener\">Eliomar Coelho<\/a>,\u00a0<a href=\"http:\/\/bit.ly\/2Wza5tM\" target=\"_blank\" rel=\"noopener\">Fl\u00e1vio Serafini<\/a>, <a href=\"http:\/\/bit.ly\/2MVxDF1\" target=\"_blank\" rel=\"noopener\">Renata Souza<\/a>, <a href=\"https:\/\/bit.ly\/2LKYKmf\" target=\"_blank\" rel=\"noopener\">M\u00f4nica Francisco<\/a>, <a href=\"http:\/\/bit.ly\/2H6f9eN\" target=\"_blank\" rel=\"noopener\">Dani Monteiro<\/a>, e <a href=\"https:\/\/bit.ly\/3kzAPnO\" target=\"_blank\" rel=\"noopener\">Enfermeira Rejane<\/a>.<\/p>\n<p>Os movimentos sociais organizados do setor, com reconhecida atua\u00e7\u00e3o pol\u00edtica, lutam pela efetiva aplica\u00e7\u00e3o das leis estaduais <a href=\"https:\/\/bit.ly\/3OS1gDa\" target=\"_blank\" rel=\"noopener\">6892\/2014<\/a>, que garante 1% das verbas p\u00fablicas estaduais para fomento de r\u00e1dios e TVs comunit\u00e1rias; a <a href=\"https:\/\/bit.ly\/3OR3C52\" target=\"_blank\" rel=\"noopener\">4849\/2006<\/a>, de cria\u00e7\u00e3o do Conselho Estadual de Comunica\u00e7\u00e3o; a <a href=\"https:\/\/bit.ly\/3OUStQA\" target=\"_blank\" rel=\"noopener\">9251\/2020<\/a>, da Tecnologia 5G no Rio de Janeiro; e a do Conselho Estadual de Prote\u00e7\u00e3o de Dados; al\u00e9m da aprova\u00e7\u00e3o dos PLs <a href=\"https:\/\/bit.ly\/3s6r5oW\" target=\"_blank\" rel=\"noopener\">2248\/2013<\/a>, que regulamenta a publicidade oficial do governo; e <a href=\"https:\/\/bit.ly\/3vzuZcm\" target=\"_blank\" rel=\"noopener\">1639\/2016<\/a>, que regula o hor\u00e1rio dos jogos na televis\u00e3o.<\/p>\n<p>O objetivo da Frente \u00e9 construir, em conjunto com movimentos, organiza\u00e7\u00f5es e coletivos do setor, estrat\u00e9gias para viabilizar melhorias nesta \u00e1rea de atua\u00e7\u00e3o profissional e o fortalecimento da comunica\u00e7\u00e3o popular, alternativa, comunit\u00e1ria e de favela.<\/p>\n<p>&#8220;A FPDC atua pela valoriza\u00e7\u00e3o das m\u00eddias comunit\u00e1rias e alternativas que fazem um trabalho importante, mas t\u00eam poucas oportunidades de angariar parcelas de recursos que governos e \u00f3rg\u00e3os p\u00fablicos destinam \u00e0 publicidade institucional, importantes para sustentar este setor&#8221;, explicou o deputado Waldeck Carneiro.<\/p>\n<p>\u00c9 necess\u00e1rio e urgente garantir essas m\u00eddias que n\u00e3o s\u00f3 reportam mas que constroem a realidade em seus territ\u00f3rios. A fun\u00e7\u00e3o social desses meios comunit\u00e1rios deveria ser publicamente reconhecida como patrim\u00f4nio imaterial da cidade. Cada vez mais fica evidente o potencial transformador da m\u00eddia comunit\u00e1ria.<\/p>\n<hr \/>\n<h4><b data-stringify-type=\"bold\">Apoie nossos esfor\u00e7os para fornecer apoio estrat\u00e9gico \u00e0s favelas do Rio, incluindo o jornalismo hiperlocal, cr\u00edtico, inovador e incans\u00e1vel do\u00a0<\/b><b data-stringify-type=\"bold\"><i data-stringify-type=\"italic\">RioOnWatch<\/i><\/b>\u2014<a class=\"c-link\" href=\"http:\/\/www.bit.ly\/ApoieROW\" target=\"_blank\" rel=\"noopener noreferrer\" data-stringify-link=\"http:\/\/www.bit.ly\/ApoieROW\" data-sk=\"tooltip_parent\">doe aqui<\/a>.<\/h4>\n<!-- AddThis Advanced Settings generic via filter on the_content --><!-- AddThis Share Buttons generic via filter on the_content -->","protected":false},"excerpt":{"rendered":"<div class=\"mh-excerpt\"><p>Click Here for English Do fechamento de gr\u00e1ficas at\u00e9 a falta de rentabilidade de m\u00eddias em favelas, comunicadores comunit\u00e1rios vivem o desafio de manter o jornalismo popular nas favelas cariocas vivo h\u00e1 40 anos. O <a class=\"mh-excerpt-more\" href=\"https:\/\/rioonwatch.org.br\/?p=61072\" title=\"A Sustentabilidade da Comunica\u00e7\u00e3o Comunit\u00e1ria Impressa nas Favelas\">[&#8230;]<\/a><!-- AddThis Advanced Settings generic via filter on get_the_excerpt --><!-- AddThis Share Buttons generic via filter on get_the_excerpt --><\/p>\n<\/div>","protected":false},"author":189,"featured_media":61488,"comment_status":"closed","ping_status":"closed","sticky":false,"template":"template-full.php","format":"standard","meta":{"_acf_changed":false,"_monsterinsights_skip_tracking":false,"_monsterinsights_sitenote_active":false,"_monsterinsights_sitenote_note":"","_monsterinsights_sitenote_category":0,"footnotes":""},"categories":[1621,3175,1625,1613,1612,342],"tags":[1117,1852,3159,332,2717,217,1530,2748,2556,1454,256,3160,1874,2396,2230,1166,2490,1704,663,1984,2503,1989,1107,2491,2432,16,672,1344,578,354,2003,2657,218,383],"writer":[2800],"translator":[],"source":[],"ilustrador":[],"fotografo":[],"class_list":{"0":"post-61072","1":"post","2":"type-post","3":"status-publish","4":"format-standard","5":"has-post-thumbnail","7":"category-destaque","8":"category-democracia","9":"category-por-correspondentes-comunitarios","10":"category-midia-comunitaria","11":"category-sociedade-civil","12":"category-solucoes","13":"tag-agencia-de-redes-para-juventude","14":"tag-alerj","15":"tag-carlos-minc","16":"tag-complexo-da-mare","17":"tag-complexo-da-penha","18":"tag-complexo-do-alemao","19":"tag-midia-comunitaria","20":"tag-coronavirus","21":"tag-dani-monteiro-psol","22":"tag-direito-a-comunicacao","23":"tag-eliomar-coelho","24":"tag-enfermeira-rejane","25":"tag-fala-roca","26":"tag-flavio-serafini","27":"tag-fome","28":"tag-jornalismo","29":"tag-monica-francisco-psol","30":"tag-o-cidadao","31":"tag-observatorio-de-favelas","32":"tag-pcdob","33":"tag-psb","34":"tag-psol","35":"tag-redes-da-mare","36":"tag-renata-souza-psol","37":"tag-representatividade","38":"tag-rocinha","39":"tag-seguranca-publica","40":"tag-serie-comunicacao-comunitaria","41":"tag-trabalho-e-renda","42":"tag-vidigal","43":"tag-voz-das-comunidades","44":"tag-waldeck-carneiro-da-silva-pt","45":"tag-zona-norte","46":"tag-zona-sul","47":"writer-tatiana-lima"},"acf":[],"yoast_head":"<!-- This site is optimized with the Yoast SEO plugin v25.6 - https:\/\/yoast.com\/wordpress\/plugins\/seo\/ -->\n<title>A Sustentabilidade da Comunica\u00e7\u00e3o Comunit\u00e1ria Impressa nas Favelas - RioOnWatch<\/title>\n<meta name=\"robots\" content=\"index, follow, max-snippet:-1, max-image-preview:large, max-video-preview:-1\" \/>\n<link rel=\"canonical\" href=\"https:\/\/rioonwatch.org.br\/?p=61072\" \/>\n<meta property=\"og:locale\" content=\"pt_BR\" \/>\n<meta property=\"og:type\" content=\"article\" \/>\n<meta property=\"og:title\" content=\"A Sustentabilidade da Comunica\u00e7\u00e3o Comunit\u00e1ria Impressa nas Favelas - RioOnWatch\" \/>\n<meta property=\"og:description\" content=\"Click Here for English Do fechamento de gr\u00e1ficas at\u00e9 a falta de rentabilidade de m\u00eddias em favelas, comunicadores comunit\u00e1rios vivem o desafio de manter o jornalismo popular nas favelas cariocas vivo h\u00e1 40 anos. O [...]\" \/>\n<meta property=\"og:url\" content=\"https:\/\/rioonwatch.org.br\/?p=61072\" \/>\n<meta property=\"og:site_name\" content=\"RioOnWatch\" \/>\n<meta property=\"article:published_time\" content=\"2022-05-27T10:00:33+00:00\" \/>\n<meta property=\"article:modified_time\" content=\"2024-06-20T16:36:21+00:00\" \/>\n<meta property=\"og:image\" content=\"https:\/\/rioonwatch.org.br\/wp-content\/uploads\/2022\/05\/Jornais-comunitarios-das-favelas-do-Rio-de-Janeiro.-Foto-Michel-Silva.jpg\" \/>\n\t<meta property=\"og:image:width\" content=\"1030\" \/>\n\t<meta property=\"og:image:height\" content=\"579\" \/>\n\t<meta property=\"og:image:type\" content=\"image\/jpeg\" \/>\n<meta name=\"author\" content=\"Clau Guimar\u00e3es\" \/>\n<meta name=\"twitter:card\" content=\"summary_large_image\" \/>\n<meta name=\"twitter:label1\" content=\"Escrito por\" \/>\n\t<meta name=\"twitter:data1\" content=\"Clau Guimar\u00e3es\" \/>\n\t<meta name=\"twitter:label2\" content=\"Est. tempo de leitura\" \/>\n\t<meta name=\"twitter:data2\" content=\"16 minutos\" \/>\n<script type=\"application\/ld+json\" class=\"yoast-schema-graph\">{\"@context\":\"https:\/\/schema.org\",\"@graph\":[{\"@type\":\"Article\",\"@id\":\"https:\/\/rioonwatch.org.br\/?p=61072#article\",\"isPartOf\":{\"@id\":\"https:\/\/rioonwatch.org.br\/?p=61072\"},\"author\":{\"name\":\"Clau Guimar\u00e3es\",\"@id\":\"https:\/\/rioonwatch.org.br\/#\/schema\/person\/60477056fd70290836c7501475e308f3\"},\"headline\":\"A Sustentabilidade da Comunica\u00e7\u00e3o Comunit\u00e1ria Impressa nas Favelas\",\"datePublished\":\"2022-05-27T10:00:33+00:00\",\"dateModified\":\"2024-06-20T16:36:21+00:00\",\"mainEntityOfPage\":{\"@id\":\"https:\/\/rioonwatch.org.br\/?p=61072\"},\"wordCount\":2731,\"publisher\":{\"@id\":\"https:\/\/rioonwatch.org.br\/#organization\"},\"image\":{\"@id\":\"https:\/\/rioonwatch.org.br\/?p=61072#primaryimage\"},\"thumbnailUrl\":\"https:\/\/rioonwatch.org.br\/wp-content\/uploads\/2022\/05\/Jornais-comunitarios-das-favelas-do-Rio-de-Janeiro.-Foto-Michel-Silva.jpg\",\"keywords\":[\"Ag\u00eancia de Redes para Juventude\",\"Alerj\",\"Carlos Minc\",\"Complexo da Mar\u00e9\",\"Complexo da Penha\",\"Complexo do Alem\u00e3o\",\"Comunica\u00e7\u00e3o Comunit\u00e1ria\",\"coronav\u00edrus\",\"Dani Monteiro (PSOL)\",\"direito \u00e0 comunica\u00e7\u00e3o\",\"Eliomar Coelho (PSB)\",\"Enfermeira Rejane (PCdoB)\",\"Fala Ro\u00e7a\",\"Fl\u00e1vio Serafini\",\"Inseguran\u00e7a alimentar\",\"jornalismo\",\"Monica Francisco (PSOL)\",\"O Cidad\u00e3o\",\"Observat\u00f3rio de Favelas\",\"PCdoB\",\"PSB\",\"PSOL\",\"Redes da Mar\u00e9\",\"Renata Souza\",\"representatividade\",\"Rocinha\",\"seguran\u00e7a p\u00fablica\",\"S\u00e9rie: Perfis de M\u00eddia Comunit\u00e1ria\",\"Trabalho e renda\",\"Vidigal\",\"Voz das Comunidades\",\"Waldeck Carneiro da Silva (PSB)\",\"Zona Norte\",\"Zona Sul\"],\"articleSection\":[\"*Destaque\",\"Democracia\",\"Escrito por Comunicadores Populares\",\"M\u00eddia Comunit\u00e1ria\",\"Sociedade Civil\",\"Solu\u00e7\u00f5es\"],\"inLanguage\":\"pt-BR\"},{\"@type\":\"WebPage\",\"@id\":\"https:\/\/rioonwatch.org.br\/?p=61072\",\"url\":\"https:\/\/rioonwatch.org.br\/?p=61072\",\"name\":\"A Sustentabilidade da Comunica\u00e7\u00e3o Comunit\u00e1ria Impressa nas Favelas - RioOnWatch\",\"isPartOf\":{\"@id\":\"https:\/\/rioonwatch.org.br\/#website\"},\"primaryImageOfPage\":{\"@id\":\"https:\/\/rioonwatch.org.br\/?p=61072#primaryimage\"},\"image\":{\"@id\":\"https:\/\/rioonwatch.org.br\/?p=61072#primaryimage\"},\"thumbnailUrl\":\"https:\/\/rioonwatch.org.br\/wp-content\/uploads\/2022\/05\/Jornais-comunitarios-das-favelas-do-Rio-de-Janeiro.-Foto-Michel-Silva.jpg\",\"datePublished\":\"2022-05-27T10:00:33+00:00\",\"dateModified\":\"2024-06-20T16:36:21+00:00\",\"breadcrumb\":{\"@id\":\"https:\/\/rioonwatch.org.br\/?p=61072#breadcrumb\"},\"inLanguage\":\"pt-BR\",\"potentialAction\":[{\"@type\":\"ReadAction\",\"target\":[\"https:\/\/rioonwatch.org.br\/?p=61072\"]}]},{\"@type\":\"ImageObject\",\"inLanguage\":\"pt-BR\",\"@id\":\"https:\/\/rioonwatch.org.br\/?p=61072#primaryimage\",\"url\":\"https:\/\/rioonwatch.org.br\/wp-content\/uploads\/2022\/05\/Jornais-comunitarios-das-favelas-do-Rio-de-Janeiro.-Foto-Michel-Silva.jpg\",\"contentUrl\":\"https:\/\/rioonwatch.org.br\/wp-content\/uploads\/2022\/05\/Jornais-comunitarios-das-favelas-do-Rio-de-Janeiro.-Foto-Michel-Silva.jpg\",\"width\":1030,\"height\":579,\"caption\":\"Jornais comunit\u00e1rios das favelas do Rio de Janeiro. Foto: Michel Silva\"},{\"@type\":\"BreadcrumbList\",\"@id\":\"https:\/\/rioonwatch.org.br\/?p=61072#breadcrumb\",\"itemListElement\":[{\"@type\":\"ListItem\",\"position\":1,\"name\":\"In\u00edcio\",\"item\":\"https:\/\/rioonwatch.org.br\/\"},{\"@type\":\"ListItem\",\"position\":2,\"name\":\"A Sustentabilidade da Comunica\u00e7\u00e3o Comunit\u00e1ria Impressa nas Favelas\"}]},{\"@type\":\"WebSite\",\"@id\":\"https:\/\/rioonwatch.org.br\/#website\",\"url\":\"https:\/\/rioonwatch.org.br\/\",\"name\":\"RioOnWatch\",\"description\":\"relatos das favelas cariocas\",\"publisher\":{\"@id\":\"https:\/\/rioonwatch.org.br\/#organization\"},\"potentialAction\":[{\"@type\":\"SearchAction\",\"target\":{\"@type\":\"EntryPoint\",\"urlTemplate\":\"https:\/\/rioonwatch.org.br\/?s={search_term_string}\"},\"query-input\":{\"@type\":\"PropertyValueSpecification\",\"valueRequired\":true,\"valueName\":\"search_term_string\"}}],\"inLanguage\":\"pt-BR\"},{\"@type\":\"Organization\",\"@id\":\"https:\/\/rioonwatch.org.br\/#organization\",\"name\":\"RioOnWatch\",\"url\":\"https:\/\/rioonwatch.org.br\/\",\"logo\":{\"@type\":\"ImageObject\",\"inLanguage\":\"pt-BR\",\"@id\":\"https:\/\/rioonwatch.org.br\/#\/schema\/logo\/image\/\",\"url\":\"https:\/\/rioonwatch.org.br\/wp-content\/uploads\/2021\/06\/RioOnWatchcabecalhoPT11anos-2.png\",\"contentUrl\":\"https:\/\/rioonwatch.org.br\/wp-content\/uploads\/2021\/06\/RioOnWatchcabecalhoPT11anos-2.png\",\"width\":779,\"height\":277,\"caption\":\"RioOnWatch\"},\"image\":{\"@id\":\"https:\/\/rioonwatch.org.br\/#\/schema\/logo\/image\/\"}},{\"@type\":\"Person\",\"@id\":\"https:\/\/rioonwatch.org.br\/#\/schema\/person\/60477056fd70290836c7501475e308f3\",\"name\":\"Clau Guimar\u00e3es\",\"image\":{\"@type\":\"ImageObject\",\"inLanguage\":\"pt-BR\",\"@id\":\"https:\/\/rioonwatch.org.br\/#\/schema\/person\/image\/\",\"url\":\"https:\/\/secure.gravatar.com\/avatar\/d3c7c802891cd0be7580519c331d257f?s=96&d=blank&r=g\",\"contentUrl\":\"https:\/\/secure.gravatar.com\/avatar\/d3c7c802891cd0be7580519c331d257f?s=96&d=blank&r=g\",\"caption\":\"Clau Guimar\u00e3es\"},\"url\":\"https:\/\/rioonwatch.org.br\/?author=189\"}]}<\/script>\n<!-- \/ Yoast SEO plugin. -->","yoast_head_json":{"title":"A Sustentabilidade da Comunica\u00e7\u00e3o Comunit\u00e1ria Impressa nas Favelas - RioOnWatch","robots":{"index":"index","follow":"follow","max-snippet":"max-snippet:-1","max-image-preview":"max-image-preview:large","max-video-preview":"max-video-preview:-1"},"canonical":"https:\/\/rioonwatch.org.br\/?p=61072","og_locale":"pt_BR","og_type":"article","og_title":"A Sustentabilidade da Comunica\u00e7\u00e3o Comunit\u00e1ria Impressa nas Favelas - RioOnWatch","og_description":"Click Here for English Do fechamento de gr\u00e1ficas at\u00e9 a falta de rentabilidade de m\u00eddias em favelas, comunicadores comunit\u00e1rios vivem o desafio de manter o jornalismo popular nas favelas cariocas vivo h\u00e1 40 anos. O [...]","og_url":"https:\/\/rioonwatch.org.br\/?p=61072","og_site_name":"RioOnWatch","article_published_time":"2022-05-27T10:00:33+00:00","article_modified_time":"2024-06-20T16:36:21+00:00","og_image":[{"width":1030,"height":579,"url":"https:\/\/rioonwatch.org.br\/wp-content\/uploads\/2022\/05\/Jornais-comunitarios-das-favelas-do-Rio-de-Janeiro.-Foto-Michel-Silva.jpg","type":"image\/jpeg"}],"author":"Clau Guimar\u00e3es","twitter_card":"summary_large_image","twitter_misc":{"Escrito por":"Clau Guimar\u00e3es","Est. tempo de leitura":"16 minutos"},"schema":{"@context":"https:\/\/schema.org","@graph":[{"@type":"Article","@id":"https:\/\/rioonwatch.org.br\/?p=61072#article","isPartOf":{"@id":"https:\/\/rioonwatch.org.br\/?p=61072"},"author":{"name":"Clau Guimar\u00e3es","@id":"https:\/\/rioonwatch.org.br\/#\/schema\/person\/60477056fd70290836c7501475e308f3"},"headline":"A Sustentabilidade da Comunica\u00e7\u00e3o Comunit\u00e1ria Impressa nas Favelas","datePublished":"2022-05-27T10:00:33+00:00","dateModified":"2024-06-20T16:36:21+00:00","mainEntityOfPage":{"@id":"https:\/\/rioonwatch.org.br\/?p=61072"},"wordCount":2731,"publisher":{"@id":"https:\/\/rioonwatch.org.br\/#organization"},"image":{"@id":"https:\/\/rioonwatch.org.br\/?p=61072#primaryimage"},"thumbnailUrl":"https:\/\/rioonwatch.org.br\/wp-content\/uploads\/2022\/05\/Jornais-comunitarios-das-favelas-do-Rio-de-Janeiro.-Foto-Michel-Silva.jpg","keywords":["Ag\u00eancia de Redes para Juventude","Alerj","Carlos Minc","Complexo da Mar\u00e9","Complexo da Penha","Complexo do Alem\u00e3o","Comunica\u00e7\u00e3o Comunit\u00e1ria","coronav\u00edrus","Dani Monteiro (PSOL)","direito \u00e0 comunica\u00e7\u00e3o","Eliomar Coelho (PSB)","Enfermeira Rejane (PCdoB)","Fala Ro\u00e7a","Fl\u00e1vio Serafini","Inseguran\u00e7a alimentar","jornalismo","Monica Francisco (PSOL)","O Cidad\u00e3o","Observat\u00f3rio de Favelas","PCdoB","PSB","PSOL","Redes da Mar\u00e9","Renata Souza","representatividade","Rocinha","seguran\u00e7a p\u00fablica","S\u00e9rie: Perfis de M\u00eddia Comunit\u00e1ria","Trabalho e renda","Vidigal","Voz das Comunidades","Waldeck Carneiro da Silva (PSB)","Zona Norte","Zona Sul"],"articleSection":["*Destaque","Democracia","Escrito por Comunicadores Populares","M\u00eddia Comunit\u00e1ria","Sociedade Civil","Solu\u00e7\u00f5es"],"inLanguage":"pt-BR"},{"@type":"WebPage","@id":"https:\/\/rioonwatch.org.br\/?p=61072","url":"https:\/\/rioonwatch.org.br\/?p=61072","name":"A Sustentabilidade da Comunica\u00e7\u00e3o Comunit\u00e1ria Impressa nas Favelas - RioOnWatch","isPartOf":{"@id":"https:\/\/rioonwatch.org.br\/#website"},"primaryImageOfPage":{"@id":"https:\/\/rioonwatch.org.br\/?p=61072#primaryimage"},"image":{"@id":"https:\/\/rioonwatch.org.br\/?p=61072#primaryimage"},"thumbnailUrl":"https:\/\/rioonwatch.org.br\/wp-content\/uploads\/2022\/05\/Jornais-comunitarios-das-favelas-do-Rio-de-Janeiro.-Foto-Michel-Silva.jpg","datePublished":"2022-05-27T10:00:33+00:00","dateModified":"2024-06-20T16:36:21+00:00","breadcrumb":{"@id":"https:\/\/rioonwatch.org.br\/?p=61072#breadcrumb"},"inLanguage":"pt-BR","potentialAction":[{"@type":"ReadAction","target":["https:\/\/rioonwatch.org.br\/?p=61072"]}]},{"@type":"ImageObject","inLanguage":"pt-BR","@id":"https:\/\/rioonwatch.org.br\/?p=61072#primaryimage","url":"https:\/\/rioonwatch.org.br\/wp-content\/uploads\/2022\/05\/Jornais-comunitarios-das-favelas-do-Rio-de-Janeiro.-Foto-Michel-Silva.jpg","contentUrl":"https:\/\/rioonwatch.org.br\/wp-content\/uploads\/2022\/05\/Jornais-comunitarios-das-favelas-do-Rio-de-Janeiro.-Foto-Michel-Silva.jpg","width":1030,"height":579,"caption":"Jornais comunit\u00e1rios das favelas do Rio de Janeiro. Foto: Michel Silva"},{"@type":"BreadcrumbList","@id":"https:\/\/rioonwatch.org.br\/?p=61072#breadcrumb","itemListElement":[{"@type":"ListItem","position":1,"name":"In\u00edcio","item":"https:\/\/rioonwatch.org.br\/"},{"@type":"ListItem","position":2,"name":"A Sustentabilidade da Comunica\u00e7\u00e3o Comunit\u00e1ria Impressa nas Favelas"}]},{"@type":"WebSite","@id":"https:\/\/rioonwatch.org.br\/#website","url":"https:\/\/rioonwatch.org.br\/","name":"RioOnWatch","description":"relatos das favelas cariocas","publisher":{"@id":"https:\/\/rioonwatch.org.br\/#organization"},"potentialAction":[{"@type":"SearchAction","target":{"@type":"EntryPoint","urlTemplate":"https:\/\/rioonwatch.org.br\/?s={search_term_string}"},"query-input":{"@type":"PropertyValueSpecification","valueRequired":true,"valueName":"search_term_string"}}],"inLanguage":"pt-BR"},{"@type":"Organization","@id":"https:\/\/rioonwatch.org.br\/#organization","name":"RioOnWatch","url":"https:\/\/rioonwatch.org.br\/","logo":{"@type":"ImageObject","inLanguage":"pt-BR","@id":"https:\/\/rioonwatch.org.br\/#\/schema\/logo\/image\/","url":"https:\/\/rioonwatch.org.br\/wp-content\/uploads\/2021\/06\/RioOnWatchcabecalhoPT11anos-2.png","contentUrl":"https:\/\/rioonwatch.org.br\/wp-content\/uploads\/2021\/06\/RioOnWatchcabecalhoPT11anos-2.png","width":779,"height":277,"caption":"RioOnWatch"},"image":{"@id":"https:\/\/rioonwatch.org.br\/#\/schema\/logo\/image\/"}},{"@type":"Person","@id":"https:\/\/rioonwatch.org.br\/#\/schema\/person\/60477056fd70290836c7501475e308f3","name":"Clau Guimar\u00e3es","image":{"@type":"ImageObject","inLanguage":"pt-BR","@id":"https:\/\/rioonwatch.org.br\/#\/schema\/person\/image\/","url":"https:\/\/secure.gravatar.com\/avatar\/d3c7c802891cd0be7580519c331d257f?s=96&d=blank&r=g","contentUrl":"https:\/\/secure.gravatar.com\/avatar\/d3c7c802891cd0be7580519c331d257f?s=96&d=blank&r=g","caption":"Clau Guimar\u00e3es"},"url":"https:\/\/rioonwatch.org.br\/?author=189"}]}},"_links":{"self":[{"href":"https:\/\/rioonwatch.org.br\/index.php?rest_route=\/wp\/v2\/posts\/61072"}],"collection":[{"href":"https:\/\/rioonwatch.org.br\/index.php?rest_route=\/wp\/v2\/posts"}],"about":[{"href":"https:\/\/rioonwatch.org.br\/index.php?rest_route=\/wp\/v2\/types\/post"}],"author":[{"embeddable":true,"href":"https:\/\/rioonwatch.org.br\/index.php?rest_route=\/wp\/v2\/users\/189"}],"replies":[{"embeddable":true,"href":"https:\/\/rioonwatch.org.br\/index.php?rest_route=%2Fwp%2Fv2%2Fcomments&post=61072"}],"version-history":[{"count":23,"href":"https:\/\/rioonwatch.org.br\/index.php?rest_route=\/wp\/v2\/posts\/61072\/revisions"}],"predecessor-version":[{"id":63299,"href":"https:\/\/rioonwatch.org.br\/index.php?rest_route=\/wp\/v2\/posts\/61072\/revisions\/63299"}],"wp:featuredmedia":[{"embeddable":true,"href":"https:\/\/rioonwatch.org.br\/index.php?rest_route=\/wp\/v2\/media\/61488"}],"wp:attachment":[{"href":"https:\/\/rioonwatch.org.br\/index.php?rest_route=%2Fwp%2Fv2%2Fmedia&parent=61072"}],"wp:term":[{"taxonomy":"category","embeddable":true,"href":"https:\/\/rioonwatch.org.br\/index.php?rest_route=%2Fwp%2Fv2%2Fcategories&post=61072"},{"taxonomy":"post_tag","embeddable":true,"href":"https:\/\/rioonwatch.org.br\/index.php?rest_route=%2Fwp%2Fv2%2Ftags&post=61072"},{"taxonomy":"writer","embeddable":true,"href":"https:\/\/rioonwatch.org.br\/index.php?rest_route=%2Fwp%2Fv2%2Fwriter&post=61072"},{"taxonomy":"translator","embeddable":true,"href":"https:\/\/rioonwatch.org.br\/index.php?rest_route=%2Fwp%2Fv2%2Ftranslator&post=61072"},{"taxonomy":"source","embeddable":true,"href":"https:\/\/rioonwatch.org.br\/index.php?rest_route=%2Fwp%2Fv2%2Fsource&post=61072"},{"taxonomy":"ilustrador","embeddable":true,"href":"https:\/\/rioonwatch.org.br\/index.php?rest_route=%2Fwp%2Fv2%2Filustrador&post=61072"},{"taxonomy":"fotografo","embeddable":true,"href":"https:\/\/rioonwatch.org.br\/index.php?rest_route=%2Fwp%2Fv2%2Ffotografo&post=61072"}],"curies":[{"name":"wp","href":"https:\/\/api.w.org\/{rel}","templated":true}]}}