{"id":61116,"date":"2022-05-30T17:07:46","date_gmt":"2022-05-30T20:07:46","guid":{"rendered":"https:\/\/rioonwatch.org.br\/?p=61116"},"modified":"2024-03-18T20:02:59","modified_gmt":"2024-03-18T23:02:59","slug":"instalacao-de-paineis-solares-no-ser-alzira-no-vidigal-representa-busca-por-sustentabilidade-e-educacao-ambiental-nas-favelas","status":"publish","type":"post","link":"https:\/\/rioonwatch.org.br\/?p=61116","title":{"rendered":"Instala\u00e7\u00e3o de Pain\u00e9is Solares no Ser Alzira, no Vidigal, Representa Busca por Sustentabilidade e Educa\u00e7\u00e3o Ambiental nas Favelas"},"content":{"rendered":"<h4 style=\"text-align: right;\"><em><strong><a href=\"https:\/\/bit.ly\/3OqLHRX\" target=\"_blank\" rel=\"noopener noreferrer\">Click Here for English<\/a><a href=\"https:\/\/bit.ly\/3OqLHRX\" target=\"_blank\" rel=\"noopener noreferrer\"><img decoding=\"async\" class=\"alignright wp-image-15790\" src=\"https:\/\/rioonwatch.org.br\/wp-content\/uploads\/2012\/08\/EN-standard-e1439583104716.jpg\" alt=\"\" width=\"20\" height=\"20\" \/><\/a><\/strong><\/em><\/h4>\n<p><img decoding=\"async\" class=\"alignright wp-image-42675\" src=\"https:\/\/rioonwatch.org.br\/wp-content\/uploads\/2019\/08\/SDSU-620x211.png\" alt=\"\" width=\"200\" height=\"68\" srcset=\"https:\/\/rioonwatch.org.br\/wp-content\/uploads\/2019\/08\/SDSU-620x211.png 620w, https:\/\/rioonwatch.org.br\/wp-content\/uploads\/2019\/08\/SDSU-768x261.png 768w, https:\/\/rioonwatch.org.br\/wp-content\/uploads\/2019\/08\/SDSU-1024x348.png 1024w, https:\/\/rioonwatch.org.br\/wp-content\/uploads\/2019\/08\/SDSU.png 1934w\" sizes=\"(max-width: 200px) 100vw, 200px\" \/><\/p>\n<p><em>Esta mat\u00e9ria <\/em><em>faz parte de uma <a href=\"https:\/\/bit.ly\/SerieSDSU\" target=\"_blank\" rel=\"noopener noreferrer\">s\u00e9rie<\/a>\u00a0gerada por uma parceria, com o\u00a0<a href=\"https:\/\/bit.ly\/SDSUDigitalBrazilProject\" target=\"_blank\" rel=\"noopener noreferrer\">Digital Brazil Project<\/a>\u00a0do\u00a0<a href=\"http:\/\/bit.ly\/2zcymI6\" target=\"_blank\" rel=\"noopener noreferrer\">Centro Behner Stiefel de Estudos Brasileiros<\/a> da Universidade Estadual de San Diego na Calif\u00f3rnia, para produzir mat\u00e9rias sobre impactos clim\u00e1ticos e a\u00e7\u00e3o afirmativa nas favelas cariocas.<\/em><\/p>\n<p>Educar para transformar. Esse \u00e9 o lema da organiza\u00e7\u00e3o sem fins lucrativos <a href=\"http:\/\/bit.ly\/2rBjmCt\" target=\"_blank\" rel=\"noopener\">Ser Alzira de Aleluia<\/a>, que funciona no <a href=\"http:\/\/bit.ly\/2vXKj2m\" target=\"_blank\" rel=\"noopener\">Morro do Vidigal<\/a>, na <a href=\"http:\/\/bit.ly\/2WL6FUi\" target=\"_blank\" rel=\"noopener\">Zona Sul<\/a> do Rio. A hist\u00f3ria da institui\u00e7\u00e3o se confunde com a hist\u00f3ria da fam\u00edlia de Ant\u00f4nio Carlos de Aleluia, hoje doutor em Engenharia Oce\u00e2nica e professor universit\u00e1rio. A educa\u00e7\u00e3o sempre foi um valor muito importante na fam\u00edlia, que chegou ao Vidigal no final da d\u00e9cada de 1940. Alzira de Aleluia era o nome da av\u00f3 de Ant\u00f4nio Carlos e hoje d\u00e1 nome \u00e0 institui\u00e7\u00e3o, que atende cerca de 120 crian\u00e7as com diversas <a href=\"https:\/\/bit.ly\/3wBu1xc\" target=\"_blank\" rel=\"noopener\">atividades oferecidas<\/a> \u00e0 comunidade.<\/p>\n<figure id=\"attachment_61800\" aria-describedby=\"caption-attachment-61800\" style=\"width: 500px\" class=\"wp-caption alignright\"><a href=\"https:\/\/rioonwatch.org.br\/wp-content\/uploads\/2022\/05\/visita-tecnica.jpg\"><img fetchpriority=\"high\" decoding=\"async\" class=\"wp-image-61800\" src=\"https:\/\/rioonwatch.org.br\/wp-content\/uploads\/2022\/05\/visita-tecnica.jpg\" alt=\"Elma e Toninho fundaram o projeto Ser Alzira h\u00e1 19 anos. Foto: Ser Alzira de Aleluia\" width=\"500\" height=\"318\" srcset=\"https:\/\/rioonwatch.org.br\/wp-content\/uploads\/2022\/05\/visita-tecnica.jpg 888w, https:\/\/rioonwatch.org.br\/wp-content\/uploads\/2022\/05\/visita-tecnica-620x394.jpg 620w, https:\/\/rioonwatch.org.br\/wp-content\/uploads\/2022\/05\/visita-tecnica-768x489.jpg 768w\" sizes=\"(max-width: 500px) 100vw, 500px\" \/><\/a><figcaption id=\"caption-attachment-61800\" class=\"wp-caption-text\">Elma e Toninho fundaram o projeto Ser Alzira h\u00e1 19 anos. Foto: Ser Alzira de Aleluia<\/figcaption><\/figure>\n<p>O desejo de criar um projeto de refer\u00eancia para jovens e adultos do Vidigal surgiu na juventude de Ant\u00f4nio Carlos, mais conhecido como Toninho do Vidigal. Ele ficou conhecido na comunidade por ser o primeiro jovem negro morador da favela a ingressar no curso de Engenharia Mec\u00e2nica, na Universidade Federal Fluminense (<a href=\"https:\/\/bit.ly\/3h2kC6O\" target=\"_blank\" rel=\"noopener\">UFF<\/a>), em 1975. Em mar\u00e7o de 2003, ele e a esposa, transformaram o sonho em realidade, fundando a ONG Ser Alzira de Aleluia. Hoje, no local, funciona um curso preparat\u00f3rio para alunos que querem ingressar no ensino t\u00e9cnico ou na universidade, refor\u00e7o e acompanhamento escolar, al\u00e9m de aulas de idiomas, inform\u00e1tica, dan\u00e7a e esportes. O projeto tamb\u00e9m tem atividades direcionadas aos adultos e idosos da comunidade.<\/p>\n<p>At\u00e9 o momento, ao menos cinco jovens do Vidigal ingressaram em cursos de gradua\u00e7\u00e3o na Pontif\u00edcia Universidade Cat\u00f3lica do Rio de Janeiro (<a href=\"http:\/\/bit.ly\/2qijLVq\" target=\"_blank\" rel=\"noopener\">PUC<\/a>), por meio do curso de pr\u00e9-vestibular comunit\u00e1rio da institui\u00e7\u00e3o, que funciona desde 2016. Ant\u00f4nio e Elma de Aleluia, co-fundadora e atual presidente da organiza\u00e7\u00e3o, buscam ampliar as oportunidades para os moradores da favela por meio de parcerias com organiza\u00e7\u00f5es e empresas externas. \u00c9 atrav\u00e9s desse contato que a institui\u00e7\u00e3o consegue ofertar bolsas de estudos em cursos de idiomas, doa\u00e7\u00f5es de materiais escolares e cestas b\u00e1sicas, al\u00e9m de viabilizar a presen\u00e7a dos moradores em apresenta\u00e7\u00f5es e eventos culturais.<\/p>\n<figure id=\"attachment_61793\" aria-describedby=\"caption-attachment-61793\" style=\"width: 2560px\" class=\"wp-caption aligncenter\"><a href=\"https:\/\/rioonwatch.org.br\/wp-content\/uploads\/2022\/05\/Lanc\u0327amento-placas-solares-Vidigal-08-scaled.jpg\"><img loading=\"lazy\" decoding=\"async\" class=\"wp-image-61793 size-full\" title=\"Moradores conhecem as placas no lan\u00e7amento. Foto: Sergio Sarief\" src=\"https:\/\/rioonwatch.org.br\/wp-content\/uploads\/2022\/05\/Lanc\u0327amento-placas-solares-Vidigal-08-scaled.jpg\" alt=\"Moradores conhecem as placas no lan\u00e7amento. Foto: Sergio Sarief\" width=\"2560\" height=\"1707\" srcset=\"https:\/\/rioonwatch.org.br\/wp-content\/uploads\/2022\/05\/Lanc\u0327amento-placas-solares-Vidigal-08-scaled.jpg 2560w, https:\/\/rioonwatch.org.br\/wp-content\/uploads\/2022\/05\/Lanc\u0327amento-placas-solares-Vidigal-08-620x413.jpg 620w, https:\/\/rioonwatch.org.br\/wp-content\/uploads\/2022\/05\/Lanc\u0327amento-placas-solares-Vidigal-08-944x629.jpg 944w, https:\/\/rioonwatch.org.br\/wp-content\/uploads\/2022\/05\/Lanc\u0327amento-placas-solares-Vidigal-08-768x512.jpg 768w\" sizes=\"(max-width: 2560px) 100vw, 2560px\" \/><\/a><figcaption id=\"caption-attachment-61793\" class=\"wp-caption-text\">Moradores conhecem o sistema de energia solar no lan\u00e7amento. Foto: Sergio Satierf<\/figcaption><\/figure>\n<p>A articula\u00e7\u00e3o em rede e o di\u00e1logo com outras organiza\u00e7\u00f5es s\u00e3o as bases para que a institui\u00e7\u00e3o consiga manter suas a\u00e7\u00f5es no territ\u00f3rio, como conta Elma: \u201cs\u00e3o as parcerias que geram a sustentabilidade para darmos andamento \u00e0s nossas atividades. \u00c9 por conta delas que n\u00f3s crescemos e nos mantemos de p\u00e9 para que possamos atender \u00e0 comunidade\u201d.<\/p>\n<p>Entre outras demandas da ONG est\u00e1 a sustentabilidade financeira, comum desafio de institui\u00e7\u00f5es sociais e comunit\u00e1rias. Ap\u00f3s alguns anos de busca, em dezembro de 2021, a Ser Alzira de Aleluia recebeu uma grande ajuda para atingir sua sustentabilidade financeira: a <a href=\"https:\/\/bit.ly\/3iCoZZ3\" target=\"_blank\" rel=\"noopener\">instala\u00e7\u00e3o de placas solares<\/a>. A economia na conta de luz \u00e9 um grande objetivo do sistema de <a href=\"https:\/\/bit.ly\/3IB98UX\" target=\"_blank\" rel=\"noopener\">energia solar<\/a>, que tamb\u00e9m tem um papel muito importante para a forma\u00e7\u00e3o e educa\u00e7\u00e3o ambiental dos moradores. A instala\u00e7\u00e3o no Ser Alzira \u00e9 a <a href=\"https:\/\/bit.ly\/3D7cv58\" target=\"_blank\" rel=\"noopener\">primeira instala\u00e7\u00e3o<\/a> de m\u00f3dulo fotovoltaico do Morro do Vidigal.<\/p>\n<p>Elma conta que havia um grande desejo da equipe da ONG em mostrar \u00e0 favela novas possibilidades de distribui\u00e7\u00e3o energ\u00e9tica, al\u00e9m de reverter os recursos, antes usados na conta de luz, para a compra de materiais para as atividades educacionais. \u201cEstamos tendo uma grande economia com a energia solar, porque antes nossa conta era bem alta. Agora pagamos R$200 ou R$300 reais, dependendo do m\u00eas\u201d, explica. Antes, a conta de luz do projeto girava em torno de R$700, ou seja, uma redu\u00e7\u00e3o superior a 50%. O valor economizado tem sido usado para pagar internet, telefone e material de escrit\u00f3rio. \u201cA economia na conta ajuda a manter a institui\u00e7\u00e3o funcionando, at\u00e9 porque a internet \u00e9 imprescind\u00edvel para o nosso trabalho\u201d, diz ela.<\/p>\n<figure id=\"attachment_61795\" aria-describedby=\"caption-attachment-61795\" style=\"width: 2560px\" class=\"wp-caption aligncenter\"><a href=\"https:\/\/rioonwatch.org.br\/wp-content\/uploads\/2022\/05\/Lanc\u0327amento-placas-solares-Vidigal-06-scaled.jpg\"><img loading=\"lazy\" decoding=\"async\" class=\"wp-image-61795 size-full\" title=\"Elma, Toninho e Hans apresentam o novo sistema. Foto: Sergio Satierf\" src=\"https:\/\/rioonwatch.org.br\/wp-content\/uploads\/2022\/05\/Lanc\u0327amento-placas-solares-Vidigal-06-scaled.jpg\" alt=\"Elma, Toninho e Hans apresentam o novo sistema. Foto: Sergio Satierf\" width=\"2560\" height=\"1707\" srcset=\"https:\/\/rioonwatch.org.br\/wp-content\/uploads\/2022\/05\/Lanc\u0327amento-placas-solares-Vidigal-06-scaled.jpg 2560w, https:\/\/rioonwatch.org.br\/wp-content\/uploads\/2022\/05\/Lanc\u0327amento-placas-solares-Vidigal-06-620x413.jpg 620w, https:\/\/rioonwatch.org.br\/wp-content\/uploads\/2022\/05\/Lanc\u0327amento-placas-solares-Vidigal-06-944x629.jpg 944w, https:\/\/rioonwatch.org.br\/wp-content\/uploads\/2022\/05\/Lanc\u0327amento-placas-solares-Vidigal-06-768x512.jpg 768w\" sizes=\"(max-width: 2560px) 100vw, 2560px\" \/><\/a><figcaption id=\"caption-attachment-61795\" class=\"wp-caption-text\">Elma, Toninho e Hans apresentam o novo sistema. Foto: Sergio Satierf<\/figcaption><\/figure>\n<h3><strong>Energia Limpa e Sustent\u00e1vel no Vidigal<\/strong><\/h3>\n<p>Projetos de energia solar j\u00e1 existem em outras favelas da Zona Sul carioca, como no <a href=\"http:\/\/bit.ly\/2KUhdtg\" target=\"_blank\" rel=\"noopener\">Chap\u00e9u Mangueira<\/a> e na <a href=\"https:\/\/bit.ly\/3kZKum8\" target=\"_blank\" rel=\"noopener\">Babil\u00f4nia<\/a>, ambos no <a href=\"https:\/\/bit.ly\/3x9Sh7s\" target=\"_blank\" rel=\"noopener\">Leme<\/a>, e no <a href=\"http:\/\/bit.ly\/2Zjer5w\" target=\"_blank\" rel=\"noopener\">Santa Marta<\/a>, em <a href=\"https:\/\/bit.ly\/3rNV2er\" target=\"_blank\" rel=\"noopener\">Botafogo<\/a>. Os sistemas instalados nesses territ\u00f3rios mostram como a energia solar n\u00e3o s\u00f3 \u00e9 poss\u00edvel, como <a href=\"https:\/\/bit.ly\/3mXR26s\" target=\"_blank\" rel=\"noopener\">\u00e9 desej\u00e1vel nas favelas<\/a>, territ\u00f3rios com grande potencial para a gera\u00e7\u00e3o desse tipo de energia. Existem, no entanto, alguns desafios para a sua implementa\u00e7\u00e3o, como os custos dos equipamentos, a necessidade de uma infraestrutura que suporte o peso dos pain\u00e9is solares e, ainda, o bom funcionamento do sistema regular de energia, fornecido pela <a href=\"https:\/\/bit.ly\/30VtS7W\" target=\"_blank\" rel=\"noopener\">Light<\/a>.<\/p>\n<p>O sistema de energia solar funciona de forma integrada \u00e0 rede comum de eletricidade. A energia captada pelos m\u00f3dulos fotovoltaicos, como s\u00e3o chamadas as placas, entra na rede onde o sistema \u00e9 instalado. Uma parte \u00e9 usada por aparelhos el\u00e9tricos ligados na mesma hora. O excedente entra na rede da concession\u00e1ria, por onde \u00e9 redistribu\u00eddo. Toda a energia gerada se traduz em descontos na conta de luz.<\/p>\n<figure id=\"attachment_61173\" aria-describedby=\"caption-attachment-61173\" style=\"width: 300px\" class=\"wp-caption alignright\"><a href=\"https:\/\/rioonwatch.org.br\/wp-content\/uploads\/2022\/03\/Inauguracao-do-sistema-de-energia-solar-aconteceu-em-dezembro-de-2021.-Foto-Aline-Fornel-Mare-de-Noticias.jpg\"><img loading=\"lazy\" decoding=\"async\" class=\"wp-image-61173\" title=\"Inaugura\u00e7\u00e3o do sistema de energia solar aconteceu em dezembro de 2021. Foto: Aline Fornel \/ Mar\u00e9 de Not\u00edcias\" src=\"https:\/\/rioonwatch.org.br\/wp-content\/uploads\/2022\/03\/Inauguracao-do-sistema-de-energia-solar-aconteceu-em-dezembro-de-2021.-Foto-Aline-Fornel-Mare-de-Noticias.jpg\" alt=\"Inaugura\u00e7\u00e3o do sistema de energia solar aconteceu em dezembro de 2021. Foto: Aline Fornel \/ Mar\u00e9 de Not\u00edcias\" width=\"300\" height=\"198\" srcset=\"https:\/\/rioonwatch.org.br\/wp-content\/uploads\/2022\/03\/Inauguracao-do-sistema-de-energia-solar-aconteceu-em-dezembro-de-2021.-Foto-Aline-Fornel-Mare-de-Noticias.jpg 768w, https:\/\/rioonwatch.org.br\/wp-content\/uploads\/2022\/03\/Inauguracao-do-sistema-de-energia-solar-aconteceu-em-dezembro-de-2021.-Foto-Aline-Fornel-Mare-de-Noticias-620x408.jpg 620w\" sizes=\"(max-width: 300px) 100vw, 300px\" \/><\/a><figcaption id=\"caption-attachment-61173\" class=\"wp-caption-text\">Inaugura\u00e7\u00e3o do sistema de energia solar aconteceu em dezembro de 2021. Foto: Aline Fornel \/ Mar\u00e9 de Not\u00edcias<\/figcaption><\/figure>\n<p>O equipamento instalado na ONG Ser Alzira \u00e9 fruto da doa\u00e7\u00e3o de uma empresa do setor de energia solar. A oportunidade chegou por interm\u00e9dio de Hans Rauschmayer, especialista no tema, fundador da <a href=\"http:\/\/bit.ly\/2Qwq9Ih\" target=\"_blank\" rel=\"noopener\">Solarize Treinamentos<\/a> e integrante do Grupo de Trabalho (GT) de Justi\u00e7a Energ\u00e9tica da <a href=\"https:\/\/bit.ly\/RFSnoROW\" target=\"_blank\" rel=\"noopener\">Rede Favela Sustent\u00e1vel (RFS)<\/a>*. Foi por meio da Rede que houve a conex\u00e3o entre a oportunidade e o projeto social do Vidigal.<\/p>\n<p>\u201cO Tiago [Fraga] trouxe a proposta de doa\u00e7\u00e3o [do sistema] para mim. Eu resolvi levar para o GT de Energia Solar [atual GT de Justi\u00e7a Energ\u00e9tica] da Rede\u201d, lembrou Hans. Thiago Fraga \u00e9 organizador do <a href=\"https:\/\/bit.ly\/3qy8IIQ\" target=\"_blank\" rel=\"noopener\">F\u00f3rum GD Sudeste<\/a> e foi a pessoa respons\u00e1vel por direcionar a doa\u00e7\u00e3o conjunta das empresas <a href=\"https:\/\/bit.ly\/3wH41QT\" target=\"_blank\" rel=\"noopener\">PHB Solar<\/a> e <a href=\"https:\/\/bit.ly\/3JSuqig\" target=\"_blank\" rel=\"noopener\">Grupo FRG<\/a>. Al\u00e9m dessas, outras institui\u00e7\u00f5es tamb\u00e9m contribu\u00edram. A <a href=\"https:\/\/bit.ly\/3D8JCFA\" target=\"_blank\" rel=\"noopener\">Solfortes<\/a> atuou na instala\u00e7\u00e3o e homologa\u00e7\u00e3o do sistema, a\u00a0<a href=\"https:\/\/bit.ly\/3qAdBRP\" target=\"_blank\" rel=\"noopener\">Mirassol Energia Solar<\/a> doou materiais para a obra. A Solarize planejou e participou da instala\u00e7\u00e3o, al\u00e9m de treinar um morador.<\/p>\n<p>Sobre a escolha do projeto Ser Alzira, Hans continua: \u201cavaliamos no GT alguns candidatos e decidimos juntos levar o sistema ao Vidigal, pois a Dona Elma j\u00e1 estava presente h\u00e1 muito tempo e possu\u00eda as melhores condi\u00e7\u00f5es [estruturais] naquele momento\u201d, explica. A Rede Favela Sustent\u00e1vel, iniciativa da qual Elma e Hans participam, <a href=\"https:\/\/bit.ly\/RFSMapa2022\" target=\"_blank\" rel=\"noopener\">re\u00fane 120 projetos<\/a> que trabalham <a href=\"https:\/\/bit.ly\/3uUd9gS\" target=\"_blank\" rel=\"noopener\">solu\u00e7\u00f5es sociais<\/a> e a <a href=\"https:\/\/bit.ly\/36sKx7L\" target=\"_blank\" rel=\"noopener\">sustentabilidade<\/a> nas favelas.<\/p>\n<p>A inten\u00e7\u00e3o \u00e9 que a instala\u00e7\u00e3o do <a href=\"https:\/\/bit.ly\/3dmt5Tp\" target=\"_blank\" rel=\"noopener\">sistema fotovoltaico<\/a> no Ser Alzira seja apenas um primeiro passo. Al\u00e9m de inspirar outras institui\u00e7\u00f5es e os pr\u00f3prios moradores, a proposta \u00e9 pensar formas de viabilizar cursos t\u00e9cnicos de instala\u00e7\u00e3o de pain\u00e9is solares, como ocorreu em outras favelas. Assim, haveriam pessoas na pr\u00f3pria comunidade aptas para realizar manuten\u00e7\u00f5es e novas instala\u00e7\u00f5es dentro e fora do territ\u00f3rio. Para este sonho se tornar realidade, no entanto, \u00e9 necess\u00e1rio conseguir recursos para baratear ou disponibilizar o curso de forma gratuita aos moradores do Vidigal.<\/p>\n<figure id=\"attachment_61797\" aria-describedby=\"caption-attachment-61797\" style=\"width: 2560px\" class=\"wp-caption aligncenter\"><a href=\"https:\/\/rioonwatch.org.br\/wp-content\/uploads\/2022\/05\/Lanc\u0327amento-placas-solares-Vidigal-04-scaled.jpg\"><img loading=\"lazy\" decoding=\"async\" class=\"wp-image-61797 size-full\" src=\"https:\/\/rioonwatch.org.br\/wp-content\/uploads\/2022\/05\/Lanc\u0327amento-placas-solares-Vidigal-04-scaled.jpg\" alt=\"Ap\u00f3s instala\u00e7\u00e3o, a conta de luz da organiza\u00e7\u00e3o teve uma redu\u00e7\u00e3o superior a 50%. Foto: Sergio Satierf\" width=\"2560\" height=\"1707\" srcset=\"https:\/\/rioonwatch.org.br\/wp-content\/uploads\/2022\/05\/Lanc\u0327amento-placas-solares-Vidigal-04-scaled.jpg 2560w, https:\/\/rioonwatch.org.br\/wp-content\/uploads\/2022\/05\/Lanc\u0327amento-placas-solares-Vidigal-04-620x413.jpg 620w, https:\/\/rioonwatch.org.br\/wp-content\/uploads\/2022\/05\/Lanc\u0327amento-placas-solares-Vidigal-04-944x629.jpg 944w, https:\/\/rioonwatch.org.br\/wp-content\/uploads\/2022\/05\/Lanc\u0327amento-placas-solares-Vidigal-04-768x512.jpg 768w\" sizes=\"(max-width: 2560px) 100vw, 2560px\" \/><\/a><figcaption id=\"caption-attachment-61797\" class=\"wp-caption-text\">Ap\u00f3s instala\u00e7\u00e3o, a conta de luz da organiza\u00e7\u00e3o teve uma redu\u00e7\u00e3o superior a 50%. Foto: Sergio Satierf<\/figcaption><\/figure>\n<p>Para a instala\u00e7\u00e3o do sistema no come\u00e7o de dezembro do ano passado, o Ser Alzira precisou reunir uma for\u00e7a tarefa para conseguir finalizar os ajustes estruturais no telhado da sede da organiza\u00e7\u00e3o. Ao todo, 20 pessoas de cinco favelas e do \u201casfalto\u201d estiveram envolvidos para executar e entregar a obra completa dez dias antes da inaugura\u00e7\u00e3o, que aconteceu no dia 5 de dezembro de 2021. Elma reflete sobre os impactos sociais do sistema:<\/p>\n<blockquote><p>&#8220;A gera\u00e7\u00e3o distribu\u00edda atrav\u00e9s da energia solar nos educa a ser cidad\u00e3os, a economizar, a fazer reciclagem, a distribuir o que sobra passando para algum parceiro.\u201d \u2014 Elma de Aleluia<\/p><\/blockquote>\n<p>A produ\u00e7\u00e3o de eletricidade por meio da energia do sol n\u00e3o gera emiss\u00e3o de gases poluentes. Por isso \u00e9 chamada de energia limpa. A energia solar \u00e9, tamb\u00e9m, um tipo de energia renov\u00e1vel, por n\u00e3o ter origem em recursos finitos. \u00c9, portanto, um tipo de energia visto como aliado ao meio ambiente e n\u00e3o prejudicial \u00e0 sa\u00fade humana. Pouco a pouco, esse tipo de gera\u00e7\u00e3o tem se popularizado nas favelas cariocas por meio do treinamento de moradores, instala\u00e7\u00f5es de baixo custo e, tamb\u00e9m, por conta do trabalho de educa\u00e7\u00e3o ambiental de coletivos e lideran\u00e7as comunit\u00e1rias.<\/p>\n<p>Ser Alzira de Aleluia sabe bem quais s\u00e3o os pontos positivos de receber a energia solar e j\u00e1 projeta a amplia\u00e7\u00e3o do sistema para o futuro. O sonho \u00e9 construir uma <a href=\"https:\/\/bit.ly\/3DabgSC\" target=\"_blank\" rel=\"noopener\">usina solar fotovoltaica<\/a> no Vidigal. A meta parece ambiciosa, mas projetos como esse j\u00e1 v\u00eam sendo desenvolvidos em <a href=\"https:\/\/bit.ly\/3iwYJiv\" target=\"_blank\" rel=\"noopener\">favelas pr\u00f3ximas<\/a>, como no Morro da Babil\u00f4nia, no Leme.<\/p>\n<blockquote><p>&#8220;N\u00f3s estamos tendo a coragem e a ousadia de pensar em uma usina el\u00e9trica para atender o maior n\u00famero de pessoas na favela. Estamos nos preparando, porque as leis est\u00e3o sendo feitas para beneficiar as usinas de pequeno porte e, assim, quem sabe, possamos atender a nossa comunidade. Esse \u00e9 o objetivo daqui a alguns anos.\u201d \u2014 Elma de Aleluia<\/p><\/blockquote>\n<figure id=\"attachment_61794\" aria-describedby=\"caption-attachment-61794\" style=\"width: 2560px\" class=\"wp-caption aligncenter\"><a href=\"https:\/\/rioonwatch.org.br\/wp-content\/uploads\/2022\/05\/Lanc\u0327amento-placas-solares-Vidigal-07-scaled.jpg\"><img loading=\"lazy\" decoding=\"async\" class=\"wp-image-61794 size-full\" title=\"Ant\u00f4nio e Elma cortam a fita na inaugura\u00e7\u00e3o. Foto: Sergio Satierf\" src=\"https:\/\/rioonwatch.org.br\/wp-content\/uploads\/2022\/05\/Lanc\u0327amento-placas-solares-Vidigal-07-scaled.jpg\" alt=\"Ant\u00f4nio e Elma cortam a fita na inaugura\u00e7\u00e3o. Foto: Sergio Satierf\" width=\"2560\" height=\"1707\" srcset=\"https:\/\/rioonwatch.org.br\/wp-content\/uploads\/2022\/05\/Lanc\u0327amento-placas-solares-Vidigal-07-scaled.jpg 2560w, https:\/\/rioonwatch.org.br\/wp-content\/uploads\/2022\/05\/Lanc\u0327amento-placas-solares-Vidigal-07-620x413.jpg 620w, https:\/\/rioonwatch.org.br\/wp-content\/uploads\/2022\/05\/Lanc\u0327amento-placas-solares-Vidigal-07-944x629.jpg 944w, https:\/\/rioonwatch.org.br\/wp-content\/uploads\/2022\/05\/Lanc\u0327amento-placas-solares-Vidigal-07-768x512.jpg 768w\" sizes=\"(max-width: 2560px) 100vw, 2560px\" \/><\/a><figcaption id=\"caption-attachment-61794\" class=\"wp-caption-text\">Ant\u00f4nio e Elma cortam a fita na inaugura\u00e7\u00e3o. Foto: Sergio Satierf<\/figcaption><\/figure>\n<h3><strong>Desafios do Presente<\/strong><\/h3>\n<p>Nos \u00faltimos dois anos, as favelas <a href=\"http:\/\/bit.ly\/Covid19NasFavelas\" target=\"_blank\" rel=\"noopener\">foram bastante impactadas<\/a> pelas consequ\u00eancias da pandemia do coronav\u00edrus. A crise sanit\u00e1ria se tornou, tamb\u00e9m, uma crise social nesses territ\u00f3rios, com <a href=\"https:\/\/bit.ly\/39CK9zg\" target=\"_blank\" rel=\"noopener\">perda de empregos<\/a>, <a href=\"https:\/\/bit.ly\/3yLyvjO\" target=\"_blank\" rel=\"noopener\">redu\u00e7\u00e3o de renda<\/a>, <a href=\"https:\/\/bit.ly\/2ZYdxPa\" target=\"_blank\" rel=\"noopener\">acesso limitado \u00e0 educa\u00e7\u00e3o<\/a> e <a href=\"https:\/\/bit.ly\/2WOOThV\" target=\"_blank\" rel=\"noopener\">preju\u00edzos \u00e0 sa\u00fade mental<\/a>. Nesse per\u00edodo o projeto Ser Alzira de Aleluia viu a demanda por ajuda crescer, rapidamente, na comunidade. De uma hora para a outra, as atividades educacionais precisaram migrar para o ambiente virtual e outras a\u00e7\u00f5es precisaram ser suspensas. S\u00f3 no ano passado, foram 3.800 cestas b\u00e1sicas doadas no Vidigal. Este ano, o projeto ainda tem uma lista com cerca de 1.300 fam\u00edlias cadastradas para receber doa\u00e7\u00f5es de alimentos.<\/p>\n<p>A grande doa\u00e7\u00e3o realizada em 2021 foi fruto da soma de doa\u00e7\u00f5es de diversas institui\u00e7\u00f5es por todo o Brasil. Esse ano, por\u00e9m, a presidente da ONG n\u00e3o sabe se conseguir\u00e1 doa\u00e7\u00f5es para as mais de 1.000 fam\u00edlias que aguardam. N\u00e3o h\u00e1, at\u00e9 o momento, previs\u00e3o de chegada de novas cestas b\u00e1sicas.<\/p>\n<figure id=\"attachment_61791\" aria-describedby=\"caption-attachment-61791\" style=\"width: 2560px\" class=\"wp-caption aligncenter\"><a href=\"https:\/\/rioonwatch.org.br\/wp-content\/uploads\/2022\/05\/Lanc\u0327amento-placas-solares-Vidigal-10-scaled.jpg\"><img loading=\"lazy\" decoding=\"async\" class=\"wp-image-61791 size-full\" src=\"https:\/\/rioonwatch.org.br\/wp-content\/uploads\/2022\/05\/Lanc\u0327amento-placas-solares-Vidigal-10-scaled.jpg\" alt=\"Esse ano, mais de mil pessoas aguardam por doa\u00e7\u00e3o de cestas b\u00e1sicas. Foto: Sergio Satierf\" width=\"2560\" height=\"1707\" srcset=\"https:\/\/rioonwatch.org.br\/wp-content\/uploads\/2022\/05\/Lanc\u0327amento-placas-solares-Vidigal-10-scaled.jpg 2560w, https:\/\/rioonwatch.org.br\/wp-content\/uploads\/2022\/05\/Lanc\u0327amento-placas-solares-Vidigal-10-620x413.jpg 620w, https:\/\/rioonwatch.org.br\/wp-content\/uploads\/2022\/05\/Lanc\u0327amento-placas-solares-Vidigal-10-944x629.jpg 944w, https:\/\/rioonwatch.org.br\/wp-content\/uploads\/2022\/05\/Lanc\u0327amento-placas-solares-Vidigal-10-768x512.jpg 768w\" sizes=\"(max-width: 2560px) 100vw, 2560px\" \/><\/a><figcaption id=\"caption-attachment-61791\" class=\"wp-caption-text\">Esse ano, mais de mil pessoas aguardam por doa\u00e7\u00e3o de cestas b\u00e1sicas. Foto: Sergio Satierf<\/figcaption><\/figure>\n<p>Com 19 anos de exist\u00eancia, o projeto Ser Alzira sempre se manteve com ajuda de amigos e doadores externos. Na sede da institui\u00e7\u00e3o, no alto do Morro do Vidigal, tamb\u00e9m funciona um alojamento. O local hospeda turistas de v\u00e1rios pa\u00edses e o valor levantado \u00e9 direcionado para as a\u00e7\u00f5es sociais da ONG. A pandemia, no entanto, tamb\u00e9m impactou bastante o retorno financeiro do \u201cAlzira House\u201d. Antes, o local hospedava em m\u00e9dia doze pessoas, mas desde a chegada do novo coronav\u00edrus esse n\u00famero caiu pela metade.<\/p>\n<blockquote><p>\u201cS\u00e3o 19 anos de organiza\u00e7\u00e3o, com sede pr\u00f3pria, funcionando dentro da favela e sobrevivendo de doa\u00e7\u00f5es. Sinto que o poder p\u00fablico ignora projetos como o nosso, projetos que est\u00e3o trabalhando a educa\u00e7\u00e3o e o meio ambiente nos territ\u00f3rios&#8230; Vemos a necessidade das fam\u00edlias. Muitas vezes, uma m\u00e3e ou um pai precisa trabalhar e deixam as crian\u00e7as nas escolas e nas creches. Ou o pai vai embora e a m\u00e3e ou a av\u00f3 precisa sustentar os filhos [e\/ou netos] sozinhas. \u00c9 com essas pessoas que a gente trabalha. Acho que o poder p\u00fablico trabalha de uma forma muito paliativa e n\u00f3s trabalhamos na base.\u201d \u2014 Elma de Aleluia<\/p><\/blockquote>\n<p>A institui\u00e7\u00e3o est\u00e1 aberta a receber doa\u00e7\u00f5es de alimentos, produtos de limpeza e material escolar. Elma afirma tamb\u00e9m que seria muito importante para o projeto conseguir um autom\u00f3vel. A ONG possui um ve\u00edculo, mas ele tem mais de 20 anos de uso e precisa ser reformado ou trocado para conseguir atender as necessidades da iniciativa. Com a ajuda de volunt\u00e1rios, doadores e amigos, a organiza\u00e7\u00e3o Ser Alzira segue fazendo a diferen\u00e7a na vida dos mais de 20.000 moradores do Vidigal.<\/p>\n<p><em>*A Rede Favela Sustent\u00e1vel (RFS) e o RioOnWatch s\u00e3o projetos da organiza\u00e7\u00e3o sem fins lucrativos, Comunidades Catalisadoras.<\/em><\/p>\n<p><em>Sobre a autora: <\/em><a href=\"https:\/\/bit.ly\/2SVKpXZ\" target=\"_blank\" rel=\"noopener\"><em>Beatriz Carvalho<\/em><\/a><em>, cria de <\/em><a href=\"http:\/\/bit.ly\/2GsjdJU\" target=\"_blank\" rel=\"noopener\"><em>Vilar dos Teles<\/em><\/a><em> em <\/em><a href=\"http:\/\/bit.ly\/32hi3Hn\" target=\"_blank\" rel=\"noopener\"><em>S\u00e3o Jo\u00e3o de Meriti<\/em><\/a><em>, \u00e9 jornalista, m\u00eddia-ativista, feminista, toca o <\/em><a href=\"http:\/\/bit.ly\/2HB9Zv0\" target=\"_blank\" rel=\"noopener\"><em>Mulheres de Frente<\/em><\/a><em> e atualmente \u00e9 rep\u00f3rter especial da Rede Favela Sustent\u00e1vel.<\/em><\/p>\n<hr \/>\n<div class=\"entry clearfix\">\n<h4><b data-stringify-type=\"bold\">Apoie nossos esfor\u00e7os para fornecer apoio estrat\u00e9gico \u00e0s favelas do Rio, incluindo o jornalismo hiperlocal, cr\u00edtico, inovador e incans\u00e1vel do\u00a0<\/b><b data-stringify-type=\"bold\"><i data-stringify-type=\"italic\">RioOnWatch<\/i><\/b>\u2014<b data-stringify-type=\"bold\"><a class=\"c-link\" href=\"http:\/\/www.bit.ly\/ApoieROW\" target=\"_blank\" rel=\"noopener noreferrer\" data-stringify-link=\"http:\/\/www.bit.ly\/ApoieROW\" data-sk=\"tooltip_parent\">doe aqui<\/a><\/b><b data-stringify-type=\"bold\">.<\/b><\/h4>\n<\/div>\n<!-- AddThis Advanced Settings generic via filter on the_content --><!-- AddThis Share Buttons generic via filter on the_content -->","protected":false},"excerpt":{"rendered":"<div class=\"mh-excerpt\"><p>Click Here for English Esta mat\u00e9ria faz parte de uma s\u00e9rie\u00a0gerada por uma parceria, com o\u00a0Digital Brazil Project\u00a0do\u00a0Centro Behner Stiefel de Estudos Brasileiros da Universidade Estadual de San Diego na Calif\u00f3rnia, para produzir mat\u00e9rias sobre <a class=\"mh-excerpt-more\" href=\"https:\/\/rioonwatch.org.br\/?p=61116\" title=\"Instala\u00e7\u00e3o de Pain\u00e9is Solares no Ser Alzira, no Vidigal, Representa Busca por Sustentabilidade e Educa\u00e7\u00e3o Ambiental nas Favelas\">[&#8230;]<\/a><!-- AddThis Advanced Settings generic via filter on get_the_excerpt --><!-- AddThis Share Buttons generic via filter on get_the_excerpt --><\/p>\n<\/div>","protected":false},"author":176,"featured_media":61799,"comment_status":"closed","ping_status":"closed","sticky":false,"template":"template-full.php","format":"standard","meta":{"_acf_changed":false,"_monsterinsights_skip_tracking":false,"_monsterinsights_sitenote_active":false,"_monsterinsights_sitenote_note":"","_monsterinsights_sitenote_category":0,"footnotes":""},"categories":[1621,1625,1612,342,1639],"tags":[2402,1696,630,2070,316,363,1998,282,635,1151,708,2901,180,3162,2693,404,354,383],"writer":[2466],"translator":[],"source":[],"ilustrador":[],"fotografo":[3161],"class_list":{"0":"post-61116","1":"post","2":"type-post","3":"status-publish","4":"format-standard","5":"has-post-thumbnail","7":"category-destaque","8":"category-por-correspondentes-comunitarios","9":"category-sociedade-civil","10":"category-solucoes","11":"category-sustentabilidade","12":"tag-acesso-a-universidade","13":"tag-botafogo","14":"tag-chapeu-mangueira","15":"tag-direito-a-educacao","16":"tag-educacao","17":"tag-educacao-ambiental","18":"tag-energia-solar","19":"tag-leme","20":"tag-light","21":"tag-organizacao","22":"tag-morro-da-babilonia","23":"tag-rfs","24":"tag-santa-marta","25":"tag-seria-semana-do-meio-ambiente","26":"tag-serie-direitos-humanos-com-apoio-do-centro-behner-stiefel-da-sdsu","27":"tag-sustentabilidade","28":"tag-vidigal","29":"tag-zona-sul","30":"writer-beatriz-carvalho","31":"fotografo-sergio-satierf"},"acf":[],"yoast_head":"<!-- This site is optimized with the Yoast SEO plugin v25.6 - https:\/\/yoast.com\/wordpress\/plugins\/seo\/ -->\n<title>Instala\u00e7\u00e3o de Pain\u00e9is Solares no Ser Alzira, no Vidigal, Representa Busca por Sustentabilidade e Educa\u00e7\u00e3o Ambiental nas Favelas - RioOnWatch<\/title>\n<meta name=\"robots\" content=\"index, follow, max-snippet:-1, max-image-preview:large, max-video-preview:-1\" \/>\n<link rel=\"canonical\" href=\"https:\/\/rioonwatch.org.br\/?p=61116\" \/>\n<meta property=\"og:locale\" content=\"pt_BR\" \/>\n<meta property=\"og:type\" content=\"article\" \/>\n<meta property=\"og:title\" content=\"Instala\u00e7\u00e3o de Pain\u00e9is Solares no Ser Alzira, no Vidigal, Representa Busca por Sustentabilidade e Educa\u00e7\u00e3o Ambiental nas Favelas - RioOnWatch\" \/>\n<meta property=\"og:description\" content=\"Click Here for English Esta mat\u00e9ria faz parte de uma s\u00e9rie\u00a0gerada por uma parceria, com o\u00a0Digital Brazil Project\u00a0do\u00a0Centro Behner Stiefel de Estudos Brasileiros da Universidade Estadual de San Diego na Calif\u00f3rnia, para produzir mat\u00e9rias sobre [...]\" \/>\n<meta property=\"og:url\" content=\"https:\/\/rioonwatch.org.br\/?p=61116\" \/>\n<meta property=\"og:site_name\" content=\"RioOnWatch\" \/>\n<meta property=\"article:published_time\" content=\"2022-05-30T20:07:46+00:00\" \/>\n<meta property=\"article:modified_time\" content=\"2024-03-18T23:02:59+00:00\" \/>\n<meta property=\"og:image\" content=\"https:\/\/rioonwatch.org.br\/wp-content\/uploads\/2022\/05\/Lanc\u0327amento-placas-solares-Vidigal-02-scaled.jpg\" \/>\n\t<meta property=\"og:image:width\" content=\"2560\" \/>\n\t<meta property=\"og:image:height\" content=\"1447\" \/>\n\t<meta property=\"og:image:type\" content=\"image\/jpeg\" \/>\n<meta name=\"author\" content=\"Cristina Cortez\" \/>\n<meta name=\"twitter:card\" content=\"summary_large_image\" \/>\n<meta name=\"twitter:label1\" content=\"Escrito por\" \/>\n\t<meta name=\"twitter:data1\" content=\"Cristina Cortez\" \/>\n\t<meta name=\"twitter:label2\" content=\"Est. tempo de leitura\" \/>\n\t<meta name=\"twitter:data2\" content=\"14 minutos\" \/>\n<script type=\"application\/ld+json\" class=\"yoast-schema-graph\">{\"@context\":\"https:\/\/schema.org\",\"@graph\":[{\"@type\":\"Article\",\"@id\":\"https:\/\/rioonwatch.org.br\/?p=61116#article\",\"isPartOf\":{\"@id\":\"https:\/\/rioonwatch.org.br\/?p=61116\"},\"author\":{\"name\":\"Cristina Cortez\",\"@id\":\"https:\/\/rioonwatch.org.br\/#\/schema\/person\/2f8f6c8528de464180c4ab9d3d00d64e\"},\"headline\":\"Instala\u00e7\u00e3o de Pain\u00e9is Solares no Ser Alzira, no Vidigal, Representa Busca por Sustentabilidade e Educa\u00e7\u00e3o Ambiental nas Favelas\",\"datePublished\":\"2022-05-30T20:07:46+00:00\",\"dateModified\":\"2024-03-18T23:02:59+00:00\",\"mainEntityOfPage\":{\"@id\":\"https:\/\/rioonwatch.org.br\/?p=61116\"},\"wordCount\":2289,\"publisher\":{\"@id\":\"https:\/\/rioonwatch.org.br\/#organization\"},\"image\":{\"@id\":\"https:\/\/rioonwatch.org.br\/?p=61116#primaryimage\"},\"thumbnailUrl\":\"https:\/\/rioonwatch.org.br\/wp-content\/uploads\/2022\/05\/Lanc\u0327amento-placas-solares-Vidigal-02-scaled.jpg\",\"keywords\":[\"acesso \u00e0 universidade\",\"Botafogo\",\"Chap\u00e9u Mangueira\",\"direito \u00e0 educa\u00e7\u00e3o\",\"educa\u00e7\u00e3o\",\"educa\u00e7\u00e3o ambiental\",\"energia solar\",\"Leme\",\"Light\",\"mobiliza\u00e7\u00e3o\",\"Morro da Babil\u00f4nia\",\"Rede Favela Sustent\u00e1vel\",\"Santa Marta\",\"S\u00e9ria: Semana do Meio Ambiente\",\"S\u00e9rie Apoiada pelo Centro Behner Stiefel\/SDSU\",\"sustentabilidade\",\"Vidigal\",\"Zona Sul\"],\"articleSection\":[\"*Destaque\",\"Escrito por Comunicadores Populares\",\"Sociedade Civil\",\"Solu\u00e7\u00f5es\",\"Sustentabilidade\"],\"inLanguage\":\"pt-BR\"},{\"@type\":\"WebPage\",\"@id\":\"https:\/\/rioonwatch.org.br\/?p=61116\",\"url\":\"https:\/\/rioonwatch.org.br\/?p=61116\",\"name\":\"Instala\u00e7\u00e3o de Pain\u00e9is Solares no Ser Alzira, no Vidigal, Representa Busca por Sustentabilidade e Educa\u00e7\u00e3o Ambiental nas Favelas - RioOnWatch\",\"isPartOf\":{\"@id\":\"https:\/\/rioonwatch.org.br\/#website\"},\"primaryImageOfPage\":{\"@id\":\"https:\/\/rioonwatch.org.br\/?p=61116#primaryimage\"},\"image\":{\"@id\":\"https:\/\/rioonwatch.org.br\/?p=61116#primaryimage\"},\"thumbnailUrl\":\"https:\/\/rioonwatch.org.br\/wp-content\/uploads\/2022\/05\/Lanc\u0327amento-placas-solares-Vidigal-02-scaled.jpg\",\"datePublished\":\"2022-05-30T20:07:46+00:00\",\"dateModified\":\"2024-03-18T23:02:59+00:00\",\"breadcrumb\":{\"@id\":\"https:\/\/rioonwatch.org.br\/?p=61116#breadcrumb\"},\"inLanguage\":\"pt-BR\",\"potentialAction\":[{\"@type\":\"ReadAction\",\"target\":[\"https:\/\/rioonwatch.org.br\/?p=61116\"]}]},{\"@type\":\"ImageObject\",\"inLanguage\":\"pt-BR\",\"@id\":\"https:\/\/rioonwatch.org.br\/?p=61116#primaryimage\",\"url\":\"https:\/\/rioonwatch.org.br\/wp-content\/uploads\/2022\/05\/Lanc\u0327amento-placas-solares-Vidigal-02-scaled.jpg\",\"contentUrl\":\"https:\/\/rioonwatch.org.br\/wp-content\/uploads\/2022\/05\/Lanc\u0327amento-placas-solares-Vidigal-02-scaled.jpg\",\"width\":2560,\"height\":1447,\"caption\":\"Sistema fotovoltaico instalado no Ser Alzira. Foto: Sergio Satierf\"},{\"@type\":\"BreadcrumbList\",\"@id\":\"https:\/\/rioonwatch.org.br\/?p=61116#breadcrumb\",\"itemListElement\":[{\"@type\":\"ListItem\",\"position\":1,\"name\":\"In\u00edcio\",\"item\":\"https:\/\/rioonwatch.org.br\/\"},{\"@type\":\"ListItem\",\"position\":2,\"name\":\"Instala\u00e7\u00e3o de Pain\u00e9is Solares no Ser Alzira, no Vidigal, Representa Busca por Sustentabilidade e Educa\u00e7\u00e3o Ambiental nas Favelas\"}]},{\"@type\":\"WebSite\",\"@id\":\"https:\/\/rioonwatch.org.br\/#website\",\"url\":\"https:\/\/rioonwatch.org.br\/\",\"name\":\"RioOnWatch\",\"description\":\"relatos das favelas cariocas\",\"publisher\":{\"@id\":\"https:\/\/rioonwatch.org.br\/#organization\"},\"potentialAction\":[{\"@type\":\"SearchAction\",\"target\":{\"@type\":\"EntryPoint\",\"urlTemplate\":\"https:\/\/rioonwatch.org.br\/?s={search_term_string}\"},\"query-input\":{\"@type\":\"PropertyValueSpecification\",\"valueRequired\":true,\"valueName\":\"search_term_string\"}}],\"inLanguage\":\"pt-BR\"},{\"@type\":\"Organization\",\"@id\":\"https:\/\/rioonwatch.org.br\/#organization\",\"name\":\"RioOnWatch\",\"url\":\"https:\/\/rioonwatch.org.br\/\",\"logo\":{\"@type\":\"ImageObject\",\"inLanguage\":\"pt-BR\",\"@id\":\"https:\/\/rioonwatch.org.br\/#\/schema\/logo\/image\/\",\"url\":\"https:\/\/rioonwatch.org.br\/wp-content\/uploads\/2021\/06\/RioOnWatchcabecalhoPT11anos-2.png\",\"contentUrl\":\"https:\/\/rioonwatch.org.br\/wp-content\/uploads\/2021\/06\/RioOnWatchcabecalhoPT11anos-2.png\",\"width\":779,\"height\":277,\"caption\":\"RioOnWatch\"},\"image\":{\"@id\":\"https:\/\/rioonwatch.org.br\/#\/schema\/logo\/image\/\"}},{\"@type\":\"Person\",\"@id\":\"https:\/\/rioonwatch.org.br\/#\/schema\/person\/2f8f6c8528de464180c4ab9d3d00d64e\",\"name\":\"Cristina Cortez\",\"image\":{\"@type\":\"ImageObject\",\"inLanguage\":\"pt-BR\",\"@id\":\"https:\/\/rioonwatch.org.br\/#\/schema\/person\/image\/\",\"url\":\"https:\/\/secure.gravatar.com\/avatar\/419b7348ebf3ec125ff4cd1fb077bd7d?s=96&d=blank&r=g\",\"contentUrl\":\"https:\/\/secure.gravatar.com\/avatar\/419b7348ebf3ec125ff4cd1fb077bd7d?s=96&d=blank&r=g\",\"caption\":\"Cristina Cortez\"},\"url\":\"https:\/\/rioonwatch.org.br\/?author=176\"}]}<\/script>\n<!-- \/ Yoast SEO plugin. -->","yoast_head_json":{"title":"Instala\u00e7\u00e3o de Pain\u00e9is Solares no Ser Alzira, no Vidigal, Representa Busca por Sustentabilidade e Educa\u00e7\u00e3o Ambiental nas Favelas - RioOnWatch","robots":{"index":"index","follow":"follow","max-snippet":"max-snippet:-1","max-image-preview":"max-image-preview:large","max-video-preview":"max-video-preview:-1"},"canonical":"https:\/\/rioonwatch.org.br\/?p=61116","og_locale":"pt_BR","og_type":"article","og_title":"Instala\u00e7\u00e3o de Pain\u00e9is Solares no Ser Alzira, no Vidigal, Representa Busca por Sustentabilidade e Educa\u00e7\u00e3o Ambiental nas Favelas - RioOnWatch","og_description":"Click Here for English Esta mat\u00e9ria faz parte de uma s\u00e9rie\u00a0gerada por uma parceria, com o\u00a0Digital Brazil Project\u00a0do\u00a0Centro Behner Stiefel de Estudos Brasileiros da Universidade Estadual de San Diego na Calif\u00f3rnia, para produzir mat\u00e9rias sobre [...]","og_url":"https:\/\/rioonwatch.org.br\/?p=61116","og_site_name":"RioOnWatch","article_published_time":"2022-05-30T20:07:46+00:00","article_modified_time":"2024-03-18T23:02:59+00:00","og_image":[{"width":2560,"height":1447,"url":"https:\/\/rioonwatch.org.br\/wp-content\/uploads\/2022\/05\/Lanc\u0327amento-placas-solares-Vidigal-02-scaled.jpg","type":"image\/jpeg"}],"author":"Cristina Cortez","twitter_card":"summary_large_image","twitter_misc":{"Escrito por":"Cristina Cortez","Est. tempo de leitura":"14 minutos"},"schema":{"@context":"https:\/\/schema.org","@graph":[{"@type":"Article","@id":"https:\/\/rioonwatch.org.br\/?p=61116#article","isPartOf":{"@id":"https:\/\/rioonwatch.org.br\/?p=61116"},"author":{"name":"Cristina Cortez","@id":"https:\/\/rioonwatch.org.br\/#\/schema\/person\/2f8f6c8528de464180c4ab9d3d00d64e"},"headline":"Instala\u00e7\u00e3o de Pain\u00e9is Solares no Ser Alzira, no Vidigal, Representa Busca por Sustentabilidade e Educa\u00e7\u00e3o Ambiental nas Favelas","datePublished":"2022-05-30T20:07:46+00:00","dateModified":"2024-03-18T23:02:59+00:00","mainEntityOfPage":{"@id":"https:\/\/rioonwatch.org.br\/?p=61116"},"wordCount":2289,"publisher":{"@id":"https:\/\/rioonwatch.org.br\/#organization"},"image":{"@id":"https:\/\/rioonwatch.org.br\/?p=61116#primaryimage"},"thumbnailUrl":"https:\/\/rioonwatch.org.br\/wp-content\/uploads\/2022\/05\/Lanc\u0327amento-placas-solares-Vidigal-02-scaled.jpg","keywords":["acesso \u00e0 universidade","Botafogo","Chap\u00e9u Mangueira","direito \u00e0 educa\u00e7\u00e3o","educa\u00e7\u00e3o","educa\u00e7\u00e3o ambiental","energia solar","Leme","Light","mobiliza\u00e7\u00e3o","Morro da Babil\u00f4nia","Rede Favela Sustent\u00e1vel","Santa Marta","S\u00e9ria: Semana do Meio Ambiente","S\u00e9rie Apoiada pelo Centro Behner Stiefel\/SDSU","sustentabilidade","Vidigal","Zona Sul"],"articleSection":["*Destaque","Escrito por Comunicadores Populares","Sociedade Civil","Solu\u00e7\u00f5es","Sustentabilidade"],"inLanguage":"pt-BR"},{"@type":"WebPage","@id":"https:\/\/rioonwatch.org.br\/?p=61116","url":"https:\/\/rioonwatch.org.br\/?p=61116","name":"Instala\u00e7\u00e3o de Pain\u00e9is Solares no Ser Alzira, no Vidigal, Representa Busca por Sustentabilidade e Educa\u00e7\u00e3o Ambiental nas Favelas - RioOnWatch","isPartOf":{"@id":"https:\/\/rioonwatch.org.br\/#website"},"primaryImageOfPage":{"@id":"https:\/\/rioonwatch.org.br\/?p=61116#primaryimage"},"image":{"@id":"https:\/\/rioonwatch.org.br\/?p=61116#primaryimage"},"thumbnailUrl":"https:\/\/rioonwatch.org.br\/wp-content\/uploads\/2022\/05\/Lanc\u0327amento-placas-solares-Vidigal-02-scaled.jpg","datePublished":"2022-05-30T20:07:46+00:00","dateModified":"2024-03-18T23:02:59+00:00","breadcrumb":{"@id":"https:\/\/rioonwatch.org.br\/?p=61116#breadcrumb"},"inLanguage":"pt-BR","potentialAction":[{"@type":"ReadAction","target":["https:\/\/rioonwatch.org.br\/?p=61116"]}]},{"@type":"ImageObject","inLanguage":"pt-BR","@id":"https:\/\/rioonwatch.org.br\/?p=61116#primaryimage","url":"https:\/\/rioonwatch.org.br\/wp-content\/uploads\/2022\/05\/Lanc\u0327amento-placas-solares-Vidigal-02-scaled.jpg","contentUrl":"https:\/\/rioonwatch.org.br\/wp-content\/uploads\/2022\/05\/Lanc\u0327amento-placas-solares-Vidigal-02-scaled.jpg","width":2560,"height":1447,"caption":"Sistema fotovoltaico instalado no Ser Alzira. Foto: Sergio Satierf"},{"@type":"BreadcrumbList","@id":"https:\/\/rioonwatch.org.br\/?p=61116#breadcrumb","itemListElement":[{"@type":"ListItem","position":1,"name":"In\u00edcio","item":"https:\/\/rioonwatch.org.br\/"},{"@type":"ListItem","position":2,"name":"Instala\u00e7\u00e3o de Pain\u00e9is Solares no Ser Alzira, no Vidigal, Representa Busca por Sustentabilidade e Educa\u00e7\u00e3o Ambiental nas Favelas"}]},{"@type":"WebSite","@id":"https:\/\/rioonwatch.org.br\/#website","url":"https:\/\/rioonwatch.org.br\/","name":"RioOnWatch","description":"relatos das favelas cariocas","publisher":{"@id":"https:\/\/rioonwatch.org.br\/#organization"},"potentialAction":[{"@type":"SearchAction","target":{"@type":"EntryPoint","urlTemplate":"https:\/\/rioonwatch.org.br\/?s={search_term_string}"},"query-input":{"@type":"PropertyValueSpecification","valueRequired":true,"valueName":"search_term_string"}}],"inLanguage":"pt-BR"},{"@type":"Organization","@id":"https:\/\/rioonwatch.org.br\/#organization","name":"RioOnWatch","url":"https:\/\/rioonwatch.org.br\/","logo":{"@type":"ImageObject","inLanguage":"pt-BR","@id":"https:\/\/rioonwatch.org.br\/#\/schema\/logo\/image\/","url":"https:\/\/rioonwatch.org.br\/wp-content\/uploads\/2021\/06\/RioOnWatchcabecalhoPT11anos-2.png","contentUrl":"https:\/\/rioonwatch.org.br\/wp-content\/uploads\/2021\/06\/RioOnWatchcabecalhoPT11anos-2.png","width":779,"height":277,"caption":"RioOnWatch"},"image":{"@id":"https:\/\/rioonwatch.org.br\/#\/schema\/logo\/image\/"}},{"@type":"Person","@id":"https:\/\/rioonwatch.org.br\/#\/schema\/person\/2f8f6c8528de464180c4ab9d3d00d64e","name":"Cristina Cortez","image":{"@type":"ImageObject","inLanguage":"pt-BR","@id":"https:\/\/rioonwatch.org.br\/#\/schema\/person\/image\/","url":"https:\/\/secure.gravatar.com\/avatar\/419b7348ebf3ec125ff4cd1fb077bd7d?s=96&d=blank&r=g","contentUrl":"https:\/\/secure.gravatar.com\/avatar\/419b7348ebf3ec125ff4cd1fb077bd7d?s=96&d=blank&r=g","caption":"Cristina Cortez"},"url":"https:\/\/rioonwatch.org.br\/?author=176"}]}},"_links":{"self":[{"href":"https:\/\/rioonwatch.org.br\/index.php?rest_route=\/wp\/v2\/posts\/61116"}],"collection":[{"href":"https:\/\/rioonwatch.org.br\/index.php?rest_route=\/wp\/v2\/posts"}],"about":[{"href":"https:\/\/rioonwatch.org.br\/index.php?rest_route=\/wp\/v2\/types\/post"}],"author":[{"embeddable":true,"href":"https:\/\/rioonwatch.org.br\/index.php?rest_route=\/wp\/v2\/users\/176"}],"replies":[{"embeddable":true,"href":"https:\/\/rioonwatch.org.br\/index.php?rest_route=%2Fwp%2Fv2%2Fcomments&post=61116"}],"version-history":[{"count":46,"href":"https:\/\/rioonwatch.org.br\/index.php?rest_route=\/wp\/v2\/posts\/61116\/revisions"}],"predecessor-version":[{"id":70368,"href":"https:\/\/rioonwatch.org.br\/index.php?rest_route=\/wp\/v2\/posts\/61116\/revisions\/70368"}],"wp:featuredmedia":[{"embeddable":true,"href":"https:\/\/rioonwatch.org.br\/index.php?rest_route=\/wp\/v2\/media\/61799"}],"wp:attachment":[{"href":"https:\/\/rioonwatch.org.br\/index.php?rest_route=%2Fwp%2Fv2%2Fmedia&parent=61116"}],"wp:term":[{"taxonomy":"category","embeddable":true,"href":"https:\/\/rioonwatch.org.br\/index.php?rest_route=%2Fwp%2Fv2%2Fcategories&post=61116"},{"taxonomy":"post_tag","embeddable":true,"href":"https:\/\/rioonwatch.org.br\/index.php?rest_route=%2Fwp%2Fv2%2Ftags&post=61116"},{"taxonomy":"writer","embeddable":true,"href":"https:\/\/rioonwatch.org.br\/index.php?rest_route=%2Fwp%2Fv2%2Fwriter&post=61116"},{"taxonomy":"translator","embeddable":true,"href":"https:\/\/rioonwatch.org.br\/index.php?rest_route=%2Fwp%2Fv2%2Ftranslator&post=61116"},{"taxonomy":"source","embeddable":true,"href":"https:\/\/rioonwatch.org.br\/index.php?rest_route=%2Fwp%2Fv2%2Fsource&post=61116"},{"taxonomy":"ilustrador","embeddable":true,"href":"https:\/\/rioonwatch.org.br\/index.php?rest_route=%2Fwp%2Fv2%2Filustrador&post=61116"},{"taxonomy":"fotografo","embeddable":true,"href":"https:\/\/rioonwatch.org.br\/index.php?rest_route=%2Fwp%2Fv2%2Ffotografo&post=61116"}],"curies":[{"name":"wp","href":"https:\/\/api.w.org\/{rel}","templated":true}]}}