{"id":6121,"date":"2013-05-30T09:00:46","date_gmt":"2013-05-30T12:00:46","guid":{"rendered":"http:\/\/rioonwatch.org.br\/?p=6121"},"modified":"2015-08-13T20:45:24","modified_gmt":"2015-08-13T23:45:24","slug":"pensao-sabor-de-ana%e2%80%99s-restaurante-da-providencia-em-crise","status":"publish","type":"post","link":"https:\/\/rioonwatch.org.br\/?p=6121","title":{"rendered":"Pens\u00e3o Sabor de Ana\u2019s: Restaurante da Provid\u00eancia em Crise"},"content":{"rendered":"<p>O restaurante Pens\u00e3o Sabor de Ana\u2019s fica perto da parte de baixo do morro da <a href=\"http:\/\/bit.ly\/UiTCSh\" target=\"_blank\">Provid\u00eancia<\/a>. Mas mesmo se ele estivesse localizada no topo, estes sabores sem d\u00favida atrairiam pessoas de toda a cidade pela boa comida e bom pre\u00e7o. Por R$10,00 o cliente tem acesso a um buffet com comida \u00e0 vontade com duas sele\u00e7\u00f5es de uma grande variedade de carnes de churrasco. Com o card\u00e1pio mudando todos os dias os clientes continuam voltando. Frango \u00e0 milanesa com arroz e feij\u00e3o era tudo o que eu precisava para ver como &#8220;sabor&#8221; se encaixou bem no nome do restaurante.<\/p>\n<p>O que \u00e9 ainda mais impressionante do que a comida, por\u00e9m, \u00e9 o formid\u00e1vel tino comercial de Ana Maria dos Santos. J\u00e1 tendo passado por muitos empregos em sua vida, Ana Maria come\u00e7ou sua carreira na \u00e1rea de alimenta\u00e7\u00e3o fazendo refei\u00e7\u00f5es \u201cpara viagem\u201d. A clientela rapidamente cresceu e ela foi praticamente for\u00e7ada a abrir um restaurante. Agora, Ana Maria explica que apenas cerca de 5% de sua clientela vive na comunidade. Para um restaurante t\u00edpico de favela isso \u00e9 in\u00e9dito. O motivo? Trabalhadores da obra do <a href=\"http:\/\/bit.ly\/Sh0wXv\" target=\"_blank\">telef\u00e9rico<\/a>, construindo a esta\u00e7\u00e3o na esquina, divulgaram o lugar.<\/p>\n<p>N\u00e3o muito tempo depois da abertura, a Ana assinou um contrato com a H\u00e9cio Gomes Engenharia para fornecer 600 refei\u00e7\u00f5es por dia. Isso foi poss\u00edvel porque o neg\u00f3cio foi legalizado. No entanto, a Prefeitura cancelou o contrato de constru\u00e7\u00e3o com a H\u00e9cio Gomes, que consequentemente cancelou o contrato das refei\u00e7\u00f5es, apenas para substituir Ana Maria por fornecedores externos. O que a princ\u00edpio parece ser um golpe baixo ficou ainda pior. Pouco antes de seu contrato ser cancelado, Ana Maria tomou um empr\u00e9stimo de R$60.000 para comprar a \u00e1rea de cima do pr\u00e9dio do seu restaurante para ter uma \u00e1rea espa\u00e7osa com uma bela vista para a Zona Norte do Rio, algo que H\u00e9cio Gomes incentivou-a a fazer, assim seus trabalhadores teriam um lugar para comer.<\/p>\n<p><a href=\"http:\/\/rioonwatch.org.br\/?attachment_id=8824\" rel=\"attachment wp-att-8824\"><img fetchpriority=\"high\" decoding=\"async\" class=\"alignright size-full wp-image-8824\" title=\"O andar de cima comprado por Ana Maria com o empr\u00e9stimo de R$60.000,00, antes de ter o contrato cancelado.\" src=\"http:\/\/rioonwatch.org\/wp-content\/uploads\/2013\/05\/Ana-Maria2.jpg\" alt=\"\" width=\"346\" height=\"259\" \/><\/a><\/p>\n<p>O empr\u00e9stimo fazia sentido. Fornecer 600 refei\u00e7\u00f5es por dia significaria um r\u00e1pido retorno sobre seu investimento. Este era o momento perfeito para a expans\u00e3o, e o governo municipal, entidade que supostamente mais encoraja o desenvolvimento econ\u00f4mico, deixou-a na m\u00e3o.<\/p>\n<p>Agora, Ana Maria, que j\u00e1 se mostrou uma afiada mulher de neg\u00f3cios, est\u00e1 correndo o risco de fechar seu restaurante. &#8220;\u00c9 t\u00e3o dif\u00edcil fazer dinheiro quando voc\u00ea n\u00e3o tem nenhum para come\u00e7ar&#8221;, explica ela. Livre de d\u00edvida, Ana Maria poderia come\u00e7ar alguns de seus planos para a melhoria e expans\u00e3o. A essa altura, ela mal consegue cobrir os juros e as d\u00edvidas, prejudicando-a ainda mais financeiramente. RioOnWatch originalmente cobriu a <a href=\"http:\/\/bit.ly\/Thsq6v\" target=\"_blank\">hist\u00f3ria de Ana Maria<\/a> em novembro passado, cerca de quatro meses ap\u00f3s o contrato ter sido finalizado. Desde ent\u00e3o, pouca coisa mudou al\u00e9m de contas se acumulando e a possibilidade de fechamento cada vez mais eminente.<\/p>\n<p>Felizmente, ainda h\u00e1 esperan\u00e7a. Ana Maria est\u00e1 urgentemente precisando de um micro-empr\u00e9stimo, algo baseado no conceito de\u00a0<a href=\"http:\/\/bit.ly\/11c6IUW\">empr\u00e9stimo de solidariedade<\/a>. Este conceito, introduzido pela primeira vez pelo vencedor do Pr\u00eamio Nobel Muhammad Yunus, usa o poder da press\u00e3o social e responsabilidade das mulheres para garantir o pagamento do empr\u00e9stimo. Em vez de garantias e contagem de cr\u00e9dito, as mulheres formam grupos de empr\u00e9stimos. Um membro de cada vez toma o empr\u00e9stimo. O primeiro empr\u00e9stimo deve ser pago de volta, para que o pr\u00f3ximo membro pegue emprestado. Portanto, \u00e9 de responsabilidade do mutu\u00e1rio garantir que outros peguem o emprestimo tamb\u00e9m, e \u00e9 de responsabilidade do grupo apoiar um membro com dificuldades. Com um <a href=\"http:\/\/bit.ly\/11VK5mX\">microcr\u00e9dito<\/a> adequado, Ana poderia rapidamente e facilmente transformar seu neg\u00f3cio, apesar de n\u00e3o ter cr\u00e9dito no mercado. Ela usaria o dinheiro para pagar contas e cobrir a d\u00edvida de seu empr\u00e9stimo canceroso. Uma vez feito isso, &#8220;eu posso come\u00e7ar de novo. O neg\u00f3cio estava indo muito bem at\u00e9 que tudo isso aconteceu comigo&#8230; Eu paguei o meu primeiro empr\u00e9stimo em tr\u00eas meses.&#8221; Ana Maria est\u00e1 atualmente no processo de organiza\u00e7\u00e3o de um grupo de solidariedade com outras empres\u00e1rias da comunidade. Elas, no entanto, ainda est\u00e3o precisando do financiamento.<\/p>\n<p>A Pens\u00e3o Sabor de Ana\u2019s estava planejando adicionar um quiosque de lanches na \u00e1rea portu\u00e1ria revitalizada da cidade, bem como melhorar seu restaurante, com reparos no telhado e banheiros. Dado a oportunidade, o neg\u00f3cio poderia levar grande vantagem nessa d\u00e9cada do esporte, e do turismo crescente na Provid\u00eancia. Mas infelizmente neste momento parece que a Ana ser\u00e1 for\u00e7ada injustamente a assistir da bancada.<\/p>\n<p>Por favor, demonstre seu apoio \u00e0 Ana Maria curtindo a p\u00e1gina do seu restaurante no <a href=\"http:\/\/on.fb.me\/18XnGGV\" target=\"_blank\">Facebook<\/a>.<\/p>\n<!-- AddThis Advanced Settings generic via filter on the_content --><!-- AddThis Share Buttons generic via filter on the_content -->","protected":false},"excerpt":{"rendered":"<div class=\"mh-excerpt\"><p>O restaurante Pens\u00e3o Sabor de Ana\u2019s fica perto da parte de baixo do morro da Provid\u00eancia. Mas mesmo se ele estivesse localizada no topo, estes sabores sem d\u00favida atrairiam pessoas de toda a cidade pela <a class=\"mh-excerpt-more\" href=\"https:\/\/rioonwatch.org.br\/?p=6121\" title=\"Pens\u00e3o Sabor de Ana\u2019s: Restaurante da Provid\u00eancia em Crise\">[&#8230;]<\/a><!-- AddThis Advanced Settings generic via filter on get_the_excerpt --><!-- AddThis Share Buttons generic via filter on get_the_excerpt --><\/p>\n<\/div>","protected":false},"author":129,"featured_media":6137,"comment_status":"closed","ping_status":"closed","sticky":false,"template":"","format":"standard","meta":{"_acf_changed":false,"_monsterinsights_skip_tracking":false,"_monsterinsights_sitenote_active":false,"_monsterinsights_sitenote_note":"","_monsterinsights_sitenote_category":0,"footnotes":""},"categories":[1635,346,342],"tags":[698,687,690,257,433,494,380,476,262],"writer":[682],"translator":[272],"source":[],"ilustrador":[],"fotografo":[],"class_list":{"0":"post-6121","1":"post","2":"type-post","3":"status-publish","4":"format-standard","5":"has-post-thumbnail","7":"category-1635","8":"category-denuncias","9":"category-solucoes","10":"tag-comercio-comunitario","11":"tag-economia","12":"tag-microcredito","13":"tag-providencia","14":"tag-porto-maravilha","15":"tag-regiao-do-porto","16":"tag-solidariedade","17":"tag-solucao-comunitaria","18":"tag-teleferico","19":"writer-nate-lawrence","20":"translator-alexandra-leister"},"acf":[],"yoast_head":"<!-- This site is optimized with the Yoast SEO plugin v25.6 - https:\/\/yoast.com\/wordpress\/plugins\/seo\/ -->\n<title>Pens\u00e3o Sabor de Ana\u2019s: Restaurante da Provid\u00eancia em Crise - RioOnWatch<\/title>\n<meta name=\"robots\" content=\"index, follow, max-snippet:-1, max-image-preview:large, max-video-preview:-1\" \/>\n<link rel=\"canonical\" href=\"https:\/\/rioonwatch.org.br\/?p=6121\" \/>\n<meta property=\"og:locale\" content=\"pt_BR\" \/>\n<meta property=\"og:type\" content=\"article\" \/>\n<meta property=\"og:title\" content=\"Pens\u00e3o Sabor de Ana\u2019s: Restaurante da Provid\u00eancia em Crise - RioOnWatch\" \/>\n<meta property=\"og:description\" content=\"O restaurante Pens\u00e3o Sabor de Ana\u2019s fica perto da parte de baixo do morro da Provid\u00eancia. Mas mesmo se ele estivesse localizada no topo, estes sabores sem d\u00favida atrairiam pessoas de toda a cidade pela [...]\" \/>\n<meta property=\"og:url\" content=\"https:\/\/rioonwatch.org.br\/?p=6121\" \/>\n<meta property=\"og:site_name\" content=\"RioOnWatch\" \/>\n<meta property=\"article:published_time\" content=\"2013-05-30T12:00:46+00:00\" \/>\n<meta property=\"article:modified_time\" content=\"2015-08-13T23:45:24+00:00\" \/>\n<meta property=\"og:image\" content=\"https:\/\/rioonwatch.org.br\/wp-content\/uploads\/2013\/05\/Ana-Maria1-capa.jpg\" \/>\n\t<meta property=\"og:image:width\" content=\"300\" \/>\n\t<meta property=\"og:image:height\" content=\"211\" \/>\n\t<meta property=\"og:image:type\" content=\"image\/jpeg\" \/>\n<meta name=\"author\" content=\"Admin\" \/>\n<meta name=\"twitter:card\" content=\"summary_large_image\" \/>\n<meta name=\"twitter:label1\" content=\"Escrito por\" \/>\n\t<meta name=\"twitter:data1\" content=\"Admin\" \/>\n\t<meta name=\"twitter:label2\" content=\"Est. tempo de leitura\" \/>\n\t<meta name=\"twitter:data2\" content=\"4 minutos\" \/>\n<script type=\"application\/ld+json\" class=\"yoast-schema-graph\">{\"@context\":\"https:\/\/schema.org\",\"@graph\":[{\"@type\":\"Article\",\"@id\":\"https:\/\/rioonwatch.org.br\/?p=6121#article\",\"isPartOf\":{\"@id\":\"https:\/\/rioonwatch.org.br\/?p=6121\"},\"author\":{\"name\":\"Admin\",\"@id\":\"https:\/\/rioonwatch.org.br\/#\/schema\/person\/11d64c290506f9df50c71b850c473f68\"},\"headline\":\"Pens\u00e3o Sabor de Ana\u2019s: Restaurante da Provid\u00eancia em Crise\",\"datePublished\":\"2013-05-30T12:00:46+00:00\",\"dateModified\":\"2015-08-13T23:45:24+00:00\",\"mainEntityOfPage\":{\"@id\":\"https:\/\/rioonwatch.org.br\/?p=6121\"},\"wordCount\":827,\"publisher\":{\"@id\":\"https:\/\/rioonwatch.org.br\/#organization\"},\"image\":{\"@id\":\"https:\/\/rioonwatch.org.br\/?p=6121#primaryimage\"},\"thumbnailUrl\":\"https:\/\/rioonwatch.org.br\/wp-content\/uploads\/2013\/05\/Ana-Maria1-capa.jpg\",\"keywords\":[\"com\u00e9rcio comunit\u00e1rio\",\"economia\",\"microcr\u00e9dito\",\"Morro da Provid\u00eancia\",\"Porto Maravilha\",\"Regi\u00e3o do Porto\",\"solidariedade\",\"solu\u00e7\u00e3o comunit\u00e1ria\",\"telef\u00e9rico\"],\"articleSection\":[\"#Rio2016\",\"Den\u00fancias\",\"Solu\u00e7\u00f5es\"],\"inLanguage\":\"pt-BR\"},{\"@type\":\"WebPage\",\"@id\":\"https:\/\/rioonwatch.org.br\/?p=6121\",\"url\":\"https:\/\/rioonwatch.org.br\/?p=6121\",\"name\":\"Pens\u00e3o Sabor de Ana\u2019s: Restaurante da Provid\u00eancia em Crise - RioOnWatch\",\"isPartOf\":{\"@id\":\"https:\/\/rioonwatch.org.br\/#website\"},\"primaryImageOfPage\":{\"@id\":\"https:\/\/rioonwatch.org.br\/?p=6121#primaryimage\"},\"image\":{\"@id\":\"https:\/\/rioonwatch.org.br\/?p=6121#primaryimage\"},\"thumbnailUrl\":\"https:\/\/rioonwatch.org.br\/wp-content\/uploads\/2013\/05\/Ana-Maria1-capa.jpg\",\"datePublished\":\"2013-05-30T12:00:46+00:00\",\"dateModified\":\"2015-08-13T23:45:24+00:00\",\"breadcrumb\":{\"@id\":\"https:\/\/rioonwatch.org.br\/?p=6121#breadcrumb\"},\"inLanguage\":\"pt-BR\",\"potentialAction\":[{\"@type\":\"ReadAction\",\"target\":[\"https:\/\/rioonwatch.org.br\/?p=6121\"]}]},{\"@type\":\"ImageObject\",\"inLanguage\":\"pt-BR\",\"@id\":\"https:\/\/rioonwatch.org.br\/?p=6121#primaryimage\",\"url\":\"https:\/\/rioonwatch.org.br\/wp-content\/uploads\/2013\/05\/Ana-Maria1-capa.jpg\",\"contentUrl\":\"https:\/\/rioonwatch.org.br\/wp-content\/uploads\/2013\/05\/Ana-Maria1-capa.jpg\",\"width\":300,\"height\":211},{\"@type\":\"BreadcrumbList\",\"@id\":\"https:\/\/rioonwatch.org.br\/?p=6121#breadcrumb\",\"itemListElement\":[{\"@type\":\"ListItem\",\"position\":1,\"name\":\"In\u00edcio\",\"item\":\"https:\/\/rioonwatch.org.br\/\"},{\"@type\":\"ListItem\",\"position\":2,\"name\":\"Pens\u00e3o Sabor de Ana\u2019s: Restaurante da Provid\u00eancia em Crise\"}]},{\"@type\":\"WebSite\",\"@id\":\"https:\/\/rioonwatch.org.br\/#website\",\"url\":\"https:\/\/rioonwatch.org.br\/\",\"name\":\"RioOnWatch\",\"description\":\"relatos das favelas cariocas\",\"publisher\":{\"@id\":\"https:\/\/rioonwatch.org.br\/#organization\"},\"potentialAction\":[{\"@type\":\"SearchAction\",\"target\":{\"@type\":\"EntryPoint\",\"urlTemplate\":\"https:\/\/rioonwatch.org.br\/?s={search_term_string}\"},\"query-input\":{\"@type\":\"PropertyValueSpecification\",\"valueRequired\":true,\"valueName\":\"search_term_string\"}}],\"inLanguage\":\"pt-BR\"},{\"@type\":\"Organization\",\"@id\":\"https:\/\/rioonwatch.org.br\/#organization\",\"name\":\"RioOnWatch\",\"url\":\"https:\/\/rioonwatch.org.br\/\",\"logo\":{\"@type\":\"ImageObject\",\"inLanguage\":\"pt-BR\",\"@id\":\"https:\/\/rioonwatch.org.br\/#\/schema\/logo\/image\/\",\"url\":\"https:\/\/rioonwatch.org.br\/wp-content\/uploads\/2021\/06\/RioOnWatchcabecalhoPT11anos-2.png\",\"contentUrl\":\"https:\/\/rioonwatch.org.br\/wp-content\/uploads\/2021\/06\/RioOnWatchcabecalhoPT11anos-2.png\",\"width\":779,\"height\":277,\"caption\":\"RioOnWatch\"},\"image\":{\"@id\":\"https:\/\/rioonwatch.org.br\/#\/schema\/logo\/image\/\"}},{\"@type\":\"Person\",\"@id\":\"https:\/\/rioonwatch.org.br\/#\/schema\/person\/11d64c290506f9df50c71b850c473f68\",\"name\":\"Admin\",\"image\":{\"@type\":\"ImageObject\",\"inLanguage\":\"pt-BR\",\"@id\":\"https:\/\/rioonwatch.org.br\/#\/schema\/person\/image\/\",\"url\":\"https:\/\/secure.gravatar.com\/avatar\/56211ac74568383903349a1485e3c325?s=96&d=blank&r=g\",\"contentUrl\":\"https:\/\/secure.gravatar.com\/avatar\/56211ac74568383903349a1485e3c325?s=96&d=blank&r=g\",\"caption\":\"Admin\"},\"url\":\"https:\/\/rioonwatch.org.br\/?author=129\"}]}<\/script>\n<!-- \/ Yoast SEO plugin. -->","yoast_head_json":{"title":"Pens\u00e3o Sabor de Ana\u2019s: Restaurante da Provid\u00eancia em Crise - RioOnWatch","robots":{"index":"index","follow":"follow","max-snippet":"max-snippet:-1","max-image-preview":"max-image-preview:large","max-video-preview":"max-video-preview:-1"},"canonical":"https:\/\/rioonwatch.org.br\/?p=6121","og_locale":"pt_BR","og_type":"article","og_title":"Pens\u00e3o Sabor de Ana\u2019s: Restaurante da Provid\u00eancia em Crise - RioOnWatch","og_description":"O restaurante Pens\u00e3o Sabor de Ana\u2019s fica perto da parte de baixo do morro da Provid\u00eancia. Mas mesmo se ele estivesse localizada no topo, estes sabores sem d\u00favida atrairiam pessoas de toda a cidade pela [...]","og_url":"https:\/\/rioonwatch.org.br\/?p=6121","og_site_name":"RioOnWatch","article_published_time":"2013-05-30T12:00:46+00:00","article_modified_time":"2015-08-13T23:45:24+00:00","og_image":[{"width":300,"height":211,"url":"https:\/\/rioonwatch.org.br\/wp-content\/uploads\/2013\/05\/Ana-Maria1-capa.jpg","type":"image\/jpeg"}],"author":"Admin","twitter_card":"summary_large_image","twitter_misc":{"Escrito por":"Admin","Est. tempo de leitura":"4 minutos"},"schema":{"@context":"https:\/\/schema.org","@graph":[{"@type":"Article","@id":"https:\/\/rioonwatch.org.br\/?p=6121#article","isPartOf":{"@id":"https:\/\/rioonwatch.org.br\/?p=6121"},"author":{"name":"Admin","@id":"https:\/\/rioonwatch.org.br\/#\/schema\/person\/11d64c290506f9df50c71b850c473f68"},"headline":"Pens\u00e3o Sabor de Ana\u2019s: Restaurante da Provid\u00eancia em Crise","datePublished":"2013-05-30T12:00:46+00:00","dateModified":"2015-08-13T23:45:24+00:00","mainEntityOfPage":{"@id":"https:\/\/rioonwatch.org.br\/?p=6121"},"wordCount":827,"publisher":{"@id":"https:\/\/rioonwatch.org.br\/#organization"},"image":{"@id":"https:\/\/rioonwatch.org.br\/?p=6121#primaryimage"},"thumbnailUrl":"https:\/\/rioonwatch.org.br\/wp-content\/uploads\/2013\/05\/Ana-Maria1-capa.jpg","keywords":["com\u00e9rcio comunit\u00e1rio","economia","microcr\u00e9dito","Morro da Provid\u00eancia","Porto Maravilha","Regi\u00e3o do Porto","solidariedade","solu\u00e7\u00e3o comunit\u00e1ria","telef\u00e9rico"],"articleSection":["#Rio2016","Den\u00fancias","Solu\u00e7\u00f5es"],"inLanguage":"pt-BR"},{"@type":"WebPage","@id":"https:\/\/rioonwatch.org.br\/?p=6121","url":"https:\/\/rioonwatch.org.br\/?p=6121","name":"Pens\u00e3o Sabor de Ana\u2019s: Restaurante da Provid\u00eancia em Crise - RioOnWatch","isPartOf":{"@id":"https:\/\/rioonwatch.org.br\/#website"},"primaryImageOfPage":{"@id":"https:\/\/rioonwatch.org.br\/?p=6121#primaryimage"},"image":{"@id":"https:\/\/rioonwatch.org.br\/?p=6121#primaryimage"},"thumbnailUrl":"https:\/\/rioonwatch.org.br\/wp-content\/uploads\/2013\/05\/Ana-Maria1-capa.jpg","datePublished":"2013-05-30T12:00:46+00:00","dateModified":"2015-08-13T23:45:24+00:00","breadcrumb":{"@id":"https:\/\/rioonwatch.org.br\/?p=6121#breadcrumb"},"inLanguage":"pt-BR","potentialAction":[{"@type":"ReadAction","target":["https:\/\/rioonwatch.org.br\/?p=6121"]}]},{"@type":"ImageObject","inLanguage":"pt-BR","@id":"https:\/\/rioonwatch.org.br\/?p=6121#primaryimage","url":"https:\/\/rioonwatch.org.br\/wp-content\/uploads\/2013\/05\/Ana-Maria1-capa.jpg","contentUrl":"https:\/\/rioonwatch.org.br\/wp-content\/uploads\/2013\/05\/Ana-Maria1-capa.jpg","width":300,"height":211},{"@type":"BreadcrumbList","@id":"https:\/\/rioonwatch.org.br\/?p=6121#breadcrumb","itemListElement":[{"@type":"ListItem","position":1,"name":"In\u00edcio","item":"https:\/\/rioonwatch.org.br\/"},{"@type":"ListItem","position":2,"name":"Pens\u00e3o Sabor de Ana\u2019s: Restaurante da Provid\u00eancia em Crise"}]},{"@type":"WebSite","@id":"https:\/\/rioonwatch.org.br\/#website","url":"https:\/\/rioonwatch.org.br\/","name":"RioOnWatch","description":"relatos das favelas cariocas","publisher":{"@id":"https:\/\/rioonwatch.org.br\/#organization"},"potentialAction":[{"@type":"SearchAction","target":{"@type":"EntryPoint","urlTemplate":"https:\/\/rioonwatch.org.br\/?s={search_term_string}"},"query-input":{"@type":"PropertyValueSpecification","valueRequired":true,"valueName":"search_term_string"}}],"inLanguage":"pt-BR"},{"@type":"Organization","@id":"https:\/\/rioonwatch.org.br\/#organization","name":"RioOnWatch","url":"https:\/\/rioonwatch.org.br\/","logo":{"@type":"ImageObject","inLanguage":"pt-BR","@id":"https:\/\/rioonwatch.org.br\/#\/schema\/logo\/image\/","url":"https:\/\/rioonwatch.org.br\/wp-content\/uploads\/2021\/06\/RioOnWatchcabecalhoPT11anos-2.png","contentUrl":"https:\/\/rioonwatch.org.br\/wp-content\/uploads\/2021\/06\/RioOnWatchcabecalhoPT11anos-2.png","width":779,"height":277,"caption":"RioOnWatch"},"image":{"@id":"https:\/\/rioonwatch.org.br\/#\/schema\/logo\/image\/"}},{"@type":"Person","@id":"https:\/\/rioonwatch.org.br\/#\/schema\/person\/11d64c290506f9df50c71b850c473f68","name":"Admin","image":{"@type":"ImageObject","inLanguage":"pt-BR","@id":"https:\/\/rioonwatch.org.br\/#\/schema\/person\/image\/","url":"https:\/\/secure.gravatar.com\/avatar\/56211ac74568383903349a1485e3c325?s=96&d=blank&r=g","contentUrl":"https:\/\/secure.gravatar.com\/avatar\/56211ac74568383903349a1485e3c325?s=96&d=blank&r=g","caption":"Admin"},"url":"https:\/\/rioonwatch.org.br\/?author=129"}]}},"_links":{"self":[{"href":"https:\/\/rioonwatch.org.br\/index.php?rest_route=\/wp\/v2\/posts\/6121"}],"collection":[{"href":"https:\/\/rioonwatch.org.br\/index.php?rest_route=\/wp\/v2\/posts"}],"about":[{"href":"https:\/\/rioonwatch.org.br\/index.php?rest_route=\/wp\/v2\/types\/post"}],"author":[{"embeddable":true,"href":"https:\/\/rioonwatch.org.br\/index.php?rest_route=\/wp\/v2\/users\/129"}],"replies":[{"embeddable":true,"href":"https:\/\/rioonwatch.org.br\/index.php?rest_route=%2Fwp%2Fv2%2Fcomments&post=6121"}],"version-history":[{"count":36,"href":"https:\/\/rioonwatch.org.br\/index.php?rest_route=\/wp\/v2\/posts\/6121\/revisions"}],"predecessor-version":[{"id":15616,"href":"https:\/\/rioonwatch.org.br\/index.php?rest_route=\/wp\/v2\/posts\/6121\/revisions\/15616"}],"wp:featuredmedia":[{"embeddable":true,"href":"https:\/\/rioonwatch.org.br\/index.php?rest_route=\/wp\/v2\/media\/6137"}],"wp:attachment":[{"href":"https:\/\/rioonwatch.org.br\/index.php?rest_route=%2Fwp%2Fv2%2Fmedia&parent=6121"}],"wp:term":[{"taxonomy":"category","embeddable":true,"href":"https:\/\/rioonwatch.org.br\/index.php?rest_route=%2Fwp%2Fv2%2Fcategories&post=6121"},{"taxonomy":"post_tag","embeddable":true,"href":"https:\/\/rioonwatch.org.br\/index.php?rest_route=%2Fwp%2Fv2%2Ftags&post=6121"},{"taxonomy":"writer","embeddable":true,"href":"https:\/\/rioonwatch.org.br\/index.php?rest_route=%2Fwp%2Fv2%2Fwriter&post=6121"},{"taxonomy":"translator","embeddable":true,"href":"https:\/\/rioonwatch.org.br\/index.php?rest_route=%2Fwp%2Fv2%2Ftranslator&post=6121"},{"taxonomy":"source","embeddable":true,"href":"https:\/\/rioonwatch.org.br\/index.php?rest_route=%2Fwp%2Fv2%2Fsource&post=6121"},{"taxonomy":"ilustrador","embeddable":true,"href":"https:\/\/rioonwatch.org.br\/index.php?rest_route=%2Fwp%2Fv2%2Filustrador&post=6121"},{"taxonomy":"fotografo","embeddable":true,"href":"https:\/\/rioonwatch.org.br\/index.php?rest_route=%2Fwp%2Fv2%2Ffotografo&post=6121"}],"curies":[{"name":"wp","href":"https:\/\/api.w.org\/{rel}","templated":true}]}}