{"id":61259,"date":"2022-04-11T10:08:31","date_gmt":"2022-04-11T13:08:31","guid":{"rendered":"https:\/\/rioonwatch.org.br\/?p=61259"},"modified":"2023-09-20T12:30:39","modified_gmt":"2023-09-20T15:30:39","slug":"baixada-fluminense-comeca-abril-embaixo-dagua-e-oquedizemasredes","status":"publish","type":"post","link":"https:\/\/rioonwatch.org.br\/?p=61259","title":{"rendered":"Baixada Fluminense Come\u00e7a Abril Embaixo d&#8217;\u00c1gua \u00c9 #OqueDizemasRedes"},"content":{"rendered":"<p style=\"text-align: right;\"><em><strong><a href=\"https:\/\/bit.ly\/3NrWfzo\" target=\"_blank\" rel=\"noopener noreferrer\">Click Here for English<\/a><a href=\"https:\/\/bit.ly\/3NrWfzo\" target=\"_blank\" rel=\"noopener noreferrer\"><img decoding=\"async\" class=\"alignright wp-image-15790\" src=\"https:\/\/rioonwatch.org.br\/wp-content\/uploads\/2012\/08\/EN-standard-e1439583104716.jpg\" alt=\"\" width=\"20\" height=\"20\" \/><\/a><\/strong><\/em><\/p>\n<p><em style=\"text-align: right;\"><img decoding=\"async\" class=\"alignright wp-image-42675\" src=\"https:\/\/rioonwatch.org.br\/wp-content\/uploads\/2019\/08\/SDSU-620x211.png\" alt=\"\" width=\"200\" height=\"68\" srcset=\"https:\/\/rioonwatch.org.br\/wp-content\/uploads\/2019\/08\/SDSU-620x211.png 620w, https:\/\/rioonwatch.org.br\/wp-content\/uploads\/2019\/08\/SDSU-768x261.png 768w, https:\/\/rioonwatch.org.br\/wp-content\/uploads\/2019\/08\/SDSU-1024x348.png 1024w, https:\/\/rioonwatch.org.br\/wp-content\/uploads\/2019\/08\/SDSU.png 1934w\" sizes=\"(max-width: 200px) 100vw, 200px\" \/><\/em><\/p>\n<p><span style=\"font-weight: 400;\"><em>Esta mat\u00e9ria faz parte da s\u00e9rie\u00a0<a href=\"http:\/\/bit.ly\/2mWUr7d\" target=\"_blank\" rel=\"noopener noreferrer\">#OQueDizemAsRedes<\/a> que traz pontos de vista publicados nas redes sociais, de moradores e ativistas de favela, sobre eventos e temas urgentes, e tamb\u00e9m\u00a0faz parte de uma\u00a0<a href=\"https:\/\/bit.ly\/SerieSDSU\" target=\"_blank\" rel=\"noopener noreferrer\">s\u00e9rie<\/a>\u00a0gerada por uma parceria, com o\u00a0<a href=\"https:\/\/bit.ly\/SDSUDigitalBrazilProject\" target=\"_blank\" rel=\"noopener noreferrer\">Digital Brazil Project<\/a>\u00a0do\u00a0<a href=\"http:\/\/bit.ly\/2zcymI6\" target=\"_blank\" rel=\"noopener noreferrer\">Centro Behner Stiefel de Estudos Brasileiros<\/a> da Universidade Estadual de San Diego na Calif\u00f3rnia, para produzir mat\u00e9rias sobre impactos clim\u00e1ticos e a\u00e7\u00e3o afirmativa nas favelas cariocas.\u00a0<\/em><\/span><\/p>\n<p><span style=\"font-weight: 400;\">O m\u00eas de abril come\u00e7ou com fortes chuvas em praticamente todo o estado do Rio de Janeiro. Na cidade de Angra dos Reis, na Costa Verde, <\/span><a href=\"http:\/\/glo.bo\/3uhIPPH\" target=\"_blank\" rel=\"noopener\"><span style=\"font-weight: 400;\">choveu 800 mm em 48 horas<\/span><\/a><span style=\"font-weight: 400;\">. Em tr\u00eas dias caiu do c\u00e9u metade das \u00e1guas esperadas para o ano todo. Segundo o Centro Nacional de Monitoramento e Alertas de Desastres Naturais (<\/span><a href=\"https:\/\/bit.ly\/38ExcdD\" target=\"_blank\" rel=\"noopener\"><span style=\"font-weight: 400;\">CEMADEN<\/span><\/a><span style=\"font-weight: 400;\">), este \u00e9 um \u00edndice pluviom\u00e9trico sem precedentes na hist\u00f3ria. Em <\/span><a href=\"http:\/\/bit.ly\/2dIPhqR\" target=\"_blank\" rel=\"noopener\"><span style=\"font-weight: 400;\">Paraty<\/span><\/a><span style=\"font-weight: 400;\">, cidade vizinha, a chuva tamb\u00e9m deixou rastros de destrui\u00e7\u00e3o com pessoas desabrigadas e falta de energia el\u00e9trica, sem contar os deslizamentos que <\/span><a href=\"https:\/\/bit.ly\/3v5QY9r\" target=\"_blank\" rel=\"noopener\"><span style=\"font-weight: 400;\">modificaram as paisagens de praias e morros<\/span><\/a><span style=\"font-weight: 400;\">.<\/span><\/p>\n<figure id=\"attachment_61260\" aria-describedby=\"caption-attachment-61260\" style=\"width: 670px\" class=\"wp-caption aligncenter\"><a href=\"https:\/\/rioonwatch.org.br\/wp-content\/uploads\/2022\/04\/Praia-de-itaguacu-antes-e-depois-mostram-a-destruicao-causada-pela-chuva-na-Ilha-Grande-e-na-Costa-Verde.-Foto-Reproducao.jpg\"><img fetchpriority=\"high\" decoding=\"async\" class=\"wp-image-61260\" title=\"Praia de itagua\u00e7u antes e depois mostram a destrui\u00e7\u00e3o causada pela chuva na Ilha Grande e na Costa Verde. Foto Reprodu\u00e7\u00e3o\" src=\"https:\/\/rioonwatch.org.br\/wp-content\/uploads\/2022\/04\/Praia-de-itaguacu-antes-e-depois-mostram-a-destruicao-causada-pela-chuva-na-Ilha-Grande-e-na-Costa-Verde.-Foto-Reproducao.jpg\" alt=\"Fotos de antes e depois na Praia de Itagua\u00e7u mostram a destrui\u00e7\u00e3o causada pela chuva na Ilha Grande e na Costa Verde. Foto: Reprodu\u00e7\u00e3o\" width=\"670\" height=\"402\" srcset=\"https:\/\/rioonwatch.org.br\/wp-content\/uploads\/2022\/04\/Praia-de-itaguacu-antes-e-depois-mostram-a-destruicao-causada-pela-chuva-na-Ilha-Grande-e-na-Costa-Verde.-Foto-Reproducao.jpg 1086w, https:\/\/rioonwatch.org.br\/wp-content\/uploads\/2022\/04\/Praia-de-itaguacu-antes-e-depois-mostram-a-destruicao-causada-pela-chuva-na-Ilha-Grande-e-na-Costa-Verde.-Foto-Reproducao-620x372.jpg 620w, https:\/\/rioonwatch.org.br\/wp-content\/uploads\/2022\/04\/Praia-de-itaguacu-antes-e-depois-mostram-a-destruicao-causada-pela-chuva-na-Ilha-Grande-e-na-Costa-Verde.-Foto-Reproducao-1048x629.jpg 1048w, https:\/\/rioonwatch.org.br\/wp-content\/uploads\/2022\/04\/Praia-de-itaguacu-antes-e-depois-mostram-a-destruicao-causada-pela-chuva-na-Ilha-Grande-e-na-Costa-Verde.-Foto-Reproducao-768x461.jpg 768w\" sizes=\"(max-width: 670px) 100vw, 670px\" \/><\/a><figcaption id=\"caption-attachment-61260\" class=\"wp-caption-text\">Fotos de antes e depois na Praia de Itagua\u00e7u mostram a destrui\u00e7\u00e3o causada pela chuva na Ilha Grande e na Costa Verde. Foto: Reprodu\u00e7\u00e3o<\/figcaption><\/figure>\n<p><span style=\"font-weight: 400;\">Historicamente, as regi\u00f5es perif\u00e9ricas s\u00e3o as que mais sofrem devido \u00e0 <\/span><a href=\"https:\/\/bit.ly\/2Rku5Mf\" target=\"_blank\" rel=\"noopener\"><span style=\"font-weight: 400;\">neglig\u00eancia<\/span><\/a><span style=\"font-weight: 400;\"> por parte das autoridades p\u00fablicas, que n\u00e3o garantem as devidas pol\u00edticas de <\/span><a href=\"http:\/\/bit.ly\/14lMZGK\" target=\"_blank\" rel=\"noopener\"><span style=\"font-weight: 400;\">saneamento<\/span><\/a><span style=\"font-weight: 400;\"> para preven\u00e7\u00e3o de acidentes<\/span><span style=\"font-weight: 400;\">. A <\/span><a href=\"http:\/\/bit.ly\/32JVvht\" target=\"_blank\" rel=\"noopener\"><span style=\"font-weight: 400;\">Baixada Fluminense<\/span><\/a><span style=\"font-weight: 400;\"> \u00e9 um retrato desse descaso. O perfil <\/span><a href=\"https:\/\/bit.ly\/3KlsYp7\" target=\"_blank\" rel=\"noopener\"><span style=\"font-weight: 400;\">Nova Igua\u00e7u da Depress\u00e3o<\/span><\/a><span style=\"font-weight: 400;\"> fez uma cobertura em tempo real dos estragos que ocorreram ali e tamb\u00e9m no munic\u00edpio vizinho de <\/span><a href=\"https:\/\/bit.ly\/2UaGIxC\" target=\"_blank\" rel=\"noopener\"><span style=\"font-weight: 400;\">Mesquita<\/span><\/a><span style=\"font-weight: 400;\">. A maioria dos munic\u00edpios da Baixada declarou estado de emerg\u00eancia. A popula\u00e7\u00e3o n\u00e3o aguenta mais, \u00e9 <\/span><a href=\"http:\/\/bit.ly\/2mWUr7d\" target=\"_blank\" rel=\"noopener\"><span style=\"font-weight: 400;\">#OQueDizemasRedes<\/span><\/a><span style=\"font-weight: 400;\"> sobre mais esse filme repetido.\u00a0<\/span><\/p>\n<h3><b>Baixada Mergulhada no Caos<\/b><\/h3>\n<p><span style=\"font-weight: 400;\">A chuva mal tinha acabado de cair no Rio e as primeiras imagens do que estava por vir come\u00e7aram a circular. A noite de sexta do dia 1 de abril foi dura de ser digerida pela popula\u00e7\u00e3o da Baixada Fluminense, assim como o consequente estrago que ficou. O perfil Nova Igua\u00e7u da Depress\u00e3o j\u00e1 registrava o sufoco que trabalhadores passavam ao retornar para casa de \u00f4nibus, quando as \u00e1guas j\u00e1 amea\u00e7avam entrar dentro do ve\u00edculo.<\/span><\/p>\n<blockquote class=\"instagram-media\" style=\"background: #FFF; border: 0; border-radius: 3px; box-shadow: 0 0 1px 0 rgba(0,0,0,0.5),0 1px 10px 0 rgba(0,0,0,0.15); margin: 1px; max-width: 540px; min-width: 326px; padding: 0; width: calc(100% - 2px);\" data-instgrm-captioned=\"\" data-instgrm-permalink=\"https:\/\/www.instagram.com\/tv\/Cb1HduTDZbI\/?utm_source=ig_embed&amp;utm_campaign=loading\" data-instgrm-version=\"14\">\n<div style=\"padding: 16px;\">\n<p>&nbsp;<\/p>\n<div style=\"display: flex; flex-direction: row; align-items: center;\">\n<div style=\"background-color: #f4f4f4; border-radius: 50%; flex-grow: 0; height: 40px; margin-right: 14px; width: 40px;\"><\/div>\n<div style=\"display: flex; flex-direction: column; flex-grow: 1; justify-content: center;\">\n<div style=\"background-color: #f4f4f4; border-radius: 4px; flex-grow: 0; height: 14px; margin-bottom: 6px; width: 100px;\"><\/div>\n<div style=\"background-color: #f4f4f4; border-radius: 4px; flex-grow: 0; height: 14px; width: 60px;\"><\/div>\n<\/div>\n<\/div>\n<div style=\"padding: 19% 0;\"><\/div>\n<div style=\"display: block; height: 50px; margin: 0 auto 12px; width: 50px;\"><\/div>\n<div style=\"padding-top: 8px;\">\n<div style=\"color: #3897f0; font-family: Arial,sans-serif; font-size: 14px; font-style: normal; font-weight: 550; line-height: 18px;\">Ver essa foto no Instagram<\/div>\n<\/div>\n<div style=\"padding: 12.5% 0;\"><\/div>\n<div style=\"display: flex; flex-direction: row; margin-bottom: 14px; align-items: center;\">\n<div>\n<div style=\"background-color: #f4f4f4; border-radius: 50%; height: 12.5px; width: 12.5px; transform: translateX(0px) translateY(7px);\"><\/div>\n<div style=\"background-color: #f4f4f4; height: 12.5px; transform: rotate(-45deg) translateX(3px) translateY(1px); width: 12.5px; flex-grow: 0; margin-right: 14px; margin-left: 2px;\"><\/div>\n<div style=\"background-color: #f4f4f4; border-radius: 50%; height: 12.5px; width: 12.5px; transform: translateX(9px) translateY(-18px);\"><\/div>\n<\/div>\n<div style=\"margin-left: 8px;\">\n<div style=\"background-color: #f4f4f4; border-radius: 50%; flex-grow: 0; height: 20px; width: 20px;\"><\/div>\n<div style=\"width: 0; height: 0; border-top: 2px solid transparent; border-left: 6px solid #f4f4f4; border-bottom: 2px solid transparent; transform: translateX(16px) translateY(-4px) rotate(30deg);\"><\/div>\n<\/div>\n<div style=\"margin-left: auto;\">\n<div style=\"width: 0px; border-top: 8px solid #F4F4F4; border-right: 8px solid transparent; transform: translateY(16px);\"><\/div>\n<div style=\"background-color: #f4f4f4; flex-grow: 0; height: 12px; width: 16px; transform: translateY(-4px);\"><\/div>\n<div style=\"width: 0; height: 0; border-top: 8px solid #F4F4F4; border-left: 8px solid transparent; transform: translateY(-4px) translateX(8px);\"><\/div>\n<\/div>\n<\/div>\n<div style=\"display: flex; flex-direction: column; flex-grow: 1; justify-content: center; margin-bottom: 24px;\">\n<div style=\"background-color: #f4f4f4; border-radius: 4px; flex-grow: 0; height: 14px; margin-bottom: 6px; width: 224px;\"><\/div>\n<div style=\"background-color: #f4f4f4; border-radius: 4px; flex-grow: 0; height: 14px; width: 144px;\"><\/div>\n<\/div>\n<p>&nbsp;<\/p>\n<p style=\"color: #c9c8cd; font-family: Arial,sans-serif; font-size: 14px; line-height: 17px; margin-bottom: 0; margin-top: 8px; overflow: hidden; padding: 8px 0 7px; text-align: center; text-overflow: ellipsis; white-space: nowrap;\"><a style=\"color: #c9c8cd; font-family: Arial,sans-serif; font-size: 14px; font-style: normal; font-weight: normal; line-height: 17px; text-decoration: none;\" href=\"https:\/\/www.instagram.com\/tv\/Cb1HduTDZbI\/?utm_source=ig_embed&amp;utm_campaign=loading\" target=\"_blank\" rel=\"noopener\">Uma publica\u00e7\u00e3o compartilhada por NID &#8211; Nova Igua\u00e7u Depress\u00e3o (@novaiguacudepressao)<\/a><\/p>\n<\/div>\n<\/blockquote>\n<p><script async src=\"\/\/www.instagram.com\/embed.js\"><\/script><\/p>\n<p><span style=\"font-weight: 400;\">A professora e ativista Rose Cipriano compartilhou em seu Instagram um v\u00eddeo da cidade de <\/span><a href=\"http:\/\/bit.ly\/2YdiJ25\" target=\"_blank\" rel=\"noopener\"><span style=\"font-weight: 400;\">Belford Roxo<\/span><\/a><span style=\"font-weight: 400;\">. Ela aproveitou para denunciar o descaso do poder p\u00fablico como o principal respons\u00e1vel pelos desastres repetidos.<\/span><\/p>\n<blockquote class=\"instagram-media\" style=\"background: #FFF; border: 0; border-radius: 3px; box-shadow: 0 0 1px 0 rgba(0,0,0,0.5),0 1px 10px 0 rgba(0,0,0,0.15); margin: 1px; max-width: 540px; min-width: 326px; padding: 0; width: calc(100% - 2px);\" data-instgrm-captioned=\"\" data-instgrm-permalink=\"https:\/\/www.instagram.com\/reel\/Cb2as4SFzNI\/?utm_source=ig_embed&amp;utm_campaign=loading\" data-instgrm-version=\"14\">\n<div style=\"padding: 16px;\">\n<p>&nbsp;<\/p>\n<div style=\"display: flex; flex-direction: row; align-items: center;\">\n<div style=\"background-color: #f4f4f4; border-radius: 50%; flex-grow: 0; height: 40px; margin-right: 14px; width: 40px;\"><\/div>\n<div style=\"display: flex; flex-direction: column; flex-grow: 1; justify-content: center;\">\n<div style=\"background-color: #f4f4f4; border-radius: 4px; flex-grow: 0; height: 14px; margin-bottom: 6px; width: 100px;\"><\/div>\n<div style=\"background-color: #f4f4f4; border-radius: 4px; flex-grow: 0; height: 14px; width: 60px;\"><\/div>\n<\/div>\n<\/div>\n<div style=\"padding: 19% 0;\"><\/div>\n<div style=\"display: block; height: 50px; margin: 0 auto 12px; width: 50px;\"><\/div>\n<div style=\"padding-top: 8px;\">\n<div style=\"color: #3897f0; font-family: Arial,sans-serif; font-size: 14px; font-style: normal; font-weight: 550; line-height: 18px;\">Ver essa foto no Instagram<\/div>\n<\/div>\n<div style=\"padding: 12.5% 0;\"><\/div>\n<div style=\"display: flex; flex-direction: row; margin-bottom: 14px; align-items: center;\">\n<div>\n<div style=\"background-color: #f4f4f4; border-radius: 50%; height: 12.5px; width: 12.5px; transform: translateX(0px) translateY(7px);\"><\/div>\n<div style=\"background-color: #f4f4f4; height: 12.5px; transform: rotate(-45deg) translateX(3px) translateY(1px); width: 12.5px; flex-grow: 0; margin-right: 14px; margin-left: 2px;\"><\/div>\n<div style=\"background-color: #f4f4f4; border-radius: 50%; height: 12.5px; width: 12.5px; transform: translateX(9px) translateY(-18px);\"><\/div>\n<\/div>\n<div style=\"margin-left: 8px;\">\n<div style=\"background-color: #f4f4f4; border-radius: 50%; flex-grow: 0; height: 20px; width: 20px;\"><\/div>\n<div style=\"width: 0; height: 0; border-top: 2px solid transparent; border-left: 6px solid #f4f4f4; border-bottom: 2px solid transparent; transform: translateX(16px) translateY(-4px) rotate(30deg);\"><\/div>\n<\/div>\n<div style=\"margin-left: auto;\">\n<div style=\"width: 0px; border-top: 8px solid #F4F4F4; border-right: 8px solid transparent; transform: translateY(16px);\"><\/div>\n<div style=\"background-color: #f4f4f4; flex-grow: 0; height: 12px; width: 16px; transform: translateY(-4px);\"><\/div>\n<div style=\"width: 0; height: 0; border-top: 8px solid #F4F4F4; border-left: 8px solid transparent; transform: translateY(-4px) translateX(8px);\"><\/div>\n<\/div>\n<\/div>\n<div style=\"display: flex; flex-direction: column; flex-grow: 1; justify-content: center; margin-bottom: 24px;\">\n<div style=\"background-color: #f4f4f4; border-radius: 4px; flex-grow: 0; height: 14px; margin-bottom: 6px; width: 224px;\"><\/div>\n<div style=\"background-color: #f4f4f4; border-radius: 4px; flex-grow: 0; height: 14px; width: 144px;\"><\/div>\n<\/div>\n<p>&nbsp;<\/p>\n<p style=\"color: #c9c8cd; font-family: Arial,sans-serif; font-size: 14px; line-height: 17px; margin-bottom: 0; margin-top: 8px; overflow: hidden; padding: 8px 0 7px; text-align: center; text-overflow: ellipsis; white-space: nowrap;\"><a style=\"color: #c9c8cd; font-family: Arial,sans-serif; font-size: 14px; font-style: normal; font-weight: normal; line-height: 17px; text-decoration: none;\" href=\"https:\/\/www.instagram.com\/reel\/Cb2as4SFzNI\/?utm_source=ig_embed&amp;utm_campaign=loading\" target=\"_blank\" rel=\"noopener\">Uma publica\u00e7\u00e3o compartilhada por Rose Cipriano (@professorarosecipriano)<\/a><\/p>\n<\/div>\n<\/blockquote>\n<p><script async src=\"\/\/www.instagram.com\/embed.js\"><\/script><\/p>\n<p><span style=\"font-weight: 400;\">De acordo com o jornal <\/span><a href=\"https:\/\/bit.ly\/3KjzIUr\" target=\"_blank\" rel=\"noopener\"><i><span style=\"font-weight: 400;\">Destaque Baixada<\/span><\/i><\/a><span style=\"font-weight: 400;\">, Belford Roxo teve mais de 300 desalojados. O jornal tamb\u00e9m registrou seis desabamentos no munic\u00edpio, cinco deslizamentos e 25 desabrigados. A Prefeitura decretou estado de emerg\u00eancia.\u00a0<\/span><\/p>\n<blockquote class=\"instagram-media\" style=\"background: #FFF; border: 0; border-radius: 3px; box-shadow: 0 0 1px 0 rgba(0,0,0,0.5),0 1px 10px 0 rgba(0,0,0,0.15); margin: 1px; max-width: 540px; min-width: 326px; padding: 0; width: calc(100% - 2px);\" data-instgrm-captioned=\"\" data-instgrm-permalink=\"https:\/\/www.instagram.com\/p\/Cb9qxp5tCk3\/?utm_source=ig_embed&amp;utm_campaign=loading\" data-instgrm-version=\"14\">\n<div style=\"padding: 16px;\">\n<p>&nbsp;<\/p>\n<div style=\"display: flex; flex-direction: row; align-items: center;\">\n<div style=\"background-color: #f4f4f4; border-radius: 50%; flex-grow: 0; height: 40px; margin-right: 14px; width: 40px;\"><\/div>\n<div style=\"display: flex; flex-direction: column; flex-grow: 1; justify-content: center;\">\n<div style=\"background-color: #f4f4f4; border-radius: 4px; flex-grow: 0; height: 14px; margin-bottom: 6px; width: 100px;\"><\/div>\n<div style=\"background-color: #f4f4f4; border-radius: 4px; flex-grow: 0; height: 14px; width: 60px;\"><\/div>\n<\/div>\n<\/div>\n<div style=\"padding: 19% 0;\"><\/div>\n<div style=\"display: block; height: 50px; margin: 0 auto 12px; width: 50px;\"><\/div>\n<div style=\"padding-top: 8px;\">\n<div style=\"color: #3897f0; font-family: Arial,sans-serif; font-size: 14px; font-style: normal; font-weight: 550; line-height: 18px;\">Ver essa foto no Instagram<\/div>\n<\/div>\n<div style=\"padding: 12.5% 0;\"><\/div>\n<div style=\"display: flex; flex-direction: row; margin-bottom: 14px; align-items: center;\">\n<div>\n<div style=\"background-color: #f4f4f4; border-radius: 50%; height: 12.5px; width: 12.5px; transform: translateX(0px) translateY(7px);\"><\/div>\n<div style=\"background-color: #f4f4f4; height: 12.5px; transform: rotate(-45deg) translateX(3px) translateY(1px); width: 12.5px; flex-grow: 0; margin-right: 14px; margin-left: 2px;\"><\/div>\n<div style=\"background-color: #f4f4f4; border-radius: 50%; height: 12.5px; width: 12.5px; transform: translateX(9px) translateY(-18px);\"><\/div>\n<\/div>\n<div style=\"margin-left: 8px;\">\n<div style=\"background-color: #f4f4f4; border-radius: 50%; flex-grow: 0; height: 20px; width: 20px;\"><\/div>\n<div style=\"width: 0; height: 0; border-top: 2px solid transparent; border-left: 6px solid #f4f4f4; border-bottom: 2px solid transparent; transform: translateX(16px) translateY(-4px) rotate(30deg);\"><\/div>\n<\/div>\n<div style=\"margin-left: auto;\">\n<div style=\"width: 0px; border-top: 8px solid #F4F4F4; border-right: 8px solid transparent; transform: translateY(16px);\"><\/div>\n<div style=\"background-color: #f4f4f4; flex-grow: 0; height: 12px; width: 16px; transform: translateY(-4px);\"><\/div>\n<div style=\"width: 0; height: 0; border-top: 8px solid #F4F4F4; border-left: 8px solid transparent; transform: translateY(-4px) translateX(8px);\"><\/div>\n<\/div>\n<\/div>\n<div style=\"display: flex; flex-direction: column; flex-grow: 1; justify-content: center; margin-bottom: 24px;\">\n<div style=\"background-color: #f4f4f4; border-radius: 4px; flex-grow: 0; height: 14px; margin-bottom: 6px; width: 224px;\"><\/div>\n<div style=\"background-color: #f4f4f4; border-radius: 4px; flex-grow: 0; height: 14px; width: 144px;\"><\/div>\n<\/div>\n<p>&nbsp;<\/p>\n<p style=\"color: #c9c8cd; font-family: Arial,sans-serif; font-size: 14px; line-height: 17px; margin-bottom: 0; margin-top: 8px; overflow: hidden; padding: 8px 0 7px; text-align: center; text-overflow: ellipsis; white-space: nowrap;\"><a style=\"color: #c9c8cd; font-family: Arial,sans-serif; font-size: 14px; font-style: normal; font-weight: normal; line-height: 17px; text-decoration: none;\" href=\"https:\/\/www.instagram.com\/p\/Cb9qxp5tCk3\/?utm_source=ig_embed&amp;utm_campaign=loading\" target=\"_blank\" rel=\"noopener\">Uma publica\u00e7\u00e3o compartilhada por Jornal Destaque Baixada (@jornaldestaquebaixada)<\/a><\/p>\n<\/div>\n<\/blockquote>\n<p><script async src=\"\/\/www.instagram.com\/embed.js\"><\/script><\/p>\n<p><span style=\"font-weight: 400;\">Mesquita n\u00e3o escapou das consequ\u00eancias tr\u00e1gicas da chuva. A p\u00e1gina Nova Igua\u00e7u da Depress\u00e3o publicou um v\u00eddeo de carros sendo arrastados pela correnteza formada nas ruas e de passageiros presos dentro de um \u00f4nibus. Cena que amedronta sobretudo depois das mortes no epis\u00f3dio dos <\/span><a href=\"https:\/\/bit.ly\/3xds9Lg\" target=\"_blank\" rel=\"noopener\"><span style=\"font-weight: 400;\">\u00f4nibus arrastados para dentro do Rio Quitandinha<\/span><\/a><span style=\"font-weight: 400;\">, no centro de Petr\u00f3polis.<\/span><\/p>\n<blockquote class=\"instagram-media\" style=\"background: #FFF; border: 0; border-radius: 3px; box-shadow: 0 0 1px 0 rgba(0,0,0,0.5),0 1px 10px 0 rgba(0,0,0,0.15); margin: 1px; max-width: 540px; min-width: 326px; padding: 0; width: calc(100% - 2px);\" data-instgrm-captioned=\"\" data-instgrm-permalink=\"https:\/\/www.instagram.com\/tv\/Cb1uJIujB1v\/?utm_source=ig_embed&amp;utm_campaign=loading\" data-instgrm-version=\"14\">\n<div style=\"padding: 16px;\">\n<p>&nbsp;<\/p>\n<div style=\"display: flex; flex-direction: row; align-items: center;\">\n<div style=\"background-color: #f4f4f4; border-radius: 50%; flex-grow: 0; height: 40px; margin-right: 14px; width: 40px;\"><\/div>\n<div style=\"display: flex; flex-direction: column; flex-grow: 1; justify-content: center;\">\n<div style=\"background-color: #f4f4f4; border-radius: 4px; flex-grow: 0; height: 14px; margin-bottom: 6px; width: 100px;\"><\/div>\n<div style=\"background-color: #f4f4f4; border-radius: 4px; flex-grow: 0; height: 14px; width: 60px;\"><\/div>\n<\/div>\n<\/div>\n<div style=\"padding: 19% 0;\"><\/div>\n<div style=\"display: block; height: 50px; margin: 0 auto 12px; width: 50px;\"><\/div>\n<div style=\"padding-top: 8px;\">\n<div style=\"color: #3897f0; font-family: Arial,sans-serif; font-size: 14px; font-style: normal; font-weight: 550; line-height: 18px;\">Ver essa foto no Instagram<\/div>\n<\/div>\n<div style=\"padding: 12.5% 0;\"><\/div>\n<div style=\"display: flex; flex-direction: row; margin-bottom: 14px; align-items: center;\">\n<div>\n<div style=\"background-color: #f4f4f4; border-radius: 50%; height: 12.5px; width: 12.5px; transform: translateX(0px) translateY(7px);\"><\/div>\n<div style=\"background-color: #f4f4f4; height: 12.5px; transform: rotate(-45deg) translateX(3px) translateY(1px); width: 12.5px; flex-grow: 0; margin-right: 14px; margin-left: 2px;\"><\/div>\n<div style=\"background-color: #f4f4f4; border-radius: 50%; height: 12.5px; width: 12.5px; transform: translateX(9px) translateY(-18px);\"><\/div>\n<\/div>\n<div style=\"margin-left: 8px;\">\n<div style=\"background-color: #f4f4f4; border-radius: 50%; flex-grow: 0; height: 20px; width: 20px;\"><\/div>\n<div style=\"width: 0; height: 0; border-top: 2px solid transparent; border-left: 6px solid #f4f4f4; border-bottom: 2px solid transparent; transform: translateX(16px) translateY(-4px) rotate(30deg);\"><\/div>\n<\/div>\n<div style=\"margin-left: auto;\">\n<div style=\"width: 0px; border-top: 8px solid #F4F4F4; border-right: 8px solid transparent; transform: translateY(16px);\"><\/div>\n<div style=\"background-color: #f4f4f4; flex-grow: 0; height: 12px; width: 16px; transform: translateY(-4px);\"><\/div>\n<div style=\"width: 0; height: 0; border-top: 8px solid #F4F4F4; border-left: 8px solid transparent; transform: translateY(-4px) translateX(8px);\"><\/div>\n<\/div>\n<\/div>\n<div style=\"display: flex; flex-direction: column; flex-grow: 1; justify-content: center; margin-bottom: 24px;\">\n<div style=\"background-color: #f4f4f4; border-radius: 4px; flex-grow: 0; height: 14px; margin-bottom: 6px; width: 224px;\"><\/div>\n<div style=\"background-color: #f4f4f4; border-radius: 4px; flex-grow: 0; height: 14px; width: 144px;\"><\/div>\n<\/div>\n<p>&nbsp;<\/p>\n<p style=\"color: #c9c8cd; font-family: Arial,sans-serif; font-size: 14px; line-height: 17px; margin-bottom: 0; margin-top: 8px; overflow: hidden; padding: 8px 0 7px; text-align: center; text-overflow: ellipsis; white-space: nowrap;\"><a style=\"color: #c9c8cd; font-family: Arial,sans-serif; font-size: 14px; font-style: normal; font-weight: normal; line-height: 17px; text-decoration: none;\" href=\"https:\/\/www.instagram.com\/tv\/Cb1uJIujB1v\/?utm_source=ig_embed&amp;utm_campaign=loading\" target=\"_blank\" rel=\"noopener\">Uma publica\u00e7\u00e3o compartilhada por NID &#8211; Nova Igua\u00e7u Depress\u00e3o (@novaiguacudepressao)<\/a><\/p>\n<\/div>\n<\/blockquote>\n<p><script async src=\"\/\/www.instagram.com\/embed.js\"><\/script><\/p>\n<p><span style=\"font-weight: 400;\">Atividades culturais que estavam marcadas tiveram de ser canceladas em Mesquita, como foi o caso do N\u00facleo de Atendimento de Medidas da Comarca da cidade, que adiou a inaugura\u00e7\u00e3o da Sala de Leitura Carolina de Jesus. O comunicado foi feito em mensagem disparada pelo WhatsApp.<\/span><\/p>\n<p><a href=\"https:\/\/rioonwatch.org.br\/wp-content\/uploads\/2022\/04\/Mensagem-veiculada-pelo-WhatsApp-pelo-projeto-Sala-de-Leitura-de-Mesquita-informando-que-as-atividades-de-inauguracao-estavam-suspensas-devido-as-fortes-chuvas-que-atingiram-a-regiao..jpeg\"><img loading=\"lazy\" decoding=\"async\" class=\"aligncenter wp-image-61263\" title=\"Mensagem veiculada pelo WhatsApp pelo projeto Sala de Leitura de Mesquita, informando que as atividades de inaugura\u00e7\u00e3o estavam suspensas devido \u00e0s fortes chuvas que atingiram a regi\u00e3o.\" src=\"https:\/\/rioonwatch.org.br\/wp-content\/uploads\/2022\/04\/Mensagem-veiculada-pelo-WhatsApp-pelo-projeto-Sala-de-Leitura-de-Mesquita-informando-que-as-atividades-de-inauguracao-estavam-suspensas-devido-as-fortes-chuvas-que-atingiram-a-regiao..jpeg\" alt=\"Mensagem veiculada pelo WhatsApp pelo projeto Sala de Leitura de Mesquita, informando que as atividades de inaugura\u00e7\u00e3o estavam suspensas devido \u00e0s fortes chuvas que atingiram a regi\u00e3o.\" width=\"670\" height=\"651\" srcset=\"https:\/\/rioonwatch.org.br\/wp-content\/uploads\/2022\/04\/Mensagem-veiculada-pelo-WhatsApp-pelo-projeto-Sala-de-Leitura-de-Mesquita-informando-que-as-atividades-de-inauguracao-estavam-suspensas-devido-as-fortes-chuvas-que-atingiram-a-regiao..jpeg 760w, https:\/\/rioonwatch.org.br\/wp-content\/uploads\/2022\/04\/Mensagem-veiculada-pelo-WhatsApp-pelo-projeto-Sala-de-Leitura-de-Mesquita-informando-que-as-atividades-de-inauguracao-estavam-suspensas-devido-as-fortes-chuvas-que-atingiram-a-regiao.-620x602.jpeg 620w, https:\/\/rioonwatch.org.br\/wp-content\/uploads\/2022\/04\/Mensagem-veiculada-pelo-WhatsApp-pelo-projeto-Sala-de-Leitura-de-Mesquita-informando-que-as-atividades-de-inauguracao-estavam-suspensas-devido-as-fortes-chuvas-que-atingiram-a-regiao.-648x629.jpeg 648w\" sizes=\"(max-width: 670px) 100vw, 670px\" \/><\/a><\/p>\n<p><span style=\"font-weight: 400;\">No dia seguinte, foi poss\u00edvel contabilizar melhor os efeitos da tempestade. O ativista Wesley Teixeira postou fotos em seu perfil do Instagram sobre a situa\u00e7\u00e3o de Belford Roxo. As imagens mostram moradores com \u00e1guas na altura do peito, se segurando em cordas e fios para evitarem ser arrastados.<\/span><\/p>\n<blockquote class=\"instagram-media\" style=\"background: #FFF; border: 0; border-radius: 3px; box-shadow: 0 0 1px 0 rgba(0,0,0,0.5),0 1px 10px 0 rgba(0,0,0,0.15); margin: 1px; max-width: 540px; min-width: 326px; padding: 0; width: calc(100% - 2px);\" data-instgrm-captioned=\"\" data-instgrm-permalink=\"https:\/\/www.instagram.com\/p\/Cb7gXy_r35N\/?utm_source=ig_embed&amp;utm_campaign=loading\" data-instgrm-version=\"14\">\n<div style=\"padding: 16px;\">\n<p>&nbsp;<\/p>\n<div style=\"display: flex; flex-direction: row; align-items: center;\">\n<div style=\"background-color: #f4f4f4; border-radius: 50%; flex-grow: 0; height: 40px; margin-right: 14px; width: 40px;\"><\/div>\n<div style=\"display: flex; flex-direction: column; flex-grow: 1; justify-content: center;\">\n<div style=\"background-color: #f4f4f4; border-radius: 4px; flex-grow: 0; height: 14px; margin-bottom: 6px; width: 100px;\"><\/div>\n<div style=\"background-color: #f4f4f4; border-radius: 4px; flex-grow: 0; height: 14px; width: 60px;\"><\/div>\n<\/div>\n<\/div>\n<div style=\"padding: 19% 0;\"><\/div>\n<div style=\"display: block; height: 50px; margin: 0 auto 12px; width: 50px;\"><\/div>\n<div style=\"padding-top: 8px;\">\n<div style=\"color: #3897f0; font-family: Arial,sans-serif; font-size: 14px; font-style: normal; font-weight: 550; line-height: 18px;\">Ver essa foto no Instagram<\/div>\n<\/div>\n<div style=\"padding: 12.5% 0;\"><\/div>\n<div style=\"display: flex; flex-direction: row; margin-bottom: 14px; align-items: center;\">\n<div>\n<div style=\"background-color: #f4f4f4; border-radius: 50%; height: 12.5px; width: 12.5px; transform: translateX(0px) translateY(7px);\"><\/div>\n<div style=\"background-color: #f4f4f4; height: 12.5px; transform: rotate(-45deg) translateX(3px) translateY(1px); width: 12.5px; flex-grow: 0; margin-right: 14px; margin-left: 2px;\"><\/div>\n<div style=\"background-color: #f4f4f4; border-radius: 50%; height: 12.5px; width: 12.5px; transform: translateX(9px) translateY(-18px);\"><\/div>\n<\/div>\n<div style=\"margin-left: 8px;\">\n<div style=\"background-color: #f4f4f4; border-radius: 50%; flex-grow: 0; height: 20px; width: 20px;\"><\/div>\n<div style=\"width: 0; height: 0; border-top: 2px solid transparent; border-left: 6px solid #f4f4f4; border-bottom: 2px solid transparent; transform: translateX(16px) translateY(-4px) rotate(30deg);\"><\/div>\n<\/div>\n<div style=\"margin-left: auto;\">\n<div style=\"width: 0px; border-top: 8px solid #F4F4F4; border-right: 8px solid transparent; transform: translateY(16px);\"><\/div>\n<div style=\"background-color: #f4f4f4; flex-grow: 0; height: 12px; width: 16px; transform: translateY(-4px);\"><\/div>\n<div style=\"width: 0; height: 0; border-top: 8px solid #F4F4F4; border-left: 8px solid transparent; transform: translateY(-4px) translateX(8px);\"><\/div>\n<\/div>\n<\/div>\n<div style=\"display: flex; flex-direction: column; flex-grow: 1; justify-content: center; margin-bottom: 24px;\">\n<div style=\"background-color: #f4f4f4; border-radius: 4px; flex-grow: 0; height: 14px; margin-bottom: 6px; width: 224px;\"><\/div>\n<div style=\"background-color: #f4f4f4; border-radius: 4px; flex-grow: 0; height: 14px; width: 144px;\"><\/div>\n<\/div>\n<p>&nbsp;<\/p>\n<p style=\"color: #c9c8cd; font-family: Arial,sans-serif; font-size: 14px; line-height: 17px; margin-bottom: 0; margin-top: 8px; overflow: hidden; padding: 8px 0 7px; text-align: center; text-overflow: ellipsis; white-space: nowrap;\"><a style=\"color: #c9c8cd; font-family: Arial,sans-serif; font-size: 14px; font-style: normal; font-weight: normal; line-height: 17px; text-decoration: none;\" href=\"https:\/\/www.instagram.com\/p\/Cb7gXy_r35N\/?utm_source=ig_embed&amp;utm_campaign=loading\" target=\"_blank\" rel=\"noopener\">Uma publica\u00e7\u00e3o compartilhada por Wesley Teixeira (@wesleyteixeiras)<\/a><\/p>\n<\/div>\n<\/blockquote>\n<p><script async src=\"\/\/www.instagram.com\/embed.js\"><\/script><\/p>\n<p><span style=\"font-weight: 400;\">Utilizando a hashtag <\/span><a href=\"https:\/\/bit.ly\/3DYoEd6\" target=\"_blank\" rel=\"noopener\"><span style=\"font-weight: 400;\">#EnchenteNaBaixadaFluminense<\/span><\/a><span style=\"font-weight: 400;\">, o perfil do <\/span><a href=\"https:\/\/bit.ly\/3j03Idj\" target=\"_blank\" rel=\"noopener\"><span style=\"font-weight: 400;\">F\u00f3rum Grita Baixada<\/span><\/a><span style=\"font-weight: 400;\"> mostrou imagens do Rio Botas, na periferia de <\/span><a href=\"http:\/\/bit.ly\/2YytCa6\" target=\"_blank\" rel=\"noopener\"><span style=\"font-weight: 400;\">Nova Igua\u00e7u<\/span><\/a><span style=\"font-weight: 400;\">, com um n\u00edvel de \u00e1gua bem elevado e carregando bastante lixo. No post, o F\u00f3rum afirmou que esse n\u00e3o \u00e9 um evento isolado, mas sim consequ\u00eancia recorrente do <\/span><a href=\"https:\/\/bit.ly\/2XvPcl5\" target=\"_blank\" rel=\"noopener\"><span style=\"font-weight: 400;\">racismo ambiental<\/span><\/a><span style=\"font-weight: 400;\">.<\/span><\/p>\n<blockquote class=\"instagram-media\" style=\"background: #FFF; border: 0; border-radius: 3px; box-shadow: 0 0 1px 0 rgba(0,0,0,0.5),0 1px 10px 0 rgba(0,0,0,0.15); margin: 1px; max-width: 540px; min-width: 326px; padding: 0; width: calc(100% - 2px);\" data-instgrm-captioned=\"\" data-instgrm-permalink=\"https:\/\/www.instagram.com\/p\/Cb2pl5IPLnW\/?utm_source=ig_embed&amp;utm_campaign=loading\" data-instgrm-version=\"14\">\n<div style=\"padding: 16px;\">\n<p>&nbsp;<\/p>\n<div style=\"display: flex; flex-direction: row; align-items: center;\">\n<div style=\"background-color: #f4f4f4; border-radius: 50%; flex-grow: 0; height: 40px; margin-right: 14px; width: 40px;\"><\/div>\n<div style=\"display: flex; flex-direction: column; flex-grow: 1; justify-content: center;\">\n<div style=\"background-color: #f4f4f4; border-radius: 4px; flex-grow: 0; height: 14px; margin-bottom: 6px; width: 100px;\"><\/div>\n<div style=\"background-color: #f4f4f4; border-radius: 4px; flex-grow: 0; height: 14px; width: 60px;\"><\/div>\n<\/div>\n<\/div>\n<div style=\"padding: 19% 0;\"><\/div>\n<div style=\"display: block; height: 50px; margin: 0 auto 12px; width: 50px;\"><\/div>\n<div style=\"padding-top: 8px;\">\n<div style=\"color: #3897f0; font-family: Arial,sans-serif; font-size: 14px; font-style: normal; font-weight: 550; line-height: 18px;\">Ver essa foto no Instagram<\/div>\n<\/div>\n<div style=\"padding: 12.5% 0;\"><\/div>\n<div style=\"display: flex; flex-direction: row; margin-bottom: 14px; align-items: center;\">\n<div>\n<div style=\"background-color: #f4f4f4; border-radius: 50%; height: 12.5px; width: 12.5px; transform: translateX(0px) translateY(7px);\"><\/div>\n<div style=\"background-color: #f4f4f4; height: 12.5px; transform: rotate(-45deg) translateX(3px) translateY(1px); width: 12.5px; flex-grow: 0; margin-right: 14px; margin-left: 2px;\"><\/div>\n<div style=\"background-color: #f4f4f4; border-radius: 50%; height: 12.5px; width: 12.5px; transform: translateX(9px) translateY(-18px);\"><\/div>\n<\/div>\n<div style=\"margin-left: 8px;\">\n<div style=\"background-color: #f4f4f4; border-radius: 50%; flex-grow: 0; height: 20px; width: 20px;\"><\/div>\n<div style=\"width: 0; height: 0; border-top: 2px solid transparent; border-left: 6px solid #f4f4f4; border-bottom: 2px solid transparent; transform: translateX(16px) translateY(-4px) rotate(30deg);\"><\/div>\n<\/div>\n<div style=\"margin-left: auto;\">\n<div style=\"width: 0px; border-top: 8px solid #F4F4F4; border-right: 8px solid transparent; transform: translateY(16px);\"><\/div>\n<div style=\"background-color: #f4f4f4; flex-grow: 0; height: 12px; width: 16px; transform: translateY(-4px);\"><\/div>\n<div style=\"width: 0; height: 0; border-top: 8px solid #F4F4F4; border-left: 8px solid transparent; transform: translateY(-4px) translateX(8px);\"><\/div>\n<\/div>\n<\/div>\n<div style=\"display: flex; flex-direction: column; flex-grow: 1; justify-content: center; margin-bottom: 24px;\">\n<div style=\"background-color: #f4f4f4; border-radius: 4px; flex-grow: 0; height: 14px; margin-bottom: 6px; width: 224px;\"><\/div>\n<div style=\"background-color: #f4f4f4; border-radius: 4px; flex-grow: 0; height: 14px; width: 144px;\"><\/div>\n<\/div>\n<p>&nbsp;<\/p>\n<p style=\"color: #c9c8cd; font-family: Arial,sans-serif; font-size: 14px; line-height: 17px; margin-bottom: 0; margin-top: 8px; overflow: hidden; padding: 8px 0 7px; text-align: center; text-overflow: ellipsis; white-space: nowrap;\"><a style=\"color: #c9c8cd; font-family: Arial,sans-serif; font-size: 14px; font-style: normal; font-weight: normal; line-height: 17px; text-decoration: none;\" href=\"https:\/\/www.instagram.com\/p\/Cb2pl5IPLnW\/?utm_source=ig_embed&amp;utm_campaign=loading\" target=\"_blank\" rel=\"noopener\">Uma publica\u00e7\u00e3o compartilhada por F\u00f3rum Grita Baixada (@forumgritabaixada)<\/a><\/p>\n<\/div>\n<\/blockquote>\n<p><script async src=\"\/\/www.instagram.com\/embed.js\"><\/script><\/p>\n<h3><b>Campanhas de Solidariedade<\/b><\/h3>\n<p><span style=\"font-weight: 400;\">O \u201c<\/span><a href=\"https:\/\/bit.ly\/2VN4Ft6\" target=\"_blank\" rel=\"noopener\"><span style=\"font-weight: 400;\">n\u00f3s por n\u00f3s<\/span><\/a><span style=\"font-weight: 400;\">\u201d \u00e9 uma filosofia nascida da necessidade de sobreviv\u00eancia de grupos marginalizados ao perceberem que s\u00f3 podem mesmo contar com si mesmos. Em meio ao mais completo desamparo, moradores das periferias entendem que a sa\u00edda \u00e9 a colabora\u00e7\u00e3o m\u00fatua para a supera\u00e7\u00e3o das adversidades impostas pelo sistema. No caso das enchentes e deslizamentos n\u00e3o poderia ser diferente. Na mesma medida em que os danos come\u00e7aram a ser contabilizados, campanhas de ajuda aos atingidos despontaram.\u00a0<\/span><\/p>\n<p><span style=\"font-weight: 400;\">O <\/span><a href=\"https:\/\/bit.ly\/3KlZYgW\" target=\"_blank\" rel=\"noopener\"><span style=\"font-weight: 400;\">Espa\u00e7o de Cria<\/span><\/a><span style=\"font-weight: 400;\"> \u00e9 um projeto de educa\u00e7\u00e3o popular sediado em Nova Igua\u00e7u, especificamente no bairro de Caioaba. A estrutura do projeto tamb\u00e9m foi danificada pelas chuvas, o que levou \u00e0 cria\u00e7\u00e3o do Mobiliza Caioaba, uma campanha para ajudar as fam\u00edlias dos alunos atendidos pelo espa\u00e7o.<\/span><\/p>\n<blockquote class=\"instagram-media\" style=\"background: #FFF; border: 0; border-radius: 3px; box-shadow: 0 0 1px 0 rgba(0,0,0,0.5),0 1px 10px 0 rgba(0,0,0,0.15); margin: 1px; max-width: 540px; min-width: 326px; padding: 0; width: calc(100% - 2px);\" data-instgrm-captioned=\"\" data-instgrm-permalink=\"https:\/\/www.instagram.com\/p\/Cb2_pkFp69K\/?utm_source=ig_embed&amp;utm_campaign=loading\" data-instgrm-version=\"14\">\n<div style=\"padding: 16px;\">\n<p>&nbsp;<\/p>\n<div style=\"display: flex; flex-direction: row; align-items: center;\">\n<div style=\"background-color: #f4f4f4; border-radius: 50%; flex-grow: 0; height: 40px; margin-right: 14px; width: 40px;\"><\/div>\n<div style=\"display: flex; flex-direction: column; flex-grow: 1; justify-content: center;\">\n<div style=\"background-color: #f4f4f4; border-radius: 4px; flex-grow: 0; height: 14px; margin-bottom: 6px; width: 100px;\"><\/div>\n<div style=\"background-color: #f4f4f4; border-radius: 4px; flex-grow: 0; height: 14px; width: 60px;\"><\/div>\n<\/div>\n<\/div>\n<div style=\"padding: 19% 0;\"><\/div>\n<div style=\"display: block; height: 50px; margin: 0 auto 12px; width: 50px;\"><\/div>\n<div style=\"padding-top: 8px;\">\n<div style=\"color: #3897f0; font-family: Arial,sans-serif; font-size: 14px; font-style: normal; font-weight: 550; line-height: 18px;\">Ver essa foto no Instagram<\/div>\n<\/div>\n<div style=\"padding: 12.5% 0;\"><\/div>\n<div style=\"display: flex; flex-direction: row; margin-bottom: 14px; align-items: center;\">\n<div>\n<div style=\"background-color: #f4f4f4; border-radius: 50%; height: 12.5px; width: 12.5px; transform: translateX(0px) translateY(7px);\"><\/div>\n<div style=\"background-color: #f4f4f4; height: 12.5px; transform: rotate(-45deg) translateX(3px) translateY(1px); width: 12.5px; flex-grow: 0; margin-right: 14px; margin-left: 2px;\"><\/div>\n<div style=\"background-color: #f4f4f4; border-radius: 50%; height: 12.5px; width: 12.5px; transform: translateX(9px) translateY(-18px);\"><\/div>\n<\/div>\n<div style=\"margin-left: 8px;\">\n<div style=\"background-color: #f4f4f4; border-radius: 50%; flex-grow: 0; height: 20px; width: 20px;\"><\/div>\n<div style=\"width: 0; height: 0; border-top: 2px solid transparent; border-left: 6px solid #f4f4f4; border-bottom: 2px solid transparent; transform: translateX(16px) translateY(-4px) rotate(30deg);\"><\/div>\n<\/div>\n<div style=\"margin-left: auto;\">\n<div style=\"width: 0px; border-top: 8px solid #F4F4F4; border-right: 8px solid transparent; transform: translateY(16px);\"><\/div>\n<div style=\"background-color: #f4f4f4; flex-grow: 0; height: 12px; width: 16px; transform: translateY(-4px);\"><\/div>\n<div style=\"width: 0; height: 0; border-top: 8px solid #F4F4F4; border-left: 8px solid transparent; transform: translateY(-4px) translateX(8px);\"><\/div>\n<\/div>\n<\/div>\n<div style=\"display: flex; flex-direction: column; flex-grow: 1; justify-content: center; margin-bottom: 24px;\">\n<div style=\"background-color: #f4f4f4; border-radius: 4px; flex-grow: 0; height: 14px; margin-bottom: 6px; width: 224px;\"><\/div>\n<div style=\"background-color: #f4f4f4; border-radius: 4px; flex-grow: 0; height: 14px; width: 144px;\"><\/div>\n<\/div>\n<p>&nbsp;<\/p>\n<p style=\"color: #c9c8cd; font-family: Arial,sans-serif; font-size: 14px; line-height: 17px; margin-bottom: 0; margin-top: 8px; overflow: hidden; padding: 8px 0 7px; text-align: center; text-overflow: ellipsis; white-space: nowrap;\"><a style=\"color: #c9c8cd; font-family: Arial,sans-serif; font-size: 14px; font-style: normal; font-weight: normal; line-height: 17px; text-decoration: none;\" href=\"https:\/\/www.instagram.com\/p\/Cb2_pkFp69K\/?utm_source=ig_embed&amp;utm_campaign=loading\" target=\"_blank\" rel=\"noopener\">Uma publica\u00e7\u00e3o compartilhada por Espa\u00e7o de Cria (@espacodecria_)<\/a><\/p>\n<\/div>\n<\/blockquote>\n<p><script async src=\"\/\/www.instagram.com\/embed.js\"><\/script><\/p>\n<p><span style=\"font-weight: 400;\">A <\/span><a href=\"https:\/\/bit.ly\/2ZSEEuQ\" target=\"_blank\" rel=\"noopener\"><span style=\"font-weight: 400;\">Casa Fluminense<\/span><\/a><span style=\"font-weight: 400;\"> tamb\u00e9m divulgou em seu perfil uma s\u00e9rie de iniciativas que contemplam principalmente os munic\u00edpios da Baixada Fluminense. Em postagem, a Casa remarcou que eventos clim\u00e1ticos extremos como essas chuvas torrenciais est\u00e3o ocorrendo cada vez com mais frequ\u00eancia e que, portanto, \u00e9 necess\u00e1rio se preparar. Deixou evidente que \u00e9 uma escolha pol\u00edtica ter vidas sendo recorrentemente ceifadas por falta de pol\u00edticas p\u00fablicas e infraestrutura urbana.<\/span><\/p>\n<blockquote class=\"instagram-media\" style=\"background: #FFF; border: 0; border-radius: 3px; box-shadow: 0 0 1px 0 rgba(0,0,0,0.5),0 1px 10px 0 rgba(0,0,0,0.15); margin: 1px; max-width: 540px; min-width: 326px; padding: 0; width: calc(100% - 2px);\" data-instgrm-captioned=\"\" data-instgrm-permalink=\"https:\/\/www.instagram.com\/p\/Cb--cwfpmol\/?utm_source=ig_embed&amp;utm_campaign=loading\" data-instgrm-version=\"14\">\n<div style=\"padding: 16px;\">\n<p>&nbsp;<\/p>\n<div style=\"display: flex; flex-direction: row; align-items: center;\">\n<div style=\"background-color: #f4f4f4; border-radius: 50%; flex-grow: 0; height: 40px; margin-right: 14px; width: 40px;\"><\/div>\n<div style=\"display: flex; flex-direction: column; flex-grow: 1; justify-content: center;\">\n<div style=\"background-color: #f4f4f4; border-radius: 4px; flex-grow: 0; height: 14px; margin-bottom: 6px; width: 100px;\"><\/div>\n<div style=\"background-color: #f4f4f4; border-radius: 4px; flex-grow: 0; height: 14px; width: 60px;\"><\/div>\n<\/div>\n<\/div>\n<div style=\"padding: 19% 0;\"><\/div>\n<div style=\"display: block; height: 50px; margin: 0 auto 12px; width: 50px;\"><\/div>\n<div style=\"padding-top: 8px;\">\n<div style=\"color: #3897f0; font-family: Arial,sans-serif; font-size: 14px; font-style: normal; font-weight: 550; line-height: 18px;\">Ver essa foto no Instagram<\/div>\n<\/div>\n<div style=\"padding: 12.5% 0;\"><\/div>\n<div style=\"display: flex; flex-direction: row; margin-bottom: 14px; align-items: center;\">\n<div>\n<div style=\"background-color: #f4f4f4; border-radius: 50%; height: 12.5px; width: 12.5px; transform: translateX(0px) translateY(7px);\"><\/div>\n<div style=\"background-color: #f4f4f4; height: 12.5px; transform: rotate(-45deg) translateX(3px) translateY(1px); width: 12.5px; flex-grow: 0; margin-right: 14px; margin-left: 2px;\"><\/div>\n<div style=\"background-color: #f4f4f4; border-radius: 50%; height: 12.5px; width: 12.5px; transform: translateX(9px) translateY(-18px);\"><\/div>\n<\/div>\n<div style=\"margin-left: 8px;\">\n<div style=\"background-color: #f4f4f4; border-radius: 50%; flex-grow: 0; height: 20px; width: 20px;\"><\/div>\n<div style=\"width: 0; height: 0; border-top: 2px solid transparent; border-left: 6px solid #f4f4f4; border-bottom: 2px solid transparent; transform: translateX(16px) translateY(-4px) rotate(30deg);\"><\/div>\n<\/div>\n<div style=\"margin-left: auto;\">\n<div style=\"width: 0px; border-top: 8px solid #F4F4F4; border-right: 8px solid transparent; transform: translateY(16px);\"><\/div>\n<div style=\"background-color: #f4f4f4; flex-grow: 0; height: 12px; width: 16px; transform: translateY(-4px);\"><\/div>\n<div style=\"width: 0; height: 0; border-top: 8px solid #F4F4F4; border-left: 8px solid transparent; transform: translateY(-4px) translateX(8px);\"><\/div>\n<\/div>\n<\/div>\n<div style=\"display: flex; flex-direction: column; flex-grow: 1; justify-content: center; margin-bottom: 24px;\">\n<div style=\"background-color: #f4f4f4; border-radius: 4px; flex-grow: 0; height: 14px; margin-bottom: 6px; width: 224px;\"><\/div>\n<div style=\"background-color: #f4f4f4; border-radius: 4px; flex-grow: 0; height: 14px; width: 144px;\"><\/div>\n<\/div>\n<p>&nbsp;<\/p>\n<p style=\"color: #c9c8cd; font-family: Arial,sans-serif; font-size: 14px; line-height: 17px; margin-bottom: 0; margin-top: 8px; overflow: hidden; padding: 8px 0 7px; text-align: center; text-overflow: ellipsis; white-space: nowrap;\"><a style=\"color: #c9c8cd; font-family: Arial,sans-serif; font-size: 14px; font-style: normal; font-weight: normal; line-height: 17px; text-decoration: none;\" href=\"https:\/\/www.instagram.com\/p\/Cb--cwfpmol\/?utm_source=ig_embed&amp;utm_campaign=loading\" target=\"_blank\" rel=\"noopener\">Uma publica\u00e7\u00e3o compartilhada por Casa Fluminense (@casafluminense)<\/a><\/p>\n<\/div>\n<\/blockquote>\n<p><script async src=\"\/\/www.instagram.com\/embed.js\"><\/script><\/p>\n<p><em>Sobre o autor:\u00a0<a href=\"https:\/\/bit.ly\/37hnLN2\" rel=\"noopener\">Euro Mascarenhas Filho<\/a>, jornalista, \u00e9 colaborador do\u00a0<a href=\"http:\/\/bit.ly\/2bEKDZS\" rel=\"noopener\">N\u00facleo Piratininga de Comunica\u00e7\u00e3o<\/a>, comunicador popular, e autor do programa de podcast\u00a0<a href=\"https:\/\/spoti.fi\/2WvGpyG\" rel=\"noopener\">Antena Aberta<\/a>.<\/em><\/p>\n<hr \/>\n<h4><b data-stringify-type=\"bold\">Apoie nossos esfor\u00e7os para fornecer apoio estrat\u00e9gico \u00e0s favelas do Rio, incluindo o jornalismo hiperlocal, cr\u00edtico, inovador e incans\u00e1vel do <\/b><b data-stringify-type=\"bold\"><i data-stringify-type=\"italic\">RioOnWatch<\/i><\/b>\u2014<b data-stringify-type=\"bold\"><a class=\"c-link\" href=\"http:\/\/www.bit.ly\/ApoieROW\" target=\"_blank\" rel=\"noopener noreferrer\" data-stringify-link=\"http:\/\/www.bit.ly\/ApoieROW\" data-sk=\"tooltip_parent\">doe aqui<\/a><\/b><b data-stringify-type=\"bold\">.<\/b><\/h4>\n<!-- AddThis Advanced Settings generic via filter on the_content --><!-- AddThis Share Buttons generic via filter on the_content -->","protected":false},"excerpt":{"rendered":"<div class=\"mh-excerpt\"><p>Click Here for English Esta mat\u00e9ria faz parte da s\u00e9rie\u00a0#OQueDizemAsRedes que traz pontos de vista publicados nas redes sociais, de moradores e ativistas de favela, sobre eventos e temas urgentes, e tamb\u00e9m\u00a0faz parte de uma\u00a0s\u00e9rie\u00a0gerada <a class=\"mh-excerpt-more\" href=\"https:\/\/rioonwatch.org.br\/?p=61259\" title=\"Baixada Fluminense Come\u00e7a Abril Embaixo d&#8217;\u00c1gua \u00c9 #OqueDizemasRedes\">[&#8230;]<\/a><!-- AddThis Advanced Settings generic via filter on get_the_excerpt --><!-- AddThis Share Buttons generic via filter on get_the_excerpt --><\/p>\n<\/div>","protected":false},"author":167,"featured_media":61265,"comment_status":"closed","ping_status":"closed","sticky":false,"template":"","format":"standard","meta":{"_acf_changed":false,"_monsterinsights_skip_tracking":false,"_monsterinsights_sitenote_active":false,"_monsterinsights_sitenote_note":"","_monsterinsights_sitenote_category":0,"footnotes":""},"categories":[1857,1621,346,1625,1616,1639],"tags":[943,959,1579,1597,11,1530,974,1659,965,2179,3112,360,1586,1719,1830,961,1925,2981,2139,427,492,2693],"writer":[3080],"translator":[],"source":[],"ilustrador":[],"fotografo":[],"class_list":{"0":"post-61259","1":"post","2":"type-post","3":"status-publish","4":"format-standard","5":"has-post-thumbnail","7":"category-olhonaurbanizacao","8":"category-destaque","9":"category-denuncias","10":"category-por-correspondentes-comunitarios","11":"category-qualidades-da-favela","12":"category-sustentabilidade","13":"tag-oquedizemasredes","14":"tag-baixada-fluminense","15":"tag-belford-roxo","16":"tag-casa-fluminense","17":"tag-chuvas","18":"tag-midia-comunitaria","19":"tag-contencao-de-encostas","20":"tag-costa-verde","21":"tag-enchente","22":"tag-forum-grita-baixada","23":"tag-justica-climatica","24":"tag-lixo","25":"tag-mesquita","26":"tag-mudancas-climaticas","27":"tag-nos-por-nos","28":"tag-nova-iguacu","29":"tag-paraty","30":"tag-petropolis","31":"tag-justica-ambiental","32":"tag-risco-de-deslizamento","33":"tag-saneamento","34":"tag-serie-direitos-humanos-com-apoio-do-centro-behner-stiefel-da-sdsu","35":"writer-euro-mascarenhas-filho"},"acf":[],"yoast_head":"<!-- This site is optimized with the Yoast SEO plugin v25.6 - https:\/\/yoast.com\/wordpress\/plugins\/seo\/ -->\n<title>Baixada Fluminense Come\u00e7a Abril Embaixo d&#039;\u00c1gua \u00c9 #OqueDizemasRedes - RioOnWatch<\/title>\n<meta name=\"robots\" content=\"index, follow, max-snippet:-1, max-image-preview:large, max-video-preview:-1\" \/>\n<link rel=\"canonical\" href=\"https:\/\/rioonwatch.org.br\/?p=61259\" \/>\n<meta property=\"og:locale\" content=\"pt_BR\" \/>\n<meta property=\"og:type\" content=\"article\" \/>\n<meta property=\"og:title\" content=\"Baixada Fluminense Come\u00e7a Abril Embaixo d&#039;\u00c1gua \u00c9 #OqueDizemasRedes - RioOnWatch\" \/>\n<meta property=\"og:description\" content=\"Click Here for English Esta mat\u00e9ria faz parte da s\u00e9rie\u00a0#OQueDizemAsRedes que traz pontos de vista publicados nas redes sociais, de moradores e ativistas de favela, sobre eventos e temas urgentes, e tamb\u00e9m\u00a0faz parte de uma\u00a0s\u00e9rie\u00a0gerada [...]\" \/>\n<meta property=\"og:url\" content=\"https:\/\/rioonwatch.org.br\/?p=61259\" \/>\n<meta property=\"og:site_name\" content=\"RioOnWatch\" \/>\n<meta property=\"article:published_time\" content=\"2022-04-11T13:08:31+00:00\" \/>\n<meta property=\"article:modified_time\" content=\"2023-09-20T15:30:39+00:00\" \/>\n<meta property=\"og:image\" content=\"https:\/\/rioonwatch.org.br\/wp-content\/uploads\/2022\/04\/Nova-Iguacu-ficou-em-alerta-maximo-devido-principalmente-as-cheias-dos-rios-Botas-e-Iguacu.-Foto-Fernando-Frazao-Agencia-Brasil-e1649441045828.jpg\" \/>\n\t<meta property=\"og:image:width\" content=\"670\" \/>\n\t<meta property=\"og:image:height\" content=\"401\" \/>\n\t<meta property=\"og:image:type\" content=\"image\/jpeg\" \/>\n<meta name=\"author\" content=\"Julio Santos Filho\" \/>\n<meta name=\"twitter:card\" content=\"summary_large_image\" \/>\n<meta name=\"twitter:label1\" content=\"Escrito por\" \/>\n\t<meta name=\"twitter:data1\" content=\"Julio Santos Filho\" \/>\n\t<meta name=\"twitter:label2\" content=\"Est. tempo de leitura\" \/>\n\t<meta name=\"twitter:data2\" content=\"7 minutos\" \/>\n<script type=\"application\/ld+json\" class=\"yoast-schema-graph\">{\"@context\":\"https:\/\/schema.org\",\"@graph\":[{\"@type\":\"Article\",\"@id\":\"https:\/\/rioonwatch.org.br\/?p=61259#article\",\"isPartOf\":{\"@id\":\"https:\/\/rioonwatch.org.br\/?p=61259\"},\"author\":{\"name\":\"Julio Santos Filho\",\"@id\":\"https:\/\/rioonwatch.org.br\/#\/schema\/person\/476bc75767957d3535b65b796667cd36\"},\"headline\":\"Baixada Fluminense Come\u00e7a Abril Embaixo d&#8217;\u00c1gua \u00c9 #OqueDizemasRedes\",\"datePublished\":\"2022-04-11T13:08:31+00:00\",\"dateModified\":\"2023-09-20T15:30:39+00:00\",\"mainEntityOfPage\":{\"@id\":\"https:\/\/rioonwatch.org.br\/?p=61259\"},\"wordCount\":1096,\"publisher\":{\"@id\":\"https:\/\/rioonwatch.org.br\/#organization\"},\"image\":{\"@id\":\"https:\/\/rioonwatch.org.br\/?p=61259#primaryimage\"},\"thumbnailUrl\":\"https:\/\/rioonwatch.org.br\/wp-content\/uploads\/2022\/04\/Nova-Iguacu-ficou-em-alerta-maximo-devido-principalmente-as-cheias-dos-rios-Botas-e-Iguacu.-Foto-Fernando-Frazao-Agencia-Brasil-e1649441045828.jpg\",\"keywords\":[\"#OQueDizemAsRedes\",\"Baixada Fluminense\",\"Belford Roxo\",\"Casa Fluminense\",\"chuvas\",\"Comunica\u00e7\u00e3o Comunit\u00e1ria\",\"conten\u00e7\u00e3o de encostas\",\"Costa Verde\",\"enchente\",\"F\u00f3rum Grita Baixada\",\"Justi\u00e7a Clim\u00e1tica\",\"lixo\",\"Mesquita\",\"mudan\u00e7as clim\u00e1ticas\",\"N\u00f3s por N\u00f3s\",\"Nova Igua\u00e7u\",\"Paraty\",\"Petr\u00f3polis\",\"Racismo ambiental\",\"risco de deslizamento\",\"saneamento\",\"S\u00e9rie Apoiada pelo Centro Behner Stiefel\/SDSU\"],\"articleSection\":[\"#OlhoNaUrbaniza\u00e7\u00e3o\",\"*Destaque\",\"Den\u00fancias\",\"Escrito por Comunicadores Populares\",\"Qualidades da Favela\",\"Sustentabilidade\"],\"inLanguage\":\"pt-BR\"},{\"@type\":\"WebPage\",\"@id\":\"https:\/\/rioonwatch.org.br\/?p=61259\",\"url\":\"https:\/\/rioonwatch.org.br\/?p=61259\",\"name\":\"Baixada Fluminense Come\u00e7a Abril Embaixo d'\u00c1gua \u00c9 #OqueDizemasRedes - RioOnWatch\",\"isPartOf\":{\"@id\":\"https:\/\/rioonwatch.org.br\/#website\"},\"primaryImageOfPage\":{\"@id\":\"https:\/\/rioonwatch.org.br\/?p=61259#primaryimage\"},\"image\":{\"@id\":\"https:\/\/rioonwatch.org.br\/?p=61259#primaryimage\"},\"thumbnailUrl\":\"https:\/\/rioonwatch.org.br\/wp-content\/uploads\/2022\/04\/Nova-Iguacu-ficou-em-alerta-maximo-devido-principalmente-as-cheias-dos-rios-Botas-e-Iguacu.-Foto-Fernando-Frazao-Agencia-Brasil-e1649441045828.jpg\",\"datePublished\":\"2022-04-11T13:08:31+00:00\",\"dateModified\":\"2023-09-20T15:30:39+00:00\",\"breadcrumb\":{\"@id\":\"https:\/\/rioonwatch.org.br\/?p=61259#breadcrumb\"},\"inLanguage\":\"pt-BR\",\"potentialAction\":[{\"@type\":\"ReadAction\",\"target\":[\"https:\/\/rioonwatch.org.br\/?p=61259\"]}]},{\"@type\":\"ImageObject\",\"inLanguage\":\"pt-BR\",\"@id\":\"https:\/\/rioonwatch.org.br\/?p=61259#primaryimage\",\"url\":\"https:\/\/rioonwatch.org.br\/wp-content\/uploads\/2022\/04\/Nova-Iguacu-ficou-em-alerta-maximo-devido-principalmente-as-cheias-dos-rios-Botas-e-Iguacu.-Foto-Fernando-Frazao-Agencia-Brasil-e1649441045828.jpg\",\"contentUrl\":\"https:\/\/rioonwatch.org.br\/wp-content\/uploads\/2022\/04\/Nova-Iguacu-ficou-em-alerta-maximo-devido-principalmente-as-cheias-dos-rios-Botas-e-Iguacu.-Foto-Fernando-Frazao-Agencia-Brasil-e1649441045828.jpg\",\"width\":670,\"height\":401,\"caption\":\"Nova Igua\u00e7u ficou em alerta m\u00e1ximo, devido principalmente \u00e0s cheias dos rios Botas e Igua\u00e7u. Foto: Fernando Fraz\u00e3o\/Ag\u00eancia Brasil\"},{\"@type\":\"BreadcrumbList\",\"@id\":\"https:\/\/rioonwatch.org.br\/?p=61259#breadcrumb\",\"itemListElement\":[{\"@type\":\"ListItem\",\"position\":1,\"name\":\"In\u00edcio\",\"item\":\"https:\/\/rioonwatch.org.br\/\"},{\"@type\":\"ListItem\",\"position\":2,\"name\":\"Baixada Fluminense Come\u00e7a Abril Embaixo d&#8217;\u00c1gua \u00c9 #OqueDizemasRedes\"}]},{\"@type\":\"WebSite\",\"@id\":\"https:\/\/rioonwatch.org.br\/#website\",\"url\":\"https:\/\/rioonwatch.org.br\/\",\"name\":\"RioOnWatch\",\"description\":\"relatos das favelas cariocas\",\"publisher\":{\"@id\":\"https:\/\/rioonwatch.org.br\/#organization\"},\"potentialAction\":[{\"@type\":\"SearchAction\",\"target\":{\"@type\":\"EntryPoint\",\"urlTemplate\":\"https:\/\/rioonwatch.org.br\/?s={search_term_string}\"},\"query-input\":{\"@type\":\"PropertyValueSpecification\",\"valueRequired\":true,\"valueName\":\"search_term_string\"}}],\"inLanguage\":\"pt-BR\"},{\"@type\":\"Organization\",\"@id\":\"https:\/\/rioonwatch.org.br\/#organization\",\"name\":\"RioOnWatch\",\"url\":\"https:\/\/rioonwatch.org.br\/\",\"logo\":{\"@type\":\"ImageObject\",\"inLanguage\":\"pt-BR\",\"@id\":\"https:\/\/rioonwatch.org.br\/#\/schema\/logo\/image\/\",\"url\":\"https:\/\/rioonwatch.org.br\/wp-content\/uploads\/2021\/06\/RioOnWatchcabecalhoPT11anos-2.png\",\"contentUrl\":\"https:\/\/rioonwatch.org.br\/wp-content\/uploads\/2021\/06\/RioOnWatchcabecalhoPT11anos-2.png\",\"width\":779,\"height\":277,\"caption\":\"RioOnWatch\"},\"image\":{\"@id\":\"https:\/\/rioonwatch.org.br\/#\/schema\/logo\/image\/\"}},{\"@type\":\"Person\",\"@id\":\"https:\/\/rioonwatch.org.br\/#\/schema\/person\/476bc75767957d3535b65b796667cd36\",\"name\":\"Julio Santos Filho\",\"image\":{\"@type\":\"ImageObject\",\"inLanguage\":\"pt-BR\",\"@id\":\"https:\/\/rioonwatch.org.br\/#\/schema\/person\/image\/\",\"url\":\"https:\/\/secure.gravatar.com\/avatar\/ca138f7666182a292a8ce4ca14fb81f8?s=96&d=blank&r=g\",\"contentUrl\":\"https:\/\/secure.gravatar.com\/avatar\/ca138f7666182a292a8ce4ca14fb81f8?s=96&d=blank&r=g\",\"caption\":\"Julio Santos Filho\"},\"url\":\"https:\/\/rioonwatch.org.br\/?author=167\"}]}<\/script>\n<!-- \/ Yoast SEO plugin. -->","yoast_head_json":{"title":"Baixada Fluminense Come\u00e7a Abril Embaixo d'\u00c1gua \u00c9 #OqueDizemasRedes - RioOnWatch","robots":{"index":"index","follow":"follow","max-snippet":"max-snippet:-1","max-image-preview":"max-image-preview:large","max-video-preview":"max-video-preview:-1"},"canonical":"https:\/\/rioonwatch.org.br\/?p=61259","og_locale":"pt_BR","og_type":"article","og_title":"Baixada Fluminense Come\u00e7a Abril Embaixo d'\u00c1gua \u00c9 #OqueDizemasRedes - RioOnWatch","og_description":"Click Here for English Esta mat\u00e9ria faz parte da s\u00e9rie\u00a0#OQueDizemAsRedes que traz pontos de vista publicados nas redes sociais, de moradores e ativistas de favela, sobre eventos e temas urgentes, e tamb\u00e9m\u00a0faz parte de uma\u00a0s\u00e9rie\u00a0gerada [...]","og_url":"https:\/\/rioonwatch.org.br\/?p=61259","og_site_name":"RioOnWatch","article_published_time":"2022-04-11T13:08:31+00:00","article_modified_time":"2023-09-20T15:30:39+00:00","og_image":[{"width":670,"height":401,"url":"https:\/\/rioonwatch.org.br\/wp-content\/uploads\/2022\/04\/Nova-Iguacu-ficou-em-alerta-maximo-devido-principalmente-as-cheias-dos-rios-Botas-e-Iguacu.-Foto-Fernando-Frazao-Agencia-Brasil-e1649441045828.jpg","type":"image\/jpeg"}],"author":"Julio Santos Filho","twitter_card":"summary_large_image","twitter_misc":{"Escrito por":"Julio Santos Filho","Est. tempo de leitura":"7 minutos"},"schema":{"@context":"https:\/\/schema.org","@graph":[{"@type":"Article","@id":"https:\/\/rioonwatch.org.br\/?p=61259#article","isPartOf":{"@id":"https:\/\/rioonwatch.org.br\/?p=61259"},"author":{"name":"Julio Santos Filho","@id":"https:\/\/rioonwatch.org.br\/#\/schema\/person\/476bc75767957d3535b65b796667cd36"},"headline":"Baixada Fluminense Come\u00e7a Abril Embaixo d&#8217;\u00c1gua \u00c9 #OqueDizemasRedes","datePublished":"2022-04-11T13:08:31+00:00","dateModified":"2023-09-20T15:30:39+00:00","mainEntityOfPage":{"@id":"https:\/\/rioonwatch.org.br\/?p=61259"},"wordCount":1096,"publisher":{"@id":"https:\/\/rioonwatch.org.br\/#organization"},"image":{"@id":"https:\/\/rioonwatch.org.br\/?p=61259#primaryimage"},"thumbnailUrl":"https:\/\/rioonwatch.org.br\/wp-content\/uploads\/2022\/04\/Nova-Iguacu-ficou-em-alerta-maximo-devido-principalmente-as-cheias-dos-rios-Botas-e-Iguacu.-Foto-Fernando-Frazao-Agencia-Brasil-e1649441045828.jpg","keywords":["#OQueDizemAsRedes","Baixada Fluminense","Belford Roxo","Casa Fluminense","chuvas","Comunica\u00e7\u00e3o Comunit\u00e1ria","conten\u00e7\u00e3o de encostas","Costa Verde","enchente","F\u00f3rum Grita Baixada","Justi\u00e7a Clim\u00e1tica","lixo","Mesquita","mudan\u00e7as clim\u00e1ticas","N\u00f3s por N\u00f3s","Nova Igua\u00e7u","Paraty","Petr\u00f3polis","Racismo ambiental","risco de deslizamento","saneamento","S\u00e9rie Apoiada pelo Centro Behner Stiefel\/SDSU"],"articleSection":["#OlhoNaUrbaniza\u00e7\u00e3o","*Destaque","Den\u00fancias","Escrito por Comunicadores Populares","Qualidades da Favela","Sustentabilidade"],"inLanguage":"pt-BR"},{"@type":"WebPage","@id":"https:\/\/rioonwatch.org.br\/?p=61259","url":"https:\/\/rioonwatch.org.br\/?p=61259","name":"Baixada Fluminense Come\u00e7a Abril Embaixo d'\u00c1gua \u00c9 #OqueDizemasRedes - RioOnWatch","isPartOf":{"@id":"https:\/\/rioonwatch.org.br\/#website"},"primaryImageOfPage":{"@id":"https:\/\/rioonwatch.org.br\/?p=61259#primaryimage"},"image":{"@id":"https:\/\/rioonwatch.org.br\/?p=61259#primaryimage"},"thumbnailUrl":"https:\/\/rioonwatch.org.br\/wp-content\/uploads\/2022\/04\/Nova-Iguacu-ficou-em-alerta-maximo-devido-principalmente-as-cheias-dos-rios-Botas-e-Iguacu.-Foto-Fernando-Frazao-Agencia-Brasil-e1649441045828.jpg","datePublished":"2022-04-11T13:08:31+00:00","dateModified":"2023-09-20T15:30:39+00:00","breadcrumb":{"@id":"https:\/\/rioonwatch.org.br\/?p=61259#breadcrumb"},"inLanguage":"pt-BR","potentialAction":[{"@type":"ReadAction","target":["https:\/\/rioonwatch.org.br\/?p=61259"]}]},{"@type":"ImageObject","inLanguage":"pt-BR","@id":"https:\/\/rioonwatch.org.br\/?p=61259#primaryimage","url":"https:\/\/rioonwatch.org.br\/wp-content\/uploads\/2022\/04\/Nova-Iguacu-ficou-em-alerta-maximo-devido-principalmente-as-cheias-dos-rios-Botas-e-Iguacu.-Foto-Fernando-Frazao-Agencia-Brasil-e1649441045828.jpg","contentUrl":"https:\/\/rioonwatch.org.br\/wp-content\/uploads\/2022\/04\/Nova-Iguacu-ficou-em-alerta-maximo-devido-principalmente-as-cheias-dos-rios-Botas-e-Iguacu.-Foto-Fernando-Frazao-Agencia-Brasil-e1649441045828.jpg","width":670,"height":401,"caption":"Nova Igua\u00e7u ficou em alerta m\u00e1ximo, devido principalmente \u00e0s cheias dos rios Botas e Igua\u00e7u. Foto: Fernando Fraz\u00e3o\/Ag\u00eancia Brasil"},{"@type":"BreadcrumbList","@id":"https:\/\/rioonwatch.org.br\/?p=61259#breadcrumb","itemListElement":[{"@type":"ListItem","position":1,"name":"In\u00edcio","item":"https:\/\/rioonwatch.org.br\/"},{"@type":"ListItem","position":2,"name":"Baixada Fluminense Come\u00e7a Abril Embaixo d&#8217;\u00c1gua \u00c9 #OqueDizemasRedes"}]},{"@type":"WebSite","@id":"https:\/\/rioonwatch.org.br\/#website","url":"https:\/\/rioonwatch.org.br\/","name":"RioOnWatch","description":"relatos das favelas cariocas","publisher":{"@id":"https:\/\/rioonwatch.org.br\/#organization"},"potentialAction":[{"@type":"SearchAction","target":{"@type":"EntryPoint","urlTemplate":"https:\/\/rioonwatch.org.br\/?s={search_term_string}"},"query-input":{"@type":"PropertyValueSpecification","valueRequired":true,"valueName":"search_term_string"}}],"inLanguage":"pt-BR"},{"@type":"Organization","@id":"https:\/\/rioonwatch.org.br\/#organization","name":"RioOnWatch","url":"https:\/\/rioonwatch.org.br\/","logo":{"@type":"ImageObject","inLanguage":"pt-BR","@id":"https:\/\/rioonwatch.org.br\/#\/schema\/logo\/image\/","url":"https:\/\/rioonwatch.org.br\/wp-content\/uploads\/2021\/06\/RioOnWatchcabecalhoPT11anos-2.png","contentUrl":"https:\/\/rioonwatch.org.br\/wp-content\/uploads\/2021\/06\/RioOnWatchcabecalhoPT11anos-2.png","width":779,"height":277,"caption":"RioOnWatch"},"image":{"@id":"https:\/\/rioonwatch.org.br\/#\/schema\/logo\/image\/"}},{"@type":"Person","@id":"https:\/\/rioonwatch.org.br\/#\/schema\/person\/476bc75767957d3535b65b796667cd36","name":"Julio Santos Filho","image":{"@type":"ImageObject","inLanguage":"pt-BR","@id":"https:\/\/rioonwatch.org.br\/#\/schema\/person\/image\/","url":"https:\/\/secure.gravatar.com\/avatar\/ca138f7666182a292a8ce4ca14fb81f8?s=96&d=blank&r=g","contentUrl":"https:\/\/secure.gravatar.com\/avatar\/ca138f7666182a292a8ce4ca14fb81f8?s=96&d=blank&r=g","caption":"Julio Santos Filho"},"url":"https:\/\/rioonwatch.org.br\/?author=167"}]}},"_links":{"self":[{"href":"https:\/\/rioonwatch.org.br\/index.php?rest_route=\/wp\/v2\/posts\/61259"}],"collection":[{"href":"https:\/\/rioonwatch.org.br\/index.php?rest_route=\/wp\/v2\/posts"}],"about":[{"href":"https:\/\/rioonwatch.org.br\/index.php?rest_route=\/wp\/v2\/types\/post"}],"author":[{"embeddable":true,"href":"https:\/\/rioonwatch.org.br\/index.php?rest_route=\/wp\/v2\/users\/167"}],"replies":[{"embeddable":true,"href":"https:\/\/rioonwatch.org.br\/index.php?rest_route=%2Fwp%2Fv2%2Fcomments&post=61259"}],"version-history":[{"count":15,"href":"https:\/\/rioonwatch.org.br\/index.php?rest_route=\/wp\/v2\/posts\/61259\/revisions"}],"predecessor-version":[{"id":70370,"href":"https:\/\/rioonwatch.org.br\/index.php?rest_route=\/wp\/v2\/posts\/61259\/revisions\/70370"}],"wp:featuredmedia":[{"embeddable":true,"href":"https:\/\/rioonwatch.org.br\/index.php?rest_route=\/wp\/v2\/media\/61265"}],"wp:attachment":[{"href":"https:\/\/rioonwatch.org.br\/index.php?rest_route=%2Fwp%2Fv2%2Fmedia&parent=61259"}],"wp:term":[{"taxonomy":"category","embeddable":true,"href":"https:\/\/rioonwatch.org.br\/index.php?rest_route=%2Fwp%2Fv2%2Fcategories&post=61259"},{"taxonomy":"post_tag","embeddable":true,"href":"https:\/\/rioonwatch.org.br\/index.php?rest_route=%2Fwp%2Fv2%2Ftags&post=61259"},{"taxonomy":"writer","embeddable":true,"href":"https:\/\/rioonwatch.org.br\/index.php?rest_route=%2Fwp%2Fv2%2Fwriter&post=61259"},{"taxonomy":"translator","embeddable":true,"href":"https:\/\/rioonwatch.org.br\/index.php?rest_route=%2Fwp%2Fv2%2Ftranslator&post=61259"},{"taxonomy":"source","embeddable":true,"href":"https:\/\/rioonwatch.org.br\/index.php?rest_route=%2Fwp%2Fv2%2Fsource&post=61259"},{"taxonomy":"ilustrador","embeddable":true,"href":"https:\/\/rioonwatch.org.br\/index.php?rest_route=%2Fwp%2Fv2%2Filustrador&post=61259"},{"taxonomy":"fotografo","embeddable":true,"href":"https:\/\/rioonwatch.org.br\/index.php?rest_route=%2Fwp%2Fv2%2Ffotografo&post=61259"}],"curies":[{"name":"wp","href":"https:\/\/api.w.org\/{rel}","templated":true}]}}