{"id":61296,"date":"2022-04-27T08:41:01","date_gmt":"2022-04-27T11:41:01","guid":{"rendered":"https:\/\/rioonwatch.org.br\/?p=61296"},"modified":"2023-09-20T12:29:20","modified_gmt":"2023-09-20T15:29:20","slug":"a-historia-do-cotista-rafael-barbosa-do-bairro-jabour-reflexoes-justapoe-experiencia-sirio-libanesa-e-afro-brasileira-na-luta-pelos-sonhos-no-brasil","status":"publish","type":"post","link":"https:\/\/rioonwatch.org.br\/?p=61296","title":{"rendered":"A Hist\u00f3ria do Cotista Rafael Barbosa, do Bairro Jabour: Reflex\u00f5es Justap\u00f5em Experi\u00eancias S\u00edrio-Libanesa e Afro-Brasileira na Luta pelos Sonhos no Brasil"},"content":{"rendered":"<p style=\"text-align: right;\"><em><strong><a href=\"https:\/\/bit.ly\/3MGUA97\" target=\"_blank\" rel=\"noopener noreferrer\">Click Here for English<\/a><a href=\"https:\/\/bit.ly\/3MGUA97\" target=\"_blank\" rel=\"noopener noreferrer\"><img decoding=\"async\" class=\"alignright wp-image-15790\" src=\"https:\/\/rioonwatch.org.br\/wp-content\/uploads\/2012\/08\/EN-standard-e1439583104716.jpg\" alt=\"\" width=\"20\" height=\"20\" \/><\/a><\/strong><\/em><\/p>\n<p><img decoding=\"async\" class=\"alignright wp-image-42675\" style=\"text-align: right;\" src=\"https:\/\/rioonwatch.org.br\/wp-content\/uploads\/2019\/08\/SDSU-620x211.png\" alt=\"\" width=\"200\" height=\"68\" srcset=\"https:\/\/rioonwatch.org.br\/wp-content\/uploads\/2019\/08\/SDSU-620x211.png 620w, https:\/\/rioonwatch.org.br\/wp-content\/uploads\/2019\/08\/SDSU-768x261.png 768w, https:\/\/rioonwatch.org.br\/wp-content\/uploads\/2019\/08\/SDSU-1024x348.png 1024w, https:\/\/rioonwatch.org.br\/wp-content\/uploads\/2019\/08\/SDSU.png 1934w\" sizes=\"(max-width: 200px) 100vw, 200px\" \/><\/p>\n<p><em>Esta mat\u00e9ria <\/em><em>faz parte de uma <a href=\"https:\/\/bit.ly\/SerieSDSU\" target=\"_blank\" rel=\"noopener noreferrer\">s\u00e9rie<\/a>\u00a0gerada por uma parceria, com o\u00a0<a href=\"https:\/\/bit.ly\/SDSUDigitalBrazilProject\" target=\"_blank\" rel=\"noopener noreferrer\">Digital Brazil Project<\/a>\u00a0do\u00a0<a href=\"http:\/\/bit.ly\/2zcymI6\" target=\"_blank\" rel=\"noopener noreferrer\">Centro Behner Stiefel de Estudos Brasileiros<\/a> da Universidade Estadual de San Diego, na Calif\u00f3rnia, para produzir mat\u00e9rias sobre impactos clim\u00e1ticos e a\u00e7\u00e3o afirmativa nas favelas cariocas e <i data-stringify-type=\"italic\">de\u00a0<a href=\"https:\/\/bit.ly\/ROWeNECLES\" target=\"_blank\" rel=\"noopener noreferrer\">uma parceria<\/a> com o <\/i><i data-stringify-type=\"italic\"><a href=\"https:\/\/bit.ly\/33EFNGY\" target=\"_blank\" rel=\"noopener noreferrer\">N\u00facleo de Estudos Cr\u00edticos em Linguagem, Educa\u00e7\u00e3o e Sociedade (NECLES)<\/a>, da UFF, para produzir mat\u00e9rias que ser\u00e3o utilizadas como\u00a0recursos pedag\u00f3gicos em escolas p\u00fablicas de Niter\u00f3i.<\/i><\/em><\/p>\n<h4>Cria do <a href=\"https:\/\/bit.ly\/37H3zI5\" target=\"_blank\" rel=\"noopener\"><span style=\"font-weight: 400;\">Jabour<\/span><\/a> e morador de <a href=\"https:\/\/bit.ly\/2ZuV10G\" target=\"_blank\" rel=\"noopener\"><span style=\"font-weight: 400;\">Bangu<\/span><\/a>, graduado em hist\u00f3ria pela Universidade do Estado do Rio de Janeiro <span style=\"font-weight: 400;\">(<\/span><a href=\"http:\/\/bit.ly\/2KQx9xm\" target=\"_blank\" rel=\"noopener\"><span style=\"font-weight: 400;\">UERJ<\/span><\/a><span style=\"font-weight: 400;\">)<\/span>, Rafael Silva Santana Barbosa traz o desejo de mudar sua comunidade na <a href=\"http:\/\/bit.ly\/2x3k8bw\" target=\"_blank\" rel=\"noopener\"><span style=\"font-weight: 400;\">Zona Oeste<\/span><\/a> do Rio de Janeiro. Neste perfil, que reflete tamb\u00e9m compara\u00e7\u00f5es entre as condi\u00e7\u00f5es de seus antepassados em rela\u00e7\u00e3o aos que nomearam seu bairro, iremos conhecer um pouco sobre sua trajet\u00f3ria e o papel da educa\u00e7\u00e3o na sua vida. Conhe\u00e7a perfis de outros cotistas publicados no <em>RioOnWatch<\/em> <a href=\"http:\/\/bit.ly\/2UaMXMJ\" target=\"_blank\" rel=\"noopener noreferrer\">aqui<\/a>.<\/h4>\n<p><span style=\"font-weight: 400;\">H\u00e1 um descompasso no tempo quando falamos de acesso \u00e0 educa\u00e7\u00e3o no Brasil. Intacta, tranquila e confort\u00e1vel, para alguns, a educa\u00e7\u00e3o \u00e9 oferecida de bandeja. Podemos comparar a trajet\u00f3ria desses alunos com a dos atletas de alto rendimento, por exemplo. Ambos contam com uma gama de treinadores e preparadores f\u00edsicos \u00e0 sua disposi\u00e7\u00e3o desde muito cedo. S\u00e3o esses os alunos que ilustram as fachadas de propaganda de col\u00e9gios particulares, com seus p\u00f3dios e classifica\u00e7\u00f5es em \u201cprimeiro lugar na universidade n\u00e3o sei das contas\u201d, sempre com a ra\u00e7a e classe social muito bem definidas.\u00a0<\/span><\/p>\n<p><span style=\"font-weight: 400;\">Na outra ponta, est\u00e3o jovens como <\/span>Rafael Silva Santana Barbosa<span style=\"font-weight: 400;\">, de 26 anos, hoje historiador e educador formado pela Universidade Estadual do Rio de Janeiro (<\/span><span style=\"font-weight: 400;\">UERJ)<\/span><span style=\"font-weight: 400;\">, uma das primeiras e mais importantes universidades do pa\u00eds a <a href=\"https:\/\/bit.ly\/3rq6RWX\" target=\"_blank\" rel=\"noopener\">adotar um sistema de cotas<\/a> em 2004. Na \u00e9poca, a pol\u00edtica reservava vagas para estudantes de escolas p\u00fablicas, pessoas com defici\u00eancia e pessoas autodeclaradas negras.<\/span><\/p>\n<p><span style=\"font-weight: 400;\">Engana-se quem pensa que, no Brasil, essa valoriza\u00e7\u00e3o meritocr\u00e1tica de parcelas da popula\u00e7\u00e3o com acesso \u00e0 educa\u00e7\u00e3o de qualidade \u00e9 uma novidade. Nos registros antigos de jornais da virada do s\u00e9culo XIX, havia editoriais que explicitavam os aprovados nos vestibulares, nos exames semestrais e em suas formaturas. Sobrenomes esses que hoje podem ser da rua em que voc\u00ea mora, do bairro em que voc\u00ea nasceu e at\u00e9 mesmo do pol\u00edtico que governa seu estado.<\/span><\/p>\n<p><span style=\"font-weight: 400;\">Rafael \u00e9 nascido no <\/span><span style=\"font-weight: 400;\">Jabour<\/span><span style=\"font-weight: 400;\"> e foi criado em <\/span><span style=\"font-weight: 400;\">Bangu, ambos bairros da Zona Oeste do Rio de Janeiro<\/span><span style=\"font-weight: 400;\">. O bairro em que nasceu \u00e9 uma <a href=\"https:\/\/bit.ly\/3rsbjob\" target=\"_blank\" rel=\"noopener\">homenagem a Abrah\u00e3o Jabour<\/a>, imigrante liban\u00eas, nascido em 1884, que obteve grande sucesso financeiro com cultivo e exporta\u00e7\u00e3o de arroz e caf\u00e9 no pa\u00eds, al\u00e9m de in\u00fameros empreendimentos imobili\u00e1rios e industrias. Estas conquistas foram em parte frutos das variadas concess\u00f5es que o governo federal oferecia para imigrantes na \u00e9poca, em sua campanha de <a href=\"https:\/\/bit.ly\/3O8zbHg\" target=\"_blank\" rel=\"noopener\">embranquecimento<\/a> da popula\u00e7\u00e3o. Imigrantes europeus, s\u00edrio-libaneses e japoneses eram contratados em sistema de parceria no Brasil. Os fazendeiros custeavam a vinda destes imigrantes, enquanto pessoas negras p\u00f3s-aboli\u00e7\u00e3o eram colocadas \u00e0s margens. A proposta era de que al\u00e9m de servirem como trabalhadores, ajudariam a embranquecer a popula\u00e7\u00e3o brasileira em algumas gera\u00e7\u00f5es. A inten\u00e7\u00e3o era fazer do Brasil um pa\u00eds com a maior quantidade de pessoas brancas poss\u00edvel e, assim, atender a um modelo de civiliza\u00e7\u00e3o <a href=\"https:\/\/bit.ly\/3O7YKYR\" target=\"_blank\" rel=\"noopener\">sob os moldes europeus<\/a>.<\/span><\/p>\n<p><a href=\"https:\/\/rioonwatch.org.br\/wp-content\/uploads\/2021\/05\/A-redencao-de-Cam-representacao-das-teses-de-embranquecimento-da-populacao-Foto-DivulgacaoMNBA.jpg\"><img fetchpriority=\"high\" decoding=\"async\" class=\"aligncenter wp-image-55159\" title=\"'A reden\u00e7\u00e3o de Cam' representa\u00e7\u00e3o das teses de embranquecimento da popula\u00e7\u00e3o. Foto: Divulga\u00e7\u00e3o\/MNBA\" src=\"https:\/\/rioonwatch.org.br\/wp-content\/uploads\/2021\/05\/A-redencao-de-Cam-representacao-das-teses-de-embranquecimento-da-populacao-Foto-DivulgacaoMNBA.jpg\" alt=\"'A reden\u00e7\u00e3o de Cam' representa\u00e7\u00e3o das teses de embranquecimento da popula\u00e7\u00e3o. Foto: Divulga\u00e7\u00e3o\/MNBA\" width=\"670\" height=\"402\" srcset=\"https:\/\/rioonwatch.org.br\/wp-content\/uploads\/2021\/05\/A-redencao-de-Cam-representacao-das-teses-de-embranquecimento-da-populacao-Foto-DivulgacaoMNBA.jpg 1086w, https:\/\/rioonwatch.org.br\/wp-content\/uploads\/2021\/05\/A-redencao-de-Cam-representacao-das-teses-de-embranquecimento-da-populacao-Foto-DivulgacaoMNBA-620x372.jpg 620w, https:\/\/rioonwatch.org.br\/wp-content\/uploads\/2021\/05\/A-redencao-de-Cam-representacao-das-teses-de-embranquecimento-da-populacao-Foto-DivulgacaoMNBA-1024x615.jpg 1024w, https:\/\/rioonwatch.org.br\/wp-content\/uploads\/2021\/05\/A-redencao-de-Cam-representacao-das-teses-de-embranquecimento-da-populacao-Foto-DivulgacaoMNBA-440x264.jpg 440w, https:\/\/rioonwatch.org.br\/wp-content\/uploads\/2021\/05\/A-redencao-de-Cam-representacao-das-teses-de-embranquecimento-da-populacao-Foto-DivulgacaoMNBA-768x461.jpg 768w\" sizes=\"(max-width: 670px) 100vw, 670px\" \/><\/a><\/p>\n<p><span style=\"font-weight: 400;\">A <a href=\"https:\/\/bit.ly\/3jCyaZY\" target=\"_blank\" rel=\"noopener\">vinda da comunidade s\u00edrio-libanesa<\/a> foi um pouco diferente. Enquanto os imigrantes europeus vinham para trabalhar na agricultura, os libaneses encontraram espa\u00e7o para a cria\u00e7\u00e3o de ind\u00fastrias e com\u00e9rcios, que os fizeram enriquecer ao longo das gera\u00e7\u00f5es.<\/span><\/p>\n<p><span style=\"font-weight: 400;\">No Congresso Nacional hoje, <\/span><a href=\"https:\/\/bit.ly\/3M40Kzz\" target=\"_blank\" rel=\"noopener\"><span style=\"font-weight: 400;\">8% dos parlamentares t\u00eam origem libanesa<\/span><\/a><span style=\"font-weight: 400;\">, enquanto 2,9 milh\u00f5es de brasileiros, aproximadamente 1,5% da popula\u00e7\u00e3o, s\u00e3o dessa ascend\u00eancia. A popula\u00e7\u00e3o liban\u00eas-brasileira \u00e9 a maior parte (27%) entre os <a href=\"https:\/\/bit.ly\/3KG2yOR\" target=\"_blank\" rel=\"noopener\">7% de brasileiros de origem \u00e1rabe<\/a>. Essa alta representa\u00e7\u00e3o e envolvimento pol\u00edtico s\u00e3o influenciados pelo \u00eaxito econ\u00f4mico e pelos investimentos em educa\u00e7\u00e3o das fam\u00edlias \u00e1rabes no Brasil. Sobrenomes como <a href=\"https:\/\/bbc.in\/3uCJ1te\" target=\"_blank\" rel=\"noopener\">Temer, Kassab, Maluf, Boulos e Haddad<\/a> s\u00e3o conhecidos por voc\u00ea?<\/span><\/p>\n<p><a href=\"https:\/\/rioonwatch.org.br\/wp-content\/uploads\/2022\/04\/Placa-onde-se-le-Rua-Haddad-em-arabe-e-ingles-na-cidade-de-Alexandria-no-Egito.-Foto-Julio-Santos-Filho.jpeg\"><img loading=\"lazy\" decoding=\"async\" class=\"aligncenter wp-image-61328\" title=\"Placa onde se l\u00ea 'Rua Haddad', em \u00e1rabe e ingl\u00eas, na cidade de Alexandria, no Egito. Foto: Julio Santos Filho\" src=\"https:\/\/rioonwatch.org.br\/wp-content\/uploads\/2022\/04\/Placa-onde-se-le-Rua-Haddad-em-arabe-e-ingles-na-cidade-de-Alexandria-no-Egito.-Foto-Julio-Santos-Filho.jpeg\" alt=\"Placa onde se l\u00ea 'Rua Haddad', em \u00e1rabe e ingl\u00eas, na cidade de Alexandria, no Egito. Foto: Julio Santos Filho\" width=\"670\" height=\"503\" srcset=\"https:\/\/rioonwatch.org.br\/wp-content\/uploads\/2022\/04\/Placa-onde-se-le-Rua-Haddad-em-arabe-e-ingles-na-cidade-de-Alexandria-no-Egito.-Foto-Julio-Santos-Filho.jpeg 1599w, https:\/\/rioonwatch.org.br\/wp-content\/uploads\/2022\/04\/Placa-onde-se-le-Rua-Haddad-em-arabe-e-ingles-na-cidade-de-Alexandria-no-Egito.-Foto-Julio-Santos-Filho-620x465.jpeg 620w, https:\/\/rioonwatch.org.br\/wp-content\/uploads\/2022\/04\/Placa-onde-se-le-Rua-Haddad-em-arabe-e-ingles-na-cidade-de-Alexandria-no-Egito.-Foto-Julio-Santos-Filho-838x629.jpeg 838w, https:\/\/rioonwatch.org.br\/wp-content\/uploads\/2022\/04\/Placa-onde-se-le-Rua-Haddad-em-arabe-e-ingles-na-cidade-de-Alexandria-no-Egito.-Foto-Julio-Santos-Filho-768x576.jpeg 768w, https:\/\/rioonwatch.org.br\/wp-content\/uploads\/2022\/04\/Placa-onde-se-le-Rua-Haddad-em-arabe-e-ingles-na-cidade-de-Alexandria-no-Egito.-Foto-Julio-Santos-Filho-678x509.jpeg 678w, https:\/\/rioonwatch.org.br\/wp-content\/uploads\/2022\/04\/Placa-onde-se-le-Rua-Haddad-em-arabe-e-ingles-na-cidade-de-Alexandria-no-Egito.-Foto-Julio-Santos-Filho-326x245.jpeg 326w, https:\/\/rioonwatch.org.br\/wp-content\/uploads\/2022\/04\/Placa-onde-se-le-Rua-Haddad-em-arabe-e-ingles-na-cidade-de-Alexandria-no-Egito.-Foto-Julio-Santos-Filho-80x60.jpeg 80w\" sizes=\"(max-width: 670px) 100vw, 670px\" \/><\/a><\/p>\n<p><span style=\"font-weight: 400;\">Descendentes de imigrantes s\u00edrio-libaneses, no Brasil, s\u00e3o lidos como brancos e n\u00e3o sofrem racismo, experi\u00eancia que diverge dramaticamente aos imigrantes \u00e1rabes na Europa e nos Estados Unidos. Isso acontece por conta dos processos de racializa\u00e7\u00e3o no Brasil, que reconhece imigrantes do Oriente M\u00e9dio e quaisquer outros <a href=\"https:\/\/bit.ly\/3mMNx3T\" target=\"_blank\" rel=\"noopener\">n\u00e3o-negros como brancos<\/a>. Al\u00e9m disso, os imigrantes s\u00edrio-libaneses ao Brasil eram, em geral, crist\u00e3os\u2014cat\u00f3licos de ritos orientais, como <a href=\"https:\/\/bit.ly\/37il3dV\" target=\"_blank\" rel=\"noopener\">maronita<\/a>, <a href=\"https:\/\/bit.ly\/37a9u8J\" target=\"_blank\" rel=\"noopener\">melquita<\/a>,\u00a0<a href=\"https:\/\/bit.ly\/3KFY2jF\" target=\"_blank\" rel=\"noopener\">ass\u00edria<\/a>, <a href=\"https:\/\/bit.ly\/3rqSjX7\" target=\"_blank\" rel=\"noopener\">cat\u00f3lica sir\u00edaca<\/a>, <a href=\"https:\/\/bit.ly\/3jCLfm8\" target=\"_blank\" rel=\"noopener\">sir\u00edaca ortodoxa<\/a>, <a href=\"https:\/\/bit.ly\/3KBPTwq\" target=\"_blank\" rel=\"noopener\">copta<\/a>, entre outras\u2014o que aumentou ainda mais a aceita\u00e7\u00e3o deles pela sociedade brasileira. Bem sucedidos social e economicamente, ocuparam boa parte da pol\u00edtica em nosso pa\u00eds.<\/span><\/p>\n<p><a href=\"https:\/\/rioonwatch.org.br\/wp-content\/uploads\/2022\/04\/Bassam-Barbar-primo-de-Michel-Temer-apaga-a-palavra-vice-do-cartaz-na-rua-principal-que-leva-o-nome-de-Michel-Temer.-Foto-Natalia-Sancha.png\"><img loading=\"lazy\" decoding=\"async\" class=\"aligncenter wp-image-61303\" title=\"Bassam Barbar, primo de Michel Temer apaga a palavra vice do cartaz na rua principal que leva o nome de Michel Temer. Foto: Natalia Sancha\" src=\"https:\/\/rioonwatch.org.br\/wp-content\/uploads\/2022\/04\/Bassam-Barbar-primo-de-Michel-Temer-apaga-a-palavra-vice-do-cartaz-na-rua-principal-que-leva-o-nome-de-Michel-Temer.-Foto-Natalia-Sancha.png\" alt=\"Bassam Barbar, primo de Michel Temer, apaga a palavra vice do cartaz na rua principal que leva o nome de Michel Temer. Foto: Natalia Sancha\" width=\"670\" height=\"444\" srcset=\"https:\/\/rioonwatch.org.br\/wp-content\/uploads\/2022\/04\/Bassam-Barbar-primo-de-Michel-Temer-apaga-a-palavra-vice-do-cartaz-na-rua-principal-que-leva-o-nome-de-Michel-Temer.-Foto-Natalia-Sancha.png 886w, https:\/\/rioonwatch.org.br\/wp-content\/uploads\/2022\/04\/Bassam-Barbar-primo-de-Michel-Temer-apaga-a-palavra-vice-do-cartaz-na-rua-principal-que-leva-o-nome-de-Michel-Temer.-Foto-Natalia-Sancha-620x411.png 620w, https:\/\/rioonwatch.org.br\/wp-content\/uploads\/2022\/04\/Bassam-Barbar-primo-de-Michel-Temer-apaga-a-palavra-vice-do-cartaz-na-rua-principal-que-leva-o-nome-de-Michel-Temer.-Foto-Natalia-Sancha-768x509.png 768w\" sizes=\"(max-width: 670px) 100vw, 670px\" \/><\/a><\/p>\n<p><span style=\"font-weight: 400;\">Essa representa\u00e7\u00e3o s\u00edrio-libanesa \u00e9 oposta ao fen\u00f4meno da <a href=\"https:\/\/bit.ly\/3KFaNKZ\" target=\"_blank\" rel=\"noopener\">sub-representa\u00e7\u00e3o negra na pol\u00edtica<\/a>. Enquanto os negros s\u00e3o <a href=\"https:\/\/bit.ly\/3hsPosk\" target=\"_blank\" rel=\"noopener\">54% da popula\u00e7\u00e3o brasileira<\/a>, compomos somente <a href=\"http:\/\/glo.bo\/3vdAz2J\" target=\"_blank\" rel=\"noopener\">17,8% do Congresso Nacional<\/a>. O per\u00edodo de escravid\u00e3o no Brasil estrutura at\u00e9 hoje as <a href=\"https:\/\/bit.ly\/3pKxrKh\" target=\"_blank\" rel=\"noopener\">desigualdades pulsantes vividas por n\u00f3s<\/a>, negros. Sem direito \u00e0 educa\u00e7\u00e3o e \u00e0 mobilidade social, o povo negro continua preso em um cativeiro social.<\/span><\/p>\n<h3><b>Estrat\u00e9gias, Dist\u00e2ncias e o Sonho de se Formar na Universidade<\/b><\/h3>\n<blockquote><p>\u201cEra comum eu voltar para casa mais cedo, n\u00e3o ter aula e ficar na escola sem fazer nada, por causa da aus\u00eancia de professores.\u201d \u2014 Rafael Silva Santana Barbosa<\/p><\/blockquote>\n<p>Relatos como esse de Rafael s\u00e3o intr\u00ednsecos ao nosso dia-a-dia, s\u00e3o costumeiros e banais. \u00c9 o burburinho dos \u201chor\u00e1rios vagos\u201d que toma os corredores das escolas p\u00fablicas nas favelas e periferias do Brasil. \u00c9 o frenesi da inoc\u00eancia dos adolescentes. Uma aus\u00eancia comemorada na hora, mas que anos depois faz muita falta. N\u00e3o ter aula de uma disciplina \u00e9 um dos grandes fatores para o processo de <a href=\"https:\/\/bit.ly\/3x0X1uH\" target=\"_blank\" rel=\"noopener\">evas\u00e3o escolar<\/a>. No caso de Rafael foi um dificultador para absorver os conhecimentos de determinadas mat\u00e9rias na gradua\u00e7\u00e3o que requeriam como base o ensino b\u00e1sico. O jovem queria ter essas aulas, mas elas n\u00e3o chegaram completas e nem no momento certo.<\/p>\n<blockquote><p>\u201cEu s\u00f3 tive hist\u00f3ria no meu ensino m\u00e9dio, no fundamental eu n\u00e3o tive. Quando eu fui fazer hist\u00f3ria na faculdade, isso me prejudicou muito. Pois, tinha muitas coisas b\u00e1sicas que eu n\u00e3o sabia. Mas como os professores me fizeram gostar, no ensino superior fui rompendo com essas barreiras.\u201d \u2014 Rafael Silva Santana Barbosa<\/p><\/blockquote>\n<p><span style=\"font-weight: 400;\">Uma pol\u00edtica p\u00fablica de mobilidade socioecon\u00f4mica como as cotas n\u00e3o pode e nem deve anular outras a\u00e7\u00f5es por parte do Estado. A educa\u00e7\u00e3o b\u00e1sica tamb\u00e9m precisa ter seus pontos de aten\u00e7\u00e3o e manejo. H\u00e1, no senso comum, um argumento vazio de que se melhorasse a qualidade do ensino fundamental, n\u00e3o haveria necessidade das pol\u00edticas de a\u00e7\u00f5es afirmativas. Entretanto, mesmo que ambas as pol\u00edticas tivessem desenvolvimento pleno no pa\u00eds, ainda seria pouco para solucionar o d\u00e9ficit no cen\u00e1rio educacional do pa\u00eds. Reflexo de mais de tr\u00eas s\u00e9culos de escraviza\u00e7\u00e3o de africanos e afro-brasileiros, esse acesso desigual demonstra a estrutura racista da sociedade brasileira.<\/span><\/p>\n<p><span style=\"font-weight: 400;\"><a href=\"https:\/\/rioonwatch.org.br\/wp-content\/uploads\/2022\/04\/Foto-de-Rafael-no-primeiro-periodo-da-UFF-de-Campos.-Arquivo-pessoal.jpeg\"><img loading=\"lazy\" decoding=\"async\" class=\"alignright wp-image-61308\" title=\"Rafael no primeiro per\u00edodo da UFF de Campos. Arquivo pessoal\" src=\"https:\/\/rioonwatch.org.br\/wp-content\/uploads\/2022\/04\/Foto-de-Rafael-no-primeiro-periodo-da-UFF-de-Campos.-Arquivo-pessoal.jpeg\" alt=\"Rafael no primeiro per\u00edodo da UFF de Campos. Arquivo pessoal\" width=\"300\" height=\"370\" srcset=\"https:\/\/rioonwatch.org.br\/wp-content\/uploads\/2022\/04\/Foto-de-Rafael-no-primeiro-periodo-da-UFF-de-Campos.-Arquivo-pessoal.jpeg 1038w, https:\/\/rioonwatch.org.br\/wp-content\/uploads\/2022\/04\/Foto-de-Rafael-no-primeiro-periodo-da-UFF-de-Campos.-Arquivo-pessoal-503x620.jpeg 503w, https:\/\/rioonwatch.org.br\/wp-content\/uploads\/2022\/04\/Foto-de-Rafael-no-primeiro-periodo-da-UFF-de-Campos.-Arquivo-pessoal-510x629.jpeg 510w, https:\/\/rioonwatch.org.br\/wp-content\/uploads\/2022\/04\/Foto-de-Rafael-no-primeiro-periodo-da-UFF-de-Campos.-Arquivo-pessoal-768x947.jpeg 768w\" sizes=\"(max-width: 300px) 100vw, 300px\" \/><\/a>Contando com o esfor\u00e7o e o apoio dos pais, Rafael e o irm\u00e3o fizeram um curso de <a href=\"https:\/\/bit.ly\/3LlCOb9\" target=\"_blank\" rel=\"noopener\">pr\u00e9-vestibular<\/a> particular. Os pais se sacrificaram e ainda assim, o valor dos cheques s\u00f3 foi suficiente para custear o in\u00edcio do curso. O jovem nos conta que, mesmo ap\u00f3s abandonar o pr\u00e9-vestibular, a d\u00edvida se estendeu e s\u00f3 foi paga quando os dois j\u00e1 tinham entrado na faculdade. Em 2014, com poucos meses de estudo, Rafael conseguiu uma nota regular e adentrou no meio acad\u00eamico atrav\u00e9s das cotas. Foi aprovado numa terceira chamada de classifica\u00e7\u00e3o, para estudar na <\/span>Universidade Federal Fluminense (<a href=\"https:\/\/bit.ly\/3h2kC6O\" target=\"_blank\" rel=\"noopener\">UFF<\/a>), no campus de Campos dos Goytacazes, cidade do Norte Fluminense.<\/p>\n<p><span style=\"font-weight: 400;\">Vale dizer que Rafael s\u00f3 teve no\u00e7\u00e3o da possibilidade de cursar a universidade atrav\u00e9s das a\u00e7\u00f5es afirmativas porque seus professores do pr\u00e9-vestibular evidenciaram isso para os alunos. Nas escolas em que Rafael estudou, o tema sequer foi abordado. Com isso, iniciava-se ali a sua jornada. Mais de 300 quil\u00f4metros de dist\u00e2ncia separavam sua casa em Bangu e o sonho de cursar a gradua\u00e7\u00e3o em Hist\u00f3ria. O sentimento de entregar algo para sua comunidade fez com que ele se lan\u00e7asse, de peito aberto, rumo ao desconhecido. Na UFF do Campos de Goytacazes, Rafael estudou por um semestre at\u00e9 conseguir a transfer\u00eancia interna para a UFF de Niter\u00f3i. No entanto, mesmo mais perto, seu novo campus ainda ficava a mais de 60 quil\u00f4metros de casa. Isso dava algo em torno de tr\u00eas horas e meia no transporte p\u00fablico s\u00f3 de ida, todos os dias para frequentar as aulas, sem contar os valores gastos com alimenta\u00e7\u00e3o e com o transporte intermunicipal\u2014os transportes mais caros da regi\u00e3o metropolitana. Essa batalha durou at\u00e9 2017, quando Rafael conseguiu realizar a transfer\u00eancia externa para a <\/span>Universidade Estadual do Rio de Janeiro<span style=\"font-weight: 400;\">, mais pr\u00f3xima de casa, onde terminou sua gradua\u00e7\u00e3o em 2021.<\/span><\/p>\n<blockquote class=\"instagram-media\" style=\"background: #FFF; border: 0; border-radius: 3px; box-shadow: 0 0 1px 0 rgba(0,0,0,0.5),0 1px 10px 0 rgba(0,0,0,0.15); margin: 1px; max-width: 540px; min-width: 326px; padding: 0; width: calc(100% - 2px);\" data-instgrm-captioned=\"\" data-instgrm-permalink=\"https:\/\/www.instagram.com\/p\/BZhuIfxByOl\/?utm_source=ig_embed&amp;utm_campaign=loading\" data-instgrm-version=\"14\">\n<div style=\"padding: 16px;\">\n<p>&nbsp;<\/p>\n<div style=\"display: flex; flex-direction: row; align-items: center;\">\n<div style=\"background-color: #f4f4f4; border-radius: 50%; flex-grow: 0; height: 40px; margin-right: 14px; width: 40px;\"><\/div>\n<div style=\"display: flex; flex-direction: column; flex-grow: 1; justify-content: center;\">\n<div style=\"background-color: #f4f4f4; border-radius: 4px; flex-grow: 0; height: 14px; margin-bottom: 6px; width: 100px;\"><\/div>\n<div style=\"background-color: #f4f4f4; border-radius: 4px; flex-grow: 0; height: 14px; width: 60px;\"><\/div>\n<\/div>\n<\/div>\n<div style=\"padding: 19% 0;\"><\/div>\n<div style=\"display: block; height: 50px; margin: 0 auto 12px; width: 50px;\"><\/div>\n<div style=\"padding-top: 8px;\">\n<div style=\"color: #3897f0; font-family: Arial,sans-serif; font-size: 14px; font-style: normal; font-weight: 550; line-height: 18px;\">Ver essa foto no Instagram<\/div>\n<\/div>\n<div style=\"padding: 12.5% 0;\"><\/div>\n<div style=\"display: flex; flex-direction: row; margin-bottom: 14px; align-items: center;\">\n<div>\n<div style=\"background-color: #f4f4f4; border-radius: 50%; height: 12.5px; width: 12.5px; transform: translateX(0px) translateY(7px);\"><\/div>\n<div style=\"background-color: #f4f4f4; height: 12.5px; transform: rotate(-45deg) translateX(3px) translateY(1px); width: 12.5px; flex-grow: 0; margin-right: 14px; margin-left: 2px;\"><\/div>\n<div style=\"background-color: #f4f4f4; border-radius: 50%; height: 12.5px; width: 12.5px; transform: translateX(9px) translateY(-18px);\"><\/div>\n<\/div>\n<div style=\"margin-left: 8px;\">\n<div style=\"background-color: #f4f4f4; border-radius: 50%; flex-grow: 0; height: 20px; width: 20px;\"><\/div>\n<div style=\"width: 0; height: 0; border-top: 2px solid transparent; border-left: 6px solid #f4f4f4; border-bottom: 2px solid transparent; transform: translateX(16px) translateY(-4px) rotate(30deg);\"><\/div>\n<\/div>\n<div style=\"margin-left: auto;\">\n<div style=\"width: 0px; border-top: 8px solid #F4F4F4; border-right: 8px solid transparent; transform: translateY(16px);\"><\/div>\n<div style=\"background-color: #f4f4f4; flex-grow: 0; height: 12px; width: 16px; transform: translateY(-4px);\"><\/div>\n<div style=\"width: 0; height: 0; border-top: 8px solid #F4F4F4; border-left: 8px solid transparent; transform: translateY(-4px) translateX(8px);\"><\/div>\n<\/div>\n<\/div>\n<div style=\"display: flex; flex-direction: column; flex-grow: 1; justify-content: center; margin-bottom: 24px;\">\n<div style=\"background-color: #f4f4f4; border-radius: 4px; flex-grow: 0; height: 14px; margin-bottom: 6px; width: 224px;\"><\/div>\n<div style=\"background-color: #f4f4f4; border-radius: 4px; flex-grow: 0; height: 14px; width: 144px;\"><\/div>\n<\/div>\n<p>&nbsp;<\/p>\n<p style=\"color: #c9c8cd; font-family: Arial,sans-serif; font-size: 14px; line-height: 17px; margin-bottom: 0; margin-top: 8px; overflow: hidden; padding: 8px 0 7px; text-align: center; text-overflow: ellipsis; white-space: nowrap;\"><a style=\"color: #c9c8cd; font-family: Arial,sans-serif; font-size: 14px; font-style: normal; font-weight: normal; line-height: 17px; text-decoration: none;\" href=\"https:\/\/www.instagram.com\/p\/BZhuIfxByOl\/?utm_source=ig_embed&amp;utm_campaign=loading\" target=\"_blank\" rel=\"noopener\">Uma publica\u00e7\u00e3o compartilhada por Rafael (@rafaelsilvasantanab)<\/a><\/p>\n<\/div>\n<\/blockquote>\n<p><script async src=\"\/\/www.instagram.com\/embed.js\"><\/script><\/p>\n<p><span style=\"font-weight: 400;\">Rafael \u00e9 um entusiasta da educa\u00e7\u00e3o e acredita que pode fazer a diferen\u00e7a na vida das pessoas especialmente nos espa\u00e7os perif\u00e9ricos. Ele atuou no setor educativo da UERJ por tr\u00eas anos, al\u00e9m de ser mediador em exposi\u00e7\u00f5es culturais e volunt\u00e1rio de pesquisa no <\/span><a href=\"https:\/\/bit.ly\/367RRG0\" target=\"_blank\" rel=\"noopener\"><span style=\"font-weight: 400;\">Club de Regatas Vasco da Gama<\/span><\/a><span style=\"font-weight: 400;\"> e no <\/span><a href=\"https:\/\/bit.ly\/373n79H\" target=\"_blank\" rel=\"noopener\"><span style=\"font-weight: 400;\">Museu Afro Digital<\/span><\/a><span style=\"font-weight: 400;\">. Hoje, o historiador d\u00e1 aulas e tenta mobilizar projetos culturais que est\u00e3o parados na regi\u00e3o em que mora, a <\/span><span style=\"font-weight: 400;\">Zona Oeste<\/span><span style=\"font-weight: 400;\">. O objetivo \u00e9 que as pessoas desse espa\u00e7o n\u00e3o s\u00f3 ocupem as universidades, mas que se sintam genuinamente parte delas.<\/span><\/p>\n<blockquote><p>\u201cMe formar foi uma alegria e um al\u00edvio muito grande pois foram quase oito anos numa gradua\u00e7\u00e3o. Sinto que fui muito bem recebido l\u00e1 na UERJ.\u201d \u2014 Rafael Silva Santana Barbosa<\/p><\/blockquote>\n<p><em>Sobre o autor:\u00a0<i data-stringify-type=\"italic\"><a href=\"https:\/\/bit.ly\/3eKEkFg\" rel=\"noopener\">Cleyton Santanna<\/a>\u00a0\u00e9 jornalista e roteirista, formado pela\u00a0<\/i><i data-stringify-type=\"italic\"><a class=\"c-link\" href=\"http:\/\/bit.ly\/36D8IMt\" rel=\"noopener noreferrer\" data-stringify-link=\"http:\/\/bit.ly\/36D8IMt\" data-sk=\"tooltip_parent\">UFRRJ<\/a><\/i><i data-stringify-type=\"italic\">\u00a0e pela\u00a0<\/i><i data-stringify-type=\"italic\"><a class=\"c-link\" href=\"http:\/\/bit.ly\/3pGPU6Q\" rel=\"noopener noreferrer\" data-stringify-link=\"http:\/\/bit.ly\/3pGPU6Q\" data-sk=\"tooltip_parent\">CriaAtivo Film School<\/a><\/i><i data-stringify-type=\"italic\">. Em\u00a0<\/i><i data-stringify-type=\"italic\"><a class=\"c-link\" href=\"http:\/\/bit.ly\/3qGqBDt\" rel=\"noopener noreferrer\" data-stringify-link=\"http:\/\/bit.ly\/3qGqBDt\" data-sk=\"tooltip_parent\">seu canal no YouTube<\/a><\/i><i data-stringify-type=\"italic\">, discorre sobre curiosidades, ancestralidade e cultura afro-brasileira. Em 2017, produziu dois document\u00e1rios, \u201cEntre Negros\u201d e \u201c<\/i><i data-stringify-type=\"italic\"><a class=\"c-link\" href=\"https:\/\/bit.ly\/2P1xdyj\" rel=\"noopener noreferrer\" data-stringify-link=\"https:\/\/bit.ly\/2P1xdyj\" data-sk=\"tooltip_parent\">Tudo Vai Ficar Bem<\/a><\/i><i data-stringify-type=\"italic\">\u201d, e em 2018, foi premiado como roteirista, com o curta-metragem \u201c<\/i><i data-stringify-type=\"italic\"><a class=\"c-link\" href=\"https:\/\/bit.ly\/3bGKRib\" rel=\"noopener noreferrer\" data-stringify-link=\"https:\/\/bit.ly\/3bGKRib\" data-sk=\"tooltip_parent\">Vandinho<\/a><\/i><i data-stringify-type=\"italic\">\u201d, pela Creative Economy Network. Atualmente, atua como comunicador no Museu do Amanh\u00e3 e \u00e9 o apresentador do podcast\u00a0<\/i><i data-stringify-type=\"italic\"><a class=\"c-link\" href=\"http:\/\/spoti.fi\/2OQPVsg\" rel=\"noopener noreferrer\" data-stringify-link=\"http:\/\/spoti.fi\/2OQPVsg\" data-sk=\"tooltip_parent\">Influ\u00eancia Negra<\/a><\/i><i data-stringify-type=\"italic\">.<\/i><\/em><\/p>\n<hr \/>\n<h4><b data-stringify-type=\"bold\">Apoie nossos esfor\u00e7os para fornecer apoio estrat\u00e9gico \u00e0s favelas do Rio, incluindo o jornalismo hiperlocal, cr\u00edtico, inovador e incans\u00e1vel do\u00a0<\/b><b data-stringify-type=\"bold\"><i data-stringify-type=\"italic\">RioOnWatch<\/i><\/b>\u2014<b data-stringify-type=\"bold\"><a class=\"c-link\" href=\"http:\/\/www.bit.ly\/ApoieROW\" target=\"_blank\" rel=\"noopener noreferrer\" data-stringify-link=\"http:\/\/www.bit.ly\/ApoieROW\" data-sk=\"tooltip_parent\">doe aqui<\/a><\/b><b data-stringify-type=\"bold\">.<\/b><\/h4>\n<!-- AddThis Advanced Settings generic via filter on the_content --><!-- AddThis Share Buttons generic via filter on the_content -->","protected":false},"excerpt":{"rendered":"<div class=\"mh-excerpt\"><p>Click Here for English Esta mat\u00e9ria faz parte de uma s\u00e9rie\u00a0gerada por uma parceria, com o\u00a0Digital Brazil Project\u00a0do\u00a0Centro Behner Stiefel de Estudos Brasileiros da Universidade Estadual de San Diego, na Calif\u00f3rnia, para produzir mat\u00e9rias sobre <a class=\"mh-excerpt-more\" href=\"https:\/\/rioonwatch.org.br\/?p=61296\" title=\"A Hist\u00f3ria do Cotista Rafael Barbosa, do Bairro Jabour: Reflex\u00f5es Justap\u00f5em Experi\u00eancias S\u00edrio-Libanesa e Afro-Brasileira na Luta pelos Sonhos no Brasil\">[&#8230;]<\/a><!-- AddThis Advanced Settings generic via filter on get_the_excerpt --><!-- AddThis Share Buttons generic via filter on get_the_excerpt --><\/p>\n<\/div>","protected":false},"author":167,"featured_media":61306,"comment_status":"closed","ping_status":"closed","sticky":false,"template":"","format":"standard","meta":{"_acf_changed":false,"_monsterinsights_skip_tracking":false,"_monsterinsights_sitenote_active":false,"_monsterinsights_sitenote_note":"","_monsterinsights_sitenote_category":0,"footnotes":""},"categories":[1621,1631,1629,1625],"tags":[2402,235,1642,2070,128,330,3147,104,3114,2693,2959,2037,2153,184],"writer":[3004],"translator":[],"source":[],"ilustrador":[],"fotografo":[],"class_list":{"0":"post-61296","1":"post","2":"type-post","3":"status-publish","4":"format-standard","5":"has-post-thumbnail","7":"category-destaque","8":"category-entendendo-o-rio","9":"category-entrevistas-e-perfis","10":"category-por-correspondentes-comunitarios","11":"tag-acesso-a-universidade","12":"tag-bangu","13":"tag-cotas","14":"tag-direito-a-educacao","15":"tag-historia","16":"tag-imigracao","17":"tag-jabour","18":"tag-pvnc","19":"tag-racismo-estrutural","20":"tag-serie-direitos-humanos-com-apoio-do-centro-behner-stiefel-da-sdsu","21":"tag-serie-parceria-com-necles-uff","22":"tag-uerj","23":"tag-uff","24":"tag-zona-oeste","25":"writer-cleyton-santanna"},"acf":[],"yoast_head":"<!-- This site is optimized with the Yoast SEO plugin v25.6 - https:\/\/yoast.com\/wordpress\/plugins\/seo\/ -->\n<title>A Hist\u00f3ria do Cotista Rafael Barbosa, do Bairro Jabour: Reflex\u00f5es Justap\u00f5em Experi\u00eancias S\u00edrio-Libanesa e Afro-Brasileira na Luta pelos Sonhos no Brasil - RioOnWatch<\/title>\n<meta name=\"robots\" content=\"index, follow, max-snippet:-1, max-image-preview:large, max-video-preview:-1\" \/>\n<link rel=\"canonical\" href=\"https:\/\/rioonwatch.org.br\/?p=61296\" \/>\n<meta property=\"og:locale\" content=\"pt_BR\" \/>\n<meta property=\"og:type\" content=\"article\" \/>\n<meta property=\"og:title\" content=\"A Hist\u00f3ria do Cotista Rafael Barbosa, do Bairro Jabour: Reflex\u00f5es Justap\u00f5em Experi\u00eancias S\u00edrio-Libanesa e Afro-Brasileira na Luta pelos Sonhos no Brasil - RioOnWatch\" \/>\n<meta property=\"og:description\" content=\"Click Here for English Esta mat\u00e9ria faz parte de uma s\u00e9rie\u00a0gerada por uma parceria, com o\u00a0Digital Brazil Project\u00a0do\u00a0Centro Behner Stiefel de Estudos Brasileiros da Universidade Estadual de San Diego, na Calif\u00f3rnia, para produzir mat\u00e9rias sobre [...]\" \/>\n<meta property=\"og:url\" content=\"https:\/\/rioonwatch.org.br\/?p=61296\" \/>\n<meta property=\"og:site_name\" content=\"RioOnWatch\" \/>\n<meta property=\"article:published_time\" content=\"2022-04-27T11:41:01+00:00\" \/>\n<meta property=\"article:modified_time\" content=\"2023-09-20T15:29:20+00:00\" \/>\n<meta property=\"og:image\" content=\"https:\/\/rioonwatch.org.br\/wp-content\/uploads\/2022\/04\/Rafael-depois-de-se-formar-em-Historia-pela-Universidade-do-Estado-do-Rio-de-Janeiro.-Arquivo-pessoal-e1649900730695.jpeg\" \/>\n\t<meta property=\"og:image:width\" content=\"670\" \/>\n\t<meta property=\"og:image:height\" content=\"567\" \/>\n\t<meta property=\"og:image:type\" content=\"image\/jpeg\" \/>\n<meta name=\"author\" content=\"Julio Santos Filho\" \/>\n<meta name=\"twitter:card\" content=\"summary_large_image\" \/>\n<meta name=\"twitter:label1\" content=\"Escrito por\" \/>\n\t<meta name=\"twitter:data1\" content=\"Julio Santos Filho\" \/>\n\t<meta name=\"twitter:label2\" content=\"Est. tempo de leitura\" \/>\n\t<meta name=\"twitter:data2\" content=\"11 minutos\" \/>\n<script type=\"application\/ld+json\" class=\"yoast-schema-graph\">{\"@context\":\"https:\/\/schema.org\",\"@graph\":[{\"@type\":\"Article\",\"@id\":\"https:\/\/rioonwatch.org.br\/?p=61296#article\",\"isPartOf\":{\"@id\":\"https:\/\/rioonwatch.org.br\/?p=61296\"},\"author\":{\"name\":\"Julio Santos Filho\",\"@id\":\"https:\/\/rioonwatch.org.br\/#\/schema\/person\/476bc75767957d3535b65b796667cd36\"},\"headline\":\"A Hist\u00f3ria do Cotista Rafael Barbosa, do Bairro Jabour: Reflex\u00f5es Justap\u00f5em Experi\u00eancias S\u00edrio-Libanesa e Afro-Brasileira na Luta pelos Sonhos no Brasil\",\"datePublished\":\"2022-04-27T11:41:01+00:00\",\"dateModified\":\"2023-09-20T15:29:20+00:00\",\"mainEntityOfPage\":{\"@id\":\"https:\/\/rioonwatch.org.br\/?p=61296\"},\"wordCount\":1844,\"publisher\":{\"@id\":\"https:\/\/rioonwatch.org.br\/#organization\"},\"image\":{\"@id\":\"https:\/\/rioonwatch.org.br\/?p=61296#primaryimage\"},\"thumbnailUrl\":\"https:\/\/rioonwatch.org.br\/wp-content\/uploads\/2022\/04\/Rafael-depois-de-se-formar-em-Historia-pela-Universidade-do-Estado-do-Rio-de-Janeiro.-Arquivo-pessoal-e1649900730695.jpeg\",\"keywords\":[\"acesso \u00e0 universidade\",\"Bangu\",\"cotas\",\"direito \u00e0 educa\u00e7\u00e3o\",\"hist\u00f3ria\",\"imigra\u00e7\u00e3o\",\"Jabour\",\"Pr\u00e9-Vestibular\",\"Racismo estrutural\",\"S\u00e9rie Apoiada pelo Centro Behner Stiefel\/SDSU\",\"S\u00e9rie: Parceria com NECLES\/UFF\",\"UERJ\",\"UFF\",\"Zona Oeste\"],\"articleSection\":[\"*Destaque\",\"Entendendo o Rio\",\"Entrevistas e Perfis\",\"Escrito por Comunicadores Populares\"],\"inLanguage\":\"pt-BR\"},{\"@type\":\"WebPage\",\"@id\":\"https:\/\/rioonwatch.org.br\/?p=61296\",\"url\":\"https:\/\/rioonwatch.org.br\/?p=61296\",\"name\":\"A Hist\u00f3ria do Cotista Rafael Barbosa, do Bairro Jabour: Reflex\u00f5es Justap\u00f5em Experi\u00eancias S\u00edrio-Libanesa e Afro-Brasileira na Luta pelos Sonhos no Brasil - RioOnWatch\",\"isPartOf\":{\"@id\":\"https:\/\/rioonwatch.org.br\/#website\"},\"primaryImageOfPage\":{\"@id\":\"https:\/\/rioonwatch.org.br\/?p=61296#primaryimage\"},\"image\":{\"@id\":\"https:\/\/rioonwatch.org.br\/?p=61296#primaryimage\"},\"thumbnailUrl\":\"https:\/\/rioonwatch.org.br\/wp-content\/uploads\/2022\/04\/Rafael-depois-de-se-formar-em-Historia-pela-Universidade-do-Estado-do-Rio-de-Janeiro.-Arquivo-pessoal-e1649900730695.jpeg\",\"datePublished\":\"2022-04-27T11:41:01+00:00\",\"dateModified\":\"2023-09-20T15:29:20+00:00\",\"breadcrumb\":{\"@id\":\"https:\/\/rioonwatch.org.br\/?p=61296#breadcrumb\"},\"inLanguage\":\"pt-BR\",\"potentialAction\":[{\"@type\":\"ReadAction\",\"target\":[\"https:\/\/rioonwatch.org.br\/?p=61296\"]}]},{\"@type\":\"ImageObject\",\"inLanguage\":\"pt-BR\",\"@id\":\"https:\/\/rioonwatch.org.br\/?p=61296#primaryimage\",\"url\":\"https:\/\/rioonwatch.org.br\/wp-content\/uploads\/2022\/04\/Rafael-depois-de-se-formar-em-Historia-pela-Universidade-do-Estado-do-Rio-de-Janeiro.-Arquivo-pessoal-e1649900730695.jpeg\",\"contentUrl\":\"https:\/\/rioonwatch.org.br\/wp-content\/uploads\/2022\/04\/Rafael-depois-de-se-formar-em-Historia-pela-Universidade-do-Estado-do-Rio-de-Janeiro.-Arquivo-pessoal-e1649900730695.jpeg\",\"width\":670,\"height\":567,\"caption\":\"Rafael depois de se formar em Hist\u00f3ria pela Universidade do Estado do Rio de Janeiro. Arquivo pessoal\"},{\"@type\":\"BreadcrumbList\",\"@id\":\"https:\/\/rioonwatch.org.br\/?p=61296#breadcrumb\",\"itemListElement\":[{\"@type\":\"ListItem\",\"position\":1,\"name\":\"In\u00edcio\",\"item\":\"https:\/\/rioonwatch.org.br\/\"},{\"@type\":\"ListItem\",\"position\":2,\"name\":\"A Hist\u00f3ria do Cotista Rafael Barbosa, do Bairro Jabour: Reflex\u00f5es Justap\u00f5em Experi\u00eancias S\u00edrio-Libanesa e Afro-Brasileira na Luta pelos Sonhos no Brasil\"}]},{\"@type\":\"WebSite\",\"@id\":\"https:\/\/rioonwatch.org.br\/#website\",\"url\":\"https:\/\/rioonwatch.org.br\/\",\"name\":\"RioOnWatch\",\"description\":\"relatos das favelas cariocas\",\"publisher\":{\"@id\":\"https:\/\/rioonwatch.org.br\/#organization\"},\"potentialAction\":[{\"@type\":\"SearchAction\",\"target\":{\"@type\":\"EntryPoint\",\"urlTemplate\":\"https:\/\/rioonwatch.org.br\/?s={search_term_string}\"},\"query-input\":{\"@type\":\"PropertyValueSpecification\",\"valueRequired\":true,\"valueName\":\"search_term_string\"}}],\"inLanguage\":\"pt-BR\"},{\"@type\":\"Organization\",\"@id\":\"https:\/\/rioonwatch.org.br\/#organization\",\"name\":\"RioOnWatch\",\"url\":\"https:\/\/rioonwatch.org.br\/\",\"logo\":{\"@type\":\"ImageObject\",\"inLanguage\":\"pt-BR\",\"@id\":\"https:\/\/rioonwatch.org.br\/#\/schema\/logo\/image\/\",\"url\":\"https:\/\/rioonwatch.org.br\/wp-content\/uploads\/2021\/06\/RioOnWatchcabecalhoPT11anos-2.png\",\"contentUrl\":\"https:\/\/rioonwatch.org.br\/wp-content\/uploads\/2021\/06\/RioOnWatchcabecalhoPT11anos-2.png\",\"width\":779,\"height\":277,\"caption\":\"RioOnWatch\"},\"image\":{\"@id\":\"https:\/\/rioonwatch.org.br\/#\/schema\/logo\/image\/\"}},{\"@type\":\"Person\",\"@id\":\"https:\/\/rioonwatch.org.br\/#\/schema\/person\/476bc75767957d3535b65b796667cd36\",\"name\":\"Julio Santos Filho\",\"image\":{\"@type\":\"ImageObject\",\"inLanguage\":\"pt-BR\",\"@id\":\"https:\/\/rioonwatch.org.br\/#\/schema\/person\/image\/\",\"url\":\"https:\/\/secure.gravatar.com\/avatar\/ca138f7666182a292a8ce4ca14fb81f8?s=96&d=blank&r=g\",\"contentUrl\":\"https:\/\/secure.gravatar.com\/avatar\/ca138f7666182a292a8ce4ca14fb81f8?s=96&d=blank&r=g\",\"caption\":\"Julio Santos Filho\"},\"url\":\"https:\/\/rioonwatch.org.br\/?author=167\"}]}<\/script>\n<!-- \/ Yoast SEO plugin. -->","yoast_head_json":{"title":"A Hist\u00f3ria do Cotista Rafael Barbosa, do Bairro Jabour: Reflex\u00f5es Justap\u00f5em Experi\u00eancias S\u00edrio-Libanesa e Afro-Brasileira na Luta pelos Sonhos no Brasil - RioOnWatch","robots":{"index":"index","follow":"follow","max-snippet":"max-snippet:-1","max-image-preview":"max-image-preview:large","max-video-preview":"max-video-preview:-1"},"canonical":"https:\/\/rioonwatch.org.br\/?p=61296","og_locale":"pt_BR","og_type":"article","og_title":"A Hist\u00f3ria do Cotista Rafael Barbosa, do Bairro Jabour: Reflex\u00f5es Justap\u00f5em Experi\u00eancias S\u00edrio-Libanesa e Afro-Brasileira na Luta pelos Sonhos no Brasil - RioOnWatch","og_description":"Click Here for English Esta mat\u00e9ria faz parte de uma s\u00e9rie\u00a0gerada por uma parceria, com o\u00a0Digital Brazil Project\u00a0do\u00a0Centro Behner Stiefel de Estudos Brasileiros da Universidade Estadual de San Diego, na Calif\u00f3rnia, para produzir mat\u00e9rias sobre [...]","og_url":"https:\/\/rioonwatch.org.br\/?p=61296","og_site_name":"RioOnWatch","article_published_time":"2022-04-27T11:41:01+00:00","article_modified_time":"2023-09-20T15:29:20+00:00","og_image":[{"width":670,"height":567,"url":"https:\/\/rioonwatch.org.br\/wp-content\/uploads\/2022\/04\/Rafael-depois-de-se-formar-em-Historia-pela-Universidade-do-Estado-do-Rio-de-Janeiro.-Arquivo-pessoal-e1649900730695.jpeg","type":"image\/jpeg"}],"author":"Julio Santos Filho","twitter_card":"summary_large_image","twitter_misc":{"Escrito por":"Julio Santos Filho","Est. tempo de leitura":"11 minutos"},"schema":{"@context":"https:\/\/schema.org","@graph":[{"@type":"Article","@id":"https:\/\/rioonwatch.org.br\/?p=61296#article","isPartOf":{"@id":"https:\/\/rioonwatch.org.br\/?p=61296"},"author":{"name":"Julio Santos Filho","@id":"https:\/\/rioonwatch.org.br\/#\/schema\/person\/476bc75767957d3535b65b796667cd36"},"headline":"A Hist\u00f3ria do Cotista Rafael Barbosa, do Bairro Jabour: Reflex\u00f5es Justap\u00f5em Experi\u00eancias S\u00edrio-Libanesa e Afro-Brasileira na Luta pelos Sonhos no Brasil","datePublished":"2022-04-27T11:41:01+00:00","dateModified":"2023-09-20T15:29:20+00:00","mainEntityOfPage":{"@id":"https:\/\/rioonwatch.org.br\/?p=61296"},"wordCount":1844,"publisher":{"@id":"https:\/\/rioonwatch.org.br\/#organization"},"image":{"@id":"https:\/\/rioonwatch.org.br\/?p=61296#primaryimage"},"thumbnailUrl":"https:\/\/rioonwatch.org.br\/wp-content\/uploads\/2022\/04\/Rafael-depois-de-se-formar-em-Historia-pela-Universidade-do-Estado-do-Rio-de-Janeiro.-Arquivo-pessoal-e1649900730695.jpeg","keywords":["acesso \u00e0 universidade","Bangu","cotas","direito \u00e0 educa\u00e7\u00e3o","hist\u00f3ria","imigra\u00e7\u00e3o","Jabour","Pr\u00e9-Vestibular","Racismo estrutural","S\u00e9rie Apoiada pelo Centro Behner Stiefel\/SDSU","S\u00e9rie: Parceria com NECLES\/UFF","UERJ","UFF","Zona Oeste"],"articleSection":["*Destaque","Entendendo o Rio","Entrevistas e Perfis","Escrito por Comunicadores Populares"],"inLanguage":"pt-BR"},{"@type":"WebPage","@id":"https:\/\/rioonwatch.org.br\/?p=61296","url":"https:\/\/rioonwatch.org.br\/?p=61296","name":"A Hist\u00f3ria do Cotista Rafael Barbosa, do Bairro Jabour: Reflex\u00f5es Justap\u00f5em Experi\u00eancias S\u00edrio-Libanesa e Afro-Brasileira na Luta pelos Sonhos no Brasil - RioOnWatch","isPartOf":{"@id":"https:\/\/rioonwatch.org.br\/#website"},"primaryImageOfPage":{"@id":"https:\/\/rioonwatch.org.br\/?p=61296#primaryimage"},"image":{"@id":"https:\/\/rioonwatch.org.br\/?p=61296#primaryimage"},"thumbnailUrl":"https:\/\/rioonwatch.org.br\/wp-content\/uploads\/2022\/04\/Rafael-depois-de-se-formar-em-Historia-pela-Universidade-do-Estado-do-Rio-de-Janeiro.-Arquivo-pessoal-e1649900730695.jpeg","datePublished":"2022-04-27T11:41:01+00:00","dateModified":"2023-09-20T15:29:20+00:00","breadcrumb":{"@id":"https:\/\/rioonwatch.org.br\/?p=61296#breadcrumb"},"inLanguage":"pt-BR","potentialAction":[{"@type":"ReadAction","target":["https:\/\/rioonwatch.org.br\/?p=61296"]}]},{"@type":"ImageObject","inLanguage":"pt-BR","@id":"https:\/\/rioonwatch.org.br\/?p=61296#primaryimage","url":"https:\/\/rioonwatch.org.br\/wp-content\/uploads\/2022\/04\/Rafael-depois-de-se-formar-em-Historia-pela-Universidade-do-Estado-do-Rio-de-Janeiro.-Arquivo-pessoal-e1649900730695.jpeg","contentUrl":"https:\/\/rioonwatch.org.br\/wp-content\/uploads\/2022\/04\/Rafael-depois-de-se-formar-em-Historia-pela-Universidade-do-Estado-do-Rio-de-Janeiro.-Arquivo-pessoal-e1649900730695.jpeg","width":670,"height":567,"caption":"Rafael depois de se formar em Hist\u00f3ria pela Universidade do Estado do Rio de Janeiro. Arquivo pessoal"},{"@type":"BreadcrumbList","@id":"https:\/\/rioonwatch.org.br\/?p=61296#breadcrumb","itemListElement":[{"@type":"ListItem","position":1,"name":"In\u00edcio","item":"https:\/\/rioonwatch.org.br\/"},{"@type":"ListItem","position":2,"name":"A Hist\u00f3ria do Cotista Rafael Barbosa, do Bairro Jabour: Reflex\u00f5es Justap\u00f5em Experi\u00eancias S\u00edrio-Libanesa e Afro-Brasileira na Luta pelos Sonhos no Brasil"}]},{"@type":"WebSite","@id":"https:\/\/rioonwatch.org.br\/#website","url":"https:\/\/rioonwatch.org.br\/","name":"RioOnWatch","description":"relatos das favelas cariocas","publisher":{"@id":"https:\/\/rioonwatch.org.br\/#organization"},"potentialAction":[{"@type":"SearchAction","target":{"@type":"EntryPoint","urlTemplate":"https:\/\/rioonwatch.org.br\/?s={search_term_string}"},"query-input":{"@type":"PropertyValueSpecification","valueRequired":true,"valueName":"search_term_string"}}],"inLanguage":"pt-BR"},{"@type":"Organization","@id":"https:\/\/rioonwatch.org.br\/#organization","name":"RioOnWatch","url":"https:\/\/rioonwatch.org.br\/","logo":{"@type":"ImageObject","inLanguage":"pt-BR","@id":"https:\/\/rioonwatch.org.br\/#\/schema\/logo\/image\/","url":"https:\/\/rioonwatch.org.br\/wp-content\/uploads\/2021\/06\/RioOnWatchcabecalhoPT11anos-2.png","contentUrl":"https:\/\/rioonwatch.org.br\/wp-content\/uploads\/2021\/06\/RioOnWatchcabecalhoPT11anos-2.png","width":779,"height":277,"caption":"RioOnWatch"},"image":{"@id":"https:\/\/rioonwatch.org.br\/#\/schema\/logo\/image\/"}},{"@type":"Person","@id":"https:\/\/rioonwatch.org.br\/#\/schema\/person\/476bc75767957d3535b65b796667cd36","name":"Julio Santos Filho","image":{"@type":"ImageObject","inLanguage":"pt-BR","@id":"https:\/\/rioonwatch.org.br\/#\/schema\/person\/image\/","url":"https:\/\/secure.gravatar.com\/avatar\/ca138f7666182a292a8ce4ca14fb81f8?s=96&d=blank&r=g","contentUrl":"https:\/\/secure.gravatar.com\/avatar\/ca138f7666182a292a8ce4ca14fb81f8?s=96&d=blank&r=g","caption":"Julio Santos Filho"},"url":"https:\/\/rioonwatch.org.br\/?author=167"}]}},"_links":{"self":[{"href":"https:\/\/rioonwatch.org.br\/index.php?rest_route=\/wp\/v2\/posts\/61296"}],"collection":[{"href":"https:\/\/rioonwatch.org.br\/index.php?rest_route=\/wp\/v2\/posts"}],"about":[{"href":"https:\/\/rioonwatch.org.br\/index.php?rest_route=\/wp\/v2\/types\/post"}],"author":[{"embeddable":true,"href":"https:\/\/rioonwatch.org.br\/index.php?rest_route=\/wp\/v2\/users\/167"}],"replies":[{"embeddable":true,"href":"https:\/\/rioonwatch.org.br\/index.php?rest_route=%2Fwp%2Fv2%2Fcomments&post=61296"}],"version-history":[{"count":23,"href":"https:\/\/rioonwatch.org.br\/index.php?rest_route=\/wp\/v2\/posts\/61296\/revisions"}],"predecessor-version":[{"id":70369,"href":"https:\/\/rioonwatch.org.br\/index.php?rest_route=\/wp\/v2\/posts\/61296\/revisions\/70369"}],"wp:featuredmedia":[{"embeddable":true,"href":"https:\/\/rioonwatch.org.br\/index.php?rest_route=\/wp\/v2\/media\/61306"}],"wp:attachment":[{"href":"https:\/\/rioonwatch.org.br\/index.php?rest_route=%2Fwp%2Fv2%2Fmedia&parent=61296"}],"wp:term":[{"taxonomy":"category","embeddable":true,"href":"https:\/\/rioonwatch.org.br\/index.php?rest_route=%2Fwp%2Fv2%2Fcategories&post=61296"},{"taxonomy":"post_tag","embeddable":true,"href":"https:\/\/rioonwatch.org.br\/index.php?rest_route=%2Fwp%2Fv2%2Ftags&post=61296"},{"taxonomy":"writer","embeddable":true,"href":"https:\/\/rioonwatch.org.br\/index.php?rest_route=%2Fwp%2Fv2%2Fwriter&post=61296"},{"taxonomy":"translator","embeddable":true,"href":"https:\/\/rioonwatch.org.br\/index.php?rest_route=%2Fwp%2Fv2%2Ftranslator&post=61296"},{"taxonomy":"source","embeddable":true,"href":"https:\/\/rioonwatch.org.br\/index.php?rest_route=%2Fwp%2Fv2%2Fsource&post=61296"},{"taxonomy":"ilustrador","embeddable":true,"href":"https:\/\/rioonwatch.org.br\/index.php?rest_route=%2Fwp%2Fv2%2Filustrador&post=61296"},{"taxonomy":"fotografo","embeddable":true,"href":"https:\/\/rioonwatch.org.br\/index.php?rest_route=%2Fwp%2Fv2%2Ffotografo&post=61296"}],"curies":[{"name":"wp","href":"https:\/\/api.w.org\/{rel}","templated":true}]}}