{"id":61383,"date":"2022-04-28T07:52:05","date_gmt":"2022-04-28T10:52:05","guid":{"rendered":"https:\/\/rioonwatch.org.br\/?p=61383"},"modified":"2022-05-27T14:10:17","modified_gmt":"2022-05-27T17:10:17","slug":"periferias-em-gestao-de-crise-o-funk-como-instrumento-humanitario-nas-favelas-cariocas","status":"publish","type":"post","link":"https:\/\/rioonwatch.org.br\/?p=61383","title":{"rendered":"Periferias em Gest\u00e3o de Crise: O Funk como Instrumento Humanit\u00e1rio nas Favelas Cariocas"},"content":{"rendered":"<p style=\"text-align: right;\"><em><strong><a href=\"https:\/\/bit.ly\/3lNr8T4\" target=\"_blank\" rel=\"noopener noreferrer\">Click Here for English<\/a><a href=\"https:\/\/bit.ly\/3lNr8T4\" target=\"_blank\" rel=\"noopener noreferrer\"><img decoding=\"async\" class=\"alignright wp-image-15790\" src=\"https:\/\/rioonwatch.org.br\/wp-content\/uploads\/2012\/08\/EN-standard-e1439583104716.jpg\" alt=\"\" width=\"20\" height=\"20\" \/><\/a><\/strong><\/em><\/p>\n<p><em>Esta mat\u00e9ria\u00a0<i data-stringify-type=\"italic\">faz parte de\u00a0<a href=\"https:\/\/bit.ly\/ROWeNECLES\" target=\"_blank\" rel=\"noopener noreferrer\">uma s\u00e9rie<\/a>\u00a0gerada por uma parceria do RioOnWatch com o\u00a0<a href=\"https:\/\/bit.ly\/33EFNGY\" target=\"_blank\" rel=\"noopener noreferrer\">N\u00facleo de Estudos Cr\u00edticos em Linguagem, Educa\u00e7\u00e3o e Sociedade (NECLES)<\/a>, da UFF, para produzir mat\u00e9rias que ser\u00e3o utilizadas como\u00a0recursos pedag\u00f3gicos em escolas p\u00fablicas de Niter\u00f3i.<\/i><\/em><\/p>\n<p><span style=\"font-weight: 400;\">Em 1980, o funk come\u00e7ava a fazer sucesso nas comunidades do Rio de Janeiro, em meio \u00e0 redemocratiza\u00e7\u00e3o, \u00e0 crise econ\u00f4mica e outras consequ\u00eancias cru\u00e9is para as camadas populares. Um v\u00edrus at\u00e9 ent\u00e3o desconhecido causava uma crise sanit\u00e1ria: o HIV. A epidemia do HIV\/AIDS matou milh\u00f5es mundo afora e atingiu severamente pessoas pobres e em vulnerabilidade social. Esta mat\u00e9ria \u00e9 dedicada ao movimento funk que lidou com essa e com diversas outras crises sem cobertura midi\u00e1tica, sem apoio de grandes institui\u00e7\u00f5es ou de governos.<\/span><\/p>\n<p><span style=\"font-weight: 400;\">O funk \u00e9 um grande exemplo do \u201c<\/span><a href=\"https:\/\/bit.ly\/2VN4Ft6\" target=\"_blank\" rel=\"noopener\"><span style=\"font-weight: 400;\">n\u00f3s por n\u00f3s<\/span><\/a><span style=\"font-weight: 400;\">\u201d das favelas e periferias urbanas do Rio. Em muitas situa\u00e7\u00f5es de crise, o funk \u00e9 instrumento social, econ\u00f4mico e humanit\u00e1rio para os territ\u00f3rios. Campanhas de conscientiza\u00e7\u00e3o, <\/span><a href=\"https:\/\/bit.ly\/3MkuOr0\" target=\"_blank\" rel=\"noopener\"><span style=\"font-weight: 400;\">bailes de preven\u00e7\u00e3o contra o HIV\/AIDS e a tuberculose<\/span><\/a><span style=\"font-weight: 400;\">, a\u00e7\u00f5es de combate \u00e0 dengue e tantas outras mobiliza\u00e7\u00f5es fundamentais foram encabe\u00e7adas pelo movimento funk ao longo dos anos.<\/span><\/p>\n<p><a href=\"https:\/\/rioonwatch.org.br\/wp-content\/uploads\/2022\/04\/Baile-de-prevencao-a-Tuberculose-e-a-Aids-organizado-em-parceria-com-a-Furacao-2000.jpeg\"><img fetchpriority=\"high\" decoding=\"async\" class=\"aligncenter wp-image-61388\" title=\"Baile da Gaiola, edi\u00e7\u00e3o LGBT, no Complexo da Penha, Zona Norte do Rio de Janeiro, movimenta a economia da regi\u00e3o nos fins de semana.\" src=\"https:\/\/rioonwatch.org.br\/wp-content\/uploads\/2022\/04\/Baile-de-prevencao-a-Tuberculose-e-a-Aids-organizado-em-parceria-com-a-Furacao-2000.jpeg\" alt=\"Baile da Gaiola, edi\u00e7\u00e3o LGBT, no Complexo da Penha, Zona Norte do Rio de Janeiro, movimenta a economia da regi\u00e3o nos fins de semana.\" width=\"670\" height=\"446\" srcset=\"https:\/\/rioonwatch.org.br\/wp-content\/uploads\/2022\/04\/Baile-de-prevencao-a-Tuberculose-e-a-Aids-organizado-em-parceria-com-a-Furacao-2000.jpeg 800w, https:\/\/rioonwatch.org.br\/wp-content\/uploads\/2022\/04\/Baile-de-prevencao-a-Tuberculose-e-a-Aids-organizado-em-parceria-com-a-Furacao-2000-620x413.jpeg 620w, https:\/\/rioonwatch.org.br\/wp-content\/uploads\/2022\/04\/Baile-de-prevencao-a-Tuberculose-e-a-Aids-organizado-em-parceria-com-a-Furacao-2000-768x512.jpeg 768w\" sizes=\"(max-width: 670px) 100vw, 670px\" \/><\/a><\/p>\n<p><a href=\"https:\/\/bit.ly\/3EeqHcV\" target=\"_blank\" rel=\"noopener\"><span style=\"font-weight: 400;\">Romulo Costa<\/span><\/a><span style=\"font-weight: 400;\">, fundador da <\/span><a href=\"https:\/\/bit.ly\/3M2GHSb\" target=\"_blank\" rel=\"noopener\"><span style=\"font-weight: 400;\">Furac\u00e3o 2000<\/span><\/a><span style=\"font-weight: 400;\">, em um <\/span><a href=\"https:\/\/bit.ly\/3Mb3GKZ\" target=\"_blank\" rel=\"noopener\"><span style=\"font-weight: 400;\">document\u00e1rio sobre o funk carioca<\/span><\/a><span style=\"font-weight: 400;\">, relembra as distribui\u00e7\u00f5es de preservativo, as din\u00e2micas para erradicar os focos de mosquito da dengue e da forma org\u00e2nica com que o funk conscientizou a sua comunidade. Segundo ele, \u00e9 \u201cpor isso que o funk, independente da vertente, passa uma mensagem, porque o funk nasce da necessidade de fortalecer as comunidades\u201d.<\/span><\/p>\n<p><span style=\"font-weight: 400;\">Pensamento compartilhado por outro precursor do funk no Rio, o <\/span><a href=\"https:\/\/bit.ly\/3KMtzjJ\" target=\"_blank\" rel=\"noopener\"><span style=\"font-weight: 400;\">DJ Marlboro<\/span><\/a><span style=\"font-weight: 400;\">, q<\/span><span style=\"font-weight: 400;\">ue diz:<\/span><\/p>\n<blockquote><p><span style=\"font-weight: 400;\">\u201cO funk no Brasil tem um papel social capaz de colar a cidade partida, \u00e9 o movimento do funk que emenda a cidade rachada e partida pelas cicatrizes do racismo e classismo. O funk \u00e9 uma ong sem pretens\u00e3o de ser.\u201d \u2014 DJ Marlboro<\/span><\/p><\/blockquote>\n<p><span style=\"font-weight: 400;\">O funk \u00e9 o movimento cultural perif\u00e9rico que protesta ativamente contra a <\/span><a href=\"https:\/\/bit.ly\/30PUPsB\" target=\"_blank\" rel=\"noopener\"><span style=\"font-weight: 400;\">viol\u00eancia policial<\/span><\/a><span style=\"font-weight: 400;\">, que prega a paz, a educa\u00e7\u00e3o e o lazer das crian\u00e7as pobres. Para al\u00e9m da quest\u00e3o musical, o funk ganhou um papel importante ao denunciar a inefici\u00eancia das pol\u00edticas p\u00fablicas em promover o bem-estar coletivo. Principalmente no que diz respeito \u00e0 seguran\u00e7a p\u00fablica, como o funk de Cidinho e Doca, <\/span><i><span style=\"font-weight: 400;\">N\u00e3o me Bate Doutor<\/span><\/i><span style=\"font-weight: 400;\">:<\/span><\/p>\n<p><iframe title=\"YouTube video player\" src=\"https:\/\/www.youtube.com\/embed\/Hkbd0N_txy4\" width=\"670\" height=\"377\" frameborder=\"0\" allowfullscreen=\"allowfullscreen\"><span data-mce-type=\"bookmark\" style=\"display: inline-block; width: 0px; overflow: hidden; line-height: 0;\" class=\"mce_SELRES_start\">\ufeff<\/span><\/iframe><\/p>\n<p><span style=\"font-weight: 400;\">Segundo DJ Marlboro, o sistema educacional no Brasil n\u00e3o funciona para o favelado. Muitas vezes, a \u00fanica oportunidade alternativa ao tr\u00e1fico \u00e9 o funk. A favela produz profissionais, atletas, m\u00fasicos, dan\u00e7arinos, mas, sem o investimento necess\u00e1rio, toda a sociedade perde parte dessa pot\u00eancia favelada.<\/span><\/p>\n<blockquote><p><span style=\"font-weight: 400;\">\u201cTudo que n\u00e3o vira business, morre. Ent\u00e3o, hoje em dia a gente v\u00ea uma cena de funk muito ditada pela ind\u00fastria musical, levando muitos MCs a adaptarem seus estilos pela tend\u00eancia do momento. Mas o funk mesmo sempre vai ser consciente e, mesmo com a comercializa\u00e7\u00e3o, ainda ajuda muitas fam\u00edlias na favela.\u201d \u2014 <\/span><span style=\"font-weight: 400;\">DJ Marlboro<\/span><\/p><\/blockquote>\n<p><span style=\"font-weight: 400;\">A popularidade dos bailes funk nas favelas e periferias atra\u00eda, no final da d\u00e9cada de 1980, milh\u00f5es de pessoas que lotavam est\u00e1dios e galp\u00f5es Brasil afora. A elite brasileira come\u00e7ou a <\/span><a href=\"https:\/\/bit.ly\/2MN5255\" target=\"_blank\" rel=\"noopener\"><span style=\"font-weight: 400;\">marginalizar esses espa\u00e7os de maioria preta e pobre<\/span><\/a><span style=\"font-weight: 400;\">. Inclusive reeditando uma narrativa antiga de criminaliza\u00e7\u00e3o desses espa\u00e7os, de sua cultura e m\u00fasica. Criminaliza-se o funk hoje como se perseguia o samba no passado. A partir dessa marginaliza\u00e7\u00e3o, o funk foi se tornando cada vez mais consciente. M\u00fasicas sobre justi\u00e7a social, dignidade para o morador de favela e muitos outros temas de protesto tomaram a cena.<\/span><\/p>\n<p><iframe title=\"YouTube video player\" src=\"https:\/\/www.youtube.com\/embed\/z34HcBcqTas\" width=\"670\" height=\"377\" frameborder=\"0\" allowfullscreen=\"allowfullscreen\"><span data-mce-type=\"bookmark\" style=\"display: inline-block; width: 0px; overflow: hidden; line-height: 0;\" class=\"mce_SELRES_start\">\ufeff<\/span><\/iframe><\/p>\n<p><span style=\"font-weight: 400;\">O Estado brasileiro, ao inv\u00e9s de investir no funk como uma pol\u00edtica p\u00fablica, contribuiu para a <\/span><a href=\"https:\/\/bit.ly\/33dA2AA\" target=\"_blank\" rel=\"noopener\"><span style=\"font-weight: 400;\">constru\u00e7\u00e3o de uma imagem atrelada ao crime<\/span><\/a><span style=\"font-weight: 400;\"> e \u00e0 vadiagem. De acordo com o historiador Gabriel Siqueira, o funk \u00e9 um importante gerador de empregos dentro e fora dos territ\u00f3rios.<\/span><\/p>\n<blockquote><p><span style=\"font-weight: 400;\">\u201cSe um baile funk atrai mais de 2.000 pessoas por noite, ele emprega mais de 200 pessoas que est\u00e3o trabalhando e movimentando lucros para sua comunidade.\u201d \u2014 Gabriel Siqueira<\/span><\/p><\/blockquote>\n<p><a href=\"https:\/\/rioonwatch.org.br\/wp-content\/uploads\/2022\/04\/Baile-da-Gaiola-edicao-LGBT-no-Complexo-da-Penha-Zona-Norte-do-Rio-de-Janeiro-movimenta-a-economia-da-regiao-nos-fins-de-semana..jpg\"><img decoding=\"async\" class=\"aligncenter wp-image-61386\" title=\"Baile da Gaiola, edi\u00e7\u00e3o LGBT, no Complexo da Penha, Zona Norte do Rio de Janeiro, movimenta a economia da regi\u00e3o nos fins de semana.\" src=\"https:\/\/rioonwatch.org.br\/wp-content\/uploads\/2022\/04\/Baile-da-Gaiola-edicao-LGBT-no-Complexo-da-Penha-Zona-Norte-do-Rio-de-Janeiro-movimenta-a-economia-da-regiao-nos-fins-de-semana..jpg\" alt=\"Baile da Gaiola, edi\u00e7\u00e3o LGBT, no Complexo da Penha, Zona Norte do Rio de Janeiro, movimenta a economia da regi\u00e3o nos fins de semana.\" width=\"670\" height=\"447\" srcset=\"https:\/\/rioonwatch.org.br\/wp-content\/uploads\/2022\/04\/Baile-da-Gaiola-edicao-LGBT-no-Complexo-da-Penha-Zona-Norte-do-Rio-de-Janeiro-movimenta-a-economia-da-regiao-nos-fins-de-semana..jpg 1024w, https:\/\/rioonwatch.org.br\/wp-content\/uploads\/2022\/04\/Baile-da-Gaiola-edicao-LGBT-no-Complexo-da-Penha-Zona-Norte-do-Rio-de-Janeiro-movimenta-a-economia-da-regiao-nos-fins-de-semana.-620x414.jpg 620w, https:\/\/rioonwatch.org.br\/wp-content\/uploads\/2022\/04\/Baile-da-Gaiola-edicao-LGBT-no-Complexo-da-Penha-Zona-Norte-do-Rio-de-Janeiro-movimenta-a-economia-da-regiao-nos-fins-de-semana.-943x629.jpg 943w, https:\/\/rioonwatch.org.br\/wp-content\/uploads\/2022\/04\/Baile-da-Gaiola-edicao-LGBT-no-Complexo-da-Penha-Zona-Norte-do-Rio-de-Janeiro-movimenta-a-economia-da-regiao-nos-fins-de-semana.-768x512.jpg 768w\" sizes=\"(max-width: 670px) 100vw, 670px\" \/><\/a><\/p>\n<p><span style=\"font-weight: 400;\">Al\u00e9m da movimenta\u00e7\u00e3o econ\u00f4mica, tamb\u00e9m h\u00e1 uma movimenta\u00e7\u00e3o humanit\u00e1ria forte no funk carioca. \u00c9 comum encontrar em letras de funk protestos contra a legaliza\u00e7\u00e3o das armas, contra a briga de fac\u00e7\u00e3o nos bailes e at\u00e9 mesmo pela preven\u00e7\u00e3o de doen\u00e7as. \u201cArtistas do funk como a Lacraia e o MC Serginho tiveram um papel fundamental na luta contra o HIV\/AIDS nas favelas, distribuindo camisinhas e mandando o &#8216;papo reto&#8217; sobre preven\u00e7\u00e3o\u201d, diz Gabriel.\u00a0<\/span><\/p>\n<p><span style=\"font-weight: 400;\">Os exemplos s\u00e3o muitos, como as campanhas que mobilizam funkeiros por toda a cidade para a doa\u00e7\u00e3o de sangue. Uma dessas \u00e9 chamada <\/span><a href=\"https:\/\/bit.ly\/3M2D6Dy\" target=\"_blank\" rel=\"noopener\"><i><span style=\"font-weight: 400;\">Funkeiro Sangue Bom<\/span><\/i><\/a><span style=\"font-weight: 400;\">, que organiza caravanas para o <\/span><a href=\"https:\/\/bit.ly\/37txSCc\" target=\"_blank\" rel=\"noopener\"><span style=\"font-weight: 400;\">HEMORIO<\/span><\/a><span style=\"font-weight: 400;\">. O funk desde o in\u00edcio <\/span><a href=\"https:\/\/bit.ly\/38G2zUT\" target=\"_blank\" rel=\"noopener\"><span style=\"font-weight: 400;\">mobilizou os f\u00e3s do ritmo para salvar vidas<\/span><\/a><span style=\"font-weight: 400;\">, atrav\u00e9s da solidariedade. Eventos como o<\/span> <span style=\"font-weight: 400;\">baile do agasalho, o baile do brinquedo, o baile do material escolar, al\u00e9m dos <\/span><a href=\"https:\/\/bit.ly\/3EglRMq\" target=\"_blank\" rel=\"noopener\"><span style=\"font-weight: 400;\">bailes de arrecada\u00e7\u00e3o de alimentos<\/span><\/a><span style=\"font-weight: 400;\"> e outras iniciativas demonstram o comprometimento do movimento funk com os Direitos Humanos.\u00a0<\/span><\/p>\n<blockquote class=\"instagram-media\" style=\"background: #FFF; border: 0; border-radius: 3px; box-shadow: 0 0 1px 0 rgba(0,0,0,0.5),0 1px 10px 0 rgba(0,0,0,0.15); margin: 1px; max-width: 540px; min-width: 326px; padding: 0; width: calc(100% - 2px);\" data-instgrm-captioned=\"\" data-instgrm-permalink=\"https:\/\/www.instagram.com\/p\/CUXV6rFgum7\/?utm_source=ig_embed&amp;utm_campaign=loading\" data-instgrm-version=\"14\">\n<div style=\"padding: 16px;\">\n<p>&nbsp;<\/p>\n<div style=\"display: flex; flex-direction: row; align-items: center;\">\n<div style=\"background-color: #f4f4f4; border-radius: 50%; flex-grow: 0; height: 40px; margin-right: 14px; width: 40px;\"><\/div>\n<div style=\"display: flex; flex-direction: column; flex-grow: 1; justify-content: center;\">\n<div style=\"background-color: #f4f4f4; border-radius: 4px; flex-grow: 0; height: 14px; margin-bottom: 6px; width: 100px;\"><\/div>\n<div style=\"background-color: #f4f4f4; border-radius: 4px; flex-grow: 0; height: 14px; width: 60px;\"><\/div>\n<\/div>\n<\/div>\n<div style=\"padding: 19% 0;\"><\/div>\n<div style=\"display: block; height: 50px; margin: 0 auto 12px; width: 50px;\"><\/div>\n<div style=\"padding-top: 8px;\">\n<div style=\"color: #3897f0; font-family: Arial,sans-serif; font-size: 14px; font-style: normal; font-weight: 550; line-height: 18px;\">Ver essa foto no Instagram<\/div>\n<\/div>\n<div style=\"padding: 12.5% 0;\"><\/div>\n<div style=\"display: flex; flex-direction: row; margin-bottom: 14px; align-items: center;\">\n<div>\n<div style=\"background-color: #f4f4f4; border-radius: 50%; height: 12.5px; width: 12.5px; transform: translateX(0px) translateY(7px);\"><\/div>\n<div style=\"background-color: #f4f4f4; height: 12.5px; transform: rotate(-45deg) translateX(3px) translateY(1px); width: 12.5px; flex-grow: 0; margin-right: 14px; margin-left: 2px;\"><\/div>\n<div style=\"background-color: #f4f4f4; border-radius: 50%; height: 12.5px; width: 12.5px; transform: translateX(9px) translateY(-18px);\"><\/div>\n<\/div>\n<div style=\"margin-left: 8px;\">\n<div style=\"background-color: #f4f4f4; border-radius: 50%; flex-grow: 0; height: 20px; width: 20px;\"><\/div>\n<div style=\"width: 0; height: 0; border-top: 2px solid transparent; border-left: 6px solid #f4f4f4; border-bottom: 2px solid transparent; transform: translateX(16px) translateY(-4px) rotate(30deg);\"><\/div>\n<\/div>\n<div style=\"margin-left: auto;\">\n<div style=\"width: 0px; border-top: 8px solid #F4F4F4; border-right: 8px solid transparent; transform: translateY(16px);\"><\/div>\n<div style=\"background-color: #f4f4f4; flex-grow: 0; height: 12px; width: 16px; transform: translateY(-4px);\"><\/div>\n<div style=\"width: 0; height: 0; border-top: 8px solid #F4F4F4; border-left: 8px solid transparent; transform: translateY(-4px) translateX(8px);\"><\/div>\n<\/div>\n<\/div>\n<div style=\"display: flex; flex-direction: column; flex-grow: 1; justify-content: center; margin-bottom: 24px;\">\n<div style=\"background-color: #f4f4f4; border-radius: 4px; flex-grow: 0; height: 14px; margin-bottom: 6px; width: 224px;\"><\/div>\n<div style=\"background-color: #f4f4f4; border-radius: 4px; flex-grow: 0; height: 14px; width: 144px;\"><\/div>\n<\/div>\n<p>&nbsp;<\/p>\n<p style=\"color: #c9c8cd; font-family: Arial,sans-serif; font-size: 14px; line-height: 17px; margin-bottom: 0; margin-top: 8px; overflow: hidden; padding: 8px 0 7px; text-align: center; text-overflow: ellipsis; white-space: nowrap;\"><a style=\"color: #c9c8cd; font-family: Arial,sans-serif; font-size: 14px; font-style: normal; font-weight: normal; line-height: 17px; text-decoration: none;\" href=\"https:\/\/www.instagram.com\/p\/CUXV6rFgum7\/?utm_source=ig_embed&amp;utm_campaign=loading\" target=\"_blank\" rel=\"noopener\">Uma publica\u00e7\u00e3o compartilhada por Funkeiros_sangue_bom (@funkeiros_sangue_bom)<\/a><\/p>\n<\/div>\n<\/blockquote>\n<p><script async src=\"\/\/www.instagram.com\/embed.js\"><\/script><\/p>\n<p><span style=\"font-weight: 400;\">Essa tradi\u00e7\u00e3o humanit\u00e1ria do funk \u00e9 um legado para as novas gera\u00e7\u00f5es. Muitos MCs e produtores culturais, pessoas que lucram com o g\u00eanero musical, investem em suas comunidades suprindo demandas hist\u00f3ricas que s\u00e3o <\/span><a href=\"https:\/\/bit.ly\/2Rku5Mf\" target=\"_blank\" rel=\"noopener\"><span style=\"font-weight: 400;\">negligenciadas pelo Estado<\/span><\/a><span style=\"font-weight: 400;\">. O DJ <\/span><a href=\"https:\/\/bit.ly\/3uJ38pC\" target=\"_blank\" rel=\"noopener\"><span style=\"font-weight: 400;\">Rennan da Penha<\/span><\/a><span style=\"font-weight: 400;\">, por exemplo, <\/span><a href=\"https:\/\/bit.ly\/3vmcOW9\" target=\"_blank\" rel=\"noopener\"><span style=\"font-weight: 400;\">distribuiu material escolar completo<\/span><\/a><span style=\"font-weight: 400;\"> para as crian\u00e7as do <\/span><a href=\"https:\/\/bit.ly\/3f3adY2\" target=\"_blank\" rel=\"noopener\"><span style=\"font-weight: 400;\">Complexo da Penha<\/span><\/a><span style=\"font-weight: 400;\"> e do <\/span><a href=\"http:\/\/bit.ly\/2wIyn5a\" target=\"_blank\" rel=\"noopener\"><span style=\"font-weight: 400;\">Alem\u00e3o<\/span><\/a><span style=\"font-weight: 400;\">. Cantores como <\/span><a href=\"https:\/\/bit.ly\/3J2XrHy\" target=\"_blank\" rel=\"noopener\"><span style=\"font-weight: 400;\">Ludmilla<\/span><\/a><span style=\"font-weight: 400;\"> e <\/span><a href=\"https:\/\/bit.ly\/2HALHlm\" target=\"_blank\" rel=\"noopener\"><span style=\"font-weight: 400;\">MC Poze do Rodo<\/span><\/a><span style=\"font-weight: 400;\"> fazem doa\u00e7\u00f5es e ajudam milhares de pessoas a partir do sucesso que conquistaram com o funk.\u00a0<\/span><\/p>\n<p><span style=\"font-weight: 400;\">Durante a pandemia do coronav\u00edrus, o funk e os movimentos sociais foram essenciais para a sobreviv\u00eancia de corpos negros e perif\u00e9ricos. Foi atrav\u00e9s de a\u00e7\u00f5es coordenadas que as <\/span><a href=\"https:\/\/bit.ly\/36stwdZ\" target=\"_blank\" rel=\"noopener\"><span style=\"font-weight: 400;\">favelas foram conscientizadas<\/span><\/a><span style=\"font-weight: 400;\"> sobre o risco do cont\u00e1gio do coronav\u00edrus, em coordena\u00e7\u00e3o com <\/span><a href=\"http:\/\/glo.bo\/3ErTuLa\" target=\"_blank\" rel=\"noopener\"><span style=\"font-weight: 400;\">associa\u00e7\u00f5es de moradores e organiza\u00e7\u00f5es da sociedade civil<\/span><\/a><span style=\"font-weight: 400;\">.<\/span><\/p>\n<p><iframe title=\"YouTube video player\" src=\"https:\/\/www.youtube.com\/embed\/yQ8xJHuW7TY\" width=\"670\" height=\"377\" frameborder=\"0\" allowfullscreen=\"allowfullscreen\"><span data-mce-type=\"bookmark\" style=\"display: inline-block; width: 0px; overflow: hidden; line-height: 0;\" class=\"mce_SELRES_start\">\ufeff<\/span><\/iframe><\/p>\n<p><span style=\"font-weight: 400;\">\u00c9 evidente que o movimento funk tem potencial para ser pol\u00edtica p\u00fablica. \u00c9 capaz de, com investimento p\u00fablico, incidir culturalmente para o desenvolvimento social e humanit\u00e1rio das favelas e periferias. O funk brasileiro \u00e9 um ritmo internacionalmente famoso, mas o preconceito e o estigma enraizados no Brasil impedem a institucionaliza\u00e7\u00e3o dele como mecanismo oficial contra a vulnerabilidade social.<\/span><\/p>\n<p><em>Sobre o autor:\u00a0<span data-sheets-value=\"{&quot;1&quot;:2,&quot;2&quot;:&quot;Emerson Caetano \u00e9 morador de Nova Igua\u00e7u e ativista pela paz. Fundador do NENRI -N\u00facleo de Estudantes Negros de Rela\u00e7\u00f5es Internacionais, Emerson \u00e9 empreendedor social pela igualdade racial e analista internacional decolonial. Emerson Caetano \u00e9 Fellow das Na\u00e7\u00f5es Unidas para a D\u00e9cada do Afrodescendente e possui experi\u00eancia como palestrante e ativista em mais de 9 pa\u00edses.&quot;}\" data-sheets-userformat=\"{&quot;2&quot;:29571,&quot;3&quot;:{&quot;1&quot;:0},&quot;4&quot;:{&quot;1&quot;:3,&quot;3&quot;:7},&quot;10&quot;:1,&quot;11&quot;:4,&quot;12&quot;:0,&quot;15&quot;:&quot;Calibri&quot;,&quot;16&quot;:12,&quot;17&quot;:1}\"><a href=\"https:\/\/bit.ly\/3xBnnFr\" target=\"_blank\" rel=\"noopener\">Emerson Caetano<\/a>\u00a0\u00e9 morador de Nova Igua\u00e7u e ativista pela paz. Fundador do\u00a0<a href=\"https:\/\/bit.ly\/2ZCY8WO\" target=\"_blank\" rel=\"noopener\">NENRI -N\u00facleo de Estudantes Negros de Rela\u00e7\u00f5es Internacionais<\/a>, Emerson \u00e9 empreendedor social pela igualdade racial e analista internacional decolonial. Emerson \u00e9 Fellow das\u00a0<a href=\"http:\/\/bit.ly\/2gQd0aR\" target=\"_blank\" rel=\"noopener\">Na\u00e7\u00f5es Unidas para a D\u00e9cada do Afrodescendente<\/a>\u00a0e possui experi\u00eancia como palestrante e ativista em mais de 9 pa\u00edses.<\/span><\/em><\/p>\n<hr \/>\n<h4><b data-stringify-type=\"bold\">Apoie nossos esfor\u00e7os para fornecer apoio estrat\u00e9gico \u00e0s favelas do Rio, incluindo o jornalismo hiperlocal, cr\u00edtico, inovador e incans\u00e1vel do <\/b><b data-stringify-type=\"bold\"><i data-stringify-type=\"italic\">RioOnWatch<\/i><\/b>\u2014<a class=\"c-link\" href=\"http:\/\/www.bit.ly\/ApoieROW\" target=\"_blank\" rel=\"noopener noreferrer\" data-stringify-link=\"http:\/\/www.bit.ly\/ApoieROW\" data-sk=\"tooltip_parent\">doe aqui<\/a>.<\/h4>\n<!-- AddThis Advanced Settings generic via filter on the_content --><!-- AddThis Share Buttons generic via filter on the_content -->","protected":false},"excerpt":{"rendered":"<div class=\"mh-excerpt\"><p>Click Here for English Esta mat\u00e9ria\u00a0faz parte de\u00a0uma s\u00e9rie\u00a0gerada por uma parceria do RioOnWatch com o\u00a0N\u00facleo de Estudos Cr\u00edticos em Linguagem, Educa\u00e7\u00e3o e Sociedade (NECLES), da UFF, para produzir mat\u00e9rias que ser\u00e3o utilizadas como\u00a0recursos pedag\u00f3gicos <a class=\"mh-excerpt-more\" href=\"https:\/\/rioonwatch.org.br\/?p=61383\" title=\"Periferias em Gest\u00e3o de Crise: O Funk como Instrumento Humanit\u00e1rio nas Favelas Cariocas\">[&#8230;]<\/a><!-- AddThis Advanced Settings generic via filter on get_the_excerpt --><!-- AddThis Share Buttons generic via filter on get_the_excerpt --><\/p>\n<\/div>","protected":false},"author":167,"featured_media":61386,"comment_status":"closed","ping_status":"closed","sticky":false,"template":"","format":"standard","meta":{"_acf_changed":false,"_monsterinsights_skip_tracking":false,"_monsterinsights_sitenote_active":false,"_monsterinsights_sitenote_note":"","_monsterinsights_sitenote_category":0,"footnotes":""},"categories":[1621,1615,1625],"tags":[2748,81,513,421,333,502,863,1151,1970,3114,294,2539,2959,866],"writer":[3123],"translator":[],"source":[],"ilustrador":[],"fotografo":[],"class_list":{"0":"post-61383","1":"post","2":"type-post","3":"status-publish","4":"format-standard","5":"has-post-thumbnail","7":"category-destaque","8":"category-cultura-da-favela","9":"category-por-correspondentes-comunitarios","10":"tag-coronavirus","11":"tag-cultura","12":"tag-cultura-afro-brasileira","13":"tag-cultura-da-favela","14":"tag-diaspora","15":"tag-funk","16":"tag-hiv","17":"tag-organizacao","18":"tag-negritude","19":"tag-racismo-estrutural","20":"tag-saude","21":"tag-sentimento-de-pertencimento","22":"tag-serie-parceria-com-necles-uff","23":"tag-tuberculose","24":"writer-emerson-caetano"},"acf":[],"yoast_head":"<!-- This site is optimized with the Yoast SEO plugin v25.6 - https:\/\/yoast.com\/wordpress\/plugins\/seo\/ -->\n<title>Periferias em Gest\u00e3o de Crise: O Funk como Instrumento Humanit\u00e1rio nas Favelas Cariocas - RioOnWatch<\/title>\n<meta name=\"robots\" content=\"index, follow, max-snippet:-1, max-image-preview:large, max-video-preview:-1\" \/>\n<link rel=\"canonical\" href=\"https:\/\/rioonwatch.org.br\/?p=61383\" \/>\n<meta property=\"og:locale\" content=\"pt_BR\" \/>\n<meta property=\"og:type\" content=\"article\" \/>\n<meta property=\"og:title\" content=\"Periferias em Gest\u00e3o de Crise: O Funk como Instrumento Humanit\u00e1rio nas Favelas Cariocas - RioOnWatch\" \/>\n<meta property=\"og:description\" content=\"Click Here for English Esta mat\u00e9ria\u00a0faz parte de\u00a0uma s\u00e9rie\u00a0gerada por uma parceria do RioOnWatch com o\u00a0N\u00facleo de Estudos Cr\u00edticos em Linguagem, Educa\u00e7\u00e3o e Sociedade (NECLES), da UFF, para produzir mat\u00e9rias que ser\u00e3o utilizadas como\u00a0recursos pedag\u00f3gicos [...]\" \/>\n<meta property=\"og:url\" content=\"https:\/\/rioonwatch.org.br\/?p=61383\" \/>\n<meta property=\"og:site_name\" content=\"RioOnWatch\" \/>\n<meta property=\"article:published_time\" content=\"2022-04-28T10:52:05+00:00\" \/>\n<meta property=\"article:modified_time\" content=\"2022-05-27T17:10:17+00:00\" \/>\n<meta property=\"og:image\" content=\"https:\/\/rioonwatch.org.br\/wp-content\/uploads\/2022\/04\/Baile-da-Gaiola-edicao-LGBT-no-Complexo-da-Penha-Zona-Norte-do-Rio-de-Janeiro-movimenta-a-economia-da-regiao-nos-fins-de-semana..jpg\" \/>\n\t<meta property=\"og:image:width\" content=\"1024\" \/>\n\t<meta property=\"og:image:height\" content=\"683\" \/>\n\t<meta property=\"og:image:type\" content=\"image\/jpeg\" \/>\n<meta name=\"author\" content=\"Julio Santos Filho\" \/>\n<meta name=\"twitter:card\" content=\"summary_large_image\" \/>\n<meta name=\"twitter:label1\" content=\"Escrito por\" \/>\n\t<meta name=\"twitter:data1\" content=\"Julio Santos Filho\" \/>\n\t<meta name=\"twitter:label2\" content=\"Est. tempo de leitura\" \/>\n\t<meta name=\"twitter:data2\" content=\"7 minutos\" \/>\n<script type=\"application\/ld+json\" class=\"yoast-schema-graph\">{\"@context\":\"https:\/\/schema.org\",\"@graph\":[{\"@type\":\"Article\",\"@id\":\"https:\/\/rioonwatch.org.br\/?p=61383#article\",\"isPartOf\":{\"@id\":\"https:\/\/rioonwatch.org.br\/?p=61383\"},\"author\":{\"name\":\"Julio Santos Filho\",\"@id\":\"https:\/\/rioonwatch.org.br\/#\/schema\/person\/476bc75767957d3535b65b796667cd36\"},\"headline\":\"Periferias em Gest\u00e3o de Crise: O Funk como Instrumento Humanit\u00e1rio nas Favelas Cariocas\",\"datePublished\":\"2022-04-28T10:52:05+00:00\",\"dateModified\":\"2022-05-27T17:10:17+00:00\",\"mainEntityOfPage\":{\"@id\":\"https:\/\/rioonwatch.org.br\/?p=61383\"},\"wordCount\":1217,\"publisher\":{\"@id\":\"https:\/\/rioonwatch.org.br\/#organization\"},\"image\":{\"@id\":\"https:\/\/rioonwatch.org.br\/?p=61383#primaryimage\"},\"thumbnailUrl\":\"https:\/\/rioonwatch.org.br\/wp-content\/uploads\/2022\/04\/Baile-da-Gaiola-edicao-LGBT-no-Complexo-da-Penha-Zona-Norte-do-Rio-de-Janeiro-movimenta-a-economia-da-regiao-nos-fins-de-semana..jpg\",\"keywords\":[\"coronav\u00edrus\",\"cultura\",\"Cultura Afro-brasileira\",\"cultura da favela\",\"Di\u00e1spora Africana\",\"funk\",\"HIV\",\"mobiliza\u00e7\u00e3o\",\"negritude\",\"Racismo estrutural\",\"sa\u00fade\",\"sentimento de pertencimento\",\"S\u00e9rie: Parceria com NECLES\/UFF\",\"tuberculose\"],\"articleSection\":[\"*Destaque\",\"Cultura da Favela\",\"Escrito por Comunicadores Populares\"],\"inLanguage\":\"pt-BR\"},{\"@type\":\"WebPage\",\"@id\":\"https:\/\/rioonwatch.org.br\/?p=61383\",\"url\":\"https:\/\/rioonwatch.org.br\/?p=61383\",\"name\":\"Periferias em Gest\u00e3o de Crise: O Funk como Instrumento Humanit\u00e1rio nas Favelas Cariocas - RioOnWatch\",\"isPartOf\":{\"@id\":\"https:\/\/rioonwatch.org.br\/#website\"},\"primaryImageOfPage\":{\"@id\":\"https:\/\/rioonwatch.org.br\/?p=61383#primaryimage\"},\"image\":{\"@id\":\"https:\/\/rioonwatch.org.br\/?p=61383#primaryimage\"},\"thumbnailUrl\":\"https:\/\/rioonwatch.org.br\/wp-content\/uploads\/2022\/04\/Baile-da-Gaiola-edicao-LGBT-no-Complexo-da-Penha-Zona-Norte-do-Rio-de-Janeiro-movimenta-a-economia-da-regiao-nos-fins-de-semana..jpg\",\"datePublished\":\"2022-04-28T10:52:05+00:00\",\"dateModified\":\"2022-05-27T17:10:17+00:00\",\"breadcrumb\":{\"@id\":\"https:\/\/rioonwatch.org.br\/?p=61383#breadcrumb\"},\"inLanguage\":\"pt-BR\",\"potentialAction\":[{\"@type\":\"ReadAction\",\"target\":[\"https:\/\/rioonwatch.org.br\/?p=61383\"]}]},{\"@type\":\"ImageObject\",\"inLanguage\":\"pt-BR\",\"@id\":\"https:\/\/rioonwatch.org.br\/?p=61383#primaryimage\",\"url\":\"https:\/\/rioonwatch.org.br\/wp-content\/uploads\/2022\/04\/Baile-da-Gaiola-edicao-LGBT-no-Complexo-da-Penha-Zona-Norte-do-Rio-de-Janeiro-movimenta-a-economia-da-regiao-nos-fins-de-semana..jpg\",\"contentUrl\":\"https:\/\/rioonwatch.org.br\/wp-content\/uploads\/2022\/04\/Baile-da-Gaiola-edicao-LGBT-no-Complexo-da-Penha-Zona-Norte-do-Rio-de-Janeiro-movimenta-a-economia-da-regiao-nos-fins-de-semana..jpg\",\"width\":1024,\"height\":683,\"caption\":\"Baile da Gaiola, edi\u00e7\u00e3o LGBT, no Complexo da Penha, Zona Norte do Rio de Janeiro, movimenta a economia da regi\u00e3o nos fins de semana.\"},{\"@type\":\"BreadcrumbList\",\"@id\":\"https:\/\/rioonwatch.org.br\/?p=61383#breadcrumb\",\"itemListElement\":[{\"@type\":\"ListItem\",\"position\":1,\"name\":\"In\u00edcio\",\"item\":\"https:\/\/rioonwatch.org.br\/\"},{\"@type\":\"ListItem\",\"position\":2,\"name\":\"Periferias em Gest\u00e3o de Crise: O Funk como Instrumento Humanit\u00e1rio nas Favelas Cariocas\"}]},{\"@type\":\"WebSite\",\"@id\":\"https:\/\/rioonwatch.org.br\/#website\",\"url\":\"https:\/\/rioonwatch.org.br\/\",\"name\":\"RioOnWatch\",\"description\":\"relatos das favelas cariocas\",\"publisher\":{\"@id\":\"https:\/\/rioonwatch.org.br\/#organization\"},\"potentialAction\":[{\"@type\":\"SearchAction\",\"target\":{\"@type\":\"EntryPoint\",\"urlTemplate\":\"https:\/\/rioonwatch.org.br\/?s={search_term_string}\"},\"query-input\":{\"@type\":\"PropertyValueSpecification\",\"valueRequired\":true,\"valueName\":\"search_term_string\"}}],\"inLanguage\":\"pt-BR\"},{\"@type\":\"Organization\",\"@id\":\"https:\/\/rioonwatch.org.br\/#organization\",\"name\":\"RioOnWatch\",\"url\":\"https:\/\/rioonwatch.org.br\/\",\"logo\":{\"@type\":\"ImageObject\",\"inLanguage\":\"pt-BR\",\"@id\":\"https:\/\/rioonwatch.org.br\/#\/schema\/logo\/image\/\",\"url\":\"https:\/\/rioonwatch.org.br\/wp-content\/uploads\/2021\/06\/RioOnWatchcabecalhoPT11anos-2.png\",\"contentUrl\":\"https:\/\/rioonwatch.org.br\/wp-content\/uploads\/2021\/06\/RioOnWatchcabecalhoPT11anos-2.png\",\"width\":779,\"height\":277,\"caption\":\"RioOnWatch\"},\"image\":{\"@id\":\"https:\/\/rioonwatch.org.br\/#\/schema\/logo\/image\/\"}},{\"@type\":\"Person\",\"@id\":\"https:\/\/rioonwatch.org.br\/#\/schema\/person\/476bc75767957d3535b65b796667cd36\",\"name\":\"Julio Santos Filho\",\"image\":{\"@type\":\"ImageObject\",\"inLanguage\":\"pt-BR\",\"@id\":\"https:\/\/rioonwatch.org.br\/#\/schema\/person\/image\/\",\"url\":\"https:\/\/secure.gravatar.com\/avatar\/ca138f7666182a292a8ce4ca14fb81f8?s=96&d=blank&r=g\",\"contentUrl\":\"https:\/\/secure.gravatar.com\/avatar\/ca138f7666182a292a8ce4ca14fb81f8?s=96&d=blank&r=g\",\"caption\":\"Julio Santos Filho\"},\"url\":\"https:\/\/rioonwatch.org.br\/?author=167\"}]}<\/script>\n<!-- \/ Yoast SEO plugin. -->","yoast_head_json":{"title":"Periferias em Gest\u00e3o de Crise: O Funk como Instrumento Humanit\u00e1rio nas Favelas Cariocas - RioOnWatch","robots":{"index":"index","follow":"follow","max-snippet":"max-snippet:-1","max-image-preview":"max-image-preview:large","max-video-preview":"max-video-preview:-1"},"canonical":"https:\/\/rioonwatch.org.br\/?p=61383","og_locale":"pt_BR","og_type":"article","og_title":"Periferias em Gest\u00e3o de Crise: O Funk como Instrumento Humanit\u00e1rio nas Favelas Cariocas - RioOnWatch","og_description":"Click Here for English Esta mat\u00e9ria\u00a0faz parte de\u00a0uma s\u00e9rie\u00a0gerada por uma parceria do RioOnWatch com o\u00a0N\u00facleo de Estudos Cr\u00edticos em Linguagem, Educa\u00e7\u00e3o e Sociedade (NECLES), da UFF, para produzir mat\u00e9rias que ser\u00e3o utilizadas como\u00a0recursos pedag\u00f3gicos [...]","og_url":"https:\/\/rioonwatch.org.br\/?p=61383","og_site_name":"RioOnWatch","article_published_time":"2022-04-28T10:52:05+00:00","article_modified_time":"2022-05-27T17:10:17+00:00","og_image":[{"width":1024,"height":683,"url":"https:\/\/rioonwatch.org.br\/wp-content\/uploads\/2022\/04\/Baile-da-Gaiola-edicao-LGBT-no-Complexo-da-Penha-Zona-Norte-do-Rio-de-Janeiro-movimenta-a-economia-da-regiao-nos-fins-de-semana..jpg","type":"image\/jpeg"}],"author":"Julio Santos Filho","twitter_card":"summary_large_image","twitter_misc":{"Escrito por":"Julio Santos Filho","Est. tempo de leitura":"7 minutos"},"schema":{"@context":"https:\/\/schema.org","@graph":[{"@type":"Article","@id":"https:\/\/rioonwatch.org.br\/?p=61383#article","isPartOf":{"@id":"https:\/\/rioonwatch.org.br\/?p=61383"},"author":{"name":"Julio Santos Filho","@id":"https:\/\/rioonwatch.org.br\/#\/schema\/person\/476bc75767957d3535b65b796667cd36"},"headline":"Periferias em Gest\u00e3o de Crise: O Funk como Instrumento Humanit\u00e1rio nas Favelas Cariocas","datePublished":"2022-04-28T10:52:05+00:00","dateModified":"2022-05-27T17:10:17+00:00","mainEntityOfPage":{"@id":"https:\/\/rioonwatch.org.br\/?p=61383"},"wordCount":1217,"publisher":{"@id":"https:\/\/rioonwatch.org.br\/#organization"},"image":{"@id":"https:\/\/rioonwatch.org.br\/?p=61383#primaryimage"},"thumbnailUrl":"https:\/\/rioonwatch.org.br\/wp-content\/uploads\/2022\/04\/Baile-da-Gaiola-edicao-LGBT-no-Complexo-da-Penha-Zona-Norte-do-Rio-de-Janeiro-movimenta-a-economia-da-regiao-nos-fins-de-semana..jpg","keywords":["coronav\u00edrus","cultura","Cultura Afro-brasileira","cultura da favela","Di\u00e1spora Africana","funk","HIV","mobiliza\u00e7\u00e3o","negritude","Racismo estrutural","sa\u00fade","sentimento de pertencimento","S\u00e9rie: Parceria com NECLES\/UFF","tuberculose"],"articleSection":["*Destaque","Cultura da Favela","Escrito por Comunicadores Populares"],"inLanguage":"pt-BR"},{"@type":"WebPage","@id":"https:\/\/rioonwatch.org.br\/?p=61383","url":"https:\/\/rioonwatch.org.br\/?p=61383","name":"Periferias em Gest\u00e3o de Crise: O Funk como Instrumento Humanit\u00e1rio nas Favelas Cariocas - RioOnWatch","isPartOf":{"@id":"https:\/\/rioonwatch.org.br\/#website"},"primaryImageOfPage":{"@id":"https:\/\/rioonwatch.org.br\/?p=61383#primaryimage"},"image":{"@id":"https:\/\/rioonwatch.org.br\/?p=61383#primaryimage"},"thumbnailUrl":"https:\/\/rioonwatch.org.br\/wp-content\/uploads\/2022\/04\/Baile-da-Gaiola-edicao-LGBT-no-Complexo-da-Penha-Zona-Norte-do-Rio-de-Janeiro-movimenta-a-economia-da-regiao-nos-fins-de-semana..jpg","datePublished":"2022-04-28T10:52:05+00:00","dateModified":"2022-05-27T17:10:17+00:00","breadcrumb":{"@id":"https:\/\/rioonwatch.org.br\/?p=61383#breadcrumb"},"inLanguage":"pt-BR","potentialAction":[{"@type":"ReadAction","target":["https:\/\/rioonwatch.org.br\/?p=61383"]}]},{"@type":"ImageObject","inLanguage":"pt-BR","@id":"https:\/\/rioonwatch.org.br\/?p=61383#primaryimage","url":"https:\/\/rioonwatch.org.br\/wp-content\/uploads\/2022\/04\/Baile-da-Gaiola-edicao-LGBT-no-Complexo-da-Penha-Zona-Norte-do-Rio-de-Janeiro-movimenta-a-economia-da-regiao-nos-fins-de-semana..jpg","contentUrl":"https:\/\/rioonwatch.org.br\/wp-content\/uploads\/2022\/04\/Baile-da-Gaiola-edicao-LGBT-no-Complexo-da-Penha-Zona-Norte-do-Rio-de-Janeiro-movimenta-a-economia-da-regiao-nos-fins-de-semana..jpg","width":1024,"height":683,"caption":"Baile da Gaiola, edi\u00e7\u00e3o LGBT, no Complexo da Penha, Zona Norte do Rio de Janeiro, movimenta a economia da regi\u00e3o nos fins de semana."},{"@type":"BreadcrumbList","@id":"https:\/\/rioonwatch.org.br\/?p=61383#breadcrumb","itemListElement":[{"@type":"ListItem","position":1,"name":"In\u00edcio","item":"https:\/\/rioonwatch.org.br\/"},{"@type":"ListItem","position":2,"name":"Periferias em Gest\u00e3o de Crise: O Funk como Instrumento Humanit\u00e1rio nas Favelas Cariocas"}]},{"@type":"WebSite","@id":"https:\/\/rioonwatch.org.br\/#website","url":"https:\/\/rioonwatch.org.br\/","name":"RioOnWatch","description":"relatos das favelas cariocas","publisher":{"@id":"https:\/\/rioonwatch.org.br\/#organization"},"potentialAction":[{"@type":"SearchAction","target":{"@type":"EntryPoint","urlTemplate":"https:\/\/rioonwatch.org.br\/?s={search_term_string}"},"query-input":{"@type":"PropertyValueSpecification","valueRequired":true,"valueName":"search_term_string"}}],"inLanguage":"pt-BR"},{"@type":"Organization","@id":"https:\/\/rioonwatch.org.br\/#organization","name":"RioOnWatch","url":"https:\/\/rioonwatch.org.br\/","logo":{"@type":"ImageObject","inLanguage":"pt-BR","@id":"https:\/\/rioonwatch.org.br\/#\/schema\/logo\/image\/","url":"https:\/\/rioonwatch.org.br\/wp-content\/uploads\/2021\/06\/RioOnWatchcabecalhoPT11anos-2.png","contentUrl":"https:\/\/rioonwatch.org.br\/wp-content\/uploads\/2021\/06\/RioOnWatchcabecalhoPT11anos-2.png","width":779,"height":277,"caption":"RioOnWatch"},"image":{"@id":"https:\/\/rioonwatch.org.br\/#\/schema\/logo\/image\/"}},{"@type":"Person","@id":"https:\/\/rioonwatch.org.br\/#\/schema\/person\/476bc75767957d3535b65b796667cd36","name":"Julio Santos Filho","image":{"@type":"ImageObject","inLanguage":"pt-BR","@id":"https:\/\/rioonwatch.org.br\/#\/schema\/person\/image\/","url":"https:\/\/secure.gravatar.com\/avatar\/ca138f7666182a292a8ce4ca14fb81f8?s=96&d=blank&r=g","contentUrl":"https:\/\/secure.gravatar.com\/avatar\/ca138f7666182a292a8ce4ca14fb81f8?s=96&d=blank&r=g","caption":"Julio Santos Filho"},"url":"https:\/\/rioonwatch.org.br\/?author=167"}]}},"_links":{"self":[{"href":"https:\/\/rioonwatch.org.br\/index.php?rest_route=\/wp\/v2\/posts\/61383"}],"collection":[{"href":"https:\/\/rioonwatch.org.br\/index.php?rest_route=\/wp\/v2\/posts"}],"about":[{"href":"https:\/\/rioonwatch.org.br\/index.php?rest_route=\/wp\/v2\/types\/post"}],"author":[{"embeddable":true,"href":"https:\/\/rioonwatch.org.br\/index.php?rest_route=\/wp\/v2\/users\/167"}],"replies":[{"embeddable":true,"href":"https:\/\/rioonwatch.org.br\/index.php?rest_route=%2Fwp%2Fv2%2Fcomments&post=61383"}],"version-history":[{"count":13,"href":"https:\/\/rioonwatch.org.br\/index.php?rest_route=\/wp\/v2\/posts\/61383\/revisions"}],"predecessor-version":[{"id":61757,"href":"https:\/\/rioonwatch.org.br\/index.php?rest_route=\/wp\/v2\/posts\/61383\/revisions\/61757"}],"wp:featuredmedia":[{"embeddable":true,"href":"https:\/\/rioonwatch.org.br\/index.php?rest_route=\/wp\/v2\/media\/61386"}],"wp:attachment":[{"href":"https:\/\/rioonwatch.org.br\/index.php?rest_route=%2Fwp%2Fv2%2Fmedia&parent=61383"}],"wp:term":[{"taxonomy":"category","embeddable":true,"href":"https:\/\/rioonwatch.org.br\/index.php?rest_route=%2Fwp%2Fv2%2Fcategories&post=61383"},{"taxonomy":"post_tag","embeddable":true,"href":"https:\/\/rioonwatch.org.br\/index.php?rest_route=%2Fwp%2Fv2%2Ftags&post=61383"},{"taxonomy":"writer","embeddable":true,"href":"https:\/\/rioonwatch.org.br\/index.php?rest_route=%2Fwp%2Fv2%2Fwriter&post=61383"},{"taxonomy":"translator","embeddable":true,"href":"https:\/\/rioonwatch.org.br\/index.php?rest_route=%2Fwp%2Fv2%2Ftranslator&post=61383"},{"taxonomy":"source","embeddable":true,"href":"https:\/\/rioonwatch.org.br\/index.php?rest_route=%2Fwp%2Fv2%2Fsource&post=61383"},{"taxonomy":"ilustrador","embeddable":true,"href":"https:\/\/rioonwatch.org.br\/index.php?rest_route=%2Fwp%2Fv2%2Filustrador&post=61383"},{"taxonomy":"fotografo","embeddable":true,"href":"https:\/\/rioonwatch.org.br\/index.php?rest_route=%2Fwp%2Fv2%2Ffotografo&post=61383"}],"curies":[{"name":"wp","href":"https:\/\/api.w.org\/{rel}","templated":true}]}}