{"id":61406,"date":"2012-07-05T20:11:54","date_gmt":"2012-07-05T23:11:54","guid":{"rendered":"https:\/\/rioonwatch.org.br\/?p=61406"},"modified":"2022-08-20T20:12:06","modified_gmt":"2022-08-20T23:12:06","slug":"sitie-de-lixao-a-parque-ecologico-no-vidigal-imagens","status":"publish","type":"post","link":"https:\/\/rioonwatch.org.br\/?p=61406","title":{"rendered":"Siti\u00ea: De Lix\u00e3o a Parque Ecol\u00f3gico no Vidigal [IMAGENS]"},"content":{"rendered":"<p style=\"text-align: right;\"><em><strong><a href=\"http:\/\/bit.ly\/1aP6Ger\" target=\"_blank\" rel=\"noopener noreferrer\">Click Here for English<\/a><a href=\"http:\/\/bit.ly\/1aP6Ger\" target=\"_blank\" rel=\"noopener noreferrer\"><img decoding=\"async\" class=\"alignright wp-image-15790\" src=\"https:\/\/rioonwatch.org.br\/wp-content\/uploads\/2012\/08\/EN-standard-e1439583104716.jpg\" alt=\"\" width=\"20\" height=\"20\" \/><\/a><\/strong><\/em><\/p>\n<p>Concreto, equipamento quebrado e vegeta\u00e7\u00e3o escassa comp\u00f5em o &#8220;Parque Ecol\u00f3gico&#8221; oficial do <a href=\"http:\/\/bit.ly\/2xCoB59\" target=\"_blank\" rel=\"noopener\">Vidigal<\/a>. Assim como muitos moradores, Felipe Paiva n\u00e3o ficou impressionado. A sua voz carregava mais do que uma pitada de ironia ao detalhar a constru\u00e7\u00e3o: &#8220;A Prefeitura demoliu algumas constru\u00e7\u00f5es para limpar esta pra\u00e7a, deixou as \u00e1rvores ao redor e a chamou de parque ecol\u00f3gico&#8221;. Um balan\u00e7o inacabado enquadrava o cen\u00e1rio com temas ultrapassados de investimentos governamentais irresolutos que definem muitas favelas. Mas Felipe continuou num tom mais positivo: &#8220;L\u00e1 em baixo, os moradores constru\u00edram um parque ecol\u00f3gico de fato&#8221;.<\/p>\n<p><a href=\"https:\/\/rioonwatch.org.br\/wp-content\/uploads\/2022\/05\/Entrada-do-Parque-Sitie.jpg\"><img fetchpriority=\"high\" decoding=\"async\" class=\"alignright wp-image-61495\" title=\"Parque ecol\u00f3gico\" src=\"https:\/\/rioonwatch.org.br\/wp-content\/uploads\/2022\/05\/Entrada-do-Parque-Sitie.jpg\" alt=\"Parque ecol\u00f3gico\" width=\"300\" height=\"200\" \/><\/a><\/p>\n<p>Ap\u00f3s a descida do nosso grupo por uma escadaria feita cuidadosamente com pneus descartados, o contraste entre as duas iniciativas era impressionante. Uma rica composi\u00e7\u00e3o de plantas e uma ornamenta\u00e7\u00e3o inteligente nos deram boas-vindas ao <a href=\"https:\/\/bit.ly\/3MQ01lV\" target=\"_blank\" rel=\"noopener\">Siti\u00ea<\/a>, um parque ecol\u00f3gico comunit\u00e1rio situado ao longo da encosta do Morro Dois Irm\u00e3os. Ao lado do convidativo arco de entrada, folhas brotavam do solo enchendo antigos vasos sanit\u00e1rios de cer\u00e2mica; borboletas amarelas voavam levemente de parada em parada; e uma planta em formato de bal\u00e3o com o nome engra\u00e7ado de saco-de-velho brilhava quase transparente ao sol.<\/p>\n<p><a href=\"https:\/\/rioonwatch.org.br\/wp-content\/uploads\/2022\/05\/Andares-de-pneus-em-meio-ao-parque.jpeg\"><img decoding=\"async\" class=\"wp-image-61496 alignright\" title=\"Andares de pneus em meio ao parque\" src=\"https:\/\/rioonwatch.org.br\/wp-content\/uploads\/2022\/05\/Andares-de-pneus-em-meio-ao-parque.jpeg\" alt=\"Andares de pneus em meio ao parque\" width=\"300\" height=\"400\" \/><\/a>Com uma vista para o oceano de um lado e um morro arborizado do outro, a localiza\u00e7\u00e3o do Siti\u00ea quase parece uma escolha muito f\u00e1cil para este tipo pitoresco de projeto. Mas, h\u00e1 menos de uma d\u00e9cada, poucos teriam imaginado um parque como o Siti\u00ea sendo constru\u00eddo onde ele fica hoje. O que era originalmente parte da Mata Atl\u00e2ntica tinha sido transformado em um dep\u00f3sito de lixo por anos de desperd\u00edcio e neglig\u00eancia. Vitor, um dos fundadores do Siti\u00ea, nos falou de geladeiras quebradas no meio de um espa\u00e7o imundo\u2014e do grupo original de cinco moradores que decidiu limp\u00e1-lo.<\/p>\n<p>&#8220;Fizemos uma lipoaspira\u00e7\u00e3o na terra&#8221;, disse ele, recordando dias sob o sol quente, rodeado pelos cheiros e texturas do lixo. O pequeno grupo de fundadores vizinhos do local realizou um <a href=\"http:\/\/bit.ly\/P5Qw38\" target=\"_blank\" rel=\"noopener\">mutir\u00e3o<\/a>. Foi tudo trabalho manual, ele explicou, limpando um volume espantoso de lixo, 12 toneladas no total, movidos pela solidariedade e pelo desejo de um espa\u00e7o de lazer verde e relaxante. Com o terreno finalmente limpo, o jardim e o reflorestamento foram alcan\u00e7ados atrav\u00e9s do apoio comunit\u00e1rio e de doa\u00e7\u00f5es de plantas feitas pelo Jardim Bot\u00e2nico do Rio.<\/p>\n<p><a href=\"https:\/\/rioonwatch.org.br\/wp-content\/uploads\/2022\/05\/Vasos-sanitarios-de-porcelana-viram-vasos-de-flores.jpg\"><img loading=\"lazy\" decoding=\"async\" class=\"alignright wp-image-61497 size-full\" title=\"Vasos sanit\u00e1rios de porcelana viram vasos de flores\" src=\"https:\/\/rioonwatch.org.br\/wp-content\/uploads\/2022\/05\/Vasos-sanitarios-de-porcelana-viram-vasos-de-flores.jpg\" alt=\"Vasos sanit\u00e1rios de porcelana viram vasos de flores\" width=\"300\" height=\"199\" \/><\/a>A quantidade de imprensa estrangeira que a confer\u00eancia Rio+20 trouxe para a cidade e para a quest\u00e3o da sustentabilidade ambiental desencadeou um interesse sem precedentes dos meios de comunica\u00e7\u00e3o pelo Siti\u00ea. Embora o reconhecimento seja lisonjeiro, Vitor compartilhou a sua frustra\u00e7\u00e3o com o resultado daquelas intera\u00e7\u00f5es. &#8220;As pessoas entram com c\u00e2meras, tiram tr\u00eas horas do nosso tempo e energia e partem sem oferecer qualquer apoio ou recurso&#8221;, disse ele. Quando questionado sobre a ideia de gerar renda pelo projeto, Vitor mostrou-se aberto, mas hesitante. &#8220;N\u00e3o fizemos isto por dinheiro&#8221;, disse ele. &#8220;Estamos abertos a doa\u00e7\u00f5es, mas tudo o que eu queria era um bom lugar para tomar uma caipirinha e ouvir m\u00fasica calma&#8221;. Ele tamb\u00e9m ponderou sobre especula\u00e7\u00f5es de que o governo interviria para se apropriar de algumas das realiza\u00e7\u00f5es do Siti\u00ea com a justificativa de integra\u00e7\u00e3o.<\/p>\n<p><a href=\"https:\/\/rioonwatch.org.br\/wp-content\/uploads\/2022\/05\/Alimentadores-de-passaros-feitos-com-material-reciclavel.jpeg\"><img loading=\"lazy\" decoding=\"async\" class=\"alignright wp-image-61498\" title=\"Alimentadores de p\u00e1ssaros feitos com material recicl\u00e1vel\" src=\"https:\/\/rioonwatch.org.br\/wp-content\/uploads\/2022\/05\/Alimentadores-de-passaros-feitos-com-material-reciclavel.jpeg\" alt=\"Alimentadores de p\u00e1ssaros feitos com material recicl\u00e1vel\" width=\"300\" height=\"225\" srcset=\"https:\/\/rioonwatch.org.br\/wp-content\/uploads\/2022\/05\/Alimentadores-de-passaros-feitos-com-material-reciclavel.jpeg 326w, https:\/\/rioonwatch.org.br\/wp-content\/uploads\/2022\/05\/Alimentadores-de-passaros-feitos-com-material-reciclavel-80x60.jpeg 80w\" sizes=\"(max-width: 300px) 100vw, 300px\" \/><\/a>O passado, presente e futuro do Siti\u00ea carregam algumas quest\u00f5es prementes enfrentadas pelo Vidigal e por muitas das outras favelas do Rio. Ao n\u00edvel mais \u00f3bvio, a destrui\u00e7\u00e3o ambiental e o ac\u00famulo de lixo que tornaram o mutir\u00e3o necess\u00e1rio est\u00e3o longe de ser um incidente isolado. Durante a nossa sa\u00edda, h\u00e1 poucos minutos na descida do morro, Felipe chamou nossa aten\u00e7\u00e3o para um vale de lixo que estava se acumulando logo abaixo de onde est\u00e1vamos. &#8220;Este era um rio nos anos 1980&#8221;, disse ele, &#8220;mas as pessoas continuaram a jogar lixo para dentro dele e, eventualmente, acabou secando&#8221;.<\/p>\n<p>Camadas de neglig\u00eancia por parte de moradores desinformados e de um governo ausente alimentaram este problema. Embora existam latas de lixo e garis trabalhando, seus servi\u00e7os n\u00e3o t\u00eam a amplitude necess\u00e1ria para evitar que a situa\u00e7\u00e3o se agrave. Em dias de chuva, sacos de lixo podem ser vistos deslizando com a enxurrada morro abaixo. &#8220;\u00c9 um lugar imundo&#8221;, disse um morador que nos alcan\u00e7ou durante o nosso passeio pelo morro mais cedo naquela manh\u00e3, &#8220;e s\u00f3 est\u00e1 piorando. As pessoas de fora entram para admirar as partes boas, mas a verdade \u00e9 que \u00e9 uma bagun\u00e7a\u201d.<\/p>\n<p><a href=\"https:\/\/rioonwatch.org.br\/wp-content\/uploads\/2022\/05\/Vista-do-Morro-do-Vidigal.jpg\"><img loading=\"lazy\" decoding=\"async\" class=\"alignright wp-image-61499 size-full\" title=\"Vista do Morro do Vidigal\" src=\"https:\/\/rioonwatch.org.br\/wp-content\/uploads\/2022\/05\/Vista-do-Morro-do-Vidigal.jpg\" alt=\"Vista do Morro do Vidigal\" width=\"300\" height=\"199\" \/><\/a>Essa fala do morador junto \u00e0 crescente aten\u00e7\u00e3o dos meios de comunica\u00e7\u00e3o ao Siti\u00ea nos leva para o outro lado da dif\u00edcil posi\u00e7\u00e3o em que o Vidigal se encontra. \u00c0 medida que as impressionantes alturas, vistas costeiras e espa\u00e7os ecol\u00f3gicos do Vidigal se tornam mais conhecidos e cobi\u00e7ados, <a href=\"https:\/\/bit.ly\/3w29RKF\" target=\"_blank\" rel=\"noopener\">a demanda por moradias aumenta<\/a> e os pre\u00e7os sobem para al\u00e9m do que muitos moradores s\u00e3o capazes de pagar. Investimentos p\u00fablicos podem contribuir para este avan\u00e7o da especula\u00e7\u00e3o. A situa\u00e7\u00e3o demanda bastante aten\u00e7\u00e3o e cuidado por ambos os lados da equa\u00e7\u00e3o: que tanto os moradores como o governo trabalhem em conjunto para melhorar a qualidade de vida no Vidigal e, ao mesmo tempo, <a href=\"https:\/\/bit.ly\/3ywqzBt\" target=\"_blank\" rel=\"noopener\">procurem mecanismos para manter os pre\u00e7os est\u00e1veis e acess\u00edveis<\/a>.<\/p>\n<p><a href=\"https:\/\/rioonwatch.org.br\/wp-content\/uploads\/2022\/05\/Garrafas-pet-sao-reutilizadas-por-todo-o-parque.jpg\"><img loading=\"lazy\" decoding=\"async\" class=\"alignright wp-image-61501\" title=\"Garrafas pet s\u00e3o reutilizadas por todo o parque\" src=\"https:\/\/rioonwatch.org.br\/wp-content\/uploads\/2022\/05\/Garrafas-pet-sao-reutilizadas-por-todo-o-parque.jpg\" alt=\"Garrafas pet s\u00e3o reutilizadas por todo o parque\" width=\"300\" height=\"200\" \/><\/a>O Siti\u00ea continua a abordar a primeira parte desta equa\u00e7\u00e3o, desenvolvendo uma cultura de responsabilidade ambiental atrav\u00e9s da promo\u00e7\u00e3o da participa\u00e7\u00e3o da comunidade e da pura energia da sua presen\u00e7a. Esta \u00e9tica est\u00e1 presente nas garrafas usadas para decora\u00e7\u00e3o e na escrita na parede que proclama em voz alta: &#8220;A natureza depende de voc\u00ea!&#8221; As crian\u00e7as riam e brincavam no meio das plantas e dos sinos de vento durante a nossa visita\u2014crian\u00e7as para quem o Siti\u00ea oferece suas aulas de jardinagem. Vitor, recordando a resili\u00eancia de seu pr\u00f3prio corpo ao lixo e ao calor, afirmou: &#8220;Sou imune a acidentes. A terra protege quem quer que se encarregue dela&#8221;.<\/p>\n<h3>Veja Essa Apresenta\u00e7\u00e3o de Slides sobre o Ador\u00e1vel Parque do Vidigal (<a href=\"https:\/\/bit.ly\/3hUhqfK\" target=\"_blank\" rel=\"noopener\">aqui<\/a>):<\/h3>\n<p><a title=\"Siti\u00ea Eco-Park in Vidigal\" href=\"https:\/\/www.flickr.com\/photos\/catcomm\/albums\/72157630428161956\" data-flickr-embed=\"true\"><img loading=\"lazy\" decoding=\"async\" src=\"https:\/\/live.staticflickr.com\/7276\/7505171530_06cc7d40f1_c.jpg\" alt=\"Siti\u00ea Eco-Park in Vidigal\" width=\"1024\" height=\"768\" \/><\/a><script async src=\"\/\/embedr.flickr.com\/assets\/client-code.js\" charset=\"utf-8\"><\/script><\/p>\n<hr \/>\n<h4><b data-stringify-type=\"bold\">Apoie nossos esfor\u00e7os para fornecer apoio estrat\u00e9gico \u00e0s favelas do Rio, incluindo o jornalismo hiperlocal, cr\u00edtico, inovador e incans\u00e1vel do\u00a0<\/b><b data-stringify-type=\"bold\"><i data-stringify-type=\"italic\">RioOnWatch<\/i><\/b>\u2014<a class=\"c-link\" href=\"http:\/\/www.bit.ly\/ApoieROW\" target=\"_blank\" rel=\"noopener noreferrer\" data-stringify-link=\"http:\/\/www.bit.ly\/ApoieROW\" data-sk=\"tooltip_parent\">doe aqui<\/a>.<\/h4>\n<!-- AddThis Advanced Settings generic via filter on the_content --><!-- AddThis Share Buttons generic via filter on the_content -->","protected":false},"excerpt":{"rendered":"<div class=\"mh-excerpt\"><p>Click Here for English Concreto, equipamento quebrado e vegeta\u00e7\u00e3o escassa comp\u00f5em o &#8220;Parque Ecol\u00f3gico&#8221; oficial do Vidigal. Assim como muitos moradores, Felipe Paiva n\u00e3o ficou impressionado. A sua voz carregava mais do que uma pitada <a class=\"mh-excerpt-more\" href=\"https:\/\/rioonwatch.org.br\/?p=61406\" title=\"Siti\u00ea: De Lix\u00e3o a Parque Ecol\u00f3gico no Vidigal [IMAGENS]\">[&#8230;]<\/a><!-- AddThis Advanced Settings generic via filter on get_the_excerpt --><!-- AddThis Share Buttons generic via filter on get_the_excerpt --><\/p>\n<\/div>","protected":false},"author":175,"featured_media":61502,"comment_status":"closed","ping_status":"closed","sticky":false,"template":"","format":"standard","meta":{"_acf_changed":false,"_monsterinsights_skip_tracking":false,"_monsterinsights_sitenote_active":false,"_monsterinsights_sitenote_note":"","_monsterinsights_sitenote_category":0,"footnotes":""},"categories":[1629,1634],"tags":[302,300,360,296,106,1151,417,476,404,354,383],"writer":[416],"translator":[1875],"source":[],"ilustrador":[],"fotografo":[],"class_list":{"0":"post-61406","1":"post","2":"type-post","3":"status-publish","4":"format-standard","5":"has-post-thumbnail","7":"category-entrevistas-e-perfis","8":"category-traducoes","9":"tag-agricultura-urbana","10":"tag-agrofloresta","11":"tag-lixo","12":"tag-mata-atlantica","13":"tag-meio-ambiente","14":"tag-organizacao","15":"tag-negligencia-do-estado","16":"tag-solucao-comunitaria","17":"tag-sustentabilidade","18":"tag-vidigal","19":"tag-zona-sul","20":"writer-rexy-josh-dorado","21":"translator-marina-hennies"},"acf":[],"yoast_head":"<!-- This site is optimized with the Yoast SEO plugin v25.6 - https:\/\/yoast.com\/wordpress\/plugins\/seo\/ -->\n<title>Siti\u00ea: De Lix\u00e3o a Parque Ecol\u00f3gico no Vidigal [IMAGENS] - RioOnWatch<\/title>\n<meta name=\"robots\" content=\"index, follow, max-snippet:-1, max-image-preview:large, max-video-preview:-1\" \/>\n<link rel=\"canonical\" href=\"https:\/\/rioonwatch.org.br\/?p=61406\" \/>\n<meta property=\"og:locale\" content=\"pt_BR\" \/>\n<meta property=\"og:type\" content=\"article\" \/>\n<meta property=\"og:title\" content=\"Siti\u00ea: De Lix\u00e3o a Parque Ecol\u00f3gico no Vidigal [IMAGENS] - RioOnWatch\" \/>\n<meta property=\"og:description\" content=\"Click Here for English Concreto, equipamento quebrado e vegeta\u00e7\u00e3o escassa comp\u00f5em o &#8220;Parque Ecol\u00f3gico&#8221; oficial do Vidigal. Assim como muitos moradores, Felipe Paiva n\u00e3o ficou impressionado. A sua voz carregava mais do que uma pitada [...]\" \/>\n<meta property=\"og:url\" content=\"https:\/\/rioonwatch.org.br\/?p=61406\" \/>\n<meta property=\"og:site_name\" content=\"RioOnWatch\" \/>\n<meta property=\"article:published_time\" content=\"2012-07-05T23:11:54+00:00\" \/>\n<meta property=\"article:modified_time\" content=\"2022-08-20T23:12:06+00:00\" \/>\n<meta property=\"og:image\" content=\"https:\/\/rioonwatch.org.br\/wp-content\/uploads\/2022\/05\/Parque-Sitie-e1651698893138.jpg\" \/>\n\t<meta property=\"og:image:width\" content=\"1030\" \/>\n\t<meta property=\"og:image:height\" content=\"773\" \/>\n\t<meta property=\"og:image:type\" content=\"image\/jpeg\" \/>\n<meta name=\"author\" content=\"Enrico Fedi\" \/>\n<meta name=\"twitter:card\" content=\"summary_large_image\" \/>\n<meta name=\"twitter:label1\" content=\"Escrito por\" \/>\n\t<meta name=\"twitter:data1\" content=\"Enrico Fedi\" \/>\n\t<meta name=\"twitter:label2\" content=\"Est. tempo de leitura\" \/>\n\t<meta name=\"twitter:data2\" content=\"8 minutos\" \/>\n<script type=\"application\/ld+json\" class=\"yoast-schema-graph\">{\"@context\":\"https:\/\/schema.org\",\"@graph\":[{\"@type\":\"Article\",\"@id\":\"https:\/\/rioonwatch.org.br\/?p=61406#article\",\"isPartOf\":{\"@id\":\"https:\/\/rioonwatch.org.br\/?p=61406\"},\"author\":{\"name\":\"Enrico Fedi\",\"@id\":\"https:\/\/rioonwatch.org.br\/#\/schema\/person\/a303e974b1bd619eecee3722a4dcdc9d\"},\"headline\":\"Siti\u00ea: De Lix\u00e3o a Parque Ecol\u00f3gico no Vidigal [IMAGENS]\",\"datePublished\":\"2012-07-05T23:11:54+00:00\",\"dateModified\":\"2022-08-20T23:12:06+00:00\",\"mainEntityOfPage\":{\"@id\":\"https:\/\/rioonwatch.org.br\/?p=61406\"},\"wordCount\":1082,\"publisher\":{\"@id\":\"https:\/\/rioonwatch.org.br\/#organization\"},\"image\":{\"@id\":\"https:\/\/rioonwatch.org.br\/?p=61406#primaryimage\"},\"thumbnailUrl\":\"https:\/\/rioonwatch.org.br\/wp-content\/uploads\/2022\/05\/Parque-Sitie-e1651698893138.jpg\",\"keywords\":[\"agricultura urbana\",\"agrofloresta\",\"lixo\",\"Mata Atl\u00e2ntica\",\"meio ambiente\",\"mobiliza\u00e7\u00e3o\",\"Neglig\u00eancia do Estado\",\"solu\u00e7\u00e3o comunit\u00e1ria\",\"sustentabilidade\",\"Vidigal\",\"Zona Sul\"],\"articleSection\":[\"Entrevistas e Perfis\",\"Traduzidas do Ingl\u00eas\"],\"inLanguage\":\"pt-BR\"},{\"@type\":\"WebPage\",\"@id\":\"https:\/\/rioonwatch.org.br\/?p=61406\",\"url\":\"https:\/\/rioonwatch.org.br\/?p=61406\",\"name\":\"Siti\u00ea: De Lix\u00e3o a Parque Ecol\u00f3gico no Vidigal [IMAGENS] - RioOnWatch\",\"isPartOf\":{\"@id\":\"https:\/\/rioonwatch.org.br\/#website\"},\"primaryImageOfPage\":{\"@id\":\"https:\/\/rioonwatch.org.br\/?p=61406#primaryimage\"},\"image\":{\"@id\":\"https:\/\/rioonwatch.org.br\/?p=61406#primaryimage\"},\"thumbnailUrl\":\"https:\/\/rioonwatch.org.br\/wp-content\/uploads\/2022\/05\/Parque-Sitie-e1651698893138.jpg\",\"datePublished\":\"2012-07-05T23:11:54+00:00\",\"dateModified\":\"2022-08-20T23:12:06+00:00\",\"breadcrumb\":{\"@id\":\"https:\/\/rioonwatch.org.br\/?p=61406#breadcrumb\"},\"inLanguage\":\"pt-BR\",\"potentialAction\":[{\"@type\":\"ReadAction\",\"target\":[\"https:\/\/rioonwatch.org.br\/?p=61406\"]}]},{\"@type\":\"ImageObject\",\"inLanguage\":\"pt-BR\",\"@id\":\"https:\/\/rioonwatch.org.br\/?p=61406#primaryimage\",\"url\":\"https:\/\/rioonwatch.org.br\/wp-content\/uploads\/2022\/05\/Parque-Sitie-e1651698893138.jpg\",\"contentUrl\":\"https:\/\/rioonwatch.org.br\/wp-content\/uploads\/2022\/05\/Parque-Sitie-e1651698893138.jpg\",\"width\":1030,\"height\":773,\"caption\":\"Parque Siti\u00ea, no Vidigal\"},{\"@type\":\"BreadcrumbList\",\"@id\":\"https:\/\/rioonwatch.org.br\/?p=61406#breadcrumb\",\"itemListElement\":[{\"@type\":\"ListItem\",\"position\":1,\"name\":\"In\u00edcio\",\"item\":\"https:\/\/rioonwatch.org.br\/\"},{\"@type\":\"ListItem\",\"position\":2,\"name\":\"Siti\u00ea: De Lix\u00e3o a Parque Ecol\u00f3gico no Vidigal [IMAGENS]\"}]},{\"@type\":\"WebSite\",\"@id\":\"https:\/\/rioonwatch.org.br\/#website\",\"url\":\"https:\/\/rioonwatch.org.br\/\",\"name\":\"RioOnWatch\",\"description\":\"relatos das favelas cariocas\",\"publisher\":{\"@id\":\"https:\/\/rioonwatch.org.br\/#organization\"},\"potentialAction\":[{\"@type\":\"SearchAction\",\"target\":{\"@type\":\"EntryPoint\",\"urlTemplate\":\"https:\/\/rioonwatch.org.br\/?s={search_term_string}\"},\"query-input\":{\"@type\":\"PropertyValueSpecification\",\"valueRequired\":true,\"valueName\":\"search_term_string\"}}],\"inLanguage\":\"pt-BR\"},{\"@type\":\"Organization\",\"@id\":\"https:\/\/rioonwatch.org.br\/#organization\",\"name\":\"RioOnWatch\",\"url\":\"https:\/\/rioonwatch.org.br\/\",\"logo\":{\"@type\":\"ImageObject\",\"inLanguage\":\"pt-BR\",\"@id\":\"https:\/\/rioonwatch.org.br\/#\/schema\/logo\/image\/\",\"url\":\"https:\/\/rioonwatch.org.br\/wp-content\/uploads\/2021\/06\/RioOnWatchcabecalhoPT11anos-2.png\",\"contentUrl\":\"https:\/\/rioonwatch.org.br\/wp-content\/uploads\/2021\/06\/RioOnWatchcabecalhoPT11anos-2.png\",\"width\":779,\"height\":277,\"caption\":\"RioOnWatch\"},\"image\":{\"@id\":\"https:\/\/rioonwatch.org.br\/#\/schema\/logo\/image\/\"}},{\"@type\":\"Person\",\"@id\":\"https:\/\/rioonwatch.org.br\/#\/schema\/person\/a303e974b1bd619eecee3722a4dcdc9d\",\"name\":\"Enrico Fedi\",\"image\":{\"@type\":\"ImageObject\",\"inLanguage\":\"pt-BR\",\"@id\":\"https:\/\/rioonwatch.org.br\/#\/schema\/person\/image\/\",\"url\":\"https:\/\/secure.gravatar.com\/avatar\/b295a642509c08670e742bc2070ac908?s=96&d=blank&r=g\",\"contentUrl\":\"https:\/\/secure.gravatar.com\/avatar\/b295a642509c08670e742bc2070ac908?s=96&d=blank&r=g\",\"caption\":\"Enrico Fedi\"},\"url\":\"https:\/\/rioonwatch.org.br\/?author=175\"}]}<\/script>\n<!-- \/ Yoast SEO plugin. -->","yoast_head_json":{"title":"Siti\u00ea: De Lix\u00e3o a Parque Ecol\u00f3gico no Vidigal [IMAGENS] - RioOnWatch","robots":{"index":"index","follow":"follow","max-snippet":"max-snippet:-1","max-image-preview":"max-image-preview:large","max-video-preview":"max-video-preview:-1"},"canonical":"https:\/\/rioonwatch.org.br\/?p=61406","og_locale":"pt_BR","og_type":"article","og_title":"Siti\u00ea: De Lix\u00e3o a Parque Ecol\u00f3gico no Vidigal [IMAGENS] - RioOnWatch","og_description":"Click Here for English Concreto, equipamento quebrado e vegeta\u00e7\u00e3o escassa comp\u00f5em o &#8220;Parque Ecol\u00f3gico&#8221; oficial do Vidigal. Assim como muitos moradores, Felipe Paiva n\u00e3o ficou impressionado. A sua voz carregava mais do que uma pitada [...]","og_url":"https:\/\/rioonwatch.org.br\/?p=61406","og_site_name":"RioOnWatch","article_published_time":"2012-07-05T23:11:54+00:00","article_modified_time":"2022-08-20T23:12:06+00:00","og_image":[{"width":1030,"height":773,"url":"https:\/\/rioonwatch.org.br\/wp-content\/uploads\/2022\/05\/Parque-Sitie-e1651698893138.jpg","type":"image\/jpeg"}],"author":"Enrico Fedi","twitter_card":"summary_large_image","twitter_misc":{"Escrito por":"Enrico Fedi","Est. tempo de leitura":"8 minutos"},"schema":{"@context":"https:\/\/schema.org","@graph":[{"@type":"Article","@id":"https:\/\/rioonwatch.org.br\/?p=61406#article","isPartOf":{"@id":"https:\/\/rioonwatch.org.br\/?p=61406"},"author":{"name":"Enrico Fedi","@id":"https:\/\/rioonwatch.org.br\/#\/schema\/person\/a303e974b1bd619eecee3722a4dcdc9d"},"headline":"Siti\u00ea: De Lix\u00e3o a Parque Ecol\u00f3gico no Vidigal [IMAGENS]","datePublished":"2012-07-05T23:11:54+00:00","dateModified":"2022-08-20T23:12:06+00:00","mainEntityOfPage":{"@id":"https:\/\/rioonwatch.org.br\/?p=61406"},"wordCount":1082,"publisher":{"@id":"https:\/\/rioonwatch.org.br\/#organization"},"image":{"@id":"https:\/\/rioonwatch.org.br\/?p=61406#primaryimage"},"thumbnailUrl":"https:\/\/rioonwatch.org.br\/wp-content\/uploads\/2022\/05\/Parque-Sitie-e1651698893138.jpg","keywords":["agricultura urbana","agrofloresta","lixo","Mata Atl\u00e2ntica","meio ambiente","mobiliza\u00e7\u00e3o","Neglig\u00eancia do Estado","solu\u00e7\u00e3o comunit\u00e1ria","sustentabilidade","Vidigal","Zona Sul"],"articleSection":["Entrevistas e Perfis","Traduzidas do Ingl\u00eas"],"inLanguage":"pt-BR"},{"@type":"WebPage","@id":"https:\/\/rioonwatch.org.br\/?p=61406","url":"https:\/\/rioonwatch.org.br\/?p=61406","name":"Siti\u00ea: De Lix\u00e3o a Parque Ecol\u00f3gico no Vidigal [IMAGENS] - RioOnWatch","isPartOf":{"@id":"https:\/\/rioonwatch.org.br\/#website"},"primaryImageOfPage":{"@id":"https:\/\/rioonwatch.org.br\/?p=61406#primaryimage"},"image":{"@id":"https:\/\/rioonwatch.org.br\/?p=61406#primaryimage"},"thumbnailUrl":"https:\/\/rioonwatch.org.br\/wp-content\/uploads\/2022\/05\/Parque-Sitie-e1651698893138.jpg","datePublished":"2012-07-05T23:11:54+00:00","dateModified":"2022-08-20T23:12:06+00:00","breadcrumb":{"@id":"https:\/\/rioonwatch.org.br\/?p=61406#breadcrumb"},"inLanguage":"pt-BR","potentialAction":[{"@type":"ReadAction","target":["https:\/\/rioonwatch.org.br\/?p=61406"]}]},{"@type":"ImageObject","inLanguage":"pt-BR","@id":"https:\/\/rioonwatch.org.br\/?p=61406#primaryimage","url":"https:\/\/rioonwatch.org.br\/wp-content\/uploads\/2022\/05\/Parque-Sitie-e1651698893138.jpg","contentUrl":"https:\/\/rioonwatch.org.br\/wp-content\/uploads\/2022\/05\/Parque-Sitie-e1651698893138.jpg","width":1030,"height":773,"caption":"Parque Siti\u00ea, no Vidigal"},{"@type":"BreadcrumbList","@id":"https:\/\/rioonwatch.org.br\/?p=61406#breadcrumb","itemListElement":[{"@type":"ListItem","position":1,"name":"In\u00edcio","item":"https:\/\/rioonwatch.org.br\/"},{"@type":"ListItem","position":2,"name":"Siti\u00ea: De Lix\u00e3o a Parque Ecol\u00f3gico no Vidigal [IMAGENS]"}]},{"@type":"WebSite","@id":"https:\/\/rioonwatch.org.br\/#website","url":"https:\/\/rioonwatch.org.br\/","name":"RioOnWatch","description":"relatos das favelas cariocas","publisher":{"@id":"https:\/\/rioonwatch.org.br\/#organization"},"potentialAction":[{"@type":"SearchAction","target":{"@type":"EntryPoint","urlTemplate":"https:\/\/rioonwatch.org.br\/?s={search_term_string}"},"query-input":{"@type":"PropertyValueSpecification","valueRequired":true,"valueName":"search_term_string"}}],"inLanguage":"pt-BR"},{"@type":"Organization","@id":"https:\/\/rioonwatch.org.br\/#organization","name":"RioOnWatch","url":"https:\/\/rioonwatch.org.br\/","logo":{"@type":"ImageObject","inLanguage":"pt-BR","@id":"https:\/\/rioonwatch.org.br\/#\/schema\/logo\/image\/","url":"https:\/\/rioonwatch.org.br\/wp-content\/uploads\/2021\/06\/RioOnWatchcabecalhoPT11anos-2.png","contentUrl":"https:\/\/rioonwatch.org.br\/wp-content\/uploads\/2021\/06\/RioOnWatchcabecalhoPT11anos-2.png","width":779,"height":277,"caption":"RioOnWatch"},"image":{"@id":"https:\/\/rioonwatch.org.br\/#\/schema\/logo\/image\/"}},{"@type":"Person","@id":"https:\/\/rioonwatch.org.br\/#\/schema\/person\/a303e974b1bd619eecee3722a4dcdc9d","name":"Enrico Fedi","image":{"@type":"ImageObject","inLanguage":"pt-BR","@id":"https:\/\/rioonwatch.org.br\/#\/schema\/person\/image\/","url":"https:\/\/secure.gravatar.com\/avatar\/b295a642509c08670e742bc2070ac908?s=96&d=blank&r=g","contentUrl":"https:\/\/secure.gravatar.com\/avatar\/b295a642509c08670e742bc2070ac908?s=96&d=blank&r=g","caption":"Enrico Fedi"},"url":"https:\/\/rioonwatch.org.br\/?author=175"}]}},"_links":{"self":[{"href":"https:\/\/rioonwatch.org.br\/index.php?rest_route=\/wp\/v2\/posts\/61406"}],"collection":[{"href":"https:\/\/rioonwatch.org.br\/index.php?rest_route=\/wp\/v2\/posts"}],"about":[{"href":"https:\/\/rioonwatch.org.br\/index.php?rest_route=\/wp\/v2\/types\/post"}],"author":[{"embeddable":true,"href":"https:\/\/rioonwatch.org.br\/index.php?rest_route=\/wp\/v2\/users\/175"}],"replies":[{"embeddable":true,"href":"https:\/\/rioonwatch.org.br\/index.php?rest_route=%2Fwp%2Fv2%2Fcomments&post=61406"}],"version-history":[{"count":10,"href":"https:\/\/rioonwatch.org.br\/index.php?rest_route=\/wp\/v2\/posts\/61406\/revisions"}],"predecessor-version":[{"id":62535,"href":"https:\/\/rioonwatch.org.br\/index.php?rest_route=\/wp\/v2\/posts\/61406\/revisions\/62535"}],"wp:featuredmedia":[{"embeddable":true,"href":"https:\/\/rioonwatch.org.br\/index.php?rest_route=\/wp\/v2\/media\/61502"}],"wp:attachment":[{"href":"https:\/\/rioonwatch.org.br\/index.php?rest_route=%2Fwp%2Fv2%2Fmedia&parent=61406"}],"wp:term":[{"taxonomy":"category","embeddable":true,"href":"https:\/\/rioonwatch.org.br\/index.php?rest_route=%2Fwp%2Fv2%2Fcategories&post=61406"},{"taxonomy":"post_tag","embeddable":true,"href":"https:\/\/rioonwatch.org.br\/index.php?rest_route=%2Fwp%2Fv2%2Ftags&post=61406"},{"taxonomy":"writer","embeddable":true,"href":"https:\/\/rioonwatch.org.br\/index.php?rest_route=%2Fwp%2Fv2%2Fwriter&post=61406"},{"taxonomy":"translator","embeddable":true,"href":"https:\/\/rioonwatch.org.br\/index.php?rest_route=%2Fwp%2Fv2%2Ftranslator&post=61406"},{"taxonomy":"source","embeddable":true,"href":"https:\/\/rioonwatch.org.br\/index.php?rest_route=%2Fwp%2Fv2%2Fsource&post=61406"},{"taxonomy":"ilustrador","embeddable":true,"href":"https:\/\/rioonwatch.org.br\/index.php?rest_route=%2Fwp%2Fv2%2Filustrador&post=61406"},{"taxonomy":"fotografo","embeddable":true,"href":"https:\/\/rioonwatch.org.br\/index.php?rest_route=%2Fwp%2Fv2%2Ffotografo&post=61406"}],"curies":[{"name":"wp","href":"https:\/\/api.w.org\/{rel}","templated":true}]}}