{"id":61635,"date":"2022-06-02T07:00:42","date_gmt":"2022-06-02T10:00:42","guid":{"rendered":"https:\/\/rioonwatch.org.br\/?p=61635"},"modified":"2023-09-20T12:26:22","modified_gmt":"2023-09-20T15:26:22","slug":"ilhas-de-calor-e-ilhas-de-frescor-enactus-ufrj-ajuda-comunidades-contra-temperaturas-extremas","status":"publish","type":"post","link":"https:\/\/rioonwatch.org.br\/?p=61635","title":{"rendered":"Ilhas de Calor e Ilhas de Frescor: ENACTUS-UFRJ Ajuda Comunidades Contra Temperaturas Extremas"},"content":{"rendered":"<p style=\"text-align: right;\"><em><strong><a href=\"https:\/\/bit.ly\/3NOanmA\" target=\"_blank\" rel=\"noopener noreferrer\">Click Here for English<\/a><a href=\"https:\/\/bit.ly\/3NOanmA\" target=\"_blank\" rel=\"noopener noreferrer\"><img decoding=\"async\" class=\"alignright wp-image-15790\" src=\"https:\/\/rioonwatch.org.br\/wp-content\/uploads\/2012\/08\/EN-standard-e1439583104716.jpg\" alt=\"\" width=\"20\" height=\"20\" \/><\/a><\/strong><\/em><\/p>\n<p><img decoding=\"async\" class=\"alignright wp-image-42675\" src=\"https:\/\/rioonwatch.org.br\/wp-content\/uploads\/2019\/08\/SDSU-620x211.png\" sizes=\"(max-width: 200px) 100vw, 200px\" srcset=\"https:\/\/rioonwatch.org.br\/wp-content\/uploads\/2019\/08\/SDSU-620x211.png 620w, https:\/\/rioonwatch.org.br\/wp-content\/uploads\/2019\/08\/SDSU-768x261.png 768w, https:\/\/rioonwatch.org.br\/wp-content\/uploads\/2019\/08\/SDSU-1024x348.png 1024w, https:\/\/rioonwatch.org.br\/wp-content\/uploads\/2019\/08\/SDSU.png 1934w\" alt=\"\" width=\"200\" height=\"68\" \/><\/p>\n<p><em>Esta mat\u00e9ria\u00a0<\/em><em>faz parte de uma\u00a0<a href=\"https:\/\/bit.ly\/SerieSDSU\" target=\"_blank\" rel=\"noopener noreferrer\">s\u00e9rie<\/a>\u00a0gerada por uma parceria, com o\u00a0<a href=\"https:\/\/bit.ly\/SDSUDigitalBrazilProject\" target=\"_blank\" rel=\"noopener noreferrer\">Digital Brazil Project<\/a>\u00a0do\u00a0<a href=\"http:\/\/bit.ly\/2zcymI6\" target=\"_blank\" rel=\"noopener noreferrer\">Centro Behner Stiefel de Estudos Brasileiros<\/a>\u00a0da Universidade Estadual de San Diego, na Calif\u00f3rnia, para produzir mat\u00e9rias sobre impactos clim\u00e1ticos e a\u00e7\u00e3o afirmativa nas favelas cariocas e\u00a0<i data-stringify-type=\"italic\">de\u00a0<a href=\"https:\/\/bit.ly\/ROWeNECLES\" target=\"_blank\" rel=\"noopener noreferrer\">uma parceria<\/a>\u00a0com o\u00a0<\/i><i data-stringify-type=\"italic\"><a href=\"https:\/\/bit.ly\/33EFNGY\" target=\"_blank\" rel=\"noopener noreferrer\">N\u00facleo de Estudos Cr\u00edticos em Linguagem, Educa\u00e7\u00e3o e Sociedade (NECLES)<\/a>, da UFF, para produzir mat\u00e9rias que ser\u00e3o utilizadas como\u00a0recursos pedag\u00f3gicos em escolas p\u00fablicas de Niter\u00f3i.<\/i><\/em><\/p>\n<p><span style=\"font-weight: 400;\">O processo desordenado de ocupa\u00e7\u00e3o urbana, de expans\u00e3o <\/span><a href=\"https:\/\/bit.ly\/3schYTI\" target=\"_blank\" rel=\"noopener\"><span style=\"font-weight: 400;\">desenfreada nos \u00faltimos 200 anos<\/span><\/a><span style=\"font-weight: 400;\"> e da influ\u00eancia da <a href=\"https:\/\/bit.ly\/3lzyOsa\" target=\"_blank\" rel=\"noopener\">a\u00e7\u00e3o antr\u00f3pica<\/a> intensificada no Brasil, a partir do s\u00e9culo XX, causou diversos problemas ambientais e clim\u00e1ticos, que provocaram modifica\u00e7\u00f5es na cidade do Rio de Janeiro. Quando se pensa em urbaniza\u00e7\u00e3o, algumas imagens v\u00eam \u00e0 mente: autom\u00f3veis, polui\u00e7\u00e3o, edif\u00edcios, ru\u00eddos, etc. Em nosso pa\u00eds, a ocupa\u00e7\u00e3o das cidades se deu de forma acelerada. Nos \u00faltimos 70 anos, passamos de 70,2 milh\u00f5es para 209,3 milh\u00f5es de pessoas e a popula\u00e7\u00e3o urbana cresceu 41%, fazendo com que 85% dos brasileiros estejam vivendo em cidades. O aumento dram\u00e1tico da popula\u00e7\u00e3o e sua concentra\u00e7\u00e3o nos grandes centros gerou uma demanda por um planejamento urbano adequado que nunca acompanhou esse crescimento.\u00a0<\/span><\/p>\n<p><span style=\"font-weight: 400;\">Em 2017, estimava-se que a regi\u00e3o metropolitana do Rio de Janeiro crescia <\/span><a href=\"https:\/\/bit.ly\/3FfaEw5\" target=\"_blank\" rel=\"noopener\"><span style=\"font-weight: 400;\">cerca de 32 quil\u00f4metros quadrados por ano<\/span><\/a><span style=\"font-weight: 400;\">. A falta de pol\u00edtica urbana eficiente se evidencia atrav\u00e9s do est\u00edmulo ao crescimento desordenado da cidade numa vasta \u00e1rea com falta cr\u00f4nica de infraestrutura e de servi\u00e7os p\u00fablicos. Faltam escolas, hospitais, postos de sa\u00fade, transporte, saneamento b\u00e1sico, e rotineiramente, \u00e1gua encanada, energia el\u00e9trica e coleta de lixo. As pol\u00edticas p\u00fablicas n\u00e3o s\u00e3o eficientes nessas regi\u00f5es e precisam mudar.<\/span><\/p>\n<p><span style=\"font-weight: 400;\">As \u00e1reas verdes seguiram sendo, em \u00faltima an\u00e1lise, cada vez mais raras e concentradas em bairros de alto poder aquisitivo. O plano de arboriza\u00e7\u00e3o urbana do Rio de Janeiro, por exemplo, varia muito de acordo com a regi\u00e3o. A separa\u00e7\u00e3o econ\u00f4mica existente \u00e9 vis\u00edvel e gritante. A <\/span><a href=\"http:\/\/bit.ly\/2WL6FUi\" target=\"_blank\" rel=\"noopener\"><span style=\"font-weight: 400;\">Zona Sul<\/span><\/a><span style=\"font-weight: 400;\"> da cidade possui uma cobertura ampla de vegeta\u00e7\u00e3o, parques e pra\u00e7as dispon\u00edveis: as <\/span><a href=\"http:\/\/glo.bo\/3kDSN8y\" target=\"_blank\" rel=\"noopener\"><span style=\"font-weight: 400;\">ilhas de frescor<\/span><\/a>. Enquanto isso, <span style=\"font-weight: 400;\">a <\/span><a href=\"http:\/\/bit.ly\/2ETpYR1\" target=\"_blank\" rel=\"noopener\"><span style=\"font-weight: 400;\">Zona Norte<\/span><\/a><span style=\"font-weight: 400;\">, com seu baixo poder aquisitivo, \u00e9 vitimizada por infraestruturas p\u00fablicas prec\u00e1rias e falta de \u00e1rvores, o <\/span><a href=\"https:\/\/bit.ly\/3LKwslR\" target=\"_blank\" rel=\"noopener\"><span style=\"font-weight: 400;\">d\u00e9ficit arb\u00f3reo<\/span><\/a>, gerando <a href=\"http:\/\/bit.ly\/1RiZS9W\" target=\"_blank\" rel=\"noopener\"><span style=\"font-weight: 400;\">ilhas de calor<\/span><\/a><span style=\"font-weight: 400;\">. \u00c9 um problema que ultrapassa a quest\u00e3o do lazer: a presen\u00e7a de \u00e1rvores significa qualidade de vida e sa\u00fade.<\/span><\/p>\n<figure id=\"attachment_61644\" aria-describedby=\"caption-attachment-61644\" style=\"width: 1307px\" class=\"wp-caption aligncenter\"><a href=\"https:\/\/rioonwatch.org.br\/wp-content\/uploads\/2022\/05\/Mapa-das-Ilhas-de-Calor-no-Rio-de-Janeiro.-Instituto-Pereira-Passos-IPP.jpg\"><img fetchpriority=\"high\" decoding=\"async\" class=\"wp-image-61644 size-full\" title=\"Mapa das Ilhas de Calor no Rio de Janeiro. Instituto Pereira Passos (IPP)\" src=\"https:\/\/rioonwatch.org.br\/wp-content\/uploads\/2022\/05\/Mapa-das-Ilhas-de-Calor-no-Rio-de-Janeiro.-Instituto-Pereira-Passos-IPP.jpg\" alt=\"Mapa das Ilhas de Calor no Rio de Janeiro. Instituto Pereira Passos (IPP)\" width=\"1307\" height=\"925\" srcset=\"https:\/\/rioonwatch.org.br\/wp-content\/uploads\/2022\/05\/Mapa-das-Ilhas-de-Calor-no-Rio-de-Janeiro.-Instituto-Pereira-Passos-IPP.jpg 1307w, https:\/\/rioonwatch.org.br\/wp-content\/uploads\/2022\/05\/Mapa-das-Ilhas-de-Calor-no-Rio-de-Janeiro.-Instituto-Pereira-Passos-IPP-620x439.jpg 620w, https:\/\/rioonwatch.org.br\/wp-content\/uploads\/2022\/05\/Mapa-das-Ilhas-de-Calor-no-Rio-de-Janeiro.-Instituto-Pereira-Passos-IPP-889x629.jpg 889w, https:\/\/rioonwatch.org.br\/wp-content\/uploads\/2022\/05\/Mapa-das-Ilhas-de-Calor-no-Rio-de-Janeiro.-Instituto-Pereira-Passos-IPP-768x544.jpg 768w\" sizes=\"(max-width: 1307px) 100vw, 1307px\" \/><\/a><figcaption id=\"caption-attachment-61644\" class=\"wp-caption-text\">Mapa das Ilhas de Calor no Rio de Janeiro. Instituto Pereira Passos (IPP)<\/figcaption><\/figure>\n<h3><b>Desconforto T\u00e9rmico e Solu\u00e7\u00f5es Convencionais<\/b><\/h3>\n<p><span style=\"font-weight: 400;\">As modifica\u00e7\u00f5es provocadas na atmosfera pelas a\u00e7\u00f5es humanas podem ocorrer em escalas maiores ou menores e podem ser irrevers\u00edveis. Ilhas de calor, polui\u00e7\u00e3o do ar, a varia\u00e7\u00e3o no regime de chuvas, o calor intenso, a invers\u00e3o t\u00e9rmica, a ventila\u00e7\u00e3o alterada e umidade s\u00e3o fen\u00f4menos impactados pelas mudan\u00e7as clim\u00e1ticas e que desafiam, cada vez mais, \u00e0 vida.<\/span><\/p>\n<p><span style=\"font-weight: 400;\">A cidade do Rio de Janeiro se localiza em um <\/span><a href=\"https:\/\/bit.ly\/3w5YfpZ\" target=\"_blank\" rel=\"noopener\"><span style=\"font-weight: 400;\">territ\u00f3rio exposto a acidentes clim\u00e1ticos extremos<\/span><\/a><span style=\"font-weight: 400;\">. Oficialmente h\u00e1 diretrizes e estrat\u00e9gias de constru\u00e7\u00e3o de edif\u00edcios e casas com <a href=\"https:\/\/bit.ly\/3aa0bqd\" target=\"_blank\" rel=\"noopener\">condicionamento t\u00e9rmico passivo<\/a>, para atingir maior qualidade de vida e bem-estar t\u00e9rmico. A partir do cruzamento de dados clim\u00e1ticos e zonas de conforto t\u00e9rmico humano deveriam ser definidas estrat\u00e9gias oficiais e economicamente vi\u00e1veis de constru\u00e7\u00e3o de condicionamento t\u00e9rmico passivo para atingir maior qualidade de vida e bem-estar t\u00e9rmico de maneiras sustent\u00e1veis.<\/span><\/p>\n<p>O relevo da cidade e as condi\u00e7\u00f5es de muitas favelas do Rio de Janeiro intensificam a sensa\u00e7\u00e3o de desconforto frente a extremos t\u00e9rmicos. Quase todas as \u00e1reas da cidade s\u00e3o imperme\u00e1veis e feitas com materiais que absorvem calor ao inv\u00e9s de refleti-lo, como o pr\u00f3prio asfalto. As favelas n\u00e3o s\u00e3o exce\u00e7\u00e3o a esse modelo de urbaniza\u00e7\u00e3o. A ocupa\u00e7\u00e3o do solo nas favelas, em geral, \u00e9 feita atrav\u00e9s de autoconstru\u00e7\u00e3o devido \u00e0 falta de pol\u00edtica habitacional e aos valores crescentes do mercado imobili\u00e1rio formal, o que faz com que haja muitas \u00e1reas densamente povoadas nesses territ\u00f3rios, gerando, naturalmente, um d\u00e9ficit arb\u00f3reo. Al\u00e9m disso, os materiais utilizados na cultura de constru\u00e7\u00e3o carioca n\u00e3o s\u00e3o adequados \u00e0s condi\u00e7\u00f5es microclim\u00e1ticas da cidade. Eles armazenam energia t\u00e9rmica ao inv\u00e9s de repelirem, o que transforma v\u00e1rias \u00e1reas da cidade e muitas favelas em ilhas de calor.<\/p>\n<p><span style=\"font-weight: 400;\">O Rio de Janeiro \u00e9 uma cidade de muitos contrastes, na qual zonas com condi\u00e7\u00f5es socioecon\u00f4micas e benef\u00edcios e preju\u00edzos vindos do meio ambiente muito diferentes localizam-se lado-a-lado. Mesmo que os territ\u00f3rios, por vezes, estejam pr\u00f3ximos a regi\u00f5es vegetadas, o desconforto t\u00e9rmico \u00e9 latente. Nesse contexto, \u00e9 comum recorrer a estrat\u00e9gias tecnol\u00f3gicas e de alto consumo de energia, como ventilador, ar-condicionado e umidificador de ar. Apesar dessas solu\u00e7\u00f5es convencionais funcionarem a curto prazo, promovendo um conforto t\u00e9rmico tempor\u00e1rio, o uso desmedido delas leva \u00e0 <\/span><a href=\"https:\/\/bit.ly\/3bHe3qq\" target=\"_blank\" rel=\"noopener\"><span style=\"font-weight: 400;\">inefici\u00eancia energ\u00e9tica<\/span><\/a> e consequentemente intensifica ainda mais as mudan\u00e7as clim\u00e1ticas<span style=\"font-weight: 400;\">.\u00a0<\/span><\/p>\n<p><span style=\"font-weight: 400;\">Essa rela\u00e7\u00e3o fica evidente, por exemplo, na <\/span><a href=\"https:\/\/bit.ly\/38zUj9n\" target=\"_blank\" rel=\"noopener\"><span style=\"font-weight: 400;\">Nota T\u00e9cnica<\/span><\/a><span style=\"font-weight: 400;\"> da estatal <\/span><a href=\"https:\/\/bit.ly\/3wqFa3p\" target=\"_blank\" rel=\"noopener\"><span style=\"font-weight: 400;\">Empresa de Pesquisa Energ\u00e9tica<\/span><\/a><span style=\"font-weight: 400;\">, que estima que \u201co consumo de energia el\u00e9trica por condicionadores de ar no setor residencial tenha aumentado cerca de 237% nos \u00faltimos 12 anos, atingindo 18,7 TWh em 2017\u201d. Consumir mais energia significa desmatar mais e emitir mais carbono, seja a partir de \u00e1reas alagadas, quando a escolha for pela matriz hidroel\u00e9trica, seja atrav\u00e9s da emiss\u00e3o de gases do efeito estufa atrav\u00e9s da queima de carbono f\u00f3ssil nas termel\u00e9tricas. Al\u00e9m disso, ironicamente, o consumo de energia el\u00e9trica como estrat\u00e9gia para aliviar o calor demanda a expans\u00e3o e a maior manuten\u00e7\u00e3o da rede que, recorrentemente, \u00e9 motivo para poda e remo\u00e7\u00e3o de \u00e1rvores, o que, por sua vez, tamb\u00e9m contribui para o aumento do calor.<\/span><\/p>\n<figure id=\"attachment_56496\" aria-describedby=\"caption-attachment-56496\" style=\"width: 1920px\" class=\"wp-caption aligncenter\"><a href=\"https:\/\/rioonwatch.org.br\/wp-content\/uploads\/2021\/06\/Emaranhado-de-fios-em-um-tronco-de-arvore-usado-como-poste-bem-proximo-a-casa-de-moradores-no-Morro-do-Sereno-representa-risco-de-incendios-e-choques.-Foto-por-Karina-Figueiredo-scaled.jpg\"><img loading=\"lazy\" decoding=\"async\" class=\"wp-image-56496 size-full\" title=\"Emaranhado de fios em um tronco de \u00e1rvore usado como poste bem pr\u00f3ximo \u00e0 casa de moradores, no Morro do Sereno, representa risco de inc\u00eandios e choques. Foto por Karina Figueiredo\" src=\"https:\/\/rioonwatch.org.br\/wp-content\/uploads\/2021\/06\/Emaranhado-de-fios-em-um-tronco-de-arvore-usado-como-poste-bem-proximo-a-casa-de-moradores-no-Morro-do-Sereno-representa-risco-de-incendios-e-choques.-Foto-por-Karina-Figueiredo-scaled.jpg\" alt=\"Emaranhado de fios em um tronco de \u00e1rvore usado como poste bem pr\u00f3ximo \u00e0 casa de moradores, no Morro do Sereno, representa risco de inc\u00eandios e choques. Foto por Karina Figueiredo\" width=\"1920\" height=\"2560\" srcset=\"https:\/\/rioonwatch.org.br\/wp-content\/uploads\/2021\/06\/Emaranhado-de-fios-em-um-tronco-de-arvore-usado-como-poste-bem-proximo-a-casa-de-moradores-no-Morro-do-Sereno-representa-risco-de-incendios-e-choques.-Foto-por-Karina-Figueiredo-scaled.jpg 1920w, https:\/\/rioonwatch.org.br\/wp-content\/uploads\/2021\/06\/Emaranhado-de-fios-em-um-tronco-de-arvore-usado-como-poste-bem-proximo-a-casa-de-moradores-no-Morro-do-Sereno-representa-risco-de-incendios-e-choques.-Foto-por-Karina-Figueiredo-465x620.jpg 465w, https:\/\/rioonwatch.org.br\/wp-content\/uploads\/2021\/06\/Emaranhado-de-fios-em-um-tronco-de-arvore-usado-como-poste-bem-proximo-a-casa-de-moradores-no-Morro-do-Sereno-representa-risco-de-incendios-e-choques.-Foto-por-Karina-Figueiredo-768x1024.jpg 768w, https:\/\/rioonwatch.org.br\/wp-content\/uploads\/2021\/06\/Emaranhado-de-fios-em-um-tronco-de-arvore-usado-como-poste-bem-proximo-a-casa-de-moradores-no-Morro-do-Sereno-representa-risco-de-incendios-e-choques.-Foto-por-Karina-Figueiredo-198x264.jpg 198w, https:\/\/rioonwatch.org.br\/wp-content\/uploads\/2021\/06\/Emaranhado-de-fios-em-um-tronco-de-arvore-usado-como-poste-bem-proximo-a-casa-de-moradores-no-Morro-do-Sereno-representa-risco-de-incendios-e-choques.-Foto-por-Karina-Figueiredo-1152x1536.jpg 1152w, https:\/\/rioonwatch.org.br\/wp-content\/uploads\/2021\/06\/Emaranhado-de-fios-em-um-tronco-de-arvore-usado-como-poste-bem-proximo-a-casa-de-moradores-no-Morro-do-Sereno-representa-risco-de-incendios-e-choques.-Foto-por-Karina-Figueiredo-1536x2048.jpg 1536w\" sizes=\"(max-width: 1920px) 100vw, 1920px\" \/><\/a><figcaption id=\"caption-attachment-56496\" class=\"wp-caption-text\">Emaranhado de fios em um tronco de \u00e1rvore usado como poste bem pr\u00f3ximo \u00e0 casa de moradores, no Morro do Sereno. Foto por Karina Figueiredo<\/figcaption><\/figure>\n<p><span style=\"font-weight: 400;\">Condi\u00e7\u00f5es espec\u00edficas da paisagem urbana se repetem em bairros populares, tornando-os mais quentes: falta de planejamento urbano, densidade populacional elevada, poucas infraestruturas verdes, habita\u00e7\u00f5es com baixa ventila\u00e7\u00e3o, polui\u00e7\u00e3o e o descarte inadequado de res\u00edduos. A desigualdade na ocupa\u00e7\u00e3o do solo urbano somada ao clima e ao relevo acidentado introduzem diversos riscos, como deslizamentos, enchentes, exposi\u00e7\u00e3o \u00e0 radia\u00e7\u00e3o solar extrema, entre outros. Nesse sentido, pol\u00edticas p\u00fablicas eficazes s\u00e3o urgentes. Problemas urbanos complexos demandam solu\u00e7\u00f5es inteligentes e assertivas para a transforma\u00e7\u00e3o social.<\/span><\/p>\n<h3><b>Escala Global e Infraestrutura Verde contra as Ilhas de Calor<\/b><\/h3>\n<p><span style=\"font-weight: 400;\">Em cidades tropicais, como o Rio de Janeiro, a sensa\u00e7\u00e3o t\u00e9rmica vem atingindo novos recordes com o decorrer dos anos, devido \u00e0s <\/span><a href=\"http:\/\/bit.ly\/2El5r4Q\" target=\"_blank\" rel=\"noopener\"><span style=\"font-weight: 400;\">mudan\u00e7as clim\u00e1ticas<\/span><\/a><span style=\"font-weight: 400;\">. O bairro da <\/span><a href=\"https:\/\/bit.ly\/2UVrwlZ\" target=\"_blank\" rel=\"noopener\"><span style=\"font-weight: 400;\">Barra da Tijuca<\/span><\/a><span style=\"font-weight: 400;\"> registrou, no dia 18 de janeiro de 2022, na esta\u00e7\u00e3o de monitoramento do <\/span><span style=\"font-weight: 400;\">Riocentro, uma <a href=\"https:\/\/bit.ly\/3KLKeTN\" target=\"_blank\" rel=\"noopener\">sensa\u00e7\u00e3o t\u00e9rmica de 50,8\u00b0C<\/a><\/span><span style=\"font-weight: 400;\">, a maior do ano e uma das maiores j\u00e1 registradas na cidade. A maior foi em <\/span><span style=\"font-weight: 400;\">Guaratiba, em 2014, quando a<a href=\"http:\/\/glo.bo\/3OYvTql\" target=\"_blank\" rel=\"noopener\"> sensa\u00e7\u00e3o t\u00e9rmica atingiu 55\u00b0C<\/a><\/span><span style=\"font-weight: 400;\">. Para combater o desconforto t\u00e9rmico, muitos recorrem ao uso do ar condicionado, um aparelho que polui o meio ambiente, principalmente pela <\/span><a href=\"https:\/\/bit.ly\/3LOHiHv\" target=\"_blank\" rel=\"noopener\"><span style=\"font-weight: 400;\">libera\u00e7\u00e3o do g\u00e1s clorofluorcarbono (CFC)<\/span><\/a><span style=\"font-weight: 400;\">. Mesmo usado dentro das especifica\u00e7\u00f5es, o aparelho continua sendo prejudicial \u00e0 natureza e aquecendo o clima. O clorofluorcarboneto \u00e9 um dos maiores gases de efeito estufa e tamb\u00e9m causador do rompimento da camada de oz\u00f4nio, que protege a Terra dos raios ultravioleta do sol.<\/span><\/p>\n<p><span style=\"font-weight: 400;\">Com o aumento do uso de eletricidade em ver\u00f5es com per\u00edodos de estiagem ou seca, recorrentemente \u00e9 necess\u00e1rio acionar a <\/span><a href=\"https:\/\/bit.ly\/3FkaiEi\" target=\"_blank\" rel=\"noopener\"><span style=\"font-weight: 400;\">bandeira vermelha<\/span><\/a><span style=\"font-weight: 400;\"> na conta de energia. A bandeira vermelha sinaliza uma piora nas condi\u00e7\u00f5es de gera\u00e7\u00e3o de energia. Nesses casos, as <\/span><a href=\"https:\/\/bit.ly\/39HqvYH\" target=\"_blank\" rel=\"noopener\"><span style=\"font-weight: 400;\">usinas termel\u00e9tricas<\/span><\/a><span style=\"font-weight: 400;\"> s\u00e3o acionadas para gerar energia atrav\u00e9s da queima e evitar a escassez de eletricidade. No entanto, usinas termel\u00e9tricas geram como subprodutos gases poluentes, entre eles o mon\u00f3xido e o di\u00f3xido de carbono (CO e o CO<\/span><span style=\"font-weight: 400;\">2<\/span><span style=\"font-weight: 400;\">), o \u00f3xido e o di\u00f3xido de enxofre (SO e SO<\/span><span style=\"font-weight: 400;\">2<\/span><span style=\"font-weight: 400;\">) e o \u00f3xido de nitrog\u00eanio (NO). Sendo assim, usamos meios mais f\u00e1ceis para aliviar nosso desconforto t\u00e9rmico, mas n\u00e3o nos damos conta de que estamos contribuindo para piorar o problema.\u00a0<\/span><\/p>\n<p><span style=\"font-weight: 400;\">A preserva\u00e7\u00e3o do meio ambiente tem ganhado espa\u00e7o em debates pelo mundo. Grandes eventos, como a <a href=\"https:\/\/bit.ly\/3DCcBBg\" target=\"_blank\" rel=\"noopener\">COP-26<\/a>, em 2021, discutem os impactos gerados pelas atitudes humanas. Nesse contexto, as chamadas \u201ctecnologias verdes\u201d t\u00eam ganhado espa\u00e7o nas discuss\u00f5es. Solu\u00e7\u00f5es baseadas na natureza e infraestruturas verdes v\u00eam sendo cada vez mais pesquisadas e financiadas, pois se apresentam como as \u00fanicas formas de impedir o colapso ambiental.\u00a0<\/span><\/p>\n<p><span style=\"font-weight: 400;\">O naturalista brit\u00e2nico David Attenborough, que dedicou toda sua vida aos estudos da vida na Terra, oferece sua vis\u00e3o de um futuro poss\u00edvel para a ra\u00e7a humana se as medidas necess\u00e1rias para o combate do aquecimento global forem tomadas imediatamente. Em seu document\u00e1rio <\/span><a href=\"https:\/\/bit.ly\/38bP9QB\" target=\"_blank\" rel=\"noopener\"><i><span style=\"font-weight: 400;\">David Attenborough e o Nosso Planeta<\/span><\/i><\/a><span style=\"font-weight: 400;\">, ele faz compara\u00e7\u00f5es impressionantes: o mundo perdeu cerca de 3 trilh\u00f5es de \u00e1rvores nos dois \u00faltimos s\u00e9culos e cerca de 15 bilh\u00f5es s\u00e3o derrubadas a cada ano. Quando o ambientalista nasceu, em 1926, a popula\u00e7\u00e3o mundial era de cerca de 2 bilh\u00f5es de habitantes. Desde ent\u00e3o, em menos de 100 anos, a popula\u00e7\u00e3o mundial quadruplicou, atingindo 8 bilh\u00f5es de pessoas. Al\u00e9m disso, ele tamb\u00e9m faz uma correla\u00e7\u00e3o entre o aumento da presen\u00e7a do g\u00e1s carb\u00f4nico (CO<\/span><span style=\"font-weight: 400;\">2<\/span><span style=\"font-weight: 400;\">) na atmosfera, o consumismo e a destrui\u00e7\u00e3o de <\/span><i><span style=\"font-weight: 400;\">habitats <\/span><\/i><span style=\"font-weight: 400;\">naturais. A continuidade da civiliza\u00e7\u00e3o tem sido amea\u00e7ada por nossas pr\u00f3prias a\u00e7\u00f5es.<\/span><\/p>\n<p><iframe title=\"YouTube video player\" src=\"https:\/\/www.youtube.com\/embed\/3_WvasZwTqU\" width=\"1000\" height=\"563\" frameborder=\"0\" allowfullscreen=\"allowfullscreen\"><span data-mce-type=\"bookmark\" style=\"display: inline-block; width: 0px; overflow: hidden; line-height: 0;\" class=\"mce_SELRES_start\">\ufeff<\/span><\/iframe><\/p>\n<p><span style=\"font-weight: 400;\">As mudan\u00e7as clim\u00e1ticas j\u00e1 apresentam sinais irrefut\u00e1veis, por\u00e9m <\/span><a href=\"https:\/\/bit.ly\/3u86DV0\" target=\"_blank\" rel=\"noopener\"><span style=\"font-weight: 400;\">ainda \u00e9 poss\u00edvel controlar essa situa\u00e7\u00e3o<\/span><\/a><span style=\"font-weight: 400;\"> para as pr\u00f3ximas gera\u00e7\u00f5es. No document\u00e1rio do ambientalista brit\u00e2nico, solu\u00e7\u00f5es, como a <\/span><a href=\"http:\/\/glo.bo\/3kHHAnt\" target=\"_blank\" rel=\"noopener\"><span style=\"font-weight: 400;\">agricultura sustent\u00e1vel na Holanda<\/span><\/a><span style=\"font-weight: 400;\">, que tornou o pa\u00eds um dos l\u00edderes mundiais na exporta\u00e7\u00e3o de alimentos, s\u00e3o retratadas. As solu\u00e7\u00f5es baseadas na natureza (<\/span><a href=\"https:\/\/bit.ly\/3w2wUVM\" target=\"_blank\" rel=\"noopener\"><span style=\"font-weight: 400;\">SbN<\/span><\/a><span style=\"font-weight: 400;\">) buscam construir cidades resilientes frente \u00e0s mudan\u00e7as clim\u00e1ticas. Dentro disso, a infraestrutura verde \u00e9 uma solu\u00e7\u00e3o ambiental que pretende incorporar a vegeta\u00e7\u00e3o que foi expulsa do meio urbano como forma de amenizar as ilhas de calor e de proporcionar qualidade de vida, conforto t\u00e9rmico e visual.<\/span><\/p>\n<p><span style=\"font-weight: 400;\">Essa reintrodu\u00e7\u00e3o verde vem ocorrendo cada vez mais ao redor do mundo. Um exemplo \u00e9 a cidade de <\/span><span style=\"font-weight: 400;\">Medell\u00edn, Col\u00f4mbia, onde<\/span> <a href=\"https:\/\/bit.ly\/38SEVEP\" target=\"_blank\" rel=\"noopener\"><span style=\"font-weight: 400;\">corredores verdes foram constru\u00eddos<\/span><\/a><span style=\"font-weight: 400;\"> em diversas zonas estrat\u00e9gicas para diminuir as temperaturas. <\/span><a href=\"https:\/\/bit.ly\/3rKu83R\" target=\"_blank\" rel=\"noopener\"><span style=\"font-weight: 400;\">Tetos verdes<\/span><\/a><span style=\"font-weight: 400;\">, <\/span><a href=\"https:\/\/bit.ly\/3w4v8ne\" target=\"_blank\" rel=\"noopener\"><span style=\"font-weight: 400;\">paredes verdes<\/span><\/a><span style=\"font-weight: 400;\">, <\/span><a href=\"http:\/\/glo.bo\/3P1l3zP\" target=\"_blank\" rel=\"noopener\"><span style=\"font-weight: 400;\">hortas verticais<\/span><\/a><span style=\"font-weight: 400;\"> e <\/span><a href=\"http:\/\/bit.ly\/2qANkXf\" target=\"_blank\" rel=\"noopener\"><span style=\"font-weight: 400;\">comunit\u00e1rias<\/span><\/a><span style=\"font-weight: 400;\"> t\u00eam sido cada vez mais difundidas entre a popula\u00e7\u00e3o. A conscientiza\u00e7\u00e3o da necessidade do uso dessas tecnologias \u00e9 necess\u00e1ria e urgente.\u00a0<\/span><\/p>\n<p><span style=\"font-weight: 400;\">A a\u00e7\u00e3o conjunta entre pa\u00edses e os acordos para diminui\u00e7\u00e3o dos gases do efeito estufa s\u00e3o importantes para combater as mudan\u00e7as clim\u00e1ticas. Entretanto, esse enfrentamento deve ser feito em diferentes campos, por toda a sociedade, levando em considera\u00e7\u00e3o que as popula\u00e7\u00f5es marginalizadas s\u00e3o as mais atingidas pelas transforma\u00e7\u00f5es no clima. \u00c9 preciso pensar a n\u00edvel global, mas, acima de tudo, agir localmente. A\u00e7\u00f5es comunit\u00e1rias que promovam a expans\u00e3o das \u00e1reas verdes em grandes centros e bairros com densa malha urbana e pouca cobertura verde, regi\u00f5es onde as ilhas de calor s\u00e3o tipicamente acentuadas, precisam ser apoiadas.<\/span><\/p>\n<p><span style=\"font-weight: 400;\">A s\u00e9rie <\/span><a href=\"https:\/\/bit.ly\/3P3ot5d\" target=\"_blank\" rel=\"noopener\"><i><span style=\"font-weight: 400;\">Vida a 50\u00b0C<\/span><\/i><\/a><span style=\"font-weight: 400;\">, por exemplo, retrata como cidades ao redor do mundo t\u00eam lidado com esse problema de temperaturas crescentes, fruto das mudan\u00e7as clim\u00e1ticas. <\/span><a href=\"https:\/\/bit.ly\/3FnZmFS\" target=\"_blank\" rel=\"noopener\"><span style=\"font-weight: 400;\">Na \u00cdndia<\/span><\/a><span style=\"font-weight: 400;\">, surgem projetos de comercializa\u00e7\u00e3o de gelo e projetos sociais que promovem a pintura de telhados da cor branca, o que resfria as casas atrav\u00e9s da reflex\u00e3o da luz, caracter\u00edstica f\u00edsica da cor branca. <\/span><a href=\"https:\/\/bit.ly\/3KSQNnI\" target=\"_blank\" rel=\"noopener\"><span style=\"font-weight: 400;\">No Paquist\u00e3o<\/span><\/a><span style=\"font-weight: 400;\">, na cidade de Kairachi, enquanto muitos sofrem com a falta de conex\u00e3o a redes de distribui\u00e7\u00e3o de \u00e1gua, enfrentando um calor \u00e0 beira dos 50 graus, um s\u00f3 homem sonha e age para reflorestar sua cidade, almejando diminuir o term\u00f4metro. A\u00e7\u00f5es como estas s\u00e3o vistas e replicadas mundo afora.<\/span><\/p>\n<h3><b>Os Projetos ENACTUS-UFRJ<\/b><\/h3>\n<p><span style=\"font-weight: 400;\">Tamb\u00e9m por aqui, a necessidade de fortalecer projetos sustent\u00e1veis de ameniza\u00e7\u00e3o das temperaturas \u00e9 gritante. Solu\u00e7\u00f5es verdes locais e mobiliza\u00e7\u00e3o comunit\u00e1ria s\u00e3o a resposta para as temperaturas escaldantes vivenciadas por favelas cariocas.<\/span><\/p>\n<p>Para responder a essa necessidade, em 2012, <a href=\"https:\/\/bit.ly\/3MrbYi8\" target=\"_blank\" rel=\"noopener\">ENACTUS-UFRJ<\/a>, foi criado por estudantes da Engenharia de Produ\u00e7\u00e3o da UFRJ. Hoje com mais de 40 membros atua em projetos com base sustent\u00e1vel em quatro comunidades: <a href=\"https:\/\/bit.ly\/3fKbl39\" target=\"_blank\" rel=\"noopener\">Caju<\/a>, Vila Residencial, <a href=\"http:\/\/bit.ly\/2Zjer5w\" target=\"_blank\" rel=\"noopener\"><span style=\"font-weight: 400;\">Santa Marta<\/span><\/a><span style=\"font-weight: 400;\">\u00a0<\/span>e <a href=\"http:\/\/bit.ly\/2oE7df9\" target=\"_blank\" rel=\"noopener\"><span style=\"font-weight: 400;\">Parque Arar\u00e1<\/span><\/a>.<span style=\"font-weight: 400;\"> Aqui falaremos de duas iniciativas que mitigam os efeitos das mudan\u00e7as clim\u00e1ticas em favelas do Rio: <a href=\"http:\/\/bit.ly\/2n4P5L7\" target=\"_blank\" rel=\"noopener\">Teto Verde Favela<\/a> e <a href=\"https:\/\/bit.ly\/3skynpw\" target=\"_blank\" rel=\"noopener\">Colhendo o Futuro<\/a>.<\/span><\/p>\n<figure id=\"attachment_61641\" aria-describedby=\"caption-attachment-61641\" style=\"width: 1030px\" class=\"wp-caption aligncenter\"><a href=\"https:\/\/rioonwatch.org.br\/wp-content\/uploads\/2022\/05\/Fortalecer-projetos-locais-verdes-comunitarios-e-sustentaveis-de-amenizacao-das-temperaturas-e-resposta-organica-para-as-temperaturas-escaldantes-scaled-e1652909734258.jpg\"><img loading=\"lazy\" decoding=\"async\" class=\"wp-image-61641 size-full\" title=\"Fortalecer projetos locais verdes, comunit\u00e1rios e sustent\u00e1veis de ameniza\u00e7\u00e3o das temperaturas \u00e9 resposta org\u00e2nica para as temperaturas escaldantes.\" src=\"https:\/\/rioonwatch.org.br\/wp-content\/uploads\/2022\/05\/Fortalecer-projetos-locais-verdes-comunitarios-e-sustentaveis-de-amenizacao-das-temperaturas-e-resposta-organica-para-as-temperaturas-escaldantes-scaled-e1652909734258.jpg\" alt=\"Fortalecer projetos locais verdes, comunit\u00e1rios e sustent\u00e1veis de ameniza\u00e7\u00e3o das temperaturas \u00e9 resposta org\u00e2nica para as temperaturas escaldantes\" width=\"1030\" height=\"464\" \/><\/a><figcaption id=\"caption-attachment-61641\" class=\"wp-caption-text\">Fortalecer projetos locais verdes, comunit\u00e1rios e sustent\u00e1veis de ameniza\u00e7\u00e3o das temperaturas \u00e9 resposta org\u00e2nica para as temperaturas escaldantes.<\/figcaption><\/figure>\n<h3><b>Teto Verde Favela<\/b><\/h3>\n<p><span style=\"font-weight: 400;\">A <\/span><span style=\"font-weight: 400;\">iniciativa surgiu do morador Luiz Cassiano<\/span><span style=\"font-weight: 400;\">, tamb\u00e9m conhecido como Sanduba ou Careca, do <\/span><span style=\"font-weight: 400;\">Parque Arar\u00e1<\/span><span style=\"font-weight: 400;\">, em <a href=\"https:\/\/bit.ly\/3yOBsC3\" target=\"_blank\" rel=\"noopener\">Benfica<\/a>, Zona Norte. <\/span><a href=\"http:\/\/bit.ly\/2S4g5rH\" target=\"_blank\" rel=\"noopener\">Teto Verde Favela<\/a> b<span style=\"font-weight: 400;\">usca aumentar a \u00e1rea verde da favela em a\u00e7\u00f5es de plantio e constru\u00e7\u00e3o de telhados verdes nos lugares que mais sofrem com as altas temperaturas. Cassiano, junto com outros moradores, al\u00e9m de conduzir a\u00e7\u00f5es de mutir\u00e3o para a constru\u00e7\u00e3o de coberturas verdes, trabalha na produ\u00e7\u00e3o audiovisual e cultural, fazendo eventos e <a href=\"http:\/\/bit.ly\/3rKu83R\" target=\"_blank\" rel=\"noopener\">produzindo v\u00eddeos de divulga\u00e7\u00e3o de sua t\u00e9cnica local de teto verde<\/a>.<\/span><\/p>\n<p><span style=\"font-weight: 400;\">A \u00faltima a\u00e7\u00e3o do projeto instalou um teto verde no ponto de \u00f4nibus que passa, com isso, a servir de ponto de descanso para passarinhos e animais polinizadores, aproximando a natureza do meio urbano. Para al\u00e9m do combate \u00e0s ilhas de calor, os benef\u00edcios v\u00e3o desde diminui\u00e7\u00e3o da polui\u00e7\u00e3o atmosf\u00e9rica at\u00e9 intercepta\u00e7\u00e3o da \u00e1gua da chuva, ajudando a minimizar alagamentos.<\/span><\/p>\n<figure id=\"attachment_53361\" aria-describedby=\"caption-attachment-53361\" style=\"width: 2000px\" class=\"wp-caption aligncenter\"><a href=\"https:\/\/rioonwatch.org.br\/wp-content\/uploads\/2021\/01\/Vista-do-Teto-Verde-na-Favela-do-Parque-Arara.jpg\"><img loading=\"lazy\" decoding=\"async\" class=\"wp-image-53361 size-full\" title=\"Vista do Teto Verde na Favela do Parque Arar\u00e1\" src=\"https:\/\/rioonwatch.org.br\/wp-content\/uploads\/2021\/01\/Vista-do-Teto-Verde-na-Favela-do-Parque-Arara.jpg\" alt=\"Vista do Teto Verde na Favela do Parque Arar\u00e1\" width=\"2000\" height=\"1500\" srcset=\"https:\/\/rioonwatch.org.br\/wp-content\/uploads\/2021\/01\/Vista-do-Teto-Verde-na-Favela-do-Parque-Arara.jpg 2000w, https:\/\/rioonwatch.org.br\/wp-content\/uploads\/2021\/01\/Vista-do-Teto-Verde-na-Favela-do-Parque-Arara-620x465.jpg 620w, https:\/\/rioonwatch.org.br\/wp-content\/uploads\/2021\/01\/Vista-do-Teto-Verde-na-Favela-do-Parque-Arara-1024x768.jpg 1024w, https:\/\/rioonwatch.org.br\/wp-content\/uploads\/2021\/01\/Vista-do-Teto-Verde-na-Favela-do-Parque-Arara-352x264.jpg 352w, https:\/\/rioonwatch.org.br\/wp-content\/uploads\/2021\/01\/Vista-do-Teto-Verde-na-Favela-do-Parque-Arara-768x576.jpg 768w, https:\/\/rioonwatch.org.br\/wp-content\/uploads\/2021\/01\/Vista-do-Teto-Verde-na-Favela-do-Parque-Arara-1536x1152.jpg 1536w, https:\/\/rioonwatch.org.br\/wp-content\/uploads\/2021\/01\/Vista-do-Teto-Verde-na-Favela-do-Parque-Arara-174x131.jpg 174w, https:\/\/rioonwatch.org.br\/wp-content\/uploads\/2021\/01\/Vista-do-Teto-Verde-na-Favela-do-Parque-Arara-300x225.jpg 300w, https:\/\/rioonwatch.org.br\/wp-content\/uploads\/2021\/01\/Vista-do-Teto-Verde-na-Favela-do-Parque-Arara-70x53.jpg 70w\" sizes=\"(max-width: 2000px) 100vw, 2000px\" \/><\/a><figcaption id=\"caption-attachment-53361\" class=\"wp-caption-text\">Vista do Teto Verde na Favela do Parque Arar\u00e1<\/figcaption><\/figure>\n<h3><b>Colhendo o Futuro<\/b><\/h3>\n<p><span style=\"font-weight: 400;\">O projeto <\/span><a href=\"https:\/\/bit.ly\/3MChnDl\" target=\"_blank\" rel=\"noopener\"><span style=\"font-weight: 400;\">Colhendo o Futuro<\/span><\/a><span style=\"font-weight: 400;\"> revitaliza antigos lix\u00f5es na comunidade do <\/span><span style=\"font-weight: 400;\">Santa Marta<\/span><span style=\"font-weight: 400;\">, em <\/span><a href=\"http:\/\/bit.ly\/1QJnyVP\" target=\"_blank\" rel=\"noopener\"><span style=\"font-weight: 400;\">Botafogo<\/span><\/a><span style=\"font-weight: 400;\">, transformando esses locais em <\/span><span style=\"font-weight: 400;\">hortas comunit\u00e1rias urbanas<\/span><span style=\"font-weight: 400;\">. Ao criar novas \u00e1reas verdes, a iniciativa contribui tamb\u00e9m para a diminui\u00e7\u00e3o da temperatura. Al\u00e9m disso, o projeto trabalha com educa\u00e7\u00e3o ambiental em creches da comunidade. Assim, a iniciativa transmite uma nova conscientiza\u00e7\u00e3o ambiental e cultura alimentar para os moradores do Santa Marta.\u00a0<\/span><\/p>\n<p><span style=\"font-weight: 400;\"><a href=\"https:\/\/rioonwatch.org.br\/wp-content\/uploads\/2022\/05\/O-projeto-Colhendo-o-Futuro-revitaliza-antigos-lixoes-na-comunidade-do-Santa-Marta-em-Botafogo-transformando-esses-locais-em-hortas-comunitarias-urbanas..png\"><img loading=\"lazy\" decoding=\"async\" class=\"wp-image-61639 alignright\" title=\"O projeto Colhendo o Futuro revitaliza antigos lix\u00f5es na comunidade do Santa Marta, em Botafogo, transformando esses locais em hortas comunit\u00e1rias urbanas.\" src=\"https:\/\/rioonwatch.org.br\/wp-content\/uploads\/2022\/05\/O-projeto-Colhendo-o-Futuro-revitaliza-antigos-lixoes-na-comunidade-do-Santa-Marta-em-Botafogo-transformando-esses-locais-em-hortas-comunitarias-urbanas..png\" alt=\"O projeto Colhendo o Futuro revitaliza antigos lix\u00f5es na comunidade do Santa Marta, em Botafogo, transformando esses locais em hortas comunit\u00e1rias urbanas.\" width=\"400\" height=\"152\" srcset=\"https:\/\/rioonwatch.org.br\/wp-content\/uploads\/2022\/05\/O-projeto-Colhendo-o-Futuro-revitaliza-antigos-lixoes-na-comunidade-do-Santa-Marta-em-Botafogo-transformando-esses-locais-em-hortas-comunitarias-urbanas..png 820w, https:\/\/rioonwatch.org.br\/wp-content\/uploads\/2022\/05\/O-projeto-Colhendo-o-Futuro-revitaliza-antigos-lixoes-na-comunidade-do-Santa-Marta-em-Botafogo-transformando-esses-locais-em-hortas-comunitarias-urbanas.-620x236.png 620w, https:\/\/rioonwatch.org.br\/wp-content\/uploads\/2022\/05\/O-projeto-Colhendo-o-Futuro-revitaliza-antigos-lixoes-na-comunidade-do-Santa-Marta-em-Botafogo-transformando-esses-locais-em-hortas-comunitarias-urbanas.-768x292.png 768w\" sizes=\"(max-width: 400px) 100vw, 400px\" \/><\/a>Os irm\u00e3os Mario e Marco Martins come\u00e7aram a disseminar a consci\u00eancia verde na comunidade atrav\u00e9s de eventos, atividades na creche local e afins. Agora, os membros do projeto atuam em um terreno de 500 metros quadrados que poder\u00e1 gerar alimentos org\u00e2nicos de qualidade para uma grande parcela da comunidade e interferir diretamente no conforto t\u00e9rmico local, amenizando a ilha de calor formada na comunidade.<\/span><\/p>\n<p><span style=\"font-weight: 400;\">Na contram\u00e3o das mudan\u00e7as clim\u00e1ticas e das injusti\u00e7as ambientais, a <\/span><span style=\"font-weight: 400;\">popula\u00e7\u00e3o das <a href=\"https:\/\/bit.ly\/FavelasSustentaveis\" target=\"_blank\" rel=\"noopener\">favelas do Rio de Janeiro constr\u00f3i um mundo mais sustent\u00e1vel<\/a><\/span><span style=\"font-weight: 400;\">. Mobilizam pessoas e ideias em prol da luta pela qualidade de vida em seus pr\u00f3prios territ\u00f3rios. Afinal, o <a href=\"http:\/\/bit.ly\/3aY4PCT\" target=\"_blank\" rel=\"noopener\">direito \u00e0 cidade<\/a> e <a href=\"https:\/\/bit.ly\/3NJG2pv\" target=\"_blank\" rel=\"noopener\">\u00e0 favela<\/a> tamb\u00e9m passa pela justi\u00e7a clim\u00e1tica e ambiental.\u00a0<\/span><\/p>\n<p><em>ENACTUS-UFRJ foi criada em 2012 por iniciativa de estudantes da Engenharia de Produ\u00e7\u00e3o da UFRJ. Hoje conta com mais de 40 colaboradores de diferentes gradua\u00e7\u00f5es, professores e parceiros. Atua em projetos com base sustent\u00e1vel em quatro comunidades: Caju, Vila Residencial, Santa Marta, Arar\u00e1.<\/em><\/p>\n<h4><em>Sobre as autoras: <\/em><\/h4>\n<p><em>Ananda Almeida Stroke \u00e9 graduanda em Engenharia Ambiental na UFRJ e, no ENACTUS, atua como l\u00edder do projeto Teto Verde.<\/em><br \/>\n<em>Amanda Mesquita \u00e9 graduanda em Letras na UFRJ e faz parte da equipe do Teto Verde.<\/em><br \/>\n<em>Isabela Mattos e Assump\u00e7\u00e3o \u00e9 graduanda em Arquitetura e Urbanismo na UFRJ, al\u00e9m de ser a atual presidenta do ENACTUS-UFRJ.<\/em><br \/>\n<em>Luana Tresoldi Sciotta \u00e9 graduanda em Engenharia Civil na UFRJ e integrante do projeto Teto Verde.<\/em><\/p>\n<hr \/>\n<h4><b data-stringify-type=\"bold\">Apoie nossos esfor\u00e7os para fornecer apoio estrat\u00e9gico \u00e0s favelas do Rio, incluindo o jornalismo hiperlocal, cr\u00edtico, inovador e incans\u00e1vel do\u00a0<\/b><b data-stringify-type=\"bold\"><i data-stringify-type=\"italic\">RioOnWatch<\/i><\/b>\u2014<b data-stringify-type=\"bold\"><a class=\"c-link\" href=\"http:\/\/www.bit.ly\/ApoieROW\" target=\"_blank\" rel=\"noopener noreferrer\" data-stringify-link=\"http:\/\/www.bit.ly\/ApoieROW\" data-sk=\"tooltip_parent\">doe aqui<\/a><\/b><b data-stringify-type=\"bold\">.<\/b><\/h4>\n<!-- AddThis Advanced Settings generic via filter on the_content --><!-- AddThis Share Buttons generic via filter on the_content -->","protected":false},"excerpt":{"rendered":"<div class=\"mh-excerpt\"><p>Click Here for English Esta mat\u00e9ria\u00a0faz parte de uma\u00a0s\u00e9rie\u00a0gerada por uma parceria, com o\u00a0Digital Brazil Project\u00a0do\u00a0Centro Behner Stiefel de Estudos Brasileiros\u00a0da Universidade Estadual de San Diego, na Calif\u00f3rnia, para produzir mat\u00e9rias sobre impactos clim\u00e1ticos e <a class=\"mh-excerpt-more\" href=\"https:\/\/rioonwatch.org.br\/?p=61635\" title=\"Ilhas de Calor e Ilhas de Frescor: ENACTUS-UFRJ Ajuda Comunidades Contra Temperaturas Extremas\">[&#8230;]<\/a><!-- AddThis Advanced Settings generic via filter on get_the_excerpt --><!-- AddThis Share Buttons generic via filter on get_the_excerpt --><\/p>\n<\/div>","protected":false},"author":167,"featured_media":61643,"comment_status":"closed","ping_status":"closed","sticky":false,"template":"template-full.php","format":"standard","meta":{"_acf_changed":false,"_monsterinsights_skip_tracking":false,"_monsterinsights_sitenote_active":false,"_monsterinsights_sitenote_note":"","_monsterinsights_sitenote_category":0,"footnotes":""},"categories":[1621,1632,1388,3170,342,1639],"tags":[274,3079,1696,881,11,2447,1917,831,3143,363,3021,1147,818,245,1097,1148,693,3112,1719,2669,1707,180,2693,2959,2797,476,1734,1441,239,218,383],"writer":[3165,3166,3164,3167],"translator":[],"source":[],"ilustrador":[],"fotografo":[],"class_list":{"0":"post-61635","1":"post","2":"type-post","3":"status-publish","4":"format-standard","5":"has-post-thumbnail","7":"category-destaque","8":"category-pesquisa-e-analise","9":"category-formas-de-apoiar","10":"category-justica-climatica","11":"category-solucoes","12":"category-sustentabilidade","13":"tag-barra-da-tijuca","14":"tag-benfica","15":"tag-botafogo","16":"tag-caju","17":"tag-chuvas","18":"tag-colombia","19":"tag-comunidade-x-academia","20":"tag-direito-a-cidade","21":"tag-direito-a-favela","22":"tag-educacao-ambiental","23":"tag-eficiencia-energetica","24":"tag-espacos-verdes","25":"tag-eua","26":"tag-guaratiba","27":"tag-horta-comunitaria","28":"tag-ilhas-de-calor","29":"tag-india","30":"tag-justica-climatica","31":"tag-mudancas-climaticas","32":"tag-paquistao","33":"tag-parque-arara","34":"tag-santa-marta","35":"tag-serie-direitos-humanos-com-apoio-do-centro-behner-stiefel-da-sdsu","36":"tag-serie-parceria-com-necles-uff","37":"tag-soberania-alimentar","38":"tag-solucao-comunitaria","39":"tag-temperatura","40":"tag-teto-verde","41":"tag-universidade","42":"tag-zona-norte","43":"tag-zona-sul","44":"writer-amanda-mesquita","45":"writer-ananda-almeida-stroke","46":"writer-isabela-mattos-e-assumpcao","47":"writer-luana-tresoldi-sciotta"},"acf":[],"yoast_head":"<!-- This site is optimized with the Yoast SEO plugin v25.6 - https:\/\/yoast.com\/wordpress\/plugins\/seo\/ -->\n<title>Ilhas de Calor e Ilhas de Frescor: ENACTUS-UFRJ Ajuda Comunidades Contra Temperaturas Extremas - RioOnWatch<\/title>\n<meta name=\"robots\" content=\"index, follow, max-snippet:-1, max-image-preview:large, max-video-preview:-1\" \/>\n<link rel=\"canonical\" href=\"https:\/\/rioonwatch.org.br\/?p=61635\" \/>\n<meta property=\"og:locale\" content=\"pt_BR\" \/>\n<meta property=\"og:type\" content=\"article\" \/>\n<meta property=\"og:title\" content=\"Ilhas de Calor e Ilhas de Frescor: ENACTUS-UFRJ Ajuda Comunidades Contra Temperaturas Extremas - RioOnWatch\" \/>\n<meta property=\"og:description\" content=\"Click Here for English Esta mat\u00e9ria\u00a0faz parte de uma\u00a0s\u00e9rie\u00a0gerada por uma parceria, com o\u00a0Digital Brazil Project\u00a0do\u00a0Centro Behner Stiefel de Estudos Brasileiros\u00a0da Universidade Estadual de San Diego, na Calif\u00f3rnia, para produzir mat\u00e9rias sobre impactos clim\u00e1ticos e [...]\" \/>\n<meta property=\"og:url\" content=\"https:\/\/rioonwatch.org.br\/?p=61635\" \/>\n<meta property=\"og:site_name\" content=\"RioOnWatch\" \/>\n<meta property=\"article:published_time\" content=\"2022-06-02T10:00:42+00:00\" \/>\n<meta property=\"article:modified_time\" content=\"2023-09-20T15:26:22+00:00\" \/>\n<meta property=\"og:image\" content=\"https:\/\/rioonwatch.org.br\/wp-content\/uploads\/2022\/05\/ENACTUS-UFRJ-criado-em-2012-por-estudantes-da-Engenharia-de-Producao-da-UFRJ-hoje-conta-com-mais-de-40-colaboradores-de-diferentes-graduacoes-professores-e-parceiros-e-atua-em-quatro-comunidades.jpg\" \/>\n\t<meta property=\"og:image:width\" content=\"2048\" \/>\n\t<meta property=\"og:image:height\" content=\"937\" \/>\n\t<meta property=\"og:image:type\" content=\"image\/jpeg\" \/>\n<meta name=\"author\" content=\"Julio Santos Filho\" \/>\n<meta name=\"twitter:card\" content=\"summary_large_image\" \/>\n<meta name=\"twitter:label1\" content=\"Escrito por\" \/>\n\t<meta name=\"twitter:data1\" content=\"Julio Santos Filho\" \/>\n\t<meta name=\"twitter:label2\" content=\"Est. tempo de leitura\" \/>\n\t<meta name=\"twitter:data2\" content=\"16 minutos\" \/>\n<script type=\"application\/ld+json\" class=\"yoast-schema-graph\">{\"@context\":\"https:\/\/schema.org\",\"@graph\":[{\"@type\":\"Article\",\"@id\":\"https:\/\/rioonwatch.org.br\/?p=61635#article\",\"isPartOf\":{\"@id\":\"https:\/\/rioonwatch.org.br\/?p=61635\"},\"author\":{\"name\":\"Julio Santos Filho\",\"@id\":\"https:\/\/rioonwatch.org.br\/#\/schema\/person\/476bc75767957d3535b65b796667cd36\"},\"headline\":\"Ilhas de Calor e Ilhas de Frescor: ENACTUS-UFRJ Ajuda Comunidades Contra Temperaturas Extremas\",\"datePublished\":\"2022-06-02T10:00:42+00:00\",\"dateModified\":\"2023-09-20T15:26:22+00:00\",\"mainEntityOfPage\":{\"@id\":\"https:\/\/rioonwatch.org.br\/?p=61635\"},\"wordCount\":2812,\"publisher\":{\"@id\":\"https:\/\/rioonwatch.org.br\/#organization\"},\"image\":{\"@id\":\"https:\/\/rioonwatch.org.br\/?p=61635#primaryimage\"},\"thumbnailUrl\":\"https:\/\/rioonwatch.org.br\/wp-content\/uploads\/2022\/05\/ENACTUS-UFRJ-criado-em-2012-por-estudantes-da-Engenharia-de-Producao-da-UFRJ-hoje-conta-com-mais-de-40-colaboradores-de-diferentes-graduacoes-professores-e-parceiros-e-atua-em-quatro-comunidades.jpg\",\"keywords\":[\"Barra da Tijuca\",\"Benfica\",\"Botafogo\",\"Caju\",\"chuvas\",\"Col\u00f4mbia\",\"comunidade x academia\",\"Direito \u00e0 Cidade\",\"Direito \u00e0 favela\",\"educa\u00e7\u00e3o ambiental\",\"efici\u00eancia energ\u00e9tica\",\"espa\u00e7os verdes\",\"EUA\",\"Guaratiba\",\"horta comunit\u00e1ria\",\"Ilhas de Calor\",\"\u00cdndia\",\"Justi\u00e7a Clim\u00e1tica\",\"mudan\u00e7as clim\u00e1ticas\",\"Paquist\u00e3o\",\"Parque Arar\u00e1\",\"Santa Marta\",\"S\u00e9rie Apoiada pelo Centro Behner Stiefel\/SDSU\",\"S\u00e9rie: Parceria com NECLES\/UFF\",\"soberania alimentar\",\"solu\u00e7\u00e3o comunit\u00e1ria\",\"temperatura\",\"teto verde\",\"universidade\",\"Zona Norte\",\"Zona Sul\"],\"articleSection\":[\"*Destaque\",\"Dados e Pesquisa\",\"Formas de Apoiar\",\"Justi\u00e7a Clim\u00e1tica\",\"Solu\u00e7\u00f5es\",\"Sustentabilidade\"],\"inLanguage\":\"pt-BR\"},{\"@type\":\"WebPage\",\"@id\":\"https:\/\/rioonwatch.org.br\/?p=61635\",\"url\":\"https:\/\/rioonwatch.org.br\/?p=61635\",\"name\":\"Ilhas de Calor e Ilhas de Frescor: ENACTUS-UFRJ Ajuda Comunidades Contra Temperaturas Extremas - RioOnWatch\",\"isPartOf\":{\"@id\":\"https:\/\/rioonwatch.org.br\/#website\"},\"primaryImageOfPage\":{\"@id\":\"https:\/\/rioonwatch.org.br\/?p=61635#primaryimage\"},\"image\":{\"@id\":\"https:\/\/rioonwatch.org.br\/?p=61635#primaryimage\"},\"thumbnailUrl\":\"https:\/\/rioonwatch.org.br\/wp-content\/uploads\/2022\/05\/ENACTUS-UFRJ-criado-em-2012-por-estudantes-da-Engenharia-de-Producao-da-UFRJ-hoje-conta-com-mais-de-40-colaboradores-de-diferentes-graduacoes-professores-e-parceiros-e-atua-em-quatro-comunidades.jpg\",\"datePublished\":\"2022-06-02T10:00:42+00:00\",\"dateModified\":\"2023-09-20T15:26:22+00:00\",\"breadcrumb\":{\"@id\":\"https:\/\/rioonwatch.org.br\/?p=61635#breadcrumb\"},\"inLanguage\":\"pt-BR\",\"potentialAction\":[{\"@type\":\"ReadAction\",\"target\":[\"https:\/\/rioonwatch.org.br\/?p=61635\"]}]},{\"@type\":\"ImageObject\",\"inLanguage\":\"pt-BR\",\"@id\":\"https:\/\/rioonwatch.org.br\/?p=61635#primaryimage\",\"url\":\"https:\/\/rioonwatch.org.br\/wp-content\/uploads\/2022\/05\/ENACTUS-UFRJ-criado-em-2012-por-estudantes-da-Engenharia-de-Producao-da-UFRJ-hoje-conta-com-mais-de-40-colaboradores-de-diferentes-graduacoes-professores-e-parceiros-e-atua-em-quatro-comunidades.jpg\",\"contentUrl\":\"https:\/\/rioonwatch.org.br\/wp-content\/uploads\/2022\/05\/ENACTUS-UFRJ-criado-em-2012-por-estudantes-da-Engenharia-de-Producao-da-UFRJ-hoje-conta-com-mais-de-40-colaboradores-de-diferentes-graduacoes-professores-e-parceiros-e-atua-em-quatro-comunidades.jpg\",\"width\":2048,\"height\":937,\"caption\":\"ENACTUS-UFRJ, criado em 2012 por estudantes da Engenharia de Produ\u00e7\u00e3o da UFRJ, hoje conta com mais de 40 colaboradores de diferentes gradua\u00e7\u00f5es, professores e parceiros e atua em quatro comunidades\"},{\"@type\":\"BreadcrumbList\",\"@id\":\"https:\/\/rioonwatch.org.br\/?p=61635#breadcrumb\",\"itemListElement\":[{\"@type\":\"ListItem\",\"position\":1,\"name\":\"In\u00edcio\",\"item\":\"https:\/\/rioonwatch.org.br\/\"},{\"@type\":\"ListItem\",\"position\":2,\"name\":\"Ilhas de Calor e Ilhas de Frescor: ENACTUS-UFRJ Ajuda Comunidades Contra Temperaturas Extremas\"}]},{\"@type\":\"WebSite\",\"@id\":\"https:\/\/rioonwatch.org.br\/#website\",\"url\":\"https:\/\/rioonwatch.org.br\/\",\"name\":\"RioOnWatch\",\"description\":\"relatos das favelas cariocas\",\"publisher\":{\"@id\":\"https:\/\/rioonwatch.org.br\/#organization\"},\"potentialAction\":[{\"@type\":\"SearchAction\",\"target\":{\"@type\":\"EntryPoint\",\"urlTemplate\":\"https:\/\/rioonwatch.org.br\/?s={search_term_string}\"},\"query-input\":{\"@type\":\"PropertyValueSpecification\",\"valueRequired\":true,\"valueName\":\"search_term_string\"}}],\"inLanguage\":\"pt-BR\"},{\"@type\":\"Organization\",\"@id\":\"https:\/\/rioonwatch.org.br\/#organization\",\"name\":\"RioOnWatch\",\"url\":\"https:\/\/rioonwatch.org.br\/\",\"logo\":{\"@type\":\"ImageObject\",\"inLanguage\":\"pt-BR\",\"@id\":\"https:\/\/rioonwatch.org.br\/#\/schema\/logo\/image\/\",\"url\":\"https:\/\/rioonwatch.org.br\/wp-content\/uploads\/2021\/06\/RioOnWatchcabecalhoPT11anos-2.png\",\"contentUrl\":\"https:\/\/rioonwatch.org.br\/wp-content\/uploads\/2021\/06\/RioOnWatchcabecalhoPT11anos-2.png\",\"width\":779,\"height\":277,\"caption\":\"RioOnWatch\"},\"image\":{\"@id\":\"https:\/\/rioonwatch.org.br\/#\/schema\/logo\/image\/\"}},{\"@type\":\"Person\",\"@id\":\"https:\/\/rioonwatch.org.br\/#\/schema\/person\/476bc75767957d3535b65b796667cd36\",\"name\":\"Julio Santos Filho\",\"image\":{\"@type\":\"ImageObject\",\"inLanguage\":\"pt-BR\",\"@id\":\"https:\/\/rioonwatch.org.br\/#\/schema\/person\/image\/\",\"url\":\"https:\/\/secure.gravatar.com\/avatar\/ca138f7666182a292a8ce4ca14fb81f8?s=96&d=blank&r=g\",\"contentUrl\":\"https:\/\/secure.gravatar.com\/avatar\/ca138f7666182a292a8ce4ca14fb81f8?s=96&d=blank&r=g\",\"caption\":\"Julio Santos Filho\"},\"url\":\"https:\/\/rioonwatch.org.br\/?author=167\"}]}<\/script>\n<!-- \/ Yoast SEO plugin. -->","yoast_head_json":{"title":"Ilhas de Calor e Ilhas de Frescor: ENACTUS-UFRJ Ajuda Comunidades Contra Temperaturas Extremas - RioOnWatch","robots":{"index":"index","follow":"follow","max-snippet":"max-snippet:-1","max-image-preview":"max-image-preview:large","max-video-preview":"max-video-preview:-1"},"canonical":"https:\/\/rioonwatch.org.br\/?p=61635","og_locale":"pt_BR","og_type":"article","og_title":"Ilhas de Calor e Ilhas de Frescor: ENACTUS-UFRJ Ajuda Comunidades Contra Temperaturas Extremas - RioOnWatch","og_description":"Click Here for English Esta mat\u00e9ria\u00a0faz parte de uma\u00a0s\u00e9rie\u00a0gerada por uma parceria, com o\u00a0Digital Brazil Project\u00a0do\u00a0Centro Behner Stiefel de Estudos Brasileiros\u00a0da Universidade Estadual de San Diego, na Calif\u00f3rnia, para produzir mat\u00e9rias sobre impactos clim\u00e1ticos e [...]","og_url":"https:\/\/rioonwatch.org.br\/?p=61635","og_site_name":"RioOnWatch","article_published_time":"2022-06-02T10:00:42+00:00","article_modified_time":"2023-09-20T15:26:22+00:00","og_image":[{"width":2048,"height":937,"url":"https:\/\/rioonwatch.org.br\/wp-content\/uploads\/2022\/05\/ENACTUS-UFRJ-criado-em-2012-por-estudantes-da-Engenharia-de-Producao-da-UFRJ-hoje-conta-com-mais-de-40-colaboradores-de-diferentes-graduacoes-professores-e-parceiros-e-atua-em-quatro-comunidades.jpg","type":"image\/jpeg"}],"author":"Julio Santos Filho","twitter_card":"summary_large_image","twitter_misc":{"Escrito por":"Julio Santos Filho","Est. tempo de leitura":"16 minutos"},"schema":{"@context":"https:\/\/schema.org","@graph":[{"@type":"Article","@id":"https:\/\/rioonwatch.org.br\/?p=61635#article","isPartOf":{"@id":"https:\/\/rioonwatch.org.br\/?p=61635"},"author":{"name":"Julio Santos Filho","@id":"https:\/\/rioonwatch.org.br\/#\/schema\/person\/476bc75767957d3535b65b796667cd36"},"headline":"Ilhas de Calor e Ilhas de Frescor: ENACTUS-UFRJ Ajuda Comunidades Contra Temperaturas Extremas","datePublished":"2022-06-02T10:00:42+00:00","dateModified":"2023-09-20T15:26:22+00:00","mainEntityOfPage":{"@id":"https:\/\/rioonwatch.org.br\/?p=61635"},"wordCount":2812,"publisher":{"@id":"https:\/\/rioonwatch.org.br\/#organization"},"image":{"@id":"https:\/\/rioonwatch.org.br\/?p=61635#primaryimage"},"thumbnailUrl":"https:\/\/rioonwatch.org.br\/wp-content\/uploads\/2022\/05\/ENACTUS-UFRJ-criado-em-2012-por-estudantes-da-Engenharia-de-Producao-da-UFRJ-hoje-conta-com-mais-de-40-colaboradores-de-diferentes-graduacoes-professores-e-parceiros-e-atua-em-quatro-comunidades.jpg","keywords":["Barra da Tijuca","Benfica","Botafogo","Caju","chuvas","Col\u00f4mbia","comunidade x academia","Direito \u00e0 Cidade","Direito \u00e0 favela","educa\u00e7\u00e3o ambiental","efici\u00eancia energ\u00e9tica","espa\u00e7os verdes","EUA","Guaratiba","horta comunit\u00e1ria","Ilhas de Calor","\u00cdndia","Justi\u00e7a Clim\u00e1tica","mudan\u00e7as clim\u00e1ticas","Paquist\u00e3o","Parque Arar\u00e1","Santa Marta","S\u00e9rie Apoiada pelo Centro Behner Stiefel\/SDSU","S\u00e9rie: Parceria com NECLES\/UFF","soberania alimentar","solu\u00e7\u00e3o comunit\u00e1ria","temperatura","teto verde","universidade","Zona Norte","Zona Sul"],"articleSection":["*Destaque","Dados e Pesquisa","Formas de Apoiar","Justi\u00e7a Clim\u00e1tica","Solu\u00e7\u00f5es","Sustentabilidade"],"inLanguage":"pt-BR"},{"@type":"WebPage","@id":"https:\/\/rioonwatch.org.br\/?p=61635","url":"https:\/\/rioonwatch.org.br\/?p=61635","name":"Ilhas de Calor e Ilhas de Frescor: ENACTUS-UFRJ Ajuda Comunidades Contra Temperaturas Extremas - RioOnWatch","isPartOf":{"@id":"https:\/\/rioonwatch.org.br\/#website"},"primaryImageOfPage":{"@id":"https:\/\/rioonwatch.org.br\/?p=61635#primaryimage"},"image":{"@id":"https:\/\/rioonwatch.org.br\/?p=61635#primaryimage"},"thumbnailUrl":"https:\/\/rioonwatch.org.br\/wp-content\/uploads\/2022\/05\/ENACTUS-UFRJ-criado-em-2012-por-estudantes-da-Engenharia-de-Producao-da-UFRJ-hoje-conta-com-mais-de-40-colaboradores-de-diferentes-graduacoes-professores-e-parceiros-e-atua-em-quatro-comunidades.jpg","datePublished":"2022-06-02T10:00:42+00:00","dateModified":"2023-09-20T15:26:22+00:00","breadcrumb":{"@id":"https:\/\/rioonwatch.org.br\/?p=61635#breadcrumb"},"inLanguage":"pt-BR","potentialAction":[{"@type":"ReadAction","target":["https:\/\/rioonwatch.org.br\/?p=61635"]}]},{"@type":"ImageObject","inLanguage":"pt-BR","@id":"https:\/\/rioonwatch.org.br\/?p=61635#primaryimage","url":"https:\/\/rioonwatch.org.br\/wp-content\/uploads\/2022\/05\/ENACTUS-UFRJ-criado-em-2012-por-estudantes-da-Engenharia-de-Producao-da-UFRJ-hoje-conta-com-mais-de-40-colaboradores-de-diferentes-graduacoes-professores-e-parceiros-e-atua-em-quatro-comunidades.jpg","contentUrl":"https:\/\/rioonwatch.org.br\/wp-content\/uploads\/2022\/05\/ENACTUS-UFRJ-criado-em-2012-por-estudantes-da-Engenharia-de-Producao-da-UFRJ-hoje-conta-com-mais-de-40-colaboradores-de-diferentes-graduacoes-professores-e-parceiros-e-atua-em-quatro-comunidades.jpg","width":2048,"height":937,"caption":"ENACTUS-UFRJ, criado em 2012 por estudantes da Engenharia de Produ\u00e7\u00e3o da UFRJ, hoje conta com mais de 40 colaboradores de diferentes gradua\u00e7\u00f5es, professores e parceiros e atua em quatro comunidades"},{"@type":"BreadcrumbList","@id":"https:\/\/rioonwatch.org.br\/?p=61635#breadcrumb","itemListElement":[{"@type":"ListItem","position":1,"name":"In\u00edcio","item":"https:\/\/rioonwatch.org.br\/"},{"@type":"ListItem","position":2,"name":"Ilhas de Calor e Ilhas de Frescor: ENACTUS-UFRJ Ajuda Comunidades Contra Temperaturas Extremas"}]},{"@type":"WebSite","@id":"https:\/\/rioonwatch.org.br\/#website","url":"https:\/\/rioonwatch.org.br\/","name":"RioOnWatch","description":"relatos das favelas cariocas","publisher":{"@id":"https:\/\/rioonwatch.org.br\/#organization"},"potentialAction":[{"@type":"SearchAction","target":{"@type":"EntryPoint","urlTemplate":"https:\/\/rioonwatch.org.br\/?s={search_term_string}"},"query-input":{"@type":"PropertyValueSpecification","valueRequired":true,"valueName":"search_term_string"}}],"inLanguage":"pt-BR"},{"@type":"Organization","@id":"https:\/\/rioonwatch.org.br\/#organization","name":"RioOnWatch","url":"https:\/\/rioonwatch.org.br\/","logo":{"@type":"ImageObject","inLanguage":"pt-BR","@id":"https:\/\/rioonwatch.org.br\/#\/schema\/logo\/image\/","url":"https:\/\/rioonwatch.org.br\/wp-content\/uploads\/2021\/06\/RioOnWatchcabecalhoPT11anos-2.png","contentUrl":"https:\/\/rioonwatch.org.br\/wp-content\/uploads\/2021\/06\/RioOnWatchcabecalhoPT11anos-2.png","width":779,"height":277,"caption":"RioOnWatch"},"image":{"@id":"https:\/\/rioonwatch.org.br\/#\/schema\/logo\/image\/"}},{"@type":"Person","@id":"https:\/\/rioonwatch.org.br\/#\/schema\/person\/476bc75767957d3535b65b796667cd36","name":"Julio Santos Filho","image":{"@type":"ImageObject","inLanguage":"pt-BR","@id":"https:\/\/rioonwatch.org.br\/#\/schema\/person\/image\/","url":"https:\/\/secure.gravatar.com\/avatar\/ca138f7666182a292a8ce4ca14fb81f8?s=96&d=blank&r=g","contentUrl":"https:\/\/secure.gravatar.com\/avatar\/ca138f7666182a292a8ce4ca14fb81f8?s=96&d=blank&r=g","caption":"Julio Santos Filho"},"url":"https:\/\/rioonwatch.org.br\/?author=167"}]}},"_links":{"self":[{"href":"https:\/\/rioonwatch.org.br\/index.php?rest_route=\/wp\/v2\/posts\/61635"}],"collection":[{"href":"https:\/\/rioonwatch.org.br\/index.php?rest_route=\/wp\/v2\/posts"}],"about":[{"href":"https:\/\/rioonwatch.org.br\/index.php?rest_route=\/wp\/v2\/types\/post"}],"author":[{"embeddable":true,"href":"https:\/\/rioonwatch.org.br\/index.php?rest_route=\/wp\/v2\/users\/167"}],"replies":[{"embeddable":true,"href":"https:\/\/rioonwatch.org.br\/index.php?rest_route=%2Fwp%2Fv2%2Fcomments&post=61635"}],"version-history":[{"count":21,"href":"https:\/\/rioonwatch.org.br\/index.php?rest_route=\/wp\/v2\/posts\/61635\/revisions"}],"predecessor-version":[{"id":70367,"href":"https:\/\/rioonwatch.org.br\/index.php?rest_route=\/wp\/v2\/posts\/61635\/revisions\/70367"}],"wp:featuredmedia":[{"embeddable":true,"href":"https:\/\/rioonwatch.org.br\/index.php?rest_route=\/wp\/v2\/media\/61643"}],"wp:attachment":[{"href":"https:\/\/rioonwatch.org.br\/index.php?rest_route=%2Fwp%2Fv2%2Fmedia&parent=61635"}],"wp:term":[{"taxonomy":"category","embeddable":true,"href":"https:\/\/rioonwatch.org.br\/index.php?rest_route=%2Fwp%2Fv2%2Fcategories&post=61635"},{"taxonomy":"post_tag","embeddable":true,"href":"https:\/\/rioonwatch.org.br\/index.php?rest_route=%2Fwp%2Fv2%2Ftags&post=61635"},{"taxonomy":"writer","embeddable":true,"href":"https:\/\/rioonwatch.org.br\/index.php?rest_route=%2Fwp%2Fv2%2Fwriter&post=61635"},{"taxonomy":"translator","embeddable":true,"href":"https:\/\/rioonwatch.org.br\/index.php?rest_route=%2Fwp%2Fv2%2Ftranslator&post=61635"},{"taxonomy":"source","embeddable":true,"href":"https:\/\/rioonwatch.org.br\/index.php?rest_route=%2Fwp%2Fv2%2Fsource&post=61635"},{"taxonomy":"ilustrador","embeddable":true,"href":"https:\/\/rioonwatch.org.br\/index.php?rest_route=%2Fwp%2Fv2%2Filustrador&post=61635"},{"taxonomy":"fotografo","embeddable":true,"href":"https:\/\/rioonwatch.org.br\/index.php?rest_route=%2Fwp%2Fv2%2Ffotografo&post=61635"}],"curies":[{"name":"wp","href":"https:\/\/api.w.org\/{rel}","templated":true}]}}