{"id":61809,"date":"2022-06-15T09:49:47","date_gmt":"2022-06-15T12:49:47","guid":{"rendered":"https:\/\/rioonwatch.org.br\/?p=61809"},"modified":"2023-08-22T21:08:03","modified_gmt":"2023-08-23T00:08:03","slug":"horta-escola-comunitaria-maria-angu-na-favela-da-kelsons-marcilio-dias-no-complexo-da-mare-e-sua-experiencia-socioambiental","status":"publish","type":"post","link":"https:\/\/rioonwatch.org.br\/?p=61809","title":{"rendered":"E Se Cada Morador Cultivasse sua Pr\u00f3pria Horta? Conhe\u00e7a o Sonho da Horta-Escola Comunit\u00e1ria Maria Angu, na Favela da Kelson&#8217;s, na Mar\u00e9"},"content":{"rendered":"<h4 style=\"text-align: right;\"><em><strong><a href=\"https:\/\/bit.ly\/3b87dN1\" target=\"_blank\" rel=\"noopener noreferrer\">Click Here for English<\/a><a href=\"https:\/\/bit.ly\/3b87dN1\" target=\"_blank\" rel=\"noopener noreferrer\"><img decoding=\"async\" class=\"alignright wp-image-15790\" src=\"https:\/\/rioonwatch.org.br\/wp-content\/uploads\/2012\/08\/EN-standard-e1439583104716.jpg\" alt=\"\" width=\"20\" height=\"20\" \/><\/a><\/strong><\/em><\/h4>\n<p><span style=\"font-weight: 400;\">J\u00e1 pensou que poder\u00edamos ter uma <\/span><a href=\"http:\/\/bit.ly\/2qANkXf\" target=\"_blank\" rel=\"noopener\"><span style=\"font-weight: 400;\">horta comunit\u00e1ria<\/span><\/a><span style=\"font-weight: 400;\"> em cada favela da cidade? E que por meio dela conseguir\u00edamos colher e fornecer legumes e verduras org\u00e2nicas para as mesas de cada casa? Ou ainda, que cada morador cultivasse sua pr\u00f3pria horta? Entra nessa hist\u00f3ria comigo que vou te contar como estamos construindo parte desse sonho na <a href=\"https:\/\/bit.ly\/3ztSFRF\" target=\"_blank\" rel=\"noopener\">Kelson\u2019s<\/a>, no <\/span><a href=\"http:\/\/bit.ly\/2K1s59x\" target=\"_blank\" rel=\"noopener\"><span style=\"font-weight: 400;\">Complexo da Mar\u00e9<\/span><\/a><span style=\"font-weight: 400;\">.\u00a0<\/span><\/p>\n<figure id=\"attachment_61811\" aria-describedby=\"caption-attachment-61811\" style=\"width: 500px\" class=\"wp-caption alignright\"><a href=\"https:\/\/rioonwatch.org.br\/wp-content\/uploads\/2022\/05\/Atividade-de-Dia-das-Criancas-de-caca-ao-tesouro-na-busca-por-mudas-nativas-da-Mata-Atlantica.-Foto-Maria-Helena-Pereira-da-Silva-Nena-@nenapereiradasilva.jpeg\"><img fetchpriority=\"high\" decoding=\"async\" class=\"wp-image-61811\" title=\"Atividade de Dia das Crian\u00e7as de ca\u00e7a ao tesouro, na busca por mudas nativas da Mata Atl\u00e2ntica. Foto: Maria Helena Pereira da Silva, Nena (@nenapereiradasilva)\" src=\"https:\/\/rioonwatch.org.br\/wp-content\/uploads\/2022\/05\/Atividade-de-Dia-das-Criancas-de-caca-ao-tesouro-na-busca-por-mudas-nativas-da-Mata-Atlantica.-Foto-Maria-Helena-Pereira-da-Silva-Nena-@nenapereiradasilva.jpeg\" alt=\"Atividade de Dia das Crian\u00e7as de ca\u00e7a ao tesouro, na busca por mudas nativas da Mata Atl\u00e2ntica. Foto: Maria Helena Pereira da Silva, Nena (@nenapereiradasilva)\" width=\"500\" height=\"500\" srcset=\"https:\/\/rioonwatch.org.br\/wp-content\/uploads\/2022\/05\/Atividade-de-Dia-das-Criancas-de-caca-ao-tesouro-na-busca-por-mudas-nativas-da-Mata-Atlantica.-Foto-Maria-Helena-Pereira-da-Silva-Nena-@nenapereiradasilva.jpeg 1280w, https:\/\/rioonwatch.org.br\/wp-content\/uploads\/2022\/05\/Atividade-de-Dia-das-Criancas-de-caca-ao-tesouro-na-busca-por-mudas-nativas-da-Mata-Atlantica.-Foto-Maria-Helena-Pereira-da-Silva-Nena-@nenapereiradasilva-620x620.jpeg 620w, https:\/\/rioonwatch.org.br\/wp-content\/uploads\/2022\/05\/Atividade-de-Dia-das-Criancas-de-caca-ao-tesouro-na-busca-por-mudas-nativas-da-Mata-Atlantica.-Foto-Maria-Helena-Pereira-da-Silva-Nena-@nenapereiradasilva-629x629.jpeg 629w, https:\/\/rioonwatch.org.br\/wp-content\/uploads\/2022\/05\/Atividade-de-Dia-das-Criancas-de-caca-ao-tesouro-na-busca-por-mudas-nativas-da-Mata-Atlantica.-Foto-Maria-Helena-Pereira-da-Silva-Nena-@nenapereiradasilva-768x768.jpeg 768w\" sizes=\"(max-width: 500px) 100vw, 500px\" \/><\/a><figcaption id=\"caption-attachment-61811\" class=\"wp-caption-text\">Atividade de Dia das Crian\u00e7as de ca\u00e7a ao tesouro, na busca por mudas nativas da Mata Atl\u00e2ntica. Foto: Maria Helena Pereira da Silva<\/figcaption><\/figure>\n<p><span style=\"font-weight: 400;\">Observa-se que todo territ\u00f3rio perif\u00e9rico, de uma favela ou outra \u00e1rea vulnerabilizada, recebe <a href=\"https:\/\/bit.ly\/3MqiYuU\" target=\"_blank\" rel=\"noopener\">pouca ou nenhuma aten\u00e7\u00e3o<\/a> do poder p\u00fablico. <\/span><span style=\"font-weight: 400;\">Lixo na rua<\/span><span style=\"font-weight: 400;\">, <\/span><span style=\"font-weight: 400;\">esgoto entupido<\/span><span style=\"font-weight: 400;\">, <\/span><span style=\"font-weight: 400;\">polui\u00e7\u00e3o<\/span><span style=\"font-weight: 400;\">, <\/span><a href=\"https:\/\/bit.ly\/3tTm050\" target=\"_blank\" rel=\"noopener\"><span style=\"font-weight: 400;\">desastres naturais<\/span><\/a><span style=\"font-weight: 400;\">, e\u00a0<\/span><a href=\"https:\/\/bit.ly\/3sFjFcI\" target=\"_blank\" rel=\"noopener\"><span style=\"font-weight: 400;\">prolifera\u00e7\u00e3o de doen\u00e7as<\/span><\/a><span style=\"font-weight: 400;\"> s\u00e3o alguns dos resultados emplacados pelo sistema que n\u00e3o assiste a favela e n\u00e3o reconhece a popula\u00e7\u00e3o de baixa renda como ser humano, negando-lhe o direito das garantias b\u00e1sicas para a sobreviv\u00eancia, pr\u00e1ticas t\u00edpicas do <\/span><a href=\"https:\/\/bit.ly\/2XvPcl5\" target=\"_blank\" rel=\"noopener\"><span style=\"font-weight: 400;\">racismo ambiental<\/span><\/a><span style=\"font-weight: 400;\">.<\/span><\/p>\n<p><span style=\"font-weight: 400;\"><a href=\"https:\/\/bit.ly\/3RYQA7j\" target=\"_blank\" rel=\"noopener\">Racismo ambiental<\/a> \u00e9 um conceito que delimita a pr\u00e1tica discriminat\u00f3ria na elabora\u00e7\u00e3o de pol\u00edticas p\u00fablicas ambientais e regulamenta\u00e7\u00e3o de leis aplicados em territ\u00f3rios negros, perif\u00e9ricos e favelados, por exemplo. O primeiro uso do conceito foi abordado pelo ativista afro-americano <\/span><span style=\"font-weight: 400;\">Benjamin Franklin Chavis Junior<\/span><span style=\"font-weight: 400;\"> no in\u00edcio da d\u00e9cada de 1980, no contexto das manifesta\u00e7\u00f5es do movimento negro americano contra as <\/span><a href=\"https:\/\/bit.ly\/3aR7M8P\" target=\"_blank\" rel=\"noopener\"><span style=\"font-weight: 400;\">injusti\u00e7as ambientais<\/span><\/a><span style=\"font-weight: 400;\">. Chavis Junior <a href=\"https:\/\/bit.ly\/3vilGwQ\" target=\"_blank\" rel=\"noopener\">definiu<\/a> racismo ambiental como, <a href=\"https:\/\/bit.ly\/3OCm8g4\" target=\"_blank\" rel=\"noopener\">resumidamente<\/a>, <\/span>\u201ca discrimina\u00e7\u00e3o racial no direcionamento deliberado de comunidades \u00e9tnicas e minorit\u00e1rias para exposi\u00e7\u00e3o a locais e instala\u00e7\u00f5es de res\u00edduos t\u00f3xicos e perigosos, juntamente com a exclus\u00e3o sistem\u00e1tica de minorias na formula\u00e7\u00e3o, aplica\u00e7\u00e3o e remedia\u00e7\u00e3o de pol\u00edticas ambientais\u201d.<\/p>\n<p><span style=\"font-weight: 400;\">Al\u00e9m disso, o adoecimento e mortes precoces de crian\u00e7as, jovens e adultos v\u00eam sendo cada vez mais recorrentes devido a uma <\/span><a href=\"https:\/\/bit.ly\/3xhoniz\" target=\"_blank\" rel=\"noopener\"><span style=\"font-weight: 400;\">desertifica\u00e7\u00e3o alimentar<\/span><\/a><span style=\"font-weight: 400;\">. Segundo o <a href=\"https:\/\/bit.ly\/3zllhMZ\" target=\"_blank\" rel=\"noopener\">World Health Report 2002<\/a>, a cada ano, o baixo consumo de frutas e verduras causa 2,7 milh\u00f5es de mortes<\/span><span style=\"font-weight: 400;\">. Com o aumento dos pre\u00e7os, muitas fam\u00edlias n\u00e3o t\u00eam condi\u00e7\u00f5es de comprar alimentos frescos e a base da dieta brasileira\u2014feij\u00e3o, arroz, hortali\u00e7as e carnes\u2014e optam pela compra de produtos industrializados mais baratos\u2014miojo, refrigerantes, salsichas, biscoitos recheados, suco em p\u00f3 etc. Contudo, o barato sai caro.\u00a0<\/span><\/p>\n<p><span style=\"font-weight: 400;\">Durante a pandemia, essa perversa tend\u00eancia se tornou ainda mais forte com o <\/span><a href=\"https:\/\/bit.ly\/3zd834Z\" target=\"_blank\" rel=\"noopener\"><span style=\"font-weight: 400;\">desemprego recorde<\/span><\/a><span style=\"font-weight: 400;\"> e a <\/span><a href=\"https:\/\/bit.ly\/3j94W3c\" target=\"_blank\" rel=\"noopener\"><span style=\"font-weight: 400;\">queda de renda generalizada nas favelas<\/span><\/a><span style=\"font-weight: 400;\">. No entanto, \u00e9 extremamente importante mencionar a <\/span><a href=\"https:\/\/bit.ly\/VakinhasCovid\" target=\"_blank\" rel=\"noopener\"><span style=\"font-weight: 400;\">luta de diversas entidades da sociedade<\/span><\/a><span style=\"font-weight: 400;\"> que se comprometeram a diminuir os impactos causados pela <\/span><a href=\"https:\/\/bit.ly\/Covid19NasFavelas\" target=\"_blank\" rel=\"noopener\"><span style=\"font-weight: 400;\">pandemia do coronav\u00edrus nas favelas<\/span><\/a><span style=\"font-weight: 400;\">. Por\u00e9m, mesmo com tantas a\u00e7\u00f5es de impactos imediatos, como as distribui\u00e7\u00f5es de cestas b\u00e1sicas, n\u00e3o foi suficiente para sanar os problemas locais de <\/span><a href=\"https:\/\/bit.ly\/3o7HBC1\" target=\"_blank\" rel=\"noopener\"><span style=\"font-weight: 400;\">inseguran\u00e7a alimentar<\/span><\/a><span style=\"font-weight: 400;\">.<\/span><\/p>\n<p><span style=\"font-weight: 400;\">Ao observar os territ\u00f3rios, percebi que pod\u00edamos mudar a realidade das fam\u00edlias da favela. Muitas casas na comunidade possuem quintais, varandas, vasos de plantas n\u00e3o-comest\u00edveis e h\u00e1 tamb\u00e9m a exist\u00eancia de ambientes comunit\u00e1rios que poderiam ser ferramentas de mudan\u00e7as promissoras na realidade da favela. Por que isso n\u00e3o acontece? A informa\u00e7\u00e3o precisa chegar!<\/span><\/p>\n<p><a href=\"https:\/\/rioonwatch.org.br\/wp-content\/uploads\/2022\/06\/Inaugurac\u0327a\u0303o-Horta-Maria-Angu.jpeg\"><img decoding=\"async\" class=\"alignright wp-image-61892\" src=\"https:\/\/rioonwatch.org.br\/wp-content\/uploads\/2022\/06\/Inaugurac\u0327a\u0303o-Horta-Maria-Angu.jpeg\" alt=\"\" width=\"500\" height=\"500\" srcset=\"https:\/\/rioonwatch.org.br\/wp-content\/uploads\/2022\/06\/Inaugurac\u0327a\u0303o-Horta-Maria-Angu.jpeg 1080w, https:\/\/rioonwatch.org.br\/wp-content\/uploads\/2022\/06\/Inaugurac\u0327a\u0303o-Horta-Maria-Angu-620x620.jpeg 620w, https:\/\/rioonwatch.org.br\/wp-content\/uploads\/2022\/06\/Inaugurac\u0327a\u0303o-Horta-Maria-Angu-629x629.jpeg 629w\" sizes=\"(max-width: 500px) 100vw, 500px\" \/><\/a><\/p>\n<p><span style=\"font-weight: 400;\">Enxergando toda essa realidade, em 2021 <a href=\"https:\/\/bit.ly\/3NX2mfN\" target=\"_blank\" rel=\"noopener\">come\u00e7amos a sonhar com a cria\u00e7\u00e3o de uma horta<\/a> na comunidade em que sou cria: Favela da Kelson&#8217;s, no Complexo da Mar\u00e9. Isso s\u00f3 foi poss\u00edvel atrav\u00e9s de uma organiza\u00e7\u00e3o horizontal de v\u00e1rios atores sociais que se uniram em prol da elabora\u00e7\u00e3o de um projeto para ser enquadrado no edital interno do Instituto de Estudos Avan\u00e7ados em Humanidades (<\/span><a href=\"https:\/\/bit.ly\/38zpjWZ\" target=\"_blank\" rel=\"noopener\"><span style=\"font-weight: 400;\">IEAHu<\/span><\/a><span style=\"font-weight: 400;\">) da <\/span><a href=\"http:\/\/bit.ly\/2kb6iAY\" target=\"_blank\" rel=\"noopener\"><span style=\"font-weight: 400;\">PUC-Rio<\/span><\/a><span style=\"font-weight: 400;\">, onde sou funcion\u00e1rio, e conseguimos o patroc\u00ednio de R$7.715,00 para construirmos cinco canteiros produtivos e dar o pontap\u00e9 inicial no projeto.\u00a0<\/span><\/p>\n<p><span style=\"font-weight: 400;\">Com o recurso em m\u00e3os, convocamos diversos colaboradores volunt\u00e1rios para construir os canteiros e mobilizar a nossa comunidade a participar do projeto. Uma das atividades de mobiliza\u00e7\u00e3o que vale destacar foi a celebra\u00e7\u00e3o do dia das crian\u00e7as em 12 de outubro de 2021. <\/span><\/p>\n<p><span style=\"font-weight: 400;\">Nosso objetivo foi aproximar as crian\u00e7as da favela da hist\u00f3ria do local onde vivem. Os volunt\u00e1rios fizeram uma <a href=\"https:\/\/bit.ly\/39o8qyS\" target=\"_blank\" rel=\"noopener\">ca\u00e7a ao tesouro<\/a> em que as pistas falavam sobre locais importantes da comunidade e o tesouro foram mudas de \u00e1rvores nativas da <\/span><a href=\"https:\/\/bit.ly\/3h5TGpv\" target=\"_blank\" rel=\"noopener\"><span style=\"font-weight: 400;\">Mata Atl\u00e2ntica<\/span><\/a><span style=\"font-weight: 400;\"> para serem plantadas na comunidade pelas crian\u00e7as. Al\u00e9m dessas plantas serem comest\u00edveis, o que tamb\u00e9m ajuda na seguran\u00e7a alimentar da comunidade, elas ajudam a reduzir o impacto do d\u00e9ficit arb\u00f3reo no territ\u00f3rio, reduzindo os impactos das mudan\u00e7as clim\u00e1ticas e das <a href=\"https:\/\/bit.ly\/3Q7RTzQ\" target=\"_blank\" rel=\"noopener\">ilhas de calor<\/a>.<\/span><\/p>\n<figure id=\"attachment_61813\" aria-describedby=\"caption-attachment-61813\" style=\"width: 499px\" class=\"wp-caption alignright\"><a href=\"https:\/\/rioonwatch.org.br\/wp-content\/uploads\/2022\/05\/Criancas-com-mudas-na-Kelsons.-Foto-Maria-Helena-Pereira-da-Silva-Nena-@nenapereiradasilva.jpeg\"><img loading=\"lazy\" decoding=\"async\" class=\"wp-image-61813\" title=\"Crian\u00e7as com mudas na Kelson's. Foto Maria Helena Pereira da Silva, Nena (@nenapereiradasilva)\" src=\"https:\/\/rioonwatch.org.br\/wp-content\/uploads\/2022\/05\/Criancas-com-mudas-na-Kelsons.-Foto-Maria-Helena-Pereira-da-Silva-Nena-@nenapereiradasilva.jpeg\" alt=\"Crian\u00e7as com mudas na Kelson's. Foto Maria Helena Pereira da Silva, Nena (@nenapereiradasilva)\" width=\"499\" height=\"374\" srcset=\"https:\/\/rioonwatch.org.br\/wp-content\/uploads\/2022\/05\/Criancas-com-mudas-na-Kelsons.-Foto-Maria-Helena-Pereira-da-Silva-Nena-@nenapereiradasilva.jpeg 1280w, https:\/\/rioonwatch.org.br\/wp-content\/uploads\/2022\/05\/Criancas-com-mudas-na-Kelsons.-Foto-Maria-Helena-Pereira-da-Silva-Nena-@nenapereiradasilva-620x465.jpeg 620w, https:\/\/rioonwatch.org.br\/wp-content\/uploads\/2022\/05\/Criancas-com-mudas-na-Kelsons.-Foto-Maria-Helena-Pereira-da-Silva-Nena-@nenapereiradasilva-839x629.jpeg 839w, https:\/\/rioonwatch.org.br\/wp-content\/uploads\/2022\/05\/Criancas-com-mudas-na-Kelsons.-Foto-Maria-Helena-Pereira-da-Silva-Nena-@nenapereiradasilva-768x576.jpeg 768w, https:\/\/rioonwatch.org.br\/wp-content\/uploads\/2022\/05\/Criancas-com-mudas-na-Kelsons.-Foto-Maria-Helena-Pereira-da-Silva-Nena-@nenapereiradasilva-678x509.jpeg 678w, https:\/\/rioonwatch.org.br\/wp-content\/uploads\/2022\/05\/Criancas-com-mudas-na-Kelsons.-Foto-Maria-Helena-Pereira-da-Silva-Nena-@nenapereiradasilva-326x245.jpeg 326w, https:\/\/rioonwatch.org.br\/wp-content\/uploads\/2022\/05\/Criancas-com-mudas-na-Kelsons.-Foto-Maria-Helena-Pereira-da-Silva-Nena-@nenapereiradasilva-80x60.jpeg 80w\" sizes=\"(max-width: 499px) 100vw, 499px\" \/><\/a><figcaption id=\"caption-attachment-61813\" class=\"wp-caption-text\">Crian\u00e7as com mudas na Kelson&#8217;s. Foto Maria Helena Pereira da Silva<\/figcaption><\/figure>\n<p><span style=\"font-weight: 400;\">Primeiro ocorreu uma conta\u00e7\u00e3o de hist\u00f3rias relacionando o passado e <a href=\"https:\/\/bit.ly\/3xbP1KV\" target=\"_blank\" rel=\"noopener\">constru\u00e7\u00e3o da favela da Kelson\u2019s<\/a> em cima da antiga Praia da Moreninha, destacando a hist\u00f3ria de personagens hist\u00f3ricos importantes da comunidade que participaram da <a href=\"http:\/\/bit.ly\/2upxtLo\" target=\"_blank\" rel=\"noopener\">constru\u00e7\u00e3o das palafitas<\/a> sobre o manguezal. Ap\u00f3s a conta\u00e7\u00e3o de hist\u00f3rias, as crian\u00e7as receberam as pistas do lugar em que o tesouro\u2014as mudas de \u00e1rvore\u2014estaria escondido.\u00a0<\/span><\/p>\n<p><span style=\"font-weight: 400;\">Depois das pistas serem descobertas em meio a muita brincadeira e correria, fomos para o plantio das mudas com as crian\u00e7as. Isso foi feito em um terreno que teria ca\u00eddo em desuso na comunidade, que havia sido preparado para o plantio por uma equipe de volunt\u00e1rios.<\/span><\/p>\n<p><span style=\"font-weight: 400;\">Nossa a\u00e7\u00e3o entra em cena com o intuito de promover essa rela\u00e7\u00e3o de <\/span><a href=\"https:\/\/bit.ly\/32AtFaV\" target=\"_blank\" rel=\"noopener\"><span style=\"font-weight: 400;\">aproxima\u00e7\u00e3o entre o alimento e quem o consome<\/span><\/a><span style=\"font-weight: 400;\">. Ap\u00f3s a mobiliza\u00e7\u00e3o da comunidade, iniciamos a constru\u00e7\u00e3o de uma horta-escola, urbana, org\u00e2nica, <\/span><a href=\"http:\/\/bit.ly\/2PfAWGK\" target=\"_blank\" rel=\"noopener\"><span style=\"font-weight: 400;\">agroecol\u00f3gica<\/span><\/a><span style=\"font-weight: 400;\"> e comunit\u00e1ria para o desenvolvimento da tem\u00e1tica socioambiental no territ\u00f3rio.<\/span><\/p>\n<p><span style=\"font-weight: 400;\">Chamamos nossa iniciativa de <a href=\"https:\/\/bit.ly\/3t6H2we\" target=\"_blank\" rel=\"noopener\">Horta Comunit\u00e1ria Maria Angu<\/a>. A escolha do nome vem do resgate da mem\u00f3ria da favela hom\u00f4nima na Leopoldina, que, em 1964\/1965, sofreu com <\/span><a href=\"http:\/\/glo.bo\/38Zxigi\" target=\"_blank\" rel=\"noopener\"><span style=\"font-weight: 400;\">remo\u00e7\u00f5es promovidas pelo governo Carlos Lacerda<\/span><\/a><span style=\"font-weight: 400;\">, que a extinguiu totalmente. Seus moradores foram removidos para a <\/span><a href=\"https:\/\/bit.ly\/2zui1C0\" target=\"_blank\" rel=\"noopener\"><span style=\"font-weight: 400;\">Vila Kennedy<\/span><\/a><span style=\"font-weight: 400;\">, na <\/span><a href=\"http:\/\/bit.ly\/2x3k8bw\" target=\"_blank\" rel=\"noopener\"><span style=\"font-weight: 400;\">Zona Oeste<\/span><\/a><span style=\"font-weight: 400;\">, para casas ainda em constru\u00e7\u00e3o na \u00e9poca.<\/span><\/p>\n<figure id=\"attachment_61891\" aria-describedby=\"caption-attachment-61891\" style=\"width: 1030px\" class=\"wp-caption aligncenter\"><a href=\"https:\/\/rioonwatch.org.br\/wp-content\/uploads\/2022\/06\/Crianc\u0327as-plantando-mudas.png\"><img loading=\"lazy\" decoding=\"async\" class=\"wp-image-61891\" title=\"Crian\u00e7as plantando mudas na Horta-Escola Comunit\u00e1ria Maria Angu. Foto Maria Helena Pereira da Silva, Nena (@nenapereiradasilva)\" src=\"https:\/\/rioonwatch.org.br\/wp-content\/uploads\/2022\/06\/Crianc\u0327as-plantando-mudas.png\" alt=\"Crian\u00e7as plantando mudas na Horta-Escola Comunit\u00e1ria Maria Angu. Foto Maria Helena Pereira da Silva, Nena (@nenapereiradasilva)\" width=\"1030\" height=\"569\" srcset=\"https:\/\/rioonwatch.org.br\/wp-content\/uploads\/2022\/06\/Crianc\u0327as-plantando-mudas.png 1592w, https:\/\/rioonwatch.org.br\/wp-content\/uploads\/2022\/06\/Crianc\u0327as-plantando-mudas-620x342.png 620w, https:\/\/rioonwatch.org.br\/wp-content\/uploads\/2022\/06\/Crianc\u0327as-plantando-mudas-1139x629.png 1139w\" sizes=\"(max-width: 1030px) 100vw, 1030px\" \/><\/a><figcaption id=\"caption-attachment-61891\" class=\"wp-caption-text\">Crian\u00e7as plantando mudas na Horta-Escola Comunit\u00e1ria Maria Angu. Foto Maria Helena Pereira da Silva<\/figcaption><\/figure>\n<p><span style=\"font-weight: 400;\">Iniciamos o projeto da horta para garantir alimento org\u00e2nico plantado e colhido na comunidade, facilitar a rela\u00e7\u00e3o dos moradores da favela com o meio ambiente e promover o envolvimento da comunidade com mecanismos sustent\u00e1veis e ecol\u00f3gicos. Tudo isso ajuda a proporcionar uma melhor qualidade de vida e bem-estar para a popula\u00e7\u00e3o favelada, a garantir a seguran\u00e7a alimentar, e a capacitar agentes comunit\u00e1rios de transforma\u00e7\u00e3o, para intervirem no territ\u00f3rio de maneira a contribuir para o desenvolvimento socioambiental e humanit\u00e1rio do territ\u00f3rio e de nossos moradores. Esses objetivos s\u00e3o imprescind\u00edveis para despertar na popula\u00e7\u00e3o o desejo de plantar o que se come e de consumir o que \u00e9 saud\u00e1vel para seu corpo.<\/span><\/p>\n<p><span style=\"font-weight: 400;\">Nossa din\u00e2mica participativa incentivou moradores a desenvolverem um olhar mais proativo em rela\u00e7\u00e3o \u00e0s <\/span><a href=\"https:\/\/bit.ly\/3u86DV0\" target=\"_blank\" rel=\"noopener\"><span style=\"font-weight: 400;\">solu\u00e7\u00f5es para demandas socioambientais locais<\/span><\/a><span style=\"font-weight: 400;\">. A aproxima\u00e7\u00e3o com a natureza fortalece os la\u00e7os e a organiza\u00e7\u00e3o comunit\u00e1ria, al\u00e9m de proporcionar o desenvolvimento de habilidade no plantio e constru\u00e7\u00e3o de hortas em formatos verticais atrav\u00e9s de oficinas realizadas pela equipe.<\/span><\/p>\n<figure id=\"attachment_61814\" aria-describedby=\"caption-attachment-61814\" style=\"width: 1030px\" class=\"wp-caption aligncenter\"><a href=\"https:\/\/rioonwatch.org.br\/wp-content\/uploads\/2022\/05\/Alimentos-produzidos-localmente-atraves-da-mobilizacao-comunitaria-e-de-maneira-organica.-Foto-Maria-Helena-Pereira-da-Silva-Nena-@nenapereiradasilva.jpeg\"><img loading=\"lazy\" decoding=\"async\" class=\"wp-image-61814\" title=\"Alimentos produzidos localmente, atrav\u00e9s da mobiliza\u00e7\u00e3o comunit\u00e1ria e de maneira org\u00e2nica. Foto: Maria Helena Pereira da Silva, Nena (@nenapereiradasilva)\" src=\"https:\/\/rioonwatch.org.br\/wp-content\/uploads\/2022\/05\/Alimentos-produzidos-localmente-atraves-da-mobilizacao-comunitaria-e-de-maneira-organica.-Foto-Maria-Helena-Pereira-da-Silva-Nena-@nenapereiradasilva.jpeg\" alt=\"Alimentos produzidos localmente, atrav\u00e9s da mobiliza\u00e7\u00e3o comunit\u00e1ria e de maneira org\u00e2nica. Foto: Maria Helena Pereira da Silva, Nena (@nenapereiradasilva)\" width=\"1030\" height=\"773\" srcset=\"https:\/\/rioonwatch.org.br\/wp-content\/uploads\/2022\/05\/Alimentos-produzidos-localmente-atraves-da-mobilizacao-comunitaria-e-de-maneira-organica.-Foto-Maria-Helena-Pereira-da-Silva-Nena-@nenapereiradasilva.jpeg 1280w, https:\/\/rioonwatch.org.br\/wp-content\/uploads\/2022\/05\/Alimentos-produzidos-localmente-atraves-da-mobilizacao-comunitaria-e-de-maneira-organica.-Foto-Maria-Helena-Pereira-da-Silva-Nena-@nenapereiradasilva-620x465.jpeg 620w, https:\/\/rioonwatch.org.br\/wp-content\/uploads\/2022\/05\/Alimentos-produzidos-localmente-atraves-da-mobilizacao-comunitaria-e-de-maneira-organica.-Foto-Maria-Helena-Pereira-da-Silva-Nena-@nenapereiradasilva-839x629.jpeg 839w, https:\/\/rioonwatch.org.br\/wp-content\/uploads\/2022\/05\/Alimentos-produzidos-localmente-atraves-da-mobilizacao-comunitaria-e-de-maneira-organica.-Foto-Maria-Helena-Pereira-da-Silva-Nena-@nenapereiradasilva-768x576.jpeg 768w, https:\/\/rioonwatch.org.br\/wp-content\/uploads\/2022\/05\/Alimentos-produzidos-localmente-atraves-da-mobilizacao-comunitaria-e-de-maneira-organica.-Foto-Maria-Helena-Pereira-da-Silva-Nena-@nenapereiradasilva-678x509.jpeg 678w, https:\/\/rioonwatch.org.br\/wp-content\/uploads\/2022\/05\/Alimentos-produzidos-localmente-atraves-da-mobilizacao-comunitaria-e-de-maneira-organica.-Foto-Maria-Helena-Pereira-da-Silva-Nena-@nenapereiradasilva-326x245.jpeg 326w, https:\/\/rioonwatch.org.br\/wp-content\/uploads\/2022\/05\/Alimentos-produzidos-localmente-atraves-da-mobilizacao-comunitaria-e-de-maneira-organica.-Foto-Maria-Helena-Pereira-da-Silva-Nena-@nenapereiradasilva-80x60.jpeg 80w\" sizes=\"(max-width: 1030px) 100vw, 1030px\" \/><\/a><figcaption id=\"caption-attachment-61814\" class=\"wp-caption-text\">Alimentos produzidos localmente, atrav\u00e9s da mobiliza\u00e7\u00e3o comunit\u00e1ria e de maneira org\u00e2nica. Foto: Maria Helena Pereira da Silva<\/figcaption><\/figure>\n<figure id=\"attachment_61893\" aria-describedby=\"caption-attachment-61893\" style=\"width: 500px\" class=\"wp-caption alignright\"><a href=\"https:\/\/rioonwatch.org.br\/wp-content\/uploads\/2022\/06\/Distribuicao-de-alimentos.png\"><img loading=\"lazy\" decoding=\"async\" class=\"wp-image-61893\" title=\"Walmyr Junior, cofundador da Horta Maria Angu, Tia Silvia e as crian\u00e7as da Creche Hotelzinho da Crian\u00e7a, uma das institui\u00e7\u00f5es que recebem a colheita da horta. Foto: Maria Helena Pereira da Silva, Nena (@nenapereiradasilva)\" src=\"https:\/\/rioonwatch.org.br\/wp-content\/uploads\/2022\/06\/Distribuicao-de-alimentos.png\" alt=\"Walmyr Junior, cofundador da Horta Maria Angu, Tia Silvia e as crian\u00e7as da Creche Hotelzinho da Crian\u00e7a, uma das institui\u00e7\u00f5es que recebem a colheita da horta. Foto: Maria Helena Pereira da Silva, Nena (@nenapereiradasilva)\" width=\"500\" height=\"378\" srcset=\"https:\/\/rioonwatch.org.br\/wp-content\/uploads\/2022\/06\/Distribuicao-de-alimentos.png 1370w, https:\/\/rioonwatch.org.br\/wp-content\/uploads\/2022\/06\/Distribuicao-de-alimentos-620x468.png 620w, https:\/\/rioonwatch.org.br\/wp-content\/uploads\/2022\/06\/Distribuicao-de-alimentos-833x629.png 833w, https:\/\/rioonwatch.org.br\/wp-content\/uploads\/2022\/06\/Distribuicao-de-alimentos-326x245.png 326w, https:\/\/rioonwatch.org.br\/wp-content\/uploads\/2022\/06\/Distribuicao-de-alimentos-80x60.png 80w\" sizes=\"(max-width: 500px) 100vw, 500px\" \/><\/a><figcaption id=\"caption-attachment-61893\" class=\"wp-caption-text\">Walmyr Junior, cofundador da Horta Maria Angu, Tia Silvia e as crian\u00e7as da Creche Hotelzinho da Crian\u00e7a, uma das institui\u00e7\u00f5es que recebem a colheita da horta. Foto: Maria Helena Pereira da Silva, Nena (@nenapereiradasilva)<\/figcaption><\/figure>\n<p><span style=\"font-weight: 400;\">No curso do desenvolvimento da horta, entre o primeiro e o segundo plantio, colhemos beterraba, alface, couve, salsinha e cebolinha, coentro, beringela, quiabo, jil\u00f3, r\u00facula e agri\u00e3o. A comunidade p\u00f4de ver os alimentos org\u00e2nicos crescerem e serem distribu\u00eddos ap\u00f3s a colheita para duas creches da comunidade. Levamos tamb\u00e9m duas atividades socioambientais para as crian\u00e7as das mesmas creches beneficiadas pelas colheitas. A distribui\u00e7\u00e3o de alimentos que estruturamos fortalece as redes de coopera\u00e7\u00e3o locais e garante a entrega de alimentos produzidos na favela para a pr\u00f3pria comunidade.<\/span><\/p>\n<p><span style=\"font-weight: 400;\">Para Silvia Regina, carinhosamente chamada de Tia Silvia, receber a colheita da nossa horta significa \u201calimenta\u00e7\u00e3o saud\u00e1vel e a garantia de vitaminas devidas nos pratos dos pequenos\u201d. Ela destaca que, para manter seu trabalho com crian\u00e7as em hor\u00e1rio integral na <a href=\"https:\/\/bit.ly\/38SyYIB\" target=\"_blank\" rel=\"noopener\">Creche Hotelzinho da Crian\u00e7a<\/a>, \u00e9 preciso tecer redes: <\/span><\/p>\n<blockquote><p><span style=\"font-weight: 400;\">\u201cBuscamos parceria para arrecadarmos a alimenta\u00e7\u00e3o para os nossos pequenos. Por este motivo nos foi apresentado o Projeto da Horta Comunit\u00e1ria Maria Angu, onde os agentes tamb\u00e9m fizeram um trabalho com nossas crian\u00e7as antes do preparo da terra. Logo ap\u00f3s a planta\u00e7\u00e3o fomos agraciados com verduras e legumes saud\u00e1veis sem nenhum agrot\u00f3xico e agregamos \u00e0 nossa alimenta\u00e7\u00e3o.\u201d<\/span><\/p><\/blockquote>\n<figure id=\"attachment_61894\" aria-describedby=\"caption-attachment-61894\" style=\"width: 1268px\" class=\"wp-caption aligncenter\"><a href=\"https:\/\/rioonwatch.org.br\/wp-content\/uploads\/2022\/06\/Crianc\u0327as-com-verduras.png\"><img loading=\"lazy\" decoding=\"async\" class=\"wp-image-61894 size-full\" src=\"https:\/\/rioonwatch.org.br\/wp-content\/uploads\/2022\/06\/Crianc\u0327as-com-verduras.png\" alt=\"Creche Hotelzinho da Crian\u00e7a, uma das institui\u00e7\u00f5es que recebem a colheita da Horta-Escola Maria Angu. Foto: Maria Helena Pereira da Silva, Nena (@nenapereiradasilva)\" width=\"1268\" height=\"670\" srcset=\"https:\/\/rioonwatch.org.br\/wp-content\/uploads\/2022\/06\/Crianc\u0327as-com-verduras.png 1268w, https:\/\/rioonwatch.org.br\/wp-content\/uploads\/2022\/06\/Crianc\u0327as-com-verduras-620x328.png 620w, https:\/\/rioonwatch.org.br\/wp-content\/uploads\/2022\/06\/Crianc\u0327as-com-verduras-1190x629.png 1190w\" sizes=\"(max-width: 1268px) 100vw, 1268px\" \/><\/a><figcaption id=\"caption-attachment-61894\" class=\"wp-caption-text\">Creche Hotelzinho da Crian\u00e7a, uma das institui\u00e7\u00f5es que recebem a colheita da Horta-Escola Maria Angu. Foto: Maria Helena Pereira da Silva<\/figcaption><\/figure>\n<p><span style=\"font-weight: 400;\">Um outro projeto beneficiado com nossa colheita \u00e9 a Creche Ovelhinha de Jesus, administrada pela Denise Gon\u00e7alves, que descreve o recebimento com muito entusiasmo: <\/span><\/p>\n<blockquote><p><span style=\"font-weight: 400;\">\u201cTem sido maravilhosa a colheita dos legumes e das verduras. Eu estou gostando muito. Est\u00e1 sendo de grande apoio \u00e0 alimenta\u00e7\u00e3o para minhas crian\u00e7as. As crian\u00e7as gostam quando chegam os alimentos, querem at\u00e9 tirar fotos, porque \u00e9 diferente para eles&#8230; as verduras e legumes org\u00e2nicos [agora] j\u00e1 fazem parte da vida dos nossos baixinhos. \u00c9 alimento rico em vitaminas.\u201d<\/span><span style=\"font-weight: 400;\"><br \/>\n<\/span><\/p><\/blockquote>\n<figure id=\"attachment_61895\" aria-describedby=\"caption-attachment-61895\" style=\"width: 1272px\" class=\"wp-caption aligncenter\"><a href=\"https:\/\/rioonwatch.org.br\/wp-content\/uploads\/2022\/06\/Creche-Ovelhinha-de-Jesus-administrada-pela-Denise-Goncalves-recebe-alimentos-da-Horta-Escola-Maria-Angu.-Foto-Maria-Helena-Pereira-da-Silva-Nena-@nenapereiradasilva.png\"><img loading=\"lazy\" decoding=\"async\" class=\"wp-image-61895 size-full\" title=\"Creche Ovelhinha de Jesus, administrada pela Denise Gon\u00e7alves, recebe alimentos da Horta-Escola Maria Angu. Foto: Maria Helena Pereira da Silva, Nena (@nenapereiradasilva)\" src=\"https:\/\/rioonwatch.org.br\/wp-content\/uploads\/2022\/06\/Creche-Ovelhinha-de-Jesus-administrada-pela-Denise-Goncalves-recebe-alimentos-da-Horta-Escola-Maria-Angu.-Foto-Maria-Helena-Pereira-da-Silva-Nena-@nenapereiradasilva.png\" alt=\"Creche Ovelhinha de Jesus, administrada pela Denise Gon\u00e7alves, recebe alimentos da Horta-Escola Maria Angu. Foto: Maria Helena Pereira da Silva, Nena (@nenapereiradasilva)\" width=\"1272\" height=\"806\" srcset=\"https:\/\/rioonwatch.org.br\/wp-content\/uploads\/2022\/06\/Creche-Ovelhinha-de-Jesus-administrada-pela-Denise-Goncalves-recebe-alimentos-da-Horta-Escola-Maria-Angu.-Foto-Maria-Helena-Pereira-da-Silva-Nena-@nenapereiradasilva.png 1272w, https:\/\/rioonwatch.org.br\/wp-content\/uploads\/2022\/06\/Creche-Ovelhinha-de-Jesus-administrada-pela-Denise-Goncalves-recebe-alimentos-da-Horta-Escola-Maria-Angu.-Foto-Maria-Helena-Pereira-da-Silva-Nena-@nenapereiradasilva-620x393.png 620w, https:\/\/rioonwatch.org.br\/wp-content\/uploads\/2022\/06\/Creche-Ovelhinha-de-Jesus-administrada-pela-Denise-Goncalves-recebe-alimentos-da-Horta-Escola-Maria-Angu.-Foto-Maria-Helena-Pereira-da-Silva-Nena-@nenapereiradasilva-993x629.png 993w\" sizes=\"(max-width: 1272px) 100vw, 1272px\" \/><\/a><figcaption id=\"caption-attachment-61895\" class=\"wp-caption-text\">Creche Ovelhinha de Jesus, administrada pela Denise Gon\u00e7alves, recebe alimentos da Horta-Escola Maria Angu. Foto: Maria Helena Pereira da Silva<\/figcaption><\/figure>\n<p><span style=\"font-weight: 400;\">A experi\u00eancia \u00edmpar em colher produtos org\u00e2nicos para o consumo das crian\u00e7as, nos leva a pensar at\u00e9 onde podemos ir com este projeto e nos seus respectivos passos futuros. Al\u00e9m de sonharmos em fazer dele um meio de gera\u00e7\u00e3o de emprego e renda, atrav\u00e9s de uma poss\u00edvel parceria com o programa <a href=\"http:\/\/bit.ly\/2AK43to\" target=\"_blank\" rel=\"noopener\">Hortas Cariocas<\/a>\u00a0da Prefeitura do Rio de Janeiro, projetamos a extens\u00e3o do plantio, ampliando nossa horta e a colheita para comercializar alimentos org\u00e2nicos a pre\u00e7o baixo na favela. Por\u00e9m, nossa maior meta \u00e9 constituir uma consci\u00eancia socioambiental na comunidade e consolidar um programa de seguran\u00e7a alimentar perif\u00e9rico.<\/span><\/p>\n<p><a href=\"https:\/\/rioonwatch.org.br\/wp-content\/uploads\/2022\/05\/Creche-Ovelhinha-de-Jesus-administrada-pela-Denise-Goncalves.-Foto-Maria-Helena-Pereira-da-Silva-Nena-@nenapereiradasilva.jpeg\"><img loading=\"lazy\" decoding=\"async\" class=\"aligncenter wp-image-61817\" title=\"Creche Ovelhinha de Jesus, administrada pela Denise Gon\u00e7alves. Foto: Maria Helena Pereira da Silva, Nena (@nenapereiradasilva)\" src=\"https:\/\/rioonwatch.org.br\/wp-content\/uploads\/2022\/05\/Creche-Ovelhinha-de-Jesus-administrada-pela-Denise-Goncalves.-Foto-Maria-Helena-Pereira-da-Silva-Nena-@nenapereiradasilva.jpeg\" alt=\"Creche Ovelhinha de Jesus, administrada pela Denise Gon\u00e7alves. Foto: Maria Helena Pereira da Silva, Nena (@nenapereiradasilva)\" width=\"1030\" height=\"773\" srcset=\"https:\/\/rioonwatch.org.br\/wp-content\/uploads\/2022\/05\/Creche-Ovelhinha-de-Jesus-administrada-pela-Denise-Goncalves.-Foto-Maria-Helena-Pereira-da-Silva-Nena-@nenapereiradasilva.jpeg 1280w, https:\/\/rioonwatch.org.br\/wp-content\/uploads\/2022\/05\/Creche-Ovelhinha-de-Jesus-administrada-pela-Denise-Goncalves.-Foto-Maria-Helena-Pereira-da-Silva-Nena-@nenapereiradasilva-620x465.jpeg 620w, https:\/\/rioonwatch.org.br\/wp-content\/uploads\/2022\/05\/Creche-Ovelhinha-de-Jesus-administrada-pela-Denise-Goncalves.-Foto-Maria-Helena-Pereira-da-Silva-Nena-@nenapereiradasilva-839x629.jpeg 839w, https:\/\/rioonwatch.org.br\/wp-content\/uploads\/2022\/05\/Creche-Ovelhinha-de-Jesus-administrada-pela-Denise-Goncalves.-Foto-Maria-Helena-Pereira-da-Silva-Nena-@nenapereiradasilva-678x509.jpeg 678w, https:\/\/rioonwatch.org.br\/wp-content\/uploads\/2022\/05\/Creche-Ovelhinha-de-Jesus-administrada-pela-Denise-Goncalves.-Foto-Maria-Helena-Pereira-da-Silva-Nena-@nenapereiradasilva-326x245.jpeg 326w, https:\/\/rioonwatch.org.br\/wp-content\/uploads\/2022\/05\/Creche-Ovelhinha-de-Jesus-administrada-pela-Denise-Goncalves.-Foto-Maria-Helena-Pereira-da-Silva-Nena-@nenapereiradasilva-80x60.jpeg 80w\" sizes=\"(max-width: 1030px) 100vw, 1030px\" \/><\/a><\/p>\n<p><span style=\"font-weight: 400;\">Essa din\u00e2mica da Horta Maria Angu se d\u00e1 em fun\u00e7\u00e3o de uma participa\u00e7\u00e3o ativa de muitos colaboradores. Marina Mahfuz, integrante do <\/span><a href=\"https:\/\/bit.ly\/3x2H8Ho\" target=\"_blank\" rel=\"noopener\"><span style=\"font-weight: 400;\">Instituto Perifa Sustent\u00e1vel<\/span><\/a><span style=\"font-weight: 400;\"> e volunt\u00e1ria do nosso projeto, acredita que contribuir com a seguran\u00e7a alimentar dessas creches comunit\u00e1rias traz muita felicidade e uma esperan\u00e7a: <\/span><\/p>\n<blockquote>\n<figure id=\"attachment_61822\" aria-describedby=\"caption-attachment-61822\" style=\"width: 300px\" class=\"wp-caption alignright\"><a href=\"https:\/\/rioonwatch.org.br\/wp-content\/uploads\/2022\/05\/Tia-Silvia-da-Creche-Hotelzinho-da-Crianca-uma-das-instituicoes-que-recebem-a-colheita-da-Horta-Escola-Maria-Angu.-Foto-Maria-Helena-Pereira-da-Silva-Nena-@nenapereiradasilva.jpeg\"><img loading=\"lazy\" decoding=\"async\" class=\"wp-image-61822\" title=\"Tia Silvia da Creche Hotelzinho da Crian\u00e7a, uma das institui\u00e7\u00f5es que recebem a colheita da Horta-Escola Maria Angu. Foto: Maria Helena Pereira da Silva, Nena (@nenapereiradasilva)\" src=\"https:\/\/rioonwatch.org.br\/wp-content\/uploads\/2022\/05\/Tia-Silvia-da-Creche-Hotelzinho-da-Crianca-uma-das-instituicoes-que-recebem-a-colheita-da-Horta-Escola-Maria-Angu.-Foto-Maria-Helena-Pereira-da-Silva-Nena-@nenapereiradasilva.jpeg\" alt=\"Tia Silvia da Creche Hotelzinho da Crian\u00e7a, uma das institui\u00e7\u00f5es que recebem a colheita da Horta-Escola Maria Angu. Foto: Maria Helena Pereira da Silva, Nena (@nenapereiradasilva)\" width=\"300\" height=\"400\" srcset=\"https:\/\/rioonwatch.org.br\/wp-content\/uploads\/2022\/05\/Tia-Silvia-da-Creche-Hotelzinho-da-Crianca-uma-das-instituicoes-que-recebem-a-colheita-da-Horta-Escola-Maria-Angu.-Foto-Maria-Helena-Pereira-da-Silva-Nena-@nenapereiradasilva.jpeg 1200w, https:\/\/rioonwatch.org.br\/wp-content\/uploads\/2022\/05\/Tia-Silvia-da-Creche-Hotelzinho-da-Crianca-uma-das-instituicoes-que-recebem-a-colheita-da-Horta-Escola-Maria-Angu.-Foto-Maria-Helena-Pereira-da-Silva-Nena-@nenapereiradasilva-465x620.jpeg 465w, https:\/\/rioonwatch.org.br\/wp-content\/uploads\/2022\/05\/Tia-Silvia-da-Creche-Hotelzinho-da-Crianca-uma-das-instituicoes-que-recebem-a-colheita-da-Horta-Escola-Maria-Angu.-Foto-Maria-Helena-Pereira-da-Silva-Nena-@nenapereiradasilva-472x629.jpeg 472w\" sizes=\"(max-width: 300px) 100vw, 300px\" \/><\/a><figcaption id=\"caption-attachment-61822\" class=\"wp-caption-text\">Tia Silvia da Creche Hotelzinho da Crian\u00e7a, uma das institui\u00e7\u00f5es que recebem a colheita da Horta-Escola Maria Angu. Foto: Maria Helena Pereira da Silva, Nena (@nenapereiradasilva)<\/figcaption><\/figure>\n<p>\u201cSaber que a minha dedica\u00e7\u00e3o e conhecimento podem ajudar a garantir uma vida mais digna pra algu\u00e9m \u00e9 algo que me enche de satisfa\u00e7\u00e3o e me reconecta com o sentido de estar vivo em comunidade&#8230; Para al\u00e9m disso, quando penso no fato de que essas creches s\u00e3o compostas de pessoas que dedicam suas vidas a sanar uma necessidade coletiva, que \u00e9 o cuidado das crian\u00e7as da comunidade que n\u00e3o t\u00eam com quem ficar enquanto as m\u00e3es trabalham, consigo refletir sobre a import\u00e2ncia do que fazemos com o projeto. Essas mulheres [que tocam as creches] s\u00e3o pot\u00eancias para as suas comunidades. Muitas vezes n\u00e3o conseguem nem fechar as contas com a contribui\u00e7\u00e3o que recebem das fam\u00edlias das crian\u00e7as. Poder apoi\u00e1-las a acreditar na for\u00e7a da rede e a garantir um alimento sem veneno e seguro para essas crian\u00e7as \u00e9 algo indescrit\u00edvel.&#8221;<\/p><\/blockquote>\n<p><span style=\"font-weight: 400;\">Marina dep\u00f5em sobre o que sentimos desta experi\u00eancia. \u00c9 a favela, a <\/span><span style=\"font-weight: 400;\">periferia e as pessoas que nela vivem que nos impulsionam a movimentar estruturas sociais. \u00c9 a justi\u00e7a socioambiental, seguran\u00e7a e soberania alimentar, al\u00e9m de justi\u00e7a clim\u00e1tica no centro da agenda de lutas pelo desenvolvimento local sustent\u00e1vel.<\/span><\/p>\n<p><span style=\"font-weight: 400;\">Nossa singela horta pode parecer pequena e t\u00edmida ao se projetar em uma favela com \u00edndices de vulnerabilidades sociais t\u00e3o elevados, por\u00e9m a agenda est\u00e1 posta e a soberania alimentar na favela \u00e9 nossa meta.<\/span><span style=\"font-weight: 400;\"> Ainda que o projeto n\u00e3o tenha sido capaz de promover a total autonomia dos agentes e a total apropria\u00e7\u00e3o comunit\u00e1ria do espa\u00e7o, notamos seu potencial de desenvolvimento no territ\u00f3rio. <\/span><span style=\"font-weight: 400;\">O sorriso de uma crian\u00e7a alimentada saudavelmente e com seguran\u00e7a n\u00e3o tem pre\u00e7o. \u00c9 isso que nos impulsiona a ir al\u00e9m.<\/span><\/p>\n<p><em><span style=\"font-weight: 400;\">Sobre o autor: <\/span><a href=\"https:\/\/bit.ly\/3NFDxEC\" target=\"_blank\" rel=\"noopener\"><span style=\"font-weight: 400;\">Walmyr Junior<\/span><\/a><span style=\"font-weight: 400;\"> \u00e9 professor, militante do Movimento Negro Unificado (<\/span><a href=\"https:\/\/bit.ly\/32Fgyo7\" target=\"_blank\" rel=\"noopener\"><span style=\"font-weight: 400;\">MNU<\/span><\/a><span style=\"font-weight: 400;\">), mestrando em Ciencias da Sustentabilidade pela PUC-Rio, co-autor do livro <\/span><a href=\"https:\/\/bit.ly\/3N6DrpE\" target=\"_blank\" rel=\"noopener\"><span style=\"font-weight: 400;\">Porta Vozes da Resist\u00eancia<\/span><\/a><span style=\"font-weight: 400;\"> e fundador da Horta Comunit\u00e1ria Maria Angu.<\/span><\/em><\/p>\n<hr \/>\n<div class=\"entry clearfix\">\n<h4><b data-stringify-type=\"bold\">Apoie nossos esfor\u00e7os para fornecer apoio estrat\u00e9gico \u00e0s favelas do Rio, incluindo o jornalismo hiperlocal, cr\u00edtico, inovador e incans\u00e1vel do <\/b><b data-stringify-type=\"bold\"><i data-stringify-type=\"italic\">RioOnWatch<\/i><\/b>\u2014<b data-stringify-type=\"bold\"><a class=\"c-link\" href=\"http:\/\/www.bit.ly\/ApoieROW\" target=\"_blank\" rel=\"noopener noreferrer\" data-stringify-link=\"http:\/\/www.bit.ly\/ApoieROW\" data-sk=\"tooltip_parent\">doe aqui<\/a><\/b><b data-stringify-type=\"bold\">.<\/b><\/h4>\n<\/div>\n<!-- AddThis Advanced Settings generic via filter on the_content --><!-- AddThis Share Buttons generic via filter on the_content -->","protected":false},"excerpt":{"rendered":"<div class=\"mh-excerpt\"><p>Click Here for English J\u00e1 pensou que poder\u00edamos ter uma horta comunit\u00e1ria em cada favela da cidade? E que por meio dela conseguir\u00edamos colher e fornecer legumes e verduras org\u00e2nicas para as mesas de cada <a class=\"mh-excerpt-more\" href=\"https:\/\/rioonwatch.org.br\/?p=61809\" title=\"E Se Cada Morador Cultivasse sua Pr\u00f3pria Horta? Conhe\u00e7a o Sonho da Horta-Escola Comunit\u00e1ria Maria Angu, na Favela da Kelson&#8217;s, na Mar\u00e9\">[&#8230;]<\/a><!-- AddThis Advanced Settings generic via filter on get_the_excerpt --><!-- AddThis Share Buttons generic via filter on get_the_excerpt --><\/p>\n<\/div>","protected":false},"author":167,"featured_media":61889,"comment_status":"closed","ping_status":"closed","sticky":false,"template":"template-full.php","format":"standard","meta":{"_acf_changed":false,"_monsterinsights_skip_tracking":false,"_monsterinsights_sitenote_active":false,"_monsterinsights_sitenote_note":"","_monsterinsights_sitenote_category":0,"footnotes":""},"categories":[1621,1625,3170,1612,342,1639],"tags":[302,301,332,2114,876,363,1097,3048,1148,2230,3112,2292,1304,1545,2139,294,2797,1347,476,404,218],"writer":[3169],"translator":[],"source":[],"ilustrador":[],"fotografo":[3171],"class_list":{"0":"post-61809","1":"post","2":"type-post","3":"status-publish","4":"format-standard","5":"has-post-thumbnail","7":"category-destaque","8":"category-por-correspondentes-comunitarios","9":"category-justica-climatica","10":"category-sociedade-civil","11":"category-solucoes","12":"category-sustentabilidade","13":"tag-agricultura-urbana","14":"tag-agroecologia","15":"tag-complexo-da-mare","16":"tag-creche","17":"tag-direitos-da-crianca","18":"tag-educacao-ambiental","19":"tag-horta-comunitaria","20":"tag-hortas-cariocas","21":"tag-ilhas-de-calor","22":"tag-fome","23":"tag-justica-climatica","24":"tag-kelsons","25":"tag-organizacao-criativa","26":"tag-puc","27":"tag-justica-ambiental","28":"tag-saude","29":"tag-soberania-alimentar","30":"tag-solucao","31":"tag-solucao-comunitaria","32":"tag-sustentabilidade","33":"tag-zona-norte","34":"writer-walmyr-junior","35":"fotografo-maria-helena-pereira-da-silva"},"acf":[],"yoast_head":"<!-- This site is optimized with the Yoast SEO plugin v25.6 - https:\/\/yoast.com\/wordpress\/plugins\/seo\/ -->\n<title>E Se Cada Morador Cultivasse sua Pr\u00f3pria Horta? Conhe\u00e7a o Sonho da Horta-Escola Comunit\u00e1ria Maria Angu, na Favela da Kelson&#039;s, na Mar\u00e9 - RioOnWatch<\/title>\n<meta name=\"robots\" content=\"index, follow, max-snippet:-1, max-image-preview:large, max-video-preview:-1\" \/>\n<link rel=\"canonical\" href=\"https:\/\/rioonwatch.org.br\/?p=61809\" \/>\n<meta property=\"og:locale\" content=\"pt_BR\" \/>\n<meta property=\"og:type\" content=\"article\" \/>\n<meta property=\"og:title\" content=\"E Se Cada Morador Cultivasse sua Pr\u00f3pria Horta? Conhe\u00e7a o Sonho da Horta-Escola Comunit\u00e1ria Maria Angu, na Favela da Kelson&#039;s, na Mar\u00e9 - RioOnWatch\" \/>\n<meta property=\"og:description\" content=\"Click Here for English J\u00e1 pensou que poder\u00edamos ter uma horta comunit\u00e1ria em cada favela da cidade? E que por meio dela conseguir\u00edamos colher e fornecer legumes e verduras org\u00e2nicas para as mesas de cada [...]\" \/>\n<meta property=\"og:url\" content=\"https:\/\/rioonwatch.org.br\/?p=61809\" \/>\n<meta property=\"og:site_name\" content=\"RioOnWatch\" \/>\n<meta property=\"article:published_time\" content=\"2022-06-15T12:49:47+00:00\" \/>\n<meta property=\"article:modified_time\" content=\"2023-08-23T00:08:03+00:00\" \/>\n<meta property=\"og:image\" content=\"https:\/\/rioonwatch.org.br\/wp-content\/uploads\/2022\/06\/Horta-Escola-Maria-Angu.png\" \/>\n\t<meta property=\"og:image:width\" content=\"1267\" \/>\n\t<meta property=\"og:image:height\" content=\"544\" \/>\n\t<meta property=\"og:image:type\" content=\"image\/png\" \/>\n<meta name=\"author\" content=\"Julio Santos Filho\" \/>\n<meta name=\"twitter:card\" content=\"summary_large_image\" \/>\n<meta name=\"twitter:label1\" content=\"Escrito por\" \/>\n\t<meta name=\"twitter:data1\" content=\"Julio Santos Filho\" \/>\n\t<meta name=\"twitter:label2\" content=\"Est. tempo de leitura\" \/>\n\t<meta name=\"twitter:data2\" content=\"14 minutos\" \/>\n<script type=\"application\/ld+json\" class=\"yoast-schema-graph\">{\"@context\":\"https:\/\/schema.org\",\"@graph\":[{\"@type\":\"Article\",\"@id\":\"https:\/\/rioonwatch.org.br\/?p=61809#article\",\"isPartOf\":{\"@id\":\"https:\/\/rioonwatch.org.br\/?p=61809\"},\"author\":{\"name\":\"Julio Santos Filho\",\"@id\":\"https:\/\/rioonwatch.org.br\/#\/schema\/person\/476bc75767957d3535b65b796667cd36\"},\"headline\":\"E Se Cada Morador Cultivasse sua Pr\u00f3pria Horta? Conhe\u00e7a o Sonho da Horta-Escola Comunit\u00e1ria Maria Angu, na Favela da Kelson&#8217;s, na Mar\u00e9\",\"datePublished\":\"2022-06-15T12:49:47+00:00\",\"dateModified\":\"2023-08-23T00:08:03+00:00\",\"mainEntityOfPage\":{\"@id\":\"https:\/\/rioonwatch.org.br\/?p=61809\"},\"wordCount\":2293,\"publisher\":{\"@id\":\"https:\/\/rioonwatch.org.br\/#organization\"},\"image\":{\"@id\":\"https:\/\/rioonwatch.org.br\/?p=61809#primaryimage\"},\"thumbnailUrl\":\"https:\/\/rioonwatch.org.br\/wp-content\/uploads\/2022\/06\/Horta-Escola-Maria-Angu.png\",\"keywords\":[\"agricultura urbana\",\"agroecologia\",\"Complexo da Mar\u00e9\",\"creche\",\"direitos da crian\u00e7a\",\"educa\u00e7\u00e3o ambiental\",\"horta comunit\u00e1ria\",\"Hortas Cariocas\",\"Ilhas de Calor\",\"Inseguran\u00e7a alimentar\",\"Justi\u00e7a Clim\u00e1tica\",\"Kelson's\",\"mobiliza\u00e7\u00e3o criativa\",\"PUC\",\"Racismo ambiental\",\"sa\u00fade\",\"soberania alimentar\",\"solu\u00e7\u00e3o\",\"solu\u00e7\u00e3o comunit\u00e1ria\",\"sustentabilidade\",\"Zona Norte\"],\"articleSection\":[\"*Destaque\",\"Escrito por Comunicadores Populares\",\"Justi\u00e7a Clim\u00e1tica\",\"Sociedade Civil\",\"Solu\u00e7\u00f5es\",\"Sustentabilidade\"],\"inLanguage\":\"pt-BR\"},{\"@type\":\"WebPage\",\"@id\":\"https:\/\/rioonwatch.org.br\/?p=61809\",\"url\":\"https:\/\/rioonwatch.org.br\/?p=61809\",\"name\":\"E Se Cada Morador Cultivasse sua Pr\u00f3pria Horta? Conhe\u00e7a o Sonho da Horta-Escola Comunit\u00e1ria Maria Angu, na Favela da Kelson's, na Mar\u00e9 - RioOnWatch\",\"isPartOf\":{\"@id\":\"https:\/\/rioonwatch.org.br\/#website\"},\"primaryImageOfPage\":{\"@id\":\"https:\/\/rioonwatch.org.br\/?p=61809#primaryimage\"},\"image\":{\"@id\":\"https:\/\/rioonwatch.org.br\/?p=61809#primaryimage\"},\"thumbnailUrl\":\"https:\/\/rioonwatch.org.br\/wp-content\/uploads\/2022\/06\/Horta-Escola-Maria-Angu.png\",\"datePublished\":\"2022-06-15T12:49:47+00:00\",\"dateModified\":\"2023-08-23T00:08:03+00:00\",\"breadcrumb\":{\"@id\":\"https:\/\/rioonwatch.org.br\/?p=61809#breadcrumb\"},\"inLanguage\":\"pt-BR\",\"potentialAction\":[{\"@type\":\"ReadAction\",\"target\":[\"https:\/\/rioonwatch.org.br\/?p=61809\"]}]},{\"@type\":\"ImageObject\",\"inLanguage\":\"pt-BR\",\"@id\":\"https:\/\/rioonwatch.org.br\/?p=61809#primaryimage\",\"url\":\"https:\/\/rioonwatch.org.br\/wp-content\/uploads\/2022\/06\/Horta-Escola-Maria-Angu.png\",\"contentUrl\":\"https:\/\/rioonwatch.org.br\/wp-content\/uploads\/2022\/06\/Horta-Escola-Maria-Angu.png\",\"width\":1267,\"height\":544,\"caption\":\"Horta-Escola Comunit\u00e1ria Maria Angu, na Favela Kelson's, Complexo da Mar\u00e9. Foto Maria Helena Pereira da Silva, Nena (@nenapereiradasilva)\"},{\"@type\":\"BreadcrumbList\",\"@id\":\"https:\/\/rioonwatch.org.br\/?p=61809#breadcrumb\",\"itemListElement\":[{\"@type\":\"ListItem\",\"position\":1,\"name\":\"In\u00edcio\",\"item\":\"https:\/\/rioonwatch.org.br\/\"},{\"@type\":\"ListItem\",\"position\":2,\"name\":\"E Se Cada Morador Cultivasse sua Pr\u00f3pria Horta? Conhe\u00e7a o Sonho da Horta-Escola Comunit\u00e1ria Maria Angu, na Favela da Kelson&#8217;s, na Mar\u00e9\"}]},{\"@type\":\"WebSite\",\"@id\":\"https:\/\/rioonwatch.org.br\/#website\",\"url\":\"https:\/\/rioonwatch.org.br\/\",\"name\":\"RioOnWatch\",\"description\":\"relatos das favelas cariocas\",\"publisher\":{\"@id\":\"https:\/\/rioonwatch.org.br\/#organization\"},\"potentialAction\":[{\"@type\":\"SearchAction\",\"target\":{\"@type\":\"EntryPoint\",\"urlTemplate\":\"https:\/\/rioonwatch.org.br\/?s={search_term_string}\"},\"query-input\":{\"@type\":\"PropertyValueSpecification\",\"valueRequired\":true,\"valueName\":\"search_term_string\"}}],\"inLanguage\":\"pt-BR\"},{\"@type\":\"Organization\",\"@id\":\"https:\/\/rioonwatch.org.br\/#organization\",\"name\":\"RioOnWatch\",\"url\":\"https:\/\/rioonwatch.org.br\/\",\"logo\":{\"@type\":\"ImageObject\",\"inLanguage\":\"pt-BR\",\"@id\":\"https:\/\/rioonwatch.org.br\/#\/schema\/logo\/image\/\",\"url\":\"https:\/\/rioonwatch.org.br\/wp-content\/uploads\/2021\/06\/RioOnWatchcabecalhoPT11anos-2.png\",\"contentUrl\":\"https:\/\/rioonwatch.org.br\/wp-content\/uploads\/2021\/06\/RioOnWatchcabecalhoPT11anos-2.png\",\"width\":779,\"height\":277,\"caption\":\"RioOnWatch\"},\"image\":{\"@id\":\"https:\/\/rioonwatch.org.br\/#\/schema\/logo\/image\/\"}},{\"@type\":\"Person\",\"@id\":\"https:\/\/rioonwatch.org.br\/#\/schema\/person\/476bc75767957d3535b65b796667cd36\",\"name\":\"Julio Santos Filho\",\"image\":{\"@type\":\"ImageObject\",\"inLanguage\":\"pt-BR\",\"@id\":\"https:\/\/rioonwatch.org.br\/#\/schema\/person\/image\/\",\"url\":\"https:\/\/secure.gravatar.com\/avatar\/ca138f7666182a292a8ce4ca14fb81f8?s=96&d=blank&r=g\",\"contentUrl\":\"https:\/\/secure.gravatar.com\/avatar\/ca138f7666182a292a8ce4ca14fb81f8?s=96&d=blank&r=g\",\"caption\":\"Julio Santos Filho\"},\"url\":\"https:\/\/rioonwatch.org.br\/?author=167\"}]}<\/script>\n<!-- \/ Yoast SEO plugin. -->","yoast_head_json":{"title":"E Se Cada Morador Cultivasse sua Pr\u00f3pria Horta? Conhe\u00e7a o Sonho da Horta-Escola Comunit\u00e1ria Maria Angu, na Favela da Kelson's, na Mar\u00e9 - RioOnWatch","robots":{"index":"index","follow":"follow","max-snippet":"max-snippet:-1","max-image-preview":"max-image-preview:large","max-video-preview":"max-video-preview:-1"},"canonical":"https:\/\/rioonwatch.org.br\/?p=61809","og_locale":"pt_BR","og_type":"article","og_title":"E Se Cada Morador Cultivasse sua Pr\u00f3pria Horta? Conhe\u00e7a o Sonho da Horta-Escola Comunit\u00e1ria Maria Angu, na Favela da Kelson's, na Mar\u00e9 - RioOnWatch","og_description":"Click Here for English J\u00e1 pensou que poder\u00edamos ter uma horta comunit\u00e1ria em cada favela da cidade? E que por meio dela conseguir\u00edamos colher e fornecer legumes e verduras org\u00e2nicas para as mesas de cada [...]","og_url":"https:\/\/rioonwatch.org.br\/?p=61809","og_site_name":"RioOnWatch","article_published_time":"2022-06-15T12:49:47+00:00","article_modified_time":"2023-08-23T00:08:03+00:00","og_image":[{"width":1267,"height":544,"url":"https:\/\/rioonwatch.org.br\/wp-content\/uploads\/2022\/06\/Horta-Escola-Maria-Angu.png","type":"image\/png"}],"author":"Julio Santos Filho","twitter_card":"summary_large_image","twitter_misc":{"Escrito por":"Julio Santos Filho","Est. tempo de leitura":"14 minutos"},"schema":{"@context":"https:\/\/schema.org","@graph":[{"@type":"Article","@id":"https:\/\/rioonwatch.org.br\/?p=61809#article","isPartOf":{"@id":"https:\/\/rioonwatch.org.br\/?p=61809"},"author":{"name":"Julio Santos Filho","@id":"https:\/\/rioonwatch.org.br\/#\/schema\/person\/476bc75767957d3535b65b796667cd36"},"headline":"E Se Cada Morador Cultivasse sua Pr\u00f3pria Horta? Conhe\u00e7a o Sonho da Horta-Escola Comunit\u00e1ria Maria Angu, na Favela da Kelson&#8217;s, na Mar\u00e9","datePublished":"2022-06-15T12:49:47+00:00","dateModified":"2023-08-23T00:08:03+00:00","mainEntityOfPage":{"@id":"https:\/\/rioonwatch.org.br\/?p=61809"},"wordCount":2293,"publisher":{"@id":"https:\/\/rioonwatch.org.br\/#organization"},"image":{"@id":"https:\/\/rioonwatch.org.br\/?p=61809#primaryimage"},"thumbnailUrl":"https:\/\/rioonwatch.org.br\/wp-content\/uploads\/2022\/06\/Horta-Escola-Maria-Angu.png","keywords":["agricultura urbana","agroecologia","Complexo da Mar\u00e9","creche","direitos da crian\u00e7a","educa\u00e7\u00e3o ambiental","horta comunit\u00e1ria","Hortas Cariocas","Ilhas de Calor","Inseguran\u00e7a alimentar","Justi\u00e7a Clim\u00e1tica","Kelson's","mobiliza\u00e7\u00e3o criativa","PUC","Racismo ambiental","sa\u00fade","soberania alimentar","solu\u00e7\u00e3o","solu\u00e7\u00e3o comunit\u00e1ria","sustentabilidade","Zona Norte"],"articleSection":["*Destaque","Escrito por Comunicadores Populares","Justi\u00e7a Clim\u00e1tica","Sociedade Civil","Solu\u00e7\u00f5es","Sustentabilidade"],"inLanguage":"pt-BR"},{"@type":"WebPage","@id":"https:\/\/rioonwatch.org.br\/?p=61809","url":"https:\/\/rioonwatch.org.br\/?p=61809","name":"E Se Cada Morador Cultivasse sua Pr\u00f3pria Horta? Conhe\u00e7a o Sonho da Horta-Escola Comunit\u00e1ria Maria Angu, na Favela da Kelson's, na Mar\u00e9 - RioOnWatch","isPartOf":{"@id":"https:\/\/rioonwatch.org.br\/#website"},"primaryImageOfPage":{"@id":"https:\/\/rioonwatch.org.br\/?p=61809#primaryimage"},"image":{"@id":"https:\/\/rioonwatch.org.br\/?p=61809#primaryimage"},"thumbnailUrl":"https:\/\/rioonwatch.org.br\/wp-content\/uploads\/2022\/06\/Horta-Escola-Maria-Angu.png","datePublished":"2022-06-15T12:49:47+00:00","dateModified":"2023-08-23T00:08:03+00:00","breadcrumb":{"@id":"https:\/\/rioonwatch.org.br\/?p=61809#breadcrumb"},"inLanguage":"pt-BR","potentialAction":[{"@type":"ReadAction","target":["https:\/\/rioonwatch.org.br\/?p=61809"]}]},{"@type":"ImageObject","inLanguage":"pt-BR","@id":"https:\/\/rioonwatch.org.br\/?p=61809#primaryimage","url":"https:\/\/rioonwatch.org.br\/wp-content\/uploads\/2022\/06\/Horta-Escola-Maria-Angu.png","contentUrl":"https:\/\/rioonwatch.org.br\/wp-content\/uploads\/2022\/06\/Horta-Escola-Maria-Angu.png","width":1267,"height":544,"caption":"Horta-Escola Comunit\u00e1ria Maria Angu, na Favela Kelson's, Complexo da Mar\u00e9. Foto Maria Helena Pereira da Silva, Nena (@nenapereiradasilva)"},{"@type":"BreadcrumbList","@id":"https:\/\/rioonwatch.org.br\/?p=61809#breadcrumb","itemListElement":[{"@type":"ListItem","position":1,"name":"In\u00edcio","item":"https:\/\/rioonwatch.org.br\/"},{"@type":"ListItem","position":2,"name":"E Se Cada Morador Cultivasse sua Pr\u00f3pria Horta? Conhe\u00e7a o Sonho da Horta-Escola Comunit\u00e1ria Maria Angu, na Favela da Kelson&#8217;s, na Mar\u00e9"}]},{"@type":"WebSite","@id":"https:\/\/rioonwatch.org.br\/#website","url":"https:\/\/rioonwatch.org.br\/","name":"RioOnWatch","description":"relatos das favelas cariocas","publisher":{"@id":"https:\/\/rioonwatch.org.br\/#organization"},"potentialAction":[{"@type":"SearchAction","target":{"@type":"EntryPoint","urlTemplate":"https:\/\/rioonwatch.org.br\/?s={search_term_string}"},"query-input":{"@type":"PropertyValueSpecification","valueRequired":true,"valueName":"search_term_string"}}],"inLanguage":"pt-BR"},{"@type":"Organization","@id":"https:\/\/rioonwatch.org.br\/#organization","name":"RioOnWatch","url":"https:\/\/rioonwatch.org.br\/","logo":{"@type":"ImageObject","inLanguage":"pt-BR","@id":"https:\/\/rioonwatch.org.br\/#\/schema\/logo\/image\/","url":"https:\/\/rioonwatch.org.br\/wp-content\/uploads\/2021\/06\/RioOnWatchcabecalhoPT11anos-2.png","contentUrl":"https:\/\/rioonwatch.org.br\/wp-content\/uploads\/2021\/06\/RioOnWatchcabecalhoPT11anos-2.png","width":779,"height":277,"caption":"RioOnWatch"},"image":{"@id":"https:\/\/rioonwatch.org.br\/#\/schema\/logo\/image\/"}},{"@type":"Person","@id":"https:\/\/rioonwatch.org.br\/#\/schema\/person\/476bc75767957d3535b65b796667cd36","name":"Julio Santos Filho","image":{"@type":"ImageObject","inLanguage":"pt-BR","@id":"https:\/\/rioonwatch.org.br\/#\/schema\/person\/image\/","url":"https:\/\/secure.gravatar.com\/avatar\/ca138f7666182a292a8ce4ca14fb81f8?s=96&d=blank&r=g","contentUrl":"https:\/\/secure.gravatar.com\/avatar\/ca138f7666182a292a8ce4ca14fb81f8?s=96&d=blank&r=g","caption":"Julio Santos Filho"},"url":"https:\/\/rioonwatch.org.br\/?author=167"}]}},"_links":{"self":[{"href":"https:\/\/rioonwatch.org.br\/index.php?rest_route=\/wp\/v2\/posts\/61809"}],"collection":[{"href":"https:\/\/rioonwatch.org.br\/index.php?rest_route=\/wp\/v2\/posts"}],"about":[{"href":"https:\/\/rioonwatch.org.br\/index.php?rest_route=\/wp\/v2\/types\/post"}],"author":[{"embeddable":true,"href":"https:\/\/rioonwatch.org.br\/index.php?rest_route=\/wp\/v2\/users\/167"}],"replies":[{"embeddable":true,"href":"https:\/\/rioonwatch.org.br\/index.php?rest_route=%2Fwp%2Fv2%2Fcomments&post=61809"}],"version-history":[{"count":36,"href":"https:\/\/rioonwatch.org.br\/index.php?rest_route=\/wp\/v2\/posts\/61809\/revisions"}],"predecessor-version":[{"id":62244,"href":"https:\/\/rioonwatch.org.br\/index.php?rest_route=\/wp\/v2\/posts\/61809\/revisions\/62244"}],"wp:featuredmedia":[{"embeddable":true,"href":"https:\/\/rioonwatch.org.br\/index.php?rest_route=\/wp\/v2\/media\/61889"}],"wp:attachment":[{"href":"https:\/\/rioonwatch.org.br\/index.php?rest_route=%2Fwp%2Fv2%2Fmedia&parent=61809"}],"wp:term":[{"taxonomy":"category","embeddable":true,"href":"https:\/\/rioonwatch.org.br\/index.php?rest_route=%2Fwp%2Fv2%2Fcategories&post=61809"},{"taxonomy":"post_tag","embeddable":true,"href":"https:\/\/rioonwatch.org.br\/index.php?rest_route=%2Fwp%2Fv2%2Ftags&post=61809"},{"taxonomy":"writer","embeddable":true,"href":"https:\/\/rioonwatch.org.br\/index.php?rest_route=%2Fwp%2Fv2%2Fwriter&post=61809"},{"taxonomy":"translator","embeddable":true,"href":"https:\/\/rioonwatch.org.br\/index.php?rest_route=%2Fwp%2Fv2%2Ftranslator&post=61809"},{"taxonomy":"source","embeddable":true,"href":"https:\/\/rioonwatch.org.br\/index.php?rest_route=%2Fwp%2Fv2%2Fsource&post=61809"},{"taxonomy":"ilustrador","embeddable":true,"href":"https:\/\/rioonwatch.org.br\/index.php?rest_route=%2Fwp%2Fv2%2Filustrador&post=61809"},{"taxonomy":"fotografo","embeddable":true,"href":"https:\/\/rioonwatch.org.br\/index.php?rest_route=%2Fwp%2Fv2%2Ffotografo&post=61809"}],"curies":[{"name":"wp","href":"https:\/\/api.w.org\/{rel}","templated":true}]}}