{"id":61908,"date":"2022-07-06T12:21:50","date_gmt":"2022-07-06T15:21:50","guid":{"rendered":"https:\/\/rioonwatch.org.br\/?p=61908"},"modified":"2022-07-28T12:26:26","modified_gmt":"2022-07-28T15:26:26","slug":"conferencia-popular-pelo-direito-a-cidade-a-incidencia-politica-de-uma-agenda-nacional-unificada-de-lutas","status":"publish","type":"post","link":"https:\/\/rioonwatch.org.br\/?p=61908","title":{"rendered":"Confer\u00eancia Popular pelo Direito \u00e0 Cidade: A Incid\u00eancia Pol\u00edtica de uma Agenda Nacional Unificada de Lutas"},"content":{"rendered":"<p style=\"text-align: right;\"><em><strong><a href=\"https:\/\/bit.ly\/3zDXw2m\" target=\"_blank\" rel=\"noopener noreferrer\">Click Here for English<\/a><a href=\"https:\/\/bit.ly\/3zDXw2m\" target=\"_blank\" rel=\"noopener noreferrer\"><img decoding=\"async\" class=\"alignright wp-image-15790\" src=\"https:\/\/rioonwatch.org.br\/wp-content\/uploads\/2012\/08\/EN-standard-e1439583104716.jpg\" alt=\"\" width=\"20\" height=\"20\" \/><\/a><\/strong><\/em><\/p>\n<p>Nos dias 3, 4 e 5 de junho ocorreu a <a href=\"https:\/\/bit.ly\/3wfLIAD\" target=\"_blank\" rel=\"noopener\">Confer\u00eancia Popular pelo Direito \u00e0 Cidade<\/a>, evento que reuniu mais de 500 representantes de movimentos sociais, organiza\u00e7\u00f5es da sociedade civil, lideran\u00e7as de favelas, pesquisadores e t\u00e9cnicos de todas as regi\u00f5es do pa\u00eds.<\/p>\n<p>O evento foi organizado pelo <a href=\"http:\/\/bit.ly\/2mAPUuM\" target=\"_blank\" rel=\"noopener\">BR Cidades<\/a>, Articula\u00e7\u00e3o de Mulheres Brasileiras (<a href=\"https:\/\/bit.ly\/3O94YYa\" target=\"_blank\" rel=\"noopener\">AMB<\/a>), Central dos Movimentos Populares (<a href=\"https:\/\/bit.ly\/3gRFfW8\" target=\"_blank\" rel=\"noopener\">CMP<\/a>), <a href=\"https:\/\/bit.ly\/3nnQgkR\" target=\"_blank\" rel=\"noopener\">Coaliz\u00e3o Negra por Direitos<\/a>, Confedera\u00e7\u00e3o Nacional das Associa\u00e7\u00f5es de Moradores (<a href=\"https:\/\/bit.ly\/3OrsnUj\" target=\"_blank\" rel=\"noopener\">CONAM<\/a>), <a href=\"https:\/\/bit.ly\/361ZQAz\" target=\"_blank\" rel=\"noopener\">F\u00f3rum Nacional de Reforma Urbana<\/a>, <a href=\"https:\/\/bit.ly\/39XhRQk\" target=\"_blank\" rel=\"noopener\">Habitat para a Humanidade<\/a>, Instituto Brsileiro de Direito Urban\u00edstico (<a href=\"http:\/\/bit.ly\/2Qpion1\" target=\"_blank\" rel=\"noopener\">IBDU<\/a>), Movimento Nacional de Luta pela Moradia (<a href=\"http:\/\/bit.ly\/32S0rBU\" target=\"_blank\" rel=\"noopener\">MNLM<\/a>), Movimento de Trabalhadoras e Trabalhadores por Direitos (<a href=\"https:\/\/bit.ly\/3zKWORs\" target=\"_blank\" rel=\"noopener\">MTD<\/a>), Movimento dos Trabalhadores sem Teto (<a href=\"http:\/\/bit.ly\/2Jk6dV5\" target=\"_blank\" rel=\"noopener\">MTST<\/a>) e Uni\u00e3o por Moradia Popular (<a href=\"https:\/\/bit.ly\/3r79cnS\" target=\"_blank\" rel=\"noopener\">UMP<\/a>). Importante destacar o esfor\u00e7o das institui\u00e7\u00f5es organizadoras para garantir a <a href=\"https:\/\/bit.ly\/2Zy4jbV\" target=\"_blank\" rel=\"noopener\">representatividade<\/a> regional, de g\u00eanero e ra\u00e7a entre os participantes da confer\u00eancia.<\/p>\n<p><a href=\"https:\/\/rioonwatch.org.br\/wp-content\/uploads\/2022\/06\/A-Conferencia-Popular-foi-construida-a-partir-de-mais-de-230-eventos-preparatorios-organizados-local-ou-regionalmente-pelas-mais-de-700-entidades-que-aderiram-a-proposta.-scaled.jpg\"><img fetchpriority=\"high\" decoding=\"async\" class=\"aligncenter wp-image-61957\" title=\"A Confer\u00eancia Popular foi constru\u00edda a partir de mais de 230 eventos preparat\u00f3rios, organizados local ou regionalmente pelas mais de 700 entidades que aderiram \u00e0 proposta.\" src=\"https:\/\/rioonwatch.org.br\/wp-content\/uploads\/2022\/06\/A-Conferencia-Popular-foi-construida-a-partir-de-mais-de-230-eventos-preparatorios-organizados-local-ou-regionalmente-pelas-mais-de-700-entidades-que-aderiram-a-proposta.-scaled.jpg\" alt=\"A Confer\u00eancia Popular foi constru\u00edda a partir de mais de 230 eventos preparat\u00f3rios, organizados local ou regionalmente pelas mais de 700 entidades que aderiram \u00e0 proposta.\" width=\"670\" height=\"503\" srcset=\"https:\/\/rioonwatch.org.br\/wp-content\/uploads\/2022\/06\/A-Conferencia-Popular-foi-construida-a-partir-de-mais-de-230-eventos-preparatorios-organizados-local-ou-regionalmente-pelas-mais-de-700-entidades-que-aderiram-a-proposta.-scaled.jpg 2560w, https:\/\/rioonwatch.org.br\/wp-content\/uploads\/2022\/06\/A-Conferencia-Popular-foi-construida-a-partir-de-mais-de-230-eventos-preparatorios-organizados-local-ou-regionalmente-pelas-mais-de-700-entidades-que-aderiram-a-proposta.-620x465.jpg 620w, https:\/\/rioonwatch.org.br\/wp-content\/uploads\/2022\/06\/A-Conferencia-Popular-foi-construida-a-partir-de-mais-de-230-eventos-preparatorios-organizados-local-ou-regionalmente-pelas-mais-de-700-entidades-que-aderiram-a-proposta.-839x629.jpg 839w, https:\/\/rioonwatch.org.br\/wp-content\/uploads\/2022\/06\/A-Conferencia-Popular-foi-construida-a-partir-de-mais-de-230-eventos-preparatorios-organizados-local-ou-regionalmente-pelas-mais-de-700-entidades-que-aderiram-a-proposta.-678x509.jpg 678w, https:\/\/rioonwatch.org.br\/wp-content\/uploads\/2022\/06\/A-Conferencia-Popular-foi-construida-a-partir-de-mais-de-230-eventos-preparatorios-organizados-local-ou-regionalmente-pelas-mais-de-700-entidades-que-aderiram-a-proposta.-326x245.jpg 326w, https:\/\/rioonwatch.org.br\/wp-content\/uploads\/2022\/06\/A-Conferencia-Popular-foi-construida-a-partir-de-mais-de-230-eventos-preparatorios-organizados-local-ou-regionalmente-pelas-mais-de-700-entidades-que-aderiram-a-proposta.-80x60.jpg 80w\" sizes=\"(max-width: 670px) 100vw, 670px\" \/><\/a><\/p>\n<p>A Confer\u00eancia Popular foi constru\u00edda a partir de mais de 230 <a href=\"https:\/\/bit.ly\/3MvdbFe\" target=\"_blank\" rel=\"noopener\">eventos preparat\u00f3rios<\/a>, organizados local ou regionalmente pelas mais de 700 entidades que aderiram \u00e0 proposta da confer\u00eancia por meio da assinatura \u00e0s diretrizes do movimento. As diretrizes contemplam a busca pela redemocratiza\u00e7\u00e3o do espa\u00e7o urbano e a necessidade da reconstru\u00e7\u00e3o de uma pauta de debates p\u00fablicos sobre as cidades que inclua a redu\u00e7\u00e3o da desigualdade e o combate \u00e0 <a href=\"https:\/\/bit.ly\/3EojKWk\" target=\"_blank\" rel=\"noopener\">segrega\u00e7\u00e3o socioespacial<\/a>.<\/p>\n<p>Cada um dos eventos preparat\u00f3rios apresentou um relat\u00f3rio com propostas que, posteriormente, foram sintetizadas em um documento com 128 propostas que foram debatidas e aperfei\u00e7oadas durante a confer\u00eancia.<\/p>\n<p><a href=\"https:\/\/rioonwatch.org.br\/wp-content\/uploads\/2022\/06\/A-Conferencia-Popular-pelo-Direito-a-Cidade-foi-iniciada-com-uma-marcha-pelas-ruas-do-centro-de-Sao-Paulo-em-defesa-do-direito-a-cidade-e-a-moradia.-Foto-Tarcyla-Fidalgo.jpg\"><img decoding=\"async\" class=\"aligncenter wp-image-61954\" title=\"A Confer\u00eancia Popular pelo Direito \u00e0 Cidade foi iniciada com uma marcha pelas ruas do centro de S\u00e3o Paulo em defesa do direito \u00e0 cidade e \u00e0 moradia.\" src=\"https:\/\/rioonwatch.org.br\/wp-content\/uploads\/2022\/06\/A-Conferencia-Popular-pelo-Direito-a-Cidade-foi-iniciada-com-uma-marcha-pelas-ruas-do-centro-de-Sao-Paulo-em-defesa-do-direito-a-cidade-e-a-moradia.-Foto-Tarcyla-Fidalgo.jpg\" alt=\"A Confer\u00eancia Popular pelo Direito \u00e0 Cidade foi iniciada com uma marcha pelas ruas do centro de S\u00e3o Paulo em defesa do direito \u00e0 cidade e \u00e0 moradia.\" width=\"670\" height=\"893\" srcset=\"https:\/\/rioonwatch.org.br\/wp-content\/uploads\/2022\/06\/A-Conferencia-Popular-pelo-Direito-a-Cidade-foi-iniciada-com-uma-marcha-pelas-ruas-do-centro-de-Sao-Paulo-em-defesa-do-direito-a-cidade-e-a-moradia.-Foto-Tarcyla-Fidalgo.jpg 1200w, https:\/\/rioonwatch.org.br\/wp-content\/uploads\/2022\/06\/A-Conferencia-Popular-pelo-Direito-a-Cidade-foi-iniciada-com-uma-marcha-pelas-ruas-do-centro-de-Sao-Paulo-em-defesa-do-direito-a-cidade-e-a-moradia.-Foto-Tarcyla-Fidalgo-465x620.jpg 465w, https:\/\/rioonwatch.org.br\/wp-content\/uploads\/2022\/06\/A-Conferencia-Popular-pelo-Direito-a-Cidade-foi-iniciada-com-uma-marcha-pelas-ruas-do-centro-de-Sao-Paulo-em-defesa-do-direito-a-cidade-e-a-moradia.-Foto-Tarcyla-Fidalgo-472x629.jpg 472w\" sizes=\"(max-width: 670px) 100vw, 670px\" \/><\/a><\/p>\n<p>A Confer\u00eancia Popular pelo Direito \u00e0 Cidade se iniciou com uma marcha pelas ruas do centro de S\u00e3o Paulo em defesa do <a href=\"http:\/\/bit.ly\/3aY4PCT\" target=\"_blank\" rel=\"noopener\">direito \u00e0 cidade<\/a> e <a href=\"http:\/\/bit.ly\/1g73xCv\" target=\"_blank\" rel=\"noopener\">\u00e0 moradia<\/a>. Centenas de pessoas se concentraram no Largo do Paissandu e fizeram um trajeto passando por lugares com hist\u00f3rico marcante de viola\u00e7\u00e3o a esses direitos, como o Edif\u00edcio Wilton Paes de Almeida e o Tribunal de Justi\u00e7a do Estado de S\u00e3o Paulo. Foi um momento que deu o tom de todo o evento, com palavras de ordem sobre a import\u00e2ncia da <a href=\"http:\/\/bit.ly\/2wZNhEj\" target=\"_blank\" rel=\"noopener\">mobiliza\u00e7\u00e3o popular<\/a> e da redemocratiza\u00e7\u00e3o das nossas cidades, al\u00e9m do refor\u00e7o \u00e0 necessidade\u2014cada vez maior\u2014de respeito e garantia do direito \u00e0 moradia como porta de entrada para outros direitos fundamentais previstos na Constitui\u00e7\u00e3o Federal.<\/p>\n<p><a href=\"https:\/\/rioonwatch.org.br\/wp-content\/uploads\/2022\/06\/A-marcha-contou-com-a-presenca-de-centenas-de-pessoas-que-se-concentraram-no-Largo-do-Paissandu-e-fizeram-um-trajeto-passando-por-lugares-historicos-de-violacao-desses-direitos.jpg\"><img loading=\"lazy\" decoding=\"async\" class=\"aligncenter wp-image-61955\" title=\"A marcha contou com a presen\u00e7a de centenas de pessoas que se concentraram no Largo do Paissandu e fizeram um trajeto passando por lugares com hist\u00f3rico marcante de viola\u00e7\u00e3o a esses direitos, como o Edif\u00edcio Wilton Paes de Almeida e o TRibunal de Justi\u00e7a do Estado de S\u00e3o Paulo\" src=\"https:\/\/rioonwatch.org.br\/wp-content\/uploads\/2022\/06\/A-marcha-contou-com-a-presenca-de-centenas-de-pessoas-que-se-concentraram-no-Largo-do-Paissandu-e-fizeram-um-trajeto-passando-por-lugares-historicos-de-violacao-desses-direitos.jpg\" alt=\"A marcha contou com a presen\u00e7a de centenas de pessoas que se concentraram no Largo do Paissandu e fizeram um trajeto passando por lugares com hist\u00f3rico marcante de viola\u00e7\u00e3o a esses direitos, como o Edif\u00edcio Wilton Paes de Almeida e o TRibunal de Justi\u00e7a do Estado de S\u00e3o Paulo\" width=\"670\" height=\"503\" srcset=\"https:\/\/rioonwatch.org.br\/wp-content\/uploads\/2022\/06\/A-marcha-contou-com-a-presenca-de-centenas-de-pessoas-que-se-concentraram-no-Largo-do-Paissandu-e-fizeram-um-trajeto-passando-por-lugares-historicos-de-violacao-desses-direitos.jpg 1600w, https:\/\/rioonwatch.org.br\/wp-content\/uploads\/2022\/06\/A-marcha-contou-com-a-presenca-de-centenas-de-pessoas-que-se-concentraram-no-Largo-do-Paissandu-e-fizeram-um-trajeto-passando-por-lugares-historicos-de-violacao-desses-direitos-620x465.jpg 620w, https:\/\/rioonwatch.org.br\/wp-content\/uploads\/2022\/06\/A-marcha-contou-com-a-presenca-de-centenas-de-pessoas-que-se-concentraram-no-Largo-do-Paissandu-e-fizeram-um-trajeto-passando-por-lugares-historicos-de-violacao-desses-direitos-678x509.jpg 678w, https:\/\/rioonwatch.org.br\/wp-content\/uploads\/2022\/06\/A-marcha-contou-com-a-presenca-de-centenas-de-pessoas-que-se-concentraram-no-Largo-do-Paissandu-e-fizeram-um-trajeto-passando-por-lugares-historicos-de-violacao-desses-direitos-326x245.jpg 326w, https:\/\/rioonwatch.org.br\/wp-content\/uploads\/2022\/06\/A-marcha-contou-com-a-presenca-de-centenas-de-pessoas-que-se-concentraram-no-Largo-do-Paissandu-e-fizeram-um-trajeto-passando-por-lugares-historicos-de-violacao-desses-direitos-80x60.jpg 80w, https:\/\/rioonwatch.org.br\/wp-content\/uploads\/2022\/06\/A-marcha-contou-com-a-presenca-de-centenas-de-pessoas-que-se-concentraram-no-Largo-do-Paissandu-e-fizeram-um-trajeto-passando-por-lugares-historicos-de-violacao-desses-direitos-839x629.jpg 839w\" sizes=\"(max-width: 670px) 100vw, 670px\" \/><\/a><\/p>\n<p>Al\u00e9m da marcha, foi realizado um evento de abertura, 16 oficinas tem\u00e1ticas e uma plen\u00e1ria de encerramento na qual foi aprovado o <a href=\"https:\/\/bit.ly\/3yCQBGk\" target=\"_blank\" rel=\"noopener\">documento final com as propostas resultantes dos debates<\/a>.<\/p>\n<p>A cerim\u00f4nia de abertura foi realizada no sal\u00e3o nobre da Faculdade de Direito da Universidade de S\u00e3o Paulo (USP) e contou com a presen\u00e7a de 600 pessoas. Entre palavras de ordem pela retomada da democracia e sobre a import\u00e2ncia da moradia como direito e apresenta\u00e7\u00f5es culturais, diversos movimentos sociais e institui\u00e7\u00f5es da sociedade civil foram chamados para se apresentar e falar sobre seus hist\u00f3ricos e expectativas para a confer\u00eancia. A abertura tamb\u00e9m contou com falas que destacaram a import\u00e2ncia do momento atual para articula\u00e7\u00f5es relacionadas com a tem\u00e1tica urbana, considerando a proximidade do processo eleitoral.<\/p>\n<p><a href=\"https:\/\/rioonwatch.org.br\/wp-content\/uploads\/2022\/06\/A-cerimonia-de-abertura-foi-realizada-no-salao-nobre-da-faculdade-de-direito-da-universidade-de-Sao-Paulo-e-contou-com-a-presenca-de-mais-de-600-pessoas.-Foto-Tarcyla-Fidalgo-scaled.jpg\"><img loading=\"lazy\" decoding=\"async\" class=\"aligncenter wp-image-61956\" title=\"A cerim\u00f4nia de abertura foi realizada no sal\u00e3o nobre da faculdade de direito da universidade de S\u00e3o Paulo, e contou com a presen\u00e7a de mais de 600 pessoas. Foto: Tarcyla Fidalgo\" src=\"https:\/\/rioonwatch.org.br\/wp-content\/uploads\/2022\/06\/A-cerimonia-de-abertura-foi-realizada-no-salao-nobre-da-faculdade-de-direito-da-universidade-de-Sao-Paulo-e-contou-com-a-presenca-de-mais-de-600-pessoas.-Foto-Tarcyla-Fidalgo-scaled.jpg\" alt=\"A cerim\u00f4nia de abertura foi realizada no sal\u00e3o nobre da faculdade de direito da universidade de S\u00e3o Paulo, e contou com a presen\u00e7a de mais de 600 pessoas. Foto: Tarcyla Fidalgo\" width=\"670\" height=\"503\" srcset=\"https:\/\/rioonwatch.org.br\/wp-content\/uploads\/2022\/06\/A-cerimonia-de-abertura-foi-realizada-no-salao-nobre-da-faculdade-de-direito-da-universidade-de-Sao-Paulo-e-contou-com-a-presenca-de-mais-de-600-pessoas.-Foto-Tarcyla-Fidalgo-scaled.jpg 2560w, https:\/\/rioonwatch.org.br\/wp-content\/uploads\/2022\/06\/A-cerimonia-de-abertura-foi-realizada-no-salao-nobre-da-faculdade-de-direito-da-universidade-de-Sao-Paulo-e-contou-com-a-presenca-de-mais-de-600-pessoas.-Foto-Tarcyla-Fidalgo-620x465.jpg 620w, https:\/\/rioonwatch.org.br\/wp-content\/uploads\/2022\/06\/A-cerimonia-de-abertura-foi-realizada-no-salao-nobre-da-faculdade-de-direito-da-universidade-de-Sao-Paulo-e-contou-com-a-presenca-de-mais-de-600-pessoas.-Foto-Tarcyla-Fidalgo-839x629.jpg 839w, https:\/\/rioonwatch.org.br\/wp-content\/uploads\/2022\/06\/A-cerimonia-de-abertura-foi-realizada-no-salao-nobre-da-faculdade-de-direito-da-universidade-de-Sao-Paulo-e-contou-com-a-presenca-de-mais-de-600-pessoas.-Foto-Tarcyla-Fidalgo-678x509.jpg 678w, https:\/\/rioonwatch.org.br\/wp-content\/uploads\/2022\/06\/A-cerimonia-de-abertura-foi-realizada-no-salao-nobre-da-faculdade-de-direito-da-universidade-de-Sao-Paulo-e-contou-com-a-presenca-de-mais-de-600-pessoas.-Foto-Tarcyla-Fidalgo-326x245.jpg 326w, https:\/\/rioonwatch.org.br\/wp-content\/uploads\/2022\/06\/A-cerimonia-de-abertura-foi-realizada-no-salao-nobre-da-faculdade-de-direito-da-universidade-de-Sao-Paulo-e-contou-com-a-presenca-de-mais-de-600-pessoas.-Foto-Tarcyla-Fidalgo-80x60.jpg 80w\" sizes=\"(max-width: 670px) 100vw, 670px\" \/><\/a><\/p>\n<p>Foi um momento muito potente tamb\u00e9m de reencontro ap\u00f3s os \u00faltimos anos de\u00a0<a class=\"c-link\" tabindex=\"-1\" href=\"https:\/\/bit.ly\/2xOpNGB\" target=\"_blank\" rel=\"noopener noreferrer\" data-stringify-link=\"https:\/\/bit.ly\/2xOpNGB\" data-sk=\"tooltip_parent\" data-remove-tab-index=\"true\">pandemia<\/a>, em que ficou clara a disposi\u00e7\u00e3o da sociedade para a luta pela reconstru\u00e7\u00e3o necess\u00e1ria em nosso pa\u00eds depois dos \u00faltimos anos de retrocessos e\u00a0<a class=\"c-link\" tabindex=\"-1\" href=\"https:\/\/bit.ly\/Covid19NasFavelas\" target=\"_blank\" rel=\"noopener noreferrer\" data-stringify-link=\"https:\/\/bit.ly\/Covid19NasFavelas\" data-sk=\"tooltip_parent\" data-remove-tab-index=\"true\">m\u00faltiplas crises<\/a>.<\/p>\n<p>No dia seguinte foram realizadas 16 oficinas tem\u00e1ticas, que trataram de aprofundar as propostas sintetizadas a partir dos eventos preparat\u00f3rios. Os temas relacionados para esse momento da confer\u00eancia foram:<\/p>\n<ol>\n<li>Educa\u00e7\u00e3o, arte, cultura e patrim\u00f4nio cultural;<\/li>\n<li>Democracia urbana, participa\u00e7\u00e3o social e esfera p\u00fablica;<\/li>\n<li>Planejamento urbano, direito urban\u00edstico e ATHIS;<\/li>\n<li>Favelas, periferias e bairros populares na luta pelo direito \u00e0 cidade;<\/li>\n<li>Propriedade e posse da terra, fun\u00e7\u00e3o social da terra e da cidade, espa\u00e7o p\u00fablico urbano;<\/li>\n<li>Mulheres, popula\u00e7\u00e3o LGBTQIA+, sexismo e viv\u00eancia nas cidade;<\/li>\n<li>Meio ambiente, saneamento, sa\u00fade e seguran\u00e7a alimentar;<\/li>\n<li>Transporte p\u00fablico, mobilidade e acessibilidade;<\/li>\n<li>Moradia;<\/li>\n<li>Desigualdades raciais na viv\u00eancia do direito \u00e0 cidade;<\/li>\n<li>Povos origin\u00e1rios e popula\u00e7\u00f5es tradicionais;<\/li>\n<li>Trabalho e renda, precariza\u00e7\u00e3o e trabalhadores de rua;<\/li>\n<li>Recursos p\u00fablicos e or\u00e7amento;<\/li>\n<li>Seguran\u00e7a p\u00fablica;<\/li>\n<li>Popula\u00e7\u00e3o em situa\u00e7\u00e3o de rua;<\/li>\n<li>Jovens e pessoas idosas.<\/li>\n<\/ol>\n<p>Por meio dos eixos em que se debateram propostas, \u00e9 poss\u00edvel perceber a abrang\u00eancia da confer\u00eancia. O evento pretendeu adotar uma vis\u00e3o ampla dos desafios enfrentados pelas cidades brasileiras. Na oficina <em>Propriedade e Posse da Terra, Fun\u00e7\u00e3o Social da Terra e da Cidade, Espa\u00e7o P\u00fablico Urbano<\/em>,\u00a0o <a href=\"http:\/\/bit.ly\/TTCsNoRioOnWatch\" target=\"_blank\" rel=\"noopener\">Termo Territorial Coletivo<\/a>* foi discutido e aprovado como uma das propostas a serem encaminhadas para o documento final da confer\u00eancia como diretriz para as lutas e pol\u00edticas urbanas.<\/p>\n<p><a href=\"https:\/\/rioonwatch.org.br\/wp-content\/uploads\/2022\/07\/Oficina-tematica.png\"><img loading=\"lazy\" decoding=\"async\" class=\"aligncenter wp-image-62031 size-full\" title=\"Foram realizadas 16 oficinas tem\u00e1ticas, que trataram de aprofundar as propostas sintetizadas a partir dos eventos preparat\u00f3rios. Foto: Tarcyla Fidalgo\" src=\"https:\/\/rioonwatch.org.br\/wp-content\/uploads\/2022\/07\/Oficina-tematica.png\" alt=\"Foram realizadas 16 oficinas tem\u00e1ticas, que trataram de aprofundar as propostas sintetizadas a partir dos eventos preparat\u00f3rios. Foto: Tarcyla Fidalgo\" width=\"2547\" height=\"1061\" srcset=\"https:\/\/rioonwatch.org.br\/wp-content\/uploads\/2022\/07\/Oficina-tematica.png 2547w, https:\/\/rioonwatch.org.br\/wp-content\/uploads\/2022\/07\/Oficina-tematica-620x258.png 620w, https:\/\/rioonwatch.org.br\/wp-content\/uploads\/2022\/07\/Oficina-tematica-1510x629.png 1510w\" sizes=\"(max-width: 2547px) 100vw, 2547px\" \/><\/a><\/p>\n<p>Por fim, no \u00faltimo dia da Confer\u00eancia, foi realizada a plen\u00e1ria final de aprova\u00e7\u00e3o das propostas. Foi mais um momento muito potente de reuni\u00e3o e confraterniza\u00e7\u00e3o. Houve a aprova\u00e7\u00e3o de um documento final, um manifesto com as propostas discutidas e aprovadas nas oficinas: a <a href=\"https:\/\/bit.ly\/3OrAaSi\" target=\"_blank\" rel=\"noopener\">Carta por um Encontro Nacional pelo Direito \u00e0 Cidade<\/a>.<\/p>\n<p><a href=\"https:\/\/bit.ly\/3yCQBGk\" target=\"_blank\" rel=\"noopener\"><span style=\"font-weight: 400;\">As propostas tamb\u00e9m est\u00e3o dispon\u00edveis<\/span><\/a><span style=\"font-weight: 400;\">\u00a0e servem como pauta de luta das entidades e movimentos signat\u00e1rios. A Carta e as propostas comp\u00f5em um conjunto que\u00a0 incide politicamente e pode inclusive servir de refer\u00eancia para novos governos que ser\u00e3o formados a partir das elei\u00e7\u00f5es em outubro deste ano.<\/span><\/p>\n<p><a href=\"https:\/\/rioonwatch.org.br\/wp-content\/uploads\/2022\/07\/CPDC.png\"><img loading=\"lazy\" decoding=\"async\" class=\"aligncenter wp-image-62029 size-full\" title=\"A Confer\u00eancia Popular pelo Direito \u00e0 Cidade, al\u00e9m dos mais de 200 eventos que a precederam, teve como m\u00e9rito demonstrar as possibilidades de articula\u00e7\u00e3o e mobiliza\u00e7\u00e3o de grupos, entidades e movimentos de todo o pa\u00eds em torno da constru\u00e7\u00e3o de uma pauta unificada para as lutas urbanas. Foto: Tarcyla Fidalgo\" src=\"https:\/\/rioonwatch.org.br\/wp-content\/uploads\/2022\/07\/CPDC.png\" alt=\"A Confer\u00eancia Popular pelo Direito \u00e0 Cidade, al\u00e9m dos mais de 200 eventos que a precederam, teve como m\u00e9rito demonstrar as possibilidades de articula\u00e7\u00e3o e mobiliza\u00e7\u00e3o de grupos, entidades e movimentos de todo o pa\u00eds em torno da constru\u00e7\u00e3o de uma pauta unificada para as lutas urbanas. Foto: Tarcyla Fidalgo\" width=\"2551\" height=\"1081\" srcset=\"https:\/\/rioonwatch.org.br\/wp-content\/uploads\/2022\/07\/CPDC.png 2551w, https:\/\/rioonwatch.org.br\/wp-content\/uploads\/2022\/07\/CPDC-620x264.png 620w, https:\/\/rioonwatch.org.br\/wp-content\/uploads\/2022\/07\/CPDC-1484x629.png 1484w\" sizes=\"(max-width: 2551px) 100vw, 2551px\" \/><\/a><\/p>\n<p>A Confer\u00eancia Popular pelo Direito \u00e0 Cidade, al\u00e9m dos mais de 200 eventos que a precederam, teve como m\u00e9rito demonstrar as possibilidades de articula\u00e7\u00e3o e mobiliza\u00e7\u00e3o de grupos, entidades e movimentos de todo o pa\u00eds em torno da constru\u00e7\u00e3o de uma pauta unificada para as lutas urbanas. Dado o cen\u00e1rio de empobrecimento da popula\u00e7\u00e3o, de <a href=\"http:\/\/bit.ly\/2x3chdW\" target=\"_blank\" rel=\"noopener\">remo\u00e7\u00f5es<\/a> e despejos crescentes e de criminaliza\u00e7\u00e3o de movimentos de luta, trata-se de uma mobiliza\u00e7\u00e3o fundamental de reagrupamento de for\u00e7as para os pr\u00f3ximos anos de disputa popular no Brasil. E \u00e9 poss\u00edvel dizer que o processo j\u00e1 come\u00e7ou, com muito afeto, pot\u00eancia e for\u00e7a!<\/p>\n<div class=\"entry-content clearfix\">\n<p><em>Tarcyla Fidalgo \u00e9 doutora em planejamento urbano e regional pelo IPPUR-UFRJ, mestra em direito da cidade pela UERJ, e coordenadora do Projeto Termo Territorial Coletivo (TTC).<\/em><\/p>\n<\/div>\n<p><em>*O Projeto Termo Territorial Coletivo e o RioOnWatch s\u00e3o iniciativas da organiza\u00e7\u00e3o sem fins lucrativos, Comunidades Catalisadoras (ComCat).<\/em><\/p>\n<hr \/>\n<h4><b data-stringify-type=\"bold\">Apoie nossos esfor\u00e7os para fornecer apoio estrat\u00e9gico \u00e0s favelas do Rio, incluindo o jornalismo hiperlocal, cr\u00edtico, inovador e incans\u00e1vel do\u00a0<\/b><b data-stringify-type=\"bold\"><i data-stringify-type=\"italic\">RioOnWatch<\/i><\/b>\u2014<a class=\"c-link\" href=\"http:\/\/www.bit.ly\/ApoieROW\" target=\"_blank\" rel=\"noopener noreferrer\" data-stringify-link=\"http:\/\/www.bit.ly\/ApoieROW\" data-sk=\"tooltip_parent\">doe aqui<\/a>.<\/h4>\n<!-- AddThis Advanced Settings generic via filter on the_content --><!-- AddThis Share Buttons generic via filter on the_content -->","protected":false},"excerpt":{"rendered":"<div class=\"mh-excerpt\"><p>Click Here for English Nos dias 3, 4 e 5 de junho ocorreu a Confer\u00eancia Popular pelo Direito \u00e0 Cidade, evento que reuniu mais de 500 representantes de movimentos sociais, organiza\u00e7\u00f5es da sociedade civil, lideran\u00e7as <a class=\"mh-excerpt-more\" href=\"https:\/\/rioonwatch.org.br\/?p=61908\" title=\"Confer\u00eancia Popular pelo Direito \u00e0 Cidade: A Incid\u00eancia Pol\u00edtica de uma Agenda Nacional Unificada de Lutas\">[&#8230;]<\/a><!-- AddThis Advanced Settings generic via filter on get_the_excerpt --><!-- AddThis Share Buttons generic via filter on get_the_excerpt --><\/p>\n<\/div>","protected":false},"author":175,"featured_media":61955,"comment_status":"closed","ping_status":"closed","sticky":false,"template":"","format":"standard","meta":{"_acf_changed":false,"_monsterinsights_skip_tracking":false,"_monsterinsights_sitenote_active":false,"_monsterinsights_sitenote_note":"","_monsterinsights_sitenote_category":0,"footnotes":""},"categories":[1627,344,1612],"tags":[2954,479,413,831,424,922,2278,1151,797,1217,358,2400,812,998,814,1109,1770],"writer":[2461],"translator":[],"source":[],"ilustrador":[],"fotografo":[],"class_list":{"0":"post-61908","1":"post","2":"type-post","3":"status-publish","4":"format-standard","5":"has-post-thumbnail","7":"category-relato-de-evento","8":"category-politicas","9":"category-sociedade-civil","10":"tag-coalizao-negra-por-direitos","11":"tag-democracia","12":"tag-desigualdade","13":"tag-direito-a-cidade","14":"tag-direito-a-moradia","15":"tag-evento","16":"tag-ferramentas-para-mobilizacao","17":"tag-organizacao","18":"tag-movimentos-sociais","19":"tag-mtst","20":"tag-organizacao-comunitaria","21":"tag-planejamento-participativo","22":"tag-planejamento-urbano","23":"tag-sao-paulo","24":"tag-segregacao","25":"tag-sociedade-civil","26":"tag-unmp","27":"writer-tarcyla-fidalgo"},"acf":[],"yoast_head":"<!-- This site is optimized with the Yoast SEO plugin v25.6 - https:\/\/yoast.com\/wordpress\/plugins\/seo\/ -->\n<title>Confer\u00eancia Popular pelo Direito \u00e0 Cidade: A Incid\u00eancia Pol\u00edtica de uma Agenda Nacional Unificada de Lutas - RioOnWatch<\/title>\n<meta name=\"robots\" content=\"index, follow, max-snippet:-1, max-image-preview:large, max-video-preview:-1\" \/>\n<link rel=\"canonical\" href=\"https:\/\/rioonwatch.org.br\/?p=61908\" \/>\n<meta property=\"og:locale\" content=\"pt_BR\" \/>\n<meta property=\"og:type\" content=\"article\" \/>\n<meta property=\"og:title\" content=\"Confer\u00eancia Popular pelo Direito \u00e0 Cidade: A Incid\u00eancia Pol\u00edtica de uma Agenda Nacional Unificada de Lutas - RioOnWatch\" \/>\n<meta property=\"og:description\" content=\"Click Here for English Nos dias 3, 4 e 5 de junho ocorreu a Confer\u00eancia Popular pelo Direito \u00e0 Cidade, evento que reuniu mais de 500 representantes de movimentos sociais, organiza\u00e7\u00f5es da sociedade civil, lideran\u00e7as [...]\" \/>\n<meta property=\"og:url\" content=\"https:\/\/rioonwatch.org.br\/?p=61908\" \/>\n<meta property=\"og:site_name\" content=\"RioOnWatch\" \/>\n<meta property=\"article:published_time\" content=\"2022-07-06T15:21:50+00:00\" \/>\n<meta property=\"article:modified_time\" content=\"2022-07-28T15:26:26+00:00\" \/>\n<meta property=\"og:image\" content=\"https:\/\/rioonwatch.org.br\/wp-content\/uploads\/2022\/06\/A-marcha-contou-com-a-presenca-de-centenas-de-pessoas-que-se-concentraram-no-Largo-do-Paissandu-e-fizeram-um-trajeto-passando-por-lugares-historicos-de-violacao-desses-direitos.jpg\" \/>\n\t<meta property=\"og:image:width\" content=\"1600\" \/>\n\t<meta property=\"og:image:height\" content=\"1200\" \/>\n\t<meta property=\"og:image:type\" content=\"image\/jpeg\" \/>\n<meta name=\"author\" content=\"Enrico Fedi\" \/>\n<meta name=\"twitter:card\" content=\"summary_large_image\" \/>\n<meta name=\"twitter:label1\" content=\"Escrito por\" \/>\n\t<meta name=\"twitter:data1\" content=\"Enrico Fedi\" \/>\n\t<meta name=\"twitter:label2\" content=\"Est. tempo de leitura\" \/>\n\t<meta name=\"twitter:data2\" content=\"7 minutos\" \/>\n<script type=\"application\/ld+json\" class=\"yoast-schema-graph\">{\"@context\":\"https:\/\/schema.org\",\"@graph\":[{\"@type\":\"Article\",\"@id\":\"https:\/\/rioonwatch.org.br\/?p=61908#article\",\"isPartOf\":{\"@id\":\"https:\/\/rioonwatch.org.br\/?p=61908\"},\"author\":{\"name\":\"Enrico Fedi\",\"@id\":\"https:\/\/rioonwatch.org.br\/#\/schema\/person\/a303e974b1bd619eecee3722a4dcdc9d\"},\"headline\":\"Confer\u00eancia Popular pelo Direito \u00e0 Cidade: A Incid\u00eancia Pol\u00edtica de uma Agenda Nacional Unificada de Lutas\",\"datePublished\":\"2022-07-06T15:21:50+00:00\",\"dateModified\":\"2022-07-28T15:26:26+00:00\",\"mainEntityOfPage\":{\"@id\":\"https:\/\/rioonwatch.org.br\/?p=61908\"},\"wordCount\":1131,\"publisher\":{\"@id\":\"https:\/\/rioonwatch.org.br\/#organization\"},\"image\":{\"@id\":\"https:\/\/rioonwatch.org.br\/?p=61908#primaryimage\"},\"thumbnailUrl\":\"https:\/\/rioonwatch.org.br\/wp-content\/uploads\/2022\/06\/A-marcha-contou-com-a-presenca-de-centenas-de-pessoas-que-se-concentraram-no-Largo-do-Paissandu-e-fizeram-um-trajeto-passando-por-lugares-historicos-de-violacao-desses-direitos.jpg\",\"keywords\":[\"Coaliz\u00e3o Negra por Direitos\",\"Democracia\",\"desigualdade\",\"Direito \u00e0 Cidade\",\"Direito \u00e0 Moradia\",\"evento\",\"ferramentas para mobiliza\u00e7\u00e3o\",\"mobiliza\u00e7\u00e3o\",\"movimentos sociais\",\"MTST\",\"organiza\u00e7\u00e3o comunit\u00e1ria\",\"planejamento participativo\",\"planejamento urbano\",\"S\u00e3o Paulo\",\"segrega\u00e7\u00e3o\",\"sociedade civil\",\"UNMP\"],\"articleSection\":[\"Cobertura de Eventos\",\"Pol\u00edticas\",\"Sociedade Civil\"],\"inLanguage\":\"pt-BR\"},{\"@type\":\"WebPage\",\"@id\":\"https:\/\/rioonwatch.org.br\/?p=61908\",\"url\":\"https:\/\/rioonwatch.org.br\/?p=61908\",\"name\":\"Confer\u00eancia Popular pelo Direito \u00e0 Cidade: A Incid\u00eancia Pol\u00edtica de uma Agenda Nacional Unificada de Lutas - RioOnWatch\",\"isPartOf\":{\"@id\":\"https:\/\/rioonwatch.org.br\/#website\"},\"primaryImageOfPage\":{\"@id\":\"https:\/\/rioonwatch.org.br\/?p=61908#primaryimage\"},\"image\":{\"@id\":\"https:\/\/rioonwatch.org.br\/?p=61908#primaryimage\"},\"thumbnailUrl\":\"https:\/\/rioonwatch.org.br\/wp-content\/uploads\/2022\/06\/A-marcha-contou-com-a-presenca-de-centenas-de-pessoas-que-se-concentraram-no-Largo-do-Paissandu-e-fizeram-um-trajeto-passando-por-lugares-historicos-de-violacao-desses-direitos.jpg\",\"datePublished\":\"2022-07-06T15:21:50+00:00\",\"dateModified\":\"2022-07-28T15:26:26+00:00\",\"breadcrumb\":{\"@id\":\"https:\/\/rioonwatch.org.br\/?p=61908#breadcrumb\"},\"inLanguage\":\"pt-BR\",\"potentialAction\":[{\"@type\":\"ReadAction\",\"target\":[\"https:\/\/rioonwatch.org.br\/?p=61908\"]}]},{\"@type\":\"ImageObject\",\"inLanguage\":\"pt-BR\",\"@id\":\"https:\/\/rioonwatch.org.br\/?p=61908#primaryimage\",\"url\":\"https:\/\/rioonwatch.org.br\/wp-content\/uploads\/2022\/06\/A-marcha-contou-com-a-presenca-de-centenas-de-pessoas-que-se-concentraram-no-Largo-do-Paissandu-e-fizeram-um-trajeto-passando-por-lugares-historicos-de-violacao-desses-direitos.jpg\",\"contentUrl\":\"https:\/\/rioonwatch.org.br\/wp-content\/uploads\/2022\/06\/A-marcha-contou-com-a-presenca-de-centenas-de-pessoas-que-se-concentraram-no-Largo-do-Paissandu-e-fizeram-um-trajeto-passando-por-lugares-historicos-de-violacao-desses-direitos.jpg\",\"width\":1600,\"height\":1200,\"caption\":\"A marcha contou com a presen\u00e7a de centenas de pessoas que se concentraram no Largo do Paissandu e fizeram um trajeto passando por lugares com hist\u00f3rico marcante de viola\u00e7\u00e3o a esses direitos, como o Edif\u00edcio Wilton Paes de Almeida e o TRibunal de Justi\u00e7a do Estado de S\u00e3o Paulo\"},{\"@type\":\"BreadcrumbList\",\"@id\":\"https:\/\/rioonwatch.org.br\/?p=61908#breadcrumb\",\"itemListElement\":[{\"@type\":\"ListItem\",\"position\":1,\"name\":\"In\u00edcio\",\"item\":\"https:\/\/rioonwatch.org.br\/\"},{\"@type\":\"ListItem\",\"position\":2,\"name\":\"Confer\u00eancia Popular pelo Direito \u00e0 Cidade: A Incid\u00eancia Pol\u00edtica de uma Agenda Nacional Unificada de Lutas\"}]},{\"@type\":\"WebSite\",\"@id\":\"https:\/\/rioonwatch.org.br\/#website\",\"url\":\"https:\/\/rioonwatch.org.br\/\",\"name\":\"RioOnWatch\",\"description\":\"relatos das favelas cariocas\",\"publisher\":{\"@id\":\"https:\/\/rioonwatch.org.br\/#organization\"},\"potentialAction\":[{\"@type\":\"SearchAction\",\"target\":{\"@type\":\"EntryPoint\",\"urlTemplate\":\"https:\/\/rioonwatch.org.br\/?s={search_term_string}\"},\"query-input\":{\"@type\":\"PropertyValueSpecification\",\"valueRequired\":true,\"valueName\":\"search_term_string\"}}],\"inLanguage\":\"pt-BR\"},{\"@type\":\"Organization\",\"@id\":\"https:\/\/rioonwatch.org.br\/#organization\",\"name\":\"RioOnWatch\",\"url\":\"https:\/\/rioonwatch.org.br\/\",\"logo\":{\"@type\":\"ImageObject\",\"inLanguage\":\"pt-BR\",\"@id\":\"https:\/\/rioonwatch.org.br\/#\/schema\/logo\/image\/\",\"url\":\"https:\/\/rioonwatch.org.br\/wp-content\/uploads\/2021\/06\/RioOnWatchcabecalhoPT11anos-2.png\",\"contentUrl\":\"https:\/\/rioonwatch.org.br\/wp-content\/uploads\/2021\/06\/RioOnWatchcabecalhoPT11anos-2.png\",\"width\":779,\"height\":277,\"caption\":\"RioOnWatch\"},\"image\":{\"@id\":\"https:\/\/rioonwatch.org.br\/#\/schema\/logo\/image\/\"}},{\"@type\":\"Person\",\"@id\":\"https:\/\/rioonwatch.org.br\/#\/schema\/person\/a303e974b1bd619eecee3722a4dcdc9d\",\"name\":\"Enrico Fedi\",\"image\":{\"@type\":\"ImageObject\",\"inLanguage\":\"pt-BR\",\"@id\":\"https:\/\/rioonwatch.org.br\/#\/schema\/person\/image\/\",\"url\":\"https:\/\/secure.gravatar.com\/avatar\/b295a642509c08670e742bc2070ac908?s=96&d=blank&r=g\",\"contentUrl\":\"https:\/\/secure.gravatar.com\/avatar\/b295a642509c08670e742bc2070ac908?s=96&d=blank&r=g\",\"caption\":\"Enrico Fedi\"},\"url\":\"https:\/\/rioonwatch.org.br\/?author=175\"}]}<\/script>\n<!-- \/ Yoast SEO plugin. -->","yoast_head_json":{"title":"Confer\u00eancia Popular pelo Direito \u00e0 Cidade: A Incid\u00eancia Pol\u00edtica de uma Agenda Nacional Unificada de Lutas - RioOnWatch","robots":{"index":"index","follow":"follow","max-snippet":"max-snippet:-1","max-image-preview":"max-image-preview:large","max-video-preview":"max-video-preview:-1"},"canonical":"https:\/\/rioonwatch.org.br\/?p=61908","og_locale":"pt_BR","og_type":"article","og_title":"Confer\u00eancia Popular pelo Direito \u00e0 Cidade: A Incid\u00eancia Pol\u00edtica de uma Agenda Nacional Unificada de Lutas - RioOnWatch","og_description":"Click Here for English Nos dias 3, 4 e 5 de junho ocorreu a Confer\u00eancia Popular pelo Direito \u00e0 Cidade, evento que reuniu mais de 500 representantes de movimentos sociais, organiza\u00e7\u00f5es da sociedade civil, lideran\u00e7as [...]","og_url":"https:\/\/rioonwatch.org.br\/?p=61908","og_site_name":"RioOnWatch","article_published_time":"2022-07-06T15:21:50+00:00","article_modified_time":"2022-07-28T15:26:26+00:00","og_image":[{"width":1600,"height":1200,"url":"https:\/\/rioonwatch.org.br\/wp-content\/uploads\/2022\/06\/A-marcha-contou-com-a-presenca-de-centenas-de-pessoas-que-se-concentraram-no-Largo-do-Paissandu-e-fizeram-um-trajeto-passando-por-lugares-historicos-de-violacao-desses-direitos.jpg","type":"image\/jpeg"}],"author":"Enrico Fedi","twitter_card":"summary_large_image","twitter_misc":{"Escrito por":"Enrico Fedi","Est. tempo de leitura":"7 minutos"},"schema":{"@context":"https:\/\/schema.org","@graph":[{"@type":"Article","@id":"https:\/\/rioonwatch.org.br\/?p=61908#article","isPartOf":{"@id":"https:\/\/rioonwatch.org.br\/?p=61908"},"author":{"name":"Enrico Fedi","@id":"https:\/\/rioonwatch.org.br\/#\/schema\/person\/a303e974b1bd619eecee3722a4dcdc9d"},"headline":"Confer\u00eancia Popular pelo Direito \u00e0 Cidade: A Incid\u00eancia Pol\u00edtica de uma Agenda Nacional Unificada de Lutas","datePublished":"2022-07-06T15:21:50+00:00","dateModified":"2022-07-28T15:26:26+00:00","mainEntityOfPage":{"@id":"https:\/\/rioonwatch.org.br\/?p=61908"},"wordCount":1131,"publisher":{"@id":"https:\/\/rioonwatch.org.br\/#organization"},"image":{"@id":"https:\/\/rioonwatch.org.br\/?p=61908#primaryimage"},"thumbnailUrl":"https:\/\/rioonwatch.org.br\/wp-content\/uploads\/2022\/06\/A-marcha-contou-com-a-presenca-de-centenas-de-pessoas-que-se-concentraram-no-Largo-do-Paissandu-e-fizeram-um-trajeto-passando-por-lugares-historicos-de-violacao-desses-direitos.jpg","keywords":["Coaliz\u00e3o Negra por Direitos","Democracia","desigualdade","Direito \u00e0 Cidade","Direito \u00e0 Moradia","evento","ferramentas para mobiliza\u00e7\u00e3o","mobiliza\u00e7\u00e3o","movimentos sociais","MTST","organiza\u00e7\u00e3o comunit\u00e1ria","planejamento participativo","planejamento urbano","S\u00e3o Paulo","segrega\u00e7\u00e3o","sociedade civil","UNMP"],"articleSection":["Cobertura de Eventos","Pol\u00edticas","Sociedade Civil"],"inLanguage":"pt-BR"},{"@type":"WebPage","@id":"https:\/\/rioonwatch.org.br\/?p=61908","url":"https:\/\/rioonwatch.org.br\/?p=61908","name":"Confer\u00eancia Popular pelo Direito \u00e0 Cidade: A Incid\u00eancia Pol\u00edtica de uma Agenda Nacional Unificada de Lutas - RioOnWatch","isPartOf":{"@id":"https:\/\/rioonwatch.org.br\/#website"},"primaryImageOfPage":{"@id":"https:\/\/rioonwatch.org.br\/?p=61908#primaryimage"},"image":{"@id":"https:\/\/rioonwatch.org.br\/?p=61908#primaryimage"},"thumbnailUrl":"https:\/\/rioonwatch.org.br\/wp-content\/uploads\/2022\/06\/A-marcha-contou-com-a-presenca-de-centenas-de-pessoas-que-se-concentraram-no-Largo-do-Paissandu-e-fizeram-um-trajeto-passando-por-lugares-historicos-de-violacao-desses-direitos.jpg","datePublished":"2022-07-06T15:21:50+00:00","dateModified":"2022-07-28T15:26:26+00:00","breadcrumb":{"@id":"https:\/\/rioonwatch.org.br\/?p=61908#breadcrumb"},"inLanguage":"pt-BR","potentialAction":[{"@type":"ReadAction","target":["https:\/\/rioonwatch.org.br\/?p=61908"]}]},{"@type":"ImageObject","inLanguage":"pt-BR","@id":"https:\/\/rioonwatch.org.br\/?p=61908#primaryimage","url":"https:\/\/rioonwatch.org.br\/wp-content\/uploads\/2022\/06\/A-marcha-contou-com-a-presenca-de-centenas-de-pessoas-que-se-concentraram-no-Largo-do-Paissandu-e-fizeram-um-trajeto-passando-por-lugares-historicos-de-violacao-desses-direitos.jpg","contentUrl":"https:\/\/rioonwatch.org.br\/wp-content\/uploads\/2022\/06\/A-marcha-contou-com-a-presenca-de-centenas-de-pessoas-que-se-concentraram-no-Largo-do-Paissandu-e-fizeram-um-trajeto-passando-por-lugares-historicos-de-violacao-desses-direitos.jpg","width":1600,"height":1200,"caption":"A marcha contou com a presen\u00e7a de centenas de pessoas que se concentraram no Largo do Paissandu e fizeram um trajeto passando por lugares com hist\u00f3rico marcante de viola\u00e7\u00e3o a esses direitos, como o Edif\u00edcio Wilton Paes de Almeida e o TRibunal de Justi\u00e7a do Estado de S\u00e3o Paulo"},{"@type":"BreadcrumbList","@id":"https:\/\/rioonwatch.org.br\/?p=61908#breadcrumb","itemListElement":[{"@type":"ListItem","position":1,"name":"In\u00edcio","item":"https:\/\/rioonwatch.org.br\/"},{"@type":"ListItem","position":2,"name":"Confer\u00eancia Popular pelo Direito \u00e0 Cidade: A Incid\u00eancia Pol\u00edtica de uma Agenda Nacional Unificada de Lutas"}]},{"@type":"WebSite","@id":"https:\/\/rioonwatch.org.br\/#website","url":"https:\/\/rioonwatch.org.br\/","name":"RioOnWatch","description":"relatos das favelas cariocas","publisher":{"@id":"https:\/\/rioonwatch.org.br\/#organization"},"potentialAction":[{"@type":"SearchAction","target":{"@type":"EntryPoint","urlTemplate":"https:\/\/rioonwatch.org.br\/?s={search_term_string}"},"query-input":{"@type":"PropertyValueSpecification","valueRequired":true,"valueName":"search_term_string"}}],"inLanguage":"pt-BR"},{"@type":"Organization","@id":"https:\/\/rioonwatch.org.br\/#organization","name":"RioOnWatch","url":"https:\/\/rioonwatch.org.br\/","logo":{"@type":"ImageObject","inLanguage":"pt-BR","@id":"https:\/\/rioonwatch.org.br\/#\/schema\/logo\/image\/","url":"https:\/\/rioonwatch.org.br\/wp-content\/uploads\/2021\/06\/RioOnWatchcabecalhoPT11anos-2.png","contentUrl":"https:\/\/rioonwatch.org.br\/wp-content\/uploads\/2021\/06\/RioOnWatchcabecalhoPT11anos-2.png","width":779,"height":277,"caption":"RioOnWatch"},"image":{"@id":"https:\/\/rioonwatch.org.br\/#\/schema\/logo\/image\/"}},{"@type":"Person","@id":"https:\/\/rioonwatch.org.br\/#\/schema\/person\/a303e974b1bd619eecee3722a4dcdc9d","name":"Enrico Fedi","image":{"@type":"ImageObject","inLanguage":"pt-BR","@id":"https:\/\/rioonwatch.org.br\/#\/schema\/person\/image\/","url":"https:\/\/secure.gravatar.com\/avatar\/b295a642509c08670e742bc2070ac908?s=96&d=blank&r=g","contentUrl":"https:\/\/secure.gravatar.com\/avatar\/b295a642509c08670e742bc2070ac908?s=96&d=blank&r=g","caption":"Enrico Fedi"},"url":"https:\/\/rioonwatch.org.br\/?author=175"}]}},"_links":{"self":[{"href":"https:\/\/rioonwatch.org.br\/index.php?rest_route=\/wp\/v2\/posts\/61908"}],"collection":[{"href":"https:\/\/rioonwatch.org.br\/index.php?rest_route=\/wp\/v2\/posts"}],"about":[{"href":"https:\/\/rioonwatch.org.br\/index.php?rest_route=\/wp\/v2\/types\/post"}],"author":[{"embeddable":true,"href":"https:\/\/rioonwatch.org.br\/index.php?rest_route=\/wp\/v2\/users\/175"}],"replies":[{"embeddable":true,"href":"https:\/\/rioonwatch.org.br\/index.php?rest_route=%2Fwp%2Fv2%2Fcomments&post=61908"}],"version-history":[{"count":19,"href":"https:\/\/rioonwatch.org.br\/index.php?rest_route=\/wp\/v2\/posts\/61908\/revisions"}],"predecessor-version":[{"id":62246,"href":"https:\/\/rioonwatch.org.br\/index.php?rest_route=\/wp\/v2\/posts\/61908\/revisions\/62246"}],"wp:featuredmedia":[{"embeddable":true,"href":"https:\/\/rioonwatch.org.br\/index.php?rest_route=\/wp\/v2\/media\/61955"}],"wp:attachment":[{"href":"https:\/\/rioonwatch.org.br\/index.php?rest_route=%2Fwp%2Fv2%2Fmedia&parent=61908"}],"wp:term":[{"taxonomy":"category","embeddable":true,"href":"https:\/\/rioonwatch.org.br\/index.php?rest_route=%2Fwp%2Fv2%2Fcategories&post=61908"},{"taxonomy":"post_tag","embeddable":true,"href":"https:\/\/rioonwatch.org.br\/index.php?rest_route=%2Fwp%2Fv2%2Ftags&post=61908"},{"taxonomy":"writer","embeddable":true,"href":"https:\/\/rioonwatch.org.br\/index.php?rest_route=%2Fwp%2Fv2%2Fwriter&post=61908"},{"taxonomy":"translator","embeddable":true,"href":"https:\/\/rioonwatch.org.br\/index.php?rest_route=%2Fwp%2Fv2%2Ftranslator&post=61908"},{"taxonomy":"source","embeddable":true,"href":"https:\/\/rioonwatch.org.br\/index.php?rest_route=%2Fwp%2Fv2%2Fsource&post=61908"},{"taxonomy":"ilustrador","embeddable":true,"href":"https:\/\/rioonwatch.org.br\/index.php?rest_route=%2Fwp%2Fv2%2Filustrador&post=61908"},{"taxonomy":"fotografo","embeddable":true,"href":"https:\/\/rioonwatch.org.br\/index.php?rest_route=%2Fwp%2Fv2%2Ffotografo&post=61908"}],"curies":[{"name":"wp","href":"https:\/\/api.w.org\/{rel}","templated":true}]}}