{"id":61916,"date":"2022-06-21T10:31:56","date_gmt":"2022-06-21T13:31:56","guid":{"rendered":"https:\/\/rioonwatch.org.br\/?p=61916"},"modified":"2022-09-19T14:39:09","modified_gmt":"2022-09-19T17:39:09","slug":"uma-leitura-da-experiencia-do-termo-territorial-coletivo-tanzania-bondeni-na-cidade-de-voi-no-quenia","status":"publish","type":"post","link":"https:\/\/rioonwatch.org.br\/?p=61916","title":{"rendered":"Uma Leitura da Experi\u00eancia do Termo Territorial Coletivo Tanz\u00e2nia-Bondeni, na Cidade de Voi, no Qu\u00eania"},"content":{"rendered":"<p style=\"text-align: right;\"><em><strong><a href=\"https:\/\/bit.ly\/3BroGcy\" target=\"_blank\" rel=\"noopener noreferrer\">Click Here for English<\/a><a href=\"https:\/\/bit.ly\/3BroGcy\" target=\"_blank\" rel=\"noopener noreferrer\"><img decoding=\"async\" class=\"alignright wp-image-15790\" src=\"https:\/\/rioonwatch.org.br\/wp-content\/uploads\/2012\/08\/EN-standard-e1439583104716.jpg\" alt=\"\" width=\"20\" height=\"20\" \/><\/a><\/strong><\/em><\/p>\n<p><i>Essa \u00e9 a mais recente de uma <a href=\"http:\/\/www.bit.ly\/TTCsPeloMundo\" target=\"_blank\" rel=\"noopener\">s\u00e9rie de mat\u00e9rias<\/a> sobre experi\u00eancias de <a href=\"http:\/\/bit.ly\/1mig1hx\" rel=\"noopener\">Termos Territoriais Coletivos<\/a>\u00a0(TTC) pelo mundo. Selecionamos alguns casos concretos a partir da sua import\u00e2ncia para o contexto no qual est\u00e3o inseridos e, tamb\u00e9m, pelo potencial de inspira\u00e7\u00e3o para grupos e pessoas em outros locais. Os casos mostram como s\u00e3o variados os TTCs, apesar de terem uma estrutura b\u00e1sica sempre igual: uma organiza\u00e7\u00e3o sem fins lucrativos, composta de moradores, \u00e9 dona da terra de uma \u00e1rea, enquanto os moradores s\u00e3o donos ou alugam as moradias em si. Nosso objetivo \u00e9 apresentar o aprendizado acumulado por experi\u00eancias internacionais com o TTC, com o intuito de pensar, a partir das li\u00e7\u00f5es que elas nos fornecem, como alcan\u00e7ar o maior potencial do\u00a0<a href=\"http:\/\/www.termoterritorialcoletivo.org\/\" rel=\"noopener\">modelo no Brasil<\/a>\u00a0e superar desafios enfrentados em outros contextos.\u00a0<\/i><i><\/i><em>A experi\u00eancia explorada \u00e9 o caso do Tazania-Bondeni Community Land Trust, TTC situado na cidade de Voi, no Qu\u00eania.<\/em><\/p>\n<p>A quest\u00e3o fundi\u00e1ria \u00e9 um problema hist\u00f3rico no <a href=\"https:\/\/bit.ly\/3grhhxj\" target=\"_blank\" rel=\"noopener\">Qu\u00eania<\/a>. Nos \u00faltimos 30 anos, o pa\u00eds passou por um longo processo de luta por habita\u00e7\u00e3o e melhoria dos assentamentos informais, que resultou em uma s\u00e9rie de pol\u00edticas voltadas para a popula\u00e7\u00e3o de baixa renda, inclusive a produ\u00e7\u00e3o em massa de habita\u00e7\u00e3o popular. Por\u00e9m, verificava-se que, ap\u00f3s as melhorias, os moradores vendiam essas propriedades para uma parcela da popula\u00e7\u00e3o de renda mais elevada, levando a mais um <a href=\"https:\/\/bit.ly\/3tANcF6\" target=\"_blank\" rel=\"noopener\">ciclo de concentra\u00e7\u00e3o fundi\u00e1ria<\/a> e desalinhando dos objetivos do investimento p\u00fablico.<\/p>\n<p>Como forma de contornar esse ciclo vicioso, um grupo se juntou na cidade de Voi para estudar a viabilidade do <a href=\"http:\/\/bit.ly\/TTCsNoRioOnWatch\" target=\"_blank\" rel=\"noopener\">Termo Territorial Coletivo<\/a> como alternativa fundi\u00e1ria para assentamentos informais da regi\u00e3o. O <a href=\"https:\/\/bit.ly\/VideoTanzaniaBondeni\" target=\"_blank\" rel=\"noopener\">Tanzania-Bondeni Community Land Trust<\/a> foi criado no in\u00edcio da d\u00e9cada de 1990, tornando-se a primeira experi\u00eancia com o modelo TTC estabelecida no continente africano, composto por <a href=\"https:\/\/bit.ly\/3MXtlqa\" target=\"_blank\" rel=\"noopener\">530 resid\u00eancias<\/a>. Possui uma localiza\u00e7\u00e3o privilegiada no Qu\u00eania, por estar situado pr\u00f3ximo \u00e0 principal rodovia que vai do porto de <a href=\"https:\/\/bit.ly\/3mPhwYE\" target=\"_blank\" rel=\"noopener\">Momba\u00e7a<\/a> \u00e0 capital <a href=\"https:\/\/bit.ly\/3yYOM3q\" target=\"_blank\" rel=\"noopener\">Nair\u00f3bi<\/a>. Por conta disso, o interesse na terra \u00e9 grande, tornando-a cada vez mais valorizada.<\/p>\n<p><a href=\"https:\/\/rioonwatch.org.br\/wp-content\/uploads\/2022\/06\/TTC-Kenya-capa.jpeg\"><img fetchpriority=\"high\" decoding=\"async\" class=\"aligncenter wp-image-61937\" title=\"TTC Tanz\u00e2nia-Bondeni, no Qu\u00eania\" src=\"https:\/\/rioonwatch.org.br\/wp-content\/uploads\/2022\/06\/TTC-Kenya-capa.jpeg\" alt=\"TTC Tanz\u00e2nia-Bondeni, no Qu\u00eania\" width=\"670\" height=\"296\" srcset=\"https:\/\/rioonwatch.org.br\/wp-content\/uploads\/2022\/06\/TTC-Kenya-capa.jpeg 1020w, https:\/\/rioonwatch.org.br\/wp-content\/uploads\/2022\/06\/TTC-Kenya-capa-620x274.jpeg 620w\" sizes=\"(max-width: 670px) 100vw, 670px\" \/><\/a><\/p>\n<p>Os idealizadores do projeto adotaram cinco princ\u00edpios centrais para nortear a atua\u00e7\u00e3o deste TTC:<\/p>\n<ol>\n<li>Participa\u00e7\u00e3o dos moradores na gest\u00e3o territorial;<\/li>\n<li>Proibi\u00e7\u00e3o de propriet\u00e1rios ausentes;<\/li>\n<li>Proibi\u00e7\u00e3o da venda da terra;<\/li>\n<li>Controle comunit\u00e1rio sobre o territ\u00f3rio; e<\/li>\n<li>Direitos individuais sobre as casas e constru\u00e7\u00f5es.<\/li>\n<\/ol>\n<p>A participa\u00e7\u00e3o dos moradores foi uma das preocupa\u00e7\u00f5es fundamentais na experi\u00eancia queniana, resultante de um entendimento compartilhado de que apenas a partir de uma mobiliza\u00e7\u00e3o comunit\u00e1ria constante seria poss\u00edvel criar uma solu\u00e7\u00e3o duradoura.<\/p>\n<p>Uma pr\u00e1tica comum \u00e9 a cobran\u00e7a de alugu\u00e9is abusivos em assentamentos informais no pa\u00eds, o que levou \u00e0 preocupa\u00e7\u00e3o do projeto em garantir que todos os propriet\u00e1rios sejam efetivamente moradores da comunidade, vetando assim a exist\u00eancia de propriet\u00e1rios ausentes. A proibi\u00e7\u00e3o da venda da terra \u00e9 uma caracter\u00edstica b\u00e1sica do TTC e foi um dos motivos principais pela escolha do modelo tendo em vista os riscos de concentra\u00e7\u00e3o fundi\u00e1ria e <a href=\"http:\/\/bit.ly\/2wYNOXe\" target=\"_blank\" rel=\"noopener\">gentrifica\u00e7\u00e3o<\/a> naquele contexto.<\/p>\n<p>Outra diretriz da experi\u00eancia foi o controle comunit\u00e1rio da terra, o que garante a autonomia na elabora\u00e7\u00e3o das regras de funcionamento e que os interesses da comunidade sejam, de fato, atendidos. Por fim, pode-se dizer que o direito individual sobre a unidade habitacional foi um dos atrativos do modelo TTC que levou \u00e0 sua ado\u00e7\u00e3o em Voi. Os moradores aderiram pois o modelo fundi\u00e1rio permitia um grau de autonomia sobre a gest\u00e3o da pr\u00f3pria moradia, sendo garantido o direito de vend\u00ea-la, promover melhorias, deixar para os filhos, entre outros usos.<\/p>\n<p><a href=\"https:\/\/rioonwatch.org.br\/wp-content\/uploads\/2022\/06\/TTC-Kenya-2.jpeg\"><img decoding=\"async\" class=\"aligncenter wp-image-61942\" title=\"Escrit\u00f3rio de administra\u00e7\u00e3o do TTC Tanz\u00e2nia-Bondeni do Qu\u00eania\" src=\"https:\/\/rioonwatch.org.br\/wp-content\/uploads\/2022\/06\/TTC-Kenya-2.jpeg\" alt=\"Escrit\u00f3rio de administra\u00e7\u00e3o do TTC Tanz\u00e2nia-Bondeni do Qu\u00eania\" width=\"670\" height=\"503\" srcset=\"https:\/\/rioonwatch.org.br\/wp-content\/uploads\/2022\/06\/TTC-Kenya-2.jpeg 768w, https:\/\/rioonwatch.org.br\/wp-content\/uploads\/2022\/06\/TTC-Kenya-2-620x465.jpeg 620w, https:\/\/rioonwatch.org.br\/wp-content\/uploads\/2022\/06\/TTC-Kenya-2-678x509.jpeg 678w, https:\/\/rioonwatch.org.br\/wp-content\/uploads\/2022\/06\/TTC-Kenya-2-326x245.jpeg 326w, https:\/\/rioonwatch.org.br\/wp-content\/uploads\/2022\/06\/TTC-Kenya-2-80x60.jpeg 80w\" sizes=\"(max-width: 670px) 100vw, 670px\" \/><\/a><\/p>\n<p>O grande diferencial da experi\u00eancia foi o fato de ter sido desenvolvido e implementado por um grupo de atores distintos: o Conselho Municipal de Voi em parceria ao Minist\u00e9rio do Governo Local (MGL), respons\u00e1veis por fornecer orienta\u00e7\u00e3o pol\u00edtica e realizar as negocia\u00e7\u00f5es com outras ag\u00eancias, e o Projeto de Desenvolvimento de Pequenas Cidades (cuja sigla, em ingl\u00eas, \u00e9 STDP) da ONG alem\u00e3 <a href=\"https:\/\/bit.ly\/3xUWDBO\" target=\"_blank\" rel=\"noopener\">GIZ<\/a> (Gesellschaft f\u00fcr Internationale Zusammenarbeit), em portugu\u00eas Ag\u00eancia para Coopera\u00e7\u00e3o Internacional\u2014uma ag\u00eancia de assist\u00eancia t\u00e9cnica a programas locais de desenvolvimento\u2014respons\u00e1vel por fornecer investimentos diretos, al\u00e9m do apoio t\u00e9cnico.<\/p>\n<p>Para obter acesso a um financiamento inicial, os moradores formaram cooperativas habitacionais sob a dire\u00e7\u00e3o da Associa\u00e7\u00e3o Nacional de Sindicatos Cooperativos do Qu\u00eania (<a href=\"https:\/\/bit.ly\/3OjvjSU\" target=\"_blank\" rel=\"noopener\">NACHU<\/a>). Posteriormente, o projeto seguiu a partir da mesma estrat\u00e9gia base que os demais modelos de TTC: lutar pela aquisi\u00e7\u00e3o da terra por meio de uma organiza\u00e7\u00e3o sem fins lucrativos e depois separar a propriedade da terra e das constru\u00e7\u00f5es. Se tratando de terrenos p\u00fablicos, foi necess\u00e1ria uma ampla negocia\u00e7\u00e3o com o governo do Qu\u00eania, o que acabou prolongando o processo.<\/p>\n<p>Uma das maiores <a href=\"https:\/\/bit.ly\/3HBwhIf\" target=\"_blank\" rel=\"noopener\">dificuldades pr\u00e1ticas enfrentadas<\/a> foi a especificidade da legisla\u00e7\u00e3o queniana, que impedia arranjos fundi\u00e1rios compat\u00edveis com a estrutura do Termo Territorial Coletivo no que tange \u00e0 separa\u00e7\u00e3o da propriedade da terra e das constru\u00e7\u00f5es e \u00e0 proibi\u00e7\u00e3o na venda da terra. A burocracia envolvida na altera\u00e7\u00e3o dessa estrutura legislativa levou os residentes a se organizarem e se registrarem como uma organiza\u00e7\u00e3o privada, firmando contratos fiduci\u00e1rios com as diretrizes de gest\u00e3o e manuten\u00e7\u00e3o do TTC. Posteriormente, a comunidade j\u00e1 organizada conseguiu uma cess\u00e3o da propriedade da \u00e1rea p\u00fablica para o TTC que, por sua vez, passou a emitir t\u00edtulos individuais para as fam\u00edlias integrantes da organiza\u00e7\u00e3o que fora criada. <a href=\"https:\/\/bit.ly\/3O8wZ22\" target=\"_blank\" rel=\"noopener\">Este arranjo jur\u00eddico<\/a> faz do Tanzania-Bondeni CLT provavelmente o primeiro Termo Territorial Coletivo do mundo estabelecido em terras p\u00fablicas, sem que a propriedade fosse formalizada em nome de uma organiza\u00e7\u00e3o sem fins lucrativos.<\/p>\n<p><a href=\"https:\/\/rioonwatch.org.br\/wp-content\/uploads\/2022\/06\/TTC-Kenya-4.jpeg\"><img loading=\"lazy\" decoding=\"async\" class=\"aligncenter wp-image-61943\" title=\"Paisagem do TTC Tanz\u00e2nia-Bondeni no Qu\u00eania\" src=\"https:\/\/rioonwatch.org.br\/wp-content\/uploads\/2022\/06\/TTC-Kenya-4.jpeg\" alt=\"Paisagem do TTC Tanz\u00e2nia-Bondeni no Qu\u00eania\" width=\"670\" height=\"503\" srcset=\"https:\/\/rioonwatch.org.br\/wp-content\/uploads\/2022\/06\/TTC-Kenya-4.jpeg 768w, https:\/\/rioonwatch.org.br\/wp-content\/uploads\/2022\/06\/TTC-Kenya-4-620x465.jpeg 620w, https:\/\/rioonwatch.org.br\/wp-content\/uploads\/2022\/06\/TTC-Kenya-4-678x509.jpeg 678w, https:\/\/rioonwatch.org.br\/wp-content\/uploads\/2022\/06\/TTC-Kenya-4-326x245.jpeg 326w, https:\/\/rioonwatch.org.br\/wp-content\/uploads\/2022\/06\/TTC-Kenya-4-80x60.jpeg 80w\" sizes=\"(max-width: 670px) 100vw, 670px\" \/><\/a><\/p>\n<p>Os custos das transa\u00e7\u00f5es envolvendo a forma\u00e7\u00e3o do modelo foram significativamente reduzidos por uma s\u00e9rie de medidas como doa\u00e7\u00f5es de terras, para al\u00e9m das parcelas objeto de arrendamento, disponibiliza\u00e7\u00e3o de recursos por moradores da cidade e tamb\u00e9m com recursos oferecidos pela Ag\u00eancia Alem\u00e3 GIZ. Com isso, os custos residuais puderam ser pagos pelos moradores no prazo de dois anos. Ainda que os moradores tenham tido gastos iniciais, estes foram menores do que os custos exigidos pelos antigos projetos governamentais de moradia, e ainda menores quando comparados ao pre\u00e7o do aluguel na \u00e1rea no mercado tradicional.<\/p>\n<blockquote><p>\u201cSe decidirmos optar por escrituras individuais, algumas pessoas v\u00e3o passar a vend\u00ea-las. E o que vai acontecer com as crian\u00e7as? Onde v\u00e3o morar?\u201d \u2014 Mama Fatima, moradora da Tanzania-Bondeni<\/p><\/blockquote>\n<p>O TTC de Tanzania-Bondemi se estruturou no sentido de promover o reconhecimento da posse da terra e moradia economicamente acess\u00edvel, mas tamb\u00e9m fomentou outras \u00e1reas importantes para a concretiza\u00e7\u00e3o da habita\u00e7\u00e3o adequada. Foram feitos <a href=\"https:\/\/bit.ly\/3MXtlqa\" target=\"_blank\" rel=\"noopener\">investimentos em infraestrutura<\/a>, como canaliza\u00e7\u00e3o de \u00e1gua municipal, cria\u00e7\u00e3o de estradas e drenagem de \u00e1guas pluviais e canais. Tamb\u00e9m foi realizado um investimento voltado a desenvolver a habita\u00e7\u00e3o a baixo custo a partir de planos b\u00e1sicos de casas e da ader\u00eancia \u00e0 tecnologia apropriada, a partir do aux\u00edlio do Instituto de Pesquisa de Habita\u00e7\u00e3o e Constru\u00e7\u00e3o da Universidade de Nair\u00f3bi (HABRI).<\/p>\n<p>O modelo queniano foi de suma import\u00e2ncia para o contexto local uma vez que foi capaz de ajudar centenas de pessoas de baixa renda a terem acesso legal \u00e0 terra urbana, luta hist\u00f3rica na regi\u00e3o. A instaura\u00e7\u00e3o do TTC tamb\u00e9m auxiliou na provis\u00e3o de servi\u00e7os fundamentais para o territ\u00f3rio, como acesso \u00e0 \u00e1gua, energia el\u00e9trica e rede de saneamento, bem como no sentido do empoderamento das fam\u00edlias que l\u00e1 habitavam, estimulando a participa\u00e7\u00e3o destas durante todo o processo. Al\u00e9m disso, o TTC conseguiu evitar a expuls\u00e3o de moradores origin\u00e1rios do local pela especula\u00e7\u00e3o imobili\u00e1ria, fen\u00f4meno comum em assentamentos informais rec\u00e9m regularizados no pa\u00eds, causado pelo aumento no valor da terra e press\u00e3o para venda dos im\u00f3veis.<\/p>\n<blockquote><p>\u201cEstou convencido\u2026 de que isso pode ser replicado em qualquer lugar.\u201d \u2014 Gideon Muindi, ex-atendente no Conselho Municipal de Voi<\/p><\/blockquote>\n<p>Por sua vez, a experi\u00eancia <a href=\"https:\/\/bit.ly\/3tANcF6\" target=\"_blank\" rel=\"noopener\">tamb\u00e9m enfrentou desafios<\/a> especialmente relacionados com a manuten\u00e7\u00e3o da mobiliza\u00e7\u00e3o comunit\u00e1ria. Ao longo dos anos, o processo de mobiliza\u00e7\u00e3o foi enfraquecendo, ao mesmo tempo em que cresciam conflitos em torno da gest\u00e3o do TTC, muitos deles ligados aos baixos \u00edndices de pagamento das taxas de administra\u00e7\u00e3o. Essa mobiliza\u00e7\u00e3o enfraquecida, em conjunto com a desconfian\u00e7a de parte dos moradores em rela\u00e7\u00e3o aos gestores, enfraqueceu o arranjo constitu\u00eddo que, apesar disso, continua vigente em Tanzania-Bondeni.<\/p>\n<p><a href=\"https:\/\/rioonwatch.org.br\/wp-content\/uploads\/2022\/06\/TTC-Kenya-3.jpeg\"><img loading=\"lazy\" decoding=\"async\" class=\"aligncenter wp-image-61944\" title=\"Casa parte do TTC Taz\u00e2nia-Bondeni no Qu\u00eania.\" src=\"https:\/\/rioonwatch.org.br\/wp-content\/uploads\/2022\/06\/TTC-Kenya-3.jpeg\" alt=\"Casa parte do TTC Taz\u00e2nia-Bondeni no Qu\u00eania.\" width=\"670\" height=\"503\" srcset=\"https:\/\/rioonwatch.org.br\/wp-content\/uploads\/2022\/06\/TTC-Kenya-3.jpeg 768w, https:\/\/rioonwatch.org.br\/wp-content\/uploads\/2022\/06\/TTC-Kenya-3-620x465.jpeg 620w, https:\/\/rioonwatch.org.br\/wp-content\/uploads\/2022\/06\/TTC-Kenya-3-678x509.jpeg 678w, https:\/\/rioonwatch.org.br\/wp-content\/uploads\/2022\/06\/TTC-Kenya-3-326x245.jpeg 326w, https:\/\/rioonwatch.org.br\/wp-content\/uploads\/2022\/06\/TTC-Kenya-3-80x60.jpeg 80w\" sizes=\"(max-width: 670px) 100vw, 670px\" \/><\/a><\/p>\n<p>A experi\u00eancia do Qu\u00eania com o Termo Territorial Coletivo \u00e9 emblem\u00e1tica e traz importantes aprendizados para defensores da implementa\u00e7\u00e3o do modelo em diferentes localidades. Foi o primeiro caso de um TTC no contexto do Sul Global e em assentos informais, e uma mudan\u00e7a significativa na forma em que o modelo vinha sendo aplicado no mundo, pois ele passa a ser adotado em conjunto com medidas de regulariza\u00e7\u00e3o fundi\u00e1ria. A experi\u00eancia demonstra o potencial do TTC na garantia da perman\u00eancia de comunidades em seus espa\u00e7os, fortalecendo a seguran\u00e7a da posse no cen\u00e1rio p\u00f3s-regulariza\u00e7\u00e3o e, principalmente, nos ensina a import\u00e2ncia da mobiliza\u00e7\u00e3o comunit\u00e1ria. Sem uma mobiliza\u00e7\u00e3o forte e cont\u00ednua, o modelo do TTC n\u00e3o alcan\u00e7ar\u00e1 seu pleno potencial, e enfrentar\u00e1 graves problemas na gest\u00e3o territorial e no atendimento aos interesses coletivos.<\/p>\n<h3><strong>Assista ao V\u00eddeo Produzido pela ONU Habitat sobre o TTC Tanz\u00e2nia-Bondeni <a href=\"https:\/\/bit.ly\/VideoTanzaniaBondeni\" target=\"_blank\" rel=\"noopener\">Aqui<\/a>:<\/strong><\/h3>\n<p><iframe title=\"YouTube video player\" src=\"https:\/\/www.youtube.com\/embed\/ZhEZCyI1Ow8\" width=\"670\" height=\"377\" frameborder=\"0\" allowfullscreen=\"allowfullscreen\"><span data-mce-type=\"bookmark\" style=\"display: inline-block; width: 0px; overflow: hidden; line-height: 0;\" class=\"mce_SELRES_start\">\ufeff<\/span><\/iframe><\/p>\n<hr \/>\n<h4><b data-stringify-type=\"bold\">Apoie nossos esfor\u00e7os para fornecer apoio estrat\u00e9gico \u00e0s favelas do Rio, incluindo o jornalismo hiperlocal, cr\u00edtico, inovador e incans\u00e1vel do\u00a0<\/b><b data-stringify-type=\"bold\"><i data-stringify-type=\"italic\">RioOnWatch<\/i><\/b>\u2014<a class=\"c-link\" href=\"http:\/\/www.bit.ly\/ApoieROW\" target=\"_blank\" rel=\"noopener noreferrer\" data-stringify-link=\"http:\/\/www.bit.ly\/ApoieROW\" data-sk=\"tooltip_parent\">doe aqui<\/a>.<\/h4>\n<!-- AddThis Advanced Settings generic via filter on the_content --><!-- AddThis Share Buttons generic via filter on the_content -->","protected":false},"excerpt":{"rendered":"<div class=\"mh-excerpt\"><p>Click Here for English Essa \u00e9 a mais recente de uma s\u00e9rie de mat\u00e9rias sobre experi\u00eancias de Termos Territoriais Coletivos\u00a0(TTC) pelo mundo. Selecionamos alguns casos concretos a partir da sua import\u00e2ncia para o contexto no <a class=\"mh-excerpt-more\" href=\"https:\/\/rioonwatch.org.br\/?p=61916\" title=\"Uma Leitura da Experi\u00eancia do Termo Territorial Coletivo Tanz\u00e2nia-Bondeni, na Cidade de Voi, no Qu\u00eania\">[&#8230;]<\/a><!-- AddThis Advanced Settings generic via filter on get_the_excerpt --><!-- AddThis Share Buttons generic via filter on get_the_excerpt --><\/p>\n<\/div>","protected":false},"author":175,"featured_media":61938,"comment_status":"closed","ping_status":"closed","sticky":false,"template":"","format":"standard","meta":{"_acf_changed":false,"_monsterinsights_skip_tracking":false,"_monsterinsights_sitenote_active":false,"_monsterinsights_sitenote_note":"","_monsterinsights_sitenote_category":0,"footnotes":""},"categories":[1621,1632,342,1638],"tags":[2633,424,550,396,395,909,324,1227,1151,525,304,949,2104,82,2710,1211,711],"writer":[2718,3144],"translator":[],"source":[],"ilustrador":[],"fotografo":[],"class_list":{"0":"post-61916","1":"post","2":"type-post","3":"status-publish","4":"format-standard","5":"has-post-thumbnail","7":"category-destaque","8":"category-pesquisa-e-analise","9":"category-solucoes","10":"category-video","11":"tag-auto-gestao","12":"tag-direito-a-moradia","13":"tag-direito-a-terra","14":"tag-especulacao-imobiliaria","15":"tag-gentrificacao-remocao-branca","16":"tag-habitacao-acessivel","17":"tag-infraestrutura","18":"tag-legislacao","19":"tag-organizacao","20":"tag-negociacoes","21":"tag-participacao","22":"tag-planejamento-comunitario","23":"tag-quenia","24":"tag-regularizacao-fundiaria","25":"tag-serie-crescimento-global-do-movimento-ttc","26":"tag-servicos-publicos","27":"tag-clt","28":"writer-felipe-litsek","29":"writer-lara-masetto"},"acf":[],"yoast_head":"<!-- This site is optimized with the Yoast SEO plugin v25.6 - https:\/\/yoast.com\/wordpress\/plugins\/seo\/ -->\n<title>Uma Leitura da Experi\u00eancia do Termo Territorial Coletivo Tanz\u00e2nia-Bondeni, na Cidade de Voi, no Qu\u00eania - RioOnWatch<\/title>\n<meta name=\"robots\" content=\"index, follow, max-snippet:-1, max-image-preview:large, max-video-preview:-1\" \/>\n<link rel=\"canonical\" href=\"https:\/\/rioonwatch.org.br\/?p=61916\" \/>\n<meta property=\"og:locale\" content=\"pt_BR\" \/>\n<meta property=\"og:type\" content=\"article\" \/>\n<meta property=\"og:title\" content=\"Uma Leitura da Experi\u00eancia do Termo Territorial Coletivo Tanz\u00e2nia-Bondeni, na Cidade de Voi, no Qu\u00eania - RioOnWatch\" \/>\n<meta property=\"og:description\" content=\"Click Here for English Essa \u00e9 a mais recente de uma s\u00e9rie de mat\u00e9rias sobre experi\u00eancias de Termos Territoriais Coletivos\u00a0(TTC) pelo mundo. Selecionamos alguns casos concretos a partir da sua import\u00e2ncia para o contexto no [...]\" \/>\n<meta property=\"og:url\" content=\"https:\/\/rioonwatch.org.br\/?p=61916\" \/>\n<meta property=\"og:site_name\" content=\"RioOnWatch\" \/>\n<meta property=\"article:published_time\" content=\"2022-06-21T13:31:56+00:00\" \/>\n<meta property=\"article:modified_time\" content=\"2022-09-19T17:39:09+00:00\" \/>\n<meta property=\"og:image\" content=\"https:\/\/rioonwatch.org.br\/wp-content\/uploads\/2022\/06\/Tanzania-Bondeni-na-cidade-de-Voi-no-Quenia.jpeg\" \/>\n\t<meta property=\"og:image:width\" content=\"1280\" \/>\n\t<meta property=\"og:image:height\" content=\"960\" \/>\n\t<meta property=\"og:image:type\" content=\"image\/jpeg\" \/>\n<meta name=\"author\" content=\"Enrico Fedi\" \/>\n<meta name=\"twitter:card\" content=\"summary_large_image\" \/>\n<meta name=\"twitter:label1\" content=\"Escrito por\" \/>\n\t<meta name=\"twitter:data1\" content=\"Enrico Fedi\" \/>\n\t<meta name=\"twitter:label2\" content=\"Est. tempo de leitura\" \/>\n\t<meta name=\"twitter:data2\" content=\"10 minutos\" \/>\n<script type=\"application\/ld+json\" class=\"yoast-schema-graph\">{\"@context\":\"https:\/\/schema.org\",\"@graph\":[{\"@type\":\"Article\",\"@id\":\"https:\/\/rioonwatch.org.br\/?p=61916#article\",\"isPartOf\":{\"@id\":\"https:\/\/rioonwatch.org.br\/?p=61916\"},\"author\":{\"name\":\"Enrico Fedi\",\"@id\":\"https:\/\/rioonwatch.org.br\/#\/schema\/person\/a303e974b1bd619eecee3722a4dcdc9d\"},\"headline\":\"Uma Leitura da Experi\u00eancia do Termo Territorial Coletivo Tanz\u00e2nia-Bondeni, na Cidade de Voi, no Qu\u00eania\",\"datePublished\":\"2022-06-21T13:31:56+00:00\",\"dateModified\":\"2022-09-19T17:39:09+00:00\",\"mainEntityOfPage\":{\"@id\":\"https:\/\/rioonwatch.org.br\/?p=61916\"},\"wordCount\":1705,\"publisher\":{\"@id\":\"https:\/\/rioonwatch.org.br\/#organization\"},\"image\":{\"@id\":\"https:\/\/rioonwatch.org.br\/?p=61916#primaryimage\"},\"thumbnailUrl\":\"https:\/\/rioonwatch.org.br\/wp-content\/uploads\/2022\/06\/Tanzania-Bondeni-na-cidade-de-Voi-no-Quenia.jpeg\",\"keywords\":[\"autogest\u00e3o\",\"Direito \u00e0 Moradia\",\"direito \u00e0 terra\",\"especula\u00e7\u00e3o imobili\u00e1ria\",\"gentrifica\u00e7\u00e3o\",\"habita\u00e7\u00e3o acess\u00edvel\",\"infraestrutura\",\"legisla\u00e7\u00e3o\",\"mobiliza\u00e7\u00e3o\",\"negocia\u00e7\u00f5es\",\"participa\u00e7\u00e3o\",\"planejamento comunit\u00e1rio\",\"Qu\u00eania\",\"regulariza\u00e7\u00e3o fundi\u00e1ria\",\"S\u00e9rie: Crescimento Global do Movimento TTC\",\"servi\u00e7os p\u00fablicos\",\"Termo Territorial Coletivo (TTC) \/ Community Land Trust (CLT)\"],\"articleSection\":[\"*Destaque\",\"Dados e Pesquisa\",\"Solu\u00e7\u00f5es\",\"V\u00eddeo\"],\"inLanguage\":\"pt-BR\"},{\"@type\":\"WebPage\",\"@id\":\"https:\/\/rioonwatch.org.br\/?p=61916\",\"url\":\"https:\/\/rioonwatch.org.br\/?p=61916\",\"name\":\"Uma Leitura da Experi\u00eancia do Termo Territorial Coletivo Tanz\u00e2nia-Bondeni, na Cidade de Voi, no Qu\u00eania - RioOnWatch\",\"isPartOf\":{\"@id\":\"https:\/\/rioonwatch.org.br\/#website\"},\"primaryImageOfPage\":{\"@id\":\"https:\/\/rioonwatch.org.br\/?p=61916#primaryimage\"},\"image\":{\"@id\":\"https:\/\/rioonwatch.org.br\/?p=61916#primaryimage\"},\"thumbnailUrl\":\"https:\/\/rioonwatch.org.br\/wp-content\/uploads\/2022\/06\/Tanzania-Bondeni-na-cidade-de-Voi-no-Quenia.jpeg\",\"datePublished\":\"2022-06-21T13:31:56+00:00\",\"dateModified\":\"2022-09-19T17:39:09+00:00\",\"breadcrumb\":{\"@id\":\"https:\/\/rioonwatch.org.br\/?p=61916#breadcrumb\"},\"inLanguage\":\"pt-BR\",\"potentialAction\":[{\"@type\":\"ReadAction\",\"target\":[\"https:\/\/rioonwatch.org.br\/?p=61916\"]}]},{\"@type\":\"ImageObject\",\"inLanguage\":\"pt-BR\",\"@id\":\"https:\/\/rioonwatch.org.br\/?p=61916#primaryimage\",\"url\":\"https:\/\/rioonwatch.org.br\/wp-content\/uploads\/2022\/06\/Tanzania-Bondeni-na-cidade-de-Voi-no-Quenia.jpeg\",\"contentUrl\":\"https:\/\/rioonwatch.org.br\/wp-content\/uploads\/2022\/06\/Tanzania-Bondeni-na-cidade-de-Voi-no-Quenia.jpeg\",\"width\":1280,\"height\":960,\"caption\":\"Termo Territorial Coletivo Tanz\u00e2nia-Bondeni, na cidade de Voi, no Qu\u00eania. Foto do site https:\/\/cfuhabitat.hypotheses.org\/\"},{\"@type\":\"BreadcrumbList\",\"@id\":\"https:\/\/rioonwatch.org.br\/?p=61916#breadcrumb\",\"itemListElement\":[{\"@type\":\"ListItem\",\"position\":1,\"name\":\"In\u00edcio\",\"item\":\"https:\/\/rioonwatch.org.br\/\"},{\"@type\":\"ListItem\",\"position\":2,\"name\":\"Uma Leitura da Experi\u00eancia do Termo Territorial Coletivo Tanz\u00e2nia-Bondeni, na Cidade de Voi, no Qu\u00eania\"}]},{\"@type\":\"WebSite\",\"@id\":\"https:\/\/rioonwatch.org.br\/#website\",\"url\":\"https:\/\/rioonwatch.org.br\/\",\"name\":\"RioOnWatch\",\"description\":\"relatos das favelas cariocas\",\"publisher\":{\"@id\":\"https:\/\/rioonwatch.org.br\/#organization\"},\"potentialAction\":[{\"@type\":\"SearchAction\",\"target\":{\"@type\":\"EntryPoint\",\"urlTemplate\":\"https:\/\/rioonwatch.org.br\/?s={search_term_string}\"},\"query-input\":{\"@type\":\"PropertyValueSpecification\",\"valueRequired\":true,\"valueName\":\"search_term_string\"}}],\"inLanguage\":\"pt-BR\"},{\"@type\":\"Organization\",\"@id\":\"https:\/\/rioonwatch.org.br\/#organization\",\"name\":\"RioOnWatch\",\"url\":\"https:\/\/rioonwatch.org.br\/\",\"logo\":{\"@type\":\"ImageObject\",\"inLanguage\":\"pt-BR\",\"@id\":\"https:\/\/rioonwatch.org.br\/#\/schema\/logo\/image\/\",\"url\":\"https:\/\/rioonwatch.org.br\/wp-content\/uploads\/2021\/06\/RioOnWatchcabecalhoPT11anos-2.png\",\"contentUrl\":\"https:\/\/rioonwatch.org.br\/wp-content\/uploads\/2021\/06\/RioOnWatchcabecalhoPT11anos-2.png\",\"width\":779,\"height\":277,\"caption\":\"RioOnWatch\"},\"image\":{\"@id\":\"https:\/\/rioonwatch.org.br\/#\/schema\/logo\/image\/\"}},{\"@type\":\"Person\",\"@id\":\"https:\/\/rioonwatch.org.br\/#\/schema\/person\/a303e974b1bd619eecee3722a4dcdc9d\",\"name\":\"Enrico Fedi\",\"image\":{\"@type\":\"ImageObject\",\"inLanguage\":\"pt-BR\",\"@id\":\"https:\/\/rioonwatch.org.br\/#\/schema\/person\/image\/\",\"url\":\"https:\/\/secure.gravatar.com\/avatar\/b295a642509c08670e742bc2070ac908?s=96&d=blank&r=g\",\"contentUrl\":\"https:\/\/secure.gravatar.com\/avatar\/b295a642509c08670e742bc2070ac908?s=96&d=blank&r=g\",\"caption\":\"Enrico Fedi\"},\"url\":\"https:\/\/rioonwatch.org.br\/?author=175\"}]}<\/script>\n<!-- \/ Yoast SEO plugin. -->","yoast_head_json":{"title":"Uma Leitura da Experi\u00eancia do Termo Territorial Coletivo Tanz\u00e2nia-Bondeni, na Cidade de Voi, no Qu\u00eania - RioOnWatch","robots":{"index":"index","follow":"follow","max-snippet":"max-snippet:-1","max-image-preview":"max-image-preview:large","max-video-preview":"max-video-preview:-1"},"canonical":"https:\/\/rioonwatch.org.br\/?p=61916","og_locale":"pt_BR","og_type":"article","og_title":"Uma Leitura da Experi\u00eancia do Termo Territorial Coletivo Tanz\u00e2nia-Bondeni, na Cidade de Voi, no Qu\u00eania - RioOnWatch","og_description":"Click Here for English Essa \u00e9 a mais recente de uma s\u00e9rie de mat\u00e9rias sobre experi\u00eancias de Termos Territoriais Coletivos\u00a0(TTC) pelo mundo. Selecionamos alguns casos concretos a partir da sua import\u00e2ncia para o contexto no [...]","og_url":"https:\/\/rioonwatch.org.br\/?p=61916","og_site_name":"RioOnWatch","article_published_time":"2022-06-21T13:31:56+00:00","article_modified_time":"2022-09-19T17:39:09+00:00","og_image":[{"width":1280,"height":960,"url":"https:\/\/rioonwatch.org.br\/wp-content\/uploads\/2022\/06\/Tanzania-Bondeni-na-cidade-de-Voi-no-Quenia.jpeg","type":"image\/jpeg"}],"author":"Enrico Fedi","twitter_card":"summary_large_image","twitter_misc":{"Escrito por":"Enrico Fedi","Est. tempo de leitura":"10 minutos"},"schema":{"@context":"https:\/\/schema.org","@graph":[{"@type":"Article","@id":"https:\/\/rioonwatch.org.br\/?p=61916#article","isPartOf":{"@id":"https:\/\/rioonwatch.org.br\/?p=61916"},"author":{"name":"Enrico Fedi","@id":"https:\/\/rioonwatch.org.br\/#\/schema\/person\/a303e974b1bd619eecee3722a4dcdc9d"},"headline":"Uma Leitura da Experi\u00eancia do Termo Territorial Coletivo Tanz\u00e2nia-Bondeni, na Cidade de Voi, no Qu\u00eania","datePublished":"2022-06-21T13:31:56+00:00","dateModified":"2022-09-19T17:39:09+00:00","mainEntityOfPage":{"@id":"https:\/\/rioonwatch.org.br\/?p=61916"},"wordCount":1705,"publisher":{"@id":"https:\/\/rioonwatch.org.br\/#organization"},"image":{"@id":"https:\/\/rioonwatch.org.br\/?p=61916#primaryimage"},"thumbnailUrl":"https:\/\/rioonwatch.org.br\/wp-content\/uploads\/2022\/06\/Tanzania-Bondeni-na-cidade-de-Voi-no-Quenia.jpeg","keywords":["autogest\u00e3o","Direito \u00e0 Moradia","direito \u00e0 terra","especula\u00e7\u00e3o imobili\u00e1ria","gentrifica\u00e7\u00e3o","habita\u00e7\u00e3o acess\u00edvel","infraestrutura","legisla\u00e7\u00e3o","mobiliza\u00e7\u00e3o","negocia\u00e7\u00f5es","participa\u00e7\u00e3o","planejamento comunit\u00e1rio","Qu\u00eania","regulariza\u00e7\u00e3o fundi\u00e1ria","S\u00e9rie: Crescimento Global do Movimento TTC","servi\u00e7os p\u00fablicos","Termo Territorial Coletivo (TTC) \/ Community Land Trust (CLT)"],"articleSection":["*Destaque","Dados e Pesquisa","Solu\u00e7\u00f5es","V\u00eddeo"],"inLanguage":"pt-BR"},{"@type":"WebPage","@id":"https:\/\/rioonwatch.org.br\/?p=61916","url":"https:\/\/rioonwatch.org.br\/?p=61916","name":"Uma Leitura da Experi\u00eancia do Termo Territorial Coletivo Tanz\u00e2nia-Bondeni, na Cidade de Voi, no Qu\u00eania - RioOnWatch","isPartOf":{"@id":"https:\/\/rioonwatch.org.br\/#website"},"primaryImageOfPage":{"@id":"https:\/\/rioonwatch.org.br\/?p=61916#primaryimage"},"image":{"@id":"https:\/\/rioonwatch.org.br\/?p=61916#primaryimage"},"thumbnailUrl":"https:\/\/rioonwatch.org.br\/wp-content\/uploads\/2022\/06\/Tanzania-Bondeni-na-cidade-de-Voi-no-Quenia.jpeg","datePublished":"2022-06-21T13:31:56+00:00","dateModified":"2022-09-19T17:39:09+00:00","breadcrumb":{"@id":"https:\/\/rioonwatch.org.br\/?p=61916#breadcrumb"},"inLanguage":"pt-BR","potentialAction":[{"@type":"ReadAction","target":["https:\/\/rioonwatch.org.br\/?p=61916"]}]},{"@type":"ImageObject","inLanguage":"pt-BR","@id":"https:\/\/rioonwatch.org.br\/?p=61916#primaryimage","url":"https:\/\/rioonwatch.org.br\/wp-content\/uploads\/2022\/06\/Tanzania-Bondeni-na-cidade-de-Voi-no-Quenia.jpeg","contentUrl":"https:\/\/rioonwatch.org.br\/wp-content\/uploads\/2022\/06\/Tanzania-Bondeni-na-cidade-de-Voi-no-Quenia.jpeg","width":1280,"height":960,"caption":"Termo Territorial Coletivo Tanz\u00e2nia-Bondeni, na cidade de Voi, no Qu\u00eania. Foto do site https:\/\/cfuhabitat.hypotheses.org\/"},{"@type":"BreadcrumbList","@id":"https:\/\/rioonwatch.org.br\/?p=61916#breadcrumb","itemListElement":[{"@type":"ListItem","position":1,"name":"In\u00edcio","item":"https:\/\/rioonwatch.org.br\/"},{"@type":"ListItem","position":2,"name":"Uma Leitura da Experi\u00eancia do Termo Territorial Coletivo Tanz\u00e2nia-Bondeni, na Cidade de Voi, no Qu\u00eania"}]},{"@type":"WebSite","@id":"https:\/\/rioonwatch.org.br\/#website","url":"https:\/\/rioonwatch.org.br\/","name":"RioOnWatch","description":"relatos das favelas cariocas","publisher":{"@id":"https:\/\/rioonwatch.org.br\/#organization"},"potentialAction":[{"@type":"SearchAction","target":{"@type":"EntryPoint","urlTemplate":"https:\/\/rioonwatch.org.br\/?s={search_term_string}"},"query-input":{"@type":"PropertyValueSpecification","valueRequired":true,"valueName":"search_term_string"}}],"inLanguage":"pt-BR"},{"@type":"Organization","@id":"https:\/\/rioonwatch.org.br\/#organization","name":"RioOnWatch","url":"https:\/\/rioonwatch.org.br\/","logo":{"@type":"ImageObject","inLanguage":"pt-BR","@id":"https:\/\/rioonwatch.org.br\/#\/schema\/logo\/image\/","url":"https:\/\/rioonwatch.org.br\/wp-content\/uploads\/2021\/06\/RioOnWatchcabecalhoPT11anos-2.png","contentUrl":"https:\/\/rioonwatch.org.br\/wp-content\/uploads\/2021\/06\/RioOnWatchcabecalhoPT11anos-2.png","width":779,"height":277,"caption":"RioOnWatch"},"image":{"@id":"https:\/\/rioonwatch.org.br\/#\/schema\/logo\/image\/"}},{"@type":"Person","@id":"https:\/\/rioonwatch.org.br\/#\/schema\/person\/a303e974b1bd619eecee3722a4dcdc9d","name":"Enrico Fedi","image":{"@type":"ImageObject","inLanguage":"pt-BR","@id":"https:\/\/rioonwatch.org.br\/#\/schema\/person\/image\/","url":"https:\/\/secure.gravatar.com\/avatar\/b295a642509c08670e742bc2070ac908?s=96&d=blank&r=g","contentUrl":"https:\/\/secure.gravatar.com\/avatar\/b295a642509c08670e742bc2070ac908?s=96&d=blank&r=g","caption":"Enrico Fedi"},"url":"https:\/\/rioonwatch.org.br\/?author=175"}]}},"_links":{"self":[{"href":"https:\/\/rioonwatch.org.br\/index.php?rest_route=\/wp\/v2\/posts\/61916"}],"collection":[{"href":"https:\/\/rioonwatch.org.br\/index.php?rest_route=\/wp\/v2\/posts"}],"about":[{"href":"https:\/\/rioonwatch.org.br\/index.php?rest_route=\/wp\/v2\/types\/post"}],"author":[{"embeddable":true,"href":"https:\/\/rioonwatch.org.br\/index.php?rest_route=\/wp\/v2\/users\/175"}],"replies":[{"embeddable":true,"href":"https:\/\/rioonwatch.org.br\/index.php?rest_route=%2Fwp%2Fv2%2Fcomments&post=61916"}],"version-history":[{"count":18,"href":"https:\/\/rioonwatch.org.br\/index.php?rest_route=\/wp\/v2\/posts\/61916\/revisions"}],"predecessor-version":[{"id":62826,"href":"https:\/\/rioonwatch.org.br\/index.php?rest_route=\/wp\/v2\/posts\/61916\/revisions\/62826"}],"wp:featuredmedia":[{"embeddable":true,"href":"https:\/\/rioonwatch.org.br\/index.php?rest_route=\/wp\/v2\/media\/61938"}],"wp:attachment":[{"href":"https:\/\/rioonwatch.org.br\/index.php?rest_route=%2Fwp%2Fv2%2Fmedia&parent=61916"}],"wp:term":[{"taxonomy":"category","embeddable":true,"href":"https:\/\/rioonwatch.org.br\/index.php?rest_route=%2Fwp%2Fv2%2Fcategories&post=61916"},{"taxonomy":"post_tag","embeddable":true,"href":"https:\/\/rioonwatch.org.br\/index.php?rest_route=%2Fwp%2Fv2%2Ftags&post=61916"},{"taxonomy":"writer","embeddable":true,"href":"https:\/\/rioonwatch.org.br\/index.php?rest_route=%2Fwp%2Fv2%2Fwriter&post=61916"},{"taxonomy":"translator","embeddable":true,"href":"https:\/\/rioonwatch.org.br\/index.php?rest_route=%2Fwp%2Fv2%2Ftranslator&post=61916"},{"taxonomy":"source","embeddable":true,"href":"https:\/\/rioonwatch.org.br\/index.php?rest_route=%2Fwp%2Fv2%2Fsource&post=61916"},{"taxonomy":"ilustrador","embeddable":true,"href":"https:\/\/rioonwatch.org.br\/index.php?rest_route=%2Fwp%2Fv2%2Filustrador&post=61916"},{"taxonomy":"fotografo","embeddable":true,"href":"https:\/\/rioonwatch.org.br\/index.php?rest_route=%2Fwp%2Fv2%2Ffotografo&post=61916"}],"curies":[{"name":"wp","href":"https:\/\/api.w.org\/{rel}","templated":true}]}}