{"id":62022,"date":"2022-07-20T10:43:10","date_gmt":"2022-07-20T13:43:10","guid":{"rendered":"https:\/\/rioonwatch.org.br\/?p=62022"},"modified":"2024-01-17T11:11:17","modified_gmt":"2024-01-17T14:11:17","slug":"pesquisa-mostra-que-mais-da-metade-dos-brasileiros-vive-em-inseguranca-alimentar","status":"publish","type":"post","link":"https:\/\/rioonwatch.org.br\/?p=62022","title":{"rendered":"Mais da Metade dos Brasileiros Hoje Vive a Inseguran\u00e7a Alimentar"},"content":{"rendered":"<h4 style=\"text-align: right;\"><em><strong><a href=\"https:\/\/bit.ly\/3zH9mrk\" target=\"_blank\" rel=\"noopener noreferrer\">Click Here for English<\/a><a href=\"https:\/\/bit.ly\/3zH9mrk\" target=\"_blank\" rel=\"noopener noreferrer\"><img decoding=\"async\" class=\"alignright wp-image-15790\" title=\"https:\/\/bit.ly\/3zH9mrk\" src=\"https:\/\/rioonwatch.org.br\/wp-content\/uploads\/2012\/08\/EN-standard-e1439583104716.jpg\" alt=\"\" width=\"20\" height=\"20\" \/><\/a><\/strong><\/em><\/h4>\n<p><span style=\"font-weight: 400;\">A fome <a href=\"http:\/\/glo.bo\/3uY7ed1\" target=\"_blank\" rel=\"noopener\">est\u00e1 de volta<\/a> ao mapa do Brasil. Aproximadamente 33,1 milh\u00f5es de brasileiros vivem em inseguran\u00e7a alimentar grave. O dado \u00e9 do 2\u00ba Inqu\u00e9rito Nacional Sobre Seguran\u00e7a Alimentar no Contexto da Pandemia da Covid-19 no Brasil (<\/span><a href=\"https:\/\/bit.ly\/3ysVEZN\" target=\"_blank\" rel=\"noopener\"><span style=\"font-weight: 400;\">II Vigisan<\/span><\/a><span style=\"font-weight: 400;\">), divulgado em junho pela Rede Brasileira de Pesquisa em Soberania e Seguran\u00e7a Alimentar e Nutricional (<\/span><a href=\"https:\/\/bit.ly\/3a6v4Zh\" target=\"_blank\" rel=\"noopener\"><span style=\"font-weight: 400;\">Rede Penssan<\/span><\/a><span style=\"font-weight: 400;\">).\u00a0<\/span><\/p>\n<p><span style=\"font-weight: 400;\">Na d\u00e9cada de 1990, <\/span><a href=\"https:\/\/bit.ly\/3NyHGtN\" target=\"_blank\" rel=\"noopener\"><span style=\"font-weight: 400;\">uma pesquisa<\/span><\/a><span style=\"font-weight: 400;\"> do Instituto de Pesquisa Econ\u00f4mica Aplicada (<\/span><a href=\"https:\/\/bit.ly\/3nNPop0\" target=\"_blank\" rel=\"noopener\"><span style=\"font-weight: 400;\">Ipea<\/span><\/a><span style=\"font-weight: 400;\">) apontou que 32 milh\u00f5es de pessoas passavam fome no pa\u00eds, marcando a entrada do Brasil no chamado \u201c<\/span><a href=\"https:\/\/bit.ly\/3nulg28\" target=\"_blank\" rel=\"noopener\"><span style=\"font-weight: 400;\">Mapa da Fome<\/span><\/a><span style=\"font-weight: 400;\">\u201d. As informa\u00e7\u00f5es da pesquisa da Rede Penssam, colhidas entre novembro de 2021 e abril de 2022, mostram que o pa\u00eds retornou a patamares de 30 anos atr\u00e1s, com mais de 33 milh\u00f5es de pessoas passando fome\u2014isto \u00e9, 15,5% da popula\u00e7\u00e3o.\u00a0<\/span><\/p>\n<p><span style=\"font-weight: 400;\">A realidade demarcada pelos n\u00fameros \u00e9 contada tamb\u00e9m pelas imagens que circulam nas m\u00eddias sociais e na imprensa. Filas formadas por pessoas aguardando a <a href=\"http:\/\/glo.bo\/3ahLFgr\" target=\"_blank\" rel=\"noopener\">doa\u00e7\u00e3o de ossos<\/a> e a <a href=\"https:\/\/bit.ly\/3abBDNU\" target=\"_blank\" rel=\"noopener\">venda de ossos e peles<\/a> <\/span>em <span style=\"font-weight: 400;\">supermercados s\u00e3o as fotografias de um pa\u00eds faminto. No passado, esses produtos costumavam ser usados para ra\u00e7\u00e3o animal.<\/span><\/p>\n<p><a href=\"https:\/\/rioonwatch.org.br\/wp-content\/uploads\/2022\/07\/Fome.jpg\"><img fetchpriority=\"high\" decoding=\"async\" class=\"aligncenter wp-image-62052 size-full\" title=\"Moradores do Rio pegam restos de carne e ossos em caminh\u00e3o. Imagem circulou em jornais e nas redes sociais. Foto: Domingos Peixoto\/Ag\u00eancia 'O Globo'\" src=\"https:\/\/rioonwatch.org.br\/wp-content\/uploads\/2022\/07\/Fome.jpg\" alt=\"Moradores do Rio pegam restos de carne e ossos em caminh\u00e3o. Imagem circulou em jornais e nas redes sociais. Foto: Domingos Peixoto\/Ag\u00eancia 'O Globo'\" width=\"2400\" height=\"1600\" srcset=\"https:\/\/rioonwatch.org.br\/wp-content\/uploads\/2022\/07\/Fome.jpg 2400w, https:\/\/rioonwatch.org.br\/wp-content\/uploads\/2022\/07\/Fome-620x413.jpg 620w, https:\/\/rioonwatch.org.br\/wp-content\/uploads\/2022\/07\/Fome-944x629.jpg 944w\" sizes=\"(max-width: 2400px) 100vw, 2400px\" \/><\/a><\/p>\n<p><span style=\"font-weight: 400;\">A cada dez domic\u00edlios, apenas quatro t\u00eam pleno acesso a alimentos na quantidade e qualidade adequada. Isto \u00e9, apenas 41,3% dos brasileiros vivem em seguran\u00e7a alimentar, o que significa que a maior parte dos brasileiros, ou 58,7%, vivem com algum n\u00edvel de <a href=\"https:\/\/bit.ly\/3o7HBC1\" target=\"_blank\" rel=\"noopener\">inseguran\u00e7a alimentar<\/a>. Esse percentual equivale a cerca de 125 milh\u00f5es de pessoas.\u00a0<\/span><\/p>\n<p><span style=\"font-weight: 400;\">A inseguran\u00e7a alimentar \u00e9 uma condi\u00e7\u00e3o mais ampla do que a fome e n\u00e3o se caracteriza apenas pela redu\u00e7\u00e3o na quantidade de alimentos ingeridos. Quando uma fam\u00edlia precisa substituir alimentos saud\u00e1veis por op\u00e7\u00f5es menos nutritivas e mais baratas, por exemplo, configura-se uma situa\u00e7\u00e3o de inseguran\u00e7a alimentar. Essa inseguran\u00e7a pode ser leve, moderada ou grave.\u00a0<\/span><\/p>\n<p><span style=\"font-weight: 400;\">A incerteza quanto ao acesso a alimentos em um futuro pr\u00f3ximo ou o comprometimento da qualidade da alimenta\u00e7\u00e3o caracterizam um cen\u00e1rio de inseguran\u00e7a alimentar leve. Quando a quantidade de alimentos dispon\u00edveis \u00e9 insuficiente, configura-se o n\u00edvel moderado. A inseguran\u00e7a alimentar grave \u00e9 quando h\u00e1 priva\u00e7\u00e3o do consumo de alimentos e fome. Cerca de um ter\u00e7o dos domic\u00edlios brasileiros (30,7%) convivem com a falta de alimentos, ou seja, vivem sob inseguran\u00e7a alimentar moderada ou grave.\u00a0<\/span><\/p>\n<p><span style=\"font-weight: 400;\">O avan\u00e7o da fome no Brasil em 2022 n\u00e3o \u00e9, no entanto, um resultado exclusivo da pandemia, como destaca Sandra Maria Chaves, professora da Escola de Nutri\u00e7\u00e3o da Universidade Federal da Bahia (<\/span><a href=\"https:\/\/bit.ly\/3e2Dioj\" target=\"_blank\" rel=\"noopener\"><span style=\"font-weight: 400;\">UFBA<\/span><\/a><span style=\"font-weight: 400;\">) e vice-coordenadora da Rede Penssan. Em <\/span><a href=\"https:\/\/bit.ly\/3yukhoT\" target=\"_blank\" rel=\"noopener\"><span style=\"font-weight: 400;\">artigo publicado<\/span><\/a><span style=\"font-weight: 400;\">\u00a0pela <a href=\"https:\/\/bit.ly\/3uiMJaS\" target=\"_blank\" rel=\"noopener\">Ag\u00eancia Bori<\/a> e <a href=\"https:\/\/bit.ly\/3bwuxUv\" target=\"_blank\" rel=\"noopener\">Nexo Pol\u00edticas P\u00fablicas<\/a>, ela chama aten\u00e7\u00e3o para os resultados de outros levantamentos nacionais que ajudam a visualizar a ascens\u00e3o e a queda da seguran\u00e7a alimentar ao longo dos \u00faltimos anos.\u00a0<\/span><\/p>\n<p><span style=\"font-weight: 400;\">Entre 2004 e 2013, segundo dados da Pesquisa Nacional por Amostra de Domic\u00edlios (<\/span><a href=\"https:\/\/bit.ly\/3y98TwH\" target=\"_blank\" rel=\"noopener\"><span style=\"font-weight: 400;\">PNAD<\/span><\/a><span style=\"font-weight: 400;\">), o pa\u00eds viu os \u00edndices de inseguran\u00e7a alimentar ca\u00edrem, gradativamente, registrando mais de 77% da popula\u00e7\u00e3o em situa\u00e7\u00e3o de seguran\u00e7a alimentar em 2013. Na ocasi\u00e3o, a fome atingia pouco mais de 4%. No ano seguinte, 2014, <\/span><a href=\"https:\/\/bit.ly\/3Ouf2Ls\" target=\"_blank\" rel=\"noopener\"><span style=\"font-weight: 400;\">o Brasil saiu do &#8220;Mapa da Fome\u201d<\/span><\/a><span style=\"font-weight: 400;\">.\u00a0<\/span><\/p>\n<p><a href=\"https:\/\/rioonwatch.org.br\/wp-content\/uploads\/2022\/07\/fome.png\"><img decoding=\"async\" class=\"aligncenter wp-image-62072 size-full\" title=\"Levantamento de 2018 j\u00e1 registrava crescimento da inseguran\u00e7a alimentar, situa\u00e7\u00e3o agravada a partir de 2020\" src=\"https:\/\/rioonwatch.org.br\/wp-content\/uploads\/2022\/07\/fome.png\" alt=\"Levantamento de 2018 j\u00e1 registrava crescimento da inseguran\u00e7a alimentar, situa\u00e7\u00e3o agravada a partir de 2020.\" width=\"1600\" height=\"1000\" srcset=\"https:\/\/rioonwatch.org.br\/wp-content\/uploads\/2022\/07\/fome.png 1600w, https:\/\/rioonwatch.org.br\/wp-content\/uploads\/2022\/07\/fome-620x388.png 620w, https:\/\/rioonwatch.org.br\/wp-content\/uploads\/2022\/07\/fome-1006x629.png 1006w\" sizes=\"(max-width: 1600px) 100vw, 1600px\" \/><\/a><\/p>\n<p><span style=\"font-weight: 400;\">Ap\u00f3s esse per\u00edodo, o dado p\u00fablico mais recente sobre o tema faz parte da Pesquisa de Or\u00e7amentos Familiares (<\/span><a href=\"https:\/\/bit.ly\/3bttULq\" target=\"_blank\" rel=\"noopener\"><span style=\"font-weight: 400;\">POF<\/span><\/a><span style=\"font-weight: 400;\">) do Instituto Brasileiro de Geografia e Estat\u00edstica (<\/span><a href=\"http:\/\/bit.ly\/2VttR6f\" target=\"_blank\" rel=\"noopener\"><span style=\"font-weight: 400;\">IBGE<\/span><\/a><span style=\"font-weight: 400;\">), de 2017-2018. Esse levantamento identificou que 36,6% dos lares brasileiros j\u00e1 conviviam com algum tipo de inseguran\u00e7a alimentar\u2013contra 22,9% da PNAD 2013. \u201cSe consideramos a s\u00e9rie hist\u00f3rica, portanto, \u00e9 poss\u00edvel reconhecer que a viola\u00e7\u00e3o do direito humano \u00e0 alimenta\u00e7\u00e3o vinha ganhando contornos dram\u00e1ticos desde a pesquisa de 2017, agravando-se desde ent\u00e3o\u201d, <a href=\"https:\/\/bit.ly\/3yukhoT\" target=\"_blank\" rel=\"noopener\">escreveu<\/a> Sandra Chaves, vice-coordenadora da Rede Penssan.\u00a0<\/span><\/p>\n<p><span style=\"font-weight: 400;\">O agravamento da fome no Brasil foi acentuado pela pandemia do <\/span><a href=\"https:\/\/bit.ly\/2QZjDJI\" target=\"_blank\" rel=\"noopener\"><span style=\"font-weight: 400;\">coronav\u00edrus<\/span><\/a><span style=\"font-weight: 400;\">, mas \u00e9 produto de uma soma de fatores e crises anteriores. A an\u00e1lise est\u00e1 no relat\u00f3rio do II Vigisan. Entre os fatores mencionados, est\u00e3o o <a href=\"https:\/\/bit.ly\/3AdOdHf\" target=\"_blank\" rel=\"noopener\">aumento do desemprego<\/a>, a <a href=\"https:\/\/bit.ly\/3P1ERm9\" target=\"_blank\" rel=\"noopener\">diminui\u00e7\u00e3o da renda<\/a>, a infla\u00e7\u00e3o (<\/span><span style=\"font-weight: 400;\">especialmente <a href=\"https:\/\/bbc.in\/3IbsTUO\" target=\"_blank\" rel=\"noopener\">sobre os alimentos<\/a>),<\/span>\u00a0<span style=\"font-weight: 400;\">o <a href=\"https:\/\/bit.ly\/3OZUOsH\" target=\"_blank\" rel=\"noopener\">enfraquecimento<\/a> de programas sociais e o <a href=\"https:\/\/bbc.in\/3QZTCaK\" target=\"_blank\" rel=\"noopener\">esvaziamento de pol\u00edticas p\u00fablicas<\/a> voltadas \u00e0 prote\u00e7\u00e3o e \u00e0 promo\u00e7\u00e3o da Seguran\u00e7a Alimentar e Nutricional.\u00a0<\/span><\/p>\n<h3><b>A Cara da Fome no Brasil<\/b><\/h3>\n<p><span style=\"font-weight: 400;\">No Sul do pa\u00eds, 51,8% dos moradores vivem em seguran\u00e7a alimentar, n\u00famero acima da m\u00e9dia nacional (41,3%). Al\u00e9m disso, a regi\u00e3o tem o menor \u00edndice de inseguran\u00e7a alimentar grave do pa\u00eds: 9,9%. Na outra ponta do Brasil (e do gr\u00e1fico), o Norte \u00e9 a regi\u00e3o com os piores \u00edndices. A cada dez moradores do Norte do pa\u00eds, apenas tr\u00eas vivem em seguran\u00e7a alimentar (28,4%). A fome atinge um quarto dos nortistas (25,7%), percentual muito acima da m\u00e9dia nacional de 15,5%.\u00a0\u00a0<\/span><\/p>\n<p>De Norte a Sul, o levantamento demonstrou que a fome \u00e9 mais presente no campo do que nas cidades. Cerca de 35,5% dos domic\u00edlios rurais convivem com a inseguran\u00e7a alimentar moderada ou grave. Por\u00e9m, quando \u00e9 considerado apenas as fam\u00edlias nas zonas urbanas, esse \u00edndice cai para 29,9%. \u201cEntre os domic\u00edlios rurais, o segmento da agricultura familiar sofreu o impacto da crise econ\u00f4mica, mas foi especialmente afetado pelo <a class=\"c-link\" tabindex=\"-1\" href=\"https:\/\/bit.ly\/3y8jDvS\" target=\"_blank\" rel=\"noopener noreferrer\" data-stringify-link=\"https:\/\/bit.ly\/3y8jDvS\" data-sk=\"tooltip_parent\" data-remove-tab-index=\"true\">desmonte das pol\u00edticas p\u00fablicas<\/a>\u00a0voltadas para o pequeno produtor do campo\u201d, indica trecho do II Vigisan<\/p>\n<p><span style=\"font-weight: 400;\">Al\u00e9m da geografia, outro fator determinante para a seguran\u00e7a alimentar nos lares brasileiros \u00e9 o perfil da pessoa de refer\u00eancia, isto \u00e9, do respons\u00e1vel financeiro pela fam\u00edlia. Os n\u00fameros mostram que a fome \u00e9 majoritariamente feminina e negra. Enquanto 35,9% dos domic\u00edlios chefiados por mulheres est\u00e3o em seguran\u00e7a alimentar, entre os lares chefiados por homens esse n\u00famero salta para 46,4%. Do mesmo modo, a inseguran\u00e7a alimentar severa (moderada e grave) atinge 36,7% dos domic\u00edlios chefiados por mulheres, contra 25,1% dos homens.\u00a0<\/span><\/p>\n<p><a href=\"https:\/\/rioonwatch.org.br\/wp-content\/uploads\/2022\/07\/fome-1.png\"><img loading=\"lazy\" decoding=\"async\" class=\"aligncenter wp-image-62074 size-full\" title=\"Os n\u00edveis mais severos de inseguran\u00e7a alimentar est\u00e3o mais presentes em fam\u00edlias chefiadas por mulheres e negros\" src=\"https:\/\/rioonwatch.org.br\/wp-content\/uploads\/2022\/07\/fome-1.png\" alt=\"Os n\u00edveis mais severos de inseguran\u00e7a alimentar est\u00e3o mais presentes em fam\u00edlias chefiadas por mulheres e negros\" width=\"1600\" height=\"1000\" srcset=\"https:\/\/rioonwatch.org.br\/wp-content\/uploads\/2022\/07\/fome-1.png 1600w, https:\/\/rioonwatch.org.br\/wp-content\/uploads\/2022\/07\/fome-1-620x388.png 620w, https:\/\/rioonwatch.org.br\/wp-content\/uploads\/2022\/07\/fome-1-1006x629.png 1006w\" sizes=\"(max-width: 1600px) 100vw, 1600px\" \/><\/a><\/p>\n<p>A diferen\u00e7a \u00e9 ainda maior quando observada a cor de pele da pessoa de refer\u00eancia das fam\u00edlias. Como indica o relat\u00f3rio, &#8220;o racismo no Brasil <a href=\"https:\/\/bit.ly\/SerieAntirracista\" target=\"_blank\" rel=\"noopener\">est\u00e1 presente em diferentes formas<\/a> e em diferentes contextos, e n\u00e3o deixa de se expressar ao ser analisada a garantia (ou a falta dela) ao direito humano a uma alimenta\u00e7\u00e3o suficiente e de qualidade\u201d. A seguran\u00e7a alimentar est\u00e1 presente em 35% dos lares chefiados por pretos e pardos e em 53,2% dos lares chefiados por brancos. J\u00e1 as formas mais severas de inseguran\u00e7a alimentar est\u00e3o presentes em 35,8% das fam\u00edlias pretas ou pardas, contra 20,9% das fam\u00edlias brancas.<\/p>\n<p><span style=\"font-weight: 400;\">A seguran\u00e7a alimentar est\u00e1 relacionada com o acesso \u00e0 renda. Logo, a escolaridade e a ocupa\u00e7\u00e3o no mercado de trabalho v\u00e3o impactar diretamente no acesso \u00e0 alimenta\u00e7\u00e3o. O relat\u00f3rio demonstrou que a inseguran\u00e7a alimentar cai, gradativamente, diante do aumento dos anos de estudo. No Brasil, o acesso \u00e0 educa\u00e7\u00e3o ainda \u00e9 estruturalmente desigual entre brancos e negros. A <\/span><a href=\"https:\/\/bit.ly\/3x0X1uH\" target=\"_blank\" rel=\"noopener\"><span style=\"font-weight: 400;\">evas\u00e3o escolar<\/span><\/a><span style=\"font-weight: 400;\">, por exemplo, <\/span><a href=\"https:\/\/bit.ly\/3ebaVUz\" target=\"_blank\" rel=\"noopener\"><span style=\"font-weight: 400;\">afeta mais<\/span><\/a><span style=\"font-weight: 400;\"> crian\u00e7as e adolescentes pretos e pardos. Pessoas brancas t\u00eam, em m\u00e9dia, mais anos de estudo, e s\u00e3o maioria no ensino superior\u2013considerando institui\u00e7\u00f5es p\u00fablicas e privadas\u2013, segundo dados da <a href=\"https:\/\/bit.ly\/3rcjm66\" target=\"_blank\" rel=\"noopener\">PNAD 2018. <\/a><\/span><\/p>\n<p>No mercado de trabalho a desigualdade entre brancos e negros e entre homens e mulheres tamb\u00e9m \u00e9 gritante. Quase 12 milh\u00f5es de brasileiros estavam desempregados no primeiro trimestre deste ano, segundo dados da PNAD Cont\u00ednua. O \u00edndice de <a href=\"https:\/\/bit.ly\/3AdOdHf\" target=\"_blank\" rel=\"noopener\">desemprego estava em 11,1%<\/a>, mas, quando observado o desemprego apenas entre as mulheres, esse n\u00famero salta para 13,7%, contra 9,1% entre os homens. A disparidade tamb\u00e9m se repete quando observado a cor da pele dos desempregados. Entre os brancos o desemprego ficou em 8,9%, contra <a href=\"https:\/\/bit.ly\/3NYLqoE\" target=\"_blank\" rel=\"noopener\">13,3% entre pretos<\/a>. As diferen\u00e7as entre homens e mulheres, brancos e negros manifestam-se tamb\u00e9m na ocupa\u00e7\u00e3o de <a href=\"https:\/\/bit.ly\/3AdhIWw\" target=\"_blank\" rel=\"noopener\">cargos de lideran\u00e7a<\/a> e na m\u00e9dia salarial, por exemplo.<\/p>\n<h3><b>A Indignidade e a Viola\u00e7\u00e3o<\/b><\/h3>\n<p><span style=\"font-weight: 400;\">Sentimentos como vergonha, tristeza e constrangimento para conseguir alimentos foram relatados por 8,2% das pessoas ouvidas no II Vigisan. Isso significa que quase 16 milh\u00f5es de brasileiros precisam adotar estrat\u00e9gias que os agridem social ou emocionalmente para conseguir comida.\u00a0<\/span><\/p>\n<p><a href=\"https:\/\/rioonwatch.org.br\/wp-content\/uploads\/2022\/07\/fome2.jpg\"><img loading=\"lazy\" decoding=\"async\" class=\"alignleft wp-image-62078\" title=\"Com aumento nos pre\u00e7os de itens b\u00e1sicos, brasileiros enfrentam escalada da fome. Foto: Lucas Martins\/Jornalistas Livres\" src=\"https:\/\/rioonwatch.org.br\/wp-content\/uploads\/2022\/07\/fome2-620x399.jpg\" alt=\"Com aumento nos pre\u00e7os de itens b\u00e1sicos, brasileiros enfrentam escalada da fome. Foto: Lucas Martins\/Jornalistas Livres\" width=\"500\" height=\"322\" srcset=\"https:\/\/rioonwatch.org.br\/wp-content\/uploads\/2022\/07\/fome2-620x399.jpg 620w, https:\/\/rioonwatch.org.br\/wp-content\/uploads\/2022\/07\/fome2.jpg 720w\" sizes=\"(max-width: 500px) 100vw, 500px\" \/><\/a><\/p>\n<p><span style=\"font-weight: 400;\">Como refor\u00e7a Sandra Chaves, a alimenta\u00e7\u00e3o adequada \u00e9 um direito humano previsto na Declara\u00e7\u00e3o Universal dos Direitos Humanos. Esse direito \u00e9 tamb\u00e9m reconhecido na Constitui\u00e7\u00e3o Federal Brasileira, que em 2010, ap\u00f3s press\u00e3o popular, incluiu uma emenda que trata a alimenta\u00e7\u00e3o como um <a href=\"https:\/\/bit.ly\/3OZUuu6\" target=\"_blank\" rel=\"noopener\">direito social de todo cidad\u00e3o<\/a>.\u00a0<\/span><\/p>\n<p><span style=\"font-weight: 400;\">A professora lembra, ainda, que a fome e a inseguran\u00e7a alimentar s\u00e3o viola\u00e7\u00f5es que produzem outras viola\u00e7\u00f5es, como a viola\u00e7\u00e3o \u00e0 liberdade de escolha e ao exerc\u00edcio da cultura por meio dos h\u00e1bitos alimentares. Em casos mais extremos, como registrado no relat\u00f3rio, constitui tamb\u00e9m uma viola\u00e7\u00e3o \u00e0 dignidade humana.\u00a0<\/span><\/p>\n<p><span style=\"font-weight: 400;\">A falta do alimento \u00e9 o indicativo mais palp\u00e1vel da situa\u00e7\u00e3o de inseguran\u00e7a alimentar, por\u00e9m n\u00e3o \u00e9 o \u00fanico. A redu\u00e7\u00e3o, substitui\u00e7\u00e3o e at\u00e9 exclus\u00e3o de determinados itens da dieta tamb\u00e9m s\u00e3o indicativos que merecem aten\u00e7\u00e3o. O II Vigisan indica que boa parte dos brasileiros reduziu ou at\u00e9 parou de comprar alimentos b\u00e1sicos, como feij\u00e3o, arroz, carne, vegetais e frutas. O aumento nos pre\u00e7os desses itens agrava a fome e piora a qualidade dos alimentos que chegam \u00e0 mesa dos brasileiros.<\/span><\/p>\n<p><span style=\"font-weight: 400;\">Em um ano, o pre\u00e7o m\u00e9dio da cesta b\u00e1sica aumentou 20,4%, indo de <\/span><a href=\"https:\/\/bit.ly\/3ab0PEj\" target=\"_blank\" rel=\"noopener\"><span style=\"font-weight: 400;\">R$529,87<\/span><\/a><span style=\"font-weight: 400;\"> em maio de 2021 para <\/span><a href=\"https:\/\/bit.ly\/3NDkuKT\" target=\"_blank\" rel=\"noopener\"><span style=\"font-weight: 400;\">R$665,81<\/span><\/a><span style=\"font-weight: 400;\"> em maio de 2022, diferen\u00e7a de, aproximadamente, R$136. O dado \u00e9 do Departamento Intersindical de Estat\u00edstica e Estudos Socioecon\u00f4micos (<\/span><a href=\"https:\/\/bit.ly\/3yA3jp9\" target=\"_blank\" rel=\"noopener\"><span style=\"font-weight: 400;\">DIEESE<\/span><\/a><span style=\"font-weight: 400;\">), que monitora mensalmente o valor dos alimentos em diversas capitais do pa\u00eds desde 2005.\u00a0<\/span><\/p>\n<p><span style=\"font-weight: 400;\">Al\u00e9m da inseguran\u00e7a alimentar, aproximadamente um a cada dez brasileiros convivem com a inseguran\u00e7a h\u00eddrica, isto \u00e9, enfrentam algum n\u00edvel de restri\u00e7\u00e3o no acesso \u00e0 \u00e1gua. O dado tamb\u00e9m consta no levantamento do II Vigisan. Considerando os domic\u00edlios com inseguran\u00e7a h\u00eddrica, 42% tamb\u00e9m conviviam com a inseguran\u00e7a alimentar nos n\u00edveis mais severos, moderada ou grave. Isso significa que al\u00e9m de conviver com a fome, muitos brasileiros enfrentam tamb\u00e9m a sede.\u00a0<\/span><\/p>\n<hr \/>\n<h4><strong>Apoie nossos esfor\u00e7os para fornecer assist\u00eancia estrat\u00e9gica \u00e0s favelas do Rio, incluindo o jornalismo hiperlocal, cr\u00edtico, inovador e incans\u00e1vel do\u00a0<em>RioOnWatch<\/em><\/strong>\u2014<a href=\"http:\/\/bit.ly\/CatalisandoComunidades\" target=\"_blank\" rel=\"noopener\">doe aqui<\/a>.<\/h4>\n<!-- AddThis Advanced Settings generic via filter on the_content --><!-- AddThis Share Buttons generic via filter on the_content -->","protected":false},"excerpt":{"rendered":"<div class=\"mh-excerpt\"><p>Click Here for English A fome est\u00e1 de volta ao mapa do Brasil. Aproximadamente 33,1 milh\u00f5es de brasileiros vivem em inseguran\u00e7a alimentar grave. O dado \u00e9 do 2\u00ba Inqu\u00e9rito Nacional Sobre Seguran\u00e7a Alimentar no Contexto <a class=\"mh-excerpt-more\" href=\"https:\/\/rioonwatch.org.br\/?p=62022\" title=\"Mais da Metade dos Brasileiros Hoje Vive a Inseguran\u00e7a Alimentar\">[&#8230;]<\/a><!-- AddThis Advanced Settings generic via filter on get_the_excerpt --><!-- AddThis Share Buttons generic via filter on get_the_excerpt --><\/p>\n<\/div>","protected":false},"author":173,"featured_media":62220,"comment_status":"closed","ping_status":"closed","sticky":false,"template":"template-full.php","format":"standard","meta":{"_acf_changed":false,"_monsterinsights_skip_tracking":false,"_monsterinsights_sitenote_active":false,"_monsterinsights_sitenote_note":"","_monsterinsights_sitenote_category":0,"footnotes":""},"categories":[1621,1632,346,344],"tags":[893,1226,2195,2761,88,2344,2230,2164,588,727,2451,3114,3099,578,1364],"writer":[2817],"translator":[],"source":[],"ilustrador":[],"fotografo":[],"class_list":{"0":"post-62022","1":"post","2":"type-post","3":"status-publish","4":"format-standard","5":"has-post-thumbnail","7":"category-destaque","8":"category-pesquisa-e-analise","9":"category-denuncias","10":"category-politicas","11":"tag-bolsa-familia","12":"tag-constituicao","13":"tag-crise-economica","14":"tag-direito-a-agua","15":"tag-direitos-humanos","16":"tag-ibge","17":"tag-fome","18":"tag-ipea","19":"tag-pesquisa","20":"tag-pobreza","21":"tag-politicas-publicas","22":"tag-racismo-estrutural","23":"tag-seguranca-alimentar","24":"tag-trabalho-e-renda","25":"tag-violacoes","26":"writer-jaqueline-suarez"},"acf":[],"yoast_head":"<!-- This site is optimized with the Yoast SEO plugin v25.6 - https:\/\/yoast.com\/wordpress\/plugins\/seo\/ -->\n<title>Mais da Metade dos Brasileiros Hoje Vive a Inseguran\u00e7a Alimentar - RioOnWatch<\/title>\n<meta name=\"robots\" content=\"index, follow, max-snippet:-1, max-image-preview:large, max-video-preview:-1\" \/>\n<link rel=\"canonical\" href=\"https:\/\/rioonwatch.org.br\/?p=62022\" \/>\n<meta property=\"og:locale\" content=\"pt_BR\" \/>\n<meta property=\"og:type\" content=\"article\" \/>\n<meta property=\"og:title\" content=\"Mais da Metade dos Brasileiros Hoje Vive a Inseguran\u00e7a Alimentar - RioOnWatch\" \/>\n<meta property=\"og:description\" content=\"Click Here for English A fome est\u00e1 de volta ao mapa do Brasil. Aproximadamente 33,1 milh\u00f5es de brasileiros vivem em inseguran\u00e7a alimentar grave. O dado \u00e9 do 2\u00ba Inqu\u00e9rito Nacional Sobre Seguran\u00e7a Alimentar no Contexto [...]\" \/>\n<meta property=\"og:url\" content=\"https:\/\/rioonwatch.org.br\/?p=62022\" \/>\n<meta property=\"og:site_name\" content=\"RioOnWatch\" \/>\n<meta property=\"article:published_time\" content=\"2022-07-20T13:43:10+00:00\" \/>\n<meta property=\"article:modified_time\" content=\"2024-01-17T14:11:17+00:00\" \/>\n<meta property=\"og:image\" content=\"https:\/\/rioonwatch.org.br\/wp-content\/uploads\/2022\/07\/Fome-por-Chokito-na-Rede-Brasil-Atual.png\" \/>\n\t<meta property=\"og:image:width\" content=\"1399\" \/>\n\t<meta property=\"og:image:height\" content=\"822\" \/>\n\t<meta property=\"og:image:type\" content=\"image\/png\" \/>\n<meta name=\"author\" content=\"Jaqueline Suarez\" \/>\n<meta name=\"twitter:card\" content=\"summary_large_image\" \/>\n<meta name=\"twitter:label1\" content=\"Escrito por\" \/>\n\t<meta name=\"twitter:data1\" content=\"Jaqueline Suarez\" \/>\n\t<meta name=\"twitter:label2\" content=\"Est. tempo de leitura\" \/>\n\t<meta name=\"twitter:data2\" content=\"10 minutos\" \/>\n<script type=\"application\/ld+json\" class=\"yoast-schema-graph\">{\"@context\":\"https:\/\/schema.org\",\"@graph\":[{\"@type\":\"Article\",\"@id\":\"https:\/\/rioonwatch.org.br\/?p=62022#article\",\"isPartOf\":{\"@id\":\"https:\/\/rioonwatch.org.br\/?p=62022\"},\"author\":{\"name\":\"Jaqueline Suarez\",\"@id\":\"https:\/\/rioonwatch.org.br\/#\/schema\/person\/27a3e25cbd933699e83d02c984584792\"},\"headline\":\"Mais da Metade dos Brasileiros Hoje Vive a Inseguran\u00e7a Alimentar\",\"datePublished\":\"2022-07-20T13:43:10+00:00\",\"dateModified\":\"2024-01-17T14:11:17+00:00\",\"mainEntityOfPage\":{\"@id\":\"https:\/\/rioonwatch.org.br\/?p=62022\"},\"wordCount\":1727,\"publisher\":{\"@id\":\"https:\/\/rioonwatch.org.br\/#organization\"},\"image\":{\"@id\":\"https:\/\/rioonwatch.org.br\/?p=62022#primaryimage\"},\"thumbnailUrl\":\"https:\/\/rioonwatch.org.br\/wp-content\/uploads\/2022\/07\/Fome-por-Chokito-na-Rede-Brasil-Atual.png\",\"keywords\":[\"Bolsa Fam\u00edlia\",\"constitui\u00e7\u00e3o\",\"crise econ\u00f4mica\",\"direito \u00e0 \u00e1gua\",\"Direitos Humanos\",\"IBGE\",\"Inseguran\u00e7a alimentar\",\"IPEA\",\"pesquisa\",\"pobreza\",\"pol\u00edticas p\u00fablicas\",\"Racismo estrutural\",\"seguran\u00e7a alimentar\",\"Trabalho e renda\",\"viola\u00e7\u00f5es\"],\"articleSection\":[\"*Destaque\",\"Dados e Pesquisa\",\"Den\u00fancias\",\"Pol\u00edticas\"],\"inLanguage\":\"pt-BR\"},{\"@type\":\"WebPage\",\"@id\":\"https:\/\/rioonwatch.org.br\/?p=62022\",\"url\":\"https:\/\/rioonwatch.org.br\/?p=62022\",\"name\":\"Mais da Metade dos Brasileiros Hoje Vive a Inseguran\u00e7a Alimentar - RioOnWatch\",\"isPartOf\":{\"@id\":\"https:\/\/rioonwatch.org.br\/#website\"},\"primaryImageOfPage\":{\"@id\":\"https:\/\/rioonwatch.org.br\/?p=62022#primaryimage\"},\"image\":{\"@id\":\"https:\/\/rioonwatch.org.br\/?p=62022#primaryimage\"},\"thumbnailUrl\":\"https:\/\/rioonwatch.org.br\/wp-content\/uploads\/2022\/07\/Fome-por-Chokito-na-Rede-Brasil-Atual.png\",\"datePublished\":\"2022-07-20T13:43:10+00:00\",\"dateModified\":\"2024-01-17T14:11:17+00:00\",\"breadcrumb\":{\"@id\":\"https:\/\/rioonwatch.org.br\/?p=62022#breadcrumb\"},\"inLanguage\":\"pt-BR\",\"potentialAction\":[{\"@type\":\"ReadAction\",\"target\":[\"https:\/\/rioonwatch.org.br\/?p=62022\"]}]},{\"@type\":\"ImageObject\",\"inLanguage\":\"pt-BR\",\"@id\":\"https:\/\/rioonwatch.org.br\/?p=62022#primaryimage\",\"url\":\"https:\/\/rioonwatch.org.br\/wp-content\/uploads\/2022\/07\/Fome-por-Chokito-na-Rede-Brasil-Atual.png\",\"contentUrl\":\"https:\/\/rioonwatch.org.br\/wp-content\/uploads\/2022\/07\/Fome-por-Chokito-na-Rede-Brasil-Atual.png\",\"width\":1399,\"height\":822,\"caption\":\"Fome por Chokito na Rede Brasil Atual\"},{\"@type\":\"BreadcrumbList\",\"@id\":\"https:\/\/rioonwatch.org.br\/?p=62022#breadcrumb\",\"itemListElement\":[{\"@type\":\"ListItem\",\"position\":1,\"name\":\"In\u00edcio\",\"item\":\"https:\/\/rioonwatch.org.br\/\"},{\"@type\":\"ListItem\",\"position\":2,\"name\":\"Mais da Metade dos Brasileiros Hoje Vive a Inseguran\u00e7a Alimentar\"}]},{\"@type\":\"WebSite\",\"@id\":\"https:\/\/rioonwatch.org.br\/#website\",\"url\":\"https:\/\/rioonwatch.org.br\/\",\"name\":\"RioOnWatch\",\"description\":\"relatos das favelas cariocas\",\"publisher\":{\"@id\":\"https:\/\/rioonwatch.org.br\/#organization\"},\"potentialAction\":[{\"@type\":\"SearchAction\",\"target\":{\"@type\":\"EntryPoint\",\"urlTemplate\":\"https:\/\/rioonwatch.org.br\/?s={search_term_string}\"},\"query-input\":{\"@type\":\"PropertyValueSpecification\",\"valueRequired\":true,\"valueName\":\"search_term_string\"}}],\"inLanguage\":\"pt-BR\"},{\"@type\":\"Organization\",\"@id\":\"https:\/\/rioonwatch.org.br\/#organization\",\"name\":\"RioOnWatch\",\"url\":\"https:\/\/rioonwatch.org.br\/\",\"logo\":{\"@type\":\"ImageObject\",\"inLanguage\":\"pt-BR\",\"@id\":\"https:\/\/rioonwatch.org.br\/#\/schema\/logo\/image\/\",\"url\":\"https:\/\/rioonwatch.org.br\/wp-content\/uploads\/2021\/06\/RioOnWatchcabecalhoPT11anos-2.png\",\"contentUrl\":\"https:\/\/rioonwatch.org.br\/wp-content\/uploads\/2021\/06\/RioOnWatchcabecalhoPT11anos-2.png\",\"width\":779,\"height\":277,\"caption\":\"RioOnWatch\"},\"image\":{\"@id\":\"https:\/\/rioonwatch.org.br\/#\/schema\/logo\/image\/\"}},{\"@type\":\"Person\",\"@id\":\"https:\/\/rioonwatch.org.br\/#\/schema\/person\/27a3e25cbd933699e83d02c984584792\",\"name\":\"Jaqueline Suarez\",\"image\":{\"@type\":\"ImageObject\",\"inLanguage\":\"pt-BR\",\"@id\":\"https:\/\/rioonwatch.org.br\/#\/schema\/person\/image\/\",\"url\":\"https:\/\/secure.gravatar.com\/avatar\/7ea8c4643047d9478a10b734302473c0?s=96&d=blank&r=g\",\"contentUrl\":\"https:\/\/secure.gravatar.com\/avatar\/7ea8c4643047d9478a10b734302473c0?s=96&d=blank&r=g\",\"caption\":\"Jaqueline Suarez\"},\"url\":\"https:\/\/rioonwatch.org.br\/?author=173\"}]}<\/script>\n<!-- \/ Yoast SEO plugin. -->","yoast_head_json":{"title":"Mais da Metade dos Brasileiros Hoje Vive a Inseguran\u00e7a Alimentar - RioOnWatch","robots":{"index":"index","follow":"follow","max-snippet":"max-snippet:-1","max-image-preview":"max-image-preview:large","max-video-preview":"max-video-preview:-1"},"canonical":"https:\/\/rioonwatch.org.br\/?p=62022","og_locale":"pt_BR","og_type":"article","og_title":"Mais da Metade dos Brasileiros Hoje Vive a Inseguran\u00e7a Alimentar - RioOnWatch","og_description":"Click Here for English A fome est\u00e1 de volta ao mapa do Brasil. Aproximadamente 33,1 milh\u00f5es de brasileiros vivem em inseguran\u00e7a alimentar grave. O dado \u00e9 do 2\u00ba Inqu\u00e9rito Nacional Sobre Seguran\u00e7a Alimentar no Contexto [...]","og_url":"https:\/\/rioonwatch.org.br\/?p=62022","og_site_name":"RioOnWatch","article_published_time":"2022-07-20T13:43:10+00:00","article_modified_time":"2024-01-17T14:11:17+00:00","og_image":[{"width":1399,"height":822,"url":"https:\/\/rioonwatch.org.br\/wp-content\/uploads\/2022\/07\/Fome-por-Chokito-na-Rede-Brasil-Atual.png","type":"image\/png"}],"author":"Jaqueline Suarez","twitter_card":"summary_large_image","twitter_misc":{"Escrito por":"Jaqueline Suarez","Est. tempo de leitura":"10 minutos"},"schema":{"@context":"https:\/\/schema.org","@graph":[{"@type":"Article","@id":"https:\/\/rioonwatch.org.br\/?p=62022#article","isPartOf":{"@id":"https:\/\/rioonwatch.org.br\/?p=62022"},"author":{"name":"Jaqueline Suarez","@id":"https:\/\/rioonwatch.org.br\/#\/schema\/person\/27a3e25cbd933699e83d02c984584792"},"headline":"Mais da Metade dos Brasileiros Hoje Vive a Inseguran\u00e7a Alimentar","datePublished":"2022-07-20T13:43:10+00:00","dateModified":"2024-01-17T14:11:17+00:00","mainEntityOfPage":{"@id":"https:\/\/rioonwatch.org.br\/?p=62022"},"wordCount":1727,"publisher":{"@id":"https:\/\/rioonwatch.org.br\/#organization"},"image":{"@id":"https:\/\/rioonwatch.org.br\/?p=62022#primaryimage"},"thumbnailUrl":"https:\/\/rioonwatch.org.br\/wp-content\/uploads\/2022\/07\/Fome-por-Chokito-na-Rede-Brasil-Atual.png","keywords":["Bolsa Fam\u00edlia","constitui\u00e7\u00e3o","crise econ\u00f4mica","direito \u00e0 \u00e1gua","Direitos Humanos","IBGE","Inseguran\u00e7a alimentar","IPEA","pesquisa","pobreza","pol\u00edticas p\u00fablicas","Racismo estrutural","seguran\u00e7a alimentar","Trabalho e renda","viola\u00e7\u00f5es"],"articleSection":["*Destaque","Dados e Pesquisa","Den\u00fancias","Pol\u00edticas"],"inLanguage":"pt-BR"},{"@type":"WebPage","@id":"https:\/\/rioonwatch.org.br\/?p=62022","url":"https:\/\/rioonwatch.org.br\/?p=62022","name":"Mais da Metade dos Brasileiros Hoje Vive a Inseguran\u00e7a Alimentar - RioOnWatch","isPartOf":{"@id":"https:\/\/rioonwatch.org.br\/#website"},"primaryImageOfPage":{"@id":"https:\/\/rioonwatch.org.br\/?p=62022#primaryimage"},"image":{"@id":"https:\/\/rioonwatch.org.br\/?p=62022#primaryimage"},"thumbnailUrl":"https:\/\/rioonwatch.org.br\/wp-content\/uploads\/2022\/07\/Fome-por-Chokito-na-Rede-Brasil-Atual.png","datePublished":"2022-07-20T13:43:10+00:00","dateModified":"2024-01-17T14:11:17+00:00","breadcrumb":{"@id":"https:\/\/rioonwatch.org.br\/?p=62022#breadcrumb"},"inLanguage":"pt-BR","potentialAction":[{"@type":"ReadAction","target":["https:\/\/rioonwatch.org.br\/?p=62022"]}]},{"@type":"ImageObject","inLanguage":"pt-BR","@id":"https:\/\/rioonwatch.org.br\/?p=62022#primaryimage","url":"https:\/\/rioonwatch.org.br\/wp-content\/uploads\/2022\/07\/Fome-por-Chokito-na-Rede-Brasil-Atual.png","contentUrl":"https:\/\/rioonwatch.org.br\/wp-content\/uploads\/2022\/07\/Fome-por-Chokito-na-Rede-Brasil-Atual.png","width":1399,"height":822,"caption":"Fome por Chokito na Rede Brasil Atual"},{"@type":"BreadcrumbList","@id":"https:\/\/rioonwatch.org.br\/?p=62022#breadcrumb","itemListElement":[{"@type":"ListItem","position":1,"name":"In\u00edcio","item":"https:\/\/rioonwatch.org.br\/"},{"@type":"ListItem","position":2,"name":"Mais da Metade dos Brasileiros Hoje Vive a Inseguran\u00e7a Alimentar"}]},{"@type":"WebSite","@id":"https:\/\/rioonwatch.org.br\/#website","url":"https:\/\/rioonwatch.org.br\/","name":"RioOnWatch","description":"relatos das favelas cariocas","publisher":{"@id":"https:\/\/rioonwatch.org.br\/#organization"},"potentialAction":[{"@type":"SearchAction","target":{"@type":"EntryPoint","urlTemplate":"https:\/\/rioonwatch.org.br\/?s={search_term_string}"},"query-input":{"@type":"PropertyValueSpecification","valueRequired":true,"valueName":"search_term_string"}}],"inLanguage":"pt-BR"},{"@type":"Organization","@id":"https:\/\/rioonwatch.org.br\/#organization","name":"RioOnWatch","url":"https:\/\/rioonwatch.org.br\/","logo":{"@type":"ImageObject","inLanguage":"pt-BR","@id":"https:\/\/rioonwatch.org.br\/#\/schema\/logo\/image\/","url":"https:\/\/rioonwatch.org.br\/wp-content\/uploads\/2021\/06\/RioOnWatchcabecalhoPT11anos-2.png","contentUrl":"https:\/\/rioonwatch.org.br\/wp-content\/uploads\/2021\/06\/RioOnWatchcabecalhoPT11anos-2.png","width":779,"height":277,"caption":"RioOnWatch"},"image":{"@id":"https:\/\/rioonwatch.org.br\/#\/schema\/logo\/image\/"}},{"@type":"Person","@id":"https:\/\/rioonwatch.org.br\/#\/schema\/person\/27a3e25cbd933699e83d02c984584792","name":"Jaqueline Suarez","image":{"@type":"ImageObject","inLanguage":"pt-BR","@id":"https:\/\/rioonwatch.org.br\/#\/schema\/person\/image\/","url":"https:\/\/secure.gravatar.com\/avatar\/7ea8c4643047d9478a10b734302473c0?s=96&d=blank&r=g","contentUrl":"https:\/\/secure.gravatar.com\/avatar\/7ea8c4643047d9478a10b734302473c0?s=96&d=blank&r=g","caption":"Jaqueline Suarez"},"url":"https:\/\/rioonwatch.org.br\/?author=173"}]}},"_links":{"self":[{"href":"https:\/\/rioonwatch.org.br\/index.php?rest_route=\/wp\/v2\/posts\/62022"}],"collection":[{"href":"https:\/\/rioonwatch.org.br\/index.php?rest_route=\/wp\/v2\/posts"}],"about":[{"href":"https:\/\/rioonwatch.org.br\/index.php?rest_route=\/wp\/v2\/types\/post"}],"author":[{"embeddable":true,"href":"https:\/\/rioonwatch.org.br\/index.php?rest_route=\/wp\/v2\/users\/173"}],"replies":[{"embeddable":true,"href":"https:\/\/rioonwatch.org.br\/index.php?rest_route=%2Fwp%2Fv2%2Fcomments&post=62022"}],"version-history":[{"count":22,"href":"https:\/\/rioonwatch.org.br\/index.php?rest_route=\/wp\/v2\/posts\/62022\/revisions"}],"predecessor-version":[{"id":62403,"href":"https:\/\/rioonwatch.org.br\/index.php?rest_route=\/wp\/v2\/posts\/62022\/revisions\/62403"}],"wp:featuredmedia":[{"embeddable":true,"href":"https:\/\/rioonwatch.org.br\/index.php?rest_route=\/wp\/v2\/media\/62220"}],"wp:attachment":[{"href":"https:\/\/rioonwatch.org.br\/index.php?rest_route=%2Fwp%2Fv2%2Fmedia&parent=62022"}],"wp:term":[{"taxonomy":"category","embeddable":true,"href":"https:\/\/rioonwatch.org.br\/index.php?rest_route=%2Fwp%2Fv2%2Fcategories&post=62022"},{"taxonomy":"post_tag","embeddable":true,"href":"https:\/\/rioonwatch.org.br\/index.php?rest_route=%2Fwp%2Fv2%2Ftags&post=62022"},{"taxonomy":"writer","embeddable":true,"href":"https:\/\/rioonwatch.org.br\/index.php?rest_route=%2Fwp%2Fv2%2Fwriter&post=62022"},{"taxonomy":"translator","embeddable":true,"href":"https:\/\/rioonwatch.org.br\/index.php?rest_route=%2Fwp%2Fv2%2Ftranslator&post=62022"},{"taxonomy":"source","embeddable":true,"href":"https:\/\/rioonwatch.org.br\/index.php?rest_route=%2Fwp%2Fv2%2Fsource&post=62022"},{"taxonomy":"ilustrador","embeddable":true,"href":"https:\/\/rioonwatch.org.br\/index.php?rest_route=%2Fwp%2Fv2%2Filustrador&post=62022"},{"taxonomy":"fotografo","embeddable":true,"href":"https:\/\/rioonwatch.org.br\/index.php?rest_route=%2Fwp%2Fv2%2Ffotografo&post=62022"}],"curies":[{"name":"wp","href":"https:\/\/api.w.org\/{rel}","templated":true}]}}