{"id":62119,"date":"2022-08-24T14:44:05","date_gmt":"2022-08-24T17:44:05","guid":{"rendered":"https:\/\/rioonwatch.org.br\/?p=62119"},"modified":"2024-06-20T13:32:24","modified_gmt":"2024-06-20T16:32:24","slug":"democracia-em-xeque-expoe-ameacas-a-cobertura-eleitoral-nas-favelas","status":"publish","type":"post","link":"https:\/\/rioonwatch.org.br\/?p=62119","title":{"rendered":"Democracia em Xeque Exp\u00f5e Amea\u00e7as \u00e0 Cobertura Eleitoral nas Favelas"},"content":{"rendered":"<p style=\"text-align: right;\"><em><strong><a href=\"https:\/\/bit.ly\/3LgElQB\" target=\"_blank\" rel=\"noopener noreferrer\">Click Here for English<\/a><a href=\"https:\/\/bit.ly\/3LgElQB\" rel=\"noopener noreferrer\"><img decoding=\"async\" class=\"alignright wp-image-15790\" src=\"https:\/\/rioonwatch.org.br\/wp-content\/uploads\/2012\/08\/EN-standard-e1439583104716.jpg\" alt=\"\" width=\"20\" height=\"20\" \/><\/a><\/strong><\/em><\/p>\n<p><em>Esta mat\u00e9ria <i data-stringify-type=\"italic\">faz parte de\u00a0<a href=\"https:\/\/bit.ly\/ROWeNECLES\" target=\"_blank\" rel=\"noopener noreferrer\">uma s\u00e9rie<\/a>\u00a0gerada por uma parceria do RioOnWatch com o\u00a0<a href=\"https:\/\/bit.ly\/33EFNGY\" target=\"_blank\" rel=\"noopener noreferrer\">N\u00facleo de Estudos Cr\u00edticos em Linguagem, Educa\u00e7\u00e3o e Sociedade (NECLES)<\/a>, da UFF, para produzir mat\u00e9rias que ser\u00e3o utilizadas como\u00a0recursos pedag\u00f3gicos em escolas p\u00fablicas de Niter\u00f3i.<\/i><\/em><\/p>\n<h4><em>Como a comunica\u00e7\u00e3o comunit\u00e1ria nas favelas faz para cobrir uma das elei\u00e7\u00f5es mais importantes da hist\u00f3ria da democracia no Brasil?<\/em><\/h4>\n<p><span style=\"font-weight: 400;\">Essa \u00e9 a pergunta que o <\/span><i><span style=\"font-weight: 400;\">RioOnWatch<\/span><\/i><span style=\"font-weight: 400;\"> tem trazido para comunicadores comunit\u00e1rios de diversas favelas do Rio de Janeiro em um ano de <\/span><a href=\"https:\/\/bit.ly\/3PlWDAJ\" target=\"_blank\" rel=\"noopener\"><span style=\"font-weight: 400;\">pleito eleitoral in\u00e9dito<\/span><\/a><span style=\"font-weight: 400;\">, um dos mais importantes desde o <\/span><a href=\"https:\/\/bit.ly\/3PplHGH\" target=\"_blank\" rel=\"noopener\"><span style=\"font-weight: 400;\">fim da ditadura<\/span><\/a><span style=\"font-weight: 400;\"> e reabertura pol\u00edtica do pa\u00eds, em 1985.<\/span><\/p>\n<p><span style=\"font-weight: 400;\">For\u00e7as pol\u00edticas progressistas e da extrema-direita est\u00e3o em oposi\u00e7\u00e3o na disputa eleitoral. <\/span><span style=\"font-weight: 400;\">Segundo a historiadora Heloisa Starling e o cientista pol\u00edtico Miguel Lago, em <\/span><a href=\"https:\/\/bit.ly\/3axMm5A\" target=\"_blank\" rel=\"noopener\"><span style=\"font-weight: 400;\">entrevista<\/span><\/a><span style=\"font-weight: 400;\"> \u00e0\u00a0<\/span><a href=\"http:\/\/bit.ly\/2JduNIR\" target=\"_blank\" rel=\"noopener\"><i><span style=\"font-weight: 400;\">Folha de S\u00e3o Paulo<\/span><\/i><\/a><span style=\"font-weight: 400;\">, o pa\u00eds n\u00e3o est\u00e1 diante de uma disputa polarizada simplesmente como as anteriores, mas tem \u00e0 frente uma disputa in\u00e9dita, que vai definir o futuro da nossa democracia. Est\u00e3o em jogo duas formas de governo, agendas pol\u00edticas, vis\u00f5es sobre direitos, prioridades econ\u00f4micas e linguagens.\u00a0<\/span><\/p>\n<p><span style=\"font-weight: 400;\">Enquanto isso, nos relatos dos comunicadores comunit\u00e1rios ouvidos, residentes em diferentes favelas do Rio, h\u00e1 preocupa\u00e7\u00f5es concretas e cotidianas com o <\/span><a href=\"https:\/\/bit.ly\/3o7HBC1\" target=\"_blank\" rel=\"noopener\"><span style=\"font-weight: 400;\">retorno da fome<\/span><\/a><span style=\"font-weight: 400;\">, o aumento no pre\u00e7o do <a href=\"https:\/\/bit.ly\/3xd2YFC\" target=\"_blank\" rel=\"noopener\">g\u00e1s de cozinha<\/a> e dos alimentos da cesta b\u00e1sica. Mas h\u00e1 tamb\u00e9m um forte medo de sofrer amea\u00e7as e repres\u00e1lias\u2014at\u00e9 mesmo com risco de morte\u2014o que revela como a democracia brasileira ainda \u00e9 seletiva e n\u00e3o garante a <\/span><a href=\"https:\/\/bit.ly\/3uqYnQT\" target=\"_blank\" rel=\"noopener\"><span style=\"font-weight: 400;\">liberdade de express\u00e3o<\/span><\/a><span style=\"font-weight: 400;\">.<\/span><\/p>\n<p><a href=\"https:\/\/rioonwatch.org.br\/wp-content\/uploads\/2022\/07\/Favela-de-democracia-3-scaled-e1657824048690.jpg\"><img fetchpriority=\"high\" decoding=\"async\" class=\"aligncenter wp-image-62148 size-full\" title=\"Viol\u00eancia amea\u00e7a liberdade de express\u00e3o nas favelas. Foto: Tatiana Lima\" src=\"https:\/\/rioonwatch.org.br\/wp-content\/uploads\/2022\/07\/Favela-de-democracia-3-scaled-e1657824048690.jpg\" alt=\"Viol\u00eancia amea\u00e7a liberdade de express\u00e3o nas favelas. Foto: Tatiana Lima\" width=\"1920\" height=\"2400\" srcset=\"https:\/\/rioonwatch.org.br\/wp-content\/uploads\/2022\/07\/Favela-de-democracia-3-scaled-e1657824048690.jpg 1920w, https:\/\/rioonwatch.org.br\/wp-content\/uploads\/2022\/07\/Favela-de-democracia-3-scaled-e1657824048690-496x620.jpg 496w, https:\/\/rioonwatch.org.br\/wp-content\/uploads\/2022\/07\/Favela-de-democracia-3-scaled-e1657824048690-503x629.jpg 503w\" sizes=\"(max-width: 1920px) 100vw, 1920px\" \/><\/a><\/p>\n<p><span style=\"font-weight: 400;\">Para os comunicadores comunit\u00e1rios entrevistados &#8220;nunca houve uma <a href=\"https:\/\/bit.ly\/2XxMdYO\" target=\"_blank\" rel=\"noopener\">democracia plena<\/a>&#8221; no Brasil. Pedro* relata:<\/span><\/p>\n<blockquote><p>\u201cEu n\u00e3o pretendo fazer a cobertura da disputa eleitoral aqui dentro [da favela]. O que pretendo \u00e9 fazer textos com educa\u00e7\u00e3o pol\u00edtica. Isso \u00e9 fact\u00edvel de fazer. Coisa do tipo, &#8216;voc\u00ea tirou o seu t\u00edtulo? O que voc\u00ea n\u00e3o pode esquecer no dia da vota\u00e7\u00e3o?&#8217; Os desafios de cobrir elei\u00e7\u00f5es nas favelas s\u00e3o m\u00faltiplos: seja de seguran\u00e7a, seja de n\u00e3o demonstrar um favoritismo por um candidato. E n\u00e3o mexer com certas for\u00e7as, com poderes que voc\u00ea n\u00e3o sabe, mas que podem estar com associa\u00e7\u00f5es existentes dentro ou fora do territ\u00f3rio com pelo menos dois poderes paralelos.&#8221;<\/p><\/blockquote>\n<p><span style=\"font-weight: 400;\">O exerc\u00edcio pleno da cidadania pelos moradores de favelas \u00e9 complexo, tanto pela aus\u00eancia de direitos b\u00e1sicos, como <a href=\"http:\/\/bit.ly\/2N6FL2n\" target=\"_blank\" rel=\"noopener\">acesso \u00e0 \u00e1gua<\/a>, <a href=\"https:\/\/bit.ly\/3pw2w2b\" target=\"_blank\" rel=\"noopener\">saneamento<\/a>, <a href=\"https:\/\/bit.ly\/318rjxN\" target=\"_blank\" rel=\"noopener\">transporte p\u00fablico<\/a>, <a href=\"https:\/\/bit.ly\/33Qij3a\" target=\"_blank\" rel=\"noopener\">educa\u00e7\u00e3o<\/a> e <a href=\"http:\/\/bit.ly\/1g73xCv\" target=\"_blank\" rel=\"noopener\">moradia<\/a>, quanto pelo cerceamento do direito \u00e0 voz. Jornalistas populares, vivendo ou n\u00e3o dentro do territ\u00f3rio, contam que n\u00e3o se sentem seguros para produzir livremente uma cobertura eleitoral. Maria* questiona:<\/span><\/p>\n<blockquote><p>\u201cSe a gente est\u00e1 falando em democracia, a gente n\u00e3o deveria nem ter que chamar de &#8216;democracia plena&#8217;, somente &#8216;democracia&#8217;. S\u00f3 que na falta de uma democracia de verdade\u2014isto \u00e9, completa e plena\u2014a gente adjetiva a democracia e a defende, porque se compreende que esta que temos ainda \u00e9 melhor do que um estado autorit\u00e1rio aberto, como aconteceu na <a href=\"https:\/\/bit.ly\/39nMkZ2\" target=\"_blank\" rel=\"noopener\">ditadura<\/a>. Mas o fato \u00e9 que nossa democracia ainda tem muitas falhas, especialmente dentro das favelas. Ent\u00e3o, como eu vou me sentir segura para pautar as elei\u00e7\u00f5es?\u201d<\/p><\/blockquote>\n<p><span style=\"font-weight: 400;\">De acordo com os comunicadores, at\u00e9 mesmo informar sobre <a href=\"http:\/\/bit.ly\/1SgXd1Q\" target=\"_blank\" rel=\"noopener\">pol\u00edticas p\u00fablicas<\/a> em ano eleitoral \u201cpode significar um risco\u201d, pois abrir o debate sobre problemas estruturais nas favelas ou reportar alguma obra pode parecer um posicionamento de oposi\u00e7\u00e3o ou favoritismo a determinadas candidaturas. Isto \u00e9, \u201cuma tentativa de influenciar os votos nas favelas\u201d.<\/span><\/p>\n<p><span style=\"font-weight: 400;\"><a href=\"https:\/\/rioonwatch.org.br\/wp-content\/uploads\/2022\/07\/Favela-de-democracia-6-e1657833569868.jpg\"><img decoding=\"async\" class=\"alignright wp-image-62151\" title=\"Autocensura ronda comunicadores que atuam nas favelas. Foto: Tatiana Lima\" src=\"https:\/\/rioonwatch.org.br\/wp-content\/uploads\/2022\/07\/Favela-de-democracia-6-e1657833569868.jpg\" alt=\"Autocensura ronda comunicadores que atuam nas favelas. Foto: Tatiana Lima\" width=\"500\" height=\"440\" srcset=\"https:\/\/rioonwatch.org.br\/wp-content\/uploads\/2022\/07\/Favela-de-democracia-6-e1657833569868.jpg 770w, https:\/\/rioonwatch.org.br\/wp-content\/uploads\/2022\/07\/Favela-de-democracia-6-e1657833569868-620x545.jpg 620w, https:\/\/rioonwatch.org.br\/wp-content\/uploads\/2022\/07\/Favela-de-democracia-6-e1657833569868-715x629.jpg 715w\" sizes=\"(max-width: 500px) 100vw, 500px\" \/><\/a>Dar visibilidade a uma obra ou a um problema pode desagradar candidaturas apoiadas por <a href=\"https:\/\/bit.ly\/3njrWOs\" target=\"_blank\" rel=\"noopener\">for\u00e7as paramilitares<\/a>, pelo Estado e at\u00e9 por for\u00e7as pol\u00edticas e institucionais de dentro e fora do territ\u00f3rio. Jos\u00e9* explica:<\/span><\/p>\n<blockquote><p><span style=\"font-weight: 400;\">\u201cN\u00e3o cobrir as elei\u00e7\u00f5es nas favelas como m\u00eddia comunit\u00e1ria tamb\u00e9m tem a ver com parte dessas m\u00eddias serem um ve\u00edculo institucional. Qualquer posicionamento que pare\u00e7a a favor de algum pol\u00edtico de direita ou de esquerda, de algum partido, pode parecer um posicionamento institucional. E isso \u00e9 bem complicado e complexo, porque pode colocar a gente em risco.&#8221;<\/span><\/p><\/blockquote>\n<p><span style=\"font-weight: 400;\">Rosa* expande: <\/span><\/p>\n<blockquote><p><span style=\"font-weight: 400;\">\u201cPor conta dessa estrutura, a gente [na m\u00eddia comunit\u00e1ria] n\u00e3o consegue cobrir determinados assuntos da mesma forma que a m\u00eddia comercial. O fato de morar no territ\u00f3rio traz algumas limita\u00e7\u00f5es n\u00e3o s\u00f3 pelo fato de ser morador, como tamb\u00e9m porque voc\u00ea \u00e9 considerado um jornalista menor. Historicamente morando na favela, acaba sendo rotulado como prov\u00e1vel &#8216;cagoete&#8217; dentro da comunidade e, para fora, como um produtor de conte\u00fado que, muitas vezes, acreditam n\u00e3o ser confi\u00e1vel.\u201d<\/span><\/p><\/blockquote>\n<p>Isso, apesar de <a href=\"https:\/\/bit.ly\/3CKMcUj\" target=\"_blank\" rel=\"noopener\">estudos que demonstram<\/a> que comunicadores populares trazem mais nuance e perspectiva \u00e0 coberturas de favela, do que a m\u00eddia tradicional.<\/p>\n<h3><strong>Sem Direito \u00e0 Voz<\/strong><\/h3>\n<p><span style=\"font-weight: 400;\">No total, o <\/span><i><span style=\"font-weight: 400;\">RioOnWatch<\/span><\/i><span style=\"font-weight: 400;\"> entrou em contato com doze comunicadores comunit\u00e1rios, crias de favelas da <a href=\"https:\/\/bit.ly\/2PppZ4h\" target=\"_blank\" rel=\"noopener\">Regi\u00e3o Metropolitana<\/a> do Rio. Oito concordaram em participar da reportagem, cinco sob a condi\u00e7\u00e3o de anonimato dos nomes e territ\u00f3rios.<\/span><\/p>\n<p><span style=\"font-weight: 400;\">Para preservar a seguran\u00e7a das fontes e, ao mesmo tempo, visibilizar o movimento de <a href=\"https:\/\/bit.ly\/3RuRIPP\" target=\"_blank\" rel=\"noopener\">autocensura<\/a> das vozes das favelas e o clima de inseguran\u00e7a nesses territ\u00f3rios, a identifica\u00e7\u00e3o de todos entrevistados na condi\u00e7\u00e3o de anonimato foi ocultada e esses relatos foram separados dos demais. Jos\u00e9* relata:<\/span><\/p>\n<blockquote><p>\u201c\u00c9 um tabu falar disso, mas a verdade \u00e9 que n\u00e3o se exerce e n\u00e3o se pode ter acesso total \u00e0 liberdade de imprensa e de express\u00e3o nas favelas. N\u00e3o h\u00e1 prote\u00e7\u00e3o jur\u00eddica, institucional, n\u00e3o h\u00e1 nada para os rep\u00f3rteres comunit\u00e1rios. \u00c9 o pr\u00f3prio comunicador ou comunicadora popular e jornalista comunit\u00e1rio o respons\u00e1vel por sua prote\u00e7\u00e3o, em um ambiente de conflitos sociais e embates pol\u00edticos. Por isso, a cobertura das elei\u00e7\u00f5es, quando \u00e9 feita, \u00e9 com muita autocensura. N\u00e3o precisa ningu\u00e9m fazer amea\u00e7as n\u00e3o, \u00e9 uma coisa que a gente que \u00e9 do territ\u00f3rio sabe e sente.&#8221;<\/p><\/blockquote>\n<p><span style=\"font-weight: 400;\">Na vis\u00e3o dos comunicadores comunit\u00e1rios, n\u00e3o \u00e9 poss\u00edvel para a m\u00eddia comunit\u00e1ria ocupar um lugar social na cobertura das elei\u00e7\u00f5es semelhante \u00e0quele ocupada pela m\u00eddia comercial. N\u00e3o d\u00e1 para produzir reportagens que olhem de forma minuciosa as propostas dos candidatos, por exemplo, principalmente para os cargos mais &#8220;locais&#8221; em disputa, como o de deputado estadual e governador. Jurema* opina:<\/span><\/p>\n<blockquote><p>\u201cEu penso que falar de democracia \u00e9 um assunto extremamente complexo aqui porque o sentido de democracia passa pelo acesso de direitos que s\u00e3o negados ou negociados nas favelas de forma direta e indireta e, por fim, pela quest\u00e3o de <a href=\"https:\/\/bit.ly\/30gnVSl\" target=\"_blank\" rel=\"noopener\">seguran\u00e7a p\u00fablica<\/a>. H\u00e1 um controle do espa\u00e7o social nas favelas e da liberdade de express\u00e3o, pois temos um cen\u00e1rio onde for\u00e7as paramilitares, por exemplo, <a href=\"https:\/\/bit.ly\/3P7MPKF\" target=\"_blank\" rel=\"noopener\">s\u00e3o evang\u00e9licas<\/a>, o que torna a cultura evang\u00e9lica t\u00e3o forte que acaba oprimindo n\u00e3o s\u00f3 a manifesta\u00e7\u00e3o de outras religi\u00f5es, mas tamb\u00e9m promovendo somente certas candidaturas e propostas de governos apoiado pelas igrejas, uma vez que essas for\u00e7as podem cercear campanhas pol\u00edticas no espa\u00e7o das favelas.\u201d<\/p><\/blockquote>\n<h3><strong>Foco no Jornalismo de Solu\u00e7\u00f5es e Presta\u00e7\u00e3o de Servi\u00e7o<\/strong><\/h3>\n<p><span style=\"font-weight: 400;\">Afinal, como as m\u00eddias comunit\u00e1rias cumprem o papel de informar a favela durante o per\u00edodo eleitoral? Essa pergunta, que deu in\u00edcio a conversa, ainda permanece.<\/span><\/p>\n<p><span style=\"font-weight: 400;\">Apesar de n\u00e3o existir uma resposta \u00fanica ou correta, \u00e9 poss\u00edvel perceber pelos relatos dos jornalistas e comunicadores o uso de um conjunto de experi\u00eancias e estrat\u00e9gias de sobreviv\u00eancia que, articuladas com o jornalismo de solu\u00e7\u00f5es e a pedagogia da comunica\u00e7\u00e3o comunit\u00e1ria, produzem brechas para exercer o direito \u00e0 voz, mesmo nos per\u00edodos eleitorais.<\/span><\/p>\n<p><span style=\"font-weight: 400;\">Jefferson Barbosa, diretor executivo do<\/span> <a href=\"https:\/\/bit.ly\/3Dqvhne\" target=\"_blank\" rel=\"noopener\"><i><span style=\"font-weight: 400;\">PerifaConnection<\/span><\/i><\/a><span style=\"font-weight: 400;\">, explica:<\/span><\/p>\n<blockquote><p><span style=\"font-weight: 400;\">&#8220;Quando a gente pensa em elei\u00e7\u00f5es, a gente, enquanto comunica\u00e7\u00e3o feita a partir das periferias, sempre pensa num trajeto explicando o que cada cargo pol\u00edtico faz. No fundo, acredito que as coberturas de elei\u00e7\u00f5es nas favelas sempre foram assim. Trazem a proposta de uma educa\u00e7\u00e3o pol\u00edtica. Agora, a virada de chave dos \u00faltimos anos \u00e9 que a gente vem tentando direcionar tamb\u00e9m o olhar das pessoas para certas agendas espec\u00edficas como do transporte p\u00fablico, <a href=\"http:\/\/bit.ly\/1kzUmMv\" target=\"_blank\" rel=\"noopener\">sa\u00fade<\/a>, educa\u00e7\u00e3o e <a href=\"https:\/\/bit.ly\/3rTighF\" target=\"_blank\" rel=\"noopener\">desemprego<\/a>, para que isso possa ajudar favelados e perif\u00e9ricos a escolherem uma candidatura para votar.\u201d<\/span><\/p><\/blockquote>\n<p><a href=\"https:\/\/rioonwatch.org.br\/wp-content\/uploads\/2022\/07\/Favela-de-democracia-8.jpg\"><img loading=\"lazy\" decoding=\"async\" class=\"alignright wp-image-62153\" title=\"Perifa Connection quer cobrir as elei\u00e7\u00f5es de forma criativa e estrat\u00e9gica. Foto: Reprodu\u00e7\u00e3o Jornal Meia Hora\" src=\"https:\/\/rioonwatch.org.br\/wp-content\/uploads\/2022\/07\/Favela-de-democracia-8-620x620.jpg\" alt=\"Perifa Connection quer cobrir as elei\u00e7\u00f5es de forma criativa e estrat\u00e9gica. Foto: Reprodu\u00e7\u00e3o Jornal Meia Hora\" width=\"500\" height=\"500\" srcset=\"https:\/\/rioonwatch.org.br\/wp-content\/uploads\/2022\/07\/Favela-de-democracia-8-620x620.jpg 620w, https:\/\/rioonwatch.org.br\/wp-content\/uploads\/2022\/07\/Favela-de-democracia-8-629x629.jpg 629w, https:\/\/rioonwatch.org.br\/wp-content\/uploads\/2022\/07\/Favela-de-democracia-8.jpg 960w\" sizes=\"(max-width: 500px) 100vw, 500px\" \/><\/a><\/p>\n<p><span style=\"font-weight: 400;\">A plataforma de disputa de narrativas perif\u00e9ricas\u2014com uma rede de mais de 20 crias de favelas\u2014pretende, de forma estrat\u00e9gica, despolarizar as narrativas sobre as elei\u00e7\u00f5es deste ano, usando \u201ca criatividade na abordagem dos temas\u201d. A proposta apelidada de &#8220;gabinete do amor&#8221; n\u00e3o \u00e9 um projeto espec\u00edfico, mas sim uma pr\u00e1tica.<\/span><\/p>\n<p>Jefferson explica:<\/p>\n<blockquote><p><span style=\"font-weight: 400;\">&#8220;\u00c9 uma a\u00e7\u00e3o para disputar narrativas&#8230; o objetivo \u00e9 limpar a informa\u00e7\u00e3o, despolarizar para que as pessoas possam chegar \u00e0s melhores candidaturas e escolherem o voto olhando para a sua realidade.&#8221;<\/span><\/p><\/blockquote>\n<p><span style=\"font-weight: 400;\">Para ele, essa \u00e9 a virada de chave para produzir comunica\u00e7\u00e3o e conversar com a popula\u00e7\u00e3o sobre elei\u00e7\u00f5es dentro das periferias: <\/span><\/p>\n<blockquote><p><span style=\"font-weight: 400;\">&#8220;A gente [rep\u00f3rteres nas favelas] n\u00e3o pode ocupar um lugar pol\u00edtico, porque isso quase nenhum comunicador vai conseguir fazer, pois isso inviabiliza tamb\u00e9m nosso lugar, que \u00e9 o de ser jornalista e estar ali prestando servi\u00e7o de informa\u00e7\u00e3o&#8230; Por isso, n\u00f3s falamos de direitos e n\u00e3o de candidaturas.\u201d<\/span><\/p><\/blockquote>\n<p>Para o editor do <a href=\"https:\/\/bit.ly\/3dcAaDa\" target=\"_blank\" rel=\"noopener\"><i>Fala Ro\u00e7a<\/i><\/a>, Michel Silva, o acesso aos direitos \u00e9 o que importa nas favelas. Por isso, o debate eleitoral e a cobertura dos ve\u00edculos comunit\u00e1rios sobre as elei\u00e7\u00f5es \u00e9 diferente. O debate nas favelas, como Michel conta, \u201c<a href=\"https:\/\/bit.ly\/339fRqu\" target=\"_blank\" rel=\"noopener\">n\u00e3o passa pela direita e nem pela esquerda<\/a>\u201d, mas reside na preocupa\u00e7\u00e3o com quest\u00f5es mais urgentes do cotidiano:<\/p>\n<blockquote><p><span style=\"font-weight: 400;\">&#8220;Morador da favela n\u00e3o est\u00e1 muito ligado nessas quest\u00f5es ideol\u00f3gicas de <a href=\"https:\/\/bit.ly\/3JXhOqH\" target=\"_blank\" rel=\"noopener\">esquerda e direita<\/a>, est\u00e1 mais preocupado com quest\u00f5es urgentes de sobreviv\u00eancia. Por exemplo, quanto est\u00e1 o g\u00e1s? Se vai ter vaga para a crian\u00e7a no ano que vem na creche comunit\u00e1ria e na escola. Est\u00e1 preocupado se o pre\u00e7o da carne vai baixar.\u201d<\/span><\/p><\/blockquote>\n<p><span style=\"font-weight: 400;\">Michel tamb\u00e9m explica que, em per\u00edodos eleitorais, \u00e9 poss\u00edvel fazer uma cobertura apresentando moradores que saem candidatos, mas n\u00e3o se pode favorecer nenhuma candidatura.<\/span><\/p>\n<p><span style=\"font-weight: 400;\">Em sua avalia\u00e7\u00e3o, &#8220;o mais urgente sempre \u00e9 fazer a conscientiza\u00e7\u00e3o pol\u00edtica dos moradores&#8221;. Para atingir esse objetivo um dos caminhos \u00e9 trabalhar com um <a href=\"https:\/\/bit.ly\/3u86DV0\" target=\"_blank\" rel=\"noopener\">jornalismo de solu\u00e7\u00f5es<\/a>, debatendo um tema em formato de reportagem. &#8220;A gente n\u00e3o deve ficar s\u00f3 no jornalismo de car\u00e1ter informativo, mas produzir conhecimento de um certo tema a partir de dados e um de olhar especializado\u201d.<\/span><\/p>\n<p><span style=\"font-weight: 400;\">Nesta perspectiva, o <\/span><i><span style=\"font-weight: 400;\">Fala Ro\u00e7a<\/span><\/i><span style=\"font-weight: 400;\">, optou\u2014considerando o or\u00e7amento financeiro\u2014por direcionar \u201cseus esfor\u00e7os para registrar as a\u00e7\u00f5es culturais comunit\u00e1rias, como no levantamento do <a href=\"https:\/\/bit.ly\/3MnwvEs\" target=\"_blank\" rel=\"noopener\">Mapa Cultural da Rocinha<\/a>\u201d, conta Michel. J\u00e1 para as elei\u00e7\u00f5es, a proposta \u00e9 fazer coberturas r\u00e1pidas sobre o resultado do primeiro e segundo turno das elei\u00e7\u00f5es e trabalhar, tamb\u00e9m, a educa\u00e7\u00e3o pol\u00edtica.<\/span><\/p>\n<p><span style=\"font-weight: 400;\">Coordenadora de jornalismo do <\/span><em><a href=\"http:\/\/bit.ly\/2YfGMc5\" target=\"_blank\" rel=\"noopener\"><span style=\"font-weight: 400;\">Mar\u00e9 de Not\u00edcias<\/span><\/a><\/em><span style=\"font-weight: 400;\">, J\u00e9ssica Pires conta que o ve\u00edculo se prepara para cobrir e informar sobre as elei\u00e7\u00f5es deste ano dando &#8220;visibilidade aos processos hist\u00f3ricos de viol\u00eancias e <a href=\"https:\/\/bit.ly\/3tQ0L2m\" target=\"_blank\" rel=\"noopener\">viola\u00e7\u00f5es<\/a> de direitos cometidos pelo Estado em espa\u00e7os de favelas e periferias, cujas viol\u00eancias s\u00e3o diariamente legitimadas por uma sociedade que tem em sua estrutura o <a href=\"https:\/\/bit.ly\/SerieAntirracista\" target=\"_blank\" rel=\"noopener\">racismo<\/a>&#8220;.<\/span><\/p>\n<p><span style=\"font-weight: 400;\">De acordo com ela, a equipe do jornal se organiza para informar sobre &#8220;as demandas reais no conjunto de favelas, mapeadas e apontadas coletivamente e com participa\u00e7\u00e3o das pessoas que comp\u00f5em esses espa\u00e7os&#8221;.<\/span><\/p>\n<p><span style=\"font-weight: 400;\">J\u00e9ssica tamb\u00e9m destaca que: &#8220;\u00e9 necess\u00e1rio entender a comunica\u00e7\u00e3o como uma ferramenta de fortalecimento da democracia, que tanto foi fragilizada nos \u00faltimos anos\u201d. Na sua vis\u00e3o, a comunica\u00e7\u00e3o comunit\u00e1ria \u00e9 central nesse processo, porque \u00e9 um instrumento capaz de ampliar a voz e dar visibilidade ao protagonismo da popula\u00e7\u00e3o perif\u00e9rica que, frequentemente, \u00e9 marginalizada.<\/span><\/p>\n<h3><strong>Outra L\u00f3gica de Comunica\u00e7\u00e3o<\/strong><\/h3>\n<p><span style=\"font-weight: 400;\">Gizele Martins, cria da <a href=\"http:\/\/bit.ly\/2K1s59x\" target=\"_blank\" rel=\"noopener\">Mar\u00e9<\/a>, na <a href=\"http:\/\/bit.ly\/2ETpYR1\" target=\"_blank\" rel=\"noopener\">Zona Norte<\/a> do Rio, \u00e9 comunicadora popular h\u00e1 20 anos. Atualmente, faz parte da <\/span><a href=\"https:\/\/bit.ly\/3ocTnMr\" target=\"_blank\" rel=\"noopener\"><span style=\"font-weight: 400;\">Frente de Mobiliza\u00e7\u00e3o da Mar\u00e9<\/span><\/a><span style=\"font-weight: 400;\">, um coletivo de comunicadores populares que surgiu como resposta aos <a href=\"http:\/\/bit.ly\/Covid19NasFavelas\" target=\"_blank\" rel=\"noopener\">impactos do coronav\u00edrus<\/a> na favela. A iniciativa ficou conhecida como <\/span><a href=\"https:\/\/bit.ly\/30zcFAO\" target=\"_blank\" rel=\"noopener\"><span style=\"font-weight: 400;\">Frente Mar\u00e9<\/span><\/a><span style=\"font-weight: 400;\">.\u00a0<\/span><\/p>\n<p><a href=\"https:\/\/rioonwatch.org.br\/wp-content\/uploads\/2022\/07\/Favela-de-democracia-10-e1657823687707.jpg\"><img loading=\"lazy\" decoding=\"async\" class=\"alignright wp-image-62146\" title=\"Mobilizadores da Frente Mar\u00e9. Foto: Arquivo Pessoal\" src=\"https:\/\/rioonwatch.org.br\/wp-content\/uploads\/2022\/07\/Favela-de-democracia-10-e1657823687707-620x490.jpg\" alt=\"Mobilizadores da Frente Mar\u00e9. Foto: Arquivo Pessoal\" width=\"500\" height=\"395\" srcset=\"https:\/\/rioonwatch.org.br\/wp-content\/uploads\/2022\/07\/Favela-de-democracia-10-e1657823687707-620x490.jpg 620w, https:\/\/rioonwatch.org.br\/wp-content\/uploads\/2022\/07\/Favela-de-democracia-10-e1657823687707-797x629.jpg 797w, https:\/\/rioonwatch.org.br\/wp-content\/uploads\/2022\/07\/Favela-de-democracia-10-e1657823687707.jpg 960w\" sizes=\"(max-width: 500px) 100vw, 500px\" \/><\/a><\/p>\n<p><span style=\"font-weight: 400;\">A jornalista destaca que as m\u00eddias comunit\u00e1rias s\u00e3o essenciais no debate pol\u00edtico, mas n\u00e3o apenas nos per\u00edodos eleitorais. Para ela, &#8220;as m\u00eddias comunit\u00e1rias podem influenciar sim o voto da popula\u00e7\u00e3o das periferias e das favelas, porque elas exercem um papel de educar e n\u00e3o apenas de informar\u201d.<\/span><\/p>\n<p><span style=\"font-weight: 400;\">Isso ocorre, sobretudo, porque as m\u00eddias comunit\u00e1rias funcionam a partir de outra l\u00f3gica para se comunicar com o territ\u00f3rio. O mais importante, na vis\u00e3o de Gizele, \u00e9 &#8220;abrir o di\u00e1logo com as pessoas e n\u00e3o apenas discutir o voto em A, B ou C&#8221;. Ela conta sobre uma a\u00e7\u00e3o de comunica\u00e7\u00e3o realizada em maio deste ano pela juventude da Frente Mar\u00e9 para conversar sobre os direitos eleitorais com a popula\u00e7\u00e3o vulner\u00e1vel, sem acesso a outros meios de comunica\u00e7\u00e3o:<\/span><\/p>\n<blockquote><p><span style=\"font-weight: 400;\">\u201c[Em maio], n\u00f3s da Frente Mar\u00e9 distribu\u00edmos 300 quentinhas para a popula\u00e7\u00e3o vulner\u00e1vel que est\u00e1 desempregada, que n\u00e3o tem casa, como fazemos todo s\u00e1bado. A juventude da Frente Mar\u00e9, nesta distribui\u00e7\u00e3o, colocou um bilhete que perguntava: \u2018voc\u00ea j\u00e1 tirou seu t\u00edtulo de eleitor?\u2019 e explicava a import\u00e2ncia do voto. Em um primeiro momento, eu, Gizele, vi a a\u00e7\u00e3o com estranheza porque estamos falando de pessoas completamente vulner\u00e1veis que est\u00e3o passando fome, mas depois considerei a a\u00e7\u00e3o muito importante enquanto a\u00e7\u00e3o comunit\u00e1ria de criar novos di\u00e1logos, conversas diretas sobre direitos com uma popula\u00e7\u00e3o que a internet, a televis\u00e3o e os candidatos n\u00e3o conseguem acessar. Democracia n\u00e3o \u00e9 s\u00f3 seguran\u00e7a, \u00e9 tamb\u00e9m educa\u00e7\u00e3o, saneamento e o direito de comer. A Frente est\u00e1 articulada falando com eles desde o in\u00edcio da pandemia. Essa juventude [da Frente] mora aqui, esses comunicadores moram aqui e&#8230; t\u00eam pessoas antigas, como eu, da comunica\u00e7\u00e3o comunit\u00e1ria. Ent\u00e3o, n\u00e3o se trata de um di\u00e1logo s\u00f3 agora para falar de elei\u00e7\u00e3o, mas sim de um di\u00e1logo constante. Ent\u00e3o, esses moradores se sentem \u00e0 vontade para conversar com a gente, inclusive, sobre elei\u00e7\u00f5es. Porque eles n\u00e3o acham que a gente est\u00e1 usando eles para pedir voto para algu\u00e9m.&#8221;<\/span><\/p><\/blockquote>\n<p><span style=\"font-weight: 400;\">Escritora do livro <em><a href=\"https:\/\/bit.ly\/3p2Zd2J\" target=\"_blank\" rel=\"noopener\">Militariza\u00e7\u00e3o e Censura: a luta por liberdade de express\u00e3o na favela da Mar\u00e9<\/a><\/em>, Gizele Martins \u00e9 doutoranda em Comunica\u00e7\u00e3o e Cultura na Universidade Federal do Rio de Janeiro (<a href=\"http:\/\/bit.ly\/2XQ3Rma\" target=\"_blank\" rel=\"noopener\">UFRJ<\/a>). Para ela, a censura na favela \u00e9 uma realidade, mas a comunica\u00e7\u00e3o comunit\u00e1ria pode ser uma ferramenta de resist\u00eancia e de luta por uma democracia real nesses territ\u00f3rios.<\/span><\/p>\n<p><span style=\"font-weight: 400;\">No livro, Gizele analisa e narra como a interven\u00e7\u00e3o militar <a href=\"http:\/\/glo.bo\/3AQb2kl\" target=\"_blank\" rel=\"noopener\">estabelecida na Mar\u00e9<\/a>, entre 2014 e 2015, durante um governo democr\u00e1tico do espectro da esquerda pol\u00edtica, foi respons\u00e1vel por silenciar a m\u00eddia comunit\u00e1ria nas favelas, a partir do uso do dispositivo da <a href=\"https:\/\/bit.ly\/3OkrvQQ\" target=\"_blank\" rel=\"noopener\">Garantia da Lei e da Ordem (GLO)<\/a>:<\/span><\/p>\n<blockquote><p><span style=\"font-weight: 400;\">&#8220;\u00c9 importante falar e ressaltar isso. N\u00e3o foi em toda a cidade. Foi apenas em alguns territ\u00f3rios, justamente onde est\u00e3o os pobres e pretos. N\u00e3o foi no Brasil inteiro e nem na cidade inteira, ainda bem! Mas eu vivi, infelizmente, eu vivi isso na Mar\u00e9 por dois anos. Eu tive meu direito de comunicar violado, fui censurada, outros comunicadores tamb\u00e9m, festas foram censuradas. Foi o pior momento que vivi na comunica\u00e7\u00e3o comunit\u00e1ria em vinte anos de jornada e essa mem\u00f3ria precisa ser conhecida. Os tristes anos da <a href=\"https:\/\/bit.ly\/3ySkocP\" target=\"_blank\" rel=\"noopener\">ditadura militar a gente viveu na Mar\u00e9, dentro de uma democracia<\/a>. Isso n\u00e3o pode ficar no esquecimento, a gente precisa tamb\u00e9m colocar esse debate com os candidatos e pr\u00e9-candidatos. A gente n\u00e3o pode fingir que nada aconteceu. Mesmo sabendo que a gente n\u00e3o quer chegar com a extrema direita no poder.&#8221;<\/span><\/p><\/blockquote>\n<p>A Garantia da Lei e da Ordem \u00e9 uma medida provis\u00f3ria que concede \u00e0s For\u00e7as Armadas o poder de pol\u00edcia, principalmente quando \u201ch\u00e1 o esgotamento das for\u00e7as tradicionais de seguran\u00e7a p\u00fablica, em graves situa\u00e7\u00f5es de perturba\u00e7\u00e3o da ordem\u201d, como <a href=\"https:\/\/bit.ly\/3B4fbl9\" target=\"_blank\" rel=\"noopener\">define o Minist\u00e9rio da Defesa<\/a>. Trata-se de um dispositivo de seguran\u00e7a p\u00fablica que foi usado durante a ditadura militar e que segue em vigor por meio do <a href=\"https:\/\/bit.ly\/3RWHNmi\" target=\"_blank\" rel=\"noopener\">artigo 142\u00b0 da Constitui\u00e7\u00e3o Federal<\/a>, com origem na <a href=\"https:\/\/bit.ly\/3uKWRJQ\" target=\"_blank\" rel=\"noopener\">Lei Complementar 97\/1999<\/a> e pelo <a href=\"https:\/\/bit.ly\/3IIE7QL\" target=\"_blank\" rel=\"noopener\">Decreto 3.897\/2001<\/a>.<\/p>\n<p><a href=\"https:\/\/rioonwatch.org.br\/wp-content\/uploads\/2022\/07\/Passarela-da-Estacao-do-metro-do-Engenho-zona-norte-do-Rio-de-Janeiro.jpg\"><img loading=\"lazy\" decoding=\"async\" class=\"aligncenter wp-image-62102 size-full\" title=\"Interven\u00e7\u00e3o militar ocorrida em 2018 endureceu ainda mais a repress\u00e3o nas favelas. Foto: Tatiana Lima\" src=\"https:\/\/rioonwatch.org.br\/wp-content\/uploads\/2022\/07\/Passarela-da-Estacao-do-metro-do-Engenho-zona-norte-do-Rio-de-Janeiro.jpg\" alt=\"Interven\u00e7\u00e3o militar ocorrida em 2018 endureceu ainda mais a repress\u00e3o nas favelas. Foto: Tatiana Lima\" width=\"2048\" height=\"2048\" srcset=\"https:\/\/rioonwatch.org.br\/wp-content\/uploads\/2022\/07\/Passarela-da-Estacao-do-metro-do-Engenho-zona-norte-do-Rio-de-Janeiro.jpg 2048w, https:\/\/rioonwatch.org.br\/wp-content\/uploads\/2022\/07\/Passarela-da-Estacao-do-metro-do-Engenho-zona-norte-do-Rio-de-Janeiro-620x620.jpg 620w, https:\/\/rioonwatch.org.br\/wp-content\/uploads\/2022\/07\/Passarela-da-Estacao-do-metro-do-Engenho-zona-norte-do-Rio-de-Janeiro-629x629.jpg 629w, https:\/\/rioonwatch.org.br\/wp-content\/uploads\/2022\/07\/Passarela-da-Estacao-do-metro-do-Engenho-zona-norte-do-Rio-de-Janeiro-1536x1536.jpg 1536w\" sizes=\"(max-width: 2048px) 100vw, 2048px\" \/><\/a><\/p>\n<p><span style=\"font-weight: 400;\">Gizele questiona:<\/span><\/p>\n<blockquote><p><span style=\"font-weight: 400;\">&#8220;A gente n\u00e3o tem nada de democracia plena. Eu estou falando da divis\u00e3o igualitariamente do direito \u00e0 vida que a gente grita todos os dias. A favela e a periferia vivem com a\u00e7\u00f5es do Estado ainda da ditadura militar. At\u00e9 hoje existem <a href=\"http:\/\/bit.ly\/2kjw9qr\" target=\"_blank\" rel=\"noopener\">desaparecimentos for\u00e7ados<\/a>, principalmente, em \u00e1reas perif\u00e9ricas da <a href=\"http:\/\/bit.ly\/2XQQdyV\" target=\"_blank\" rel=\"noopener\">Baixada Fluminense<\/a>. At\u00e9 hoje as favelas sofrem com chacinas, opera\u00e7\u00f5es militares que s\u00e3o frutos da ditadura militar, assim como as remo\u00e7\u00f5es. Ent\u00e3o, como dizer que a gente tem democracia?\u201d<\/span><\/p><\/blockquote>\n<p><span style=\"font-weight: 400;\">Em 2018 o governo de <a href=\"http:\/\/bit.ly\/2SiPKmU\" target=\"_blank\" rel=\"noopener\">Michel Temer<\/a>, tamb\u00e9m a partir do dispositivo da GLO, promoveu uma nova interven\u00e7\u00e3o militar, mas desta vez em todo o Estado do Rio, com diversas <\/span><a href=\"http:\/\/bit.ly\/2F5XxkV\" target=\"_blank\" rel=\"noopener\"><span style=\"font-weight: 400;\">consequ\u00eancias para as favelas<\/span><\/a><span style=\"font-weight: 400;\">. Gizele ressalta:<\/span><\/p>\n<blockquote><p><span style=\"font-weight: 400;\">&#8220;O asfalto em 2018 teve interven\u00e7\u00e3o militar, e quando o asfalto est\u00e1 sofrendo, isso significa que as coisas nas favelas est\u00e3o muito piores. E o asfalto come\u00e7ou a sofrer desde 2018, ent\u00e3o, nas favelas&#8230; Eu falo tanto do asfalto para fazer um comparativo, como para dimensionar a situa\u00e7\u00e3o. Eu acho que isso \u00e9 um argumento que pode ser feito. Quando o direito \u00e0 cidade \u00e9 retirado at\u00e9 nos locais que s\u00e3o vistos como cidade, imagina na favela.&#8221;<\/span><\/p><\/blockquote>\n<p><span style=\"font-weight: 400;\">Ela conclui: <\/span><\/p>\n<blockquote><p><span style=\"font-weight: 400;\">&#8220;O asfalto precisa entender que a favela existe e n\u00e3o s\u00f3 negar a nossa exist\u00eancia passando pela Avenida Brasil fechando os olhos, porque se hoje o asfalto sofre com sucateamento, aumento dos pre\u00e7os etc. ele precisa entender que a favela j\u00e1 vem sofrendo antes e que l\u00e1 as coisas est\u00e3o bem piores. O mesmo digo para a censura e a falta de liberdade de express\u00e3o nas favelas: se, com o governo atual, tem jornalista da m\u00eddia comercial sendo atacado e amea\u00e7ado, imagina n\u00f3s jornalistas comunit\u00e1rios. Ent\u00e3o, \u00e9 preciso entender a favela como cidade.&#8221;<\/span><\/p><\/blockquote>\n<h3><b>Brasil Cai em Ranking de Liberdade de Express\u00e3o<\/b><\/h3>\n<p><span style=\"font-weight: 400;\">Segundo levantamento da <\/span><a href=\"http:\/\/bit.ly\/1MptHka\" target=\"_blank\" rel=\"noopener\"><span style=\"font-weight: 400;\">Artigo 19<\/span><\/a><span style=\"font-weight: 400;\">, o Brasil teve um \u201cdecl\u00ednio chocante tanto em termos reais quanto relativos\u201d no ranking do<\/span> <a href=\"https:\/\/bit.ly\/3atvpcs\" target=\"_blank\" rel=\"noopener\"><i><span style=\"font-weight: 400;\">Relat\u00f3rio Global de Express\u00e3o<\/span><\/i><\/a><span style=\"font-weight: 400;\"> 2022-2021. Em 2021, o n\u00famero de ataques a jornalistas e ve\u00edculos de m\u00eddia foi o maior desde a d\u00e9cada de 1990, com 430 ataques.<\/span><span style=\"font-weight: 400;\"> Desde que Bolsonaro assumiu a presid\u00eancia, em 2019, o n\u00famero de ataques contra jornalistas <\/span><a href=\"https:\/\/bit.ly\/3AE39hQ\" target=\"_blank\" rel=\"noopener\"><span style=\"font-weight: 400;\">tem crescido ano a ano<\/span><\/a><span style=\"font-weight: 400;\">.\u00a0<\/span><\/p>\n<p><span style=\"font-weight: 400;\">O documento mostra que entre 2015 e 2021 o pa\u00eds caiu 58 posi\u00e7\u00f5es no ranking global de liberdade de express\u00e3o, chegando a 50 pontos e \u00e0 89\u00aa posi\u00e7\u00e3o, seu pior registro desde o in\u00edcio da realiza\u00e7\u00e3o do levantamento, em 2010. O relat\u00f3rio produz uma escala de liberdade de express\u00e3o que classifica os territ\u00f3rios em uma pontua\u00e7\u00e3o geral que vai de zero a 100, sendo zero a categoria de um pa\u00eds em crise e 100 a pontua\u00e7\u00e3o de uma na\u00e7\u00e3o com total liberdade.\u00a0<\/span><\/p>\n<p><span style=\"font-weight: 400;\">Para chegar aos n\u00fameros, a organiza\u00e7\u00e3o analisa e traz m\u00e9tricas quanto \u00e0 liberdade de express\u00e3o em todo o mundo, refletindo sobre a garantia de direitos de jornalistas, da sociedade civil e de cada indiv\u00edduo de se expressar e se comunicar, sem medo de ass\u00e9dio, repercuss\u00f5es legais ou repres\u00e1lias.<\/span><\/p>\n<p><em><span style=\"font-weight: 400;\">*Parte dos relatos receberam nomes fict\u00edcios para a prote\u00e7\u00e3o dos mesmos.<\/span><\/em><\/p>\n<hr \/>\n<h4><b data-stringify-type=\"bold\">Apoie nossos esfor\u00e7os para fornecer apoio estrat\u00e9gico \u00e0s favelas do Rio, incluindo o jornalismo hiperlocal, cr\u00edtico, inovador e incans\u00e1vel do\u00a0<\/b><b data-stringify-type=\"bold\"><i data-stringify-type=\"italic\">RioOnWatch<\/i><\/b>\u2014<b data-stringify-type=\"bold\"><a class=\"c-link\" href=\"http:\/\/www.bit.ly\/ApoieROW\" target=\"_blank\" rel=\"noopener noreferrer\" data-stringify-link=\"http:\/\/www.bit.ly\/ApoieROW\" data-sk=\"tooltip_parent\">doe aqui<\/a><\/b><b data-stringify-type=\"bold\">.<\/b><\/h4>\n<!-- AddThis Advanced Settings generic via filter on the_content --><!-- AddThis Share Buttons generic via filter on the_content -->","protected":false},"excerpt":{"rendered":"<div class=\"mh-excerpt\"><p>Click Here for English Esta mat\u00e9ria faz parte de\u00a0uma s\u00e9rie\u00a0gerada por uma parceria do RioOnWatch com o\u00a0N\u00facleo de Estudos Cr\u00edticos em Linguagem, Educa\u00e7\u00e3o e Sociedade (NECLES), da UFF, para produzir mat\u00e9rias que ser\u00e3o utilizadas como\u00a0recursos <a class=\"mh-excerpt-more\" href=\"https:\/\/rioonwatch.org.br\/?p=62119\" title=\"Democracia em Xeque Exp\u00f5e Amea\u00e7as \u00e0 Cobertura Eleitoral nas Favelas\">[&#8230;]<\/a><!-- AddThis Advanced Settings generic via filter on get_the_excerpt --><!-- AddThis Share Buttons generic via filter on get_the_excerpt --><\/p>\n<\/div>","protected":false},"author":173,"featured_media":62585,"comment_status":"closed","ping_status":"closed","sticky":false,"template":"template-full.php","format":"standard","meta":{"_acf_changed":false,"_monsterinsights_skip_tracking":false,"_monsterinsights_sitenote_active":false,"_monsterinsights_sitenote_note":"","_monsterinsights_sitenote_category":0,"footnotes":""},"categories":[1618,1621,3175,1631,1629,1613,344,1620],"tags":[959,332,1530,310,1239,2195,479,1454,88,1023,457,3173,1874,2348,1166,3142,1900,482,1760,16,562,1364,30,920,218,383],"writer":[2800],"translator":[],"source":[],"ilustrador":[],"fotografo":[],"class_list":{"0":"post-62119","1":"post","2":"type-post","3":"status-publish","4":"format-standard","5":"has-post-thumbnail","7":"category-olhonaparticipacao","8":"category-destaque","9":"category-democracia","10":"category-entendendo-o-rio","11":"category-entrevistas-e-perfis","12":"category-midia-comunitaria","13":"category-politicas","14":"category-olhonaupp","15":"tag-baixada-fluminense","16":"tag-complexo-da-mare","17":"tag-midia-comunitaria","18":"tag-corrupcao","19":"tag-criminalizacao-da-pobreza","20":"tag-crise-economica","21":"tag-democracia","22":"tag-direito-a-comunicacao","23":"tag-direitos-humanos","24":"tag-ditadura-militar","25":"tag-eleicoes","26":"tag-eleicoes-2022","27":"tag-fala-roca","28":"tag-intervencao-militar","29":"tag-jornalismo","30":"tag-jornalismo-de-solucao","31":"tag-liberdade-de-expressao","32":"tag-milicia","33":"tag-narrativa-midiatica","34":"tag-rocinha","35":"tag-trafico-de-drogas","36":"tag-violacoes","37":"tag-violencia","38":"tag-violencia-de-estado","39":"tag-zona-norte","40":"tag-zona-sul","41":"writer-tatiana-lima"},"acf":[],"yoast_head":"<!-- This site is optimized with the Yoast SEO plugin v25.6 - https:\/\/yoast.com\/wordpress\/plugins\/seo\/ -->\n<title>Democracia em Xeque Exp\u00f5e Amea\u00e7as \u00e0 Cobertura Eleitoral nas Favelas - RioOnWatch<\/title>\n<meta name=\"robots\" content=\"index, follow, max-snippet:-1, max-image-preview:large, max-video-preview:-1\" \/>\n<link rel=\"canonical\" href=\"https:\/\/rioonwatch.org.br\/?p=62119\" \/>\n<meta property=\"og:locale\" content=\"pt_BR\" \/>\n<meta property=\"og:type\" content=\"article\" \/>\n<meta property=\"og:title\" content=\"Democracia em Xeque Exp\u00f5e Amea\u00e7as \u00e0 Cobertura Eleitoral nas Favelas - RioOnWatch\" \/>\n<meta property=\"og:description\" content=\"Click Here for English Esta mat\u00e9ria faz parte de\u00a0uma s\u00e9rie\u00a0gerada por uma parceria do RioOnWatch com o\u00a0N\u00facleo de Estudos Cr\u00edticos em Linguagem, Educa\u00e7\u00e3o e Sociedade (NECLES), da UFF, para produzir mat\u00e9rias que ser\u00e3o utilizadas como\u00a0recursos [...]\" \/>\n<meta property=\"og:url\" content=\"https:\/\/rioonwatch.org.br\/?p=62119\" \/>\n<meta property=\"og:site_name\" content=\"RioOnWatch\" \/>\n<meta property=\"article:published_time\" content=\"2022-08-24T17:44:05+00:00\" \/>\n<meta property=\"article:modified_time\" content=\"2024-06-20T16:32:24+00:00\" \/>\n<meta property=\"og:image\" content=\"https:\/\/rioonwatch.org.br\/wp-content\/uploads\/2022\/08\/Democracia.png\" \/>\n\t<meta property=\"og:image:width\" content=\"1026\" \/>\n\t<meta property=\"og:image:height\" content=\"647\" \/>\n\t<meta property=\"og:image:type\" content=\"image\/png\" \/>\n<meta name=\"author\" content=\"Jaqueline Suarez\" \/>\n<meta name=\"twitter:card\" content=\"summary_large_image\" \/>\n<meta name=\"twitter:label1\" content=\"Escrito por\" \/>\n\t<meta name=\"twitter:data1\" content=\"Jaqueline Suarez\" \/>\n\t<meta name=\"twitter:label2\" content=\"Est. tempo de leitura\" \/>\n\t<meta name=\"twitter:data2\" content=\"19 minutos\" \/>\n<script type=\"application\/ld+json\" class=\"yoast-schema-graph\">{\"@context\":\"https:\/\/schema.org\",\"@graph\":[{\"@type\":\"Article\",\"@id\":\"https:\/\/rioonwatch.org.br\/?p=62119#article\",\"isPartOf\":{\"@id\":\"https:\/\/rioonwatch.org.br\/?p=62119\"},\"author\":{\"name\":\"Jaqueline Suarez\",\"@id\":\"https:\/\/rioonwatch.org.br\/#\/schema\/person\/27a3e25cbd933699e83d02c984584792\"},\"headline\":\"Democracia em Xeque Exp\u00f5e Amea\u00e7as \u00e0 Cobertura Eleitoral nas Favelas\",\"datePublished\":\"2022-08-24T17:44:05+00:00\",\"dateModified\":\"2024-06-20T16:32:24+00:00\",\"mainEntityOfPage\":{\"@id\":\"https:\/\/rioonwatch.org.br\/?p=62119\"},\"wordCount\":3423,\"publisher\":{\"@id\":\"https:\/\/rioonwatch.org.br\/#organization\"},\"image\":{\"@id\":\"https:\/\/rioonwatch.org.br\/?p=62119#primaryimage\"},\"thumbnailUrl\":\"https:\/\/rioonwatch.org.br\/wp-content\/uploads\/2022\/08\/Democracia.png\",\"keywords\":[\"Baixada Fluminense\",\"Complexo da Mar\u00e9\",\"Comunica\u00e7\u00e3o Comunit\u00e1ria\",\"corrup\u00e7\u00e3o\",\"criminaliza\u00e7\u00e3o da pobreza\",\"crise econ\u00f4mica\",\"Democracia\",\"direito \u00e0 comunica\u00e7\u00e3o\",\"Direitos Humanos\",\"Ditadura Militar\",\"Elei\u00e7\u00f5es\",\"elei\u00e7\u00f5es 2022\",\"Fala Ro\u00e7a\",\"interven\u00e7\u00e3o militar\",\"jornalismo\",\"jornalismo de solu\u00e7\u00e3o\",\"liberdade de express\u00e3o\",\"Mil\u00edcia\",\"narrativa midi\u00e1tica\",\"Rocinha\",\"tr\u00e1fico de drogas\",\"viola\u00e7\u00f5es\",\"viol\u00eancia\",\"viol\u00eancia de Estado\",\"Zona Norte\",\"Zona Sul\"],\"articleSection\":[\"#OlhoNaParticipa\u00e7\u00e3o\",\"*Destaque\",\"Democracia\",\"Entendendo o Rio\",\"Entrevistas e Perfis\",\"M\u00eddia Comunit\u00e1ria\",\"Pol\u00edticas\",\"Seguran\u00e7a P\u00fablica\"],\"inLanguage\":\"pt-BR\"},{\"@type\":\"WebPage\",\"@id\":\"https:\/\/rioonwatch.org.br\/?p=62119\",\"url\":\"https:\/\/rioonwatch.org.br\/?p=62119\",\"name\":\"Democracia em Xeque Exp\u00f5e Amea\u00e7as \u00e0 Cobertura Eleitoral nas Favelas - RioOnWatch\",\"isPartOf\":{\"@id\":\"https:\/\/rioonwatch.org.br\/#website\"},\"primaryImageOfPage\":{\"@id\":\"https:\/\/rioonwatch.org.br\/?p=62119#primaryimage\"},\"image\":{\"@id\":\"https:\/\/rioonwatch.org.br\/?p=62119#primaryimage\"},\"thumbnailUrl\":\"https:\/\/rioonwatch.org.br\/wp-content\/uploads\/2022\/08\/Democracia.png\",\"datePublished\":\"2022-08-24T17:44:05+00:00\",\"dateModified\":\"2024-06-20T16:32:24+00:00\",\"breadcrumb\":{\"@id\":\"https:\/\/rioonwatch.org.br\/?p=62119#breadcrumb\"},\"inLanguage\":\"pt-BR\",\"potentialAction\":[{\"@type\":\"ReadAction\",\"target\":[\"https:\/\/rioonwatch.org.br\/?p=62119\"]}]},{\"@type\":\"ImageObject\",\"inLanguage\":\"pt-BR\",\"@id\":\"https:\/\/rioonwatch.org.br\/?p=62119#primaryimage\",\"url\":\"https:\/\/rioonwatch.org.br\/wp-content\/uploads\/2022\/08\/Democracia.png\",\"contentUrl\":\"https:\/\/rioonwatch.org.br\/wp-content\/uploads\/2022\/08\/Democracia.png\",\"width\":1026,\"height\":647,\"caption\":\"Comunicadores de favela dizem n\u00e3o se sentirem seguros para cobrir elei\u00e7\u00f5es. Foto: Tatiana Lima\"},{\"@type\":\"BreadcrumbList\",\"@id\":\"https:\/\/rioonwatch.org.br\/?p=62119#breadcrumb\",\"itemListElement\":[{\"@type\":\"ListItem\",\"position\":1,\"name\":\"In\u00edcio\",\"item\":\"https:\/\/rioonwatch.org.br\/\"},{\"@type\":\"ListItem\",\"position\":2,\"name\":\"Democracia em Xeque Exp\u00f5e Amea\u00e7as \u00e0 Cobertura Eleitoral nas Favelas\"}]},{\"@type\":\"WebSite\",\"@id\":\"https:\/\/rioonwatch.org.br\/#website\",\"url\":\"https:\/\/rioonwatch.org.br\/\",\"name\":\"RioOnWatch\",\"description\":\"relatos das favelas cariocas\",\"publisher\":{\"@id\":\"https:\/\/rioonwatch.org.br\/#organization\"},\"potentialAction\":[{\"@type\":\"SearchAction\",\"target\":{\"@type\":\"EntryPoint\",\"urlTemplate\":\"https:\/\/rioonwatch.org.br\/?s={search_term_string}\"},\"query-input\":{\"@type\":\"PropertyValueSpecification\",\"valueRequired\":true,\"valueName\":\"search_term_string\"}}],\"inLanguage\":\"pt-BR\"},{\"@type\":\"Organization\",\"@id\":\"https:\/\/rioonwatch.org.br\/#organization\",\"name\":\"RioOnWatch\",\"url\":\"https:\/\/rioonwatch.org.br\/\",\"logo\":{\"@type\":\"ImageObject\",\"inLanguage\":\"pt-BR\",\"@id\":\"https:\/\/rioonwatch.org.br\/#\/schema\/logo\/image\/\",\"url\":\"https:\/\/rioonwatch.org.br\/wp-content\/uploads\/2021\/06\/RioOnWatchcabecalhoPT11anos-2.png\",\"contentUrl\":\"https:\/\/rioonwatch.org.br\/wp-content\/uploads\/2021\/06\/RioOnWatchcabecalhoPT11anos-2.png\",\"width\":779,\"height\":277,\"caption\":\"RioOnWatch\"},\"image\":{\"@id\":\"https:\/\/rioonwatch.org.br\/#\/schema\/logo\/image\/\"}},{\"@type\":\"Person\",\"@id\":\"https:\/\/rioonwatch.org.br\/#\/schema\/person\/27a3e25cbd933699e83d02c984584792\",\"name\":\"Jaqueline Suarez\",\"image\":{\"@type\":\"ImageObject\",\"inLanguage\":\"pt-BR\",\"@id\":\"https:\/\/rioonwatch.org.br\/#\/schema\/person\/image\/\",\"url\":\"https:\/\/secure.gravatar.com\/avatar\/7ea8c4643047d9478a10b734302473c0?s=96&d=blank&r=g\",\"contentUrl\":\"https:\/\/secure.gravatar.com\/avatar\/7ea8c4643047d9478a10b734302473c0?s=96&d=blank&r=g\",\"caption\":\"Jaqueline Suarez\"},\"url\":\"https:\/\/rioonwatch.org.br\/?author=173\"}]}<\/script>\n<!-- \/ Yoast SEO plugin. -->","yoast_head_json":{"title":"Democracia em Xeque Exp\u00f5e Amea\u00e7as \u00e0 Cobertura Eleitoral nas Favelas - RioOnWatch","robots":{"index":"index","follow":"follow","max-snippet":"max-snippet:-1","max-image-preview":"max-image-preview:large","max-video-preview":"max-video-preview:-1"},"canonical":"https:\/\/rioonwatch.org.br\/?p=62119","og_locale":"pt_BR","og_type":"article","og_title":"Democracia em Xeque Exp\u00f5e Amea\u00e7as \u00e0 Cobertura Eleitoral nas Favelas - RioOnWatch","og_description":"Click Here for English Esta mat\u00e9ria faz parte de\u00a0uma s\u00e9rie\u00a0gerada por uma parceria do RioOnWatch com o\u00a0N\u00facleo de Estudos Cr\u00edticos em Linguagem, Educa\u00e7\u00e3o e Sociedade (NECLES), da UFF, para produzir mat\u00e9rias que ser\u00e3o utilizadas como\u00a0recursos [...]","og_url":"https:\/\/rioonwatch.org.br\/?p=62119","og_site_name":"RioOnWatch","article_published_time":"2022-08-24T17:44:05+00:00","article_modified_time":"2024-06-20T16:32:24+00:00","og_image":[{"width":1026,"height":647,"url":"https:\/\/rioonwatch.org.br\/wp-content\/uploads\/2022\/08\/Democracia.png","type":"image\/png"}],"author":"Jaqueline Suarez","twitter_card":"summary_large_image","twitter_misc":{"Escrito por":"Jaqueline Suarez","Est. tempo de leitura":"19 minutos"},"schema":{"@context":"https:\/\/schema.org","@graph":[{"@type":"Article","@id":"https:\/\/rioonwatch.org.br\/?p=62119#article","isPartOf":{"@id":"https:\/\/rioonwatch.org.br\/?p=62119"},"author":{"name":"Jaqueline Suarez","@id":"https:\/\/rioonwatch.org.br\/#\/schema\/person\/27a3e25cbd933699e83d02c984584792"},"headline":"Democracia em Xeque Exp\u00f5e Amea\u00e7as \u00e0 Cobertura Eleitoral nas Favelas","datePublished":"2022-08-24T17:44:05+00:00","dateModified":"2024-06-20T16:32:24+00:00","mainEntityOfPage":{"@id":"https:\/\/rioonwatch.org.br\/?p=62119"},"wordCount":3423,"publisher":{"@id":"https:\/\/rioonwatch.org.br\/#organization"},"image":{"@id":"https:\/\/rioonwatch.org.br\/?p=62119#primaryimage"},"thumbnailUrl":"https:\/\/rioonwatch.org.br\/wp-content\/uploads\/2022\/08\/Democracia.png","keywords":["Baixada Fluminense","Complexo da Mar\u00e9","Comunica\u00e7\u00e3o Comunit\u00e1ria","corrup\u00e7\u00e3o","criminaliza\u00e7\u00e3o da pobreza","crise econ\u00f4mica","Democracia","direito \u00e0 comunica\u00e7\u00e3o","Direitos Humanos","Ditadura Militar","Elei\u00e7\u00f5es","elei\u00e7\u00f5es 2022","Fala Ro\u00e7a","interven\u00e7\u00e3o militar","jornalismo","jornalismo de solu\u00e7\u00e3o","liberdade de express\u00e3o","Mil\u00edcia","narrativa midi\u00e1tica","Rocinha","tr\u00e1fico de drogas","viola\u00e7\u00f5es","viol\u00eancia","viol\u00eancia de Estado","Zona Norte","Zona Sul"],"articleSection":["#OlhoNaParticipa\u00e7\u00e3o","*Destaque","Democracia","Entendendo o Rio","Entrevistas e Perfis","M\u00eddia Comunit\u00e1ria","Pol\u00edticas","Seguran\u00e7a P\u00fablica"],"inLanguage":"pt-BR"},{"@type":"WebPage","@id":"https:\/\/rioonwatch.org.br\/?p=62119","url":"https:\/\/rioonwatch.org.br\/?p=62119","name":"Democracia em Xeque Exp\u00f5e Amea\u00e7as \u00e0 Cobertura Eleitoral nas Favelas - RioOnWatch","isPartOf":{"@id":"https:\/\/rioonwatch.org.br\/#website"},"primaryImageOfPage":{"@id":"https:\/\/rioonwatch.org.br\/?p=62119#primaryimage"},"image":{"@id":"https:\/\/rioonwatch.org.br\/?p=62119#primaryimage"},"thumbnailUrl":"https:\/\/rioonwatch.org.br\/wp-content\/uploads\/2022\/08\/Democracia.png","datePublished":"2022-08-24T17:44:05+00:00","dateModified":"2024-06-20T16:32:24+00:00","breadcrumb":{"@id":"https:\/\/rioonwatch.org.br\/?p=62119#breadcrumb"},"inLanguage":"pt-BR","potentialAction":[{"@type":"ReadAction","target":["https:\/\/rioonwatch.org.br\/?p=62119"]}]},{"@type":"ImageObject","inLanguage":"pt-BR","@id":"https:\/\/rioonwatch.org.br\/?p=62119#primaryimage","url":"https:\/\/rioonwatch.org.br\/wp-content\/uploads\/2022\/08\/Democracia.png","contentUrl":"https:\/\/rioonwatch.org.br\/wp-content\/uploads\/2022\/08\/Democracia.png","width":1026,"height":647,"caption":"Comunicadores de favela dizem n\u00e3o se sentirem seguros para cobrir elei\u00e7\u00f5es. Foto: Tatiana Lima"},{"@type":"BreadcrumbList","@id":"https:\/\/rioonwatch.org.br\/?p=62119#breadcrumb","itemListElement":[{"@type":"ListItem","position":1,"name":"In\u00edcio","item":"https:\/\/rioonwatch.org.br\/"},{"@type":"ListItem","position":2,"name":"Democracia em Xeque Exp\u00f5e Amea\u00e7as \u00e0 Cobertura Eleitoral nas Favelas"}]},{"@type":"WebSite","@id":"https:\/\/rioonwatch.org.br\/#website","url":"https:\/\/rioonwatch.org.br\/","name":"RioOnWatch","description":"relatos das favelas cariocas","publisher":{"@id":"https:\/\/rioonwatch.org.br\/#organization"},"potentialAction":[{"@type":"SearchAction","target":{"@type":"EntryPoint","urlTemplate":"https:\/\/rioonwatch.org.br\/?s={search_term_string}"},"query-input":{"@type":"PropertyValueSpecification","valueRequired":true,"valueName":"search_term_string"}}],"inLanguage":"pt-BR"},{"@type":"Organization","@id":"https:\/\/rioonwatch.org.br\/#organization","name":"RioOnWatch","url":"https:\/\/rioonwatch.org.br\/","logo":{"@type":"ImageObject","inLanguage":"pt-BR","@id":"https:\/\/rioonwatch.org.br\/#\/schema\/logo\/image\/","url":"https:\/\/rioonwatch.org.br\/wp-content\/uploads\/2021\/06\/RioOnWatchcabecalhoPT11anos-2.png","contentUrl":"https:\/\/rioonwatch.org.br\/wp-content\/uploads\/2021\/06\/RioOnWatchcabecalhoPT11anos-2.png","width":779,"height":277,"caption":"RioOnWatch"},"image":{"@id":"https:\/\/rioonwatch.org.br\/#\/schema\/logo\/image\/"}},{"@type":"Person","@id":"https:\/\/rioonwatch.org.br\/#\/schema\/person\/27a3e25cbd933699e83d02c984584792","name":"Jaqueline Suarez","image":{"@type":"ImageObject","inLanguage":"pt-BR","@id":"https:\/\/rioonwatch.org.br\/#\/schema\/person\/image\/","url":"https:\/\/secure.gravatar.com\/avatar\/7ea8c4643047d9478a10b734302473c0?s=96&d=blank&r=g","contentUrl":"https:\/\/secure.gravatar.com\/avatar\/7ea8c4643047d9478a10b734302473c0?s=96&d=blank&r=g","caption":"Jaqueline Suarez"},"url":"https:\/\/rioonwatch.org.br\/?author=173"}]}},"_links":{"self":[{"href":"https:\/\/rioonwatch.org.br\/index.php?rest_route=\/wp\/v2\/posts\/62119"}],"collection":[{"href":"https:\/\/rioonwatch.org.br\/index.php?rest_route=\/wp\/v2\/posts"}],"about":[{"href":"https:\/\/rioonwatch.org.br\/index.php?rest_route=\/wp\/v2\/types\/post"}],"author":[{"embeddable":true,"href":"https:\/\/rioonwatch.org.br\/index.php?rest_route=\/wp\/v2\/users\/173"}],"replies":[{"embeddable":true,"href":"https:\/\/rioonwatch.org.br\/index.php?rest_route=%2Fwp%2Fv2%2Fcomments&post=62119"}],"version-history":[{"count":30,"href":"https:\/\/rioonwatch.org.br\/index.php?rest_route=\/wp\/v2\/posts\/62119\/revisions"}],"predecessor-version":[{"id":62709,"href":"https:\/\/rioonwatch.org.br\/index.php?rest_route=\/wp\/v2\/posts\/62119\/revisions\/62709"}],"wp:featuredmedia":[{"embeddable":true,"href":"https:\/\/rioonwatch.org.br\/index.php?rest_route=\/wp\/v2\/media\/62585"}],"wp:attachment":[{"href":"https:\/\/rioonwatch.org.br\/index.php?rest_route=%2Fwp%2Fv2%2Fmedia&parent=62119"}],"wp:term":[{"taxonomy":"category","embeddable":true,"href":"https:\/\/rioonwatch.org.br\/index.php?rest_route=%2Fwp%2Fv2%2Fcategories&post=62119"},{"taxonomy":"post_tag","embeddable":true,"href":"https:\/\/rioonwatch.org.br\/index.php?rest_route=%2Fwp%2Fv2%2Ftags&post=62119"},{"taxonomy":"writer","embeddable":true,"href":"https:\/\/rioonwatch.org.br\/index.php?rest_route=%2Fwp%2Fv2%2Fwriter&post=62119"},{"taxonomy":"translator","embeddable":true,"href":"https:\/\/rioonwatch.org.br\/index.php?rest_route=%2Fwp%2Fv2%2Ftranslator&post=62119"},{"taxonomy":"source","embeddable":true,"href":"https:\/\/rioonwatch.org.br\/index.php?rest_route=%2Fwp%2Fv2%2Fsource&post=62119"},{"taxonomy":"ilustrador","embeddable":true,"href":"https:\/\/rioonwatch.org.br\/index.php?rest_route=%2Fwp%2Fv2%2Filustrador&post=62119"},{"taxonomy":"fotografo","embeddable":true,"href":"https:\/\/rioonwatch.org.br\/index.php?rest_route=%2Fwp%2Fv2%2Ffotografo&post=62119"}],"curies":[{"name":"wp","href":"https:\/\/api.w.org\/{rel}","templated":true}]}}