{"id":62130,"date":"2022-08-01T13:03:21","date_gmt":"2022-08-01T16:03:21","guid":{"rendered":"https:\/\/rioonwatch.org.br\/?p=62130"},"modified":"2023-09-20T12:24:26","modified_gmt":"2023-09-20T15:24:26","slug":"na-parte-alta-do-morro-do-turano-as-mudancas-climaticas-influenciam-a-paisagem-as-vidas-dos-moradores-e-as-vizinhancas","status":"publish","type":"post","link":"https:\/\/rioonwatch.org.br\/?p=62130","title":{"rendered":"Na Parte Alta do Morro do Turano, as Mudan\u00e7as Clim\u00e1ticas Influenciam a Paisagem, as Vidas dos Moradores e as Vizinhan\u00e7as"},"content":{"rendered":"<p style=\"text-align: right;\"><em><strong><a href=\"https:\/\/bit.ly\/3CM1l7E\" target=\"_blank\" rel=\"noopener noreferrer\">Click Here for English<\/a><a href=\"https:\/\/bit.ly\/3CM1l7E\" target=\"_blank\" rel=\"noopener noreferrer\"><img decoding=\"async\" class=\"alignright wp-image-15790\" src=\"https:\/\/rioonwatch.org.br\/wp-content\/uploads\/2012\/08\/EN-standard-e1439583104716.jpg\" alt=\"\" width=\"20\" height=\"20\" \/><\/a><\/strong><\/em><\/p>\n<p><img decoding=\"async\" class=\"alignright wp-image-42675\" src=\"https:\/\/rioonwatch.org.br\/wp-content\/uploads\/2019\/08\/SDSU-620x211.png\" sizes=\"(max-width: 200px) 100vw, 200px\" srcset=\"https:\/\/rioonwatch.org.br\/wp-content\/uploads\/2019\/08\/SDSU-620x211.png 620w, https:\/\/rioonwatch.org.br\/wp-content\/uploads\/2019\/08\/SDSU-768x261.png 768w, https:\/\/rioonwatch.org.br\/wp-content\/uploads\/2019\/08\/SDSU-1024x348.png 1024w, https:\/\/rioonwatch.org.br\/wp-content\/uploads\/2019\/08\/SDSU.png 1934w\" alt=\"\" width=\"200\" height=\"68\" \/><\/p>\n<p><em>Esta mat\u00e9ria <\/em><em>faz parte de uma <a href=\"https:\/\/bit.ly\/SerieSDSU\" target=\"_blank\" rel=\"noopener noreferrer\">s\u00e9rie<\/a> gerada por uma parceria, com o <a href=\"https:\/\/bit.ly\/SDSUDigitalBrazilProject\" target=\"_blank\" rel=\"noopener noreferrer\">Digital Brazil Project<\/a> do <a href=\"http:\/\/bit.ly\/2zcymI6\" target=\"_blank\" rel=\"noopener noreferrer\">Centro Behner Stiefel de Estudos Brasileiros<\/a> da Universidade Estadual de San Diego na Calif\u00f3rnia, para produzir mat\u00e9rias sobre impactos clim\u00e1ticos e a\u00e7\u00e3o afirmativa nas favelas cariocas.<\/em><\/p>\n<p><span style=\"font-weight: 400;\">H\u00e1 muito tempo vem se falando, no mundo inteiro, sobre as <\/span><a href=\"http:\/\/bit.ly\/2El5r4Q\" target=\"_blank\" rel=\"noopener\"><span style=\"font-weight: 400;\">mudan\u00e7as clim\u00e1ticas<\/span><\/a><span style=\"font-weight: 400;\"> e o quanto \u00e9 primordial cuidarmos do meio ambiente para freiar ou, pelo menos, amenizar os impactos de tais mudan\u00e7as. Por\u00e9m, com o grande aumento do <\/span><a href=\"http:\/\/bit.ly\/2vYJad2\" target=\"_blank\" rel=\"noopener\"><span style=\"font-weight: 400;\">desmatamento no Brasil<\/span><\/a><span style=\"font-weight: 400;\">\u2014n\u00e3o s\u00f3 na <\/span><a href=\"https:\/\/bit.ly\/3PnebMN\" target=\"_blank\" rel=\"noopener\"><span style=\"font-weight: 400;\">Amaz\u00f4nia<\/span><\/a><span style=\"font-weight: 400;\">, mas tamb\u00e9m na <\/span><a href=\"https:\/\/bit.ly\/34mu6VZ\" target=\"_blank\" rel=\"noopener\"><span style=\"font-weight: 400;\">Mata Atl\u00e2ntica<\/span><\/a><span style=\"font-weight: 400;\"> e no <\/span><a href=\"https:\/\/bit.ly\/2XbvvLz\" target=\"_blank\" rel=\"noopener\"><span style=\"font-weight: 400;\">Pantanal<\/span><\/a><b><i>\u2014<\/i><\/b><span style=\"font-weight: 400;\">tentar conter o <\/span><a href=\"https:\/\/bit.ly\/3tTm050\" target=\"_blank\" rel=\"noopener\"><span style=\"font-weight: 400;\">impacto deste fen\u00f4meno clim\u00e1tico nas \u00e1reas urbanas<\/span><\/a><span style=\"font-weight: 400;\"> e rurais tem sido uma tarefa cada vez mais dif\u00edcil. Eventos extremos s\u00e3o cada vez mais recorrentes no pa\u00eds.<\/span><\/p>\n<p><span style=\"font-weight: 400;\">Moradores cujas casas ficam nos altos dos morros, em encostas ou pr\u00f3ximas a rios t\u00eam sofrido cada vez mais com os efeitos das mudan\u00e7as no clima. As fortes chuvas que caem em determinadas \u00e9pocas do ano causam <\/span><a href=\"https:\/\/bit.ly\/3LWwfvu\" target=\"_blank\" rel=\"noopener\"><span style=\"font-weight: 400;\">alagamentos de casas e ruas<\/span><\/a><span style=\"font-weight: 400;\"> \u00e0 beira de rios e val\u00f5es. <\/span><a href=\"http:\/\/bit.ly\/2WUyaXC\" target=\"_blank\" rel=\"noopener\"><span style=\"font-weight: 400;\">Deslizamentos de terra<\/span><\/a> <span style=\"font-weight: 400;\">derrubam casas constru\u00eddas nessas \u00e1reas de encosta. <\/span><a href=\"http:\/\/bit.ly\/2KBbE3k\" target=\"_blank\" rel=\"noopener\"><span style=\"font-weight: 400;\">Mortes decorrentes desses eventos<\/span><\/a><span style=\"font-weight: 400;\">,<\/span><span style=\"font-weight: 400;\"> infelizmente, s\u00e3o comuns.<\/span><\/p>\n<p><span style=\"font-weight: 400;\">Estes fen\u00f4menos deixam muitos moradores <\/span><a href=\"https:\/\/bit.ly\/3av0fRS\" target=\"_blank\" rel=\"noopener\"><span style=\"font-weight: 400;\">desalojados e desabrigados<\/span><\/a><span style=\"font-weight: 400;\">, passando a viver em abrigos ou tendo que residir com parentes. Os governos, em geral, fazem o cadastro dessas pessoas para que recebam o <\/span><a href=\"http:\/\/bit.ly\/3011huD\" target=\"_blank\" rel=\"noopener\"><span style=\"font-weight: 400;\">aluguel social<\/span><\/a><span style=\"font-weight: 400;\"> enquanto n\u00e3o conseguem moradias atrav\u00e9s de programas de habita\u00e7\u00e3o social, como o <\/span><a href=\"http:\/\/bit.ly\/2wYPD6w\" target=\"_blank\" rel=\"noopener\"><span style=\"font-weight: 400;\">Minha Casa Minha Vida<\/span><\/a><span style=\"font-weight: 400;\">. Ocorre que nem sempre todos os atingidos s\u00e3o contemplados e, mesmo aqueles que conseguem, relatam que o valor pago \u00e9 abaixo dos pre\u00e7os dos alugu\u00e9is praticados nas favelas.<\/span><\/p>\n<p><span style=\"font-weight: 400;\">Sendo assim, muitos optam por retornar ao antigo endere\u00e7o e reconstruir a antiga moradia. Outros preferem se unir \u00e0 <\/span><a href=\"http:\/\/bit.ly\/1Zb3H3q\" target=\"_blank\" rel=\"noopener\"><span style=\"font-weight: 400;\">luta dos &#8220;sem teto&#8221;<\/span><\/a><span style=\"font-weight: 400;\"> e ocupam terrenos baldios abandonados, im\u00f3veis p\u00fablicos ou privados que estejam desocupados ou sem cumprir a <\/span><a href=\"http:\/\/bit.ly\/1vLZRB6\" target=\"_blank\" rel=\"noopener\"><span style=\"font-weight: 400;\">fun\u00e7\u00e3o social da propriedade<\/span><\/a><span style=\"font-weight: 400;\">, prevista na Constitui\u00e7\u00e3o.<\/span><\/p>\n<p><span style=\"font-weight: 400;\">Mas, para saber mais sobre como as mudan\u00e7as clim\u00e1ticas impactam as vidas dos moradores de favela, fui at\u00e9 o <\/span><a href=\"https:\/\/bit.ly\/2VUfPv2\" target=\"_blank\" rel=\"noopener\"><span style=\"font-weight: 400;\">Morro do Turano<\/span><\/a><span style=\"font-weight: 400;\">, entre os bairros do Rio Comprido e da <a href=\"http:\/\/bit.ly\/2SwXdyH\" target=\"_blank\" rel=\"noopener\">Tijuca<\/a>, na <a href=\"http:\/\/bit.ly\/2ETpYR1\" target=\"_blank\" rel=\"noopener\">Zona Norte<\/a>, em uma \u00e1rea da parte alta da favela, especialmente vulner\u00e1vel \u00e0s chuvas: o Pedacinho do C\u00e9u. Uma vez l\u00e1, conversando com os moradores, eles me apontaram uma outra regi\u00e3o, vizinha a esta, onde os deslizamentos de terra e as enxurradas de lama e lixo tamb\u00e9m s\u00e3o comuns: o Tanque, local em que tamb\u00e9m estive. \u00c9 importante notar que o Turano \u00e9 uma favela enorme e h\u00e1 outras localidades na parte alta, como Bic\u00e3o, Esperan\u00e7a e Caixa D&#8217;\u00c1gua. No entanto, essas duas vizinhan\u00e7as, foco deste texto, s\u00e3o as mais altas do morro, com muitos barrancos e becos estreitos, onde nem as motos conseguem circular.<\/span><\/p>\n<p><span style=\"font-weight: 400;\">Logo no come\u00e7o dessa parte do morro, h\u00e1 casas de alvenaria, bem estruturadas, com luz el\u00e9trica, \u00e1gua encanada, becos e vielas pavimentados. As encostas est\u00e3o arborizadas e com muros de conten\u00e7\u00e3o de concreto, para evitar deslizamentos em dias de chuva. Postes de ilumina\u00e7\u00e3o p\u00fablica est\u00e3o em boas condi\u00e7\u00f5es.<\/span><\/p>\n<p><span style=\"font-weight: 400;\">No entanto, ao fim da subida da parte alta da favela, j\u00e1 n\u00e3o h\u00e1 mais a mesma estrutura que havia na parte baixa. Nestas \u00e1reas elevadas, encontramos muitos barracos constru\u00eddos nas encostas. Algumas constru\u00e7\u00f5es bem prec\u00e1rias, outras feitas de alvenaria, com boa estrutura. H\u00e1 tamb\u00e9m casas de barro e madeira, chamadas de &#8220;casas de estuque&#8221;. <\/span><\/p>\n<p><a href=\"https:\/\/bit.ly\/3uE7nCC\" target=\"_blank\" rel=\"noopener\"><span style=\"font-weight: 400;\">Em 2019<\/span><\/a><span style=\"font-weight: 400;\">, quando estive nessa \u00e1rea para fazer <\/span><a href=\"http:\/\/bit.ly\/2EOBKfa\" target=\"_blank\" rel=\"noopener\"><span style=\"font-weight: 400;\">outro trabalho<\/span><\/a><span style=\"font-weight: 400;\">, vi entre estas moradias, uma casa constru\u00edda inteiramente de material usado para divis\u00f3rias de escrit\u00f3rio. Ela ficava em uma parte bem alta, em um barranco, para ser mais precisa, com apenas um bico de luz el\u00e9trica, assim como outras casas daquele local\u2014quadro <\/span><a href=\"https:\/\/bit.ly\/369dfH2\" target=\"_blank\" rel=\"noopener\"><span style=\"font-weight: 400;\">recorrente nas partes altas de favelas<\/span><\/a><span style=\"font-weight: 400;\"> do Rio.<\/span><\/p>\n<p><span style=\"font-weight: 400;\">Ao retornar a esta localidade este ano, vejo que aquela casa de divis\u00f3rias de escrit\u00f3rio n\u00e3o est\u00e1 mais ali. Assim como ela, muitas das outras casas que estavam ali em 2019 tamb\u00e9m n\u00e3o existem mais. No lugar delas hoje h\u00e1 muito entulho, lixo, restos de encanamento e um matagal, que encobre boa parte do caminho que ainda h\u00e1 ali na parte alta do Turano. Ao longo do trajeto pela parte alta at\u00e9 h\u00e1 postes de ilumina\u00e7\u00e3o p\u00fablica, mas em estado prec\u00e1rio, bastante corro\u00eddos, inclinados e, em alguns casos, escorados pela fia\u00e7\u00e3o\u2014se os fios se romperem, o poste cai. O alto do morro, antes habitado por uma quantidade expressiva de pessoas, hoje conta com uns poucos moradores que resistem a esse estado de coisas como podem.<\/span><\/p>\n<p><a href=\"https:\/\/rioonwatch.org.br\/wp-content\/uploads\/2022\/07\/Poste-em-situacao-precaria-na-parte-alta-do-Turano.-Foto-Carla-Regina-scaled.jpg\"><img fetchpriority=\"high\" decoding=\"async\" class=\"aligncenter wp-image-62147\" title=\"Poste em situa\u00e7\u00e3o prec\u00e1ria na parte alta do Turano. Foto: Carla Regina\" src=\"https:\/\/rioonwatch.org.br\/wp-content\/uploads\/2022\/07\/Poste-em-situacao-precaria-na-parte-alta-do-Turano.-Foto-Carla-Regina-scaled.jpg\" alt=\"Poste em situa\u00e7\u00e3o prec\u00e1ria na parte alta do Turano. Foto: Carla Regina\" width=\"1030\" height=\"1373\" srcset=\"https:\/\/rioonwatch.org.br\/wp-content\/uploads\/2022\/07\/Poste-em-situacao-precaria-na-parte-alta-do-Turano.-Foto-Carla-Regina-scaled.jpg 1920w, https:\/\/rioonwatch.org.br\/wp-content\/uploads\/2022\/07\/Poste-em-situacao-precaria-na-parte-alta-do-Turano.-Foto-Carla-Regina-465x620.jpg 465w, https:\/\/rioonwatch.org.br\/wp-content\/uploads\/2022\/07\/Poste-em-situacao-precaria-na-parte-alta-do-Turano.-Foto-Carla-Regina-472x629.jpg 472w\" sizes=\"(max-width: 1030px) 100vw, 1030px\" \/><\/a><\/p>\n<p><span style=\"font-weight: 400;\">A total aus\u00eancia do poder p\u00fablico nessa regi\u00e3o do morro \u00e9 n\u00edtida. H\u00e1 barrancos que est\u00e3o cedendo, descendo aos poucos a cada chuva. Com mais algumas tempestades, comuns no Rio de Janeiro, \u00e9 bem prov\u00e1vel que ele des\u00e7a por completo, arrastando tudo e todos em seu caminho. \u00c1rvores muito altas, em um solo inst\u00e1vel e sem a devido cuidado do poder p\u00fablico est\u00e3o prestes a cair sobre casas e tamb\u00e9m s\u00e3o a causa de preocupa\u00e7\u00e3o entre os moradores. A trag\u00e9dia \u00e9 anunciada.<\/span><\/p>\n<p><a href=\"https:\/\/rioonwatch.org.br\/wp-content\/uploads\/2022\/07\/Arvore-tombou-em-cima-de-casa-durante-chuva-forte-em-2019-no-Pedacinho-do-Ceu.-Foto-Carla-Regina-scaled.jpg\"><img loading=\"lazy\" decoding=\"async\" class=\"aligncenter wp-image-62169\" title=\"\u00c1rvore tombou em cima de casa durante chuva forte, em 2019, no Pedacinho do C\u00e9u. Foto: Carla Regina\" src=\"https:\/\/rioonwatch.org.br\/wp-content\/uploads\/2022\/07\/Arvore-tombou-em-cima-de-casa-durante-chuva-forte-em-2019-no-Pedacinho-do-Ceu.-Foto-Carla-Regina-scaled.jpg\" alt=\"\u00c1rvore tombou em cima de casa durante chuva forte, em 2019, no Pedacinho do C\u00e9u. Foto: Carla Regina\" width=\"1030\" height=\"773\" srcset=\"https:\/\/rioonwatch.org.br\/wp-content\/uploads\/2022\/07\/Arvore-tombou-em-cima-de-casa-durante-chuva-forte-em-2019-no-Pedacinho-do-Ceu.-Foto-Carla-Regina-scaled.jpg 2560w, https:\/\/rioonwatch.org.br\/wp-content\/uploads\/2022\/07\/Arvore-tombou-em-cima-de-casa-durante-chuva-forte-em-2019-no-Pedacinho-do-Ceu.-Foto-Carla-Regina-620x465.jpg 620w, https:\/\/rioonwatch.org.br\/wp-content\/uploads\/2022\/07\/Arvore-tombou-em-cima-de-casa-durante-chuva-forte-em-2019-no-Pedacinho-do-Ceu.-Foto-Carla-Regina-839x629.jpg 839w, https:\/\/rioonwatch.org.br\/wp-content\/uploads\/2022\/07\/Arvore-tombou-em-cima-de-casa-durante-chuva-forte-em-2019-no-Pedacinho-do-Ceu.-Foto-Carla-Regina-678x509.jpg 678w, https:\/\/rioonwatch.org.br\/wp-content\/uploads\/2022\/07\/Arvore-tombou-em-cima-de-casa-durante-chuva-forte-em-2019-no-Pedacinho-do-Ceu.-Foto-Carla-Regina-326x245.jpg 326w, https:\/\/rioonwatch.org.br\/wp-content\/uploads\/2022\/07\/Arvore-tombou-em-cima-de-casa-durante-chuva-forte-em-2019-no-Pedacinho-do-Ceu.-Foto-Carla-Regina-80x60.jpg 80w\" sizes=\"(max-width: 1030px) 100vw, 1030px\" \/><\/a><\/p>\n<p><span style=\"font-weight: 400;\">Uma casa hoje destro\u00e7ada, na mesma resid\u00eancia em 2019, havia outros moradores, uma senhora com sua filha gr\u00e1vida. A moradia j\u00e1 era bem prec\u00e1ria e n\u00e3o havia luz. Ela cozinhava do lado de fora, no quintal, num fog\u00e3o improvisado feito com tijolos, grelha de geladeira e carv\u00e3o. A filha gr\u00e1vida, com a qual conversei em 2019, dizia n\u00e3o ver perigo em morar ali, que j\u00e1 estava acostumada e que quando chovia molhava quase tudo, mas que dava para dormir onde n\u00e3o ca\u00eda \u00e1gua da chuva. Atualmente, a casa encontra-se ainda mais degradada. <\/span><\/p>\n<p><span style=\"font-weight: 400;\">Contudo, hoje um homem, Jo\u00e3o*, vive l\u00e1 e tamb\u00e9m diz n\u00e3o ver nenhum perigo em morar ali. Conta n\u00e3o temer um poss\u00edvel desabamento da encosta. <\/span>\u201cQuando chove muito, molha tudo, alaga meu quintal, minha casa, a\u00ed vou para algum lugar at\u00e9 acabar a chuva, depois volto para minha casa\u201d, ele explica. E<span style=\"font-weight: 400;\">nquanto ele estende uma colcha que acabara de lavar em uma cerca de madeira, continua: &#8220;<\/span>N\u00e3o tenho medo n\u00e3o, aqui&#8230; ningu\u00e9m me perturba e eu n\u00e3o perturbo ningu\u00e9m. N\u00e3o tenho para onde ir, ent\u00e3o, fico aqui em paz, aqui \u00e9 a minha casa.\u201d<\/p>\n<p><span style=\"font-weight: 400;\">Enquanto conversamos, miquinhos passeiam pelas \u00e1rvores e pela fia\u00e7\u00e3o de um lado para o outro. Jo\u00e3o interrompe sua resposta para falar com os animais e me alertar para eu ter cuidado para n\u00e3o pularem em cima de mim ou fazerem xixi, pois, apesar de serem calmos, eles n\u00e3o est\u00e3o acostumados comigo. Logo me afasto de onde eles passam, indo mais para frente da casa. Ali vejo os <\/span><a href=\"https:\/\/bit.ly\/3xd2YFC\" target=\"_blank\" rel=\"noopener\"><span style=\"font-weight: 400;\">restos do fog\u00e3o improvisado<\/span><\/a><span style=\"font-weight: 400;\"> onde a antiga moradora, na \u00e9poca gr\u00e1vida, cozinhava em 2019.\u00a0<\/span><\/p>\n<p><span style=\"font-weight: 400;\">Pe\u00e7o para fazer algumas fotos, Jo\u00e3o diz que \u00e9 bom fazer uma reportagem ali para mostrar a realidade do local e conta: <\/span>\u201cEu estou muito bem aqui, n\u00e3o penso em sair n\u00e3o. <a href=\"https:\/\/bit.ly\/2Xgzmbx\" target=\"_blank\" rel=\"noopener\">Aqui \u00e9 o melhor lugar para se viver<\/a>, \u00e9 tranquilo. Trabalho fazendo meus carretos [servi\u00e7o de carregamento e entrega de compras e material de obra para os moradores que moram na parte alta], tamb\u00e9m catando minhas garrafas PETs, porque eu trabalho com reciclagem. Tem os bichinhos a\u00ed que me fazem companhia. E quando chove dou meu jeito.\u201d<\/p>\n<p><span style=\"font-weight: 400;\">Me despe\u00e7o do Jo\u00e3o, des\u00e7o o caminho e ando mais um pouco pela parte alta do Turano. No percurso, encontro uma senhora, Elisabete*, que mora na \u00e1rea onde h\u00e1 um muro de conten\u00e7\u00e3o na encosta, em uma casa de alvenaria, bem estruturada. Fa\u00e7o a ela a mesma pergunta que fiz para o Jo\u00e3o, \u00e0 qual ela responde: <\/span>\u201cAqui eu n\u00e3o tenho problemas com a chuva. Aqui \u00e9 tranquilo. Agora, l\u00e1 pra cima sim, ali \u00e9 perigoso. Mas, depois da <a href=\"https:\/\/bit.ly\/3NXpKZR\" target=\"_blank\" rel=\"noopener\">chuva forte, de 2010, que teve os deslizamentos<\/a>, muita gente saiu dali e foi embora. Uma amiga minha, que morava l\u00e1, foi embora para Minas Gerais. A casa dela caiu.\u201d<\/p>\n<p><span style=\"font-weight: 400;\">Elisabete completa dizendo que, depois de 2010, n\u00e3o teve mais not\u00edcias de deslizamentos naquela parte do Morro do Turano. Segundo ela, na \u00e9poca a prefeitura removeu muita gente de l\u00e1 e as reassentou em outros lugares.\u00a0<\/span><\/p>\n<p><span style=\"font-weight: 400;\">Descendo mais um pouco, em dire\u00e7\u00e3o a um beco que fica bem abaixo da casa de Elisabete, encontro Geraldo*, mais um morador do Pedacinho do C\u00e9u. Est\u00e1 em frente a sua casa quando pergunto a ele sobre os impactos das chuvas naquela parte do morro. <\/span>\u201cAqui \u00e9 tranquilo, depois de 2010, n\u00e3o se ouve mais hist\u00f3rias de deslizamentos e desabamentos. Que eu saiba, n\u00e3o. Agora, l\u00e1 pra cima sim, \u00e9 brabo, ali \u00e9 bem perigoso. Ali quando a \u00e1gua desce, traz a terra toda. Mas, n\u00e3o tenho mais not\u00edcias de casas que ca\u00edram, s\u00f3 a lama mesmo que desce.\u201d<\/p>\n<p><span style=\"font-weight: 400;\">Geraldo diz ser cria do Pedacinho do C\u00e9u e relata que, em 2010, por conta do grande deslizamento que teve naquela \u00e1rea, a prefeitura removeu os moradores para outros bairros, como <\/span><a href=\"https:\/\/bit.ly\/3eYNJsh\" target=\"_blank\" rel=\"noopener\"><span style=\"font-weight: 400;\">Triagem<\/span><\/a><span style=\"font-weight: 400;\">, <\/span><a href=\"http:\/\/bit.ly\/2F7nJtG\" target=\"_blank\" rel=\"noopener\"><span style=\"font-weight: 400;\">Manguinhos<\/span><\/a><span style=\"font-weight: 400;\">, <\/span><a href=\"https:\/\/bit.ly\/2ZuV10G\" target=\"_blank\" rel=\"noopener\"><span style=\"font-weight: 400;\">Bangu<\/span><\/a><span style=\"font-weight: 400;\"> e <\/span><a href=\"http:\/\/bit.ly\/37jLc7e\" target=\"_blank\" rel=\"noopener\"><span style=\"font-weight: 400;\">Campo Grande<\/span><\/a><span style=\"font-weight: 400;\">, atrav\u00e9s do programa Minha Casa, Minha Vida. Uma das impactadas nesse processo foi sua m\u00e3e, que saiu de sua casa no alto do Turano e foi morar em Campo Grande, na <\/span><a href=\"http:\/\/bit.ly\/2x3k8bw\" target=\"_blank\" rel=\"noopener\"><span style=\"font-weight: 400;\">Zona Oeste<\/span><\/a><span style=\"font-weight: 400;\">, em um apartamento constru\u00eddo pelo governo: <\/span>\u201cOnde minha m\u00e3e morava n\u00e3o era \u00e1rea de risco, mas a prefeitura achou por bem tirar todo mundo dali. Ent\u00e3o, ela e o restante do pessoal aceitaram a indeniza\u00e7\u00e3o que eles deram e foram para outro lugar. Eu n\u00e3o quis ir, preferi ficar aqui. Na minha casa n\u00e3o entra \u00e1gua, esse beco aqui \u00e9 tranquilo. \u00c9 bem seguro aqui.\u201d<\/p>\n<p>Geraldo est\u00e1 reformando sua casa e diz que, se ele tivesse condi\u00e7\u00f5es, sairia do morro, mas s\u00f3 se fosse para morar em um bairro mais estruturado. No final da conversa, ele recomenda que eu visite outra localidade da parte alta da comunidade, chamada Tanque. Segundo ele, l\u00e1 os impactos causados pelas chuvas s\u00e3o maiores. De acordo com ele, l\u00e1 \u00e9 uma &#8220;verdadeira <a href=\"http:\/\/bit.ly\/2QPWt83\" target=\"_blank\" rel=\"noopener\">\u00e1rea de risco<\/a>&#8221; e, quando chove forte, desce muita lama e muito lixo.<\/p>\n<p><a href=\"https:\/\/rioonwatch.org.br\/wp-content\/uploads\/2022\/07\/Terreno-baldio-abaixo-de-barranco-logo-em-frente-a-casa-da-moradora-Vanessa.-Foto-Carla-Regina.jpg\"><img loading=\"lazy\" decoding=\"async\" class=\"aligncenter wp-image-62171\" title=\"Terreno baldio abaixo de barranco. Foto: Carla Regina\" src=\"https:\/\/rioonwatch.org.br\/wp-content\/uploads\/2022\/07\/Terreno-baldio-abaixo-de-barranco-logo-em-frente-a-casa-da-moradora-Vanessa.-Foto-Carla-Regina.jpg\" alt=\"Terreno baldio abaixo de barranco. Foto: Carla Regina\" width=\"1030\" height=\"773\" srcset=\"https:\/\/rioonwatch.org.br\/wp-content\/uploads\/2022\/07\/Terreno-baldio-abaixo-de-barranco-logo-em-frente-a-casa-da-moradora-Vanessa.-Foto-Carla-Regina.jpg 1152w, https:\/\/rioonwatch.org.br\/wp-content\/uploads\/2022\/07\/Terreno-baldio-abaixo-de-barranco-logo-em-frente-a-casa-da-moradora-Vanessa.-Foto-Carla-Regina-620x465.jpg 620w, https:\/\/rioonwatch.org.br\/wp-content\/uploads\/2022\/07\/Terreno-baldio-abaixo-de-barranco-logo-em-frente-a-casa-da-moradora-Vanessa.-Foto-Carla-Regina-839x629.jpg 839w, https:\/\/rioonwatch.org.br\/wp-content\/uploads\/2022\/07\/Terreno-baldio-abaixo-de-barranco-logo-em-frente-a-casa-da-moradora-Vanessa.-Foto-Carla-Regina-678x509.jpg 678w, https:\/\/rioonwatch.org.br\/wp-content\/uploads\/2022\/07\/Terreno-baldio-abaixo-de-barranco-logo-em-frente-a-casa-da-moradora-Vanessa.-Foto-Carla-Regina-326x245.jpg 326w, https:\/\/rioonwatch.org.br\/wp-content\/uploads\/2022\/07\/Terreno-baldio-abaixo-de-barranco-logo-em-frente-a-casa-da-moradora-Vanessa.-Foto-Carla-Regina-80x60.jpg 80w\" sizes=\"(max-width: 1030px) 100vw, 1030px\" \/><\/a><\/p>\n<p><span style=\"font-weight: 400;\">Seguindo o conselho do Geraldo, vou at\u00e9 essa parte da favela. Antes de chegar ao Tanque, ainda no Pedacinho do C\u00e9u, encontro uma moradora chamada Creuza*. Ela mora em uma casa de alvenaria com seus filhos. A resid\u00eancia n\u00e3o tem embo\u00e7o por fora e tem rachaduras nas paredes. Atr\u00e1s desse terreno, h\u00e1 um enorme barranco, com muitas pedras e \u00e1rvores inclinadas, al\u00e9m de muito lixo. Pergunto como ela faz em dias de chuva forte.<\/span><\/p>\n<p><a href=\"https:\/\/rioonwatch.org.br\/wp-content\/uploads\/2022\/07\/Caminho-entre-Pedacinho-do-Ceu-e-Tanque-proximo-a-casa-de-Vanessa-localidade-ameacada-pelo-rolamento-iminente-de-pedras-do-topo-da-parte-alta-do-Turano.-Foto-Carla-Regina.jpg\"><img loading=\"lazy\" decoding=\"async\" class=\"aligncenter wp-image-62164\" title=\"Caminho entre Pedacinho do C\u00e9u e Tanque, pr\u00f3ximo \u00e0 casa de Creuza, localidade amea\u00e7ada pelo rolamento iminente de pedras do topo da parte alta do Turano. Foto: Carla Regina\" src=\"https:\/\/rioonwatch.org.br\/wp-content\/uploads\/2022\/07\/Caminho-entre-Pedacinho-do-Ceu-e-Tanque-proximo-a-casa-de-Vanessa-localidade-ameacada-pelo-rolamento-iminente-de-pedras-do-topo-da-parte-alta-do-Turano.-Foto-Carla-Regina.jpg\" alt=\"Caminho entre Pedacinho do C\u00e9u e Tanque, pr\u00f3ximo \u00e0 casa de Creuza, localidade amea\u00e7ada pelo rolamento iminente de pedras do topo da parte alta do Turano. Foto: Carla Regina\" width=\"1030\" height=\"773\" srcset=\"https:\/\/rioonwatch.org.br\/wp-content\/uploads\/2022\/07\/Caminho-entre-Pedacinho-do-Ceu-e-Tanque-proximo-a-casa-de-Vanessa-localidade-ameacada-pelo-rolamento-iminente-de-pedras-do-topo-da-parte-alta-do-Turano.-Foto-Carla-Regina.jpg 1152w, https:\/\/rioonwatch.org.br\/wp-content\/uploads\/2022\/07\/Caminho-entre-Pedacinho-do-Ceu-e-Tanque-proximo-a-casa-de-Vanessa-localidade-ameacada-pelo-rolamento-iminente-de-pedras-do-topo-da-parte-alta-do-Turano.-Foto-Carla-Regina-620x465.jpg 620w, https:\/\/rioonwatch.org.br\/wp-content\/uploads\/2022\/07\/Caminho-entre-Pedacinho-do-Ceu-e-Tanque-proximo-a-casa-de-Vanessa-localidade-ameacada-pelo-rolamento-iminente-de-pedras-do-topo-da-parte-alta-do-Turano.-Foto-Carla-Regina-839x629.jpg 839w, https:\/\/rioonwatch.org.br\/wp-content\/uploads\/2022\/07\/Caminho-entre-Pedacinho-do-Ceu-e-Tanque-proximo-a-casa-de-Vanessa-localidade-ameacada-pelo-rolamento-iminente-de-pedras-do-topo-da-parte-alta-do-Turano.-Foto-Carla-Regina-678x509.jpg 678w, https:\/\/rioonwatch.org.br\/wp-content\/uploads\/2022\/07\/Caminho-entre-Pedacinho-do-Ceu-e-Tanque-proximo-a-casa-de-Vanessa-localidade-ameacada-pelo-rolamento-iminente-de-pedras-do-topo-da-parte-alta-do-Turano.-Foto-Carla-Regina-326x245.jpg 326w, https:\/\/rioonwatch.org.br\/wp-content\/uploads\/2022\/07\/Caminho-entre-Pedacinho-do-Ceu-e-Tanque-proximo-a-casa-de-Vanessa-localidade-ameacada-pelo-rolamento-iminente-de-pedras-do-topo-da-parte-alta-do-Turano.-Foto-Carla-Regina-80x60.jpg 80w\" sizes=\"(max-width: 1030px) 100vw, 1030px\" \/><\/a><\/p>\n<p><span style=\"font-weight: 400;\"><a href=\"https:\/\/rioonwatch.org.br\/wp-content\/uploads\/2022\/07\/Moradores-temem-pedras-enormes-com-risco-de-rolamento-no-topo-da-parte-alta-entre-Pedacinho-do-Ceu-e-o-Tanque-que-ameacam-destruir-dezenas-de-casas-montanha-abaixo.-Foto-Carla-Regina.jpg\"><img loading=\"lazy\" decoding=\"async\" class=\"alignright wp-image-62157\" title=\"Moradores temem pedras enormes com risco de rolamento no topo da parte alta, entre Pedacinho do C\u00e9u e o Tanque, que amea\u00e7am destruir dezenas de casas montanha abaixo, inclusive a de Creuza e seus vizinhos. Foto: Carla Regina\" src=\"https:\/\/rioonwatch.org.br\/wp-content\/uploads\/2022\/07\/Moradores-temem-pedras-enormes-com-risco-de-rolamento-no-topo-da-parte-alta-entre-Pedacinho-do-Ceu-e-o-Tanque-que-ameacam-destruir-dezenas-de-casas-montanha-abaixo.-Foto-Carla-Regina.jpg\" alt=\"Moradores temem pedras enormes com risco de rolamento no topo da parte alta, entre Pedacinho do C\u00e9u e o Tanque, que amea\u00e7am destruir dezenas de casas montanha abaixo, inclusive a de Creuza e seus vizinhos. Foto: Carla Regina\" width=\"500\" height=\"667\" srcset=\"https:\/\/rioonwatch.org.br\/wp-content\/uploads\/2022\/07\/Moradores-temem-pedras-enormes-com-risco-de-rolamento-no-topo-da-parte-alta-entre-Pedacinho-do-Ceu-e-o-Tanque-que-ameacam-destruir-dezenas-de-casas-montanha-abaixo.-Foto-Carla-Regina.jpg 864w, https:\/\/rioonwatch.org.br\/wp-content\/uploads\/2022\/07\/Moradores-temem-pedras-enormes-com-risco-de-rolamento-no-topo-da-parte-alta-entre-Pedacinho-do-Ceu-e-o-Tanque-que-ameacam-destruir-dezenas-de-casas-montanha-abaixo.-Foto-Carla-Regina-465x620.jpg 465w, https:\/\/rioonwatch.org.br\/wp-content\/uploads\/2022\/07\/Moradores-temem-pedras-enormes-com-risco-de-rolamento-no-topo-da-parte-alta-entre-Pedacinho-do-Ceu-e-o-Tanque-que-ameacam-destruir-dezenas-de-casas-montanha-abaixo.-Foto-Carla-Regina-472x629.jpg 472w\" sizes=\"(max-width: 500px) 100vw, 500px\" \/><\/a>\u201cDesde que moro aqui ainda n\u00e3o teve nada n\u00e3o, mas aqui \u00e9 muito perigoso. Melhorou um pouco depois que tiraram algumas \u00e1rvores que estavam caindo. Mas, quando chove forte, vou para a casa da minha m\u00e3e ou da minha sogra. Procuro logo um lugar mais seguro para ficar com as crian\u00e7as. Vou te dizer que aqui \u00e9 dif\u00edcil. Ainda mais aqui em casa que pinga um pouco, molha tudo\u201d, diz Creuza.<\/span><\/p>\n<p><span style=\"font-weight: 400;\">Enquanto conversamos, seu vizinho nos interrompe, ressaltando o perigo que grandes pedras no topo da parte alta, que podem rolar com chuvas fortes, representa. H\u00e1 muitas casas no caminho que elas percorreriam, o que causaria danos materiais al\u00e9m de mortes. O vizinho declara morar mais abaixo da casa de Creuza e que, quando chove, entra \u00e1gua em sua casa e nas de seus vizinhos. No entanto, ele reafirma que sua \u00fanica preocupa\u00e7\u00e3o \u00e9 com as pedras que t\u00eam o potencial de esmagar a vizinhan\u00e7a.<\/span><\/p>\n<p><span style=\"font-weight: 400;\">Creuza relata que toda a lama que desce quando chove encobre o caminho, ficando imposs\u00edvel de transitar por ali. Quando isso acontece, <\/span><a href=\"https:\/\/bit.ly\/2VN4Ft6\" target=\"_blank\" rel=\"noopener\"><span style=\"font-weight: 400;\">os pr\u00f3prios moradores se re\u00fanem<\/span><\/a><span style=\"font-weight: 400;\"> para retirar a terra e desobstruir o local. Ela afirma que muitos moradores das partes mais altas do Turano, como o Pedacinho do C\u00e9u e o Tanque, foram embora e abandonaram suas casas por conta do perigo do lugar. E completa dizendo que, se pudesse, tamb\u00e9m iria: <\/span>\u201cSe eu pudesse ir, tamb\u00e9m iria embora, mas, infelizmente ainda n\u00e3o posso. Ent\u00e3o, vivo aqui com meus filhos e rezo para n\u00e3o acontecer nada. Mas n\u00e3o vai acontecer nada n\u00e3o. F\u00e9 em Deus.\u201d<\/p>\n<p><span style=\"font-weight: 400;\"><a href=\"https:\/\/rioonwatch.org.br\/wp-content\/uploads\/2022\/07\/Outro-angulo-da-pedra-com-risco-de-rolamento-que-esta-escorada-por-uma-coluna-de-concreto-entre-Pedacinho-do-Ceu-e-o-Tanque.-Fonte-de-medo-em-dias-de-chuva.-Foto-Carla-Regina.jpg\"><img loading=\"lazy\" decoding=\"async\" class=\"wp-image-62158 alignright\" title=\"Outro \u00e2ngulo da pedra com risco de rolamento que est\u00e1 escorada por uma coluna de concreto, entre Pedacinho do C\u00e9u e o Tanque. Fonte de medo em dias de chuva. Foto: Carla Regina\" src=\"https:\/\/rioonwatch.org.br\/wp-content\/uploads\/2022\/07\/Outro-angulo-da-pedra-com-risco-de-rolamento-que-esta-escorada-por-uma-coluna-de-concreto-entre-Pedacinho-do-Ceu-e-o-Tanque.-Fonte-de-medo-em-dias-de-chuva.-Foto-Carla-Regina.jpg\" alt=\"Outro \u00e2ngulo da pedra com risco de rolamento que est\u00e1 escorada por uma coluna de concreto, entre Pedacinho do C\u00e9u e o Tanque. Fonte de medo em dias de chuva. Foto: Carla Regina\" width=\"500\" height=\"667\" srcset=\"https:\/\/rioonwatch.org.br\/wp-content\/uploads\/2022\/07\/Outro-angulo-da-pedra-com-risco-de-rolamento-que-esta-escorada-por-uma-coluna-de-concreto-entre-Pedacinho-do-Ceu-e-o-Tanque.-Fonte-de-medo-em-dias-de-chuva.-Foto-Carla-Regina.jpg 864w, https:\/\/rioonwatch.org.br\/wp-content\/uploads\/2022\/07\/Outro-angulo-da-pedra-com-risco-de-rolamento-que-esta-escorada-por-uma-coluna-de-concreto-entre-Pedacinho-do-Ceu-e-o-Tanque.-Fonte-de-medo-em-dias-de-chuva.-Foto-Carla-Regina-465x620.jpg 465w, https:\/\/rioonwatch.org.br\/wp-content\/uploads\/2022\/07\/Outro-angulo-da-pedra-com-risco-de-rolamento-que-esta-escorada-por-uma-coluna-de-concreto-entre-Pedacinho-do-Ceu-e-o-Tanque.-Fonte-de-medo-em-dias-de-chuva.-Foto-Carla-Regina-472x629.jpg 472w\" sizes=\"(max-width: 500px) 100vw, 500px\" \/><\/a>Me despido da mo\u00e7a e sigo caminhando at\u00e9 o <\/span><span style=\"font-weight: 400;\">Tanque<\/span><span style=\"font-weight: 400;\">. Ainda no caminho, j\u00e1 quase no meu destino, avisto uma das pedras que amedrontam os moradores: uma enorme pedra escorada por uma fina coluna de concreto. Abaixo dela, um terreno baldio com muito lixo e casas ao redor.<\/span><\/p>\n<p><span style=\"font-weight: 400;\">Duas moradoras passam na hora em que chego. Pe\u00e7o para conversar com elas, que me falam que um dos maiores problemas em dias de chuva \u00e9 a grande quantidade de lixo que desce. Segundo elas, em suas casas n\u00e3o entra \u00e1gua, mas o caminho fica coberto de lixo e lama. Uma delas conta que a <\/span><a href=\"http:\/\/bit.ly\/2XZs3m2\" target=\"_blank\" rel=\"noopener\"><span style=\"font-weight: 400;\">Defesa Civil<\/span><\/a><span style=\"font-weight: 400;\"> e a Prefeitura retiraram algumas pessoas e disseram que iriam interditar toda a \u00e1rea, o que nunca se materializou. <\/span><\/p>\n<p><span style=\"font-weight: 400;\">Ao andar por toda aquela \u00e1rea e conversar com os moradores, \u00e9 bastante percept\u00edvel o quanto a aus\u00eancia do poder p\u00fablico \u00e9 gritante, o quanto os governos s\u00e3o omissos e respons\u00e1veis por esse panorama perverso. As pessoas n\u00e3o moram na parte alta dos morros porque querem. As falas dos moradores ouvidos s\u00e3o marcantes ao afirmarem que n\u00e3o t\u00eam para onde ir e que, se tivessem condi\u00e7\u00f5es, iriam para um lugar melhor, com mais seguran\u00e7a. Em dias de chuva, independente do volume de \u00e1gua que caia do c\u00e9u, toda pessoa quer se abrigar dentro de sua pr\u00f3pria casa e n\u00e3o ter que sair \u00e0s pressas para procurar um lugar para ficar, por causa de inunda\u00e7\u00f5es, enxurradas de lixo ou deslizamentos.<\/span><\/p>\n<p><span style=\"font-weight: 400;\">As pol\u00edticas p\u00fablicas para conter os impactos causados nas favelas pelas mudan\u00e7as no clima s\u00e3o urgentes, sob pena de termos cada vez mais trag\u00e9dias acontecendo, com n\u00fameros crescentes de pessoas desabrigadas e milh\u00f5es de vidas amea\u00e7adas pela <\/span><a href=\"https:\/\/bit.ly\/2Rku5Mf\" target=\"_blank\" rel=\"noopener\"><span style=\"font-weight: 400;\">neglig\u00eancia estatal<\/span><\/a><span style=\"font-weight: 400;\"> e <\/span><a href=\"https:\/\/bit.ly\/2XvPcl5\" target=\"_blank\" rel=\"noopener\"><span style=\"font-weight: 400;\">racismo ambiental<\/span><\/a><span style=\"font-weight: 400;\">. Enquanto n\u00e3<\/span>o houver <a href=\"https:\/\/bit.ly\/39irHkY\" target=\"_blank\" rel=\"noopener\">justi\u00e7a clim\u00e1tica<\/a>, infelizmente, vidas negras e faveladas v\u00e3o continuar sendo perdidas.<\/p>\n<p><a href=\"https:\/\/rioonwatch.org.br\/wp-content\/uploads\/2022\/07\/No-local-conhecido-como-Tanque-ainda-existem-algumas-casas-feitas-de-madeira-ou-chapas-de-metal.-Fabricio-Mota-scaled.jpg\"><img loading=\"lazy\" decoding=\"async\" class=\"aligncenter wp-image-62134\" title=\"No local conhecido como Tanque, ainda existem algumas casas feitas de madeira ou chapas de metal. A precariedade das constru\u00e7\u00f5es gera perigo aos moradores, por conta do risco de desabamento. Foto: Fabr\u00edcio Mota\" src=\"https:\/\/rioonwatch.org.br\/wp-content\/uploads\/2022\/07\/No-local-conhecido-como-Tanque-ainda-existem-algumas-casas-feitas-de-madeira-ou-chapas-de-metal.-Fabricio-Mota-scaled.jpg\" alt=\"No local conhecido como Tanque, ainda existem algumas casas feitas de madeira ou chapas de metal. A precariedade das constru\u00e7\u00f5es gera perigo aos moradores, por conta do risco de desabamento. Foto: Fabr\u00edcio Mota\" width=\"1030\" height=\"687\" srcset=\"https:\/\/rioonwatch.org.br\/wp-content\/uploads\/2022\/07\/No-local-conhecido-como-Tanque-ainda-existem-algumas-casas-feitas-de-madeira-ou-chapas-de-metal.-Fabricio-Mota-scaled.jpg 2560w, https:\/\/rioonwatch.org.br\/wp-content\/uploads\/2022\/07\/No-local-conhecido-como-Tanque-ainda-existem-algumas-casas-feitas-de-madeira-ou-chapas-de-metal.-Fabricio-Mota-620x413.jpg 620w, https:\/\/rioonwatch.org.br\/wp-content\/uploads\/2022\/07\/No-local-conhecido-como-Tanque-ainda-existem-algumas-casas-feitas-de-madeira-ou-chapas-de-metal.-Fabricio-Mota-944x629.jpg 944w\" sizes=\"(max-width: 1030px) 100vw, 1030px\" \/><\/a><\/p>\n<p><em>Sobre a autora: <a href=\"https:\/\/bit.ly\/3AR0ce3\" target=\"_blank\" rel=\"noopener\">Carla Regina Aguiar dos Santos<\/a> \u00e9 jornalista comunit\u00e1ria, cria do Morro do Turano, que sempre prioriza o cotidiano das favelas em seu trabalho, mostrando al\u00e9m do que se v\u00ea nas m\u00eddias tradicionais. J\u00e1 contribuiu para a Ag\u00eancia de Not\u00edcias das Favelas (<a href=\"https:\/\/bit.ly\/2UEpzKH\" target=\"_blank\" rel=\"noopener\">ANF<\/a>), <a href=\"http:\/\/bit.ly\/18ucK6e\" target=\"_blank\" rel=\"noopener\">A P\u00fablica<\/a>, portal <a href=\"https:\/\/bit.ly\/3aHMa3N\" target=\"_blank\" rel=\"noopener\">Eu, Rio!<\/a> e <a href=\"https:\/\/bit.ly\/3o47qDO\" target=\"_blank\" rel=\"noopener\">Terra<\/a>. Recebeu os pr\u00eamios: ANF de Jornalismo, na categoria cultura, e o Neuza Maria de Jornalismo.<\/em><\/p>\n<p>*Pseud\u00f4nimos foram utilizados para preservar a privacidade dos moradores.<\/p>\n<hr \/>\n<h4><b data-stringify-type=\"bold\">Apoie nossos esfor\u00e7os para fornecer apoio estrat\u00e9gico \u00e0s favelas do Rio, incluindo o jornalismo hiperlocal, cr\u00edtico, inovador e incans\u00e1vel do <\/b><b data-stringify-type=\"bold\"><i data-stringify-type=\"italic\">RioOnWatch<\/i><\/b>\u2014<a class=\"c-link\" href=\"http:\/\/www.bit.ly\/ApoieROW\" target=\"_blank\" rel=\"noopener noreferrer\" data-stringify-link=\"http:\/\/www.bit.ly\/ApoieROW\" data-sk=\"tooltip_parent\">doe aqui<\/a>.<\/h4>\n<!-- AddThis Advanced Settings generic via filter on the_content --><!-- AddThis Share Buttons generic via filter on the_content -->","protected":false},"excerpt":{"rendered":"<div class=\"mh-excerpt\"><p>Click Here for English Esta mat\u00e9ria faz parte de uma s\u00e9rie gerada por uma parceria, com o Digital Brazil Project do Centro Behner Stiefel de Estudos Brasileiros da Universidade Estadual de San Diego na Calif\u00f3rnia, <a class=\"mh-excerpt-more\" href=\"https:\/\/rioonwatch.org.br\/?p=62130\" title=\"Na Parte Alta do Morro do Turano, as Mudan\u00e7as Clim\u00e1ticas Influenciam a Paisagem, as Vidas dos Moradores e as Vizinhan\u00e7as\">[&#8230;]<\/a><!-- AddThis Advanced Settings generic via filter on get_the_excerpt --><!-- AddThis Share Buttons generic via filter on get_the_excerpt --><\/p>\n<\/div>","protected":false},"author":167,"featured_media":62135,"comment_status":"closed","ping_status":"closed","sticky":false,"template":"template-full.php","format":"standard","meta":{"_acf_changed":false,"_monsterinsights_skip_tracking":false,"_monsterinsights_sitenote_active":false,"_monsterinsights_sitenote_note":"","_monsterinsights_sitenote_category":0,"footnotes":""},"categories":[1621,346,1625,3170,344],"tags":[911,11,1226,2625,1220,424,340,60,3112,106,246,728,417,2451,993,2139,14,3177,427,2693,651,218],"writer":[3178],"translator":[],"source":[],"ilustrador":[],"fotografo":[],"class_list":{"0":"post-62130","1":"post","2":"type-post","3":"status-publish","4":"format-standard","5":"has-post-thumbnail","7":"category-destaque","8":"category-denuncias","9":"category-por-correspondentes-comunitarios","10":"category-justica-climatica","11":"category-politicas","12":"tag-area-de-risco","13":"tag-chuvas","14":"tag-constituicao","15":"tag-defesa-civil","16":"tag-deficit-habitacional","17":"tag-direito-a-moradia","18":"tag-funcao-social","19":"tag-tijuca","20":"tag-justica-climatica","21":"tag-meio-ambiente","22":"tag-minha-casa-minha-vida","23":"tag-moradias-precarias","24":"tag-negligencia-do-estado","25":"tag-politicas-publicas","26":"tag-programa-habitacional","27":"tag-justica-ambiental","28":"tag-remocao","29":"tag-rio-comprido","30":"tag-risco-de-deslizamento","31":"tag-serie-direitos-humanos-com-apoio-do-centro-behner-stiefel-da-sdsu","32":"tag-turano","33":"tag-zona-norte","34":"writer-carla-regina"},"acf":[],"yoast_head":"<!-- This site is optimized with the Yoast SEO plugin v25.6 - https:\/\/yoast.com\/wordpress\/plugins\/seo\/ -->\n<title>Na Parte Alta do Morro do Turano, as Mudan\u00e7as Clim\u00e1ticas Influenciam a Paisagem, as Vidas dos Moradores e as Vizinhan\u00e7as - RioOnWatch<\/title>\n<meta name=\"robots\" content=\"index, follow, max-snippet:-1, max-image-preview:large, max-video-preview:-1\" \/>\n<link rel=\"canonical\" href=\"https:\/\/rioonwatch.org.br\/?p=62130\" \/>\n<meta property=\"og:locale\" content=\"pt_BR\" \/>\n<meta property=\"og:type\" content=\"article\" \/>\n<meta property=\"og:title\" content=\"Na Parte Alta do Morro do Turano, as Mudan\u00e7as Clim\u00e1ticas Influenciam a Paisagem, as Vidas dos Moradores e as Vizinhan\u00e7as - RioOnWatch\" \/>\n<meta property=\"og:description\" content=\"Click Here for English Esta mat\u00e9ria faz parte de uma s\u00e9rie gerada por uma parceria, com o Digital Brazil Project do Centro Behner Stiefel de Estudos Brasileiros da Universidade Estadual de San Diego na Calif\u00f3rnia, [...]\" \/>\n<meta property=\"og:url\" content=\"https:\/\/rioonwatch.org.br\/?p=62130\" \/>\n<meta property=\"og:site_name\" content=\"RioOnWatch\" \/>\n<meta property=\"article:published_time\" content=\"2022-08-01T16:03:21+00:00\" \/>\n<meta property=\"article:modified_time\" content=\"2023-09-20T15:24:26+00:00\" \/>\n<meta property=\"og:image\" content=\"https:\/\/rioonwatch.org.br\/wp-content\/uploads\/2022\/07\/Na-parte-alta-da-comunidade-conhecida-como-Pedacinho-do-Ceu.-Fabricio-Mota-scaled.jpg\" \/>\n\t<meta property=\"og:image:width\" content=\"2560\" \/>\n\t<meta property=\"og:image:height\" content=\"1707\" \/>\n\t<meta property=\"og:image:type\" content=\"image\/jpeg\" \/>\n<meta name=\"author\" content=\"Julio Santos Filho\" \/>\n<meta name=\"twitter:card\" content=\"summary_large_image\" \/>\n<meta name=\"twitter:label1\" content=\"Escrito por\" \/>\n\t<meta name=\"twitter:data1\" content=\"Julio Santos Filho\" \/>\n\t<meta name=\"twitter:label2\" content=\"Est. tempo de leitura\" \/>\n\t<meta name=\"twitter:data2\" content=\"15 minutos\" \/>\n<script type=\"application\/ld+json\" class=\"yoast-schema-graph\">{\"@context\":\"https:\/\/schema.org\",\"@graph\":[{\"@type\":\"Article\",\"@id\":\"https:\/\/rioonwatch.org.br\/?p=62130#article\",\"isPartOf\":{\"@id\":\"https:\/\/rioonwatch.org.br\/?p=62130\"},\"author\":{\"name\":\"Julio Santos Filho\",\"@id\":\"https:\/\/rioonwatch.org.br\/#\/schema\/person\/476bc75767957d3535b65b796667cd36\"},\"headline\":\"Na Parte Alta do Morro do Turano, as Mudan\u00e7as Clim\u00e1ticas Influenciam a Paisagem, as Vidas dos Moradores e as Vizinhan\u00e7as\",\"datePublished\":\"2022-08-01T16:03:21+00:00\",\"dateModified\":\"2023-09-20T15:24:26+00:00\",\"mainEntityOfPage\":{\"@id\":\"https:\/\/rioonwatch.org.br\/?p=62130\"},\"wordCount\":2582,\"publisher\":{\"@id\":\"https:\/\/rioonwatch.org.br\/#organization\"},\"image\":{\"@id\":\"https:\/\/rioonwatch.org.br\/?p=62130#primaryimage\"},\"thumbnailUrl\":\"https:\/\/rioonwatch.org.br\/wp-content\/uploads\/2022\/07\/Na-parte-alta-da-comunidade-conhecida-como-Pedacinho-do-Ceu.-Fabricio-Mota-scaled.jpg\",\"keywords\":[\"\\\"\u00e1rea de risco\\\"\",\"chuvas\",\"constitui\u00e7\u00e3o\",\"Defesa Civil\",\"d\u00e9ficit habitacional\",\"Direito \u00e0 Moradia\",\"fun\u00e7\u00e3o social\",\"Grande Tijuca\",\"Justi\u00e7a Clim\u00e1tica\",\"meio ambiente\",\"Minha Casa Minha Vida\",\"moradias prec\u00e1rias\",\"Neglig\u00eancia do Estado\",\"pol\u00edticas p\u00fablicas\",\"programa habitacional\",\"Racismo ambiental\",\"Remo\u00e7\u00e3o\",\"Rio Comprido\",\"risco de deslizamento\",\"S\u00e9rie Apoiada pelo Centro Behner Stiefel\/SDSU\",\"Turano\",\"Zona Norte\"],\"articleSection\":[\"*Destaque\",\"Den\u00fancias\",\"Escrito por Comunicadores Populares\",\"Justi\u00e7a Clim\u00e1tica\",\"Pol\u00edticas\"],\"inLanguage\":\"pt-BR\"},{\"@type\":\"WebPage\",\"@id\":\"https:\/\/rioonwatch.org.br\/?p=62130\",\"url\":\"https:\/\/rioonwatch.org.br\/?p=62130\",\"name\":\"Na Parte Alta do Morro do Turano, as Mudan\u00e7as Clim\u00e1ticas Influenciam a Paisagem, as Vidas dos Moradores e as Vizinhan\u00e7as - RioOnWatch\",\"isPartOf\":{\"@id\":\"https:\/\/rioonwatch.org.br\/#website\"},\"primaryImageOfPage\":{\"@id\":\"https:\/\/rioonwatch.org.br\/?p=62130#primaryimage\"},\"image\":{\"@id\":\"https:\/\/rioonwatch.org.br\/?p=62130#primaryimage\"},\"thumbnailUrl\":\"https:\/\/rioonwatch.org.br\/wp-content\/uploads\/2022\/07\/Na-parte-alta-da-comunidade-conhecida-como-Pedacinho-do-Ceu.-Fabricio-Mota-scaled.jpg\",\"datePublished\":\"2022-08-01T16:03:21+00:00\",\"dateModified\":\"2023-09-20T15:24:26+00:00\",\"breadcrumb\":{\"@id\":\"https:\/\/rioonwatch.org.br\/?p=62130#breadcrumb\"},\"inLanguage\":\"pt-BR\",\"potentialAction\":[{\"@type\":\"ReadAction\",\"target\":[\"https:\/\/rioonwatch.org.br\/?p=62130\"]}]},{\"@type\":\"ImageObject\",\"inLanguage\":\"pt-BR\",\"@id\":\"https:\/\/rioonwatch.org.br\/?p=62130#primaryimage\",\"url\":\"https:\/\/rioonwatch.org.br\/wp-content\/uploads\/2022\/07\/Na-parte-alta-da-comunidade-conhecida-como-Pedacinho-do-Ceu.-Fabricio-Mota-scaled.jpg\",\"contentUrl\":\"https:\/\/rioonwatch.org.br\/wp-content\/uploads\/2022\/07\/Na-parte-alta-da-comunidade-conhecida-como-Pedacinho-do-Ceu.-Fabricio-Mota-scaled.jpg\",\"width\":2560,\"height\":1707,\"caption\":\"Na parte alta da comunidade, conhecida como Pedacinho do C\u00e9u, \u00e9 comum a cria\u00e7\u00e3o de animais pelos moradores. A vista ao fundo do Maracan\u00e3 contrasta com a presen\u00e7a de cavalos pastando no lugar. Foto: Fabr\u00edcio Mota\"},{\"@type\":\"BreadcrumbList\",\"@id\":\"https:\/\/rioonwatch.org.br\/?p=62130#breadcrumb\",\"itemListElement\":[{\"@type\":\"ListItem\",\"position\":1,\"name\":\"In\u00edcio\",\"item\":\"https:\/\/rioonwatch.org.br\/\"},{\"@type\":\"ListItem\",\"position\":2,\"name\":\"Na Parte Alta do Morro do Turano, as Mudan\u00e7as Clim\u00e1ticas Influenciam a Paisagem, as Vidas dos Moradores e as Vizinhan\u00e7as\"}]},{\"@type\":\"WebSite\",\"@id\":\"https:\/\/rioonwatch.org.br\/#website\",\"url\":\"https:\/\/rioonwatch.org.br\/\",\"name\":\"RioOnWatch\",\"description\":\"relatos das favelas cariocas\",\"publisher\":{\"@id\":\"https:\/\/rioonwatch.org.br\/#organization\"},\"potentialAction\":[{\"@type\":\"SearchAction\",\"target\":{\"@type\":\"EntryPoint\",\"urlTemplate\":\"https:\/\/rioonwatch.org.br\/?s={search_term_string}\"},\"query-input\":{\"@type\":\"PropertyValueSpecification\",\"valueRequired\":true,\"valueName\":\"search_term_string\"}}],\"inLanguage\":\"pt-BR\"},{\"@type\":\"Organization\",\"@id\":\"https:\/\/rioonwatch.org.br\/#organization\",\"name\":\"RioOnWatch\",\"url\":\"https:\/\/rioonwatch.org.br\/\",\"logo\":{\"@type\":\"ImageObject\",\"inLanguage\":\"pt-BR\",\"@id\":\"https:\/\/rioonwatch.org.br\/#\/schema\/logo\/image\/\",\"url\":\"https:\/\/rioonwatch.org.br\/wp-content\/uploads\/2021\/06\/RioOnWatchcabecalhoPT11anos-2.png\",\"contentUrl\":\"https:\/\/rioonwatch.org.br\/wp-content\/uploads\/2021\/06\/RioOnWatchcabecalhoPT11anos-2.png\",\"width\":779,\"height\":277,\"caption\":\"RioOnWatch\"},\"image\":{\"@id\":\"https:\/\/rioonwatch.org.br\/#\/schema\/logo\/image\/\"}},{\"@type\":\"Person\",\"@id\":\"https:\/\/rioonwatch.org.br\/#\/schema\/person\/476bc75767957d3535b65b796667cd36\",\"name\":\"Julio Santos Filho\",\"image\":{\"@type\":\"ImageObject\",\"inLanguage\":\"pt-BR\",\"@id\":\"https:\/\/rioonwatch.org.br\/#\/schema\/person\/image\/\",\"url\":\"https:\/\/secure.gravatar.com\/avatar\/ca138f7666182a292a8ce4ca14fb81f8?s=96&d=blank&r=g\",\"contentUrl\":\"https:\/\/secure.gravatar.com\/avatar\/ca138f7666182a292a8ce4ca14fb81f8?s=96&d=blank&r=g\",\"caption\":\"Julio Santos Filho\"},\"url\":\"https:\/\/rioonwatch.org.br\/?author=167\"}]}<\/script>\n<!-- \/ Yoast SEO plugin. -->","yoast_head_json":{"title":"Na Parte Alta do Morro do Turano, as Mudan\u00e7as Clim\u00e1ticas Influenciam a Paisagem, as Vidas dos Moradores e as Vizinhan\u00e7as - RioOnWatch","robots":{"index":"index","follow":"follow","max-snippet":"max-snippet:-1","max-image-preview":"max-image-preview:large","max-video-preview":"max-video-preview:-1"},"canonical":"https:\/\/rioonwatch.org.br\/?p=62130","og_locale":"pt_BR","og_type":"article","og_title":"Na Parte Alta do Morro do Turano, as Mudan\u00e7as Clim\u00e1ticas Influenciam a Paisagem, as Vidas dos Moradores e as Vizinhan\u00e7as - RioOnWatch","og_description":"Click Here for English Esta mat\u00e9ria faz parte de uma s\u00e9rie gerada por uma parceria, com o Digital Brazil Project do Centro Behner Stiefel de Estudos Brasileiros da Universidade Estadual de San Diego na Calif\u00f3rnia, [...]","og_url":"https:\/\/rioonwatch.org.br\/?p=62130","og_site_name":"RioOnWatch","article_published_time":"2022-08-01T16:03:21+00:00","article_modified_time":"2023-09-20T15:24:26+00:00","og_image":[{"width":2560,"height":1707,"url":"https:\/\/rioonwatch.org.br\/wp-content\/uploads\/2022\/07\/Na-parte-alta-da-comunidade-conhecida-como-Pedacinho-do-Ceu.-Fabricio-Mota-scaled.jpg","type":"image\/jpeg"}],"author":"Julio Santos Filho","twitter_card":"summary_large_image","twitter_misc":{"Escrito por":"Julio Santos Filho","Est. tempo de leitura":"15 minutos"},"schema":{"@context":"https:\/\/schema.org","@graph":[{"@type":"Article","@id":"https:\/\/rioonwatch.org.br\/?p=62130#article","isPartOf":{"@id":"https:\/\/rioonwatch.org.br\/?p=62130"},"author":{"name":"Julio Santos Filho","@id":"https:\/\/rioonwatch.org.br\/#\/schema\/person\/476bc75767957d3535b65b796667cd36"},"headline":"Na Parte Alta do Morro do Turano, as Mudan\u00e7as Clim\u00e1ticas Influenciam a Paisagem, as Vidas dos Moradores e as Vizinhan\u00e7as","datePublished":"2022-08-01T16:03:21+00:00","dateModified":"2023-09-20T15:24:26+00:00","mainEntityOfPage":{"@id":"https:\/\/rioonwatch.org.br\/?p=62130"},"wordCount":2582,"publisher":{"@id":"https:\/\/rioonwatch.org.br\/#organization"},"image":{"@id":"https:\/\/rioonwatch.org.br\/?p=62130#primaryimage"},"thumbnailUrl":"https:\/\/rioonwatch.org.br\/wp-content\/uploads\/2022\/07\/Na-parte-alta-da-comunidade-conhecida-como-Pedacinho-do-Ceu.-Fabricio-Mota-scaled.jpg","keywords":["\"\u00e1rea de risco\"","chuvas","constitui\u00e7\u00e3o","Defesa Civil","d\u00e9ficit habitacional","Direito \u00e0 Moradia","fun\u00e7\u00e3o social","Grande Tijuca","Justi\u00e7a Clim\u00e1tica","meio ambiente","Minha Casa Minha Vida","moradias prec\u00e1rias","Neglig\u00eancia do Estado","pol\u00edticas p\u00fablicas","programa habitacional","Racismo ambiental","Remo\u00e7\u00e3o","Rio Comprido","risco de deslizamento","S\u00e9rie Apoiada pelo Centro Behner Stiefel\/SDSU","Turano","Zona Norte"],"articleSection":["*Destaque","Den\u00fancias","Escrito por Comunicadores Populares","Justi\u00e7a Clim\u00e1tica","Pol\u00edticas"],"inLanguage":"pt-BR"},{"@type":"WebPage","@id":"https:\/\/rioonwatch.org.br\/?p=62130","url":"https:\/\/rioonwatch.org.br\/?p=62130","name":"Na Parte Alta do Morro do Turano, as Mudan\u00e7as Clim\u00e1ticas Influenciam a Paisagem, as Vidas dos Moradores e as Vizinhan\u00e7as - RioOnWatch","isPartOf":{"@id":"https:\/\/rioonwatch.org.br\/#website"},"primaryImageOfPage":{"@id":"https:\/\/rioonwatch.org.br\/?p=62130#primaryimage"},"image":{"@id":"https:\/\/rioonwatch.org.br\/?p=62130#primaryimage"},"thumbnailUrl":"https:\/\/rioonwatch.org.br\/wp-content\/uploads\/2022\/07\/Na-parte-alta-da-comunidade-conhecida-como-Pedacinho-do-Ceu.-Fabricio-Mota-scaled.jpg","datePublished":"2022-08-01T16:03:21+00:00","dateModified":"2023-09-20T15:24:26+00:00","breadcrumb":{"@id":"https:\/\/rioonwatch.org.br\/?p=62130#breadcrumb"},"inLanguage":"pt-BR","potentialAction":[{"@type":"ReadAction","target":["https:\/\/rioonwatch.org.br\/?p=62130"]}]},{"@type":"ImageObject","inLanguage":"pt-BR","@id":"https:\/\/rioonwatch.org.br\/?p=62130#primaryimage","url":"https:\/\/rioonwatch.org.br\/wp-content\/uploads\/2022\/07\/Na-parte-alta-da-comunidade-conhecida-como-Pedacinho-do-Ceu.-Fabricio-Mota-scaled.jpg","contentUrl":"https:\/\/rioonwatch.org.br\/wp-content\/uploads\/2022\/07\/Na-parte-alta-da-comunidade-conhecida-como-Pedacinho-do-Ceu.-Fabricio-Mota-scaled.jpg","width":2560,"height":1707,"caption":"Na parte alta da comunidade, conhecida como Pedacinho do C\u00e9u, \u00e9 comum a cria\u00e7\u00e3o de animais pelos moradores. A vista ao fundo do Maracan\u00e3 contrasta com a presen\u00e7a de cavalos pastando no lugar. Foto: Fabr\u00edcio Mota"},{"@type":"BreadcrumbList","@id":"https:\/\/rioonwatch.org.br\/?p=62130#breadcrumb","itemListElement":[{"@type":"ListItem","position":1,"name":"In\u00edcio","item":"https:\/\/rioonwatch.org.br\/"},{"@type":"ListItem","position":2,"name":"Na Parte Alta do Morro do Turano, as Mudan\u00e7as Clim\u00e1ticas Influenciam a Paisagem, as Vidas dos Moradores e as Vizinhan\u00e7as"}]},{"@type":"WebSite","@id":"https:\/\/rioonwatch.org.br\/#website","url":"https:\/\/rioonwatch.org.br\/","name":"RioOnWatch","description":"relatos das favelas cariocas","publisher":{"@id":"https:\/\/rioonwatch.org.br\/#organization"},"potentialAction":[{"@type":"SearchAction","target":{"@type":"EntryPoint","urlTemplate":"https:\/\/rioonwatch.org.br\/?s={search_term_string}"},"query-input":{"@type":"PropertyValueSpecification","valueRequired":true,"valueName":"search_term_string"}}],"inLanguage":"pt-BR"},{"@type":"Organization","@id":"https:\/\/rioonwatch.org.br\/#organization","name":"RioOnWatch","url":"https:\/\/rioonwatch.org.br\/","logo":{"@type":"ImageObject","inLanguage":"pt-BR","@id":"https:\/\/rioonwatch.org.br\/#\/schema\/logo\/image\/","url":"https:\/\/rioonwatch.org.br\/wp-content\/uploads\/2021\/06\/RioOnWatchcabecalhoPT11anos-2.png","contentUrl":"https:\/\/rioonwatch.org.br\/wp-content\/uploads\/2021\/06\/RioOnWatchcabecalhoPT11anos-2.png","width":779,"height":277,"caption":"RioOnWatch"},"image":{"@id":"https:\/\/rioonwatch.org.br\/#\/schema\/logo\/image\/"}},{"@type":"Person","@id":"https:\/\/rioonwatch.org.br\/#\/schema\/person\/476bc75767957d3535b65b796667cd36","name":"Julio Santos Filho","image":{"@type":"ImageObject","inLanguage":"pt-BR","@id":"https:\/\/rioonwatch.org.br\/#\/schema\/person\/image\/","url":"https:\/\/secure.gravatar.com\/avatar\/ca138f7666182a292a8ce4ca14fb81f8?s=96&d=blank&r=g","contentUrl":"https:\/\/secure.gravatar.com\/avatar\/ca138f7666182a292a8ce4ca14fb81f8?s=96&d=blank&r=g","caption":"Julio Santos Filho"},"url":"https:\/\/rioonwatch.org.br\/?author=167"}]}},"_links":{"self":[{"href":"https:\/\/rioonwatch.org.br\/index.php?rest_route=\/wp\/v2\/posts\/62130"}],"collection":[{"href":"https:\/\/rioonwatch.org.br\/index.php?rest_route=\/wp\/v2\/posts"}],"about":[{"href":"https:\/\/rioonwatch.org.br\/index.php?rest_route=\/wp\/v2\/types\/post"}],"author":[{"embeddable":true,"href":"https:\/\/rioonwatch.org.br\/index.php?rest_route=\/wp\/v2\/users\/167"}],"replies":[{"embeddable":true,"href":"https:\/\/rioonwatch.org.br\/index.php?rest_route=%2Fwp%2Fv2%2Fcomments&post=62130"}],"version-history":[{"count":23,"href":"https:\/\/rioonwatch.org.br\/index.php?rest_route=\/wp\/v2\/posts\/62130\/revisions"}],"predecessor-version":[{"id":70366,"href":"https:\/\/rioonwatch.org.br\/index.php?rest_route=\/wp\/v2\/posts\/62130\/revisions\/70366"}],"wp:featuredmedia":[{"embeddable":true,"href":"https:\/\/rioonwatch.org.br\/index.php?rest_route=\/wp\/v2\/media\/62135"}],"wp:attachment":[{"href":"https:\/\/rioonwatch.org.br\/index.php?rest_route=%2Fwp%2Fv2%2Fmedia&parent=62130"}],"wp:term":[{"taxonomy":"category","embeddable":true,"href":"https:\/\/rioonwatch.org.br\/index.php?rest_route=%2Fwp%2Fv2%2Fcategories&post=62130"},{"taxonomy":"post_tag","embeddable":true,"href":"https:\/\/rioonwatch.org.br\/index.php?rest_route=%2Fwp%2Fv2%2Ftags&post=62130"},{"taxonomy":"writer","embeddable":true,"href":"https:\/\/rioonwatch.org.br\/index.php?rest_route=%2Fwp%2Fv2%2Fwriter&post=62130"},{"taxonomy":"translator","embeddable":true,"href":"https:\/\/rioonwatch.org.br\/index.php?rest_route=%2Fwp%2Fv2%2Ftranslator&post=62130"},{"taxonomy":"source","embeddable":true,"href":"https:\/\/rioonwatch.org.br\/index.php?rest_route=%2Fwp%2Fv2%2Fsource&post=62130"},{"taxonomy":"ilustrador","embeddable":true,"href":"https:\/\/rioonwatch.org.br\/index.php?rest_route=%2Fwp%2Fv2%2Filustrador&post=62130"},{"taxonomy":"fotografo","embeddable":true,"href":"https:\/\/rioonwatch.org.br\/index.php?rest_route=%2Fwp%2Fv2%2Ffotografo&post=62130"}],"curies":[{"name":"wp","href":"https:\/\/api.w.org\/{rel}","templated":true}]}}