{"id":62249,"date":"2022-08-02T09:46:43","date_gmt":"2022-08-02T12:46:43","guid":{"rendered":"https:\/\/rioonwatch.org.br\/?p=62249"},"modified":"2024-06-20T13:45:46","modified_gmt":"2024-06-20T16:45:46","slug":"aniversario-de-marielle-franco-e-celebrado-com-inauguracao-de-estatua-da-parlamentar-e-aula-publica-de-mulheres-negras-no-buraco-do-lume-no-centro-do-rio-de-janeiro-imagens","status":"publish","type":"post","link":"https:\/\/rioonwatch.org.br\/?p=62249","title":{"rendered":"Anivers\u00e1rio de Marielle Franco \u00c9 Celebrado com Inaugura\u00e7\u00e3o de Est\u00e1tua da Parlamentar e Aula P\u00fablica de Mulheres Negras no Buraco do Lume, no Centro do Rio de Janeiro [IMAGENS]"},"content":{"rendered":"<h4 style=\"text-align: right;\"><em><strong><a href=\"https:\/\/bit.ly\/3JvAqym\" target=\"_blank\" rel=\"noopener noreferrer\">Click Here for English<\/a><a href=\"https:\/\/bit.ly\/3JvAqym\" target=\"_blank\" rel=\"noopener noreferrer\"><img decoding=\"async\" class=\"alignright wp-image-15790\" src=\"https:\/\/rioonwatch.org.br\/wp-content\/uploads\/2012\/08\/EN-standard-e1439583104716.jpg\" alt=\"\" width=\"20\" height=\"20\" \/><\/a><\/strong><\/em><\/h4>\n<p>No dia 27 de julho de 2022, data que teria sido seu anivers\u00e1rio de 43 anos, aconteceu a <a href=\"https:\/\/bit.ly\/3ROc1Ym\" target=\"_blank\" rel=\"noopener\">inaugura\u00e7\u00e3o da est\u00e1tua<\/a> da Vereadora <a href=\"http:\/\/bit.ly\/2YHxjy4\" target=\"_blank\" rel=\"noopener\">Marielle Franco<\/a>, feita pelo artista Edgar Duvivier, no Buraco do Lume, espa\u00e7o hist\u00f3rico de atua\u00e7\u00e3o da parlamentar no Centro do Rio de Janeiro, a poucos quil\u00f4metros de onde foi assassinada em 14 de mar\u00e7o de 2018.<\/p>\n<p><a href=\"https:\/\/rioonwatch.org.br\/wp-content\/uploads\/2022\/07\/Flores-como-homenagem-a-vida-e-ao-legado-da-Parlamentar-Marielle-Franco-depositadas-aos-pes-de-sua-estatua-no-dia-de-seu-aniversario.-Foto-Alexandre-Cerqueira-ComCat-scaled.jpg\"><img fetchpriority=\"high\" decoding=\"async\" class=\"aligncenter wp-image-62284\" title=\"Flores como homenagem \u00e0 vida e ao legado da Parlamentar Marielle Franco, depositadas aos p\u00e9s de sua est\u00e1tua, no dia de seu anivers\u00e1rio. Foto: Alexandre Cerqueira\/ComCat\" src=\"https:\/\/rioonwatch.org.br\/wp-content\/uploads\/2022\/07\/Flores-como-homenagem-a-vida-e-ao-legado-da-Parlamentar-Marielle-Franco-depositadas-aos-pes-de-sua-estatua-no-dia-de-seu-aniversario.-Foto-Alexandre-Cerqueira-ComCat-scaled.jpg\" alt=\"Flores como homenagem \u00e0 vida e ao legado da Parlamentar Marielle Franco, depositadas aos p\u00e9s de sua est\u00e1tua, no dia de seu anivers\u00e1rio. Foto: Alexandre Cerqueira\/ComCat\" width=\"1030\" height=\"687\" srcset=\"https:\/\/rioonwatch.org.br\/wp-content\/uploads\/2022\/07\/Flores-como-homenagem-a-vida-e-ao-legado-da-Parlamentar-Marielle-Franco-depositadas-aos-pes-de-sua-estatua-no-dia-de-seu-aniversario.-Foto-Alexandre-Cerqueira-ComCat-scaled.jpg 2560w, https:\/\/rioonwatch.org.br\/wp-content\/uploads\/2022\/07\/Flores-como-homenagem-a-vida-e-ao-legado-da-Parlamentar-Marielle-Franco-depositadas-aos-pes-de-sua-estatua-no-dia-de-seu-aniversario.-Foto-Alexandre-Cerqueira-ComCat-620x413.jpg 620w, https:\/\/rioonwatch.org.br\/wp-content\/uploads\/2022\/07\/Flores-como-homenagem-a-vida-e-ao-legado-da-Parlamentar-Marielle-Franco-depositadas-aos-pes-de-sua-estatua-no-dia-de-seu-aniversario.-Foto-Alexandre-Cerqueira-ComCat-944x629.jpg 944w\" sizes=\"(max-width: 1030px) 100vw, 1030px\" \/><\/a><\/p>\n<p>Parte do plano para imortalizar a <a href=\"https:\/\/bit.ly\/2UmqOgy\" target=\"_blank\" rel=\"noopener\">mem\u00f3ria<\/a> de Marielle, uma est\u00e1tua de bronze da vereadora, em tamanho real, com 1,75 metros, foi inaugurada na \u00faltima quarta-feira pelo <a href=\"https:\/\/bit.ly\/34LUo5s\" target=\"_blank\" rel=\"noopener\">Instituto Marielle Franco<\/a>, com o apoio da Prefeitura do Rio de Janeiro, em uma cerim\u00f4nia com centenas de pessoas no <a href=\"https:\/\/bit.ly\/3bh38pO\" target=\"_blank\" rel=\"noopener\">Buraco do Lume<\/a>, no Centro. \u00c0s 17h, neste tradicional local de vida pol\u00edtica local, come\u00e7ou a cerim\u00f4nia que apresentou \u00e0 cidade o primeiro monumento \u00e0 mem\u00f3ria da vereadora, nascida e criada no Complexo da Mar\u00e9. Sua m\u00e3e, a advogada Marinete da Silva foi uma das primeiras a falar, seguida de familiares, companheiros de partido, e outras refer\u00eancias de <a href=\"http:\/\/bit.ly\/1XjdXct\" target=\"_blank\" rel=\"noopener\">movimentos sociais<\/a> e do <a href=\"https:\/\/bit.ly\/2ZQoyRm\" target=\"_blank\" rel=\"noopener\">movimento negro<\/a>.<\/p>\n<blockquote><p>&#8220;Muitas pessoas conheceram a Marielle aqui nesse lugar onde ela fazia presta\u00e7\u00e3o de contas&#8230; Falando de tudo o que ela contrariava ou apoiava. Hoje poderia estar sendo um anivers\u00e1rio diferente, cortando v\u00e1rios bolos, tendo uma boa festa, mas infelizmente estamos aqui&#8230; Existe um antes e depois da minha filha&#8230; Ela \u00e9 um marco. Minha filha n\u00e3o foi assassinada aleatoriamente: ela tinha uma luta&#8230; estar hoje aqui \u00e9 dizer que Marielle vai estar presente sempre e, com esse marco, n\u00e3o vai ser esquecida nunca mais.&#8221; \u2014 Marinete da Silva<\/p><\/blockquote>\n<p><a href=\"https:\/\/rioonwatch.org.br\/wp-content\/uploads\/2022\/07\/Marinete-da-Silva-relembra-sua-filha-a-Vereadora-Marielle-Franco-junto-de-sua-neta-filha-de-Marielle-marido-outra-filha-e-nora.-Foto-Alexandre-Cerqueira-scaled.jpg\"><img decoding=\"async\" class=\"aligncenter wp-image-62298\" title=\"Marinete da Silva relembra sua filha, a Vereadora Marielle Franco junto de sua neta, filha de Marielle, marido, outra filha e nora. Foto: Alexandre Cerqueira\/ComCat\" src=\"https:\/\/rioonwatch.org.br\/wp-content\/uploads\/2022\/07\/Marinete-da-Silva-relembra-sua-filha-a-Vereadora-Marielle-Franco-junto-de-sua-neta-filha-de-Marielle-marido-outra-filha-e-nora.-Foto-Alexandre-Cerqueira-scaled.jpg\" alt=\"Marinete da Silva relembra sua filha, a Vereadora Marielle Franco junto de sua neta, filha de Marielle, marido, outra filha e nora. Foto: Alexandre Cerqueira\/ComCat\" width=\"1030\" height=\"687\" srcset=\"https:\/\/rioonwatch.org.br\/wp-content\/uploads\/2022\/07\/Marinete-da-Silva-relembra-sua-filha-a-Vereadora-Marielle-Franco-junto-de-sua-neta-filha-de-Marielle-marido-outra-filha-e-nora.-Foto-Alexandre-Cerqueira-scaled.jpg 2560w, https:\/\/rioonwatch.org.br\/wp-content\/uploads\/2022\/07\/Marinete-da-Silva-relembra-sua-filha-a-Vereadora-Marielle-Franco-junto-de-sua-neta-filha-de-Marielle-marido-outra-filha-e-nora.-Foto-Alexandre-Cerqueira-620x413.jpg 620w, https:\/\/rioonwatch.org.br\/wp-content\/uploads\/2022\/07\/Marinete-da-Silva-relembra-sua-filha-a-Vereadora-Marielle-Franco-junto-de-sua-neta-filha-de-Marielle-marido-outra-filha-e-nora.-Foto-Alexandre-Cerqueira-944x629.jpg 944w\" sizes=\"(max-width: 1030px) 100vw, 1030px\" \/><\/a><\/p>\n<blockquote><p>&#8220;O [Buraco do] Lume \u00e9 um local de resist\u00eancia&#8230; todo meio-dia de sexta-feira ela estava aqui prestando conta do trabalho que fazia. \u00c9 um lugar muito simb\u00f3lico porque fez parte tamb\u00e9m da sua constru\u00e7\u00e3o de vida. <a href=\"https:\/\/bit.ly\/3wrGTma\" target=\"_blank\" rel=\"noopener\">Que bom que a gente chega a 2022 com resist\u00eancia<\/a>. Numa sociedade que \u00e9 <a href=\"https:\/\/bit.ly\/SerieAntirracista\" target=\"_blank\" rel=\"noopener\">extremamente racista<\/a>, a gente tem uma est\u00e1tua de Marielle Franco para nos lembrar do mundo que queremos construir&#8230; \u00c9 muito emocionante um momento como esse. N\u00e3o posso fazer isso sem tentar transbordar a alegria que a mem\u00f3ria da Marielle merece, mas tamb\u00e9m com muita dor pela aus\u00eancia dela&#8230; Afinal, ver uma pra\u00e7a cheia como essa \u00e9 a mensagem de que a morte de Marielle n\u00e3o foi em v\u00e3o, como a vida dela tamb\u00e9m n\u00e3o foi.&#8221; \u2014 M\u00f4nica Ben\u00edcio<\/p><\/blockquote>\n<p><a href=\"https:\/\/rioonwatch.org.br\/wp-content\/uploads\/2022\/07\/Vereadora-Monica-Benicio-viuva-de-Marielle-discursa-sobre-a-memoria-e-legado-de-sua-companheira-scaled.jpg\"><img loading=\"lazy\" decoding=\"async\" class=\"aligncenter wp-image-62296\" title=\"Vereadora M\u00f4nica Ben\u00edcio (PSOL-RJ), vi\u00fava de Marielle, discursa sobre a mem\u00f3ria e o legado de sua companheira ao lado de seus sogros, cunhada e enteada, no Buraco do Lume, na inaugura\u00e7\u00e3o da Est\u00e1tua de Marielle Franco. Foto: Alexandre Cerqueira\/ComCat\" src=\"https:\/\/rioonwatch.org.br\/wp-content\/uploads\/2022\/07\/Vereadora-Monica-Benicio-viuva-de-Marielle-discursa-sobre-a-memoria-e-legado-de-sua-companheira-scaled.jpg\" alt=\"Vereadora M\u00f4nica Ben\u00edcio (PSOL-RJ), vi\u00fava de Marielle, discursa sobre a mem\u00f3ria e o legado de sua companheira ao lado de seus sogros, cunhada e enteada, no Buraco do Lume, na inaugura\u00e7\u00e3o da Est\u00e1tua de Marielle Franco. Foto: Alexandre Cerqueira\/ComCat\" width=\"1030\" height=\"687\" srcset=\"https:\/\/rioonwatch.org.br\/wp-content\/uploads\/2022\/07\/Vereadora-Monica-Benicio-viuva-de-Marielle-discursa-sobre-a-memoria-e-legado-de-sua-companheira-scaled.jpg 2560w, https:\/\/rioonwatch.org.br\/wp-content\/uploads\/2022\/07\/Vereadora-Monica-Benicio-viuva-de-Marielle-discursa-sobre-a-memoria-e-legado-de-sua-companheira-620x413.jpg 620w, https:\/\/rioonwatch.org.br\/wp-content\/uploads\/2022\/07\/Vereadora-Monica-Benicio-viuva-de-Marielle-discursa-sobre-a-memoria-e-legado-de-sua-companheira-944x629.jpg 944w\" sizes=\"(max-width: 1030px) 100vw, 1030px\" \/><\/a><\/p>\n<p>O pai de Marielle, Ant\u00f4nio Francisco da Silva Neto, fez uma fala curta, mas bastante incisiva. Ele destacou que, em sua opini\u00e3o, s\u00f3 ser\u00e3o descobertos os mandantes do assassinato de sua filha a partir de uma <a href=\"https:\/\/bit.ly\/3zvgRmc\" target=\"_blank\" rel=\"noopener\">mudan\u00e7a pol\u00edtica<\/a>, que pode vir atrav\u00e9s das elei\u00e7\u00f5es de 2022.<\/p>\n<p><a href=\"https:\/\/rioonwatch.org.br\/wp-content\/uploads\/2022\/07\/O-publico-presente-trouxe-flores-para-depositar-aos-pes-da-estatua-de-Marielle-em-sua-inauguracao.-Foto-Alexandre-Cerqueira-ComCat-scaled.jpg\"><img loading=\"lazy\" decoding=\"async\" class=\"aligncenter wp-image-62274\" title=\"O p\u00fablico presente trouxe flores para depositar aos p\u00e9s da est\u00e1tua de Marielle em sua inaugura\u00e7\u00e3o, em tributo \u00e0 sua mem\u00f3ria. Foto: Alexandre Cerqueira\/ComCat\" src=\"https:\/\/rioonwatch.org.br\/wp-content\/uploads\/2022\/07\/O-publico-presente-trouxe-flores-para-depositar-aos-pes-da-estatua-de-Marielle-em-sua-inauguracao.-Foto-Alexandre-Cerqueira-ComCat-scaled.jpg\" alt=\"O p\u00fablico presente trouxe flores para depositar aos p\u00e9s da est\u00e1tua de Marielle em sua inaugura\u00e7\u00e3o, em tributo \u00e0 sua mem\u00f3ria. Foto: Alexandre Cerqueira\/ComCat\" width=\"1030\" height=\"687\" srcset=\"https:\/\/rioonwatch.org.br\/wp-content\/uploads\/2022\/07\/O-publico-presente-trouxe-flores-para-depositar-aos-pes-da-estatua-de-Marielle-em-sua-inauguracao.-Foto-Alexandre-Cerqueira-ComCat-scaled.jpg 2560w, https:\/\/rioonwatch.org.br\/wp-content\/uploads\/2022\/07\/O-publico-presente-trouxe-flores-para-depositar-aos-pes-da-estatua-de-Marielle-em-sua-inauguracao.-Foto-Alexandre-Cerqueira-ComCat-620x413.jpg 620w, https:\/\/rioonwatch.org.br\/wp-content\/uploads\/2022\/07\/O-publico-presente-trouxe-flores-para-depositar-aos-pes-da-estatua-de-Marielle-em-sua-inauguracao.-Foto-Alexandre-Cerqueira-ComCat-944x629.jpg 944w\" sizes=\"(max-width: 1030px) 100vw, 1030px\" \/><\/a><\/p>\n<blockquote><p>&#8220;Agrade\u00e7o muito a todos que est\u00e3o presentes aqui. N\u00f3s precisamos muito de voc\u00eas. Temos a oportunidade de mudar a pol\u00edtica do Rio de Janeiro e do Brasil. Eu acredito que, com essa mudan\u00e7a, n\u00f3s podemos chegar aos mandantes. N\u00f3s precisamos que essas pessoas aqui presentes nos ajudem votando.&#8221; \u2014 Ant\u00f4nio Francisco da Silva Neto<\/p><\/blockquote>\n<p><a href=\"https:\/\/rioonwatch.org.br\/wp-content\/uploads\/2022\/07\/Publico-comparece-na-inauguracao-da-estatua-de-Marielle-Franco.-Foto-Alexandre-Cerqueira-ComCat-scaled.jpg\"><img loading=\"lazy\" decoding=\"async\" class=\"aligncenter wp-image-62272\" title=\"P\u00fablico comparece na inaugura\u00e7\u00e3o da est\u00e1tua de Marielle Franco. Foto: Alexandre Cerqueira\/ComCat\" src=\"https:\/\/rioonwatch.org.br\/wp-content\/uploads\/2022\/07\/Publico-comparece-na-inauguracao-da-estatua-de-Marielle-Franco.-Foto-Alexandre-Cerqueira-ComCat-scaled.jpg\" alt=\"P\u00fablico comparece na inaugura\u00e7\u00e3o da est\u00e1tua de Marielle Franco. Foto: Alexandre Cerqueira\/ComCat\" width=\"1030\" height=\"687\" srcset=\"https:\/\/rioonwatch.org.br\/wp-content\/uploads\/2022\/07\/Publico-comparece-na-inauguracao-da-estatua-de-Marielle-Franco.-Foto-Alexandre-Cerqueira-ComCat-scaled.jpg 2560w, https:\/\/rioonwatch.org.br\/wp-content\/uploads\/2022\/07\/Publico-comparece-na-inauguracao-da-estatua-de-Marielle-Franco.-Foto-Alexandre-Cerqueira-ComCat-620x413.jpg 620w, https:\/\/rioonwatch.org.br\/wp-content\/uploads\/2022\/07\/Publico-comparece-na-inauguracao-da-estatua-de-Marielle-Franco.-Foto-Alexandre-Cerqueira-ComCat-944x629.jpg 944w\" sizes=\"(max-width: 1030px) 100vw, 1030px\" \/><\/a><\/p>\n<p>Ant\u00f4nio finalizou sua interven\u00e7\u00e3o relembrando a falta que sente de sua filha que, desde a gravidez, foi muito desejada por sua fam\u00edlia. &#8220;H\u00e1 43 anos, quando Marielle nasceu, para mim foi um momento de muita alegria. Minha primeira filha, esperada com ansiedade pela m\u00e3e&#8221;, disse o pai de Marielle.<\/p>\n<p><a href=\"https:\/\/rioonwatch.org.br\/wp-content\/uploads\/2022\/07\/Famiia-de-Marielle-Franco-abre-as-atividades-do-dia.-Foto-Alexandre-Cerqueira-ComCat-scaled.jpg\"><img loading=\"lazy\" decoding=\"async\" class=\"aligncenter wp-image-62270\" title=\"Fam\u00edia de Marielle Franco abre as atividades do dia. Foto: Alexandre Cerqueira\/ComCat\" src=\"https:\/\/rioonwatch.org.br\/wp-content\/uploads\/2022\/07\/Famiia-de-Marielle-Franco-abre-as-atividades-do-dia.-Foto-Alexandre-Cerqueira-ComCat-scaled.jpg\" alt=\"Fam\u00edia de Marielle Franco abre as atividades do dia. Foto: Alexandre Cerqueira\/ComCat\" width=\"1030\" height=\"687\" srcset=\"https:\/\/rioonwatch.org.br\/wp-content\/uploads\/2022\/07\/Famiia-de-Marielle-Franco-abre-as-atividades-do-dia.-Foto-Alexandre-Cerqueira-ComCat-scaled.jpg 2560w, https:\/\/rioonwatch.org.br\/wp-content\/uploads\/2022\/07\/Famiia-de-Marielle-Franco-abre-as-atividades-do-dia.-Foto-Alexandre-Cerqueira-ComCat-620x413.jpg 620w, https:\/\/rioonwatch.org.br\/wp-content\/uploads\/2022\/07\/Famiia-de-Marielle-Franco-abre-as-atividades-do-dia.-Foto-Alexandre-Cerqueira-ComCat-944x629.jpg 944w\" sizes=\"(max-width: 1030px) 100vw, 1030px\" \/><\/a><\/p>\n<p><a href=\"https:\/\/bit.ly\/3v29oXz\" target=\"_blank\" rel=\"noopener\">Anielle Franco<\/a>, diretora do <a href=\"https:\/\/bit.ly\/39iSVWl\" target=\"_blank\" rel=\"noopener\">Instituto Marielle Franco<\/a>, em seguida, deu prosseguimento \u00e0 cerim\u00f4nia declarando que assumiu o compromisso p\u00fablico com a mem\u00f3ria de sua irm\u00e3 desde o momento que soube de seu assassinato. Ela relembrou &#8220;o apoio fundamental que mulheres negras t\u00eam dado \u00e0s a\u00e7\u00f5es em nome do <a href=\"https:\/\/bit.ly\/38pQ7GO\" target=\"_blank\" rel=\"noopener\">legado de Marielle<\/a>, como <a href=\"https:\/\/bit.ly\/3vmgJTx\" target=\"_blank\" rel=\"noopener\">Marcelle Decoth\u00e9<\/a>, <a href=\"https:\/\/bit.ly\/2XxMdYO\" target=\"_blank\" rel=\"noopener\">L\u00facia Xavier<\/a> e <a href=\"https:\/\/bit.ly\/3OL7JP1\" target=\"_blank\" rel=\"noopener\">Jurema Werneck<\/a>, entre tantas outras&#8221;.<\/p>\n<p><a href=\"https:\/\/rioonwatch.org.br\/wp-content\/uploads\/2022\/07\/Mulheres-colocam-flores-na-estatua-de-Marielle-Franco.-Foto-Alexandre-Cerqueira-scaled.jpg\"><img loading=\"lazy\" decoding=\"async\" class=\"aligncenter wp-image-62283\" title=\"Mulheres colocam flores na est\u00e1tua de Marielle Franco. Foto: Alexandre Cerqueira\/ComCat\" src=\"https:\/\/rioonwatch.org.br\/wp-content\/uploads\/2022\/07\/Mulheres-colocam-flores-na-estatua-de-Marielle-Franco.-Foto-Alexandre-Cerqueira-scaled.jpg\" alt=\"Mulheres colocam flores na est\u00e1tua de Marielle Franco. Foto: Alexandre Cerqueira\/ComCat\" width=\"1030\" height=\"687\" srcset=\"https:\/\/rioonwatch.org.br\/wp-content\/uploads\/2022\/07\/Mulheres-colocam-flores-na-estatua-de-Marielle-Franco.-Foto-Alexandre-Cerqueira-scaled.jpg 2560w, https:\/\/rioonwatch.org.br\/wp-content\/uploads\/2022\/07\/Mulheres-colocam-flores-na-estatua-de-Marielle-Franco.-Foto-Alexandre-Cerqueira-620x413.jpg 620w, https:\/\/rioonwatch.org.br\/wp-content\/uploads\/2022\/07\/Mulheres-colocam-flores-na-estatua-de-Marielle-Franco.-Foto-Alexandre-Cerqueira-944x629.jpg 944w\" sizes=\"(max-width: 1030px) 100vw, 1030px\" \/><\/a><\/p>\n<p>Dando in\u00edcio \u00e0 aula p\u00fablica sobre mem\u00f3ria, lecionada por mulheres negras, Anielle passou a palavra para <a href=\"https:\/\/bit.ly\/3ziohbh\" target=\"_blank\" rel=\"noopener\">Ndeye Fatou Ndiaye<\/a>, inspiradora <a href=\"https:\/\/bit.ly\/3BANXCW\" target=\"_blank\" rel=\"noopener\">ativista negra de 17 anos<\/a>.<\/p>\n<blockquote class=\"twitter-tweet\">\n<p dir=\"ltr\" lang=\"pt\">Inaugura\u00e7\u00e3o da Est\u00e1tua da Marielle Franco no RJ! Hoje, anivers\u00e1rio dela, \u00e9 mais do que necess\u00e1rio relembrar a mem\u00f3ria de mulheres incr\u00edveis como ela. <a href=\"https:\/\/t.co\/ezpJ5mrB6G\">pic.twitter.com\/ezpJ5mrB6G<\/a><\/p>\n<p>\u2014 Fatou Ndiaye | #RENAISSANCE &#x1faa9; (@fatouoficial) <a href=\"https:\/\/twitter.com\/fatouoficial\/status\/1552403329707294720?ref_src=twsrc%5Etfw\">July 27, 2022<\/a><\/p><\/blockquote>\n<p><script async src=\"https:\/\/platform.twitter.com\/widgets.js\" charset=\"utf-8\"><\/script><\/p>\n<blockquote><p>&#8220;A mem\u00f3ria \u00e9 a semente para novos futuros&#8230; n\u00e3o \u00e9 s\u00f3 hist\u00f3ria ou as epistemologias que vieram antes. \u00c9 viv\u00eancia. \u00c9 o que a gente tem a aprender com as viv\u00eancias das que vieram antes de n\u00f3s: da minha m\u00e3e, da minha av\u00f4&#8230; A gente n\u00e3o percebe que est\u00e1 fazendo hist\u00f3ria at\u00e9 voltar e olhar para tr\u00e1s&#8230; Estar aqui hoje \u00e9 fazer hist\u00f3ria.&#8221; \u2014 Ndeye Fatou Ndiaye<\/p><\/blockquote>\n<p><a href=\"https:\/\/rioonwatch.org.br\/wp-content\/uploads\/2022\/07\/Aula-publica-sobre-memoria-realizada-na-inauguracao-da-estatua-de-Marielle-com-Eliana-Alves-Cruz-Thula-Pires-e-Anielle-Franco-da-esquerda-para-a-direita.-Foto-Alexandre-Cerqueira-ComCat-scaled.jpg\"><img loading=\"lazy\" decoding=\"async\" class=\"aligncenter wp-image-62282\" title=\"Aula p\u00fablica sobre mem\u00f3ria realizada na inaugura\u00e7\u00e3o da est\u00e1tua de Marielle, com Eliana Alves Cruz, Thula Pires e Anielle Franco, da esquerda para a direita. Foto: Alexandre Cerqueira\/ComCat\" src=\"https:\/\/rioonwatch.org.br\/wp-content\/uploads\/2022\/07\/Aula-publica-sobre-memoria-realizada-na-inauguracao-da-estatua-de-Marielle-com-Eliana-Alves-Cruz-Thula-Pires-e-Anielle-Franco-da-esquerda-para-a-direita.-Foto-Alexandre-Cerqueira-ComCat-scaled.jpg\" alt=\"Aula p\u00fablica sobre mem\u00f3ria realizada na inaugura\u00e7\u00e3o da est\u00e1tua de Marielle, com Eliana Alves Cruz, Thula Pires e Anielle Franco, da esquerda para a direita. Foto: Alexandre Cerqueira\/ComCat\" width=\"1030\" height=\"687\" srcset=\"https:\/\/rioonwatch.org.br\/wp-content\/uploads\/2022\/07\/Aula-publica-sobre-memoria-realizada-na-inauguracao-da-estatua-de-Marielle-com-Eliana-Alves-Cruz-Thula-Pires-e-Anielle-Franco-da-esquerda-para-a-direita.-Foto-Alexandre-Cerqueira-ComCat-scaled.jpg 2560w, https:\/\/rioonwatch.org.br\/wp-content\/uploads\/2022\/07\/Aula-publica-sobre-memoria-realizada-na-inauguracao-da-estatua-de-Marielle-com-Eliana-Alves-Cruz-Thula-Pires-e-Anielle-Franco-da-esquerda-para-a-direita.-Foto-Alexandre-Cerqueira-ComCat-620x413.jpg 620w, https:\/\/rioonwatch.org.br\/wp-content\/uploads\/2022\/07\/Aula-publica-sobre-memoria-realizada-na-inauguracao-da-estatua-de-Marielle-com-Eliana-Alves-Cruz-Thula-Pires-e-Anielle-Franco-da-esquerda-para-a-direita.-Foto-Alexandre-Cerqueira-ComCat-944x629.jpg 944w\" sizes=\"(max-width: 1030px) 100vw, 1030px\" \/><\/a><\/p>\n<p>Em seguida, a professora de Direito da <a href=\"https:\/\/bit.ly\/3eoFKDN\" target=\"_blank\" rel=\"noopener\">PUC-Rio<\/a> e coordenadora do N\u00facleo Interdisciplinar de Reflex\u00e3o e Mem\u00f3ria Afrodescendente (<a href=\"http:\/\/bit.ly\/2TDNKtS\" target=\"_blank\" rel=\"noopener\">NIREMA<\/a>), Thula Pires, come\u00e7ou sua fala, dizendo: &#8220;sou m\u00e3e da Dandara, mulher de ax\u00e9, <a href=\"https:\/\/bit.ly\/3bb7xed\" target=\"_blank\" rel=\"noopener\">ekedi<\/a> de <a href=\"https:\/\/bit.ly\/3PZt9so\" target=\"_blank\" rel=\"noopener\">Ox\u00f3ssi<\/a>, filha de <a href=\"https:\/\/bit.ly\/3voVbWo\" target=\"_blank\" rel=\"noopener\">Oy\u00e1<\/a> e estou profundamente emocionada de estar aqui, numa pra\u00e7a p\u00fablica, em fun\u00e7\u00e3o de uma mulher como Marielle. \u00c9 muito emocionante estar sentada ao lado dessas mulheres e de frente para Marielle, representada aqui um pouquinho [pela est\u00e1tua]&#8221;. E, antes de ponderar sobre mem\u00f3ria, convidou \u00e0 luta: &#8220;Que essa energia de revolta com esse mundo que insiste em vilipendiar nossa exist\u00eancia seja uma energia tamb\u00e9m capaz de produzir uma transforma\u00e7\u00e3o profunda, estrutural&#8221;. E ent\u00e3o refletiu:<\/p>\n<blockquote><p>&#8220;Atrav\u00e9s da mem\u00f3ria reinvindicamos justi\u00e7a&#8230; \u00c9 uma oportunidade de avan\u00e7armos nas repara\u00e7\u00f5es que as comunidades negras no Brasil tanto precisam&#8230; Estamos aqui dizendo em alto e bom som que n\u00e3o vamos admitir que os processos hist\u00f3ricos de interrup\u00e7\u00e3o de mulheres negras nesse pa\u00eds continuem&#8230; Na palavra mem\u00f3ria, entre o &#8216;mem-&#8216; e o &#8216;-a&#8217;, tem a palavra &#8216;<a href=\"https:\/\/bit.ly\/3zK8Bz8\" target=\"_blank\" rel=\"noopener\"><em>or\u00ed<\/em><\/a>&#8216; que, em uma <a href=\"https:\/\/bit.ly\/3fcDuQE\" target=\"_blank\" rel=\"noopener\">percep\u00e7\u00e3o amefricana<\/a>, pode significar &#8216;cabe\u00e7a&#8217;, f\u00edsica ou interior, aquela que guia, referencia, orienta, re\u00fane intelecto, mem\u00f3ria e pensamento, articulando presente, passado e futuro, podendo assumir o sentido pol\u00edtico de consci\u00eancia negra. N\u00e3o \u00e9 apenas a cabe\u00e7a concreta acima do pesco\u00e7o, mas a cabe\u00e7a espiritual, que representa o &#8216;eu&#8217; mais profundo. Or\u00ed \u00e9 a sede daquilo que somos, pois \u00e9 na cabe\u00e7a que se localizam os olhos que nos permitem ver, o c\u00e9rebro que nos permite lembrar, guardar na mem\u00f3ria aquilo que vivemos, e a boca que nos permite falar, dizer o que acontece, contar hist\u00f3rias, conversar e que nos alimentemos. \u00c9 a cabe\u00e7a que nos OR\u00cd-enta. Essa OR\u00cd-enta\u00e7\u00e3o pela cabe\u00e7a, pelo &#8216;eu&#8217;, s\u00f3 ocorre por meio da COMUM-nidade. \u00c9 nessa COMUM-nidade que a OR\u00cd-enta\u00e7\u00e3o pode ser entendida tamb\u00e9m como deslocamento, como for\u00e7a-caminhar. Assim, sendo essa no\u00e7\u00e3o de ser OR\u00cd-entada ligada tamb\u00e9m ao espa\u00e7o, podemos pensar que ser OR\u00cd-entado implica na constru\u00e7\u00e3o de um novo espa\u00e7o, de um novo mundo, de uma nova realidade. Ou, como nos ensina Beatriz Nascimento, implica a cria\u00e7\u00e3o ou recria\u00e7\u00e3o de uma na\u00e7\u00e3o, o que, para as tradi\u00e7\u00f5es religiosas de matriz africana no Brasil, remontam a um territ\u00f3rio m\u00edtico, hist\u00f3rico, pessoal, simb\u00f3lico e material. Uma na\u00e7\u00e3o que envolve uma no\u00e7\u00e3o de pertencimento. Ser de uma na\u00e7\u00e3o \u00e9 ser uma na\u00e7\u00e3o. \u00c9 ser coletivo, \u00e9 ser solid\u00e1ria, enfrentar os conflitos no coletivo e coletivamente criar espa\u00e7os para o acolhimento e para os afetos. E \u00e9 atrav\u00e9s da mem-OR\u00cd-a, que sobrevive nos caminhos tortuosos do apagamento, que pretendemos pensar o <a href=\"https:\/\/bit.ly\/3JczSfQ\" target=\"_blank\" rel=\"noopener\">legado de Marielle<\/a>, das <a href=\"https:\/\/bit.ly\/2Ivzm24\" target=\"_blank\" rel=\"noopener\">sementes que insistem em brotar<\/a>.&#8221; \u2014 Thula Pires<\/p><\/blockquote>\n<p><a href=\"https:\/\/rioonwatch.org.br\/wp-content\/uploads\/2022\/07\/Centenas-participam-da-aula-publica-sobre-memoria-realizada-na-inauguracao-da-estatua-de-Marielle-Franco.-Foto-Alexandre-Cerqueira-ComCat-scaled.jpg\"><img loading=\"lazy\" decoding=\"async\" class=\"aligncenter wp-image-62281\" title=\"Centenas participam da aula p\u00fablica sobre mem\u00f3ria realizada na inaugura\u00e7\u00e3o da est\u00e1tua de Marielle Franco. Foto: Alexandre Cerqueira\/ComCat\" src=\"https:\/\/rioonwatch.org.br\/wp-content\/uploads\/2022\/07\/Centenas-participam-da-aula-publica-sobre-memoria-realizada-na-inauguracao-da-estatua-de-Marielle-Franco.-Foto-Alexandre-Cerqueira-ComCat-scaled.jpg\" alt=\"Centenas participam da aula p\u00fablica sobre mem\u00f3ria realizada na inaugura\u00e7\u00e3o da est\u00e1tua de Marielle Franco. Foto: Alexandre Cerqueira\/ComCat\" width=\"1030\" height=\"687\" srcset=\"https:\/\/rioonwatch.org.br\/wp-content\/uploads\/2022\/07\/Centenas-participam-da-aula-publica-sobre-memoria-realizada-na-inauguracao-da-estatua-de-Marielle-Franco.-Foto-Alexandre-Cerqueira-ComCat-scaled.jpg 2560w, https:\/\/rioonwatch.org.br\/wp-content\/uploads\/2022\/07\/Centenas-participam-da-aula-publica-sobre-memoria-realizada-na-inauguracao-da-estatua-de-Marielle-Franco.-Foto-Alexandre-Cerqueira-ComCat-620x413.jpg 620w, https:\/\/rioonwatch.org.br\/wp-content\/uploads\/2022\/07\/Centenas-participam-da-aula-publica-sobre-memoria-realizada-na-inauguracao-da-estatua-de-Marielle-Franco.-Foto-Alexandre-Cerqueira-ComCat-944x629.jpg 944w\" sizes=\"(max-width: 1030px) 100vw, 1030px\" \/><\/a><\/p>\n<p>Eliana Alves Cruz, escritora e amiga de Marielle, foi a \u00faltima a lecionar na aula p\u00fablica sobre mem\u00f3ria antes do fim da cerim\u00f4nia. A partir de um ponto de vista pessoal, ela destacou a import\u00e2ncia de mais atos como essa inaugura\u00e7\u00e3o, mais esfor\u00e7os no sentido de documentar a hist\u00f3ria de negros e ind\u00edgenas brasileiros.<\/p>\n<blockquote><p>&#8220;Sentada aqui, de frente para Marielle, me lembro da \u00faltima vez que eu estive com ela. Foi num sal\u00e3o de cabeleireiro. Eu e ela, uma sentada do lado da outra, olhando no espelho, olhando nosso or\u00ed. O desaparecimento dela significou muito para o pa\u00eds, para o Rio e para minha fam\u00edlia em particular. Por que estou aqui? Sou uma escritora que come\u00e7ou na literatura com um romance que mapeou a hist\u00f3ria da minha pr\u00f3pria fam\u00edlia, da \u00c1frica at\u00e9 o Brasil, um recorte 170 anos de hist\u00f3ria, e que vem at\u00e9 os nossos dias. \u00c9 o romance <a href=\"https:\/\/bit.ly\/3zHheu1\" target=\"_blank\" rel=\"noopener\"><em>\u00c1gua de Barrela<\/em><\/a>, depois escrevi <a href=\"https:\/\/bit.ly\/3bi4K2K\" target=\"_blank\" rel=\"noopener\"><em>O Crime do Cais do Valongo<\/em><\/a>, <a href=\"https:\/\/amzn.to\/3bbpJ7r\" target=\"_blank\" rel=\"noopener\"><em>Nada Digo de Ti que em Ti N\u00e3o Veja<\/em><\/a>, e, mais atualmente, <a href=\"https:\/\/bit.ly\/3vsGyBI\" target=\"_blank\" rel=\"noopener\"><em>Solit\u00e1ria<\/em><\/a>. Ent\u00e3o, eu sou uma escritora, algu\u00e9m que essencialmente conta hist\u00f3ria. Algu\u00e9m que precisa beber na fonte da mem\u00f3ria, que precisa entender o que vai dentro de cada pessoa. Ent\u00e3o, observo. Se n\u00e3o fossem as pegadas de quem veio antes, n\u00f3s jamais estar\u00edamos aqui. N\u00f3s somos frutos dessa corrente longa. E uma est\u00e1tua \u00e9 muito importante porque \u00e9 documento. Por que que eu consegui mapear a hist\u00f3ria da minha fam\u00edlia? Porque eu encontrei documentos, havia materialidade. A fala \u00e9 bacana, a gente lembra, a gente se afeta pelo que uma pessoa diz, mas \u00e9 preciso deixar o vest\u00edgio. \u00c9 preciso documentar. \u00c9 preciso lutar para ter nossa hist\u00f3ria escrita e registrada. N\u00f3s estamos aqui hoje nessa pra\u00e7a fazendo o caminho contr\u00e1rio \u00e0 <a href=\"https:\/\/bit.ly\/3BrOK8R\" target=\"_blank\" rel=\"noopener\">\u00e1rvore do esquecimento<\/a>&#8230; Estamos subvertendo o tempo. Estamos lembrando! \u00c9 preciso lembrar!&#8230; Ancestralidade n\u00e3o \u00e9 apenas falar do passado, mas do presente e do futuro! Uma pessoa como Marielle, que exercia a pol\u00edtica da forma mais alegre que eu j\u00e1 havia visto at\u00e9 aquele momento&#8230; Como ela usava o mandato de forma feliz!&#8230; As pessoas [antes dela] tentavam me convencer de que elas fariam alguma coisa de \u00fatil para minha vida, uma vis\u00e3o completamente utilit\u00e1ria, muito ego\u00edsta sobre o que \u00e9 estar em comunidade. A comunidade \u00e9 mais que eu, eu um dia vou passar, mas a comunidade fica. Preciso pensar em quem vem depois, quando eu j\u00e1 n\u00e3o estiver aqui. Isso \u00e9 fazer pol\u00edtica da forma correta, pensar numa coletividade&#8230; Pensar nas pessoas como parte de uma enorme fam\u00edlia, que \u00e9 o que sinto aqui hoje.&#8221; \u2014 Eliana Alves Cruz<\/p><\/blockquote>\n<p>Ela fez quest\u00e3o de destacar tamb\u00e9m o car\u00e1ter absolutamente cotidiano da Hist\u00f3ria.<\/p>\n<blockquote><p>&#8220;Essa minha imagem no sal\u00e3o conversando com Marielle, falando de coisas absolutamente corriqueiras e que, por serem corriqueiras, s\u00e3o absolutamente profundas, transforma em letras a mem\u00f3ria. Porque a Hist\u00f3ria n\u00e3o se faz s\u00f3 do <a href=\"https:\/\/bit.ly\/3cO1UTu\" target=\"_blank\" rel=\"noopener\">Grito do Ipiranga<\/a>. A Hist\u00f3ria se faz assim, nas ruas, principalmente nas coisas mi\u00fadas da vida.&#8221; \u2014 Eliana Alves Cruz<\/p><\/blockquote>\n<p><a href=\"https:\/\/rioonwatch.org.br\/wp-content\/uploads\/2022\/07\/Publico-ouve-com-atencao-as-mensagens-passadas-na-aula-publica-sobre-memoria-proferida-pela-professora-Thula-Pires-e-pela-escritora-Eliana-Alves-Cruz-na-inauguracao-da-estatua-de-Marielle-scaled.jpg\"><img loading=\"lazy\" decoding=\"async\" class=\"aligncenter wp-image-62280\" title=\"P\u00fablico ouve com aten\u00e7\u00e3o \u00e0s mensagens passadas na aula p\u00fablica sobre mem\u00f3ria proferida pela professora Thula Pires e pela escritora Eliana Alves Cruz na inaugura\u00e7\u00e3o da est\u00e1tua de Marielle Franco. Foto: Alexandre Cerqueira\/ComCat\" src=\"https:\/\/rioonwatch.org.br\/wp-content\/uploads\/2022\/07\/Publico-ouve-com-atencao-as-mensagens-passadas-na-aula-publica-sobre-memoria-proferida-pela-professora-Thula-Pires-e-pela-escritora-Eliana-Alves-Cruz-na-inauguracao-da-estatua-de-Marielle-scaled.jpg\" alt=\"P\u00fablico ouve com aten\u00e7\u00e3o \u00e0s mensagens passadas na aula p\u00fablica sobre mem\u00f3ria proferida pela professora Thula Pires e pela escritora Eliana Alves Cruz na inaugura\u00e7\u00e3o da est\u00e1tua de Marielle Franco. Foto: Alexandre Cerqueira\/ComCat\" width=\"1030\" height=\"687\" srcset=\"https:\/\/rioonwatch.org.br\/wp-content\/uploads\/2022\/07\/Publico-ouve-com-atencao-as-mensagens-passadas-na-aula-publica-sobre-memoria-proferida-pela-professora-Thula-Pires-e-pela-escritora-Eliana-Alves-Cruz-na-inauguracao-da-estatua-de-Marielle-scaled.jpg 2560w, https:\/\/rioonwatch.org.br\/wp-content\/uploads\/2022\/07\/Publico-ouve-com-atencao-as-mensagens-passadas-na-aula-publica-sobre-memoria-proferida-pela-professora-Thula-Pires-e-pela-escritora-Eliana-Alves-Cruz-na-inauguracao-da-estatua-de-Marielle-620x413.jpg 620w, https:\/\/rioonwatch.org.br\/wp-content\/uploads\/2022\/07\/Publico-ouve-com-atencao-as-mensagens-passadas-na-aula-publica-sobre-memoria-proferida-pela-professora-Thula-Pires-e-pela-escritora-Eliana-Alves-Cruz-na-inauguracao-da-estatua-de-Marielle-944x629.jpg 944w\" sizes=\"(max-width: 1030px) 100vw, 1030px\" \/><\/a><\/p>\n<p>Ao fechar sua fala, a escritora diz que entende o assassinato de Marielle como uma tentativa extrema de apagamento. Diz que reafirmar a mem\u00f3ria de Marielle \u00e9 uma a\u00e7\u00e3o fundamental contra esse apagamento e que faz a vida se impor. E conclui pondo em xeque o <a href=\"https:\/\/bit.ly\/31YlyDk\" target=\"_blank\" rel=\"noopener\">mito de que o brasileiro n\u00e3o tem mem\u00f3ria<\/a>. Segundo ela:<\/p>\n<blockquote><p>&#8220;O Brasil n\u00e3o \u00e9 um pa\u00eds sem mem\u00f3ria. O Brasil lembra. A quest\u00e3o \u00e9 a mem\u00f3ria seletiva do Brasil. O Brasil quer esquecer determinadas coisas e lembrar de outras&#8230; E n\u00f3s n\u00e3o iremos esquecer!&#8221;<\/p><\/blockquote>\n<p><a href=\"https:\/\/rioonwatch.org.br\/wp-content\/uploads\/2022\/07\/Os-presentes-formam-um-circulo-para-ouvir-as-ministrantes-desta-aula-publica-sobre-memoria-realizada-na-inauguracao-da-estatua-de-Marielle-Franco.-Foto-Alexandre-Cerqueira-ComCat-scaled.jpg\"><img loading=\"lazy\" decoding=\"async\" class=\"aligncenter wp-image-62278\" title=\"Os presentes formam um c\u00edrculo para ouvir as ministrantes desta aula p\u00fablica sobre mem\u00f3ria realizada na inaugura\u00e7\u00e3o da est\u00e1tua de Marielle Franco. Foto: Alexandre Cerqueira\/ComCat\" src=\"https:\/\/rioonwatch.org.br\/wp-content\/uploads\/2022\/07\/Os-presentes-formam-um-circulo-para-ouvir-as-ministrantes-desta-aula-publica-sobre-memoria-realizada-na-inauguracao-da-estatua-de-Marielle-Franco.-Foto-Alexandre-Cerqueira-ComCat-scaled.jpg\" alt=\"Os presentes formam um c\u00edrculo para ouvir as ministrantes desta aula p\u00fablica sobre mem\u00f3ria realizada na inaugura\u00e7\u00e3o da est\u00e1tua de Marielle Franco. Foto: Alexandre Cerqueira\/ComCat\" width=\"1030\" height=\"687\" srcset=\"https:\/\/rioonwatch.org.br\/wp-content\/uploads\/2022\/07\/Os-presentes-formam-um-circulo-para-ouvir-as-ministrantes-desta-aula-publica-sobre-memoria-realizada-na-inauguracao-da-estatua-de-Marielle-Franco.-Foto-Alexandre-Cerqueira-ComCat-scaled.jpg 2560w, https:\/\/rioonwatch.org.br\/wp-content\/uploads\/2022\/07\/Os-presentes-formam-um-circulo-para-ouvir-as-ministrantes-desta-aula-publica-sobre-memoria-realizada-na-inauguracao-da-estatua-de-Marielle-Franco.-Foto-Alexandre-Cerqueira-ComCat-620x413.jpg 620w, https:\/\/rioonwatch.org.br\/wp-content\/uploads\/2022\/07\/Os-presentes-formam-um-circulo-para-ouvir-as-ministrantes-desta-aula-publica-sobre-memoria-realizada-na-inauguracao-da-estatua-de-Marielle-Franco.-Foto-Alexandre-Cerqueira-ComCat-944x629.jpg 944w\" sizes=\"(max-width: 1030px) 100vw, 1030px\" \/><\/a><\/p>\n<p>Neste pa\u00eds marcado pelo esquecimento seletivo e pelo <a href=\"https:\/\/bit.ly\/3PL24d3\" target=\"_blank\" rel=\"noopener\">apagamento dos n\u00e3o-brancos<\/a>, justamente no Lume, um lugar t\u00e3o marcado historicamente pela voz de Marielle, o Instituto Marielle Franco teve uma ideia tecnol\u00f3gica para aproximar o p\u00fablico ainda mais da mem\u00f3ria e legado da parlamentar. Al\u00e9m da est\u00e1tua, foram espalhadas pelos postes da pra\u00e7a folhas com QR Codes que redirecionam aqueles que apontam o celular para discursos hist\u00f3ricos da parlamentar na <a href=\"https:\/\/bit.ly\/3jIhz5K\" target=\"_blank\" rel=\"noopener\">C\u00e2mara dos Vereadores<\/a>, recurso chamado de &#8220;<a href=\"https:\/\/bit.ly\/3zIqLRF\" target=\"_blank\" rel=\"noopener\">A Voz de Marielle<\/a>&#8220;.<\/p>\n<p><a href=\"https:\/\/rioonwatch.org.br\/wp-content\/uploads\/2022\/07\/Colagens-A-Voz-de-Marielle-sao-afixadas-nos-postes-da-praca-do-Buraco-do-Lume.-Atraves-de-um-QR-Code-e-possivel-escutar-discursos-historicos-proferidos-pela-parlamentar.-Foto-Alexandre-C-scaled.jpg\"><img loading=\"lazy\" decoding=\"async\" class=\"aligncenter wp-image-62271\" title=\"Colagens 'A Voz de Marielle' s\u00e3o afixadas nos postes da pra\u00e7a do Buraco do Lume. Atrav\u00e9s de um QR Code, \u00e9 poss\u00edvel escutar discursos hist\u00f3ricos proferidos pela parlamentar. Foto: Alexandre Cerqueira\/ComCat\" src=\"https:\/\/rioonwatch.org.br\/wp-content\/uploads\/2022\/07\/Colagens-A-Voz-de-Marielle-sao-afixadas-nos-postes-da-praca-do-Buraco-do-Lume.-Atraves-de-um-QR-Code-e-possivel-escutar-discursos-historicos-proferidos-pela-parlamentar.-Foto-Alexandre-C-scaled.jpg\" alt=\"Colagens 'A Voz de Marielle' s\u00e3o afixadas nos postes da pra\u00e7a do Buraco do Lume. Atrav\u00e9s de um QR Code, \u00e9 poss\u00edvel escutar discursos hist\u00f3ricos proferidos pela parlamentar. Foto: Alexandre Cerqueira\/ComCat\" width=\"1030\" height=\"687\" srcset=\"https:\/\/rioonwatch.org.br\/wp-content\/uploads\/2022\/07\/Colagens-A-Voz-de-Marielle-sao-afixadas-nos-postes-da-praca-do-Buraco-do-Lume.-Atraves-de-um-QR-Code-e-possivel-escutar-discursos-historicos-proferidos-pela-parlamentar.-Foto-Alexandre-C-scaled.jpg 2560w, https:\/\/rioonwatch.org.br\/wp-content\/uploads\/2022\/07\/Colagens-A-Voz-de-Marielle-sao-afixadas-nos-postes-da-praca-do-Buraco-do-Lume.-Atraves-de-um-QR-Code-e-possivel-escutar-discursos-historicos-proferidos-pela-parlamentar.-Foto-Alexandre-C-620x413.jpg 620w, https:\/\/rioonwatch.org.br\/wp-content\/uploads\/2022\/07\/Colagens-A-Voz-de-Marielle-sao-afixadas-nos-postes-da-praca-do-Buraco-do-Lume.-Atraves-de-um-QR-Code-e-possivel-escutar-discursos-historicos-proferidos-pela-parlamentar.-Foto-Alexandre-C-944x629.jpg 944w\" sizes=\"(max-width: 1030px) 100vw, 1030px\" \/><\/a><\/p>\n<p>Esse olhar para o passado para a constru\u00e7\u00e3o de um futuro melhor \u00e9 uma <a href=\"https:\/\/bit.ly\/3JGIGet\" target=\"_blank\" rel=\"noopener\">tecnologia ancestral<\/a> de culturas negras na di\u00e1spora empregada para adquirir conhecimento e sabedoria, atrav\u00e9s de uma busca da heran\u00e7a dos antepassados. Como um <a href=\"http:\/\/bit.ly\/380LqlY\" target=\"_blank\" rel=\"noopener\">Adinkra<\/a> das popula\u00e7\u00f5es <a href=\"https:\/\/bit.ly\/3oFnwUJ\" target=\"_blank\" rel=\"noopener\"><em>Akan<\/em><\/a>, origin\u00e1rias de Gana, em \u00c1frica, a est\u00e1tua de Marielle \u00e9 <a href=\"https:\/\/bit.ly\/38DzS7p\" target=\"_blank\" rel=\"noopener\">Sankofa<\/a>, um s\u00edmbolo Akan que exprime a ideia de &#8220;San (voltar, retornar)&#8221;, &#8220;Ko (ir)&#8221;, &#8220;Fa (olhar, buscar, pegar)&#8221;. \u00c9 preciso &#8220;retornar para buscar&#8221; o que Marielle deixou como legado.<\/p>\n<blockquote><p>&#8220;Afinal, n\u00e3o \u00e9 s\u00f3 o que se deixa, mas \u00e9 o que se leva adiante.&#8221; \u2014 M\u00f4nica Ben\u00edcio<\/p><\/blockquote>\n<p><a href=\"https:\/\/rioonwatch.org.br\/wp-content\/uploads\/2022\/07\/Familia-de-Marielle-Franco-posa-ao-lado-de-sua-estatua-no-final-da-cerimonia-de-inauguracao-do-monumento-realizada-no-dia-em-que-a-vereadora-completaria-43-anos.-Foto-Alexandre-Cerqueira-scaled.jpg\"><img loading=\"lazy\" decoding=\"async\" class=\"aligncenter wp-image-62277\" title=\"Fam\u00edlia de Marielle Franco posa ao lado de sua est\u00e1tua no final da cerim\u00f4nia de inaugura\u00e7\u00e3o do monumento, realizada no dia em que a vereadora completaria 43 anos. Foto: Alexandre Cerqueira\/ComCat\" src=\"https:\/\/rioonwatch.org.br\/wp-content\/uploads\/2022\/07\/Familia-de-Marielle-Franco-posa-ao-lado-de-sua-estatua-no-final-da-cerimonia-de-inauguracao-do-monumento-realizada-no-dia-em-que-a-vereadora-completaria-43-anos.-Foto-Alexandre-Cerqueira-scaled.jpg\" alt=\"Fam\u00edlia de Marielle Franco posa ao lado de sua est\u00e1tua no final da cerim\u00f4nia de inaugura\u00e7\u00e3o do monumento, realizada no dia em que a vereadora completaria 43 anos. Foto: Alexandre Cerqueira\/ComCat\" width=\"1030\" height=\"687\" srcset=\"https:\/\/rioonwatch.org.br\/wp-content\/uploads\/2022\/07\/Familia-de-Marielle-Franco-posa-ao-lado-de-sua-estatua-no-final-da-cerimonia-de-inauguracao-do-monumento-realizada-no-dia-em-que-a-vereadora-completaria-43-anos.-Foto-Alexandre-Cerqueira-scaled.jpg 2560w, https:\/\/rioonwatch.org.br\/wp-content\/uploads\/2022\/07\/Familia-de-Marielle-Franco-posa-ao-lado-de-sua-estatua-no-final-da-cerimonia-de-inauguracao-do-monumento-realizada-no-dia-em-que-a-vereadora-completaria-43-anos.-Foto-Alexandre-Cerqueira-620x413.jpg 620w, https:\/\/rioonwatch.org.br\/wp-content\/uploads\/2022\/07\/Familia-de-Marielle-Franco-posa-ao-lado-de-sua-estatua-no-final-da-cerimonia-de-inauguracao-do-monumento-realizada-no-dia-em-que-a-vereadora-completaria-43-anos.-Foto-Alexandre-Cerqueira-944x629.jpg 944w\" sizes=\"(max-width: 1030px) 100vw, 1030px\" \/><\/a><\/p>\n<p>Antes, o dia 27 de julho era cheio dos sons das gargalhadas abertas de Marielle. Em contraste, hoje, esse \u00e9 um dia onde os gritos de <a href=\"https:\/\/bit.ly\/3oKW33S\" target=\"_blank\" rel=\"noopener\">#Justi\u00e7aPorMarielleFranco<\/a> e <a href=\"https:\/\/bit.ly\/3Q1iHBr\" target=\"_blank\" rel=\"noopener\">#MariellePresente<\/a> embalam a saudade da fam\u00edlia e amigos. A trilha da celebra\u00e7\u00e3o da vida de Marielle n\u00e3o \u00e9 mais seu sorriso. \u00c9 a sua mem\u00f3ria que ressoa na luta de milh\u00f5es.<\/p>\n<p><a href=\"https:\/\/rioonwatch.org.br\/wp-content\/uploads\/2022\/07\/Publico-compareceu-em-peso-e-ficou-ate-o-final-da-inauguracao-da-estatua-de-Marielle-Franco.-Foto-Alexandre-Cerqueira-ComCat-scaled.jpg\"><img loading=\"lazy\" decoding=\"async\" class=\"aligncenter wp-image-62276\" title=\"P\u00fablico compareceu em peso e ficou at\u00e9 o final da inaugura\u00e7\u00e3o da est\u00e1tua de Marielle Franco. Foto: Alexandre Cerqueira\/ComCat\" src=\"https:\/\/rioonwatch.org.br\/wp-content\/uploads\/2022\/07\/Publico-compareceu-em-peso-e-ficou-ate-o-final-da-inauguracao-da-estatua-de-Marielle-Franco.-Foto-Alexandre-Cerqueira-ComCat-scaled.jpg\" alt=\"P\u00fablico compareceu em peso e ficou at\u00e9 o final da inaugura\u00e7\u00e3o da est\u00e1tua de Marielle Franco. Foto: Alexandre Cerqueira\/ComCat\" width=\"1030\" height=\"687\" srcset=\"https:\/\/rioonwatch.org.br\/wp-content\/uploads\/2022\/07\/Publico-compareceu-em-peso-e-ficou-ate-o-final-da-inauguracao-da-estatua-de-Marielle-Franco.-Foto-Alexandre-Cerqueira-ComCat-scaled.jpg 2560w, https:\/\/rioonwatch.org.br\/wp-content\/uploads\/2022\/07\/Publico-compareceu-em-peso-e-ficou-ate-o-final-da-inauguracao-da-estatua-de-Marielle-Franco.-Foto-Alexandre-Cerqueira-ComCat-620x413.jpg 620w, https:\/\/rioonwatch.org.br\/wp-content\/uploads\/2022\/07\/Publico-compareceu-em-peso-e-ficou-ate-o-final-da-inauguracao-da-estatua-de-Marielle-Franco.-Foto-Alexandre-Cerqueira-ComCat-944x629.jpg 944w\" sizes=\"(max-width: 1030px) 100vw, 1030px\" \/><\/a><\/p>\n<p>N\u00e3o basta eleger mulheres negras, <a href=\"https:\/\/bit.ly\/3PUjZ0u\" target=\"_blank\" rel=\"noopener\">\u00e9 preciso proteg\u00ea-las, garantir que permane\u00e7am vivas e que exer\u00e7am os mandatos para os quais foram eleitas<\/a>.<\/p>\n<p><a href=\"https:\/\/rioonwatch.org.br\/wp-content\/uploads\/2022\/07\/Estatua-de-Marielle-Franco-e-iluminada-pela-primeira-vez-para-o-publico-no-Buraco-do-Lume.-Foto-Alexandre-Cerqueira-ComCat-scaled.jpg\"><img loading=\"lazy\" decoding=\"async\" class=\"aligncenter wp-image-62275\" title=\"Est\u00e1tua de Marielle Franco \u00e9 iluminada pela primeira vez para o p\u00fablico no Buraco do Lume. Foto: Alexandre Cerqueira\/ComCat\" src=\"https:\/\/rioonwatch.org.br\/wp-content\/uploads\/2022\/07\/Estatua-de-Marielle-Franco-e-iluminada-pela-primeira-vez-para-o-publico-no-Buraco-do-Lume.-Foto-Alexandre-Cerqueira-ComCat-scaled.jpg\" alt=\"Est\u00e1tua de Marielle Franco \u00e9 iluminada pela primeira vez para o p\u00fablico no Buraco do Lume. Foto: Alexandre Cerqueira\/ComCat\" width=\"1030\" height=\"687\" srcset=\"https:\/\/rioonwatch.org.br\/wp-content\/uploads\/2022\/07\/Estatua-de-Marielle-Franco-e-iluminada-pela-primeira-vez-para-o-publico-no-Buraco-do-Lume.-Foto-Alexandre-Cerqueira-ComCat-scaled.jpg 2560w, https:\/\/rioonwatch.org.br\/wp-content\/uploads\/2022\/07\/Estatua-de-Marielle-Franco-e-iluminada-pela-primeira-vez-para-o-publico-no-Buraco-do-Lume.-Foto-Alexandre-Cerqueira-ComCat-620x413.jpg 620w, https:\/\/rioonwatch.org.br\/wp-content\/uploads\/2022\/07\/Estatua-de-Marielle-Franco-e-iluminada-pela-primeira-vez-para-o-publico-no-Buraco-do-Lume.-Foto-Alexandre-Cerqueira-ComCat-944x629.jpg 944w\" sizes=\"(max-width: 1030px) 100vw, 1030px\" \/><\/a><\/p>\n<hr \/>\n<h4><strong>Apoie nossos esfor\u00e7os para fornecer assist\u00eancia estrat\u00e9gica \u00e0s favelas do Rio, incluindo o jornalismo hiperlocal, cr\u00edtico, inovador e incans\u00e1vel do\u00a0<em>RioOnWatch<\/em><\/strong>\u2014<a href=\"http:\/\/bit.ly\/CatalisandoComunidades\" target=\"_blank\" rel=\"noopener\">doe aqui<\/a>.<\/h4>\n<!-- AddThis Advanced Settings generic via filter on the_content --><!-- AddThis Share Buttons generic via filter on the_content -->","protected":false},"excerpt":{"rendered":"<div class=\"mh-excerpt\"><p>Click Here for English No dia 27 de julho de 2022, data que teria sido seu anivers\u00e1rio de 43 anos, aconteceu a inaugura\u00e7\u00e3o da est\u00e1tua da Vereadora Marielle Franco, feita pelo artista Edgar Duvivier, no <a class=\"mh-excerpt-more\" href=\"https:\/\/rioonwatch.org.br\/?p=62249\" title=\"Anivers\u00e1rio de Marielle Franco \u00c9 Celebrado com Inaugura\u00e7\u00e3o de Est\u00e1tua da Parlamentar e Aula P\u00fablica de Mulheres Negras no Buraco do Lume, no Centro do Rio de Janeiro [IMAGENS]\">[&#8230;]<\/a><!-- AddThis Advanced Settings generic via filter on get_the_excerpt --><!-- AddThis Share Buttons generic via filter on get_the_excerpt --><\/p>\n<\/div>","protected":false},"author":167,"featured_media":62251,"comment_status":"closed","ping_status":"closed","sticky":false,"template":"template-full.php","format":"standard","meta":{"_acf_changed":false,"_monsterinsights_skip_tracking":false,"_monsterinsights_sitenote_active":false,"_monsterinsights_sitenote_note":"","_monsterinsights_sitenote_category":0,"footnotes":""},"categories":[1621,1627,3175,1633,1612],"tags":[1259,1754,259,332,513,333,922,83,128,2312,511,2033,469,1403,797,1970,1989,125,2387],"writer":[2879,2881],"translator":[],"source":[],"ilustrador":[],"fotografo":[3133],"class_list":{"0":"post-62249","1":"post","2":"type-post","3":"status-publish","4":"format-standard","5":"has-post-thumbnail","7":"category-destaque","8":"category-relato-de-evento","9":"category-democracia","10":"category-foto-reportagens","11":"category-sociedade-civil","12":"tag-assassinato","13":"tag-camara-dos-vereadores","14":"tag-centro","15":"tag-complexo-da-mare","16":"tag-cultura-afro-brasileira","17":"tag-diaspora","18":"tag-evento","19":"tag-fotografia","20":"tag-historia","21":"tag-legado-de-marielle","22":"tag-literatura","23":"tag-marielle-franco","24":"tag-memoria","25":"tag-movimento-negro","26":"tag-movimentos-sociais","27":"tag-negritude","28":"tag-psol","29":"tag-religiao","30":"tag-violencia-contra-a-mulher","31":"writer-alexandre-cerqueira","32":"writer-julio-santos-filho","33":"fotografo-alexandre-cerqueira"},"acf":[],"yoast_head":"<!-- This site is optimized with the Yoast SEO plugin v25.6 - https:\/\/yoast.com\/wordpress\/plugins\/seo\/ -->\n<title>Anivers\u00e1rio de Marielle Franco \u00c9 Celebrado com Inaugura\u00e7\u00e3o de Est\u00e1tua da Parlamentar e Aula P\u00fablica de Mulheres Negras no Buraco do Lume, no Centro do Rio de Janeiro [IMAGENS] - RioOnWatch<\/title>\n<meta name=\"robots\" content=\"index, follow, max-snippet:-1, max-image-preview:large, max-video-preview:-1\" \/>\n<link rel=\"canonical\" href=\"https:\/\/rioonwatch.org.br\/?p=62249\" \/>\n<meta property=\"og:locale\" content=\"pt_BR\" \/>\n<meta property=\"og:type\" content=\"article\" \/>\n<meta property=\"og:title\" content=\"Anivers\u00e1rio de Marielle Franco \u00c9 Celebrado com Inaugura\u00e7\u00e3o de Est\u00e1tua da Parlamentar e Aula P\u00fablica de Mulheres Negras no Buraco do Lume, no Centro do Rio de Janeiro [IMAGENS] - RioOnWatch\" \/>\n<meta property=\"og:description\" content=\"Click Here for English No dia 27 de julho de 2022, data que teria sido seu anivers\u00e1rio de 43 anos, aconteceu a inaugura\u00e7\u00e3o da est\u00e1tua da Vereadora Marielle Franco, feita pelo artista Edgar Duvivier, no [...]\" \/>\n<meta property=\"og:url\" content=\"https:\/\/rioonwatch.org.br\/?p=62249\" \/>\n<meta property=\"og:site_name\" content=\"RioOnWatch\" \/>\n<meta property=\"article:published_time\" content=\"2022-08-02T12:46:43+00:00\" \/>\n<meta property=\"article:modified_time\" content=\"2024-06-20T16:45:46+00:00\" \/>\n<meta property=\"og:image\" content=\"https:\/\/rioonwatch.org.br\/wp-content\/uploads\/2022\/07\/No-dia-27-de-julho-de-2022-aconteceu-a-inauguracao-da-estatua-de-Marielle-Franco-feita-pelo-artista-Edgar-Duvivier-no-Buraco-do-Lume-espaco-historico-de-atuacao-da-parlamentar-no-Centro-da-cidade.-scaled.jpg\" \/>\n\t<meta property=\"og:image:width\" content=\"2560\" \/>\n\t<meta property=\"og:image:height\" content=\"1707\" \/>\n\t<meta property=\"og:image:type\" content=\"image\/jpeg\" \/>\n<meta name=\"author\" content=\"Julio Santos Filho\" \/>\n<meta name=\"twitter:card\" content=\"summary_large_image\" \/>\n<meta name=\"twitter:label1\" content=\"Escrito por\" \/>\n\t<meta name=\"twitter:data1\" content=\"Julio Santos Filho\" \/>\n\t<meta name=\"twitter:label2\" content=\"Est. tempo de leitura\" \/>\n\t<meta name=\"twitter:data2\" content=\"15 minutos\" \/>\n<script type=\"application\/ld+json\" class=\"yoast-schema-graph\">{\"@context\":\"https:\/\/schema.org\",\"@graph\":[{\"@type\":\"Article\",\"@id\":\"https:\/\/rioonwatch.org.br\/?p=62249#article\",\"isPartOf\":{\"@id\":\"https:\/\/rioonwatch.org.br\/?p=62249\"},\"author\":{\"name\":\"Julio Santos Filho\",\"@id\":\"https:\/\/rioonwatch.org.br\/#\/schema\/person\/476bc75767957d3535b65b796667cd36\"},\"headline\":\"Anivers\u00e1rio de Marielle Franco \u00c9 Celebrado com Inaugura\u00e7\u00e3o de Est\u00e1tua da Parlamentar e Aula P\u00fablica de Mulheres Negras no Buraco do Lume, no Centro do Rio de Janeiro [IMAGENS]\",\"datePublished\":\"2022-08-02T12:46:43+00:00\",\"dateModified\":\"2024-06-20T16:45:46+00:00\",\"mainEntityOfPage\":{\"@id\":\"https:\/\/rioonwatch.org.br\/?p=62249\"},\"wordCount\":2258,\"publisher\":{\"@id\":\"https:\/\/rioonwatch.org.br\/#organization\"},\"image\":{\"@id\":\"https:\/\/rioonwatch.org.br\/?p=62249#primaryimage\"},\"thumbnailUrl\":\"https:\/\/rioonwatch.org.br\/wp-content\/uploads\/2022\/07\/No-dia-27-de-julho-de-2022-aconteceu-a-inauguracao-da-estatua-de-Marielle-Franco-feita-pelo-artista-Edgar-Duvivier-no-Buraco-do-Lume-espaco-historico-de-atuacao-da-parlamentar-no-Centro-da-cidade.-scaled.jpg\",\"keywords\":[\"assassinato\",\"C\u00e2mara dos Vereadores\",\"Centro\",\"Complexo da Mar\u00e9\",\"Cultura Afro-brasileira\",\"Di\u00e1spora Africana\",\"evento\",\"fotografia\",\"hist\u00f3ria\",\"Legado de Marielle\",\"literatura\",\"Marielle Franco\",\"Mem\u00f3rias Faveladas\",\"Movimento negro\",\"movimentos sociais\",\"negritude\",\"PSOL\",\"religi\u00e3o\",\"viol\u00eancia contra a mulher\"],\"articleSection\":[\"*Destaque\",\"Cobertura de Eventos\",\"Democracia\",\"Fotorreportagens\",\"Sociedade Civil\"],\"inLanguage\":\"pt-BR\"},{\"@type\":\"WebPage\",\"@id\":\"https:\/\/rioonwatch.org.br\/?p=62249\",\"url\":\"https:\/\/rioonwatch.org.br\/?p=62249\",\"name\":\"Anivers\u00e1rio de Marielle Franco \u00c9 Celebrado com Inaugura\u00e7\u00e3o de Est\u00e1tua da Parlamentar e Aula P\u00fablica de Mulheres Negras no Buraco do Lume, no Centro do Rio de Janeiro [IMAGENS] - RioOnWatch\",\"isPartOf\":{\"@id\":\"https:\/\/rioonwatch.org.br\/#website\"},\"primaryImageOfPage\":{\"@id\":\"https:\/\/rioonwatch.org.br\/?p=62249#primaryimage\"},\"image\":{\"@id\":\"https:\/\/rioonwatch.org.br\/?p=62249#primaryimage\"},\"thumbnailUrl\":\"https:\/\/rioonwatch.org.br\/wp-content\/uploads\/2022\/07\/No-dia-27-de-julho-de-2022-aconteceu-a-inauguracao-da-estatua-de-Marielle-Franco-feita-pelo-artista-Edgar-Duvivier-no-Buraco-do-Lume-espaco-historico-de-atuacao-da-parlamentar-no-Centro-da-cidade.-scaled.jpg\",\"datePublished\":\"2022-08-02T12:46:43+00:00\",\"dateModified\":\"2024-06-20T16:45:46+00:00\",\"breadcrumb\":{\"@id\":\"https:\/\/rioonwatch.org.br\/?p=62249#breadcrumb\"},\"inLanguage\":\"pt-BR\",\"potentialAction\":[{\"@type\":\"ReadAction\",\"target\":[\"https:\/\/rioonwatch.org.br\/?p=62249\"]}]},{\"@type\":\"ImageObject\",\"inLanguage\":\"pt-BR\",\"@id\":\"https:\/\/rioonwatch.org.br\/?p=62249#primaryimage\",\"url\":\"https:\/\/rioonwatch.org.br\/wp-content\/uploads\/2022\/07\/No-dia-27-de-julho-de-2022-aconteceu-a-inauguracao-da-estatua-de-Marielle-Franco-feita-pelo-artista-Edgar-Duvivier-no-Buraco-do-Lume-espaco-historico-de-atuacao-da-parlamentar-no-Centro-da-cidade.-scaled.jpg\",\"contentUrl\":\"https:\/\/rioonwatch.org.br\/wp-content\/uploads\/2022\/07\/No-dia-27-de-julho-de-2022-aconteceu-a-inauguracao-da-estatua-de-Marielle-Franco-feita-pelo-artista-Edgar-Duvivier-no-Buraco-do-Lume-espaco-historico-de-atuacao-da-parlamentar-no-Centro-da-cidade.-scaled.jpg\",\"width\":2560,\"height\":1707,\"caption\":\"No dia 27 de julho de 2022, aconteceu a inaugura\u00e7\u00e3o da est\u00e1tua de Marielle Franco, feita pelo artista Edgar Duvivier, no Buraco do Lume, no Centro, espa\u00e7o hist\u00f3rico de atua\u00e7\u00e3o pol\u00edtica da parlamentar do Complexo da Mar\u00e9, asassinada em 2018 a poucos quil\u00f4metros do local. Foto: Alexandre Cerqueira\/ComCat\"},{\"@type\":\"BreadcrumbList\",\"@id\":\"https:\/\/rioonwatch.org.br\/?p=62249#breadcrumb\",\"itemListElement\":[{\"@type\":\"ListItem\",\"position\":1,\"name\":\"In\u00edcio\",\"item\":\"https:\/\/rioonwatch.org.br\/\"},{\"@type\":\"ListItem\",\"position\":2,\"name\":\"Anivers\u00e1rio de Marielle Franco \u00c9 Celebrado com Inaugura\u00e7\u00e3o de Est\u00e1tua da Parlamentar e Aula P\u00fablica de Mulheres Negras no Buraco do Lume, no Centro do Rio de Janeiro [IMAGENS]\"}]},{\"@type\":\"WebSite\",\"@id\":\"https:\/\/rioonwatch.org.br\/#website\",\"url\":\"https:\/\/rioonwatch.org.br\/\",\"name\":\"RioOnWatch\",\"description\":\"relatos das favelas cariocas\",\"publisher\":{\"@id\":\"https:\/\/rioonwatch.org.br\/#organization\"},\"potentialAction\":[{\"@type\":\"SearchAction\",\"target\":{\"@type\":\"EntryPoint\",\"urlTemplate\":\"https:\/\/rioonwatch.org.br\/?s={search_term_string}\"},\"query-input\":{\"@type\":\"PropertyValueSpecification\",\"valueRequired\":true,\"valueName\":\"search_term_string\"}}],\"inLanguage\":\"pt-BR\"},{\"@type\":\"Organization\",\"@id\":\"https:\/\/rioonwatch.org.br\/#organization\",\"name\":\"RioOnWatch\",\"url\":\"https:\/\/rioonwatch.org.br\/\",\"logo\":{\"@type\":\"ImageObject\",\"inLanguage\":\"pt-BR\",\"@id\":\"https:\/\/rioonwatch.org.br\/#\/schema\/logo\/image\/\",\"url\":\"https:\/\/rioonwatch.org.br\/wp-content\/uploads\/2021\/06\/RioOnWatchcabecalhoPT11anos-2.png\",\"contentUrl\":\"https:\/\/rioonwatch.org.br\/wp-content\/uploads\/2021\/06\/RioOnWatchcabecalhoPT11anos-2.png\",\"width\":779,\"height\":277,\"caption\":\"RioOnWatch\"},\"image\":{\"@id\":\"https:\/\/rioonwatch.org.br\/#\/schema\/logo\/image\/\"}},{\"@type\":\"Person\",\"@id\":\"https:\/\/rioonwatch.org.br\/#\/schema\/person\/476bc75767957d3535b65b796667cd36\",\"name\":\"Julio Santos Filho\",\"image\":{\"@type\":\"ImageObject\",\"inLanguage\":\"pt-BR\",\"@id\":\"https:\/\/rioonwatch.org.br\/#\/schema\/person\/image\/\",\"url\":\"https:\/\/secure.gravatar.com\/avatar\/ca138f7666182a292a8ce4ca14fb81f8?s=96&d=blank&r=g\",\"contentUrl\":\"https:\/\/secure.gravatar.com\/avatar\/ca138f7666182a292a8ce4ca14fb81f8?s=96&d=blank&r=g\",\"caption\":\"Julio Santos Filho\"},\"url\":\"https:\/\/rioonwatch.org.br\/?author=167\"}]}<\/script>\n<!-- \/ Yoast SEO plugin. -->","yoast_head_json":{"title":"Anivers\u00e1rio de Marielle Franco \u00c9 Celebrado com Inaugura\u00e7\u00e3o de Est\u00e1tua da Parlamentar e Aula P\u00fablica de Mulheres Negras no Buraco do Lume, no Centro do Rio de Janeiro [IMAGENS] - RioOnWatch","robots":{"index":"index","follow":"follow","max-snippet":"max-snippet:-1","max-image-preview":"max-image-preview:large","max-video-preview":"max-video-preview:-1"},"canonical":"https:\/\/rioonwatch.org.br\/?p=62249","og_locale":"pt_BR","og_type":"article","og_title":"Anivers\u00e1rio de Marielle Franco \u00c9 Celebrado com Inaugura\u00e7\u00e3o de Est\u00e1tua da Parlamentar e Aula P\u00fablica de Mulheres Negras no Buraco do Lume, no Centro do Rio de Janeiro [IMAGENS] - RioOnWatch","og_description":"Click Here for English No dia 27 de julho de 2022, data que teria sido seu anivers\u00e1rio de 43 anos, aconteceu a inaugura\u00e7\u00e3o da est\u00e1tua da Vereadora Marielle Franco, feita pelo artista Edgar Duvivier, no [...]","og_url":"https:\/\/rioonwatch.org.br\/?p=62249","og_site_name":"RioOnWatch","article_published_time":"2022-08-02T12:46:43+00:00","article_modified_time":"2024-06-20T16:45:46+00:00","og_image":[{"width":2560,"height":1707,"url":"https:\/\/rioonwatch.org.br\/wp-content\/uploads\/2022\/07\/No-dia-27-de-julho-de-2022-aconteceu-a-inauguracao-da-estatua-de-Marielle-Franco-feita-pelo-artista-Edgar-Duvivier-no-Buraco-do-Lume-espaco-historico-de-atuacao-da-parlamentar-no-Centro-da-cidade.-scaled.jpg","type":"image\/jpeg"}],"author":"Julio Santos Filho","twitter_card":"summary_large_image","twitter_misc":{"Escrito por":"Julio Santos Filho","Est. tempo de leitura":"15 minutos"},"schema":{"@context":"https:\/\/schema.org","@graph":[{"@type":"Article","@id":"https:\/\/rioonwatch.org.br\/?p=62249#article","isPartOf":{"@id":"https:\/\/rioonwatch.org.br\/?p=62249"},"author":{"name":"Julio Santos Filho","@id":"https:\/\/rioonwatch.org.br\/#\/schema\/person\/476bc75767957d3535b65b796667cd36"},"headline":"Anivers\u00e1rio de Marielle Franco \u00c9 Celebrado com Inaugura\u00e7\u00e3o de Est\u00e1tua da Parlamentar e Aula P\u00fablica de Mulheres Negras no Buraco do Lume, no Centro do Rio de Janeiro [IMAGENS]","datePublished":"2022-08-02T12:46:43+00:00","dateModified":"2024-06-20T16:45:46+00:00","mainEntityOfPage":{"@id":"https:\/\/rioonwatch.org.br\/?p=62249"},"wordCount":2258,"publisher":{"@id":"https:\/\/rioonwatch.org.br\/#organization"},"image":{"@id":"https:\/\/rioonwatch.org.br\/?p=62249#primaryimage"},"thumbnailUrl":"https:\/\/rioonwatch.org.br\/wp-content\/uploads\/2022\/07\/No-dia-27-de-julho-de-2022-aconteceu-a-inauguracao-da-estatua-de-Marielle-Franco-feita-pelo-artista-Edgar-Duvivier-no-Buraco-do-Lume-espaco-historico-de-atuacao-da-parlamentar-no-Centro-da-cidade.-scaled.jpg","keywords":["assassinato","C\u00e2mara dos Vereadores","Centro","Complexo da Mar\u00e9","Cultura Afro-brasileira","Di\u00e1spora Africana","evento","fotografia","hist\u00f3ria","Legado de Marielle","literatura","Marielle Franco","Mem\u00f3rias Faveladas","Movimento negro","movimentos sociais","negritude","PSOL","religi\u00e3o","viol\u00eancia contra a mulher"],"articleSection":["*Destaque","Cobertura de Eventos","Democracia","Fotorreportagens","Sociedade Civil"],"inLanguage":"pt-BR"},{"@type":"WebPage","@id":"https:\/\/rioonwatch.org.br\/?p=62249","url":"https:\/\/rioonwatch.org.br\/?p=62249","name":"Anivers\u00e1rio de Marielle Franco \u00c9 Celebrado com Inaugura\u00e7\u00e3o de Est\u00e1tua da Parlamentar e Aula P\u00fablica de Mulheres Negras no Buraco do Lume, no Centro do Rio de Janeiro [IMAGENS] - RioOnWatch","isPartOf":{"@id":"https:\/\/rioonwatch.org.br\/#website"},"primaryImageOfPage":{"@id":"https:\/\/rioonwatch.org.br\/?p=62249#primaryimage"},"image":{"@id":"https:\/\/rioonwatch.org.br\/?p=62249#primaryimage"},"thumbnailUrl":"https:\/\/rioonwatch.org.br\/wp-content\/uploads\/2022\/07\/No-dia-27-de-julho-de-2022-aconteceu-a-inauguracao-da-estatua-de-Marielle-Franco-feita-pelo-artista-Edgar-Duvivier-no-Buraco-do-Lume-espaco-historico-de-atuacao-da-parlamentar-no-Centro-da-cidade.-scaled.jpg","datePublished":"2022-08-02T12:46:43+00:00","dateModified":"2024-06-20T16:45:46+00:00","breadcrumb":{"@id":"https:\/\/rioonwatch.org.br\/?p=62249#breadcrumb"},"inLanguage":"pt-BR","potentialAction":[{"@type":"ReadAction","target":["https:\/\/rioonwatch.org.br\/?p=62249"]}]},{"@type":"ImageObject","inLanguage":"pt-BR","@id":"https:\/\/rioonwatch.org.br\/?p=62249#primaryimage","url":"https:\/\/rioonwatch.org.br\/wp-content\/uploads\/2022\/07\/No-dia-27-de-julho-de-2022-aconteceu-a-inauguracao-da-estatua-de-Marielle-Franco-feita-pelo-artista-Edgar-Duvivier-no-Buraco-do-Lume-espaco-historico-de-atuacao-da-parlamentar-no-Centro-da-cidade.-scaled.jpg","contentUrl":"https:\/\/rioonwatch.org.br\/wp-content\/uploads\/2022\/07\/No-dia-27-de-julho-de-2022-aconteceu-a-inauguracao-da-estatua-de-Marielle-Franco-feita-pelo-artista-Edgar-Duvivier-no-Buraco-do-Lume-espaco-historico-de-atuacao-da-parlamentar-no-Centro-da-cidade.-scaled.jpg","width":2560,"height":1707,"caption":"No dia 27 de julho de 2022, aconteceu a inaugura\u00e7\u00e3o da est\u00e1tua de Marielle Franco, feita pelo artista Edgar Duvivier, no Buraco do Lume, no Centro, espa\u00e7o hist\u00f3rico de atua\u00e7\u00e3o pol\u00edtica da parlamentar do Complexo da Mar\u00e9, asassinada em 2018 a poucos quil\u00f4metros do local. Foto: Alexandre Cerqueira\/ComCat"},{"@type":"BreadcrumbList","@id":"https:\/\/rioonwatch.org.br\/?p=62249#breadcrumb","itemListElement":[{"@type":"ListItem","position":1,"name":"In\u00edcio","item":"https:\/\/rioonwatch.org.br\/"},{"@type":"ListItem","position":2,"name":"Anivers\u00e1rio de Marielle Franco \u00c9 Celebrado com Inaugura\u00e7\u00e3o de Est\u00e1tua da Parlamentar e Aula P\u00fablica de Mulheres Negras no Buraco do Lume, no Centro do Rio de Janeiro [IMAGENS]"}]},{"@type":"WebSite","@id":"https:\/\/rioonwatch.org.br\/#website","url":"https:\/\/rioonwatch.org.br\/","name":"RioOnWatch","description":"relatos das favelas cariocas","publisher":{"@id":"https:\/\/rioonwatch.org.br\/#organization"},"potentialAction":[{"@type":"SearchAction","target":{"@type":"EntryPoint","urlTemplate":"https:\/\/rioonwatch.org.br\/?s={search_term_string}"},"query-input":{"@type":"PropertyValueSpecification","valueRequired":true,"valueName":"search_term_string"}}],"inLanguage":"pt-BR"},{"@type":"Organization","@id":"https:\/\/rioonwatch.org.br\/#organization","name":"RioOnWatch","url":"https:\/\/rioonwatch.org.br\/","logo":{"@type":"ImageObject","inLanguage":"pt-BR","@id":"https:\/\/rioonwatch.org.br\/#\/schema\/logo\/image\/","url":"https:\/\/rioonwatch.org.br\/wp-content\/uploads\/2021\/06\/RioOnWatchcabecalhoPT11anos-2.png","contentUrl":"https:\/\/rioonwatch.org.br\/wp-content\/uploads\/2021\/06\/RioOnWatchcabecalhoPT11anos-2.png","width":779,"height":277,"caption":"RioOnWatch"},"image":{"@id":"https:\/\/rioonwatch.org.br\/#\/schema\/logo\/image\/"}},{"@type":"Person","@id":"https:\/\/rioonwatch.org.br\/#\/schema\/person\/476bc75767957d3535b65b796667cd36","name":"Julio Santos Filho","image":{"@type":"ImageObject","inLanguage":"pt-BR","@id":"https:\/\/rioonwatch.org.br\/#\/schema\/person\/image\/","url":"https:\/\/secure.gravatar.com\/avatar\/ca138f7666182a292a8ce4ca14fb81f8?s=96&d=blank&r=g","contentUrl":"https:\/\/secure.gravatar.com\/avatar\/ca138f7666182a292a8ce4ca14fb81f8?s=96&d=blank&r=g","caption":"Julio Santos Filho"},"url":"https:\/\/rioonwatch.org.br\/?author=167"}]}},"_links":{"self":[{"href":"https:\/\/rioonwatch.org.br\/index.php?rest_route=\/wp\/v2\/posts\/62249"}],"collection":[{"href":"https:\/\/rioonwatch.org.br\/index.php?rest_route=\/wp\/v2\/posts"}],"about":[{"href":"https:\/\/rioonwatch.org.br\/index.php?rest_route=\/wp\/v2\/types\/post"}],"author":[{"embeddable":true,"href":"https:\/\/rioonwatch.org.br\/index.php?rest_route=\/wp\/v2\/users\/167"}],"replies":[{"embeddable":true,"href":"https:\/\/rioonwatch.org.br\/index.php?rest_route=%2Fwp%2Fv2%2Fcomments&post=62249"}],"version-history":[{"count":33,"href":"https:\/\/rioonwatch.org.br\/index.php?rest_route=\/wp\/v2\/posts\/62249\/revisions"}],"predecessor-version":[{"id":62345,"href":"https:\/\/rioonwatch.org.br\/index.php?rest_route=\/wp\/v2\/posts\/62249\/revisions\/62345"}],"wp:featuredmedia":[{"embeddable":true,"href":"https:\/\/rioonwatch.org.br\/index.php?rest_route=\/wp\/v2\/media\/62251"}],"wp:attachment":[{"href":"https:\/\/rioonwatch.org.br\/index.php?rest_route=%2Fwp%2Fv2%2Fmedia&parent=62249"}],"wp:term":[{"taxonomy":"category","embeddable":true,"href":"https:\/\/rioonwatch.org.br\/index.php?rest_route=%2Fwp%2Fv2%2Fcategories&post=62249"},{"taxonomy":"post_tag","embeddable":true,"href":"https:\/\/rioonwatch.org.br\/index.php?rest_route=%2Fwp%2Fv2%2Ftags&post=62249"},{"taxonomy":"writer","embeddable":true,"href":"https:\/\/rioonwatch.org.br\/index.php?rest_route=%2Fwp%2Fv2%2Fwriter&post=62249"},{"taxonomy":"translator","embeddable":true,"href":"https:\/\/rioonwatch.org.br\/index.php?rest_route=%2Fwp%2Fv2%2Ftranslator&post=62249"},{"taxonomy":"source","embeddable":true,"href":"https:\/\/rioonwatch.org.br\/index.php?rest_route=%2Fwp%2Fv2%2Fsource&post=62249"},{"taxonomy":"ilustrador","embeddable":true,"href":"https:\/\/rioonwatch.org.br\/index.php?rest_route=%2Fwp%2Fv2%2Filustrador&post=62249"},{"taxonomy":"fotografo","embeddable":true,"href":"https:\/\/rioonwatch.org.br\/index.php?rest_route=%2Fwp%2Fv2%2Ffotografo&post=62249"}],"curies":[{"name":"wp","href":"https:\/\/api.w.org\/{rel}","templated":true}]}}