{"id":62346,"date":"2022-09-13T09:38:42","date_gmt":"2022-09-13T12:38:42","guid":{"rendered":"https:\/\/rioonwatch.org.br\/?p=62346"},"modified":"2023-03-26T20:18:43","modified_gmt":"2023-03-26T23:18:43","slug":"a-degradacao-do-pantanal-carioca-parte-2-a-poluicao-como-consequencia-da-historica-falta-de-saneamento-basico-na-baixada-de-jacarepagua","status":"publish","type":"post","link":"https:\/\/rioonwatch.org.br\/?p=62346","title":{"rendered":"A Degrada\u00e7\u00e3o do Pantanal Carioca, Parte 2: A Polui\u00e7\u00e3o como Consequ\u00eancia da Hist\u00f3rica Falta de Saneamento B\u00e1sico na Baixada de Jacarepagu\u00e1"},"content":{"rendered":"<figure id=\"attachment_63050\" aria-describedby=\"caption-attachment-63050\" style=\"width: 1020px\" class=\"wp-caption aligncenter\"><a href=\"https:\/\/rioonwatch.org.br\/wp-content\/uploads\/2022\/09\/Segundo-o-promotor.png\"><img fetchpriority=\"high\" decoding=\"async\" class=\"wp-image-63050 size-full\" src=\"https:\/\/rioonwatch.org.br\/wp-content\/uploads\/2022\/09\/Segundo-o-promotor.png\" alt=\"Segundo o promotor, existem cerca de 400 pontos de despejo de esgoto irregular na regi\u00e3o. Foto: Felipe Migliani\" width=\"1020\" height=\"632\" srcset=\"https:\/\/rioonwatch.org.br\/wp-content\/uploads\/2022\/09\/Segundo-o-promotor.png 1020w, https:\/\/rioonwatch.org.br\/wp-content\/uploads\/2022\/09\/Segundo-o-promotor-620x384.png 620w, https:\/\/rioonwatch.org.br\/wp-content\/uploads\/2022\/09\/Segundo-o-promotor-1015x629.png 1015w\" sizes=\"(max-width: 1020px) 100vw, 1020px\" \/><\/a><figcaption id=\"caption-attachment-63050\" class=\"wp-caption-text\">Segundo o promotor, existem cerca de 400 pontos de despejo de esgoto irregular na regi\u00e3o. Foto: Felipe Migliani<\/figcaption><\/figure>\n<h4 style=\"text-align: right;\"><em><strong><a href=\"https:\/\/bit.ly\/3VukRM1\" target=\"_blank\" rel=\"noopener noreferrer\">Click Here for English<\/a><a href=\"https:\/\/bit.ly\/3VukRM1\" target=\"_blank\" rel=\"noopener noreferrer\"><img decoding=\"async\" class=\"alignright wp-image-15790\" src=\"https:\/\/rioonwatch.org.br\/wp-content\/uploads\/2012\/08\/EN-standard-e1439583104716.jpg\" alt=\"\" width=\"20\" height=\"20\" \/><\/a><\/strong><\/em><\/h4>\n<p><em>Esta \u00e9 a segunda mat\u00e9ria de uma <a href=\"https:\/\/bit.ly\/SeriePantanalCarioca\" target=\"_blank\" rel=\"noopener\">s\u00e9rie de quatro<\/a> sobre \u201cA Degrada\u00e7\u00e3o do Pantanal Carioca\u201d, como j\u00e1 foi conhecida a Baixada de Jacarepagu\u00e1, na Zona Oeste do Rio de Janeiro.<\/em><\/p>\n<p><span style=\"font-weight: 400;\">Em <\/span><a href=\"http:\/\/glo.bo\/3A7ylFM\" target=\"_blank\" rel=\"noopener\"><span style=\"font-weight: 400;\">21 de junho<\/span><\/a><span style=\"font-weight: 400;\">, imagens feitas por helic\u00f3ptero flagraram a prolifera\u00e7\u00e3o de gigogas no <\/span><a href=\"https:\/\/bit.ly\/3PTctTp\" target=\"_blank\" rel=\"noopener\"><span style=\"font-weight: 400;\">Parque Chico Mendes<\/span><\/a><span style=\"font-weight: 400;\">, no <\/span><a href=\"https:\/\/bit.ly\/2CsYjbR\" target=\"_blank\" rel=\"noopener\"><span style=\"font-weight: 400;\">Recreio dos Bandeirantes<\/span><\/a>, Zona Oeste do Rio de Janeiro<span style=\"font-weight: 400;\">. A vegeta\u00e7\u00e3o tinha tomado quase 50% do espelho d\u2019\u00e1gua da <\/span><a href=\"https:\/\/bit.ly\/3cIvFVN\" target=\"_blank\" rel=\"noopener\"><span style=\"font-weight: 400;\">Lagoinha das Taxas<\/span><\/a><span style=\"font-weight: 400;\">. Esse processo vem, cada vez mais, comprometendo a drenagem e favorecendo as inunda\u00e7\u00f5es na regi\u00e3o, al\u00e9m de contribuir para a infesta\u00e7\u00e3o de mosquitos. As gigogas s\u00e3o consequ\u00eancia da <\/span><a href=\"https:\/\/bit.ly\/3RZ0xBv\" target=\"_blank\" rel=\"noopener\"><span style=\"font-weight: 400;\">eutrofiza\u00e7\u00e3o<\/span><\/a><span style=\"font-weight: 400;\">, um processo de polui\u00e7\u00e3o de rios e lagos, que acabam adquirindo uma colora\u00e7\u00e3o turva e ficando com n\u00edveis baix\u00edssimos de oxig\u00eanio na \u00e1gua. Isso provoca a morte de diversas esp\u00e9cies animais e vegetais e tem um alt\u00edssimo impacto para os ecossistemas aqu\u00e1ticos. A presen\u00e7a de toxinas de cianobact\u00e9rias nas lagoas da regi\u00e3o vem sendo <\/span><a href=\"https:\/\/bit.ly\/3bIzjyN\" target=\"_blank\" rel=\"noopener\"><span style=\"font-weight: 400;\">notada<\/span><\/a><span style=\"font-weight: 400;\"> por pesquisadores desde a d\u00e9cada de 1980.<\/span><\/p>\n<p><span style=\"font-weight: 400;\">Essas toxinas s\u00e3o <\/span><a href=\"http:\/\/glo.bo\/3zbJsvo\" target=\"_blank\" rel=\"noopener\"><span style=\"font-weight: 400;\">mal\u00e9ficas para animais<\/span><\/a><span style=\"font-weight: 400;\"> e podem causar <\/span><a href=\"https:\/\/bit.ly\/3z7fadw\" target=\"_blank\" rel=\"noopener\"><span style=\"font-weight: 400;\">intoxica\u00e7\u00e3o em humanos<\/span><\/a><span style=\"font-weight: 400;\">. A presen\u00e7a de cianobact\u00e9rias t\u00f3xicas no sistema lagunar de <\/span><a href=\"https:\/\/bit.ly\/3cEuW2M\" target=\"_blank\" rel=\"noopener\"><span style=\"font-weight: 400;\">Jacarepagu\u00e1<\/span><\/a><span style=\"font-weight: 400;\"> pode acarretar problemas de sa\u00fade p\u00fablica na regi\u00e3o costeira marinha, uma vez que tem comunica\u00e7\u00e3o com o mar, em praias de grande uso recreativo, como o <\/span><a href=\"https:\/\/bit.ly\/3PCo0qG\" target=\"_blank\" rel=\"noopener\"><span style=\"font-weight: 400;\">Quebra-Mar<\/span><\/a><span style=\"font-weight: 400;\">. Em decorr\u00eancia disso, no in\u00edcio do ano de 2007, a pesca e a comercializa\u00e7\u00e3o de peixes provenientes das lagoas de Jacarepagu\u00e1 <\/span><a href=\"http:\/\/glo.bo\/3SFQdP6\" target=\"_blank\" rel=\"noopener\"><span style=\"font-weight: 400;\">foi proibida<\/span><\/a><span style=\"font-weight: 400;\">. Na \u00e9poca, o resultado da an\u00e1lise dos peixes indicou contamina\u00e7\u00e3o e os pescadores, em geral, provenientes das comunidades que margeiam o sistema lacunar, receberam um sal\u00e1rio m\u00ednimo para ajudar no sustento da fam\u00edlia.\u00a0<\/span><\/p>\n<p><span style=\"font-weight: 400;\">Para S\u00e9rgio Ricardo, ecologista, gestor ambiental e integrante do <\/span><a href=\"https:\/\/bit.ly\/3DxyLFD\" target=\"_blank\" rel=\"noopener\"><span style=\"font-weight: 400;\">Movimento Ba\u00eda Viva<\/span><\/a><span style=\"font-weight: 400;\">, a falta de uma pol\u00edtica p\u00fablica habitacional est\u00e1 associada \u00e0 falta de <\/span><a href=\"https:\/\/bit.ly\/3pw2w2b\" target=\"_blank\" rel=\"noopener\"><span style=\"font-weight: 400;\">saneamento b\u00e1sico<\/span><\/a><span style=\"font-weight: 400;\">. E a maior consequ\u00eancia dessa <\/span><a href=\"http:\/\/bit.ly\/2SQgjC0\" target=\"_blank\" rel=\"noopener\"><span style=\"font-weight: 400;\">neglig\u00eancia do Estado<\/span><\/a><span style=\"font-weight: 400;\"> e do <\/span><a href=\"http:\/\/glo.bo\/3zaaHqs\" target=\"_blank\" rel=\"noopener\"><span style=\"font-weight: 400;\">mercado imobili\u00e1rio<\/span><\/a><span style=\"font-weight: 400;\"> \u00e9 a polui\u00e7\u00e3o dos corpos h\u00eddricos da regi\u00e3o.\u00a0<\/span><\/p>\n<blockquote><p><span style=\"font-weight: 400;\">\u201cN\u00e3o tem saneamento b\u00e1sico! Todos os rios e os corpos h\u00eddricos da regi\u00e3o, assim como da <\/span><a href=\"http:\/\/bit.ly\/32JVvht\" target=\"_blank\" rel=\"noopener\"><span style=\"font-weight: 400;\">Baixada Fluminense<\/span><\/a><span style=\"font-weight: 400;\">, da capital e do <\/span><a href=\"https:\/\/bit.ly\/3b9Fs6H\" target=\"_blank\" rel=\"noopener\"><span style=\"font-weight: 400;\">Leste Fluminense<\/span><\/a><span style=\"font-weight: 400;\">, viraram val\u00f5es, \u00e9 uma trag\u00e9dia civilizat\u00f3ria. O que \u00e9 uma pena, porque n\u00f3s estamos perdendo no turismo, estamos perdendo no lazer. A aus\u00eancia do saneamento encarece os servi\u00e7os p\u00fablicos de sa\u00fade atrav\u00e9s da chamada doen\u00e7a de veicula\u00e7\u00e3o h\u00eddrica. Aquela burrice que \u00e9 essa contamina\u00e7\u00e3o das lagoas a gente v\u00ea de fora \u00e9 feio, mas para quem t\u00e1 l\u00e1 dentro \u00e9 pior ainda. Centenas de sof\u00e1s, pneus, carros e esgoto sem tratamento do passado. Nos anos 1990, iniciou-se uma grande obra de saneamento, foi feita uma esta\u00e7\u00e3o na Barra e tal, mas a quest\u00e3o toda \u00e9 que o investimento no saneamento n\u00e3o est\u00e1 acompanhando. Desde os anos 1970, quando houve essa metropoliza\u00e7\u00e3o do pa\u00eds, [com a forma\u00e7\u00e3o de] grandes regi\u00f5es metropolitanas, n\u00f3s n\u00e3o fizemos a pol\u00edtica habitacional, e n\u00e3o havendo a pol\u00edtica habitacional n\u00e3o haver\u00e1 o saneamento b\u00e1sico. Uma coisa est\u00e1 associada a outra.\u201d<\/span><span style=\"font-weight: 400;\"> \u2014 S\u00e9rgio Ricardo, Movimento Ba\u00eda Viva<\/span><\/p><\/blockquote>\n<p><span style=\"font-weight: 400;\">Em <\/span><a href=\"https:\/\/bit.ly\/3A7Bllw\" target=\"_blank\" rel=\"noopener\"><span style=\"font-weight: 400;\">setembro de 2021<\/span><\/a><span style=\"font-weight: 400;\"> foi realizada a <\/span><span style=\"font-weight: 400;\">3\u00aa Barqueata em Defesa do Saneamento Ambiental das Lagoas de Jacarepagu\u00e1, u<\/span><span style=\"font-weight: 400;\">ma manifesta\u00e7\u00e3o n\u00e1utica que pediu a despolui\u00e7\u00e3o das lagoas do complexo lagunar e contou com a participa\u00e7\u00e3o de pescadores do <\/span><a href=\"http:\/\/bit.ly\/2oRQWmM\" target=\"_blank\" rel=\"noopener\"><span style=\"font-weight: 400;\">Canal do Anil<\/span><\/a><span style=\"font-weight: 400;\"> e <\/span><a href=\"http:\/\/bit.ly\/2lvBTO8\" target=\"_blank\" rel=\"noopener\"><span style=\"font-weight: 400;\">Rio das Pedras<\/span><\/a><span style=\"font-weight: 400;\">, al\u00e9m do Movimento Ba\u00eda Viva.\u00a0<\/span><\/p>\n<p><span style=\"font-weight: 400;\">Em <\/span><a href=\"https:\/\/bit.ly\/3vRqZUn\" target=\"_blank\" rel=\"noopener\"><span style=\"font-weight: 400;\">mar\u00e7o de 2022<\/span><\/a><span style=\"font-weight: 400;\">, seis meses depois da barqueata, pescadores realizaram uma nova manifesta\u00e7\u00e3o. Desta vez ocuparam a Avenida Abelardo Bueno, na <\/span><a href=\"https:\/\/bit.ly\/2UVrwlZ\" target=\"_blank\" rel=\"noopener\"><span style=\"font-weight: 400;\">Barra da Tijuca<\/span><\/a><span style=\"font-weight: 400;\">, indignados com as seis toneladas de peixes mortos encontrados nas praias da regi\u00e3o.<\/span><\/p>\n<p><a href=\"https:\/\/rioonwatch.org.br\/wp-content\/uploads\/2022\/08\/As-quatro-lagoas-do-complexo-receberam-avaliacao-pessima.-Foto-Fernanda-Cale-scaled.jpg\"><img decoding=\"async\" class=\"aligncenter wp-image-62377\" title=\"As quatro lagoas do complexo receberam avalia\u00e7\u00e3o \u201cp\u00e9ssima\u201d. Foto: Fernanda Cal\u00e9\" src=\"https:\/\/rioonwatch.org.br\/wp-content\/uploads\/2022\/08\/As-quatro-lagoas-do-complexo-receberam-avaliacao-pessima.-Foto-Fernanda-Cale-scaled.jpg\" alt=\"As quatro lagoas do complexo receberam avalia\u00e7\u00e3o \u201cp\u00e9ssima\u201d. Foto: Fernanda Cal\u00e9\" width=\"1030\" height=\"487\" srcset=\"https:\/\/rioonwatch.org.br\/wp-content\/uploads\/2022\/08\/As-quatro-lagoas-do-complexo-receberam-avaliacao-pessima.-Foto-Fernanda-Cale-scaled.jpg 2560w, https:\/\/rioonwatch.org.br\/wp-content\/uploads\/2022\/08\/As-quatro-lagoas-do-complexo-receberam-avaliacao-pessima.-Foto-Fernanda-Cale-620x293.jpg 620w, https:\/\/rioonwatch.org.br\/wp-content\/uploads\/2022\/08\/As-quatro-lagoas-do-complexo-receberam-avaliacao-pessima.-Foto-Fernanda-Cale-1329x629.jpg 1329w\" sizes=\"(max-width: 1030px) 100vw, 1030px\" \/><\/a><\/p>\n<p><span style=\"font-weight: 400;\">Francisco Alberto dos Santos, membro da <\/span><a href=\"http:\/\/bit.ly\/31RocsY\" target=\"_blank\" rel=\"noopener\"><span style=\"font-weight: 400;\">Associa\u00e7\u00e3o de Pescadores do Canal do Anil<\/span><\/a><span style=\"font-weight: 400;\">, \u00e9 um dos mais experientes pescadores da regi\u00e3o. Ele compara quantos quilos de pescado tirava do sistema lagunar por dia nas d\u00e9cadas de 1970 e 1980 com o quanto ele pesca nos dias atuais.<\/span><\/p>\n<blockquote><p><span style=\"font-weight: 400;\">\u201cA gente chegava a \u2018fazer uma mar\u00e9\u2019 [para] pescar uma produ\u00e7\u00e3o de 600kg por barco por dia, cada caiquinho\u2014barco a remo, kayak. Eu mesmo cansei de, com dois barcos, trazer 1.200kg. Hoje voc\u00ea vai numa lagoa dessas da\u00ed e n\u00e3o tem mais nem como pescar nada, pela polui\u00e7\u00e3o\u2026 de 1976 at\u00e9 o ano de 1989 por a\u00ed foi assim, tava dando ainda uma boa produ\u00e7\u00e3o. Ent\u00e3o, quer dizer, ao longo do tempo vieram ficando mais dif\u00edceis essas coisas&#8230; se ele (pescador) vai pescar, hoje ele traz a\u00ed 50kg, 30kg. Ent\u00e3o quer dizer, muito mal d\u00e1 para ele sobreviver. Entendeu?\u201d<\/span> <span style=\"font-weight: 400;\">\u2014 Francisco Alberto dos Santos, Associa\u00e7\u00e3o de Pescadores do Canal do Anil<\/span><\/p><\/blockquote>\n<p><span style=\"font-weight: 400;\">Em maio de 2022, foi realizada uma <\/span><a href=\"https:\/\/bit.ly\/3SiK0Zu\" target=\"_blank\" rel=\"noopener\"><span style=\"font-weight: 400;\">audi\u00eancia p\u00fablica<\/span><\/a><span style=\"font-weight: 400;\"> na <\/span><a href=\"https:\/\/bit.ly\/3d1RgZD\" target=\"_blank\" rel=\"noopener\"><span style=\"font-weight: 400;\">C\u00e2mara Popular da Barra<\/span><\/a><span style=\"font-weight: 400;\"> para discutir a despolui\u00e7\u00e3o do sistema lagunar de Jacarepagu\u00e1. Deputados das comiss\u00f5es de <\/span><a href=\"https:\/\/bit.ly\/3zacoUC\" target=\"_blank\" rel=\"noopener\"><span style=\"font-weight: 400;\">Defesa do Meio Ambiente<\/span><\/a><span style=\"font-weight: 400;\"> e de <\/span><a href=\"https:\/\/bit.ly\/3b3X9Vh\" target=\"_blank\" rel=\"noopener\"><span style=\"font-weight: 400;\">Saneamento Ambiental<\/span><\/a><span style=\"font-weight: 400;\"> da Assembleia Legislativa do Rio de Janeiro (<\/span><a href=\"https:\/\/bit.ly\/3crY2BE\" target=\"_blank\" rel=\"noopener\"><span style=\"font-weight: 400;\">ALERJ<\/span><\/a><span style=\"font-weight: 400;\">), representantes do Instituto Estadual do Ambiente (<\/span><a href=\"https:\/\/bit.ly\/3k29APQ\" target=\"_blank\" rel=\"noopener\"><span style=\"font-weight: 400;\">INEA<\/span><\/a><span style=\"font-weight: 400;\">), do <\/span><a href=\"https:\/\/bit.ly\/3jrHTRr\" target=\"_blank\" rel=\"noopener\"><span style=\"font-weight: 400;\">Rio \u00c1guas<\/span><\/a><span style=\"font-weight: 400;\"> e do <\/span><a href=\"https:\/\/bit.ly\/2JqdMwR\" target=\"_blank\" rel=\"noopener\"><span style=\"font-weight: 400;\">Minist\u00e9rio P\u00fablico<\/span><\/a><span style=\"font-weight: 400;\"> debateram sobre os milh\u00f5es de litros de esgoto despejados sem tratamento dos bairros Recreio dos Bandeirantes, <\/span><a href=\"http:\/\/bit.ly\/29Mlmx2\" target=\"_blank\" rel=\"noopener\"><span style=\"font-weight: 400;\">Vargem Grande<\/span><\/a><span style=\"font-weight: 400;\"> e <\/span><a href=\"https:\/\/bit.ly\/3iEc3ks\" target=\"_blank\" rel=\"noopener\"><span style=\"font-weight: 400;\">Vargem Pequena<\/span><\/a><span style=\"font-weight: 400;\"> nas lagoas da regi\u00e3o.\u00a0<\/span><\/p>\n<p><span style=\"font-weight: 400;\">Em <\/span><a href=\"https:\/\/bit.ly\/3PHuDIo\" target=\"_blank\" rel=\"noopener\"><span style=\"font-weight: 400;\">entrevista<\/span><\/a><span style=\"font-weight: 400;\"> ao programa <\/span><i><span style=\"font-weight: 400;\">Balan\u00e7o Geral<\/span><\/i><span style=\"font-weight: 400;\">, da <em>TV Record<\/em>,\u00a0 o promotor de justi\u00e7a Jos\u00e9 Alexandre Maximino disse que h\u00e1 pelo menos 400 pontos de lan\u00e7amento clandestinos de esgoto na rede de drenagem.<\/span><\/p>\n<p><iframe src=\"https:\/\/player.r7.com\/video\/i\/6273faabca9084f18d001489\" width=\"1030\" height=\"563\" frameborder=\"0\" allowfullscreen=\"allowfullscreen\"><span data-mce-type=\"bookmark\" style=\"display: inline-block; width: 0px; overflow: hidden; line-height: 0;\" class=\"mce_SELRES_start\">\ufeff<\/span><\/iframe><\/p>\n<p><span style=\"font-weight: 400;\">Doutor em Sa\u00fade P\u00fablica e professor do Departamento de Engenharia Sanit\u00e1ria e do Meio Ambiente da Universidade do Estado do Rio de Janeiro (DESMA\/FEN\/<\/span><span style=\"font-weight: 400;\">UERJ<\/span><span style=\"font-weight: 400;\">), Adacto Ottoni explica que a polui\u00e7\u00e3o degrada a qualidade das \u00e1guas e provoca o <\/span><a href=\"https:\/\/bit.ly\/3BzHbxh\" target=\"_blank\" rel=\"noopener\"><span style=\"font-weight: 400;\">assoreamento das lagoas e dos rios<\/span><\/a><span style=\"font-weight: 400;\">, ocasionando enchentes e alagamentos em per\u00edodos chuvosos:<\/span><\/p>\n<blockquote><p><span style=\"font-weight: 400;\">\u201cEssa polui\u00e7\u00e3o al\u00e9m de degradar a qualidade das \u00e1guas, gera o assoreamento da lagoa e dos rios. E a\u00ed o que acontece na \u00e9poca de chuva?! Todo ano eu sempre falo isso, onde chover \u2018ferrou\u2019, porque a \u00e1gua da drenagem n\u00e3o tem como escoar, t\u00e1 tudo assoreado. Ent\u00e3o, o problema \u00e9 grav\u00edssimo e tem solu\u00e7\u00e3o. O que t\u00e1 faltando \u00e9 vontade pol\u00edtica dos nossos \u00f3rg\u00e3os respons\u00e1veis, dos nossos prefeitos e governadores, para poder viabilizar a solu\u00e7\u00e3o do problema.\u201d<\/span><\/p><\/blockquote>\n<p><span style=\"font-weight: 400;\"><a href=\"https:\/\/rioonwatch.org.br\/wp-content\/uploads\/2022\/08\/Grafico-IQA-Medio-20122021-Inea..jpg\"><img loading=\"lazy\" decoding=\"async\" class=\"wp-image-62378 alignright\" title=\"Gr\u00e1fico IQA M\u00e9dio 2012\/2021 Bacia do Sistema Lagunar de Jacarepagu\u00e1. Fonte: Inea\" src=\"https:\/\/rioonwatch.org.br\/wp-content\/uploads\/2022\/08\/Grafico-IQA-Medio-20122021-Inea..jpg\" alt=\"Gr\u00e1fico IQA M\u00e9dio 2012\/2021 Bacia do Sistema Lagunar de Jacarepagu\u00e1. Fonte: Inea\" width=\"500\" height=\"374\" srcset=\"https:\/\/rioonwatch.org.br\/wp-content\/uploads\/2022\/08\/Grafico-IQA-Medio-20122021-Inea..jpg 959w, https:\/\/rioonwatch.org.br\/wp-content\/uploads\/2022\/08\/Grafico-IQA-Medio-20122021-Inea.-620x464.jpg 620w, https:\/\/rioonwatch.org.br\/wp-content\/uploads\/2022\/08\/Grafico-IQA-Medio-20122021-Inea.-841x629.jpg 841w, https:\/\/rioonwatch.org.br\/wp-content\/uploads\/2022\/08\/Grafico-IQA-Medio-20122021-Inea.-678x509.jpg 678w, https:\/\/rioonwatch.org.br\/wp-content\/uploads\/2022\/08\/Grafico-IQA-Medio-20122021-Inea.-326x245.jpg 326w, https:\/\/rioonwatch.org.br\/wp-content\/uploads\/2022\/08\/Grafico-IQA-Medio-20122021-Inea.-80x60.jpg 80w\" sizes=\"(max-width: 500px) 100vw, 500px\" \/><\/a>Segundo o <\/span><a href=\"https:\/\/bit.ly\/3JJ0JRI\" target=\"_blank\" rel=\"noopener\"><span style=\"font-weight: 400;\">Monitoramento Sistem\u00e1tico dos Rios do Estado do Rio de Janeiro<\/span><\/a><span style=\"font-weight: 400;\">, realizado pelo INEA e pela Secretaria de Estado do Ambiente e Sustentabilidade (<\/span><a href=\"https:\/\/bit.ly\/3z7nlGA\" target=\"_blank\" rel=\"noopener\"><span style=\"font-weight: 400;\">SEAS<\/span><\/a><span style=\"font-weight: 400;\">), o \u00edndice de qualidade da \u00e1gua m\u00e9dio entre 2012 e 2021 da bacia do sistema lagunar de Jacarepagu\u00e1 classifica cinco rios como \u201cmuito ruim\u201d, seis como \u201cruim\u201d e um como \u201cm\u00e9dio\u201d. O classificado como \u201cm\u00e9dio\u201d possui \u00e1guas apropriadas para o tratamento convencional, enquanto os ruins e muito ruins possuem \u00e1guas impr\u00f3prias, sendo necess\u00e1rio tratamentos mais avan\u00e7ados.<\/span><\/p>\n<p><span style=\"font-weight: 400;\">Tamb\u00e9m realizado pelo INEA e SEAS, as quatro lagoas do sistema <\/span><a href=\"https:\/\/bit.ly\/3JJMR9R\" target=\"_blank\" rel=\"noopener\"><span style=\"font-weight: 400;\">receberam<\/span><\/a><span style=\"font-weight: 400;\">, no \u00faltimo boletim, a classifica\u00e7\u00e3o geral &#8220;p\u00e9ssima&#8221;. Tamb\u00e9m foram classificadas como \u00e1rea de risco para banho e est\u00e3o em est\u00e1gio de \u201calerta\u201d e \u201caten\u00e7\u00e3o\u201d a respeito da fauna aqu\u00e1tica. De acordo com os resultados dos pontos de amostragem, as lagoas <\/span><a href=\"https:\/\/bit.ly\/3RKRYtU\" target=\"_blank\" rel=\"noopener\"><span style=\"font-weight: 400;\">da Tijuca<\/span><\/a><span style=\"font-weight: 400;\">,e <\/span><a href=\"https:\/\/bit.ly\/3yVIxiU\" target=\"_blank\" rel=\"noopener\"><span style=\"font-weight: 400;\">do Camorim<\/span><\/a><span style=\"font-weight: 400;\"> encontram-se mais polu\u00eddas em compara\u00e7\u00e3o com as lagoas <\/span><a href=\"https:\/\/bit.ly\/3Ba62r4\" target=\"_blank\" rel=\"noopener\"><span style=\"font-weight: 400;\">de Marapendi<\/span><\/a><span style=\"font-weight: 400;\"> e <\/span><a href=\"http:\/\/bit.ly\/2Ccxhka\" target=\"_blank\" rel=\"noopener\"><span style=\"font-weight: 400;\">de Jacarepagu\u00e1<\/span><\/a><span style=\"font-weight: 400;\">.<\/span><\/p>\n<p><a href=\"https:\/\/rioonwatch.org.br\/wp-content\/uploads\/2022\/08\/Grafico-RH-V-Baia-de-Guanabara-na-Bacia-do-Sistema-Lagunar-de-Jacarepagua-Evolucao-do-IQA-Medio-Anual.-Fonte-Inea.jpg\"><img loading=\"lazy\" decoding=\"async\" class=\"alignright wp-image-62379\" title=\"Gr\u00e1fico RH V Ba\u00eda de Guanabara, na Bacia do Sistema Lagunar de Jacarepagu\u00e1, Evolu\u00e7\u00e3o do IQA M\u00e9dio Anual. Fonte: Inea\" src=\"https:\/\/rioonwatch.org.br\/wp-content\/uploads\/2022\/08\/Grafico-RH-V-Baia-de-Guanabara-na-Bacia-do-Sistema-Lagunar-de-Jacarepagua-Evolucao-do-IQA-Medio-Anual.-Fonte-Inea.jpg\" alt=\"Gr\u00e1fico RH V Ba\u00eda de Guanabara, na Bacia do Sistema Lagunar de Jacarepagu\u00e1, Evolu\u00e7\u00e3o do IQA M\u00e9dio Anual. Fonte: Inea\" width=\"500\" height=\"376\" srcset=\"https:\/\/rioonwatch.org.br\/wp-content\/uploads\/2022\/08\/Grafico-RH-V-Baia-de-Guanabara-na-Bacia-do-Sistema-Lagunar-de-Jacarepagua-Evolucao-do-IQA-Medio-Anual.-Fonte-Inea.jpg 957w, https:\/\/rioonwatch.org.br\/wp-content\/uploads\/2022\/08\/Grafico-RH-V-Baia-de-Guanabara-na-Bacia-do-Sistema-Lagunar-de-Jacarepagua-Evolucao-do-IQA-Medio-Anual.-Fonte-Inea-620x466.jpg 620w, https:\/\/rioonwatch.org.br\/wp-content\/uploads\/2022\/08\/Grafico-RH-V-Baia-de-Guanabara-na-Bacia-do-Sistema-Lagunar-de-Jacarepagua-Evolucao-do-IQA-Medio-Anual.-Fonte-Inea-837x629.jpg 837w, https:\/\/rioonwatch.org.br\/wp-content\/uploads\/2022\/08\/Grafico-RH-V-Baia-de-Guanabara-na-Bacia-do-Sistema-Lagunar-de-Jacarepagua-Evolucao-do-IQA-Medio-Anual.-Fonte-Inea-678x509.jpg 678w, https:\/\/rioonwatch.org.br\/wp-content\/uploads\/2022\/08\/Grafico-RH-V-Baia-de-Guanabara-na-Bacia-do-Sistema-Lagunar-de-Jacarepagua-Evolucao-do-IQA-Medio-Anual.-Fonte-Inea-326x245.jpg 326w, https:\/\/rioonwatch.org.br\/wp-content\/uploads\/2022\/08\/Grafico-RH-V-Baia-de-Guanabara-na-Bacia-do-Sistema-Lagunar-de-Jacarepagua-Evolucao-do-IQA-Medio-Anual.-Fonte-Inea-80x60.jpg 80w\" sizes=\"(max-width: 500px) 100vw, 500px\" \/><\/a>Comparando os dados das amostragens aos padr\u00f5es estabelecidos pela legisla\u00e7\u00e3o, as quatro lagoas que formam o Complexo Lagunar de Jacarepagu\u00e1 n\u00e3o est\u00e3o em conformidade com os valores da <a href=\"https:\/\/bit.ly\/3A9bRnG\" target=\"_blank\" rel=\"noopener\">Resolu\u00e7\u00e3o CONAMA n\u00ba 357\/2005<\/a>. Al\u00e9m disso, \u00e9 poss\u00edvel constatar a aus\u00eancia de regularidade na sistematiza\u00e7\u00e3o e divulga\u00e7\u00e3o das informa\u00e7\u00f5es sobre a qualidade da \u00e1gua do sistema lagunar de Jacarepagu\u00e1. A \u00faltima, at\u00e9 a reda\u00e7\u00e3o desta reportagem, ocorreu em outubro de 2021. Adacto Ottoni questiona a regularidade das coletas de monitoramento realizadas pelo INEA no Complexo Lagunar de Jacarepagu\u00e1:<i>\u00a0<\/i><\/p>\n<blockquote><p><span style=\"font-weight: 400;\">\u201cO monitoramento para n\u00f3s, que trabalhamos com o meio ambiente, \u00e9 a mesma coisa que os exames m\u00e9dicos que o m\u00e9dico pede para o seu paciente. Um rio \u00e9 um organismo vivo, ent\u00e3o para voc\u00ea conhecer a sa\u00fade de um rio, voc\u00ea tem que monitorar. Infelizmente existe monitoramento? Existe, mas voc\u00ea tem a garantia que o INEA coleta as amostras na baixa mar? Eu n\u00e3o tenho essa garantia. As coletas de amostras que s\u00e3o feitas fora da baixa mar, n\u00e3o t\u00eam significado sanit\u00e1rio, porque a \u00e1gua do mar entra e dilui o esgoto, ent\u00e3o t\u00eam o resultado abaixo.&#8221;<\/span><\/p><\/blockquote>\n<p><a href=\"https:\/\/rioonwatch.org.br\/wp-content\/uploads\/2022\/08\/Lagoas-de-Jacarepagua-Boletim-numero-4-outubro-de-2021-sobre-a-qualidade-do-sistema-lagunar.-Fonte-Inea.jpg\"><img loading=\"lazy\" decoding=\"async\" class=\"aligncenter wp-image-62380\" title=\"Lagoas de Jacarepagu\u00e1, Boletim n\u00famero 4, outubro de 2021 sobre a qualidade do sistema lagunar. Fonte: Inea\" src=\"https:\/\/rioonwatch.org.br\/wp-content\/uploads\/2022\/08\/Lagoas-de-Jacarepagua-Boletim-numero-4-outubro-de-2021-sobre-a-qualidade-do-sistema-lagunar.-Fonte-Inea.jpg\" alt=\"Lagoas de Jacarepagu\u00e1, Boletim n\u00famero 4, outubro de 2021 sobre a qualidade do sistema lagunar. Fonte: Inea\" width=\"1030\" height=\"684\" srcset=\"https:\/\/rioonwatch.org.br\/wp-content\/uploads\/2022\/08\/Lagoas-de-Jacarepagua-Boletim-numero-4-outubro-de-2021-sobre-a-qualidade-do-sistema-lagunar.-Fonte-Inea.jpg 1237w, https:\/\/rioonwatch.org.br\/wp-content\/uploads\/2022\/08\/Lagoas-de-Jacarepagua-Boletim-numero-4-outubro-de-2021-sobre-a-qualidade-do-sistema-lagunar.-Fonte-Inea-620x411.jpg 620w, https:\/\/rioonwatch.org.br\/wp-content\/uploads\/2022\/08\/Lagoas-de-Jacarepagua-Boletim-numero-4-outubro-de-2021-sobre-a-qualidade-do-sistema-lagunar.-Fonte-Inea-948x629.jpg 948w\" sizes=\"(max-width: 1030px) 100vw, 1030px\" \/><\/a><\/p>\n<p><span style=\"font-weight: 400;\">Por e-mail, o INEA <\/span><a href=\"https:\/\/bit.ly\/3bFMC2U\" target=\"_blank\" rel=\"noopener\"><span style=\"font-weight: 400;\">informou<\/span><\/a><span style=\"font-weight: 400;\"> que monitora com frequ\u00eancia bimestral oito pontos das lagoas Tijuca e Jacarepagu\u00e1, e, com frequ\u00eancia trimestral, os rios que desaguam no sistema lagunar, sendo disponibilizados no site do \u00f3rg\u00e3o. O instituto tamb\u00e9m disse monitorar os efluentes por meio do <\/span><a href=\"https:\/\/bit.ly\/3PUHkPI\" target=\"_blank\" rel=\"noopener\"><span style=\"font-weight: 400;\">programa Procon \u00c1gua<\/span><\/a><span style=\"font-weight: 400;\"> e checar alertas de desmatamentos emitidos pelo <\/span><a href=\"https:\/\/bit.ly\/3PE0qJY\" target=\"_blank\" rel=\"noopener\"><span style=\"font-weight: 400;\">programa Olho no Verde<\/span><\/a><span style=\"font-weight: 400;\">, que, via sat\u00e9lite, monitora o desmatamento da <\/span><a href=\"https:\/\/bit.ly\/3h5TGpv\" target=\"_blank\" rel=\"noopener\"><span style=\"font-weight: 400;\">Mata Atl\u00e2ntica<\/span><\/a><span style=\"font-weight: 400;\"> em territ\u00f3rio fluminense.\u00a0<\/span><\/p>\n<p><span style=\"font-weight: 400;\">Sobre as quest\u00f5es referentes a planejamento urbano, a Secretaria Municipal de Planejamento Urbano (<\/span><a href=\"https:\/\/bit.ly\/3OBLPNK\" target=\"_blank\" rel=\"noopener\"><span style=\"font-weight: 400;\">SMPU<\/span><\/a><span style=\"font-weight: 400;\">), atrav\u00e9s da Ger\u00eancia de Macroplanejamento, disse que, no <\/span><a href=\"https:\/\/bit.ly\/3BTXe8X\" target=\"_blank\" rel=\"noopener\"><span style=\"font-weight: 400;\">Plano Diretor de Desenvolvimento Urbano e Sustent\u00e1vel da Cidade do Rio de Janeiro<\/span><\/a><span style=\"font-weight: 400;\"> em vigor, s\u00e3o estabelecidos os objetivos, as diretrizes e as a\u00e7\u00f5es para a pol\u00edtica de habita\u00e7\u00e3o, como os <\/span><a href=\"http:\/\/bit.ly\/2yMP7bu\" target=\"_blank\" rel=\"noopener\"><span style=\"font-weight: 400;\">programas Habitacionais de Interesse Social (HIS)<\/span><\/a><span style=\"font-weight: 400;\">, em \u00c1reas de Especial Interesse Social (<\/span><a href=\"http:\/\/bit.ly\/2izP6C1\" target=\"_blank\" rel=\"noopener\"><span style=\"font-weight: 400;\">AEIS<\/span><\/a><span style=\"font-weight: 400;\">), que tra\u00e7am um plano de urbaniza\u00e7\u00e3o, al\u00e9m de dispor sobre as condi\u00e7\u00f5es de urbaniza\u00e7\u00e3o de favelas e loteamentos irregulares e sobre as condi\u00e7\u00f5es do reassentamento de popula\u00e7\u00f5es de baixa renda oriundas de \u00e1reas de risco.\u00a0<\/span><\/p>\n<p><span style=\"font-weight: 400;\">A SMPU ainda informa que, em 2021, foi enviado \u00e0 C\u00e2mara Municipal o <\/span><a href=\"https:\/\/bit.ly\/3lIBzZ3\" target=\"_blank\" rel=\"noopener\"><span style=\"font-weight: 400;\">Projeto de Lei Complementar n\u00ba 44\/2021<\/span><\/a><span style=\"font-weight: 400;\">, abordando a pol\u00edtica urbana e ambiental do munic\u00edpio, instituindo a revis\u00e3o do <\/span><a href=\"https:\/\/bit.ly\/3osNHxY\" target=\"_blank\" rel=\"noopener\"><span style=\"font-weight: 400;\">Plano Diretor de Desenvolvimento Urbano Sustent\u00e1vel<\/span><\/a><span style=\"font-weight: 400;\"> do Munic\u00edpio do Rio de Janeiro. Por fim, a SMPU e ressalta que a aplica\u00e7\u00e3o das pol\u00edticas setoriais depende da disponibiliza\u00e7\u00e3o de recursos, conforme or\u00e7amentos dos \u00f3rg\u00e3os executores, aprovados nas leis anuais de Diretrizes Or\u00e7ament\u00e1rias.<\/span><\/p>\n<p><em>Esta \u00e9 a segunda mat\u00e9ria de uma <a href=\"https:\/\/bit.ly\/SeriePantanalCarioca\" target=\"_blank\" rel=\"noopener\">s\u00e9rie de quatro<\/a> sobre \u201cA Degrada\u00e7\u00e3o do Pantanal Carioca\u201d, como j\u00e1 foi conhecida a Baixada de Jacarepagu\u00e1, na Zona Oeste do Rio de Janeiro.\u00a0<\/em><\/p>\n<p><em>Sobre os autores:<\/em><\/p>\n<p><em><a href=\"https:\/\/bit.ly\/3BY8eCD\" rel=\"noopener\">Felipe Migliani<\/a>\u00a0\u00e9 formado em Jornalismo pela Unicarioca e tem especializa\u00e7\u00e3o em Jornalismo Investigativo. Atua como jornalista independente e rep\u00f3rter freelancer nos jornais Meia Hora e Estad\u00e3o. \u00c9 coloborador do\u00a0<a href=\"https:\/\/bit.ly\/3BJ3Tmu\" rel=\"noopener\">Coletivo Engenhos de Hist\u00f3rias<\/a>, que investiga e resgata hist\u00f3rias e mem\u00f3rias da regi\u00e3o do Grande M\u00e9ier, e do\u00a0<a href=\"https:\/\/bit.ly\/3vHDkdv\" rel=\"noopener\">PerifaConnection<\/a>.<\/em><\/p>\n<p><em><a href=\"https:\/\/bit.ly\/3oX4fOE\" rel=\"noopener\">Fernanda Cal\u00e9<\/a>\u00a0\u00e9 formada em Jornalismo pela UniCarioca e se especializou em Comunica\u00e7\u00e3o Popular como uma maneira de falar com diversos p\u00fablicos de maneira clara e simples.\u00a0H\u00e1 dois anos ajudou a fundar a\u00a0<a href=\"https:\/\/bit.ly\/3QmfKuY\" rel=\"noopener\">Ag\u00eancia Lume<\/a>, uma ag\u00eancia de comunica\u00e7\u00e3o que produz jornalismo independente na regi\u00e3o de Jacarepagu\u00e1, principalmente em Rio das Pedras, lugar onde nasceu.<\/em><\/p>\n<hr \/>\n<div class=\"entry clearfix\">\n<h4><b data-stringify-type=\"bold\">Apoie nossos esfor\u00e7os para fornecer apoio estrat\u00e9gico \u00e0s favelas do Rio, incluindo o jornalismo hiperlocal, cr\u00edtico, inovador e incans\u00e1vel do\u00a0<\/b><b data-stringify-type=\"bold\"><i data-stringify-type=\"italic\">RioOnWatch<\/i><\/b>\u2014<b data-stringify-type=\"bold\"><a class=\"c-link\" href=\"http:\/\/www.bit.ly\/ApoieROW\" target=\"_blank\" rel=\"noopener noreferrer\" data-stringify-link=\"http:\/\/www.bit.ly\/ApoieROW\" data-sk=\"tooltip_parent\">doe aqui<\/a><\/b><b data-stringify-type=\"bold\">.<\/b><\/h4>\n<\/div>\n<!-- AddThis Advanced Settings generic via filter on the_content --><!-- AddThis Share Buttons generic via filter on the_content -->","protected":false},"excerpt":{"rendered":"<div class=\"mh-excerpt\"><p>Click Here for English Esta \u00e9 a segunda mat\u00e9ria de uma s\u00e9rie de quatro sobre \u201cA Degrada\u00e7\u00e3o do Pantanal Carioca\u201d, como j\u00e1 foi conhecida a Baixada de Jacarepagu\u00e1, na Zona Oeste do Rio de Janeiro. <a class=\"mh-excerpt-more\" href=\"https:\/\/rioonwatch.org.br\/?p=62346\" title=\"A Degrada\u00e7\u00e3o do Pantanal Carioca, Parte 2: A Polui\u00e7\u00e3o como Consequ\u00eancia da Hist\u00f3rica Falta de Saneamento B\u00e1sico na Baixada de Jacarepagu\u00e1\">[&#8230;]<\/a><!-- AddThis Advanced Settings generic via filter on get_the_excerpt --><!-- AddThis Share Buttons generic via filter on get_the_excerpt --><\/p>\n<\/div>","protected":false},"author":167,"featured_media":62376,"comment_status":"closed","ping_status":"closed","sticky":false,"template":"template-full.php","format":"standard","meta":{"_acf_changed":false,"_monsterinsights_skip_tracking":false,"_monsterinsights_sitenote_active":false,"_monsterinsights_sitenote_note":"","_monsterinsights_sitenote_category":0,"footnotes":""},"categories":[1857,1621,346,1625,3170,1639],"tags":[2056,510,1852,951,2189,274,54,738,3218,2096,396,1372,569,447,3112,3192,465,1236,3193,296,106,2178,1719,417,621,581,185,1393,2648,492,2289,3191,1725,2872,184],"writer":[3185,3186],"translator":[],"source":[],"ilustrador":[],"fotografo":[],"class_list":{"0":"post-62346","1":"post","2":"type-post","3":"status-publish","4":"format-standard","5":"has-post-thumbnail","7":"category-olhonaurbanizacao","8":"category-destaque","9":"category-denuncias","10":"category-por-correspondentes-comunitarios","11":"category-justica-climatica","12":"category-sustentabilidade","13":"tag-aeis-zeis","14":"tag-agua","15":"tag-alerj","16":"tag-audiencia-publica","17":"tag-baia-viva","18":"tag-barra-da-tijuca","19":"tag-anil","20":"tag-colonia-de-pescadores","21":"tag-complexo-lagunar-de-jacarepagua","22":"tag-desmatamento","23":"tag-especulacao-imobiliaria","24":"tag-grande-rio","25":"tag-inea","26":"tag-jacarepagua","27":"tag-justica-climatica","28":"tag-lagoa-da-tijuca","29":"tag-lagoa-de-jacarepagua","30":"tag-lagoa-de-marapendi","31":"tag-lagoa-do-camorim","32":"tag-mata-atlantica","33":"tag-meio-ambiente","34":"tag-ministerio-publico","35":"tag-mudancas-climaticas","36":"tag-negligencia-do-estado","37":"tag-plano-diretor","38":"tag-poluicao","39":"tag-recreio","40":"tag-rio-das-pedras","41":"tag-rio-aguas","42":"tag-saneamento","43":"tag-serie","44":"tag-serie-degradacao-do-pantanal-carioca","45":"tag-vargem-grande","46":"tag-vargem-pequena","47":"tag-zona-oeste","48":"writer-felipe-migliani","49":"writer-fernanda-cale"},"acf":[],"yoast_head":"<!-- This site is optimized with the Yoast SEO plugin v25.6 - https:\/\/yoast.com\/wordpress\/plugins\/seo\/ -->\n<title>A Degrada\u00e7\u00e3o do Pantanal Carioca, Parte 2: A Polui\u00e7\u00e3o como Consequ\u00eancia da Hist\u00f3rica Falta de Saneamento B\u00e1sico na Baixada de Jacarepagu\u00e1 - RioOnWatch<\/title>\n<meta name=\"robots\" content=\"index, follow, max-snippet:-1, max-image-preview:large, max-video-preview:-1\" \/>\n<link rel=\"canonical\" href=\"https:\/\/rioonwatch.org.br\/?p=62346\" \/>\n<meta property=\"og:locale\" content=\"pt_BR\" \/>\n<meta property=\"og:type\" content=\"article\" \/>\n<meta property=\"og:title\" content=\"A Degrada\u00e7\u00e3o do Pantanal Carioca, Parte 2: A Polui\u00e7\u00e3o como Consequ\u00eancia da Hist\u00f3rica Falta de Saneamento B\u00e1sico na Baixada de Jacarepagu\u00e1 - RioOnWatch\" \/>\n<meta property=\"og:description\" content=\"Click Here for English Esta \u00e9 a segunda mat\u00e9ria de uma s\u00e9rie de quatro sobre \u201cA Degrada\u00e7\u00e3o do Pantanal Carioca\u201d, como j\u00e1 foi conhecida a Baixada de Jacarepagu\u00e1, na Zona Oeste do Rio de Janeiro. [...]\" \/>\n<meta property=\"og:url\" content=\"https:\/\/rioonwatch.org.br\/?p=62346\" \/>\n<meta property=\"og:site_name\" content=\"RioOnWatch\" \/>\n<meta property=\"article:published_time\" content=\"2022-09-13T12:38:42+00:00\" \/>\n<meta property=\"article:modified_time\" content=\"2023-03-26T23:18:43+00:00\" \/>\n<meta property=\"og:image\" content=\"https:\/\/rioonwatch.org.br\/wp-content\/uploads\/2022\/08\/Segundo-o-promotor-existem-cerca-de-400-pontos-de-despejo-de-esgoto-irregular-na-regiao.-Foto-Felipe-Migliani-scaled.jpg\" \/>\n\t<meta property=\"og:image:width\" content=\"2560\" \/>\n\t<meta property=\"og:image:height\" content=\"1920\" \/>\n\t<meta property=\"og:image:type\" content=\"image\/jpeg\" \/>\n<meta name=\"author\" content=\"Julio Santos Filho\" \/>\n<meta name=\"twitter:card\" content=\"summary_large_image\" \/>\n<meta name=\"twitter:label1\" content=\"Escrito por\" \/>\n\t<meta name=\"twitter:data1\" content=\"Julio Santos Filho\" \/>\n\t<meta name=\"twitter:label2\" content=\"Est. tempo de leitura\" \/>\n\t<meta name=\"twitter:data2\" content=\"11 minutos\" \/>\n<script type=\"application\/ld+json\" class=\"yoast-schema-graph\">{\"@context\":\"https:\/\/schema.org\",\"@graph\":[{\"@type\":\"Article\",\"@id\":\"https:\/\/rioonwatch.org.br\/?p=62346#article\",\"isPartOf\":{\"@id\":\"https:\/\/rioonwatch.org.br\/?p=62346\"},\"author\":{\"name\":\"Julio Santos Filho\",\"@id\":\"https:\/\/rioonwatch.org.br\/#\/schema\/person\/476bc75767957d3535b65b796667cd36\"},\"headline\":\"A Degrada\u00e7\u00e3o do Pantanal Carioca, Parte 2: A Polui\u00e7\u00e3o como Consequ\u00eancia da Hist\u00f3rica Falta de Saneamento B\u00e1sico na Baixada de Jacarepagu\u00e1\",\"datePublished\":\"2022-09-13T12:38:42+00:00\",\"dateModified\":\"2023-03-26T23:18:43+00:00\",\"mainEntityOfPage\":{\"@id\":\"https:\/\/rioonwatch.org.br\/?p=62346\"},\"wordCount\":1963,\"publisher\":{\"@id\":\"https:\/\/rioonwatch.org.br\/#organization\"},\"image\":{\"@id\":\"https:\/\/rioonwatch.org.br\/?p=62346#primaryimage\"},\"thumbnailUrl\":\"https:\/\/rioonwatch.org.br\/wp-content\/uploads\/2022\/08\/Segundo-o-promotor-existem-cerca-de-400-pontos-de-despejo-de-esgoto-irregular-na-regiao.-Foto-Felipe-Migliani-scaled.jpg\",\"keywords\":[\"AEIS \/ ZEIS\",\"\u00e1gua\",\"Alerj\",\"audi\u00eancia p\u00fablica\",\"Ba\u00eda Viva\",\"Barra da Tijuca\",\"Canal do Anil\",\"col\u00f4nia de pescadores\",\"Complexo Lagunar de Jacarepagu\u00e1\",\"desmatamento\",\"especula\u00e7\u00e3o imobili\u00e1ria\",\"Grande Rio\",\"INEA\",\"Jacarepagu\u00e1\",\"Justi\u00e7a Clim\u00e1tica\",\"Lagoa da Tijuca\",\"Lagoa de Jacarepagu\u00e1\",\"Lagoa de Marapendi\",\"Lagoa do Camorim\",\"Mata Atl\u00e2ntica\",\"meio ambiente\",\"Minist\u00e9rio P\u00fablico\",\"mudan\u00e7as clim\u00e1ticas\",\"Neglig\u00eancia do Estado\",\"Plano Diretor\",\"polui\u00e7\u00e3o\",\"Recreio dos Bandeirantes\",\"Rio das Pedras\",\"Rio-\u00c1guas\",\"saneamento\",\"S\u00e9rie\",\"S\u00e9rie: Degrada\u00e7\u00e3o do Pantanal Carioca\",\"Vargem Grande\",\"Vargem Pequena\",\"Zona Oeste\"],\"articleSection\":[\"#OlhoNaUrbaniza\u00e7\u00e3o\",\"*Destaque\",\"Den\u00fancias\",\"Escrito por Comunicadores Populares\",\"Justi\u00e7a Clim\u00e1tica\",\"Sustentabilidade\"],\"inLanguage\":\"pt-BR\"},{\"@type\":\"WebPage\",\"@id\":\"https:\/\/rioonwatch.org.br\/?p=62346\",\"url\":\"https:\/\/rioonwatch.org.br\/?p=62346\",\"name\":\"A Degrada\u00e7\u00e3o do Pantanal Carioca, Parte 2: A Polui\u00e7\u00e3o como Consequ\u00eancia da Hist\u00f3rica Falta de Saneamento B\u00e1sico na Baixada de Jacarepagu\u00e1 - RioOnWatch\",\"isPartOf\":{\"@id\":\"https:\/\/rioonwatch.org.br\/#website\"},\"primaryImageOfPage\":{\"@id\":\"https:\/\/rioonwatch.org.br\/?p=62346#primaryimage\"},\"image\":{\"@id\":\"https:\/\/rioonwatch.org.br\/?p=62346#primaryimage\"},\"thumbnailUrl\":\"https:\/\/rioonwatch.org.br\/wp-content\/uploads\/2022\/08\/Segundo-o-promotor-existem-cerca-de-400-pontos-de-despejo-de-esgoto-irregular-na-regiao.-Foto-Felipe-Migliani-scaled.jpg\",\"datePublished\":\"2022-09-13T12:38:42+00:00\",\"dateModified\":\"2023-03-26T23:18:43+00:00\",\"breadcrumb\":{\"@id\":\"https:\/\/rioonwatch.org.br\/?p=62346#breadcrumb\"},\"inLanguage\":\"pt-BR\",\"potentialAction\":[{\"@type\":\"ReadAction\",\"target\":[\"https:\/\/rioonwatch.org.br\/?p=62346\"]}]},{\"@type\":\"ImageObject\",\"inLanguage\":\"pt-BR\",\"@id\":\"https:\/\/rioonwatch.org.br\/?p=62346#primaryimage\",\"url\":\"https:\/\/rioonwatch.org.br\/wp-content\/uploads\/2022\/08\/Segundo-o-promotor-existem-cerca-de-400-pontos-de-despejo-de-esgoto-irregular-na-regiao.-Foto-Felipe-Migliani-scaled.jpg\",\"contentUrl\":\"https:\/\/rioonwatch.org.br\/wp-content\/uploads\/2022\/08\/Segundo-o-promotor-existem-cerca-de-400-pontos-de-despejo-de-esgoto-irregular-na-regiao.-Foto-Felipe-Migliani-scaled.jpg\",\"width\":2560,\"height\":1920,\"caption\":\"Segundo o promotor, existem cerca de 400 pontos de despejo de esgoto irregular na regi\u00e3o. Foto: Felipe Migliani\"},{\"@type\":\"BreadcrumbList\",\"@id\":\"https:\/\/rioonwatch.org.br\/?p=62346#breadcrumb\",\"itemListElement\":[{\"@type\":\"ListItem\",\"position\":1,\"name\":\"In\u00edcio\",\"item\":\"https:\/\/rioonwatch.org.br\/\"},{\"@type\":\"ListItem\",\"position\":2,\"name\":\"A Degrada\u00e7\u00e3o do Pantanal Carioca, Parte 2: A Polui\u00e7\u00e3o como Consequ\u00eancia da Hist\u00f3rica Falta de Saneamento B\u00e1sico na Baixada de Jacarepagu\u00e1\"}]},{\"@type\":\"WebSite\",\"@id\":\"https:\/\/rioonwatch.org.br\/#website\",\"url\":\"https:\/\/rioonwatch.org.br\/\",\"name\":\"RioOnWatch\",\"description\":\"relatos das favelas cariocas\",\"publisher\":{\"@id\":\"https:\/\/rioonwatch.org.br\/#organization\"},\"potentialAction\":[{\"@type\":\"SearchAction\",\"target\":{\"@type\":\"EntryPoint\",\"urlTemplate\":\"https:\/\/rioonwatch.org.br\/?s={search_term_string}\"},\"query-input\":{\"@type\":\"PropertyValueSpecification\",\"valueRequired\":true,\"valueName\":\"search_term_string\"}}],\"inLanguage\":\"pt-BR\"},{\"@type\":\"Organization\",\"@id\":\"https:\/\/rioonwatch.org.br\/#organization\",\"name\":\"RioOnWatch\",\"url\":\"https:\/\/rioonwatch.org.br\/\",\"logo\":{\"@type\":\"ImageObject\",\"inLanguage\":\"pt-BR\",\"@id\":\"https:\/\/rioonwatch.org.br\/#\/schema\/logo\/image\/\",\"url\":\"https:\/\/rioonwatch.org.br\/wp-content\/uploads\/2021\/06\/RioOnWatchcabecalhoPT11anos-2.png\",\"contentUrl\":\"https:\/\/rioonwatch.org.br\/wp-content\/uploads\/2021\/06\/RioOnWatchcabecalhoPT11anos-2.png\",\"width\":779,\"height\":277,\"caption\":\"RioOnWatch\"},\"image\":{\"@id\":\"https:\/\/rioonwatch.org.br\/#\/schema\/logo\/image\/\"}},{\"@type\":\"Person\",\"@id\":\"https:\/\/rioonwatch.org.br\/#\/schema\/person\/476bc75767957d3535b65b796667cd36\",\"name\":\"Julio Santos Filho\",\"image\":{\"@type\":\"ImageObject\",\"inLanguage\":\"pt-BR\",\"@id\":\"https:\/\/rioonwatch.org.br\/#\/schema\/person\/image\/\",\"url\":\"https:\/\/secure.gravatar.com\/avatar\/ca138f7666182a292a8ce4ca14fb81f8?s=96&d=blank&r=g\",\"contentUrl\":\"https:\/\/secure.gravatar.com\/avatar\/ca138f7666182a292a8ce4ca14fb81f8?s=96&d=blank&r=g\",\"caption\":\"Julio Santos Filho\"},\"url\":\"https:\/\/rioonwatch.org.br\/?author=167\"}]}<\/script>\n<!-- \/ Yoast SEO plugin. -->","yoast_head_json":{"title":"A Degrada\u00e7\u00e3o do Pantanal Carioca, Parte 2: A Polui\u00e7\u00e3o como Consequ\u00eancia da Hist\u00f3rica Falta de Saneamento B\u00e1sico na Baixada de Jacarepagu\u00e1 - RioOnWatch","robots":{"index":"index","follow":"follow","max-snippet":"max-snippet:-1","max-image-preview":"max-image-preview:large","max-video-preview":"max-video-preview:-1"},"canonical":"https:\/\/rioonwatch.org.br\/?p=62346","og_locale":"pt_BR","og_type":"article","og_title":"A Degrada\u00e7\u00e3o do Pantanal Carioca, Parte 2: A Polui\u00e7\u00e3o como Consequ\u00eancia da Hist\u00f3rica Falta de Saneamento B\u00e1sico na Baixada de Jacarepagu\u00e1 - RioOnWatch","og_description":"Click Here for English Esta \u00e9 a segunda mat\u00e9ria de uma s\u00e9rie de quatro sobre \u201cA Degrada\u00e7\u00e3o do Pantanal Carioca\u201d, como j\u00e1 foi conhecida a Baixada de Jacarepagu\u00e1, na Zona Oeste do Rio de Janeiro. [...]","og_url":"https:\/\/rioonwatch.org.br\/?p=62346","og_site_name":"RioOnWatch","article_published_time":"2022-09-13T12:38:42+00:00","article_modified_time":"2023-03-26T23:18:43+00:00","og_image":[{"width":2560,"height":1920,"url":"https:\/\/rioonwatch.org.br\/wp-content\/uploads\/2022\/08\/Segundo-o-promotor-existem-cerca-de-400-pontos-de-despejo-de-esgoto-irregular-na-regiao.-Foto-Felipe-Migliani-scaled.jpg","type":"image\/jpeg"}],"author":"Julio Santos Filho","twitter_card":"summary_large_image","twitter_misc":{"Escrito por":"Julio Santos Filho","Est. tempo de leitura":"11 minutos"},"schema":{"@context":"https:\/\/schema.org","@graph":[{"@type":"Article","@id":"https:\/\/rioonwatch.org.br\/?p=62346#article","isPartOf":{"@id":"https:\/\/rioonwatch.org.br\/?p=62346"},"author":{"name":"Julio Santos Filho","@id":"https:\/\/rioonwatch.org.br\/#\/schema\/person\/476bc75767957d3535b65b796667cd36"},"headline":"A Degrada\u00e7\u00e3o do Pantanal Carioca, Parte 2: A Polui\u00e7\u00e3o como Consequ\u00eancia da Hist\u00f3rica Falta de Saneamento B\u00e1sico na Baixada de Jacarepagu\u00e1","datePublished":"2022-09-13T12:38:42+00:00","dateModified":"2023-03-26T23:18:43+00:00","mainEntityOfPage":{"@id":"https:\/\/rioonwatch.org.br\/?p=62346"},"wordCount":1963,"publisher":{"@id":"https:\/\/rioonwatch.org.br\/#organization"},"image":{"@id":"https:\/\/rioonwatch.org.br\/?p=62346#primaryimage"},"thumbnailUrl":"https:\/\/rioonwatch.org.br\/wp-content\/uploads\/2022\/08\/Segundo-o-promotor-existem-cerca-de-400-pontos-de-despejo-de-esgoto-irregular-na-regiao.-Foto-Felipe-Migliani-scaled.jpg","keywords":["AEIS \/ ZEIS","\u00e1gua","Alerj","audi\u00eancia p\u00fablica","Ba\u00eda Viva","Barra da Tijuca","Canal do Anil","col\u00f4nia de pescadores","Complexo Lagunar de Jacarepagu\u00e1","desmatamento","especula\u00e7\u00e3o imobili\u00e1ria","Grande Rio","INEA","Jacarepagu\u00e1","Justi\u00e7a Clim\u00e1tica","Lagoa da Tijuca","Lagoa de Jacarepagu\u00e1","Lagoa de Marapendi","Lagoa do Camorim","Mata Atl\u00e2ntica","meio ambiente","Minist\u00e9rio P\u00fablico","mudan\u00e7as clim\u00e1ticas","Neglig\u00eancia do Estado","Plano Diretor","polui\u00e7\u00e3o","Recreio dos Bandeirantes","Rio das Pedras","Rio-\u00c1guas","saneamento","S\u00e9rie","S\u00e9rie: Degrada\u00e7\u00e3o do Pantanal Carioca","Vargem Grande","Vargem Pequena","Zona Oeste"],"articleSection":["#OlhoNaUrbaniza\u00e7\u00e3o","*Destaque","Den\u00fancias","Escrito por Comunicadores Populares","Justi\u00e7a Clim\u00e1tica","Sustentabilidade"],"inLanguage":"pt-BR"},{"@type":"WebPage","@id":"https:\/\/rioonwatch.org.br\/?p=62346","url":"https:\/\/rioonwatch.org.br\/?p=62346","name":"A Degrada\u00e7\u00e3o do Pantanal Carioca, Parte 2: A Polui\u00e7\u00e3o como Consequ\u00eancia da Hist\u00f3rica Falta de Saneamento B\u00e1sico na Baixada de Jacarepagu\u00e1 - RioOnWatch","isPartOf":{"@id":"https:\/\/rioonwatch.org.br\/#website"},"primaryImageOfPage":{"@id":"https:\/\/rioonwatch.org.br\/?p=62346#primaryimage"},"image":{"@id":"https:\/\/rioonwatch.org.br\/?p=62346#primaryimage"},"thumbnailUrl":"https:\/\/rioonwatch.org.br\/wp-content\/uploads\/2022\/08\/Segundo-o-promotor-existem-cerca-de-400-pontos-de-despejo-de-esgoto-irregular-na-regiao.-Foto-Felipe-Migliani-scaled.jpg","datePublished":"2022-09-13T12:38:42+00:00","dateModified":"2023-03-26T23:18:43+00:00","breadcrumb":{"@id":"https:\/\/rioonwatch.org.br\/?p=62346#breadcrumb"},"inLanguage":"pt-BR","potentialAction":[{"@type":"ReadAction","target":["https:\/\/rioonwatch.org.br\/?p=62346"]}]},{"@type":"ImageObject","inLanguage":"pt-BR","@id":"https:\/\/rioonwatch.org.br\/?p=62346#primaryimage","url":"https:\/\/rioonwatch.org.br\/wp-content\/uploads\/2022\/08\/Segundo-o-promotor-existem-cerca-de-400-pontos-de-despejo-de-esgoto-irregular-na-regiao.-Foto-Felipe-Migliani-scaled.jpg","contentUrl":"https:\/\/rioonwatch.org.br\/wp-content\/uploads\/2022\/08\/Segundo-o-promotor-existem-cerca-de-400-pontos-de-despejo-de-esgoto-irregular-na-regiao.-Foto-Felipe-Migliani-scaled.jpg","width":2560,"height":1920,"caption":"Segundo o promotor, existem cerca de 400 pontos de despejo de esgoto irregular na regi\u00e3o. Foto: Felipe Migliani"},{"@type":"BreadcrumbList","@id":"https:\/\/rioonwatch.org.br\/?p=62346#breadcrumb","itemListElement":[{"@type":"ListItem","position":1,"name":"In\u00edcio","item":"https:\/\/rioonwatch.org.br\/"},{"@type":"ListItem","position":2,"name":"A Degrada\u00e7\u00e3o do Pantanal Carioca, Parte 2: A Polui\u00e7\u00e3o como Consequ\u00eancia da Hist\u00f3rica Falta de Saneamento B\u00e1sico na Baixada de Jacarepagu\u00e1"}]},{"@type":"WebSite","@id":"https:\/\/rioonwatch.org.br\/#website","url":"https:\/\/rioonwatch.org.br\/","name":"RioOnWatch","description":"relatos das favelas cariocas","publisher":{"@id":"https:\/\/rioonwatch.org.br\/#organization"},"potentialAction":[{"@type":"SearchAction","target":{"@type":"EntryPoint","urlTemplate":"https:\/\/rioonwatch.org.br\/?s={search_term_string}"},"query-input":{"@type":"PropertyValueSpecification","valueRequired":true,"valueName":"search_term_string"}}],"inLanguage":"pt-BR"},{"@type":"Organization","@id":"https:\/\/rioonwatch.org.br\/#organization","name":"RioOnWatch","url":"https:\/\/rioonwatch.org.br\/","logo":{"@type":"ImageObject","inLanguage":"pt-BR","@id":"https:\/\/rioonwatch.org.br\/#\/schema\/logo\/image\/","url":"https:\/\/rioonwatch.org.br\/wp-content\/uploads\/2021\/06\/RioOnWatchcabecalhoPT11anos-2.png","contentUrl":"https:\/\/rioonwatch.org.br\/wp-content\/uploads\/2021\/06\/RioOnWatchcabecalhoPT11anos-2.png","width":779,"height":277,"caption":"RioOnWatch"},"image":{"@id":"https:\/\/rioonwatch.org.br\/#\/schema\/logo\/image\/"}},{"@type":"Person","@id":"https:\/\/rioonwatch.org.br\/#\/schema\/person\/476bc75767957d3535b65b796667cd36","name":"Julio Santos Filho","image":{"@type":"ImageObject","inLanguage":"pt-BR","@id":"https:\/\/rioonwatch.org.br\/#\/schema\/person\/image\/","url":"https:\/\/secure.gravatar.com\/avatar\/ca138f7666182a292a8ce4ca14fb81f8?s=96&d=blank&r=g","contentUrl":"https:\/\/secure.gravatar.com\/avatar\/ca138f7666182a292a8ce4ca14fb81f8?s=96&d=blank&r=g","caption":"Julio Santos Filho"},"url":"https:\/\/rioonwatch.org.br\/?author=167"}]}},"_links":{"self":[{"href":"https:\/\/rioonwatch.org.br\/index.php?rest_route=\/wp\/v2\/posts\/62346"}],"collection":[{"href":"https:\/\/rioonwatch.org.br\/index.php?rest_route=\/wp\/v2\/posts"}],"about":[{"href":"https:\/\/rioonwatch.org.br\/index.php?rest_route=\/wp\/v2\/types\/post"}],"author":[{"embeddable":true,"href":"https:\/\/rioonwatch.org.br\/index.php?rest_route=\/wp\/v2\/users\/167"}],"replies":[{"embeddable":true,"href":"https:\/\/rioonwatch.org.br\/index.php?rest_route=%2Fwp%2Fv2%2Fcomments&post=62346"}],"version-history":[{"count":20,"href":"https:\/\/rioonwatch.org.br\/index.php?rest_route=\/wp\/v2\/posts\/62346\/revisions"}],"predecessor-version":[{"id":64148,"href":"https:\/\/rioonwatch.org.br\/index.php?rest_route=\/wp\/v2\/posts\/62346\/revisions\/64148"}],"wp:featuredmedia":[{"embeddable":true,"href":"https:\/\/rioonwatch.org.br\/index.php?rest_route=\/wp\/v2\/media\/62376"}],"wp:attachment":[{"href":"https:\/\/rioonwatch.org.br\/index.php?rest_route=%2Fwp%2Fv2%2Fmedia&parent=62346"}],"wp:term":[{"taxonomy":"category","embeddable":true,"href":"https:\/\/rioonwatch.org.br\/index.php?rest_route=%2Fwp%2Fv2%2Fcategories&post=62346"},{"taxonomy":"post_tag","embeddable":true,"href":"https:\/\/rioonwatch.org.br\/index.php?rest_route=%2Fwp%2Fv2%2Ftags&post=62346"},{"taxonomy":"writer","embeddable":true,"href":"https:\/\/rioonwatch.org.br\/index.php?rest_route=%2Fwp%2Fv2%2Fwriter&post=62346"},{"taxonomy":"translator","embeddable":true,"href":"https:\/\/rioonwatch.org.br\/index.php?rest_route=%2Fwp%2Fv2%2Ftranslator&post=62346"},{"taxonomy":"source","embeddable":true,"href":"https:\/\/rioonwatch.org.br\/index.php?rest_route=%2Fwp%2Fv2%2Fsource&post=62346"},{"taxonomy":"ilustrador","embeddable":true,"href":"https:\/\/rioonwatch.org.br\/index.php?rest_route=%2Fwp%2Fv2%2Filustrador&post=62346"},{"taxonomy":"fotografo","embeddable":true,"href":"https:\/\/rioonwatch.org.br\/index.php?rest_route=%2Fwp%2Fv2%2Ffotografo&post=62346"}],"curies":[{"name":"wp","href":"https:\/\/api.w.org\/{rel}","templated":true}]}}