{"id":62389,"date":"2022-08-19T10:38:06","date_gmt":"2022-08-19T13:38:06","guid":{"rendered":"https:\/\/rioonwatch.org.br\/?p=62389"},"modified":"2022-08-30T18:28:17","modified_gmt":"2022-08-30T21:28:17","slug":"vii-julho-negro-ocupa-casa-palafita-e-cozinha-solidaria-da-frente-mare-com-debate-sobre-mulheres-militarizacao-e-politica","status":"publish","type":"post","link":"https:\/\/rioonwatch.org.br\/?p=62389","title":{"rendered":"VII Julho Negro Ocupa Casa Palafita e Cozinha Solid\u00e1ria da Frente Mar\u00e9 com Debate sobre Mulheres, Militariza\u00e7\u00e3o e Pol\u00edtica"},"content":{"rendered":"<p style=\"text-align: right;\"><em><strong><a href=\"https:\/\/bit.ly\/3TCzo8q\" target=\"_blank\" rel=\"noopener noreferrer\">Click Here for English<\/a><a href=\"https:\/\/bit.ly\/3TCzo8q\" rel=\"noopener noreferrer\"><img decoding=\"async\" class=\"alignright wp-image-15790\" src=\"https:\/\/rioonwatch.org.br\/wp-content\/uploads\/2012\/08\/EN-standard-e1439583104716.jpg\" alt=\"\" width=\"20\" height=\"20\" \/><\/a><\/strong><\/em><\/p>\n<p><span style=\"font-weight: 400;\">O <\/span><a href=\"http:\/\/bit.ly\/JulhoNegronoROW\" target=\"_blank\" rel=\"noopener\"><span style=\"font-weight: 400;\">Julho Negro<\/span><\/a><span style=\"font-weight: 400;\"> \u00e9 uma <\/span><a href=\"https:\/\/bit.ly\/JulhoNegro2021\" target=\"_blank\" rel=\"noopener\"><span style=\"font-weight: 400;\">articula\u00e7\u00e3o internacional<\/span><\/a> de luta<span style=\"font-weight: 400;\">\u00a0contra a <\/span><a href=\"http:\/\/bit.ly\/2YuduWX\" target=\"_blank\" rel=\"noopener\"><span style=\"font-weight: 400;\">militariza\u00e7\u00e3o<\/span><\/a><span style=\"font-weight: 400;\">, o <\/span><a href=\"https:\/\/bit.ly\/SerieAntirracista\" target=\"_blank\" rel=\"noopener\"><span style=\"font-weight: 400;\">racismo<\/span><\/a><span style=\"font-weight: 400;\"> e o <\/span><a href=\"https:\/\/bit.ly\/32zrvHd\" target=\"_blank\" rel=\"noopener\"><span style=\"font-weight: 400;\">apartheid<\/span><\/a><span style=\"font-weight: 400;\"> que, em 2022, chegou \u00e0 sua s\u00e9tima edi\u00e7\u00e3o. Fundado em 2016 atrav\u00e9s da articula\u00e7\u00e3o e organiza\u00e7\u00e3o dos <\/span><span style=\"font-weight: 400;\"><a href=\"https:\/\/bit.ly\/2FBdRez\" target=\"_blank\" rel=\"noopener\">movimentos de m\u00e3es e familiares<\/a> v\u00edtimas da viol\u00eancia do Estado<\/span><span style=\"font-weight: 400;\">, e <\/span><a href=\"http:\/\/bit.ly\/2x1wErZ\" target=\"_blank\" rel=\"noopener\"><span style=\"font-weight: 400;\">grupos e coletivos de favelas<\/span><\/a><span style=\"font-weight: 400;\"> de todo o Brasil, atua em contato direto com <\/span><a href=\"http:\/\/bit.ly\/2OhVZJD\" target=\"_blank\" rel=\"noopener\"><span style=\"font-weight: 400;\">movimentos sociais de territ\u00f3rios de todo o mundo<\/span><\/a><span style=\"font-weight: 400;\"> que sofrem com a militariza\u00e7\u00e3o e suas consequ\u00eancias.<\/span><\/p>\n<p><span style=\"font-weight: 400;\"><a href=\"https:\/\/rioonwatch.org.br\/wp-content\/uploads\/2022\/08\/Logo-VII-Julho-Negro-que-aconteceu-no-dia-30-de-julho-na-Casa-Palafita-espaco-na-favela-do-Salsa-e-Merengue-na-Mare.-Divulgacao.jpg\"><img fetchpriority=\"high\" decoding=\"async\" class=\"alignright wp-image-62393\" title=\"Logo VII Julho Negro, que aconteceu no dia 30 de julho, na Casa Palafita, espa\u00e7o na favela do Salsa e Merengue, na Mar\u00e9. Divulga\u00e7\u00e3o\" src=\"https:\/\/rioonwatch.org.br\/wp-content\/uploads\/2022\/08\/Logo-VII-Julho-Negro-que-aconteceu-no-dia-30-de-julho-na-Casa-Palafita-espaco-na-favela-do-Salsa-e-Merengue-na-Mare.-Divulgacao.jpg\" alt=\"Logo VII Julho Negro, que aconteceu no dia 30 de julho, na Casa Palafita, espa\u00e7o na favela do Salsa e Merengue, na Mar\u00e9. Divulga\u00e7\u00e3o\" width=\"300\" height=\"300\" \/><\/a>Desta vez, em 2022, o evento aconteceu em uma vers\u00e3o mais curta, pois os movimentos sociais que constroem as atividades do Julho Negro todos os anos est\u00e3o envolvidos em a\u00e7\u00f5es diretas em seus respectivos territ\u00f3rios, que se deve infelizmente tamb\u00e9m \u00e0 amplia\u00e7\u00e3o da militariza\u00e7\u00e3o e o apartheid.<\/span><\/p>\n<p><span style=\"font-weight: 400;\">Em sua 7\u00aa edi\u00e7\u00e3o, o Julho Negro prop\u00f4s o debate a partir do semin\u00e1rio \u201cMulheres na Luta contra o C\u00e1rcere e as Pol\u00edcias\u201d e se desdobrou at\u00e9 mesmo para debates acerca do cen\u00e1rio pol\u00edtico atual do Brasil, resgatando acontecimentos e mem\u00f3rias de outros per\u00edodos pol\u00edticos, e posicionamentos sobre as elei\u00e7\u00f5es de outubro. O encontro aconteceu no s\u00e1bado, 30 de julho, na Casa Palafita, que fica localizada no <\/span><a href=\"http:\/\/bit.ly\/2F4H5gM\" target=\"_blank\" rel=\"noopener\"><span style=\"font-weight: 400;\">Salsa e Merengue<\/span><\/a><span style=\"font-weight: 400;\">, uma das 16 favelas da <a href=\"http:\/\/bit.ly\/2K1s59x\" target=\"_blank\" rel=\"noopener\">Mar\u00e9<\/a>.\u00a0<\/span><\/p>\n<p><span style=\"font-weight: 400;\">O semin\u00e1rio teve como palestrantes quatro mulheres militantes de causas ligadas \u00e0 militariza\u00e7\u00e3o e aos movimentos sociais: Gizele Martins, membro da <\/span><a href=\"https:\/\/bit.ly\/2WntZq6\" target=\"_blank\" rel=\"noopener\"><span style=\"font-weight: 400;\">Frente Mar\u00e9<\/span><\/a><span style=\"font-weight: 400;\">; Giselle Florentino, integrante da <\/span><a href=\"http:\/\/bit.ly\/2EvQfpl\" target=\"_blank\" rel=\"noopener\"><span style=\"font-weight: 400;\">Iniciativa Direito a Mem\u00f3ria e Justi\u00e7a Racial<\/span><\/a><span style=\"font-weight: 400;\">; Monique Cruz, da <\/span><a href=\"http:\/\/bit.ly\/2Mw0FJA\" target=\"_blank\" rel=\"noopener\"><span style=\"font-weight: 400;\">Justi\u00e7a Global<\/span><\/a><span style=\"font-weight: 400;\">; e Patricia Oliveira, integrante da <\/span><a href=\"https:\/\/bit.ly\/3GnXKwf\" target=\"_blank\" rel=\"noopener\"><span style=\"font-weight: 400;\">Rede Nacional de M\u00e3es e Familiares V\u00edtimas do Terrorismo do Estado<\/span><\/a><span style=\"font-weight: 400;\">. Al\u00e9m das palestrantes, estavam presentes no semin\u00e1rio representantes de coletivos, organiza\u00e7\u00f5es e moradores de favelas.<\/span><\/p>\n<blockquote class=\"instagram-media\" style=\"background: #FFF; border: 0; border-radius: 3px; box-shadow: 0 0 1px 0 rgba(0,0,0,0.5),0 1px 10px 0 rgba(0,0,0,0.15); margin: 1px; max-width: 540px; min-width: 326px; padding: 0; width: calc(100% - 2px);\" data-instgrm-captioned=\"\" data-instgrm-permalink=\"https:\/\/www.instagram.com\/p\/CguBJ37r2vm\/?utm_source=ig_embed&amp;utm_campaign=loading\" data-instgrm-version=\"14\">\n<div style=\"padding: 16px;\">\n<p>&nbsp;<\/p>\n<div style=\"display: flex; flex-direction: row; align-items: center;\">\n<div style=\"background-color: #f4f4f4; border-radius: 50%; flex-grow: 0; height: 40px; margin-right: 14px; width: 40px;\"><\/div>\n<div style=\"display: flex; flex-direction: column; flex-grow: 1; justify-content: center;\">\n<div style=\"background-color: #f4f4f4; border-radius: 4px; flex-grow: 0; height: 14px; margin-bottom: 6px; width: 100px;\"><\/div>\n<div style=\"background-color: #f4f4f4; border-radius: 4px; flex-grow: 0; height: 14px; width: 60px;\"><\/div>\n<\/div>\n<\/div>\n<div style=\"padding: 19% 0;\"><\/div>\n<div style=\"display: block; height: 50px; margin: 0 auto 12px; width: 50px;\"><\/div>\n<div style=\"padding-top: 8px;\">\n<div style=\"color: #3897f0; font-family: Arial,sans-serif; font-size: 14px; font-style: normal; font-weight: 550; line-height: 18px;\">Ver essa foto no Instagram<\/div>\n<\/div>\n<div style=\"padding: 12.5% 0;\"><\/div>\n<div style=\"display: flex; flex-direction: row; margin-bottom: 14px; align-items: center;\">\n<div>\n<div style=\"background-color: #f4f4f4; border-radius: 50%; height: 12.5px; width: 12.5px; transform: translateX(0px) translateY(7px);\"><\/div>\n<div style=\"background-color: #f4f4f4; height: 12.5px; transform: rotate(-45deg) translateX(3px) translateY(1px); width: 12.5px; flex-grow: 0; margin-right: 14px; margin-left: 2px;\"><\/div>\n<div style=\"background-color: #f4f4f4; border-radius: 50%; height: 12.5px; width: 12.5px; transform: translateX(9px) translateY(-18px);\"><\/div>\n<\/div>\n<div style=\"margin-left: 8px;\">\n<div style=\"background-color: #f4f4f4; border-radius: 50%; flex-grow: 0; height: 20px; width: 20px;\"><\/div>\n<div style=\"width: 0; height: 0; border-top: 2px solid transparent; border-left: 6px solid #f4f4f4; border-bottom: 2px solid transparent; transform: translateX(16px) translateY(-4px) rotate(30deg);\"><\/div>\n<\/div>\n<div style=\"margin-left: auto;\">\n<div style=\"width: 0px; border-top: 8px solid #F4F4F4; border-right: 8px solid transparent; transform: translateY(16px);\"><\/div>\n<div style=\"background-color: #f4f4f4; flex-grow: 0; height: 12px; width: 16px; transform: translateY(-4px);\"><\/div>\n<div style=\"width: 0; height: 0; border-top: 8px solid #F4F4F4; border-left: 8px solid transparent; transform: translateY(-4px) translateX(8px);\"><\/div>\n<\/div>\n<\/div>\n<div style=\"display: flex; flex-direction: column; flex-grow: 1; justify-content: center; margin-bottom: 24px;\">\n<div style=\"background-color: #f4f4f4; border-radius: 4px; flex-grow: 0; height: 14px; margin-bottom: 6px; width: 224px;\"><\/div>\n<div style=\"background-color: #f4f4f4; border-radius: 4px; flex-grow: 0; height: 14px; width: 144px;\"><\/div>\n<\/div>\n<p>&nbsp;<\/p>\n<p style=\"color: #c9c8cd; font-family: Arial,sans-serif; font-size: 14px; line-height: 17px; margin-bottom: 0; margin-top: 8px; overflow: hidden; padding: 8px 0 7px; text-align: center; text-overflow: ellipsis; white-space: nowrap;\"><a style=\"color: #c9c8cd; font-family: Arial,sans-serif; font-size: 14px; font-style: normal; font-weight: normal; line-height: 17px; text-decoration: none;\" href=\"https:\/\/www.instagram.com\/p\/CguBJ37r2vm\/?utm_source=ig_embed&amp;utm_campaign=loading\" target=\"_blank\" rel=\"noopener\">Uma publica\u00e7\u00e3o compartilhada por Julho Negro (@julhonegro)<\/a><\/p>\n<\/div>\n<\/blockquote>\n<p><script async src=\"\/\/www.instagram.com\/embed.js\"><\/script><\/p>\n<p>Em um breve relato sobre sua vida e os impactos da militariza\u00e7\u00e3o desde sua inf\u00e2ncia, Gizele Martins compartilhou como isso foi fundamental para delinear tamb\u00e9m sua trajet\u00f3ria profissional:<\/p>\n<blockquote><p><span style=\"font-weight: 400;\">\u201cEscolhi de uma forma muito autom\u00e1tica fazer jornalismo a partir do momento que eu n\u00e3o me via na m\u00eddia comercial. Eu n\u00e3o me enxergava, n\u00e3o enxergava a minha cultura, minha favela, o meu territ\u00f3rio. Tudo o que falavam sobre n\u00f3s era de forma racista, estereotipada.\u201d<\/span><\/p><\/blockquote>\n<p><span style=\"font-weight: 400;\">Gizele refor\u00e7ou tamb\u00e9m que a favela, local onde foi nascida e criada, \u00e9 um espa\u00e7o diverso, culturalmente f\u00e9rtil e ativo:<\/span><\/p>\n<blockquote><p><span style=\"font-weight: 400;\">\u201cA favela que eu conhe\u00e7o tem m\u00fasica, tem cultura, tem churrasco na rua, tem barulho, tem carro passando, moto. Tem ocupa\u00e7\u00e3o, tem solidariedade. Tem educa\u00e7\u00e3o comunit\u00e1ria, tem pr\u00e9-vestibular, tem mem\u00f3ria, tem comunica\u00e7\u00e3o comunit\u00e1ria. Tem vida, tem alegria\u2026 mas tem tamb\u00e9m o Estado que aterroriza.&#8221;<\/span><\/p><\/blockquote>\n<p><a href=\"https:\/\/rioonwatch.org.br\/wp-content\/uploads\/2022\/08\/Palestrantes-Julho-Negro.png\"><img decoding=\"async\" class=\"alignright wp-image-62525 size-full\" title=\"Palestrantes e p\u00fablico presente no VII Julho Negro, em 30 de julho de 2022, na Casa Palafita, no Salsa e Merengue, Mar\u00e9. Foto: Juliana Pinho\" src=\"https:\/\/rioonwatch.org.br\/wp-content\/uploads\/2022\/08\/Palestrantes-Julho-Negro.png\" alt=\"Palestrantes e p\u00fablico presente no VII Julho Negro, em 30 de julho de 2022, na Casa Palafita, no Salsa e Merengue, Mar\u00e9. Foto: Juliana Pinho\" width=\"1200\" height=\"749\" srcset=\"https:\/\/rioonwatch.org.br\/wp-content\/uploads\/2022\/08\/Palestrantes-Julho-Negro.png 1200w, https:\/\/rioonwatch.org.br\/wp-content\/uploads\/2022\/08\/Palestrantes-Julho-Negro-620x387.png 620w, https:\/\/rioonwatch.org.br\/wp-content\/uploads\/2022\/08\/Palestrantes-Julho-Negro-1008x629.png 1008w\" sizes=\"(max-width: 1200px) 100vw, 1200px\" \/><\/a><\/p>\n<p><span style=\"font-weight: 400;\">Ap\u00f3s as apresenta\u00e7\u00f5es de todos presentes, Gizele contou sobre o espa\u00e7o onde estavam. A Casa Palafita \u00e9 uma ocupa\u00e7\u00e3o dentro do que deveria ser um posto de sa\u00fade e que estava desativado. O local surgiu de um movimento que deu continuidade \u00e0s a\u00e7\u00f5es da Frente de Mobiliza\u00e7\u00e3o da Mar\u00e9, criada no in\u00edcio da pandemia com foco na comunica\u00e7\u00e3o comunit\u00e1ria, mas que ampliou suas a\u00e7\u00f5es para ajudar as fam\u00edlias de toda a Mar\u00e9 com distribui\u00e7\u00e3o de alimentos, materiais de higiene, botij\u00e3o de g\u00e1s e outros para pessoas em maior situa\u00e7\u00e3o de vulnerabilidade.<\/span><\/p>\n<blockquote class=\"instagram-media\" style=\"background: #FFF; border: 0; border-radius: 3px; box-shadow: 0 0 1px 0 rgba(0,0,0,0.5),0 1px 10px 0 rgba(0,0,0,0.15); margin: 1px; max-width: 540px; min-width: 326px; padding: 0; width: calc(100% - 2px);\" data-instgrm-captioned=\"\" data-instgrm-permalink=\"https:\/\/www.instagram.com\/reel\/Cd13dVduhKP\/?utm_source=ig_embed&amp;utm_campaign=loading\" data-instgrm-version=\"14\">\n<div style=\"padding: 16px;\">\n<p>&nbsp;<\/p>\n<div style=\"display: flex; flex-direction: row; align-items: center;\">\n<div style=\"background-color: #f4f4f4; border-radius: 50%; flex-grow: 0; height: 40px; margin-right: 14px; width: 40px;\"><\/div>\n<div style=\"display: flex; flex-direction: column; flex-grow: 1; justify-content: center;\">\n<div style=\"background-color: #f4f4f4; border-radius: 4px; flex-grow: 0; height: 14px; margin-bottom: 6px; width: 100px;\"><\/div>\n<div style=\"background-color: #f4f4f4; border-radius: 4px; flex-grow: 0; height: 14px; width: 60px;\"><\/div>\n<\/div>\n<\/div>\n<div style=\"padding: 19% 0;\"><\/div>\n<div style=\"display: block; height: 50px; margin: 0 auto 12px; width: 50px;\"><\/div>\n<div style=\"padding-top: 8px;\">\n<div style=\"color: #3897f0; font-family: Arial,sans-serif; font-size: 14px; font-style: normal; font-weight: 550; line-height: 18px;\">Ver essa foto no Instagram<\/div>\n<\/div>\n<div style=\"padding: 12.5% 0;\"><\/div>\n<div style=\"display: flex; flex-direction: row; margin-bottom: 14px; align-items: center;\">\n<div>\n<div style=\"background-color: #f4f4f4; border-radius: 50%; height: 12.5px; width: 12.5px; transform: translateX(0px) translateY(7px);\"><\/div>\n<div style=\"background-color: #f4f4f4; height: 12.5px; transform: rotate(-45deg) translateX(3px) translateY(1px); width: 12.5px; flex-grow: 0; margin-right: 14px; margin-left: 2px;\"><\/div>\n<div style=\"background-color: #f4f4f4; border-radius: 50%; height: 12.5px; width: 12.5px; transform: translateX(9px) translateY(-18px);\"><\/div>\n<\/div>\n<div style=\"margin-left: 8px;\">\n<div style=\"background-color: #f4f4f4; border-radius: 50%; flex-grow: 0; height: 20px; width: 20px;\"><\/div>\n<div style=\"width: 0; height: 0; border-top: 2px solid transparent; border-left: 6px solid #f4f4f4; border-bottom: 2px solid transparent; transform: translateX(16px) translateY(-4px) rotate(30deg);\"><\/div>\n<\/div>\n<div style=\"margin-left: auto;\">\n<div style=\"width: 0px; border-top: 8px solid #F4F4F4; border-right: 8px solid transparent; transform: translateY(16px);\"><\/div>\n<div style=\"background-color: #f4f4f4; flex-grow: 0; height: 12px; width: 16px; transform: translateY(-4px);\"><\/div>\n<div style=\"width: 0; height: 0; border-top: 8px solid #F4F4F4; border-left: 8px solid transparent; transform: translateY(-4px) translateX(8px);\"><\/div>\n<\/div>\n<\/div>\n<div style=\"display: flex; flex-direction: column; flex-grow: 1; justify-content: center; margin-bottom: 24px;\">\n<div style=\"background-color: #f4f4f4; border-radius: 4px; flex-grow: 0; height: 14px; margin-bottom: 6px; width: 224px;\"><\/div>\n<div style=\"background-color: #f4f4f4; border-radius: 4px; flex-grow: 0; height: 14px; width: 144px;\"><\/div>\n<\/div>\n<p>&nbsp;<\/p>\n<p style=\"color: #c9c8cd; font-family: Arial,sans-serif; font-size: 14px; line-height: 17px; margin-bottom: 0; margin-top: 8px; overflow: hidden; padding: 8px 0 7px; text-align: center; text-overflow: ellipsis; white-space: nowrap;\"><a style=\"color: #c9c8cd; font-family: Arial,sans-serif; font-size: 14px; font-style: normal; font-weight: normal; line-height: 17px; text-decoration: none;\" href=\"https:\/\/www.instagram.com\/reel\/Cd13dVduhKP\/?utm_source=ig_embed&amp;utm_campaign=loading\" target=\"_blank\" rel=\"noopener\">Uma publica\u00e7\u00e3o compartilhada por Frente de Mobiliza\u00e7\u00e3o da Mare (@frentemare)<\/a><\/p>\n<\/div>\n<\/blockquote>\n<p><script async src=\"\/\/www.instagram.com\/embed.js\"><\/script><\/p>\n<p><span style=\"font-weight: 400;\">Em 2021, houve uma significativa diminui\u00e7\u00e3o de doa\u00e7\u00f5es de cestas b\u00e1sicas e materiais de higiene. Dado tamb\u00e9m \u00e0 flexibiliza\u00e7\u00e3o da pandemia, a Frente Mar\u00e9 optou por trabalhar de uma forma um pouco diferente. Surgiu, assim, a Cozinha da Frente, para distribuir marmitas para moradores da Mar\u00e9. <\/span><span style=\"font-weight: 400;\">Vanusa Borba, coordenadora da <\/span><a href=\"https:\/\/bit.ly\/3QsiWFn\" target=\"_blank\" rel=\"noopener\"><span style=\"font-weight: 400;\">Cozinha da Frente<\/span><\/a><span style=\"font-weight: 400;\">, explicou de onde v\u00eam os insumos para produ\u00e7\u00e3o das refei\u00e7\u00f5es distribu\u00eddas pelo coletivo:<\/span><\/p>\n<blockquote><p><span style=\"font-weight: 400;\">\u201cO material para produ\u00e7\u00e3o das refei\u00e7\u00f5es s\u00e3o doa\u00e7\u00f5es de outros coletivos ou de vaquinhas que fomos fazendo com doa\u00e7\u00f5es de pessoas f\u00edsicas e jur\u00eddicas. E deu pra manter at\u00e9 agora, no final de maio. Agora o projeto com a Fiocruz<\/span><span style=\"font-weight: 400;\">\u2014principal doadora do projeto\u2014<\/span><span style=\"font-weight: 400;\">acaba e estamos com a expectativa de como continuar.\u201d<\/span><\/p><\/blockquote>\n<p><a href=\"https:\/\/rioonwatch.org.br\/wp-content\/uploads\/2022\/08\/Cozinha-solida\u0301ria-da-Frente-Mare\u0301.png\"><img loading=\"lazy\" decoding=\"async\" class=\"alignright wp-image-62527 size-full\" title=\"Cozinha da Frente Mar\u00e9 que passa por s\u00e9rias dificuldades desde 2021 com a redu\u00e7\u00e3o das doa\u00e7\u00f5es com a flexibiliza\u00e7\u00e3o do isolamento social na pandemia. Foto: Juliana Pinho\" src=\"https:\/\/rioonwatch.org.br\/wp-content\/uploads\/2022\/08\/Cozinha-solida\u0301ria-da-Frente-Mare\u0301.png\" alt=\"Cozinha da Frente Mar\u00e9 que passa por s\u00e9rias dificuldades desde 2021 com a redu\u00e7\u00e3o das doa\u00e7\u00f5es com a flexibiliza\u00e7\u00e3o do isolamento social na pandemia. Foto: Juliana Pinho\" width=\"1520\" height=\"746\" srcset=\"https:\/\/rioonwatch.org.br\/wp-content\/uploads\/2022\/08\/Cozinha-solida\u0301ria-da-Frente-Mare\u0301.png 1520w, https:\/\/rioonwatch.org.br\/wp-content\/uploads\/2022\/08\/Cozinha-solida\u0301ria-da-Frente-Mare\u0301-620x304.png 620w, https:\/\/rioonwatch.org.br\/wp-content\/uploads\/2022\/08\/Cozinha-solida\u0301ria-da-Frente-Mare\u0301-1282x629.png 1282w\" sizes=\"(max-width: 1520px) 100vw, 1520px\" \/><\/a><\/p>\n<p><span style=\"font-weight: 400;\">Em seguida, Frans\u00e9rgio Goulart da Iniciativa Direito \u00e0 Mem\u00f3ria e Justi\u00e7a Racial, falou sobre o hist\u00f3rico das outras edi\u00e7\u00f5es do Julho Negro, contextualizando que o evento sempre pauta o racismo, o apartheid e a militariza\u00e7\u00e3o para al\u00e9m das concep\u00e7\u00f5es tradicionais de cor de pele vistas no Brasil, apresentando perspectivas internacionais:<\/span><\/p>\n<blockquote><p><span style=\"font-weight: 400;\">\u00a0\u201c<\/span><span style=\"font-weight: 400;\">O Julho Negro pauta o racismo, o apartheid e a militariza\u00e7\u00e3o e algumas pessoas do movimento negro brasileiro perguntavam quem eram aquelas pessoas de outros pa\u00edses falando. Porque no Brasil quando a gente est\u00e1 falando de racismo, a gente est\u00e1 falando da popula\u00e7\u00e3o negra e ind\u00edgena. Ou seja, qual era a cor das outras pessoas dos outros pa\u00edses \u00e0s vezes era entendido como errado. Mas acho importante essa descri\u00e7\u00e3o de racismo. \u00c0s vezes a gente v\u00ea um palestino com o tom de pele mais claro e j\u00e1 fala &#8216;n\u00e3o, eles sofrem racismo?&#8217;. E a\u00ed a gente v\u00eam construindo nesse processo.\u201d\u00a0<\/span><\/p><\/blockquote>\n<p><span style=\"font-weight: 400;\">Patr\u00edcia Oliveira seguiu o colega, trazendo uma reflex\u00e3o sobre a conjuntura atual do pa\u00eds a partir do olhar das elei\u00e7\u00f5es que acontecer\u00e3o esse ano. \u201cA gente est\u00e1 vendo mais ainda as nossas pautas serem levantadas por outras pessoas\u201d, avaliou, apontando que esses agentes historicamente sempre estiveram em campos opostos aos movimentos de favela. Patr\u00edcia relembrou o passado de alguns candidatos e alertou que ningu\u00e9m deve ser politicamente ing\u00eanuo, mas que <\/span><a href=\"https:\/\/bit.ly\/339fRqu\" target=\"_blank\" rel=\"noopener\"><span style=\"font-weight: 400;\">uma escolha estrat\u00e9gica precisa ser feita<\/span><\/a><span style=\"font-weight: 400;\"> na urna.<\/span><\/p>\n<p><span style=\"font-weight: 400;\">Ainda nessa tem\u00e1tica das elei\u00e7\u00f5es nacionais, Giselle Florentino atentou para o debate em torno da populariza\u00e7\u00e3o do discurso da extrema-direita, e que tem como plataforma de propaganda pol\u00edtica as redes sociais:<\/span><\/p>\n<blockquote><p><span style=\"font-weight: 400;\">\u201cNingu\u00e9m quer sentar com a popula\u00e7\u00e3o para construir algo permanente. N\u00e3o h\u00e1 interesse porque isso n\u00e3o d\u00e1 like em rede social. Como se os likes pudessem definir as quest\u00f5es de voto&#8230; Ele [o povo] \u00e9 atra\u00eddo pelo discurso de f\u00e1cil compreens\u00e3o. A galera consegue se sentir contemplada pelo discurso da seguran\u00e7a, o discurso da prote\u00e7\u00e3o, o discurso do conservadorismo da fam\u00edlia, do cidad\u00e3o de bem. E essa narrativa chega muito pr\u00f3xima \u00e0 nossa popula\u00e7\u00e3o.\u201d<\/span><\/p><\/blockquote>\n<p><span style=\"font-weight: 400;\">O semin\u00e1rio seguiu com a participa\u00e7\u00e3o ativa e ampla dos presentes compartilhando suas perspectivas sobre como ser\u00e3o as elei\u00e7\u00f5es e seus desdobramentos e impactos a n\u00edvel regional, dentro das favelas e territ\u00f3rios perif\u00e9ricos. \u00c9 importante compreender que desde sempre <\/span><a href=\"https:\/\/bit.ly\/3wrGTma\" target=\"_blank\" rel=\"noopener\"><span style=\"font-weight: 400;\">s\u00e3o esses territ\u00f3rios que s\u00e3o marginalizados<\/span><\/a><span style=\"font-weight: 400;\"> o todo tempo sofrendo interfer\u00eancias negativas por parte do Estado, que impactam a vida de todos os moradores.\u00a0<\/span><\/p>\n<p><span style=\"font-weight: 400;\">O VII Julho Negro foi essencial para estarmos atentos e alinhados. Ele alimenta e recria redes de apoio e de solidariedade e se mostra cada vez mais necess\u00e1rio. <\/span><span style=\"font-weight: 400;\">Como resumiu Gizele Martins: \u201co Julho Negro \u00e9 uma oportunidade da gente discutir as nossas formas de transformar tudo isso o que a gente vivencia\u201d.<\/span><\/p>\n<p><em><a href=\"https:\/\/bit.ly\/324MC7n\" target=\"_blank\" rel=\"noopener\">Juliana Pinho<\/a>\u00a0\u00e9 moradora da Nova Holanda, no Conjunto de Favelas da Mar\u00e9, graduanda em Ci\u00eancias Sociais (<a href=\"http:\/\/bit.ly\/2XQ3Rma\" target=\"_blank\" rel=\"noopener\">UFRJ<\/a>) e Jornalismo (UCAM). Comunicadora popular e mobilizadora territorial, Juliana \u00e9 co-fundadora da Frente de Mobiliza\u00e7\u00e3o da Mar\u00e9, integrante da Ag\u00eancia Palafitas, e respons\u00e1vel pela gest\u00e3o e planejamento do projeto\u00a0<a href=\"https:\/\/bit.ly\/2ZmS9VW\" target=\"_blank\" rel=\"noopener\">Pra Elas<\/a>. Atualmente, atua tamb\u00e9m na \u00e1rea de gest\u00e3o de portf\u00f3lio da\u00a0<a href=\"https:\/\/bit.ly\/2VfZVei\" target=\"_blank\" rel=\"noopener\">Luta pela Paz<\/a>.<\/em><\/p>\n<hr \/>\n<h4><strong>Apoie nossos esfor\u00e7os para fornecer assist\u00eancia estrat\u00e9gica \u00e0s favelas do Rio, incluindo o jornalismo hiperlocal, cr\u00edtico, inovador e incans\u00e1vel do\u00a0<em>RioOnWatch<\/em><\/strong>\u2014<a href=\"http:\/\/bit.ly\/CatalisandoComunidades\" target=\"_blank\" rel=\"noopener\">doe aqui<\/a>.<\/h4>\n<!-- AddThis Advanced Settings generic via filter on the_content --><!-- AddThis Share Buttons generic via filter on the_content -->","protected":false},"excerpt":{"rendered":"<div class=\"mh-excerpt\"><p>Click Here for English O Julho Negro \u00e9 uma articula\u00e7\u00e3o internacional de luta\u00a0contra a militariza\u00e7\u00e3o, o racismo e o apartheid que, em 2022, chegou \u00e0 sua s\u00e9tima edi\u00e7\u00e3o. Fundado em 2016 atrav\u00e9s da articula\u00e7\u00e3o e <a class=\"mh-excerpt-more\" href=\"https:\/\/rioonwatch.org.br\/?p=62389\" title=\"VII Julho Negro Ocupa Casa Palafita e Cozinha Solid\u00e1ria da Frente Mar\u00e9 com Debate sobre Mulheres, Militariza\u00e7\u00e3o e Pol\u00edtica\">[&#8230;]<\/a><!-- AddThis Advanced Settings generic via filter on get_the_excerpt --><!-- AddThis Share Buttons generic via filter on get_the_excerpt --><\/p>\n<\/div>","protected":false},"author":167,"featured_media":62532,"comment_status":"closed","ping_status":"closed","sticky":false,"template":"","format":"standard","meta":{"_acf_changed":false,"_monsterinsights_skip_tracking":false,"_monsterinsights_sitenote_active":false,"_monsterinsights_sitenote_note":"","_monsterinsights_sitenote_category":0,"footnotes":""},"categories":[1621,1627,1625,1612],"tags":[2450,332,2748,977,2699,2230,1936,417,2168,3114,814,672,380,2600,920,52],"writer":[3113],"translator":[],"source":[],"ilustrador":[],"fotografo":[],"class_list":{"0":"post-62389","1":"post","2":"type-post","3":"status-publish","4":"format-standard","5":"has-post-thumbnail","7":"category-destaque","8":"category-relato-de-evento","9":"category-por-correspondentes-comunitarios","10":"category-sociedade-civil","11":"tag-apartheid","12":"tag-complexo-da-mare","13":"tag-coronavirus","14":"tag-estado-de-excecao","15":"tag-genocidio","16":"tag-fome","17":"tag-julho-negro","18":"tag-negligencia-do-estado","19":"tag-palestina","20":"tag-racismo-estrutural","21":"tag-segregacao","22":"tag-seguranca-publica","23":"tag-solidariedade","24":"tag-solidariedade-internacional","25":"tag-violencia-de-estado","26":"tag-violencia-policial","27":"writer-juliana-pinho"},"acf":[],"yoast_head":"<!-- This site is optimized with the Yoast SEO plugin v25.6 - https:\/\/yoast.com\/wordpress\/plugins\/seo\/ -->\n<title>VII Julho Negro Ocupa Casa Palafita e Cozinha Solid\u00e1ria da Frente Mar\u00e9 com Debate sobre Mulheres, Militariza\u00e7\u00e3o e Pol\u00edtica - RioOnWatch<\/title>\n<meta name=\"robots\" content=\"index, follow, max-snippet:-1, max-image-preview:large, max-video-preview:-1\" \/>\n<link rel=\"canonical\" href=\"https:\/\/rioonwatch.org.br\/?p=62389\" \/>\n<meta property=\"og:locale\" content=\"pt_BR\" \/>\n<meta property=\"og:type\" content=\"article\" \/>\n<meta property=\"og:title\" content=\"VII Julho Negro Ocupa Casa Palafita e Cozinha Solid\u00e1ria da Frente Mar\u00e9 com Debate sobre Mulheres, Militariza\u00e7\u00e3o e Pol\u00edtica - RioOnWatch\" \/>\n<meta property=\"og:description\" content=\"Click Here for English O Julho Negro \u00e9 uma articula\u00e7\u00e3o internacional de luta\u00a0contra a militariza\u00e7\u00e3o, o racismo e o apartheid que, em 2022, chegou \u00e0 sua s\u00e9tima edi\u00e7\u00e3o. Fundado em 2016 atrav\u00e9s da articula\u00e7\u00e3o e [...]\" \/>\n<meta property=\"og:url\" content=\"https:\/\/rioonwatch.org.br\/?p=62389\" \/>\n<meta property=\"og:site_name\" content=\"RioOnWatch\" \/>\n<meta property=\"article:published_time\" content=\"2022-08-19T13:38:06+00:00\" \/>\n<meta property=\"article:modified_time\" content=\"2022-08-30T21:28:17+00:00\" \/>\n<meta property=\"og:image\" content=\"https:\/\/rioonwatch.org.br\/wp-content\/uploads\/2022\/08\/Mulheres-no-Julho-Negro.png\" \/>\n\t<meta property=\"og:image:width\" content=\"1006\" \/>\n\t<meta property=\"og:image:height\" content=\"641\" \/>\n\t<meta property=\"og:image:type\" content=\"image\/png\" \/>\n<meta name=\"author\" content=\"Julio Santos Filho\" \/>\n<meta name=\"twitter:card\" content=\"summary_large_image\" \/>\n<meta name=\"twitter:label1\" content=\"Escrito por\" \/>\n\t<meta name=\"twitter:data1\" content=\"Julio Santos Filho\" \/>\n\t<meta name=\"twitter:label2\" content=\"Est. tempo de leitura\" \/>\n\t<meta name=\"twitter:data2\" content=\"8 minutos\" \/>\n<script type=\"application\/ld+json\" class=\"yoast-schema-graph\">{\"@context\":\"https:\/\/schema.org\",\"@graph\":[{\"@type\":\"Article\",\"@id\":\"https:\/\/rioonwatch.org.br\/?p=62389#article\",\"isPartOf\":{\"@id\":\"https:\/\/rioonwatch.org.br\/?p=62389\"},\"author\":{\"name\":\"Julio Santos Filho\",\"@id\":\"https:\/\/rioonwatch.org.br\/#\/schema\/person\/476bc75767957d3535b65b796667cd36\"},\"headline\":\"VII Julho Negro Ocupa Casa Palafita e Cozinha Solid\u00e1ria da Frente Mar\u00e9 com Debate sobre Mulheres, Militariza\u00e7\u00e3o e Pol\u00edtica\",\"datePublished\":\"2022-08-19T13:38:06+00:00\",\"dateModified\":\"2022-08-30T21:28:17+00:00\",\"mainEntityOfPage\":{\"@id\":\"https:\/\/rioonwatch.org.br\/?p=62389\"},\"wordCount\":1356,\"publisher\":{\"@id\":\"https:\/\/rioonwatch.org.br\/#organization\"},\"image\":{\"@id\":\"https:\/\/rioonwatch.org.br\/?p=62389#primaryimage\"},\"thumbnailUrl\":\"https:\/\/rioonwatch.org.br\/wp-content\/uploads\/2022\/08\/Mulheres-no-Julho-Negro.png\",\"keywords\":[\"apartheid\",\"Complexo da Mar\u00e9\",\"coronav\u00edrus\",\"estado de exce\u00e7\u00e3o\",\"genoc\u00eddio\",\"Inseguran\u00e7a alimentar\",\"Julho Negro\",\"Neglig\u00eancia do Estado\",\"Palestina\",\"Racismo estrutural\",\"segrega\u00e7\u00e3o\",\"seguran\u00e7a p\u00fablica\",\"solidariedade\",\"solidariedade internacional\",\"viol\u00eancia de Estado\",\"viol\u00eancia policial\"],\"articleSection\":[\"*Destaque\",\"Cobertura de Eventos\",\"Escrito por Comunicadores Populares\",\"Sociedade Civil\"],\"inLanguage\":\"pt-BR\"},{\"@type\":\"WebPage\",\"@id\":\"https:\/\/rioonwatch.org.br\/?p=62389\",\"url\":\"https:\/\/rioonwatch.org.br\/?p=62389\",\"name\":\"VII Julho Negro Ocupa Casa Palafita e Cozinha Solid\u00e1ria da Frente Mar\u00e9 com Debate sobre Mulheres, Militariza\u00e7\u00e3o e Pol\u00edtica - RioOnWatch\",\"isPartOf\":{\"@id\":\"https:\/\/rioonwatch.org.br\/#website\"},\"primaryImageOfPage\":{\"@id\":\"https:\/\/rioonwatch.org.br\/?p=62389#primaryimage\"},\"image\":{\"@id\":\"https:\/\/rioonwatch.org.br\/?p=62389#primaryimage\"},\"thumbnailUrl\":\"https:\/\/rioonwatch.org.br\/wp-content\/uploads\/2022\/08\/Mulheres-no-Julho-Negro.png\",\"datePublished\":\"2022-08-19T13:38:06+00:00\",\"dateModified\":\"2022-08-30T21:28:17+00:00\",\"breadcrumb\":{\"@id\":\"https:\/\/rioonwatch.org.br\/?p=62389#breadcrumb\"},\"inLanguage\":\"pt-BR\",\"potentialAction\":[{\"@type\":\"ReadAction\",\"target\":[\"https:\/\/rioonwatch.org.br\/?p=62389\"]}]},{\"@type\":\"ImageObject\",\"inLanguage\":\"pt-BR\",\"@id\":\"https:\/\/rioonwatch.org.br\/?p=62389#primaryimage\",\"url\":\"https:\/\/rioonwatch.org.br\/wp-content\/uploads\/2022\/08\/Mulheres-no-Julho-Negro.png\",\"contentUrl\":\"https:\/\/rioonwatch.org.br\/wp-content\/uploads\/2022\/08\/Mulheres-no-Julho-Negro.png\",\"width\":1006,\"height\":641,\"caption\":\"O VII Julho Negro prop\u00f4s o semin\u00e1rio \u201cMulheres na Luta contra o C\u00e1rcere e as Pol\u00edcias\u201d 30 de julho, na Casa Palafita, que fica localizada no Salsa e Merengue, Mar\u00e9. Foto: Juliana Pinho\"},{\"@type\":\"BreadcrumbList\",\"@id\":\"https:\/\/rioonwatch.org.br\/?p=62389#breadcrumb\",\"itemListElement\":[{\"@type\":\"ListItem\",\"position\":1,\"name\":\"In\u00edcio\",\"item\":\"https:\/\/rioonwatch.org.br\/\"},{\"@type\":\"ListItem\",\"position\":2,\"name\":\"VII Julho Negro Ocupa Casa Palafita e Cozinha Solid\u00e1ria da Frente Mar\u00e9 com Debate sobre Mulheres, Militariza\u00e7\u00e3o e Pol\u00edtica\"}]},{\"@type\":\"WebSite\",\"@id\":\"https:\/\/rioonwatch.org.br\/#website\",\"url\":\"https:\/\/rioonwatch.org.br\/\",\"name\":\"RioOnWatch\",\"description\":\"relatos das favelas cariocas\",\"publisher\":{\"@id\":\"https:\/\/rioonwatch.org.br\/#organization\"},\"potentialAction\":[{\"@type\":\"SearchAction\",\"target\":{\"@type\":\"EntryPoint\",\"urlTemplate\":\"https:\/\/rioonwatch.org.br\/?s={search_term_string}\"},\"query-input\":{\"@type\":\"PropertyValueSpecification\",\"valueRequired\":true,\"valueName\":\"search_term_string\"}}],\"inLanguage\":\"pt-BR\"},{\"@type\":\"Organization\",\"@id\":\"https:\/\/rioonwatch.org.br\/#organization\",\"name\":\"RioOnWatch\",\"url\":\"https:\/\/rioonwatch.org.br\/\",\"logo\":{\"@type\":\"ImageObject\",\"inLanguage\":\"pt-BR\",\"@id\":\"https:\/\/rioonwatch.org.br\/#\/schema\/logo\/image\/\",\"url\":\"https:\/\/rioonwatch.org.br\/wp-content\/uploads\/2021\/06\/RioOnWatchcabecalhoPT11anos-2.png\",\"contentUrl\":\"https:\/\/rioonwatch.org.br\/wp-content\/uploads\/2021\/06\/RioOnWatchcabecalhoPT11anos-2.png\",\"width\":779,\"height\":277,\"caption\":\"RioOnWatch\"},\"image\":{\"@id\":\"https:\/\/rioonwatch.org.br\/#\/schema\/logo\/image\/\"}},{\"@type\":\"Person\",\"@id\":\"https:\/\/rioonwatch.org.br\/#\/schema\/person\/476bc75767957d3535b65b796667cd36\",\"name\":\"Julio Santos Filho\",\"image\":{\"@type\":\"ImageObject\",\"inLanguage\":\"pt-BR\",\"@id\":\"https:\/\/rioonwatch.org.br\/#\/schema\/person\/image\/\",\"url\":\"https:\/\/secure.gravatar.com\/avatar\/ca138f7666182a292a8ce4ca14fb81f8?s=96&d=blank&r=g\",\"contentUrl\":\"https:\/\/secure.gravatar.com\/avatar\/ca138f7666182a292a8ce4ca14fb81f8?s=96&d=blank&r=g\",\"caption\":\"Julio Santos Filho\"},\"url\":\"https:\/\/rioonwatch.org.br\/?author=167\"}]}<\/script>\n<!-- \/ Yoast SEO plugin. -->","yoast_head_json":{"title":"VII Julho Negro Ocupa Casa Palafita e Cozinha Solid\u00e1ria da Frente Mar\u00e9 com Debate sobre Mulheres, Militariza\u00e7\u00e3o e Pol\u00edtica - RioOnWatch","robots":{"index":"index","follow":"follow","max-snippet":"max-snippet:-1","max-image-preview":"max-image-preview:large","max-video-preview":"max-video-preview:-1"},"canonical":"https:\/\/rioonwatch.org.br\/?p=62389","og_locale":"pt_BR","og_type":"article","og_title":"VII Julho Negro Ocupa Casa Palafita e Cozinha Solid\u00e1ria da Frente Mar\u00e9 com Debate sobre Mulheres, Militariza\u00e7\u00e3o e Pol\u00edtica - RioOnWatch","og_description":"Click Here for English O Julho Negro \u00e9 uma articula\u00e7\u00e3o internacional de luta\u00a0contra a militariza\u00e7\u00e3o, o racismo e o apartheid que, em 2022, chegou \u00e0 sua s\u00e9tima edi\u00e7\u00e3o. Fundado em 2016 atrav\u00e9s da articula\u00e7\u00e3o e [...]","og_url":"https:\/\/rioonwatch.org.br\/?p=62389","og_site_name":"RioOnWatch","article_published_time":"2022-08-19T13:38:06+00:00","article_modified_time":"2022-08-30T21:28:17+00:00","og_image":[{"width":1006,"height":641,"url":"https:\/\/rioonwatch.org.br\/wp-content\/uploads\/2022\/08\/Mulheres-no-Julho-Negro.png","type":"image\/png"}],"author":"Julio Santos Filho","twitter_card":"summary_large_image","twitter_misc":{"Escrito por":"Julio Santos Filho","Est. tempo de leitura":"8 minutos"},"schema":{"@context":"https:\/\/schema.org","@graph":[{"@type":"Article","@id":"https:\/\/rioonwatch.org.br\/?p=62389#article","isPartOf":{"@id":"https:\/\/rioonwatch.org.br\/?p=62389"},"author":{"name":"Julio Santos Filho","@id":"https:\/\/rioonwatch.org.br\/#\/schema\/person\/476bc75767957d3535b65b796667cd36"},"headline":"VII Julho Negro Ocupa Casa Palafita e Cozinha Solid\u00e1ria da Frente Mar\u00e9 com Debate sobre Mulheres, Militariza\u00e7\u00e3o e Pol\u00edtica","datePublished":"2022-08-19T13:38:06+00:00","dateModified":"2022-08-30T21:28:17+00:00","mainEntityOfPage":{"@id":"https:\/\/rioonwatch.org.br\/?p=62389"},"wordCount":1356,"publisher":{"@id":"https:\/\/rioonwatch.org.br\/#organization"},"image":{"@id":"https:\/\/rioonwatch.org.br\/?p=62389#primaryimage"},"thumbnailUrl":"https:\/\/rioonwatch.org.br\/wp-content\/uploads\/2022\/08\/Mulheres-no-Julho-Negro.png","keywords":["apartheid","Complexo da Mar\u00e9","coronav\u00edrus","estado de exce\u00e7\u00e3o","genoc\u00eddio","Inseguran\u00e7a alimentar","Julho Negro","Neglig\u00eancia do Estado","Palestina","Racismo estrutural","segrega\u00e7\u00e3o","seguran\u00e7a p\u00fablica","solidariedade","solidariedade internacional","viol\u00eancia de Estado","viol\u00eancia policial"],"articleSection":["*Destaque","Cobertura de Eventos","Escrito por Comunicadores Populares","Sociedade Civil"],"inLanguage":"pt-BR"},{"@type":"WebPage","@id":"https:\/\/rioonwatch.org.br\/?p=62389","url":"https:\/\/rioonwatch.org.br\/?p=62389","name":"VII Julho Negro Ocupa Casa Palafita e Cozinha Solid\u00e1ria da Frente Mar\u00e9 com Debate sobre Mulheres, Militariza\u00e7\u00e3o e Pol\u00edtica - RioOnWatch","isPartOf":{"@id":"https:\/\/rioonwatch.org.br\/#website"},"primaryImageOfPage":{"@id":"https:\/\/rioonwatch.org.br\/?p=62389#primaryimage"},"image":{"@id":"https:\/\/rioonwatch.org.br\/?p=62389#primaryimage"},"thumbnailUrl":"https:\/\/rioonwatch.org.br\/wp-content\/uploads\/2022\/08\/Mulheres-no-Julho-Negro.png","datePublished":"2022-08-19T13:38:06+00:00","dateModified":"2022-08-30T21:28:17+00:00","breadcrumb":{"@id":"https:\/\/rioonwatch.org.br\/?p=62389#breadcrumb"},"inLanguage":"pt-BR","potentialAction":[{"@type":"ReadAction","target":["https:\/\/rioonwatch.org.br\/?p=62389"]}]},{"@type":"ImageObject","inLanguage":"pt-BR","@id":"https:\/\/rioonwatch.org.br\/?p=62389#primaryimage","url":"https:\/\/rioonwatch.org.br\/wp-content\/uploads\/2022\/08\/Mulheres-no-Julho-Negro.png","contentUrl":"https:\/\/rioonwatch.org.br\/wp-content\/uploads\/2022\/08\/Mulheres-no-Julho-Negro.png","width":1006,"height":641,"caption":"O VII Julho Negro prop\u00f4s o semin\u00e1rio \u201cMulheres na Luta contra o C\u00e1rcere e as Pol\u00edcias\u201d 30 de julho, na Casa Palafita, que fica localizada no Salsa e Merengue, Mar\u00e9. Foto: Juliana Pinho"},{"@type":"BreadcrumbList","@id":"https:\/\/rioonwatch.org.br\/?p=62389#breadcrumb","itemListElement":[{"@type":"ListItem","position":1,"name":"In\u00edcio","item":"https:\/\/rioonwatch.org.br\/"},{"@type":"ListItem","position":2,"name":"VII Julho Negro Ocupa Casa Palafita e Cozinha Solid\u00e1ria da Frente Mar\u00e9 com Debate sobre Mulheres, Militariza\u00e7\u00e3o e Pol\u00edtica"}]},{"@type":"WebSite","@id":"https:\/\/rioonwatch.org.br\/#website","url":"https:\/\/rioonwatch.org.br\/","name":"RioOnWatch","description":"relatos das favelas cariocas","publisher":{"@id":"https:\/\/rioonwatch.org.br\/#organization"},"potentialAction":[{"@type":"SearchAction","target":{"@type":"EntryPoint","urlTemplate":"https:\/\/rioonwatch.org.br\/?s={search_term_string}"},"query-input":{"@type":"PropertyValueSpecification","valueRequired":true,"valueName":"search_term_string"}}],"inLanguage":"pt-BR"},{"@type":"Organization","@id":"https:\/\/rioonwatch.org.br\/#organization","name":"RioOnWatch","url":"https:\/\/rioonwatch.org.br\/","logo":{"@type":"ImageObject","inLanguage":"pt-BR","@id":"https:\/\/rioonwatch.org.br\/#\/schema\/logo\/image\/","url":"https:\/\/rioonwatch.org.br\/wp-content\/uploads\/2021\/06\/RioOnWatchcabecalhoPT11anos-2.png","contentUrl":"https:\/\/rioonwatch.org.br\/wp-content\/uploads\/2021\/06\/RioOnWatchcabecalhoPT11anos-2.png","width":779,"height":277,"caption":"RioOnWatch"},"image":{"@id":"https:\/\/rioonwatch.org.br\/#\/schema\/logo\/image\/"}},{"@type":"Person","@id":"https:\/\/rioonwatch.org.br\/#\/schema\/person\/476bc75767957d3535b65b796667cd36","name":"Julio Santos Filho","image":{"@type":"ImageObject","inLanguage":"pt-BR","@id":"https:\/\/rioonwatch.org.br\/#\/schema\/person\/image\/","url":"https:\/\/secure.gravatar.com\/avatar\/ca138f7666182a292a8ce4ca14fb81f8?s=96&d=blank&r=g","contentUrl":"https:\/\/secure.gravatar.com\/avatar\/ca138f7666182a292a8ce4ca14fb81f8?s=96&d=blank&r=g","caption":"Julio Santos Filho"},"url":"https:\/\/rioonwatch.org.br\/?author=167"}]}},"_links":{"self":[{"href":"https:\/\/rioonwatch.org.br\/index.php?rest_route=\/wp\/v2\/posts\/62389"}],"collection":[{"href":"https:\/\/rioonwatch.org.br\/index.php?rest_route=\/wp\/v2\/posts"}],"about":[{"href":"https:\/\/rioonwatch.org.br\/index.php?rest_route=\/wp\/v2\/types\/post"}],"author":[{"embeddable":true,"href":"https:\/\/rioonwatch.org.br\/index.php?rest_route=\/wp\/v2\/users\/167"}],"replies":[{"embeddable":true,"href":"https:\/\/rioonwatch.org.br\/index.php?rest_route=%2Fwp%2Fv2%2Fcomments&post=62389"}],"version-history":[{"count":17,"href":"https:\/\/rioonwatch.org.br\/index.php?rest_route=\/wp\/v2\/posts\/62389\/revisions"}],"predecessor-version":[{"id":62654,"href":"https:\/\/rioonwatch.org.br\/index.php?rest_route=\/wp\/v2\/posts\/62389\/revisions\/62654"}],"wp:featuredmedia":[{"embeddable":true,"href":"https:\/\/rioonwatch.org.br\/index.php?rest_route=\/wp\/v2\/media\/62532"}],"wp:attachment":[{"href":"https:\/\/rioonwatch.org.br\/index.php?rest_route=%2Fwp%2Fv2%2Fmedia&parent=62389"}],"wp:term":[{"taxonomy":"category","embeddable":true,"href":"https:\/\/rioonwatch.org.br\/index.php?rest_route=%2Fwp%2Fv2%2Fcategories&post=62389"},{"taxonomy":"post_tag","embeddable":true,"href":"https:\/\/rioonwatch.org.br\/index.php?rest_route=%2Fwp%2Fv2%2Ftags&post=62389"},{"taxonomy":"writer","embeddable":true,"href":"https:\/\/rioonwatch.org.br\/index.php?rest_route=%2Fwp%2Fv2%2Fwriter&post=62389"},{"taxonomy":"translator","embeddable":true,"href":"https:\/\/rioonwatch.org.br\/index.php?rest_route=%2Fwp%2Fv2%2Ftranslator&post=62389"},{"taxonomy":"source","embeddable":true,"href":"https:\/\/rioonwatch.org.br\/index.php?rest_route=%2Fwp%2Fv2%2Fsource&post=62389"},{"taxonomy":"ilustrador","embeddable":true,"href":"https:\/\/rioonwatch.org.br\/index.php?rest_route=%2Fwp%2Fv2%2Filustrador&post=62389"},{"taxonomy":"fotografo","embeddable":true,"href":"https:\/\/rioonwatch.org.br\/index.php?rest_route=%2Fwp%2Fv2%2Ffotografo&post=62389"}],"curies":[{"name":"wp","href":"https:\/\/api.w.org\/{rel}","templated":true}]}}