{"id":62455,"date":"2022-08-16T10:24:31","date_gmt":"2022-08-16T13:24:31","guid":{"rendered":"https:\/\/rioonwatch.org.br\/?p=62455"},"modified":"2022-09-12T21:03:36","modified_gmt":"2022-09-13T00:03:36","slug":"lei-nova-preve-o-termo-territorial-coletivo-no-brasil-release","status":"publish","type":"post","link":"https:\/\/rioonwatch.org.br\/?p=62455","title":{"rendered":"Lei Nova Prev\u00ea o Termo Territorial Coletivo no Brasil [RELEASE]"},"content":{"rendered":"<p style=\"text-align: right;\"><em><strong><a href=\"https:\/\/bit.ly\/3cDf6Lm\" target=\"_blank\" rel=\"noopener noreferrer\">Click Here for English<\/a><a href=\"https:\/\/bit.ly\/3cDf6Lm\" target=\"_blank\" rel=\"noopener noreferrer\"><img decoding=\"async\" class=\"alignright wp-image-15790\" src=\"https:\/\/rioonwatch.org.br\/wp-content\/uploads\/2012\/08\/EN-standard-e1439583104716.jpg\" alt=\"\" width=\"20\" height=\"20\" \/><\/a><\/strong><\/em><\/p>\n<h4>O Termo Territorial Coletivo \u00e9 uma ferramenta para a garantia do direito \u00e0 moradia, com mais de 50 anos de hist\u00f3ria e utilizada por diversos pa\u00edses no mundo. Cada vez mais, se reconhece a import\u00e2ncia do TTC no Brasil. O <a href=\"https:\/\/bit.ly\/PlanoDiretorSJM\" target=\"_blank\" rel=\"noopener\">Plano Diretor de S\u00e3o Jo\u00e3o de Meriti<\/a> \u00e9 a primeira lei do pa\u00eds que regulamenta o Termo Territorial Coletivo. A previs\u00e3o legal \u00e9 um importante passo para estimular a ado\u00e7\u00e3o do modelo em comunidades urbanas. <a href=\"https:\/\/bit.ly\/FormLiveTTCSJM\" target=\"_blank\" rel=\"noopener\">Se inscreva para conhecer o instrumento de perto<\/a>. [<a href=\"https:\/\/bit.ly\/ReleaseTTCnoPDSJMPDF\" target=\"_blank\" rel=\"noopener\">Vers\u00e3o em PDF<\/a>]<\/h4>\n<p><span style=\"font-weight: 400;\">15 de agosto de 2022 \u2014 Acaba de ser publicado no Di\u00e1rio Oficial de S\u00e3o Jo\u00e3o de Meriti, o <a href=\"https:\/\/bit.ly\/PlanoDiretorSJM\" target=\"_blank\" rel=\"noopener\">novo Plano Diretor do munic\u00edpio<\/a>, principal legisla\u00e7\u00e3o urban\u00edstica em n\u00edvel municipal que vai guiar o desenvolvimento urbano pelos pr\u00f3ximos dez anos, estabelecendo os objetivos e diretrizes para a atua\u00e7\u00e3o do poder p\u00fablico. No texto da lei, uma novidade salta aos olhos: a inclus\u00e3o de um novo instrumento urban\u00edstico, at\u00e9 ent\u00e3o inexistente no ordenamento jur\u00eddico brasileiro: o Termo Territorial Coletivo, ou TTC. Ele \u00e9, em linhas gerais, um modelo de gest\u00e3o coletiva da terra que busca proteger o direito \u00e0 perman\u00eancia de comunidades nos seus territ\u00f3rios, promovendo moradia economicamente acess\u00edvel e estimulando o desenvolvimento local. A inova\u00e7\u00e3o de S\u00e3o Jo\u00e3o de Meriti ao trazer este instrumento em seu Plano Diretor \u00e9 um importante passo na defesa do direito \u00e0 moradia digna nas cidades brasileiras.<\/span><\/p>\n<p><img fetchpriority=\"high\" decoding=\"async\" class=\"alignright wp-image-62459\" src=\"https:\/\/rioonwatch.org.br\/wp-content\/uploads\/2022\/08\/O-Plano-Diretor-Sao-Joao-de-Meriti-e-a-primeira-lei-brasileira-a-prever-o-Termo-Territorial-Coletivo.-e1660603860434.png\" alt=\"O Plano Diretor S\u00e3o Jo\u00e3o de Meriti \u00e9 a primeira lei brasileira a prever o Termo Territorial Coletivo.\" width=\"500\" height=\"500\" srcset=\"https:\/\/rioonwatch.org.br\/wp-content\/uploads\/2022\/08\/O-Plano-Diretor-Sao-Joao-de-Meriti-e-a-primeira-lei-brasileira-a-prever-o-Termo-Territorial-Coletivo.-e1660603860434.png 1030w, https:\/\/rioonwatch.org.br\/wp-content\/uploads\/2022\/08\/O-Plano-Diretor-Sao-Joao-de-Meriti-e-a-primeira-lei-brasileira-a-prever-o-Termo-Territorial-Coletivo.-e1660603860434-620x620.png 620w, https:\/\/rioonwatch.org.br\/wp-content\/uploads\/2022\/08\/O-Plano-Diretor-Sao-Joao-de-Meriti-e-a-primeira-lei-brasileira-a-prever-o-Termo-Territorial-Coletivo.-e1660603860434-629x629.png 629w\" sizes=\"(max-width: 500px) 100vw, 500px\" \/><\/p>\n<p><span style=\"font-weight: 400;\">Segundo Theresa Williamson, diretora executiva da Comunidades Catalisadoras (ComCat), organiza\u00e7\u00e3o que faz a gest\u00e3o do Projeto TTC:\u00a0<\/span><\/p>\n<blockquote><p><i><span style=\"font-weight: 400;\">&#8220;A passagem da primeira lei regulamentando o TTC em todo o \u00e2mbito nacional \u00e9 um fato determinante para a chegada do TTC de fato no Brasil. Com este passo pioneiro dado pelo munic\u00edpio de S\u00e3o Jo\u00e3o de Meriti, um TTC deixa de ser um sonho. Agora, \u00e9 s\u00f3 uma quest\u00e3o de tempo at\u00e9 realizarmos o primeiro TTC brasileiro!&#8221;<\/span><\/i><\/p><\/blockquote>\n<h3><b>O Termo Territorial Coletivo e a Defesa da Moradia Acess\u00edvel<\/b><\/h3>\n<p><span style=\"font-weight: 400;\">O <\/span><a href=\"https:\/\/bit.ly\/3AD0ZMW\" target=\"_blank\" rel=\"noopener\"><span style=\"font-weight: 400;\">Termo Territorial Coletivo<\/span><\/a><span style=\"font-weight: 400;\"> (TTC)* \u00e9 a vers\u00e3o brasileira do Community Land Trust (CLT), modelo fundi\u00e1rio amplamente utilizado ao redor do mundo para garantir moradia acess\u00edvel economicamente para a popula\u00e7\u00e3o. Nascido no contexto da luta pelos direitos civis e justi\u00e7a racial nos Estados Unidos nos anos 1960, o modelo passou a se disseminar rapidamente por todo o pa\u00eds, que hoje conta com centenas de experi\u00eancias em funcionamento, tanto nas cidades quanto no campo. Ao longo das \u00faltimas d\u00e9cadas, vimos uma dissemina\u00e7\u00e3o cada vez mais acelerada de<\/span> <a href=\"http:\/\/bit.ly\/TTCsPeloMundo\" target=\"_blank\" rel=\"noopener\"><span style=\"font-weight: 400;\">TTCs por todo o mundo<\/span><\/a><span style=\"font-weight: 400;\">, e atualmente temos experi\u00eancias em diversos pa\u00edses, como Canad\u00e1, Inglaterra, B\u00e9lgica, Fran\u00e7a, Austr\u00e1lia, Qu\u00eania, Porto Rico, entre outros.\u00a0<\/span><\/p>\n<p><span style=\"font-weight: 400;\">Em 2017, o Termo Territorial Coletivo foi inclu\u00eddo na<\/span> <a href=\"https:\/\/bit.ly\/3c3qKyy\" target=\"_blank\" rel=\"noopener\"><span style=\"font-weight: 400;\">Nova Agenda Urbana<\/span><\/a><span style=\"font-weight: 400;\">\u2014documento da ONU fruto da Confer\u00eancia Habitat III que estabelece as diretrizes globais para uma boa governan\u00e7a das cidades\u2014como um modelo habitacional inclusivo e sustent\u00e1vel. Foi um importante passo para o reconhecimento do TTC como solu\u00e7\u00e3o habitacional para popula\u00e7\u00f5es de renda baixa, devendo ser apoiada pelos Estados.<\/span><\/p>\n<p><span style=\"font-weight: 400;\">O TTC funciona a partir da separa\u00e7\u00e3o da propriedade da terra e das constru\u00e7\u00f5es. A terra passa a pertencer \u00e0 comunidade como um todo\u2014representada por meio de uma organiza\u00e7\u00e3o comunit\u00e1ria sem fins lucrativos\u2014e as casas e constru\u00e7\u00f5es ficam sob titularidade dos moradores individualmente. A terra n\u00e3o pode ser vendida no modelo do TTC, sendo permanentemente retirada do mercado, e apenas as casas podem ser transacionadas. Esse arranjo procura harmonizar interesses individuais e coletivos que est\u00e3o presentes em qualquer comunidade, al\u00e9m de manter o custo da moradia acess\u00edvel para fam\u00edlias de baixa renda, j\u00e1 que o pre\u00e7o referente \u00e0 localiza\u00e7\u00e3o (embutido na terra) \u00e9 retirado da equa\u00e7\u00e3o.\u00a0<\/span><\/p>\n<p><span style=\"font-weight: 400;\">As<\/span> <a href=\"http:\/\/www.bit.ly\/TTCsPeloMundo\" target=\"_blank\" rel=\"noopener\"><span style=\"font-weight: 400;\">experi\u00eancias de Termos Territoriais Coletivos pelo mundo<\/span><\/a><span style=\"font-weight: 400;\"> demonstram sua efetividade em garantir um maior grau de seguran\u00e7a da posse para comunidades, viabilizando sua perman\u00eancia no territ\u00f3rio e evitando processos de remo\u00e7\u00e3o for\u00e7ada ou gentrifica\u00e7\u00e3o. Al\u00e9m disso, a aposta em uma governan\u00e7a coletiva ajuda a fortalecer o controle comunit\u00e1rio sobre a terra e estimular o desenvolvimento local, protagonizado pelos moradores. Em diferentes locais, vemos comunidades florescerem a partir do TTC, com moradores tomando as r\u00e9deas de seu desenvolvimento e conquistando o direito \u00e0 moradia.<\/span><\/p>\n<p><span style=\"font-weight: 400;\">Por ser um modelo altamente flex\u00edvel, o TTC pode ser utilizado em contextos bastante diversos. Na Am\u00e9rica Latina, temos um caso exitoso de<\/span> <a href=\"http:\/\/bit.ly\/2sDUcQj\" target=\"_blank\" rel=\"noopener\"><span style=\"font-weight: 400;\">TTC aplicado em favelas<\/span><\/a><span style=\"font-weight: 400;\">, na capital de Porto Rico, a cidade de San Juan. O<\/span> <a href=\"http:\/\/bit.ly\/2LjM5Wy\" target=\"_blank\" rel=\"noopener\"><span style=\"font-weight: 400;\">Fideicomiso de la Tierra Ca\u00f1o Mart\u00edn Pe\u00f1a<\/span><\/a><span style=\"font-weight: 400;\"> \u00e9 uma<\/span> <a href=\"http:\/\/bit.ly\/TTCCano\" target=\"_blank\" rel=\"noopener\"><span style=\"font-weight: 400;\">li\u00e7\u00e3o de desenvolvimento comunit\u00e1rio e resili\u00eancia<\/span><\/a><span style=\"font-weight: 400;\">, mostrando o potencial do TTC para a regulariza\u00e7\u00e3o de assentamentos informais.<\/span><\/p>\n<p><span style=\"font-weight: 400;\">No Brasil, o Termo Territorial Coletivo ainda \u00e9 um modelo novo, mas que vem conquistando crescentemente o interesse p\u00fablico. Desde 2018, o<\/span> <a href=\"https:\/\/bit.ly\/3xoPfvA\" target=\"_blank\" rel=\"noopener\"><span style=\"font-weight: 400;\">Projeto Termo Territorial Coletivo<\/span><\/a><span style=\"font-weight: 400;\"> vem atuando para viabilizar a aplica\u00e7\u00e3o desse modelo no pa\u00eds, difundindo conhecimento sobre ele, dialogando com diversas organiza\u00e7\u00f5es e trabalhando com comunidades do Rio de Janeiro que demonstrem interesse em se tornar projetos-piloto. \u00c9 uma quest\u00e3o de tempo para o surgimento do primeiro TTC do pa\u00eds!<\/span><\/p>\n<h3><b>A Import\u00e2ncia do Plano Diretor para a Gest\u00e3o Urbana<\/b><\/h3>\n<p><span style=\"font-weight: 400;\">O Plano Diretor \u00e9 o instrumento b\u00e1sico para o planejamento urbano das cidades brasileiras. Previsto na<\/span> <a href=\"https:\/\/bit.ly\/3uylfOD\" target=\"_blank\" rel=\"noopener\"><span style=\"font-weight: 400;\">Constitui\u00e7\u00e3o Federal de 1988<\/span><\/a><span style=\"font-weight: 400;\"> e no<\/span><a href=\"https:\/\/bit.ly\/3SUGSTV\" target=\"_blank\" rel=\"noopener\"> <span style=\"font-weight: 400;\">Estatuto da Cidade<\/span><\/a><span style=\"font-weight: 400;\">, ele \u00e9 obrigat\u00f3rio para munic\u00edpios com mais de 20 mil habitantes, e deve ser revisto a cada dez anos. O Plano Diretor estabelece as diretrizes para a pol\u00edtica urbana, tra\u00e7ando objetivos para o desenvolvimento das cidades e listando os instrumentos necess\u00e1rios para alcan\u00e7\u00e1-los.<\/span><\/p>\n<p><span style=\"font-weight: 400;\">A constru\u00e7\u00e3o e revis\u00e3o de planos diretores devem ser processos democr\u00e1ticos, com ampla participa\u00e7\u00e3o da sociedade. A cada dez anos, se faz uma avalia\u00e7\u00e3o do crescimento urbano naquele per\u00edodo e o plano \u00e9 revisto, adotando novos objetivos e estrat\u00e9gias para a gest\u00e3o urbana. Assim, no momento da revis\u00e3o do Plano Diretor, os cidad\u00e3os se mobilizam para definir qual deve ser o destino da cidade em que habitam.\u00a0<\/span><\/p>\n<p><span style=\"font-weight: 400;\">Al\u00e9m de ditar as metas para o desenvolvimento urbano, o Plano Diretor precisa listar os instrumentos para que elas sejam cumpridas. De nada adianta fazer promessas sem os meios pr\u00e1ticos para conquist\u00e1-las. No que diz respeito \u00e0 garantia de moradia digna e acess\u00edvel para todos, S\u00e3o Jo\u00e3o de Meriti inovou ao incluir o Termo Territorial Coletivo no seu rol de instrumentos de pol\u00edtica urbana.<\/span><\/p>\n<p><a href=\"https:\/\/bit.ly\/PlanoDiretorSJM\" target=\"_blank\" rel=\"noopener\"><span style=\"font-weight: 400;\">Previsto nos artigos 341-345 do plano<\/span><\/a><span style=\"font-weight: 400;\">,<\/span><span style=\"font-weight: 400;\"> o TTC \u00e9 reconhecido como instrumento para garantir o acesso \u00e0 terra e \u00e0 moradia, podendo ser articulado com outros instrumentos da pol\u00edtica urbana, em especial as \u00c1reas de Especial Interesse Social (AEIS). Assim, o munic\u00edpio de S\u00e3o Jo\u00e3o de Meriti conta com mais uma ferramenta para efetivar os direitos fundamentais da popula\u00e7\u00e3o, em especial a moradia adequada e o direito \u00e0 cidade.<\/span><\/p>\n<h3><b>A Difus\u00e3o do TTC pelo Brasil<\/b><\/h3>\n<p><span style=\"font-weight: 400;\">O Termo Territorial Coletivo chega ao Brasil em 2018, por meio de uma<\/span> <a href=\"http:\/\/www.bit.ly\/OficinasTTCPortoRico\" target=\"_blank\" rel=\"noopener\"><span style=\"font-weight: 400;\">s\u00e9rie de oficinas de interc\u00e2mbio organizadas com o TTC de Porto Rico<\/span><\/a><span style=\"font-weight: 400;\">, por iniciativa da organiza\u00e7\u00e3o sem fins lucrativos, <\/span><a href=\"https:\/\/comcat.org\/\" target=\"_blank\" rel=\"noopener\"><span style=\"font-weight: 400;\">Comunidades Catalisadoras<\/span><\/a><span style=\"font-weight: 400;\">, sediada no Rio de Janeiro, em um momento bastante complicado do ponto de vista da garantia da seguran\u00e7a de perman\u00eancia para os moradores de favelas.<\/span><\/p>\n<p><span style=\"font-weight: 400;\">Entre 2009 e 2014, no Rio de Janeiro, cerca de<\/span> <a href=\"http:\/\/glo.bo\/3PshQsj\" target=\"_blank\" rel=\"noopener\"><span style=\"font-weight: 400;\">20 mil fam\u00edlias foram removidas<\/span><\/a><span style=\"font-weight: 400;\"> (80 mil pessoas) sob o argumento da necessidade de realiza\u00e7\u00e3o das obras de infraestrutura para prepara\u00e7\u00e3o da cidade para a Copa do Mundo e os Jogos Ol\u00edmpicos. Paralelamente a isso, o<\/span> <a href=\"https:\/\/bit.ly\/3dquHxD\" target=\"_blank\" rel=\"noopener\"><span style=\"font-weight: 400;\">Rio foi uma das cidades que mais encareceram no mundo<\/span><\/a><span style=\"font-weight: 400;\">, tornando os custos b\u00e1sicos de vida excessivamente altos para boa parte da popula\u00e7\u00e3o, dentre eles os custos de habita\u00e7\u00e3o. Assim, o Termo Territorial Coletivo passou a ser introduzido no debate p\u00fablico como uma possibilidade de solu\u00e7\u00e3o que resguarda comunidades tanto contra deslocamentos impostos pelo Estado quanto pela especula\u00e7\u00e3o imobili\u00e1ria.<\/span><\/p>\n<p><span style=\"font-weight: 400;\">Em setembro de 2021, foi realizada a primeira<\/span> <a href=\"https:\/\/bit.ly\/3DZn0qo\" target=\"_blank\" rel=\"noopener\"><span style=\"font-weight: 400;\">Audi\u00eancia P\u00fablica sobre o TTC<\/span><\/a><span style=\"font-weight: 400;\"> na C\u00e2mara Municipal do Rio de Janeiro. Foi uma ocasi\u00e3o important\u00edssima onde o modelo foi discutido com os parlamentares, em um ambiente institucional. O munic\u00edpio do Rio de Janeiro incluiu o TTC no projeto de lei que encaminha a revis\u00e3o do seu<\/span> <a href=\"https:\/\/bit.ly\/3lIBzZ3\" target=\"_blank\" rel=\"noopener\"><span style=\"font-weight: 400;\">Plano Diretor<\/span><\/a><span style=\"font-weight: 400;\">, com previs\u00e3o de vota\u00e7\u00e3o at\u00e9 o fim deste ano. Se aprovado, ser\u00e1 mais uma pioneira regulamenta\u00e7\u00e3o legal do modelo.<\/span><\/p>\n<p><span style=\"font-weight: 400;\">Em dezembro do mesmo ano, a C\u00e2mara de Vereadores de S\u00e3o Jo\u00e3o de Meriti aprovou a revis\u00e3o do seu Plano Diretor incluindo o TTC entre seus instrumentos de pol\u00edtica urbana, apenas agora publicado no Di\u00e1rio Oficial.<\/span><\/p>\n<p><span style=\"font-weight: 400;\">Para al\u00e9m do Rio de Janeiro e S\u00e3o Jo\u00e3o de Meriti, atualmente o Termo Territorial Coletivo \u00e9 discutido em diversos outros estados do Brasil. Vemos grupos interessados em adotar o modelo no Par\u00e1, Minas Gerais, S\u00e3o Paulo, Bahia, Santa Catarina e at\u00e9 mesmo no Distrito Federal. Em abril de 2022, um<\/span> <a href=\"https:\/\/bit.ly\/SeminarioTTC2022\" target=\"_blank\" rel=\"noopener\"><span style=\"font-weight: 400;\">semin\u00e1rio nacional<\/span><\/a><span style=\"font-weight: 400;\"> levou o debate do TTC para todas as regi\u00f5es do pa\u00eds, dialogando com movimentos sociais de defesa da moradia, \u00f3rg\u00e3os p\u00fablicos, lideran\u00e7as comunit\u00e1rias, organiza\u00e7\u00f5es da sociedade, universidades, entre outros atores.\u00a0<\/span><\/p>\n<p><span style=\"font-weight: 400;\">A inclus\u00e3o do Termo Territorial Coletivo em planos diretores \u00e9 uma estrat\u00e9gia importante para difundir o modelo pelo pa\u00eds. Com essa previs\u00e3o legal, ele poder\u00e1 ser implementado com mais facilidade e seguran\u00e7a, e tamb\u00e9m ser adotado pelo pr\u00f3prio munic\u00edpio por meio da pol\u00edtica p\u00fablica. Al\u00e9m disso, levar a discuss\u00e3o do TTC para os processos de revis\u00e3o de planos diretores, um espa\u00e7o que deve ser participativo e democr\u00e1tico, \u00e9 uma forma de disseminar o modelo na pr\u00f3pria sociedade, articulando o TTC com um debate mais amplo sobre direito \u00e0 cidade, moradia digna e desenvolvimento comunit\u00e1rio.<\/span><\/p>\n<h2><b><i>CONTATO PARA IMPRENSA<\/i><\/b><\/h2>\n<p><a href=\"https:\/\/bit.ly\/FormLiveTTCSJM\" target=\"_blank\" rel=\"noopener\">Clique aqui para participar da live<\/a>.<\/p>\n<p><i><span style=\"font-weight: 400;\">WhatsApp +55-21-99204-8834<\/span><\/i><\/p>\n<p><i><span style=\"font-weight: 400;\">Email: ttc@comcat.org<\/span><\/i><\/p>\n<p><i><span style=\"font-weight: 400;\">International\/English: press@catcomm.org \/ +55-21-991976444<\/span><\/i><\/p>\n<h4><em><a href=\"https:\/\/bit.ly\/ReleaseTTCnoPDSJMPDF\" target=\"_blank\" rel=\"noopener\">Vers\u00e3o do release em PDF<\/a><\/em><\/h4>\n<p><em>*O Projeto Termo Territorial Coletivo e o RioOnWatch s\u00e3o iniciativas da organiza\u00e7\u00e3o sem fins lucrativos, Comunidades Catalisadoras (ComCat).<\/em><\/p>\n<hr \/>\n<h4><b data-stringify-type=\"bold\">Apoie nossos esfor\u00e7os para fornecer apoio estrat\u00e9gico \u00e0s favelas do Rio, incluindo o jornalismo hiperlocal, cr\u00edtico, inovador e incans\u00e1vel do\u00a0<\/b><b data-stringify-type=\"bold\"><i data-stringify-type=\"italic\">RioOnWatch<\/i><\/b>\u2014<a class=\"c-link\" href=\"http:\/\/www.bit.ly\/ApoieROW\" target=\"_blank\" rel=\"noopener noreferrer\" data-stringify-link=\"http:\/\/www.bit.ly\/ApoieROW\" data-sk=\"tooltip_parent\">doe aqui<\/a>.<\/h4>\n<!-- AddThis Advanced Settings generic via filter on the_content --><!-- AddThis Share Buttons generic via filter on the_content -->","protected":false},"excerpt":{"rendered":"<div class=\"mh-excerpt\"><p>Click Here for English O Termo Territorial Coletivo \u00e9 uma ferramenta para a garantia do direito \u00e0 moradia, com mais de 50 anos de hist\u00f3ria e utilizada por diversos pa\u00edses no mundo. Cada vez mais, <a class=\"mh-excerpt-more\" href=\"https:\/\/rioonwatch.org.br\/?p=62455\" title=\"Lei Nova Prev\u00ea o Termo Territorial Coletivo no Brasil [RELEASE]\">[&#8230;]<\/a><!-- AddThis Advanced Settings generic via filter on get_the_excerpt --><!-- AddThis Share Buttons generic via filter on get_the_excerpt --><\/p>\n<\/div>","protected":false},"author":167,"featured_media":62466,"comment_status":"closed","ping_status":"closed","sticky":false,"template":"template-full.php","format":"standard","meta":{"_acf_changed":false,"_monsterinsights_skip_tracking":false,"_monsterinsights_sitenote_active":false,"_monsterinsights_sitenote_note":"","_monsterinsights_sitenote_category":0,"footnotes":""},"categories":[344,342],"tags":[2056,959,2522,1226,2044,424,2194,1151,2016,2400,621,2138,3146,1966,112,2539,380,711],"writer":[3182],"translator":[],"source":[],"ilustrador":[],"fotografo":[],"class_list":{"0":"post-62455","1":"post","2":"type-post","3":"status-publish","4":"format-standard","5":"has-post-thumbnail","7":"category-politicas","8":"category-solucoes","9":"tag-aeis-zeis","10":"tag-baixada-fluminense","11":"tag-cano-martin-pena","12":"tag-constituicao","13":"tag-desenvolvimento","14":"tag-direito-a-moradia","15":"tag-estatuto-da-cidade","16":"tag-organizacao","17":"tag-nova-agenda-urbana","18":"tag-planejamento-participativo","19":"tag-plano-diretor","20":"tag-porto-rico","21":"tag-release","22":"tag-resiliencia","23":"tag-sao-joao-de-meriti","24":"tag-sentimento-de-pertencimento","25":"tag-solidariedade","26":"tag-clt","27":"writer-projeto-ttc"},"acf":[],"yoast_head":"<!-- This site is optimized with the Yoast SEO plugin v25.6 - https:\/\/yoast.com\/wordpress\/plugins\/seo\/ -->\n<title>Lei Nova Prev\u00ea o Termo Territorial Coletivo no Brasil [RELEASE] - RioOnWatch<\/title>\n<meta name=\"robots\" content=\"index, follow, max-snippet:-1, max-image-preview:large, max-video-preview:-1\" \/>\n<link rel=\"canonical\" href=\"https:\/\/rioonwatch.org.br\/?p=62455\" \/>\n<meta property=\"og:locale\" content=\"pt_BR\" \/>\n<meta property=\"og:type\" content=\"article\" \/>\n<meta property=\"og:title\" content=\"Lei Nova Prev\u00ea o Termo Territorial Coletivo no Brasil [RELEASE] - RioOnWatch\" \/>\n<meta property=\"og:description\" content=\"Click Here for English O Termo Territorial Coletivo \u00e9 uma ferramenta para a garantia do direito \u00e0 moradia, com mais de 50 anos de hist\u00f3ria e utilizada por diversos pa\u00edses no mundo. Cada vez mais, [...]\" \/>\n<meta property=\"og:url\" content=\"https:\/\/rioonwatch.org.br\/?p=62455\" \/>\n<meta property=\"og:site_name\" content=\"RioOnWatch\" \/>\n<meta property=\"article:published_time\" content=\"2022-08-16T13:24:31+00:00\" \/>\n<meta property=\"article:modified_time\" content=\"2022-09-13T00:03:36+00:00\" \/>\n<meta property=\"og:image\" content=\"https:\/\/rioonwatch.org.br\/wp-content\/uploads\/2022\/08\/Lei-TTC.png\" \/>\n\t<meta property=\"og:image:width\" content=\"1025\" \/>\n\t<meta property=\"og:image:height\" content=\"490\" \/>\n\t<meta property=\"og:image:type\" content=\"image\/png\" \/>\n<meta name=\"author\" content=\"Julio Santos Filho\" \/>\n<meta name=\"twitter:card\" content=\"summary_large_image\" \/>\n<meta name=\"twitter:label1\" content=\"Escrito por\" \/>\n\t<meta name=\"twitter:data1\" content=\"Julio Santos Filho\" \/>\n\t<meta name=\"twitter:label2\" content=\"Est. tempo de leitura\" \/>\n\t<meta name=\"twitter:data2\" content=\"10 minutos\" \/>\n<script type=\"application\/ld+json\" class=\"yoast-schema-graph\">{\"@context\":\"https:\/\/schema.org\",\"@graph\":[{\"@type\":\"Article\",\"@id\":\"https:\/\/rioonwatch.org.br\/?p=62455#article\",\"isPartOf\":{\"@id\":\"https:\/\/rioonwatch.org.br\/?p=62455\"},\"author\":{\"name\":\"Julio Santos Filho\",\"@id\":\"https:\/\/rioonwatch.org.br\/#\/schema\/person\/476bc75767957d3535b65b796667cd36\"},\"headline\":\"Lei Nova Prev\u00ea o Termo Territorial Coletivo no Brasil [RELEASE]\",\"datePublished\":\"2022-08-16T13:24:31+00:00\",\"dateModified\":\"2022-09-13T00:03:36+00:00\",\"mainEntityOfPage\":{\"@id\":\"https:\/\/rioonwatch.org.br\/?p=62455\"},\"wordCount\":1782,\"publisher\":{\"@id\":\"https:\/\/rioonwatch.org.br\/#organization\"},\"image\":{\"@id\":\"https:\/\/rioonwatch.org.br\/?p=62455#primaryimage\"},\"thumbnailUrl\":\"https:\/\/rioonwatch.org.br\/wp-content\/uploads\/2022\/08\/Lei-TTC.png\",\"keywords\":[\"AEIS \/ ZEIS\",\"Baixada Fluminense\",\"Ca\u00f1o Mart\u00edn Pe\u00f1a\",\"constitui\u00e7\u00e3o\",\"desenvolvimento\",\"Direito \u00e0 Moradia\",\"Estatuto da Cidade\",\"mobiliza\u00e7\u00e3o\",\"Nova Agenda Urbana \/ Habitat III\",\"planejamento participativo\",\"Plano Diretor\",\"Porto Rico\",\"Release\",\"resili\u00eancia\",\"S\u00e3o Jo\u00e3o de Meriti\",\"sentimento de pertencimento\",\"solidariedade\",\"Termo Territorial Coletivo (TTC) \/ Community Land Trust (CLT)\"],\"articleSection\":[\"Pol\u00edticas\",\"Solu\u00e7\u00f5es\"],\"inLanguage\":\"pt-BR\"},{\"@type\":\"WebPage\",\"@id\":\"https:\/\/rioonwatch.org.br\/?p=62455\",\"url\":\"https:\/\/rioonwatch.org.br\/?p=62455\",\"name\":\"Lei Nova Prev\u00ea o Termo Territorial Coletivo no Brasil [RELEASE] - RioOnWatch\",\"isPartOf\":{\"@id\":\"https:\/\/rioonwatch.org.br\/#website\"},\"primaryImageOfPage\":{\"@id\":\"https:\/\/rioonwatch.org.br\/?p=62455#primaryimage\"},\"image\":{\"@id\":\"https:\/\/rioonwatch.org.br\/?p=62455#primaryimage\"},\"thumbnailUrl\":\"https:\/\/rioonwatch.org.br\/wp-content\/uploads\/2022\/08\/Lei-TTC.png\",\"datePublished\":\"2022-08-16T13:24:31+00:00\",\"dateModified\":\"2022-09-13T00:03:36+00:00\",\"breadcrumb\":{\"@id\":\"https:\/\/rioonwatch.org.br\/?p=62455#breadcrumb\"},\"inLanguage\":\"pt-BR\",\"potentialAction\":[{\"@type\":\"ReadAction\",\"target\":[\"https:\/\/rioonwatch.org.br\/?p=62455\"]}]},{\"@type\":\"ImageObject\",\"inLanguage\":\"pt-BR\",\"@id\":\"https:\/\/rioonwatch.org.br\/?p=62455#primaryimage\",\"url\":\"https:\/\/rioonwatch.org.br\/wp-content\/uploads\/2022\/08\/Lei-TTC.png\",\"contentUrl\":\"https:\/\/rioonwatch.org.br\/wp-content\/uploads\/2022\/08\/Lei-TTC.png\",\"width\":1025,\"height\":490},{\"@type\":\"BreadcrumbList\",\"@id\":\"https:\/\/rioonwatch.org.br\/?p=62455#breadcrumb\",\"itemListElement\":[{\"@type\":\"ListItem\",\"position\":1,\"name\":\"In\u00edcio\",\"item\":\"https:\/\/rioonwatch.org.br\/\"},{\"@type\":\"ListItem\",\"position\":2,\"name\":\"Lei Nova Prev\u00ea o Termo Territorial Coletivo no Brasil [RELEASE]\"}]},{\"@type\":\"WebSite\",\"@id\":\"https:\/\/rioonwatch.org.br\/#website\",\"url\":\"https:\/\/rioonwatch.org.br\/\",\"name\":\"RioOnWatch\",\"description\":\"relatos das favelas cariocas\",\"publisher\":{\"@id\":\"https:\/\/rioonwatch.org.br\/#organization\"},\"potentialAction\":[{\"@type\":\"SearchAction\",\"target\":{\"@type\":\"EntryPoint\",\"urlTemplate\":\"https:\/\/rioonwatch.org.br\/?s={search_term_string}\"},\"query-input\":{\"@type\":\"PropertyValueSpecification\",\"valueRequired\":true,\"valueName\":\"search_term_string\"}}],\"inLanguage\":\"pt-BR\"},{\"@type\":\"Organization\",\"@id\":\"https:\/\/rioonwatch.org.br\/#organization\",\"name\":\"RioOnWatch\",\"url\":\"https:\/\/rioonwatch.org.br\/\",\"logo\":{\"@type\":\"ImageObject\",\"inLanguage\":\"pt-BR\",\"@id\":\"https:\/\/rioonwatch.org.br\/#\/schema\/logo\/image\/\",\"url\":\"https:\/\/rioonwatch.org.br\/wp-content\/uploads\/2021\/06\/RioOnWatchcabecalhoPT11anos-2.png\",\"contentUrl\":\"https:\/\/rioonwatch.org.br\/wp-content\/uploads\/2021\/06\/RioOnWatchcabecalhoPT11anos-2.png\",\"width\":779,\"height\":277,\"caption\":\"RioOnWatch\"},\"image\":{\"@id\":\"https:\/\/rioonwatch.org.br\/#\/schema\/logo\/image\/\"}},{\"@type\":\"Person\",\"@id\":\"https:\/\/rioonwatch.org.br\/#\/schema\/person\/476bc75767957d3535b65b796667cd36\",\"name\":\"Julio Santos Filho\",\"image\":{\"@type\":\"ImageObject\",\"inLanguage\":\"pt-BR\",\"@id\":\"https:\/\/rioonwatch.org.br\/#\/schema\/person\/image\/\",\"url\":\"https:\/\/secure.gravatar.com\/avatar\/ca138f7666182a292a8ce4ca14fb81f8?s=96&d=blank&r=g\",\"contentUrl\":\"https:\/\/secure.gravatar.com\/avatar\/ca138f7666182a292a8ce4ca14fb81f8?s=96&d=blank&r=g\",\"caption\":\"Julio Santos Filho\"},\"url\":\"https:\/\/rioonwatch.org.br\/?author=167\"}]}<\/script>\n<!-- \/ Yoast SEO plugin. -->","yoast_head_json":{"title":"Lei Nova Prev\u00ea o Termo Territorial Coletivo no Brasil [RELEASE] - RioOnWatch","robots":{"index":"index","follow":"follow","max-snippet":"max-snippet:-1","max-image-preview":"max-image-preview:large","max-video-preview":"max-video-preview:-1"},"canonical":"https:\/\/rioonwatch.org.br\/?p=62455","og_locale":"pt_BR","og_type":"article","og_title":"Lei Nova Prev\u00ea o Termo Territorial Coletivo no Brasil [RELEASE] - RioOnWatch","og_description":"Click Here for English O Termo Territorial Coletivo \u00e9 uma ferramenta para a garantia do direito \u00e0 moradia, com mais de 50 anos de hist\u00f3ria e utilizada por diversos pa\u00edses no mundo. Cada vez mais, [...]","og_url":"https:\/\/rioonwatch.org.br\/?p=62455","og_site_name":"RioOnWatch","article_published_time":"2022-08-16T13:24:31+00:00","article_modified_time":"2022-09-13T00:03:36+00:00","og_image":[{"width":1025,"height":490,"url":"https:\/\/rioonwatch.org.br\/wp-content\/uploads\/2022\/08\/Lei-TTC.png","type":"image\/png"}],"author":"Julio Santos Filho","twitter_card":"summary_large_image","twitter_misc":{"Escrito por":"Julio Santos Filho","Est. tempo de leitura":"10 minutos"},"schema":{"@context":"https:\/\/schema.org","@graph":[{"@type":"Article","@id":"https:\/\/rioonwatch.org.br\/?p=62455#article","isPartOf":{"@id":"https:\/\/rioonwatch.org.br\/?p=62455"},"author":{"name":"Julio Santos Filho","@id":"https:\/\/rioonwatch.org.br\/#\/schema\/person\/476bc75767957d3535b65b796667cd36"},"headline":"Lei Nova Prev\u00ea o Termo Territorial Coletivo no Brasil [RELEASE]","datePublished":"2022-08-16T13:24:31+00:00","dateModified":"2022-09-13T00:03:36+00:00","mainEntityOfPage":{"@id":"https:\/\/rioonwatch.org.br\/?p=62455"},"wordCount":1782,"publisher":{"@id":"https:\/\/rioonwatch.org.br\/#organization"},"image":{"@id":"https:\/\/rioonwatch.org.br\/?p=62455#primaryimage"},"thumbnailUrl":"https:\/\/rioonwatch.org.br\/wp-content\/uploads\/2022\/08\/Lei-TTC.png","keywords":["AEIS \/ ZEIS","Baixada Fluminense","Ca\u00f1o Mart\u00edn Pe\u00f1a","constitui\u00e7\u00e3o","desenvolvimento","Direito \u00e0 Moradia","Estatuto da Cidade","mobiliza\u00e7\u00e3o","Nova Agenda Urbana \/ Habitat III","planejamento participativo","Plano Diretor","Porto Rico","Release","resili\u00eancia","S\u00e3o Jo\u00e3o de Meriti","sentimento de pertencimento","solidariedade","Termo Territorial Coletivo (TTC) \/ Community Land Trust (CLT)"],"articleSection":["Pol\u00edticas","Solu\u00e7\u00f5es"],"inLanguage":"pt-BR"},{"@type":"WebPage","@id":"https:\/\/rioonwatch.org.br\/?p=62455","url":"https:\/\/rioonwatch.org.br\/?p=62455","name":"Lei Nova Prev\u00ea o Termo Territorial Coletivo no Brasil [RELEASE] - RioOnWatch","isPartOf":{"@id":"https:\/\/rioonwatch.org.br\/#website"},"primaryImageOfPage":{"@id":"https:\/\/rioonwatch.org.br\/?p=62455#primaryimage"},"image":{"@id":"https:\/\/rioonwatch.org.br\/?p=62455#primaryimage"},"thumbnailUrl":"https:\/\/rioonwatch.org.br\/wp-content\/uploads\/2022\/08\/Lei-TTC.png","datePublished":"2022-08-16T13:24:31+00:00","dateModified":"2022-09-13T00:03:36+00:00","breadcrumb":{"@id":"https:\/\/rioonwatch.org.br\/?p=62455#breadcrumb"},"inLanguage":"pt-BR","potentialAction":[{"@type":"ReadAction","target":["https:\/\/rioonwatch.org.br\/?p=62455"]}]},{"@type":"ImageObject","inLanguage":"pt-BR","@id":"https:\/\/rioonwatch.org.br\/?p=62455#primaryimage","url":"https:\/\/rioonwatch.org.br\/wp-content\/uploads\/2022\/08\/Lei-TTC.png","contentUrl":"https:\/\/rioonwatch.org.br\/wp-content\/uploads\/2022\/08\/Lei-TTC.png","width":1025,"height":490},{"@type":"BreadcrumbList","@id":"https:\/\/rioonwatch.org.br\/?p=62455#breadcrumb","itemListElement":[{"@type":"ListItem","position":1,"name":"In\u00edcio","item":"https:\/\/rioonwatch.org.br\/"},{"@type":"ListItem","position":2,"name":"Lei Nova Prev\u00ea o Termo Territorial Coletivo no Brasil [RELEASE]"}]},{"@type":"WebSite","@id":"https:\/\/rioonwatch.org.br\/#website","url":"https:\/\/rioonwatch.org.br\/","name":"RioOnWatch","description":"relatos das favelas cariocas","publisher":{"@id":"https:\/\/rioonwatch.org.br\/#organization"},"potentialAction":[{"@type":"SearchAction","target":{"@type":"EntryPoint","urlTemplate":"https:\/\/rioonwatch.org.br\/?s={search_term_string}"},"query-input":{"@type":"PropertyValueSpecification","valueRequired":true,"valueName":"search_term_string"}}],"inLanguage":"pt-BR"},{"@type":"Organization","@id":"https:\/\/rioonwatch.org.br\/#organization","name":"RioOnWatch","url":"https:\/\/rioonwatch.org.br\/","logo":{"@type":"ImageObject","inLanguage":"pt-BR","@id":"https:\/\/rioonwatch.org.br\/#\/schema\/logo\/image\/","url":"https:\/\/rioonwatch.org.br\/wp-content\/uploads\/2021\/06\/RioOnWatchcabecalhoPT11anos-2.png","contentUrl":"https:\/\/rioonwatch.org.br\/wp-content\/uploads\/2021\/06\/RioOnWatchcabecalhoPT11anos-2.png","width":779,"height":277,"caption":"RioOnWatch"},"image":{"@id":"https:\/\/rioonwatch.org.br\/#\/schema\/logo\/image\/"}},{"@type":"Person","@id":"https:\/\/rioonwatch.org.br\/#\/schema\/person\/476bc75767957d3535b65b796667cd36","name":"Julio Santos Filho","image":{"@type":"ImageObject","inLanguage":"pt-BR","@id":"https:\/\/rioonwatch.org.br\/#\/schema\/person\/image\/","url":"https:\/\/secure.gravatar.com\/avatar\/ca138f7666182a292a8ce4ca14fb81f8?s=96&d=blank&r=g","contentUrl":"https:\/\/secure.gravatar.com\/avatar\/ca138f7666182a292a8ce4ca14fb81f8?s=96&d=blank&r=g","caption":"Julio Santos Filho"},"url":"https:\/\/rioonwatch.org.br\/?author=167"}]}},"_links":{"self":[{"href":"https:\/\/rioonwatch.org.br\/index.php?rest_route=\/wp\/v2\/posts\/62455"}],"collection":[{"href":"https:\/\/rioonwatch.org.br\/index.php?rest_route=\/wp\/v2\/posts"}],"about":[{"href":"https:\/\/rioonwatch.org.br\/index.php?rest_route=\/wp\/v2\/types\/post"}],"author":[{"embeddable":true,"href":"https:\/\/rioonwatch.org.br\/index.php?rest_route=\/wp\/v2\/users\/167"}],"replies":[{"embeddable":true,"href":"https:\/\/rioonwatch.org.br\/index.php?rest_route=%2Fwp%2Fv2%2Fcomments&post=62455"}],"version-history":[{"count":12,"href":"https:\/\/rioonwatch.org.br\/index.php?rest_route=\/wp\/v2\/posts\/62455\/revisions"}],"predecessor-version":[{"id":62710,"href":"https:\/\/rioonwatch.org.br\/index.php?rest_route=\/wp\/v2\/posts\/62455\/revisions\/62710"}],"wp:featuredmedia":[{"embeddable":true,"href":"https:\/\/rioonwatch.org.br\/index.php?rest_route=\/wp\/v2\/media\/62466"}],"wp:attachment":[{"href":"https:\/\/rioonwatch.org.br\/index.php?rest_route=%2Fwp%2Fv2%2Fmedia&parent=62455"}],"wp:term":[{"taxonomy":"category","embeddable":true,"href":"https:\/\/rioonwatch.org.br\/index.php?rest_route=%2Fwp%2Fv2%2Fcategories&post=62455"},{"taxonomy":"post_tag","embeddable":true,"href":"https:\/\/rioonwatch.org.br\/index.php?rest_route=%2Fwp%2Fv2%2Ftags&post=62455"},{"taxonomy":"writer","embeddable":true,"href":"https:\/\/rioonwatch.org.br\/index.php?rest_route=%2Fwp%2Fv2%2Fwriter&post=62455"},{"taxonomy":"translator","embeddable":true,"href":"https:\/\/rioonwatch.org.br\/index.php?rest_route=%2Fwp%2Fv2%2Ftranslator&post=62455"},{"taxonomy":"source","embeddable":true,"href":"https:\/\/rioonwatch.org.br\/index.php?rest_route=%2Fwp%2Fv2%2Fsource&post=62455"},{"taxonomy":"ilustrador","embeddable":true,"href":"https:\/\/rioonwatch.org.br\/index.php?rest_route=%2Fwp%2Fv2%2Filustrador&post=62455"},{"taxonomy":"fotografo","embeddable":true,"href":"https:\/\/rioonwatch.org.br\/index.php?rest_route=%2Fwp%2Fv2%2Ffotografo&post=62455"}],"curies":[{"name":"wp","href":"https:\/\/api.w.org\/{rel}","templated":true}]}}