{"id":62480,"date":"2022-08-17T10:51:30","date_gmt":"2022-08-17T13:51:30","guid":{"rendered":"https:\/\/rioonwatch.org.br\/?p=62480"},"modified":"2024-06-20T17:09:36","modified_gmt":"2024-06-20T20:09:36","slug":"pacificado-da-enfase-sensivel-as-relacoes-humanas-apesar-de-ser-em-torno-do-cliche-do-trafico-na-vida-das-favelas-resenha","status":"publish","type":"post","link":"https:\/\/rioonwatch.org.br\/?p=62480","title":{"rendered":"&#8216;Pacificado&#8217; D\u00e1 \u00canfase Sens\u00edvel \u00e0s Rela\u00e7\u00f5es Humanas, mas Repete Clich\u00ea sobre o Tr\u00e1fico de Drogas como Centro da Vida na Favela [RESENHA]"},"content":{"rendered":"<p style=\"text-align: right;\"><em><strong><a href=\"https:\/\/bit.ly\/3AY6nNa\" target=\"_blank\" rel=\"noopener noreferrer\">Click Here for English<\/a><a href=\"https:\/\/bit.ly\/3AY6nNa\" rel=\"noopener noreferrer\"><img decoding=\"async\" class=\"alignright wp-image-15790\" src=\"https:\/\/rioonwatch.org.br\/wp-content\/uploads\/2012\/08\/EN-standard-e1439583104716.jpg\" alt=\"\" width=\"20\" height=\"20\" \/><\/a><\/strong><\/em><\/p>\n<p><span style=\"font-weight: 400;\">De cara, o filme <\/span><i><span style=\"font-weight: 400;\">Pacificado <\/span><\/i><span style=\"font-weight: 400;\">j\u00e1 chama aten\u00e7\u00e3o pelo nome. \u00c9 dif\u00edcil para quem viveu o processo da implanta\u00e7\u00e3o das Unidades de Pol\u00edcia Pacificadora (<\/span><a href=\"http:\/\/bit.ly\/2x52t2Y\" target=\"_blank\" rel=\"noopener\"><span style=\"font-weight: 400;\">UPP<\/span><\/a><span style=\"font-weight: 400;\">), a partir de 2008, nas favelas do Rio de Janeiro, n\u00e3o criar esse paralelo. Em parte, essa parece ser mesmo a inten\u00e7\u00e3o do diretor americano <\/span><a href=\"https:\/\/bit.ly\/3w6BV0q\" target=\"_blank\" rel=\"noopener\"><span style=\"font-weight: 400;\">Paxton Winters<\/span><\/a><span style=\"font-weight: 400;\">, que morou por mais de uma d\u00e9cada no <\/span><a href=\"http:\/\/bit.ly\/2SD6Uwa\" target=\"_blank\" rel=\"noopener\"><span style=\"font-weight: 400;\">Morro dos Prazeres<\/span><\/a><span style=\"font-weight: 400;\">, em <\/span><a href=\"http:\/\/bit.ly\/1EsSJzx\" target=\"_blank\" rel=\"noopener\"><span style=\"font-weight: 400;\">Santa Teresa<\/span><\/a><span style=\"font-weight: 400;\">, e traz como pano fundo exatamente esse momento.<\/span><\/p>\n<p><span style=\"font-weight: 400;\">Mas, por outro lado, quem espera ver cenas de <\/span><a href=\"https:\/\/bit.ly\/30PUPsB\" target=\"_blank\" rel=\"noopener\"><span style=\"font-weight: 400;\">viol\u00eancia policial<\/span><\/a><span style=\"font-weight: 400;\"> como em <\/span><a href=\"https:\/\/bit.ly\/3oykl1I\" target=\"_blank\" rel=\"noopener\"><i><span style=\"font-weight: 400;\">Tropa de Elite<\/span><\/i><\/a><span style=\"font-weight: 400;\">, de 2007, se engana. Mais uma vez a favela \u00e9 mostrada pela \u00f3tica de como a din\u00e2mica do tr\u00e1fico de drogas, que acaba se tornando o eixo central de toda uma s\u00e9rie de rela\u00e7\u00f5es de afeto, interliga os moradores. Todos os personagens retratados possuem liga\u00e7\u00e3o direta ou indireta com o tr\u00e1fico armado. Nesse ponto, o filme estrelado pelo ator <\/span><a href=\"https:\/\/bit.ly\/3JXOxfY\" target=\"_blank\" rel=\"noopener\"><span style=\"font-weight: 400;\">Bukassa Kabengele<\/span><\/a><span style=\"font-weight: 400;\"> (<\/span><i><span style=\"font-weight: 400;\">Jac<\/span><\/i><span style=\"font-weight: 400;\">a<\/span><span style=\"font-weight: 400;\">) fica <a href=\"http:\/\/bit.ly\/3aMBRIV\" target=\"_blank\" rel=\"noopener\">mais pr\u00f3ximo de <\/a><\/span><i><span style=\"font-weight: 400;\">Cidade de Deus<\/span><\/i><span style=\"font-weight: 400;\">, de 2002. No entanto, \u00e9 importante que fique entendido: a favela n\u00e3o \u00e9 fruto do tr\u00e1fico, mas das rela\u00e7\u00f5es entre pessoas negras, pessoas marginalizadas que criaram um sistema que vai al\u00e9m do sentido de sobreviv\u00eancia.\u00a0<\/span><\/p>\n<p><span style=\"font-weight: 400;\">Por\u00e9m, nesta trama, os conflitos humanos s\u00e3o os protagonistas. Esse \u00e9 o ponto que faz <\/span><i><span style=\"font-weight: 400;\">Pacificado <\/span><\/i><span style=\"font-weight: 400;\">acertar na escolha da condu\u00e7\u00e3o da narrativa. A viol\u00eancia urbana, o uso abusivo de drogas, a disputa pelo poder e a reconex\u00e3o de la\u00e7os familiares s\u00e3o retratados de maneira sens\u00edvel. Essa sensibilidade cinematogr\u00e1fica ocorre por conta da amizade entre Paxton e Wellington Magalh\u00e3es, morador da comunidade, e co-escritor deste roteiro junto a Paxton e o roteirista Joseph Carter.<\/span><\/p>\n<p><a href=\"https:\/\/rioonwatch.org.br\/wp-content\/uploads\/2022\/08\/Tati-Cassia-Nascimento-e-seu-pai-que-conhece-aos-14-anos-depois-dele-deixar-a-prisao.-Ele-era-o-chefe-do-trafico-em-Pacificado.-Regent-Media.png\"><img fetchpriority=\"high\" decoding=\"async\" class=\"aligncenter wp-image-62485 size-full\" title=\"Tati (C\u00e1ssia Nascimento) e seu pai que conhece aos 14 anos, depois dele deixar a pris\u00e3o. Ele era o chefe do tr\u00e1fico em 'Pacificado'. Reprodu\u00e7\u00e3o Regent Media\" src=\"https:\/\/rioonwatch.org.br\/wp-content\/uploads\/2022\/08\/Tati-Cassia-Nascimento-e-seu-pai-que-conhece-aos-14-anos-depois-dele-deixar-a-prisao.-Ele-era-o-chefe-do-trafico-em-Pacificado.-Regent-Media.png\" alt=\"Tati (C\u00e1ssia Nascimento) e seu pai que conhece aos 14 anos, depois dele deixar a pris\u00e3o. Ele era o chefe do tr\u00e1fico em 'Pacificado'. Reprodu\u00e7\u00e3o Regent Media\" width=\"1156\" height=\"641\" srcset=\"https:\/\/rioonwatch.org.br\/wp-content\/uploads\/2022\/08\/Tati-Cassia-Nascimento-e-seu-pai-que-conhece-aos-14-anos-depois-dele-deixar-a-prisao.-Ele-era-o-chefe-do-trafico-em-Pacificado.-Regent-Media.png 1156w, https:\/\/rioonwatch.org.br\/wp-content\/uploads\/2022\/08\/Tati-Cassia-Nascimento-e-seu-pai-que-conhece-aos-14-anos-depois-dele-deixar-a-prisao.-Ele-era-o-chefe-do-trafico-em-Pacificado.-Regent-Media-620x344.png 620w, https:\/\/rioonwatch.org.br\/wp-content\/uploads\/2022\/08\/Tati-Cassia-Nascimento-e-seu-pai-que-conhece-aos-14-anos-depois-dele-deixar-a-prisao.-Ele-era-o-chefe-do-trafico-em-Pacificado.-Regent-Media-1134x629.png 1134w\" sizes=\"(max-width: 1156px) 100vw, 1156px\" \/><\/a><\/p>\n<p><span style=\"font-weight: 400;\">Ap\u00f3s 14 anos na pris\u00e3o, o ex-chefe do tr\u00e1fico, Jaca (<\/span><a href=\"https:\/\/bit.ly\/3QMvxTO\" target=\"_blank\" rel=\"noopener\"><span style=\"font-weight: 400;\">Bukassa Kabengele<\/span><\/a><span style=\"font-weight: 400;\">), retorna \u00e0 comunidade e quando chega l\u00e1 encontra como \u2018frente\u2019 Nelson, seu antigo subordinado. H\u00e1 logo um clima de tens\u00e3o entre eles. O novo chefe teme perder o poder para o antigo dono. Jaca \u00e9 recebido de forma saudosista pelos moradores, que logo voltam a pedir a media\u00e7\u00e3o dele para conflitos entre vizinhos. Quando era dono do morro\u2014parte que\u00a0 n\u00e3o \u00e9 retratada no filme\u2014Jaca era conhecido pela forma pac\u00edfica de resolver contendas.<\/span><\/p>\n<p><span style=\"font-weight: 400;\">Em paralelo, o ex-detento descobre que \u00e9 pai de <\/span><span style=\"font-weight: 400;\">Tati (<\/span><a href=\"https:\/\/bit.ly\/3ApBpgG\" target=\"_blank\" rel=\"noopener\"><span style=\"font-weight: 400;\">C\u00e1ssia Nascimento<\/span><\/a><span style=\"font-weight: 400;\">)<\/span><span style=\"font-weight: 400;\">, uma adolescente, filha dele com sua ex-mulher Andrea (<\/span><a href=\"https:\/\/bit.ly\/3C4qtGt\" target=\"_blank\" rel=\"noopener\"><span style=\"font-weight: 400;\">D\u00e9bora Nascimento<\/span><\/a><span style=\"font-weight: 400;\">), que acaba se perdendo e sendo presa por causa do uso abusivo de coca\u00edna. Essa descoberta d\u00e1 um novo rumo \u00e0s decis\u00f5es de Jaca. Aqui, o t\u00edtulo do filme parece se transformar num adjetivo do personagem de Kabengele.<\/span><\/p>\n<p><a href=\"https:\/\/rioonwatch.org.br\/wp-content\/uploads\/2022\/08\/Pacificado.png\"><img decoding=\"async\" class=\"alignright size-full wp-image-62494\" src=\"https:\/\/rioonwatch.org.br\/wp-content\/uploads\/2022\/08\/Pacificado.png\" alt=\"\" width=\"2858\" height=\"1328\" srcset=\"https:\/\/rioonwatch.org.br\/wp-content\/uploads\/2022\/08\/Pacificado.png 2858w, https:\/\/rioonwatch.org.br\/wp-content\/uploads\/2022\/08\/Pacificado-620x288.png 620w, https:\/\/rioonwatch.org.br\/wp-content\/uploads\/2022\/08\/Pacificado-1354x629.png 1354w\" sizes=\"(max-width: 2858px) 100vw, 2858px\" \/><\/a><\/p>\n<p><span style=\"font-weight: 400;\">Ainda dentro desse n\u00facleo, vivendo debaixo do mesmo teto, est\u00e3o Dudu (<\/span><a href=\"https:\/\/bit.ly\/3JX2wm7\" target=\"_blank\" rel=\"noopener\"><span style=\"font-weight: 400;\">Raphael Logam<\/span><\/a><span style=\"font-weight: 400;\">, duas vezes indicado ao Pr\u00eamio Emmy de Melhor Ator, em 2019 e 2020), irm\u00e3o ca\u00e7ula de Jaca, e a av\u00f3 deles Dona Preta (<\/span><a href=\"https:\/\/bit.ly\/3QItTTh\" target=\"_blank\" rel=\"noopener\"><span style=\"font-weight: 400;\">Lea Garcia<\/span><\/a><span style=\"font-weight: 400;\">, atriz veterana, multipremiada, indicada a Cannes, vencedora no Festival de Gramado e parte do elenco de <\/span><a href=\"https:\/\/bit.ly\/3SKqc18\" target=\"_blank\" rel=\"noopener\"><i><span style=\"font-weight: 400;\">Orfeu Negro<\/span><\/i><\/a><span style=\"font-weight: 400;\">, vencedor do <\/span><a href=\"https:\/\/bit.ly\/3STVHpK\" target=\"_blank\" rel=\"noopener\"><span style=\"font-weight: 400;\">Oscar de Melhor Filme Estrangeiro em 1960<\/span><\/a><span style=\"font-weight: 400;\">), tamb\u00e9m chamada de av\u00f3 por Tati. Pacificado, o ex-traficante tenta em v\u00e3o tirar o ca\u00e7ula da vida do crime e da depend\u00eancia em crack.<\/span><\/p>\n<p><span style=\"font-weight: 400;\">Outro ponto importante a ser destacado \u00e9 que a estreia de <\/span><i><span style=\"font-weight: 400;\">Pacificado <\/span><\/i><span style=\"font-weight: 400;\">foi prejudicada pela <\/span><a href=\"https:\/\/bit.ly\/2xOpNGB\" target=\"_blank\" rel=\"noopener\"><span style=\"font-weight: 400;\">pandemia do coronav\u00edrus<\/span><\/a><span style=\"font-weight: 400;\">. Inclusive, existe uma cena, gravada no bairro da <\/span><a href=\"http:\/\/bit.ly\/2MJJTZc\" target=\"_blank\" rel=\"noopener\"><span style=\"font-weight: 400;\">Lapa<\/span><\/a><span style=\"font-weight: 400;\">, que um \u201cFora Temer\u201d na parede acaba por receber certo destaque na composi\u00e7\u00e3o. Apesar desse anacronismo, o sentido da frase ainda tem importante apelo para mudan\u00e7as no rumo da pol\u00edtica brasileira.<\/span><\/p>\n<p><span style=\"font-weight: 400;\">O filme ganhou destaque ao receber no <\/span><a href=\"https:\/\/bit.ly\/3JU8rIT\" target=\"_blank\" rel=\"noopener\"><span style=\"font-weight: 400;\">Festival Internacional de Cinema de San Sebasti\u00e1n<\/span><\/a><span style=\"font-weight: 400;\">, em setembro de 2019, os pr\u00eamios de melhor filme, melhor ator para Bukassa Kabengele e melhor fotografia para Laura Merians. De fato, a composi\u00e7\u00e3o das cenas, as sequ\u00eancias e as escolhas de cen\u00e1rios criam um elo muito interessante. Al\u00e9m destes, no m\u00eas seguinte, ganhou como melhor filme de fic\u00e7\u00e3o brasileiro, durante a <\/span><a href=\"https:\/\/bit.ly\/3JWaPi8\" target=\"_blank\" rel=\"noopener\"><span style=\"font-weight: 400;\">43\u00aa Mostra Internacional de Cinema<\/span><\/a><span style=\"font-weight: 400;\">, em S\u00e3o Paulo, no voto do p\u00fablico, e melhor atriz para a estreante C\u00e1ssia Nascimento, cria do Morro dos Prazeres. Paxton ficou com o pr\u00eamio de melhor diretor no <\/span><a href=\"https:\/\/bit.ly\/3pqIsPy\" target=\"_blank\" rel=\"noopener\"><span style=\"font-weight: 400;\">Festival Internacional do Novo Cinema Latino-americano de Havana<\/span><\/a><span style=\"font-weight: 400;\">.<\/span><\/p>\n<p><em>Sobre o autor:\u00a0<a href=\"https:\/\/bit.ly\/3s06uS5\" target=\"_blank\" rel=\"noopener\">Rafael Lopes<\/a>\u00a0\u00e9 um jornalista negro e mestre em Comunica\u00e7\u00e3o Social pela UFRJ. \u00c9 pesquisador da obra do jornalista e escritor Lima Barreto.<\/em><\/p>\n<h3>Assista o Trailer do filme <em>Pacificado<\/em>:<\/h3>\n<p><iframe title=\"YouTube video player\" src=\"https:\/\/www.youtube.com\/embed\/74kfPQVKbzY\" width=\"1030\" height=\"579\" frameborder=\"0\" allowfullscreen=\"allowfullscreen\"><span data-mce-type=\"bookmark\" style=\"display: inline-block; width: 0px; overflow: hidden; line-height: 0;\" class=\"mce_SELRES_start\">\ufeff<\/span><\/iframe><\/p>\n<hr \/>\n<h4><b data-stringify-type=\"bold\">Apoie nossos esfor\u00e7os para fornecer apoio estrat\u00e9gico \u00e0s favelas do Rio, incluindo o jornalismo hiperlocal, cr\u00edtico, inovador e incans\u00e1vel do\u00a0<\/b><b data-stringify-type=\"bold\"><i data-stringify-type=\"italic\">RioOnWatch<\/i><\/b>\u2014<a class=\"c-link\" href=\"http:\/\/www.bit.ly\/ApoieROW\" target=\"_blank\" rel=\"noopener noreferrer\" data-stringify-link=\"http:\/\/www.bit.ly\/ApoieROW\" data-sk=\"tooltip_parent\">doe aqui<\/a>.<\/h4>\n<!-- AddThis Advanced Settings generic via filter on the_content --><!-- AddThis Share Buttons generic via filter on the_content -->","protected":false},"excerpt":{"rendered":"<div class=\"mh-excerpt\"><p>Click Here for English De cara, o filme Pacificado j\u00e1 chama aten\u00e7\u00e3o pelo nome. \u00c9 dif\u00edcil para quem viveu o processo da implanta\u00e7\u00e3o das Unidades de Pol\u00edcia Pacificadora (UPP), a partir de 2008, nas favelas <a class=\"mh-excerpt-more\" href=\"https:\/\/rioonwatch.org.br\/?p=62480\" title=\"&#8216;Pacificado&#8217; D\u00e1 \u00canfase Sens\u00edvel \u00e0s Rela\u00e7\u00f5es Humanas, mas Repete Clich\u00ea sobre o Tr\u00e1fico de Drogas como Centro da Vida na Favela [RESENHA]\">[&#8230;]<\/a><!-- AddThis Advanced Settings generic via filter on get_the_excerpt --><!-- AddThis Share Buttons generic via filter on get_the_excerpt --><\/p>\n<\/div>","protected":false},"author":167,"featured_media":62483,"comment_status":"closed","ping_status":"closed","sticky":false,"template":"template-full.php","format":"standard","meta":{"_acf_changed":false,"_monsterinsights_skip_tracking":false,"_monsterinsights_sitenote_active":false,"_monsterinsights_sitenote_note":"","_monsterinsights_sitenote_category":0,"footnotes":""},"categories":[1621,1625,1630,1624,1620],"tags":[259,2343,1368,44,307,3437,1370,35,562,92,52],"writer":[3077],"translator":[],"source":[],"ilustrador":[],"fotografo":[],"class_list":{"0":"post-62480","1":"post","2":"type-post","3":"status-publish","4":"format-standard","5":"has-post-thumbnail","7":"category-destaque","8":"category-por-correspondentes-comunitarios","9":"category-opiniao","10":"category-resenha","11":"category-olhonaupp","12":"tag-centro","13":"tag-economia-informal","14":"tag-filme","15":"tag-prazeres","16":"tag-opiniao","17":"tag-resenha-de-filme","18":"tag-resenha","19":"tag-santa-teresa","20":"tag-trafico-de-drogas","21":"tag-upp","22":"tag-violencia-policial","23":"writer-rafael-lopes"},"acf":[],"yoast_head":"<!-- This site is optimized with the Yoast SEO plugin v25.6 - https:\/\/yoast.com\/wordpress\/plugins\/seo\/ -->\n<title>&#039;Pacificado&#039; D\u00e1 \u00canfase Sens\u00edvel \u00e0s Rela\u00e7\u00f5es Humanas, mas Repete Clich\u00ea sobre o Tr\u00e1fico de Drogas como Centro da Vida na Favela [RESENHA] - RioOnWatch<\/title>\n<meta name=\"robots\" content=\"index, follow, max-snippet:-1, max-image-preview:large, max-video-preview:-1\" \/>\n<link rel=\"canonical\" href=\"https:\/\/rioonwatch.org.br\/?p=62480\" \/>\n<meta property=\"og:locale\" content=\"pt_BR\" \/>\n<meta property=\"og:type\" content=\"article\" \/>\n<meta property=\"og:title\" content=\"&#039;Pacificado&#039; D\u00e1 \u00canfase Sens\u00edvel \u00e0s Rela\u00e7\u00f5es Humanas, mas Repete Clich\u00ea sobre o Tr\u00e1fico de Drogas como Centro da Vida na Favela [RESENHA] - RioOnWatch\" \/>\n<meta property=\"og:description\" content=\"Click Here for English De cara, o filme Pacificado j\u00e1 chama aten\u00e7\u00e3o pelo nome. \u00c9 dif\u00edcil para quem viveu o processo da implanta\u00e7\u00e3o das Unidades de Pol\u00edcia Pacificadora (UPP), a partir de 2008, nas favelas [...]\" \/>\n<meta property=\"og:url\" content=\"https:\/\/rioonwatch.org.br\/?p=62480\" \/>\n<meta property=\"og:site_name\" content=\"RioOnWatch\" \/>\n<meta property=\"article:published_time\" content=\"2022-08-17T13:51:30+00:00\" \/>\n<meta property=\"article:modified_time\" content=\"2024-06-20T20:09:36+00:00\" \/>\n<meta property=\"og:image\" content=\"https:\/\/rioonwatch.org.br\/wp-content\/uploads\/2022\/08\/Cassia-Nascimento-atriz-de-Pacificados-trama-em-que-os-conflitos-humanos-sao-os-protagonistas.-Um-acerto-na-escolha-da-conducao-da-narrativa-gracas-a-parceria-com-Wellington-Magalhas.-Reagent-Media-e1660699088486.jpeg\" \/>\n\t<meta property=\"og:image:width\" content=\"1030\" \/>\n\t<meta property=\"og:image:height\" content=\"579\" \/>\n\t<meta property=\"og:image:type\" content=\"image\/jpeg\" \/>\n<meta name=\"author\" content=\"Julio Santos Filho\" \/>\n<meta name=\"twitter:card\" content=\"summary_large_image\" \/>\n<meta name=\"twitter:label1\" content=\"Escrito por\" \/>\n\t<meta name=\"twitter:data1\" content=\"Julio Santos Filho\" \/>\n\t<meta name=\"twitter:label2\" content=\"Est. tempo de leitura\" \/>\n\t<meta name=\"twitter:data2\" content=\"5 minutos\" \/>\n<script type=\"application\/ld+json\" class=\"yoast-schema-graph\">{\"@context\":\"https:\/\/schema.org\",\"@graph\":[{\"@type\":\"Article\",\"@id\":\"https:\/\/rioonwatch.org.br\/?p=62480#article\",\"isPartOf\":{\"@id\":\"https:\/\/rioonwatch.org.br\/?p=62480\"},\"author\":{\"name\":\"Julio Santos Filho\",\"@id\":\"https:\/\/rioonwatch.org.br\/#\/schema\/person\/476bc75767957d3535b65b796667cd36\"},\"headline\":\"&#8216;Pacificado&#8217; D\u00e1 \u00canfase Sens\u00edvel \u00e0s Rela\u00e7\u00f5es Humanas, mas Repete Clich\u00ea sobre o Tr\u00e1fico de Drogas como Centro da Vida na Favela [RESENHA]\",\"datePublished\":\"2022-08-17T13:51:30+00:00\",\"dateModified\":\"2024-06-20T20:09:36+00:00\",\"mainEntityOfPage\":{\"@id\":\"https:\/\/rioonwatch.org.br\/?p=62480\"},\"wordCount\":805,\"publisher\":{\"@id\":\"https:\/\/rioonwatch.org.br\/#organization\"},\"image\":{\"@id\":\"https:\/\/rioonwatch.org.br\/?p=62480#primaryimage\"},\"thumbnailUrl\":\"https:\/\/rioonwatch.org.br\/wp-content\/uploads\/2022\/08\/Cassia-Nascimento-atriz-de-Pacificados-trama-em-que-os-conflitos-humanos-sao-os-protagonistas.-Um-acerto-na-escolha-da-conducao-da-narrativa-gracas-a-parceria-com-Wellington-Magalhas.-Reagent-Media-e1660699088486.jpeg\",\"keywords\":[\"Centro\",\"economia informal\",\"filme\",\"Morro dos Prazeres\",\"opini\u00e3o\",\"Resenha de filme\",\"Resenhas\",\"Santa Teresa\",\"tr\u00e1fico de drogas\",\"UPP\",\"viol\u00eancia policial\"],\"articleSection\":[\"*Destaque\",\"Escrito por Comunicadores Populares\",\"Opini\u00e3o\",\"Resenhas\",\"Seguran\u00e7a P\u00fablica\"],\"inLanguage\":\"pt-BR\"},{\"@type\":\"WebPage\",\"@id\":\"https:\/\/rioonwatch.org.br\/?p=62480\",\"url\":\"https:\/\/rioonwatch.org.br\/?p=62480\",\"name\":\"'Pacificado' D\u00e1 \u00canfase Sens\u00edvel \u00e0s Rela\u00e7\u00f5es Humanas, mas Repete Clich\u00ea sobre o Tr\u00e1fico de Drogas como Centro da Vida na Favela [RESENHA] - RioOnWatch\",\"isPartOf\":{\"@id\":\"https:\/\/rioonwatch.org.br\/#website\"},\"primaryImageOfPage\":{\"@id\":\"https:\/\/rioonwatch.org.br\/?p=62480#primaryimage\"},\"image\":{\"@id\":\"https:\/\/rioonwatch.org.br\/?p=62480#primaryimage\"},\"thumbnailUrl\":\"https:\/\/rioonwatch.org.br\/wp-content\/uploads\/2022\/08\/Cassia-Nascimento-atriz-de-Pacificados-trama-em-que-os-conflitos-humanos-sao-os-protagonistas.-Um-acerto-na-escolha-da-conducao-da-narrativa-gracas-a-parceria-com-Wellington-Magalhas.-Reagent-Media-e1660699088486.jpeg\",\"datePublished\":\"2022-08-17T13:51:30+00:00\",\"dateModified\":\"2024-06-20T20:09:36+00:00\",\"breadcrumb\":{\"@id\":\"https:\/\/rioonwatch.org.br\/?p=62480#breadcrumb\"},\"inLanguage\":\"pt-BR\",\"potentialAction\":[{\"@type\":\"ReadAction\",\"target\":[\"https:\/\/rioonwatch.org.br\/?p=62480\"]}]},{\"@type\":\"ImageObject\",\"inLanguage\":\"pt-BR\",\"@id\":\"https:\/\/rioonwatch.org.br\/?p=62480#primaryimage\",\"url\":\"https:\/\/rioonwatch.org.br\/wp-content\/uploads\/2022\/08\/Cassia-Nascimento-atriz-de-Pacificados-trama-em-que-os-conflitos-humanos-sao-os-protagonistas.-Um-acerto-na-escolha-da-conducao-da-narrativa-gracas-a-parceria-com-Wellington-Magalhas.-Reagent-Media-e1660699088486.jpeg\",\"contentUrl\":\"https:\/\/rioonwatch.org.br\/wp-content\/uploads\/2022\/08\/Cassia-Nascimento-atriz-de-Pacificados-trama-em-que-os-conflitos-humanos-sao-os-protagonistas.-Um-acerto-na-escolha-da-conducao-da-narrativa-gracas-a-parceria-com-Wellington-Magalhas.-Reagent-Media-e1660699088486.jpeg\",\"width\":1030,\"height\":579,\"caption\":\"Cassia Nascimento, atriz de Pacificados, trama em que os conflitos humanos s\u00e3o os protagonistas. Um acerto na escolha da condu\u00e7\u00e3o da narrativa gra\u00e7as \u00e0 parceria com Wellington Magalh\u00e3es. Reprodu\u00e7\u00e3o Reagent Media\"},{\"@type\":\"BreadcrumbList\",\"@id\":\"https:\/\/rioonwatch.org.br\/?p=62480#breadcrumb\",\"itemListElement\":[{\"@type\":\"ListItem\",\"position\":1,\"name\":\"In\u00edcio\",\"item\":\"https:\/\/rioonwatch.org.br\/\"},{\"@type\":\"ListItem\",\"position\":2,\"name\":\"&#8216;Pacificado&#8217; D\u00e1 \u00canfase Sens\u00edvel \u00e0s Rela\u00e7\u00f5es Humanas, mas Repete Clich\u00ea sobre o Tr\u00e1fico de Drogas como Centro da Vida na Favela [RESENHA]\"}]},{\"@type\":\"WebSite\",\"@id\":\"https:\/\/rioonwatch.org.br\/#website\",\"url\":\"https:\/\/rioonwatch.org.br\/\",\"name\":\"RioOnWatch\",\"description\":\"relatos das favelas cariocas\",\"publisher\":{\"@id\":\"https:\/\/rioonwatch.org.br\/#organization\"},\"potentialAction\":[{\"@type\":\"SearchAction\",\"target\":{\"@type\":\"EntryPoint\",\"urlTemplate\":\"https:\/\/rioonwatch.org.br\/?s={search_term_string}\"},\"query-input\":{\"@type\":\"PropertyValueSpecification\",\"valueRequired\":true,\"valueName\":\"search_term_string\"}}],\"inLanguage\":\"pt-BR\"},{\"@type\":\"Organization\",\"@id\":\"https:\/\/rioonwatch.org.br\/#organization\",\"name\":\"RioOnWatch\",\"url\":\"https:\/\/rioonwatch.org.br\/\",\"logo\":{\"@type\":\"ImageObject\",\"inLanguage\":\"pt-BR\",\"@id\":\"https:\/\/rioonwatch.org.br\/#\/schema\/logo\/image\/\",\"url\":\"https:\/\/rioonwatch.org.br\/wp-content\/uploads\/2021\/06\/RioOnWatchcabecalhoPT11anos-2.png\",\"contentUrl\":\"https:\/\/rioonwatch.org.br\/wp-content\/uploads\/2021\/06\/RioOnWatchcabecalhoPT11anos-2.png\",\"width\":779,\"height\":277,\"caption\":\"RioOnWatch\"},\"image\":{\"@id\":\"https:\/\/rioonwatch.org.br\/#\/schema\/logo\/image\/\"}},{\"@type\":\"Person\",\"@id\":\"https:\/\/rioonwatch.org.br\/#\/schema\/person\/476bc75767957d3535b65b796667cd36\",\"name\":\"Julio Santos Filho\",\"image\":{\"@type\":\"ImageObject\",\"inLanguage\":\"pt-BR\",\"@id\":\"https:\/\/rioonwatch.org.br\/#\/schema\/person\/image\/\",\"url\":\"https:\/\/secure.gravatar.com\/avatar\/ca138f7666182a292a8ce4ca14fb81f8?s=96&d=blank&r=g\",\"contentUrl\":\"https:\/\/secure.gravatar.com\/avatar\/ca138f7666182a292a8ce4ca14fb81f8?s=96&d=blank&r=g\",\"caption\":\"Julio Santos Filho\"},\"url\":\"https:\/\/rioonwatch.org.br\/?author=167\"}]}<\/script>\n<!-- \/ Yoast SEO plugin. -->","yoast_head_json":{"title":"'Pacificado' D\u00e1 \u00canfase Sens\u00edvel \u00e0s Rela\u00e7\u00f5es Humanas, mas Repete Clich\u00ea sobre o Tr\u00e1fico de Drogas como Centro da Vida na Favela [RESENHA] - RioOnWatch","robots":{"index":"index","follow":"follow","max-snippet":"max-snippet:-1","max-image-preview":"max-image-preview:large","max-video-preview":"max-video-preview:-1"},"canonical":"https:\/\/rioonwatch.org.br\/?p=62480","og_locale":"pt_BR","og_type":"article","og_title":"'Pacificado' D\u00e1 \u00canfase Sens\u00edvel \u00e0s Rela\u00e7\u00f5es Humanas, mas Repete Clich\u00ea sobre o Tr\u00e1fico de Drogas como Centro da Vida na Favela [RESENHA] - RioOnWatch","og_description":"Click Here for English De cara, o filme Pacificado j\u00e1 chama aten\u00e7\u00e3o pelo nome. \u00c9 dif\u00edcil para quem viveu o processo da implanta\u00e7\u00e3o das Unidades de Pol\u00edcia Pacificadora (UPP), a partir de 2008, nas favelas [...]","og_url":"https:\/\/rioonwatch.org.br\/?p=62480","og_site_name":"RioOnWatch","article_published_time":"2022-08-17T13:51:30+00:00","article_modified_time":"2024-06-20T20:09:36+00:00","og_image":[{"width":1030,"height":579,"url":"https:\/\/rioonwatch.org.br\/wp-content\/uploads\/2022\/08\/Cassia-Nascimento-atriz-de-Pacificados-trama-em-que-os-conflitos-humanos-sao-os-protagonistas.-Um-acerto-na-escolha-da-conducao-da-narrativa-gracas-a-parceria-com-Wellington-Magalhas.-Reagent-Media-e1660699088486.jpeg","type":"image\/jpeg"}],"author":"Julio Santos Filho","twitter_card":"summary_large_image","twitter_misc":{"Escrito por":"Julio Santos Filho","Est. tempo de leitura":"5 minutos"},"schema":{"@context":"https:\/\/schema.org","@graph":[{"@type":"Article","@id":"https:\/\/rioonwatch.org.br\/?p=62480#article","isPartOf":{"@id":"https:\/\/rioonwatch.org.br\/?p=62480"},"author":{"name":"Julio Santos Filho","@id":"https:\/\/rioonwatch.org.br\/#\/schema\/person\/476bc75767957d3535b65b796667cd36"},"headline":"&#8216;Pacificado&#8217; D\u00e1 \u00canfase Sens\u00edvel \u00e0s Rela\u00e7\u00f5es Humanas, mas Repete Clich\u00ea sobre o Tr\u00e1fico de Drogas como Centro da Vida na Favela [RESENHA]","datePublished":"2022-08-17T13:51:30+00:00","dateModified":"2024-06-20T20:09:36+00:00","mainEntityOfPage":{"@id":"https:\/\/rioonwatch.org.br\/?p=62480"},"wordCount":805,"publisher":{"@id":"https:\/\/rioonwatch.org.br\/#organization"},"image":{"@id":"https:\/\/rioonwatch.org.br\/?p=62480#primaryimage"},"thumbnailUrl":"https:\/\/rioonwatch.org.br\/wp-content\/uploads\/2022\/08\/Cassia-Nascimento-atriz-de-Pacificados-trama-em-que-os-conflitos-humanos-sao-os-protagonistas.-Um-acerto-na-escolha-da-conducao-da-narrativa-gracas-a-parceria-com-Wellington-Magalhas.-Reagent-Media-e1660699088486.jpeg","keywords":["Centro","economia informal","filme","Morro dos Prazeres","opini\u00e3o","Resenha de filme","Resenhas","Santa Teresa","tr\u00e1fico de drogas","UPP","viol\u00eancia policial"],"articleSection":["*Destaque","Escrito por Comunicadores Populares","Opini\u00e3o","Resenhas","Seguran\u00e7a P\u00fablica"],"inLanguage":"pt-BR"},{"@type":"WebPage","@id":"https:\/\/rioonwatch.org.br\/?p=62480","url":"https:\/\/rioonwatch.org.br\/?p=62480","name":"'Pacificado' D\u00e1 \u00canfase Sens\u00edvel \u00e0s Rela\u00e7\u00f5es Humanas, mas Repete Clich\u00ea sobre o Tr\u00e1fico de Drogas como Centro da Vida na Favela [RESENHA] - RioOnWatch","isPartOf":{"@id":"https:\/\/rioonwatch.org.br\/#website"},"primaryImageOfPage":{"@id":"https:\/\/rioonwatch.org.br\/?p=62480#primaryimage"},"image":{"@id":"https:\/\/rioonwatch.org.br\/?p=62480#primaryimage"},"thumbnailUrl":"https:\/\/rioonwatch.org.br\/wp-content\/uploads\/2022\/08\/Cassia-Nascimento-atriz-de-Pacificados-trama-em-que-os-conflitos-humanos-sao-os-protagonistas.-Um-acerto-na-escolha-da-conducao-da-narrativa-gracas-a-parceria-com-Wellington-Magalhas.-Reagent-Media-e1660699088486.jpeg","datePublished":"2022-08-17T13:51:30+00:00","dateModified":"2024-06-20T20:09:36+00:00","breadcrumb":{"@id":"https:\/\/rioonwatch.org.br\/?p=62480#breadcrumb"},"inLanguage":"pt-BR","potentialAction":[{"@type":"ReadAction","target":["https:\/\/rioonwatch.org.br\/?p=62480"]}]},{"@type":"ImageObject","inLanguage":"pt-BR","@id":"https:\/\/rioonwatch.org.br\/?p=62480#primaryimage","url":"https:\/\/rioonwatch.org.br\/wp-content\/uploads\/2022\/08\/Cassia-Nascimento-atriz-de-Pacificados-trama-em-que-os-conflitos-humanos-sao-os-protagonistas.-Um-acerto-na-escolha-da-conducao-da-narrativa-gracas-a-parceria-com-Wellington-Magalhas.-Reagent-Media-e1660699088486.jpeg","contentUrl":"https:\/\/rioonwatch.org.br\/wp-content\/uploads\/2022\/08\/Cassia-Nascimento-atriz-de-Pacificados-trama-em-que-os-conflitos-humanos-sao-os-protagonistas.-Um-acerto-na-escolha-da-conducao-da-narrativa-gracas-a-parceria-com-Wellington-Magalhas.-Reagent-Media-e1660699088486.jpeg","width":1030,"height":579,"caption":"Cassia Nascimento, atriz de Pacificados, trama em que os conflitos humanos s\u00e3o os protagonistas. Um acerto na escolha da condu\u00e7\u00e3o da narrativa gra\u00e7as \u00e0 parceria com Wellington Magalh\u00e3es. Reprodu\u00e7\u00e3o Reagent Media"},{"@type":"BreadcrumbList","@id":"https:\/\/rioonwatch.org.br\/?p=62480#breadcrumb","itemListElement":[{"@type":"ListItem","position":1,"name":"In\u00edcio","item":"https:\/\/rioonwatch.org.br\/"},{"@type":"ListItem","position":2,"name":"&#8216;Pacificado&#8217; D\u00e1 \u00canfase Sens\u00edvel \u00e0s Rela\u00e7\u00f5es Humanas, mas Repete Clich\u00ea sobre o Tr\u00e1fico de Drogas como Centro da Vida na Favela [RESENHA]"}]},{"@type":"WebSite","@id":"https:\/\/rioonwatch.org.br\/#website","url":"https:\/\/rioonwatch.org.br\/","name":"RioOnWatch","description":"relatos das favelas cariocas","publisher":{"@id":"https:\/\/rioonwatch.org.br\/#organization"},"potentialAction":[{"@type":"SearchAction","target":{"@type":"EntryPoint","urlTemplate":"https:\/\/rioonwatch.org.br\/?s={search_term_string}"},"query-input":{"@type":"PropertyValueSpecification","valueRequired":true,"valueName":"search_term_string"}}],"inLanguage":"pt-BR"},{"@type":"Organization","@id":"https:\/\/rioonwatch.org.br\/#organization","name":"RioOnWatch","url":"https:\/\/rioonwatch.org.br\/","logo":{"@type":"ImageObject","inLanguage":"pt-BR","@id":"https:\/\/rioonwatch.org.br\/#\/schema\/logo\/image\/","url":"https:\/\/rioonwatch.org.br\/wp-content\/uploads\/2021\/06\/RioOnWatchcabecalhoPT11anos-2.png","contentUrl":"https:\/\/rioonwatch.org.br\/wp-content\/uploads\/2021\/06\/RioOnWatchcabecalhoPT11anos-2.png","width":779,"height":277,"caption":"RioOnWatch"},"image":{"@id":"https:\/\/rioonwatch.org.br\/#\/schema\/logo\/image\/"}},{"@type":"Person","@id":"https:\/\/rioonwatch.org.br\/#\/schema\/person\/476bc75767957d3535b65b796667cd36","name":"Julio Santos Filho","image":{"@type":"ImageObject","inLanguage":"pt-BR","@id":"https:\/\/rioonwatch.org.br\/#\/schema\/person\/image\/","url":"https:\/\/secure.gravatar.com\/avatar\/ca138f7666182a292a8ce4ca14fb81f8?s=96&d=blank&r=g","contentUrl":"https:\/\/secure.gravatar.com\/avatar\/ca138f7666182a292a8ce4ca14fb81f8?s=96&d=blank&r=g","caption":"Julio Santos Filho"},"url":"https:\/\/rioonwatch.org.br\/?author=167"}]}},"_links":{"self":[{"href":"https:\/\/rioonwatch.org.br\/index.php?rest_route=\/wp\/v2\/posts\/62480"}],"collection":[{"href":"https:\/\/rioonwatch.org.br\/index.php?rest_route=\/wp\/v2\/posts"}],"about":[{"href":"https:\/\/rioonwatch.org.br\/index.php?rest_route=\/wp\/v2\/types\/post"}],"author":[{"embeddable":true,"href":"https:\/\/rioonwatch.org.br\/index.php?rest_route=\/wp\/v2\/users\/167"}],"replies":[{"embeddable":true,"href":"https:\/\/rioonwatch.org.br\/index.php?rest_route=%2Fwp%2Fv2%2Fcomments&post=62480"}],"version-history":[{"count":19,"href":"https:\/\/rioonwatch.org.br\/index.php?rest_route=\/wp\/v2\/posts\/62480\/revisions"}],"predecessor-version":[{"id":74389,"href":"https:\/\/rioonwatch.org.br\/index.php?rest_route=\/wp\/v2\/posts\/62480\/revisions\/74389"}],"wp:featuredmedia":[{"embeddable":true,"href":"https:\/\/rioonwatch.org.br\/index.php?rest_route=\/wp\/v2\/media\/62483"}],"wp:attachment":[{"href":"https:\/\/rioonwatch.org.br\/index.php?rest_route=%2Fwp%2Fv2%2Fmedia&parent=62480"}],"wp:term":[{"taxonomy":"category","embeddable":true,"href":"https:\/\/rioonwatch.org.br\/index.php?rest_route=%2Fwp%2Fv2%2Fcategories&post=62480"},{"taxonomy":"post_tag","embeddable":true,"href":"https:\/\/rioonwatch.org.br\/index.php?rest_route=%2Fwp%2Fv2%2Ftags&post=62480"},{"taxonomy":"writer","embeddable":true,"href":"https:\/\/rioonwatch.org.br\/index.php?rest_route=%2Fwp%2Fv2%2Fwriter&post=62480"},{"taxonomy":"translator","embeddable":true,"href":"https:\/\/rioonwatch.org.br\/index.php?rest_route=%2Fwp%2Fv2%2Ftranslator&post=62480"},{"taxonomy":"source","embeddable":true,"href":"https:\/\/rioonwatch.org.br\/index.php?rest_route=%2Fwp%2Fv2%2Fsource&post=62480"},{"taxonomy":"ilustrador","embeddable":true,"href":"https:\/\/rioonwatch.org.br\/index.php?rest_route=%2Fwp%2Fv2%2Filustrador&post=62480"},{"taxonomy":"fotografo","embeddable":true,"href":"https:\/\/rioonwatch.org.br\/index.php?rest_route=%2Fwp%2Fv2%2Ffotografo&post=62480"}],"curies":[{"name":"wp","href":"https:\/\/api.w.org\/{rel}","templated":true}]}}