{"id":62546,"date":"2022-09-12T09:49:30","date_gmt":"2022-09-12T12:49:30","guid":{"rendered":"https:\/\/rioonwatch.org.br\/?p=62546"},"modified":"2023-07-25T00:56:45","modified_gmt":"2023-07-25T03:56:45","slug":"um-novo-massacre-do-pinheirinho-pode-ocorrer-em-sao-jose-dos-campos-a-comunidade-do-banhado-sob-ameaca-de-remocao","status":"publish","type":"post","link":"https:\/\/rioonwatch.org.br\/?p=62546","title":{"rendered":"Um Novo Massacre do Pinheirinho Pode Ocorrer em S\u00e3o Jos\u00e9 dos Campos: A Comunidade do Banhado sob Amea\u00e7a de Remo\u00e7\u00e3o"},"content":{"rendered":"<h4 style=\"text-align: right;\"><a href=\"https:\/\/bit.ly\/3DeBq7L\" target=\"_blank\" rel=\"noopener\"><em><strong>Click Here for English<img decoding=\"async\" class=\"alignright wp-image-15790\" src=\"https:\/\/rioonwatch.org.br\/wp-content\/uploads\/2012\/08\/EN-standard-e1439583104716.jpg\" alt=\"\" width=\"20\" height=\"20\" \/><\/strong><\/em><\/a><\/h4>\n<h4>Desde o \u00faltimo dia 7 de julho, a comunidade do Banhado se encontra sitiada pelas for\u00e7as da Pol\u00edcia Militar e da Guarda Civil Municipal. Abordagens truculentas, carros multados, invas\u00e3o de domic\u00edlios, fechamento de estabelecimentos e cadastro de moradores para o aluguel social s\u00e3o algumas das viola\u00e7\u00f5es relatadas pelos moradores.<\/h4>\n<blockquote><p>\u201cN\u00f3s somos moradores do Banhado j\u00e1 h\u00e1 cem anos. Somos descendentes de \u00edndios e quilombolas. E ultimamente n\u00f3s estamos sofrendo ataques do munic\u00edpio, mas propriamente da prefeitura, sobre n\u00f3s. E violando v\u00e1rios direitos, violando a lei, porque est\u00e1 judicializado e n\u00f3s estamos ganhando na justi\u00e7a, e a prefeitura n\u00e3o tendo sa\u00edda est\u00e1 atacando \u00e0 lei para chegar ao objetivo dela.&#8221; \u2014 Jos\u00e9 Donizetti de Paula, morador do Banhado<\/p><\/blockquote>\n<p>Em novembro de 2021, a comunidade do Banhado, na cidade de S\u00e3o Jos\u00e9 dos Campos, interior do estado de S\u00e3o Paulo, foi objeto de um pedido de desocupa\u00e7\u00e3o total impetrado na Justi\u00e7a pela prefeitura. O pedido de desocupa\u00e7\u00e3o \u00e9 fruto de uma batalha judicial entre a comunidade e municipalidade que tramita desde 2018.<\/p>\n<p>O conflito entre a municipalidade e a comunidade piorou a partir do \u00faltimo dia 7 julho, quando um grande efetivo policial, acompanhado da guarda civil municipal, adentrou a comunidade fortemente armado: viaturas, motos, helic\u00f3pteros, em uma demonstra\u00e7\u00e3o de for\u00e7a b\u00e9lica. Desde ent\u00e3o, bases policiais foram instaladas na comunidade de forma permanente. Os moradores relataram casos de intimida\u00e7\u00e3o e abusos de autoridade.<\/p>\n<figure id=\"attachment_62638\" aria-describedby=\"caption-attachment-62638\" style=\"width: 500px\" class=\"wp-caption alignright\"><a href=\"https:\/\/rioonwatch.org.br\/wp-content\/uploads\/2022\/08\/Rua-principal-da-Comunidade-do-Banhado-totalmente-cercada-por-viaturas-policiais..jpeg\"><img fetchpriority=\"high\" decoding=\"async\" class=\"wp-image-62638\" title=\"Rua principal da comunidade do Banhado totalmente cercada por viaturas policiais.\" src=\"https:\/\/rioonwatch.org.br\/wp-content\/uploads\/2022\/08\/Rua-principal-da-Comunidade-do-Banhado-totalmente-cercada-por-viaturas-policiais..jpeg\" alt=\"Rua principal da comunidade do Banhado totalmente cercada por viaturas policiais.\" width=\"500\" height=\"213\" srcset=\"https:\/\/rioonwatch.org.br\/wp-content\/uploads\/2022\/08\/Rua-principal-da-Comunidade-do-Banhado-totalmente-cercada-por-viaturas-policiais..jpeg 1030w, https:\/\/rioonwatch.org.br\/wp-content\/uploads\/2022\/08\/Rua-principal-da-Comunidade-do-Banhado-totalmente-cercada-por-viaturas-policiais.-620x264.jpeg 620w\" sizes=\"(max-width: 500px) 100vw, 500px\" \/><\/a><figcaption id=\"caption-attachment-62638\" class=\"wp-caption-text\">Rua principal da comunidade do Banhado totalmente cercada por viaturas policiais.<\/figcaption><\/figure>\n<p>A favela do Banhado, tamb\u00e9m conhecida como Jardim Nova Esperan\u00e7a, \u00e9 uma comunidade centen\u00e1ria, com conflitos fundi\u00e1rios que datam desde, pelo menos, a d\u00e9cada de 1930. A comunidade luta pelo direito \u00e0 perman\u00eancia diante de dois grandes projetos da municipalidade\u2014a constru\u00e7\u00e3o de uma via expressa e a transforma\u00e7\u00e3o da \u00e1rea em parque natural.<\/p>\n<p>Em suma, as interven\u00e7\u00f5es f\u00edsicas na \u00e1rea do Banhado integram um projeto da municipalidade que independe de governos. A municipalidade deseja transformar a paisagem, ao passo que a comunidade \u00e9 guardi\u00e3 do local em que vive.<\/p>\n<h3>A Paisagem se Revela: O Territ\u00f3rio de Vida<\/h3>\n<p>A comunidade do Banhado foi a primeira favela de S\u00e3o Jos\u00e9 dos Campos. Atualmente, est\u00e1 registrada oficialmente como Jardim Nova Esperan\u00e7a, mas houve diversas denomina\u00e7\u00f5es ao longo de sua hist\u00f3ria. De acordo com a literatura, ela foi fundada em 1931, seguida da Favela Linha Velha, em 1932.<\/p>\n<figure id=\"attachment_62639\" aria-describedby=\"caption-attachment-62639\" style=\"width: 500px\" class=\"wp-caption alignright\"><a href=\"https:\/\/rioonwatch.org.br\/wp-content\/uploads\/2022\/08\/Plantacoes-Medicinais-na-Comunidade-do-Banhado.-Foto-Douglas-Almeida.jpeg\"><img decoding=\"async\" class=\"wp-image-62639\" title=\"Planta\u00e7\u00f5es medicinais na comunidade do Banhado. Foto: Douglas Almeida\" src=\"https:\/\/rioonwatch.org.br\/wp-content\/uploads\/2022\/08\/Plantacoes-Medicinais-na-Comunidade-do-Banhado.-Foto-Douglas-Almeida.jpeg\" alt=\"Planta\u00e7\u00f5es medicinais na comunidade do Banhado. Foto: Douglas Almeida\" width=\"500\" height=\"333\" \/><\/a><figcaption id=\"caption-attachment-62639\" class=\"wp-caption-text\">Planta\u00e7\u00f5es medicinais na comunidade do Banhado. Foto: Douglas Almeida<\/figcaption><\/figure>\n<p>No entanto, entrevistas junto \u00e0 comunidade revelam saberes desconsiderados, que indicam as origens ancestrais da ocupa\u00e7\u00e3o. De acordo com as narrativas dos moradores mais antigos, o Banhado come\u00e7a com fam\u00edlias remanescentes de <a href=\"https:\/\/bit.ly\/34mhrnh\" target=\"_blank\" rel=\"noopener\">quilombos<\/a> e aldeias ind\u00edgenas, provavelmente antes mesmo do per\u00edodo comumente aceito pela literatura. Na d\u00e9cada de 1930, a regi\u00e3o recebeu fam\u00edlias de imigrantes, como os japoneses, espanh\u00f3is, italianos e portugueses.<\/p>\n<blockquote><p>\u201cN\u00f3s estamos dentro duma cidade&#8230; certo?&#8230; [Mas aqui no] Banhado voc\u00ea acha hortali\u00e7as, criadores de peixe,&#8230; criadores de gado, criadores de porcos&#8230; E essa mata que n\u00f3s temos&#8230; e essas vertentes que n\u00f3s temos&#8230; se eu quiser comer uma ab\u00f3bora agora, eu vou ali no meu quintal e apanho&#8230; Meu amigo que come uma banana? Vai ali no quintal tem um cacho de banana dentro de casa. Quer comer, tomar um leite tirado na hora? Vai ali no Alem\u00e3o, ali tem o leite tirado na hora. No pai do Renato. Ent\u00e3o, \u00e9 uma ro\u00e7a na cidade!&#8221; \u2014 David Morais, morador do Banhado<\/p><\/blockquote>\n<p>Segundo os moradores mais antigos, Banhado era conhecida como Chap\u00e9u Velho, denomina\u00e7\u00e3o popular que descrevia as caracter\u00edsticas f\u00edsicas do territ\u00f3rio. A favela est\u00e1 no fundo de um vale, cont\u00edgua e ao mesmo tempo separada do centro urbano de S\u00e3o Jos\u00e9 dos Campos, em um trecho de v\u00e1rzea do <a href=\"http:\/\/glo.bo\/3R3Ywmn\" target=\"_blank\" rel=\"noopener\">Rio do Para\u00edba do Sul de S\u00e3o Jos\u00e9 dos Campos<\/a>, uma paisagem singular que se deve \u00e0 sua conforma\u00e7\u00e3o semicircular, semelhante \u00e0 uma baia rasa. Os pesquisadores regionais Ademir Morelli e Ademir Pereira dos Santos a definem a partir de tr\u00eas dimens\u00f5es: a v\u00e1rzea, o rio e a encosta semicircular.<\/p>\n<blockquote><p>\u201c\u00c9 uma terra aben\u00e7oada por Deus. Entendeu? Por isso que a gente gosta. Eu amo o Banhado. Eu amo o Banhado. N\u00e3o \u00e9 que eu gosto, eu amo o Banhado.\u201d \u2014 Kardec Gonzaga, morador do Banhado<\/p><\/blockquote>\n<p>No plat\u00f4 que margeia o Banhado, S\u00e3o Jos\u00e9 dos Campos nasceu como aldeia (1680) e assim permaneceu pequena e modesta, at\u00e9 ser elevada \u00e0 condi\u00e7\u00e3o de vila (1767) e de cidade (1864). Por sua vez, o Banhado permaneceu alheio \u00e0 vida urbana, quase sempre caracterizado como um vazio urbano. At\u00e9 a segunda metade do s\u00e9culo XX, Banhado era uma plan\u00edcie alag\u00e1vel. A partir de 1912, com a constru\u00e7\u00e3o do ramal ferrovi\u00e1rio, a plan\u00edcie foi sendo ocupada gradativamente por planta\u00e7\u00f5es de arroz. Com a cria\u00e7\u00e3o dos canais de drenagem para rizicultura, a paisagem do Banhado obedecia o ritmo sazonal das cheias do Rio Para\u00edba do Sul.<\/p>\n<p>Neste espa\u00e7o, as narrativas dos moradores revelaram o \u201cBanhado de antigamente\u201d, cujo espa\u00e7o e tempo eram marcados pelo ciclo sazonal das cheias do Rio Para\u00edba do Sul. Os moradores revelaram o espa\u00e7o vivido, permeado pela presen\u00e7a do sobrenatural, das lendas e dos causos. O Banhado vivido \u00e9 representado como \u201cuma ro\u00e7a na cidade\u201d, um misto de rural e urbano.<\/p>\n<blockquote><p>\u201cEssas \u00e1rvores, foi tudo plantado pelos nossos av\u00f3s, nossos pais.\u201d \u2014 Jos\u00e9 Donizetti de Paula, morador do Banhado<\/p><\/blockquote>\n<h3>Os Projetos Hist\u00f3ricos de Transforma\u00e7\u00e3o da Paisagem do Banhado<\/h3>\n<figure id=\"attachment_62640\" aria-describedby=\"caption-attachment-62640\" style=\"width: 1030px\" class=\"wp-caption aligncenter\"><a href=\"https:\/\/rioonwatch.org.br\/wp-content\/uploads\/2022\/08\/A-fotografia-reune-quadro-geracoes-de-moradores-convivendo-no-Banhado.-Ao-centro-esta-a-matricarca-Maria-Rosa-do-Espirito-Santo.-Foto-Comissao-de-Moradores-do-Banhado-2018..jpg\"><img loading=\"lazy\" decoding=\"async\" class=\"wp-image-62640\" title=\"A fotografia re\u00fane quatro gera\u00e7\u00f5es de moradores convivendo no Banhado. Ao centro est\u00e1 a matriarca Maria Rosa do Esp\u00edrito Santo. Foto: Comiss\u00e3o de Moradores do Banhado, 2018.\" src=\"https:\/\/rioonwatch.org.br\/wp-content\/uploads\/2022\/08\/A-fotografia-reune-quadro-geracoes-de-moradores-convivendo-no-Banhado.-Ao-centro-esta-a-matricarca-Maria-Rosa-do-Espirito-Santo.-Foto-Comissao-de-Moradores-do-Banhado-2018..jpg\" alt=\"A fotografia re\u00fane quatro gera\u00e7\u00f5es de moradores convivendo no Banhado. Ao centro est\u00e1 a matriarca Maria Rosa do Esp\u00edrito Santo. Foto: Comiss\u00e3o de Moradores do Banhado, 2018.\" width=\"1030\" height=\"816\" srcset=\"https:\/\/rioonwatch.org.br\/wp-content\/uploads\/2022\/08\/A-fotografia-reune-quadro-geracoes-de-moradores-convivendo-no-Banhado.-Ao-centro-esta-a-matricarca-Maria-Rosa-do-Espirito-Santo.-Foto-Comissao-de-Moradores-do-Banhado-2018..jpg 1210w, https:\/\/rioonwatch.org.br\/wp-content\/uploads\/2022\/08\/A-fotografia-reune-quadro-geracoes-de-moradores-convivendo-no-Banhado.-Ao-centro-esta-a-matricarca-Maria-Rosa-do-Espirito-Santo.-Foto-Comissao-de-Moradores-do-Banhado-2018.-620x491.jpg 620w, https:\/\/rioonwatch.org.br\/wp-content\/uploads\/2022\/08\/A-fotografia-reune-quadro-geracoes-de-moradores-convivendo-no-Banhado.-Ao-centro-esta-a-matricarca-Maria-Rosa-do-Espirito-Santo.-Foto-Comissao-de-Moradores-do-Banhado-2018.-794x629.jpg 794w\" sizes=\"(max-width: 1030px) 100vw, 1030px\" \/><\/a><figcaption id=\"caption-attachment-62640\" class=\"wp-caption-text\">A fotografia re\u00fane quatro gera\u00e7\u00f5es de moradores convivendo no Banhado. Ao centro est\u00e1 a matriarca Maria Rosa do Esp\u00edrito Santo. Foto: Comiss\u00e3o de Moradores do Banhado, 2018.<\/figcaption><\/figure>\n<p>De Est\u00e2ncia Climat\u00e9rica, institu\u00edda por decreto em 1935, a cidade se tornaria uma \u00e1rea de seguran\u00e7a nacional. Por sua posi\u00e7\u00e3o estrat\u00e9gica, abrigaria o <a href=\"https:\/\/bit.ly\/3pNKx8p\" target=\"_blank\" rel=\"noopener\">Centro T\u00e9cnico de Aeron\u00e1utica (CTA)<\/a>, que foi inaugurado em 1950. Al\u00e9m disso, a rec\u00e9m inaugurada Rodovia Presidente Dutra se tornaria catalisadora de neg\u00f3cios que se instalaram ao longo da rodovia.<\/p>\n<p>Neste contexto, o Banhado passou a ser visualizado de forma diferente pela cidade, n\u00e3o mais desprezado como um vazio urbano. A primeira interven\u00e7\u00e3o p\u00fablica ocorreu no <a href=\"https:\/\/bit.ly\/2WFcd0V\" target=\"_blank\" rel=\"noopener\">Estado Novo<\/a>, com a abertura da avenida que margeia o Banhado em 1939, obra executada por um Ato Administrativo do Interventor Estadual (governador de S\u00e3o Paulo apontado por Get\u00falio Vargas), o Engenheiro Francisco Jos\u00e9 Longo.<\/p>\n<figure id=\"attachment_62641\" aria-describedby=\"caption-attachment-62641\" style=\"width: 500px\" class=\"wp-caption alignright\"><a href=\"https:\/\/rioonwatch.org.br\/wp-content\/uploads\/2022\/08\/Abertura-da-Avenida-Sao-Jose-e-contemplatacao-do-Banhado-1939.-Foto-Silva-Vianna-Zanetti-2017.jpg\"><img loading=\"lazy\" decoding=\"async\" class=\"wp-image-62641\" title=\"Abertura da Avenida S\u00e3o Jos\u00e9 e contempla\u00e7\u00e3o do Banhado, 1939. Foto: Silva, Vianna, Zanetti, 2017\" src=\"https:\/\/rioonwatch.org.br\/wp-content\/uploads\/2022\/08\/Abertura-da-Avenida-Sao-Jose-e-contemplatacao-do-Banhado-1939.-Foto-Silva-Vianna-Zanetti-2017.jpg\" alt=\"Abertura da Avenida S\u00e3o Jos\u00e9 e contempla\u00e7\u00e3o do Banhado, 1939. Foto: Silva, Vianna, Zanetti, 2017\" width=\"500\" height=\"322\" \/><\/a><figcaption id=\"caption-attachment-62641\" class=\"wp-caption-text\">Abertura da Avenida S\u00e3o Jos\u00e9 e contempla\u00e7\u00e3o do Banhado, 1939. Foto: Silva, Vianna, Zanetti, 2017<\/figcaption><\/figure>\n<p>Durante o \u201c<a href=\"https:\/\/bbc.in\/2EpC6t1\" target=\"_blank\" rel=\"noopener\">milagre econ\u00f4mico<\/a>\u201d da ditadura, negocia\u00e7\u00f5es com o grupo norte-americano Disney World, foram feitas para elaborar a proposta do <a href=\"https:\/\/bit.ly\/3PVcupO\" target=\"_blank\" rel=\"noopener\">Parque Regional do Banhado<\/a>. A proposta materializaria em elementos buc\u00f3licos para representar o Banhado: o mar, a praia, o p\u00f4r-do-sol e a Serra da Mantiqueira em um parque tem\u00e1tico, composto por lagos, \u00e1reas verdes e condom\u00ednios fechados. Seria tamb\u00e9m constru\u00edda uma esta\u00e7\u00e3o de um monotrilho elevado, que se estenderia at\u00e9 a Grande S\u00e3o Paulo.<\/p>\n<p>No entanto, esses eram projetos invi\u00e1veis economicamente, mas que contribu\u00edram para estudos posteriores. Em 1981, o <a href=\"https:\/\/bit.ly\/3cjhkiD\" target=\"_blank\" rel=\"noopener\">Cons\u00f3rcio Nacional de Engenheiros Consultores S.A. (CNEC)<\/a> foi contratado para desenvolver uma nova proposta. O estudo denominado \u00c1rea Recreacional do Banhado adaptava o projeto do parque tem\u00e1tico em menores propor\u00e7\u00f5es, desta vez, com planos para um metr\u00f4 de superf\u00edcie, o que, da mesma forma, nunca se concretizou.<\/p>\n<figure id=\"attachment_62642\" aria-describedby=\"caption-attachment-62642\" style=\"width: 1030px\" class=\"wp-caption aligncenter\"><a href=\"https:\/\/rioonwatch.org.br\/wp-content\/uploads\/2022\/08\/Mini-zoo-do-projeto-da-Area-Recreacional-do-Banhado.-Foto-Silva-2020.jpg\"><img loading=\"lazy\" decoding=\"async\" class=\"wp-image-62642\" title=\"Mini-zoo do projeto da \u00c1rea Recreacional do Banhado. Foto: Silva 2020\" src=\"https:\/\/rioonwatch.org.br\/wp-content\/uploads\/2022\/08\/Mini-zoo-do-projeto-da-Area-Recreacional-do-Banhado.-Foto-Silva-2020.jpg\" alt=\"Mini-zoo do projeto da \u00c1rea Recreacional do Banhado. Foto: Silva 2020\" width=\"1030\" height=\"705\" srcset=\"https:\/\/rioonwatch.org.br\/wp-content\/uploads\/2022\/08\/Mini-zoo-do-projeto-da-Area-Recreacional-do-Banhado.-Foto-Silva-2020.jpg 1206w, https:\/\/rioonwatch.org.br\/wp-content\/uploads\/2022\/08\/Mini-zoo-do-projeto-da-Area-Recreacional-do-Banhado.-Foto-Silva-2020-620x424.jpg 620w, https:\/\/rioonwatch.org.br\/wp-content\/uploads\/2022\/08\/Mini-zoo-do-projeto-da-Area-Recreacional-do-Banhado.-Foto-Silva-2020-919x629.jpg 919w\" sizes=\"(max-width: 1030px) 100vw, 1030px\" \/><\/a><figcaption id=\"caption-attachment-62642\" class=\"wp-caption-text\">Mini-zoo do projeto da \u00c1rea Recreacional do Banhado. Foto: Silva 2020<\/figcaption><\/figure>\n<p>Entre 1991 e 1992, em um per\u00edodo democr\u00e1tico e com os debates ambientais da <a href=\"https:\/\/bit.ly\/3MqqSnW\" target=\"_blank\" rel=\"noopener\">Eco-92<\/a>, uma nova proposta foi elaborada por v\u00e1rios segmentos da sociedade, que visava romper com as propostas anteriores, fundamentalmente baseadas na no\u00e7\u00e3o de parques tem\u00e1ticos. Apesar de inovadora, a proposta elaborada pelo <a href=\"https:\/\/bit.ly\/3ALfwbR\" target=\"_blank\" rel=\"noopener\">Instituto de Arquitetos do Brasil (IAB)<\/a> compartilhava diversos pontos com as propostas anteriores, como n\u00e3o incluir os moradores do Banhado nos projetos de parque. Todas as propostas exigiam como condi\u00e7\u00e3o para cria\u00e7\u00e3o do parque a remo\u00e7\u00e3o completa da popula\u00e7\u00e3o do Banhado.<\/p>\n<h3>O Banhado no S\u00e9culo XXI: A Constru\u00e7\u00e3o de um Modelo Neoliberal de Cidade<\/h3>\n<p>No come\u00e7o dos anos 2000, a municipalidade implementou os Planos de Desfaveliza\u00e7\u00e3o, com o objetivo de erradicar as favelas do munic\u00edpio em curto prazo. Usando o <a href=\"https:\/\/bit.ly\/3AMB9Z2\" target=\"_blank\" rel=\"noopener\">Plano Diretor<\/a> de 1995 para firmar uma parceria p\u00fablico-privada com o <a href=\"https:\/\/bit.ly\/3R5w43i\" target=\"_blank\" rel=\"noopener\">Banco Interamericano de Desenvolvimento (BID)<\/a>, o objetivo era captar recursos para o <a href=\"https:\/\/bit.ly\/3s2zn0s\" target=\"_blank\" rel=\"noopener\">Projeto Casa da Gente<\/a>, vinculado ao Programa Habitar Brasil-BID executado pelo governo federal. Embora esse programa fosse essencialmente de urbaniza\u00e7\u00e3o de favelas, em S\u00e3o Jos\u00e9 dos Campos o projeto assumiu um car\u00e1ter remocionista.<\/p>\n<p>Entre 1996 e 2004, foram removidos 24 n\u00facleos de favelas. Esta pol\u00edtica de <a href=\"http:\/\/bit.ly\/2x3chdW\" target=\"_blank\" rel=\"noopener\">erradica\u00e7\u00e3o de favelas<\/a> ajudou a consolidar a imagem de S\u00e3o Jos\u00e9 dos Campos como uma \u201cCidade sem Favelas\u201d. As favelas que resistiram \u00e0 pol\u00edtica de desfaveliza\u00e7\u00e3o s\u00e3o julgadas como an\u00f4malas ao processo de desenvolvimento.<\/p>\n<p>Em 2002, o Banhado se tornou \u00e1rea de prote\u00e7\u00e3o ambiental do Estado de S\u00e3o Paulo pela <a href=\"https:\/\/bit.ly\/3wIlbg6\" target=\"_blank\" rel=\"noopener\">Lei N. 11.262\/2002<\/a>. Nessa \u00e9poca, os entrevistados revelaram o processo de esvaziamento das pol\u00edticas sociais no bairro, com destaque para a presen\u00e7a ostensiva da pol\u00edcia e o ass\u00e9dio dos servidores municipais.<\/p>\n<figure id=\"attachment_62643\" aria-describedby=\"caption-attachment-62643\" style=\"width: 500px\" class=\"wp-caption alignright\"><a href=\"https:\/\/rioonwatch.org.br\/wp-content\/uploads\/2022\/08\/Desenho-da-Comunidade-de-Banhado-em-2050.-Foto-Douglas-Almeida.jpeg\"><img loading=\"lazy\" decoding=\"async\" class=\"wp-image-62643\" title=\"Desenho da comunidade de Banhado em 2050. Foto: Douglas Almeida\" src=\"https:\/\/rioonwatch.org.br\/wp-content\/uploads\/2022\/08\/Desenho-da-Comunidade-de-Banhado-em-2050.-Foto-Douglas-Almeida.jpeg\" alt=\"Desenho da comunidade de Banhado em 2050. Foto: Douglas Almeida\" width=\"500\" height=\"375\" srcset=\"https:\/\/rioonwatch.org.br\/wp-content\/uploads\/2022\/08\/Desenho-da-Comunidade-de-Banhado-em-2050.-Foto-Douglas-Almeida.jpeg 960w, https:\/\/rioonwatch.org.br\/wp-content\/uploads\/2022\/08\/Desenho-da-Comunidade-de-Banhado-em-2050.-Foto-Douglas-Almeida-620x465.jpeg 620w, https:\/\/rioonwatch.org.br\/wp-content\/uploads\/2022\/08\/Desenho-da-Comunidade-de-Banhado-em-2050.-Foto-Douglas-Almeida-839x629.jpeg 839w, https:\/\/rioonwatch.org.br\/wp-content\/uploads\/2022\/08\/Desenho-da-Comunidade-de-Banhado-em-2050.-Foto-Douglas-Almeida-678x509.jpeg 678w, https:\/\/rioonwatch.org.br\/wp-content\/uploads\/2022\/08\/Desenho-da-Comunidade-de-Banhado-em-2050.-Foto-Douglas-Almeida-326x245.jpeg 326w, https:\/\/rioonwatch.org.br\/wp-content\/uploads\/2022\/08\/Desenho-da-Comunidade-de-Banhado-em-2050.-Foto-Douglas-Almeida-80x60.jpeg 80w\" sizes=\"(max-width: 500px) 100vw, 500px\" \/><\/a><figcaption id=\"caption-attachment-62643\" class=\"wp-caption-text\">Desenho da comunidade de Banhado em 2050. Foto: Douglas Almeida<\/figcaption><\/figure>\n<p>Alguns anos mais tarde, o <a href=\"https:\/\/bit.ly\/3tZyd4R\" target=\"_blank\" rel=\"noopener\">Plano Diretor<\/a> de 2006 instituiu v\u00e1rias diretrizes, executadas por um plano estrat\u00e9gico\u2014o <a href=\"https:\/\/bit.ly\/3dSpajM\" target=\"_blank\" rel=\"noopener\">Programa de Estrutura\u00e7\u00e3o Urbana (PEU)<\/a>. Apesar de inicialmente planejado como um projeto vi\u00e1rio, o BID estabeleceu como condicionalidade para a municipalidade um programa de melhorias ambientais e moderniza\u00e7\u00e3o administrativa.<\/p>\n<p>Agentes locais fomentavam a restri\u00e7\u00e3o da ocupa\u00e7\u00e3o humana, o que se materializou na <a href=\"https:\/\/bit.ly\/3AXCaxr\" target=\"_blank\" rel=\"noopener\">Lei N. 8756\/2012<\/a>, que criou o Parque Natural Municipal do Banhado. A quest\u00e3o crucial, que determinaria o destino das fam\u00edlias locais, se inscreve na mudan\u00e7a de tratamento da propriedade a partir desta lei. Enquanto em \u00c1reas de Prote\u00e7\u00e3o Ambiental existe a possibilidade de perman\u00eancia das propriedades, desde que compatibilizadas com as fun\u00e7\u00f5es ambientais da \u00e1rea, nos Parques Naturais as terras s\u00e3o declaradas de dom\u00ednio p\u00fablico e as terras particulares devem ser desapropriadas.<\/p>\n<p>Em 2013, nas elei\u00e7\u00f5es municipais, apesar dos compromissos firmados com a comunidade, o candidato eleito assumiu a mesma postura que seus antecessores. A <a href=\"https:\/\/bit.ly\/35tDlVV\" target=\"_blank\" rel=\"noopener\">desilus\u00e3o pol\u00edtica<\/a> dos moradores do Banhado se consolidou.<\/p>\n<p>Em um estudo encomendado pelo prefeito eleito, defendia-se a cria\u00e7\u00e3o da via expressa e a remo\u00e7\u00e3o dos moradores do Banhado. Classificou-se a \u00e1rea do Jardim Nova Esperan\u00e7a como ocupa\u00e7\u00e3o de risco para o movimento de massa da encosta e apontou-se para o despejo de esgoto sanit\u00e1rio sem tratamento como elemento poluidor da \u00e1rea.<\/p>\n<p><a href=\"https:\/\/rioonwatch.org.br\/wp-content\/uploads\/2022\/08\/Localizacao-da-Via-Banhado.-EIA-RIMA-Via-Banhado-Vol.-I.-Foto-Silva-2020-apud-Sao-Jose-dos-Campos-2013.jpg\"><img loading=\"lazy\" decoding=\"async\" class=\"aligncenter wp-image-62644\" title=\"Localiza\u00e7\u00e3o da Via Banhado. Foto: Silva, 2020; S\u00e3o Jos\u00e9 dos Campos, 2013\" src=\"https:\/\/rioonwatch.org.br\/wp-content\/uploads\/2022\/08\/Localizacao-da-Via-Banhado.-EIA-RIMA-Via-Banhado-Vol.-I.-Foto-Silva-2020-apud-Sao-Jose-dos-Campos-2013.jpg\" alt=\"Localiza\u00e7\u00e3o da Via Banhado. Foto: Silva, 2020; S\u00e3o Jos\u00e9 dos Campos, 2013\" width=\"1030\" height=\"755\" srcset=\"https:\/\/rioonwatch.org.br\/wp-content\/uploads\/2022\/08\/Localizacao-da-Via-Banhado.-EIA-RIMA-Via-Banhado-Vol.-I.-Foto-Silva-2020-apud-Sao-Jose-dos-Campos-2013.jpg 1179w, https:\/\/rioonwatch.org.br\/wp-content\/uploads\/2022\/08\/Localizacao-da-Via-Banhado.-EIA-RIMA-Via-Banhado-Vol.-I.-Foto-Silva-2020-apud-Sao-Jose-dos-Campos-2013-620x454.jpg 620w, https:\/\/rioonwatch.org.br\/wp-content\/uploads\/2022\/08\/Localizacao-da-Via-Banhado.-EIA-RIMA-Via-Banhado-Vol.-I.-Foto-Silva-2020-apud-Sao-Jose-dos-Campos-2013-858x629.jpg 858w, https:\/\/rioonwatch.org.br\/wp-content\/uploads\/2022\/08\/Localizacao-da-Via-Banhado.-EIA-RIMA-Via-Banhado-Vol.-I.-Foto-Silva-2020-apud-Sao-Jose-dos-Campos-2013-80x60.jpg 80w\" sizes=\"(max-width: 1030px) 100vw, 1030px\" \/><\/a><\/p>\n<p>Os moradores do bairro relatam que, ao longo dos anos, foram realizados diversos levantamentos cadastrais na comunidade, sem que fossem esclarecidos os reais objetivos de tais cadastramentos. De fato, eles v\u00eam sendo utilizados no sentido de convencer fam\u00edlias a deixarem o local.<\/p>\n<p>Dentre as t\u00e9cnicas utilizadas pela prefeitura, destaca-se a pr\u00e1tica de demoli\u00e7\u00e3o das resid\u00eancias cujos moradores aceitaram a realoca\u00e7\u00e3o, deixando os entulhos da demoli\u00e7\u00e3o no pr\u00f3prio local, o que estimula a prolifera\u00e7\u00e3o de vetores e degrada\u00e7\u00e3o da j\u00e1 prec\u00e1ria qualidade de vida dos moradores.<\/p>\n<blockquote><p>\u201cA comunidade do Banhado \u00e9 uma comunidade emblem\u00e1tica&#8230; muito antiga. Localizada praticamente no centro da cidade. E \u00e9 uma comunidade abandonada h\u00e1 muitos anos pelo poder p\u00fablico&#8230; \u00c9 uma comunidade criminalizada pela popula\u00e7\u00e3o, com as constantes amea\u00e7as de remo\u00e7\u00e3o desse n\u00facleo, da extin\u00e7\u00e3o desse n\u00facleo urbano. Esta extin\u00e7\u00e3o das condi\u00e7\u00f5es prec\u00e1rias que algumas fam\u00edlias viviam e ainda vivem, sob a \u00f3tica do poder p\u00fablico, passava pela elimina\u00e7\u00e3o f\u00edsica da comunidade, e n\u00e3o pela elimina\u00e7\u00e3o das condi\u00e7\u00f5es&#8230; Normalmente s\u00e3o profissionais da \u00e1rea da assist\u00eancia social que procuram as fam\u00edlias, dizendo que eles v\u00e3o ter que sair, e se n\u00e3o sair eles v\u00e3o ter que sair a for\u00e7a. Especificamente aqui no Banhado a gente teve uma s\u00e9rie de problemas, porque houve fraudes na apresenta\u00e7\u00e3o do projeto de desfaveliza\u00e7\u00e3o, em que a comunidade era perguntada para onde ela queria ir. N\u00e3o se perguntava que ela queria sair ou ficar, se ela queria regularizar o bairro, mas para onde ela queria ir. E a\u00ed, com base nesses cadastros, se chegou \u00e0 conclus\u00e3o de que mais de 90% da comunidade queria sair daqui.\u201d \u2014 <a href=\"https:\/\/bit.ly\/3Qv4v2J\" target=\"_blank\" rel=\"noopener\">Jairo Salvador de Souza<\/a>, Defensor P\u00fablico do Estado de S\u00e3o Paulo<\/p><\/blockquote>\n<figure id=\"attachment_62645\" aria-describedby=\"caption-attachment-62645\" style=\"width: 1030px\" class=\"wp-caption aligncenter\"><a href=\"https:\/\/rioonwatch.org.br\/wp-content\/uploads\/2022\/08\/Demolicao-na-Comunidade-do-Banhado.-Foto-Douglas-Almeida.jpeg\"><img loading=\"lazy\" decoding=\"async\" class=\"wp-image-62645\" title=\"Demoli\u00e7\u00e3o na comunidade do Banhado. Foto: Douglas Almeida\" src=\"https:\/\/rioonwatch.org.br\/wp-content\/uploads\/2022\/08\/Demolicao-na-Comunidade-do-Banhado.-Foto-Douglas-Almeida.jpeg\" alt=\"Demoli\u00e7\u00e3o na comunidade do Banhado. Foto: Douglas Almeida\" width=\"1030\" height=\"579\" srcset=\"https:\/\/rioonwatch.org.br\/wp-content\/uploads\/2022\/08\/Demolicao-na-Comunidade-do-Banhado.-Foto-Douglas-Almeida.jpeg 1118w, https:\/\/rioonwatch.org.br\/wp-content\/uploads\/2022\/08\/Demolicao-na-Comunidade-do-Banhado.-Foto-Douglas-Almeida-620x349.jpeg 620w\" sizes=\"(max-width: 1030px) 100vw, 1030px\" \/><\/a><figcaption id=\"caption-attachment-62645\" class=\"wp-caption-text\">Demoli\u00e7\u00e3o na comunidade do Banhado. Foto: Douglas Almeida<\/figcaption><\/figure>\n<p>Outra pr\u00e1tica observada \u00e9 o congelamento do bairro por tempo indeterminado, que consiste na proibi\u00e7\u00e3o de qualquer nova constru\u00e7\u00e3o, amplia\u00e7\u00e3o ou reforma dos im\u00f3veis existentes no local. O Jardim Nova Esperan\u00e7a encontra-se \u201ccongelado\u201d h\u00e1 mais de 16 anos, sem que os moradores possam fazer qualquer interven\u00e7\u00e3o nos seus im\u00f3veis, causando deteriora\u00e7\u00e3o ainda maior das moradias l\u00e1 existentes.<\/p>\n<blockquote><p>\u201cSe hoje a qualidade de vida daqui piorou, \u00e9 gra\u00e7as \u00e0 Prefeitura. Seja ela da antiga gest\u00e3o, seja da \u00faltima, seja da atual, isso n\u00e3o difere em nada.\u201d \u2014 Renato Leandro, morador do Banhado<\/p><\/blockquote>\n<p>A partir dos anos 2000, os moradores que aceitaram a proposta de atendimento habitacional come\u00e7aram a ser transferidos para os conjuntos habitacionais na periferia. O sonho inicial de conquista de uma vida digna transformou-se rapidamente, para grande parte dos moradores dos novos empreendimentos, em grande pesadelo. Isto porque todos esses conjuntos foram entregues sem a devida regulariza\u00e7\u00e3o fundi\u00e1ria, com diversos problemas estruturais e sem a individualiza\u00e7\u00e3o da medi\u00e7\u00e3o de \u00e1gua.<\/p>\n<p>Em 2017, os moradores do Banhado protocolaram um <a href=\"https:\/\/bit.ly\/3EXCJrH\" target=\"_blank\" rel=\"noopener\">pedido formal de regulariza\u00e7\u00e3o fundi\u00e1ria na modalidade de Interesse Social (REURB-S)<\/a>. O pedido de regulariza\u00e7\u00e3o foi formulado com base no que dispunha a <a href=\"https:\/\/bit.ly\/3ATmnPl\" target=\"_blank\" rel=\"noopener\">Medida Provis\u00f3ria n\u00b0 759\/2016<\/a>, que viria a ser convertida na <a href=\"http:\/\/bit.ly\/2kwTwt1\" target=\"_blank\" rel=\"noopener\">Lei n\u00b0 13.465\/2017<\/a>.<\/p>\n<p>Em 18 de maio de 2018, a Defensoria P\u00fablica foi convidada pela prefeitura para uma reuni\u00e3o, onde foi apresentado o <a href=\"https:\/\/bit.ly\/3R5rFxi\" target=\"_blank\" rel=\"noopener\">Programa Casa Joseense<\/a>. A Defensoria P\u00fablica se comprometeu em enviar uma proposta de regulariza\u00e7\u00e3o do n\u00facleo habitacional. Em 18 de junho de 2018, foi encaminhado o <a href=\"https:\/\/bit.ly\/3wuxb4G\" target=\"_blank\" rel=\"noopener\">Plano de Regulariza\u00e7\u00e3o Fundi\u00e1ria e Urbaniza\u00e7\u00e3o do Banhado<\/a>.<\/p>\n<p><a href=\"https:\/\/rioonwatch.org.br\/wp-content\/uploads\/2022\/08\/Comunidade-do-Banhado.-Foto-Douglas-Almeida.jpeg\"><img loading=\"lazy\" decoding=\"async\" class=\"alignright wp-image-62646\" title=\"Comunidade do Banhado. Foto: Douglas Almeida\" src=\"https:\/\/rioonwatch.org.br\/wp-content\/uploads\/2022\/08\/Comunidade-do-Banhado.-Foto-Douglas-Almeida.jpeg\" alt=\"Comunidade do Banhado. Foto: Douglas Almeida\" width=\"500\" height=\"300\" \/><\/a>N\u00e3o obstante, a municipalidade simplesmente encerrou o di\u00e1logo, reiniciando o ass\u00e9dio moral \u00e0 comunidade, como a instala\u00e7\u00e3o de um ponto de controle de entrada e sa\u00edda da comunidade e o bloqueio com manilhas da principal via da comunidade.<\/p>\n<p>No presente momento a situa\u00e7\u00e3o da comunidade do Banhado se encontra judicializada, com pedidos diametralmente opostos. Movida pela Defensoria P\u00fablica e a <a href=\"https:\/\/bit.ly\/3wuxz38\" target=\"_blank\" rel=\"noopener\">Sociedade dos Amigos do Jardim Nova Esperan\u00e7a<\/a>, uma pede que a cidade seja condenada a produzir projeto de regulariza\u00e7\u00e3o urban\u00edstica, com participa\u00e7\u00e3o da popula\u00e7\u00e3o. J\u00e1 o munic\u00edpio promove a\u00e7\u00e3o civil p\u00fablica contra os moradores, em que pleiteia tutela provis\u00f3ria de urg\u00eancia antecipada, para for\u00e7ar a desocupa\u00e7\u00e3o do Jardim Nova Esperan\u00e7a.<\/p>\n<h3>Massacre Iminente: S\u00e3o Jos\u00e9 dos Campos Est\u00e1 Produzindo um Novo Pinheirinho<\/h3>\n<p>\u00c0s v\u00e9speras das elei\u00e7\u00f5es presidenciais, a comunidade do Banhado est\u00e1<span style=\"color: #000000;\"> enfrentando <\/span>a exce\u00e7\u00e3o como regra, com ocupa\u00e7\u00e3o da rua principal com bases policiais que vigiam a comunidade 24 horas por dia.<\/p>\n<blockquote><p>&#8220;A prefeitura intensificou os ataques em v\u00e1rios sentidos, e ultimamente agora ela decidiu vir na parte do amanhecer do dia, e nos atacou no \u00faltimo dia 23 de agosto derrubando v\u00e1rias casas de moradia, casas habitadas por pessoas que moram aqui no Banhado e que trabalham aqui na cidade&#8230; Afetou com isso um n\u00famero de quatro \u00e0 sete fam\u00edlias por causa dessa a\u00e7\u00e3o dela. Ent\u00e3o agora a Justi\u00e7a entrou em a\u00e7\u00e3o e deu cinco dias, a partir de 24 de agosto para que o munic\u00edpio se manifeste, que a prefeitura se manifesta para relatar o por qu\u00ea a prefeitura fez isso, tendo em vista que j\u00e1 est\u00e1 judicializado e est\u00e1 proibido qualquer a\u00e7\u00e3o do munic\u00edpio aqui dentro da comunidade.&#8221; \u2014 Jos\u00e9 Donizetti de Paula, morador do Banhado<\/p><\/blockquote>\n<p>A justificativa da Pol\u00edcia Militar \u00e9 a de que a opera\u00e7\u00e3o policial busca trazer seguran\u00e7a aos moradores diante do tr\u00e1fico de drogas. Em uma tarde de quinta-feira, as for\u00e7as policiais atacaram simultaneamente por terra e pelo ar, ocupando a comunidade em poucos minutos. Pela entrada principal, homens fortemente armados com metralhadoras em viaturas e motos adentravam a comunidade.<\/p>\n<p>Ap\u00f3s a ocupa\u00e7\u00e3o violenta, houve invas\u00e3o de domic\u00edlios, fechamento de estabelecimentos comerciais, carros multados, fechamento das atividades dos recicladores e uma vigil\u00e2ncia constante, onde n\u00e3o \u00e9 raro os moradores serem abordados nas entradas e sa\u00eddas do bairro, com frases intimidat\u00f3rias dos policiais: \u201caonde voc\u00ea vai?\u201d ou \u201cvoc\u00ea usa droga?\u201d.<\/p>\n<p><a href=\"https:\/\/rioonwatch.org.br\/wp-content\/uploads\/2022\/08\/Comunidade-do-Banhado.-Foto-Douglas-Almeida-1.jpeg\"><img loading=\"lazy\" decoding=\"async\" class=\"alignright wp-image-62647\" title=\"Comunidade do Banhado. Foto: Douglas Almeida\" src=\"https:\/\/rioonwatch.org.br\/wp-content\/uploads\/2022\/08\/Comunidade-do-Banhado.-Foto-Douglas-Almeida-1.jpeg\" alt=\"Comunidade do Banhado. Foto: Douglas Almeida\" width=\"500\" height=\"449\" srcset=\"https:\/\/rioonwatch.org.br\/wp-content\/uploads\/2022\/08\/Comunidade-do-Banhado.-Foto-Douglas-Almeida-1.jpeg 739w, https:\/\/rioonwatch.org.br\/wp-content\/uploads\/2022\/08\/Comunidade-do-Banhado.-Foto-Douglas-Almeida-1-620x557.jpeg 620w, https:\/\/rioonwatch.org.br\/wp-content\/uploads\/2022\/08\/Comunidade-do-Banhado.-Foto-Douglas-Almeida-1-700x629.jpeg 700w\" sizes=\"(max-width: 500px) 100vw, 500px\" \/><\/a><\/p>\n<p>Como de praxe, a t\u00e1tica da prefeitura para desmobiliza\u00e7\u00e3o da comunidade consiste em contactar individualmente os moradores para conseguir a ades\u00e3o ao aluguel social. Esta estrat\u00e9gia n\u00e3o tem conseguido garantir a remo\u00e7\u00e3o total do n\u00facleo, mas coloca os <a href=\"https:\/\/bit.ly\/3B9tTFN\" target=\"_blank\" rel=\"noopener\">moradores que aderem \u00e0s proposta contra os moradores que ficam<\/a>.<\/p>\n<blockquote>\n<p class=\"p1\">\u201cN\u00f3s aqui do Museu das Remo\u00e7\u00f5es, no Rio de Janeiro, vemos com grande preocupa\u00e7\u00e3o toda a covardia e trucul\u00eancia que a comunidade centen\u00e1rio do Banhado em S\u00e3o Jos\u00e9 dos Campos est\u00e1 sofrendo. Chega desse processo remocionista. Uma comunidade que j\u00e1 t\u00eam seu plano popular pronto s\u00f3 esperando que os governos fa\u00e7am o seu trabalho: que urbanize a comunidade do Banhado.\u201d \u2014 <a href=\"https:\/\/bit.ly\/3eGoKxt\" target=\"_blank\" rel=\"noopener\">Luiz Claudio<\/a>, Vila Aut\u00f3dromo<\/p>\n<\/blockquote>\n<p>A postura da municipalidade em usar o terror para quebrar a resist\u00eancia da comunidade nos adverte que um novo <a href=\"https:\/\/bit.ly\/3EesJZ2\" target=\"_blank\" rel=\"noopener\">massacre do Pinheirinho<\/a> pode ocorrer no Banhado.<\/p>\n<blockquote><p>&#8220;Tudo que tem acontecido aqui pela prefeitura, todas as suas a\u00e7\u00f5es, \u00e9 o emprego das for\u00e7as de seguran\u00e7a contra o pobre&#8230; N\u00e3o tem o aval da Justi\u00e7a. Ent\u00e3o ela est\u00e1 fazendo tudo de maneira sorrateira, de maneira que ela vem com as for\u00e7as de seguran\u00e7a, ela sitia o lugar, isola, ataca e quebra as casas. \u00c9 uma covardia, \u00e9 um contraponto, \u00e9 uma situa\u00e7\u00e3o mesmo desesperadora que est\u00e1 acontecendo aqui. Porque eles v\u00eam com um aparato muito grande de policiais e guardas civis municipais. E a\u00ed eles isolam a \u00e1rea. N\u00e3o deixam ningu\u00e9m passar. Tudo armado com arma de grosso calibre, e a\u00ed eles atacam e derrubam as casas. E agridem as pessoas. Inclusiva agora teve at\u00e9 atropelamento, teve um princ\u00edpio de combate entre os policiais e os moradores, porque os moradores querem defender as suas casas, a\u00ed os policiais vai pra cima, e agride e bate. Ent\u00e3o n\u00f3s aqui, a popula\u00e7\u00e3o do Banhado, n\u00f3s estamos aqui sofrendo nesses \u00faltimos dias, e principalmente nessa \u00faltima a\u00e7\u00e3o que foi no dia 23 de agosto, sofrendo muito pelo ataque do munic\u00edpio, pela ataque da prefeitura de S\u00e3o Jos\u00e9 dos Campos.\u201d \u2014 Jos\u00e9 Donizetti de Paula, morador do Banhado<\/p><\/blockquote>\n<p>Em linhas gerais, a ideia da transforma\u00e7\u00e3o do Banhado em parque, tanto sob o modelo tem\u00e1tico, como o modelo ecol\u00f3gico, se sustenta no <a href=\"https:\/\/bit.ly\/3qrURn0\" target=\"_blank\" rel=\"noopener\">pressuposto<\/a> de que a t\u00e9cnica, e somente ela, poderia proporcionar o retorno da natureza natural.<\/p>\n<p>Na guerra silenciosa contra os moradores do Banhado, o planejamento urbano carrega consigo a heran\u00e7a da matriz higienista. Com efeito, no discurso institucional, os moradores do Banhado s\u00e3o enquadrados como empecilhos para as propostas de planejamento urbano. O parque e a via expressa seriam os respons\u00e1veis por realizar o \u201ctrabalho sujo\u201d, de realizar a \u201climpeza\u201d do que macula a paisagem.<\/p>\n<p><a href=\"https:\/\/bit.ly\/RFSMapa2022\" target=\"_blank\" rel=\"noopener\">Na verdade<\/a>, os grupos pol\u00edticos que controlaram a municipalidade nunca compreenderam o que de fato \u00e9 o Banhado. A cidade nunca esteve aberta a compreender o Banhado, sua cultura e valores.<\/p>\n<hr \/>\n<h4><b data-stringify-type=\"bold\">Apoie nossos esfor\u00e7os para fornecer apoio estrat\u00e9gico \u00e0s favelas do Rio, incluindo o jornalismo hiperlocal, cr\u00edtico, inovador e incans\u00e1vel do\u00a0<\/b><b data-stringify-type=\"bold\"><i data-stringify-type=\"italic\">RioOnWatch<\/i><\/b>\u2014<a class=\"c-link\" href=\"http:\/\/www.bit.ly\/ApoieROW\" target=\"_blank\" rel=\"noopener noreferrer\" data-stringify-link=\"http:\/\/www.bit.ly\/ApoieROW\" data-sk=\"tooltip_parent\">doe aqui<\/a>.<\/h4>\n<!-- AddThis Advanced Settings generic via filter on the_content --><!-- AddThis Share Buttons generic via filter on the_content -->","protected":false},"excerpt":{"rendered":"<div class=\"mh-excerpt\"><p>Click Here for English Desde o \u00faltimo dia 7 de julho, a comunidade do Banhado se encontra sitiada pelas for\u00e7as da Pol\u00edcia Militar e da Guarda Civil Municipal. Abordagens truculentas, carros multados, invas\u00e3o de domic\u00edlios, <a class=\"mh-excerpt-more\" href=\"https:\/\/rioonwatch.org.br\/?p=62546\" title=\"Um Novo Massacre do Pinheirinho Pode Ocorrer em S\u00e3o Jos\u00e9 dos Campos: A Comunidade do Banhado sob Amea\u00e7a de Remo\u00e7\u00e3o\">[&#8230;]<\/a><!-- AddThis Advanced Settings generic via filter on get_the_excerpt --><!-- AddThis Share Buttons generic via filter on get_the_excerpt --><\/p>\n<\/div>","protected":false},"author":178,"featured_media":62637,"comment_status":"closed","ping_status":"closed","sticky":false,"template":"template-full.php","format":"standard","meta":{"_acf_changed":false,"_monsterinsights_skip_tracking":false,"_monsterinsights_sitenote_active":false,"_monsterinsights_sitenote_note":"","_monsterinsights_sitenote_category":0,"footnotes":""},"categories":[1614,1621,346,1620],"tags":[3189,3187,1221,90,396,128,705,1574,505,621,567,82,14,3188,998,2539,1394,1367,2263,1364],"writer":[3183],"translator":[],"source":[],"ilustrador":[],"fotografo":[],"class_list":{"0":"post-62546","1":"post","2":"type-post","3":"status-publish","4":"format-standard","5":"has-post-thumbnail","7":"category-olhonasremocoes","8":"category-destaque","9":"category-denuncias","10":"category-olhonaupp","11":"tag-banhado","12":"tag-bid","13":"tag-comparacao-nacional","14":"tag-defensoria-publica","15":"tag-especulacao-imobiliaria","16":"tag-historia","17":"tag-iab","18":"tag-indigenas","19":"tag-parceria-publico-privado","20":"tag-plano-diretor","21":"tag-quilombo","22":"tag-regularizacao-fundiaria","23":"tag-remocao","24":"tag-sao-jose-dos-campos","25":"tag-sao-paulo","26":"tag-sentimento-de-pertencimento","27":"tag-taticas-de-remocao-corte-de-servicos","28":"tag-taticas-de-remocao-dividir-para-conquistar","29":"tag-taticas-de-remocao-intimidacao","30":"tag-violacoes","31":"writer-douglas-almeida"},"acf":[],"yoast_head":"<!-- This site is optimized with the Yoast SEO plugin v25.6 - https:\/\/yoast.com\/wordpress\/plugins\/seo\/ -->\n<title>Um Novo Massacre do Pinheirinho Pode Ocorrer em S\u00e3o Jos\u00e9 dos Campos: A Comunidade do Banhado sob Amea\u00e7a de Remo\u00e7\u00e3o - RioOnWatch<\/title>\n<meta name=\"robots\" content=\"index, follow, max-snippet:-1, max-image-preview:large, max-video-preview:-1\" \/>\n<link rel=\"canonical\" href=\"https:\/\/rioonwatch.org.br\/?p=62546\" \/>\n<meta property=\"og:locale\" content=\"pt_BR\" \/>\n<meta property=\"og:type\" content=\"article\" \/>\n<meta property=\"og:title\" content=\"Um Novo Massacre do Pinheirinho Pode Ocorrer em S\u00e3o Jos\u00e9 dos Campos: A Comunidade do Banhado sob Amea\u00e7a de Remo\u00e7\u00e3o - RioOnWatch\" \/>\n<meta property=\"og:description\" content=\"Click Here for English Desde o \u00faltimo dia 7 de julho, a comunidade do Banhado se encontra sitiada pelas for\u00e7as da Pol\u00edcia Militar e da Guarda Civil Municipal. Abordagens truculentas, carros multados, invas\u00e3o de domic\u00edlios, [...]\" \/>\n<meta property=\"og:url\" content=\"https:\/\/rioonwatch.org.br\/?p=62546\" \/>\n<meta property=\"og:site_name\" content=\"RioOnWatch\" \/>\n<meta property=\"article:published_time\" content=\"2022-09-12T12:49:30+00:00\" \/>\n<meta property=\"article:modified_time\" content=\"2023-07-25T03:56:45+00:00\" \/>\n<meta property=\"og:image\" content=\"https:\/\/rioonwatch.org.br\/wp-content\/uploads\/2022\/08\/Policiais-na-Comunidade-do-Banhado.-Foto-Douglas-Almeida-e1661891885138.jpeg\" \/>\n\t<meta property=\"og:image:width\" content=\"1030\" \/>\n\t<meta property=\"og:image:height\" content=\"579\" \/>\n\t<meta property=\"og:image:type\" content=\"image\/jpeg\" \/>\n<meta name=\"author\" content=\"Yasmin Quaife\" \/>\n<meta name=\"twitter:card\" content=\"summary_large_image\" \/>\n<meta name=\"twitter:label1\" content=\"Escrito por\" \/>\n\t<meta name=\"twitter:data1\" content=\"Yasmin Quaife\" \/>\n\t<meta name=\"twitter:label2\" content=\"Est. tempo de leitura\" \/>\n\t<meta name=\"twitter:data2\" content=\"20 minutos\" \/>\n<script type=\"application\/ld+json\" class=\"yoast-schema-graph\">{\"@context\":\"https:\/\/schema.org\",\"@graph\":[{\"@type\":\"Article\",\"@id\":\"https:\/\/rioonwatch.org.br\/?p=62546#article\",\"isPartOf\":{\"@id\":\"https:\/\/rioonwatch.org.br\/?p=62546\"},\"author\":{\"name\":\"Yasmin Quaife\",\"@id\":\"https:\/\/rioonwatch.org.br\/#\/schema\/person\/c24a498aad30b78208bad34d0387a95f\"},\"headline\":\"Um Novo Massacre do Pinheirinho Pode Ocorrer em S\u00e3o Jos\u00e9 dos Campos: A Comunidade do Banhado sob Amea\u00e7a de Remo\u00e7\u00e3o\",\"datePublished\":\"2022-09-12T12:49:30+00:00\",\"dateModified\":\"2023-07-25T03:56:45+00:00\",\"mainEntityOfPage\":{\"@id\":\"https:\/\/rioonwatch.org.br\/?p=62546\"},\"wordCount\":3458,\"publisher\":{\"@id\":\"https:\/\/rioonwatch.org.br\/#organization\"},\"image\":{\"@id\":\"https:\/\/rioonwatch.org.br\/?p=62546#primaryimage\"},\"thumbnailUrl\":\"https:\/\/rioonwatch.org.br\/wp-content\/uploads\/2022\/08\/Policiais-na-Comunidade-do-Banhado.-Foto-Douglas-Almeida-e1661891885138.jpeg\",\"keywords\":[\"Banhado\",\"BID\",\"compara\u00e7\u00e3o nacional\",\"Defensoria P\u00fablica\",\"especula\u00e7\u00e3o imobili\u00e1ria\",\"hist\u00f3ria\",\"IAB\",\"ind\u00edgenas\",\"Parceria P\u00fablico-Privada\",\"Plano Diretor\",\"Quilombo\",\"regulariza\u00e7\u00e3o fundi\u00e1ria\",\"Remo\u00e7\u00e3o\",\"S\u00e3o Jos\u00e9 dos Campos\",\"S\u00e3o Paulo\",\"sentimento de pertencimento\",\"T\u00e1ticas de remo\u00e7\u00e3o: corte de servi\u00e7os\",\"T\u00e1ticas de remo\u00e7\u00e3o: dividir para conquistar\",\"T\u00e1ticas de remo\u00e7\u00e3o: intimida\u00e7\u00e3o\",\"viola\u00e7\u00f5es\"],\"articleSection\":[\"#OlhoNasRemo\u00e7\u00f5es\",\"*Destaque\",\"Den\u00fancias\",\"Seguran\u00e7a P\u00fablica\"],\"inLanguage\":\"pt-BR\"},{\"@type\":\"WebPage\",\"@id\":\"https:\/\/rioonwatch.org.br\/?p=62546\",\"url\":\"https:\/\/rioonwatch.org.br\/?p=62546\",\"name\":\"Um Novo Massacre do Pinheirinho Pode Ocorrer em S\u00e3o Jos\u00e9 dos Campos: A Comunidade do Banhado sob Amea\u00e7a de Remo\u00e7\u00e3o - RioOnWatch\",\"isPartOf\":{\"@id\":\"https:\/\/rioonwatch.org.br\/#website\"},\"primaryImageOfPage\":{\"@id\":\"https:\/\/rioonwatch.org.br\/?p=62546#primaryimage\"},\"image\":{\"@id\":\"https:\/\/rioonwatch.org.br\/?p=62546#primaryimage\"},\"thumbnailUrl\":\"https:\/\/rioonwatch.org.br\/wp-content\/uploads\/2022\/08\/Policiais-na-Comunidade-do-Banhado.-Foto-Douglas-Almeida-e1661891885138.jpeg\",\"datePublished\":\"2022-09-12T12:49:30+00:00\",\"dateModified\":\"2023-07-25T03:56:45+00:00\",\"breadcrumb\":{\"@id\":\"https:\/\/rioonwatch.org.br\/?p=62546#breadcrumb\"},\"inLanguage\":\"pt-BR\",\"potentialAction\":[{\"@type\":\"ReadAction\",\"target\":[\"https:\/\/rioonwatch.org.br\/?p=62546\"]}]},{\"@type\":\"ImageObject\",\"inLanguage\":\"pt-BR\",\"@id\":\"https:\/\/rioonwatch.org.br\/?p=62546#primaryimage\",\"url\":\"https:\/\/rioonwatch.org.br\/wp-content\/uploads\/2022\/08\/Policiais-na-Comunidade-do-Banhado.-Foto-Douglas-Almeida-e1661891885138.jpeg\",\"contentUrl\":\"https:\/\/rioonwatch.org.br\/wp-content\/uploads\/2022\/08\/Policiais-na-Comunidade-do-Banhado.-Foto-Douglas-Almeida-e1661891885138.jpeg\",\"width\":1030,\"height\":579,\"caption\":\"Policiais na comunidade do Banhado. Foto: Douglas Almeida\"},{\"@type\":\"BreadcrumbList\",\"@id\":\"https:\/\/rioonwatch.org.br\/?p=62546#breadcrumb\",\"itemListElement\":[{\"@type\":\"ListItem\",\"position\":1,\"name\":\"In\u00edcio\",\"item\":\"https:\/\/rioonwatch.org.br\/\"},{\"@type\":\"ListItem\",\"position\":2,\"name\":\"Um Novo Massacre do Pinheirinho Pode Ocorrer em S\u00e3o Jos\u00e9 dos Campos: A Comunidade do Banhado sob Amea\u00e7a de Remo\u00e7\u00e3o\"}]},{\"@type\":\"WebSite\",\"@id\":\"https:\/\/rioonwatch.org.br\/#website\",\"url\":\"https:\/\/rioonwatch.org.br\/\",\"name\":\"RioOnWatch\",\"description\":\"relatos das favelas cariocas\",\"publisher\":{\"@id\":\"https:\/\/rioonwatch.org.br\/#organization\"},\"potentialAction\":[{\"@type\":\"SearchAction\",\"target\":{\"@type\":\"EntryPoint\",\"urlTemplate\":\"https:\/\/rioonwatch.org.br\/?s={search_term_string}\"},\"query-input\":{\"@type\":\"PropertyValueSpecification\",\"valueRequired\":true,\"valueName\":\"search_term_string\"}}],\"inLanguage\":\"pt-BR\"},{\"@type\":\"Organization\",\"@id\":\"https:\/\/rioonwatch.org.br\/#organization\",\"name\":\"RioOnWatch\",\"url\":\"https:\/\/rioonwatch.org.br\/\",\"logo\":{\"@type\":\"ImageObject\",\"inLanguage\":\"pt-BR\",\"@id\":\"https:\/\/rioonwatch.org.br\/#\/schema\/logo\/image\/\",\"url\":\"https:\/\/rioonwatch.org.br\/wp-content\/uploads\/2021\/06\/RioOnWatchcabecalhoPT11anos-2.png\",\"contentUrl\":\"https:\/\/rioonwatch.org.br\/wp-content\/uploads\/2021\/06\/RioOnWatchcabecalhoPT11anos-2.png\",\"width\":779,\"height\":277,\"caption\":\"RioOnWatch\"},\"image\":{\"@id\":\"https:\/\/rioonwatch.org.br\/#\/schema\/logo\/image\/\"}},{\"@type\":\"Person\",\"@id\":\"https:\/\/rioonwatch.org.br\/#\/schema\/person\/c24a498aad30b78208bad34d0387a95f\",\"name\":\"Yasmin Quaife\",\"image\":{\"@type\":\"ImageObject\",\"inLanguage\":\"pt-BR\",\"@id\":\"https:\/\/rioonwatch.org.br\/#\/schema\/person\/image\/\",\"url\":\"https:\/\/secure.gravatar.com\/avatar\/5640846c69dc5ca694c06e25d7c89cf6?s=96&d=blank&r=g\",\"contentUrl\":\"https:\/\/secure.gravatar.com\/avatar\/5640846c69dc5ca694c06e25d7c89cf6?s=96&d=blank&r=g\",\"caption\":\"Yasmin Quaife\"},\"url\":\"https:\/\/rioonwatch.org.br\/?author=178\"}]}<\/script>\n<!-- \/ Yoast SEO plugin. -->","yoast_head_json":{"title":"Um Novo Massacre do Pinheirinho Pode Ocorrer em S\u00e3o Jos\u00e9 dos Campos: A Comunidade do Banhado sob Amea\u00e7a de Remo\u00e7\u00e3o - RioOnWatch","robots":{"index":"index","follow":"follow","max-snippet":"max-snippet:-1","max-image-preview":"max-image-preview:large","max-video-preview":"max-video-preview:-1"},"canonical":"https:\/\/rioonwatch.org.br\/?p=62546","og_locale":"pt_BR","og_type":"article","og_title":"Um Novo Massacre do Pinheirinho Pode Ocorrer em S\u00e3o Jos\u00e9 dos Campos: A Comunidade do Banhado sob Amea\u00e7a de Remo\u00e7\u00e3o - RioOnWatch","og_description":"Click Here for English Desde o \u00faltimo dia 7 de julho, a comunidade do Banhado se encontra sitiada pelas for\u00e7as da Pol\u00edcia Militar e da Guarda Civil Municipal. Abordagens truculentas, carros multados, invas\u00e3o de domic\u00edlios, [...]","og_url":"https:\/\/rioonwatch.org.br\/?p=62546","og_site_name":"RioOnWatch","article_published_time":"2022-09-12T12:49:30+00:00","article_modified_time":"2023-07-25T03:56:45+00:00","og_image":[{"width":1030,"height":579,"url":"https:\/\/rioonwatch.org.br\/wp-content\/uploads\/2022\/08\/Policiais-na-Comunidade-do-Banhado.-Foto-Douglas-Almeida-e1661891885138.jpeg","type":"image\/jpeg"}],"author":"Yasmin Quaife","twitter_card":"summary_large_image","twitter_misc":{"Escrito por":"Yasmin Quaife","Est. tempo de leitura":"20 minutos"},"schema":{"@context":"https:\/\/schema.org","@graph":[{"@type":"Article","@id":"https:\/\/rioonwatch.org.br\/?p=62546#article","isPartOf":{"@id":"https:\/\/rioonwatch.org.br\/?p=62546"},"author":{"name":"Yasmin Quaife","@id":"https:\/\/rioonwatch.org.br\/#\/schema\/person\/c24a498aad30b78208bad34d0387a95f"},"headline":"Um Novo Massacre do Pinheirinho Pode Ocorrer em S\u00e3o Jos\u00e9 dos Campos: A Comunidade do Banhado sob Amea\u00e7a de Remo\u00e7\u00e3o","datePublished":"2022-09-12T12:49:30+00:00","dateModified":"2023-07-25T03:56:45+00:00","mainEntityOfPage":{"@id":"https:\/\/rioonwatch.org.br\/?p=62546"},"wordCount":3458,"publisher":{"@id":"https:\/\/rioonwatch.org.br\/#organization"},"image":{"@id":"https:\/\/rioonwatch.org.br\/?p=62546#primaryimage"},"thumbnailUrl":"https:\/\/rioonwatch.org.br\/wp-content\/uploads\/2022\/08\/Policiais-na-Comunidade-do-Banhado.-Foto-Douglas-Almeida-e1661891885138.jpeg","keywords":["Banhado","BID","compara\u00e7\u00e3o nacional","Defensoria P\u00fablica","especula\u00e7\u00e3o imobili\u00e1ria","hist\u00f3ria","IAB","ind\u00edgenas","Parceria P\u00fablico-Privada","Plano Diretor","Quilombo","regulariza\u00e7\u00e3o fundi\u00e1ria","Remo\u00e7\u00e3o","S\u00e3o Jos\u00e9 dos Campos","S\u00e3o Paulo","sentimento de pertencimento","T\u00e1ticas de remo\u00e7\u00e3o: corte de servi\u00e7os","T\u00e1ticas de remo\u00e7\u00e3o: dividir para conquistar","T\u00e1ticas de remo\u00e7\u00e3o: intimida\u00e7\u00e3o","viola\u00e7\u00f5es"],"articleSection":["#OlhoNasRemo\u00e7\u00f5es","*Destaque","Den\u00fancias","Seguran\u00e7a P\u00fablica"],"inLanguage":"pt-BR"},{"@type":"WebPage","@id":"https:\/\/rioonwatch.org.br\/?p=62546","url":"https:\/\/rioonwatch.org.br\/?p=62546","name":"Um Novo Massacre do Pinheirinho Pode Ocorrer em S\u00e3o Jos\u00e9 dos Campos: A Comunidade do Banhado sob Amea\u00e7a de Remo\u00e7\u00e3o - RioOnWatch","isPartOf":{"@id":"https:\/\/rioonwatch.org.br\/#website"},"primaryImageOfPage":{"@id":"https:\/\/rioonwatch.org.br\/?p=62546#primaryimage"},"image":{"@id":"https:\/\/rioonwatch.org.br\/?p=62546#primaryimage"},"thumbnailUrl":"https:\/\/rioonwatch.org.br\/wp-content\/uploads\/2022\/08\/Policiais-na-Comunidade-do-Banhado.-Foto-Douglas-Almeida-e1661891885138.jpeg","datePublished":"2022-09-12T12:49:30+00:00","dateModified":"2023-07-25T03:56:45+00:00","breadcrumb":{"@id":"https:\/\/rioonwatch.org.br\/?p=62546#breadcrumb"},"inLanguage":"pt-BR","potentialAction":[{"@type":"ReadAction","target":["https:\/\/rioonwatch.org.br\/?p=62546"]}]},{"@type":"ImageObject","inLanguage":"pt-BR","@id":"https:\/\/rioonwatch.org.br\/?p=62546#primaryimage","url":"https:\/\/rioonwatch.org.br\/wp-content\/uploads\/2022\/08\/Policiais-na-Comunidade-do-Banhado.-Foto-Douglas-Almeida-e1661891885138.jpeg","contentUrl":"https:\/\/rioonwatch.org.br\/wp-content\/uploads\/2022\/08\/Policiais-na-Comunidade-do-Banhado.-Foto-Douglas-Almeida-e1661891885138.jpeg","width":1030,"height":579,"caption":"Policiais na comunidade do Banhado. Foto: Douglas Almeida"},{"@type":"BreadcrumbList","@id":"https:\/\/rioonwatch.org.br\/?p=62546#breadcrumb","itemListElement":[{"@type":"ListItem","position":1,"name":"In\u00edcio","item":"https:\/\/rioonwatch.org.br\/"},{"@type":"ListItem","position":2,"name":"Um Novo Massacre do Pinheirinho Pode Ocorrer em S\u00e3o Jos\u00e9 dos Campos: A Comunidade do Banhado sob Amea\u00e7a de Remo\u00e7\u00e3o"}]},{"@type":"WebSite","@id":"https:\/\/rioonwatch.org.br\/#website","url":"https:\/\/rioonwatch.org.br\/","name":"RioOnWatch","description":"relatos das favelas cariocas","publisher":{"@id":"https:\/\/rioonwatch.org.br\/#organization"},"potentialAction":[{"@type":"SearchAction","target":{"@type":"EntryPoint","urlTemplate":"https:\/\/rioonwatch.org.br\/?s={search_term_string}"},"query-input":{"@type":"PropertyValueSpecification","valueRequired":true,"valueName":"search_term_string"}}],"inLanguage":"pt-BR"},{"@type":"Organization","@id":"https:\/\/rioonwatch.org.br\/#organization","name":"RioOnWatch","url":"https:\/\/rioonwatch.org.br\/","logo":{"@type":"ImageObject","inLanguage":"pt-BR","@id":"https:\/\/rioonwatch.org.br\/#\/schema\/logo\/image\/","url":"https:\/\/rioonwatch.org.br\/wp-content\/uploads\/2021\/06\/RioOnWatchcabecalhoPT11anos-2.png","contentUrl":"https:\/\/rioonwatch.org.br\/wp-content\/uploads\/2021\/06\/RioOnWatchcabecalhoPT11anos-2.png","width":779,"height":277,"caption":"RioOnWatch"},"image":{"@id":"https:\/\/rioonwatch.org.br\/#\/schema\/logo\/image\/"}},{"@type":"Person","@id":"https:\/\/rioonwatch.org.br\/#\/schema\/person\/c24a498aad30b78208bad34d0387a95f","name":"Yasmin Quaife","image":{"@type":"ImageObject","inLanguage":"pt-BR","@id":"https:\/\/rioonwatch.org.br\/#\/schema\/person\/image\/","url":"https:\/\/secure.gravatar.com\/avatar\/5640846c69dc5ca694c06e25d7c89cf6?s=96&d=blank&r=g","contentUrl":"https:\/\/secure.gravatar.com\/avatar\/5640846c69dc5ca694c06e25d7c89cf6?s=96&d=blank&r=g","caption":"Yasmin Quaife"},"url":"https:\/\/rioonwatch.org.br\/?author=178"}]}},"_links":{"self":[{"href":"https:\/\/rioonwatch.org.br\/index.php?rest_route=\/wp\/v2\/posts\/62546"}],"collection":[{"href":"https:\/\/rioonwatch.org.br\/index.php?rest_route=\/wp\/v2\/posts"}],"about":[{"href":"https:\/\/rioonwatch.org.br\/index.php?rest_route=\/wp\/v2\/types\/post"}],"author":[{"embeddable":true,"href":"https:\/\/rioonwatch.org.br\/index.php?rest_route=\/wp\/v2\/users\/178"}],"replies":[{"embeddable":true,"href":"https:\/\/rioonwatch.org.br\/index.php?rest_route=%2Fwp%2Fv2%2Fcomments&post=62546"}],"version-history":[{"count":38,"href":"https:\/\/rioonwatch.org.br\/index.php?rest_route=\/wp\/v2\/posts\/62546\/revisions"}],"predecessor-version":[{"id":69723,"href":"https:\/\/rioonwatch.org.br\/index.php?rest_route=\/wp\/v2\/posts\/62546\/revisions\/69723"}],"wp:featuredmedia":[{"embeddable":true,"href":"https:\/\/rioonwatch.org.br\/index.php?rest_route=\/wp\/v2\/media\/62637"}],"wp:attachment":[{"href":"https:\/\/rioonwatch.org.br\/index.php?rest_route=%2Fwp%2Fv2%2Fmedia&parent=62546"}],"wp:term":[{"taxonomy":"category","embeddable":true,"href":"https:\/\/rioonwatch.org.br\/index.php?rest_route=%2Fwp%2Fv2%2Fcategories&post=62546"},{"taxonomy":"post_tag","embeddable":true,"href":"https:\/\/rioonwatch.org.br\/index.php?rest_route=%2Fwp%2Fv2%2Ftags&post=62546"},{"taxonomy":"writer","embeddable":true,"href":"https:\/\/rioonwatch.org.br\/index.php?rest_route=%2Fwp%2Fv2%2Fwriter&post=62546"},{"taxonomy":"translator","embeddable":true,"href":"https:\/\/rioonwatch.org.br\/index.php?rest_route=%2Fwp%2Fv2%2Ftranslator&post=62546"},{"taxonomy":"source","embeddable":true,"href":"https:\/\/rioonwatch.org.br\/index.php?rest_route=%2Fwp%2Fv2%2Fsource&post=62546"},{"taxonomy":"ilustrador","embeddable":true,"href":"https:\/\/rioonwatch.org.br\/index.php?rest_route=%2Fwp%2Fv2%2Filustrador&post=62546"},{"taxonomy":"fotografo","embeddable":true,"href":"https:\/\/rioonwatch.org.br\/index.php?rest_route=%2Fwp%2Fv2%2Ffotografo&post=62546"}],"curies":[{"name":"wp","href":"https:\/\/api.w.org\/{rel}","templated":true}]}}