{"id":62712,"date":"2022-09-19T09:32:01","date_gmt":"2022-09-19T12:32:01","guid":{"rendered":"https:\/\/rioonwatch.org.br\/?p=62712"},"modified":"2024-06-20T16:23:09","modified_gmt":"2024-06-20T19:23:09","slug":"seis-anos-apos-acordo-prefeitura-do-rio-da-inicio-as-obras-de-construcao-dos-espacos-de-convivencia-da-vila-autodromo-imagens","status":"publish","type":"post","link":"https:\/\/rioonwatch.org.br\/?p=62712","title":{"rendered":"Seis Anos Ap\u00f3s Acordo, Prefeitura do Rio D\u00e1 In\u00edcio \u00e0s Obras de Constru\u00e7\u00e3o dos Espa\u00e7os de Conviv\u00eancia da Vila Aut\u00f3dromo [IMAGENS]"},"content":{"rendered":"<figure id=\"attachment_62819\" aria-describedby=\"caption-attachment-62819\" style=\"width: 2010px\" class=\"wp-caption alignright\"><a href=\"https:\/\/rioonwatch.org.br\/wp-content\/uploads\/2022\/09\/Luiz-Claudio-presencia-inicia-das-obras.png\"><img fetchpriority=\"high\" decoding=\"async\" class=\"wp-image-62819 size-full\" title=\"Luiz Cl\u00e1udio Silva, morador e representante do Museu das Remo\u00e7\u00f5es, observa a placa de identifica\u00e7\u00e3o das obras na entrada da comunidade. Foto: Alexandre Cerqueira\" src=\"https:\/\/rioonwatch.org.br\/wp-content\/uploads\/2022\/09\/Luiz-Claudio-presencia-inicia-das-obras.png\" alt=\"Luiz Cl\u00e1udio Silva, morador e representante do Museu das Remo\u00e7\u00f5es, observa a placa de identifica\u00e7\u00e3o das obras na entrada da comunidade. Foto: Alexandre Cerqueira\" width=\"2010\" height=\"916\" srcset=\"https:\/\/rioonwatch.org.br\/wp-content\/uploads\/2022\/09\/Luiz-Claudio-presencia-inicia-das-obras.png 2010w, https:\/\/rioonwatch.org.br\/wp-content\/uploads\/2022\/09\/Luiz-Claudio-presencia-inicia-das-obras-620x283.png 620w, https:\/\/rioonwatch.org.br\/wp-content\/uploads\/2022\/09\/Luiz-Claudio-presencia-inicia-das-obras-1380x629.png 1380w\" sizes=\"(max-width: 2010px) 100vw, 2010px\" \/><\/a><figcaption id=\"caption-attachment-62819\" class=\"wp-caption-text\">Luiz Cl\u00e1udio Silva, morador e representante do Museu das Remo\u00e7\u00f5es, observa a placa de identifica\u00e7\u00e3o das obras na entrada da comunidade. Foto: Alexandre Cerqueira<\/figcaption><\/figure>\n<h4 style=\"text-align: right;\"><em><strong><a href=\"https:\/\/bit.ly\/3SyTDlY\" target=\"_blank\" rel=\"noopener noreferrer\">Click Here for English<\/a><a href=\"https:\/\/bit.ly\/3SyTDlY\" target=\"_blank\" rel=\"noopener noreferrer\"><img decoding=\"async\" class=\"alignright wp-image-15790\" src=\"https:\/\/rioonwatch.org.br\/wp-content\/uploads\/2012\/08\/EN-standard-e1439583104716.jpg\" alt=\"\" width=\"20\" height=\"20\" \/><\/a><\/strong><\/em><\/h4>\n<p><span style=\"font-weight: 400;\">Desde julho de 2022, a Prefeitura do Rio de Janeiro tem realizado etapas da segunda parte das obras destinadas \u00e0 urbaniza\u00e7\u00e3o da <\/span><a href=\"http:\/\/bit.ly\/HistoriaDaVila\" target=\"_blank\" rel=\"noopener\"><span style=\"font-weight: 400;\">Vila Aut\u00f3dromo<\/span><\/a>, na Zona Oeste da cidade<span style=\"font-weight: 400;\">. Depois que cerca de 700 fam\u00edlias foram <\/span><span style=\"font-weight: 400;\"><a href=\"https:\/\/bit.ly\/3RlvVZS\" target=\"_blank\" rel=\"noopener\">desapropriadas<\/a> durante os anos que antecederam os Jogos Ol\u00edmpicos no Rio de Janeiro<\/span><span style=\"font-weight: 400;\"> em 2016, a Prefeitura, sob o segundo mandato de <\/span><a href=\"http:\/\/bit.ly\/2XByjQA\" target=\"_blank\" rel=\"noopener\"><span style=\"font-weight: 400;\">Eduardo Paes<\/span><\/a><span style=\"font-weight: 400;\">, <a href=\"http:\/\/bit.ly\/1XpfSbp\" target=\"_blank\" rel=\"noopener\">acordou com as 20 fam\u00edlias<\/a> que conseguiram resistir os v\u00e1rios processes e ondas de remo\u00e7\u00e3o at\u00e9 ent\u00e3o, que seriam reassentadas dentro do terreno da Vila, em casas entregues at\u00e9 29 de julho de 2016, o in\u00edcio dos Jogos. <a href=\"http:\/\/bit.ly\/1XpfSbp\" target=\"_blank\" rel=\"noopener\">Prometeu-se tamb\u00e9m<\/a> que obras dos espa\u00e7os p\u00fablicos de conviv\u00eancia come\u00e7ariam 60 dias ap\u00f3s o t\u00e9rmino das Paralimp\u00edadas, no dia 18 de setembro daquele ano.<\/span><\/p>\n<p><span style=\"font-weight: 400;\">Agora, seis anos depois da determina\u00e7\u00e3o ser oficializada, trabalhadores da Empresa Municipal de Urbaniza\u00e7\u00e3o deram in\u00edcio \u00e0s obras de constru\u00e7\u00e3o do centro cultural, da pra\u00e7a infantil e da quadra poliesportiva na comunidade Vila Aut\u00f3dromo. Essa entrega \u00e9 mais um resultado da <a href=\"http:\/\/bit.ly\/2kKd1AN\" target=\"_blank\" rel=\"noopener\">constante luta<\/a> dos moradores que <a href=\"https:\/\/rioonwatch.org.br\/?p=27227\" target=\"_blank\" rel=\"noopener\">resistiram<\/a> para permanecer no local e v\u00eam lutando at\u00e9 os dias de hoje.<\/span><\/p>\n<figure id=\"attachment_62715\" aria-describedby=\"caption-attachment-62715\" style=\"width: 1030px\" class=\"wp-caption aligncenter\"><a href=\"https:\/\/rioonwatch.org.br\/wp-content\/uploads\/2022\/09\/Um-chefe-de-obras-da-Empresa-Municipal-de-Urbanizacao-mostra-a-planta-do-projeto-da-praca-infantil.-Foto-Alexandre-Cerqueira-scaled.jpg\"><img decoding=\"async\" class=\"wp-image-62715\" title=\"Um chefe de obras da Empresa Municipal de Urbaniza\u00e7\u00e3o mostra a planta do projeto da pra\u00e7a infantil. Foto: Alexandre Cerqueira\" src=\"https:\/\/rioonwatch.org.br\/wp-content\/uploads\/2022\/09\/Um-chefe-de-obras-da-Empresa-Municipal-de-Urbanizacao-mostra-a-planta-do-projeto-da-praca-infantil.-Foto-Alexandre-Cerqueira-scaled.jpg\" alt=\"Um chefe de obras da Empresa Municipal de Urbaniza\u00e7\u00e3o mostra a planta do projeto da pra\u00e7a infantil. Foto: Alexandre Cerqueira\" width=\"1030\" height=\"687\" srcset=\"https:\/\/rioonwatch.org.br\/wp-content\/uploads\/2022\/09\/Um-chefe-de-obras-da-Empresa-Municipal-de-Urbanizacao-mostra-a-planta-do-projeto-da-praca-infantil.-Foto-Alexandre-Cerqueira-scaled.jpg 2560w, https:\/\/rioonwatch.org.br\/wp-content\/uploads\/2022\/09\/Um-chefe-de-obras-da-Empresa-Municipal-de-Urbanizacao-mostra-a-planta-do-projeto-da-praca-infantil.-Foto-Alexandre-Cerqueira-620x413.jpg 620w, https:\/\/rioonwatch.org.br\/wp-content\/uploads\/2022\/09\/Um-chefe-de-obras-da-Empresa-Municipal-de-Urbanizacao-mostra-a-planta-do-projeto-da-praca-infantil.-Foto-Alexandre-Cerqueira-944x629.jpg 944w\" sizes=\"(max-width: 1030px) 100vw, 1030px\" \/><\/a><figcaption id=\"caption-attachment-62715\" class=\"wp-caption-text\">Um chefe de obras da Empresa Municipal de Urbaniza\u00e7\u00e3o mostra a planta do projeto da pra\u00e7a infantil. Foto: Alexandre Cerqueira<\/figcaption><\/figure>\n<p><span style=\"font-weight: 400;\">Luiz Cl\u00e1udio Silva, um dos moradores que lutaram e permanecem na Vila Aut\u00f3dromo at\u00e9 os dias de hoje, explica como se deu <a href=\"http:\/\/bit.ly\/1XpfSbp\" target=\"_blank\" rel=\"noopener\">o acordo<\/a> em 13 de abril de 2016 para a realiza\u00e7\u00e3o das obras de reconstru\u00e7\u00e3o da comunidade, devastada pelo processo traum\u00e1tico de remo\u00e7\u00e3o for\u00e7ada: <\/span><span style=\"font-weight: 400;\">\u201cQuando foram entregues essas casas teve um contrato feito no coletivo e a <a href=\"http:\/\/bit.ly\/2KttUvh\" target=\"_blank\" rel=\"noopener\">Defensoria P\u00fablica<\/a> acoplou neste contrato a obra das benfeitorias f\u00edsicas porque s\u00e3o <a href=\"http:\/\/bit.ly\/1khmTxR\" target=\"_blank\" rel=\"noopener\">espa\u00e7os f\u00edsicos que foram destru\u00eddos<\/a> por liminares de ju\u00edzes. Nos foi <a href=\"http:\/\/bit.ly\/1WLtygo\" target=\"_blank\" rel=\"noopener\">tirado a associa\u00e7\u00e3o<\/a> que tamb\u00e9m era um espa\u00e7o cultural, o <a href=\"http:\/\/bit.ly\/1khmTxR\" target=\"_blank\" rel=\"noopener\">parquinho<\/a> e a<\/span><span style=\"font-weight: 400;\"><a href=\"http:\/\/bit.ly\/VilaNo3\" target=\"_blank\" rel=\"noopener\"> quadra<\/a>&#8220;.<\/span><\/p>\n<figure id=\"attachment_62717\" aria-describedby=\"caption-attachment-62717\" style=\"width: 1030px\" class=\"wp-caption aligncenter\"><a href=\"https:\/\/rioonwatch.org.br\/wp-content\/uploads\/2022\/09\/Local-onde-sera-construida-a-praca-infantil-no-final-da-rua-Vila-Autodromo.-Foto-Alexandre-Cerqueira-scaled.jpg\"><img loading=\"lazy\" decoding=\"async\" class=\"wp-image-62717\" title=\"Local onde ser\u00e1 constru\u00edda a pra\u00e7a infantil no final da rua Vila Aut\u00f3dromo. Foto: Alexandre Cerqueira\" src=\"https:\/\/rioonwatch.org.br\/wp-content\/uploads\/2022\/09\/Local-onde-sera-construida-a-praca-infantil-no-final-da-rua-Vila-Autodromo.-Foto-Alexandre-Cerqueira-scaled.jpg\" alt=\"Local onde ser\u00e1 constru\u00edda a pra\u00e7a infantil no final da rua Vila Aut\u00f3dromo. Foto: Alexandre Cerqueira\" width=\"1030\" height=\"687\" srcset=\"https:\/\/rioonwatch.org.br\/wp-content\/uploads\/2022\/09\/Local-onde-sera-construida-a-praca-infantil-no-final-da-rua-Vila-Autodromo.-Foto-Alexandre-Cerqueira-scaled.jpg 2560w, https:\/\/rioonwatch.org.br\/wp-content\/uploads\/2022\/09\/Local-onde-sera-construida-a-praca-infantil-no-final-da-rua-Vila-Autodromo.-Foto-Alexandre-Cerqueira-620x413.jpg 620w, https:\/\/rioonwatch.org.br\/wp-content\/uploads\/2022\/09\/Local-onde-sera-construida-a-praca-infantil-no-final-da-rua-Vila-Autodromo.-Foto-Alexandre-Cerqueira-944x629.jpg 944w\" sizes=\"(max-width: 1030px) 100vw, 1030px\" \/><\/a><figcaption id=\"caption-attachment-62717\" class=\"wp-caption-text\">Local onde ser\u00e1 constru\u00edda a pra\u00e7a infantil no final da rua Vila Aut\u00f3dromo. Foto: Alexandre Cerqueira<\/figcaption><\/figure>\n<p><span style=\"font-weight: 400;\"><a href=\"http:\/\/bit.ly\/1THCRjN\" target=\"_blank\" rel=\"noopener\">Maria da Penha Macena<\/a>\u00a0destaca que os moradores que permaneceram decidiram n\u00e3o receber os recursos da indeniza\u00e7\u00e3o oferecidos pela Prefeitura para que a obra dos espa\u00e7os de uso p\u00fablico pudessem ser feitas: <\/span>\u201cQuando derrubaram a nossa associa\u00e7\u00e3o, teve um perito que mediu e deu uma indeniza\u00e7\u00e3o, s\u00f3 que os moradores n\u00e3o queriam. Os moradores que restaram na comunidade, essas 20 fam\u00edlias, tomaram a decis\u00e3o de que, ao inv\u00e9s de pegar essa indeniza\u00e7\u00e3o, a prefeitura faria a parte da obra que \u00e9 a associa\u00e7\u00e3o de moradores. Na \u00e9poca, era de cerca de R$650.000 e a gente n\u00e3o recebeu esse dinheiro. Est\u00e1 em ju\u00edzo para poder fazer a segunda parte da obra, que \u00e9 essa que est\u00e1 sendo conclu\u00edda agora. O certo teria sido [entregar a obra] dois meses ap\u00f3s as Paraolimp\u00edadas [segundo] o contrato extrajudicial\u201d.<\/p>\n<figure id=\"attachment_62718\" aria-describedby=\"caption-attachment-62718\" style=\"width: 1030px\" class=\"wp-caption aligncenter\"><a href=\"https:\/\/rioonwatch.org.br\/wp-content\/uploads\/2022\/09\/Trabalhadores-da-Empresa-Municipal-de-Obras-Publicas-e-Servicos-EMOP-preparam-o-solo-que-ira-receber-o-concreto.-Foto-Alexandre-Cerqueira-scaled.jpg\"><img loading=\"lazy\" decoding=\"async\" class=\"wp-image-62718\" title=\"Trabalhadores da Empresa Municipal de Obras P\u00fablicas e Servi\u00e7os (EMOP) preparam o solo que ir\u00e1 receber o concreto. Foto: Alexandre Cerqueira\" src=\"https:\/\/rioonwatch.org.br\/wp-content\/uploads\/2022\/09\/Trabalhadores-da-Empresa-Municipal-de-Obras-Publicas-e-Servicos-EMOP-preparam-o-solo-que-ira-receber-o-concreto.-Foto-Alexandre-Cerqueira-scaled.jpg\" alt=\"Trabalhadores da Empresa Municipal de Obras P\u00fablicas e Servi\u00e7os (EMOP) preparam o solo que ir\u00e1 receber o concreto. Foto: Alexandre Cerqueira\" width=\"1030\" height=\"687\" srcset=\"https:\/\/rioonwatch.org.br\/wp-content\/uploads\/2022\/09\/Trabalhadores-da-Empresa-Municipal-de-Obras-Publicas-e-Servicos-EMOP-preparam-o-solo-que-ira-receber-o-concreto.-Foto-Alexandre-Cerqueira-scaled.jpg 2560w, https:\/\/rioonwatch.org.br\/wp-content\/uploads\/2022\/09\/Trabalhadores-da-Empresa-Municipal-de-Obras-Publicas-e-Servicos-EMOP-preparam-o-solo-que-ira-receber-o-concreto.-Foto-Alexandre-Cerqueira-620x413.jpg 620w, https:\/\/rioonwatch.org.br\/wp-content\/uploads\/2022\/09\/Trabalhadores-da-Empresa-Municipal-de-Obras-Publicas-e-Servicos-EMOP-preparam-o-solo-que-ira-receber-o-concreto.-Foto-Alexandre-Cerqueira-944x629.jpg 944w\" sizes=\"(max-width: 1030px) 100vw, 1030px\" \/><\/a><figcaption id=\"caption-attachment-62718\" class=\"wp-caption-text\">Trabalhadores da Empresa Municipal de Obras P\u00fablicas e Servi\u00e7os (EMOP) preparam o solo que ir\u00e1 receber o concreto. Foto: Alexandre Cerqueira<\/figcaption><\/figure>\n<p><span style=\"font-weight: 400;\">\u201cA Paralimp\u00edada acabou no dia 22 de setembro de 2016. Pelo contrato assinado pela prefeitura, Defensoria e n\u00f3s, moradores, era para eles terem iniciado essas obras h\u00e1 seis anos. Era uma obra para ter sido entregue em oito meses [ainda em 2017]. A atual obra, falaram que duraria cinco meses, mas agora j\u00e1 falam em oito&#8221;, detalha Luiz Cl\u00e1udio. <\/span><\/p>\n<p><span style=\"font-weight: 400;\">Ele continua explicando que a Defensoria recorria, e a prefeitura tamb\u00e9m, at\u00e9 os dias de hoje quando a prefeitura est\u00e1 &#8220;fazendo agora porque n\u00e3o tem mais como recorrer. <\/span><span style=\"font-weight: 400;\">Coincidentemente ou n\u00e3o, com a volta do Eduardo Paes \u00e0 prefeitura [em seu terceiro mandato, em 2021], a justi\u00e7a bateu o martelo e ele tem que fazer&#8221;.<\/span><\/p>\n<p>Luiz Cl\u00e1udio completa: &#8220;Quando era prefeito antes, Paes n\u00e3o cumpriu. Entrou o Crivella que tamb\u00e9m n\u00e3o deu a m\u00ednima para a gente. A Defensoria cobrou a pedido dos moradores e eles nem nos atendiam. N\u00e3o conseguimos nem uma reuni\u00e3o com o Crivella. A\u00ed o Eduardo volta para a prefeitura, continua o cabo de guerra e n\u00e3o cumpre o prometido. Agora ele s\u00f3 est\u00e1 cumprindo por causa da a\u00e7\u00e3o judicial mesmo\u201d.<\/p>\n<figure id=\"attachment_62719\" aria-describedby=\"caption-attachment-62719\" style=\"width: 1030px\" class=\"wp-caption aligncenter\"><a href=\"https:\/\/rioonwatch.org.br\/wp-content\/uploads\/2022\/09\/Luiz-Claudio-visita-diariamente-as-obras-para-registrar-e-acompanhar-o-seu-desenvolvimento.-Foto-Alexandre-Cerqueira-scaled.jpg\"><img loading=\"lazy\" decoding=\"async\" class=\"wp-image-62719\" title=\"Luiz Cl\u00e1udio visita diariamente as obras para registrar e acompanhar o seu desenvolvimento.\u00a0Foto: Alexandre Cerqueira\" src=\"https:\/\/rioonwatch.org.br\/wp-content\/uploads\/2022\/09\/Luiz-Claudio-visita-diariamente-as-obras-para-registrar-e-acompanhar-o-seu-desenvolvimento.-Foto-Alexandre-Cerqueira-scaled.jpg\" alt=\"Luiz Cl\u00e1udio visita diariamente as obras para registrar e acompanhar o seu desenvolvimento.\u00a0Foto: Alexandre Cerqueira\" width=\"1030\" height=\"687\" srcset=\"https:\/\/rioonwatch.org.br\/wp-content\/uploads\/2022\/09\/Luiz-Claudio-visita-diariamente-as-obras-para-registrar-e-acompanhar-o-seu-desenvolvimento.-Foto-Alexandre-Cerqueira-scaled.jpg 2560w, https:\/\/rioonwatch.org.br\/wp-content\/uploads\/2022\/09\/Luiz-Claudio-visita-diariamente-as-obras-para-registrar-e-acompanhar-o-seu-desenvolvimento.-Foto-Alexandre-Cerqueira-620x413.jpg 620w, https:\/\/rioonwatch.org.br\/wp-content\/uploads\/2022\/09\/Luiz-Claudio-visita-diariamente-as-obras-para-registrar-e-acompanhar-o-seu-desenvolvimento.-Foto-Alexandre-Cerqueira-944x629.jpg 944w\" sizes=\"(max-width: 1030px) 100vw, 1030px\" \/><\/a><figcaption id=\"caption-attachment-62719\" class=\"wp-caption-text\">Luiz Cl\u00e1udio visita diariamente as obras para registrar e acompanhar o seu desenvolvimento.\u00a0Foto: Alexandre Cerqueira<\/figcaption><\/figure>\n<p><span style=\"font-weight: 400;\">De maneira similar, Luiz Cl\u00e1udio manifesta como a constru\u00e7\u00e3o desses espa\u00e7os ir\u00e1 finalmente beneficiar a Vila Aut\u00f3dromo. Segundo ele, isso ocorrer\u00e1 em dois sentidos, no acesso ao lazer e na manuten\u00e7\u00e3o da mem\u00f3ria da comunidade: <\/span>\u201cA quadra era de 12x24m, poliesportiva; o parquinho eles chamam de centro comunit\u00e1rio no projeto deles, mas a gente, morador, chama de centro cultural. Ele vai funcionar como associa\u00e7\u00e3o e centro cultural e vai fazer parte do <a href=\"https:\/\/bit.ly\/2xDbMLp\" target=\"_blank\" rel=\"noopener\">Museu das Remo\u00e7\u00f5es<\/a>. Enfim, n\u00f3s vamos ter espa\u00e7o para o nosso museu. Ontem mesmo a gente teve um grupo da PUC-Bras\u00edlia e a gente n\u00e3o tem onde expor nosso acervo. E agora a gente vai ter esse espa\u00e7o para servir \u00e0 comunidade\u201d.<\/p>\n<figure id=\"attachment_62720\" aria-describedby=\"caption-attachment-62720\" style=\"width: 1030px\" class=\"wp-caption aligncenter\"><a href=\"https:\/\/rioonwatch.org.br\/wp-content\/uploads\/2022\/09\/Local-onde-sera-construido-o-centro-cultural-da-Vila-Autodromo.-Foto-Alexandre-Cerqueira-scaled.jpg\"><img loading=\"lazy\" decoding=\"async\" class=\"wp-image-62720\" title=\"Local onde ser\u00e1 constru\u00eddo o centro cultural da Vila Aut\u00f3dromo.\u00a0Foto: Alexandre Cerqueira\" src=\"https:\/\/rioonwatch.org.br\/wp-content\/uploads\/2022\/09\/Local-onde-sera-construido-o-centro-cultural-da-Vila-Autodromo.-Foto-Alexandre-Cerqueira-scaled.jpg\" alt=\"Local onde ser\u00e1 constru\u00eddo o centro cultural da Vila Aut\u00f3dromo.\u00a0Foto: Alexandre Cerqueira\" width=\"1030\" height=\"687\" srcset=\"https:\/\/rioonwatch.org.br\/wp-content\/uploads\/2022\/09\/Local-onde-sera-construido-o-centro-cultural-da-Vila-Autodromo.-Foto-Alexandre-Cerqueira-scaled.jpg 2560w, https:\/\/rioonwatch.org.br\/wp-content\/uploads\/2022\/09\/Local-onde-sera-construido-o-centro-cultural-da-Vila-Autodromo.-Foto-Alexandre-Cerqueira-620x413.jpg 620w, https:\/\/rioonwatch.org.br\/wp-content\/uploads\/2022\/09\/Local-onde-sera-construido-o-centro-cultural-da-Vila-Autodromo.-Foto-Alexandre-Cerqueira-944x629.jpg 944w\" sizes=\"(max-width: 1030px) 100vw, 1030px\" \/><\/a><figcaption id=\"caption-attachment-62720\" class=\"wp-caption-text\">Local onde ser\u00e1 constru\u00eddo o centro cultural da Vila Aut\u00f3dromo.\u00a0Foto: Alexandre Cerqueira<\/figcaption><\/figure>\n<p><span style=\"font-weight: 400;\">Luis Felipe, 22, funcion\u00e1rio da Empresa Municipal de Urbaniza\u00e7\u00e3o (<\/span><a href=\"https:\/\/bit.ly\/3L6g0Nc\" target=\"_blank\" rel=\"noopener\"><span style=\"font-weight: 400;\">Rio-Urbe<\/span><\/a><span style=\"font-weight: 400;\">), convocado para as obras, compartilha o que ele pensa do trabalho que vem realizando: <\/span>\u201cQuero dizer que daqui para frente a obra vai ficar bonita, tudo nos conformes e s\u00f3 melhoria. Da\u00ed as crian\u00e7as v\u00eam brincar, vai ter uma quadra l\u00e1 na frente, tudo de bom. As crian\u00e7as precisam \u00e9 de futebol, distrair a mente, ter uma coisa que n\u00e3o seja o celular. Hoje em dia \u00e9 tudo celular, ent\u00e3o, tendo a quadra, os balan\u00e7os e brinquedos, elas v\u00eam se distrair. E \u00e9 isso, a obra est\u00e1 fluindo e daqui para frente \u00e9 s\u00f3 melhoria. A gente pega 7h e larga 17h at\u00e9 o ano que vem\u201d.<\/p>\n<figure id=\"attachment_62721\" aria-describedby=\"caption-attachment-62721\" style=\"width: 1030px\" class=\"wp-caption aligncenter\"><a href=\"https:\/\/rioonwatch.org.br\/wp-content\/uploads\/2022\/09\/Funcionarios-da-Rio-Urbe-fazem-medicoes-para-alinhar-a-construcao-da-calcada.-Foto-Alexandre-Cerqueira-scaled.jpg\"><img loading=\"lazy\" decoding=\"async\" class=\"wp-image-62721\" title=\"Funcion\u00e1rios da Rio-Urbe fazem medi\u00e7\u00f5es para alinhar a constru\u00e7\u00e3o da cal\u00e7ada. Foto: Alexandre Cerqueira\" src=\"https:\/\/rioonwatch.org.br\/wp-content\/uploads\/2022\/09\/Funcionarios-da-Rio-Urbe-fazem-medicoes-para-alinhar-a-construcao-da-calcada.-Foto-Alexandre-Cerqueira-scaled.jpg\" alt=\"Funcion\u00e1rios da Rio-Urbe fazem medi\u00e7\u00f5es para alinhar a constru\u00e7\u00e3o da cal\u00e7ada. Foto: Alexandre Cerqueira\" width=\"1030\" height=\"687\" srcset=\"https:\/\/rioonwatch.org.br\/wp-content\/uploads\/2022\/09\/Funcionarios-da-Rio-Urbe-fazem-medicoes-para-alinhar-a-construcao-da-calcada.-Foto-Alexandre-Cerqueira-scaled.jpg 2560w, https:\/\/rioonwatch.org.br\/wp-content\/uploads\/2022\/09\/Funcionarios-da-Rio-Urbe-fazem-medicoes-para-alinhar-a-construcao-da-calcada.-Foto-Alexandre-Cerqueira-620x413.jpg 620w, https:\/\/rioonwatch.org.br\/wp-content\/uploads\/2022\/09\/Funcionarios-da-Rio-Urbe-fazem-medicoes-para-alinhar-a-construcao-da-calcada.-Foto-Alexandre-Cerqueira-944x629.jpg 944w\" sizes=\"(max-width: 1030px) 100vw, 1030px\" \/><\/a><figcaption id=\"caption-attachment-62721\" class=\"wp-caption-text\">Funcion\u00e1rios da Rio-Urbe fazem medi\u00e7\u00f5es para alinhar a constru\u00e7\u00e3o da cal\u00e7ada. Foto: Alexandre Cerqueira<\/figcaption><\/figure>\n<p><span style=\"font-weight: 400;\">Maria da Penha destaca \u00e0 inexist\u00eancia de di\u00e1logo com a prefeitura e da participa\u00e7\u00e3o de moradores nesse processo, um <a href=\"http:\/\/bit.ly\/DCBAtivos\" target=\"_blank\" rel=\"noopener\">padr\u00e3o dos governos nas comunidades<\/a> do Rio de Janeiro: <\/span>\u201cEles n\u00e3o v\u00eam procurar a gente. Eu lembro que a gente abordou eles enquanto estavam medindo [espa\u00e7os na comunidade], se eu n\u00e3o me engano em 2019, ainda no Crivella. N\u00f3s abordamos eles, um grupo de pessoas da Prefeitura, e eles disseram que a obra iria sair. A\u00ed eles sumiram e nunca mais vieram, desapareceram e recorreram de novo. <span style=\"font-weight: 400;\">No in\u00edcio de junho, eles vieram com um grupo de pessoas observando os espa\u00e7os e Luiz abordou eles<\/span><i><span style=\"font-weight: 400;\">.<\/span><\/i><span style=\"font-weight: 400;\"> Os governantes mandam um grupo, mas eles chegam l\u00e1 e n\u00e3o conversam com ningu\u00e9m. Eles olham, v\u00e3o embora e decidem o que eles v\u00e3o fazer [sem nos ouvir], o que \u00e9 errado. Deveria ser constru\u00eddo junto: moradores e governantes\u201d.<\/span><\/p>\n<figure id=\"attachment_62722\" aria-describedby=\"caption-attachment-62722\" style=\"width: 1030px\" class=\"wp-caption aligncenter\"><a href=\"https:\/\/rioonwatch.org.br\/wp-content\/uploads\/2022\/09\/Trabalhadores-da-Rio-Urbe-espalham-terra-para-preparar-o-solo-para-receber-o-concreto.-Foto-Alexandre-Cerqueira-scaled.jpg\"><img loading=\"lazy\" decoding=\"async\" class=\"wp-image-62722\" title=\"Trabalhadores da Rio-Urbe espalham terra para preparar o solo para receber o concreto.\u00a0Foto: Alexandre Cerqueira\" src=\"https:\/\/rioonwatch.org.br\/wp-content\/uploads\/2022\/09\/Trabalhadores-da-Rio-Urbe-espalham-terra-para-preparar-o-solo-para-receber-o-concreto.-Foto-Alexandre-Cerqueira-scaled.jpg\" alt=\"Trabalhadores da Rio-Urbe espalham terra para preparar o solo para receber o concreto.\u00a0Foto: Alexandre Cerqueira\" width=\"1030\" height=\"687\" srcset=\"https:\/\/rioonwatch.org.br\/wp-content\/uploads\/2022\/09\/Trabalhadores-da-Rio-Urbe-espalham-terra-para-preparar-o-solo-para-receber-o-concreto.-Foto-Alexandre-Cerqueira-scaled.jpg 2560w, https:\/\/rioonwatch.org.br\/wp-content\/uploads\/2022\/09\/Trabalhadores-da-Rio-Urbe-espalham-terra-para-preparar-o-solo-para-receber-o-concreto.-Foto-Alexandre-Cerqueira-620x413.jpg 620w, https:\/\/rioonwatch.org.br\/wp-content\/uploads\/2022\/09\/Trabalhadores-da-Rio-Urbe-espalham-terra-para-preparar-o-solo-para-receber-o-concreto.-Foto-Alexandre-Cerqueira-944x629.jpg 944w\" sizes=\"(max-width: 1030px) 100vw, 1030px\" \/><\/a><figcaption id=\"caption-attachment-62722\" class=\"wp-caption-text\">Trabalhadores da Rio-Urbe espalham terra para preparar o solo para receber o concreto.\u00a0Foto: Alexandre Cerqueira<\/figcaption><\/figure>\n<p><span style=\"font-weight: 400;\">Reflexo desse padr\u00e3o vertical no processo decis\u00f3rio e das batalhas judiciais, Maria da Penha destaca a insatisfa\u00e7\u00e3o da Prefeitura em encontrar os moradores junto da <a href=\"https:\/\/bit.ly\/2x7dVPc\" target=\"_blank\" rel=\"noopener\">Defensoria P\u00fablica<\/a>:\u00a0<\/span><span style=\"font-weight: 400;\">\u201cN\u00f3s pedimos uma reuni\u00e3o com a Defensoria, mas eles [da Prefeitura] n\u00e3o gostaram porque eles n\u00e3o tinham trazido o pessoal jur\u00eddico deles e a gente estava com a doutora [da Defensoria]. Eu entendo assim: se n\u00f3s temos um defensor que nos defende desde o in\u00edcio da luta, tudo que acontece em rela\u00e7\u00e3o a obra junto com a prefeitura os defensores t\u00eam que estar presente que \u00e9 para poder dar atendimento, [nos] fortalecer e eles estarem cientes do que est\u00e1 acontecendo. E \u00e9 legal tamb\u00e9m que agora a defensoria tem alguns t\u00e9cnicos que acompanham, para ver se a obra realmente est\u00e1 acontecendo\u201d.<\/span><\/p>\n<figure id=\"attachment_62723\" aria-describedby=\"caption-attachment-62723\" style=\"width: 1030px\" class=\"wp-caption aligncenter\"><a href=\"https:\/\/rioonwatch.org.br\/wp-content\/uploads\/2022\/09\/Funcionarios-da-Rio-Urbe-descansam-em-uma-pequena-pausa-do-trabalho.-Foto-Alexandre-Cerqueira-scaled.jpg\"><img loading=\"lazy\" decoding=\"async\" class=\"wp-image-62723\" title=\"Funcion\u00e1rios da Rio-Urbe descansam em uma pequena pausa do trabalho. Foto: Alexandre Cerqueira\" src=\"https:\/\/rioonwatch.org.br\/wp-content\/uploads\/2022\/09\/Funcionarios-da-Rio-Urbe-descansam-em-uma-pequena-pausa-do-trabalho.-Foto-Alexandre-Cerqueira-scaled.jpg\" alt=\"Funcion\u00e1rios da Rio-Urbe descansam em uma pequena pausa do trabalho. Foto: Alexandre Cerqueira\" width=\"1030\" height=\"687\" srcset=\"https:\/\/rioonwatch.org.br\/wp-content\/uploads\/2022\/09\/Funcionarios-da-Rio-Urbe-descansam-em-uma-pequena-pausa-do-trabalho.-Foto-Alexandre-Cerqueira-scaled.jpg 2560w, https:\/\/rioonwatch.org.br\/wp-content\/uploads\/2022\/09\/Funcionarios-da-Rio-Urbe-descansam-em-uma-pequena-pausa-do-trabalho.-Foto-Alexandre-Cerqueira-620x413.jpg 620w, https:\/\/rioonwatch.org.br\/wp-content\/uploads\/2022\/09\/Funcionarios-da-Rio-Urbe-descansam-em-uma-pequena-pausa-do-trabalho.-Foto-Alexandre-Cerqueira-944x629.jpg 944w\" sizes=\"(max-width: 1030px) 100vw, 1030px\" \/><\/a><figcaption id=\"caption-attachment-62723\" class=\"wp-caption-text\">Funcion\u00e1rios da Rio-Urbe descansam em uma pequena pausa do trabalho. Foto: Alexandre Cerqueira<\/figcaption><\/figure>\n<p><span style=\"font-weight: 400;\">Luiz Cl\u00e1udio conta que mesmo depois que a obra for finalizada, o acordo com a Prefeitura ainda n\u00e3o estar\u00e1 cumprido, j\u00e1 que ainda lhes falta o <\/span><a href=\"http:\/\/bit.ly\/2DIrUvE\" target=\"_blank\" rel=\"noopener\"><span style=\"font-weight: 400;\">Habite-se<\/span><\/a><span style=\"font-weight: 400;\">\u00a0das casas e a entrega da documenta\u00e7\u00e3o individual de cada uma das 20 casas.<\/span><\/p>\n<figure id=\"attachment_62724\" aria-describedby=\"caption-attachment-62724\" style=\"width: 1030px\" class=\"wp-caption aligncenter\"><a href=\"https:\/\/rioonwatch.org.br\/wp-content\/uploads\/2022\/09\/Luiz-Claudio-tira-duvidas-sobre-o-projeto-com-o-mestre-de-obras.-Foto-Alexandre-Cerqueira-scaled.jpg\"><img loading=\"lazy\" decoding=\"async\" class=\"wp-image-62724\" title=\"Luiz Claudio tira d\u00favidas sobre o projeto com o mestre de obras. Foto: Alexandre Cerqueira\" src=\"https:\/\/rioonwatch.org.br\/wp-content\/uploads\/2022\/09\/Luiz-Claudio-tira-duvidas-sobre-o-projeto-com-o-mestre-de-obras.-Foto-Alexandre-Cerqueira-scaled.jpg\" alt=\"Luiz Cl\u00e1udio tira d\u00favidas sobre o projeto com o mestre de obras. Foto: Alexandre Cerqueira\" width=\"1030\" height=\"687\" srcset=\"https:\/\/rioonwatch.org.br\/wp-content\/uploads\/2022\/09\/Luiz-Claudio-tira-duvidas-sobre-o-projeto-com-o-mestre-de-obras.-Foto-Alexandre-Cerqueira-scaled.jpg 2560w, https:\/\/rioonwatch.org.br\/wp-content\/uploads\/2022\/09\/Luiz-Claudio-tira-duvidas-sobre-o-projeto-com-o-mestre-de-obras.-Foto-Alexandre-Cerqueira-620x413.jpg 620w, https:\/\/rioonwatch.org.br\/wp-content\/uploads\/2022\/09\/Luiz-Claudio-tira-duvidas-sobre-o-projeto-com-o-mestre-de-obras.-Foto-Alexandre-Cerqueira-944x629.jpg 944w\" sizes=\"(max-width: 1030px) 100vw, 1030px\" \/><\/a><figcaption id=\"caption-attachment-62724\" class=\"wp-caption-text\">Luiz Cl\u00e1udio tira d\u00favidas sobre o projeto com o mestre de obras. Foto: Alexandre Cerqueira<\/figcaption><\/figure>\n<p><span style=\"font-weight: 400;\">\u201cN\u00f3s entramos nessas casas sem o Habite-se. Eles sempre dizem que est\u00e3o prontos, s\u00f3 que nunca chegam nas nossas m\u00e3os. Isso \u00e9 um documento individual. Esse t\u00edtulo que a gente tem \u00e9 coletivo. A gente vai ter que lutar mais\u201d, conta Luiz Cl\u00e1udio.<\/span><\/p>\n<figure id=\"attachment_62726\" aria-describedby=\"caption-attachment-62726\" style=\"width: 1030px\" class=\"wp-caption aligncenter\"><a href=\"https:\/\/rioonwatch.org.br\/wp-content\/uploads\/2022\/09\/Local-onde-sera-construido-o-centro-cultural-da-Vila-Autodromo.-Foto-Alexandre-Cerqueira-1-scaled.jpg\"><img loading=\"lazy\" decoding=\"async\" class=\"wp-image-62726\" title=\"Local onde ser\u00e1 constru\u00eddo o centro cultural da Vila Aut\u00f3dromo.\u00a0Foto: Alexandre Cerqueira\" src=\"https:\/\/rioonwatch.org.br\/wp-content\/uploads\/2022\/09\/Local-onde-sera-construido-o-centro-cultural-da-Vila-Autodromo.-Foto-Alexandre-Cerqueira-1-scaled.jpg\" alt=\"Local onde ser\u00e1 constru\u00eddo o centro cultural da Vila Aut\u00f3dromo.\u00a0Foto: Alexandre Cerqueira\" width=\"1030\" height=\"687\" srcset=\"https:\/\/rioonwatch.org.br\/wp-content\/uploads\/2022\/09\/Local-onde-sera-construido-o-centro-cultural-da-Vila-Autodromo.-Foto-Alexandre-Cerqueira-1-scaled.jpg 2560w, https:\/\/rioonwatch.org.br\/wp-content\/uploads\/2022\/09\/Local-onde-sera-construido-o-centro-cultural-da-Vila-Autodromo.-Foto-Alexandre-Cerqueira-1-620x413.jpg 620w, https:\/\/rioonwatch.org.br\/wp-content\/uploads\/2022\/09\/Local-onde-sera-construido-o-centro-cultural-da-Vila-Autodromo.-Foto-Alexandre-Cerqueira-1-944x629.jpg 944w\" sizes=\"(max-width: 1030px) 100vw, 1030px\" \/><\/a><figcaption id=\"caption-attachment-62726\" class=\"wp-caption-text\">Local onde ser\u00e1 constru\u00eddo o centro cultural da Vila Aut\u00f3dromo.\u00a0Foto: Alexandre Cerqueira<\/figcaption><\/figure>\n<p><span style=\"font-weight: 400;\">Maria da Penha resume: <\/span>\u201cN\u00f3s achamos que&#8230; o prefeito est\u00e1 fazendo&#8230; porque no fundo no fundo ele est\u00e1 sendo obrigado pela justi\u00e7a a cumprir um acordo de seis anos atr\u00e1s\u201d.<\/p>\n<figure id=\"attachment_62727\" aria-describedby=\"caption-attachment-62727\" style=\"width: 1030px\" class=\"wp-caption aligncenter\"><a href=\"https:\/\/rioonwatch.org.br\/wp-content\/uploads\/2022\/09\/Placa-das-obras-que-estao-sendo-realizadas-na-comunidade-da-Vila-Autodromo.-Foto-Alexandre-Cerqueira-scaled.jpg\"><img loading=\"lazy\" decoding=\"async\" class=\"wp-image-62727\" title=\"Placa das obras que est\u00e3o sendo realizadas na comunidade da Vila Aut\u00f3dromo. Foto: Alexandre Cerqueira\" src=\"https:\/\/rioonwatch.org.br\/wp-content\/uploads\/2022\/09\/Placa-das-obras-que-estao-sendo-realizadas-na-comunidade-da-Vila-Autodromo.-Foto-Alexandre-Cerqueira-scaled.jpg\" alt=\"Placa das obras que est\u00e3o sendo realizadas na comunidade da Vila Aut\u00f3dromo. Foto: Alexandre Cerqueira\" width=\"1030\" height=\"687\" srcset=\"https:\/\/rioonwatch.org.br\/wp-content\/uploads\/2022\/09\/Placa-das-obras-que-estao-sendo-realizadas-na-comunidade-da-Vila-Autodromo.-Foto-Alexandre-Cerqueira-scaled.jpg 2560w, https:\/\/rioonwatch.org.br\/wp-content\/uploads\/2022\/09\/Placa-das-obras-que-estao-sendo-realizadas-na-comunidade-da-Vila-Autodromo.-Foto-Alexandre-Cerqueira-620x413.jpg 620w, https:\/\/rioonwatch.org.br\/wp-content\/uploads\/2022\/09\/Placa-das-obras-que-estao-sendo-realizadas-na-comunidade-da-Vila-Autodromo.-Foto-Alexandre-Cerqueira-944x629.jpg 944w\" sizes=\"(max-width: 1030px) 100vw, 1030px\" \/><\/a><figcaption id=\"caption-attachment-62727\" class=\"wp-caption-text\">Placa das obras que est\u00e3o sendo realizadas na comunidade da Vila Aut\u00f3dromo. Foto: Alexandre Cerqueira<\/figcaption><\/figure>\n<p><span style=\"font-weight: 400;\">Durante o processo de luta pelo direito \u00e0 moradia e \u00e0 perman\u00eancia pr\u00e9-Ol\u00edmpico, os moradores da Vila Aut\u00f3dromo e dezenas de comunidades do Rio realizaram uma<\/span><span style=\"font-weight: 400;\"> resist\u00eancia baseada em pelo menos sete <a href=\"http:\/\/bit.ly\/2GMDQuA\" target=\"_blank\" rel=\"noopener\">elementos-chave<\/a>:<\/span><\/p>\n<ol>\n<li style=\"font-weight: 400;\" aria-level=\"1\"><span style=\"font-weight: 400;\">Uni\u00e3o e comprometimento da comunidade em permanecer onde est\u00e1<\/span><\/li>\n<li style=\"font-weight: 400;\" aria-level=\"1\"><span style=\"font-weight: 400;\">Acesso \u00e0 informa\u00e7\u00e3o<\/span><\/li>\n<li style=\"font-weight: 400;\" aria-level=\"1\"><span style=\"font-weight: 400;\">Defesa jur\u00eddica<\/span><\/li>\n<li style=\"font-weight: 400;\" aria-level=\"1\"><span style=\"font-weight: 400;\">Lideran\u00e7a diversa e resoluta<\/span><\/li>\n<li style=\"font-weight: 400;\" aria-level=\"1\"><span style=\"font-weight: 400;\">Amplas redes de apoio que variam desde comunidades hom\u00f3logas a parceiros t\u00e9cnicos<\/span><\/li>\n<li style=\"font-weight: 400;\" aria-level=\"1\"><span style=\"font-weight: 400;\">Respostas criativas como o Plano Popular e o Museu das Remo\u00e7\u00f5es<\/span><\/li>\n<li style=\"font-weight: 400;\" aria-level=\"1\"><span style=\"font-weight: 400;\">Documenta\u00e7\u00e3o e visibilidade cont\u00ednuas<\/span><\/li>\n<\/ol>\n<p><span style=\"font-weight: 400;\">Registrar o in\u00edcio tardio das obras na Vila \u00e9 parte da estrat\u00e9gia de luta da comunidade. Esta mat\u00e9ria, portanto, \u00e9 a primeira parte de duas, j\u00e1 que a inaugura\u00e7\u00e3o dos espa\u00e7os comunit\u00e1rios da Vila Aut\u00f3dromo tamb\u00e9m ser\u00e1 registrada. Os moradores da Vila Aut\u00f3dromo j\u00e1 perceberam: \u00e9 necess\u00e1rio manter a mem\u00f3ria dessa luta viva!<\/span><\/p>\n<figure id=\"attachment_62725\" aria-describedby=\"caption-attachment-62725\" style=\"width: 1030px\" class=\"wp-caption aligncenter\"><a href=\"https:\/\/rioonwatch.org.br\/wp-content\/uploads\/2022\/09\/Luiz-Claudio-acompanha-diariamente-o-andamento-das-obras-na-Vila-Autodromo.-Foto-Alexandre-Cerqueira-scaled.jpg\"><img loading=\"lazy\" decoding=\"async\" class=\"wp-image-62725\" title=\"Luiz Claudio acompanha diariamente o andamento das obras na Vila Aut\u00f3dromo. Foto: Alexandre Cerqueira\" src=\"https:\/\/rioonwatch.org.br\/wp-content\/uploads\/2022\/09\/Luiz-Claudio-acompanha-diariamente-o-andamento-das-obras-na-Vila-Autodromo.-Foto-Alexandre-Cerqueira-scaled.jpg\" alt=\"Luiz Cl\u00e1udio acompanha diariamente o andamento das obras na Vila Aut\u00f3dromo. Foto: Alexandre Cerqueira\" width=\"1030\" height=\"687\" srcset=\"https:\/\/rioonwatch.org.br\/wp-content\/uploads\/2022\/09\/Luiz-Claudio-acompanha-diariamente-o-andamento-das-obras-na-Vila-Autodromo.-Foto-Alexandre-Cerqueira-scaled.jpg 2560w, https:\/\/rioonwatch.org.br\/wp-content\/uploads\/2022\/09\/Luiz-Claudio-acompanha-diariamente-o-andamento-das-obras-na-Vila-Autodromo.-Foto-Alexandre-Cerqueira-620x413.jpg 620w, https:\/\/rioonwatch.org.br\/wp-content\/uploads\/2022\/09\/Luiz-Claudio-acompanha-diariamente-o-andamento-das-obras-na-Vila-Autodromo.-Foto-Alexandre-Cerqueira-944x629.jpg 944w\" sizes=\"(max-width: 1030px) 100vw, 1030px\" \/><\/a><figcaption id=\"caption-attachment-62725\" class=\"wp-caption-text\">Luiz Cl\u00e1udio acompanha diariamente o andamento das obras na Vila Aut\u00f3dromo. Foto: Alexandre Cerqueira<\/figcaption><\/figure>\n<hr \/>\n<h4><b data-stringify-type=\"bold\">Apoie nossos esfor\u00e7os para fornecer apoio estrat\u00e9gico \u00e0s favelas do Rio, incluindo o jornalismo hiperlocal, cr\u00edtico, inovador e incans\u00e1vel do\u00a0<\/b><b data-stringify-type=\"bold\"><i data-stringify-type=\"italic\">RioOnWatch<\/i><\/b>\u2014<a class=\"c-link\" href=\"http:\/\/www.bit.ly\/ApoieROW\" target=\"_blank\" rel=\"noopener noreferrer\" data-stringify-link=\"http:\/\/www.bit.ly\/ApoieROW\" data-sk=\"tooltip_parent\">doe aqui<\/a>.<\/h4>\n<!-- AddThis Advanced Settings generic via filter on the_content --><!-- AddThis Share Buttons generic via filter on the_content -->","protected":false},"excerpt":{"rendered":"<div class=\"mh-excerpt\"><p>Click Here for English Desde julho de 2022, a Prefeitura do Rio de Janeiro tem realizado etapas da segunda parte das obras destinadas \u00e0 urbaniza\u00e7\u00e3o da Vila Aut\u00f3dromo, na Zona Oeste da cidade. Depois que <a class=\"mh-excerpt-more\" href=\"https:\/\/rioonwatch.org.br\/?p=62712\" title=\"Seis Anos Ap\u00f3s Acordo, Prefeitura do Rio D\u00e1 In\u00edcio \u00e0s Obras de Constru\u00e7\u00e3o dos Espa\u00e7os de Conviv\u00eancia da Vila Aut\u00f3dromo [IMAGENS]\">[&#8230;]<\/a><!-- AddThis Advanced Settings generic via filter on get_the_excerpt --><!-- AddThis Share Buttons generic via filter on get_the_excerpt --><\/p>\n<\/div>","protected":false},"author":167,"featured_media":62725,"comment_status":"closed","ping_status":"closed","sticky":false,"template":"template-full.php","format":"standard","meta":{"_acf_changed":false,"_monsterinsights_skip_tracking":false,"_monsterinsights_sitenote_active":false,"_monsterinsights_sitenote_note":"","_monsterinsights_sitenote_category":0,"footnotes":""},"categories":[1618,1614,1857,2051,1635,1621,1633],"tags":[90,831,424,484,83,722,1982,1240,2040,2216,534,78,14,2539,900,55,184],"writer":[2879],"translator":[],"source":[],"ilustrador":[],"fotografo":[3133],"class_list":{"0":"post-62712","1":"post","2":"type-post","3":"status-publish","4":"format-standard","5":"has-post-thumbnail","7":"category-olhonaparticipacao","8":"category-olhonasremocoes","9":"category-olhonaurbanizacao","10":"category-olhonolegado","11":"category-1635","12":"category-destaque","13":"category-foto-reportagens","14":"tag-defensoria-publica","15":"tag-direito-a-cidade","16":"tag-direito-a-moradia","17":"tag-prefeito-eduardo-paes","18":"tag-fotografia","19":"tag-legado","20":"tag-marcelo-crivella","21":"tag-megaeventos","22":"tag-museu-das-remocoes","23":"tag-nuth","24":"tag-obras-publicas","25":"tag-olimpiadas","26":"tag-remocao","27":"tag-sentimento-de-pertencimento","28":"tag-titulacao-de-terras","29":"tag-vila-autodromo","30":"tag-zona-oeste","31":"writer-alexandre-cerqueira","32":"fotografo-alexandre-cerqueira"},"acf":[],"yoast_head":"<!-- This site is optimized with the Yoast SEO plugin v25.6 - https:\/\/yoast.com\/wordpress\/plugins\/seo\/ -->\n<title>Seis Anos Ap\u00f3s Acordo, Prefeitura do Rio D\u00e1 In\u00edcio \u00e0s Obras de Constru\u00e7\u00e3o dos Espa\u00e7os de Conviv\u00eancia da Vila Aut\u00f3dromo [IMAGENS] - RioOnWatch<\/title>\n<meta name=\"robots\" content=\"index, follow, max-snippet:-1, max-image-preview:large, max-video-preview:-1\" \/>\n<link rel=\"canonical\" href=\"https:\/\/rioonwatch.org.br\/?p=62712\" \/>\n<meta property=\"og:locale\" content=\"pt_BR\" \/>\n<meta property=\"og:type\" content=\"article\" \/>\n<meta property=\"og:title\" content=\"Seis Anos Ap\u00f3s Acordo, Prefeitura do Rio D\u00e1 In\u00edcio \u00e0s Obras de Constru\u00e7\u00e3o dos Espa\u00e7os de Conviv\u00eancia da Vila Aut\u00f3dromo [IMAGENS] - RioOnWatch\" \/>\n<meta property=\"og:description\" content=\"Click Here for English Desde julho de 2022, a Prefeitura do Rio de Janeiro tem realizado etapas da segunda parte das obras destinadas \u00e0 urbaniza\u00e7\u00e3o da Vila Aut\u00f3dromo, na Zona Oeste da cidade. Depois que [...]\" \/>\n<meta property=\"og:url\" content=\"https:\/\/rioonwatch.org.br\/?p=62712\" \/>\n<meta property=\"og:site_name\" content=\"RioOnWatch\" \/>\n<meta property=\"article:published_time\" content=\"2022-09-19T12:32:01+00:00\" \/>\n<meta property=\"article:modified_time\" content=\"2024-06-20T19:23:09+00:00\" \/>\n<meta property=\"og:image\" content=\"https:\/\/rioonwatch.org.br\/wp-content\/uploads\/2022\/09\/Luiz-Claudio-acompanha-diariamente-o-andamento-das-obras-na-Vila-Autodromo.-Foto-Alexandre-Cerqueira-scaled.jpg\" \/>\n\t<meta property=\"og:image:width\" content=\"2560\" \/>\n\t<meta property=\"og:image:height\" content=\"1707\" \/>\n\t<meta property=\"og:image:type\" content=\"image\/jpeg\" \/>\n<meta name=\"author\" content=\"Julio Santos Filho\" \/>\n<meta name=\"twitter:card\" content=\"summary_large_image\" \/>\n<meta name=\"twitter:label1\" content=\"Escrito por\" \/>\n\t<meta name=\"twitter:data1\" content=\"Julio Santos Filho\" \/>\n\t<meta name=\"twitter:label2\" content=\"Est. tempo de leitura\" \/>\n\t<meta name=\"twitter:data2\" content=\"12 minutos\" \/>\n<script type=\"application\/ld+json\" class=\"yoast-schema-graph\">{\"@context\":\"https:\/\/schema.org\",\"@graph\":[{\"@type\":\"Article\",\"@id\":\"https:\/\/rioonwatch.org.br\/?p=62712#article\",\"isPartOf\":{\"@id\":\"https:\/\/rioonwatch.org.br\/?p=62712\"},\"author\":{\"name\":\"Julio Santos Filho\",\"@id\":\"https:\/\/rioonwatch.org.br\/#\/schema\/person\/476bc75767957d3535b65b796667cd36\"},\"headline\":\"Seis Anos Ap\u00f3s Acordo, Prefeitura do Rio D\u00e1 In\u00edcio \u00e0s Obras de Constru\u00e7\u00e3o dos Espa\u00e7os de Conviv\u00eancia da Vila Aut\u00f3dromo [IMAGENS]\",\"datePublished\":\"2022-09-19T12:32:01+00:00\",\"dateModified\":\"2024-06-20T19:23:09+00:00\",\"mainEntityOfPage\":{\"@id\":\"https:\/\/rioonwatch.org.br\/?p=62712\"},\"wordCount\":1852,\"publisher\":{\"@id\":\"https:\/\/rioonwatch.org.br\/#organization\"},\"image\":{\"@id\":\"https:\/\/rioonwatch.org.br\/?p=62712#primaryimage\"},\"thumbnailUrl\":\"https:\/\/rioonwatch.org.br\/wp-content\/uploads\/2022\/09\/Luiz-Claudio-acompanha-diariamente-o-andamento-das-obras-na-Vila-Autodromo.-Foto-Alexandre-Cerqueira-scaled.jpg\",\"keywords\":[\"Defensoria P\u00fablica\",\"Direito \u00e0 Cidade\",\"Direito \u00e0 Moradia\",\"Eduardo Paes\",\"fotografia\",\"Legado Ol\u00edmpico\",\"Marcelo Crivella\",\"Megaeventos\",\"Museu das Remo\u00e7\u00f5es\",\"NUTH\",\"obras p\u00fablicas\",\"Olimp\u00edadas\",\"Remo\u00e7\u00e3o\",\"sentimento de pertencimento\",\"titula\u00e7\u00e3o de terras\",\"Vila Aut\u00f3dromo\",\"Zona Oeste\"],\"articleSection\":[\"#OlhoNaParticipa\u00e7\u00e3o\",\"#OlhoNasRemo\u00e7\u00f5es\",\"#OlhoNaUrbaniza\u00e7\u00e3o\",\"#OlhoNoLegado\",\"#Rio2016\",\"*Destaque\",\"Fotorreportagens\"],\"inLanguage\":\"pt-BR\"},{\"@type\":\"WebPage\",\"@id\":\"https:\/\/rioonwatch.org.br\/?p=62712\",\"url\":\"https:\/\/rioonwatch.org.br\/?p=62712\",\"name\":\"Seis Anos Ap\u00f3s Acordo, Prefeitura do Rio D\u00e1 In\u00edcio \u00e0s Obras de Constru\u00e7\u00e3o dos Espa\u00e7os de Conviv\u00eancia da Vila Aut\u00f3dromo [IMAGENS] - RioOnWatch\",\"isPartOf\":{\"@id\":\"https:\/\/rioonwatch.org.br\/#website\"},\"primaryImageOfPage\":{\"@id\":\"https:\/\/rioonwatch.org.br\/?p=62712#primaryimage\"},\"image\":{\"@id\":\"https:\/\/rioonwatch.org.br\/?p=62712#primaryimage\"},\"thumbnailUrl\":\"https:\/\/rioonwatch.org.br\/wp-content\/uploads\/2022\/09\/Luiz-Claudio-acompanha-diariamente-o-andamento-das-obras-na-Vila-Autodromo.-Foto-Alexandre-Cerqueira-scaled.jpg\",\"datePublished\":\"2022-09-19T12:32:01+00:00\",\"dateModified\":\"2024-06-20T19:23:09+00:00\",\"breadcrumb\":{\"@id\":\"https:\/\/rioonwatch.org.br\/?p=62712#breadcrumb\"},\"inLanguage\":\"pt-BR\",\"potentialAction\":[{\"@type\":\"ReadAction\",\"target\":[\"https:\/\/rioonwatch.org.br\/?p=62712\"]}]},{\"@type\":\"ImageObject\",\"inLanguage\":\"pt-BR\",\"@id\":\"https:\/\/rioonwatch.org.br\/?p=62712#primaryimage\",\"url\":\"https:\/\/rioonwatch.org.br\/wp-content\/uploads\/2022\/09\/Luiz-Claudio-acompanha-diariamente-o-andamento-das-obras-na-Vila-Autodromo.-Foto-Alexandre-Cerqueira-scaled.jpg\",\"contentUrl\":\"https:\/\/rioonwatch.org.br\/wp-content\/uploads\/2022\/09\/Luiz-Claudio-acompanha-diariamente-o-andamento-das-obras-na-Vila-Autodromo.-Foto-Alexandre-Cerqueira-scaled.jpg\",\"width\":2560,\"height\":1707,\"caption\":\"Luiz Claudio acompanha diariamente o andamento das obras na Vila Aut\u00f3dromo. Foto: Alexandre Cerqueira\"},{\"@type\":\"BreadcrumbList\",\"@id\":\"https:\/\/rioonwatch.org.br\/?p=62712#breadcrumb\",\"itemListElement\":[{\"@type\":\"ListItem\",\"position\":1,\"name\":\"In\u00edcio\",\"item\":\"https:\/\/rioonwatch.org.br\/\"},{\"@type\":\"ListItem\",\"position\":2,\"name\":\"Seis Anos Ap\u00f3s Acordo, Prefeitura do Rio D\u00e1 In\u00edcio \u00e0s Obras de Constru\u00e7\u00e3o dos Espa\u00e7os de Conviv\u00eancia da Vila Aut\u00f3dromo [IMAGENS]\"}]},{\"@type\":\"WebSite\",\"@id\":\"https:\/\/rioonwatch.org.br\/#website\",\"url\":\"https:\/\/rioonwatch.org.br\/\",\"name\":\"RioOnWatch\",\"description\":\"relatos das favelas cariocas\",\"publisher\":{\"@id\":\"https:\/\/rioonwatch.org.br\/#organization\"},\"potentialAction\":[{\"@type\":\"SearchAction\",\"target\":{\"@type\":\"EntryPoint\",\"urlTemplate\":\"https:\/\/rioonwatch.org.br\/?s={search_term_string}\"},\"query-input\":{\"@type\":\"PropertyValueSpecification\",\"valueRequired\":true,\"valueName\":\"search_term_string\"}}],\"inLanguage\":\"pt-BR\"},{\"@type\":\"Organization\",\"@id\":\"https:\/\/rioonwatch.org.br\/#organization\",\"name\":\"RioOnWatch\",\"url\":\"https:\/\/rioonwatch.org.br\/\",\"logo\":{\"@type\":\"ImageObject\",\"inLanguage\":\"pt-BR\",\"@id\":\"https:\/\/rioonwatch.org.br\/#\/schema\/logo\/image\/\",\"url\":\"https:\/\/rioonwatch.org.br\/wp-content\/uploads\/2021\/06\/RioOnWatchcabecalhoPT11anos-2.png\",\"contentUrl\":\"https:\/\/rioonwatch.org.br\/wp-content\/uploads\/2021\/06\/RioOnWatchcabecalhoPT11anos-2.png\",\"width\":779,\"height\":277,\"caption\":\"RioOnWatch\"},\"image\":{\"@id\":\"https:\/\/rioonwatch.org.br\/#\/schema\/logo\/image\/\"}},{\"@type\":\"Person\",\"@id\":\"https:\/\/rioonwatch.org.br\/#\/schema\/person\/476bc75767957d3535b65b796667cd36\",\"name\":\"Julio Santos Filho\",\"image\":{\"@type\":\"ImageObject\",\"inLanguage\":\"pt-BR\",\"@id\":\"https:\/\/rioonwatch.org.br\/#\/schema\/person\/image\/\",\"url\":\"https:\/\/secure.gravatar.com\/avatar\/ca138f7666182a292a8ce4ca14fb81f8?s=96&d=blank&r=g\",\"contentUrl\":\"https:\/\/secure.gravatar.com\/avatar\/ca138f7666182a292a8ce4ca14fb81f8?s=96&d=blank&r=g\",\"caption\":\"Julio Santos Filho\"},\"url\":\"https:\/\/rioonwatch.org.br\/?author=167\"}]}<\/script>\n<!-- \/ Yoast SEO plugin. -->","yoast_head_json":{"title":"Seis Anos Ap\u00f3s Acordo, Prefeitura do Rio D\u00e1 In\u00edcio \u00e0s Obras de Constru\u00e7\u00e3o dos Espa\u00e7os de Conviv\u00eancia da Vila Aut\u00f3dromo [IMAGENS] - RioOnWatch","robots":{"index":"index","follow":"follow","max-snippet":"max-snippet:-1","max-image-preview":"max-image-preview:large","max-video-preview":"max-video-preview:-1"},"canonical":"https:\/\/rioonwatch.org.br\/?p=62712","og_locale":"pt_BR","og_type":"article","og_title":"Seis Anos Ap\u00f3s Acordo, Prefeitura do Rio D\u00e1 In\u00edcio \u00e0s Obras de Constru\u00e7\u00e3o dos Espa\u00e7os de Conviv\u00eancia da Vila Aut\u00f3dromo [IMAGENS] - RioOnWatch","og_description":"Click Here for English Desde julho de 2022, a Prefeitura do Rio de Janeiro tem realizado etapas da segunda parte das obras destinadas \u00e0 urbaniza\u00e7\u00e3o da Vila Aut\u00f3dromo, na Zona Oeste da cidade. Depois que [...]","og_url":"https:\/\/rioonwatch.org.br\/?p=62712","og_site_name":"RioOnWatch","article_published_time":"2022-09-19T12:32:01+00:00","article_modified_time":"2024-06-20T19:23:09+00:00","og_image":[{"width":2560,"height":1707,"url":"https:\/\/rioonwatch.org.br\/wp-content\/uploads\/2022\/09\/Luiz-Claudio-acompanha-diariamente-o-andamento-das-obras-na-Vila-Autodromo.-Foto-Alexandre-Cerqueira-scaled.jpg","type":"image\/jpeg"}],"author":"Julio Santos Filho","twitter_card":"summary_large_image","twitter_misc":{"Escrito por":"Julio Santos Filho","Est. tempo de leitura":"12 minutos"},"schema":{"@context":"https:\/\/schema.org","@graph":[{"@type":"Article","@id":"https:\/\/rioonwatch.org.br\/?p=62712#article","isPartOf":{"@id":"https:\/\/rioonwatch.org.br\/?p=62712"},"author":{"name":"Julio Santos Filho","@id":"https:\/\/rioonwatch.org.br\/#\/schema\/person\/476bc75767957d3535b65b796667cd36"},"headline":"Seis Anos Ap\u00f3s Acordo, Prefeitura do Rio D\u00e1 In\u00edcio \u00e0s Obras de Constru\u00e7\u00e3o dos Espa\u00e7os de Conviv\u00eancia da Vila Aut\u00f3dromo [IMAGENS]","datePublished":"2022-09-19T12:32:01+00:00","dateModified":"2024-06-20T19:23:09+00:00","mainEntityOfPage":{"@id":"https:\/\/rioonwatch.org.br\/?p=62712"},"wordCount":1852,"publisher":{"@id":"https:\/\/rioonwatch.org.br\/#organization"},"image":{"@id":"https:\/\/rioonwatch.org.br\/?p=62712#primaryimage"},"thumbnailUrl":"https:\/\/rioonwatch.org.br\/wp-content\/uploads\/2022\/09\/Luiz-Claudio-acompanha-diariamente-o-andamento-das-obras-na-Vila-Autodromo.-Foto-Alexandre-Cerqueira-scaled.jpg","keywords":["Defensoria P\u00fablica","Direito \u00e0 Cidade","Direito \u00e0 Moradia","Eduardo Paes","fotografia","Legado Ol\u00edmpico","Marcelo Crivella","Megaeventos","Museu das Remo\u00e7\u00f5es","NUTH","obras p\u00fablicas","Olimp\u00edadas","Remo\u00e7\u00e3o","sentimento de pertencimento","titula\u00e7\u00e3o de terras","Vila Aut\u00f3dromo","Zona Oeste"],"articleSection":["#OlhoNaParticipa\u00e7\u00e3o","#OlhoNasRemo\u00e7\u00f5es","#OlhoNaUrbaniza\u00e7\u00e3o","#OlhoNoLegado","#Rio2016","*Destaque","Fotorreportagens"],"inLanguage":"pt-BR"},{"@type":"WebPage","@id":"https:\/\/rioonwatch.org.br\/?p=62712","url":"https:\/\/rioonwatch.org.br\/?p=62712","name":"Seis Anos Ap\u00f3s Acordo, Prefeitura do Rio D\u00e1 In\u00edcio \u00e0s Obras de Constru\u00e7\u00e3o dos Espa\u00e7os de Conviv\u00eancia da Vila Aut\u00f3dromo [IMAGENS] - RioOnWatch","isPartOf":{"@id":"https:\/\/rioonwatch.org.br\/#website"},"primaryImageOfPage":{"@id":"https:\/\/rioonwatch.org.br\/?p=62712#primaryimage"},"image":{"@id":"https:\/\/rioonwatch.org.br\/?p=62712#primaryimage"},"thumbnailUrl":"https:\/\/rioonwatch.org.br\/wp-content\/uploads\/2022\/09\/Luiz-Claudio-acompanha-diariamente-o-andamento-das-obras-na-Vila-Autodromo.-Foto-Alexandre-Cerqueira-scaled.jpg","datePublished":"2022-09-19T12:32:01+00:00","dateModified":"2024-06-20T19:23:09+00:00","breadcrumb":{"@id":"https:\/\/rioonwatch.org.br\/?p=62712#breadcrumb"},"inLanguage":"pt-BR","potentialAction":[{"@type":"ReadAction","target":["https:\/\/rioonwatch.org.br\/?p=62712"]}]},{"@type":"ImageObject","inLanguage":"pt-BR","@id":"https:\/\/rioonwatch.org.br\/?p=62712#primaryimage","url":"https:\/\/rioonwatch.org.br\/wp-content\/uploads\/2022\/09\/Luiz-Claudio-acompanha-diariamente-o-andamento-das-obras-na-Vila-Autodromo.-Foto-Alexandre-Cerqueira-scaled.jpg","contentUrl":"https:\/\/rioonwatch.org.br\/wp-content\/uploads\/2022\/09\/Luiz-Claudio-acompanha-diariamente-o-andamento-das-obras-na-Vila-Autodromo.-Foto-Alexandre-Cerqueira-scaled.jpg","width":2560,"height":1707,"caption":"Luiz Claudio acompanha diariamente o andamento das obras na Vila Aut\u00f3dromo. Foto: Alexandre Cerqueira"},{"@type":"BreadcrumbList","@id":"https:\/\/rioonwatch.org.br\/?p=62712#breadcrumb","itemListElement":[{"@type":"ListItem","position":1,"name":"In\u00edcio","item":"https:\/\/rioonwatch.org.br\/"},{"@type":"ListItem","position":2,"name":"Seis Anos Ap\u00f3s Acordo, Prefeitura do Rio D\u00e1 In\u00edcio \u00e0s Obras de Constru\u00e7\u00e3o dos Espa\u00e7os de Conviv\u00eancia da Vila Aut\u00f3dromo [IMAGENS]"}]},{"@type":"WebSite","@id":"https:\/\/rioonwatch.org.br\/#website","url":"https:\/\/rioonwatch.org.br\/","name":"RioOnWatch","description":"relatos das favelas cariocas","publisher":{"@id":"https:\/\/rioonwatch.org.br\/#organization"},"potentialAction":[{"@type":"SearchAction","target":{"@type":"EntryPoint","urlTemplate":"https:\/\/rioonwatch.org.br\/?s={search_term_string}"},"query-input":{"@type":"PropertyValueSpecification","valueRequired":true,"valueName":"search_term_string"}}],"inLanguage":"pt-BR"},{"@type":"Organization","@id":"https:\/\/rioonwatch.org.br\/#organization","name":"RioOnWatch","url":"https:\/\/rioonwatch.org.br\/","logo":{"@type":"ImageObject","inLanguage":"pt-BR","@id":"https:\/\/rioonwatch.org.br\/#\/schema\/logo\/image\/","url":"https:\/\/rioonwatch.org.br\/wp-content\/uploads\/2021\/06\/RioOnWatchcabecalhoPT11anos-2.png","contentUrl":"https:\/\/rioonwatch.org.br\/wp-content\/uploads\/2021\/06\/RioOnWatchcabecalhoPT11anos-2.png","width":779,"height":277,"caption":"RioOnWatch"},"image":{"@id":"https:\/\/rioonwatch.org.br\/#\/schema\/logo\/image\/"}},{"@type":"Person","@id":"https:\/\/rioonwatch.org.br\/#\/schema\/person\/476bc75767957d3535b65b796667cd36","name":"Julio Santos Filho","image":{"@type":"ImageObject","inLanguage":"pt-BR","@id":"https:\/\/rioonwatch.org.br\/#\/schema\/person\/image\/","url":"https:\/\/secure.gravatar.com\/avatar\/ca138f7666182a292a8ce4ca14fb81f8?s=96&d=blank&r=g","contentUrl":"https:\/\/secure.gravatar.com\/avatar\/ca138f7666182a292a8ce4ca14fb81f8?s=96&d=blank&r=g","caption":"Julio Santos Filho"},"url":"https:\/\/rioonwatch.org.br\/?author=167"}]}},"_links":{"self":[{"href":"https:\/\/rioonwatch.org.br\/index.php?rest_route=\/wp\/v2\/posts\/62712"}],"collection":[{"href":"https:\/\/rioonwatch.org.br\/index.php?rest_route=\/wp\/v2\/posts"}],"about":[{"href":"https:\/\/rioonwatch.org.br\/index.php?rest_route=\/wp\/v2\/types\/post"}],"author":[{"embeddable":true,"href":"https:\/\/rioonwatch.org.br\/index.php?rest_route=\/wp\/v2\/users\/167"}],"replies":[{"embeddable":true,"href":"https:\/\/rioonwatch.org.br\/index.php?rest_route=%2Fwp%2Fv2%2Fcomments&post=62712"}],"version-history":[{"count":15,"href":"https:\/\/rioonwatch.org.br\/index.php?rest_route=\/wp\/v2\/posts\/62712\/revisions"}],"predecessor-version":[{"id":63077,"href":"https:\/\/rioonwatch.org.br\/index.php?rest_route=\/wp\/v2\/posts\/62712\/revisions\/63077"}],"wp:featuredmedia":[{"embeddable":true,"href":"https:\/\/rioonwatch.org.br\/index.php?rest_route=\/wp\/v2\/media\/62725"}],"wp:attachment":[{"href":"https:\/\/rioonwatch.org.br\/index.php?rest_route=%2Fwp%2Fv2%2Fmedia&parent=62712"}],"wp:term":[{"taxonomy":"category","embeddable":true,"href":"https:\/\/rioonwatch.org.br\/index.php?rest_route=%2Fwp%2Fv2%2Fcategories&post=62712"},{"taxonomy":"post_tag","embeddable":true,"href":"https:\/\/rioonwatch.org.br\/index.php?rest_route=%2Fwp%2Fv2%2Ftags&post=62712"},{"taxonomy":"writer","embeddable":true,"href":"https:\/\/rioonwatch.org.br\/index.php?rest_route=%2Fwp%2Fv2%2Fwriter&post=62712"},{"taxonomy":"translator","embeddable":true,"href":"https:\/\/rioonwatch.org.br\/index.php?rest_route=%2Fwp%2Fv2%2Ftranslator&post=62712"},{"taxonomy":"source","embeddable":true,"href":"https:\/\/rioonwatch.org.br\/index.php?rest_route=%2Fwp%2Fv2%2Fsource&post=62712"},{"taxonomy":"ilustrador","embeddable":true,"href":"https:\/\/rioonwatch.org.br\/index.php?rest_route=%2Fwp%2Fv2%2Filustrador&post=62712"},{"taxonomy":"fotografo","embeddable":true,"href":"https:\/\/rioonwatch.org.br\/index.php?rest_route=%2Fwp%2Fv2%2Ffotografo&post=62712"}],"curies":[{"name":"wp","href":"https:\/\/api.w.org\/{rel}","templated":true}]}}