{"id":62832,"date":"2022-09-24T23:06:39","date_gmt":"2022-09-25T02:06:39","guid":{"rendered":"https:\/\/rioonwatch.org.br\/?p=62832"},"modified":"2022-10-05T18:10:21","modified_gmt":"2022-10-05T21:10:21","slug":"eleicoes-2022-quais-sao-as-propostas-das-candidaturas-a-presidencia-da-republica-para-a-moradia-no-brasil","status":"publish","type":"post","link":"https:\/\/rioonwatch.org.br\/?p=62832","title":{"rendered":"Elei\u00e7\u00f5es 2022: Quais S\u00e3o as Propostas das Candidaturas \u00e0 Presid\u00eancia da Rep\u00fablica para a Moradia no Brasil?"},"content":{"rendered":"<h4 style=\"text-align: right;\"><em><strong><a href=\"https:\/\/bit.ly\/3dNQtw8\" target=\"_blank\" rel=\"noopener noreferrer\">Click Here for English<\/a><a href=\"https:\/\/bit.ly\/3dNQtw8\" target=\"_blank\" rel=\"noopener noreferrer\"><img decoding=\"async\" class=\"alignright wp-image-15790\" src=\"https:\/\/rioonwatch.org.br\/wp-content\/uploads\/2012\/08\/EN-standard-e1439583104716.jpg\" alt=\"\" width=\"20\" height=\"20\" \/><\/a><\/strong><\/em><\/h4>\n<p><span style=\"font-weight: 400;\">Nesta reportagem especial, <\/span><span style=\"font-weight: 400;\">o <em>RioOnWatch<\/em> re\u00fane as propostas do plano de governo registradas no Tribunal Superior Eleitoral (<a href=\"https:\/\/bit.ly\/35climL\" target=\"_blank\" rel=\"noopener\">TSE<\/a>) de todas as candidaturas \u00e0 Presid\u00eancia da Rep\u00fablica, destacando as pol\u00edticas p\u00fablicas do plano de governo dos candidatos e das candidatas voltadas ao direito \u00e0 moradia ou que impactam o cotidiano das favelas.<\/span><\/p>\n<p><span style=\"font-weight: 400;\">Apesar do<\/span><span style=\"font-weight: 400;\">\u00a0<a href=\"https:\/\/bit.ly\/FavelasCrescem\" target=\"_blank\" rel=\"noopener\">n\u00famero de favelas no pa\u00eds ter dobrado nas \u00faltimas d\u00e9cadas<\/a>, e de pesquisa preparat\u00f3ria para o Censo Demogr\u00e1fico de 2022 do <a href=\"http:\/\/bit.ly\/30Uo8rq\" target=\"_blank\" rel=\"noopener\">IBGE<\/a> revelar que existem pelo menos <\/span><span style=\"font-weight: 400;\">13.151 favelas entre 743 munic\u00edpios<\/span><span style=\"font-weight: 400;\">\u00a0em todo o pa\u00eds<\/span><span style=\"font-weight: 400;\">, n<\/span><span style=\"font-weight: 400;\">enhuma das <\/span><a href=\"https:\/\/bit.ly\/3TZTQA5\" target=\"_blank\" rel=\"noopener\"><span style=\"font-weight: 400;\">onze candidaturas \u00e0 presid\u00eancia da Rep\u00fablica<\/span><\/a><span style=\"font-weight: 400;\"> cita as favelas por nome nos <a href=\"https:\/\/bit.ly\/3LJUCha\" target=\"_blank\" rel=\"noopener\">planos de governos registrados no TSE<\/a>.<\/span><\/p>\n<p><span style=\"font-weight: 400;\">Na Constitui\u00e7\u00e3o, o direito \u00e0 moradia digna emerge da dignidade da pessoa humana (<\/span><a href=\"https:\/\/bit.ly\/3uylfOD\" target=\"_blank\" rel=\"noopener\"><span style=\"font-weight: 400;\">artigo 1\u00ba, III<\/span><\/a><span style=\"font-weight: 400;\">), da inser\u00e7\u00e3o da moradia entre as necessidades b\u00e1sicas da pessoa humana a serem atendidas pelo sal\u00e1rio m\u00ednimo (artigo 7\u00ba, IV), e da compet\u00eancia comum da Uni\u00e3o, Estados, Distrito Federal e Munic\u00edpios para promover programas de constru\u00e7\u00e3o de moradias e melhorias das condi\u00e7\u00f5es habitacionais (artigo 23, IX). Inclusive, \u00e9 da responsabilidade e compet\u00eancia da Uni\u00e3o\u2014isto \u00e9, do governo federal\u2014instituir diretrizes para o desenvolvimento urbano, inclusive habita\u00e7\u00e3o (<\/span><a href=\"https:\/\/bit.ly\/3RUl6hB\" target=\"_blank\" rel=\"noopener\"><span style=\"font-weight: 400;\">artigo 21, XX<\/span><\/a><span style=\"font-weight: 400;\">), entre outros.<\/span><\/p>\n<p><span style=\"font-weight: 400;\">O dado foi revelado pelo<\/span> <a href=\"https:\/\/bit.ly\/34GViQb\" target=\"_blank\" rel=\"noopener\"><span style=\"font-weight: 400;\">mapeamento preliminar dos \u201caglomerados subnormais\u201d<\/span><\/a><span style=\"font-weight: 400;\"> (favelas) como prepara\u00e7\u00e3o para o Censo Demogr\u00e1fico de 2020\u2014que foi adiando para 2022 devido a crise sanit\u00e1ria mundial. Segundo <a href=\"https:\/\/bit.ly\/3d9UjiM\" target=\"_blank\" rel=\"noopener\">nota t\u00e9cnica do IBGE<\/a>:<\/span><\/p>\n<blockquote><p>&#8220;Os dados estimados de domic\u00edlios revelam que, apesar do fen\u00f4meno da prolifera\u00e7\u00e3o de precariza\u00e7\u00e3o habitacional ser comumente associada aos Aglomerados Subnormais presentes nas grandes cidades como Rio de Janeiro (19,27%) e S\u00e3o Paulo (12,91%), o fen\u00f4meno ocorre em grande propor\u00e7\u00e3o em cidades pequenas como Vit\u00f3ria do Jari \u2013 AP (74%) e em outras capitais da Regi\u00e3o Norte como Bel\u00e9m (55,5%) e Manaus (53,37%) e Nordeste, como Salvador (41,83%). Ainda no Sudeste, o Estado do Esp\u00edrito Santo, al\u00e9m da sua capital, Vit\u00f3ria (33,15%) possui o segundo maior percentual de estimativa de domic\u00edlios em Aglomerados Subnormais na escala estadual (26,1%), atr\u00e1s somente do Amazonas, na Regi\u00e3o Norte, com 34,59%.&#8221;<\/p><\/blockquote>\n<p><span style=\"font-weight: 400;\">Ao todo, foram apresentados ao Tribunal Superior Eleitoral (TSE), 13 candidaturas para o pleito eleitoral para presidente da Rep\u00fablica, mas somente onze candidatos seguem na disputa, pois a candidatura de<\/span> <a href=\"https:\/\/bit.ly\/3QCIYoZ\" target=\"_blank\" rel=\"noopener\"><span style=\"font-weight: 400;\">Roberto Jefferson (PTB) foi indeferida<\/span><\/a><span style=\"font-weight: 400;\">\u2014isto \u00e9, n\u00e3o foi aceita pelos ministros do TSE, em 1 de setembro, pois ele est\u00e1 ineleg\u00edvel at\u00e9 24 de dezembro de 2023, por conta da<\/span> <a href=\"https:\/\/bit.ly\/3U23H8z\" target=\"_blank\" rel=\"noopener\"><span style=\"font-weight: 400;\">condena\u00e7\u00e3o por corrup\u00e7\u00e3o em 2012<\/span><\/a><span style=\"font-weight: 400;\">.<\/span><\/p>\n<p><span style=\"font-weight: 400;\">J\u00e1 Pablo Mar\u00e7al (<a href=\"https:\/\/bit.ly\/3SnuHOq\" target=\"_blank\" rel=\"noopener\">PROS<\/a>) teve a<\/span> <a href=\"https:\/\/bit.ly\/3qvZEUy\" target=\"_blank\" rel=\"noopener\"><span style=\"font-weight: 400;\">candidatura cancelada pelo TSE<\/span><\/a><span style=\"font-weight: 400;\"> em 6 de setembro ap\u00f3s a confirma\u00e7\u00e3o da anula\u00e7\u00e3o da conven\u00e7\u00e3o do partido, que agora aderiu a legenda \u00e0 Coliga\u00e7\u00e3o Brasil da Esperan\u00e7a, que tem como candidato o ex-presidente Luiz In\u00e1cio Lula da Silva.<\/span><\/p>\n<p><span style=\"font-weight: 400;\">S\u00e3o candidatos e candidatas \u00e0 Presid\u00eancia da Rep\u00fablica: <a href=\"https:\/\/bit.ly\/3R3AVlc\" target=\"_blank\" rel=\"noopener\">Ciro Gomes<\/a> (<\/span><a href=\"https:\/\/bit.ly\/3S2ErOf\" target=\"_blank\" rel=\"noopener\">PDT<\/a><span style=\"font-weight: 400;\">), <a href=\"https:\/\/bit.ly\/3BWL0wb\" target=\"_blank\" rel=\"noopener\">Jos\u00e9 Maria Eymael<\/a> (<a href=\"https:\/\/bit.ly\/3LyI6ku\" target=\"_blank\" rel=\"noopener\">Democracia Crist\u00e3<\/a>),<\/span><span style=\"font-weight: 400;\">\u00a0<a href=\"https:\/\/bit.ly\/3xzYKKH\" target=\"_blank\" rel=\"noopener\">Felipe D\u2019Avila<\/a> (<\/span><a href=\"http:\/\/bit.ly\/2NtKfPQ\" target=\"_blank\" rel=\"noopener\">NOVO<\/a><span style=\"font-weight: 400;\">), <a href=\"https:\/\/bit.ly\/3DGKx2y\" target=\"_blank\" rel=\"noopener\">L\u00e9o P\u00e9ricles<\/a> (<a href=\"https:\/\/bit.ly\/3DGKL9U\" target=\"_blank\" rel=\"noopener\">UP<\/a>),<\/span><span style=\"font-weight: 400;\">\u00a0<a href=\"https:\/\/bit.ly\/3xGDRO1\" target=\"_blank\" rel=\"noopener\">Sofia Manzano<\/a>\u00a0(<a href=\"https:\/\/bit.ly\/31etgtn\" target=\"_blank\" rel=\"noopener\">PCB<\/a>),<\/span><span style=\"font-weight: 400;\">\u00a0<a href=\"https:\/\/bit.ly\/3Sn1uCS\" target=\"_blank\" rel=\"noopener\">Soraya Thronicke<\/a>\u00a0(<a href=\"https:\/\/bit.ly\/3qRl6n4\" target=\"_blank\" rel=\"noopener\">Uni\u00e3o Brasil<\/a><\/span><span style=\"font-weight: 400;\">), <a href=\"https:\/\/bit.ly\/3DBUAWt\" target=\"_blank\" rel=\"noopener\">Vera L\u00facia<\/a> (<\/span><a href=\"https:\/\/bit.ly\/3S1yBN2\" target=\"_blank\" rel=\"noopener\">PSTU<\/a><span style=\"font-weight: 400;\">), <a href=\"https:\/\/bit.ly\/3qSpli6\" target=\"_blank\" rel=\"noopener\">Simone Tebet<\/a> (<\/span><a href=\"https:\/\/bit.ly\/3SiBQzd\" target=\"_blank\" rel=\"noopener\">MDB<\/a><span style=\"font-weight: 400;\">), o ex-presidente <a href=\"https:\/\/bit.ly\/3S2rxzB\" target=\"_blank\" rel=\"noopener\">Luiz In\u00e1cio Lula da Silva<\/a> (<\/span><a href=\"https:\/\/bit.ly\/3DEw2vW\" target=\"_blank\" rel=\"noopener\">PT<\/a><span style=\"font-weight: 400;\">) e <a href=\"https:\/\/bit.ly\/3DGojgM\" target=\"_blank\" rel=\"noopener\">Jair Bolsonaro<\/a> (<\/span><a href=\"https:\/\/bit.ly\/3Ltd79p\" target=\"_blank\" rel=\"noopener\">PL<\/a><span style=\"font-weight: 400;\">).<\/span><\/p>\n<h3><b>Um Brasil Sem Teto<\/b><\/h3>\n<p><span style=\"font-weight: 400;\">O problema da moradia no Brasil n\u00e3o \u00e9 novo, mas a pandemia escancarou a situa\u00e7\u00e3o de vulnerabilidade social das fam\u00edlias brasileiras. Em 2019, <\/span><a href=\"https:\/\/bit.ly\/3RZYXi5\"><span style=\"font-weight: 400;\">pesquisa realizada pela Funda\u00e7\u00e3o Jo\u00e3o Pinheiro<\/span><\/a><span style=\"font-weight: 400;\"> apontou que o d\u00e9ficit habitacional em todo o Brasil era de 5,8 milh\u00f5es de moradias, das quais 79% concentraram-se em fam\u00edlias de baixa renda.<\/span><\/p>\n<p><span style=\"font-weight: 400;\">Segundo levantamento realizado pela <\/span><a href=\"https:\/\/bit.ly\/3gsIfYP\" target=\"_blank\" rel=\"noopener\"><span style=\"font-weight: 400;\">Campanha Despejo Zero<\/span><\/a><span style=\"font-weight: 400;\">, entre mar\u00e7o de 2020 e maio de 2022, durante a pandemia de coronav\u00edrus, mais de 125.000 pessoas foram despejadas em a\u00e7\u00f5es coletivas das suas casas e outras 569.000 pessoas est\u00e3o amea\u00e7adas de despejo em assentamentos coletivos urbanos e rurais. Do total de pessoas despejadas durante a pandemia, <\/span><span style=\"font-weight: 400;\"><a href=\"https:\/\/bit.ly\/3eJi7dF\" target=\"_blank\" rel=\"noopener\">est\u00e3o<\/a> mais de 20.000 idosos, 21.000 crian\u00e7as e 75.000 mulheres<\/span><span style=\"font-weight: 400;\">.<\/span><\/p>\n<p><span style=\"font-weight: 400;\">A situa\u00e7\u00e3o fez com que, em abril de 2021, o PSOL interp\u00f4s um pedido de <\/span><a href=\"https:\/\/bit.ly\/3d7f7Ya\"><span style=\"font-weight: 400;\">ADPF 828<\/span><\/a><span style=\"font-weight: 400;\"> ao Supremo Tribunal Federal (STF), com objetivo de suspens\u00e3o dos despejos e remo\u00e7\u00f5es. A liminar foi concedida pelo <\/span><a href=\"https:\/\/bit.ly\/3QJ5cG4\" target=\"_blank\" rel=\"noopener\"><span style=\"font-weight: 400;\">Ministro Luiz Roberto Barroso<\/span><\/a><span style=\"font-weight: 400;\">, reconhecendo a tutela do direito \u00e0 moradia e \u00e0 sa\u00fade de pessoas vulner\u00e1veis no contexto da pandemia.<\/span><\/p>\n<p><span style=\"font-weight: 400;\">Com a ADPF 828, que j\u00e1 foi prorrogada tr\u00eas vezes, a Campanha Despejo Zero em conjunto com movimentos sociais e organiza\u00e7\u00f5es da sociedade civil v\u00eam conseguindo barrar a remo\u00e7\u00e3o e despejos de mais de 142.000 fam\u00edlias em \u00e2mbito nacional.<\/span><\/p>\n<p><span style=\"font-weight: 400;\">A Campanha Despejo Zero lan\u00e7ou uma <\/span><a href=\"https:\/\/bit.ly\/3QyYodJ\" target=\"_blank\" rel=\"noopener\"><span style=\"font-weight: 400;\">carta-compromisso<\/span><\/a><span style=\"font-weight: 400;\"> direcionada aos candidatos e candidatas a todos os cargos em disputa nas elei\u00e7\u00f5es de 2022<\/span><span style=\"font-weight: 400;\"> (presid\u00eancia da Rep\u00fablica, governadores, senadores, e deputados federais e estaduais). O objetivo \u00e9 que as candidaturas se comprometam com a defesa dos direitos humanos, especialmente os movimentos de luta por moradia.<\/span><\/p>\n<p><span style=\"font-weight: 400;\">Por\u00e9m, o prazo para a proibi\u00e7\u00e3o das remo\u00e7\u00f5es e despejos garantido pela ADPF 828 terminar\u00e1 em 31 de outubro\u2014um dia ap\u00f3s o 2\u00ba turno das elei\u00e7\u00f5es de 2022. Em dezembro de 2021, segundo cadastros no <\/span><a href=\"https:\/\/bit.ly\/3BuKKUT\" target=\"_blank\" rel=\"noopener\"><span style=\"font-weight: 400;\">Cad\u00danico<\/span><\/a><span style=\"font-weight: 400;\">, eram 158.191 pessoas vivendo nas ruas do Brasil. Em maio deste ano, o n\u00famero saltou para 184.638. Foi um <a href=\"https:\/\/bit.ly\/3Sr4OO3\" target=\"_blank\" rel=\"noopener\">aumento de 16%<\/a> em seis meses.<\/span><\/p>\n<h3><b>Propostas dos Candidatos sobre Moradia<\/b><\/h3>\n<p><span style=\"font-weight: 400;\">O <\/span><i><span style=\"font-weight: 400;\">RioOnWatch<\/span><\/i><span style=\"font-weight: 400;\"> elaborou uma s\u00edntese das propostas dos planos de governo registrados no TSE de todas as candidaturas a presidente da Rep\u00fablica, destacando as pol\u00edticas p\u00fablicas voltadas \u00e0 moradia. Importante ressaltar que o acesso aos demais servi\u00e7os sociais como sa\u00fade, educa\u00e7\u00e3o e emprego, al\u00e9m do acesso \u00e0 pol\u00edticas p\u00fablicas sociais \u00e9 atrelado ao territ\u00f3rio onde cada cidad\u00e3o se encontra.<\/span><\/p>\n<p><span style=\"font-weight: 400;\">No dia 2 de outubro, primeiro turno das elei\u00e7\u00f5es de 2022, 156.454.011 eleitoras e eleitores poder\u00e3o comparecer \u00e0s urnas para escolher os novos representantes pol\u00edticos. Neste ano, est\u00e3o em disputa os cargos de presidente, governador, senador e deputado federal, deputado estadual ou distrital.<\/span><\/p>\n<p><span style=\"font-weight: 400;\">Chama aten\u00e7\u00e3o que em nenhum plano de governo das onze candidaturas, as favelas do Brasil s\u00e3o citadas de forma direta pelos candidatos, muito menos a necessidade de programas de integra\u00e7\u00e3o e urbaniza\u00e7\u00e3o de tais territ\u00f3rios, respeitando sua import\u00e2ncia para a hist\u00f3ria nacional.<\/span><\/p>\n<h4>Luiz In\u00e1cio Lula da Silva (PT)<\/h4>\n<p><span style=\"font-weight: 400;\"><a href=\"https:\/\/rioonwatch.org.br\/wp-content\/uploads\/2022\/09\/Lula-no-debate-para-presidente-na-eleicao-2022.webp\"><img fetchpriority=\"high\" decoding=\"async\" class=\"wp-image-62840 alignright\" title=\"Lula no debate para presidente na elei\u00e7\u00e3o 2022\" src=\"https:\/\/rioonwatch.org.br\/wp-content\/uploads\/2022\/09\/Lula-no-debate-para-presidente-na-eleicao-2022.webp\" alt=\"Lula no debate para presidente na elei\u00e7\u00e3o 2022\" width=\"300\" height=\"200\" \/><\/a>No <a href=\"https:\/\/bit.ly\/3C73oCl\" target=\"_blank\" rel=\"noopener\">plano do ex-presidente Lula<\/a>, com 121 pontos, a palavra moradia \u00e9 citada duas vezes. No<\/span> <span style=\"font-weight: 400;\">item 29<\/span><span style=\"font-weight: 400;\">, o documento afirma que:<\/span><\/p>\n<blockquote><p>&#8220;Nas cidades brasileiras, vivem 85% da nossa popula\u00e7\u00e3o. Retomaremos as pol\u00edticas de garantia do direito \u00e0 cidade, combatendo desigualdades territoriais, em dire\u00e7\u00e3o a uma ampla reforma urbana, reduzindo as desigualdades socioterritoriais e promovendo a transi\u00e7\u00e3o ecol\u00f3gica das cidades por meio de investimentos integrados em infraestrutura de transporte p\u00fablico, habita\u00e7\u00e3o, saneamento b\u00e1sico e equipamentos sociais. Apoiaremos e incentivaremos as cidades criativas e sustent\u00e1veis.&#8221;<\/p><\/blockquote>\n<p><span style=\"font-weight: 400;\">A proposta, refletida no item 30, \u00e9 retomar a constru\u00e7\u00e3o programas habitacionais <\/span><span style=\"font-weight: 400;\">com mecanismos de financiamento adequados a cada tipo de p\u00fablico: <\/span><\/p>\n<blockquote><p><span style=\"font-weight: 400;\">&#8220;Voltaremos a ter um amplo programa de acesso \u00e0 moradia, com mecanismos de financiamento adequados a cada tipo de p\u00fablico. Ter uma moradia digna, prote\u00e7\u00e3o primeira da fam\u00edlia, \u00e9 um direito de todos e todas e um requisito para um Brasil desenvolvido e soberano.\u201d<\/span><\/p><\/blockquote>\n<p><span style=\"font-weight: 400;\">O programa habitacional dos governos Lula, o Minha Casa Minha Vida, foi criado em 2009 para facilitar o acesso \u00e0 moradia enquanto garantindo um suporte para a economia brasileira durante a recess\u00e3o mundial. O programa subsidiava a compra da casa pr\u00f3pria para fam\u00edlias de baixa renda e oferecia juros menores no financiamento do im\u00f3vel para fam\u00edlias com renda mensal de at\u00e9 R$9.000. Ao longo dos anos <\/span><span style=\"font-weight: 400;\">o programa <a href=\"http:\/\/bit.ly\/20H3WDe\" target=\"_blank\" rel=\"noopener\">foi enfraquecido<\/a>. <a href=\"https:\/\/bit.ly\/3xhYW13\" target=\"_blank\" rel=\"noopener\">Cada vez com menos verba<\/a>, um menor alcance e mudan\u00e7a de regras. Ainda assim, o Minha Casa Minha Vida construiu moradias para 5,5 milh\u00f5es de fam\u00edlias brasileiras.<\/span><\/p>\n<h4>Jair Bolsonaro (PL)<\/h4>\n<p><span style=\"font-weight: 400;\"><a href=\"https:\/\/rioonwatch.org.br\/wp-content\/uploads\/2022\/09\/Bolsonaro-no-debate-para-presidente-na-eleicao-2022.png\"><img decoding=\"async\" class=\"wp-image-62841 alignright\" title=\"Bolsonaro no debate para presidente na elei\u00e7\u00e3o 2022\" src=\"https:\/\/rioonwatch.org.br\/wp-content\/uploads\/2022\/09\/Bolsonaro-no-debate-para-presidente-na-eleicao-2022.png\" alt=\"\" width=\"300\" height=\"169\" srcset=\"https:\/\/rioonwatch.org.br\/wp-content\/uploads\/2022\/09\/Bolsonaro-no-debate-para-presidente-na-eleicao-2022.png 848w, https:\/\/rioonwatch.org.br\/wp-content\/uploads\/2022\/09\/Bolsonaro-no-debate-para-presidente-na-eleicao-2022-620x349.png 620w\" sizes=\"(max-width: 300px) 100vw, 300px\" \/><\/a>J\u00e1 o <a href=\"https:\/\/bit.ly\/3R5ozco\" target=\"_blank\" rel=\"noopener\">plano de governo do presidente Jair Bolsonaro<\/a>, candidato \u00e0 reelei\u00e7\u00e3o, menciona a palavra moradia tr\u00eas vezes. Para acesso ao direito \u00e0 moradia, o documento cita a continuidade do programa <\/span><a href=\"https:\/\/bit.ly\/3QFr0lI\" target=\"_blank\" rel=\"noopener\"><span style=\"font-weight: 400;\">Casa Verde e Amarela<\/span><\/a><span style=\"font-weight: 400;\"> (p\u00e1gina 31):<\/span><\/p>\n<blockquote><p>&#8220;Por meio do programa Casa Verde e Amarela, que promove o direito \u00e0 cidadania, a fim de universalizar o acesso \u00e0 aquisi\u00e7\u00e3o de moradia em \u00e1reas urbanas, foi disponibilizada ao cidad\u00e3o a menor taxa de juros da hist\u00f3ria para o financiamento de im\u00f3veis residenciais, a partir de 4,5% ao ano. O governo reeleito desenvolver\u00e1 programas visando \u00e0 capacita\u00e7\u00e3o e orienta\u00e7\u00e3o t\u00e9cnica para elabora\u00e7\u00e3o de projetos para investimentos p\u00fablicos pelos entes federados, com foco nos munic\u00edpios do interior, com vistas a melhorar a qualidade dos investimentos p\u00fablicos.&#8221;<\/p><\/blockquote>\n<p><span style=\"font-weight: 400;\">Por\u00e9m, nos \u00faltimos dois anos o dinheiro destinado pela Uni\u00e3o ao programa habitacional<\/span> <a href=\"https:\/\/bit.ly\/3FkKk2e\" target=\"_blank\" rel=\"noopener\"><span style=\"font-weight: 400;\">caiu de R$4,8 bilh\u00f5es em 2019 para R$2,7 bilh\u00f5es em 2020<\/span><\/a><span style=\"font-weight: 400;\">, o menor valor desde 2012.<\/span><\/p>\n<h4>Ciro Gomes (PDT)<\/h4>\n<p><span style=\"font-weight: 400;\"><a href=\"https:\/\/rioonwatch.org.br\/wp-content\/uploads\/2022\/09\/Ciro-Gomes-no-debate-para-presidente-na-eleicao-2022.jpg\"><img loading=\"lazy\" decoding=\"async\" class=\"wp-image-62843 alignright\" title=\"Ciro Gomes no debate para presidente na elei\u00e7\u00e3o 2022\" src=\"https:\/\/rioonwatch.org.br\/wp-content\/uploads\/2022\/09\/Ciro-Gomes-no-debate-para-presidente-na-eleicao-2022.jpg\" alt=\"Ciro Gomes no debate para presidente na elei\u00e7\u00e3o 2022\" width=\"300\" height=\"188\" srcset=\"https:\/\/rioonwatch.org.br\/wp-content\/uploads\/2022\/09\/Ciro-Gomes-no-debate-para-presidente-na-eleicao-2022.jpg 1024w, https:\/\/rioonwatch.org.br\/wp-content\/uploads\/2022\/09\/Ciro-Gomes-no-debate-para-presidente-na-eleicao-2022-620x388.jpg 620w, https:\/\/rioonwatch.org.br\/wp-content\/uploads\/2022\/09\/Ciro-Gomes-no-debate-para-presidente-na-eleicao-2022-1006x629.jpg 1006w\" sizes=\"(max-width: 300px) 100vw, 300px\" \/><\/a>O <a href=\"https:\/\/bit.ly\/3UviMQe\" target=\"_blank\" rel=\"noopener\">plano de governo registrado no TSE do candidato Ciro Gomes<\/a>, <\/span><span style=\"font-weight: 400;\">no item &#8220;Reforma Urbana e Regulariza\u00e7\u00e3o Fundi\u00e1ria&#8221; (p\u00e1gina 15), afirma:<\/span><\/p>\n<blockquote><p><span style=\"font-weight: 400;\">&#8220;Implementaremos um amplo programa de regulariza\u00e7\u00e3o fundi\u00e1ria para garantir a escritura da casa e do terreno para quem hoje vive com medo do amanh\u00e3. Outro programa, complementar, ir\u00e1 financiar a reforma de moradias populares, preferencialmente com contrata\u00e7\u00e3o de m\u00e3o-de-obra da pr\u00f3pria fam\u00edlia ou da comunidade.&#8221;<\/span><\/p><\/blockquote>\n<p>Segundo <a href=\"https:\/\/bit.ly\/3DVLvI7\" target=\"_blank\" rel=\"noopener\">pesquisa Datafolha<\/a>, Luiz In\u00e1cio Lula da Silva (PT) segue na lideran\u00e7a, com 47%, Jair Bolsonaro (PL), tem 33% e Ciro Gomes (PDT) registrou 7%.<\/p>\n<h4>Simone Tebet (MDB)<\/h4>\n<p><span style=\"font-weight: 400;\">Simone Tebet, no seu <a href=\"https:\/\/bit.ly\/3Sx8c9K\" target=\"_blank\" rel=\"noopener\">plano de governo<\/a>, afirma que a <\/span><span style=\"font-weight: 400;\">moradia \u00e9 &#8220;a real porta de entrada para a cidadania&#8230; com tudo o que representa de bem-estar e melhoria de vida, com boas condi\u00e7\u00f5es de habita\u00e7\u00e3o e saneamento<\/span><span style=\"font-weight: 400;\">&#8220;. Ela cita mais duas vezes a moradia prometendo:<\/span><\/p>\n<blockquote><p>&#8220;Retomar programas de constru\u00e7\u00e3o de moradias subsidiadas, voltadas a fam\u00edlias de baixa renda e mais vulner\u00e1veis (atual \u201cfaixa 1\u201d dos programas de habita\u00e7\u00e3o), sobretudo as lideradas por mulheres, e promover o cr\u00e9dito habitacional para fam\u00edlias de renda m\u00e9dia, com incentivo a moradias com desenho universal e\/ou acessibilidade.&#8221;<\/p><\/blockquote>\n<p>Ela tamb\u00e9m promete:<\/p>\n<blockquote><p>&#8220;Promover a regulariza\u00e7\u00e3o fundi\u00e1ria, com certifica\u00e7\u00e3o e documenta\u00e7\u00e3o dos im\u00f3veis, sobretudo em \u00e1reas urbanas; (e) criar condi\u00e7\u00f5es para acelerar o cumprimento de metas de abastecimento de \u00e1gua, coleta e tratamento de esgotos previstas no Marco Legal do Saneamento.&#8221;<\/p><\/blockquote>\n<h4>Jos\u00e9 Maria Eymael (Democracia Crist\u00e3)<\/h4>\n<p><span style=\"font-weight: 400;\">Em seu <a href=\"https:\/\/bit.ly\/3xSgP6V\" target=\"_blank\" rel=\"noopener\">plano de governo<\/a>, o candidato Jos\u00e9 Maria Eymael cita a moradia como um direito social: <\/span><\/p>\n<blockquote><p><span style=\"font-weight: 400;\">&#8220;Ter como pol\u00edtica de Estado, assegurar moradia para a popula\u00e7\u00e3o economicamente carente. A aus\u00eancia de renda n\u00e3o pode representar a aus\u00eancia de moradia.&#8221;<\/span><\/p><\/blockquote>\n<h4>L\u00e9o P\u00e9ricles (UP)<\/h4>\n<p><span style=\"font-weight: 400;\"><a href=\"https:\/\/bit.ly\/3f73wc4\" target=\"_blank\" rel=\"noopener\">L\u00e9o P\u00e9ricles tem um plano de governo<\/a> de 12 p\u00e1ginas, onde menciona moradia quatro vezes. Ele visa a:<\/span><\/p>\n<blockquote><p>&#8220;Garantia de moradia digna, saneamento e coleta de lixo para todas as fam\u00edlias brasileiras; destinar os im\u00f3veis abandonados para resolver o d\u00e9ficit habitacional; realiza\u00e7\u00e3o de uma profunda reforma urbana; (e ainda a) garantia da fun\u00e7\u00e3o social das propriedades urbanas, atrav\u00e9s de al\u00edquotas progressivas de IPTU, fiscaliza\u00e7\u00e3o e vistorias, combatendo a especula\u00e7\u00e3o, para toda a popula\u00e7\u00e3o ter moradia, acesso f\u00e1cil ao trabalho e ao lazer, e viver com dignidade.&#8221;<\/p><\/blockquote>\n<h4>Sofia Manzano (PCB)<\/h4>\n<p><span style=\"font-weight: 400;\"><a href=\"https:\/\/bit.ly\/3BIZr5J\" target=\"_blank\" rel=\"noopener\">Sofia Manzano traz um plano de governo<\/a> com 19 p\u00e1ginas traz sete men\u00e7\u00f5es \u00e0 moradia, afirmando:<\/span><\/p>\n<blockquote><p>&#8220;Confisco sem indeniza\u00e7\u00e3o os im\u00f3veis ociosos nos grandes centros urbanos, aliado a um vasto programa de reforma e constru\u00e7\u00e3o de habita\u00e7\u00f5es populares, de forma a superar o d\u00e9ficit habitacional no per\u00edodo de quatro anos.&#8221;<\/p><\/blockquote>\n<p>Tamb\u00e9m prop\u00f5e:<\/p>\n<blockquote><p>&#8220;Acessibilidade arquitet\u00f4nica das casas populares, para a garantia de moradia digna \u00e0s pessoas com defici\u00eancia. Constru\u00e7\u00e3o de centros de moradia independentes para pessoas com defici\u00eancia, com trabalhadores em hor\u00e1rio integral para oferecer o apoio necess\u00e1rio.&#8221;<\/p><\/blockquote>\n<h4>Soraya Thronicke (Uni\u00e3o)<\/h4>\n<p><span style=\"font-weight: 400;\">Soraya Thronicke menciona a moradia duas vezes ao longo de 76 p\u00e1ginas do <a href=\"https:\/\/bit.ly\/3dEsort\" target=\"_blank\" rel=\"noopener\">seu plano<\/a> com sua proposta principal para o tema sendo \u00e0 remo\u00e7\u00e3o:<\/span><\/p>\n<blockquote><p><span style=\"font-weight: 400;\">&#8220;Implantar, em parceria com governadores e prefeitos uma pol\u00edtica real e efetiva de transfer\u00eancia de moradias em \u00e1reas onde a conviv\u00eancia com os riscos naturais n\u00e3o \u00e9 vi\u00e1vel, de forma segura; (e) <\/span>implantar um programa eficaz de fiscaliza\u00e7\u00e3o do uso desordenado e ilegal do solo em \u00e1reas de risco.&#8221;<\/p><\/blockquote>\n<h4>Vera L\u00facia (PSTU)<\/h4>\n<p><span style=\"font-weight: 400;\">Em 26 p\u00e1ginas do <a href=\"https:\/\/bit.ly\/3fhlusG\" target=\"_blank\" rel=\"noopener\">seu plano de governo<\/a>, Vera L\u00facia incorpora uma se\u00e7\u00e3o sobre a \u00f3tica de habita\u00e7\u00e3o para todos do, falando da falta de moradia nas cidades e no campo sob uma \u00f3tica de pol\u00edtica p\u00fablica citando o d\u00e9ficit da habita\u00e7\u00e3o de quase seis milh\u00f5es: <\/span><\/p>\n<blockquote><p><span style=\"font-weight: 400;\">&#8220;Trata-se de um problema emergencial, que afeta duramente a qualidade de vida de uma parte consider\u00e1vel dos trabalhadores&#8221;.<\/span><\/p><\/blockquote>\n<p><span style=\"font-weight: 400;\">Vera completa que as &#8220;ocupa\u00e7\u00f5es de terrenos pela popula\u00e7\u00e3o desesperada, s\u00e3o respondidas com violenta repress\u00e3o policial&#8221;. <\/span><span style=\"font-weight: 400;\">Promete um &#8220;plano de obras p\u00fablicas para a constru\u00e7\u00e3o de habita\u00e7\u00f5es populares, desapropria\u00e7\u00e3o dos im\u00f3veis dos grandes propriet\u00e1rios que vivem da especula\u00e7\u00e3o imobili\u00e1ria&#8221; e lan\u00e7ar um &#8220;programas de empregos e moradia popular voltados \u00e0s LGBTIs&#8221;.<\/span><\/p>\n<p><span style=\"font-weight: 400;\">Destaca-se como sendo a \u00fanica candidata que traz no plano de governo, como far\u00e1 caso eleita e de onde conseguir\u00e1 o dinheiro para investir na constru\u00e7\u00e3o de casas populares:<\/span><\/p>\n<blockquote><p>&#8220;(1) Plano de obras p\u00fablicas para a constru\u00e7\u00e3o de habita\u00e7\u00f5es populares, saneamento b\u00e1sico e obras p\u00fablicas em todo o pa\u00eds. Esse plano pode absorver boa parte dos desempregados; (2) Defendemos tamb\u00e9m a desapropria\u00e7\u00e3o dos im\u00f3veis dos grandes propriet\u00e1rios que vivem da especula\u00e7\u00e3o imobili\u00e1ria. Isso possibilitaria a ocupa\u00e7\u00e3o desses im\u00f3veis por uma parte da popula\u00e7\u00e3o sem teto; (3) O dinheiro para construir essas seis milh\u00f5es de casas e demais equipamentos p\u00fablicos necess\u00e1rios \u00e0 popula\u00e7\u00e3o vir\u00e1 integralmente dos R$ 346,6 bilh\u00f5es de isen\u00e7\u00f5es de impostos que o governo d\u00e1 todos os anos \u00e0s grandes empresas; (4) Propomos tamb\u00e9m a imediata legaliza\u00e7\u00e3o das ocupa\u00e7\u00f5es de terrenos, com urbaniza\u00e7\u00e3o e saneamento adequados.&#8221;<\/p><\/blockquote>\n<h4>Felipe D&#8217;\u00c1vila (NOVO)<\/h4>\n<p><span style=\"font-weight: 400;\">N\u00e3o h\u00e1 qualquer men\u00e7\u00e3o a moradia, casas populares ou programa de habita\u00e7\u00e3o nas<\/span> <span style=\"font-weight: 400;\">36 p\u00e1ginas do <a href=\"https:\/\/bit.ly\/3dI5ob2\" target=\"_blank\" rel=\"noopener\">plano de governo do candidato Felipe D&#8217;\u00c1vila<\/a><\/span><span style=\"font-weight: 400;\">\u00a0registrado no TSE.<\/span><\/p>\n<hr \/>\n<h4><b data-stringify-type=\"bold\">Apoie nossos esfor\u00e7os para fornecer apoio estrat\u00e9gico \u00e0s favelas do Rio, incluindo o jornalismo hiperlocal, cr\u00edtico, inovador e incans\u00e1vel do\u00a0<\/b><b data-stringify-type=\"bold\"><i data-stringify-type=\"italic\">RioOnWatch<\/i><\/b>\u2014<a class=\"c-link\" href=\"http:\/\/www.bit.ly\/ApoieROW\" target=\"_blank\" rel=\"noopener noreferrer\" data-stringify-link=\"http:\/\/www.bit.ly\/ApoieROW\" data-sk=\"tooltip_parent\">doe aqui<\/a>.<\/h4>\n<!-- AddThis Advanced Settings generic via filter on the_content --><!-- AddThis Share Buttons generic via filter on the_content -->","protected":false},"excerpt":{"rendered":"<div class=\"mh-excerpt\"><p>Click Here for English Nesta reportagem especial, o RioOnWatch re\u00fane as propostas do plano de governo registradas no Tribunal Superior Eleitoral (TSE) de todas as candidaturas \u00e0 Presid\u00eancia da Rep\u00fablica, destacando as pol\u00edticas p\u00fablicas do <a class=\"mh-excerpt-more\" href=\"https:\/\/rioonwatch.org.br\/?p=62832\" title=\"Elei\u00e7\u00f5es 2022: Quais S\u00e3o as Propostas das Candidaturas \u00e0 Presid\u00eancia da Rep\u00fablica para a Moradia no Brasil?\">[&#8230;]<\/a><!-- AddThis Advanced Settings generic via filter on get_the_excerpt --><!-- AddThis Share Buttons generic via filter on get_the_excerpt --><\/p>\n<\/div>","protected":false},"author":167,"featured_media":62838,"comment_status":"closed","ping_status":"closed","sticky":false,"template":"","format":"standard","meta":{"_acf_changed":false,"_monsterinsights_skip_tracking":false,"_monsterinsights_sitenote_active":false,"_monsterinsights_sitenote_note":"","_monsterinsights_sitenote_category":0,"footnotes":""},"categories":[3175,1625],"tags":[3207,3194,457,3173,2344,2269,1841,2527,246,243,1983,3208,2928,2411,2920,2451,2919,1990,1840,2410,2882,3209,2930],"writer":[2800],"translator":[],"source":[],"ilustrador":[],"fotografo":[],"class_list":{"0":"post-62832","1":"post","2":"type-post","3":"status-publish","4":"format-standard","5":"has-post-thumbnail","7":"category-democracia","8":"category-por-correspondentes-comunitarios","9":"tag-casa-verde-e-amarela","10":"tag-ciro-gomes","11":"tag-eleicoes","12":"tag-eleicoes-2022","13":"tag-ibge","14":"tag-jair-bolsonaro","15":"tag-lula","16":"tag-mdb","17":"tag-minha-casa-minha-vida","18":"tag-moradores-de-rua","19":"tag-novo","20":"tag-partido-da-democracia-crista","21":"tag-pcb","22":"tag-pdt","23":"tag-pl","24":"tag-politicas-publicas","25":"tag-pros","26":"tag-pstu","27":"tag-pt","28":"tag-ptb","29":"tag-stf","30":"tag-uniao-brasil-partido","31":"tag-up","32":"writer-tatiana-lima"},"acf":[],"yoast_head":"<!-- This site is optimized with the Yoast SEO plugin v25.6 - https:\/\/yoast.com\/wordpress\/plugins\/seo\/ -->\n<title>Elei\u00e7\u00f5es 2022: Quais S\u00e3o as Propostas das Candidaturas \u00e0 Presid\u00eancia da Rep\u00fablica para a Moradia no Brasil? - RioOnWatch<\/title>\n<meta name=\"robots\" content=\"index, follow, max-snippet:-1, max-image-preview:large, max-video-preview:-1\" \/>\n<link rel=\"canonical\" href=\"https:\/\/rioonwatch.org.br\/?p=62832\" \/>\n<meta property=\"og:locale\" content=\"pt_BR\" \/>\n<meta property=\"og:type\" content=\"article\" \/>\n<meta property=\"og:title\" content=\"Elei\u00e7\u00f5es 2022: Quais S\u00e3o as Propostas das Candidaturas \u00e0 Presid\u00eancia da Rep\u00fablica para a Moradia no Brasil? - RioOnWatch\" \/>\n<meta property=\"og:description\" content=\"Click Here for English Nesta reportagem especial, o RioOnWatch re\u00fane as propostas do plano de governo registradas no Tribunal Superior Eleitoral (TSE) de todas as candidaturas \u00e0 Presid\u00eancia da Rep\u00fablica, destacando as pol\u00edticas p\u00fablicas do [...]\" \/>\n<meta property=\"og:url\" content=\"https:\/\/rioonwatch.org.br\/?p=62832\" \/>\n<meta property=\"og:site_name\" content=\"RioOnWatch\" \/>\n<meta property=\"article:published_time\" content=\"2022-09-25T02:06:39+00:00\" \/>\n<meta property=\"article:modified_time\" content=\"2022-10-05T21:10:21+00:00\" \/>\n<meta property=\"og:image\" content=\"https:\/\/rioonwatch.org.br\/wp-content\/uploads\/2022\/09\/eleicoes.jpg\" \/>\n\t<meta property=\"og:image:width\" content=\"2000\" \/>\n\t<meta property=\"og:image:height\" content=\"1201\" \/>\n\t<meta property=\"og:image:type\" content=\"image\/jpeg\" \/>\n<meta name=\"author\" content=\"Julio Santos Filho\" \/>\n<meta name=\"twitter:card\" content=\"summary_large_image\" \/>\n<meta name=\"twitter:label1\" content=\"Escrito por\" \/>\n\t<meta name=\"twitter:data1\" content=\"Julio Santos Filho\" \/>\n\t<meta name=\"twitter:label2\" content=\"Est. tempo de leitura\" \/>\n\t<meta name=\"twitter:data2\" content=\"14 minutos\" \/>\n<script type=\"application\/ld+json\" class=\"yoast-schema-graph\">{\"@context\":\"https:\/\/schema.org\",\"@graph\":[{\"@type\":\"Article\",\"@id\":\"https:\/\/rioonwatch.org.br\/?p=62832#article\",\"isPartOf\":{\"@id\":\"https:\/\/rioonwatch.org.br\/?p=62832\"},\"author\":{\"name\":\"Julio Santos Filho\",\"@id\":\"https:\/\/rioonwatch.org.br\/#\/schema\/person\/476bc75767957d3535b65b796667cd36\"},\"headline\":\"Elei\u00e7\u00f5es 2022: Quais S\u00e3o as Propostas das Candidaturas \u00e0 Presid\u00eancia da Rep\u00fablica para a Moradia no Brasil?\",\"datePublished\":\"2022-09-25T02:06:39+00:00\",\"dateModified\":\"2022-10-05T21:10:21+00:00\",\"mainEntityOfPage\":{\"@id\":\"https:\/\/rioonwatch.org.br\/?p=62832\"},\"wordCount\":2441,\"publisher\":{\"@id\":\"https:\/\/rioonwatch.org.br\/#organization\"},\"image\":{\"@id\":\"https:\/\/rioonwatch.org.br\/?p=62832#primaryimage\"},\"thumbnailUrl\":\"https:\/\/rioonwatch.org.br\/wp-content\/uploads\/2022\/09\/eleicoes.jpg\",\"keywords\":[\"Casa Verde e Amarela\",\"Ciro Gomes\",\"Elei\u00e7\u00f5es\",\"elei\u00e7\u00f5es 2022\",\"IBGE\",\"Jair Bolsonaro\",\"Lula\",\"MDB\",\"Minha Casa Minha Vida\",\"Moradores em Situa\u00e7\u00e3o de Rua\",\"NOVO\",\"Partido da Democracia Crist\u00e3\",\"PCB\",\"PDT\",\"PL\",\"pol\u00edticas p\u00fablicas\",\"PROS\",\"PSTU\",\"PT\",\"PTB\",\"STF\",\"Uni\u00e3o Brasil (partido)\",\"UP\"],\"articleSection\":[\"Democracia\",\"Escrito por Comunicadores Populares\"],\"inLanguage\":\"pt-BR\"},{\"@type\":\"WebPage\",\"@id\":\"https:\/\/rioonwatch.org.br\/?p=62832\",\"url\":\"https:\/\/rioonwatch.org.br\/?p=62832\",\"name\":\"Elei\u00e7\u00f5es 2022: Quais S\u00e3o as Propostas das Candidaturas \u00e0 Presid\u00eancia da Rep\u00fablica para a Moradia no Brasil? - RioOnWatch\",\"isPartOf\":{\"@id\":\"https:\/\/rioonwatch.org.br\/#website\"},\"primaryImageOfPage\":{\"@id\":\"https:\/\/rioonwatch.org.br\/?p=62832#primaryimage\"},\"image\":{\"@id\":\"https:\/\/rioonwatch.org.br\/?p=62832#primaryimage\"},\"thumbnailUrl\":\"https:\/\/rioonwatch.org.br\/wp-content\/uploads\/2022\/09\/eleicoes.jpg\",\"datePublished\":\"2022-09-25T02:06:39+00:00\",\"dateModified\":\"2022-10-05T21:10:21+00:00\",\"breadcrumb\":{\"@id\":\"https:\/\/rioonwatch.org.br\/?p=62832#breadcrumb\"},\"inLanguage\":\"pt-BR\",\"potentialAction\":[{\"@type\":\"ReadAction\",\"target\":[\"https:\/\/rioonwatch.org.br\/?p=62832\"]}]},{\"@type\":\"ImageObject\",\"inLanguage\":\"pt-BR\",\"@id\":\"https:\/\/rioonwatch.org.br\/?p=62832#primaryimage\",\"url\":\"https:\/\/rioonwatch.org.br\/wp-content\/uploads\/2022\/09\/eleicoes.jpg\",\"contentUrl\":\"https:\/\/rioonwatch.org.br\/wp-content\/uploads\/2022\/09\/eleicoes.jpg\",\"width\":2000,\"height\":1201,\"caption\":\"Principais candidatos \u00e0 presid\u00eancia da Rep\u00fablica em debate.\"},{\"@type\":\"BreadcrumbList\",\"@id\":\"https:\/\/rioonwatch.org.br\/?p=62832#breadcrumb\",\"itemListElement\":[{\"@type\":\"ListItem\",\"position\":1,\"name\":\"In\u00edcio\",\"item\":\"https:\/\/rioonwatch.org.br\/\"},{\"@type\":\"ListItem\",\"position\":2,\"name\":\"Elei\u00e7\u00f5es 2022: Quais S\u00e3o as Propostas das Candidaturas \u00e0 Presid\u00eancia da Rep\u00fablica para a Moradia no Brasil?\"}]},{\"@type\":\"WebSite\",\"@id\":\"https:\/\/rioonwatch.org.br\/#website\",\"url\":\"https:\/\/rioonwatch.org.br\/\",\"name\":\"RioOnWatch\",\"description\":\"relatos das favelas cariocas\",\"publisher\":{\"@id\":\"https:\/\/rioonwatch.org.br\/#organization\"},\"potentialAction\":[{\"@type\":\"SearchAction\",\"target\":{\"@type\":\"EntryPoint\",\"urlTemplate\":\"https:\/\/rioonwatch.org.br\/?s={search_term_string}\"},\"query-input\":{\"@type\":\"PropertyValueSpecification\",\"valueRequired\":true,\"valueName\":\"search_term_string\"}}],\"inLanguage\":\"pt-BR\"},{\"@type\":\"Organization\",\"@id\":\"https:\/\/rioonwatch.org.br\/#organization\",\"name\":\"RioOnWatch\",\"url\":\"https:\/\/rioonwatch.org.br\/\",\"logo\":{\"@type\":\"ImageObject\",\"inLanguage\":\"pt-BR\",\"@id\":\"https:\/\/rioonwatch.org.br\/#\/schema\/logo\/image\/\",\"url\":\"https:\/\/rioonwatch.org.br\/wp-content\/uploads\/2021\/06\/RioOnWatchcabecalhoPT11anos-2.png\",\"contentUrl\":\"https:\/\/rioonwatch.org.br\/wp-content\/uploads\/2021\/06\/RioOnWatchcabecalhoPT11anos-2.png\",\"width\":779,\"height\":277,\"caption\":\"RioOnWatch\"},\"image\":{\"@id\":\"https:\/\/rioonwatch.org.br\/#\/schema\/logo\/image\/\"}},{\"@type\":\"Person\",\"@id\":\"https:\/\/rioonwatch.org.br\/#\/schema\/person\/476bc75767957d3535b65b796667cd36\",\"name\":\"Julio Santos Filho\",\"image\":{\"@type\":\"ImageObject\",\"inLanguage\":\"pt-BR\",\"@id\":\"https:\/\/rioonwatch.org.br\/#\/schema\/person\/image\/\",\"url\":\"https:\/\/secure.gravatar.com\/avatar\/ca138f7666182a292a8ce4ca14fb81f8?s=96&d=blank&r=g\",\"contentUrl\":\"https:\/\/secure.gravatar.com\/avatar\/ca138f7666182a292a8ce4ca14fb81f8?s=96&d=blank&r=g\",\"caption\":\"Julio Santos Filho\"},\"url\":\"https:\/\/rioonwatch.org.br\/?author=167\"}]}<\/script>\n<!-- \/ Yoast SEO plugin. -->","yoast_head_json":{"title":"Elei\u00e7\u00f5es 2022: Quais S\u00e3o as Propostas das Candidaturas \u00e0 Presid\u00eancia da Rep\u00fablica para a Moradia no Brasil? - RioOnWatch","robots":{"index":"index","follow":"follow","max-snippet":"max-snippet:-1","max-image-preview":"max-image-preview:large","max-video-preview":"max-video-preview:-1"},"canonical":"https:\/\/rioonwatch.org.br\/?p=62832","og_locale":"pt_BR","og_type":"article","og_title":"Elei\u00e7\u00f5es 2022: Quais S\u00e3o as Propostas das Candidaturas \u00e0 Presid\u00eancia da Rep\u00fablica para a Moradia no Brasil? - RioOnWatch","og_description":"Click Here for English Nesta reportagem especial, o RioOnWatch re\u00fane as propostas do plano de governo registradas no Tribunal Superior Eleitoral (TSE) de todas as candidaturas \u00e0 Presid\u00eancia da Rep\u00fablica, destacando as pol\u00edticas p\u00fablicas do [...]","og_url":"https:\/\/rioonwatch.org.br\/?p=62832","og_site_name":"RioOnWatch","article_published_time":"2022-09-25T02:06:39+00:00","article_modified_time":"2022-10-05T21:10:21+00:00","og_image":[{"width":2000,"height":1201,"url":"https:\/\/rioonwatch.org.br\/wp-content\/uploads\/2022\/09\/eleicoes.jpg","type":"image\/jpeg"}],"author":"Julio Santos Filho","twitter_card":"summary_large_image","twitter_misc":{"Escrito por":"Julio Santos Filho","Est. tempo de leitura":"14 minutos"},"schema":{"@context":"https:\/\/schema.org","@graph":[{"@type":"Article","@id":"https:\/\/rioonwatch.org.br\/?p=62832#article","isPartOf":{"@id":"https:\/\/rioonwatch.org.br\/?p=62832"},"author":{"name":"Julio Santos Filho","@id":"https:\/\/rioonwatch.org.br\/#\/schema\/person\/476bc75767957d3535b65b796667cd36"},"headline":"Elei\u00e7\u00f5es 2022: Quais S\u00e3o as Propostas das Candidaturas \u00e0 Presid\u00eancia da Rep\u00fablica para a Moradia no Brasil?","datePublished":"2022-09-25T02:06:39+00:00","dateModified":"2022-10-05T21:10:21+00:00","mainEntityOfPage":{"@id":"https:\/\/rioonwatch.org.br\/?p=62832"},"wordCount":2441,"publisher":{"@id":"https:\/\/rioonwatch.org.br\/#organization"},"image":{"@id":"https:\/\/rioonwatch.org.br\/?p=62832#primaryimage"},"thumbnailUrl":"https:\/\/rioonwatch.org.br\/wp-content\/uploads\/2022\/09\/eleicoes.jpg","keywords":["Casa Verde e Amarela","Ciro Gomes","Elei\u00e7\u00f5es","elei\u00e7\u00f5es 2022","IBGE","Jair Bolsonaro","Lula","MDB","Minha Casa Minha Vida","Moradores em Situa\u00e7\u00e3o de Rua","NOVO","Partido da Democracia Crist\u00e3","PCB","PDT","PL","pol\u00edticas p\u00fablicas","PROS","PSTU","PT","PTB","STF","Uni\u00e3o Brasil (partido)","UP"],"articleSection":["Democracia","Escrito por Comunicadores Populares"],"inLanguage":"pt-BR"},{"@type":"WebPage","@id":"https:\/\/rioonwatch.org.br\/?p=62832","url":"https:\/\/rioonwatch.org.br\/?p=62832","name":"Elei\u00e7\u00f5es 2022: Quais S\u00e3o as Propostas das Candidaturas \u00e0 Presid\u00eancia da Rep\u00fablica para a Moradia no Brasil? - RioOnWatch","isPartOf":{"@id":"https:\/\/rioonwatch.org.br\/#website"},"primaryImageOfPage":{"@id":"https:\/\/rioonwatch.org.br\/?p=62832#primaryimage"},"image":{"@id":"https:\/\/rioonwatch.org.br\/?p=62832#primaryimage"},"thumbnailUrl":"https:\/\/rioonwatch.org.br\/wp-content\/uploads\/2022\/09\/eleicoes.jpg","datePublished":"2022-09-25T02:06:39+00:00","dateModified":"2022-10-05T21:10:21+00:00","breadcrumb":{"@id":"https:\/\/rioonwatch.org.br\/?p=62832#breadcrumb"},"inLanguage":"pt-BR","potentialAction":[{"@type":"ReadAction","target":["https:\/\/rioonwatch.org.br\/?p=62832"]}]},{"@type":"ImageObject","inLanguage":"pt-BR","@id":"https:\/\/rioonwatch.org.br\/?p=62832#primaryimage","url":"https:\/\/rioonwatch.org.br\/wp-content\/uploads\/2022\/09\/eleicoes.jpg","contentUrl":"https:\/\/rioonwatch.org.br\/wp-content\/uploads\/2022\/09\/eleicoes.jpg","width":2000,"height":1201,"caption":"Principais candidatos \u00e0 presid\u00eancia da Rep\u00fablica em debate."},{"@type":"BreadcrumbList","@id":"https:\/\/rioonwatch.org.br\/?p=62832#breadcrumb","itemListElement":[{"@type":"ListItem","position":1,"name":"In\u00edcio","item":"https:\/\/rioonwatch.org.br\/"},{"@type":"ListItem","position":2,"name":"Elei\u00e7\u00f5es 2022: Quais S\u00e3o as Propostas das Candidaturas \u00e0 Presid\u00eancia da Rep\u00fablica para a Moradia no Brasil?"}]},{"@type":"WebSite","@id":"https:\/\/rioonwatch.org.br\/#website","url":"https:\/\/rioonwatch.org.br\/","name":"RioOnWatch","description":"relatos das favelas cariocas","publisher":{"@id":"https:\/\/rioonwatch.org.br\/#organization"},"potentialAction":[{"@type":"SearchAction","target":{"@type":"EntryPoint","urlTemplate":"https:\/\/rioonwatch.org.br\/?s={search_term_string}"},"query-input":{"@type":"PropertyValueSpecification","valueRequired":true,"valueName":"search_term_string"}}],"inLanguage":"pt-BR"},{"@type":"Organization","@id":"https:\/\/rioonwatch.org.br\/#organization","name":"RioOnWatch","url":"https:\/\/rioonwatch.org.br\/","logo":{"@type":"ImageObject","inLanguage":"pt-BR","@id":"https:\/\/rioonwatch.org.br\/#\/schema\/logo\/image\/","url":"https:\/\/rioonwatch.org.br\/wp-content\/uploads\/2021\/06\/RioOnWatchcabecalhoPT11anos-2.png","contentUrl":"https:\/\/rioonwatch.org.br\/wp-content\/uploads\/2021\/06\/RioOnWatchcabecalhoPT11anos-2.png","width":779,"height":277,"caption":"RioOnWatch"},"image":{"@id":"https:\/\/rioonwatch.org.br\/#\/schema\/logo\/image\/"}},{"@type":"Person","@id":"https:\/\/rioonwatch.org.br\/#\/schema\/person\/476bc75767957d3535b65b796667cd36","name":"Julio Santos Filho","image":{"@type":"ImageObject","inLanguage":"pt-BR","@id":"https:\/\/rioonwatch.org.br\/#\/schema\/person\/image\/","url":"https:\/\/secure.gravatar.com\/avatar\/ca138f7666182a292a8ce4ca14fb81f8?s=96&d=blank&r=g","contentUrl":"https:\/\/secure.gravatar.com\/avatar\/ca138f7666182a292a8ce4ca14fb81f8?s=96&d=blank&r=g","caption":"Julio Santos Filho"},"url":"https:\/\/rioonwatch.org.br\/?author=167"}]}},"_links":{"self":[{"href":"https:\/\/rioonwatch.org.br\/index.php?rest_route=\/wp\/v2\/posts\/62832"}],"collection":[{"href":"https:\/\/rioonwatch.org.br\/index.php?rest_route=\/wp\/v2\/posts"}],"about":[{"href":"https:\/\/rioonwatch.org.br\/index.php?rest_route=\/wp\/v2\/types\/post"}],"author":[{"embeddable":true,"href":"https:\/\/rioonwatch.org.br\/index.php?rest_route=\/wp\/v2\/users\/167"}],"replies":[{"embeddable":true,"href":"https:\/\/rioonwatch.org.br\/index.php?rest_route=%2Fwp%2Fv2%2Fcomments&post=62832"}],"version-history":[{"count":19,"href":"https:\/\/rioonwatch.org.br\/index.php?rest_route=\/wp\/v2\/posts\/62832\/revisions"}],"predecessor-version":[{"id":63075,"href":"https:\/\/rioonwatch.org.br\/index.php?rest_route=\/wp\/v2\/posts\/62832\/revisions\/63075"}],"wp:featuredmedia":[{"embeddable":true,"href":"https:\/\/rioonwatch.org.br\/index.php?rest_route=\/wp\/v2\/media\/62838"}],"wp:attachment":[{"href":"https:\/\/rioonwatch.org.br\/index.php?rest_route=%2Fwp%2Fv2%2Fmedia&parent=62832"}],"wp:term":[{"taxonomy":"category","embeddable":true,"href":"https:\/\/rioonwatch.org.br\/index.php?rest_route=%2Fwp%2Fv2%2Fcategories&post=62832"},{"taxonomy":"post_tag","embeddable":true,"href":"https:\/\/rioonwatch.org.br\/index.php?rest_route=%2Fwp%2Fv2%2Ftags&post=62832"},{"taxonomy":"writer","embeddable":true,"href":"https:\/\/rioonwatch.org.br\/index.php?rest_route=%2Fwp%2Fv2%2Fwriter&post=62832"},{"taxonomy":"translator","embeddable":true,"href":"https:\/\/rioonwatch.org.br\/index.php?rest_route=%2Fwp%2Fv2%2Ftranslator&post=62832"},{"taxonomy":"source","embeddable":true,"href":"https:\/\/rioonwatch.org.br\/index.php?rest_route=%2Fwp%2Fv2%2Fsource&post=62832"},{"taxonomy":"ilustrador","embeddable":true,"href":"https:\/\/rioonwatch.org.br\/index.php?rest_route=%2Fwp%2Fv2%2Filustrador&post=62832"},{"taxonomy":"fotografo","embeddable":true,"href":"https:\/\/rioonwatch.org.br\/index.php?rest_route=%2Fwp%2Fv2%2Ffotografo&post=62832"}],"curies":[{"name":"wp","href":"https:\/\/api.w.org\/{rel}","templated":true}]}}