{"id":63025,"date":"2022-09-30T11:33:05","date_gmt":"2022-09-30T14:33:05","guid":{"rendered":"https:\/\/rioonwatch.org.br\/?p=63025"},"modified":"2024-07-03T13:35:22","modified_gmt":"2024-07-03T16:35:22","slug":"enquanto-estoques-do-exercito-estragam-doentes-cronicos-sofrem-com-falta-de-hidroxicloroquina-no-rio-de-janeiro-relato","status":"publish","type":"post","link":"https:\/\/rioonwatch.org.br\/?p=63025","title":{"rendered":"Enquanto Estoques do Ex\u00e9rcito Estragam, Doentes Cr\u00f4nicos Sofrem com Falta de Hidroxicloroquina no Rio de Janeiro"},"content":{"rendered":"<h4 style=\"text-align: right;\"><em><strong><a href=\"https:\/\/bit.ly\/3rF02AI\" target=\"_blank\" rel=\"noopener noreferrer\">Click Here for English<\/a><a href=\"https:\/\/bit.ly\/3rF02AI\" target=\"_blank\" rel=\"noopener noreferrer\"><img decoding=\"async\" class=\"alignright wp-image-15790\" src=\"https:\/\/rioonwatch.org.br\/wp-content\/uploads\/2012\/08\/EN-standard-e1439583104716.jpg\" alt=\"\" width=\"20\" height=\"20\" \/><\/a><\/strong><\/em><\/h4>\n<p><span style=\"font-weight: 400;\">Em mar\u00e7o de 2020, o <\/span><a href=\"https:\/\/bit.ly\/3bYEJjn\" target=\"_blank\" rel=\"noopener\"><span style=\"font-weight: 400;\">Presidente Jair Bolsonaro<\/span><\/a><span style=\"font-weight: 400;\"> ordenou que o <\/span><a href=\"https:\/\/bit.ly\/3LRVS1u\" target=\"_blank\" rel=\"noopener\"><span style=\"font-weight: 400;\">Ex\u00e9rcito fabricasse 2,8 milh\u00f5es<\/span><\/a><span style=\"font-weight: 400;\"> de comprimidos de hidroxicloroquina para o suposto tratamento da Covid-19. A ordem, sem licita\u00e7\u00e3o e autoriza\u00e7\u00e3o do Minist\u00e9rio da Sa\u00fade, ocorreu a despeito de <\/span><span style=\"font-weight: 400;\"><a href=\"https:\/\/bit.ly\/3dRowUa\" target=\"_blank\" rel=\"noopener\">n\u00e3o haver comprova\u00e7\u00e3o<\/a> de que a hidroxicloroquina seja eficaz contra o coronav\u00edrus<\/span><span style=\"font-weight: 400;\">.<\/span><\/p>\n<p><span style=\"font-weight: 400;\">Eu, T\u00e1ssia di Carvalho, acometida cronicamente por l\u00fapus, dermatomiosite e ceratocone, fa\u00e7o parte dos que dependem deste rem\u00e9dio para o tratamento para o qual ele foi devidamente desenvolvido e aprovado. Para ter acesso \u00e0 hidroxicloroquina, tenho que passar por testes m\u00e9dicos e preciso ir ao oftalmologista fazer exames trimestralmente. Ainda assim, tive efeitos colaterais do rem\u00e9dio, como perdas consider\u00e1veis no meu campo visual, o que me obrigou a passar por uma cirurgia no ano passado. Esse n\u00e3o \u00e9 o \u00fanico efeito colateral do uso cont\u00ednuo do rem\u00e9dio. \u00c9 comum observar, por exemplo, hemorragias.<\/span><\/p>\n<p><span style=\"font-weight: 400;\">Mesmo que n\u00e3o tivesse efic\u00e1cia comprovada contra o coronav\u00edrus, o aumento na produ\u00e7\u00e3o do rem\u00e9dio me acendeu esperan\u00e7a: talvez, agora regularizassem as entregas, o que n\u00e3o acontecia h\u00e1 anos. Desde 2014, no Rio vivemos entregas irregulares do sulfato de hidroxicloroquina, distribu\u00eddo para pacientes pela RioFarmes. <\/span><\/p>\n<p><span style=\"font-weight: 400;\">Por\u00e9m, infelizmente, apesar das minhas esperan\u00e7as, n\u00e3o tivemos o abastecimento regularizado e ainda tivemos uma corrida \u00e0s farm\u00e1cias, <\/span><span style=\"font-weight: 400;\">o que <a href=\"https:\/\/bit.ly\/3dOLMCd\" target=\"_blank\" rel=\"noopener\">fez com que<\/a> muitos doentes cr\u00f4nicos ficassem sem os rem\u00e9dios<\/span><span style=\"font-weight: 400;\">. <\/span><span style=\"font-weight: 400;\">No auge da pandemia e sem um comprimido, pedi para conhecidos de outros estados buscarem nas farm\u00e1cias, desta forma recebendo uma caixa de S\u00e3o Paulo e outras duas de Pernambuco.<\/span><\/p>\n<p><span style=\"font-weight: 400;\">Portanto, a falta do composto assusta quem mais precisa e as entregas oscilantes fazem com que os doentes cr\u00f4nicos n\u00e3o consigam ter acesso ao medicamento de uso cont\u00ednuo. Mesmo com a pandemia e <\/span><span style=\"font-weight: 400;\">parte dos 2,8 milh\u00f5es de comprimidos fabricados pelo Ex\u00e9rcito <a href=\"https:\/\/bit.ly\/3E4Gflr\" target=\"_blank\" rel=\"noopener\">estragando<\/a><\/span><span style=\"font-weight: 400;\">, nenhum desses comprimidos chegou ao Rio para doentes cr\u00f4nicos. Em 2021, foram ao menos seis meses sem receber o medicamento.<\/span><\/p>\n<p><span style=\"font-weight: 400;\">Em 2020, o Ex\u00e9rcito revelou que <\/span><span style=\"font-weight: 400;\">400.000 comprimidos estavam \u201c<a href=\"https:\/\/bit.ly\/3SqVmKj\" target=\"_blank\" rel=\"noopener\">parados por falta de demanda<\/a>\u201d<\/span><span style=\"font-weight: 400;\">. Enquanto isso, o abastecimento de hidroxicloroquina para quem comprovadamente precisava continuava irregular. Neste ano, <\/span><span style=\"font-weight: 400;\">ao menos 83.000 comprimidos do rem\u00e9dio <a href=\"https:\/\/bit.ly\/3rjPV3Y\" target=\"_blank\" rel=\"noopener\">foram jogados no lixo<\/a><\/span><span style=\"font-weight: 400;\">.<\/span><\/p>\n<p><span style=\"font-weight: 400;\">A \u00faltima vez que eu peguei a hidroxicloroquina com uma certa regularidade, foi em 2014. Depois disso, a resposta da RioFarmes \u00e9 de que estariam licitando. Quem mais sofre \u00e9 quem mais precisa, como Bianca Nunes, 29, moradora de Austin, em <\/span><a href=\"http:\/\/bit.ly\/2YytCa6\" target=\"_blank\" rel=\"noopener\"><span style=\"font-weight: 400;\">Nova Igua\u00e7u<\/span><\/a><span style=\"font-weight: 400;\">.<\/span><\/p>\n<h3><b>Bianca Nunes<\/b><\/h3>\n<p><a href=\"https:\/\/rioonwatch.org.br\/wp-content\/uploads\/2022\/09\/Bianca-durante-manifestacao-do-Maio-Roxo-conscientizacao-do-Lupus-nos-Arcos-da-Lapa-2022.-Arquivo-pessoal.jpeg\"><img fetchpriority=\"high\" decoding=\"async\" class=\"aligncenter wp-image-63031\" title=\"Bianca durante manifesta\u00e7\u00e3o do Maio Roxo (conscientiza\u00e7\u00e3o do L\u00fapus), nos Arcos da Lapa, 2022. Arquivo pessoal\" src=\"https:\/\/rioonwatch.org.br\/wp-content\/uploads\/2022\/09\/Bianca-durante-manifestacao-do-Maio-Roxo-conscientizacao-do-Lupus-nos-Arcos-da-Lapa-2022.-Arquivo-pessoal.jpeg\" alt=\"\" width=\"670\" height=\"447\" srcset=\"https:\/\/rioonwatch.org.br\/wp-content\/uploads\/2022\/09\/Bianca-durante-manifestacao-do-Maio-Roxo-conscientizacao-do-Lupus-nos-Arcos-da-Lapa-2022.-Arquivo-pessoal.jpeg 1024w, https:\/\/rioonwatch.org.br\/wp-content\/uploads\/2022\/09\/Bianca-durante-manifestacao-do-Maio-Roxo-conscientizacao-do-Lupus-nos-Arcos-da-Lapa-2022.-Arquivo-pessoal-620x414.jpeg 620w, https:\/\/rioonwatch.org.br\/wp-content\/uploads\/2022\/09\/Bianca-durante-manifestacao-do-Maio-Roxo-conscientizacao-do-Lupus-nos-Arcos-da-Lapa-2022.-Arquivo-pessoal-943x629.jpeg 943w\" sizes=\"(max-width: 670px) 100vw, 670px\" \/><\/a><\/p>\n<p><span style=\"font-weight: 400;\">Bianca Nunes usa a hidroxicloroquina h\u00e1 oito anos, para l\u00fapus e fibromialgia, e amarga n\u00e3o s\u00f3 \u00e0 suspens\u00e3o das entregas do medicamento que o presidente exibe aos montes, mas tamb\u00e9m do seu <\/span><a href=\"https:\/\/bit.ly\/3y3plzS\" target=\"_blank\" rel=\"noopener\"><span style=\"font-weight: 400;\">LOAS<\/span><\/a><span style=\"font-weight: 400;\"> (<\/span><span style=\"font-weight: 400;\">Lei Org\u00e2nica de Assist\u00eancia Social), benef\u00edcio pago pelo INSS <\/span><span style=\"font-weight: 400;\">para doentes cr\u00f4nicos, como l\u00fapus:<\/span><\/p>\n<blockquote><p><span style=\"font-weight: 400;\">\u201cEle (Presidente Bolsonaro) n\u00e3o entende a gravidade que \u00e9 para um paciente de l\u00fapus ficar sem tratamento. Os danos podem levar a fal\u00eancia renal, problemas graves a v\u00e1rios \u00f3rg\u00e3os levando o paciente a interna\u00e7\u00e3o, e danos irrevers\u00edveis por toda a vida do paciente, al\u00e9m dos danos psicol\u00f3gicos do paciente que passa o dia com medo de n\u00e3o sobreviver ao amanh\u00e3. A quest\u00e3o \u00e9 que Bolsonaro n\u00e3o afetou s\u00f3 os que estavam com Covid-19. Afetou milh\u00f5es.\u201d<\/span><\/p><\/blockquote>\n<p><span style=\"font-weight: 400;\">Ela \u00e9 uma mulher preta que, com o valor do LOAS, comprava seus medicamentos quando estavam em falta na RioFarmes. \u201cEstou conseguindo tomar meus rem\u00e9dios por doa\u00e7\u00f5es, mas nem sempre eu consigo. Meu marido est\u00e1 desempregado e eu n\u00e3o tenho de onde tirar dinheiro. J\u00e1 me endividei bastante, comprei o que consegui comprar com o cart\u00e3o de cr\u00e9dito, mas j\u00e1 estourei todos os meus cart\u00f5es e n\u00e3o consegui comprar\u201d.<\/span><\/p>\n<p><span style=\"font-weight: 400;\">Para conseguir pegar a hidroxicloroquina que at\u00e9 o fechamento desta reportagem estava dispon\u00edvel na RioFarmes, Bianca tem que sair de Nova Igua\u00e7u e ir at\u00e9 o Centro do Rio para buscar a medica\u00e7\u00e3o. \u201cEu n\u00e3o tenho vale social e nem condi\u00e7\u00f5es de pagar a passagem. Como que eu fa\u00e7o para ir l\u00e1 buscar sem dinheiro nenhum?\u201d, questiona. \u201cJ\u00e1 fui na <\/span><a href=\"https:\/\/bit.ly\/2x7dVPc\" target=\"_blank\" rel=\"noopener\"><span style=\"font-weight: 400;\">Defensoria<\/span><\/a> <span style=\"font-weight: 400;\">duas vezes, mas n\u00e3o recebi ajuda e nem aux\u00edlio, tamb\u00e9m j\u00e1 fui no <\/span><a href=\"https:\/\/bit.ly\/3aKVRvj\" target=\"_blank\" rel=\"noopener\"><span style=\"font-weight: 400;\">CRAS<\/span><\/a> <span style=\"font-weight: 400;\">e nada\u201d.<\/span><\/p>\n<h3><b>Suellen Maia<\/b><\/h3>\n<p><span style=\"font-weight: 400;\">Suellen Maia, 31, portadora de l\u00fapus e moradora de Pilares, <\/span><a href=\"http:\/\/bit.ly\/2ETpYR1\" target=\"_blank\" rel=\"noopener\"><span style=\"font-weight: 400;\">Zona Norte<\/span><\/a><span style=\"font-weight: 400;\">, foi al\u00e9m. Sozinha, em 2017, ap\u00f3s mais de tr\u00eas anos sem o medicamento, mobilizou dezenas de meios de comunica\u00e7\u00e3o e institui\u00e7\u00f5es de classe em busca de visibilidade para o abandono dos portadores de l\u00fapus. Enquanto outros estados recebem o rem\u00e9dio regularmente, no estado do Rio os pacientes sofrem.<\/span><\/p>\n<p><a href=\"https:\/\/rioonwatch.org.br\/wp-content\/uploads\/2022\/09\/Suellen-Maia-e-ativista-em-prol-de-Direitos-para-portadores-de-Lupus.-Arquivo-pessoal.jpeg\"><img decoding=\"async\" class=\"aligncenter wp-image-63032\" title=\"Suellen Maia \u00e9 ativista em prol de Direitos para portadores de L\u00fapus. Arquivo pessoal\" src=\"https:\/\/rioonwatch.org.br\/wp-content\/uploads\/2022\/09\/Suellen-Maia-e-ativista-em-prol-de-Direitos-para-portadores-de-Lupus.-Arquivo-pessoal.jpeg\" alt=\"Suellen Maia \u00e9 ativista em prol de Direitos para portadores de L\u00fapus. Arquivo pessoal\" width=\"670\" height=\"806\" srcset=\"https:\/\/rioonwatch.org.br\/wp-content\/uploads\/2022\/09\/Suellen-Maia-e-ativista-em-prol-de-Direitos-para-portadores-de-Lupus.-Arquivo-pessoal.jpeg 720w, https:\/\/rioonwatch.org.br\/wp-content\/uploads\/2022\/09\/Suellen-Maia-e-ativista-em-prol-de-Direitos-para-portadores-de-Lupus.-Arquivo-pessoal-515x620.jpeg 515w, https:\/\/rioonwatch.org.br\/wp-content\/uploads\/2022\/09\/Suellen-Maia-e-ativista-em-prol-de-Direitos-para-portadores-de-Lupus.-Arquivo-pessoal-523x629.jpeg 523w\" sizes=\"(max-width: 670px) 100vw, 670px\" \/><\/a><\/p>\n<p><span style=\"font-weight: 400;\">Suellen conseguiu mais de 100.000 assinaturas em um abaixo-assinado que ganhou repercuss\u00e3o nacional e, ainda assim, o estado do Rio n\u00e3o regularizou o abastecimento. Suellen tamb\u00e9m luta com o INSS que suspendeu seu aux\u00edlio doen\u00e7a em fevereiro deste ano. Para garantir seus medicamentos, ela precisou entrar com uma ordem judicial e mesmo assim, a vit\u00f3ria foi parcial. \u201cN\u00e3o recebo todos os meus medicamentos, apenas hidroxicloroquina e topiramato\u201d.<\/span><\/p>\n<p><span style=\"font-weight: 400;\">Somos cerca de <\/span><a href=\"https:\/\/bit.ly\/3BVE9Sq\" target=\"_blank\" rel=\"noopener\"><span style=\"font-weight: 400;\">57 milh\u00f5es de brasileiros portadores de doen\u00e7as cr\u00f4nicas<\/span><\/a><span style=\"font-weight: 400;\">, s<\/span><span style=\"font-weight: 400;\">egundo o IBGE, mais de 25% da popula\u00e7\u00e3o brasileira. Merecemos ter nosso direito \u00e0 sa\u00fade garantido e fortalecido ao inv\u00e9s de amea\u00e7ado.<\/span><\/p>\n<p><span style=\"font-weight: 400;\">A Secretaria de Estado de Sa\u00fade foi procurada para essa reportagem. Contudo, at\u00e9 o momento de publica\u00e7\u00e3o desta mat\u00e9ria, n\u00e3o obtivemos resposta.<\/span><\/p>\n<hr \/>\n<h4><b data-stringify-type=\"bold\">Apoie nossos esfor\u00e7os para fornecer apoio estrat\u00e9gico \u00e0s favelas do Rio, incluindo o jornalismo hiperlocal, cr\u00edtico, inovador e incans\u00e1vel do\u00a0<\/b><b data-stringify-type=\"bold\"><i data-stringify-type=\"italic\">RioOnWatch<\/i><\/b>\u2014<a class=\"c-link\" href=\"http:\/\/www.bit.ly\/ApoieROW\" target=\"_blank\" rel=\"noopener noreferrer\" data-stringify-link=\"http:\/\/www.bit.ly\/ApoieROW\" data-sk=\"tooltip_parent\">doe aqui<\/a>.<\/h4>\n<!-- AddThis Advanced Settings generic via filter on the_content --><!-- AddThis Share Buttons generic via filter on the_content -->","protected":false},"excerpt":{"rendered":"<div class=\"mh-excerpt\"><p>Click Here for English Em mar\u00e7o de 2020, o Presidente Jair Bolsonaro ordenou que o Ex\u00e9rcito fabricasse 2,8 milh\u00f5es de comprimidos de hidroxicloroquina para o suposto tratamento da Covid-19. A ordem, sem licita\u00e7\u00e3o e autoriza\u00e7\u00e3o <a class=\"mh-excerpt-more\" href=\"https:\/\/rioonwatch.org.br\/?p=63025\" title=\"Enquanto Estoques do Ex\u00e9rcito Estragam, Doentes Cr\u00f4nicos Sofrem com Falta de Hidroxicloroquina no Rio de Janeiro\">[&#8230;]<\/a><!-- AddThis Advanced Settings generic via filter on get_the_excerpt --><!-- AddThis Share Buttons generic via filter on get_the_excerpt --><\/p>\n<\/div>","protected":false},"author":167,"featured_media":63029,"comment_status":"closed","ping_status":"closed","sticky":false,"template":"","format":"standard","meta":{"_acf_changed":false,"_monsterinsights_skip_tracking":false,"_monsterinsights_sitenote_active":false,"_monsterinsights_sitenote_note":"","_monsterinsights_sitenote_category":0,"footnotes":""},"categories":[2753,346,1625,344],"tags":[3228,959,2814,2748,3226,3173,417,961,3231,294,2116,218],"writer":[3229],"translator":[],"source":[],"ilustrador":[],"fotografo":[],"class_list":{"0":"post-63025","1":"post","2":"type-post","3":"status-publish","4":"format-standard","5":"has-post-thumbnail","7":"category-covid19nasfavelas","8":"category-denuncias","9":"category-por-correspondentes-comunitarios","10":"category-politicas","11":"tag-austin-nova-iguacu","12":"tag-baixada-fluminense","13":"tag-bolsonaro-sabota-prevencao-a-covid-19","14":"tag-coronavirus","15":"tag-cras","16":"tag-eleicoes-2022","17":"tag-negligencia-do-estado","18":"tag-nova-iguacu","19":"tag-pilares","20":"tag-saude","21":"tag-secretaria-de-saude","22":"tag-zona-norte","23":"writer-tassia-di-carvalho"},"acf":[],"yoast_head":"<!-- This site is optimized with the Yoast SEO plugin v25.6 - https:\/\/yoast.com\/wordpress\/plugins\/seo\/ -->\n<title>Enquanto Estoques do Ex\u00e9rcito Estragam, Doentes Cr\u00f4nicos Sofrem com Falta de Hidroxicloroquina no Rio de Janeiro - RioOnWatch<\/title>\n<meta name=\"robots\" content=\"index, follow, max-snippet:-1, max-image-preview:large, max-video-preview:-1\" \/>\n<link rel=\"canonical\" href=\"https:\/\/rioonwatch.org.br\/?p=63025\" \/>\n<meta property=\"og:locale\" content=\"pt_BR\" \/>\n<meta property=\"og:type\" content=\"article\" \/>\n<meta property=\"og:title\" content=\"Enquanto Estoques do Ex\u00e9rcito Estragam, Doentes Cr\u00f4nicos Sofrem com Falta de Hidroxicloroquina no Rio de Janeiro - RioOnWatch\" \/>\n<meta property=\"og:description\" content=\"Click Here for English Em mar\u00e7o de 2020, o Presidente Jair Bolsonaro ordenou que o Ex\u00e9rcito fabricasse 2,8 milh\u00f5es de comprimidos de hidroxicloroquina para o suposto tratamento da Covid-19. A ordem, sem licita\u00e7\u00e3o e autoriza\u00e7\u00e3o [...]\" \/>\n<meta property=\"og:url\" content=\"https:\/\/rioonwatch.org.br\/?p=63025\" \/>\n<meta property=\"og:site_name\" content=\"RioOnWatch\" \/>\n<meta property=\"article:published_time\" content=\"2022-09-30T14:33:05+00:00\" \/>\n<meta property=\"article:modified_time\" content=\"2024-07-03T16:35:22+00:00\" \/>\n<meta property=\"og:image\" content=\"https:\/\/rioonwatch.org.br\/wp-content\/uploads\/2022\/09\/Cartelas-de-sulfato-de-hidroxicloroquina.-Foto-Tassia-di-Carvalho-scaled.jpeg\" \/>\n\t<meta property=\"og:image:width\" content=\"1920\" \/>\n\t<meta property=\"og:image:height\" content=\"2560\" \/>\n\t<meta property=\"og:image:type\" content=\"image\/jpeg\" \/>\n<meta name=\"author\" content=\"Julio Santos Filho\" \/>\n<meta name=\"twitter:card\" content=\"summary_large_image\" \/>\n<meta name=\"twitter:label1\" content=\"Escrito por\" \/>\n\t<meta name=\"twitter:data1\" content=\"Julio Santos Filho\" \/>\n\t<meta name=\"twitter:label2\" content=\"Est. tempo de leitura\" \/>\n\t<meta name=\"twitter:data2\" content=\"6 minutos\" \/>\n<script type=\"application\/ld+json\" class=\"yoast-schema-graph\">{\"@context\":\"https:\/\/schema.org\",\"@graph\":[{\"@type\":\"Article\",\"@id\":\"https:\/\/rioonwatch.org.br\/?p=63025#article\",\"isPartOf\":{\"@id\":\"https:\/\/rioonwatch.org.br\/?p=63025\"},\"author\":{\"name\":\"Julio Santos Filho\",\"@id\":\"https:\/\/rioonwatch.org.br\/#\/schema\/person\/476bc75767957d3535b65b796667cd36\"},\"headline\":\"Enquanto Estoques do Ex\u00e9rcito Estragam, Doentes Cr\u00f4nicos Sofrem com Falta de Hidroxicloroquina no Rio de Janeiro\",\"datePublished\":\"2022-09-30T14:33:05+00:00\",\"dateModified\":\"2024-07-03T16:35:22+00:00\",\"mainEntityOfPage\":{\"@id\":\"https:\/\/rioonwatch.org.br\/?p=63025\"},\"wordCount\":981,\"publisher\":{\"@id\":\"https:\/\/rioonwatch.org.br\/#organization\"},\"image\":{\"@id\":\"https:\/\/rioonwatch.org.br\/?p=63025#primaryimage\"},\"thumbnailUrl\":\"https:\/\/rioonwatch.org.br\/wp-content\/uploads\/2022\/09\/Cartelas-de-sulfato-de-hidroxicloroquina.-Foto-Tassia-di-Carvalho-scaled.jpeg\",\"keywords\":[\"Austin (Nova Igua\u00e7u)\",\"Baixada Fluminense\",\"Bolsonaro sabota preven\u00e7\u00e3o \u00e0 Covid-19\",\"coronav\u00edrus\",\"CRAS\",\"elei\u00e7\u00f5es 2022\",\"Neglig\u00eancia do Estado\",\"Nova Igua\u00e7u\",\"Pilares\",\"sa\u00fade\",\"Secretaria de Sa\u00fade\",\"Zona Norte\"],\"articleSection\":[\"#Covid19NasFavelas\",\"Den\u00fancias\",\"Escrito por Comunicadores Populares\",\"Pol\u00edticas\"],\"inLanguage\":\"pt-BR\"},{\"@type\":\"WebPage\",\"@id\":\"https:\/\/rioonwatch.org.br\/?p=63025\",\"url\":\"https:\/\/rioonwatch.org.br\/?p=63025\",\"name\":\"Enquanto Estoques do Ex\u00e9rcito Estragam, Doentes Cr\u00f4nicos Sofrem com Falta de Hidroxicloroquina no Rio de Janeiro - RioOnWatch\",\"isPartOf\":{\"@id\":\"https:\/\/rioonwatch.org.br\/#website\"},\"primaryImageOfPage\":{\"@id\":\"https:\/\/rioonwatch.org.br\/?p=63025#primaryimage\"},\"image\":{\"@id\":\"https:\/\/rioonwatch.org.br\/?p=63025#primaryimage\"},\"thumbnailUrl\":\"https:\/\/rioonwatch.org.br\/wp-content\/uploads\/2022\/09\/Cartelas-de-sulfato-de-hidroxicloroquina.-Foto-Tassia-di-Carvalho-scaled.jpeg\",\"datePublished\":\"2022-09-30T14:33:05+00:00\",\"dateModified\":\"2024-07-03T16:35:22+00:00\",\"breadcrumb\":{\"@id\":\"https:\/\/rioonwatch.org.br\/?p=63025#breadcrumb\"},\"inLanguage\":\"pt-BR\",\"potentialAction\":[{\"@type\":\"ReadAction\",\"target\":[\"https:\/\/rioonwatch.org.br\/?p=63025\"]}]},{\"@type\":\"ImageObject\",\"inLanguage\":\"pt-BR\",\"@id\":\"https:\/\/rioonwatch.org.br\/?p=63025#primaryimage\",\"url\":\"https:\/\/rioonwatch.org.br\/wp-content\/uploads\/2022\/09\/Cartelas-de-sulfato-de-hidroxicloroquina.-Foto-Tassia-di-Carvalho-scaled.jpeg\",\"contentUrl\":\"https:\/\/rioonwatch.org.br\/wp-content\/uploads\/2022\/09\/Cartelas-de-sulfato-de-hidroxicloroquina.-Foto-Tassia-di-Carvalho-scaled.jpeg\",\"width\":1920,\"height\":2560,\"caption\":\"Cartelas de sulfato de hidroxicloroquina. Foto: T\u00e1ssia di Carvalho\"},{\"@type\":\"BreadcrumbList\",\"@id\":\"https:\/\/rioonwatch.org.br\/?p=63025#breadcrumb\",\"itemListElement\":[{\"@type\":\"ListItem\",\"position\":1,\"name\":\"In\u00edcio\",\"item\":\"https:\/\/rioonwatch.org.br\/\"},{\"@type\":\"ListItem\",\"position\":2,\"name\":\"Enquanto Estoques do Ex\u00e9rcito Estragam, Doentes Cr\u00f4nicos Sofrem com Falta de Hidroxicloroquina no Rio de Janeiro\"}]},{\"@type\":\"WebSite\",\"@id\":\"https:\/\/rioonwatch.org.br\/#website\",\"url\":\"https:\/\/rioonwatch.org.br\/\",\"name\":\"RioOnWatch\",\"description\":\"relatos das favelas cariocas\",\"publisher\":{\"@id\":\"https:\/\/rioonwatch.org.br\/#organization\"},\"potentialAction\":[{\"@type\":\"SearchAction\",\"target\":{\"@type\":\"EntryPoint\",\"urlTemplate\":\"https:\/\/rioonwatch.org.br\/?s={search_term_string}\"},\"query-input\":{\"@type\":\"PropertyValueSpecification\",\"valueRequired\":true,\"valueName\":\"search_term_string\"}}],\"inLanguage\":\"pt-BR\"},{\"@type\":\"Organization\",\"@id\":\"https:\/\/rioonwatch.org.br\/#organization\",\"name\":\"RioOnWatch\",\"url\":\"https:\/\/rioonwatch.org.br\/\",\"logo\":{\"@type\":\"ImageObject\",\"inLanguage\":\"pt-BR\",\"@id\":\"https:\/\/rioonwatch.org.br\/#\/schema\/logo\/image\/\",\"url\":\"https:\/\/rioonwatch.org.br\/wp-content\/uploads\/2021\/06\/RioOnWatchcabecalhoPT11anos-2.png\",\"contentUrl\":\"https:\/\/rioonwatch.org.br\/wp-content\/uploads\/2021\/06\/RioOnWatchcabecalhoPT11anos-2.png\",\"width\":779,\"height\":277,\"caption\":\"RioOnWatch\"},\"image\":{\"@id\":\"https:\/\/rioonwatch.org.br\/#\/schema\/logo\/image\/\"}},{\"@type\":\"Person\",\"@id\":\"https:\/\/rioonwatch.org.br\/#\/schema\/person\/476bc75767957d3535b65b796667cd36\",\"name\":\"Julio Santos Filho\",\"image\":{\"@type\":\"ImageObject\",\"inLanguage\":\"pt-BR\",\"@id\":\"https:\/\/rioonwatch.org.br\/#\/schema\/person\/image\/\",\"url\":\"https:\/\/secure.gravatar.com\/avatar\/ca138f7666182a292a8ce4ca14fb81f8?s=96&d=blank&r=g\",\"contentUrl\":\"https:\/\/secure.gravatar.com\/avatar\/ca138f7666182a292a8ce4ca14fb81f8?s=96&d=blank&r=g\",\"caption\":\"Julio Santos Filho\"},\"url\":\"https:\/\/rioonwatch.org.br\/?author=167\"}]}<\/script>\n<!-- \/ Yoast SEO plugin. -->","yoast_head_json":{"title":"Enquanto Estoques do Ex\u00e9rcito Estragam, Doentes Cr\u00f4nicos Sofrem com Falta de Hidroxicloroquina no Rio de Janeiro - RioOnWatch","robots":{"index":"index","follow":"follow","max-snippet":"max-snippet:-1","max-image-preview":"max-image-preview:large","max-video-preview":"max-video-preview:-1"},"canonical":"https:\/\/rioonwatch.org.br\/?p=63025","og_locale":"pt_BR","og_type":"article","og_title":"Enquanto Estoques do Ex\u00e9rcito Estragam, Doentes Cr\u00f4nicos Sofrem com Falta de Hidroxicloroquina no Rio de Janeiro - RioOnWatch","og_description":"Click Here for English Em mar\u00e7o de 2020, o Presidente Jair Bolsonaro ordenou que o Ex\u00e9rcito fabricasse 2,8 milh\u00f5es de comprimidos de hidroxicloroquina para o suposto tratamento da Covid-19. A ordem, sem licita\u00e7\u00e3o e autoriza\u00e7\u00e3o [...]","og_url":"https:\/\/rioonwatch.org.br\/?p=63025","og_site_name":"RioOnWatch","article_published_time":"2022-09-30T14:33:05+00:00","article_modified_time":"2024-07-03T16:35:22+00:00","og_image":[{"width":1920,"height":2560,"url":"https:\/\/rioonwatch.org.br\/wp-content\/uploads\/2022\/09\/Cartelas-de-sulfato-de-hidroxicloroquina.-Foto-Tassia-di-Carvalho-scaled.jpeg","type":"image\/jpeg"}],"author":"Julio Santos Filho","twitter_card":"summary_large_image","twitter_misc":{"Escrito por":"Julio Santos Filho","Est. tempo de leitura":"6 minutos"},"schema":{"@context":"https:\/\/schema.org","@graph":[{"@type":"Article","@id":"https:\/\/rioonwatch.org.br\/?p=63025#article","isPartOf":{"@id":"https:\/\/rioonwatch.org.br\/?p=63025"},"author":{"name":"Julio Santos Filho","@id":"https:\/\/rioonwatch.org.br\/#\/schema\/person\/476bc75767957d3535b65b796667cd36"},"headline":"Enquanto Estoques do Ex\u00e9rcito Estragam, Doentes Cr\u00f4nicos Sofrem com Falta de Hidroxicloroquina no Rio de Janeiro","datePublished":"2022-09-30T14:33:05+00:00","dateModified":"2024-07-03T16:35:22+00:00","mainEntityOfPage":{"@id":"https:\/\/rioonwatch.org.br\/?p=63025"},"wordCount":981,"publisher":{"@id":"https:\/\/rioonwatch.org.br\/#organization"},"image":{"@id":"https:\/\/rioonwatch.org.br\/?p=63025#primaryimage"},"thumbnailUrl":"https:\/\/rioonwatch.org.br\/wp-content\/uploads\/2022\/09\/Cartelas-de-sulfato-de-hidroxicloroquina.-Foto-Tassia-di-Carvalho-scaled.jpeg","keywords":["Austin (Nova Igua\u00e7u)","Baixada Fluminense","Bolsonaro sabota preven\u00e7\u00e3o \u00e0 Covid-19","coronav\u00edrus","CRAS","elei\u00e7\u00f5es 2022","Neglig\u00eancia do Estado","Nova Igua\u00e7u","Pilares","sa\u00fade","Secretaria de Sa\u00fade","Zona Norte"],"articleSection":["#Covid19NasFavelas","Den\u00fancias","Escrito por Comunicadores Populares","Pol\u00edticas"],"inLanguage":"pt-BR"},{"@type":"WebPage","@id":"https:\/\/rioonwatch.org.br\/?p=63025","url":"https:\/\/rioonwatch.org.br\/?p=63025","name":"Enquanto Estoques do Ex\u00e9rcito Estragam, Doentes Cr\u00f4nicos Sofrem com Falta de Hidroxicloroquina no Rio de Janeiro - RioOnWatch","isPartOf":{"@id":"https:\/\/rioonwatch.org.br\/#website"},"primaryImageOfPage":{"@id":"https:\/\/rioonwatch.org.br\/?p=63025#primaryimage"},"image":{"@id":"https:\/\/rioonwatch.org.br\/?p=63025#primaryimage"},"thumbnailUrl":"https:\/\/rioonwatch.org.br\/wp-content\/uploads\/2022\/09\/Cartelas-de-sulfato-de-hidroxicloroquina.-Foto-Tassia-di-Carvalho-scaled.jpeg","datePublished":"2022-09-30T14:33:05+00:00","dateModified":"2024-07-03T16:35:22+00:00","breadcrumb":{"@id":"https:\/\/rioonwatch.org.br\/?p=63025#breadcrumb"},"inLanguage":"pt-BR","potentialAction":[{"@type":"ReadAction","target":["https:\/\/rioonwatch.org.br\/?p=63025"]}]},{"@type":"ImageObject","inLanguage":"pt-BR","@id":"https:\/\/rioonwatch.org.br\/?p=63025#primaryimage","url":"https:\/\/rioonwatch.org.br\/wp-content\/uploads\/2022\/09\/Cartelas-de-sulfato-de-hidroxicloroquina.-Foto-Tassia-di-Carvalho-scaled.jpeg","contentUrl":"https:\/\/rioonwatch.org.br\/wp-content\/uploads\/2022\/09\/Cartelas-de-sulfato-de-hidroxicloroquina.-Foto-Tassia-di-Carvalho-scaled.jpeg","width":1920,"height":2560,"caption":"Cartelas de sulfato de hidroxicloroquina. Foto: T\u00e1ssia di Carvalho"},{"@type":"BreadcrumbList","@id":"https:\/\/rioonwatch.org.br\/?p=63025#breadcrumb","itemListElement":[{"@type":"ListItem","position":1,"name":"In\u00edcio","item":"https:\/\/rioonwatch.org.br\/"},{"@type":"ListItem","position":2,"name":"Enquanto Estoques do Ex\u00e9rcito Estragam, Doentes Cr\u00f4nicos Sofrem com Falta de Hidroxicloroquina no Rio de Janeiro"}]},{"@type":"WebSite","@id":"https:\/\/rioonwatch.org.br\/#website","url":"https:\/\/rioonwatch.org.br\/","name":"RioOnWatch","description":"relatos das favelas cariocas","publisher":{"@id":"https:\/\/rioonwatch.org.br\/#organization"},"potentialAction":[{"@type":"SearchAction","target":{"@type":"EntryPoint","urlTemplate":"https:\/\/rioonwatch.org.br\/?s={search_term_string}"},"query-input":{"@type":"PropertyValueSpecification","valueRequired":true,"valueName":"search_term_string"}}],"inLanguage":"pt-BR"},{"@type":"Organization","@id":"https:\/\/rioonwatch.org.br\/#organization","name":"RioOnWatch","url":"https:\/\/rioonwatch.org.br\/","logo":{"@type":"ImageObject","inLanguage":"pt-BR","@id":"https:\/\/rioonwatch.org.br\/#\/schema\/logo\/image\/","url":"https:\/\/rioonwatch.org.br\/wp-content\/uploads\/2021\/06\/RioOnWatchcabecalhoPT11anos-2.png","contentUrl":"https:\/\/rioonwatch.org.br\/wp-content\/uploads\/2021\/06\/RioOnWatchcabecalhoPT11anos-2.png","width":779,"height":277,"caption":"RioOnWatch"},"image":{"@id":"https:\/\/rioonwatch.org.br\/#\/schema\/logo\/image\/"}},{"@type":"Person","@id":"https:\/\/rioonwatch.org.br\/#\/schema\/person\/476bc75767957d3535b65b796667cd36","name":"Julio Santos Filho","image":{"@type":"ImageObject","inLanguage":"pt-BR","@id":"https:\/\/rioonwatch.org.br\/#\/schema\/person\/image\/","url":"https:\/\/secure.gravatar.com\/avatar\/ca138f7666182a292a8ce4ca14fb81f8?s=96&d=blank&r=g","contentUrl":"https:\/\/secure.gravatar.com\/avatar\/ca138f7666182a292a8ce4ca14fb81f8?s=96&d=blank&r=g","caption":"Julio Santos Filho"},"url":"https:\/\/rioonwatch.org.br\/?author=167"}]}},"_links":{"self":[{"href":"https:\/\/rioonwatch.org.br\/index.php?rest_route=\/wp\/v2\/posts\/63025"}],"collection":[{"href":"https:\/\/rioonwatch.org.br\/index.php?rest_route=\/wp\/v2\/posts"}],"about":[{"href":"https:\/\/rioonwatch.org.br\/index.php?rest_route=\/wp\/v2\/types\/post"}],"author":[{"embeddable":true,"href":"https:\/\/rioonwatch.org.br\/index.php?rest_route=\/wp\/v2\/users\/167"}],"replies":[{"embeddable":true,"href":"https:\/\/rioonwatch.org.br\/index.php?rest_route=%2Fwp%2Fv2%2Fcomments&post=63025"}],"version-history":[{"count":15,"href":"https:\/\/rioonwatch.org.br\/index.php?rest_route=\/wp\/v2\/posts\/63025\/revisions"}],"predecessor-version":[{"id":74607,"href":"https:\/\/rioonwatch.org.br\/index.php?rest_route=\/wp\/v2\/posts\/63025\/revisions\/74607"}],"wp:featuredmedia":[{"embeddable":true,"href":"https:\/\/rioonwatch.org.br\/index.php?rest_route=\/wp\/v2\/media\/63029"}],"wp:attachment":[{"href":"https:\/\/rioonwatch.org.br\/index.php?rest_route=%2Fwp%2Fv2%2Fmedia&parent=63025"}],"wp:term":[{"taxonomy":"category","embeddable":true,"href":"https:\/\/rioonwatch.org.br\/index.php?rest_route=%2Fwp%2Fv2%2Fcategories&post=63025"},{"taxonomy":"post_tag","embeddable":true,"href":"https:\/\/rioonwatch.org.br\/index.php?rest_route=%2Fwp%2Fv2%2Ftags&post=63025"},{"taxonomy":"writer","embeddable":true,"href":"https:\/\/rioonwatch.org.br\/index.php?rest_route=%2Fwp%2Fv2%2Fwriter&post=63025"},{"taxonomy":"translator","embeddable":true,"href":"https:\/\/rioonwatch.org.br\/index.php?rest_route=%2Fwp%2Fv2%2Ftranslator&post=63025"},{"taxonomy":"source","embeddable":true,"href":"https:\/\/rioonwatch.org.br\/index.php?rest_route=%2Fwp%2Fv2%2Fsource&post=63025"},{"taxonomy":"ilustrador","embeddable":true,"href":"https:\/\/rioonwatch.org.br\/index.php?rest_route=%2Fwp%2Fv2%2Filustrador&post=63025"},{"taxonomy":"fotografo","embeddable":true,"href":"https:\/\/rioonwatch.org.br\/index.php?rest_route=%2Fwp%2Fv2%2Ffotografo&post=63025"}],"curies":[{"name":"wp","href":"https:\/\/api.w.org\/{rel}","templated":true}]}}