{"id":63100,"date":"2023-04-08T22:02:25","date_gmt":"2023-04-09T01:02:25","guid":{"rendered":"https:\/\/rioonwatch.org.br\/?p=63100"},"modified":"2023-10-10T11:01:49","modified_gmt":"2023-10-10T14:01:49","slug":"o-termo-territorial-coletivo-fideicomiso-de-la-tierra-cano-martin-pena-uma-experiencia-modelo-para-o-sul-global","status":"publish","type":"post","link":"https:\/\/rioonwatch.org.br\/?p=63100","title":{"rendered":"Uma Experi\u00eancia Modelo para o Sul Global: O TTC de Porto Rico, o Fideicomiso de la Tierra Ca\u00f1o Mart\u00edn Pe\u00f1a"},"content":{"rendered":"<figure id=\"attachment_63105\" aria-describedby=\"caption-attachment-63105\" style=\"width: 2040px\" class=\"wp-caption alignright\"><a href=\"https:\/\/rioonwatch.org.br\/wp-content\/uploads\/2022\/10\/\u2026E-pela-primeira-vez-nos-os-moradores-viramos-autores-do-nosso-futuro.-Membros-do-TTC-Cano-na-frente-de-um-dos-murais-na-area.-Foto-Line-Algoed-e-Maria-E.-Hernandez-Torrales.png\"><img fetchpriority=\"high\" decoding=\"async\" class=\"size-full wp-image-63105\" src=\"https:\/\/rioonwatch.org.br\/wp-content\/uploads\/2022\/10\/\u2026E-pela-primeira-vez-nos-os-moradores-viramos-autores-do-nosso-futuro.-Membros-do-TTC-Cano-na-frente-de-um-dos-murais-na-area.-Foto-Line-Algoed-e-Maria-E.-Hernandez-Torrales.png\" alt=\"\" width=\"2040\" height=\"916\" srcset=\"https:\/\/rioonwatch.org.br\/wp-content\/uploads\/2022\/10\/\u2026E-pela-primeira-vez-nos-os-moradores-viramos-autores-do-nosso-futuro.-Membros-do-TTC-Cano-na-frente-de-um-dos-murais-na-area.-Foto-Line-Algoed-e-Maria-E.-Hernandez-Torrales.png 2040w, https:\/\/rioonwatch.org.br\/wp-content\/uploads\/2022\/10\/\u2026E-pela-primeira-vez-nos-os-moradores-viramos-autores-do-nosso-futuro.-Membros-do-TTC-Cano-na-frente-de-um-dos-murais-na-area.-Foto-Line-Algoed-e-Maria-E.-Hernandez-Torrales-620x278.png 620w, https:\/\/rioonwatch.org.br\/wp-content\/uploads\/2022\/10\/\u2026E-pela-primeira-vez-nos-os-moradores-viramos-autores-do-nosso-futuro.-Membros-do-TTC-Cano-na-frente-de-um-dos-murais-na-area.-Foto-Line-Algoed-e-Maria-E.-Hernandez-Torrales-1401x629.png 1401w\" sizes=\"(max-width: 2040px) 100vw, 2040px\" \/><\/a><figcaption id=\"caption-attachment-63105\" class=\"wp-caption-text\">&#8220;\u2026E pela primeira vez n\u00f3s, os moradores, viramos autores do nosso futuro&#8221;. Membros do TTC Ca\u00f1o na frente de um dos murais na \u00e1rea. Foto: Fideicomiso Ca\u00f1o Mart\u00edn Pe\u00f1a<\/figcaption><\/figure>\n<h4 style=\"text-align: right;\"><em><strong><a href=\"https:\/\/bit.ly\/3PGTcWM\" target=\"_blank\" rel=\"noopener\">Click Here for English<img decoding=\"async\" class=\"alignright wp-image-15790\" src=\"https:\/\/rioonwatch.org.br\/wp-content\/uploads\/2012\/08\/EN-standard-e1439583104716.jpg\" alt=\"\" width=\"20\" height=\"20\" \/><\/a><\/strong><\/em><\/h4>\n<p><i>Essa \u00e9 a mais recente de uma\u00a0<a href=\"http:\/\/www.bit.ly\/TTCsPeloMundo\" target=\"_blank\" rel=\"noopener\">s\u00e9rie de mat\u00e9rias<\/a>\u00a0sobre experi\u00eancias de\u00a0<a href=\"http:\/\/bit.ly\/1mig1hx\" target=\"_blank\" rel=\"noopener\">Termos Territoriais Coletivos<\/a>\u00a0(TTC) pelo mundo. Selecionamos alguns casos concretos a partir da sua import\u00e2ncia para o contexto no qual est\u00e3o inseridos e, tamb\u00e9m, pelo potencial de inspira\u00e7\u00e3o para grupos e pessoas em outros locais. Os casos mostram como s\u00e3o variados os TTCs, apesar de terem uma estrutura b\u00e1sica sempre igual: uma organiza\u00e7\u00e3o sem fins lucrativos, composta de moradores, \u00e9 dona da terra de uma \u00e1rea, enquanto os moradores s\u00e3o donos ou alugam as moradias em si. Nosso objetivo \u00e9 apresentar o aprendizado acumulado por experi\u00eancias internacionais com o TTC, com o intuito de pensar, a partir das li\u00e7\u00f5es que elas nos fornecem, como alcan\u00e7ar o maior potencial do\u00a0<a href=\"http:\/\/www.termoterritorialcoletivo.org\/\" target=\"_blank\" rel=\"noopener\">modelo no Brasil<\/a>\u00a0e superar desafios enfrentados em outros contextos.\u00a0<\/i><i>A experi\u00eancia explorada \u00e9 do Fideicomiso de la Tierra Ca\u00f1o Mart\u00edn Pe\u00f1a, TTC situado na cidade de San Juan, capital de Porto Rico.<\/i><\/p>\n<p><a href=\"http:\/\/bit.ly\/2LjM5Wy\" target=\"_blank\" rel=\"noopener\">Fideicomiso de la Tierra<\/a> foi o nome adotado para o modelo do Termo Territorial Coletivo em espanhol pelos moradores das comunidades de Mart\u00edn Pe\u00f1a, <a href=\"http:\/\/bit.ly\/2Qfiyy2\" target=\"_blank\" rel=\"noopener\">em Porto Rico<\/a>. A ado\u00e7\u00e3o do <a href=\"http:\/\/bit.ly\/TTCCano\" target=\"_blank\" rel=\"noopener\">modelo se deu em resposta a uma situa\u00e7\u00e3o de risco<\/a> iminente de gentrifica\u00e7\u00e3o, ligada a um projeto de dragagem do Canal Mart\u00edn Pe\u00f1a, no centro banc\u00e1rio da capital do pa\u00eds, San Juan. Na vis\u00e3o dos moradores, a partir de suas viv\u00eancias e experi\u00eancias locais, a interven\u00e7\u00e3o p\u00fablica levaria a um aumento substantivo do pre\u00e7o dos im\u00f3veis na regi\u00e3o. Diferentemente de experi\u00eancias de TTC anteriores, o Fideicomiso de la Tierra foi desenhado para ser implementado em uma \u00e1rea de favela consolidada, situada nos arredores do referido canal. Trata-se tamb\u00e9m da primeira experi\u00eancia de um <a href=\"https:\/\/bit.ly\/3IhUvau\" target=\"_blank\" rel=\"noopener\">TTC na Am\u00e9rica Latina<\/a>.<\/p>\n<p>As comunidades que cercam o Canal Mart\u00edn Pe\u00f1a enfrentavam h\u00e1 d\u00e9cadas um grande problema em rela\u00e7\u00e3o \u00e0 infraestrutura local, em parte devido ao assoreamento do curso d\u2019\u00e1gua e \u00e0s frequentes inunda\u00e7\u00f5es das casas. A proposta do governo de urbanizar a \u00e1rea, contemplando uma dragagem do canal e titula\u00e7\u00e3o individual, foi recebida com entusiasmo por moradores, pelas potenciais melhorias de suas condi\u00e7\u00f5es de vida, mas tamb\u00e9m ligou um alerta em rela\u00e7\u00e3o \u00e0 prov\u00e1vel valoriza\u00e7\u00e3o dos im\u00f3veis e consequente amea\u00e7a de <a href=\"http:\/\/bit.ly\/2wYNOXe\" target=\"_blank\" rel=\"noopener\">gentrifica\u00e7\u00e3o<\/a> que pudesse expulsar uma parcela significativa dos moradores.<\/p>\n<figure id=\"attachment_67225\" aria-describedby=\"caption-attachment-67225\" style=\"width: 2560px\" class=\"wp-caption alignright\"><a href=\"https:\/\/rioonwatch.org.br\/wp-content\/uploads\/2023\/04\/Casa-do-Cano-destruida-pelo-Furacao-Maria-scaled.jpg\"><img decoding=\"async\" class=\"wp-image-67225 size-full\" src=\"https:\/\/rioonwatch.org.br\/wp-content\/uploads\/2023\/04\/Casa-do-Cano-destruida-pelo-Furacao-Maria-scaled.jpg\" alt=\"Casa do Ca\u00f1o destruida pelo Furac\u00e3o Maria.\" width=\"2560\" height=\"1439\" srcset=\"https:\/\/rioonwatch.org.br\/wp-content\/uploads\/2023\/04\/Casa-do-Cano-destruida-pelo-Furacao-Maria-scaled.jpg 2560w, https:\/\/rioonwatch.org.br\/wp-content\/uploads\/2023\/04\/Casa-do-Cano-destruida-pelo-Furacao-Maria-620x348.jpg 620w, https:\/\/rioonwatch.org.br\/wp-content\/uploads\/2023\/04\/Casa-do-Cano-destruida-pelo-Furacao-Maria-1119x629.jpg 1119w\" sizes=\"(max-width: 2560px) 100vw, 2560px\" \/><\/a><figcaption id=\"caption-attachment-67225\" class=\"wp-caption-text\">Casa do Ca\u00f1o destruida pelo Furac\u00e3o Maria.<\/figcaption><\/figure>\n<p>Neste cen\u00e1rio, o debate que levou \u00e0 constru\u00e7\u00e3o do TTC foi iniciada em 2000 e, ap\u00f3s mais de 800 reuni\u00f5es, resultou com o TTC formalizado em 2004, como uma medida de empoderamento local e de enfrentamento \u00e0 <a href=\"http:\/\/bit.ly\/2x3RFCy\" target=\"_blank\" rel=\"noopener\">especula\u00e7\u00e3o imobili\u00e1ria<\/a> e gentrifica\u00e7\u00e3o na regi\u00e3o, garantindo a possibilidade de perman\u00eancia dos moradores no seu territ\u00f3rio. O processo para a implementa\u00e7\u00e3o do modelo foi guiado pela <a href=\"http:\/\/bit.ly\/3ACHhTw\" target=\"_blank\" rel=\"noopener\">Corpora\u00e7\u00e3o ENLACE<\/a>, empresa p\u00fablica de dura\u00e7\u00e3o limitada (25 anos), criada pelo governo porto-riquenho a partir da demanda das comunidades pela constru\u00e7\u00e3o do TTC. Sua fun\u00e7\u00e3o \u00e9 realizar o desenvolvimento econ\u00f4mico e urbano da comunidade. Essa empresa sempre atuou em conjunto com moradores atrav\u00e9s do <a href=\"https:\/\/bit.ly\/3ENGb9L\" target=\"_blank\" rel=\"noopener\">G-8<\/a>, grupo comunit\u00e1rio composto de lideran\u00e7as das oito comunidades e respons\u00e1vel pela vigil\u00e2ncia e mobiliza\u00e7\u00e3o para acompanhar a implementa\u00e7\u00e3o do projeto e garantir que seja realizado de acordo com os interesses da comunidade.<\/p>\n<figure id=\"attachment_63116\" aria-describedby=\"caption-attachment-63116\" style=\"width: 1319px\" class=\"wp-caption alignnone\"><a href=\"https:\/\/rioonwatch.org.br\/wp-content\/uploads\/2022\/10\/Plano-de-desenvolvimento-do-distrito-Cano-Martin-Pena.-Foto-Corporacion-del-Proyecto-ENLACE-del-Cano-Martin-Pena.png\"><img loading=\"lazy\" decoding=\"async\" class=\"wp-image-63116 size-full\" title=\"Plano de desenvolvimento do distrito Ca\u00f1o Mart\u00edn Pe\u00f1a. Foto: Corporaci\u00f3n del Proyecto ENLACE del Ca\u00f1o Mart\u00edn Pe\u00f1a\" src=\"https:\/\/rioonwatch.org.br\/wp-content\/uploads\/2022\/10\/Plano-de-desenvolvimento-do-distrito-Cano-Martin-Pena.-Foto-Corporacion-del-Proyecto-ENLACE-del-Cano-Martin-Pena.png\" alt=\"Plano de desenvolvimento do distrito Ca\u00f1o Mart\u00edn Pe\u00f1a. Foto: Corporaci\u00f3n del Proyecto ENLACE del Ca\u00f1o Mart\u00edn Pe\u00f1a\" width=\"1319\" height=\"901\" srcset=\"https:\/\/rioonwatch.org.br\/wp-content\/uploads\/2022\/10\/Plano-de-desenvolvimento-do-distrito-Cano-Martin-Pena.-Foto-Corporacion-del-Proyecto-ENLACE-del-Cano-Martin-Pena.png 1319w, https:\/\/rioonwatch.org.br\/wp-content\/uploads\/2022\/10\/Plano-de-desenvolvimento-do-distrito-Cano-Martin-Pena.-Foto-Corporacion-del-Proyecto-ENLACE-del-Cano-Martin-Pena-620x424.png 620w, https:\/\/rioonwatch.org.br\/wp-content\/uploads\/2022\/10\/Plano-de-desenvolvimento-do-distrito-Cano-Martin-Pena.-Foto-Corporacion-del-Proyecto-ENLACE-del-Cano-Martin-Pena-921x629.png 921w\" sizes=\"(max-width: 1319px) 100vw, 1319px\" \/><\/a><figcaption id=\"caption-attachment-63116\" class=\"wp-caption-text\">Plano de desenvolvimento do distrito Ca\u00f1o Mart\u00edn Pe\u00f1a. Foto: ENLACE<\/figcaption><\/figure>\n<p>Em a\u00e7\u00e3o conjunta, os moradores e t\u00e9cnicos envolvidos no projeto elaboraram uma s\u00e9rie de instrumentos, entre eles o projeto de lei que foi apresentado e aprovado pelo legislativo, tornando-se a <a href=\"http:\/\/bit.ly\/3ERNjSC\" target=\"_blank\" rel=\"noopener\">Lei n\u00ba 489-2004<\/a>. Conhecida como Lei de Desenvolvimento Integral do Distrito de Planejamento Ambiental de Ca\u00f1o Mart\u00edn Pe\u00f1a, ela teve um papel fundamental para a formaliza\u00e7\u00e3o do Fideicomiso de la Tierra. A maioria das habita\u00e7\u00f5es eram informais e constru\u00eddas em terras p\u00fablicas, o que dificultava a implanta\u00e7\u00e3o do modelo. A partir da lei, o t\u00edtulo dos terrenos da regi\u00e3o de propriedade p\u00fablica foram transferidos para a ENLACE, que, por sua vez, transferiu esse t\u00edtulo ao Fideicomiso de la Tierra quando seu regramento foi estabelecido.<\/p>\n<p>Durante esse per\u00edodo transit\u00f3rio, ENLACE ficou respons\u00e1vel por promover a regulariza\u00e7\u00e3o da \u00e1rea. Os moradores adquiriram o direito de superf\u00edcie, ou seja, t\u00edtulos individuais sobre as constru\u00e7\u00f5es, enquanto a ENLACE reteve os t\u00edtulos das terras. No per\u00edodo de 2006 a 2008, foram realizadas diversas oficinas comunit\u00e1rias para desenvolver o Regramento Geral do Fideicomiso, finalmente promulgado em outubro de 2008. A partir da formaliza\u00e7\u00e3o do regramento, a ENLACE transferiu a propriedade da terra para o Fideicomiso por meio de escritura formal.<\/p>\n<figure id=\"attachment_63121\" aria-describedby=\"caption-attachment-63121\" style=\"width: 2000px\" class=\"wp-caption alignnone\"><a href=\"https:\/\/rioonwatch.org.br\/wp-content\/uploads\/2022\/10\/Vista-do-Cano-Martin-Pena-e-o-distrito-financeiro-de-Porto-Rico.jpg\"><img loading=\"lazy\" decoding=\"async\" class=\"wp-image-63121 size-full\" title=\"Vista do Ca\u00f1o Mart\u00edn Pe\u00f1a e o distrito financeiro de Porto Rico.\" src=\"https:\/\/rioonwatch.org.br\/wp-content\/uploads\/2022\/10\/Vista-do-Cano-Martin-Pena-e-o-distrito-financeiro-de-Porto-Rico.jpg\" alt=\"Vista do Ca\u00f1o Mart\u00edn Pe\u00f1a e o distrito financeiro de Porto Rico.\" width=\"2000\" height=\"696\" srcset=\"https:\/\/rioonwatch.org.br\/wp-content\/uploads\/2022\/10\/Vista-do-Cano-Martin-Pena-e-o-distrito-financeiro-de-Porto-Rico.jpg 2000w, https:\/\/rioonwatch.org.br\/wp-content\/uploads\/2022\/10\/Vista-do-Cano-Martin-Pena-e-o-distrito-financeiro-de-Porto-Rico-620x216.jpg 620w, https:\/\/rioonwatch.org.br\/wp-content\/uploads\/2022\/10\/Vista-do-Cano-Martin-Pena-e-o-distrito-financeiro-de-Porto-Rico-1536x535.jpg 1536w\" sizes=\"(max-width: 2000px) 100vw, 2000px\" \/><\/a><figcaption id=\"caption-attachment-63121\" class=\"wp-caption-text\">Vista do Ca\u00f1o Mart\u00edn Pe\u00f1a e o distrito financeiro de Porto Rico.<\/figcaption><\/figure>\n<p>O conselho gestor do Fideicomiso de la Tierra Ca\u00f1o Mart\u00edn Pe\u00f1a \u00e9 composto de forma mista por onze membros:<\/p>\n<ul>\n<li>Seis moradores da comunidade e membros do TTC (quatro deles eleitos em assembleia e dois designados pelo G-8);<\/li>\n<li>Dois membros n\u00e3o-residentes (designados pelo pr\u00f3prio conselho gestor);<\/li>\n<li>Tr\u00eas representantes de institui\u00e7\u00f5es governamentais (um membro da Corpora\u00e7\u00e3o ENLACE, um nomeado pelo prefeito de San Juan e um nomeado pelo governador de Porto Rico).<\/li>\n<\/ul>\n<p>Al\u00e9m dos onze membros com voto, tamb\u00e9m participa do conselho o presidente do G-8, mas sem direito a voto, e s\u00e3o realizadas constantes visitas de porta-em-porta, reuni\u00f5es comunit\u00e1rias, etc. para garantir a participa\u00e7\u00e3o plena dos moradores.<\/p>\n<p>O conselho tem como objetivo distribuir t\u00edtulos de direito de superf\u00edcie aos moradores, evitar deslocamentos involunt\u00e1rios de moradores e adquirir e manter de forma perp\u00e9tua moradias, hortas, escolas e outras atividades desenvolvida nas suas terras a pre\u00e7os acess\u00edveis, sendo a participa\u00e7\u00e3o ativa dos moradores central nestes processos.<\/p>\n<p>Atualmente, o Fideicomiso de la Tierra administra as terras das fam\u00edlias aderentes a \u00e1rea do Distrito de Planejamento Especial e atende \u00e0s demandas de mais de 2.000 fam\u00edlias. \u00c9 importante observar que, apesar de grande, esse n\u00famero n\u00e3o representa a totalidade dos residentes das comunidades do Ca\u00f1o Mart\u00edn Pe\u00f1a. Por n\u00e3o se tratar de um modelo compuls\u00f3rio, cerca de \u00bc dos moradores das oito comunidades j\u00e1 decidiram aderir ao arranjo do TTC, com outros moradores se juntando com a passagem do tempo. A conjuga\u00e7\u00e3o das dimens\u00f5es social de constru\u00e7\u00e3o popular, jur\u00eddica, ambiental, e urban\u00edstica, levou a experi\u00eancia a receber premia\u00e7\u00f5es internacionais. \u00c9 um caso paradigm\u00e1tico que serve de modelo de sucesso de TTC para o Sul Global, em especial para a Am\u00e9rica Latina.<\/p>\n<h3>Para saber mais sobre o TTC de Porto Rico, assista a esse v\u00eddeo <a href=\"http:\/\/bit.ly\/3XqVeNP\" target=\"_blank\" rel=\"noopener\">aqui<\/a>:<\/h3>\n<figure id=\"attachment_63934\" class=\"wp-caption aligncenter\" aria-describedby=\"caption-attachment-63934\"><figcaption id=\"caption-attachment-63934\" class=\"wp-caption-text\"><iframe title=\"YouTube video player\" src=\"https:\/\/www.youtube.com\/embed\/M9ltgE2RXkA\" width=\"1030\" height=\"563\" frameborder=\"0\" allowfullscreen=\"allowfullscreen\"><span data-mce-type=\"bookmark\" style=\"display: inline-block; width: 0px; overflow: hidden; line-height: 0;\" class=\"mce_SELRES_start\">\ufeff<\/span><\/iframe><\/figcaption><\/figure>\n<hr \/>\n<h4><b data-stringify-type=\"bold\">Apoie nossos esfor\u00e7os para fornecer apoio estrat\u00e9gico \u00e0s favelas do Rio, incluindo o jornalismo hiperlocal, cr\u00edtico, inovador e incans\u00e1vel do\u00a0<\/b><b data-stringify-type=\"bold\"><i data-stringify-type=\"italic\">RioOnWatch<\/i><\/b>\u2014<a class=\"c-link\" href=\"http:\/\/www.bit.ly\/ApoieROW\" target=\"_blank\" rel=\"noopener noreferrer\" data-stringify-link=\"http:\/\/www.bit.ly\/ApoieROW\" data-sk=\"tooltip_parent\">doe aqui<\/a>.<\/h4>\n<!-- AddThis Advanced Settings generic via filter on the_content --><!-- AddThis Share Buttons generic via filter on the_content -->","protected":false},"excerpt":{"rendered":"<div class=\"mh-excerpt\"><p>Click Here for English Essa \u00e9 a mais recente de uma\u00a0s\u00e9rie de mat\u00e9rias\u00a0sobre experi\u00eancias de\u00a0Termos Territoriais Coletivos\u00a0(TTC) pelo mundo. Selecionamos alguns casos concretos a partir da sua import\u00e2ncia para o contexto no qual est\u00e3o inseridos <a class=\"mh-excerpt-more\" href=\"https:\/\/rioonwatch.org.br\/?p=63100\" title=\"Uma Experi\u00eancia Modelo para o Sul Global: O TTC de Porto Rico, o Fideicomiso de la Tierra Ca\u00f1o Mart\u00edn Pe\u00f1a\">[&#8230;]<\/a><!-- AddThis Advanced Settings generic via filter on get_the_excerpt --><!-- AddThis Share Buttons generic via filter on get_the_excerpt --><\/p>\n<\/div>","protected":false},"author":179,"featured_media":63112,"comment_status":"closed","ping_status":"closed","sticky":false,"template":"template-full.php","format":"standard","meta":{"_acf_changed":false,"_monsterinsights_skip_tracking":false,"_monsterinsights_sitenote_active":false,"_monsterinsights_sitenote_note":"","_monsterinsights_sitenote_category":0,"footnotes":""},"categories":[344,1612,342,1638],"tags":[2522,759,1220,831,3143,424,2278,395,2400,2138,2710,1347,711,1810],"writer":[2718,3144],"translator":[],"source":[],"ilustrador":[],"fotografo":[],"class_list":{"0":"post-63100","1":"post","2":"type-post","3":"status-publish","4":"format-standard","5":"has-post-thumbnail","7":"category-politicas","8":"category-sociedade-civil","9":"category-solucoes","10":"category-video","11":"tag-cano-martin-pena","12":"tag-comparacao-internacional","13":"tag-deficit-habitacional","14":"tag-direito-a-cidade","15":"tag-direito-a-favela","16":"tag-direito-a-moradia","17":"tag-ferramentas-para-mobilizacao","18":"tag-gentrificacao-remocao-branca","19":"tag-planejamento-participativo","20":"tag-porto-rico","21":"tag-serie-crescimento-global-do-movimento-ttc","22":"tag-solucao","23":"tag-clt","24":"tag-video","25":"writer-felipe-litsek","26":"writer-lara-masetto"},"acf":[],"yoast_head":"<!-- This site is optimized with the Yoast SEO plugin v25.6 - https:\/\/yoast.com\/wordpress\/plugins\/seo\/ -->\n<title>Uma Experi\u00eancia Modelo para o Sul Global: O TTC de Porto Rico, o Fideicomiso de la Tierra Ca\u00f1o Mart\u00edn Pe\u00f1a - RioOnWatch<\/title>\n<meta name=\"robots\" content=\"index, follow, max-snippet:-1, max-image-preview:large, max-video-preview:-1\" \/>\n<link rel=\"canonical\" href=\"https:\/\/rioonwatch.org.br\/?p=63100\" \/>\n<meta property=\"og:locale\" content=\"pt_BR\" \/>\n<meta property=\"og:type\" content=\"article\" \/>\n<meta property=\"og:title\" content=\"Uma Experi\u00eancia Modelo para o Sul Global: O TTC de Porto Rico, o Fideicomiso de la Tierra Ca\u00f1o Mart\u00edn Pe\u00f1a - RioOnWatch\" \/>\n<meta property=\"og:description\" content=\"Click Here for English Essa \u00e9 a mais recente de uma\u00a0s\u00e9rie de mat\u00e9rias\u00a0sobre experi\u00eancias de\u00a0Termos Territoriais Coletivos\u00a0(TTC) pelo mundo. Selecionamos alguns casos concretos a partir da sua import\u00e2ncia para o contexto no qual est\u00e3o inseridos [...]\" \/>\n<meta property=\"og:url\" content=\"https:\/\/rioonwatch.org.br\/?p=63100\" \/>\n<meta property=\"og:site_name\" content=\"RioOnWatch\" \/>\n<meta property=\"article:published_time\" content=\"2023-04-09T01:02:25+00:00\" \/>\n<meta property=\"article:modified_time\" content=\"2023-10-10T14:01:49+00:00\" \/>\n<meta property=\"og:image\" content=\"https:\/\/rioonwatch.org.br\/wp-content\/uploads\/2022\/10\/\u2026E-pela-primeira-vez-nos-os-moradores-viramos-autores-do-nosso-futuro.-Membros-do-TTC-Cano-na-frente-de-um-dos-murais-na-area.-Foto-Line-Algoed-e-Maria-E.-Hernandez-Torrales-1-e1669159017467.png\" \/>\n\t<meta property=\"og:image:width\" content=\"2000\" \/>\n\t<meta property=\"og:image:height\" content=\"898\" \/>\n\t<meta property=\"og:image:type\" content=\"image\/png\" \/>\n<meta name=\"author\" content=\"Janaina Tavares\" \/>\n<meta name=\"twitter:card\" content=\"summary_large_image\" \/>\n<meta name=\"twitter:label1\" content=\"Escrito por\" \/>\n\t<meta name=\"twitter:data1\" content=\"Janaina Tavares\" \/>\n\t<meta name=\"twitter:label2\" content=\"Est. tempo de leitura\" \/>\n\t<meta name=\"twitter:data2\" content=\"8 minutos\" \/>\n<script type=\"application\/ld+json\" class=\"yoast-schema-graph\">{\"@context\":\"https:\/\/schema.org\",\"@graph\":[{\"@type\":\"Article\",\"@id\":\"https:\/\/rioonwatch.org.br\/?p=63100#article\",\"isPartOf\":{\"@id\":\"https:\/\/rioonwatch.org.br\/?p=63100\"},\"author\":{\"name\":\"Janaina Tavares\",\"@id\":\"https:\/\/rioonwatch.org.br\/#\/schema\/person\/feb227e5e7679aacc3d672e375cae1bd\"},\"headline\":\"Uma Experi\u00eancia Modelo para o Sul Global: O TTC de Porto Rico, o Fideicomiso de la Tierra Ca\u00f1o Mart\u00edn Pe\u00f1a\",\"datePublished\":\"2023-04-09T01:02:25+00:00\",\"dateModified\":\"2023-10-10T14:01:49+00:00\",\"mainEntityOfPage\":{\"@id\":\"https:\/\/rioonwatch.org.br\/?p=63100\"},\"wordCount\":1271,\"publisher\":{\"@id\":\"https:\/\/rioonwatch.org.br\/#organization\"},\"image\":{\"@id\":\"https:\/\/rioonwatch.org.br\/?p=63100#primaryimage\"},\"thumbnailUrl\":\"https:\/\/rioonwatch.org.br\/wp-content\/uploads\/2022\/10\/\u2026E-pela-primeira-vez-nos-os-moradores-viramos-autores-do-nosso-futuro.-Membros-do-TTC-Cano-na-frente-de-um-dos-murais-na-area.-Foto-Line-Algoed-e-Maria-E.-Hernandez-Torrales-1-e1669159017467.png\",\"keywords\":[\"Ca\u00f1o Mart\u00edn Pe\u00f1a\",\"compara\u00e7\u00e3o internacional\",\"d\u00e9ficit habitacional\",\"Direito \u00e0 Cidade\",\"Direito \u00e0 favela\",\"Direito \u00e0 Moradia\",\"ferramentas para mobiliza\u00e7\u00e3o\",\"gentrifica\u00e7\u00e3o\",\"planejamento participativo\",\"Porto Rico\",\"S\u00e9rie: Crescimento Global do Movimento TTC\",\"solu\u00e7\u00e3o\",\"Termo Territorial Coletivo (TTC) \/ Community Land Trust (CLT)\",\"v\u00eddeo\"],\"articleSection\":[\"Pol\u00edticas\",\"Sociedade Civil\",\"Solu\u00e7\u00f5es\",\"V\u00eddeo\"],\"inLanguage\":\"pt-BR\"},{\"@type\":\"WebPage\",\"@id\":\"https:\/\/rioonwatch.org.br\/?p=63100\",\"url\":\"https:\/\/rioonwatch.org.br\/?p=63100\",\"name\":\"Uma Experi\u00eancia Modelo para o Sul Global: O TTC de Porto Rico, o Fideicomiso de la Tierra Ca\u00f1o Mart\u00edn Pe\u00f1a - RioOnWatch\",\"isPartOf\":{\"@id\":\"https:\/\/rioonwatch.org.br\/#website\"},\"primaryImageOfPage\":{\"@id\":\"https:\/\/rioonwatch.org.br\/?p=63100#primaryimage\"},\"image\":{\"@id\":\"https:\/\/rioonwatch.org.br\/?p=63100#primaryimage\"},\"thumbnailUrl\":\"https:\/\/rioonwatch.org.br\/wp-content\/uploads\/2022\/10\/\u2026E-pela-primeira-vez-nos-os-moradores-viramos-autores-do-nosso-futuro.-Membros-do-TTC-Cano-na-frente-de-um-dos-murais-na-area.-Foto-Line-Algoed-e-Maria-E.-Hernandez-Torrales-1-e1669159017467.png\",\"datePublished\":\"2023-04-09T01:02:25+00:00\",\"dateModified\":\"2023-10-10T14:01:49+00:00\",\"breadcrumb\":{\"@id\":\"https:\/\/rioonwatch.org.br\/?p=63100#breadcrumb\"},\"inLanguage\":\"pt-BR\",\"potentialAction\":[{\"@type\":\"ReadAction\",\"target\":[\"https:\/\/rioonwatch.org.br\/?p=63100\"]}]},{\"@type\":\"ImageObject\",\"inLanguage\":\"pt-BR\",\"@id\":\"https:\/\/rioonwatch.org.br\/?p=63100#primaryimage\",\"url\":\"https:\/\/rioonwatch.org.br\/wp-content\/uploads\/2022\/10\/\u2026E-pela-primeira-vez-nos-os-moradores-viramos-autores-do-nosso-futuro.-Membros-do-TTC-Cano-na-frente-de-um-dos-murais-na-area.-Foto-Line-Algoed-e-Maria-E.-Hernandez-Torrales-1-e1669159017467.png\",\"contentUrl\":\"https:\/\/rioonwatch.org.br\/wp-content\/uploads\/2022\/10\/\u2026E-pela-primeira-vez-nos-os-moradores-viramos-autores-do-nosso-futuro.-Membros-do-TTC-Cano-na-frente-de-um-dos-murais-na-area.-Foto-Line-Algoed-e-Maria-E.-Hernandez-Torrales-1-e1669159017467.png\",\"width\":2000,\"height\":898,\"caption\":\"\\\"\u2026E pela primeira vez n\u00f3s, os moradores, viramos autores do nosso futuro\\\". Membros do TTC Ca\u00f1o Mart\u00edn Pe\u00f1a na frente de um dos murais na \u00e1rea. Foto: Fideicomiso Ca\u00f1o Mart\u00edn Pe\u00f1a\"},{\"@type\":\"BreadcrumbList\",\"@id\":\"https:\/\/rioonwatch.org.br\/?p=63100#breadcrumb\",\"itemListElement\":[{\"@type\":\"ListItem\",\"position\":1,\"name\":\"In\u00edcio\",\"item\":\"https:\/\/rioonwatch.org.br\/\"},{\"@type\":\"ListItem\",\"position\":2,\"name\":\"Uma Experi\u00eancia Modelo para o Sul Global: O TTC de Porto Rico, o Fideicomiso de la Tierra Ca\u00f1o Mart\u00edn Pe\u00f1a\"}]},{\"@type\":\"WebSite\",\"@id\":\"https:\/\/rioonwatch.org.br\/#website\",\"url\":\"https:\/\/rioonwatch.org.br\/\",\"name\":\"RioOnWatch\",\"description\":\"relatos das favelas cariocas\",\"publisher\":{\"@id\":\"https:\/\/rioonwatch.org.br\/#organization\"},\"potentialAction\":[{\"@type\":\"SearchAction\",\"target\":{\"@type\":\"EntryPoint\",\"urlTemplate\":\"https:\/\/rioonwatch.org.br\/?s={search_term_string}\"},\"query-input\":{\"@type\":\"PropertyValueSpecification\",\"valueRequired\":true,\"valueName\":\"search_term_string\"}}],\"inLanguage\":\"pt-BR\"},{\"@type\":\"Organization\",\"@id\":\"https:\/\/rioonwatch.org.br\/#organization\",\"name\":\"RioOnWatch\",\"url\":\"https:\/\/rioonwatch.org.br\/\",\"logo\":{\"@type\":\"ImageObject\",\"inLanguage\":\"pt-BR\",\"@id\":\"https:\/\/rioonwatch.org.br\/#\/schema\/logo\/image\/\",\"url\":\"https:\/\/rioonwatch.org.br\/wp-content\/uploads\/2021\/06\/RioOnWatchcabecalhoPT11anos-2.png\",\"contentUrl\":\"https:\/\/rioonwatch.org.br\/wp-content\/uploads\/2021\/06\/RioOnWatchcabecalhoPT11anos-2.png\",\"width\":779,\"height\":277,\"caption\":\"RioOnWatch\"},\"image\":{\"@id\":\"https:\/\/rioonwatch.org.br\/#\/schema\/logo\/image\/\"}},{\"@type\":\"Person\",\"@id\":\"https:\/\/rioonwatch.org.br\/#\/schema\/person\/feb227e5e7679aacc3d672e375cae1bd\",\"name\":\"Janaina Tavares\",\"image\":{\"@type\":\"ImageObject\",\"inLanguage\":\"pt-BR\",\"@id\":\"https:\/\/rioonwatch.org.br\/#\/schema\/person\/image\/\",\"url\":\"https:\/\/secure.gravatar.com\/avatar\/83bb5bb4f8b0c5ad63f35939640eaaa2?s=96&d=blank&r=g\",\"contentUrl\":\"https:\/\/secure.gravatar.com\/avatar\/83bb5bb4f8b0c5ad63f35939640eaaa2?s=96&d=blank&r=g\",\"caption\":\"Janaina Tavares\"},\"url\":\"https:\/\/rioonwatch.org.br\/?author=179\"}]}<\/script>\n<!-- \/ Yoast SEO plugin. -->","yoast_head_json":{"title":"Uma Experi\u00eancia Modelo para o Sul Global: O TTC de Porto Rico, o Fideicomiso de la Tierra Ca\u00f1o Mart\u00edn Pe\u00f1a - RioOnWatch","robots":{"index":"index","follow":"follow","max-snippet":"max-snippet:-1","max-image-preview":"max-image-preview:large","max-video-preview":"max-video-preview:-1"},"canonical":"https:\/\/rioonwatch.org.br\/?p=63100","og_locale":"pt_BR","og_type":"article","og_title":"Uma Experi\u00eancia Modelo para o Sul Global: O TTC de Porto Rico, o Fideicomiso de la Tierra Ca\u00f1o Mart\u00edn Pe\u00f1a - RioOnWatch","og_description":"Click Here for English Essa \u00e9 a mais recente de uma\u00a0s\u00e9rie de mat\u00e9rias\u00a0sobre experi\u00eancias de\u00a0Termos Territoriais Coletivos\u00a0(TTC) pelo mundo. Selecionamos alguns casos concretos a partir da sua import\u00e2ncia para o contexto no qual est\u00e3o inseridos [...]","og_url":"https:\/\/rioonwatch.org.br\/?p=63100","og_site_name":"RioOnWatch","article_published_time":"2023-04-09T01:02:25+00:00","article_modified_time":"2023-10-10T14:01:49+00:00","og_image":[{"width":2000,"height":898,"url":"https:\/\/rioonwatch.org.br\/wp-content\/uploads\/2022\/10\/\u2026E-pela-primeira-vez-nos-os-moradores-viramos-autores-do-nosso-futuro.-Membros-do-TTC-Cano-na-frente-de-um-dos-murais-na-area.-Foto-Line-Algoed-e-Maria-E.-Hernandez-Torrales-1-e1669159017467.png","type":"image\/png"}],"author":"Janaina Tavares","twitter_card":"summary_large_image","twitter_misc":{"Escrito por":"Janaina Tavares","Est. tempo de leitura":"8 minutos"},"schema":{"@context":"https:\/\/schema.org","@graph":[{"@type":"Article","@id":"https:\/\/rioonwatch.org.br\/?p=63100#article","isPartOf":{"@id":"https:\/\/rioonwatch.org.br\/?p=63100"},"author":{"name":"Janaina Tavares","@id":"https:\/\/rioonwatch.org.br\/#\/schema\/person\/feb227e5e7679aacc3d672e375cae1bd"},"headline":"Uma Experi\u00eancia Modelo para o Sul Global: O TTC de Porto Rico, o Fideicomiso de la Tierra Ca\u00f1o Mart\u00edn Pe\u00f1a","datePublished":"2023-04-09T01:02:25+00:00","dateModified":"2023-10-10T14:01:49+00:00","mainEntityOfPage":{"@id":"https:\/\/rioonwatch.org.br\/?p=63100"},"wordCount":1271,"publisher":{"@id":"https:\/\/rioonwatch.org.br\/#organization"},"image":{"@id":"https:\/\/rioonwatch.org.br\/?p=63100#primaryimage"},"thumbnailUrl":"https:\/\/rioonwatch.org.br\/wp-content\/uploads\/2022\/10\/\u2026E-pela-primeira-vez-nos-os-moradores-viramos-autores-do-nosso-futuro.-Membros-do-TTC-Cano-na-frente-de-um-dos-murais-na-area.-Foto-Line-Algoed-e-Maria-E.-Hernandez-Torrales-1-e1669159017467.png","keywords":["Ca\u00f1o Mart\u00edn Pe\u00f1a","compara\u00e7\u00e3o internacional","d\u00e9ficit habitacional","Direito \u00e0 Cidade","Direito \u00e0 favela","Direito \u00e0 Moradia","ferramentas para mobiliza\u00e7\u00e3o","gentrifica\u00e7\u00e3o","planejamento participativo","Porto Rico","S\u00e9rie: Crescimento Global do Movimento TTC","solu\u00e7\u00e3o","Termo Territorial Coletivo (TTC) \/ Community Land Trust (CLT)","v\u00eddeo"],"articleSection":["Pol\u00edticas","Sociedade Civil","Solu\u00e7\u00f5es","V\u00eddeo"],"inLanguage":"pt-BR"},{"@type":"WebPage","@id":"https:\/\/rioonwatch.org.br\/?p=63100","url":"https:\/\/rioonwatch.org.br\/?p=63100","name":"Uma Experi\u00eancia Modelo para o Sul Global: O TTC de Porto Rico, o Fideicomiso de la Tierra Ca\u00f1o Mart\u00edn Pe\u00f1a - RioOnWatch","isPartOf":{"@id":"https:\/\/rioonwatch.org.br\/#website"},"primaryImageOfPage":{"@id":"https:\/\/rioonwatch.org.br\/?p=63100#primaryimage"},"image":{"@id":"https:\/\/rioonwatch.org.br\/?p=63100#primaryimage"},"thumbnailUrl":"https:\/\/rioonwatch.org.br\/wp-content\/uploads\/2022\/10\/\u2026E-pela-primeira-vez-nos-os-moradores-viramos-autores-do-nosso-futuro.-Membros-do-TTC-Cano-na-frente-de-um-dos-murais-na-area.-Foto-Line-Algoed-e-Maria-E.-Hernandez-Torrales-1-e1669159017467.png","datePublished":"2023-04-09T01:02:25+00:00","dateModified":"2023-10-10T14:01:49+00:00","breadcrumb":{"@id":"https:\/\/rioonwatch.org.br\/?p=63100#breadcrumb"},"inLanguage":"pt-BR","potentialAction":[{"@type":"ReadAction","target":["https:\/\/rioonwatch.org.br\/?p=63100"]}]},{"@type":"ImageObject","inLanguage":"pt-BR","@id":"https:\/\/rioonwatch.org.br\/?p=63100#primaryimage","url":"https:\/\/rioonwatch.org.br\/wp-content\/uploads\/2022\/10\/\u2026E-pela-primeira-vez-nos-os-moradores-viramos-autores-do-nosso-futuro.-Membros-do-TTC-Cano-na-frente-de-um-dos-murais-na-area.-Foto-Line-Algoed-e-Maria-E.-Hernandez-Torrales-1-e1669159017467.png","contentUrl":"https:\/\/rioonwatch.org.br\/wp-content\/uploads\/2022\/10\/\u2026E-pela-primeira-vez-nos-os-moradores-viramos-autores-do-nosso-futuro.-Membros-do-TTC-Cano-na-frente-de-um-dos-murais-na-area.-Foto-Line-Algoed-e-Maria-E.-Hernandez-Torrales-1-e1669159017467.png","width":2000,"height":898,"caption":"\"\u2026E pela primeira vez n\u00f3s, os moradores, viramos autores do nosso futuro\". Membros do TTC Ca\u00f1o Mart\u00edn Pe\u00f1a na frente de um dos murais na \u00e1rea. Foto: Fideicomiso Ca\u00f1o Mart\u00edn Pe\u00f1a"},{"@type":"BreadcrumbList","@id":"https:\/\/rioonwatch.org.br\/?p=63100#breadcrumb","itemListElement":[{"@type":"ListItem","position":1,"name":"In\u00edcio","item":"https:\/\/rioonwatch.org.br\/"},{"@type":"ListItem","position":2,"name":"Uma Experi\u00eancia Modelo para o Sul Global: O TTC de Porto Rico, o Fideicomiso de la Tierra Ca\u00f1o Mart\u00edn Pe\u00f1a"}]},{"@type":"WebSite","@id":"https:\/\/rioonwatch.org.br\/#website","url":"https:\/\/rioonwatch.org.br\/","name":"RioOnWatch","description":"relatos das favelas cariocas","publisher":{"@id":"https:\/\/rioonwatch.org.br\/#organization"},"potentialAction":[{"@type":"SearchAction","target":{"@type":"EntryPoint","urlTemplate":"https:\/\/rioonwatch.org.br\/?s={search_term_string}"},"query-input":{"@type":"PropertyValueSpecification","valueRequired":true,"valueName":"search_term_string"}}],"inLanguage":"pt-BR"},{"@type":"Organization","@id":"https:\/\/rioonwatch.org.br\/#organization","name":"RioOnWatch","url":"https:\/\/rioonwatch.org.br\/","logo":{"@type":"ImageObject","inLanguage":"pt-BR","@id":"https:\/\/rioonwatch.org.br\/#\/schema\/logo\/image\/","url":"https:\/\/rioonwatch.org.br\/wp-content\/uploads\/2021\/06\/RioOnWatchcabecalhoPT11anos-2.png","contentUrl":"https:\/\/rioonwatch.org.br\/wp-content\/uploads\/2021\/06\/RioOnWatchcabecalhoPT11anos-2.png","width":779,"height":277,"caption":"RioOnWatch"},"image":{"@id":"https:\/\/rioonwatch.org.br\/#\/schema\/logo\/image\/"}},{"@type":"Person","@id":"https:\/\/rioonwatch.org.br\/#\/schema\/person\/feb227e5e7679aacc3d672e375cae1bd","name":"Janaina Tavares","image":{"@type":"ImageObject","inLanguage":"pt-BR","@id":"https:\/\/rioonwatch.org.br\/#\/schema\/person\/image\/","url":"https:\/\/secure.gravatar.com\/avatar\/83bb5bb4f8b0c5ad63f35939640eaaa2?s=96&d=blank&r=g","contentUrl":"https:\/\/secure.gravatar.com\/avatar\/83bb5bb4f8b0c5ad63f35939640eaaa2?s=96&d=blank&r=g","caption":"Janaina Tavares"},"url":"https:\/\/rioonwatch.org.br\/?author=179"}]}},"_links":{"self":[{"href":"https:\/\/rioonwatch.org.br\/index.php?rest_route=\/wp\/v2\/posts\/63100"}],"collection":[{"href":"https:\/\/rioonwatch.org.br\/index.php?rest_route=\/wp\/v2\/posts"}],"about":[{"href":"https:\/\/rioonwatch.org.br\/index.php?rest_route=\/wp\/v2\/types\/post"}],"author":[{"embeddable":true,"href":"https:\/\/rioonwatch.org.br\/index.php?rest_route=\/wp\/v2\/users\/179"}],"replies":[{"embeddable":true,"href":"https:\/\/rioonwatch.org.br\/index.php?rest_route=%2Fwp%2Fv2%2Fcomments&post=63100"}],"version-history":[{"count":34,"href":"https:\/\/rioonwatch.org.br\/index.php?rest_route=\/wp\/v2\/posts\/63100\/revisions"}],"predecessor-version":[{"id":70678,"href":"https:\/\/rioonwatch.org.br\/index.php?rest_route=\/wp\/v2\/posts\/63100\/revisions\/70678"}],"wp:featuredmedia":[{"embeddable":true,"href":"https:\/\/rioonwatch.org.br\/index.php?rest_route=\/wp\/v2\/media\/63112"}],"wp:attachment":[{"href":"https:\/\/rioonwatch.org.br\/index.php?rest_route=%2Fwp%2Fv2%2Fmedia&parent=63100"}],"wp:term":[{"taxonomy":"category","embeddable":true,"href":"https:\/\/rioonwatch.org.br\/index.php?rest_route=%2Fwp%2Fv2%2Fcategories&post=63100"},{"taxonomy":"post_tag","embeddable":true,"href":"https:\/\/rioonwatch.org.br\/index.php?rest_route=%2Fwp%2Fv2%2Ftags&post=63100"},{"taxonomy":"writer","embeddable":true,"href":"https:\/\/rioonwatch.org.br\/index.php?rest_route=%2Fwp%2Fv2%2Fwriter&post=63100"},{"taxonomy":"translator","embeddable":true,"href":"https:\/\/rioonwatch.org.br\/index.php?rest_route=%2Fwp%2Fv2%2Ftranslator&post=63100"},{"taxonomy":"source","embeddable":true,"href":"https:\/\/rioonwatch.org.br\/index.php?rest_route=%2Fwp%2Fv2%2Fsource&post=63100"},{"taxonomy":"ilustrador","embeddable":true,"href":"https:\/\/rioonwatch.org.br\/index.php?rest_route=%2Fwp%2Fv2%2Filustrador&post=63100"},{"taxonomy":"fotografo","embeddable":true,"href":"https:\/\/rioonwatch.org.br\/index.php?rest_route=%2Fwp%2Fv2%2Ffotografo&post=63100"}],"curies":[{"name":"wp","href":"https:\/\/api.w.org\/{rel}","templated":true}]}}