{"id":63125,"date":"2022-10-11T09:21:31","date_gmt":"2022-10-11T12:21:31","guid":{"rendered":"https:\/\/rioonwatch.org.br\/?p=63125"},"modified":"2022-10-18T18:33:16","modified_gmt":"2022-10-18T21:33:16","slug":"oferecendo-um-raio-x-da-esperanca-entre-os-eleitos-nas-eleicoes-2022","status":"publish","type":"post","link":"https:\/\/rioonwatch.org.br\/?p=63125","title":{"rendered":"Um Raio X da Esperan\u00e7a Entre Eleitos nas Elei\u00e7\u00f5es de 2022"},"content":{"rendered":"<figure id=\"attachment_63129\" aria-describedby=\"caption-attachment-63129\" style=\"width: 1156px\" class=\"wp-caption aligncenter\"><a href=\"https:\/\/rioonwatch.org.br\/wp-content\/uploads\/2022\/10\/Indigenas-no-Congresso-Nacional.-Foto-Adi-Spezia.jpg\"><img fetchpriority=\"high\" decoding=\"async\" class=\"size-full wp-image-63129\" src=\"https:\/\/rioonwatch.org.br\/wp-content\/uploads\/2022\/10\/Indigenas-no-Congresso-Nacional.-Foto-Adi-Spezia.jpg\" alt=\"Ind\u00edgenas no Congresso Nacional. Foto: Adi Spezia\" width=\"1156\" height=\"651\" srcset=\"https:\/\/rioonwatch.org.br\/wp-content\/uploads\/2022\/10\/Indigenas-no-Congresso-Nacional.-Foto-Adi-Spezia.jpg 1156w, https:\/\/rioonwatch.org.br\/wp-content\/uploads\/2022\/10\/Indigenas-no-Congresso-Nacional.-Foto-Adi-Spezia-620x349.jpg 620w, https:\/\/rioonwatch.org.br\/wp-content\/uploads\/2022\/10\/Indigenas-no-Congresso-Nacional.-Foto-Adi-Spezia-1117x629.jpg 1117w\" sizes=\"(max-width: 1156px) 100vw, 1156px\" \/><\/a><figcaption id=\"caption-attachment-63129\" class=\"wp-caption-text\">Ind\u00edgenas no Congresso Nacional. Foto: Adi Spezia<\/figcaption><\/figure>\n<h4 style=\"text-align: right;\"><em><strong><a href=\"https:\/\/bit.ly\/3eGXRtw\" target=\"_blank\" rel=\"noopener noreferrer\">Click Here for English<\/a><a href=\"https:\/\/bit.ly\/3eGXRtw\" target=\"_blank\" rel=\"noopener noreferrer\"><img decoding=\"async\" class=\"alignright wp-image-15790\" src=\"https:\/\/rioonwatch.org.br\/wp-content\/uploads\/2012\/08\/EN-standard-e1439583104716.jpg\" alt=\"\" width=\"20\" height=\"20\" \/><\/a><\/strong><\/em><\/h4>\n<p><span style=\"font-weight: 400;\">De acordo com o Tribunal Superior Eleitoral (TSE), <\/span><a href=\"https:\/\/bit.ly\/3MoN57B\" target=\"_blank\" rel=\"noopener\"><span style=\"font-weight: 400;\">156.454.011 eleitores<\/span><\/a><span style=\"font-weight: 400;\">\u2014dentro e fora do pa\u00eds<\/span><i><span style=\"font-weight: 400;\">\u2014<\/span><\/i><span style=\"font-weight: 400;\">estavam aptos a votar nestas elei\u00e7\u00f5es, sendo 74.044.065 homens, 82.373.164 mulheres, 37.646 pessoas com nome social, al\u00e9m de 1.271.381 eleitores com alguma defici\u00eancia.\u00a0<\/span><\/p>\n<p><span style=\"font-weight: 400;\">Deste total, compareceram no dia 2 de outubro para votar no 1\u00ba turno <\/span><a href=\"https:\/\/bit.ly\/3MfIBju\" target=\"_blank\" rel=\"noopener\"><span style=\"font-weight: 400;\">123.682.372 eleitores<\/span><\/a><span style=\"font-weight: 400;\">. Foram 118.229.719 votos v\u00e1lidos e 32.770.982 absten\u00e7\u00f5es\u2014votos brancos e nulos. A vota\u00e7\u00e3o aconteceu em <\/span><a href=\"https:\/\/bit.ly\/3rH0jmQ\" target=\"_blank\" rel=\"noopener\"><span style=\"font-weight: 400;\">5.570 munic\u00edpios brasileiros e em 181 cidades<\/span><\/a><span style=\"font-weight: 400;\"> localizadas no exterior.\u00a0<\/span><\/p>\n<p><span style=\"font-weight: 400;\">A<a href=\"https:\/\/rioonwatch.org.br\/wp-content\/uploads\/2022\/10\/Erika-Hilton-uma-das-novas-faces-da-politica-brasileira..png\"><img decoding=\"async\" class=\"alignright wp-image-63128\" title=\"Erika Hilton, uma das novas faces da pol\u00edtica brasileira.\" src=\"https:\/\/rioonwatch.org.br\/wp-content\/uploads\/2022\/10\/Erika-Hilton-uma-das-novas-faces-da-politica-brasileira..png\" alt=\"Erika Hilton, uma das novas faces da pol\u00edtica brasileira.\" width=\"500\" height=\"262\" srcset=\"https:\/\/rioonwatch.org.br\/wp-content\/uploads\/2022\/10\/Erika-Hilton-uma-das-novas-faces-da-politica-brasileira..png 1363w, https:\/\/rioonwatch.org.br\/wp-content\/uploads\/2022\/10\/Erika-Hilton-uma-das-novas-faces-da-politica-brasileira.-620x325.png 620w, https:\/\/rioonwatch.org.br\/wp-content\/uploads\/2022\/10\/Erika-Hilton-uma-das-novas-faces-da-politica-brasileira.-1199x629.png 1199w\" sizes=\"(max-width: 500px) 100vw, 500px\" \/><\/a>s elei\u00e7\u00f5es para governador e presidente poderem ocorrer em dois turnos, mas a de deputados estaduais, federais e senadores acontece em um \u00fanico turno. Por isso o resultado do primeiro turno define a cara da pol\u00edtica do pa\u00eds.<\/span><\/p>\n<p><span style=\"font-weight: 400;\">Se por um lado, o novo Congresso eleito em 2 de outubro representa uma enxurrada da extrema-direita, por outro, a entrada de uma diversidade de candidatos representando numerosas bandeiras e movimentos representa as sementes que se espalharam e brotaram como consequ\u00eancia.<\/span><\/p>\n<p><span style=\"font-weight: 400;\">Pela primeira vez, <a href=\"https:\/\/bit.ly\/3T4oEOU\" target=\"_blank\" rel=\"noopener\">duas mulheres trans<\/a> foram eleitas deputadas federais: <a href=\"https:\/\/bit.ly\/3V7sIjn\" target=\"_blank\" rel=\"noopener\">Erika Hilton<\/a> (PSOL-SP) e <a href=\"https:\/\/bit.ly\/3RS35jA\" target=\"_blank\" rel=\"noopener\">Duda Salabert<\/a> (PDT-MG). Al\u00e9m delas, as assembleias legislativas de Sergipe e do Rio de Janeiro elegeram pela primeira vez mulheres trans: <a href=\"https:\/\/bit.ly\/3CIT7N2\" target=\"_blank\" rel=\"noopener\">Linda Brasil<\/a> (PSOL-SE) e <a href=\"https:\/\/bit.ly\/3S2fTnP\" target=\"_blank\" rel=\"noopener\">Dani Balbi<\/a> (PCdoB-RJ).<\/span><\/p>\n<figure id=\"attachment_63131\" aria-describedby=\"caption-attachment-63131\" style=\"width: 500px\" class=\"wp-caption alignright\"><a href=\"https:\/\/rioonwatch.org.br\/wp-content\/uploads\/2022\/10\/Dani-Balbi-PCdoB.jpeg\"><img loading=\"lazy\" decoding=\"async\" class=\"wp-image-63131\" title=\"Dani Balbi (PCdoB), uma das primeiras deputadas estaduais transexuais do Brasil, parte da ALERJ a partir de 2023.\" src=\"https:\/\/rioonwatch.org.br\/wp-content\/uploads\/2022\/10\/Dani-Balbi-PCdoB.jpeg\" alt=\"Dani Balbi (PCdoB), uma das primeiras deputadas estaduais transexuais do Brasil, parte da ALERJ a partir de 2023.\" width=\"500\" height=\"334\" srcset=\"https:\/\/rioonwatch.org.br\/wp-content\/uploads\/2022\/10\/Dani-Balbi-PCdoB.jpeg 1280w, https:\/\/rioonwatch.org.br\/wp-content\/uploads\/2022\/10\/Dani-Balbi-PCdoB-620x414.jpeg 620w, https:\/\/rioonwatch.org.br\/wp-content\/uploads\/2022\/10\/Dani-Balbi-PCdoB-942x629.jpeg 942w\" sizes=\"(max-width: 500px) 100vw, 500px\" \/><\/a><figcaption id=\"caption-attachment-63131\" class=\"wp-caption-text\">Dani Balbi (PCdoB), uma das primeiras deputadas estaduais transexuais do Brasil, parte da ALERJ a partir de 2023.<\/figcaption><\/figure>\n<p><span style=\"font-weight: 400;\">As elei\u00e7\u00f5es de 2022 tamb\u00e9m abriram perspectivas para outras mulheres trans que, apesar de n\u00e3o eleitas, ganharam destaque e vota\u00e7\u00f5es expressivas. <\/span><span style=\"font-weight: 400;\"><a href=\"https:\/\/bit.ly\/3SNGgit\" target=\"_blank\" rel=\"noopener\">Roybeyonc\u00e9 Lima<\/a> (PSOL-PE), atualmente vereadora de Recife, \u00e9 um exemplo. Apesar de ser a quarta candidatura mais votada na capital do Pernambuco, com mais de 80.000 votos, <a href=\"https:\/\/bit.ly\/3fSor30\" target=\"_blank\" rel=\"noopener\">n\u00e3o conseguiu se eleger<\/a> devido ao quociente eleitoral. Ou seja, sua coliga\u00e7\u00e3o partid\u00e1ria n\u00e3o obteve a quantidade m\u00ednima de votos exigida para garantir a ela uma vaga na C\u00e2mara dos Deputados. Al\u00e9m dela, <a href=\"https:\/\/bit.ly\/3TaAasf\" target=\"_blank\" rel=\"noopener\">Benny Briolly<\/a> (PSOL-RJ), atualmente vereadora de Niter\u00f3i, ficou <a href=\"https:\/\/bit.ly\/3CLBixa\" target=\"_blank\" rel=\"noopener\">329 votos distante<\/a> de uma vaga na ALERJ.<\/span><\/p>\n<p><span style=\"font-weight: 400;\">No estado do Rio, <a href=\"http:\/\/bit.ly\/2EVvnq9\" target=\"_blank\" rel=\"noopener\">Tal\u00edria Petrone<\/a> (PSOL-RJ), uma das principais vozes negras da resist\u00eancia e luta por direitos do p<\/span><span style=\"font-weight: 400;\">arlamento, <\/span><span style=\"font-weight: 400;\">foi reeleita em uma vota\u00e7\u00e3o expressiva com <\/span><a href=\"https:\/\/bit.ly\/3CFfeUK\" target=\"_blank\" rel=\"noopener\"><span style=\"font-weight: 400;\">198.548<\/span><\/a><span style=\"font-weight: 400;\">. Foi a terceira deputada federal mais votada do Rio de Janeiro e a mais votada da bancada do partido. Na esfera estadual, <a href=\"http:\/\/bit.ly\/2MVxDF1\" target=\"_blank\" rel=\"noopener\">Renata Souza<\/a> (PSOL-RJ) foi a terceira mais votada para a <a href=\"http:\/\/bit.ly\/2yL8t1X\" target=\"_blank\" rel=\"noopener\">ALERJ<\/a> em todo o estado e a mais votada no Complexo da Mar\u00e9, segundo <a href=\"https:\/\/bit.ly\/3SMdjDy\" target=\"_blank\" rel=\"noopener\"><em>O Cidad\u00e3o<\/em><\/a>.<\/span><\/p>\n<figure id=\"attachment_63130\" aria-describedby=\"caption-attachment-63130\" style=\"width: 500px\" class=\"wp-caption alignright\"><a href=\"https:\/\/rioonwatch.org.br\/wp-content\/uploads\/2022\/10\/Guilherme-Boulos-em-uma-atividade-do-MTST-durante-a-pandemia.jpeg\"><img loading=\"lazy\" decoding=\"async\" class=\"wp-image-63130\" title=\"Boulos em atividade do MTST durante a pandemia.\" src=\"https:\/\/rioonwatch.org.br\/wp-content\/uploads\/2022\/10\/Guilherme-Boulos-em-uma-atividade-do-MTST-durante-a-pandemia.jpeg\" alt=\"Boulos em atividade do MTST durante a pandemia.\" width=\"500\" height=\"466\" srcset=\"https:\/\/rioonwatch.org.br\/wp-content\/uploads\/2022\/10\/Guilherme-Boulos-em-uma-atividade-do-MTST-durante-a-pandemia.jpeg 800w, https:\/\/rioonwatch.org.br\/wp-content\/uploads\/2022\/10\/Guilherme-Boulos-em-uma-atividade-do-MTST-durante-a-pandemia-620x577.jpeg 620w, https:\/\/rioonwatch.org.br\/wp-content\/uploads\/2022\/10\/Guilherme-Boulos-em-uma-atividade-do-MTST-durante-a-pandemia-675x629.jpeg 675w\" sizes=\"(max-width: 500px) 100vw, 500px\" \/><\/a><figcaption id=\"caption-attachment-63130\" class=\"wp-caption-text\">Boulos em atividade do MTST durante a pandemia.<\/figcaption><\/figure>\n<p><span style=\"font-weight: 400;\"><a href=\"https:\/\/bit.ly\/3T0jTGk\" target=\"_blank\" rel=\"noopener\">Guilherme Boulos<\/a> (PSOL-SP), coordenador nacional do <\/span>Movimento dos Trabalhadores e Trabalhadoras Sem Teto<span style=\"font-weight: 400;\"> (<a href=\"http:\/\/bit.ly\/2Jk6dV5\" target=\"_blank\" rel=\"noopener\">MTST<\/a>), foi eleito <\/span><a href=\"https:\/\/bit.ly\/3SPbyFo\" target=\"_blank\" rel=\"noopener\"><span style=\"font-weight: 400;\">com 1.001.453 votos<\/span><\/a><span style=\"font-weight: 400;\">, sendo o deputado federal mais votado em S\u00e3o Paulo. Ele superou <\/span><a href=\"https:\/\/bit.ly\/3TcbtM5\" target=\"_blank\" rel=\"noopener\">Eduardo Bolsonaro<\/a> (PL<span style=\"font-weight: 400;\">), filho do Presidente <a href=\"https:\/\/bit.ly\/2AyrWHv\" target=\"_blank\" rel=\"noopener\">Jair Bolsonaro<\/a>, com uma diferen\u00e7a de 259.752 votos na disputa a deputado federal pelo estado de S\u00e3o Paulo: o maior col\u00e9gio eleitoral do pa\u00eds com <\/span><a href=\"https:\/\/bit.ly\/3efqoGg\" target=\"_blank\" rel=\"noopener\"><span style=\"font-weight: 400;\">34.667.793 eleitores aptos a votar<\/span><\/a><span style=\"font-weight: 400;\">.\u00a0<\/span><\/p>\n<p><span style=\"font-weight: 400;\">Ali\u00e1s, o partido de Erika Hilton, Benny, Tal\u00edria, Boulos e de <a href=\"http:\/\/bit.ly\/2YHxjy4\" target=\"_blank\" rel=\"noopener\">Marielle Franco<\/a> aumentou de tamanho: eram oito, agora s\u00e3o doze deputados federais eleitos. <\/span>Proporcionalmente, a bancada da federa\u00e7\u00e3o PSOL-Rede foi a que teve maior avan\u00e7o no Congresso Nacional, passando de uma bancada de 10 deputados para 14 a partir de 2023 (12 do PSOL e 2 da Rede), um aumento de 40%.<\/p>\n<p><span style=\"font-weight: 400;\">Outra mudan\u00e7a instigadora \u00e9 que, ap\u00f3s uma<\/span> <span style=\"font-weight: 400;\"><a href=\"https:\/\/bit.ly\/3Vii9Kb\" target=\"_blank\" rel=\"noopener\">mobiliza\u00e7\u00e3o in\u00e9dita<\/a> nas elei\u00e7\u00f5es de 2022<\/span><span style=\"font-weight: 400;\">, o Congresso Nacional ter\u00e1 cinco ind\u00edgenas eleitos pelo voto do povo: <a href=\"https:\/\/bit.ly\/3fUoag2\" target=\"_blank\" rel=\"noopener\">C\u00e9lia Xakriab\u00e1<\/a> (PSOL-MG), <a href=\"https:\/\/bit.ly\/3eibTSh\" target=\"_blank\" rel=\"noopener\">Juliana Cardoso<\/a> (PT-SP), <a href=\"https:\/\/bit.ly\/3CoJOAD\" target=\"_blank\" rel=\"noopener\">Paulo Guedes<\/a> (PT-MG), <a href=\"https:\/\/bit.ly\/3CrMFIY\" target=\"_blank\" rel=\"noopener\">Silvia Wai\u00e3pi<\/a> (PL-AP), e <a href=\"https:\/\/bit.ly\/3CQ958q\" target=\"_blank\" rel=\"noopener\">S\u00f4nia Guajajara<\/a> (PSOL-SP). \u00c9 o maior n\u00famero da hist\u00f3ria do Brasil. S\u00f3 dois parlamentares ind\u00edgenas haviam sido eleitos at\u00e9 ent\u00e3o: <\/span><a href=\"https:\/\/bit.ly\/3ytGkvr\" target=\"_blank\" rel=\"noopener\">M\u00e1rio Juruna<\/a> (PDT-RJ)<span style=\"font-weight: 400;\">, em <\/span>1982, e <a href=\"https:\/\/bit.ly\/3Mxq2rv\" target=\"_blank\" rel=\"noopener\">Jo\u00eania Wapichana<\/a> (Rede-RR), em 2018<span style=\"font-weight: 400;\">. No entanto, <a href=\"http:\/\/glo.bo\/3Mpr2he\" target=\"_blank\" rel=\"noopener\">Jo\u00eania n\u00e3o se reelegeu em 2022<\/a>.<\/span><\/p>\n<p><span style=\"font-weight: 400;\">Parte das candidaturas ind\u00edgenas que concorreram nas elei\u00e7\u00f5es de 2022, <a href=\"https:\/\/bit.ly\/3VbblOy\" target=\"_blank\" rel=\"noopener\">foram <\/a><\/span><span style=\"font-weight: 400;\">impulsionadas pelo ativismo de povos ind\u00edgenas e entidades<\/span><span style=\"font-weight: 400;\">, como a Articula\u00e7\u00e3o dos Povos Ind\u00edgenas<\/span><span style=\"font-weight: 400;\"> (<a href=\"https:\/\/bit.ly\/3ChUEZ7\" target=\"_blank\" rel=\"noopener\">APIB<\/a>). Foram doze candidaturas para deputado federal e 18 para deputado estadual, em 20 estados.\u00a0<\/span><\/p>\n<figure id=\"attachment_63133\" aria-describedby=\"caption-attachment-63133\" style=\"width: 500px\" class=\"wp-caption alignright\"><a href=\"https:\/\/rioonwatch.org.br\/wp-content\/uploads\/2022\/10\/Sonia-Guajajara-lideranca-da-APIB-eleita-deputada-federal.-Foto-Midia-Ninja.jpeg\"><img loading=\"lazy\" decoding=\"async\" class=\"wp-image-63133\" title=\"S\u00f4nia Guajajara, lideran\u00e7a da APIB, eleita deputada federal. M\u00eddia Ninja\" src=\"https:\/\/rioonwatch.org.br\/wp-content\/uploads\/2022\/10\/Sonia-Guajajara-lideranca-da-APIB-eleita-deputada-federal.-Foto-Midia-Ninja.jpeg\" alt=\"S\u00f4nia Guajajara, lideran\u00e7a da APIB, eleita deputada federal. M\u00eddia Ninja\" width=\"500\" height=\"333\" srcset=\"https:\/\/rioonwatch.org.br\/wp-content\/uploads\/2022\/10\/Sonia-Guajajara-lideranca-da-APIB-eleita-deputada-federal.-Foto-Midia-Ninja.jpeg 1280w, https:\/\/rioonwatch.org.br\/wp-content\/uploads\/2022\/10\/Sonia-Guajajara-lideranca-da-APIB-eleita-deputada-federal.-Foto-Midia-Ninja-620x413.jpeg 620w, https:\/\/rioonwatch.org.br\/wp-content\/uploads\/2022\/10\/Sonia-Guajajara-lideranca-da-APIB-eleita-deputada-federal.-Foto-Midia-Ninja-944x629.jpeg 944w\" sizes=\"(max-width: 500px) 100vw, 500px\" \/><\/a><figcaption id=\"caption-attachment-63133\" class=\"wp-caption-text\">S\u00f4nia Guajajara, lideran\u00e7a da APIB, eleita deputada federal. M\u00eddia Ninja<\/figcaption><\/figure>\n<p><a href=\"http:\/\/bit.ly\/2TI4FdJ\" target=\"_blank\" rel=\"noopener\">Sonia Guajajara<\/a> (PSOL-SP), coordenadora da APIB, e <a href=\"https:\/\/bit.ly\/3VeYVp2\" target=\"_blank\" rel=\"noopener\">C\u00e9lia Xakriab\u00e1<\/a> (PSOL-MG)<span style=\"font-weight: 400;\"> s\u00e3o exemplos de ind\u00edgenas eleitas, ambas representantes do campo progressista. Venceram com uma campanha com agenda focada no combate ao garimpo ilegal, pela preserva\u00e7\u00e3o da cultura dos ind\u00edgenas e do ambiente.<\/span><\/p>\n<p><span style=\"font-weight: 400;\">Principalmente, as duas futuras parlamentares lutam pela conten\u00e7\u00e3o de projetos como a regulamenta\u00e7\u00e3o da explora\u00e7\u00e3o do solo em terras ind\u00edgenas e a tese do marco temporal, que considera territ\u00f3rios ind\u00edgenas <a href=\"https:\/\/bit.ly\/3MfQGow\" target=\"_blank\" rel=\"noopener\">apenas os ocupados na<\/a> <\/span><span style=\"font-weight: 400;\">promulga\u00e7\u00e3o da Constitui\u00e7\u00e3o, em 5 de outubro de 1988<\/span><span style=\"font-weight: 400;\">.\u00a0<\/span><\/p>\n<p>O Movimento dos Trabalhadores Rurais Sem Terra (MST) <a href=\"https:\/\/bit.ly\/3SV5f2H\" target=\"_blank\" rel=\"noopener\">tamb\u00e9m fez hist\u00f3ria<\/a> nas elei\u00e7\u00f5es de 2022. Ao todo, o MST lan\u00e7ou 15 candidaturas pr\u00f3prias que concorreram a cargos de deputados estaduais e federais, em 12 estados brasileiros. Foram eleitos duas candidaturas para o Congresso Nacional: <a href=\"https:\/\/bit.ly\/3SUJxMH\" target=\"_blank\" rel=\"noopener\">Valmir Assun\u00e7\u00e3o<\/a> (PT-BA) e <a href=\"https:\/\/bit.ly\/3eqrdMD\" target=\"_blank\" rel=\"noopener\">Marcon<\/a> (PT-RS), al\u00e9m de quatro deputados estaduais para as Casas legislativas de Pernambuco, Cear\u00e1, Rio de Janeiro e Rio Grande do Sul.<\/p>\n<p><span style=\"font-weight: 400;\">A <a href=\"https:\/\/bit.ly\/3hFCwh2\" target=\"_blank\" rel=\"noopener\">Coaliz\u00e3o Negra Por Direitos<\/a>, que impulsionou o projeto <\/span><a href=\"https:\/\/bit.ly\/3zvgRmc\" target=\"_blank\" rel=\"noopener\">Quilombo Nos Parlamentos<\/a><span style=\"font-weight: 400;\">, elegeu 26 candidaturas entre deputados federais e estaduais. Ao todo, as mais de 120 candidaturas do projeto, em 24 unidades da federa\u00e7\u00e3o, obtiveram <\/span><a href=\"https:\/\/bit.ly\/3rI1W3y\" target=\"_blank\" rel=\"noopener\"><span style=\"font-weight: 400;\">um total de 4.223.028 votos<\/span><\/a><span style=\"font-weight: 400;\">.<\/span><\/p>\n<figure id=\"attachment_63134\" aria-describedby=\"caption-attachment-63134\" style=\"width: 500px\" class=\"wp-caption alignright\"><a href=\"https:\/\/rioonwatch.org.br\/wp-content\/uploads\/2022\/10\/Pastor-Henrique-Vieira-eleito-deputado-federal-pelo-PSOL.-Foto-Diario-de-Pernambuco.jpeg\"><img loading=\"lazy\" decoding=\"async\" class=\"wp-image-63134\" title=\"Pastor Henrique Vieira, eleito deputado federal pelo PSOL. Di\u00e1rio de Pernambuco\" src=\"https:\/\/rioonwatch.org.br\/wp-content\/uploads\/2022\/10\/Pastor-Henrique-Vieira-eleito-deputado-federal-pelo-PSOL.-Foto-Diario-de-Pernambuco.jpeg\" alt=\"Pastor Henrique Vieira, eleito deputado federal pelo PSOL. Di\u00e1rio de Pernambuco\" width=\"500\" height=\"333\" srcset=\"https:\/\/rioonwatch.org.br\/wp-content\/uploads\/2022\/10\/Pastor-Henrique-Vieira-eleito-deputado-federal-pelo-PSOL.-Foto-Diario-de-Pernambuco.jpeg 1280w, https:\/\/rioonwatch.org.br\/wp-content\/uploads\/2022\/10\/Pastor-Henrique-Vieira-eleito-deputado-federal-pelo-PSOL.-Foto-Diario-de-Pernambuco-620x413.jpeg 620w, https:\/\/rioonwatch.org.br\/wp-content\/uploads\/2022\/10\/Pastor-Henrique-Vieira-eleito-deputado-federal-pelo-PSOL.-Foto-Diario-de-Pernambuco-944x629.jpeg 944w\" sizes=\"(max-width: 500px) 100vw, 500px\" \/><\/a><figcaption id=\"caption-attachment-63134\" class=\"wp-caption-text\">Pastor Henrique Vieira, eleito deputado federal pelo PSOL. Di\u00e1rio de Pernambuco<\/figcaption><\/figure>\n<p><span style=\"font-weight: 400;\">Contudo, foi pouco perto do tamanho do objetivo do Quilombo Nos Parlamentos, de aumentar no Congresso o n\u00famero de parlamentares negros eleitos comprometidos com a agenda antirracista. A dr\u00e1stica insufici\u00eancia de representatividade negra no Congresso Nacional foi mantida.<\/span><\/p>\n<p><span style=\"font-weight: 400;\">No total, de candidatos negros, foram eleitos oito deputados federais, dentre eles a <\/span><a href=\"https:\/\/bit.ly\/34peK3R\" target=\"_blank\" rel=\"noopener\">Benedita da Silva<\/a> (PT-RJ) que \u00e9 cria de favela<span style=\"font-weight: 400;\">, o pastor evang\u00e9lico\u2014n\u00e3o-alinhado ao bolsonarismo\u2014<a href=\"https:\/\/bit.ly\/3RLBJeX\" target=\"_blank\" rel=\"noopener\">Henrique Vieira<\/a> (PSOL-RJ)\u00a0e<\/span> <span style=\"font-weight: 400;\"><a href=\"https:\/\/bit.ly\/3MigK2g\" target=\"_blank\" rel=\"noopener\">Erika Hilton<\/a> (PSOL-SP)<\/span><span style=\"font-weight: 400;\">, e 18 deputados estaduais, al\u00e9m de outras 97 candidaturas que est\u00e3o como suplentes.<\/span><\/p>\n<figure id=\"attachment_63135\" aria-describedby=\"caption-attachment-63135\" style=\"width: 500px\" class=\"wp-caption alignright\"><img loading=\"lazy\" decoding=\"async\" class=\"wp-image-63135\" title=\"Juliana Cardoso, lideran\u00e7a ind\u00edgena, eleita deputada federal. Foto: M\u00eddia Ninja\" src=\"https:\/\/rioonwatch.org.br\/wp-content\/uploads\/2022\/10\/Juliana-Cardoso-PT-SP-lideranca-indigena-eleita-deputada-federal.-Midia-Ninja.jpg\" alt=\"Juliana Cardoso, lideran\u00e7a ind\u00edgena, eleita deputada federal. Foto: M\u00eddia Ninja\" width=\"500\" height=\"498\" srcset=\"https:\/\/rioonwatch.org.br\/wp-content\/uploads\/2022\/10\/Juliana-Cardoso-PT-SP-lideranca-indigena-eleita-deputada-federal.-Midia-Ninja.jpg 1440w, https:\/\/rioonwatch.org.br\/wp-content\/uploads\/2022\/10\/Juliana-Cardoso-PT-SP-lideranca-indigena-eleita-deputada-federal.-Midia-Ninja-620x617.jpg 620w, https:\/\/rioonwatch.org.br\/wp-content\/uploads\/2022\/10\/Juliana-Cardoso-PT-SP-lideranca-indigena-eleita-deputada-federal.-Midia-Ninja-632x629.jpg 632w\" sizes=\"(max-width: 500px) 100vw, 500px\" \/><figcaption id=\"caption-attachment-63135\" class=\"wp-caption-text\">Juliana Cardoso, lideran\u00e7a ind\u00edgena, eleita deputada federal. Foto: M\u00eddia Ninja<\/figcaption><\/figure>\n<p><span style=\"font-weight: 400;\">A bancada do PT, partido do ex-presidente Lula, tamb\u00e9m teve conquistas. Saiu de 56 parlamentares eleitos para 80. Sobretudo, ampliou a bancada de mulheres na C\u00e2mara Federal com <a href=\"https:\/\/bit.ly\/3yrvWVg\" target=\"_blank\" rel=\"noopener\">18 deputadas federais eleitas<\/a>. Dentre elas, a primeira ind\u00edgena na hist\u00f3ria do partido: <a href=\"https:\/\/bit.ly\/3RO8sR1\" target=\"_blank\" rel=\"noopener\">Juliana Cardoso<\/a>, nascida e criada na Zona Leste, periferia de S\u00e3o Paulo.<\/span><\/p>\n<p><span style=\"font-weight: 400;\">A composi\u00e7\u00e3o do novo Congresso e Senado, portanto, mostra como a disputa entre lulismo, bolsonarismo, antipetismo e antibolsonarismo, n\u00e3o se reduz apenas \u00e0 cadeira da Presid\u00eancia da Rep\u00fablica.\u00a0<\/span><span style=\"font-weight: 400;\">Havia esperan\u00e7a de eleger um Congresso Nacional mais diverso e comprometido com uma agenda de justi\u00e7a social, direitos humanos, preserva\u00e7\u00e3o do meio ambiente e antirracista. <\/span><span style=\"font-weight: 400;\">Pode parecer que isso n\u00e3o aconteceu ao olharmos a composi\u00e7\u00e3o do parlamento eleito, com o PL, partido do Presidente Bolsonaro, se tornando o maior partido do Congresso com uma bancada de <a href=\"http:\/\/glo.bo\/3Mxd1hD\" target=\"_blank\" rel=\"noopener\">99 deputados federais<\/a> e <a href=\"https:\/\/bit.ly\/3SPNS3Y\" target=\"_blank\" rel=\"noopener\">8 senadores<\/a> (dos 27 eleitos nas elei\u00e7\u00f5es de 2022). Contudo, para quem busca um Brasil mais solid\u00e1rio, representativo, justo e fraterno, \u00e9 ineg\u00e1vel que a elei\u00e7\u00e3o dos candidatos apresentados aqui trouxe tamb\u00e9m um ar de esperan\u00e7a.<\/span><\/p>\n<hr \/>\n<h4><b data-stringify-type=\"bold\">Apoie nossos esfor\u00e7os para fornecer apoio estrat\u00e9gico \u00e0s favelas do Rio, incluindo o jornalismo hiperlocal, cr\u00edtico, inovador e incans\u00e1vel do\u00a0<\/b><b data-stringify-type=\"bold\"><i data-stringify-type=\"italic\">RioOnWatch<\/i><\/b>\u2014<a class=\"c-link\" href=\"http:\/\/www.bit.ly\/ApoieROW\" target=\"_blank\" rel=\"noopener noreferrer\" data-stringify-link=\"http:\/\/www.bit.ly\/ApoieROW\" data-sk=\"tooltip_parent\">doe aqui<\/a>.<\/h4>\n<!-- AddThis Advanced Settings generic via filter on the_content --><!-- AddThis Share Buttons generic via filter on the_content -->","protected":false},"excerpt":{"rendered":"<div class=\"mh-excerpt\"><p>Click Here for English De acordo com o Tribunal Superior Eleitoral (TSE), 156.454.011 eleitores\u2014dentro e fora do pa\u00eds\u2014estavam aptos a votar nestas elei\u00e7\u00f5es, sendo 74.044.065 homens, 82.373.164 mulheres, 37.646 pessoas com nome social, al\u00e9m de <a class=\"mh-excerpt-more\" href=\"https:\/\/rioonwatch.org.br\/?p=63125\" title=\"Um Raio X da Esperan\u00e7a Entre Eleitos nas Elei\u00e7\u00f5es de 2022\">[&#8230;]<\/a><!-- AddThis Advanced Settings generic via filter on get_the_excerpt --><!-- AddThis Share Buttons generic via filter on get_the_excerpt --><\/p>\n<\/div>","protected":false},"author":167,"featured_media":63129,"comment_status":"closed","ping_status":"closed","sticky":false,"template":"template-full.php","format":"standard","meta":{"_acf_changed":false,"_monsterinsights_skip_tracking":false,"_monsterinsights_sitenote_active":false,"_monsterinsights_sitenote_note":"","_monsterinsights_sitenote_category":0,"footnotes":""},"categories":[1621,3175,1625,3206],"tags":[1852,2494,2954,332,1564,479,457,3173,1574,2269,2312,1398,1841,2033,1217,1704,1984,2411,1989,1840,125,2491,2432,2483],"writer":[2800],"translator":[],"source":[],"ilustrador":[],"fotografo":[],"class_list":{"0":"post-63125","1":"post","2":"type-post","3":"status-publish","4":"format-standard","5":"has-post-thumbnail","7":"category-destaque","8":"category-democracia","9":"category-por-correspondentes-comunitarios","10":"category-representatividade","11":"tag-alerj","12":"tag-benedita-da-silva-pt","13":"tag-coalizao-negra-por-direitos","14":"tag-complexo-da-mare","15":"tag-congresso","16":"tag-democracia","17":"tag-eleicoes","18":"tag-eleicoes-2022","19":"tag-indigenas","20":"tag-jair-bolsonaro","21":"tag-legado-de-marielle","22":"tag-lgbt","23":"tag-lula","24":"tag-marielle-franco","25":"tag-mtst","26":"tag-o-cidadao","27":"tag-pcdob","28":"tag-pdt","29":"tag-psol","30":"tag-pt","31":"tag-religiao","32":"tag-renata-souza-psol","33":"tag-representatividade","34":"tag-taliria-petrone-psol","35":"writer-tatiana-lima"},"acf":[],"yoast_head":"<!-- This site is optimized with the Yoast SEO plugin v25.6 - https:\/\/yoast.com\/wordpress\/plugins\/seo\/ -->\n<title>Um Raio X da Esperan\u00e7a Entre Eleitos nas Elei\u00e7\u00f5es de 2022 - RioOnWatch<\/title>\n<meta name=\"robots\" content=\"index, follow, max-snippet:-1, max-image-preview:large, max-video-preview:-1\" \/>\n<link rel=\"canonical\" href=\"https:\/\/rioonwatch.org.br\/?p=63125\" \/>\n<meta property=\"og:locale\" content=\"pt_BR\" \/>\n<meta property=\"og:type\" content=\"article\" \/>\n<meta property=\"og:title\" content=\"Um Raio X da Esperan\u00e7a Entre Eleitos nas Elei\u00e7\u00f5es de 2022 - RioOnWatch\" \/>\n<meta property=\"og:description\" content=\"Click Here for English De acordo com o Tribunal Superior Eleitoral (TSE), 156.454.011 eleitores\u2014dentro e fora do pa\u00eds\u2014estavam aptos a votar nestas elei\u00e7\u00f5es, sendo 74.044.065 homens, 82.373.164 mulheres, 37.646 pessoas com nome social, al\u00e9m de [...]\" \/>\n<meta property=\"og:url\" content=\"https:\/\/rioonwatch.org.br\/?p=63125\" \/>\n<meta property=\"og:site_name\" content=\"RioOnWatch\" \/>\n<meta property=\"article:published_time\" content=\"2022-10-11T12:21:31+00:00\" \/>\n<meta property=\"article:modified_time\" content=\"2022-10-18T21:33:16+00:00\" \/>\n<meta property=\"og:image\" content=\"https:\/\/rioonwatch.org.br\/wp-content\/uploads\/2022\/10\/Indigenas-no-Congresso-Nacional.-Foto-Adi-Spezia.jpg\" \/>\n\t<meta property=\"og:image:width\" content=\"1156\" \/>\n\t<meta property=\"og:image:height\" content=\"651\" \/>\n\t<meta property=\"og:image:type\" content=\"image\/jpeg\" \/>\n<meta name=\"author\" content=\"Julio Santos Filho\" \/>\n<meta name=\"twitter:card\" content=\"summary_large_image\" \/>\n<meta name=\"twitter:label1\" content=\"Escrito por\" \/>\n\t<meta name=\"twitter:data1\" content=\"Julio Santos Filho\" \/>\n\t<meta name=\"twitter:label2\" content=\"Est. tempo de leitura\" \/>\n\t<meta name=\"twitter:data2\" content=\"9 minutos\" \/>\n<script type=\"application\/ld+json\" class=\"yoast-schema-graph\">{\"@context\":\"https:\/\/schema.org\",\"@graph\":[{\"@type\":\"Article\",\"@id\":\"https:\/\/rioonwatch.org.br\/?p=63125#article\",\"isPartOf\":{\"@id\":\"https:\/\/rioonwatch.org.br\/?p=63125\"},\"author\":{\"name\":\"Julio Santos Filho\",\"@id\":\"https:\/\/rioonwatch.org.br\/#\/schema\/person\/476bc75767957d3535b65b796667cd36\"},\"headline\":\"Um Raio X da Esperan\u00e7a Entre Eleitos nas Elei\u00e7\u00f5es de 2022\",\"datePublished\":\"2022-10-11T12:21:31+00:00\",\"dateModified\":\"2022-10-18T21:33:16+00:00\",\"mainEntityOfPage\":{\"@id\":\"https:\/\/rioonwatch.org.br\/?p=63125\"},\"wordCount\":1285,\"publisher\":{\"@id\":\"https:\/\/rioonwatch.org.br\/#organization\"},\"image\":{\"@id\":\"https:\/\/rioonwatch.org.br\/?p=63125#primaryimage\"},\"thumbnailUrl\":\"https:\/\/rioonwatch.org.br\/wp-content\/uploads\/2022\/10\/Indigenas-no-Congresso-Nacional.-Foto-Adi-Spezia.jpg\",\"keywords\":[\"Alerj\",\"Benedita da Silva\",\"Coaliz\u00e3o Negra por Direitos\",\"Complexo da Mar\u00e9\",\"Congresso\",\"Democracia\",\"Elei\u00e7\u00f5es\",\"elei\u00e7\u00f5es 2022\",\"ind\u00edgenas\",\"Jair Bolsonaro\",\"Legado de Marielle\",\"LGBTQIAPN+\",\"Lula\",\"Marielle Franco\",\"MTST\",\"O Cidad\u00e3o\",\"PCdoB\",\"PDT\",\"PSOL\",\"PT\",\"religi\u00e3o\",\"Renata Souza\",\"representatividade\",\"Tal\u00edria Petrone (PSOL)\"],\"articleSection\":[\"*Destaque\",\"Democracia\",\"Escrito por Comunicadores Populares\",\"Representatividade\"],\"inLanguage\":\"pt-BR\"},{\"@type\":\"WebPage\",\"@id\":\"https:\/\/rioonwatch.org.br\/?p=63125\",\"url\":\"https:\/\/rioonwatch.org.br\/?p=63125\",\"name\":\"Um Raio X da Esperan\u00e7a Entre Eleitos nas Elei\u00e7\u00f5es de 2022 - RioOnWatch\",\"isPartOf\":{\"@id\":\"https:\/\/rioonwatch.org.br\/#website\"},\"primaryImageOfPage\":{\"@id\":\"https:\/\/rioonwatch.org.br\/?p=63125#primaryimage\"},\"image\":{\"@id\":\"https:\/\/rioonwatch.org.br\/?p=63125#primaryimage\"},\"thumbnailUrl\":\"https:\/\/rioonwatch.org.br\/wp-content\/uploads\/2022\/10\/Indigenas-no-Congresso-Nacional.-Foto-Adi-Spezia.jpg\",\"datePublished\":\"2022-10-11T12:21:31+00:00\",\"dateModified\":\"2022-10-18T21:33:16+00:00\",\"breadcrumb\":{\"@id\":\"https:\/\/rioonwatch.org.br\/?p=63125#breadcrumb\"},\"inLanguage\":\"pt-BR\",\"potentialAction\":[{\"@type\":\"ReadAction\",\"target\":[\"https:\/\/rioonwatch.org.br\/?p=63125\"]}]},{\"@type\":\"ImageObject\",\"inLanguage\":\"pt-BR\",\"@id\":\"https:\/\/rioonwatch.org.br\/?p=63125#primaryimage\",\"url\":\"https:\/\/rioonwatch.org.br\/wp-content\/uploads\/2022\/10\/Indigenas-no-Congresso-Nacional.-Foto-Adi-Spezia.jpg\",\"contentUrl\":\"https:\/\/rioonwatch.org.br\/wp-content\/uploads\/2022\/10\/Indigenas-no-Congresso-Nacional.-Foto-Adi-Spezia.jpg\",\"width\":1156,\"height\":651,\"caption\":\"Ind\u00edgenas no Congresso Nacional. Foto: Adi Spezia\"},{\"@type\":\"BreadcrumbList\",\"@id\":\"https:\/\/rioonwatch.org.br\/?p=63125#breadcrumb\",\"itemListElement\":[{\"@type\":\"ListItem\",\"position\":1,\"name\":\"In\u00edcio\",\"item\":\"https:\/\/rioonwatch.org.br\/\"},{\"@type\":\"ListItem\",\"position\":2,\"name\":\"Um Raio X da Esperan\u00e7a Entre Eleitos nas Elei\u00e7\u00f5es de 2022\"}]},{\"@type\":\"WebSite\",\"@id\":\"https:\/\/rioonwatch.org.br\/#website\",\"url\":\"https:\/\/rioonwatch.org.br\/\",\"name\":\"RioOnWatch\",\"description\":\"relatos das favelas cariocas\",\"publisher\":{\"@id\":\"https:\/\/rioonwatch.org.br\/#organization\"},\"potentialAction\":[{\"@type\":\"SearchAction\",\"target\":{\"@type\":\"EntryPoint\",\"urlTemplate\":\"https:\/\/rioonwatch.org.br\/?s={search_term_string}\"},\"query-input\":{\"@type\":\"PropertyValueSpecification\",\"valueRequired\":true,\"valueName\":\"search_term_string\"}}],\"inLanguage\":\"pt-BR\"},{\"@type\":\"Organization\",\"@id\":\"https:\/\/rioonwatch.org.br\/#organization\",\"name\":\"RioOnWatch\",\"url\":\"https:\/\/rioonwatch.org.br\/\",\"logo\":{\"@type\":\"ImageObject\",\"inLanguage\":\"pt-BR\",\"@id\":\"https:\/\/rioonwatch.org.br\/#\/schema\/logo\/image\/\",\"url\":\"https:\/\/rioonwatch.org.br\/wp-content\/uploads\/2021\/06\/RioOnWatchcabecalhoPT11anos-2.png\",\"contentUrl\":\"https:\/\/rioonwatch.org.br\/wp-content\/uploads\/2021\/06\/RioOnWatchcabecalhoPT11anos-2.png\",\"width\":779,\"height\":277,\"caption\":\"RioOnWatch\"},\"image\":{\"@id\":\"https:\/\/rioonwatch.org.br\/#\/schema\/logo\/image\/\"}},{\"@type\":\"Person\",\"@id\":\"https:\/\/rioonwatch.org.br\/#\/schema\/person\/476bc75767957d3535b65b796667cd36\",\"name\":\"Julio Santos Filho\",\"image\":{\"@type\":\"ImageObject\",\"inLanguage\":\"pt-BR\",\"@id\":\"https:\/\/rioonwatch.org.br\/#\/schema\/person\/image\/\",\"url\":\"https:\/\/secure.gravatar.com\/avatar\/ca138f7666182a292a8ce4ca14fb81f8?s=96&d=blank&r=g\",\"contentUrl\":\"https:\/\/secure.gravatar.com\/avatar\/ca138f7666182a292a8ce4ca14fb81f8?s=96&d=blank&r=g\",\"caption\":\"Julio Santos Filho\"},\"url\":\"https:\/\/rioonwatch.org.br\/?author=167\"}]}<\/script>\n<!-- \/ Yoast SEO plugin. -->","yoast_head_json":{"title":"Um Raio X da Esperan\u00e7a Entre Eleitos nas Elei\u00e7\u00f5es de 2022 - RioOnWatch","robots":{"index":"index","follow":"follow","max-snippet":"max-snippet:-1","max-image-preview":"max-image-preview:large","max-video-preview":"max-video-preview:-1"},"canonical":"https:\/\/rioonwatch.org.br\/?p=63125","og_locale":"pt_BR","og_type":"article","og_title":"Um Raio X da Esperan\u00e7a Entre Eleitos nas Elei\u00e7\u00f5es de 2022 - RioOnWatch","og_description":"Click Here for English De acordo com o Tribunal Superior Eleitoral (TSE), 156.454.011 eleitores\u2014dentro e fora do pa\u00eds\u2014estavam aptos a votar nestas elei\u00e7\u00f5es, sendo 74.044.065 homens, 82.373.164 mulheres, 37.646 pessoas com nome social, al\u00e9m de [...]","og_url":"https:\/\/rioonwatch.org.br\/?p=63125","og_site_name":"RioOnWatch","article_published_time":"2022-10-11T12:21:31+00:00","article_modified_time":"2022-10-18T21:33:16+00:00","og_image":[{"width":1156,"height":651,"url":"https:\/\/rioonwatch.org.br\/wp-content\/uploads\/2022\/10\/Indigenas-no-Congresso-Nacional.-Foto-Adi-Spezia.jpg","type":"image\/jpeg"}],"author":"Julio Santos Filho","twitter_card":"summary_large_image","twitter_misc":{"Escrito por":"Julio Santos Filho","Est. tempo de leitura":"9 minutos"},"schema":{"@context":"https:\/\/schema.org","@graph":[{"@type":"Article","@id":"https:\/\/rioonwatch.org.br\/?p=63125#article","isPartOf":{"@id":"https:\/\/rioonwatch.org.br\/?p=63125"},"author":{"name":"Julio Santos Filho","@id":"https:\/\/rioonwatch.org.br\/#\/schema\/person\/476bc75767957d3535b65b796667cd36"},"headline":"Um Raio X da Esperan\u00e7a Entre Eleitos nas Elei\u00e7\u00f5es de 2022","datePublished":"2022-10-11T12:21:31+00:00","dateModified":"2022-10-18T21:33:16+00:00","mainEntityOfPage":{"@id":"https:\/\/rioonwatch.org.br\/?p=63125"},"wordCount":1285,"publisher":{"@id":"https:\/\/rioonwatch.org.br\/#organization"},"image":{"@id":"https:\/\/rioonwatch.org.br\/?p=63125#primaryimage"},"thumbnailUrl":"https:\/\/rioonwatch.org.br\/wp-content\/uploads\/2022\/10\/Indigenas-no-Congresso-Nacional.-Foto-Adi-Spezia.jpg","keywords":["Alerj","Benedita da Silva","Coaliz\u00e3o Negra por Direitos","Complexo da Mar\u00e9","Congresso","Democracia","Elei\u00e7\u00f5es","elei\u00e7\u00f5es 2022","ind\u00edgenas","Jair Bolsonaro","Legado de Marielle","LGBTQIAPN+","Lula","Marielle Franco","MTST","O Cidad\u00e3o","PCdoB","PDT","PSOL","PT","religi\u00e3o","Renata Souza","representatividade","Tal\u00edria Petrone (PSOL)"],"articleSection":["*Destaque","Democracia","Escrito por Comunicadores Populares","Representatividade"],"inLanguage":"pt-BR"},{"@type":"WebPage","@id":"https:\/\/rioonwatch.org.br\/?p=63125","url":"https:\/\/rioonwatch.org.br\/?p=63125","name":"Um Raio X da Esperan\u00e7a Entre Eleitos nas Elei\u00e7\u00f5es de 2022 - RioOnWatch","isPartOf":{"@id":"https:\/\/rioonwatch.org.br\/#website"},"primaryImageOfPage":{"@id":"https:\/\/rioonwatch.org.br\/?p=63125#primaryimage"},"image":{"@id":"https:\/\/rioonwatch.org.br\/?p=63125#primaryimage"},"thumbnailUrl":"https:\/\/rioonwatch.org.br\/wp-content\/uploads\/2022\/10\/Indigenas-no-Congresso-Nacional.-Foto-Adi-Spezia.jpg","datePublished":"2022-10-11T12:21:31+00:00","dateModified":"2022-10-18T21:33:16+00:00","breadcrumb":{"@id":"https:\/\/rioonwatch.org.br\/?p=63125#breadcrumb"},"inLanguage":"pt-BR","potentialAction":[{"@type":"ReadAction","target":["https:\/\/rioonwatch.org.br\/?p=63125"]}]},{"@type":"ImageObject","inLanguage":"pt-BR","@id":"https:\/\/rioonwatch.org.br\/?p=63125#primaryimage","url":"https:\/\/rioonwatch.org.br\/wp-content\/uploads\/2022\/10\/Indigenas-no-Congresso-Nacional.-Foto-Adi-Spezia.jpg","contentUrl":"https:\/\/rioonwatch.org.br\/wp-content\/uploads\/2022\/10\/Indigenas-no-Congresso-Nacional.-Foto-Adi-Spezia.jpg","width":1156,"height":651,"caption":"Ind\u00edgenas no Congresso Nacional. Foto: Adi Spezia"},{"@type":"BreadcrumbList","@id":"https:\/\/rioonwatch.org.br\/?p=63125#breadcrumb","itemListElement":[{"@type":"ListItem","position":1,"name":"In\u00edcio","item":"https:\/\/rioonwatch.org.br\/"},{"@type":"ListItem","position":2,"name":"Um Raio X da Esperan\u00e7a Entre Eleitos nas Elei\u00e7\u00f5es de 2022"}]},{"@type":"WebSite","@id":"https:\/\/rioonwatch.org.br\/#website","url":"https:\/\/rioonwatch.org.br\/","name":"RioOnWatch","description":"relatos das favelas cariocas","publisher":{"@id":"https:\/\/rioonwatch.org.br\/#organization"},"potentialAction":[{"@type":"SearchAction","target":{"@type":"EntryPoint","urlTemplate":"https:\/\/rioonwatch.org.br\/?s={search_term_string}"},"query-input":{"@type":"PropertyValueSpecification","valueRequired":true,"valueName":"search_term_string"}}],"inLanguage":"pt-BR"},{"@type":"Organization","@id":"https:\/\/rioonwatch.org.br\/#organization","name":"RioOnWatch","url":"https:\/\/rioonwatch.org.br\/","logo":{"@type":"ImageObject","inLanguage":"pt-BR","@id":"https:\/\/rioonwatch.org.br\/#\/schema\/logo\/image\/","url":"https:\/\/rioonwatch.org.br\/wp-content\/uploads\/2021\/06\/RioOnWatchcabecalhoPT11anos-2.png","contentUrl":"https:\/\/rioonwatch.org.br\/wp-content\/uploads\/2021\/06\/RioOnWatchcabecalhoPT11anos-2.png","width":779,"height":277,"caption":"RioOnWatch"},"image":{"@id":"https:\/\/rioonwatch.org.br\/#\/schema\/logo\/image\/"}},{"@type":"Person","@id":"https:\/\/rioonwatch.org.br\/#\/schema\/person\/476bc75767957d3535b65b796667cd36","name":"Julio Santos Filho","image":{"@type":"ImageObject","inLanguage":"pt-BR","@id":"https:\/\/rioonwatch.org.br\/#\/schema\/person\/image\/","url":"https:\/\/secure.gravatar.com\/avatar\/ca138f7666182a292a8ce4ca14fb81f8?s=96&d=blank&r=g","contentUrl":"https:\/\/secure.gravatar.com\/avatar\/ca138f7666182a292a8ce4ca14fb81f8?s=96&d=blank&r=g","caption":"Julio Santos Filho"},"url":"https:\/\/rioonwatch.org.br\/?author=167"}]}},"_links":{"self":[{"href":"https:\/\/rioonwatch.org.br\/index.php?rest_route=\/wp\/v2\/posts\/63125"}],"collection":[{"href":"https:\/\/rioonwatch.org.br\/index.php?rest_route=\/wp\/v2\/posts"}],"about":[{"href":"https:\/\/rioonwatch.org.br\/index.php?rest_route=\/wp\/v2\/types\/post"}],"author":[{"embeddable":true,"href":"https:\/\/rioonwatch.org.br\/index.php?rest_route=\/wp\/v2\/users\/167"}],"replies":[{"embeddable":true,"href":"https:\/\/rioonwatch.org.br\/index.php?rest_route=%2Fwp%2Fv2%2Fcomments&post=63125"}],"version-history":[{"count":16,"href":"https:\/\/rioonwatch.org.br\/index.php?rest_route=\/wp\/v2\/posts\/63125\/revisions"}],"predecessor-version":[{"id":63301,"href":"https:\/\/rioonwatch.org.br\/index.php?rest_route=\/wp\/v2\/posts\/63125\/revisions\/63301"}],"wp:featuredmedia":[{"embeddable":true,"href":"https:\/\/rioonwatch.org.br\/index.php?rest_route=\/wp\/v2\/media\/63129"}],"wp:attachment":[{"href":"https:\/\/rioonwatch.org.br\/index.php?rest_route=%2Fwp%2Fv2%2Fmedia&parent=63125"}],"wp:term":[{"taxonomy":"category","embeddable":true,"href":"https:\/\/rioonwatch.org.br\/index.php?rest_route=%2Fwp%2Fv2%2Fcategories&post=63125"},{"taxonomy":"post_tag","embeddable":true,"href":"https:\/\/rioonwatch.org.br\/index.php?rest_route=%2Fwp%2Fv2%2Ftags&post=63125"},{"taxonomy":"writer","embeddable":true,"href":"https:\/\/rioonwatch.org.br\/index.php?rest_route=%2Fwp%2Fv2%2Fwriter&post=63125"},{"taxonomy":"translator","embeddable":true,"href":"https:\/\/rioonwatch.org.br\/index.php?rest_route=%2Fwp%2Fv2%2Ftranslator&post=63125"},{"taxonomy":"source","embeddable":true,"href":"https:\/\/rioonwatch.org.br\/index.php?rest_route=%2Fwp%2Fv2%2Fsource&post=63125"},{"taxonomy":"ilustrador","embeddable":true,"href":"https:\/\/rioonwatch.org.br\/index.php?rest_route=%2Fwp%2Fv2%2Filustrador&post=63125"},{"taxonomy":"fotografo","embeddable":true,"href":"https:\/\/rioonwatch.org.br\/index.php?rest_route=%2Fwp%2Fv2%2Ffotografo&post=63125"}],"curies":[{"name":"wp","href":"https:\/\/api.w.org\/{rel}","templated":true}]}}