{"id":63141,"date":"2022-10-24T15:27:49","date_gmt":"2022-10-24T18:27:49","guid":{"rendered":"https:\/\/rioonwatch.org.br\/?p=63141"},"modified":"2023-09-20T12:19:50","modified_gmt":"2023-09-20T15:19:50","slug":"a-urgencia-em-tornar-as-favelas-resilientes-as-mudancas-climaticas","status":"publish","type":"post","link":"https:\/\/rioonwatch.org.br\/?p=63141","title":{"rendered":"A Urg\u00eancia em Tornar as Favelas Resilientes \u00e0s Mudan\u00e7as Clim\u00e1ticas"},"content":{"rendered":"<figure id=\"attachment_63152\" aria-describedby=\"caption-attachment-63152\" style=\"width: 2560px\" class=\"wp-caption aligncenter\"><a href=\"https:\/\/rioonwatch.org.br\/wp-content\/uploads\/2022\/10\/Arte-original-por-Natalia-S-Flores-scaled.jpg\"><img fetchpriority=\"high\" decoding=\"async\" class=\"size-full wp-image-63152\" src=\"https:\/\/rioonwatch.org.br\/wp-content\/uploads\/2022\/10\/Arte-original-por-Natalia-S-Flores-scaled.jpg\" alt=\"Arte original por Natalia S Flores\" width=\"2560\" height=\"1089\" srcset=\"https:\/\/rioonwatch.org.br\/wp-content\/uploads\/2022\/10\/Arte-original-por-Natalia-S-Flores-scaled.jpg 2560w, https:\/\/rioonwatch.org.br\/wp-content\/uploads\/2022\/10\/Arte-original-por-Natalia-S-Flores-620x264.jpg 620w, https:\/\/rioonwatch.org.br\/wp-content\/uploads\/2022\/10\/Arte-original-por-Natalia-S-Flores-1030x439.jpg 1030w, https:\/\/rioonwatch.org.br\/wp-content\/uploads\/2022\/10\/Arte-original-por-Natalia-S-Flores-1479x629.jpg 1479w\" sizes=\"(max-width: 2560px) 100vw, 2560px\" \/><\/a><figcaption id=\"caption-attachment-63152\" class=\"wp-caption-text\">Arte original por Natalia S. Flores<\/figcaption><\/figure>\n<h4 style=\"text-align: right;\"><em><strong><a href=\"https:\/\/bit.ly\/3fYkBps\" target=\"_blank\" rel=\"noopener noreferrer\">Click Here for English<\/a><a href=\"https:\/\/bit.ly\/3fYkBps\" target=\"_blank\" rel=\"noopener noreferrer\"><img decoding=\"async\" class=\"alignright wp-image-15790\" src=\"https:\/\/rioonwatch.org.br\/wp-content\/uploads\/2012\/08\/EN-standard-e1439583104716.jpg\" alt=\"\" width=\"20\" height=\"20\" \/><\/a><\/strong><\/em><\/h4>\n<p><em><a href=\"https:\/\/rioonwatch.org\/wp-content\/uploads\/2019\/08\/BehnerStiefel.png\"><img decoding=\"async\" class=\"alignright wp-image-55315\" src=\"https:\/\/rioonwatch.org\/wp-content\/uploads\/2019\/08\/BehnerStiefel.png\" sizes=\"(max-width: 200px) 100vw, 200px\" srcset=\"https:\/\/rioonwatch.org\/wp-content\/uploads\/2019\/08\/BehnerStiefel.png 1934w, https:\/\/rioonwatch.org\/wp-content\/uploads\/2019\/08\/BehnerStiefel-300x102.png 300w, https:\/\/rioonwatch.org\/wp-content\/uploads\/2019\/08\/BehnerStiefel-768x261.png 768w, https:\/\/rioonwatch.org\/wp-content\/uploads\/2019\/08\/BehnerStiefel-1024x348.png 1024w\" alt=\"\" width=\"200\" height=\"68\" \/><\/a>Esta mat\u00e9ria\u00a0<\/em><em>faz parte de uma\u00a0<a href=\"https:\/\/bit.ly\/SerieSDSU\" target=\"_blank\" rel=\"noopener noreferrer\">s\u00e9rie<\/a>\u00a0gerada por uma parceria, com o\u00a0<a href=\"https:\/\/bit.ly\/SDSUDigitalBrazilProject\" target=\"_blank\" rel=\"noopener noreferrer\">Digital Brazil Project<\/a>\u00a0do\u00a0<a href=\"http:\/\/bit.ly\/2zcymI6\" target=\"_blank\" rel=\"noopener noreferrer\">Centro Behner Stiefel de Estudos Brasileiros<\/a>\u00a0da Universidade Estadual de San Diego na Calif\u00f3rnia, para produzir mat\u00e9rias sobre impactos clim\u00e1ticos e a\u00e7\u00e3o afirmativa nas favelas cariocas.<\/em><\/p>\n<blockquote><p>\u201cNem todo mundo \u00e9 culpado. S\u00e3o poucas pessoas e, para salvar o planeta, devemos lutar contra eles, as empresas deles, o dinheiro deles e fazer com que eles assumam a culpa.\u201d \u2014 Greta Thunberg<\/p><\/blockquote>\n<p>A frase do livro <a href=\"https:\/\/amzn.to\/3T24i9e\" target=\"_blank\" rel=\"noopener\"><em>Nossa Casa Est\u00e1 em Chamas<\/em><\/a>, de <a href=\"https:\/\/bit.ly\/3VhZb6s\" target=\"_blank\" rel=\"noopener\">Greta Thunberg<\/a>, reverbera nas mais diversas realidades. A jovem ativista sueca, respons\u00e1vel aos 16 anos por atentar milhares de <a href=\"https:\/\/bit.ly\/3MlYQeZ\" target=\"_blank\" rel=\"noopener\">crian\u00e7as pelo mundo a reivindicarem<\/a> a\u00e7\u00f5es imediatas de combate \u00e0s mudan\u00e7as clim\u00e1ticas, coloca em n\u00f3s a urgente necessidade de pensarmos maneiras pragm\u00e1ticas de conter o <a href=\"https:\/\/bit.ly\/3AavwAk\" target=\"_blank\" rel=\"noopener\">aquecimento global<\/a> e <a href=\"http:\/\/bit.ly\/2Jw87T7\" target=\"_blank\" rel=\"noopener\">retroceder as mudan\u00e7as clim\u00e1ticas<\/a>, enquanto ainda resta tempo.<\/p>\n<p>De toda forma, um ponto que ainda n\u00e3o \u00e9 considerado quando o assunto s\u00e3o os paradigmas de sustentabilidade \u00e9: <a href=\"https:\/\/bit.ly\/3DCcBBg\" target=\"_blank\" rel=\"noopener\">como essas discuss\u00f5es afetam as favelas<\/a>? Como esse assunto chega nesses espa\u00e7os? Em ano de decis\u00f5es eleitorais, como os candidatos colocam a favela nessa pauta? As perguntas s\u00e3o muitas e ainda h\u00e1 poucas solu\u00e7\u00f5es para esse cen\u00e1rio, mas esses espa\u00e7os j\u00e1 s\u00e3o <a href=\"https:\/\/bit.ly\/3tTm050\" target=\"_blank\" rel=\"noopener\">afetados pelos mais variados extremos clim\u00e1ticos<\/a>\u2014trag\u00e9dias que <a href=\"https:\/\/bit.ly\/3RcohAp\" target=\"_blank\" rel=\"noopener\">afetam diretamente<\/a> o funcionamento normal de uma comunidade, causando <a href=\"http:\/\/bit.ly\/1Y2TzIP\" target=\"_blank\" rel=\"noopener\">perdas materiais<\/a>, danos <a href=\"https:\/\/bit.ly\/3zI2ytJ\" target=\"_blank\" rel=\"noopener\">ao ambiente e \u00e0 sa\u00fade<\/a> da popula\u00e7\u00e3o. No Rio de Janeiro, por exemplo, vemos isso acontecer nas <a href=\"https:\/\/bit.ly\/3LWwfvu\" target=\"_blank\" rel=\"noopener\">chuvas torrenciais que assolam o estado<\/a>. Por ainda n\u00e3o ser uma cidade resiliente e <a href=\"http:\/\/bit.ly\/2KBbE3k\" target=\"_blank\" rel=\"noopener\">suas favelas muito menos<\/a>, as pessoas sofrem com essa realidade.<\/p>\n<p>Ao pensar favelas resilientes, primeiro precisamos <a href=\"http:\/\/bit.ly\/36eqDIG\" target=\"_blank\" rel=\"noopener\">projetar futuros para esses territ\u00f3rios<\/a>. Imagina se o jogo vira? Isso mesmo, pensa que voc\u00ea est\u00e1 no ano de 2070 e as mudan\u00e7as clim\u00e1ticas aumentaram o n\u00edvel do mar numa propor\u00e7\u00e3o que deixou a vida impratic\u00e1vel na <a href=\"http:\/\/bit.ly\/1mNsDyk\" target=\"_blank\" rel=\"noopener\">Zona Sul<\/a>. Neste contexto, s\u00f3 as partes mais altas, que, em v\u00e1rios territ\u00f3rios da cidade, concentram as favelas, ser\u00e3o habit\u00e1veis. O que voc\u00ea sup\u00f5e que aconteceria? Para onde iriam as pessoas que moram nestes espa\u00e7os?<\/p>\n<p>Esse cen\u00e1rio hipot\u00e9tico pode se tornar uma realidade. Segundo o Painel Intergovernamental sobre Mudan\u00e7as Clim\u00e1ticas (<a href=\"https:\/\/bit.ly\/36GYKxZ\" target=\"_blank\" rel=\"noopener\">IPCC<\/a>), o n\u00edvel m\u00e9dio do mar pode aumentar entre <a href=\"https:\/\/bit.ly\/3eeyXRX\" target=\"_blank\" rel=\"noopener\">24 e 32 cm at\u00e9 2050<\/a> devido ao aquecimento das \u00e1guas do oceano e ao <a href=\"http:\/\/glo.bo\/3RPt4Z3\" target=\"_blank\" rel=\"noopener\">derretimento das geleiras<\/a> ao redor do mundo. E, aqui no Rio, as \u00e1guas podem esquentar mais ou menos do que a m\u00e9dia global, devido a fatores locais e \u00e0s <a href=\"http:\/\/bit.ly\/2I3jOjg\" target=\"_blank\" rel=\"noopener\">medidas adotadas pelos governos carioca, fluminense e federal<\/a>.<\/p>\n<p>Pode at\u00e9 parecer um pequeno aumento mas, quando combinado a eventos extremos como tempestades, pode ter efeitos devastadores. Um mar alguns cent\u00edmetros mais alto j\u00e1 pode favorecer que ondas, em dias de mar\u00e9 alta, inundem e destruam boa parte da zona costeira.<\/p>\n<p>Num futuro pr\u00f3ximo, em 2025, <a href=\"https:\/\/bit.ly\/3EuCkP6\" target=\"_blank\" rel=\"noopener\">410 milh\u00f5es de pessoas em comunidades na \u00c1sia<\/a> sofrer\u00e3o com o risco de inunda\u00e7\u00f5es por conta do aumento do n\u00edvel do mar. Existem diversas proje\u00e7\u00f5es desse futuro clim\u00e1tico, uma delas \u00e9 o <a href=\"https:\/\/bit.ly\/3TcyXkb\" target=\"_blank\" rel=\"noopener\"><em>Guia de Adapta\u00e7\u00e3o \u00e0s Mudan\u00e7as Clim\u00e1ticas<\/em><\/a> desenvolvido pela <a href=\"https:\/\/bit.ly\/3CLfO3n\" target=\"_blank\" rel=\"noopener\">WWF Brasil<\/a>, que tra\u00e7a um cen\u00e1rio para o ano de 2100. Neste relat\u00f3rio \u00e9 poss\u00edvel visualizarmos os impactos que as regi\u00f5es brasileiras sofrer\u00e3o nas pr\u00f3ximas d\u00e9cadas. No Sudeste, temos um cen\u00e1rio pessimista de aumento da temperatura de entre 1 a 8\u00b0C, redu\u00e7\u00e3o acentuada das chuvas no per\u00edodo chuvoso, e intensifica\u00e7\u00e3o dos ventos. Essa combina\u00e7\u00e3o de fatores aumentar\u00e1 os riscos de frequ\u00eancia de enchentes urbanas e deslizamentos de terras em \u00e1reas de encostas, escassez e eleva\u00e7\u00e3o dos pre\u00e7os dos alimentos, aumentos nas ondas de calor e impactos no fornecimento e na qualidade da \u00e1gua para popula\u00e7\u00e3o, al\u00e9m do <a href=\"https:\/\/bit.ly\/3Q7RTzQ\" target=\"_blank\" rel=\"noopener\">acentuamento das ilhas de calor<\/a> urbana e dos <a href=\"https:\/\/bit.ly\/3pi6c79\" target=\"_blank\" rel=\"noopener\">apag\u00f5es<\/a> em \u00e1reas que sofrem cronicamente com a <a href=\"https:\/\/bit.ly\/3wdR5yf\" target=\"_blank\" rel=\"noopener\">injusti\u00e7a energ\u00e9tica<\/a>.<\/p>\n<p>Todos esses fatores colocam a popula\u00e7\u00e3o das favelas na linha de frente desse decl\u00ednio ambiental no Brasil. Historicamente, a responsabilidade pelas emiss\u00f5es de carbono que levam \u00e0s mudan\u00e7as clim\u00e1ticas s\u00e3o de responsabilidade dos pa\u00edses da Europa, dos EUA, e mais recentemente da China, que se desenvolveram ao longo de s\u00e9culos a partir da extra\u00e7\u00e3o ambiental. Se nada for feito, o resultado do desenvolvimento predat\u00f3rio das elites globais recair\u00e1 sobre os cidad\u00e3os mais vulner\u00e1veis de pa\u00edses em desenvolvimento. \u00c9 poss\u00edvel que observemos situa\u00e7\u00e3o similar a que aconteceu com a corrida pelas vacinas no contexto da pandemia do coronav\u00edrus. Os pa\u00edses ricos compraram todas as doses para si em primeira inst\u00e2ncia, enquanto os pa\u00edses pobres sofreram (e ainda sofrem) com o atraso cr\u00f4nico das entregas dos lotes dos imunizantes. A partir desse cen\u00e1rio desigual entre os pa\u00edses, quais s\u00e3o as chances de enxergar sucesso na mitiga\u00e7\u00e3o das mudan\u00e7as clim\u00e1ticas?<\/p>\n<figure id=\"attachment_63153\" aria-describedby=\"caption-attachment-63153\" style=\"width: 1030px\" class=\"wp-caption aligncenter\"><a href=\"https:\/\/rioonwatch.org.br\/wp-content\/uploads\/2022\/10\/Morro-do-Cantagalo-na-Zona-Sul-do-Rio-com-o-mar-ao-fundo.-Foto-William-F-Santos-Unsplash-scaled.jpg\"><img loading=\"lazy\" decoding=\"async\" class=\"wp-image-63153\" title=\"Morro do Cantagalo, na Zona Sul do Rio, com o mar ao fundo. Foto: William F Santos\/Unsplash\" src=\"https:\/\/rioonwatch.org.br\/wp-content\/uploads\/2022\/10\/Morro-do-Cantagalo-na-Zona-Sul-do-Rio-com-o-mar-ao-fundo.-Foto-William-F-Santos-Unsplash-scaled.jpg\" alt=\"Morro do Cantagalo, na Zona Sul do Rio, com o mar ao fundo. Foto: William F Santos\/Unsplash\" width=\"1030\" height=\"687\" srcset=\"https:\/\/rioonwatch.org.br\/wp-content\/uploads\/2022\/10\/Morro-do-Cantagalo-na-Zona-Sul-do-Rio-com-o-mar-ao-fundo.-Foto-William-F-Santos-Unsplash-scaled.jpg 2560w, https:\/\/rioonwatch.org.br\/wp-content\/uploads\/2022\/10\/Morro-do-Cantagalo-na-Zona-Sul-do-Rio-com-o-mar-ao-fundo.-Foto-William-F-Santos-Unsplash-620x413.jpg 620w, https:\/\/rioonwatch.org.br\/wp-content\/uploads\/2022\/10\/Morro-do-Cantagalo-na-Zona-Sul-do-Rio-com-o-mar-ao-fundo.-Foto-William-F-Santos-Unsplash-943x629.jpg 943w\" sizes=\"(max-width: 1030px) 100vw, 1030px\" \/><\/a><figcaption id=\"caption-attachment-63153\" class=\"wp-caption-text\">Morro do Cantagalo, na Zona Sul do Rio, com o mar ao fundo. Foto: William F Santos\/Unsplash<\/figcaption><\/figure>\n<h3>O Que Precisa Ser Feito?<\/h3>\n<p>Para termos favelas resilientes a desastres, \u00e9 preciso oferecer, adaptar e organizar servi\u00e7os e infraestrutura. \u00c9 necess\u00e1rio oferecer op\u00e7\u00f5es aos moradores de \u00e1reas propensas a deslizamentos e enchentes, atrav\u00e9s de pol\u00edticas p\u00fablicas que visem a seguran\u00e7a dos moradores e o direito \u00e0 perman\u00eancia em seus territ\u00f3rios, para os moradores que assim desejarem.<\/p>\n<p>Al\u00e9m disso, o governo precisa de uma atua\u00e7\u00e3o competente, inclusiva e transparente nas favelas, com participa\u00e7\u00e3o ativa da popula\u00e7\u00e3o local. Deve-se preocupar com uma urbaniza\u00e7\u00e3o sustent\u00e1vel e com o investimento de recursos p\u00fablicos para a gest\u00e3o de desastres, organizando melhor a resposta do poder p\u00fablico antes, durante e depois de eventos clim\u00e1ticos extremos.<\/p>\n<p>Uma favela resiliente se faz tamb\u00e9m com <a href=\"https:\/\/bit.ly\/2THofFi\">educa\u00e7\u00e3o ambiental<\/a> para a popula\u00e7\u00e3o. Quando os moradores compreendem os riscos que enfrentam, s\u00e3o mais capazes de desenvolver processos auto-organizados de conscientiza\u00e7\u00e3o e de mitiga\u00e7\u00e3o dos efeitos da crise clim\u00e1tica. E, com base nos desastres ambientais que j\u00e1 enfrentaram no passado\u2014e em parceria com autoridades que respeitam suas pot\u00eancias\u2014os moradores conseguir\u00e3o realizar solu\u00e7\u00f5es locais efetivas para problemas sist\u00eamicos. Em contraposi\u00e7\u00e3o \u00e0 hist\u00f3rica neglig\u00eancia do Estado e \u00e0 verticalidade de suas a\u00e7\u00f5es com rela\u00e7\u00e3o \u00e0s favelas,\u00a0 este reconhecimento, respeito e o investimento em processos locais s\u00e3o fundamentais para lidar com a crise clim\u00e1tica. A <a href=\"http:\/\/bit.ly\/EscadaParticipacao\" target=\"_blank\" rel=\"noopener\">participa\u00e7\u00e3o verdadeira e plena<\/a> nas decis\u00f5es e no planejamento urbano junto com o poder p\u00fablico \u00e9 pr\u00e9-condi\u00e7\u00e3o para a constru\u00e7\u00e3o de favelas resilientes \u00e0s mudan\u00e7as clim\u00e1ticas.<\/p>\n<p>Quando falamos desses futuros clim\u00e1ticos nas favelas, temos que antecipar para mitigar. Isso pode ser feito incorporando <a href=\"http:\/\/bit.ly\/36eqDIG\" target=\"_blank\" rel=\"noopener\">tecnologias de monitoramento, alerta e alarme<\/a> para a prote\u00e7\u00e3o de pessoas e infraestrutura. A cria\u00e7\u00e3o de locais f\u00edsicos para o melhor acolhimento de pessoas que ser\u00e3o v\u00edtimas precisa ser pensada desde j\u00e1. \u00c9 necess\u00e1rio implantar um conjunto de estrat\u00e9gias imediatas de constru\u00e7\u00e3o para que se estabele\u00e7am plenamente os servi\u00e7os b\u00e1sicos, inclusive as atividades sociais, institucionais e econ\u00f4micas nas favelas. E conjuntamente, estrat\u00e9gias de reestabelecimento destes servi\u00e7os em casos de pessoas atingidas por eventos clim\u00e1ticos extremos. As favelas t\u00eam que ser priorit\u00e1rias quando o assunto \u00e9 responder \u00e0 crise clim\u00e1tica.<\/p>\n<p><em>Sobre o autor:\u00a0<i data-stringify-type=\"italic\"><a href=\"https:\/\/bit.ly\/3eKEkFg\" target=\"_blank\" rel=\"noopener\">Cleyton Santanna<\/a>\u00a0\u00e9 jornalista e roteirista, formado pela\u00a0<\/i><i data-stringify-type=\"italic\"><a class=\"c-link\" href=\"http:\/\/bit.ly\/36D8IMt\" target=\"_blank\" rel=\"noopener noreferrer\" data-stringify-link=\"http:\/\/bit.ly\/36D8IMt\" data-sk=\"tooltip_parent\">UFRRJ<\/a><\/i><i data-stringify-type=\"italic\">\u00a0e pela\u00a0<\/i><i data-stringify-type=\"italic\"><a class=\"c-link\" href=\"http:\/\/bit.ly\/3pGPU6Q\" target=\"_blank\" rel=\"noopener noreferrer\" data-stringify-link=\"http:\/\/bit.ly\/3pGPU6Q\" data-sk=\"tooltip_parent\">CriaAtivo Film School<\/a><\/i><i data-stringify-type=\"italic\">. Em\u00a0<\/i><i data-stringify-type=\"italic\"><a class=\"c-link\" href=\"http:\/\/bit.ly\/3qGqBDt\" target=\"_blank\" rel=\"noopener noreferrer\" data-stringify-link=\"http:\/\/bit.ly\/3qGqBDt\" data-sk=\"tooltip_parent\">seu canal no YouTube<\/a><\/i><i data-stringify-type=\"italic\">, discorre sobre curiosidades, ancestralidade e cultura afro-brasileira. Em 2017, produziu dois document\u00e1rios, \u201cEntre Negros\u201d e \u201c<\/i><i data-stringify-type=\"italic\"><a class=\"c-link\" href=\"https:\/\/bit.ly\/2P1xdyj\" target=\"_blank\" rel=\"noopener noreferrer\" data-stringify-link=\"https:\/\/bit.ly\/2P1xdyj\" data-sk=\"tooltip_parent\">Tudo Vai Ficar Bem<\/a><\/i><i data-stringify-type=\"italic\">\u201d, e em 2018, foi premiado como roteirista, com o curta-metragem \u201c<\/i><i data-stringify-type=\"italic\"><a class=\"c-link\" href=\"https:\/\/bit.ly\/3bGKRib\" target=\"_blank\" rel=\"noopener noreferrer\" data-stringify-link=\"https:\/\/bit.ly\/3bGKRib\" data-sk=\"tooltip_parent\">Vandinho<\/a><\/i><i data-stringify-type=\"italic\">\u201d, pela Creative Economy Network. Atualmente, atua como comunicador no Museu do Amanh\u00e3 e \u00e9 o apresentador do podcast\u00a0<\/i><i data-stringify-type=\"italic\"><a class=\"c-link\" href=\"http:\/\/spoti.fi\/2OQPVsg\" target=\"_blank\" rel=\"noopener noreferrer\" data-stringify-link=\"http:\/\/spoti.fi\/2OQPVsg\" data-sk=\"tooltip_parent\">Influ\u00eancia Negra<\/a><\/i><i data-stringify-type=\"italic\">.<\/i><\/em><\/p>\n<p><em>Sobre a artista:\u00a0<span class=\"il\">Natalia<\/span>\u00a0de Souza\u00a0<span class=\"il\">Flores \u00e9<\/span>\u00a0cria da Zona Norte e integrante das\u00a0<a href=\"https:\/\/bit.ly\/3xbZnrY\" target=\"_blank\" rel=\"noopener\">Brabas Crew<\/a>. Formada em Design Gr\u00e1fico pela Unigranrio em 2017, trabalha como designer desde 2015. Lan\u00e7ou a revista em quadrinhos coletiva \u2018T\u00e1 no Gibi\u2019, em 2017 na Bienal do Livro. Sua tem\u00e1tica principal \u00e9 afro usando elementos cyberpunk, wica e ind\u00edgena.<\/em><\/p>\n<hr \/>\n<h4><b data-stringify-type=\"bold\">Apoie nossos esfor\u00e7os para fornecer apoio estrat\u00e9gico \u00e0s favelas do Rio, incluindo o jornalismo hiperlocal, cr\u00edtico, inovador e incans\u00e1vel do\u00a0<\/b><b data-stringify-type=\"bold\"><i data-stringify-type=\"italic\">RioOnWatch<\/i><\/b>\u2014<b data-stringify-type=\"bold\"><a class=\"c-link\" href=\"http:\/\/www.bit.ly\/ApoieROW\" target=\"_blank\" rel=\"noopener noreferrer\" data-stringify-link=\"http:\/\/www.bit.ly\/ApoieROW\" data-sk=\"tooltip_parent\">doe aqui<\/a><\/b><b data-stringify-type=\"bold\">.<\/b><\/h4>\n<!-- AddThis Advanced Settings generic via filter on the_content --><!-- AddThis Share Buttons generic via filter on the_content -->","protected":false},"excerpt":{"rendered":"<div class=\"mh-excerpt\"><p>Click Here for English Esta mat\u00e9ria\u00a0faz parte de uma\u00a0s\u00e9rie\u00a0gerada por uma parceria, com o\u00a0Digital Brazil Project\u00a0do\u00a0Centro Behner Stiefel de Estudos Brasileiros\u00a0da Universidade Estadual de San Diego na Calif\u00f3rnia, para produzir mat\u00e9rias sobre impactos clim\u00e1ticos e <a class=\"mh-excerpt-more\" href=\"https:\/\/rioonwatch.org.br\/?p=63141\" title=\"A Urg\u00eancia em Tornar as Favelas Resilientes \u00e0s Mudan\u00e7as Clim\u00e1ticas\">[&#8230;]<\/a><!-- AddThis Advanced Settings generic via filter on get_the_excerpt --><!-- AddThis Share Buttons generic via filter on get_the_excerpt --><\/p>\n<\/div>","protected":false},"author":189,"featured_media":63152,"comment_status":"closed","ping_status":"closed","sticky":false,"template":"template-full.php","format":"standard","meta":{"_acf_changed":false,"_monsterinsights_skip_tracking":false,"_monsterinsights_sitenote_active":false,"_monsterinsights_sitenote_note":"","_monsterinsights_sitenote_category":0,"footnotes":""},"categories":[1621,1625,3170,342,1639],"tags":[229,11,363,965,1148,3112,106,1719,304,2139,1966,427,2693,404,383],"writer":[3004],"translator":[],"source":[],"ilustrador":[],"fotografo":[],"class_list":{"0":"post-63141","1":"post","2":"type-post","3":"status-publish","4":"format-standard","5":"has-post-thumbnail","7":"category-destaque","8":"category-por-correspondentes-comunitarios","9":"category-justica-climatica","10":"category-solucoes","11":"category-sustentabilidade","12":"tag-cantagalo","13":"tag-chuvas","14":"tag-educacao-ambiental","15":"tag-enchente","16":"tag-ilhas-de-calor","17":"tag-justica-climatica","18":"tag-meio-ambiente","19":"tag-mudancas-climaticas","20":"tag-participacao","21":"tag-justica-ambiental","22":"tag-resiliencia","23":"tag-risco-de-deslizamento","24":"tag-serie-direitos-humanos-com-apoio-do-centro-behner-stiefel-da-sdsu","25":"tag-sustentabilidade","26":"tag-zona-sul","27":"writer-cleyton-santanna"},"acf":[],"yoast_head":"<!-- This site is optimized with the Yoast SEO plugin v25.6 - https:\/\/yoast.com\/wordpress\/plugins\/seo\/ -->\n<title>A Urg\u00eancia em Tornar as Favelas Resilientes \u00e0s Mudan\u00e7as Clim\u00e1ticas - RioOnWatch<\/title>\n<meta name=\"robots\" content=\"index, follow, max-snippet:-1, max-image-preview:large, max-video-preview:-1\" \/>\n<link rel=\"canonical\" href=\"https:\/\/rioonwatch.org.br\/?p=63141\" \/>\n<meta property=\"og:locale\" content=\"pt_BR\" \/>\n<meta property=\"og:type\" content=\"article\" \/>\n<meta property=\"og:title\" content=\"A Urg\u00eancia em Tornar as Favelas Resilientes \u00e0s Mudan\u00e7as Clim\u00e1ticas - RioOnWatch\" \/>\n<meta property=\"og:description\" content=\"Click Here for English Esta mat\u00e9ria\u00a0faz parte de uma\u00a0s\u00e9rie\u00a0gerada por uma parceria, com o\u00a0Digital Brazil Project\u00a0do\u00a0Centro Behner Stiefel de Estudos Brasileiros\u00a0da Universidade Estadual de San Diego na Calif\u00f3rnia, para produzir mat\u00e9rias sobre impactos clim\u00e1ticos e [...]\" \/>\n<meta property=\"og:url\" content=\"https:\/\/rioonwatch.org.br\/?p=63141\" \/>\n<meta property=\"og:site_name\" content=\"RioOnWatch\" \/>\n<meta property=\"article:published_time\" content=\"2022-10-24T18:27:49+00:00\" \/>\n<meta property=\"article:modified_time\" content=\"2023-09-20T15:19:50+00:00\" \/>\n<meta property=\"og:image\" content=\"https:\/\/rioonwatch.org.br\/wp-content\/uploads\/2022\/10\/Arte-original-por-Natalia-S-Flores-scaled.jpg\" \/>\n\t<meta property=\"og:image:width\" content=\"2560\" \/>\n\t<meta property=\"og:image:height\" content=\"1089\" \/>\n\t<meta property=\"og:image:type\" content=\"image\/jpeg\" \/>\n<meta name=\"author\" content=\"Clau Guimar\u00e3es\" \/>\n<meta name=\"twitter:card\" content=\"summary_large_image\" \/>\n<meta name=\"twitter:label1\" content=\"Escrito por\" \/>\n\t<meta name=\"twitter:data1\" content=\"Clau Guimar\u00e3es\" \/>\n\t<meta name=\"twitter:label2\" content=\"Est. tempo de leitura\" \/>\n\t<meta name=\"twitter:data2\" content=\"8 minutos\" \/>\n<script type=\"application\/ld+json\" class=\"yoast-schema-graph\">{\"@context\":\"https:\/\/schema.org\",\"@graph\":[{\"@type\":\"Article\",\"@id\":\"https:\/\/rioonwatch.org.br\/?p=63141#article\",\"isPartOf\":{\"@id\":\"https:\/\/rioonwatch.org.br\/?p=63141\"},\"author\":{\"name\":\"Clau Guimar\u00e3es\",\"@id\":\"https:\/\/rioonwatch.org.br\/#\/schema\/person\/60477056fd70290836c7501475e308f3\"},\"headline\":\"A Urg\u00eancia em Tornar as Favelas Resilientes \u00e0s Mudan\u00e7as Clim\u00e1ticas\",\"datePublished\":\"2022-10-24T18:27:49+00:00\",\"dateModified\":\"2023-09-20T15:19:50+00:00\",\"mainEntityOfPage\":{\"@id\":\"https:\/\/rioonwatch.org.br\/?p=63141\"},\"wordCount\":1464,\"publisher\":{\"@id\":\"https:\/\/rioonwatch.org.br\/#organization\"},\"image\":{\"@id\":\"https:\/\/rioonwatch.org.br\/?p=63141#primaryimage\"},\"thumbnailUrl\":\"https:\/\/rioonwatch.org.br\/wp-content\/uploads\/2022\/10\/Arte-original-por-Natalia-S-Flores-scaled.jpg\",\"keywords\":[\"Cantagalo\",\"chuvas\",\"educa\u00e7\u00e3o ambiental\",\"enchente\",\"Ilhas de Calor\",\"Justi\u00e7a Clim\u00e1tica\",\"meio ambiente\",\"mudan\u00e7as clim\u00e1ticas\",\"participa\u00e7\u00e3o\",\"Racismo ambiental\",\"resili\u00eancia\",\"risco de deslizamento\",\"S\u00e9rie Apoiada pelo Centro Behner Stiefel\/SDSU\",\"sustentabilidade\",\"Zona Sul\"],\"articleSection\":[\"*Destaque\",\"Escrito por Comunicadores Populares\",\"Justi\u00e7a Clim\u00e1tica\",\"Solu\u00e7\u00f5es\",\"Sustentabilidade\"],\"inLanguage\":\"pt-BR\"},{\"@type\":\"WebPage\",\"@id\":\"https:\/\/rioonwatch.org.br\/?p=63141\",\"url\":\"https:\/\/rioonwatch.org.br\/?p=63141\",\"name\":\"A Urg\u00eancia em Tornar as Favelas Resilientes \u00e0s Mudan\u00e7as Clim\u00e1ticas - RioOnWatch\",\"isPartOf\":{\"@id\":\"https:\/\/rioonwatch.org.br\/#website\"},\"primaryImageOfPage\":{\"@id\":\"https:\/\/rioonwatch.org.br\/?p=63141#primaryimage\"},\"image\":{\"@id\":\"https:\/\/rioonwatch.org.br\/?p=63141#primaryimage\"},\"thumbnailUrl\":\"https:\/\/rioonwatch.org.br\/wp-content\/uploads\/2022\/10\/Arte-original-por-Natalia-S-Flores-scaled.jpg\",\"datePublished\":\"2022-10-24T18:27:49+00:00\",\"dateModified\":\"2023-09-20T15:19:50+00:00\",\"breadcrumb\":{\"@id\":\"https:\/\/rioonwatch.org.br\/?p=63141#breadcrumb\"},\"inLanguage\":\"pt-BR\",\"potentialAction\":[{\"@type\":\"ReadAction\",\"target\":[\"https:\/\/rioonwatch.org.br\/?p=63141\"]}]},{\"@type\":\"ImageObject\",\"inLanguage\":\"pt-BR\",\"@id\":\"https:\/\/rioonwatch.org.br\/?p=63141#primaryimage\",\"url\":\"https:\/\/rioonwatch.org.br\/wp-content\/uploads\/2022\/10\/Arte-original-por-Natalia-S-Flores-scaled.jpg\",\"contentUrl\":\"https:\/\/rioonwatch.org.br\/wp-content\/uploads\/2022\/10\/Arte-original-por-Natalia-S-Flores-scaled.jpg\",\"width\":2560,\"height\":1089,\"caption\":\"Arte original por Natalia S Flores\"},{\"@type\":\"BreadcrumbList\",\"@id\":\"https:\/\/rioonwatch.org.br\/?p=63141#breadcrumb\",\"itemListElement\":[{\"@type\":\"ListItem\",\"position\":1,\"name\":\"In\u00edcio\",\"item\":\"https:\/\/rioonwatch.org.br\/\"},{\"@type\":\"ListItem\",\"position\":2,\"name\":\"A Urg\u00eancia em Tornar as Favelas Resilientes \u00e0s Mudan\u00e7as Clim\u00e1ticas\"}]},{\"@type\":\"WebSite\",\"@id\":\"https:\/\/rioonwatch.org.br\/#website\",\"url\":\"https:\/\/rioonwatch.org.br\/\",\"name\":\"RioOnWatch\",\"description\":\"relatos das favelas cariocas\",\"publisher\":{\"@id\":\"https:\/\/rioonwatch.org.br\/#organization\"},\"potentialAction\":[{\"@type\":\"SearchAction\",\"target\":{\"@type\":\"EntryPoint\",\"urlTemplate\":\"https:\/\/rioonwatch.org.br\/?s={search_term_string}\"},\"query-input\":{\"@type\":\"PropertyValueSpecification\",\"valueRequired\":true,\"valueName\":\"search_term_string\"}}],\"inLanguage\":\"pt-BR\"},{\"@type\":\"Organization\",\"@id\":\"https:\/\/rioonwatch.org.br\/#organization\",\"name\":\"RioOnWatch\",\"url\":\"https:\/\/rioonwatch.org.br\/\",\"logo\":{\"@type\":\"ImageObject\",\"inLanguage\":\"pt-BR\",\"@id\":\"https:\/\/rioonwatch.org.br\/#\/schema\/logo\/image\/\",\"url\":\"https:\/\/rioonwatch.org.br\/wp-content\/uploads\/2021\/06\/RioOnWatchcabecalhoPT11anos-2.png\",\"contentUrl\":\"https:\/\/rioonwatch.org.br\/wp-content\/uploads\/2021\/06\/RioOnWatchcabecalhoPT11anos-2.png\",\"width\":779,\"height\":277,\"caption\":\"RioOnWatch\"},\"image\":{\"@id\":\"https:\/\/rioonwatch.org.br\/#\/schema\/logo\/image\/\"}},{\"@type\":\"Person\",\"@id\":\"https:\/\/rioonwatch.org.br\/#\/schema\/person\/60477056fd70290836c7501475e308f3\",\"name\":\"Clau Guimar\u00e3es\",\"image\":{\"@type\":\"ImageObject\",\"inLanguage\":\"pt-BR\",\"@id\":\"https:\/\/rioonwatch.org.br\/#\/schema\/person\/image\/\",\"url\":\"https:\/\/secure.gravatar.com\/avatar\/d3c7c802891cd0be7580519c331d257f?s=96&d=blank&r=g\",\"contentUrl\":\"https:\/\/secure.gravatar.com\/avatar\/d3c7c802891cd0be7580519c331d257f?s=96&d=blank&r=g\",\"caption\":\"Clau Guimar\u00e3es\"},\"url\":\"https:\/\/rioonwatch.org.br\/?author=189\"}]}<\/script>\n<!-- \/ Yoast SEO plugin. -->","yoast_head_json":{"title":"A Urg\u00eancia em Tornar as Favelas Resilientes \u00e0s Mudan\u00e7as Clim\u00e1ticas - RioOnWatch","robots":{"index":"index","follow":"follow","max-snippet":"max-snippet:-1","max-image-preview":"max-image-preview:large","max-video-preview":"max-video-preview:-1"},"canonical":"https:\/\/rioonwatch.org.br\/?p=63141","og_locale":"pt_BR","og_type":"article","og_title":"A Urg\u00eancia em Tornar as Favelas Resilientes \u00e0s Mudan\u00e7as Clim\u00e1ticas - RioOnWatch","og_description":"Click Here for English Esta mat\u00e9ria\u00a0faz parte de uma\u00a0s\u00e9rie\u00a0gerada por uma parceria, com o\u00a0Digital Brazil Project\u00a0do\u00a0Centro Behner Stiefel de Estudos Brasileiros\u00a0da Universidade Estadual de San Diego na Calif\u00f3rnia, para produzir mat\u00e9rias sobre impactos clim\u00e1ticos e [...]","og_url":"https:\/\/rioonwatch.org.br\/?p=63141","og_site_name":"RioOnWatch","article_published_time":"2022-10-24T18:27:49+00:00","article_modified_time":"2023-09-20T15:19:50+00:00","og_image":[{"width":2560,"height":1089,"url":"https:\/\/rioonwatch.org.br\/wp-content\/uploads\/2022\/10\/Arte-original-por-Natalia-S-Flores-scaled.jpg","type":"image\/jpeg"}],"author":"Clau Guimar\u00e3es","twitter_card":"summary_large_image","twitter_misc":{"Escrito por":"Clau Guimar\u00e3es","Est. tempo de leitura":"8 minutos"},"schema":{"@context":"https:\/\/schema.org","@graph":[{"@type":"Article","@id":"https:\/\/rioonwatch.org.br\/?p=63141#article","isPartOf":{"@id":"https:\/\/rioonwatch.org.br\/?p=63141"},"author":{"name":"Clau Guimar\u00e3es","@id":"https:\/\/rioonwatch.org.br\/#\/schema\/person\/60477056fd70290836c7501475e308f3"},"headline":"A Urg\u00eancia em Tornar as Favelas Resilientes \u00e0s Mudan\u00e7as Clim\u00e1ticas","datePublished":"2022-10-24T18:27:49+00:00","dateModified":"2023-09-20T15:19:50+00:00","mainEntityOfPage":{"@id":"https:\/\/rioonwatch.org.br\/?p=63141"},"wordCount":1464,"publisher":{"@id":"https:\/\/rioonwatch.org.br\/#organization"},"image":{"@id":"https:\/\/rioonwatch.org.br\/?p=63141#primaryimage"},"thumbnailUrl":"https:\/\/rioonwatch.org.br\/wp-content\/uploads\/2022\/10\/Arte-original-por-Natalia-S-Flores-scaled.jpg","keywords":["Cantagalo","chuvas","educa\u00e7\u00e3o ambiental","enchente","Ilhas de Calor","Justi\u00e7a Clim\u00e1tica","meio ambiente","mudan\u00e7as clim\u00e1ticas","participa\u00e7\u00e3o","Racismo ambiental","resili\u00eancia","risco de deslizamento","S\u00e9rie Apoiada pelo Centro Behner Stiefel\/SDSU","sustentabilidade","Zona Sul"],"articleSection":["*Destaque","Escrito por Comunicadores Populares","Justi\u00e7a Clim\u00e1tica","Solu\u00e7\u00f5es","Sustentabilidade"],"inLanguage":"pt-BR"},{"@type":"WebPage","@id":"https:\/\/rioonwatch.org.br\/?p=63141","url":"https:\/\/rioonwatch.org.br\/?p=63141","name":"A Urg\u00eancia em Tornar as Favelas Resilientes \u00e0s Mudan\u00e7as Clim\u00e1ticas - RioOnWatch","isPartOf":{"@id":"https:\/\/rioonwatch.org.br\/#website"},"primaryImageOfPage":{"@id":"https:\/\/rioonwatch.org.br\/?p=63141#primaryimage"},"image":{"@id":"https:\/\/rioonwatch.org.br\/?p=63141#primaryimage"},"thumbnailUrl":"https:\/\/rioonwatch.org.br\/wp-content\/uploads\/2022\/10\/Arte-original-por-Natalia-S-Flores-scaled.jpg","datePublished":"2022-10-24T18:27:49+00:00","dateModified":"2023-09-20T15:19:50+00:00","breadcrumb":{"@id":"https:\/\/rioonwatch.org.br\/?p=63141#breadcrumb"},"inLanguage":"pt-BR","potentialAction":[{"@type":"ReadAction","target":["https:\/\/rioonwatch.org.br\/?p=63141"]}]},{"@type":"ImageObject","inLanguage":"pt-BR","@id":"https:\/\/rioonwatch.org.br\/?p=63141#primaryimage","url":"https:\/\/rioonwatch.org.br\/wp-content\/uploads\/2022\/10\/Arte-original-por-Natalia-S-Flores-scaled.jpg","contentUrl":"https:\/\/rioonwatch.org.br\/wp-content\/uploads\/2022\/10\/Arte-original-por-Natalia-S-Flores-scaled.jpg","width":2560,"height":1089,"caption":"Arte original por Natalia S Flores"},{"@type":"BreadcrumbList","@id":"https:\/\/rioonwatch.org.br\/?p=63141#breadcrumb","itemListElement":[{"@type":"ListItem","position":1,"name":"In\u00edcio","item":"https:\/\/rioonwatch.org.br\/"},{"@type":"ListItem","position":2,"name":"A Urg\u00eancia em Tornar as Favelas Resilientes \u00e0s Mudan\u00e7as Clim\u00e1ticas"}]},{"@type":"WebSite","@id":"https:\/\/rioonwatch.org.br\/#website","url":"https:\/\/rioonwatch.org.br\/","name":"RioOnWatch","description":"relatos das favelas cariocas","publisher":{"@id":"https:\/\/rioonwatch.org.br\/#organization"},"potentialAction":[{"@type":"SearchAction","target":{"@type":"EntryPoint","urlTemplate":"https:\/\/rioonwatch.org.br\/?s={search_term_string}"},"query-input":{"@type":"PropertyValueSpecification","valueRequired":true,"valueName":"search_term_string"}}],"inLanguage":"pt-BR"},{"@type":"Organization","@id":"https:\/\/rioonwatch.org.br\/#organization","name":"RioOnWatch","url":"https:\/\/rioonwatch.org.br\/","logo":{"@type":"ImageObject","inLanguage":"pt-BR","@id":"https:\/\/rioonwatch.org.br\/#\/schema\/logo\/image\/","url":"https:\/\/rioonwatch.org.br\/wp-content\/uploads\/2021\/06\/RioOnWatchcabecalhoPT11anos-2.png","contentUrl":"https:\/\/rioonwatch.org.br\/wp-content\/uploads\/2021\/06\/RioOnWatchcabecalhoPT11anos-2.png","width":779,"height":277,"caption":"RioOnWatch"},"image":{"@id":"https:\/\/rioonwatch.org.br\/#\/schema\/logo\/image\/"}},{"@type":"Person","@id":"https:\/\/rioonwatch.org.br\/#\/schema\/person\/60477056fd70290836c7501475e308f3","name":"Clau Guimar\u00e3es","image":{"@type":"ImageObject","inLanguage":"pt-BR","@id":"https:\/\/rioonwatch.org.br\/#\/schema\/person\/image\/","url":"https:\/\/secure.gravatar.com\/avatar\/d3c7c802891cd0be7580519c331d257f?s=96&d=blank&r=g","contentUrl":"https:\/\/secure.gravatar.com\/avatar\/d3c7c802891cd0be7580519c331d257f?s=96&d=blank&r=g","caption":"Clau Guimar\u00e3es"},"url":"https:\/\/rioonwatch.org.br\/?author=189"}]}},"_links":{"self":[{"href":"https:\/\/rioonwatch.org.br\/index.php?rest_route=\/wp\/v2\/posts\/63141"}],"collection":[{"href":"https:\/\/rioonwatch.org.br\/index.php?rest_route=\/wp\/v2\/posts"}],"about":[{"href":"https:\/\/rioonwatch.org.br\/index.php?rest_route=\/wp\/v2\/types\/post"}],"author":[{"embeddable":true,"href":"https:\/\/rioonwatch.org.br\/index.php?rest_route=\/wp\/v2\/users\/189"}],"replies":[{"embeddable":true,"href":"https:\/\/rioonwatch.org.br\/index.php?rest_route=%2Fwp%2Fv2%2Fcomments&post=63141"}],"version-history":[{"count":15,"href":"https:\/\/rioonwatch.org.br\/index.php?rest_route=\/wp\/v2\/posts\/63141\/revisions"}],"predecessor-version":[{"id":70363,"href":"https:\/\/rioonwatch.org.br\/index.php?rest_route=\/wp\/v2\/posts\/63141\/revisions\/70363"}],"wp:featuredmedia":[{"embeddable":true,"href":"https:\/\/rioonwatch.org.br\/index.php?rest_route=\/wp\/v2\/media\/63152"}],"wp:attachment":[{"href":"https:\/\/rioonwatch.org.br\/index.php?rest_route=%2Fwp%2Fv2%2Fmedia&parent=63141"}],"wp:term":[{"taxonomy":"category","embeddable":true,"href":"https:\/\/rioonwatch.org.br\/index.php?rest_route=%2Fwp%2Fv2%2Fcategories&post=63141"},{"taxonomy":"post_tag","embeddable":true,"href":"https:\/\/rioonwatch.org.br\/index.php?rest_route=%2Fwp%2Fv2%2Ftags&post=63141"},{"taxonomy":"writer","embeddable":true,"href":"https:\/\/rioonwatch.org.br\/index.php?rest_route=%2Fwp%2Fv2%2Fwriter&post=63141"},{"taxonomy":"translator","embeddable":true,"href":"https:\/\/rioonwatch.org.br\/index.php?rest_route=%2Fwp%2Fv2%2Ftranslator&post=63141"},{"taxonomy":"source","embeddable":true,"href":"https:\/\/rioonwatch.org.br\/index.php?rest_route=%2Fwp%2Fv2%2Fsource&post=63141"},{"taxonomy":"ilustrador","embeddable":true,"href":"https:\/\/rioonwatch.org.br\/index.php?rest_route=%2Fwp%2Fv2%2Filustrador&post=63141"},{"taxonomy":"fotografo","embeddable":true,"href":"https:\/\/rioonwatch.org.br\/index.php?rest_route=%2Fwp%2Fv2%2Ffotografo&post=63141"}],"curies":[{"name":"wp","href":"https:\/\/api.w.org\/{rel}","templated":true}]}}