{"id":63164,"date":"2022-10-12T07:00:37","date_gmt":"2022-10-12T10:00:37","guid":{"rendered":"https:\/\/rioonwatch.org.br\/?p=63164"},"modified":"2022-12-06T12:11:18","modified_gmt":"2022-12-06T15:11:18","slug":"afrobetizacao-nesse-dia-das-criancas-conheca-a-historia-da-empoderada-re-tinta","status":"publish","type":"post","link":"https:\/\/rioonwatch.org.br\/?p=63164","title":{"rendered":"Afrobetiza\u00e7\u00e3o: Nesse Dia das Crian\u00e7as, Conhe\u00e7a a Hist\u00f3ria da Empoderada R\u00ea Tinta"},"content":{"rendered":"<figure id=\"attachment_63170\" aria-describedby=\"caption-attachment-63170\" style=\"width: 1030px\" class=\"wp-caption aligncenter\"><a href=\"https:\/\/rioonwatch.org.br\/wp-content\/uploads\/2022\/10\/Re-tinta-personagem-de-historia-em-quadrinhos-criado-por-Estevao-Ribeiro.-e1665514988960.jpg\"><img fetchpriority=\"high\" decoding=\"async\" class=\"wp-image-63170 size-full\" title=\"R\u00ea Tinta, personagem de hist\u00f3ria em quadrinhos criado por Estev\u00e3o Ribeiro.\" src=\"https:\/\/rioonwatch.org.br\/wp-content\/uploads\/2022\/10\/Re-tinta-personagem-de-historia-em-quadrinhos-criado-por-Estevao-Ribeiro.-e1665514988960.jpg\" alt=\"R\u00ea Tinta, personagem de hist\u00f3ria em quadrinhos criado por Estev\u00e3o Ribeiro.\" width=\"1030\" height=\"515\" srcset=\"https:\/\/rioonwatch.org.br\/wp-content\/uploads\/2022\/10\/Re-tinta-personagem-de-historia-em-quadrinhos-criado-por-Estevao-Ribeiro.-e1665514988960.jpg 1030w, https:\/\/rioonwatch.org.br\/wp-content\/uploads\/2022\/10\/Re-tinta-personagem-de-historia-em-quadrinhos-criado-por-Estevao-Ribeiro.-e1665514988960-620x310.jpg 620w\" sizes=\"(max-width: 1030px) 100vw, 1030px\" \/><\/a><figcaption id=\"caption-attachment-63170\" class=\"wp-caption-text\">R\u00ea Tinta, personagem de hist\u00f3ria em quadrinhos criado por Estev\u00e3o Ribeiro.<\/figcaption><\/figure>\n<h4 style=\"text-align: right;\"><a href=\"https:\/\/bit.ly\/3EW1t42\" target=\"_blank\" rel=\"noopener\"><em><strong>Click Here for English<img decoding=\"async\" class=\"alignright wp-image-15790\" src=\"https:\/\/rioonwatch.org.br\/wp-content\/uploads\/2012\/08\/EN-standard-e1439583104716.jpg\" alt=\"\" width=\"20\" height=\"20\" \/><\/strong><\/em><\/a><\/h4>\n<h4><strong>Nesse Dia das Crian\u00e7as, o <i>RioOnWatch <\/i>traz uma iniciativa inovadora que est\u00e1 afrobetizando crian\u00e7as pretas fluminenses e ensinando seus colegas de classe a serem antirracistas. Tudo come\u00e7ou atrav\u00e9s de quadrinhos, mas est\u00e1 se tornando uma pol\u00edtica social, que leva, para os pequenos, livros de autores pretos e rodas de leitura.<\/strong><\/h4>\n<p><span style=\"font-weight: 400;\">A <\/span><a href=\"https:\/\/bit.ly\/3yvOxzl\" target=\"_blank\" rel=\"noopener\"><span style=\"font-weight: 400;\">afrobetiza\u00e7\u00e3o<\/span><\/a><span style=\"font-weight: 400;\"> \u00e9 um ato de aliar alfabetiza\u00e7\u00e3o e educa\u00e7\u00e3o antirracista na primeira inf\u00e2ncia. O termo, que vem ganhando espa\u00e7o na \u00faltima d\u00e9cada, tem como princ\u00edpio que <\/span><a href=\"https:\/\/bit.ly\/3ClGd6t\" target=\"_blank\" rel=\"noopener\"><span style=\"font-weight: 400;\">ningu\u00e9m nasce racista<\/span><\/a><span style=\"font-weight: 400;\">. Por isso, compreende a import\u00e2ncia de empoderar crian\u00e7as, contribuindo com a diminui\u00e7\u00e3o dos danos do <\/span><a href=\"https:\/\/bit.ly\/3JUDW48\" target=\"_blank\" rel=\"noopener\"><span style=\"font-weight: 400;\">racismo estrutural<\/span><\/a><span style=\"font-weight: 400;\">.<\/span><\/p>\n<p><iframe style=\"border: none; overflow: hidden;\" src=\"https:\/\/www.facebook.com\/plugins\/video.php?height=563&amp;href=https%3A%2F%2Fwww.facebook.com%2FEscritoraJanineRodrigues%2Fvideos%2F2081784745439655%2F&amp;show_text=false&amp;width=1030&amp;t=0\" width=\"1030\" height=\"563\" frameborder=\"0\" scrolling=\"no\" allowfullscreen=\"allowfullscreen\"><span data-mce-type=\"bookmark\" style=\"display: inline-block; width: 0px; overflow: hidden; line-height: 0;\" class=\"mce_SELRES_start\">\ufeff<\/span><\/iframe><\/p>\n<h3><b>Representatividade<\/b><\/h3>\n<p><span style=\"font-weight: 400;\">Pai de g\u00eameas de seis anos, ambas com Transtorno do Espectro Autista (<\/span><a href=\"https:\/\/bit.ly\/3fYMuNY\" target=\"_blank\" rel=\"noopener\"><span style=\"font-weight: 400;\">TEA<\/span><\/a><span style=\"font-weight: 400;\">) e negras, Estev\u00e3o Ribeiro decidiu agir contra a <\/span><a href=\"https:\/\/bit.ly\/3rLyCsV\" target=\"_blank\" rel=\"noopener\"><span style=\"font-weight: 400;\">falta de representatividade para crian\u00e7as pretas<\/span><\/a><span style=\"font-weight: 400;\"> nos quadrinhos e livros infanto-juvenis. A paternidade fez com que Estev\u00e3o, 43, criasse a <\/span><span style=\"font-weight: 400;\"><a href=\"https:\/\/bit.ly\/3rMn1cY\" target=\"_blank\" rel=\"noopener\">Renata Tinta<\/a>, R\u00ea Tinta<\/span><span style=\"font-weight: 400;\"> para os \u00edntimos, em 2018. Os quadrinhos antirracistas empoderam e afrobetizam crian\u00e7as e adultos, atrav\u00e9s de cr\u00edticas sociais que refletem o racismo estrutural em suas tirinhas. E j\u00e1 viraram dois livros: <\/span><a href=\"https:\/\/bit.ly\/3yz5Q2C\" target=\"_blank\" rel=\"noopener\"><i><span style=\"font-weight: 400;\">R\u00ea Tinta: Preta, logo resisto<\/span><\/i><\/a> <i><span style=\"font-weight: 400;\">e<\/span><\/i> <a href=\"https:\/\/bit.ly\/3SZwD0g\" target=\"_blank\" rel=\"noopener\"><i><span style=\"font-weight: 400;\">R\u00ea Tinta e o p\u00e9 de jamel\u00e3o<\/span><\/i><\/a><b><i>.<\/i><\/b><\/p>\n<p><a href=\"https:\/\/rioonwatch.org.br\/wp-content\/uploads\/2022\/10\/Re-tinta.png\"><img decoding=\"async\" class=\"wp-image-63189 size-full\" src=\"https:\/\/rioonwatch.org.br\/wp-content\/uploads\/2022\/10\/Re-tinta.png\" alt=\"R\u00ea tinta sobre a fal\u00e1cia do racismo reverso.\" width=\"1154\" height=\"1141\" srcset=\"https:\/\/rioonwatch.org.br\/wp-content\/uploads\/2022\/10\/Re-tinta.png 1154w, https:\/\/rioonwatch.org.br\/wp-content\/uploads\/2022\/10\/Re-tinta-620x613.png 620w, https:\/\/rioonwatch.org.br\/wp-content\/uploads\/2022\/10\/Re-tinta-636x629.png 636w\" sizes=\"(max-width: 1154px) 100vw, 1154px\" \/><\/a><\/p>\n<p><span style=\"font-weight: 400;\">Nascido e criado em bairros perif\u00e9ricos da capital do Esp\u00edrito Santo, Estev\u00e3o mudou-se para outros territ\u00f3rios de vulnerabilidade ao migrar para o Rio de Janeiro. Atualmente morador da periferia de Niter\u00f3i, j\u00e1 morou no Beltr\u00e3o, no Fonseca e atualmente mora em Santa Rosa. Em sua obra, al\u00e9m de temas relacionados \u00e0 ra\u00e7a, Estev\u00e3o permeia temas como <\/span><a href=\"http:\/\/bit.ly\/2grMqHZ\" target=\"_blank\" rel=\"noopener\"><span style=\"font-weight: 400;\">religi\u00e3o<\/span><\/a><span style=\"font-weight: 400;\">, paternidade e maternidade, pol\u00edtica e <\/span><a href=\"https:\/\/bit.ly\/3JGIGet\" target=\"_blank\" rel=\"noopener\"><span style=\"font-weight: 400;\">ancestralidade<\/span><\/a><span style=\"font-weight: 400;\">, sob a perspectiva negra. R\u00ea Tinta j\u00e1 conta com quase <\/span><a href=\"https:\/\/bit.ly\/3RUiAHU\" target=\"_blank\" rel=\"noopener\"><span style=\"font-weight: 400;\">15.000 seguidores no Instagram<\/span><\/a><span style=\"font-weight: 400;\">.<\/span><\/p>\n<blockquote><p><span style=\"font-weight: 400;\">&#8220;A gente tem o papel de educar tamb\u00e9m. A gente tem que compartilhar nossos conhecimentos, como os mais velhos compartilhavam com a gente. A gente aprende muito atrav\u00e9s das hist\u00f3rias. Ent\u00e3o, assim como uma pessoa na comunidade conta as hist\u00f3rias, os <\/span><a href=\"https:\/\/bit.ly\/3Ez5qNx\" target=\"_blank\" rel=\"noopener\"><span style=\"font-weight: 400;\">gri\u00f4s<\/span><\/a> <span style=\"font-weight: 400;\">contam as hist\u00f3rias ocorridas. A gente tamb\u00e9m est\u00e1 contando para nossa aldeia, que \u00e9 uma aldeia muito dispersa.&#8221;<\/span> <span style=\"font-weight: 400;\">\u2014 Estev\u00e3o Ribeiro<\/span><\/p><\/blockquote>\n<figure id=\"attachment_63177\" aria-describedby=\"caption-attachment-63177\" style=\"width: 1030px\" class=\"wp-caption aligncenter\"><a href=\"https:\/\/rioonwatch.org.br\/wp-content\/uploads\/2022\/10\/Re-tinta-lembra-todas-as-maes-inclusive-as-maes-de-vitimas-do-Estado.jpeg\"><img loading=\"lazy\" decoding=\"async\" class=\"wp-image-63177\" title=\"R\u00ea tinta lembra todas as m\u00e3es, inclusive as m\u00e3es de v\u00edtimas do Estado\" src=\"https:\/\/rioonwatch.org.br\/wp-content\/uploads\/2022\/10\/Re-tinta-lembra-todas-as-maes-inclusive-as-maes-de-vitimas-do-Estado.jpeg\" alt=\"R\u00ea tinta lembra todas as m\u00e3es, inclusive as m\u00e3es de v\u00edtimas do Estado\" width=\"1030\" height=\"1101\" srcset=\"https:\/\/rioonwatch.org.br\/wp-content\/uploads\/2022\/10\/Re-tinta-lembra-todas-as-maes-inclusive-as-maes-de-vitimas-do-Estado.jpeg 1197w, https:\/\/rioonwatch.org.br\/wp-content\/uploads\/2022\/10\/Re-tinta-lembra-todas-as-maes-inclusive-as-maes-de-vitimas-do-Estado-580x620.jpeg 580w, https:\/\/rioonwatch.org.br\/wp-content\/uploads\/2022\/10\/Re-tinta-lembra-todas-as-maes-inclusive-as-maes-de-vitimas-do-Estado-588x629.jpeg 588w\" sizes=\"(max-width: 1030px) 100vw, 1030px\" \/><\/a><figcaption id=\"caption-attachment-63177\" class=\"wp-caption-text\">R\u00ea tinta lembra todas as m\u00e3es, inclusive as m\u00e3es de v\u00edtimas do Estado.<\/figcaption><\/figure>\n<h3><b>Trajet\u00f3ria, Obst\u00e1culos e Inspira\u00e7\u00e3o<\/b><\/h3>\n<p><span style=\"font-weight: 400;\">Estev\u00e3o Ribeiro sempre amou desenhar e come\u00e7ou aos 14 anos. Aos 21, publicou seu primeiro quadrinho no <\/span><i><span style=\"font-weight: 400;\">Jornal Not\u00edcia Agora<\/span><\/i><span style=\"font-weight: 400;\">, do Esp\u00edrito Santo. Quando se mudou para o Rio de Janeiro, h\u00e1 quase 15 anos, publicou suas tirinhas nos jornais <\/span><i><span style=\"font-weight: 400;\">O Dia<\/span><\/i><span style=\"font-weight: 400;\">, <\/span><i><span style=\"font-weight: 400;\">Meia Hora<\/span><\/i><span style=\"font-weight: 400;\"> e <\/span><i><span style=\"font-weight: 400;\">Extra<\/span><\/i><span style=\"font-weight: 400;\">. Em 2008, criou a tirinha <\/span><a href=\"https:\/\/amzn.to\/3T0HUNS\" target=\"_blank\" rel=\"noopener\"><i><span style=\"font-weight: 400;\">Os Passarinhos<\/span><\/i><\/a><span style=\"font-weight: 400;\">, publicada no Brasil, na Nicar\u00e1gua, em Portugal, no Panam\u00e1 e no Equador.<\/span><\/p>\n<figure id=\"attachment_63180\" aria-describedby=\"caption-attachment-63180\" style=\"width: 1030px\" class=\"wp-caption aligncenter\"><a href=\"https:\/\/rioonwatch.org.br\/wp-content\/uploads\/2022\/10\/Re-tinta-sobre-o-abandono-paterno-de-criancas-negras.jpeg\"><img loading=\"lazy\" decoding=\"async\" class=\"wp-image-63180\" title=\"R\u00ea tinta sobre o abandono paterno de crian\u00e7as negras\" src=\"https:\/\/rioonwatch.org.br\/wp-content\/uploads\/2022\/10\/Re-tinta-sobre-o-abandono-paterno-de-criancas-negras.jpeg\" alt=\"R\u00ea tinta sobre o abandono paterno de crian\u00e7as negras\" width=\"1030\" height=\"1101\" srcset=\"https:\/\/rioonwatch.org.br\/wp-content\/uploads\/2022\/10\/Re-tinta-sobre-o-abandono-paterno-de-criancas-negras.jpeg 1197w, https:\/\/rioonwatch.org.br\/wp-content\/uploads\/2022\/10\/Re-tinta-sobre-o-abandono-paterno-de-criancas-negras-580x620.jpeg 580w, https:\/\/rioonwatch.org.br\/wp-content\/uploads\/2022\/10\/Re-tinta-sobre-o-abandono-paterno-de-criancas-negras-588x629.jpeg 588w\" sizes=\"(max-width: 1030px) 100vw, 1030px\" \/><\/a><figcaption id=\"caption-attachment-63180\" class=\"wp-caption-text\">R\u00ea tinta sobre o abandono paterno de crian\u00e7as negras.<\/figcaption><\/figure>\n<p><span style=\"font-weight: 400;\">Ser um homem negro e pai de duas meninas negras autistas fez com que Estev\u00e3o pudesse criar uma personagem empoderada, que est\u00e1 educando outras crian\u00e7as como as filhas dele.<\/span><\/p>\n<blockquote><p><span style=\"font-weight: 400;\">&#8220;Sou pai de meninas g\u00eameas e elas est\u00e3o no espectro autista. Uma delas tem um pouco mais de dificuldades com a fala, ent\u00e3o, h\u00e1 um desafio a mais. Meu desafio maior atualmente \u00e9 a independ\u00eancia delas. \u00c9 como trabalhar para que elas tenham as melhores [condi\u00e7\u00f5es] para que elas se desenvolvam cada vez mais e possam ser pessoas independentes. \u00c9 nisso que eu luto atualmente. Eu espero obviamente estar criando meninas empoderadas e antirracistas, cientes de seus privil\u00e9gios.\u201d \u2014 Estev\u00e3o Ribeiro<\/span><\/p><\/blockquote>\n<figure id=\"attachment_63192\" aria-describedby=\"caption-attachment-63192\" style=\"width: 1115px\" class=\"wp-caption aligncenter\"><a href=\"https:\/\/rioonwatch.org.br\/wp-content\/uploads\/2022\/10\/Will-Smith.png\"><img loading=\"lazy\" decoding=\"async\" class=\"wp-image-63192 size-full\" title=\"R\u00ea tinta criticando a baixa representatividade negra no Oscar\" src=\"https:\/\/rioonwatch.org.br\/wp-content\/uploads\/2022\/10\/Will-Smith.png\" alt=\"R\u00ea tinta criticando a baixa representatividade negra no Oscar\" width=\"1115\" height=\"1199\" srcset=\"https:\/\/rioonwatch.org.br\/wp-content\/uploads\/2022\/10\/Will-Smith.png 1115w, https:\/\/rioonwatch.org.br\/wp-content\/uploads\/2022\/10\/Will-Smith-577x620.png 577w, https:\/\/rioonwatch.org.br\/wp-content\/uploads\/2022\/10\/Will-Smith-585x629.png 585w\" sizes=\"(max-width: 1115px) 100vw, 1115px\" \/><\/a><figcaption id=\"caption-attachment-63192\" class=\"wp-caption-text\">R\u00ea tinta criticando a baixa representatividade negra no Oscar.<\/figcaption><\/figure>\n<p><span style=\"font-weight: 400;\">Os livros que contam as aventuras de R\u00ea Tinta j\u00e1 est\u00e3o nas m\u00e3os de mais de 20.000 crian\u00e7as da rede p\u00fablica fluminense, afrobetizando tanto os pequenos pretos quanto as crian\u00e7as brancas. A hist\u00f3ria que empodera tantas crian\u00e7as quase n\u00e3o nasceu, contou Estev\u00e3o. Porque ele quase desistiu de desenhar.<\/span><\/p>\n<blockquote><p><span style=\"font-weight: 400;\">&#8220;Eu comecei a desenhar muito cedo, s\u00f3 que eu parei porque eu encontrava pessoas com muito mais talento do que eu e eu achava que meu talento era para a escrita apenas. Ent\u00e3o, eu me dediquei mais \u00e0 escrita at\u00e9 os 20 anos. Precisei fazer uma biografia minha e eu n\u00e3o tinha registros biogr\u00e1ficos. Ent\u00e3o, comecei eu mesmo a me desenhar e fazer as coisas. Comecei a trabalhar mais de forma tamb\u00e9m independente, porque quando voc\u00ea \u00e9 um escritor de quadrinhos, voc\u00ea sempre depende de um desenhista. E nem todo mundo est\u00e1 \u00e0 disposi\u00e7\u00e3o para investir em hist\u00f3rias como voc\u00ea, como criador, n\u00e3o \u00e9? Ent\u00e3o, a partir da\u00ed, esse tipo de demanda acabou criando a minha vontade de desenhar, [e pensei]: vou voltar a desenhar.&#8221; \u2014 Estev\u00e3o Ribeiro<\/span><\/p><\/blockquote>\n<p><span style=\"font-weight: 400;\">Hoje, Estev\u00e3o compreendeu que acreditar no seu dom foi a resposta certa para o seu caminho e para o de milhares de outras crian\u00e7as e adultos, pretos e brancos, pelo mundo afora. &#8220;As tirinhas produzidas da R\u00ea Tinta j\u00e1 s\u00e3o temas de provas, j\u00e1 estiveram algumas em provas de faculdade, e em livros did\u00e1ticos. Ent\u00e3o, eu acredito que o meu material tem colaborado um pouco com a educa\u00e7\u00e3o no pa\u00eds&#8221;.<\/span><\/p>\n<hr \/>\n<h4><b data-stringify-type=\"bold\">Apoie nossos esfor\u00e7os para fornecer apoio estrat\u00e9gico \u00e0s favelas do Rio, incluindo o jornalismo hiperlocal, cr\u00edtico, inovador e incans\u00e1vel do\u00a0<\/b><b data-stringify-type=\"bold\"><i data-stringify-type=\"italic\">RioOnWatch<\/i><\/b>\u2014<a class=\"c-link\" href=\"http:\/\/www.bit.ly\/ApoieROW\" target=\"_blank\" rel=\"noopener noreferrer\" data-stringify-link=\"http:\/\/www.bit.ly\/ApoieROW\" data-sk=\"tooltip_parent\">doe aqui<\/a>.<\/h4>\n<!-- AddThis Advanced Settings generic via filter on the_content --><!-- AddThis Share Buttons generic via filter on the_content -->","protected":false},"excerpt":{"rendered":"<div class=\"mh-excerpt\"><p>Click Here for English Nesse Dia das Crian\u00e7as, o RioOnWatch traz uma iniciativa inovadora que est\u00e1 afrobetizando crian\u00e7as pretas fluminenses e ensinando seus colegas de classe a serem antirracistas. Tudo come\u00e7ou atrav\u00e9s de quadrinhos, mas <a class=\"mh-excerpt-more\" href=\"https:\/\/rioonwatch.org.br\/?p=63164\" title=\"Afrobetiza\u00e7\u00e3o: Nesse Dia das Crian\u00e7as, Conhe\u00e7a a Hist\u00f3ria da Empoderada R\u00ea Tinta\">[&#8230;]<\/a><!-- AddThis Advanced Settings generic via filter on get_the_excerpt --><!-- AddThis Share Buttons generic via filter on get_the_excerpt --><\/p>\n<\/div>","protected":false},"author":167,"featured_media":63170,"comment_status":"closed","ping_status":"closed","sticky":false,"template":"template-full.php","format":"standard","meta":{"_acf_changed":false,"_monsterinsights_skip_tracking":false,"_monsterinsights_sitenote_active":false,"_monsterinsights_sitenote_note":"","_monsterinsights_sitenote_category":0,"footnotes":""},"categories":[1621,1629,1625,3206,342],"tags":[1905,513,2070,876,316,1372,2665,113,1578,511,1970,10,3114,2432],"writer":[3229],"translator":[],"source":[],"ilustrador":[],"fotografo":[],"class_list":{"0":"post-63164","1":"post","2":"type-post","3":"status-publish","4":"format-standard","5":"has-post-thumbnail","7":"category-destaque","8":"category-entrevistas-e-perfis","9":"category-por-correspondentes-comunitarios","10":"category-representatividade","11":"category-solucoes","12":"tag-alfabetizacao","13":"tag-cultura-afro-brasileira","14":"tag-direito-a-educacao","15":"tag-direitos-da-crianca","16":"tag-educacao","17":"tag-grande-rio","18":"tag-griot","19":"tag-juventude","20":"tag-leste-fluminense","21":"tag-literatura","22":"tag-negritude","23":"tag-niteroi","24":"tag-racismo-estrutural","25":"tag-representatividade","26":"writer-tassia-di-carvalho"},"acf":[],"yoast_head":"<!-- This site is optimized with the Yoast SEO plugin v25.6 - https:\/\/yoast.com\/wordpress\/plugins\/seo\/ -->\n<title>Afrobetiza\u00e7\u00e3o: Nesse Dia das Crian\u00e7as, Conhe\u00e7a a Hist\u00f3ria da Empoderada R\u00ea Tinta - RioOnWatch<\/title>\n<meta name=\"robots\" content=\"index, follow, max-snippet:-1, max-image-preview:large, max-video-preview:-1\" \/>\n<link rel=\"canonical\" href=\"https:\/\/rioonwatch.org.br\/?p=63164\" \/>\n<meta property=\"og:locale\" content=\"pt_BR\" \/>\n<meta property=\"og:type\" content=\"article\" \/>\n<meta property=\"og:title\" content=\"Afrobetiza\u00e7\u00e3o: Nesse Dia das Crian\u00e7as, Conhe\u00e7a a Hist\u00f3ria da Empoderada R\u00ea Tinta - RioOnWatch\" \/>\n<meta property=\"og:description\" content=\"Click Here for English Nesse Dia das Crian\u00e7as, o RioOnWatch traz uma iniciativa inovadora que est\u00e1 afrobetizando crian\u00e7as pretas fluminenses e ensinando seus colegas de classe a serem antirracistas. Tudo come\u00e7ou atrav\u00e9s de quadrinhos, mas [...]\" \/>\n<meta property=\"og:url\" content=\"https:\/\/rioonwatch.org.br\/?p=63164\" \/>\n<meta property=\"og:site_name\" content=\"RioOnWatch\" \/>\n<meta property=\"article:published_time\" content=\"2022-10-12T10:00:37+00:00\" \/>\n<meta property=\"article:modified_time\" content=\"2022-12-06T15:11:18+00:00\" \/>\n<meta property=\"og:image\" content=\"https:\/\/rioonwatch.org.br\/wp-content\/uploads\/2022\/10\/Re-tinta-personagem-de-historia-em-quadrinhos-criado-por-Estevao-Ribeiro.-e1665514988960.jpg\" \/>\n\t<meta property=\"og:image:width\" content=\"1030\" \/>\n\t<meta property=\"og:image:height\" content=\"515\" \/>\n\t<meta property=\"og:image:type\" content=\"image\/jpeg\" \/>\n<meta name=\"author\" content=\"Julio Santos Filho\" \/>\n<meta name=\"twitter:card\" content=\"summary_large_image\" \/>\n<meta name=\"twitter:label1\" content=\"Escrito por\" \/>\n\t<meta name=\"twitter:data1\" content=\"Julio Santos Filho\" \/>\n\t<meta name=\"twitter:label2\" content=\"Est. tempo de leitura\" \/>\n\t<meta name=\"twitter:data2\" content=\"6 minutos\" \/>\n<script type=\"application\/ld+json\" class=\"yoast-schema-graph\">{\"@context\":\"https:\/\/schema.org\",\"@graph\":[{\"@type\":\"Article\",\"@id\":\"https:\/\/rioonwatch.org.br\/?p=63164#article\",\"isPartOf\":{\"@id\":\"https:\/\/rioonwatch.org.br\/?p=63164\"},\"author\":{\"name\":\"Julio Santos Filho\",\"@id\":\"https:\/\/rioonwatch.org.br\/#\/schema\/person\/476bc75767957d3535b65b796667cd36\"},\"headline\":\"Afrobetiza\u00e7\u00e3o: Nesse Dia das Crian\u00e7as, Conhe\u00e7a a Hist\u00f3ria da Empoderada R\u00ea Tinta\",\"datePublished\":\"2022-10-12T10:00:37+00:00\",\"dateModified\":\"2022-12-06T15:11:18+00:00\",\"mainEntityOfPage\":{\"@id\":\"https:\/\/rioonwatch.org.br\/?p=63164\"},\"wordCount\":940,\"publisher\":{\"@id\":\"https:\/\/rioonwatch.org.br\/#organization\"},\"image\":{\"@id\":\"https:\/\/rioonwatch.org.br\/?p=63164#primaryimage\"},\"thumbnailUrl\":\"https:\/\/rioonwatch.org.br\/wp-content\/uploads\/2022\/10\/Re-tinta-personagem-de-historia-em-quadrinhos-criado-por-Estevao-Ribeiro.-e1665514988960.jpg\",\"keywords\":[\"alfabetiza\u00e7\u00e3o\",\"Cultura Afro-brasileira\",\"direito \u00e0 educa\u00e7\u00e3o\",\"direitos da crian\u00e7a\",\"educa\u00e7\u00e3o\",\"Grande Rio\",\"griot\",\"juventude\",\"Leste Fluminense\",\"literatura\",\"negritude\",\"Niter\u00f3i\",\"Racismo estrutural\",\"representatividade\"],\"articleSection\":[\"*Destaque\",\"Entrevistas e Perfis\",\"Escrito por Comunicadores Populares\",\"Representatividade\",\"Solu\u00e7\u00f5es\"],\"inLanguage\":\"pt-BR\"},{\"@type\":\"WebPage\",\"@id\":\"https:\/\/rioonwatch.org.br\/?p=63164\",\"url\":\"https:\/\/rioonwatch.org.br\/?p=63164\",\"name\":\"Afrobetiza\u00e7\u00e3o: Nesse Dia das Crian\u00e7as, Conhe\u00e7a a Hist\u00f3ria da Empoderada R\u00ea Tinta - RioOnWatch\",\"isPartOf\":{\"@id\":\"https:\/\/rioonwatch.org.br\/#website\"},\"primaryImageOfPage\":{\"@id\":\"https:\/\/rioonwatch.org.br\/?p=63164#primaryimage\"},\"image\":{\"@id\":\"https:\/\/rioonwatch.org.br\/?p=63164#primaryimage\"},\"thumbnailUrl\":\"https:\/\/rioonwatch.org.br\/wp-content\/uploads\/2022\/10\/Re-tinta-personagem-de-historia-em-quadrinhos-criado-por-Estevao-Ribeiro.-e1665514988960.jpg\",\"datePublished\":\"2022-10-12T10:00:37+00:00\",\"dateModified\":\"2022-12-06T15:11:18+00:00\",\"breadcrumb\":{\"@id\":\"https:\/\/rioonwatch.org.br\/?p=63164#breadcrumb\"},\"inLanguage\":\"pt-BR\",\"potentialAction\":[{\"@type\":\"ReadAction\",\"target\":[\"https:\/\/rioonwatch.org.br\/?p=63164\"]}]},{\"@type\":\"ImageObject\",\"inLanguage\":\"pt-BR\",\"@id\":\"https:\/\/rioonwatch.org.br\/?p=63164#primaryimage\",\"url\":\"https:\/\/rioonwatch.org.br\/wp-content\/uploads\/2022\/10\/Re-tinta-personagem-de-historia-em-quadrinhos-criado-por-Estevao-Ribeiro.-e1665514988960.jpg\",\"contentUrl\":\"https:\/\/rioonwatch.org.br\/wp-content\/uploads\/2022\/10\/Re-tinta-personagem-de-historia-em-quadrinhos-criado-por-Estevao-Ribeiro.-e1665514988960.jpg\",\"width\":1030,\"height\":515,\"caption\":\"R\u00ea Tinta, personagem de hist\u00f3ria em quadrinhos criado por Estev\u00e3o Ribeiro.\"},{\"@type\":\"BreadcrumbList\",\"@id\":\"https:\/\/rioonwatch.org.br\/?p=63164#breadcrumb\",\"itemListElement\":[{\"@type\":\"ListItem\",\"position\":1,\"name\":\"In\u00edcio\",\"item\":\"https:\/\/rioonwatch.org.br\/\"},{\"@type\":\"ListItem\",\"position\":2,\"name\":\"Afrobetiza\u00e7\u00e3o: Nesse Dia das Crian\u00e7as, Conhe\u00e7a a Hist\u00f3ria da Empoderada R\u00ea Tinta\"}]},{\"@type\":\"WebSite\",\"@id\":\"https:\/\/rioonwatch.org.br\/#website\",\"url\":\"https:\/\/rioonwatch.org.br\/\",\"name\":\"RioOnWatch\",\"description\":\"relatos das favelas cariocas\",\"publisher\":{\"@id\":\"https:\/\/rioonwatch.org.br\/#organization\"},\"potentialAction\":[{\"@type\":\"SearchAction\",\"target\":{\"@type\":\"EntryPoint\",\"urlTemplate\":\"https:\/\/rioonwatch.org.br\/?s={search_term_string}\"},\"query-input\":{\"@type\":\"PropertyValueSpecification\",\"valueRequired\":true,\"valueName\":\"search_term_string\"}}],\"inLanguage\":\"pt-BR\"},{\"@type\":\"Organization\",\"@id\":\"https:\/\/rioonwatch.org.br\/#organization\",\"name\":\"RioOnWatch\",\"url\":\"https:\/\/rioonwatch.org.br\/\",\"logo\":{\"@type\":\"ImageObject\",\"inLanguage\":\"pt-BR\",\"@id\":\"https:\/\/rioonwatch.org.br\/#\/schema\/logo\/image\/\",\"url\":\"https:\/\/rioonwatch.org.br\/wp-content\/uploads\/2021\/06\/RioOnWatchcabecalhoPT11anos-2.png\",\"contentUrl\":\"https:\/\/rioonwatch.org.br\/wp-content\/uploads\/2021\/06\/RioOnWatchcabecalhoPT11anos-2.png\",\"width\":779,\"height\":277,\"caption\":\"RioOnWatch\"},\"image\":{\"@id\":\"https:\/\/rioonwatch.org.br\/#\/schema\/logo\/image\/\"}},{\"@type\":\"Person\",\"@id\":\"https:\/\/rioonwatch.org.br\/#\/schema\/person\/476bc75767957d3535b65b796667cd36\",\"name\":\"Julio Santos Filho\",\"image\":{\"@type\":\"ImageObject\",\"inLanguage\":\"pt-BR\",\"@id\":\"https:\/\/rioonwatch.org.br\/#\/schema\/person\/image\/\",\"url\":\"https:\/\/secure.gravatar.com\/avatar\/ca138f7666182a292a8ce4ca14fb81f8?s=96&d=blank&r=g\",\"contentUrl\":\"https:\/\/secure.gravatar.com\/avatar\/ca138f7666182a292a8ce4ca14fb81f8?s=96&d=blank&r=g\",\"caption\":\"Julio Santos Filho\"},\"url\":\"https:\/\/rioonwatch.org.br\/?author=167\"}]}<\/script>\n<!-- \/ Yoast SEO plugin. -->","yoast_head_json":{"title":"Afrobetiza\u00e7\u00e3o: Nesse Dia das Crian\u00e7as, Conhe\u00e7a a Hist\u00f3ria da Empoderada R\u00ea Tinta - RioOnWatch","robots":{"index":"index","follow":"follow","max-snippet":"max-snippet:-1","max-image-preview":"max-image-preview:large","max-video-preview":"max-video-preview:-1"},"canonical":"https:\/\/rioonwatch.org.br\/?p=63164","og_locale":"pt_BR","og_type":"article","og_title":"Afrobetiza\u00e7\u00e3o: Nesse Dia das Crian\u00e7as, Conhe\u00e7a a Hist\u00f3ria da Empoderada R\u00ea Tinta - RioOnWatch","og_description":"Click Here for English Nesse Dia das Crian\u00e7as, o RioOnWatch traz uma iniciativa inovadora que est\u00e1 afrobetizando crian\u00e7as pretas fluminenses e ensinando seus colegas de classe a serem antirracistas. Tudo come\u00e7ou atrav\u00e9s de quadrinhos, mas [...]","og_url":"https:\/\/rioonwatch.org.br\/?p=63164","og_site_name":"RioOnWatch","article_published_time":"2022-10-12T10:00:37+00:00","article_modified_time":"2022-12-06T15:11:18+00:00","og_image":[{"width":1030,"height":515,"url":"https:\/\/rioonwatch.org.br\/wp-content\/uploads\/2022\/10\/Re-tinta-personagem-de-historia-em-quadrinhos-criado-por-Estevao-Ribeiro.-e1665514988960.jpg","type":"image\/jpeg"}],"author":"Julio Santos Filho","twitter_card":"summary_large_image","twitter_misc":{"Escrito por":"Julio Santos Filho","Est. tempo de leitura":"6 minutos"},"schema":{"@context":"https:\/\/schema.org","@graph":[{"@type":"Article","@id":"https:\/\/rioonwatch.org.br\/?p=63164#article","isPartOf":{"@id":"https:\/\/rioonwatch.org.br\/?p=63164"},"author":{"name":"Julio Santos Filho","@id":"https:\/\/rioonwatch.org.br\/#\/schema\/person\/476bc75767957d3535b65b796667cd36"},"headline":"Afrobetiza\u00e7\u00e3o: Nesse Dia das Crian\u00e7as, Conhe\u00e7a a Hist\u00f3ria da Empoderada R\u00ea Tinta","datePublished":"2022-10-12T10:00:37+00:00","dateModified":"2022-12-06T15:11:18+00:00","mainEntityOfPage":{"@id":"https:\/\/rioonwatch.org.br\/?p=63164"},"wordCount":940,"publisher":{"@id":"https:\/\/rioonwatch.org.br\/#organization"},"image":{"@id":"https:\/\/rioonwatch.org.br\/?p=63164#primaryimage"},"thumbnailUrl":"https:\/\/rioonwatch.org.br\/wp-content\/uploads\/2022\/10\/Re-tinta-personagem-de-historia-em-quadrinhos-criado-por-Estevao-Ribeiro.-e1665514988960.jpg","keywords":["alfabetiza\u00e7\u00e3o","Cultura Afro-brasileira","direito \u00e0 educa\u00e7\u00e3o","direitos da crian\u00e7a","educa\u00e7\u00e3o","Grande Rio","griot","juventude","Leste Fluminense","literatura","negritude","Niter\u00f3i","Racismo estrutural","representatividade"],"articleSection":["*Destaque","Entrevistas e Perfis","Escrito por Comunicadores Populares","Representatividade","Solu\u00e7\u00f5es"],"inLanguage":"pt-BR"},{"@type":"WebPage","@id":"https:\/\/rioonwatch.org.br\/?p=63164","url":"https:\/\/rioonwatch.org.br\/?p=63164","name":"Afrobetiza\u00e7\u00e3o: Nesse Dia das Crian\u00e7as, Conhe\u00e7a a Hist\u00f3ria da Empoderada R\u00ea Tinta - RioOnWatch","isPartOf":{"@id":"https:\/\/rioonwatch.org.br\/#website"},"primaryImageOfPage":{"@id":"https:\/\/rioonwatch.org.br\/?p=63164#primaryimage"},"image":{"@id":"https:\/\/rioonwatch.org.br\/?p=63164#primaryimage"},"thumbnailUrl":"https:\/\/rioonwatch.org.br\/wp-content\/uploads\/2022\/10\/Re-tinta-personagem-de-historia-em-quadrinhos-criado-por-Estevao-Ribeiro.-e1665514988960.jpg","datePublished":"2022-10-12T10:00:37+00:00","dateModified":"2022-12-06T15:11:18+00:00","breadcrumb":{"@id":"https:\/\/rioonwatch.org.br\/?p=63164#breadcrumb"},"inLanguage":"pt-BR","potentialAction":[{"@type":"ReadAction","target":["https:\/\/rioonwatch.org.br\/?p=63164"]}]},{"@type":"ImageObject","inLanguage":"pt-BR","@id":"https:\/\/rioonwatch.org.br\/?p=63164#primaryimage","url":"https:\/\/rioonwatch.org.br\/wp-content\/uploads\/2022\/10\/Re-tinta-personagem-de-historia-em-quadrinhos-criado-por-Estevao-Ribeiro.-e1665514988960.jpg","contentUrl":"https:\/\/rioonwatch.org.br\/wp-content\/uploads\/2022\/10\/Re-tinta-personagem-de-historia-em-quadrinhos-criado-por-Estevao-Ribeiro.-e1665514988960.jpg","width":1030,"height":515,"caption":"R\u00ea Tinta, personagem de hist\u00f3ria em quadrinhos criado por Estev\u00e3o Ribeiro."},{"@type":"BreadcrumbList","@id":"https:\/\/rioonwatch.org.br\/?p=63164#breadcrumb","itemListElement":[{"@type":"ListItem","position":1,"name":"In\u00edcio","item":"https:\/\/rioonwatch.org.br\/"},{"@type":"ListItem","position":2,"name":"Afrobetiza\u00e7\u00e3o: Nesse Dia das Crian\u00e7as, Conhe\u00e7a a Hist\u00f3ria da Empoderada R\u00ea Tinta"}]},{"@type":"WebSite","@id":"https:\/\/rioonwatch.org.br\/#website","url":"https:\/\/rioonwatch.org.br\/","name":"RioOnWatch","description":"relatos das favelas cariocas","publisher":{"@id":"https:\/\/rioonwatch.org.br\/#organization"},"potentialAction":[{"@type":"SearchAction","target":{"@type":"EntryPoint","urlTemplate":"https:\/\/rioonwatch.org.br\/?s={search_term_string}"},"query-input":{"@type":"PropertyValueSpecification","valueRequired":true,"valueName":"search_term_string"}}],"inLanguage":"pt-BR"},{"@type":"Organization","@id":"https:\/\/rioonwatch.org.br\/#organization","name":"RioOnWatch","url":"https:\/\/rioonwatch.org.br\/","logo":{"@type":"ImageObject","inLanguage":"pt-BR","@id":"https:\/\/rioonwatch.org.br\/#\/schema\/logo\/image\/","url":"https:\/\/rioonwatch.org.br\/wp-content\/uploads\/2021\/06\/RioOnWatchcabecalhoPT11anos-2.png","contentUrl":"https:\/\/rioonwatch.org.br\/wp-content\/uploads\/2021\/06\/RioOnWatchcabecalhoPT11anos-2.png","width":779,"height":277,"caption":"RioOnWatch"},"image":{"@id":"https:\/\/rioonwatch.org.br\/#\/schema\/logo\/image\/"}},{"@type":"Person","@id":"https:\/\/rioonwatch.org.br\/#\/schema\/person\/476bc75767957d3535b65b796667cd36","name":"Julio Santos Filho","image":{"@type":"ImageObject","inLanguage":"pt-BR","@id":"https:\/\/rioonwatch.org.br\/#\/schema\/person\/image\/","url":"https:\/\/secure.gravatar.com\/avatar\/ca138f7666182a292a8ce4ca14fb81f8?s=96&d=blank&r=g","contentUrl":"https:\/\/secure.gravatar.com\/avatar\/ca138f7666182a292a8ce4ca14fb81f8?s=96&d=blank&r=g","caption":"Julio Santos Filho"},"url":"https:\/\/rioonwatch.org.br\/?author=167"}]}},"_links":{"self":[{"href":"https:\/\/rioonwatch.org.br\/index.php?rest_route=\/wp\/v2\/posts\/63164"}],"collection":[{"href":"https:\/\/rioonwatch.org.br\/index.php?rest_route=\/wp\/v2\/posts"}],"about":[{"href":"https:\/\/rioonwatch.org.br\/index.php?rest_route=\/wp\/v2\/types\/post"}],"author":[{"embeddable":true,"href":"https:\/\/rioonwatch.org.br\/index.php?rest_route=\/wp\/v2\/users\/167"}],"replies":[{"embeddable":true,"href":"https:\/\/rioonwatch.org.br\/index.php?rest_route=%2Fwp%2Fv2%2Fcomments&post=63164"}],"version-history":[{"count":12,"href":"https:\/\/rioonwatch.org.br\/index.php?rest_route=\/wp\/v2\/posts\/63164\/revisions"}],"predecessor-version":[{"id":64324,"href":"https:\/\/rioonwatch.org.br\/index.php?rest_route=\/wp\/v2\/posts\/63164\/revisions\/64324"}],"wp:featuredmedia":[{"embeddable":true,"href":"https:\/\/rioonwatch.org.br\/index.php?rest_route=\/wp\/v2\/media\/63170"}],"wp:attachment":[{"href":"https:\/\/rioonwatch.org.br\/index.php?rest_route=%2Fwp%2Fv2%2Fmedia&parent=63164"}],"wp:term":[{"taxonomy":"category","embeddable":true,"href":"https:\/\/rioonwatch.org.br\/index.php?rest_route=%2Fwp%2Fv2%2Fcategories&post=63164"},{"taxonomy":"post_tag","embeddable":true,"href":"https:\/\/rioonwatch.org.br\/index.php?rest_route=%2Fwp%2Fv2%2Ftags&post=63164"},{"taxonomy":"writer","embeddable":true,"href":"https:\/\/rioonwatch.org.br\/index.php?rest_route=%2Fwp%2Fv2%2Fwriter&post=63164"},{"taxonomy":"translator","embeddable":true,"href":"https:\/\/rioonwatch.org.br\/index.php?rest_route=%2Fwp%2Fv2%2Ftranslator&post=63164"},{"taxonomy":"source","embeddable":true,"href":"https:\/\/rioonwatch.org.br\/index.php?rest_route=%2Fwp%2Fv2%2Fsource&post=63164"},{"taxonomy":"ilustrador","embeddable":true,"href":"https:\/\/rioonwatch.org.br\/index.php?rest_route=%2Fwp%2Fv2%2Filustrador&post=63164"},{"taxonomy":"fotografo","embeddable":true,"href":"https:\/\/rioonwatch.org.br\/index.php?rest_route=%2Fwp%2Fv2%2Ffotografo&post=63164"}],"curies":[{"name":"wp","href":"https:\/\/api.w.org\/{rel}","templated":true}]}}